{"id":14263,"date":"2022-09-29T03:20:27","date_gmt":"2022-09-29T01:20:27","guid":{"rendered":"https:\/\/www.freidenker.org\/?p=14263"},"modified":"2022-10-10T02:40:30","modified_gmt":"2022-10-10T00:40:30","slug":"bundestag-50-schattierungen-der-wirklichkeitsverleugnung","status":"publish","type":"post","link":"https:\/\/www.freidenker.org\/?p=14263","title":{"rendered":"Bundestag: 50 Schattierungen der Wirklichkeitsverleugnung &#8230;"},"content":{"rendered":"<h4 class=\"HeadLine-root HeadLine-type_2 \">\u2013 und eine Stimme aus Mansfeld<\/h4>\n<p><strong>Nicht nur bei gro\u00dfen Debatten ist der Bundestag weit entfernt vom Leben und den Sorgen der normalen Deutschen, auch bei seinem Alltagsgesch\u00e4ft. Ein deprimierendes Erlebnis \u2013 wenn es nicht einen Redebeitrag gegeben h\u00e4tte, der Hoffnung gibt. <\/strong><\/p>\n<p><em>von <strong>Dagmar Henn<\/strong><\/em><\/p>\n<p><span style=\"font-size: 10pt;\">Erstver\u00f6ffentlichung am 23.09.2022 auf <a href=\"https:\/\/pressefreiheit.rtde.live\/meinung\/149661-bundestag-50-schattierungen-wirklichkeitsverleugnung-und\/\" target=\"_blank\" rel=\"noopener\">RT DE<\/a><\/span><\/p>\n<p>Ist es nur mein Eindruck, dass die Debatten des Bundestages mehr und mehr den Charakter einer Sektenversammlung annehmen? Bei denen alle Positionen, die nicht der so grandiosen Mehrheit entsprechen, auf die sich diese Regierung st\u00fctzt, schlicht nicht mehr vorkommen?<\/p>\n<p>Zugegeben, in den Debatten, die ich mir angesehen habe, war nicht wirklich etwas zu entscheiden. Entsprechend gab es die Minimalbesetzung mit den jeweiligen Ausschussmitgliedern. Eine erste Lesung und ein Fraktionsantrag. Bundestagsalltag also, das gew\u00f6hnliche Gesch\u00e4ft.<\/p>\n<p>Aber da wurde \u00fcber ein Energiesicherungsgesetz debattiert, das die Probleme, die auf das Land zukommen, l\u00f6sen soll, und die zwei entscheidenden Gr\u00fcnde f\u00fcr diese Probleme werden nicht einmal erw\u00e4hnt: die ideologische Fixierung auf die erneuerbaren Energien, und die Sanktionen, die eine sichere und g\u00fcnstige Energiequelle versperren.<\/p>\n<p>Stattdessen erklingen dekorative S\u00e4tze. &#8222;Dass wir zusammenstehen f\u00fcr die Menschen in diesem Land, die gro\u00dfe Not erleiden durch die hohen Energiepreise, gegen Putin.&#8220; So Ingrid Nestle von den Gr\u00fcnen. Wer erwartet, dass da zumindest ein schlechtes Gewissen ist, weil inzwischen klar ist, dass viele, selbst relativ gut Verdienende, nicht wissen, wie sie durch den Winter kommen sollen, der t\u00e4uscht sich; obwohl sie alle miteinander f\u00fcr diese Misere verantwortlich sind.<\/p>\n<p>Dann kommen Beteuerungen, wechselseitig vorgetragen, die &#8222;Potentiale der Bioenergie auszusch\u00f6pfen&#8220;. Bioenergie \u2013 das ist das, was auf den deutschen \u00c4ckern w\u00e4chst, anstelle von Kartoffeln. Die Bioenergie ist einer der Gr\u00fcnde, warum Deutschland 80 Prozent seiner pflanzlichen Nahrungsmittel importiert. Und da reden diese Herr- und Damenschaften davon, sich bei der Energie unabh\u00e4ngig zu machen. Unter anderem mit Bioenergie, mit der man sich in eine Abh\u00e4ngigkeit bei der Ern\u00e4hrung begeben hat, zu einer Zeit, in der auch noch der Kunstd\u00fcnger knapp und teuer ist.<\/p>\n<p>Es ist die allererste Aufgabe einer Regierung, das Leben ihrer Bev\u00f6lkerung zu sichern. Was wurde nicht vor einem Jahr noch get\u00f6nt, alle m\u00fcssten sich Masken vors Gesicht h\u00e4ngen und ihre Tage am besten einsam in der Kammer verbringen, um Leben zu retten. Gehen diese Politiker wirklich davon aus, dass die Orgie der kalten Buden keine Folgen hat? Dass dann eben dieselben pflegebed\u00fcrftigen Alten, f\u00fcr deren vermeintlichen Schutz auch noch das letzte Grundrecht kassiert wurde, nun in kaum beheizten Heimen mit noch weniger Personal dann eben ein Jahr sp\u00e4ter an ordin\u00e4rer Lungenentz\u00fcndung eingehen?<\/p>\n<p>Sie haben sich tats\u00e4chlich angeschrien, phasenweise, bei dieser Debatte um das Energiesicherungsgesetz. Obwohl gar niemand da war, der erkl\u00e4rte, dass die Stromversorgung nicht sicherer wird, wenn man Windr\u00e4der auch nachts laufen l\u00e4sst. Oder dass das Problem bei der tollen Wind- und Solarenergie eben darin besteht, dass keine der Parteien im Bundestag den Wind zum best\u00e4ndigen Wehen oder die Sonne zum best\u00e4ndigen Scheinen zwingen kann.<\/p>\n<p>&#8222;Energiesouver\u00e4nit\u00e4t&#8220; will Herr Kruse von der FDP, der von den &#8222;Schlingen der Abh\u00e4ngigkeit des Diktators&#8220; redet. Der SPDler Bergt meint, man m\u00fcsse die Erfolge hervorheben, die diese Regierung bereits erzielt habe; schlie\u00dflich seien die Gasspeicher kn\u00fcppelvoll.<\/p>\n<p>Die Meldungen aus der wirklichen Welt liefern so abscheulich hohe Gas-, Strom- und Heizrechnungen, dass nur noch wenige sicher sagen k\u00f6nnen, genug Geld f\u00fcrs Essen \u00fcbrigzuhaben; oder sich nicht entscheiden zu m\u00fcssen, ob sie Essen oder Strom konsumieren wollen. Wie ernst das ist, an wie vielen Stellen bereits die Sicherheit der Versorgung br\u00fcchig wird, das scheint in Berlin nach wie vor nicht angekommen. Kn\u00fcppelvolle Gasspeicher?<\/p>\n<p>Die Gasspeicher in Deutschland sind \u00dcberbleibsel des Kalten Krieges. Sie sollten die Versorgung f\u00fcr drei Monate sicherstellen, allerdings auf Grundlage der Menge, die vor \u00fcber vierzig Jahren verbraucht wurde. In den vergangenen Jahren dienten sie dazu, den h\u00f6heren Verbrauch in den Wintermonaten zu decken, zus\u00e4tzlich zu dem Erdgas, das bis vor wenigen Monaten durch Pipelines aus Russland geliefert wurde. In kalten Wintern waren sie im Fr\u00fchjahr trotzdem leer. Das Wort &#8222;zus\u00e4tzlich&#8220; scheint den Herrschaften im Bundestag nicht bekannt zu sein; sie ergehen sich in der Illusion, wenn nur die Speicher voll w\u00e4ren, g\u00e4be es kein Problem, wenn kein Gas mehr geliefert wird. Davon, dass auch noch Nachbarl\u00e4nder auf den Inhalt der deutschen Gasspeicher setzen, ganz zu schweigen.<\/p>\n<p>Die einzig interessante Information lieferte der AfD-Abgeordnete Kotr\u00e9, der berichtete, es gebe Firmen, die die Produktion stilllegen und die nicht ben\u00f6tigte Energie weiterverkauften und damit mehr Gewinn machten als mit der Produktion.<\/p>\n<p>Das k\u00f6nnte den starken R\u00fcckgang des Gasverbrauchs ebenso erkl\u00e4ren wie die Tatsache, dass der Protest aus der Industrie nach wie vor viel zu leise ist. Das hie\u00dfe dann eben, da wird noch einmal ein Schnitt gemacht, ehe man die Bude ganz schlie\u00dft. Denn nat\u00fcrlich dreht sich volkswirtschaftlich die Spirale nach unten weiter, je weniger Produktion stattfindet, und die Geldnot, in die weite Teile der Bev\u00f6lkerung geraten, wird Handel und Produktion zus\u00e4tzlich zu schaffen machen, was dann wiederum \u2026<\/p>\n<p>Auch die Linke hielt sich an das Tabu und tat so, als h\u00e4tten die Energieprobleme rein gar nichts mit den Sanktionen zu tun. Frau L\u00f6tzsch blieb brav auf Linie und wollte nur, dass der Staat &#8222;einen Teil der Kosten&#8220; finanziert. Und der Abgeordnete Gremmels (SPD) schlug vor, man solle doch Beschr\u00e4nkungen f\u00fcr Balkonsolaranlagen aufheben. Das wird sicher im kommenden Winter zu gro\u00dfen Erleichterungen bei den Stadtbewohnern f\u00fchren. Schlie\u00dflich ist dann an sonnigen Tagen wenigstens mal das Handy geladen.<\/p>\n<p>Es kommt einem vor wie in dem alten Science-Fiction-Film &#8222;Die Frauen von Stepford&#8220;. In diesem Film zieht ein Paar in einen Vorort; die Frau freundet sich mit einigen Nachbarinnen an, aber nach einiger Zeit verwandeln sich diese alle nacheinander in biedere Hausm\u00fctterchen, die nur noch Kochen, Backen und Putzen im Sinn haben. Schlie\u00dflich findet sie heraus, dass die M\u00e4nner alle ihre Frauen entsorgt und durch Roboter ersetzt haben.<\/p>\n<p>So war das schon in der Debatte zur Energie. Als habe man sie alle durch NATO-Roboter ersetzt, die sich schon deshalb nicht zur Wirklichkeit verhalten, weil ihre Programmierung das nicht vorsieht. Noch nie hat eine deutsche Regierung in so kurzer Zeit eine solche Zerst\u00f6rung angerichtet, aber die Abgeordnetenroboter haben in ihrer Programmierung keine Krise vorgesehen, kein Mitgef\u00fchl, keine Verantwortung.<\/p>\n<p>Das darauf folgende Schaulaufen zum Antrag der CDU, Kampfpanzer in die Ukraine zu liefern, war dann der Moment, in dem die Programmierung der Roboter ganz die Kontrolle \u00fcbernahm. Nat\u00fcrlich lieferten sich die Regierungsparteien und die CDU kleine Gefechte zur Frage, ob man die Panzer gleich liefern solle oder erst, wenn die US-Amerikaner das auch tun; als entspr\u00e4che es dem Bed\u00fcrfnis der Deutschen, sich zwischen Krieg oder noch mehr Krieg entscheiden zu d\u00fcrfen. Und dass die &#8222;Offensive&#8220; bei Isjum als gro\u00dfer Sieg der Ukraine gesehen wird (ja, sie scheinen es tats\u00e4chlich zu glauben) und niemand dieses klitzekleine Problem Friedensvertrag\/Waffenstillstand anspricht \u2013 eine weit \u00fcberwiegende Mehrheit hat sich in der Vorstellung eingerichtet, Deutschland sei auf dem Weg zu einer ganz gro\u00dfen F\u00fchrungsrolle in der Welt, und die Ukraine sei dabei zu siegen.<\/p>\n<p>Es ist dieser Wahn, der sie davon abh\u00e4lt, die Bedeutung der Referenden zu begreifen. Der CDU-Abgeordnete Wadephul wirft der Bundesregierung vor, &#8222;eine tiefe Spaltung Europas&#8220; zu verursachen, weil sie nicht sofort das tut, was Polen und die Baltenstaaten gerne h\u00e4tten, und die SPD-Sprecherin Heinrich w\u00e4hnt, die Ukraine sei mithilfe der deutschen Waffen &#8222;so erfolgreich, dass Putin sich zur Teilmobilisierung und zu \u00fcbereilten Referenden gezwungen f\u00fchlte&#8220;.<\/p>\n<p>Man w\u00fcrde gerne dazwischenschreien. Und es l\u00e4uft die ganze Entwicklung der letzten zwei Jahrzehnte, die Medienlandschaft und Politik so ver\u00e4nderten, vor dem inneren Auge ab; wie unter Schr\u00f6der alle Medien einander immer gleicher wurden und soziale Themen weitgehend verschwanden, und wie sich Medien und Politik nur noch wechselseitig spiegeln, aus immer geringerer Distanz, und jede Luke, durch die Realit\u00e4t eindringen k\u00f6nnte, sorgf\u00e4ltig abgedichtet wird. Jetzt senden die Sender, was die Politiker sagen sollen, und dann noch einmal, wenn sie es gesagt haben, wobei die einen so tun, als w\u00e4ren sie das Volk, und die anderen so tun, als vertr\u00e4ten sie es, aber eben nur das, das sich aus den Aussagen der Medien basteln l\u00e4sst. Also ist ganz Deutschland f\u00fcr Panzer f\u00fcr die Ukraine, die einen sofort und die anderen ein bisschen sp\u00e4ter.<\/p>\n<p>Omid Nouripour best\u00e4tigte nebenbei noch die Leidenschaft der Gr\u00fcnen f\u00fcr Denunziation und forderte tats\u00e4chlich die CDU auf, zu einem &#8222;Bericht von Correctiv&#8220; Stellung zu nehmen, der enth\u00fcllt h\u00e4tte, dass jemand, der an Nord Stream verdient habe, Mitglied der CDU sei. Das passt zu seinem Wirtschaftsminister Robert Habeck und dessen Jagd auf russische Spione in seinem Ministerium. Vielleicht arbeitet er ja zusammen mit Correctiv bereits an einer deutschen Version der Mirotworez-Liste.<\/p>\n<p>Strack-Zimmermann war \u00e4hnlich unappetitlich, zumindest wenn man zuvor die Bilder zerfetzter K\u00f6rper aus Donezk gesehen hat, das gerade mal wieder in den Genuss von NATO-Granaten kam: &#8222;An jedem Tag t\u00f6ten russische Soldaten unschuldige Menschen.&#8220; Russische Menschen k\u00f6nnen umgekehrt offenbar nicht unschuldig sein, sie sind schlie\u00dflich Russen. W\u00e4hrend Ukrainer selbstverst\u00e4ndlich tapfere Demokraten und absolute Unschuldsengel sind, selbst wenn auf ihrer Haut zwischen Hakenkreuzen und Nazispr\u00fcchen kein Platz mehr ist.<\/p>\n<p>Wobei Strack-Zimmermann zu ihrer Entlastung immerhin anf\u00fchren kann, sie sei schlie\u00dflich R\u00fcstungslobbyistin und werde f\u00fcr sowas bezahlt. Was sie selbst glaubt oder denkt, ist ihr vermutlich egal, solange die Schecks nicht ausbleiben. Das kommt mir, verglichen mit wirklich Gl\u00e4ubigen wie Nouripour, der es n\u00f6tig fand, zu betonen, dass die Gr\u00fcnen schlie\u00dflich schon auf dem Maidan &#8222;zur Ukraine standen&#8220;, fast unschuldig vor.<\/p>\n<p>Zwei halbe Gegenstimmen gab es noch. Eine von Alexander Gauland, der immerhin erkl\u00e4rte, &#8222;es ist einfach nicht wahr, dass in der Ukraine auch unsere Freiheit verteidigt wird&#8220;, und der von Wirtschaftskrieg sprach, davon, die Flammen austreten zu helfen, statt sie zu sch\u00fcren, aber den Kotau vor dem &#8222;verbrecherischen Angriffskrieg&#8220; nicht lassen konnte. Die zweite von Ali Al-Dailami, der sagte: &#8222;Wenn sie ernsthaft an der Beendigung des Krieges interessiert sind, erfordert das eine verbale, aber auch materielle Abr\u00fcstung.&#8220; Und der die 18 Panzerhaubitzen f\u00fcr 260 Millionen Euro r\u00fcgte, die f\u00fcr die Ukraine bei der R\u00fcstungsindustrie in Auftrag gegeben worden seien (die Aktien von Rheinmetall liegen derzeit gut im Rennen).<\/p>\n<p>Das macht aber nicht wirklich gl\u00fccklich zwischen all der Lobpreisung der &#8222;tapferen Ukraine&#8220; und den Beteuerungen, man m\u00fcsse den B\u00fcrgern &#8222;die Gewissheit geben, dass wir alle jetzt einen Preis f\u00fcr unsere Freiheit zahlen m\u00fcssen&#8220; (Nietan, SPD). Diese Art der Freiheit zwischen Black-outs, K\u00e4lte, Kriegsgeheul und Denunziation haben sicher die wenigsten bestellt; warum sollten sie dann daf\u00fcr bezahlen?<\/p>\n<p>Die Stimme, die dann wenigstens die Ehre rettete, war kaum zu h\u00f6ren, so laut wurden die Proteste der Mehrheit. Der inzwischen fraktionslose Abgeordnete Robert Farle war der einzige, der versuchte, ein paar der Tatsachen ins Ged\u00e4chtnis zu rufen, die dem russischen Milit\u00e4reinsatz vorausgingen. Dass die ukrainische Regierung schon 2019 erkl\u00e4rt habe, die Minsker Vereinbarungen nicht umsetzen zu wollen, und 2021 beschlossen habe, bei Gelegenheit die Krim erobern zu wollen. Zumindest kann der Rest der Anwesenden nicht behaupten, nichts gewusst zu haben. Sie wollten es nicht h\u00f6ren. So, wie sie nicht verstehen wollen, dass sie ein gef\u00e4hrliches Spiel treiben, und schon gar nicht begreifen, dass die Macht des Westens, an der sie so h\u00e4ngen, mit vielem zu tun hat, aber nicht mit Frieden, und f\u00fcr den gr\u00f6\u00dferen Teil des der Welt schon gar nichts mit Freiheit.<\/p>\n<p>Farle zog \u00fcber ein Direktmandat in den Bundestag ein; die AfD hatte ihn nicht aufgestellt. Dass es ein Mansfelder Abgeordneter ist, der der Wahrheit eine Stimme verlieh, als einziger, der ganzen Wahrheit, ohne Kniefall, das war der einzige Lichtblick. Ein Lichtblick, weil diese Gegend, eine der \u00e4ltesten Bergbauregionen Deutschlands, eine lange Geschichte des Widerstands hat. Angefangen mit Thomas M\u00fcntzer. Die Mansfelder Kumpel waren ein aufr\u00fchrerisches V\u00f6lkchen, und aus dieser Gegend stammt auch die Geschichte der Fahne von Kriwoi Rog, eines Geschenks aus der Sowjetunion, das zw\u00f6lf Jahre lang vor den Nazis versteckt wurde.<\/p>\n<p>Kriwoi Rog ist der Geburtsort des ukrainischen Pr\u00e4sidenten Selenskij, eine sowjetische Bergarbeiterstadt. Die Fahne liegt heute irgendwo im Depot im Deutschen Historischen Museum. Aber dass gerade ein Abgeordneter aus Mansfeld in dieser Debatte die Stimme f\u00fcr die Nachfahren der Kumpels erhoben hat, die damals diese Fahne schickten; dass dieses Bild der N\u00e4he und Verbundenheit damit wieder aufgegriffen wurde, bewusst oder unbewusst, das ist ein kleines St\u00fcck der Hoffnung.<\/p>\n<p>Selbst wenn man sich heute Sorgen machen muss, ob dieser eine Abgeordnete mit Strafverfahren \u00fcberzogen wird, wie augenblicklich alle, die es wagen, Gr\u00fcnde f\u00fcr den russischen Milit\u00e4reinsatz zu benennen, und weil er den Kotau vor dem &#8222;verbrecherischen Angriffskrieg&#8220; nicht vollzogen hat. Seit den Zeiten M\u00fcntzers steht Mansfeld f\u00fcr das bessere Deutschland, und auch wenn die Stimme schwach war, sie ist nicht verstummt.<\/p>\n<p style=\"text-align: right;\"><em>Dagmar Henn ist Mitglied des Deutschen Freidenker-Verbandes<\/em><\/p>\n<hr \/>\n<p><span style=\"font-size: 10pt;\">Bild: <a href=\"https:\/\/pixabay.com\/de\/photos\/hand-uhr-zeit-meer-wasser-2651151\/\" target=\"_blank\" rel=\"noopener\">pixabay.com<\/a> \/ <a class=\"hover_opacity\" href=\"https:\/\/pixabay.com\/de\/users\/jia3ep-2784151\/\">jia3ep<\/a> \/ <a href=\"https:\/\/pixabay.com\/de\/service\/license\/\">Pixabay License<\/a><\/span><\/p>\n","protected":false},"excerpt":{"rendered":"<p><b>\u2013 und eine Stimme aus Mansfeld<\/b><br \/>\n<b>Beitrag von Dagmar Henn<\/b><br \/>\nIst es nur mein Eindruck, dass die Debatten des Bundestages mehr und mehr den Charakter einer Sektenversammlung annehmen? Bei denen alle Positionen, die nicht der so grandiosen Mehrheit entsprechen, auf die sich diese Regierung st\u00fctzt, schlicht nicht mehr vorkommen? Zugegeben, in den Debatten, die ich mir angesehen habe, war nicht wirklich etwas zu entscheiden. Entsprechend gab es die Minimalbesetzung mit den jeweiligen Ausschussmitgliedern. Eine erste Lesung und ein Fraktionsantrag. Bundestagsalltag also, das gew\u00f6hnliche Gesch\u00e4ft. Aber da wurde \u00fcber ein Energiesicherungsgesetz debattiert, das die Probleme, die auf das Land zukommen, l\u00f6sen soll, und die zwei entscheidenden Gr\u00fcnde f\u00fcr diese Probleme werden nicht einmal erw\u00e4hnt &#8230;.<\/p>\n","protected":false},"author":3,"featured_media":14269,"comment_status":"closed","ping_status":"closed","sticky":false,"template":"","format":"standard","meta":{"colormag_page_container_layout":"default_layout","colormag_page_sidebar_layout":"default_layout","advanced_seo_description":"","jetpack_seo_html_title":"","jetpack_seo_noindex":false,"jetpack_post_was_ever_published":false,"footnotes":""},"categories":[12],"tags":[1032,627,1473,335,121,639,1525,616,1606],"class_list":["post-14263","post","type-post","status-publish","format-standard","has-post-thumbnail","hentry","category-demokratie-medien-aufklaerung","tag-bundesregierung","tag-energiepolitik","tag-erdgas","tag-frieden","tag-medien","tag-ukraine-konflikt","tag-waffenlieferungen","tag-wirklichkeit","tag-wirtschaftskrieg"],"jetpack_featured_media_url":"https:\/\/i0.wp.com\/www.freidenker.org\/fw17\/wp-content\/uploads\/2022\/09\/hand-2651151_800x450.jpg?fit=800%2C450&ssl=1","jetpack_shortlink":"https:\/\/wp.me\/p9stpK-3I3","jetpack-related-posts":[{"id":17283,"url":"https:\/\/www.freidenker.org\/?p=17283","url_meta":{"origin":14263,"position":0},"title":"Die seltsame Welt des Robert Habeck: Ich, Robert, Kaiser und Gott","author":"Webredaktion","date":"19. Oktober 2023","format":false,"excerpt":"Beitrag von Dagmar Henn Es gibt einen weiteren Blickwinkel, unter dem es sich lohnt, das Gespr\u00e4ch von Bundeswirtschaftsminister Robert Habeck bei Maischberger zu betrachten. Er verr\u00e4t n\u00e4mlich seine Sicht auf die Politik, und dabei spielt Demokratie keine oder bestenfalls eine untergeordnete Rolle. Das erste Anzeichen findet sich ziemlich zu Beginn,\u2026","rel":"","context":"In &quot;Demokratie \u2013 Medien \u2013 Aufkl\u00e4rung&quot;","block_context":{"text":"Demokratie \u2013 Medien \u2013 Aufkl\u00e4rung","link":"https:\/\/www.freidenker.org\/?cat=12"},"img":{"alt_text":"","src":"https:\/\/i0.wp.com\/www.freidenker.org\/fw17\/wp-content\/uploads\/2023\/10\/Habeck_2023-06-07_re-publica_1DX_5937_by_Stepro_800x450.jpg?fit=800%2C450&ssl=1&resize=350%2C200","width":350,"height":200,"srcset":"https:\/\/i0.wp.com\/www.freidenker.org\/fw17\/wp-content\/uploads\/2023\/10\/Habeck_2023-06-07_re-publica_1DX_5937_by_Stepro_800x450.jpg?fit=800%2C450&ssl=1&resize=350%2C200 1x, https:\/\/i0.wp.com\/www.freidenker.org\/fw17\/wp-content\/uploads\/2023\/10\/Habeck_2023-06-07_re-publica_1DX_5937_by_Stepro_800x450.jpg?fit=800%2C450&ssl=1&resize=525%2C300 1.5x, https:\/\/i0.wp.com\/www.freidenker.org\/fw17\/wp-content\/uploads\/2023\/10\/Habeck_2023-06-07_re-publica_1DX_5937_by_Stepro_800x450.jpg?fit=800%2C450&ssl=1&resize=700%2C400 2x"},"classes":[]},{"id":342,"url":"https:\/\/www.freidenker.org\/?p=342","url_meta":{"origin":14263,"position":1},"title":"Das Schattenkabinett aus G\u00fctersloh","author":"Webmaster","date":"24. Juli 2007","format":false,"excerpt":"Beitrag von Jens Wernicke Der gr\u00f6\u00dfte und einflussreichste Politikberater im Land, die Bertelsmann-Stiftung, ist als \u201egemeinn\u00fctzig\u201c anerkannt. Das ist alles andere als ein unbedeutendes Detail. Denn w\u00e4hrend es bspw. in den USA untersagt ist, dass steuerbeg\u00fcnstigte Stiftungen mehr als 20 Prozent der Anteile eines Unternehmens halten, h\u00e4lt die Bertelsmann-Stiftung ganze\u2026","rel":"","context":"In &quot;Demokratie \u2013 Medien \u2013 Aufkl\u00e4rung&quot;","block_context":{"text":"Demokratie \u2013 Medien \u2013 Aufkl\u00e4rung","link":"https:\/\/www.freidenker.org\/?cat=12"},"img":{"alt_text":"","src":"https:\/\/i0.wp.com\/www.freidenker.org\/fw17\/wp-content\/uploads\/2016\/07\/Medien.jpg?fit=800%2C445&ssl=1&resize=350%2C200","width":350,"height":200,"srcset":"https:\/\/i0.wp.com\/www.freidenker.org\/fw17\/wp-content\/uploads\/2016\/07\/Medien.jpg?fit=800%2C445&ssl=1&resize=350%2C200 1x, https:\/\/i0.wp.com\/www.freidenker.org\/fw17\/wp-content\/uploads\/2016\/07\/Medien.jpg?fit=800%2C445&ssl=1&resize=525%2C300 1.5x, https:\/\/i0.wp.com\/www.freidenker.org\/fw17\/wp-content\/uploads\/2016\/07\/Medien.jpg?fit=800%2C445&ssl=1&resize=700%2C400 2x"},"classes":[]},{"id":21058,"url":"https:\/\/www.freidenker.org\/?p=21058","url_meta":{"origin":14263,"position":2},"title":"Die Klageges\u00e4nge des BSW: &#8222;Ach, die Medien!&#8220;","author":"Webredaktion","date":"1. M\u00e4rz 2025","format":false,"excerpt":"Beitrag von Gert Ewen Ungar H\u00e4tte es Deutschland auf die Reihe bekommen, die im Ausland lebenden Deutschen an den Bundestagswahlen teilnehmen zu lassen, h\u00e4tte ich vermutlich mein Kreuz beim BSW gemacht. Ganz z\u00e4hneknirschend zwar, aber ich h\u00e4tte das BSW gew\u00e4hlt. Dazu kam es nicht, denn Deutschland ist nicht mehr in\u2026","rel":"","context":"In &quot;Demokratie \u2013 Medien \u2013 Aufkl\u00e4rung&quot;","block_context":{"text":"Demokratie \u2013 Medien \u2013 Aufkl\u00e4rung","link":"https:\/\/www.freidenker.org\/?cat=12"},"img":{"alt_text":"","src":"https:\/\/i0.wp.com\/www.freidenker.org\/fw17\/wp-content\/uploads\/2025\/03\/2024-08-19_Event_Thueringer_Wahlkampftour-Start_des_BSW_in_Eisenach_STP_2994_by_Stepro_800x450.jpg?fit=800%2C450&ssl=1&resize=350%2C200","width":350,"height":200,"srcset":"https:\/\/i0.wp.com\/www.freidenker.org\/fw17\/wp-content\/uploads\/2025\/03\/2024-08-19_Event_Thueringer_Wahlkampftour-Start_des_BSW_in_Eisenach_STP_2994_by_Stepro_800x450.jpg?fit=800%2C450&ssl=1&resize=350%2C200 1x, https:\/\/i0.wp.com\/www.freidenker.org\/fw17\/wp-content\/uploads\/2025\/03\/2024-08-19_Event_Thueringer_Wahlkampftour-Start_des_BSW_in_Eisenach_STP_2994_by_Stepro_800x450.jpg?fit=800%2C450&ssl=1&resize=525%2C300 1.5x, https:\/\/i0.wp.com\/www.freidenker.org\/fw17\/wp-content\/uploads\/2025\/03\/2024-08-19_Event_Thueringer_Wahlkampftour-Start_des_BSW_in_Eisenach_STP_2994_by_Stepro_800x450.jpg?fit=800%2C450&ssl=1&resize=700%2C400 2x"},"classes":[]},{"id":23348,"url":"https:\/\/www.freidenker.org\/?p=23348","url_meta":{"origin":14263,"position":3},"title":"Dr. Artur Pech: Marx &#038; Engels \u00fcber Migration","author":"Webredaktion","date":"29. Oktober 2025","format":false,"excerpt":"oder Klassenanalyse vs. b\u00fcrgerlicher Moralismus - Einf\u00fchrung f\u00fcr den politischen Gebrauch Video eines Vortrages von Dr. Artur Pech, gehalten auf einer Veranstaltung des Deutschen Freidenker-Verbandes e.V. - Ortsverband N\u00fcrnberg\/Franken am 10. Oktober 2025 in N\u00fcrnberg Solidarit\u00e4t mit Menschen, die migrieren, bleibt unsere Position. Damit ist die Frage nach Ursachen und\u2026","rel":"","context":"In &quot;Frieden - Antifaschismus - Solidarit\u00e4t&quot;","block_context":{"text":"Frieden - Antifaschismus - Solidarit\u00e4t","link":"https:\/\/www.freidenker.org\/?cat=13"},"img":{"alt_text":"","src":"https:\/\/i0.wp.com\/www.freidenker.org\/fw17\/wp-content\/uploads\/2025\/10\/pech_migration_cropped_800x450.jpg?fit=800%2C450&ssl=1&resize=350%2C200","width":350,"height":200,"srcset":"https:\/\/i0.wp.com\/www.freidenker.org\/fw17\/wp-content\/uploads\/2025\/10\/pech_migration_cropped_800x450.jpg?fit=800%2C450&ssl=1&resize=350%2C200 1x, https:\/\/i0.wp.com\/www.freidenker.org\/fw17\/wp-content\/uploads\/2025\/10\/pech_migration_cropped_800x450.jpg?fit=800%2C450&ssl=1&resize=525%2C300 1.5x, https:\/\/i0.wp.com\/www.freidenker.org\/fw17\/wp-content\/uploads\/2025\/10\/pech_migration_cropped_800x450.jpg?fit=800%2C450&ssl=1&resize=700%2C400 2x"},"classes":[]},{"id":23737,"url":"https:\/\/www.freidenker.org\/?p=23737","url_meta":{"origin":14263,"position":4},"title":"Schulstreik: Den Kriegstrommlern in Deutschland geht es nicht um Freiheit und Demokratie","author":"Webredaktion","date":"7. Dezember 2025","format":false,"excerpt":"Rede von Reiner Hoffmann auf einer Demonstration gegen die Wehrpflicht am 05.12.2025 in D\u00fcsseldorf Am 5. Dezember 2025 fand ein bundesweiter Schulstreik gegen die Wehrpflicht statt, woran sich viele tausend Jugendliche beteiligten, unter anderem in Hamburg, Berlin, Potsdam, K\u00f6ln, D\u00fcsseldorf, M\u00fcnchen, Dresden und Leipzig. Hintergrund war die an diesem Tag\u2026","rel":"","context":"In &quot;Frieden - Antifaschismus - Solidarit\u00e4t&quot;","block_context":{"text":"Frieden - Antifaschismus - Solidarit\u00e4t","link":"https:\/\/www.freidenker.org\/?cat=13"},"img":{"alt_text":"","src":"https:\/\/i0.wp.com\/www.freidenker.org\/fw17\/wp-content\/uploads\/2025\/12\/Schuelerstreik-Wuppertal-IMG_5307_1600x900.jpg?fit=1200%2C674&ssl=1&resize=350%2C200","width":350,"height":200,"srcset":"https:\/\/i0.wp.com\/www.freidenker.org\/fw17\/wp-content\/uploads\/2025\/12\/Schuelerstreik-Wuppertal-IMG_5307_1600x900.jpg?fit=1200%2C674&ssl=1&resize=350%2C200 1x, https:\/\/i0.wp.com\/www.freidenker.org\/fw17\/wp-content\/uploads\/2025\/12\/Schuelerstreik-Wuppertal-IMG_5307_1600x900.jpg?fit=1200%2C674&ssl=1&resize=525%2C300 1.5x, https:\/\/i0.wp.com\/www.freidenker.org\/fw17\/wp-content\/uploads\/2025\/12\/Schuelerstreik-Wuppertal-IMG_5307_1600x900.jpg?fit=1200%2C674&ssl=1&resize=700%2C400 2x, https:\/\/i0.wp.com\/www.freidenker.org\/fw17\/wp-content\/uploads\/2025\/12\/Schuelerstreik-Wuppertal-IMG_5307_1600x900.jpg?fit=1200%2C674&ssl=1&resize=1050%2C600 3x"},"classes":[]},{"id":23744,"url":"https:\/\/www.freidenker.org\/?p=23744","url_meta":{"origin":14263,"position":5},"title":"Deutschlands fehlende Kinderliebe und die Fertigmenschen","author":"Webredaktion","date":"8. Dezember 2025","format":false,"excerpt":"Beitrag von Dagmar Henn Wenn jetzt \u00fcber Einschnitte beim B\u00fcrgergeld gesprochen wird, wird dabei immer das Bild von Migranten mit aufgerufen, ob Syrer oder Ukrainer; und weil die Zahl der Menschen, die dank der Migrationspolitik von Bundesregierung und EU uneingeladen in Deutschland leben, enorm ist, verschwinden die einheimischen Armen ganz\u2026","rel":"","context":"In &quot;Arbeit &amp; Soziales&quot;","block_context":{"text":"Arbeit &amp; Soziales","link":"https:\/\/www.freidenker.org\/?cat=11"},"img":{"alt_text":"","src":"https:\/\/i0.wp.com\/www.freidenker.org\/fw17\/wp-content\/uploads\/2025\/12\/Henn_KInderliebe_und_Fertigmenschen_800x450.jpg?fit=800%2C450&ssl=1&resize=350%2C200","width":350,"height":200,"srcset":"https:\/\/i0.wp.com\/www.freidenker.org\/fw17\/wp-content\/uploads\/2025\/12\/Henn_KInderliebe_und_Fertigmenschen_800x450.jpg?fit=800%2C450&ssl=1&resize=350%2C200 1x, https:\/\/i0.wp.com\/www.freidenker.org\/fw17\/wp-content\/uploads\/2025\/12\/Henn_KInderliebe_und_Fertigmenschen_800x450.jpg?fit=800%2C450&ssl=1&resize=525%2C300 1.5x, https:\/\/i0.wp.com\/www.freidenker.org\/fw17\/wp-content\/uploads\/2025\/12\/Henn_KInderliebe_und_Fertigmenschen_800x450.jpg?fit=800%2C450&ssl=1&resize=700%2C400 2x"},"classes":[]}],"_links":{"self":[{"href":"https:\/\/www.freidenker.org\/index.php?rest_route=\/wp\/v2\/posts\/14263","targetHints":{"allow":["GET"]}}],"collection":[{"href":"https:\/\/www.freidenker.org\/index.php?rest_route=\/wp\/v2\/posts"}],"about":[{"href":"https:\/\/www.freidenker.org\/index.php?rest_route=\/wp\/v2\/types\/post"}],"author":[{"embeddable":true,"href":"https:\/\/www.freidenker.org\/index.php?rest_route=\/wp\/v2\/users\/3"}],"replies":[{"embeddable":true,"href":"https:\/\/www.freidenker.org\/index.php?rest_route=%2Fwp%2Fv2%2Fcomments&post=14263"}],"version-history":[{"count":0,"href":"https:\/\/www.freidenker.org\/index.php?rest_route=\/wp\/v2\/posts\/14263\/revisions"}],"wp:featuredmedia":[{"embeddable":true,"href":"https:\/\/www.freidenker.org\/index.php?rest_route=\/wp\/v2\/media\/14269"}],"wp:attachment":[{"href":"https:\/\/www.freidenker.org\/index.php?rest_route=%2Fwp%2Fv2%2Fmedia&parent=14263"}],"wp:term":[{"taxonomy":"category","embeddable":true,"href":"https:\/\/www.freidenker.org\/index.php?rest_route=%2Fwp%2Fv2%2Fcategories&post=14263"},{"taxonomy":"post_tag","embeddable":true,"href":"https:\/\/www.freidenker.org\/index.php?rest_route=%2Fwp%2Fv2%2Ftags&post=14263"}],"curies":[{"name":"wp","href":"https:\/\/api.w.org\/{rel}","templated":true}]}}