{"id":14257,"date":"2022-09-28T03:25:34","date_gmt":"2022-09-28T01:25:34","guid":{"rendered":"https:\/\/www.freidenker.org\/?p=14257"},"modified":"2022-10-10T02:40:20","modified_gmt":"2022-10-10T00:40:20","slug":"rolf-becker-leningrader-blockade","status":"publish","type":"post","link":"https:\/\/www.freidenker.org\/?p=14257","title":{"rendered":"Rolf Becker: Leningrader Blockade"},"content":{"rendered":"<p><em>Rede von <strong>Rolf Becker<\/strong><\/em><\/p>\n<p>gehalten auf einer Gedenkveranstaltung zur Belagerung Leningrads am 21.09.2022 auf dem &#8222;globalisierungskritischen Leipziger Filmfestival&#8220;<\/p>\n<p><span style=\"font-size: 10pt;\">Video, ver\u00f6ffentlicht am 25.09.2022 durch NuoViso auf YouTube<\/span><\/p>\n<div class=\"jetpack-video-wrapper\"><span class=\"embed-youtube\" style=\"text-align:center; display: block;\"><iframe loading=\"lazy\" class=\"youtube-player\" width=\"800\" height=\"450\" src=\"https:\/\/www.youtube.com\/embed\/ZGqvpdpPtyk?version=3&#038;rel=1&#038;showsearch=0&#038;showinfo=1&#038;iv_load_policy=1&#038;fs=1&#038;hl=de-DE&#038;autohide=2&#038;wmode=transparent\" allowfullscreen=\"true\" style=\"border:0;\" sandbox=\"allow-scripts allow-same-origin allow-popups allow-presentation allow-popups-to-escape-sandbox\"><\/iframe><\/span><\/div>\n<p><span style=\"font-size: 10pt;\">Direktlink zum Video auf YouTube: <a href=\"https:\/\/www.youtube.com\/watch?v=ZGqvpdpPtyk\" target=\"_blank\" rel=\"noopener\">https:\/\/www.youtube.com\/watch?v=ZGqvpdpPtyk<\/a><\/span><\/p>\n<p>[Einleitungstext von NuoViso:]<br \/>\nDie Belagerung Leningrads j\u00e4hrte sich am 3. September 2021 zum 80. mal. Rolf Becker wurde aber bereits 2021 wegen \u201eCoronageschichten\u201c mit seiner zu diesem Anlass gedachten Gedenkveranstaltung stark ausgebremst. Seit dem 24. Februar 2022 aber wiederum wird seine Veranstaltung von zwei Lagern entweder stark besucht oder observiert: \u201eJetzt wird das [die Gedenkveranstaltung] nur darauf bezogen von bestimmten Gruppen \u2013 wir kennen sie alle \u2013 die alles torpedieren was ihrer Meinung nach eine inhaltlich tragf\u00e4hige Erkl\u00e4rung f\u00fcr die Auseinandersetzung Russland \u2013 Ukraine\/Nato sein k\u00f6nnte\u201c. Mitveranstalter Mike Nagler hat sich f\u00fcr das politische Filmfestival \u201eGlobaLE\u201c Rolf Becker als Highlight eingeladen. Der 1935 in Leipzig geborene Schauspieler und Synchronsprecher zeigte sich in den letzten Jahrzehnten politisch aktiv f\u00fcr Frieden und V\u00f6lkerverst\u00e4ndigung.<\/p>\n<p style=\"text-align: right;\"><em>Rolf Becker, Schauspieler, ist Mitglied des Beirats des Deutschen Freidenker-Verbandes<\/em><\/p>\n<hr \/>\n<p><span style=\"font-size: 10pt;\">Bild: Screenshot aus dem Video von NuoVisto<\/span><\/p>\n","protected":false},"excerpt":{"rendered":"<p><b>Rede, gehalten auf einer Gedenkveranstaltung zur Belagerung Leningrads am 21.09.2022 auf dem &#8222;globalisierungskritischen Leipziger Filmfestival&#8220;<\/b><br \/>\nDie Belagerung Leningrads j\u00e4hrte sich am 3. September 2021 zum 80. mal. Rolf Becker wurde aber bereits 2021 wegen \u201eCoronageschichten\u201c mit seiner zu diesem Anlass gedachten Gedenkveranstaltung stark ausgebremst. Seit dem 24. Februar 2022 aber wiederum wird seine Veranstaltung von zwei Lagern entweder stark besucht oder observiert: \u201eJetzt wird das [die Gedenkveranstaltung] nur darauf bezogen von bestimmten Gruppen \u2013 wir kennen sie alle \u2013 die alles torpedieren was ihrer Meinung nach eine inhaltlich tragf\u00e4hige Erkl\u00e4rung f\u00fcr die Auseinandersetzung Russland \u2013 Ukraine\/Nato sein k\u00f6nnte\u201c. Mitveranstalter Mike Nagler hat sich f\u00fcr das politische Filmfestival \u201eGlobaLE\u201c Rolf Becker als Highlight eingeladen. Der 1935 in Leipzig geborene Schauspieler und Synchronsprecher zeigte sich in den letzten Jahrzehnten politisch aktiv f\u00fcr Frieden und V\u00f6lkerverst\u00e4ndigung.<\/p>\n","protected":false},"author":3,"featured_media":14258,"comment_status":"closed","ping_status":"closed","sticky":false,"template":"","format":"standard","meta":{"colormag_page_container_layout":"default_layout","colormag_page_sidebar_layout":"default_layout","advanced_seo_description":"","jetpack_seo_html_title":"","jetpack_seo_noindex":false,"jetpack_post_was_ever_published":false,"footnotes":""},"categories":[1162,913],"tags":[648,571,1613,924,1588,430],"class_list":["post-14257","post","type-post","status-publish","format-standard","has-post-thumbnail","hentry","category-geschichte","category-kultur-kunst","tag-2-weltkrieg","tag-antikommunismus","tag-blockade","tag-gedenken","tag-leningrad","tag-sowjetunion"],"jetpack_featured_media_url":"https:\/\/i0.wp.com\/www.freidenker.org\/fw17\/wp-content\/uploads\/2022\/09\/Becker_Leningrader_Blockade_800x450.jpg?fit=800%2C450&ssl=1","jetpack_shortlink":"https:\/\/wp.me\/p9stpK-3HX","jetpack-related-posts":[{"id":21416,"url":"https:\/\/www.freidenker.org\/?p=21416","url_meta":{"origin":14257,"position":0},"title":"Bericht: 3. Denkfest der Aktiven","author":"Webredaktion","date":"9. April 2025","format":false,"excerpt":"Im Ferienpark Retgendorf bei Schwerin unseres Freidenkers Henry Marek und seiner Frau Andrea fand vom 28.\u201030. M\u00e4rz 2025 das 3. \"Denkfest der Aktiven\" statt. Zahlreiche Mitglieder unseres Verbandes beteiligten sich an der Programmgestaltung, unser Infostand wurde von Toni Brinkmann und Willi Schulze-Barantin betreut. Das Fest war ein voller Erfolg und\u2026","rel":"","context":"In &quot;Frieden - Antifaschismus - Solidarit\u00e4t&quot;","block_context":{"text":"Frieden - Antifaschismus - Solidarit\u00e4t","link":"https:\/\/www.freidenker.org\/?cat=13"},"img":{"alt_text":"","src":"https:\/\/i0.wp.com\/www.freidenker.org\/fw17\/wp-content\/uploads\/2025\/04\/3_Denkfest_Eisbrenner_800x450.jpg?fit=800%2C450&ssl=1&resize=350%2C200","width":350,"height":200,"srcset":"https:\/\/i0.wp.com\/www.freidenker.org\/fw17\/wp-content\/uploads\/2025\/04\/3_Denkfest_Eisbrenner_800x450.jpg?fit=800%2C450&ssl=1&resize=350%2C200 1x, https:\/\/i0.wp.com\/www.freidenker.org\/fw17\/wp-content\/uploads\/2025\/04\/3_Denkfest_Eisbrenner_800x450.jpg?fit=800%2C450&ssl=1&resize=525%2C300 1.5x, https:\/\/i0.wp.com\/www.freidenker.org\/fw17\/wp-content\/uploads\/2025\/04\/3_Denkfest_Eisbrenner_800x450.jpg?fit=800%2C450&ssl=1&resize=700%2C400 2x"},"classes":[]},{"id":10223,"url":"https:\/\/www.freidenker.org\/?p=10223","url_meta":{"origin":14257,"position":1},"title":"Rolf Becker f\u00fcr Erich Fried zum 100. Geburtstag","author":"Webredaktion","date":"7. Mai 2021","format":false,"excerpt":"Video von weltnetz.tv Erich Fried w\u00e4re am 6. Mai 2021 hundert Jahre alt geworden. weltnetz.tv schreibt dazu u.a.:\u00a0\"Erich Fried geh\u00f6rt zu den bedeutendsten Dichtern deutscher Sprache im 20. Jahrhundert. Als ein der Verfolgung des Naziregimes Entkommener engagierte er sich praktisch und als Autor lebenslang gegen faschistoide Gewalt und Entfremdung im\u2026","rel":"","context":"In &quot;Kultur &amp; Kunst&quot;","block_context":{"text":"Kultur &amp; Kunst","link":"https:\/\/www.freidenker.org\/?cat=913"},"img":{"alt_text":"","src":"https:\/\/i0.wp.com\/www.freidenker.org\/fw17\/wp-content\/uploads\/2021\/05\/fried_becker_800x450.jpg?fit=800%2C450&ssl=1&resize=350%2C200","width":350,"height":200,"srcset":"https:\/\/i0.wp.com\/www.freidenker.org\/fw17\/wp-content\/uploads\/2021\/05\/fried_becker_800x450.jpg?fit=800%2C450&ssl=1&resize=350%2C200 1x, https:\/\/i0.wp.com\/www.freidenker.org\/fw17\/wp-content\/uploads\/2021\/05\/fried_becker_800x450.jpg?fit=800%2C450&ssl=1&resize=525%2C300 1.5x, https:\/\/i0.wp.com\/www.freidenker.org\/fw17\/wp-content\/uploads\/2021\/05\/fried_becker_800x450.jpg?fit=800%2C450&ssl=1&resize=700%2C400 2x"},"classes":[]},{"id":6063,"url":"https:\/\/www.freidenker.org\/?p=6063","url_meta":{"origin":14257,"position":2},"title":"Video: Wie das ZDF Geschichte verdreht","author":"Webredaktion","date":"22. M\u00e4rz 2019","format":false,"excerpt":"Video mit Maria Janssen und Klaus Hartmann In der deutschen Geschichtsdebatte zum Zweiten Weltkrieg wird in den letzten Jahren oftmals ein Bild gezeichnet, bei dem die Sowjets unmenschlicher erscheinen als die Nazis selbst. J\u00fcngstes Beispiel ist eine ZDF-Doku zur Blockade Leningrads. In der ZDF-Doku \"Der Zweite Weltkrieg (4) - Die\u2026","rel":"","context":"In &quot;Demokratie \u2013 Medien \u2013 Aufkl\u00e4rung&quot;","block_context":{"text":"Demokratie \u2013 Medien \u2013 Aufkl\u00e4rung","link":"https:\/\/www.freidenker.org\/?cat=12"},"img":{"alt_text":"","src":"https:\/\/i0.wp.com\/www.freidenker.org\/fw17\/wp-content\/uploads\/2019\/03\/ZDF_Geschichte_Hartmann_800x445.jpg?fit=800%2C445&ssl=1&resize=350%2C200","width":350,"height":200,"srcset":"https:\/\/i0.wp.com\/www.freidenker.org\/fw17\/wp-content\/uploads\/2019\/03\/ZDF_Geschichte_Hartmann_800x445.jpg?fit=800%2C445&ssl=1&resize=350%2C200 1x, https:\/\/i0.wp.com\/www.freidenker.org\/fw17\/wp-content\/uploads\/2019\/03\/ZDF_Geschichte_Hartmann_800x445.jpg?fit=800%2C445&ssl=1&resize=525%2C300 1.5x, https:\/\/i0.wp.com\/www.freidenker.org\/fw17\/wp-content\/uploads\/2019\/03\/ZDF_Geschichte_Hartmann_800x445.jpg?fit=800%2C445&ssl=1&resize=700%2C400 2x"},"classes":[]},{"id":18036,"url":"https:\/\/www.freidenker.org\/?p=18036","url_meta":{"origin":14257,"position":3},"title":"Geplanter Vernichtungskrieg","author":"Webredaktion","date":"28. Januar 2024","format":false,"excerpt":"Vor 80 Jahren endete die faschistische Belagerung Leningrads Beitrag von Prof. Dr. Anton Latzo Die Blockade Leningrads durch Truppen des faschistischen Deutschlands und seiner Verb\u00fcndeten Finnland und Spanien w\u00e4hrend des Zweiten Weltkriegs dauerte vom 8. September 1941 bis zum 27. Januar 1944, erstmalig durchbrochen wurde der Belagerungsring am 18. Januar\u2026","rel":"","context":"In &quot;Geschichte&quot;","block_context":{"text":"Geschichte","link":"https:\/\/www.freidenker.org\/?cat=1162"},"img":{"alt_text":"","src":"https:\/\/i0.wp.com\/www.freidenker.org\/fw17\/wp-content\/uploads\/2024\/01\/RIAN_archive_46124_Baking_History_Museum_800x450m.jpg?fit=800%2C450&ssl=1&resize=350%2C200","width":350,"height":200,"srcset":"https:\/\/i0.wp.com\/www.freidenker.org\/fw17\/wp-content\/uploads\/2024\/01\/RIAN_archive_46124_Baking_History_Museum_800x450m.jpg?fit=800%2C450&ssl=1&resize=350%2C200 1x, https:\/\/i0.wp.com\/www.freidenker.org\/fw17\/wp-content\/uploads\/2024\/01\/RIAN_archive_46124_Baking_History_Museum_800x450m.jpg?fit=800%2C450&ssl=1&resize=525%2C300 1.5x, https:\/\/i0.wp.com\/www.freidenker.org\/fw17\/wp-content\/uploads\/2024\/01\/RIAN_archive_46124_Baking_History_Museum_800x450m.jpg?fit=800%2C450&ssl=1&resize=700%2C400 2x"},"classes":[]},{"id":21774,"url":"https:\/\/www.freidenker.org\/?p=21774","url_meta":{"origin":14257,"position":4},"title":"Bericht: Veranstaltung \u201e80. Jahrestag der Befreiung vom Faschismus \u2013 Wir sagen danke!\u201c","author":"Webredaktion","date":"8. Mai 2025","format":false,"excerpt":"Am 3. Mai 2025 fand in Berlin-Tiergarten am sowjetischen Ehrenmal eine Gedenkveranstaltung zu Ehren des 80. Jahrestages der Befreiung vom Hitlerfaschismus statt. Zahlreiche Redner aus vielen Bereichen des Lebens, darunter Politiker, K\u00fcnstler und Journalisten, ergriffen das Wort oder trugen mit ihren kulturellen Beitr\u00e4gen zum Gelingen der Veranstaltung bei. Wir ver\u00f6ffentlichen\u2026","rel":"","context":"In &quot;Frieden - Antifaschismus - Solidarit\u00e4t&quot;","block_context":{"text":"Frieden - Antifaschismus - Solidarit\u00e4t","link":"https:\/\/www.freidenker.org\/?cat=13"},"img":{"alt_text":"","src":"https:\/\/i0.wp.com\/www.freidenker.org\/fw17\/wp-content\/uploads\/2025\/05\/tiergarten_2025-05-04_18-17-53_800x450.jpg?fit=800%2C450&ssl=1&resize=350%2C200","width":350,"height":200,"srcset":"https:\/\/i0.wp.com\/www.freidenker.org\/fw17\/wp-content\/uploads\/2025\/05\/tiergarten_2025-05-04_18-17-53_800x450.jpg?fit=800%2C450&ssl=1&resize=350%2C200 1x, https:\/\/i0.wp.com\/www.freidenker.org\/fw17\/wp-content\/uploads\/2025\/05\/tiergarten_2025-05-04_18-17-53_800x450.jpg?fit=800%2C450&ssl=1&resize=525%2C300 1.5x, https:\/\/i0.wp.com\/www.freidenker.org\/fw17\/wp-content\/uploads\/2025\/05\/tiergarten_2025-05-04_18-17-53_800x450.jpg?fit=800%2C450&ssl=1&resize=700%2C400 2x"},"classes":[]},{"id":23238,"url":"https:\/\/www.freidenker.org\/?p=23238","url_meta":{"origin":14257,"position":5},"title":"25.10.2025: Frieden schaffen &#8211; Vom Krefelder zum Berliner Appell","author":"Webredaktion","date":"22. Oktober 2025","format":false,"excerpt":"Veranstaltung \u201eKunst und Wissenschaft f\u00fcr den Frieden\u201c mit prominenten G\u00e4sten Samstag. 25. Oktober 2025 von 15 \u201319 Uhr im Seidenweberhaus in Krefeld (Einlass 14 Uhr) Mitwirkende u.a.:\u00a0Reiner Braun Daniel Minetti, Christina Wouters, Kai Degenhardt, Rolf Becker, Michael von der Schulenburg, Hartmut K\u00f6nig, Dr. Werner R\u00fcgemer, Hermann Ploppa, Dr. Eugen Drewermann,\u2026","rel":"","context":"In &quot;Frieden - Antifaschismus - Solidarit\u00e4t&quot;","block_context":{"text":"Frieden - Antifaschismus - Solidarit\u00e4t","link":"https:\/\/www.freidenker.org\/?cat=13"},"img":{"alt_text":"","src":"https:\/\/i0.wp.com\/www.freidenker.org\/fw17\/wp-content\/uploads\/2025\/10\/Krefeld_Frieden-schaffen_800x450.jpg?fit=800%2C450&ssl=1&resize=350%2C200","width":350,"height":200,"srcset":"https:\/\/i0.wp.com\/www.freidenker.org\/fw17\/wp-content\/uploads\/2025\/10\/Krefeld_Frieden-schaffen_800x450.jpg?fit=800%2C450&ssl=1&resize=350%2C200 1x, https:\/\/i0.wp.com\/www.freidenker.org\/fw17\/wp-content\/uploads\/2025\/10\/Krefeld_Frieden-schaffen_800x450.jpg?fit=800%2C450&ssl=1&resize=525%2C300 1.5x, https:\/\/i0.wp.com\/www.freidenker.org\/fw17\/wp-content\/uploads\/2025\/10\/Krefeld_Frieden-schaffen_800x450.jpg?fit=800%2C450&ssl=1&resize=700%2C400 2x"},"classes":[]}],"_links":{"self":[{"href":"https:\/\/www.freidenker.org\/index.php?rest_route=\/wp\/v2\/posts\/14257","targetHints":{"allow":["GET"]}}],"collection":[{"href":"https:\/\/www.freidenker.org\/index.php?rest_route=\/wp\/v2\/posts"}],"about":[{"href":"https:\/\/www.freidenker.org\/index.php?rest_route=\/wp\/v2\/types\/post"}],"author":[{"embeddable":true,"href":"https:\/\/www.freidenker.org\/index.php?rest_route=\/wp\/v2\/users\/3"}],"replies":[{"embeddable":true,"href":"https:\/\/www.freidenker.org\/index.php?rest_route=%2Fwp%2Fv2%2Fcomments&post=14257"}],"version-history":[{"count":0,"href":"https:\/\/www.freidenker.org\/index.php?rest_route=\/wp\/v2\/posts\/14257\/revisions"}],"wp:featuredmedia":[{"embeddable":true,"href":"https:\/\/www.freidenker.org\/index.php?rest_route=\/wp\/v2\/media\/14258"}],"wp:attachment":[{"href":"https:\/\/www.freidenker.org\/index.php?rest_route=%2Fwp%2Fv2%2Fmedia&parent=14257"}],"wp:term":[{"taxonomy":"category","embeddable":true,"href":"https:\/\/www.freidenker.org\/index.php?rest_route=%2Fwp%2Fv2%2Fcategories&post=14257"},{"taxonomy":"post_tag","embeddable":true,"href":"https:\/\/www.freidenker.org\/index.php?rest_route=%2Fwp%2Fv2%2Ftags&post=14257"}],"curies":[{"name":"wp","href":"https:\/\/api.w.org\/{rel}","templated":true}]}}