{"id":14248,"date":"2022-09-28T03:25:00","date_gmt":"2022-09-28T01:25:00","guid":{"rendered":"https:\/\/www.freidenker.org\/?p=14248"},"modified":"2022-10-10T02:40:13","modified_gmt":"2022-10-10T00:40:13","slug":"die-kirche-des-guten","status":"publish","type":"post","link":"https:\/\/www.freidenker.org\/?p=14248","title":{"rendered":"Die Kirche des Guten"},"content":{"rendered":"<p>Aus:\u00a0<a href=\"https:\/\/www.freidenker.org\/?p=12821\">\u201eFREIDENKER\u201c Nr. 1-22<\/a>, April 2022, S. 15-18, 81. Jahrgang<\/p>\n<p><em>von <strong>Sebastian Bahlo<\/strong><\/em><\/p>\n<p>Gem\u00e4\u00df dem vom Verbandsvorstand beschlossenen Plan widmet sich dieses Heft einem Schwerpunkt aus unserem Arbeitsgebiet Religionskritik. Mitten im Herstellungsproze\u00df trafen uns weltpolitische Ereignisse, die erstens \u201ewichtiger\u201c und dr\u00e4ngender erscheinen, das Denken, die Diskussionen und die Handlungsorientierung beherrschen, zweitens zu best\u00e4tigen scheinen, was in unserem Verband oft gesagt wurde: da\u00df die Religion l\u00e4ngst durch wirksamere Methoden der Steuerung des Massenbewu\u00dftseins im Interesse der Herrschenden abgel\u00f6st worden ist. Denn an der gro\u00dfen ideologischen Generalmobilmachung gegen Ru\u00dfland, die gerade stattfindet, sind religi\u00f6se Institutionen zwar beteiligt, aber es kommt ihnen keine entscheidende Rolle zu. Und doch ist gerade dieser Anla\u00df g\u00fcnstig, um \u00fcber die ver\u00e4nderte Rolle von Religion und Religionskritik nachzudenken.<\/p>\n<p>Unsere Religionskritik hat drei Teilaufgaben:<\/p>\n<ul>\n<li>Philosophische Auseinandersetzung mit der religi\u00f6sen Weltanschauung,<\/li>\n<li>humanistischer Kampf gegen religi\u00f6se Bevormundung des vern\u00fcnftigen Denkens,<\/li>\n<li>politischer Kampf gegen die gesellschaftliche Macht der religi\u00f6sen Institutionen.<\/li>\n<\/ul>\n<p>Die K\u00e4mpfe auf diesen Feldern unterscheiden sich hinsichtlich der Gegner und der Kampfformen. Die philosophische Auseinandersetzung ist wissenschaftlicher Natur und im weiteren Sinne Auseinandersetzung mit der idealistischen Philosophie \u00fcberhaupt. Der Kampf gegen Bevormundung hat die Bevormundeten selbst zu ihrem Gegner, denn ihre Unm\u00fcndigkeit ist mit Kants Wort eine \u201eselbstverschuldete\u201c. Dieser Kampf wird aber nicht auf feindselige Weise, sondern durch Aufkl\u00e4rung und \u00dcberzeugung gef\u00fchrt und darf sich niemals gegen die intimen religi\u00f6sen Gef\u00fchle und \u00dcberzeugungen richten. Der politische Kampf hat schlie\u00dflich die Vertreter der religi\u00f6sen Institutionen selbst und ihre Verb\u00fcndeten in Staat, Wirtschaft und Medien zum Feind.<\/p>\n<p>Religionskritik ist kein Selbstzweck. Ihr Zweck wird durch die Gesamtheit der drei genannten Zwecke bestimmt. Doch abgesehen von den angef\u00fchrten zu kritisierenden und zu bek\u00e4mpfenden Mi\u00dfst\u00e4nden kann die Religion auch je nach Umst\u00e4nden eine fortschrittliche, positive, humane Rolle spielen. In dieser Hinsicht ist besonders ihre Rolle als kollektivistische Ideologie hervorzuheben, die dem gesellschaftlichen Zusammenhalt dient, Duldsamkeit und Opferbereitschaft des Einzelnen f\u00f6rdert.<\/p>\n<p>Es h\u00e4ngt von den historischen Umst\u00e4nden ab, ob diese Funktionen, so leicht sie reaktion\u00e4r gewendet werden k\u00f6nnen, einen fortschrittlichen Charakter annehmen. Hier sei nur beispielhaft erw\u00e4hnt, da\u00df im christlichen Mittelalter die Religion mit ihrem Passions- und Erl\u00f6sungsmythos wesentlich geholfen haben mu\u00df, das entbehrungsvolle b\u00e4uerliche Leben zu ertragen, und so hatte sie auf die Erhaltung und Entwicklung der Produktivkr\u00e4fte zur Bewirtschaftung der Fl\u00e4che eine gro\u00dfe Wirkung.<\/p>\n<p>Bekannt ist auch als ein weiteres Beispiel der pers\u00f6nliche Heldenmut, zu dem religi\u00f6se \u00dcberzeugungen in vielen fortschrittlichen Kriegen und Widerstandsk\u00e4mpfen motiviert haben. Und in vielen religi\u00f6s gepr\u00e4gten Kulturen l\u00e4\u00dft sich der positive Charakter auch noch in der heutigen Welt nachweisen. Wissenschaftliche Religionskritik hat auch die positiven Seiten der Religion gr\u00fcndlich zu betrachten. Allein schon, um die Erkenntnis zu f\u00f6rdern, wie ein vernunftbasiertes Gedankengut beschaffen sein mu\u00df, das die Religion vollst\u00e4ndig ersetzen kann.<\/p>\n<p>Einerseits zielt die Religionskritik nicht auf die Gesamtheit der religi\u00f6sen Erscheinungen ab. Andererseits zielt sie auch nicht nur auf Religion im engeren Sinne ab. Wie aus der obigen Einteilung leicht ersichtlich wird, mu\u00df der antireligi\u00f6se Kampf seinen Zweck verfehlen, wenn er andere Erscheinungen, die zur Festigung einer idealistischen Weltanschauung, zur Unterordnung des freien Denkens unter unhinterfragbare Dogmen und zur Ausdehnung der Macht der dahinterstehenden Kr\u00e4fte beitragen, au\u00dfer acht l\u00e4\u00dft. Es sind aber gerade derartige Erscheinungen au\u00dferhalb der klassischen Religion, die jetzt in Deutschland dominieren.<\/p>\n<h5>Dogmen \u2013 kein religi\u00f6ses Monopol<\/h5>\n<p>Eine ausgearbeitete zeitgem\u00e4\u00dfe idealistische Philosophie, die au\u00dferhalb der Reste des Bildungsb\u00fcrgertums auf Anklang stie\u00dfe, gibt es zwar nicht. Doch ein Mythos zieht sich seit Jahren durch die herrschende Propaganda: Wir sind die Guten.<\/p>\n<p>\u201eWir\u201c meint dabei die Unterst\u00fctzer der deutschen Regierungspolitik. Wir sind das Reich des Guten. Im Ausland herrschen Despoten, Diktatoren, Schl\u00e4chter, Autokraten, Populisten, bei uns aber herrschen \u201eFreiheit\u201c, \u201eDemokratie\u201c, \u201ePluralismus\u201c, \u201eWissenschaft\u201c.<\/p>\n<p>Zu den inneren Feinden geh\u00f6ren jene, die \u201eunsere Werte\u201c nicht teilen oder angeblich bek\u00e4mpfen oder angebliche Wahrheiten \u201eleugnen\u201c. Nat\u00fcrlich ist es nicht neu, sondern so alt wie die Menschheit, da\u00df die eigene Propaganda das eigene Handeln als moralisch gut darstellt. Doch eine neue Qualit\u00e4t liegt darin, da\u00df das Gute ein von konkreten Problemen losgel\u00f6stes und sich selbst legitimierendes Heiligtum geworden ist, ein Kelch, der mit beliebigem Inhalt gef\u00fcllt von den J\u00fcngern des Guten (manche nennen sie sp\u00f6ttisch \u201eGutmenschen\u201c) vorangetragen wird. Der quasireligi\u00f6se Charakter dieser Ideologie ist nicht zu \u00fcbersehen.<\/p>\n<p>Die Kirche des Guten hatte ihr erstes Hochfest im Zusammenhang mit der Massenimmigration ab dem Jahr 2015. Unter v\u00f6lliger Abstraktion von allen \u00f6konomischen, sozialpolitischen und geostrategischen Interessen und Pl\u00e4nen, als deren Werkzeug die Migranten zynisch mi\u00dfbraucht wurden, galt die Parole \u201eRefugees Welcome\u201c bald als Erkennungszeichen der Guten, Anst\u00e4ndigen und Aufgekl\u00e4rten, wer ihr nicht zustimmte, vertrat \u201eDunkeldeutschland\u201c.<\/p>\n<h5>Von der Migration zum Klima<\/h5>\n<p>Gegen differenzierte Zwischenpositionen wurde Stimmung gemacht. Der Satzanfang: \u201eIch bin nicht gegen Fl\u00fcchtlinge, aber\u2026\u201c wurde h\u00e4misch als Erkennungszeichen des verkappten Nazis vorgef\u00fchrt, denn ein \u201eWenn und Aber\u201c, die W\u00f6rter, die der Einschr\u00e4nkung und Differenzierung dienen, kennen die Gralsh\u00fcter des Guten nicht. Es wurde ein Klima geschaffen, in dem selbst\u00e4ndiges Denken gef\u00e4hrlich ist, weil es zu \u201efalschen\u201c Ergebnissen und zur Stigmatisierung seiner Urheber f\u00fchren kann. Dies alles wohlgemerkt im Namen der Aufkl\u00e4rung!<\/p>\n<p>Eine noch gr\u00f6\u00dfere Perversion der Aufkl\u00e4rung bildeten die folgenden Etappen der Prozession: \u201eKlima\u201c (ab 2019) und \u201eCorona\u201c (ab 2020). Denn das Glaubensbekenntnis, das dem braven Mann jetzt abverlangt wurde, sollte nichts anderem als der Wissenschaft selbst gelten, zugespitzt in der Parole \u201eFollow the Science\u201c, die aus unschuldigen Kinderm\u00fcndern erschallte.<\/p>\n<p>Hier wurde \u201edie Wissenschaft\u201c, oder besser: ein falscher Begriff von Wissenschaft mi\u00dfbraucht, um gerade das, wogegen die Wissenschaft in ihrer revolution\u00e4ren Periode an der Schwelle zur Neuzeit rebellierte, wieder einzusetzen: Unhinterfragbare Gewi\u00dfheit, unfehlbare Institutionen. Durfte im Mittelalter der Gemeine nicht am Wort des Geistlichen zweifeln, weil nur der die Heilige Schrift lesen konnte, so hat heute der wissenschaftliche Laie kein Recht, die Ergebnisse der Wissenschaft zu hinterfragen.<\/p>\n<h5>Immer diese Leugner<\/h5>\n<p>Ein angeblicher \u2013 wie auch immer ermittelter oder zustandegebrachter \u2013 \u201eKonsens\u201c hat Gesetzescharakter. Zweifler und Kritiker hei\u00dfen \u201eLeugner\u201c \u2013 auch hier dr\u00e4ngt sich die Erinnerung an die dunkelsten Kapitel des Mittelalters auf. Dabei m\u00fc\u00dfte wirkliche Wissenschaft eine vorl\u00e4ufige Meinung, wie sie ein \u201eKonsens\u201c notwendig ist, selbst so lange in Frage stellen, bis sie gesicherte Erkenntnisse gewonnen hat.<\/p>\n<p>Im Zusammenhang mit den Themen Klimaschutz und Corona haben sich im ersten Fall auf der Seite derer, die eine \u201eDekarbonisierung\u201c der Wirtschaft fordern, im zweiten Fall auf der Seite derer, die strengste antiepidemische Ma\u00dfnahmen und eine Covid-19-Impfpflicht fordern, un\u00fcbersehbare kulthafte Z\u00fcge in der Beschw\u00f6rung der eigenen moralischen \u00dcberlegenheit und bei der Verteufelung Andersdenkender herausgebildet, wodurch wichtige politische und \u00f6konomische Aspekte und Interessen verschleiert und tabuisiert werden. \u00dcberhaupt wird die Wechselwirkung zwischen Wissenschaft und Gesellschaft v\u00f6llig verleugnet. Im m\u00fcndlichen Rechenschaftsbericht des Verbandsvorstands auf dem vergangenen Verbandstag haben wir formuliert:<\/p>\n<p>\u201eWissenschaft ist von der Gesellschaft nicht isoliert. Wissenschaftler sind Menschen mit Interessen, \u00dcberzeugungen, \u00c4ngsten. Auch richtige wissenschaftliche Erkenntnisse k\u00f6nnen zur Rechtfertigung reaktion\u00e4rer Entwicklungen mi\u00dfbraucht werden. Falls es stimmt, da\u00df industrielle Treibhausgasemissionen Haupttreiber des Klimawandels sind, gibt es eine Abw\u00e4gung, ob der Verzicht auf solche Emissionen f\u00fcr arme L\u00e4nder nicht schlimmere Folgen hat? K\u00f6nnen Wissenschaftler den Ausnahmezustand erkl\u00e4ren?\u201c Hinter all diesen Fragen steht das Problem verschleierter Interessengegens\u00e4tze. \u201eDie\u201c Wissenschaft liefert angeblich Erkenntnisse f\u00fcr \u201edie\u201c Menschheit und diktiert der Politik damit alternativlos das Handeln. Die Meinungen des dummen Volkes sind da v\u00f6llig irrelevant.<\/p>\n<h5>\u00dcber Corona in die Ukraine<\/h5>\n<p>Es ist nicht zuletzt ein gro\u00dfer Angriff auf die Demokratie, wenn eine Sicht propagiert wird, in der die politische Entscheidungsgewalt der Legitimierung durch die nichtgew\u00e4hlte \u201eWissenschaft\u201c bedarf, analog dem religi\u00f6sen W\u00e4chterrat im Iran.<\/p>\n<p>Nach dieser vorbereitenden Entwicklung ist es nun dahin gekommen, da\u00df die Kirche des Guten im Wortsinn die deutschen Waffen f\u00fcr die Ukraine segnet. Es sind gro\u00dfe, leere Worte, um derentwillen der Deutsche frieren, hungern und den drohenden Atomtod in Kauf nehmen soll.<\/p>\n<p>Da\u00df in dem korrupten Sumpf mit einem gelernten Komiker als Pr\u00e4sidenten, in die Armee eingegliederten Nazibataillonen und der allt\u00e4glichen Terrorisierung der russischsprachigen Bev\u00f6lkerung \u201edie Freiheit\u201c oder \u201eeurop\u00e4ische Werte\u201c verteidigt werden sollen \u2013 es ist zu hoffen, da\u00df Menschen \u00fcbrigbleiben, die dar\u00fcber einmal werden lachen k\u00f6nnen.<\/p>\n<p>Der irrationale Kult hat breite Massen erfa\u00dft. Ein blaugelbes Fahnenmeer bekundet seine bedingungslose Solidarit\u00e4t mit einem Land, dessen Nationalisten schon in zwei vergangenen Weltkriegen von Deutschland gegen Ru\u00dfland ausgenutzt wurden. Der neuen deutschen Religion fehlt auch nicht der Kreuzzugsgedanke.<\/p>\n<p>Es fehlt ihr auch nicht die Inquisition. In der Medienbranche hat sich das neue Gesch\u00e4ftsfeld des professionellen Faktencheckens etabliert. W\u00e4hrend gegen elementares Checken \u00fcberpr\u00fcfbarer Tatsachenbehauptungen nichts einzuwenden ist, f\u00fchren die Berufsfaktenchecker oft einen ideologischen Feldzug gegen alles, was den Glaubenss\u00e4tzen der Kirche des Guten widerspricht. Dabei gehen sie \u00fcber elementares Faktenchecken hinaus und pr\u00e4sentieren selbst Meinungen als Fakten, \u201ewiderlegen\u201c Ansichten, die ihrer Natur nach gar keine elementaren Tatsachenbehauptungen darstellen, oder sie widerlegen die Meinung des Experten A mit der Meinung des Experten B.<\/p>\n<p>Die Urteile der Faktenchecker werden von den Plattformen der Sozialen Medien vollstreckt, indem Beitr\u00e4ge mit Warnhinweisen versehen, gel\u00f6scht oder Nutzer gesperrt werden. Die Steigerung dieser Zensur liegt in dem, was Kritiker als \u201eCancel Culture\u201c bezeichnen. Mit gezielten Kampagnen werden Veranstalter dazu gedr\u00e4ngt, Redner oder K\u00fcnstler auszuladen, die bei der Kirche des Guten in Ungnade gefallen sind, Vermieter werden gedr\u00e4ngt, R\u00e4ume f\u00fcr geplante und beworbene Veranstaltungen zu k\u00fcndigen.<\/p>\n<p>Auch die Forderung, Denkm\u00e4ler zu schleifen, weil die Geehrten vor mehr als hundert Jahren nicht alles so sahen wie man es heute sehen mu\u00df, B\u00fccher umzuschreiben, weil ihre Wortwahl heute nicht mehr gern gesehen ist, entspringt dieser bornierten Ideologie, die den Geist der B\u00fccherverbrennung atmet.<\/p>\n<p>Als w\u00e4re das alles nicht schlimm genug, sind seit Ru\u00dflands milit\u00e4rischem Eingreifen in der Ukraine weitere D\u00e4mme gebrochen: Ein Dirigent wird gefeuert, weil er Russe ist und sich nicht von Putin distanziert, (offenbar schlimmer, als da\u00df Herbert von Karajan NSDAP-Mitglied war und auf Goebbels\u2018 \u201eGottbegnadeten-Liste\u201c stand); selbst die Musik seit langem toter russischer Komponisten wird vom Programm genommen.<\/p>\n<p>Vorl\u00e4ufiger H\u00f6hepunkt des Wahns ist allerdings die Ausladung einer S\u00e4ngerin durch die \u201eFFF\u201c-Bewegung, weil ihr Tragen einer Dreadlocks-Frisur f\u00fcr sie als Wei\u00dfe einen Akt \u201ekultureller Aneignung\u201c darstelle. Ja, im Deutschland des Jahres 2022 ist es Menschen mit bestimmten Hautfarben verboten, bestimmte Frisuren zu tragen&#8230;<\/p>\n<p>Es sollte durch diese Schlaglichter deutlich geworden sein, da\u00df die Ziele der Religionskritik im heutigen Deutschland noch nicht im mindesten erreicht sind, weshalb unser Verband dringend gebraucht wird, da\u00df wir sie aber auch nicht erreichen k\u00f6nnen, wenn wir die Religionskritik nicht auf die akut gef\u00e4hrlichen zeitgem\u00e4\u00dfen quasireligi\u00f6sen Erscheinungen anwenden, sondern nur auf die von selbst im Abstieg begriffenen klassischen Religionen.<\/p>\n<p style=\"text-align: right;\"><em>Sebastian Bahlo ist Vorsitzender des Deutschen Freidenker-Verbandes<\/em><\/p>\n<hr \/>\n<h5>Download<\/h5>\n<p>Der Artikel kann auch als PDF-Dokument angesehen und heruntergeladen werden:<\/p>\n<p><img loading=\"lazy\" decoding=\"async\" data-attachment-id=\"1076\" data-permalink=\"https:\/\/www.freidenker.org\/?attachment_id=1076\" data-orig-file=\"https:\/\/i0.wp.com\/www.freidenker.org\/fw17\/wp-content\/uploads\/2017\/10\/pdf_icon-2.png?fit=32%2C32&amp;ssl=1\" data-orig-size=\"32,32\" data-comments-opened=\"0\" data-image-meta=\"{&quot;aperture&quot;:&quot;0&quot;,&quot;credit&quot;:&quot;&quot;,&quot;camera&quot;:&quot;&quot;,&quot;caption&quot;:&quot;&quot;,&quot;created_timestamp&quot;:&quot;0&quot;,&quot;copyright&quot;:&quot;&quot;,&quot;focal_length&quot;:&quot;0&quot;,&quot;iso&quot;:&quot;0&quot;,&quot;shutter_speed&quot;:&quot;0&quot;,&quot;title&quot;:&quot;&quot;,&quot;orientation&quot;:&quot;0&quot;}\" data-image-title=\"pdf_icon\" data-image-description=\"\" data-image-caption=\"\" data-large-file=\"https:\/\/i0.wp.com\/www.freidenker.org\/fw17\/wp-content\/uploads\/2017\/10\/pdf_icon-2.png?fit=32%2C32&amp;ssl=1\" class=\"alignnone size-full wp-image-1076\" src=\"https:\/\/i1.wp.com\/www.freidenker.org\/fw17\/wp-content\/uploads\/2017\/10\/pdf_icon-2.png?resize=32%2C32&amp;ssl=1\" alt=\"\" width=\"32\" height=\"32\" data-attachment-id=\"1076\" data-permalink=\"https:\/\/www.freidenker.org\/?attachment_id=1076\" data-orig-file=\"https:\/\/i0.wp.com\/www.freidenker.org\/fw17\/wp-content\/uploads\/2017\/10\/pdf_icon-2.png?fit=32%2C32&amp;ssl=1\" data-orig-size=\"32,32\" data-comments-opened=\"0\" data-image-meta=\"{&quot;aperture&quot;:&quot;0&quot;,&quot;credit&quot;:&quot;&quot;,&quot;camera&quot;:&quot;&quot;,&quot;caption&quot;:&quot;&quot;,&quot;created_timestamp&quot;:&quot;0&quot;,&quot;copyright&quot;:&quot;&quot;,&quot;focal_length&quot;:&quot;0&quot;,&quot;iso&quot;:&quot;0&quot;,&quot;shutter_speed&quot;:&quot;0&quot;,&quot;title&quot;:&quot;&quot;,&quot;orientation&quot;:&quot;0&quot;}\" data-image-title=\"pdf_icon\" data-image-description=\"\" data-image-caption=\"\" data-medium-file=\"https:\/\/i0.wp.com\/www.freidenker.org\/fw17\/wp-content\/uploads\/2017\/10\/pdf_icon-2.png?fit=32%2C32&amp;ssl=1\" data-large-file=\"https:\/\/i0.wp.com\/www.freidenker.org\/fw17\/wp-content\/uploads\/2017\/10\/pdf_icon-2.png?fit=32%2C32&amp;ssl=1\" \/> <a href=\"https:\/\/www.freidenker.org\/fw17\/wp-content\/uploads\/2022\/09\/Freidenker_2022-01_Bahlo-DieKircheDesGuten.pdf\" target=\"_blank\" rel=\"noopener\">Sebastian Bahlo: Die Kirche des Guten<\/a>\u00a0(Auszug aus\u00a0<a href=\"https:\/\/www.freidenker.org\/?p=12821\">FREIDENKER 1-22<\/a>, ca. 295 KB)<\/p>\n<hr \/>\n<h5>Video: Vortrag von Sebastian Bahlo bei &#8222;Berliner Freidenker im Gespr\u00e4ch&#8220;<\/h5>\n<p>Am 10. September 2022 fand in Berlin eine <a href=\"https:\/\/www.berlin.freidenker.org\/?p=6349\" target=\"_blank\" rel=\"noopener\">Veranstaltung<\/a> zum Thema &#8222;<strong>Hauptfeind Religion? Oder eine neue \u201eKirche des Guten\u201c?<\/strong>&#8220; statt, auf der Sebastian Bahlo referierte und sich dabei im Wesentlichen auf den hier ver\u00f6ffentlichten Aufsatz st\u00fctzte.<\/p>\n<p>Das Referat wurde von Bruno Jeup per Video mitgeschnitten.<\/p>\n<p><img loading=\"lazy\" decoding=\"async\" data-attachment-id=\"5427\" data-permalink=\"https:\/\/www.freidenker.org\/?attachment_id=5427\" data-orig-file=\"https:\/\/i0.wp.com\/www.freidenker.org\/fw17\/wp-content\/uploads\/2018\/09\/video_icon_32x32.jpg?fit=32%2C32&amp;ssl=1\" data-orig-size=\"32,32\" data-comments-opened=\"0\" data-image-meta=\"{&quot;aperture&quot;:&quot;0&quot;,&quot;credit&quot;:&quot;&quot;,&quot;camera&quot;:&quot;&quot;,&quot;caption&quot;:&quot;&quot;,&quot;created_timestamp&quot;:&quot;0&quot;,&quot;copyright&quot;:&quot;&quot;,&quot;focal_length&quot;:&quot;0&quot;,&quot;iso&quot;:&quot;0&quot;,&quot;shutter_speed&quot;:&quot;0&quot;,&quot;title&quot;:&quot;&quot;,&quot;orientation&quot;:&quot;1&quot;}\" data-image-title=\"video_icon_32x32\" data-image-description=\"\" data-image-caption=\"\" data-large-file=\"https:\/\/i0.wp.com\/www.freidenker.org\/fw17\/wp-content\/uploads\/2018\/09\/video_icon_32x32.jpg?fit=32%2C32&amp;ssl=1\" class=\"alignnone size-full wp-image-5427\" src=\"https:\/\/i0.wp.com\/www.freidenker.org\/fw17\/wp-content\/uploads\/2018\/09\/video_icon_32x32.jpg?resize=32%2C32&amp;ssl=1\" alt=\"\" width=\"32\" height=\"32\" data-attachment-id=\"5427\" data-permalink=\"https:\/\/www.freidenker.org\/?attachment_id=5427\" data-orig-file=\"https:\/\/i0.wp.com\/www.freidenker.org\/fw17\/wp-content\/uploads\/2018\/09\/video_icon_32x32.jpg?fit=32%2C32&amp;ssl=1\" data-orig-size=\"32,32\" data-comments-opened=\"0\" data-image-meta=\"{&quot;aperture&quot;:&quot;0&quot;,&quot;credit&quot;:&quot;&quot;,&quot;camera&quot;:&quot;&quot;,&quot;caption&quot;:&quot;&quot;,&quot;created_timestamp&quot;:&quot;0&quot;,&quot;copyright&quot;:&quot;&quot;,&quot;focal_length&quot;:&quot;0&quot;,&quot;iso&quot;:&quot;0&quot;,&quot;shutter_speed&quot;:&quot;0&quot;,&quot;title&quot;:&quot;&quot;,&quot;orientation&quot;:&quot;1&quot;}\" data-image-title=\"video_icon_32x32\" data-image-description=\"\" data-image-caption=\"\" data-medium-file=\"https:\/\/i0.wp.com\/www.freidenker.org\/fw17\/wp-content\/uploads\/2018\/09\/video_icon_32x32.jpg?fit=32%2C32&amp;ssl=1\" data-large-file=\"https:\/\/i0.wp.com\/www.freidenker.org\/fw17\/wp-content\/uploads\/2018\/09\/video_icon_32x32.jpg?fit=32%2C32&amp;ssl=1\" data-recalc-dims=\"1\" \/>\u00a0Den\u00a0<a href=\"https:\/\/magentacloud.de\/s\/rLE648eccEQJLTM\" target=\"_blank\" rel=\"noopener\">Vortrag als Video<\/a> ansehen oder herunterladen (externe Seite, Dauer 53:57 min)).<\/p>\n<p><a href=\"https:\/\/magentacloud.de\/s\/rLE648eccEQJLTM\" target=\"_blank\" rel=\"noopener\"><img data-recalc-dims=\"1\" loading=\"lazy\" decoding=\"async\" data-attachment-id=\"14249\" data-permalink=\"https:\/\/www.freidenker.org\/?attachment_id=14249\" data-orig-file=\"https:\/\/i0.wp.com\/www.freidenker.org\/fw17\/wp-content\/uploads\/2022\/09\/Bahlo_KircheDesGuten_Berlin2022_b2.jpg?fit=812%2C630&amp;ssl=1\" data-orig-size=\"812,630\" data-comments-opened=\"0\" data-image-meta=\"{&quot;aperture&quot;:&quot;0&quot;,&quot;credit&quot;:&quot;&quot;,&quot;camera&quot;:&quot;&quot;,&quot;caption&quot;:&quot;&quot;,&quot;created_timestamp&quot;:&quot;0&quot;,&quot;copyright&quot;:&quot;&quot;,&quot;focal_length&quot;:&quot;0&quot;,&quot;iso&quot;:&quot;0&quot;,&quot;shutter_speed&quot;:&quot;0&quot;,&quot;title&quot;:&quot;&quot;,&quot;orientation&quot;:&quot;1&quot;}\" data-image-title=\"Bahlo_KircheDesGuten_Berlin2022_b2\" data-image-description=\"\" data-image-caption=\"\" data-large-file=\"https:\/\/i0.wp.com\/www.freidenker.org\/fw17\/wp-content\/uploads\/2022\/09\/Bahlo_KircheDesGuten_Berlin2022_b2.jpg?fit=800%2C621&amp;ssl=1\" class=\"alignnone wp-image-14249 size-medium\" src=\"https:\/\/i0.wp.com\/www.freidenker.org\/fw17\/wp-content\/uploads\/2022\/09\/Bahlo_KircheDesGuten_Berlin2022_b2.jpg?resize=300%2C233&#038;ssl=1\" alt=\"\" width=\"300\" height=\"233\" srcset=\"https:\/\/i0.wp.com\/www.freidenker.org\/fw17\/wp-content\/uploads\/2022\/09\/Bahlo_KircheDesGuten_Berlin2022_b2.jpg?resize=300%2C233&amp;ssl=1 300w, https:\/\/i0.wp.com\/www.freidenker.org\/fw17\/wp-content\/uploads\/2022\/09\/Bahlo_KircheDesGuten_Berlin2022_b2.jpg?resize=768%2C596&amp;ssl=1 768w, https:\/\/i0.wp.com\/www.freidenker.org\/fw17\/wp-content\/uploads\/2022\/09\/Bahlo_KircheDesGuten_Berlin2022_b2.jpg?w=812&amp;ssl=1 812w\" sizes=\"auto, (max-width: 300px) 100vw, 300px\" \/><\/a><\/p>\n<p><strong>Zur Beachtung:<\/strong> Das Video kann gestreamt oder heruntergeladen werden. Die Download-Datei ist 914 MB gro\u00df.<\/p>\n<hr \/>\n<p><span style=\"font-size: 10pt;\">Bild oben: Sebastian Bahlo am 10.09.2022 in Berlin<\/span><br \/>\n<span style=\"font-size: 10pt;\">Foto: Bruno Jeup<\/span><\/p>\n","protected":false},"excerpt":{"rendered":"<p><b>Beitrag von Sebastian Bahlo aus FREIDENKER 1-22<\/b> und <b>Video eines Vortrages am 10.09.2022 in Berlin<\/b><br \/>\nGem\u00e4\u00df dem vom Verbandsvorstand beschlossenen Plan widmet sich dieses Heft einem Schwerpunkt aus unserem Arbeitsgebiet Religionskritik. Mitten im Herstellungsproze\u00df trafen uns weltpolitische Ereignisse, die erstens \u201ewichtiger\u201c und dr\u00e4ngender erscheinen, das Denken, die Diskussionen und die Handlungsorientierung beherrschen, zweitens zu best\u00e4tigen scheinen, was in unserem Verband oft gesagt wurde: da\u00df die Religion l\u00e4ngst durch wirksamere Methoden der Steuerung des Massenbewu\u00dftseins im Interesse der Herrschenden abgel\u00f6st worden ist. &#8230; Und doch ist gerade dieser Anla\u00df g\u00fcnstig, um \u00fcber die ver\u00e4nderte Rolle von Religion und Religionskritik nachzudenken.<\/p>\n","protected":false},"author":3,"featured_media":14250,"comment_status":"closed","ping_status":"closed","sticky":false,"template":"","format":"standard","meta":{"colormag_page_container_layout":"default_layout","colormag_page_sidebar_layout":"default_layout","advanced_seo_description":"","jetpack_seo_html_title":"","jetpack_seo_noindex":false,"jetpack_post_was_ever_published":false,"footnotes":""},"categories":[15,16],"tags":[387,1256,441,54,84,403,279,639,123],"class_list":["post-14248","post","type-post","status-publish","format-standard","has-post-thumbnail","hentry","category-religions-kirchenkritik","category-weltanschauung-philosophie","tag-christentum","tag-corona-virus","tag-kapitalismus","tag-kirche","tag-klima","tag-migration","tag-religionskritik","tag-ukraine-konflikt","tag-wissenschaft"],"jetpack_featured_media_url":"https:\/\/i0.wp.com\/www.freidenker.org\/fw17\/wp-content\/uploads\/2022\/09\/Sebastian-Bahlo1_800x450.jpg?fit=800%2C450&ssl=1","jetpack_shortlink":"https:\/\/wp.me\/p9stpK-3HO","jetpack-related-posts":[{"id":618,"url":"https:\/\/www.freidenker.org\/?p=618","url_meta":{"origin":14248,"position":0},"title":"Schwerpunktthema Religionskritik","author":"Webmaster","date":"1. Januar 1998","format":false,"excerpt":"Die Voraussetzung aller Kritik ist die Religionskritik nach Meinung von Karl Marx. Diesen Teil des Satzes aus der Einleitung Zur Kritik der Hegelschen Rechtsphilosophie unterschlagen des \u00f6fteren Diskussionspartner aus Kirchenkreisen: Sie zitieren nur den ersten Teil (unvollst\u00e4ndig), die Kritik der Religion ist beendet, habe der Herr Marx schlie\u00dflich verlautbart. Komplett\u2026","rel":"","context":"In &quot;Religions- &amp; Kirchenkritik, S\u00e4kulare Szene&quot;","block_context":{"text":"Religions- &amp; Kirchenkritik, S\u00e4kulare Szene","link":"https:\/\/www.freidenker.org\/?cat=15"},"img":{"alt_text":"","src":"https:\/\/i0.wp.com\/www.freidenker.org\/fw17\/wp-content\/uploads\/2016\/08\/petersdom-vatikan.jpg?fit=800%2C445&ssl=1&resize=350%2C200","width":350,"height":200,"srcset":"https:\/\/i0.wp.com\/www.freidenker.org\/fw17\/wp-content\/uploads\/2016\/08\/petersdom-vatikan.jpg?fit=800%2C445&ssl=1&resize=350%2C200 1x, https:\/\/i0.wp.com\/www.freidenker.org\/fw17\/wp-content\/uploads\/2016\/08\/petersdom-vatikan.jpg?fit=800%2C445&ssl=1&resize=525%2C300 1.5x, https:\/\/i0.wp.com\/www.freidenker.org\/fw17\/wp-content\/uploads\/2016\/08\/petersdom-vatikan.jpg?fit=800%2C445&ssl=1&resize=700%2C400 2x"},"classes":[]},{"id":22342,"url":"https:\/\/www.freidenker.org\/?p=22342","url_meta":{"origin":14248,"position":1},"title":"F\u00fcr die Trennung von Staat und Kirche, Kirche und Schule sowie den Dialog mit religi\u00f6sen Menschen","author":"Webredaktion","date":"9. Juli 2025","format":false,"excerpt":"Neu herausgegeben: Das aktualisierte Forderungsprogramm\u00a0des Deutschen Freidenker-Verbandes\u00a0zum Verh\u00e4ltnis Staat - Kirche auf der Grundlage der Berliner Erkl\u00e4rung von 1994 und mit Ausz\u00fcgen aus den Thesen zur Religion [Aus dem Editorial:] Die Forderung nach strikter Trennung von Staat und Kirche ist eine fundamentale For\u00adderung der europ\u00e4ischen Aufkl\u00e4rung, von deren Verwirklichung in\u2026","rel":"","context":"In &quot;Aktuelles&quot;","block_context":{"text":"Aktuelles","link":"https:\/\/www.freidenker.org\/?cat=574"},"img":{"alt_text":"","src":"https:\/\/i0.wp.com\/www.freidenker.org\/fw17\/wp-content\/uploads\/2025\/07\/Broschuere_Trennung_Staat_Kirche_800x450.jpg?fit=800%2C453&ssl=1&resize=350%2C200","width":350,"height":200,"srcset":"https:\/\/i0.wp.com\/www.freidenker.org\/fw17\/wp-content\/uploads\/2025\/07\/Broschuere_Trennung_Staat_Kirche_800x450.jpg?fit=800%2C453&ssl=1&resize=350%2C200 1x, https:\/\/i0.wp.com\/www.freidenker.org\/fw17\/wp-content\/uploads\/2025\/07\/Broschuere_Trennung_Staat_Kirche_800x450.jpg?fit=800%2C453&ssl=1&resize=525%2C300 1.5x, https:\/\/i0.wp.com\/www.freidenker.org\/fw17\/wp-content\/uploads\/2025\/07\/Broschuere_Trennung_Staat_Kirche_800x450.jpg?fit=800%2C453&ssl=1&resize=700%2C400 2x"},"classes":[]},{"id":1699,"url":"https:\/\/www.freidenker.org\/?p=1699","url_meta":{"origin":14248,"position":2},"title":"Religion: Thesen","author":"Webredaktion","date":"16. Dezember 2016","format":false,"excerpt":"Aus: \u201eFREIDENKER\u201c Nr. 4-16 Diese Thesen standen zwei Jahre im Freidenkerverband zur Diskussion, das zum Verbandstag im Juni 2016 in Potsdam vorgelegte Ergebnis wurde in dessen Auftrag nochmals vom Verbandsvorstand bearbeitet. Auszug: Weltweit erleben Religiosit\u00e4t und Religionen in ihren unterschiedlichen Auspr\u00e4gungen wieder einen Aufschwung. Um diese Entwicklung zu verstehen, muss\u2026","rel":"","context":"In &quot;Religions- &amp; Kirchenkritik, S\u00e4kulare Szene&quot;","block_context":{"text":"Religions- &amp; Kirchenkritik, S\u00e4kulare Szene","link":"https:\/\/www.freidenker.org\/?cat=15"},"img":{"alt_text":"","src":"https:\/\/i0.wp.com\/www.freidenker.org\/fw17\/wp-content\/uploads\/2016\/12\/church-window-2217785_800_445.jpg?fit=800%2C445&ssl=1&resize=350%2C200","width":350,"height":200,"srcset":"https:\/\/i0.wp.com\/www.freidenker.org\/fw17\/wp-content\/uploads\/2016\/12\/church-window-2217785_800_445.jpg?fit=800%2C445&ssl=1&resize=350%2C200 1x, https:\/\/i0.wp.com\/www.freidenker.org\/fw17\/wp-content\/uploads\/2016\/12\/church-window-2217785_800_445.jpg?fit=800%2C445&ssl=1&resize=525%2C300 1.5x, https:\/\/i0.wp.com\/www.freidenker.org\/fw17\/wp-content\/uploads\/2016\/12\/church-window-2217785_800_445.jpg?fit=800%2C445&ssl=1&resize=700%2C400 2x"},"classes":[]},{"id":686,"url":"https:\/\/www.freidenker.org\/?p=686","url_meta":{"origin":14248,"position":3},"title":"Interview in &#8222;junge Welt&#8220; mit Klaus Hartmann zum Papstbesuch","author":"Webmaster","date":"23. September 2011","format":false,"excerpt":"F: Am gestrigen Donnerstag ist Papst Benedikt XVI. in Berlin gelandet. Ein erhebendes Erlebnis auch f\u00fcr Freidenker? A: Gott bewahre. Immerhin schleckte er nicht die Landebahn ab wie sein Vorg\u00e4nger. Ansonsten ist er uns ein teurer Gast, zumindest verglichen mit den j\u00e4hrlich 20 Millionen Berlin-Touristen, die in der Regel Selbstzahler\u2026","rel":"","context":"In &quot;Religions- &amp; Kirchenkritik, S\u00e4kulare Szene&quot;","block_context":{"text":"Religions- &amp; Kirchenkritik, S\u00e4kulare Szene","link":"https:\/\/www.freidenker.org\/?cat=15"},"img":{"alt_text":"","src":"https:\/\/i0.wp.com\/www.freidenker.org\/fw17\/wp-content\/uploads\/2016\/08\/Klaus_Hartmann_01.jpg?fit=800%2C445&ssl=1&resize=350%2C200","width":350,"height":200,"srcset":"https:\/\/i0.wp.com\/www.freidenker.org\/fw17\/wp-content\/uploads\/2016\/08\/Klaus_Hartmann_01.jpg?fit=800%2C445&ssl=1&resize=350%2C200 1x, https:\/\/i0.wp.com\/www.freidenker.org\/fw17\/wp-content\/uploads\/2016\/08\/Klaus_Hartmann_01.jpg?fit=800%2C445&ssl=1&resize=525%2C300 1.5x, https:\/\/i0.wp.com\/www.freidenker.org\/fw17\/wp-content\/uploads\/2016\/08\/Klaus_Hartmann_01.jpg?fit=800%2C445&ssl=1&resize=700%2C400 2x"},"classes":[]},{"id":1082,"url":"https:\/\/www.freidenker.org\/?p=1082","url_meta":{"origin":14248,"position":4},"title":"FREIDENKER 4-16 &#8211; Religion","author":"Webredaktion","date":"15. Dezember 2016","format":false,"excerpt":"Die Ausgabe 4-16 des Verbandsorgans FREIDENKER hat das Schwerpunkt-Thema \"Religion\" und enth\u00e4lt u.a folgende Beitr\u00e4ge: - Verbandsvorstand: Religion - Thesen - Jan Bretschneider: Gedanken \u00fcber Religiosit\u00e4t - Thomas Loch: \"Mythos Luther\"? Sektiererischer Atheismus oder marxistische Religionskritik - Gerhard Feldbauer: Welchen Weg geht Franziskus? - Sebastian Bahlo: Erntedank - weltlich feiern","rel":"","context":"In &quot;Verbandsorgan FREIDENKER&quot;","block_context":{"text":"Verbandsorgan FREIDENKER","link":"https:\/\/www.freidenker.org\/?cat=8"},"img":{"alt_text":"","src":"https:\/\/i0.wp.com\/www.freidenker.org\/fw17\/wp-content\/uploads\/2017\/12\/FD_2016-04_Titel_mR.jpg?fit=800%2C445&ssl=1&resize=350%2C200","width":350,"height":200,"srcset":"https:\/\/i0.wp.com\/www.freidenker.org\/fw17\/wp-content\/uploads\/2017\/12\/FD_2016-04_Titel_mR.jpg?fit=800%2C445&ssl=1&resize=350%2C200 1x, https:\/\/i0.wp.com\/www.freidenker.org\/fw17\/wp-content\/uploads\/2017\/12\/FD_2016-04_Titel_mR.jpg?fit=800%2C445&ssl=1&resize=525%2C300 1.5x, https:\/\/i0.wp.com\/www.freidenker.org\/fw17\/wp-content\/uploads\/2017\/12\/FD_2016-04_Titel_mR.jpg?fit=800%2C445&ssl=1&resize=700%2C400 2x"},"classes":[]},{"id":1474,"url":"https:\/\/www.freidenker.org\/?p=1474","url_meta":{"origin":14248,"position":5},"title":"\u201eEin besseres Leben \u2013 nicht glauben, sondern schaffen!\u201c","author":"Webredaktion","date":"1. Dezember 2006","format":false,"excerpt":"Buchver\u00f6ffentlichung im Eigenverlag des Deutschen Freidenker-Verbandes e.V. Materialien des Symposiums aus Anlass des 200. Geburtstages am 24. Juli 2004 in N\u00fcrnberg Im einleitenden Beitrag unterstreicht der Bundesvorsitzende des DFV, Klaus Hartmann (Offenbach), die Verpflichtung des Deutschen Freidenker-Verbandes, als Weltanschauungsgemeinschaft das vern\u00fcnftige, humanistische und materialistische Denken als sein ureigenstes Erbe zu\u2026","rel":"","context":"In &quot;B\u00fccher des Verbandes&quot;","block_context":{"text":"B\u00fccher des Verbandes","link":"https:\/\/www.freidenker.org\/?cat=5"},"img":{"alt_text":"","src":"https:\/\/i0.wp.com\/www.freidenker.org\/fw17\/wp-content\/uploads\/2006\/12\/FD_Buch_2006_Feuerbach.jpg?fit=800%2C445&ssl=1&resize=350%2C200","width":350,"height":200,"srcset":"https:\/\/i0.wp.com\/www.freidenker.org\/fw17\/wp-content\/uploads\/2006\/12\/FD_Buch_2006_Feuerbach.jpg?fit=800%2C445&ssl=1&resize=350%2C200 1x, https:\/\/i0.wp.com\/www.freidenker.org\/fw17\/wp-content\/uploads\/2006\/12\/FD_Buch_2006_Feuerbach.jpg?fit=800%2C445&ssl=1&resize=525%2C300 1.5x, https:\/\/i0.wp.com\/www.freidenker.org\/fw17\/wp-content\/uploads\/2006\/12\/FD_Buch_2006_Feuerbach.jpg?fit=800%2C445&ssl=1&resize=700%2C400 2x"},"classes":[]}],"_links":{"self":[{"href":"https:\/\/www.freidenker.org\/index.php?rest_route=\/wp\/v2\/posts\/14248","targetHints":{"allow":["GET"]}}],"collection":[{"href":"https:\/\/www.freidenker.org\/index.php?rest_route=\/wp\/v2\/posts"}],"about":[{"href":"https:\/\/www.freidenker.org\/index.php?rest_route=\/wp\/v2\/types\/post"}],"author":[{"embeddable":true,"href":"https:\/\/www.freidenker.org\/index.php?rest_route=\/wp\/v2\/users\/3"}],"replies":[{"embeddable":true,"href":"https:\/\/www.freidenker.org\/index.php?rest_route=%2Fwp%2Fv2%2Fcomments&post=14248"}],"version-history":[{"count":0,"href":"https:\/\/www.freidenker.org\/index.php?rest_route=\/wp\/v2\/posts\/14248\/revisions"}],"wp:featuredmedia":[{"embeddable":true,"href":"https:\/\/www.freidenker.org\/index.php?rest_route=\/wp\/v2\/media\/14250"}],"wp:attachment":[{"href":"https:\/\/www.freidenker.org\/index.php?rest_route=%2Fwp%2Fv2%2Fmedia&parent=14248"}],"wp:term":[{"taxonomy":"category","embeddable":true,"href":"https:\/\/www.freidenker.org\/index.php?rest_route=%2Fwp%2Fv2%2Fcategories&post=14248"},{"taxonomy":"post_tag","embeddable":true,"href":"https:\/\/www.freidenker.org\/index.php?rest_route=%2Fwp%2Fv2%2Ftags&post=14248"}],"curies":[{"name":"wp","href":"https:\/\/api.w.org\/{rel}","templated":true}]}}