{"id":14241,"date":"2022-09-28T03:25:53","date_gmt":"2022-09-28T01:25:53","guid":{"rendered":"https:\/\/www.freidenker.org\/?p=14241"},"modified":"2024-07-01T22:27:23","modified_gmt":"2024-07-01T20:27:23","slug":"freidenker-nr-3-22-der-grosse-abbruch","status":"publish","type":"post","link":"https:\/\/www.freidenker.org\/?p=14241","title":{"rendered":"FREIDENKER Nr. 3-22 \u2013 Der gro\u00dfe Abbruch"},"content":{"rendered":"<p>FREIDENKER Nr. 3-22 , September 2022, 81. Jahrgang<\/p>\n<p><strong>Arbeit &#8211; Wirtschaft &#8211; Soziales -Zukunft: Great Reset?<\/strong><\/p>\n<h5>Der gro\u00dfe Abbruch<\/h5>\n<p>Inhalt:<\/p>\n<p><strong>Editorial<\/strong><\/p>\n<p><strong>Thema<\/strong><\/p>\n<ul>\n<li>Werner R\u00fcgemer<br \/>\n<a href=\"https:\/\/www.freidenker.org\/?p=14306\">Die Arbeitsverh\u00e4ltnisse im BlackRock-Kapitalismus<\/a><br \/>\n( <img data-recalc-dims=\"1\" loading=\"lazy\" decoding=\"async\" data-attachment-id=\"1072\" data-permalink=\"https:\/\/www.freidenker.org\/?attachment_id=1072\" data-orig-file=\"https:\/\/i0.wp.com\/www.freidenker.org\/fw17\/wp-content\/uploads\/2017\/10\/pdf_icon-e1509487447542.png?fit=16%2C16&amp;ssl=1\" data-orig-size=\"16,16\" data-comments-opened=\"0\" data-image-meta=\"{&quot;aperture&quot;:&quot;0&quot;,&quot;credit&quot;:&quot;&quot;,&quot;camera&quot;:&quot;&quot;,&quot;caption&quot;:&quot;&quot;,&quot;created_timestamp&quot;:&quot;0&quot;,&quot;copyright&quot;:&quot;&quot;,&quot;focal_length&quot;:&quot;0&quot;,&quot;iso&quot;:&quot;0&quot;,&quot;shutter_speed&quot;:&quot;0&quot;,&quot;title&quot;:&quot;&quot;,&quot;orientation&quot;:&quot;0&quot;}\" data-image-title=\"pdf_icon_16\" data-image-description=\"\" data-image-caption=\"\" data-large-file=\"https:\/\/i0.wp.com\/www.freidenker.org\/fw17\/wp-content\/uploads\/2017\/10\/pdf_icon-e1509487447542.png?fit=16%2C16&amp;ssl=1\" class=\"alignnone size-full wp-image-1072\" src=\"https:\/\/i0.wp.com\/www.freidenker.org\/fw17\/wp-content\/uploads\/2017\/10\/pdf_icon-e1509487447542.png?resize=16%2C16&#038;ssl=1\" alt=\"\" width=\"16\" height=\"16\" \/> <a href=\"https:\/\/www.freidenker.org\/fw17\/wp-content\/uploads\/2022\/09\/Freidenker_2022-03_Ruegemer-BlackrockKapitalismus.pdf\" target=\"_blank\" rel=\"noopener\">PDF-Dokument<\/a>, ca. 375 KB)<\/li>\n<li>Diana Johnstone<br \/>\nDer grosse Vorwand \u2026 f\u00fcr eine Anti-Utopie<\/li>\n<li>Klaus Linder<br \/>\n<a href=\"https:\/\/www.freidenker.org\/?p=14310\">Randbemerkungen gegen eine Hypnose durch den \u201eGreat Reset\u201c<\/a><br \/>\n(<img data-recalc-dims=\"1\" loading=\"lazy\" decoding=\"async\" data-attachment-id=\"1072\" data-permalink=\"https:\/\/www.freidenker.org\/?attachment_id=1072\" data-orig-file=\"https:\/\/i0.wp.com\/www.freidenker.org\/fw17\/wp-content\/uploads\/2017\/10\/pdf_icon-e1509487447542.png?fit=16%2C16&amp;ssl=1\" data-orig-size=\"16,16\" data-comments-opened=\"0\" data-image-meta=\"{&quot;aperture&quot;:&quot;0&quot;,&quot;credit&quot;:&quot;&quot;,&quot;camera&quot;:&quot;&quot;,&quot;caption&quot;:&quot;&quot;,&quot;created_timestamp&quot;:&quot;0&quot;,&quot;copyright&quot;:&quot;&quot;,&quot;focal_length&quot;:&quot;0&quot;,&quot;iso&quot;:&quot;0&quot;,&quot;shutter_speed&quot;:&quot;0&quot;,&quot;title&quot;:&quot;&quot;,&quot;orientation&quot;:&quot;0&quot;}\" data-image-title=\"pdf_icon_16\" data-image-description=\"\" data-image-caption=\"\" data-large-file=\"https:\/\/i0.wp.com\/www.freidenker.org\/fw17\/wp-content\/uploads\/2017\/10\/pdf_icon-e1509487447542.png?fit=16%2C16&amp;ssl=1\" class=\"alignnone size-full wp-image-1072\" src=\"https:\/\/i0.wp.com\/www.freidenker.org\/fw17\/wp-content\/uploads\/2017\/10\/pdf_icon-e1509487447542.png?resize=16%2C16&#038;ssl=1\" alt=\"\" width=\"16\" height=\"16\" \/> <a href=\"https:\/\/www.freidenker.org\/fw17\/wp-content\/uploads\/2022\/09\/Freidenker_2022-03_Linder-HypnoseDurchDenGreatReset.pdf\" target=\"_blank\" rel=\"noopener\">PDF-Dokument<\/a>, ca. 491 KB)<\/li>\n<li>Dagmar Henn<br \/>\nDer westliche Scheinriese und die Sanktionen<\/li>\n<li>Lekt\u00fcre zum Thema:<br \/>\nWerner Seppmann<\/li>\n<\/ul>\n<p><strong>Meldungen, Meinungen<\/strong><\/p>\n<p><strong>Chronik, u.a.:<\/strong><\/p>\n<ul>\n<li>Gesch\u00e4ftsf\u00fchrender Verbandsvorstand<\/li>\n<li>Flugblatt des Deutschen Freidenker-Verbandes<br \/>\n<a href=\"https:\/\/www.freidenker.org\/?p=13877\">6. August 1945: Atombombe auf Hiroshima<\/a><br \/>\n(<img data-recalc-dims=\"1\" loading=\"lazy\" decoding=\"async\" data-attachment-id=\"1072\" data-permalink=\"https:\/\/www.freidenker.org\/?attachment_id=1072\" data-orig-file=\"https:\/\/i0.wp.com\/www.freidenker.org\/fw17\/wp-content\/uploads\/2017\/10\/pdf_icon-e1509487447542.png?fit=16%2C16&amp;ssl=1\" data-orig-size=\"16,16\" data-comments-opened=\"0\" data-image-meta=\"{&quot;aperture&quot;:&quot;0&quot;,&quot;credit&quot;:&quot;&quot;,&quot;camera&quot;:&quot;&quot;,&quot;caption&quot;:&quot;&quot;,&quot;created_timestamp&quot;:&quot;0&quot;,&quot;copyright&quot;:&quot;&quot;,&quot;focal_length&quot;:&quot;0&quot;,&quot;iso&quot;:&quot;0&quot;,&quot;shutter_speed&quot;:&quot;0&quot;,&quot;title&quot;:&quot;&quot;,&quot;orientation&quot;:&quot;0&quot;}\" data-image-title=\"pdf_icon_16\" data-image-description=\"\" data-image-caption=\"\" data-large-file=\"https:\/\/i0.wp.com\/www.freidenker.org\/fw17\/wp-content\/uploads\/2017\/10\/pdf_icon-e1509487447542.png?fit=16%2C16&amp;ssl=1\" class=\"alignnone size-full wp-image-1072\" src=\"https:\/\/i0.wp.com\/www.freidenker.org\/fw17\/wp-content\/uploads\/2017\/10\/pdf_icon-e1509487447542.png?resize=16%2C16&#038;ssl=1\" alt=\"\" width=\"16\" height=\"16\" \/> <a href=\"https:\/\/www.freidenker.org\/fw17\/wp-content\/uploads\/2022\/07\/220806-Hiroshima_v03_kh.pdf\" target=\"_blank\" rel=\"noopener\">PDF-Dokument<\/a>, ca. 265 KB)<\/li>\n<\/ul>\n<p><strong>B\u00fccher f\u00fcr Freidenker<\/strong><\/p>\n<ul>\n<li>Wolfgang Templin: Revolution\u00e4r und Staatsgr\u00fcnder, J\u00f3zef Pi\u0142sudski &#8211; eine Biografie<\/li>\n<li>Brigitte Queck: Russen und Ukrainer sind ein Volk<\/li>\n<\/ul>\n<p><img data-recalc-dims=\"1\" loading=\"lazy\" decoding=\"async\" data-attachment-id=\"14242\" data-permalink=\"https:\/\/www.freidenker.org\/?attachment_id=14242\" data-orig-file=\"https:\/\/i0.wp.com\/www.freidenker.org\/fw17\/wp-content\/uploads\/2022\/09\/fd_2022-03_640px.jpg?fit=453%2C640&amp;ssl=1\" data-orig-size=\"453,640\" data-comments-opened=\"0\" data-image-meta=\"{&quot;aperture&quot;:&quot;0&quot;,&quot;credit&quot;:&quot;&quot;,&quot;camera&quot;:&quot;&quot;,&quot;caption&quot;:&quot;&quot;,&quot;created_timestamp&quot;:&quot;0&quot;,&quot;copyright&quot;:&quot;&quot;,&quot;focal_length&quot;:&quot;0&quot;,&quot;iso&quot;:&quot;0&quot;,&quot;shutter_speed&quot;:&quot;0&quot;,&quot;title&quot;:&quot;&quot;,&quot;orientation&quot;:&quot;1&quot;}\" data-image-title=\"fd_2022-03_640px\" data-image-description=\"\" data-image-caption=\"\" data-large-file=\"https:\/\/i0.wp.com\/www.freidenker.org\/fw17\/wp-content\/uploads\/2022\/09\/fd_2022-03_640px.jpg?fit=453%2C640&amp;ssl=1\" class=\"alignnone wp-image-14242 size-full\" src=\"https:\/\/i0.wp.com\/www.freidenker.org\/fw17\/wp-content\/uploads\/2022\/09\/fd_2022-03_640px.jpg?resize=453%2C640&#038;ssl=1\" alt=\"\" width=\"453\" height=\"640\" srcset=\"https:\/\/i0.wp.com\/www.freidenker.org\/fw17\/wp-content\/uploads\/2022\/09\/fd_2022-03_640px.jpg?w=453&amp;ssl=1 453w, https:\/\/i0.wp.com\/www.freidenker.org\/fw17\/wp-content\/uploads\/2022\/09\/fd_2022-03_640px.jpg?resize=212%2C300&amp;ssl=1 212w\" sizes=\"auto, (max-width: 453px) 100vw, 453px\" \/><\/p>\n<p><strong>Online-Ausgabe:<\/strong><\/p>\n<p>Das Heft kann hier als PDF-Dokument angesehen und heruntergeladen werden:<\/p>\n<p><img loading=\"lazy\" decoding=\"async\" data-attachment-id=\"1076\" data-permalink=\"https:\/\/www.freidenker.org\/?attachment_id=1076\" data-orig-file=\"https:\/\/i0.wp.com\/www.freidenker.org\/fw17\/wp-content\/uploads\/2017\/10\/pdf_icon-2.png?fit=32%2C32&amp;ssl=1\" data-orig-size=\"32,32\" data-comments-opened=\"0\" data-image-meta=\"{&quot;aperture&quot;:&quot;0&quot;,&quot;credit&quot;:&quot;&quot;,&quot;camera&quot;:&quot;&quot;,&quot;caption&quot;:&quot;&quot;,&quot;created_timestamp&quot;:&quot;0&quot;,&quot;copyright&quot;:&quot;&quot;,&quot;focal_length&quot;:&quot;0&quot;,&quot;iso&quot;:&quot;0&quot;,&quot;shutter_speed&quot;:&quot;0&quot;,&quot;title&quot;:&quot;&quot;,&quot;orientation&quot;:&quot;0&quot;}\" data-image-title=\"pdf_icon\" data-image-description=\"\" data-image-caption=\"\" data-large-file=\"https:\/\/i0.wp.com\/www.freidenker.org\/fw17\/wp-content\/uploads\/2017\/10\/pdf_icon-2.png?fit=32%2C32&amp;ssl=1\" class=\"alignnone size-full wp-image-1076\" src=\"https:\/\/i0.wp.com\/www.freidenker.org\/fw17\/wp-content\/uploads\/2017\/10\/pdf_icon-2.png?resize=32%2C32&amp;ssl=1\" alt=\"\" width=\"32\" height=\"32\" data-attachment-id=\"1076\" data-permalink=\"https:\/\/www.freidenker.org\/?attachment_id=1076\" data-orig-file=\"https:\/\/i0.wp.com\/www.freidenker.org\/fw17\/wp-content\/uploads\/2017\/10\/pdf_icon-2.png?fit=32%2C32&amp;ssl=1\" data-orig-size=\"32,32\" data-comments-opened=\"0\" data-image-meta=\"{&quot;aperture&quot;:&quot;0&quot;,&quot;credit&quot;:&quot;&quot;,&quot;camera&quot;:&quot;&quot;,&quot;caption&quot;:&quot;&quot;,&quot;created_timestamp&quot;:&quot;0&quot;,&quot;copyright&quot;:&quot;&quot;,&quot;focal_length&quot;:&quot;0&quot;,&quot;iso&quot;:&quot;0&quot;,&quot;shutter_speed&quot;:&quot;0&quot;,&quot;title&quot;:&quot;&quot;,&quot;orientation&quot;:&quot;0&quot;}\" data-image-title=\"pdf_icon\" data-image-description=\"\" data-image-caption=\"\" data-medium-file=\"https:\/\/i0.wp.com\/www.freidenker.org\/fw17\/wp-content\/uploads\/2017\/10\/pdf_icon-2.png?fit=32%2C32&amp;ssl=1\" data-large-file=\"https:\/\/i0.wp.com\/www.freidenker.org\/fw17\/wp-content\/uploads\/2017\/10\/pdf_icon-2.png?fit=32%2C32&amp;ssl=1\" data-recalc-dims=\"1\" \/>\u00a0<a href=\"https:\/\/www.freidenker.org\/fw17\/wp-content\/uploads\/2023\/09\/Freidenker_2022-03_online.pdf\" target=\"_blank\" rel=\"noopener\">Verbandsorgan FREIDENKER 3-22 im PDF-Format<\/a> (ca. 2,7 MB)<\/p>\n<p>Zum\u00a0<a href=\"https:\/\/www.freidenker.org\/?page_id=1682\">\u00dcberblick \u00fcber alle Online-Ausgaben<\/a><\/p>\n","protected":false},"excerpt":{"rendered":"<p><b>Die Ausgabe 3-22 des Verbandsorgans FREIDENKER hat das Schwerpunkt-Thema \u201eDer gro\u00dfe Abbruch\u201c und enth\u00e4lt u.a. folgende Beitr\u00e4ge:<\/b><br \/>\n&#8211; Werner R\u00fcgemer: Die Arbeitsverh\u00e4ltnisse im BlackRock-Kapitalismus<br \/>\n&#8211; Diana Johnstone: Der grosse Vorwand \u2026 f\u00fcr eine Anti-Utopie<br \/>\n&#8211; Klaus Linder: Randbemerkungen gegen eine Hypnose durch den \u201eGreat Reset\u201c<br \/>\n&#8211; Dagmar Henn: Der westliche Scheinriese und die Sanktionen<br \/>\n&#8211; Lekt\u00fcre zum Thema: Werner Seppmann<\/p>\n","protected":false},"author":3,"featured_media":14243,"comment_status":"closed","ping_status":"closed","sticky":false,"template":"","format":"standard","meta":{"colormag_page_container_layout":"default_layout","colormag_page_sidebar_layout":"default_layout","advanced_seo_description":"","jetpack_seo_html_title":"","jetpack_seo_noindex":false,"jetpack_post_was_ever_published":false,"footnotes":""},"categories":[8],"tags":[1609,1076,731,162,1608,981,1610,441,719,1231,1082,489,122,1212],"class_list":["post-14241","post","type-post","status-publish","format-standard","has-post-thumbnail","hentry","category-verbandsorgan-freidenker","tag-anti-utopie","tag-arbeit","tag-arbeitsrecht","tag-demokratie","tag-great-reset","tag-kapital","tag-kapital-und-arbeit","tag-kapitalismus","tag-sanktionen","tag-sozialpolitik","tag-totalitarismus","tag-widerstand","tag-wirtschaft","tag-zukunft"],"jetpack_featured_media_url":"https:\/\/i0.wp.com\/www.freidenker.org\/fw17\/wp-content\/uploads\/2022\/09\/FD_2022-03_Titel_mR.jpg?fit=800%2C445&ssl=1","jetpack_shortlink":"https:\/\/wp.me\/p9stpK-3HH","jetpack-related-posts":[{"id":11259,"url":"https:\/\/www.freidenker.org\/?p=11259","url_meta":{"origin":14241,"position":0},"title":"FREIDENKER 3-21 \u2013 Die Macht im Staat","author":"Webredaktion","date":"28. September 2021","format":false,"excerpt":"Die Ausgabe 3-21 des Verbandsorgans FREIDENKER hat das Schwerpunkt-Thema \u201eDie Macht im Staat\u201c und enth\u00e4lt u.a. folgende Beitr\u00e4ge: - Klaus Linder: Umstrittene Begriffe im Kampf f\u00fcr demokratische und soziale Rechte - Hans Bauer: Demokratieerfahrungen der \u201eDiktatur-Sozialisierten\u201c - Werner R\u00fcgemer: Unter deutscher F\u00fchrung organisert die EU das ArbeitsUnrecht \u2013 \u201eCorona\u201c-versch\u00e4rft -\u2026","rel":"","context":"In &quot;Verbandsorgan FREIDENKER&quot;","block_context":{"text":"Verbandsorgan FREIDENKER","link":"https:\/\/www.freidenker.org\/?cat=8"},"img":{"alt_text":"","src":"https:\/\/i0.wp.com\/www.freidenker.org\/fw17\/wp-content\/uploads\/2021\/09\/FD_2021-03_Titel_mR.jpg?fit=800%2C445&ssl=1&resize=350%2C200","width":350,"height":200,"srcset":"https:\/\/i0.wp.com\/www.freidenker.org\/fw17\/wp-content\/uploads\/2021\/09\/FD_2021-03_Titel_mR.jpg?fit=800%2C445&ssl=1&resize=350%2C200 1x, https:\/\/i0.wp.com\/www.freidenker.org\/fw17\/wp-content\/uploads\/2021\/09\/FD_2021-03_Titel_mR.jpg?fit=800%2C445&ssl=1&resize=525%2C300 1.5x, https:\/\/i0.wp.com\/www.freidenker.org\/fw17\/wp-content\/uploads\/2021\/09\/FD_2021-03_Titel_mR.jpg?fit=800%2C445&ssl=1&resize=700%2C400 2x"},"classes":[]},{"id":8677,"url":"https:\/\/www.freidenker.org\/?p=8677","url_meta":{"origin":14241,"position":1},"title":"FREIDENKER 3-20 \u2013 Armut &#8211; Reichtum","author":"Webredaktion","date":"24. September 2020","format":false,"excerpt":"Die Ausgabe 3-20 des Verbandsorgans FREIDENKER hat das Schwerpunkt-Thema \u201eArmut-Reichtum\u201c und enth\u00e4lt u.a. folgende Beitr\u00e4ge: - Klaus Hartmann: \u201eIm reichen Deutschland \u2026\u201c - Christoph Butterwegge: Reichtum als Ergebnis der materiellen Ungleichheit und als Problem f\u00fcr die Gesellschaft - Pablo Graubner: Corona: Brandbeschleuniger f\u00fcr die Klassengesellschaft - Werner R\u00fcgemer: Deutschland: F\u00fchrender\u2026","rel":"","context":"In &quot;Verbandsorgan FREIDENKER&quot;","block_context":{"text":"Verbandsorgan FREIDENKER","link":"https:\/\/www.freidenker.org\/?cat=8"},"img":{"alt_text":"","src":"https:\/\/i0.wp.com\/www.freidenker.org\/fw17\/wp-content\/uploads\/2020\/09\/FD_2020-03_Titel_mR.jpg?fit=800%2C445&ssl=1&resize=350%2C200","width":350,"height":200,"srcset":"https:\/\/i0.wp.com\/www.freidenker.org\/fw17\/wp-content\/uploads\/2020\/09\/FD_2020-03_Titel_mR.jpg?fit=800%2C445&ssl=1&resize=350%2C200 1x, https:\/\/i0.wp.com\/www.freidenker.org\/fw17\/wp-content\/uploads\/2020\/09\/FD_2020-03_Titel_mR.jpg?fit=800%2C445&ssl=1&resize=525%2C300 1.5x, https:\/\/i0.wp.com\/www.freidenker.org\/fw17\/wp-content\/uploads\/2020\/09\/FD_2020-03_Titel_mR.jpg?fit=800%2C445&ssl=1&resize=700%2C400 2x"},"classes":[]},{"id":14272,"url":"https:\/\/www.freidenker.org\/?p=14272","url_meta":{"origin":14241,"position":2},"title":"Einladung: Der aktuelle Systemkonflikt","author":"Webredaktion","date":"29. September 2022","format":false,"excerpt":"... zwischen den vom US-Imperium gef\u00fchrten L\u00e4ndern und dem \u201eRest der Welt\u201c Vortrag und Diskussion mit Dr. Werner R\u00fcgemer Donnerstag, 06.10.2022, 18 Uhr, Restaurant Singapur (Saal im Obergeschoss), Marktstra\u00dfe 90, 56564 Neuwied Das Thema: Der US-gef\u00fchrte westliche Kapitalismus steigt ab, in den USA selbst, in der EU und anderen abh\u00e4ngigen\u2026","rel":"","context":"In &quot;Demokratie \u2013 Medien \u2013 Aufkl\u00e4rung&quot;","block_context":{"text":"Demokratie \u2013 Medien \u2013 Aufkl\u00e4rung","link":"https:\/\/www.freidenker.org\/?cat=12"},"img":{"alt_text":"","src":"https:\/\/i0.wp.com\/www.freidenker.org\/fw17\/wp-content\/uploads\/2022\/09\/ruegemer_systemkonflikt_800x450.jpg?fit=800%2C450&ssl=1&resize=350%2C200","width":350,"height":200,"srcset":"https:\/\/i0.wp.com\/www.freidenker.org\/fw17\/wp-content\/uploads\/2022\/09\/ruegemer_systemkonflikt_800x450.jpg?fit=800%2C450&ssl=1&resize=350%2C200 1x, https:\/\/i0.wp.com\/www.freidenker.org\/fw17\/wp-content\/uploads\/2022\/09\/ruegemer_systemkonflikt_800x450.jpg?fit=800%2C450&ssl=1&resize=525%2C300 1.5x, https:\/\/i0.wp.com\/www.freidenker.org\/fw17\/wp-content\/uploads\/2022\/09\/ruegemer_systemkonflikt_800x450.jpg?fit=800%2C450&ssl=1&resize=700%2C400 2x"},"classes":[]},{"id":12821,"url":"https:\/\/www.freidenker.org\/?p=12821","url_meta":{"origin":14241,"position":3},"title":"FREIDENKER Nr. 1-22 \u2013 Das Imperium der L\u00fcgen","author":"Webredaktion","date":"16. April 2022","format":false,"excerpt":"Die Ausgabe 1-22 des Verbandsorgans FREIDENKER hat das Schwerpunkt-Thema \u201eDas Imperium der L\u00fcgen\u201c und enth\u00e4lt u.a. folgende Beitr\u00e4ge: - Werner R\u00fcgemer: \u201eChristliches Abendland\u201c am Ende \u2013 der Kapitalismus wird nicht besser - Sebastian Bahlo: Die Kirche des Guten - Liane Kilinc: Angeschlagene Friedenstaube - Klaus Hartmann: Der Krieg in der\u2026","rel":"","context":"In &quot;Verbandsorgan FREIDENKER&quot;","block_context":{"text":"Verbandsorgan FREIDENKER","link":"https:\/\/www.freidenker.org\/?cat=8"},"img":{"alt_text":"","src":"https:\/\/i0.wp.com\/www.freidenker.org\/fw17\/wp-content\/uploads\/2022\/04\/FD_2022-01_Titel_mR.jpg?fit=800%2C445&ssl=1&resize=350%2C200","width":350,"height":200,"srcset":"https:\/\/i0.wp.com\/www.freidenker.org\/fw17\/wp-content\/uploads\/2022\/04\/FD_2022-01_Titel_mR.jpg?fit=800%2C445&ssl=1&resize=350%2C200 1x, https:\/\/i0.wp.com\/www.freidenker.org\/fw17\/wp-content\/uploads\/2022\/04\/FD_2022-01_Titel_mR.jpg?fit=800%2C445&ssl=1&resize=525%2C300 1.5x, https:\/\/i0.wp.com\/www.freidenker.org\/fw17\/wp-content\/uploads\/2022\/04\/FD_2022-01_Titel_mR.jpg?fit=800%2C445&ssl=1&resize=700%2C400 2x"},"classes":[]},{"id":5422,"url":"https:\/\/www.freidenker.org\/?p=5422","url_meta":{"origin":14241,"position":4},"title":"FREIDENKER 3-18 EXTRA \u2013 Menschenbild","author":"Webredaktion","date":"16. September 2018","format":false,"excerpt":"Die EXTRA-Ausgabe 3-18 des Verbandsorgans FREIDENKER hat das Schwerpunkt-Thema \u201eMenschenbild \u2013 Marxistische Pers\u00f6nlichkeitstheorie: Individuum und Gesellschaft\u201c und enth\u00e4lt die Reden der Wissenschaftlichen Konferenz des Deutschen Freidenker-Verbandes vom 28.04.2018 in Hannover. Darin: - Sebastian Bahlo: Marx\u2018 revolution\u00e4re Sch\u00e4rfe bewahren - Klaus Hartmann: Was ist der Mensch? - Wolfgang Jantzen: Pers\u00f6nlichkeit und\u2026","rel":"","context":"In &quot;Verbandsorgan FREIDENKER&quot;","block_context":{"text":"Verbandsorgan FREIDENKER","link":"https:\/\/www.freidenker.org\/?cat=8"},"img":{"alt_text":"","src":"https:\/\/i0.wp.com\/www.freidenker.org\/fw17\/wp-content\/uploads\/2018\/09\/FD_2018-03_Titel_mR.jpg?fit=800%2C445&ssl=1&resize=350%2C200","width":350,"height":200,"srcset":"https:\/\/i0.wp.com\/www.freidenker.org\/fw17\/wp-content\/uploads\/2018\/09\/FD_2018-03_Titel_mR.jpg?fit=800%2C445&ssl=1&resize=350%2C200 1x, https:\/\/i0.wp.com\/www.freidenker.org\/fw17\/wp-content\/uploads\/2018\/09\/FD_2018-03_Titel_mR.jpg?fit=800%2C445&ssl=1&resize=525%2C300 1.5x, https:\/\/i0.wp.com\/www.freidenker.org\/fw17\/wp-content\/uploads\/2018\/09\/FD_2018-03_Titel_mR.jpg?fit=800%2C445&ssl=1&resize=700%2C400 2x"},"classes":[]},{"id":16711,"url":"https:\/\/www.freidenker.org\/?p=16711","url_meta":{"origin":14241,"position":5},"title":"Vortrag: US-Kapital gegen den Rest der Welt","author":"Webredaktion","date":"29. Juli 2023","format":false,"excerpt":"Vortrag von und Diskussion mit Dr. Werner R\u00fcgemer Donnerstag, 17. August 2023, 18:00 Uhr, WeltHaus Heidelberg, Willy-Brandt-Platz 5, 69115 Heidelberg Der US-gef\u00fchrte Kapitalismus ist im Niedergang: wirtschaftlich, menschen- und arbeitsrechtlich, politisch, moralisch und im internationalen Ansehen. Dies betrifft insbesondere die Mehrheit der abh\u00e4ngig Besch\u00e4ftigten mit sinkenden Arbeitseinkommen und Renten: Auch\u2026","rel":"","context":"In &quot;Veranstaltungen in den DFV-Landesverb\u00e4nden&quot;","block_context":{"text":"Veranstaltungen in den DFV-Landesverb\u00e4nden","link":"https:\/\/www.freidenker.org\/?cat=19"},"img":{"alt_text":"","src":"https:\/\/i0.wp.com\/www.freidenker.org\/fw17\/wp-content\/uploads\/2023\/07\/Veranst_HD_Ruegemer_2023-08_800x450.jpg?fit=800%2C450&ssl=1&resize=350%2C200","width":350,"height":200,"srcset":"https:\/\/i0.wp.com\/www.freidenker.org\/fw17\/wp-content\/uploads\/2023\/07\/Veranst_HD_Ruegemer_2023-08_800x450.jpg?fit=800%2C450&ssl=1&resize=350%2C200 1x, https:\/\/i0.wp.com\/www.freidenker.org\/fw17\/wp-content\/uploads\/2023\/07\/Veranst_HD_Ruegemer_2023-08_800x450.jpg?fit=800%2C450&ssl=1&resize=525%2C300 1.5x, https:\/\/i0.wp.com\/www.freidenker.org\/fw17\/wp-content\/uploads\/2023\/07\/Veranst_HD_Ruegemer_2023-08_800x450.jpg?fit=800%2C450&ssl=1&resize=700%2C400 2x"},"classes":[]}],"_links":{"self":[{"href":"https:\/\/www.freidenker.org\/index.php?rest_route=\/wp\/v2\/posts\/14241","targetHints":{"allow":["GET"]}}],"collection":[{"href":"https:\/\/www.freidenker.org\/index.php?rest_route=\/wp\/v2\/posts"}],"about":[{"href":"https:\/\/www.freidenker.org\/index.php?rest_route=\/wp\/v2\/types\/post"}],"author":[{"embeddable":true,"href":"https:\/\/www.freidenker.org\/index.php?rest_route=\/wp\/v2\/users\/3"}],"replies":[{"embeddable":true,"href":"https:\/\/www.freidenker.org\/index.php?rest_route=%2Fwp%2Fv2%2Fcomments&post=14241"}],"version-history":[{"count":0,"href":"https:\/\/www.freidenker.org\/index.php?rest_route=\/wp\/v2\/posts\/14241\/revisions"}],"wp:featuredmedia":[{"embeddable":true,"href":"https:\/\/www.freidenker.org\/index.php?rest_route=\/wp\/v2\/media\/14243"}],"wp:attachment":[{"href":"https:\/\/www.freidenker.org\/index.php?rest_route=%2Fwp%2Fv2%2Fmedia&parent=14241"}],"wp:term":[{"taxonomy":"category","embeddable":true,"href":"https:\/\/www.freidenker.org\/index.php?rest_route=%2Fwp%2Fv2%2Fcategories&post=14241"},{"taxonomy":"post_tag","embeddable":true,"href":"https:\/\/www.freidenker.org\/index.php?rest_route=%2Fwp%2Fv2%2Ftags&post=14241"}],"curies":[{"name":"wp","href":"https:\/\/api.w.org\/{rel}","templated":true}]}}