{"id":14209,"date":"2022-09-21T02:07:12","date_gmt":"2022-09-21T00:07:12","guid":{"rendered":"https:\/\/www.freidenker.org\/?p=14209"},"modified":"2022-10-03T23:51:45","modified_gmt":"2022-10-03T21:51:45","slug":"diese-regierungspolitik-ist-irrational-und-wahnhaft","status":"publish","type":"post","link":"https:\/\/www.freidenker.org\/?p=14209","title":{"rendered":"Diese Regierungspolitik ist irrational und wahnhaft"},"content":{"rendered":"<p>Am 18.09.2022 fand in Frankfurt am Main eine Kundgebung und Demonstration unter dem Motto &#8222;F\u00fcr Frieden, Freiheit und Freie Meinung &#8212; Gegen Propaganda, Sanktionswahnsinn und Waffenlieferungen&#8220; statt. Veranstalter war der Verband der Russlanddeutschen in Hessen.<\/p>\n<figure id=\"attachment_14210\" aria-describedby=\"caption-attachment-14210\" style=\"width: 281px\" class=\"wp-caption alignnone\"><a href=\"https:\/\/i0.wp.com\/www.freidenker.org\/fw17\/wp-content\/uploads\/2022\/09\/2022_09.18_Demo-FFM-photo_2022-08-17_19-31-57.jpg?ssl=1\"><img data-recalc-dims=\"1\" loading=\"lazy\" decoding=\"async\" data-attachment-id=\"14210\" data-permalink=\"https:\/\/www.freidenker.org\/?attachment_id=14210\" data-orig-file=\"https:\/\/i0.wp.com\/www.freidenker.org\/fw17\/wp-content\/uploads\/2022\/09\/2022_09.18_Demo-FFM-photo_2022-08-17_19-31-57.jpg?fit=720%2C1280&amp;ssl=1\" data-orig-size=\"720,1280\" data-comments-opened=\"0\" data-image-meta=\"{&quot;aperture&quot;:&quot;0&quot;,&quot;credit&quot;:&quot;&quot;,&quot;camera&quot;:&quot;&quot;,&quot;caption&quot;:&quot;&quot;,&quot;created_timestamp&quot;:&quot;0&quot;,&quot;copyright&quot;:&quot;&quot;,&quot;focal_length&quot;:&quot;0&quot;,&quot;iso&quot;:&quot;0&quot;,&quot;shutter_speed&quot;:&quot;0&quot;,&quot;title&quot;:&quot;&quot;,&quot;orientation&quot;:&quot;0&quot;}\" data-image-title=\"2022_09.18_Demo FFM photo_2022-08-17_19-31-57\" data-image-description=\"\" data-image-caption=\"\" data-large-file=\"https:\/\/i0.wp.com\/www.freidenker.org\/fw17\/wp-content\/uploads\/2022\/09\/2022_09.18_Demo-FFM-photo_2022-08-17_19-31-57.jpg?fit=576%2C1024&amp;ssl=1\" class=\"wp-image-14210\" src=\"https:\/\/i0.wp.com\/www.freidenker.org\/fw17\/wp-content\/uploads\/2022\/09\/2022_09.18_Demo-FFM-photo_2022-08-17_19-31-57.jpg?resize=281%2C500&#038;ssl=1\" alt=\"\" width=\"281\" height=\"500\" srcset=\"https:\/\/i0.wp.com\/www.freidenker.org\/fw17\/wp-content\/uploads\/2022\/09\/2022_09.18_Demo-FFM-photo_2022-08-17_19-31-57.jpg?resize=169%2C300&amp;ssl=1 169w, https:\/\/i0.wp.com\/www.freidenker.org\/fw17\/wp-content\/uploads\/2022\/09\/2022_09.18_Demo-FFM-photo_2022-08-17_19-31-57.jpg?resize=576%2C1024&amp;ssl=1 576w, https:\/\/i0.wp.com\/www.freidenker.org\/fw17\/wp-content\/uploads\/2022\/09\/2022_09.18_Demo-FFM-photo_2022-08-17_19-31-57.jpg?w=720&amp;ssl=1 720w\" sizes=\"auto, (max-width: 281px) 100vw, 281px\" \/><\/a><figcaption id=\"caption-attachment-14210\" class=\"wp-caption-text\"><span style=\"font-size: 10pt;\">Veranstaltungsplakat &#8211; Klicke zum vergr\u00f6\u00dfern<\/span><\/figcaption><\/figure>\n<p>Wir ver\u00f6ffentlichen hier die Rede des Vorsitzenden des Deutschen Freidenker-Verbandes, Sebastian Bahlo, auf dieser Kundgebung. Die Rede wurde auch als Video mitgeschnitten, welches hier ebenfalls dokumentiert wird.<\/p>\n<p style=\"text-align: right;\"><em>Webredaktion<\/em><\/p>\n<hr \/>\n<h4>Diese Regierungspolitik ist irrational und wahnhaft<\/h4>\n<p><em>von <strong>Sebastian Bahlo<\/strong><\/em><\/p>\n<p>Liebe Freunde der Vernunft,<\/p>\n<p>ich bedanke mich f\u00fcr die Gelegenheit, f\u00fcr den Deutschen Freidenker-Verband auf dieser Kundgebung zu sprechen.<\/p>\n<p>Ich habe Euch mit \u201eFreunde der Vernunft\u201c angesprochen, das ist ungew\u00f6hnlich und klingt etwas pathetisch, aber mir ist nichts treffenderes eingefallen, denn die Hauptlosungen, unter denen wir hier demonstrieren: \u201eF\u00fcr Frieden \u2013 Freiheit \u2013 Freie Meinung \/ Gegen Propaganda \u2013 Sanktionswahnsinn \u2013 Waffenlieferungen\u201c, diese Losungen dr\u00fccken exakt die Verteidigung der Vernunft gegen die Irrationalit\u00e4t und Wahnhaftigkeit der aktuellen deutschen Regierungspolitik aus.<\/p>\n<p>Diese Regierungspolitik ist irrational und wahnhaft,<\/p>\n<p><em>erstens<\/em>, weil sie sich in einem milit\u00e4rischen Konflikt zwischen zwei L\u00e4ndern, mit denen Deutschland keine B\u00fcndnis- oder Beistandsabkommen hat, ohne Wenn und Aber auf eine Seite stellt, n\u00e4mlich auf die Seite des korrupten und m\u00f6rderischen Selenskij-Regimes;<\/p>\n<p><em>zweitens<\/em>, weil sie dabei die Vorgeschichte des Konflikts bewu\u00dft ausblendet, die ganz andere Schl\u00fcsse hinsichtlich der Frage, wer der Aggressor ist, nahelegt, und ausblendet, was auch Deutschland schon vor Jahren h\u00e4tte tun k\u00f6nnen, um eine Eskalation zu verhindern, z. B. indem man die Ukraine dazu bewegt h\u00e4tte, die Minsker Abkommen umzusetzen und mit den Donbass-Republiken Verhandlungen um Autonomierechte aufzunehmen;<\/p>\n<p><em>drittens<\/em>, weil die Bundesregierung mit Waffenlieferungen an die Ukraine dazu beitr\u00e4gt, einen nicht gewinnbaren Krieg zu einem entsetzlichen Blutzoll sinnlos zu verl\u00e4ngern;<\/p>\n<p><em>viertens<\/em>, weil sie einen Wirtschaftskrieg gegen Ru\u00dfland f\u00fchrt, der nur selbstzerst\u00f6rerisch genannt werden kann; Fabriken m\u00fcssen ihre Produktion einstellen, Millionen B\u00fcrger werden durch die horrenden Energiepreise in existenzielle Not gebracht und sollen noch per \u201eGasumlage\u201c die Verluste der Gasimporteure ausgleichen, um diese vor der Insolvenz zu retten, w\u00e4hrend der zust\u00e4ndige Minister Kleinbetrieben erz\u00e4hlen will, da\u00df sie ja nicht gleich insolvent werden, wenn sie aufh\u00f6ren zu produzieren.<\/p>\n<p>Die Politik der Bundesregierung ist irrational und wahnhaft, aber diese Charakterisierung ist noch nicht ausreichend: Man mu\u00df auch klar sagen, da\u00df sie verbrecherisch ist. Sie schadet Deutschland und der deutschen Bev\u00f6lkerung massiv, zu keinem erkennbaren Nutzen, es gibt nicht einmal eine ernstzunehmende Strategie f\u00fcr einen Ausweg aus der Wirtschaftskrise, und sie tr\u00e4gt mit dazu bei, da\u00df t\u00e4glich hunderte ukrainische Leben zynisch verheizt werden, da\u00df das ukrainische Regime weiterhin t\u00e4glich milit\u00e4risch nutzlose Terrorakte gegen die Zivilbev\u00f6lkerung des Donbass ver\u00fcbt, sie tr\u00e4gt dazu bei, uns in den Dritten Weltkrieg zu f\u00fchren, der ein Atomkrieg sein wird, in dem Deutschland vollst\u00e4ndig vernichtet werden kann. Die Regierung macht Politik gegen das Volk, und Au\u00dfenministerin Baerbock gibt auch noch \u00f6ffentlich zu, da\u00df der W\u00e4hlerwille f\u00fcr ihre Politik keine Rolle spielt.<\/p>\n<p>Die tiefere Ursache, warum die Regierung eine solch kriminelle volksfeindliche Politik betreibt, ist, da\u00df sie sklavisch den geopolitischen Vorgaben aus Washington folgt, und in der dortigen Kalkulation ist das Schicksal und das Wohl Deutschlands nun einmal nicht von Bedeutung. Man opfert Deutschland, wie man auch die Ukraine opfert, um Ru\u00dfland maximal zu schaden.<\/p>\n<p>Es ist ganz nat\u00fcrlich, da\u00df gegen diesen schlimmen Verrat der Regierung an ihrem Volk vielf\u00e4ltiger Protest laut wird. Dem versucht die Regierung entgegenzuwirken, indem sie die Protestierer diffamiert, sie irgendwie als \u201erechts\u201c brandmarken will, der Inlandsgeheimdienst ist schon auf \u201everfassungsfeindliche Delegitimierung\u201c angesetzt und soll alle ausspionieren, die den Charakter der Regierungspolitik beim Namen nennen. W\u00fcrde er den Auftrag ernstnehmen, m\u00fc\u00dfte er zuerst die Regierung selbst unter die Lupe nehmen, denn die schlimmsten Extremisten und Delegitimierer sitzen dort.<\/p>\n<p>Die Leitmedien machen sich zu Komplizen. Die billige Hetze, die Spiegel, Focus, FAZ, S\u00fcddeutsche, Zeit und der gesamte \u00f6ffentlich-rechtliche Rundfunk gegen Ru\u00dfland und alle Kritiker der Sanktions- und Kriegspolitik verspr\u00fchen, verdient einfach nicht das Wort Journalismus. Auch diese Kundgebung wurde im Vorfeld von der FAZ diffamiert. Sie l\u00e4\u00dft am 14. September einen \u201eMichael Urban vom <strong>B\u00fcndnis Frankfurt for <\/strong><a href=\"https:\/\/www.faz.net\/aktuell\/politik\/thema\/ukraine\"><strong>Ukraine<\/strong><\/a><strong>\u201c<\/strong> zu Wort kommen: Dieser \u201eist sich sicher: Hinter\u201c dieser Kundgebung \u201esteckt ein Zusammenschluss aus Kreml-Unterst\u00fctzern und \u201eQuerdenkern&#8220;. \u201e Gleichzeitig werden russische Fernsehsender in der EU verboten, die Medienlandschaft ist weitgehend gleichgeschaltet.<\/p>\n<p>Es sind die gleichen Ideologen, die bei den v\u00f6lkerrechtswidrigen Aggressionen der NATO gegen Jugoslawien oder Libyen nichts von einem Angriffskrieg wissen wollten, sondern von einer \u201ehumanit\u00e4ren Intervention\u201c sprachen. Auf die Entgegnung, da\u00df das V\u00f6lkerrecht keine \u201ehumanit\u00e4re Intervention\u201c kennt, antworteten sie, da\u00df dann eben das V\u00f6lkerrecht ge\u00e4ndert werden m\u00fcsse. Es ist die Rache des Schicksals, da\u00df dieselben Leute jetzt dauernd die W\u00f6rter \u201eV\u00f6lkerrecht\u201c und \u201eAngriffskrieg\u201c im Mund f\u00fchren m\u00fcssen. Aber ihre Verlogenheit ist auch jetzt wieder bodenlos. Der grundlegende V\u00f6lkerrechtsbruch, mit dem die Souver\u00e4nit\u00e4t und territoriale Integrit\u00e4t der Ukraine zerst\u00f6rt wurde, war die westliche Unterst\u00fctzung und Anerkennung des Maidan-Putsches im Februar 2014. Die grundlegende Aggression war es, die ukrainischen Streitkr\u00e4fte gegen die Bev\u00f6lkerung des Donbass, die den verfassungsfeindlichen Putsch nicht akzeptierte, in Marsch zu setzen und unweit der russischen Grenze russischsprachige Menschen zu massakrieren. Ru\u00dfland hat bekanntlich acht Jahre lang auf Diplomatie gesetzt, um eine friedliche L\u00f6sung des Donbass-Konflikts zu f\u00f6rdern.<\/p>\n<p>Vor diesem Hintergrund gelange ich zu einer bestimmten \u00dcberzeugung, wie die russische Intervention in der Ukraine rechtlich, moralisch und historisch zu bewerten ist. Wie ich geh\u00f6rt habe, ist es hier heute Auflage, da\u00df ich diese \u00dcberzeugung nicht ausspreche. Da ich die Durchf\u00fchrung eurer Veranstaltung nicht gef\u00e4hrden will, halte ich mich ausnahmsweise daran. Normalerweise lasse ich mir von niemand das Aussprechen meiner \u00dcberzeugungen verbieten. Man verbietet sogar Symbole, darunter irrsinnigerweise den Buchstaben Z, und sch\u00e4ndlicherweise die Sowjetfahne, Symbol der Befreiung Deutschlands vom Faschismus, weil diese Symbole angeblich die \u201eBilligung eines Angriffskrieges\u201c zum Ausdruck br\u00e4chten, was angeblich nach deutschem Recht strafbar sei.<\/p>\n<p>Ich will hier dar\u00fcber informieren, da\u00df diese Verf\u00fcgungen und ihre juristische Rechtfertigung keine gesetzliche Grundlage haben. Denn der relevante \u00a7 13 im deutschen V\u00f6lkerstrafgesetzbuch \u201eVerbrechen der Aggression\u201c ist nach \u00a7 1 von der extraterritorialen G\u00fcltigkeit ausgenommen, d. h. ein Angriffskrieg, selbst wenn er wirklich einer w\u00e4re, der nicht von Deutschen gef\u00fchrt wird und nicht gegen Deutschland gef\u00fchrt wird, ist eben nicht strafbar. Und deshalb kann auch der Paragraph \u00fcber die Billigung von Straftaten keine Anwendung finden. So einfach ist das. Vom Grundrecht auf freie Meinungs\u00e4u\u00dferung ganz zu schweigen. Ich ermuntere alle Polizeibeamten, die solche uns\u00e4glichen Verbote umsetzen m\u00fcssen, zu remonstrieren. Fassen Sie sich ein Herz, verteidigen Sie die Rechte des Volkes, nicht die volksfeindliche Regierung!<\/p>\n<p>Eure Veranstaltung ist ein wichtiges Zeichen gegen den selbstm\u00f6rderischen Wahnsinn der deutschen Kriegs- und Sanktionspolitik, gegen den neuen Faschismus, und f\u00fcr Frieden und V\u00f6lkerfreundschaft!<\/p>\n<p>Ich bedanke mich f\u00fcr die Aufmerksamkeit und schlie\u00dfe mit der Forderung, die f\u00fcr den Deutschen Freidenker-Verband seit einigen Jahren zentrale Bedeutung hat:<\/p>\n<p>Deutschland: Raus aus der NATO! NATO: Raus aus Deutschland!<\/p>\n<p style=\"text-align: right;\"><em>Sebastian Bahlo ist Bundesvorsitzender des Deutschen Freidenker-Verbandes<\/em><\/p>\n<hr \/>\n<h5>Videos<\/h5>\n<p>Die Rede von Sebastian Bahlo wurde vom Benutzer &#8222;Aus der Zeit gefallen&#8220; mitgeschnitten:<\/p>\n<div class=\"jetpack-video-wrapper\"><span class=\"embed-youtube\" style=\"text-align:center; display: block;\"><iframe loading=\"lazy\" class=\"youtube-player\" width=\"800\" height=\"450\" src=\"https:\/\/www.youtube.com\/embed\/u3hRr1I8_Qc?version=3&#038;rel=1&#038;showsearch=0&#038;showinfo=1&#038;iv_load_policy=1&#038;fs=1&#038;hl=de-DE&#038;autohide=2&#038;wmode=transparent\" allowfullscreen=\"true\" style=\"border:0;\" sandbox=\"allow-scripts allow-same-origin allow-popups allow-presentation allow-popups-to-escape-sandbox\"><\/iframe><\/span><\/div>\n<p><span style=\"font-size: 10pt;\">Direktlink zum Video auf YouTube: <a href=\"https:\/\/www.youtube.com\/watch?v=u3hRr1I8_Qc\" target=\"_blank\" rel=\"noopener\">https:\/\/www.youtube.com\/watch?v=u3hRr1I8_Qc<\/a><\/span><\/p>\n<p>Weitere Videos von der Veranstaltung:<\/p>\n<ul>\n<li>L\u00e4ngeres Video (16:48 min) von der Demonstration von &#8222;Aus der Zeit gefallen&#8220;: <a href=\"https:\/\/www.youtube.com\/watch?v=sAzQvO8msZQ\" target=\"_blank\" rel=\"noopener\">https:\/\/www.youtube.com\/watch?v=sAzQvO8msZQ<\/a><\/li>\n<li>Playlist des Verbandes der Russlanddeutschen in Hessen: <a href=\"https:\/\/www.youtube.com\/watch?v=q_Bdm4ZPnA8&amp;list=PLG1CIPj3zKufWwrTWSlhTY6LxkcniF5h0\" target=\"_blank\" rel=\"noopener\">https:\/\/www.youtube.com\/watch?v=q_Bdm4ZPnA8&amp;list=PLG1CIPj3zKufWwrTWSlhTY6LxkcniF5h0<\/a><\/li>\n<li>darin ein Kurzvideo mit dem Transparent des Freidenker-Verbandes &#8222;Frieden mit Russland statt weiter in den 3. Weltkrieg&#8220;: <a href=\"https:\/\/www.youtube.com\/watch?v=i8epNhGvyXg\" target=\"_blank\" rel=\"noopener\">https:\/\/www.youtube.com\/watch?v=i8epNhGvyXg<\/a><\/li>\n<\/ul>\n<hr \/>\n<p><span style=\"font-size: 10pt;\">Bild oben: Sebastian Bahlo w\u00e4hrend seiner Rede<\/span><br \/>\n<span style=\"font-size: 10pt;\">Screenshot aus dem <a href=\"https:\/\/www.youtube.com\/watch?v=u3hRr1I8_Qc\" target=\"_blank\" rel=\"noopener\">Video von &#8222;Aus der Zeit gefallen&#8220;<\/a><\/span><\/p>\n","protected":false},"excerpt":{"rendered":"<p><b>Rede von Sebastian Bahlo<\/b> auf einer Kundgebung des Verbandes der Russlanddeutschen in Hessen in Frankfurt a.M. am 18.09.2022.<br \/>\nDie Politik der Bundesregierung ist irrational und wahnhaft, aber diese Charakterisierung ist noch nicht ausreichend: Man mu\u00df auch klar sagen, da\u00df sie verbrecherisch ist. Sie schadet Deutschland und der deutschen Bev\u00f6lkerung massiv, zu keinem erkennbaren Nutzen, es gibt nicht einmal eine ernstzunehmende Strategie f\u00fcr einen Ausweg aus der Wirtschaftskrise, und sie tr\u00e4gt mit dazu bei, da\u00df t\u00e4glich hunderte ukrainische Leben zynisch verheizt werden, da\u00df das ukrainische Regime weiterhin t\u00e4glich milit\u00e4risch nutzlose Terrorakte gegen die Zivilbev\u00f6lkerung des Donbass ver\u00fcbt, sie tr\u00e4gt dazu bei, uns in den Dritten Weltkrieg zu f\u00fchren, der ein Atomkrieg sein wird, in dem Deutschland vollst\u00e4ndig vernichtet werden kann. <\/p>\n","protected":false},"author":3,"featured_media":14214,"comment_status":"closed","ping_status":"closed","sticky":false,"template":"","format":"standard","meta":{"colormag_page_container_layout":"default_layout","colormag_page_sidebar_layout":"default_layout","advanced_seo_description":"","jetpack_seo_html_title":"","jetpack_seo_noindex":false,"jetpack_post_was_ever_published":false,"footnotes":""},"categories":[13],"tags":[411,433,159,335,339,395,222,719,639,1525],"class_list":["post-14209","post","type-post","status-publish","format-standard","has-post-thumbnail","hentry","category-frieden-antifaschismus-solidaritaet","tag-demonstration","tag-frankfurt-am-main","tag-freiheit","tag-frieden","tag-kriegspropaganda","tag-meinungsfreiheit","tag-russland","tag-sanktionen","tag-ukraine-konflikt","tag-waffenlieferungen"],"jetpack_featured_media_url":"https:\/\/i0.wp.com\/www.freidenker.org\/fw17\/wp-content\/uploads\/2022\/09\/bahlo_demo_fam_2022-09-18_800x450.jpg?fit=800%2C450&ssl=1","jetpack_shortlink":"https:\/\/wp.me\/p9stpK-3Hb","jetpack-related-posts":[{"id":24883,"url":"https:\/\/www.freidenker.org\/?p=24883","url_meta":{"origin":14209,"position":0},"title":"Osterm\u00e4rsche 2026 in Hessen","author":"Webredaktion","date":"18. April 2026","format":false,"excerpt":"Wir berichten von einigen Veranstaltungen anl\u00e4sslich der Osterm\u00e4rsche in Hessen, an denen auch zahlreiche Mitglieder unseres Verbandes teilnahmen und mitwirkten. Der traditionelle Start der Hessischen Osterm\u00e4rsche fand auch diesmal mit dem Ostermarsch der Friedenplattform Hanau 2026 am Karfreitag (3.4.26) in Bruchk\u00f6bel statt. Die Kundgebung begann um 14:00 Uhr und stand\u2026","rel":"","context":"In &quot;Aktuelles&quot;","block_context":{"text":"Aktuelles","link":"https:\/\/www.freidenker.org\/?cat=574"},"img":{"alt_text":"","src":"https:\/\/i0.wp.com\/www.freidenker.org\/fw17\/wp-content\/uploads\/2026\/04\/OM26-Frankfurt-133056_800x450.jpg?fit=800%2C450&ssl=1&resize=350%2C200","width":350,"height":200,"srcset":"https:\/\/i0.wp.com\/www.freidenker.org\/fw17\/wp-content\/uploads\/2026\/04\/OM26-Frankfurt-133056_800x450.jpg?fit=800%2C450&ssl=1&resize=350%2C200 1x, https:\/\/i0.wp.com\/www.freidenker.org\/fw17\/wp-content\/uploads\/2026\/04\/OM26-Frankfurt-133056_800x450.jpg?fit=800%2C450&ssl=1&resize=525%2C300 1.5x, https:\/\/i0.wp.com\/www.freidenker.org\/fw17\/wp-content\/uploads\/2026\/04\/OM26-Frankfurt-133056_800x450.jpg?fit=800%2C450&ssl=1&resize=700%2C400 2x"},"classes":[]},{"id":15375,"url":"https:\/\/www.freidenker.org\/?p=15375","url_meta":{"origin":14209,"position":1},"title":"Video: Die Friedensbewegung ist zur\u00fcck","author":"Webredaktion","date":"23. Februar 2023","format":false,"excerpt":"Rede und Kulturbeitrag von Diether Dehm auf der Kundgebung zur M\u00fcnchener Sicherheitskonferenz am 18.02.2023 Mit \u00fcber 20 000 Teilnehmern landete \u00a0die lager\u00fcbergreifende Friedenskundgebung zur M\u00fcnchner Sicherheitskonferenz einen super Erfolg. Mit Fug und Recht kann gesagt werden: Die Friedensbewegung ist zur\u00fcck! Diffamierungen im Vorfeld konnten die Mobilisierung nicht verhindern. Z\u00fcge fielen\u2026","rel":"","context":"In &quot;Frieden - Antifaschismus - Solidarit\u00e4t&quot;","block_context":{"text":"Frieden - Antifaschismus - Solidarit\u00e4t","link":"https:\/\/www.freidenker.org\/?cat=13"},"img":{"alt_text":"","src":"https:\/\/i0.wp.com\/www.freidenker.org\/fw17\/wp-content\/uploads\/2023\/02\/Dehm_in_Muenchen_800x450.jpg?fit=800%2C450&ssl=1&resize=350%2C200","width":350,"height":200,"srcset":"https:\/\/i0.wp.com\/www.freidenker.org\/fw17\/wp-content\/uploads\/2023\/02\/Dehm_in_Muenchen_800x450.jpg?fit=800%2C450&ssl=1&resize=350%2C200 1x, https:\/\/i0.wp.com\/www.freidenker.org\/fw17\/wp-content\/uploads\/2023\/02\/Dehm_in_Muenchen_800x450.jpg?fit=800%2C450&ssl=1&resize=525%2C300 1.5x, https:\/\/i0.wp.com\/www.freidenker.org\/fw17\/wp-content\/uploads\/2023\/02\/Dehm_in_Muenchen_800x450.jpg?fit=800%2C450&ssl=1&resize=700%2C400 2x"},"classes":[]},{"id":13991,"url":"https:\/\/www.freidenker.org\/?p=13991","url_meta":{"origin":14209,"position":2},"title":"Demo am 28.08. in Dessau: Schluss mit den Sanktionen, denn sie schaden uns selbst!","author":"Webredaktion","date":"18. August 2022","format":false,"excerpt":"Kundgebung Handwerker f\u00fcr den Frieden am Sonntag, den 28.08.2022 um 11 Uhr auf dem Marktplatz in Dessau Au\u00dfer den Wohlhabenden und den kriegsgeilen Wichtigtuern in der Politik gibt es ernsthaft wohl nur wenige Menschen hierzulande, die sich vorstellen k\u00f6nnen f\u00fcr den Krieg der NATO in der Ukraine hungern oder bis\u2026","rel":"","context":"In &quot;Frieden - Antifaschismus - Solidarit\u00e4t&quot;","block_context":{"text":"Frieden - Antifaschismus - Solidarit\u00e4t","link":"https:\/\/www.freidenker.org\/?cat=13"},"img":{"alt_text":"","src":"https:\/\/i0.wp.com\/www.freidenker.org\/fw17\/wp-content\/uploads\/2022\/08\/Friedensglocke_9_800x450.jpg?fit=800%2C450&ssl=1&resize=350%2C200","width":350,"height":200,"srcset":"https:\/\/i0.wp.com\/www.freidenker.org\/fw17\/wp-content\/uploads\/2022\/08\/Friedensglocke_9_800x450.jpg?fit=800%2C450&ssl=1&resize=350%2C200 1x, https:\/\/i0.wp.com\/www.freidenker.org\/fw17\/wp-content\/uploads\/2022\/08\/Friedensglocke_9_800x450.jpg?fit=800%2C450&ssl=1&resize=525%2C300 1.5x, https:\/\/i0.wp.com\/www.freidenker.org\/fw17\/wp-content\/uploads\/2022\/08\/Friedensglocke_9_800x450.jpg?fit=800%2C450&ssl=1&resize=700%2C400 2x"},"classes":[]},{"id":12267,"url":"https:\/\/www.freidenker.org\/?p=12267","url_meta":{"origin":14209,"position":3},"title":"M\u00fcnchen: Stoppt den Kriegskurs der NATO-Staaten","author":"Webredaktion","date":"22. Februar 2022","format":false,"excerpt":"Videos und Bilder vom Protest gegen die M\u00fcnchner \u201eSicherheitskonferenz\u201c 2022 Gegen die Kriegspropaganda der NATO Staaten und der EU demonstrierten am 19. Februar 2022\u00a0 \u00fcber 3000 Menschen in einer machtvollen Demonstration vom M\u00fcnchner Stachus zum Marienplatz. Dort fand die Abschlusskundgebung statt. Auch diesmal haben wieder viele Freidenker teilgenommen. Wir dokumentieren\u2026","rel":"","context":"In &quot;Frieden - Antifaschismus - Solidarit\u00e4t&quot;","block_context":{"text":"Frieden - Antifaschismus - Solidarit\u00e4t","link":"https:\/\/www.freidenker.org\/?cat=13"},"img":{"alt_text":"","src":"https:\/\/i0.wp.com\/www.freidenker.org\/fw17\/wp-content\/uploads\/2022\/02\/SIKO-Muenchen_6_800x450.jpg?fit=800%2C450&ssl=1&resize=350%2C200","width":350,"height":200,"srcset":"https:\/\/i0.wp.com\/www.freidenker.org\/fw17\/wp-content\/uploads\/2022\/02\/SIKO-Muenchen_6_800x450.jpg?fit=800%2C450&ssl=1&resize=350%2C200 1x, https:\/\/i0.wp.com\/www.freidenker.org\/fw17\/wp-content\/uploads\/2022\/02\/SIKO-Muenchen_6_800x450.jpg?fit=800%2C450&ssl=1&resize=525%2C300 1.5x, https:\/\/i0.wp.com\/www.freidenker.org\/fw17\/wp-content\/uploads\/2022\/02\/SIKO-Muenchen_6_800x450.jpg?fit=800%2C450&ssl=1&resize=700%2C400 2x"},"classes":[]},{"id":20568,"url":"https:\/\/www.freidenker.org\/?p=20568","url_meta":{"origin":14209,"position":4},"title":"Aufstehn f\u00fcr Frieden &#8211; Kundgebung am 28.12.2024 in Wiesbaden","author":"Webredaktion","date":"25. Dezember 2024","format":false,"excerpt":"Ein breites B\u00fcndnis von B\u00fcrgerinitiativen ruft zusammen mit der B\u00fcrgerzeitung KLARTEXT Rhein-Main auf zu einer\u00a0Kundgebung \"Aufstehn f\u00fcr den Frieden\" am 28.12.2024 ab\u00a014:30 Uhr an der\u00a0Clay-Kaserne Wiesbaden-Erbenheim. Sternfahrten ab ca. 11:00 Uhr von mehreren St\u00e4dten im Umkreis. Aus dem Aufruf: Unsere sieben Forderungen auf dem Weg zum Frieden: Konsequente Friedenspolitik Deutschlands\u2026","rel":"","context":"In &quot;Frieden - Antifaschismus - Solidarit\u00e4t&quot;","block_context":{"text":"Frieden - Antifaschismus - Solidarit\u00e4t","link":"https:\/\/www.freidenker.org\/?cat=13"},"img":{"alt_text":"","src":"https:\/\/i0.wp.com\/www.freidenker.org\/fw17\/wp-content\/uploads\/2024\/12\/Aufruf_Wiesbaden_2024-12-28_800x450.jpg?fit=800%2C450&ssl=1&resize=350%2C200","width":350,"height":200,"srcset":"https:\/\/i0.wp.com\/www.freidenker.org\/fw17\/wp-content\/uploads\/2024\/12\/Aufruf_Wiesbaden_2024-12-28_800x450.jpg?fit=800%2C450&ssl=1&resize=350%2C200 1x, https:\/\/i0.wp.com\/www.freidenker.org\/fw17\/wp-content\/uploads\/2024\/12\/Aufruf_Wiesbaden_2024-12-28_800x450.jpg?fit=800%2C450&ssl=1&resize=525%2C300 1.5x, https:\/\/i0.wp.com\/www.freidenker.org\/fw17\/wp-content\/uploads\/2024\/12\/Aufruf_Wiesbaden_2024-12-28_800x450.jpg?fit=800%2C450&ssl=1&resize=700%2C400 2x"},"classes":[]},{"id":16017,"url":"https:\/\/www.freidenker.org\/?p=16017","url_meta":{"origin":14209,"position":5},"title":"Befreiung vom Faschismus und Tag des Sieges 2023","author":"Webredaktion","date":"13. Mai 2023","format":false,"excerpt":"Wir dokumentieren - den Marsch des Unsterblichen Regiments am 07. Mai 2023 in Frankfurt am Main mit Kundgebung am Opernplatz und Demonstration zum R\u00f6merberg, Reden von Sebastian Bahlo (Text) und von Sergey Filbert (Video) - Bilder von der Gedenkstunde am 08.05.2023 zum Tag der Befreiung am Mahnmal f\u00fcr die Opfer\u2026","rel":"","context":"In &quot;Frieden - Antifaschismus - Solidarit\u00e4t&quot;","block_context":{"text":"Frieden - Antifaschismus - Solidarit\u00e4t","link":"https:\/\/www.freidenker.org\/?cat=13"},"img":{"alt_text":"","src":"https:\/\/i0.wp.com\/www.freidenker.org\/fw17\/wp-content\/uploads\/2023\/05\/TdB_2023_20230509_113616_800x450.jpg?fit=800%2C450&ssl=1&resize=350%2C200","width":350,"height":200,"srcset":"https:\/\/i0.wp.com\/www.freidenker.org\/fw17\/wp-content\/uploads\/2023\/05\/TdB_2023_20230509_113616_800x450.jpg?fit=800%2C450&ssl=1&resize=350%2C200 1x, https:\/\/i0.wp.com\/www.freidenker.org\/fw17\/wp-content\/uploads\/2023\/05\/TdB_2023_20230509_113616_800x450.jpg?fit=800%2C450&ssl=1&resize=525%2C300 1.5x, https:\/\/i0.wp.com\/www.freidenker.org\/fw17\/wp-content\/uploads\/2023\/05\/TdB_2023_20230509_113616_800x450.jpg?fit=800%2C450&ssl=1&resize=700%2C400 2x"},"classes":[]}],"_links":{"self":[{"href":"https:\/\/www.freidenker.org\/index.php?rest_route=\/wp\/v2\/posts\/14209","targetHints":{"allow":["GET"]}}],"collection":[{"href":"https:\/\/www.freidenker.org\/index.php?rest_route=\/wp\/v2\/posts"}],"about":[{"href":"https:\/\/www.freidenker.org\/index.php?rest_route=\/wp\/v2\/types\/post"}],"author":[{"embeddable":true,"href":"https:\/\/www.freidenker.org\/index.php?rest_route=\/wp\/v2\/users\/3"}],"replies":[{"embeddable":true,"href":"https:\/\/www.freidenker.org\/index.php?rest_route=%2Fwp%2Fv2%2Fcomments&post=14209"}],"version-history":[{"count":0,"href":"https:\/\/www.freidenker.org\/index.php?rest_route=\/wp\/v2\/posts\/14209\/revisions"}],"wp:featuredmedia":[{"embeddable":true,"href":"https:\/\/www.freidenker.org\/index.php?rest_route=\/wp\/v2\/media\/14214"}],"wp:attachment":[{"href":"https:\/\/www.freidenker.org\/index.php?rest_route=%2Fwp%2Fv2%2Fmedia&parent=14209"}],"wp:term":[{"taxonomy":"category","embeddable":true,"href":"https:\/\/www.freidenker.org\/index.php?rest_route=%2Fwp%2Fv2%2Fcategories&post=14209"},{"taxonomy":"post_tag","embeddable":true,"href":"https:\/\/www.freidenker.org\/index.php?rest_route=%2Fwp%2Fv2%2Ftags&post=14209"}],"curies":[{"name":"wp","href":"https:\/\/api.w.org\/{rel}","templated":true}]}}