{"id":14186,"date":"2022-09-20T21:21:10","date_gmt":"2022-09-20T19:21:10","guid":{"rendered":"https:\/\/www.freidenker.org\/?p=14186"},"modified":"2022-10-03T23:51:28","modified_gmt":"2022-10-03T21:51:28","slug":"der-mensch-schuf-gott-nach-seinem-bilde","status":"publish","type":"post","link":"https:\/\/www.freidenker.org\/?p=14186","title":{"rendered":"Der Mensch schuf Gott nach seinem Bilde"},"content":{"rendered":"<h5>Zum 150. Todestag Ludwig Feuerbachs<\/h5>\n<p><em>von <strong>Reinhold Brunner<\/strong><\/em><\/p>\n<p>Am 13. September 2022 j\u00e4hrte sich der Todestag von Ludwig Andreas Feuerbach zum 150. Male. Von 1859 bis zu seinem Tode 1872 lebte der Philosoph und Anthropologe im heutigen Stadtteil Rechenberg in N\u00fcrnberg. Seine Werke waren f\u00fcr die deutsche Philosophie und f\u00fcr die Aufkl\u00e4rung von au\u00dferordentlicher Bedeutung.<\/p>\n<p>In Landshut wurde er 1804 geboren, in M\u00fcnchen besuchte er die Elementarschule, in Bamberg die Oberprim\u00e4rschule und in Ansbach das Gymnasium Carolinum.<\/p>\n<p>Ludwig Feuerbach studierte in Heidelberg, Berlin und Erlangen.<\/p>\n<p>Im Internetauftritt der Uni Erlangen ist zu lesen:<\/p>\n<p style=\"padding-left: 40px;\"><em>\u201eIm Jahr 1828 promovierte und habilitierte sich Feuerbach an der Friedrich-Alexander-Universit\u00e4t in Philosophie und entwickelte sich zu einem der profiliertesten Vertreter des philosophischen Materialismus. Mit seiner Religionskritik \u00fcbte Feuerbach einen nachhaltigen Einfluss auf die Bewegung des Vorm\u00e4rz aus. Schlagartig bekannt ist er durch die Publikation seines Hauptwerks \u201eDas Wesen des Christentums\u201c geworden.\u00a0<\/em><\/p>\n<p style=\"padding-left: 40px;\"><em>Feuerbach gilt als Wegbereiter der marxistischen Philosophie.\u201c<\/em><\/p>\n<h5>Das Feuerbach Ehrenmal in N\u00fcrnberg<\/h5>\n<p>Freigeistige B\u00fcrger N\u00fcrnbergs, der N\u00fcrnberger Bund f\u00fcr Geistesfreiheit und der \u00a0Deutsche Monistenbund setzten sich f\u00fcr die Errichtung eines Ehrenmals zum Gedenken an Feuerbach ein, gegen den erbitterten Widerstand der Gro\u00dfkirchen, rechtskonservativer und faschistischer Organisationen. Sie beschafften die n\u00f6tigen finanziellen Mittel und beauftragten die Schaffung und Errichtung des Feuerbach-Kenotaphs am Rechenberg. 1930 wurde das Ehrenmal an die Stadt N\u00fcrnberg und den damaligen Oberb\u00fcrgermeister Hermann Luppe feierlich \u00fcbergeben.<\/p>\n<figure id=\"attachment_14188\" aria-describedby=\"caption-attachment-14188\" style=\"width: 768px\" class=\"wp-caption alignnone\"><img data-recalc-dims=\"1\" loading=\"lazy\" decoding=\"async\" data-attachment-id=\"14188\" data-permalink=\"https:\/\/www.freidenker.org\/?attachment_id=14188\" data-orig-file=\"https:\/\/i0.wp.com\/www.freidenker.org\/fw17\/wp-content\/uploads\/2022\/09\/Feuerbach_Denkmal_Nuernberg.jpg?fit=768%2C485&amp;ssl=1\" data-orig-size=\"768,485\" data-comments-opened=\"0\" data-image-meta=\"{&quot;aperture&quot;:&quot;0&quot;,&quot;credit&quot;:&quot;&quot;,&quot;camera&quot;:&quot;&quot;,&quot;caption&quot;:&quot;&quot;,&quot;created_timestamp&quot;:&quot;0&quot;,&quot;copyright&quot;:&quot;&quot;,&quot;focal_length&quot;:&quot;0&quot;,&quot;iso&quot;:&quot;0&quot;,&quot;shutter_speed&quot;:&quot;0&quot;,&quot;title&quot;:&quot;&quot;,&quot;orientation&quot;:&quot;1&quot;}\" data-image-title=\"Feuerbach_Denkmal_Nuernberg\" data-image-description=\"\" data-image-caption=\"\" data-large-file=\"https:\/\/i0.wp.com\/www.freidenker.org\/fw17\/wp-content\/uploads\/2022\/09\/Feuerbach_Denkmal_Nuernberg.jpg?fit=768%2C485&amp;ssl=1\" class=\"wp-image-14188 size-full\" src=\"https:\/\/i0.wp.com\/www.freidenker.org\/fw17\/wp-content\/uploads\/2022\/09\/Feuerbach_Denkmal_Nuernberg.jpg?resize=768%2C485&#038;ssl=1\" alt=\"\" width=\"768\" height=\"485\" srcset=\"https:\/\/i0.wp.com\/www.freidenker.org\/fw17\/wp-content\/uploads\/2022\/09\/Feuerbach_Denkmal_Nuernberg.jpg?w=768&amp;ssl=1 768w, https:\/\/i0.wp.com\/www.freidenker.org\/fw17\/wp-content\/uploads\/2022\/09\/Feuerbach_Denkmal_Nuernberg.jpg?resize=300%2C189&amp;ssl=1 300w\" sizes=\"auto, (max-width: 768px) 100vw, 768px\" \/><figcaption id=\"caption-attachment-14188\" class=\"wp-caption-text\"><span style=\"font-size: 10pt;\">Feuerbach-Denkmal N\u00fcrnberg (Foto: DFV N\u00fcrnberg)<\/span><\/figcaption><\/figure>\n<p>Das Denkmal enth\u00e4lt die Widmung: \u201eDem Freidenker Ludwig Feuerbach zum Ged\u00e4chtnis 1804\u20131872\u201c. Auf den L\u00e4ngsseiten sind zwei Zitate Feuerbachs angebracht: \u201eDer Mensch schuf Gott nach seinem Bilde\u201c und \u201eTue das Gute um des Menschen Willen\u201c.<\/p>\n<p>Nur kurze Zeit sp\u00e4ter, im Jahr 1933, zerst\u00f6rten faschistische Kulturbarbaren mit der Billigung ihres Oberb\u00fcrgermeisters Willy Liebel das Ehrenmal und vergruben den demolierten Steinblock.<\/p>\n<p>Nach der Befreiung vom Hitler-Faschismus wurde das arg zerschundene Denkmal im Bombentr\u00fcmmerschutt wiedergefunden. Der N\u00fcrnberger Stadtrat beschloss 1955, gegen die Stimmen von CSU und FDP sowie unter erheblichen Widerstand der Gro\u00dfkirchen, die Wiederherstellung und Errichtung am angestammten Platz. In der Folge war es h\u00e4ufig Ziel fundamentalistisch religi\u00f6ser und rechtsradikaler Angriffe.<\/p>\n<p>Der Platz rund um das Feuerbach-Kenotaph l wurde nun erfreulicherweise in einen angemessen ansehnlichen Zustand hergerichtet. Der Steinblock jedoch scheint dem Zerfall preisgegeben. Seine Inschriften sind kaum noch lesbar.<\/p>\n<p>Das Grab Ludwig Feuerbachs befindet sich auf dem N\u00fcrnberger Johannisfriedhof.<\/p>\n<h5>Feuerbach und Marx:\u00a0Religion ist Entfremdung des Menschen<\/h5>\n<p>Nach Feuerbach wird der religi\u00f6se Mensch, wenn er einmal verstanden hat, dass er die Gottesprojektion nicht ben\u00f6tigt, diesen Fehler nicht mehr machen und verwirklicht sein Mensch-Sein. Mit Marx gemeinsam ist Feuerbach der \u00dcberzeugung, dass der Mensch in Entfremdung lebt. Die Religion ist diese Entfremdung.<\/p>\n<p>Feuerbach bleibt nach Marx in reiner Theorie und zugleich in purer Abstraktion. Er kennt nur den Menschen als Einzelnen, nicht den Menschen im Allgemeinen. Im Gegensatz zu Feuerbach geht Marx den gesellschaftlichen Gr\u00fcnden dieser religi\u00f6sen Entfremdung nach.<\/p>\n<p>Nach Marx ist Religion das Opium, das dem entfremdeten Menschen hilft, seine Entfremdung zu ertragen. Wenn der Mensch sich von seiner sozialen und wirtschaftlichen Entfremdung befreit, f\u00e4llt Religion von ihm ab wie Schorf von einer Wunde.<\/p>\n<p style=\"text-align: right;\"><em>Reinhold Brunner ist Mitglied des Deutschen Freidenker-Verbandes, Ortsverband N\u00fcrnberg<\/em><\/p>\n<hr \/>\n<h5>Themenabend &#8222;Ludwig Feuerbachs Kritik des Christentums&#8220; in N\u00fcrnberg<\/h5>\n<p>Am 16. September 2022 fand in der Villa Leon in N\u00fcrnberg ein Themenabend des Ortsverbandes Franken\/N\u00fcrnberg des Deutschen Freidenker-Verbandes statt. Das Referat hielt <em><strong>Walter Schmid<\/strong><\/em>, Mitglied des <em>Deutschen Freidenker-Verbandes, Ortsverband N\u00fcrnberg<\/em><\/p>\n<p>In der <a href=\"https:\/\/www.freidenker.org\/fw17\/wp-content\/uploads\/2022\/09\/EINLADUNG-09-22-schmid.pdf\" target=\"_blank\" rel=\"noopener\">Einladung<\/a> zu der Veranstaltung hie\u00df es:<\/p>\n<p style=\"padding-left: 40px;\"><em>Ludwig Feuerbachs Werk Das Wesen des Christentums machte bereits kurz nach seinem Erscheinen 1841 Furore. Friedrich Engels sprach von einer &#8222;befreiende[n] Wirkung&#8220; des Buches und von allgemeiner Begeisterung: &#8222;Wir waren alle momentan Feuerbachianer.&#8220;<\/em><\/p>\n<p style=\"padding-left: 40px;\"><em>Feuerbach entwirft eine anthropologische, also auf den Menschen bezogene Theorie der Religion, speziell des Christentums. Der Mensch spricht Gott jene Eigenschaften zu (beispielsweise G\u00fcte und Liebe), die das wahre Wesen des Menschen ausmachen. Wenn der Mensch Gott anbetet, dann verehrt er in Wirklichkeit des Allgemein-Menschliche in fremder Gestalt. Also mu\u00df sich die menschliche Liebe zu Gott in eine Liebe zum Mitmenschen verwandeln, indem die Gottesvorstellung als entfremdete Liebe zum Allgemein-Menschlichen durchschaut wird.<\/em><\/p>\n<p><strong>Download des Referates von Walter Schmid<\/strong><\/p>\n<p><img data-recalc-dims=\"1\" loading=\"lazy\" decoding=\"async\" data-attachment-id=\"1076\" data-permalink=\"https:\/\/www.freidenker.org\/?attachment_id=1076\" data-orig-file=\"https:\/\/i0.wp.com\/www.freidenker.org\/fw17\/wp-content\/uploads\/2017\/10\/pdf_icon-2.png?fit=32%2C32&amp;ssl=1\" data-orig-size=\"32,32\" data-comments-opened=\"0\" data-image-meta=\"{&quot;aperture&quot;:&quot;0&quot;,&quot;credit&quot;:&quot;&quot;,&quot;camera&quot;:&quot;&quot;,&quot;caption&quot;:&quot;&quot;,&quot;created_timestamp&quot;:&quot;0&quot;,&quot;copyright&quot;:&quot;&quot;,&quot;focal_length&quot;:&quot;0&quot;,&quot;iso&quot;:&quot;0&quot;,&quot;shutter_speed&quot;:&quot;0&quot;,&quot;title&quot;:&quot;&quot;,&quot;orientation&quot;:&quot;0&quot;}\" data-image-title=\"pdf_icon\" data-image-description=\"\" data-image-caption=\"\" data-large-file=\"https:\/\/i0.wp.com\/www.freidenker.org\/fw17\/wp-content\/uploads\/2017\/10\/pdf_icon-2.png?fit=32%2C32&amp;ssl=1\" class=\"alignnone size-full wp-image-1076\" src=\"https:\/\/i0.wp.com\/www.freidenker.org\/fw17\/wp-content\/uploads\/2017\/10\/pdf_icon-2.png?resize=32%2C32&#038;ssl=1\" alt=\"\" width=\"32\" height=\"32\" \/>\u00a0Das <a href=\"https:\/\/www.freidenker.org\/fw17\/wp-content\/uploads\/2022\/09\/Ludwig-Feuerbach-Vortrag-in-Nuernberg.pdf\" target=\"_blank\" rel=\"noopener\">vollst\u00e4ndige Referat<\/a> kann hier angesehen oder heruntergeladen werden (PDF-Dokument, ca. 112 KB)<\/p>\n<hr \/>\n<p><span style=\"font-size: 10pt;\">Bild oben: Portr\u00e4tstich von Ludwig Feuerbach aus &#8222;Die Gartenlaube&#8220; 1872, Gemeinfrei<\/span><br \/>\n<span style=\"font-size: 10pt;\">Quelle: <a href=\"https:\/\/commons.wikimedia.org\/w\/index.php?curid=30808207\" target=\"_blank\" rel=\"noopener\">https:\/\/commons.wikimedia.org\/w\/index.php?curid=30808207<\/a><br \/>\nBearbeitung: Ralf Lux<\/span><\/p>\n","protected":false},"excerpt":{"rendered":"<p><b>Beitrag von Reinhold Brunner<\/b> und <b>Referat von Walter Schmid<\/b><br \/>\nAm 13. September 2022 j\u00e4hrt sich der Todestag von Ludwig Andreas Feuerbach zum 150. Male. Von 1859 bis zu seinem Tode 1872 lebte der Philosoph und Anthropologe im heutigen Stadtteil Rechenberg in N\u00fcrnberg. Seine Werke waren f\u00fcr die deutsche Philosophie und f\u00fcr die Aufkl\u00e4rung von au\u00dferordentlicher Bedeutung. In Landshut wurde er 1804 geboren, in M\u00fcnchen besuchte er die Elementarschule, in Bamberg die Oberprim\u00e4rschule und in Ansbach das Gymnasium Carolinum.\u00a0Ludwig Feuerbach studierte in Heidelberg, Berlin und Erlangen. &#8230; Schlagartig bekannt ist er durch die Publikation seines Hauptwerks \u201eDas Wesen des Christentums\u201c geworden.\u00a0Feuerbach gilt als Wegbereiter der marxistischen Philosophie.\u201c<\/p>\n","protected":false},"author":3,"featured_media":14193,"comment_status":"closed","ping_status":"closed","sticky":false,"template":"","format":"standard","meta":{"colormag_page_container_layout":"default_layout","colormag_page_sidebar_layout":"default_layout","advanced_seo_description":"","jetpack_seo_html_title":"","jetpack_seo_noindex":false,"jetpack_post_was_ever_published":false,"footnotes":""},"categories":[15,19,16],"tags":[1605,1576,534,924,496,560,1451,506,495,371,279],"class_list":["post-14186","post","type-post","status-publish","format-standard","has-post-thumbnail","hentry","category-religions-kirchenkritik","category-veranstaltungen-in-den-dfv-landesverbaenden","category-weltanschauung-philosophie","tag-denkmal","tag-entfremdung","tag-friedrich-engels","tag-gedenken","tag-karl-marx","tag-ludwig-feuerbach","tag-lv-bayern","tag-nuernberg","tag-philosophie","tag-religion","tag-religionskritik"],"jetpack_featured_media_url":"https:\/\/i0.wp.com\/www.freidenker.org\/fw17\/wp-content\/uploads\/2022\/09\/Ludwig_Andreas_Feuerbach_800x450.jpg?fit=800%2C450&ssl=1","jetpack_shortlink":"https:\/\/wp.me\/p9stpK-3GO","jetpack-related-posts":[{"id":1474,"url":"https:\/\/www.freidenker.org\/?p=1474","url_meta":{"origin":14186,"position":0},"title":"\u201eEin besseres Leben \u2013 nicht glauben, sondern schaffen!\u201c","author":"Webredaktion","date":"1. Dezember 2006","format":false,"excerpt":"Buchver\u00f6ffentlichung im Eigenverlag des Deutschen Freidenker-Verbandes e.V. Materialien des Symposiums aus Anlass des 200. Geburtstages am 24. Juli 2004 in N\u00fcrnberg Im einleitenden Beitrag unterstreicht der Bundesvorsitzende des DFV, Klaus Hartmann (Offenbach), die Verpflichtung des Deutschen Freidenker-Verbandes, als Weltanschauungsgemeinschaft das vern\u00fcnftige, humanistische und materialistische Denken als sein ureigenstes Erbe zu\u2026","rel":"","context":"In &quot;B\u00fccher des Verbandes&quot;","block_context":{"text":"B\u00fccher des Verbandes","link":"https:\/\/www.freidenker.org\/?cat=5"},"img":{"alt_text":"","src":"https:\/\/i0.wp.com\/www.freidenker.org\/fw17\/wp-content\/uploads\/2006\/12\/FD_Buch_2006_Feuerbach.jpg?fit=800%2C445&ssl=1&resize=350%2C200","width":350,"height":200,"srcset":"https:\/\/i0.wp.com\/www.freidenker.org\/fw17\/wp-content\/uploads\/2006\/12\/FD_Buch_2006_Feuerbach.jpg?fit=800%2C445&ssl=1&resize=350%2C200 1x, https:\/\/i0.wp.com\/www.freidenker.org\/fw17\/wp-content\/uploads\/2006\/12\/FD_Buch_2006_Feuerbach.jpg?fit=800%2C445&ssl=1&resize=525%2C300 1.5x, https:\/\/i0.wp.com\/www.freidenker.org\/fw17\/wp-content\/uploads\/2006\/12\/FD_Buch_2006_Feuerbach.jpg?fit=800%2C445&ssl=1&resize=700%2C400 2x"},"classes":[]},{"id":14621,"url":"https:\/\/www.freidenker.org\/?p=14621","url_meta":{"origin":14186,"position":1},"title":"Freidenker-Zitate zum Nachdenken","author":"Webredaktion","date":"7. November 2022","format":false,"excerpt":"Information zur Webseite \"Freidenker-Galerie\" von Rainer Ostendorf Die Freidenker Galerie zeigt in verschiedenen Themen-Galerien ber\u00fchmte Zitate und Spr\u00fcche von ber\u00fchmten Dichtern und Denkern zum Thema Leben - Zitate, Weisheiten, Aphorismen und Spr\u00fcche, die zum Nachdenken und Schmunzeln anregen. Sie finden in der Online-Galerie Zitate, lustige Spr\u00fcche und weise Spr\u00fcche von\u2026","rel":"","context":"In &quot;Religions- &amp; Kirchenkritik, S\u00e4kulare Szene&quot;","block_context":{"text":"Religions- &amp; Kirchenkritik, S\u00e4kulare Szene","link":"https:\/\/www.freidenker.org\/?cat=15"},"img":{"alt_text":"","src":"https:\/\/i0.wp.com\/www.freidenker.org\/fw17\/wp-content\/uploads\/2022\/11\/Leo-Tolstoi_800x450.jpg?fit=800%2C450&ssl=1&resize=350%2C200","width":350,"height":200,"srcset":"https:\/\/i0.wp.com\/www.freidenker.org\/fw17\/wp-content\/uploads\/2022\/11\/Leo-Tolstoi_800x450.jpg?fit=800%2C450&ssl=1&resize=350%2C200 1x, https:\/\/i0.wp.com\/www.freidenker.org\/fw17\/wp-content\/uploads\/2022\/11\/Leo-Tolstoi_800x450.jpg?fit=800%2C450&ssl=1&resize=525%2C300 1.5x, https:\/\/i0.wp.com\/www.freidenker.org\/fw17\/wp-content\/uploads\/2022\/11\/Leo-Tolstoi_800x450.jpg?fit=800%2C450&ssl=1&resize=700%2C400 2x"},"classes":[]},{"id":4943,"url":"https:\/\/www.freidenker.org\/?p=4943","url_meta":{"origin":14186,"position":2},"title":"Erich Wernig: Karl Marx","author":"Webredaktion","date":"24. M\u00e4rz 2018","format":false,"excerpt":"Beitrag von Erich Wernig. Zuerst ver\u00f6ffentlicht in FREIDENKER 2-1983, nachgedruckt in FREIDENKER 1-2018 Der Begr\u00fcnder des wissenschaftlichen Sozialismus wurde am 5. Mai 1818 in Trier geboren und starb am 14. M\u00e4rz 1883 in London. Der 165. Geburtstag und der 100. Todestag im Jahre 1983 waren Anla\u00df, und das wird mit\u2026","rel":"","context":"In &quot;Weltanschauung &amp; Philosophie&quot;","block_context":{"text":"Weltanschauung &amp; Philosophie","link":"https:\/\/www.freidenker.org\/?cat=16"},"img":{"alt_text":"","src":"https:\/\/i0.wp.com\/www.freidenker.org\/fw17\/wp-content\/uploads\/2018\/04\/marx_wernig.jpg?fit=800%2C445&ssl=1&resize=350%2C200","width":350,"height":200,"srcset":"https:\/\/i0.wp.com\/www.freidenker.org\/fw17\/wp-content\/uploads\/2018\/04\/marx_wernig.jpg?fit=800%2C445&ssl=1&resize=350%2C200 1x, https:\/\/i0.wp.com\/www.freidenker.org\/fw17\/wp-content\/uploads\/2018\/04\/marx_wernig.jpg?fit=800%2C445&ssl=1&resize=525%2C300 1.5x, https:\/\/i0.wp.com\/www.freidenker.org\/fw17\/wp-content\/uploads\/2018\/04\/marx_wernig.jpg?fit=800%2C445&ssl=1&resize=700%2C400 2x"},"classes":[]},{"id":15394,"url":"https:\/\/www.freidenker.org\/?p=15394","url_meta":{"origin":14186,"position":3},"title":"Leider wahr: Ukrainisches Getreide f\u00fcr spanische Edelschweine \u2013 Insekten f\u00fcr EU-B\u00fcrger","author":"Webredaktion","date":"26. Februar 2023","format":false,"excerpt":"Beitrag von Tom J. Wellbrock F\u00fcr Ludwig Feuerbach war das Essen die reinste Sinnlichkeit: \"Sinnlich ist der berauschende Wein, aber sinnlich ist auch das ern\u00fcchternde Wasser, sinnlich ist die \u00dcppigkeit und Schwelgerei ..., ... sinnlich ist die G\u00e4nseleberpastete, ..., aber sinnlich sind auch die Gerstenkl\u00f6\u00dfe und die schwarze Suppe spartanischer\u2026","rel":"","context":"In &quot;Arbeit &amp; Soziales&quot;","block_context":{"text":"Arbeit &amp; Soziales","link":"https:\/\/www.freidenker.org\/?cat=11"},"img":{"alt_text":"","src":"https:\/\/i0.wp.com\/www.freidenker.org\/fw17\/wp-content\/uploads\/2023\/02\/food-3348724_800x450.jpg?fit=800%2C450&ssl=1&resize=350%2C200","width":350,"height":200,"srcset":"https:\/\/i0.wp.com\/www.freidenker.org\/fw17\/wp-content\/uploads\/2023\/02\/food-3348724_800x450.jpg?fit=800%2C450&ssl=1&resize=350%2C200 1x, https:\/\/i0.wp.com\/www.freidenker.org\/fw17\/wp-content\/uploads\/2023\/02\/food-3348724_800x450.jpg?fit=800%2C450&ssl=1&resize=525%2C300 1.5x, https:\/\/i0.wp.com\/www.freidenker.org\/fw17\/wp-content\/uploads\/2023\/02\/food-3348724_800x450.jpg?fit=800%2C450&ssl=1&resize=700%2C400 2x"},"classes":[]},{"id":618,"url":"https:\/\/www.freidenker.org\/?p=618","url_meta":{"origin":14186,"position":4},"title":"Schwerpunktthema Religionskritik","author":"Webmaster","date":"1. Januar 1998","format":false,"excerpt":"Die Voraussetzung aller Kritik ist die Religionskritik nach Meinung von Karl Marx. Diesen Teil des Satzes aus der Einleitung Zur Kritik der Hegelschen Rechtsphilosophie unterschlagen des \u00f6fteren Diskussionspartner aus Kirchenkreisen: Sie zitieren nur den ersten Teil (unvollst\u00e4ndig), die Kritik der Religion ist beendet, habe der Herr Marx schlie\u00dflich verlautbart. Komplett\u2026","rel":"","context":"In &quot;Religions- &amp; Kirchenkritik, S\u00e4kulare Szene&quot;","block_context":{"text":"Religions- &amp; Kirchenkritik, S\u00e4kulare Szene","link":"https:\/\/www.freidenker.org\/?cat=15"},"img":{"alt_text":"","src":"https:\/\/i0.wp.com\/www.freidenker.org\/fw17\/wp-content\/uploads\/2016\/08\/petersdom-vatikan.jpg?fit=800%2C445&ssl=1&resize=350%2C200","width":350,"height":200,"srcset":"https:\/\/i0.wp.com\/www.freidenker.org\/fw17\/wp-content\/uploads\/2016\/08\/petersdom-vatikan.jpg?fit=800%2C445&ssl=1&resize=350%2C200 1x, https:\/\/i0.wp.com\/www.freidenker.org\/fw17\/wp-content\/uploads\/2016\/08\/petersdom-vatikan.jpg?fit=800%2C445&ssl=1&resize=525%2C300 1.5x, https:\/\/i0.wp.com\/www.freidenker.org\/fw17\/wp-content\/uploads\/2016\/08\/petersdom-vatikan.jpg?fit=800%2C445&ssl=1&resize=700%2C400 2x"},"classes":[]},{"id":18649,"url":"https:\/\/www.freidenker.org\/?p=18649","url_meta":{"origin":14186,"position":5},"title":"Verfassungsrechtler: Heuchlerische Aufarbeitung der Corona-Ma\u00dfnahmen von Politikern und Medien","author":"Webredaktion","date":"31. M\u00e4rz 2024","format":false,"excerpt":"Beitrag von Felicitas Rabe Der ehemalige nordrhein-westf\u00e4lische Ministerpr\u00e4sident Armin Laschet hofft, dass man die Spaltung der Gesellschaft nach der COVID-19-Pandemie \u00fcberwinden kann. Im Interview mit dem ZDF heute-journal erkl\u00e4rte er am Sonntag, in einer neuen Dialogkultur m\u00fcssten Politiker und Medien Fehler eingestehen und andere Meinungen respektieren. Das gelte nicht nur\u2026","rel":"","context":"In &quot;Demokratie \u2013 Medien \u2013 Aufkl\u00e4rung&quot;","block_context":{"text":"Demokratie \u2013 Medien \u2013 Aufkl\u00e4rung","link":"https:\/\/www.freidenker.org\/?cat=12"},"img":{"alt_text":"","src":"https:\/\/i0.wp.com\/www.freidenker.org\/fw17\/wp-content\/uploads\/2024\/03\/demo_magdeburg_rabe_800x450.jpg?fit=800%2C450&ssl=1&resize=350%2C200","width":350,"height":200,"srcset":"https:\/\/i0.wp.com\/www.freidenker.org\/fw17\/wp-content\/uploads\/2024\/03\/demo_magdeburg_rabe_800x450.jpg?fit=800%2C450&ssl=1&resize=350%2C200 1x, https:\/\/i0.wp.com\/www.freidenker.org\/fw17\/wp-content\/uploads\/2024\/03\/demo_magdeburg_rabe_800x450.jpg?fit=800%2C450&ssl=1&resize=525%2C300 1.5x, https:\/\/i0.wp.com\/www.freidenker.org\/fw17\/wp-content\/uploads\/2024\/03\/demo_magdeburg_rabe_800x450.jpg?fit=800%2C450&ssl=1&resize=700%2C400 2x"},"classes":[]}],"_links":{"self":[{"href":"https:\/\/www.freidenker.org\/index.php?rest_route=\/wp\/v2\/posts\/14186","targetHints":{"allow":["GET"]}}],"collection":[{"href":"https:\/\/www.freidenker.org\/index.php?rest_route=\/wp\/v2\/posts"}],"about":[{"href":"https:\/\/www.freidenker.org\/index.php?rest_route=\/wp\/v2\/types\/post"}],"author":[{"embeddable":true,"href":"https:\/\/www.freidenker.org\/index.php?rest_route=\/wp\/v2\/users\/3"}],"replies":[{"embeddable":true,"href":"https:\/\/www.freidenker.org\/index.php?rest_route=%2Fwp%2Fv2%2Fcomments&post=14186"}],"version-history":[{"count":0,"href":"https:\/\/www.freidenker.org\/index.php?rest_route=\/wp\/v2\/posts\/14186\/revisions"}],"wp:featuredmedia":[{"embeddable":true,"href":"https:\/\/www.freidenker.org\/index.php?rest_route=\/wp\/v2\/media\/14193"}],"wp:attachment":[{"href":"https:\/\/www.freidenker.org\/index.php?rest_route=%2Fwp%2Fv2%2Fmedia&parent=14186"}],"wp:term":[{"taxonomy":"category","embeddable":true,"href":"https:\/\/www.freidenker.org\/index.php?rest_route=%2Fwp%2Fv2%2Fcategories&post=14186"},{"taxonomy":"post_tag","embeddable":true,"href":"https:\/\/www.freidenker.org\/index.php?rest_route=%2Fwp%2Fv2%2Ftags&post=14186"}],"curies":[{"name":"wp","href":"https:\/\/api.w.org\/{rel}","templated":true}]}}