{"id":14182,"date":"2022-09-20T21:20:59","date_gmt":"2022-09-20T19:20:59","guid":{"rendered":"https:\/\/www.freidenker.org\/?p=14182"},"modified":"2022-10-03T23:51:20","modified_gmt":"2022-10-03T21:51:20","slug":"deutschland-im-fuehrungsrausch","status":"publish","type":"post","link":"https:\/\/www.freidenker.org\/?p=14182","title":{"rendered":"Deutschland im F\u00fchrungsrausch"},"content":{"rendered":"<p><em>Von <strong>Evelyn Hecht-Galinski<\/strong><\/em><\/p>\n<p><span style=\"font-size: 10pt;\">Erstver\u00f6ffentlichung am 13.09.2022 im Blog <a href=\"http:\/\/sicht-vom-hochblauen.de\/deutschland-im-fuehrungsrausch-von-evelyn-hecht-galinski\/\" target=\"_blank\" rel=\"noopener\">Sicht vom Hochblauen<\/a><\/span><\/p>\n<p>Es ist erschreckend, mit welcher Vehemenz Russland und Putin kriminalisiert und mit Hass \u00fcbersch\u00fcttet werden, w\u00e4hrend die Ukraine, dieser korrupte und faschistische Staat und sein Pr\u00e4sident als edles Bollwerk der Freiheit und Demokratie verkl\u00e4rt werden. Als AA Baerbock, die \u201cfeministische\u201d Au\u00dfenministerin mit gelber Designer-Jacke und \u201eHigh-Heels\u201c gestylt in den Sonderzug von Polen nach Kiew stieg, um ihrem Duzfreund \u201cDmytro\u201c Kuleba die Aufwartung zu machen, hatte sie zwar keine Panzer im Gep\u00e4ck, aber ihre \u201euneingeschr\u00e4nkte Hilfe\u201c, auf die sich die Ukraine weiter verlassen k\u00f6nne. Schon am 31. August hatte sie in Prag folgende S\u00e4tze von sich gegeben: \u201cWenn ich als Politiker ein Versprechen gebe, gibt es in der Demokratie zum Gl\u00fcck die M\u00f6glichkeit, dass die Leute, die anderer Meinung sind als ich, in vier Jahren sagen: Nun, du hast uns nicht die Wahrheit gesagt. Aber wenn ich den Menschen in der Ukraine zugleich das Versprechen gegeben habe: Wir stehen an eurer Seite, solange ihr uns braucht \u2013 dann m\u00f6chte ich es einl\u00f6sen, egal, was meine deutschen W\u00e4hler denken.\u201d (1)(2)<\/p>\n<h5>Deutsche W\u00e4hler und die B\u00fcrger unseres Landes sind zweitrangig<\/h5>\n<p>Damit hat sie bewiesen, dass ihre deutschen W\u00e4hler und die B\u00fcrger unseres Landes zweitrangig f\u00fcr sie sind vor ukrainischen Interessen. Weder ist der Satz \u201eaus dem Zusammenhang gerissen\u201c, wie uns die eilfertigen Mainstream-Medien weismachen wollen. Jeder kann ihn im Original so h\u00f6ren wie er gesagt wurde. Sogar in den USA erregte diese unversch\u00e4mte Aussage Aufsehen, verlinktes Video dazu unten. Dass Baerbock wie ihre gr\u00fcnen, roten sowie gelben Ampelkollegen transatlantische Vasallen sind, haben sie uns schon zur Gen\u00fcge bewiesen, auch dass ihre \u201cfeministische\u201c Au\u00dfenpolitik nicht viel von Frieden, aber umso mehr von Krieg und plumper Anbiederung h\u00e4lt. Aber dass eine Politikerin so offen zeigt, dass sie deutsche W\u00e4hler geradezu verachtet, machte selbst die US-amerikanischen Moderatoren staunen und beweist einmal mehr ihre Unf\u00e4higkeit als oberste Diplomatin f\u00fcr diesen Posten. Sie hat es sogar geschafft, ihren Vorg\u00e4nger im Amt, den \u201cAuschwitzminister\u201d Maas, noch in sch\u00e4ndlicher und Deutschland sch\u00e4digender Au\u00dfenpolitik zu \u00fcbertrumpfen.<\/p>\n<p>Geradezu gruselig war ihre Bekr\u00e4ftigung von Deutschlands F\u00fchrungsanspruch an der Seite der USA in der Welt anl\u00e4sslich ihrer Grundsatzrede in New York. F\u00fcr viele Europ\u00e4er muss das ein D\u00e9j\u00e0-vu gewesen sein \u2013 f\u00fcr alle, die Deutschland als \u201cF\u00fchrermacht\u201d noch gut in Erinnerung haben. \u201eAm deutschen Wesen soll die Welt genesen\u201c (Emanuel Geibel)<\/p>\n<h5>China im Visier<\/h5>\n<p>Neben Russland hat Baerbock auch schon China im Visier f\u00fcr ihre Vernichtungsphantasien. In einem hervorragenden Artikel in der F.A.Z. schreibt Stefan Weidner \u00fcber Baerbocks Au\u00dfenpolitik, wie sie \u201cim brodelnden Kielwasser von Pelosis provokanter Taiwanreise einen Vergleich von Chinas Taiwanpolitik mit dem russischen Krieg gegen die Ukraine \u201c. Wie Weidner richtig feststellt, \u201everga\u00df\u201c diese unwissende Diplomatin dabei allerdings die UN-Resolution 2758 (25. Oktober 1971), worin die Ein-China-Vertretung festgestellt ist, demzufolge neben Festlandchina mit Macau und Hongkong auch Taiwan zur Volksrepublik China geh\u00f6rt. Damit liegt China n\u00e4her am V\u00f6lkerrecht als diese unf\u00e4hige Au\u00dfenministerin, die doch angeblich \u201evom V\u00f6lkerrecht kommt\u201c. (3)<\/p>\n<h5>St\u00e4rkeres Bem\u00fchen um deutsche \u201cF\u00fchrungsst\u00e4rke\u201d<\/h5>\n<p>Anl\u00e4sslich eines Treffens mit deutschen Botschaftern im Ausland rief Baerbock dazu auf, gegen \u201cfalsche Narrative und \u201cFake News\u201d aus Moskau vorzugehen. Wie eine Drohung wirkte auch ihre Ank\u00fcndigung, ein st\u00e4rkeres Bem\u00fchen um deutsche \u201cF\u00fchrungsst\u00e4rke\u201d in der EU und weltweit einzufordern. Mir lief es eiskalt den R\u00fccken herunter, als sie die neue Phase der deutschen Au\u00dfenpolitik beschrieb, die gekennzeichnet war von der Nachkriegszeit durch \u201cBitten und Verzeihung\u201d, sp\u00e4ter zu \u201cRuhe und Verl\u00e4sslichkeit\u201d und nun zu einer \u201cregelbasierten internationalen Ordnung\u201d \u00fcbergehen m\u00fcsse in der Deutschland bereit sei Verantwortung in einer F\u00fchrungsrolle zu \u00fcbernehmen. Neben ihrer Chinastrategie ging es auch um den UN-Einsatz in Mali, um \u201enicht russischen Sicherheitskr\u00e4ften den Einfluss\u201c zu \u00fcberlassen. \u201cWir gehen nicht einfach bei den ersten Schwierigkeiten raus, wir tragen Verantwortung\u201d. Wie die aussieht, erleben jetzt gerade viele afghanische B\u00fcrger, die immer noch darauf warten, nach Deutschland ausgeflogen zu werden, nachdem sie f\u00fcr Deutschland ihren Dienst verrichtet hatten und nun nicht mehr gebraucht werden.<\/p>\n<h5>\u201cRegelbasierte Ordnung\u201d<\/h5>\n<p>Mit dem V\u00f6lkerrecht nimmt es Deutschland nicht so genau, denn das wird je nach Pr\u00e4ferenz durch die \u201cRegelbasierte Ordnung\u201c, die nur die Interessen der USA\/Nato bedient, ersetzt. Geht es z.B. um den \u201cj\u00fcdischen Staat\u201d, dann konnte man am Montag w\u00e4hrend einer Pressekonferenz mit dem israelischen Ministerpr\u00e4sidenten Lapid und Kanzler Scholz erleben, dass israelische Verst\u00f6\u00dfe gegen das V\u00f6lkerrecht nicht zum Thema gemacht wurden, sondern nur \u201cstrategische Partnerschaft\u201d, Jugendaustausch, Antisemitismus und Holocaust. Was war dazu besser geeignet, als auf Abbas \u201cherumzutrampeln\u201d und ihn als S\u00fcndenbock zu brandmarken. Kein Wort von Scholz \u00fcber die fast t\u00e4glichen israelischen Morde an jungen Pal\u00e4stinensern, kein Wort \u00fcber die illegalen Angriffe der j\u00fcdischen \u201cVerteidigungsluftwaffe\u201d gegen Syrien. Wir erlebten eine Stunde der zionistischen Propaganda durch Lapid. Man sp\u00fcrte f\u00f6rmlich, dass ein israelischer Angriff gegen Iran in der Luft liegt. Diese Pressekonferenz war eine sch\u00e4ndliche f\u00fcr jeden, der sich f\u00fcr die Freiheit Pal\u00e4stinas einsetzt. Sie war ein Paradebeispiel f\u00fcr ausgesucht-weichgesp\u00fclte Journalisten-Fragen anstelle von sauberem Journalismus. Es war die Stunde der heuchelnden deutsch-israelischen Politik. (4)<\/p>\n<p>Baerbock und all die anderen Macht- und kriegsgeilen, vernichtungswilligen Politiker geh\u00f6ren in die Reihen ihrer Vorg\u00e4nger, die wir schon einmal hatten: \u201cDenn heute geh\u00f6rt uns Deutschland und morgen die ganze Welt\u201d.<\/p>\n<h5>An der Schwelle zur neuen Ordnung<\/h5>\n<p>Auch der SPD- Parteivorsitzende Lars Klingbeil hatte im Juni in seiner Grundsatzrede get\u00f6nt, \u201cDeutschland muss den Anspruch einer F\u00fchrungsmacht haben\u201d und stellte hohe Erwartungen an eine neue Realit\u00e4t, in der die Welt an der Schwelle zu einer neuen globalen Ordnung, einer globalen Zeitenwende steht, in der er Deutschland als wichtige F\u00fchrungsmacht sieht.<\/p>\n<h5>Milit\u00e4rische F\u00fchrungsrolle<\/h5>\n<p>Ebenfalls am ereignisreichen Montag hielt \u201cKriegsministerin\u201d Lambrecht eine Grundsatzrede zur geplanten Nationalen Sicherheitsstrategie der Bundesregierung, in der sie nicht nur die Erh\u00f6hung der R\u00fcstungsausgaben als \u201efundamentale Existenzsicherung\u201c, sowie eine nukleare Teilhabe forderte, sondern auch eine milit\u00e4rische F\u00fchrungsrolle Deutschlands \u201e lassen Sie uns Deutsche ehrgeizig sein\u201cund mehr Einsatz f\u00fcr die Nato- Verteidigung. Sie war schlie\u00dflich am Donnerstag auf der US-Luftwaffenbasis in Ramstein, der gr\u00f6\u00dften US- Air-Base au\u00dferhalb der USA, wo sie an einem Treffen von 52 \u201cKriegsministern\u201d zahlreicher Nato-Staaten und weiterer L\u00e4nder zusammenkam, um haupts\u00e4chlich \u00fcber weitere finanzielle und milit\u00e4rische Unterst\u00fctzung der Ukraine zu entscheiden. Deutschland will zusammen mit den Niederlanden bei der R\u00e4umung von Minen helfen, technische Ausr\u00fcstung liefern, sowie die Ausbildung von ukrainischen Soldaten fortf\u00fchren. Zu dieser sog. Ukraine-Kontaktgruppe, zu der neben den USA, Gro\u00dfbritannien und Deutschland geh\u00f6ren, hatte US- \u201cKriegsminister\u201d Lloyd Austin geladen. Allerdings tagte man, und das fiel mir direkt auf, nur unter den Flaggen der USA und der Ukraine! Die deutsche Flagge war nicht vertreten, soweit reichte die \u201ctransatlantische Freundschaft\u201d der USA gegen\u00fcber Vasallen Deutschland dann doch nicht. Es scheint, als ob Deutschland immer noch ein besetztes Land ist, auch wenn am Sonntag die neue US-Botschafterin in Deutschland, Amy Guttmann, eine deutsche F\u00fchrungsrolle in der EU forderte und die \u201cenge Zusammenarbeit\u00a0mit Deutschland in der Ukraine-Krise gelobt hatte, und weiter eine dauerhafte F\u00fchrungsverantwortung Deutschlands als \u201cst\u00e4rkste Wirtschaftsmacht\u201d in Europa anmahnte. (5)(6)<\/p>\n<h5>\u201cF\u00fchrungsrolle\u201d unter \u201csouver\u00e4ner F\u00fchrung\u201d eines US-Vasallen<\/h5>\n<p>Wie diese \u201cF\u00fchrungsrolle\u201c aussieht, daran erinnere ich mich noch gut, als Kanzler Scholz w\u00e4hrend seines US- Antrittsbesuchs bei US-Pr\u00e4sident Biden wie ein begossener Pudel hinter Biden lief, und der ihm g\u00f6nnerhaft auf die Schulter klopfte, und den Stopp von Nordstream 2 verk\u00fcndete, sollte Russland die Ukraine angreifen, und Scholz das stumm neben ihm stehend hingenommen hat. Soviel zu \u201csouver\u00e4ner F\u00fchrung\u201d eines US-Vasallen.<\/p>\n<h5>B\u00fcndnis Deutschland-Russland mit allen Mitteln verhindern<\/h5>\n<p>Dank der auf transatlantischem Kurs getrimmten Medien haben es die Deutschen immer noch nicht gemerkt, dass es nicht um \u201eMenschenrechte\u201c geht, sondern dass dieser Wirtschaftskrieg nur im Interesse der USA gef\u00fchrt wird, deren Milit\u00e4risch-Industrielle Komplex immens davon profitiert. Und Selenskyj ist einer der willigen Vollstrecker des im US-Auftrag geplanten Kriegs, der vor allem Russland als Konkurrenten ausschalten soll und als Hauptziel von Stratfor, ein B\u00fcndnis Deutschland-Russland mit allen Mitteln zu verhindern. (7)<\/p>\n<p>Zur Erinnerung: die ganzen von Nazi-Deutschland besetzten Ost-L\u00e4nder, die gegen Russland k\u00e4mpften sind heute wieder in der Nato vereint, um Russland zu ruinieren, 27 Millionen Tote warnen uns.<\/p>\n<h5>Folgen des kriegerischen F\u00fchrungsrausches<\/h5>\n<p>Wir aber sind die Leidtragenden dieses Krieges und sp\u00fcren immer mehr die Folgen dieses kriegerischen F\u00fchrungsrausches. Da helfen keine Phrasen \u00e1 la \u201ewe never walk alone\u201d oder gr\u00fcne \u201cM\u00e4rchenminister\u201d, wenn im Herbst die Lichter ausgehen, das gro\u00dfe Firmensterben kommt, der Waschlappen zum Einsatz und der dicke Mantel zum \u201cWohnstandard\u201d geh\u00f6ren wird. Sport ist gestrichen, da Sporthallen zweckentfremdet f\u00fcr Ukrainer gebraucht werden. Tats\u00e4chlich sind Demonstrationen von betroffenen B\u00fcrgern zu erwarten, nicht von Extremisten, sondern von Leidtragenden, von Vergessenen. Die haben nichts von den blumigen Ank\u00fcndigungen bis 2045 \u201cklimaneutral\u201d und von Russland-autark zu sein, sondern die leben wie wir alle in JETZT, und diese Gegenwart sieht nicht gr\u00fcn, sondern ziemlich d\u00fcster aus. Wenn die Inflation trotz aller Berechnungen noch mehr ansteigt, wenn Firmen, wie schon nach der Corona Pandemie die Preisschraube noch mehr drehen, wenn die Milliarden Hilfsgelder und Waffen f\u00fcr die Ukraine immer gr\u00f6\u00dfere L\u00f6cher in deutsche und EU- Haushalte rei\u00dfen. Dies ist eine zerst\u00f6rerische Politik, und Sanktionen, die nur uns schaden.<\/p>\n<h5>Faschistische und korrupte Ukraine<\/h5>\n<p>Ich kann es nur wiederholen: weder unsere Freiheit, unsere Werte und Europa wird am Hindukusch und nicht in der faschistischen und korrupten Ukraine verteidigt, die Todeslisten aufstellt, ohne dass unsere Regierung reagiert. Das ist sch\u00e4ndlich!<\/p>\n<h5>Unsere Freiheit hier, die es sich lohnt zu verteidigen<\/h5>\n<p>Ich habe Angst um unsere Freiheit hier und jetzt, die es sich lohnt zu verteidigen. Ich habe keine Angst, meine Meinung zu vertreten, und gegen alle Widerst\u00e4nde, und diesen Grundsatz verfolge ich in Sachen Pal\u00e4stina und zu Russland\/Ukraine.<\/p>\n<h5>Die Lage in Deutschland ist dramatisch<\/h5>\n<p>Die Lage in Deutschland ist dramatisch, die St\u00e4dte und Kommunen sind verzweifelt \u00fcber den ungez\u00fcgelten Ansturm von ukrainischen Fl\u00fcchtlingen, aktuell 1 Million, mit steigender Tendenz die eine \u201d Luxus-Sonderbehandlung\u201d ohnegleichen erfahren, von der viele Deutsche und vor allem die \u201enicht so wie wir aussehenden\u201c Fl\u00fcchtlinge nur tr\u00e4umen k\u00f6nnen. Deutschland im F\u00fchrungsrausch, Deutschland im Kriegsrausch? Nein danke!<\/p>\n<p style=\"text-align: right;\"><em>Evelyn Hecht-Galinski, Tochter des ehemaligen Zentralratsvorsitzenden der Juden in Deutschland, Heinz Galinski, ist Publizistin und Autorin<\/em><\/p>\n<h5><strong>AN DIE NACHGEBORENEN<\/strong><\/h5>\n<p><strong>Von Bertolt Brecht<\/strong><\/p>\n<p>I<\/p>\n<p>Wirklich, ich lebe in finsteren Zeiten!<br \/>\nDas arglose Wort ist t\u00f6richt. Eine glatte Stirn<br \/>\nDeutet auf Unempfindlichkeit hin. Der Lachende<br \/>\nHat die furchtbare Nachricht<br \/>\nNur noch nicht empfangen.<br \/>\nWas sind das f\u00fcr Zeiten, wo<br \/>\nEin Gespr\u00e4ch \u00fcber B\u00e4ume fast ein Verbrechen ist<br \/>\nWeil es ein Schweigen \u00fcber so viele Untaten einschlie\u00dft!<br \/>\nDer dort ruhig \u00fcber die Stra\u00dfe geht<br \/>\nIst wohl nicht mehr erreichbar f\u00fcr seine Freunde<br \/>\nDie in Not sind?<br \/>\nEs ist wahr: ich verdiene noch meinen Unterhalt<br \/>\nAber glaubt mir: das ist nur ein Zufall. Nichts<br \/>\nVon dem, was ich tue, berechtigt mich dazu, mich satt zu essen.<br \/>\nZuf\u00e4llig bin ich verschont. (Wenn mein Gl\u00fcck aussetzt<br \/>\nBin ich verloren.)<br \/>\nMan sagt mir: i\u00df und trink du! Sei froh, da\u00df du hast!<br \/>\nAber wie kann ich essen und trinken, wenn<br \/>\nIch es dem Hungernden entrei\u00dfe, was ich esse, und<br \/>\nMein Glas Wasser einem Verdurstenden fehlt?<br \/>\nUnd doch esse und trinke ich.<br \/>\nIch w\u00e4re gerne auch weise<br \/>\nIn den alten B\u00fcchern steht, was weise ist:<br \/>\nSich aus dem Streit der Welt halten und die kurze Zeit<br \/>\nOhne Furcht verbringen<br \/>\nAuch ohne Gewalt auskommen<br \/>\nB\u00f6ses mit Gutem vergelten<br \/>\nSeine W\u00fcnsche nicht erf\u00fcllen, sondern vergessen<br \/>\nGilt f\u00fcr weise.<br \/>\nAlles das kann ich nicht:<br \/>\nWirklich, ich lebe in finsteren Zeiten!<\/p>\n<p>II<\/p>\n<p>In die St\u00e4dte kam ich zu der Zeit der Unordnung<br \/>\nAls da Hunger herrschte.<br \/>\nUnter die Menschen kam ich zu der Zeit des Aufruhrs<br \/>\nUnd ich emp\u00f6rte mich mit ihnen.<br \/>\nSo verging meine Zeit<br \/>\nDie auf Erden mir gegeben war.<br \/>\nMein Essen a\u00df ich zwischen den Schlachten<br \/>\nSchlafen legt ich mich unter die M\u00f6rder<br \/>\nDer Liebe pflegte ich achtlos<br \/>\nUnd die Natur sah ich ohne Geduld.<br \/>\nSo verging meine Zeit<br \/>\nDie auf Erden mir gegeben war.<br \/>\nDie Stra\u00dfen f\u00fchrten in den Sumpf zu meiner Zeit<br \/>\nDie Sprache verriet mich dem Schl\u00e4chter<br \/>\nIch vermochte nur wenig. Aber die Herrschenden<br \/>\nSa\u00dfen ohne mich sicherer, das hoffte ich.<br \/>\nSo verging meine Zeit<br \/>\nDie auf Erden mir gegeben war.<br \/>\nDie Kr\u00e4fte waren gering. Das Ziel<br \/>\nLag in gro\u00dfer Ferne<br \/>\nEs war deutlich sichtbar, wenn auch f\u00fcr mich<br \/>\nKaum zu erreichen.<br \/>\nSo verging meine Zeit<br \/>\nDie auf Erden mir gegeben war.<\/p>\n<p>III<\/p>\n<p>Ihr, die ihr auftauchen werdet aus der Flut<br \/>\nIn der wir untergegangen sind<br \/>\nGedenkt<br \/>\nWenn ihr von unseren Schw\u00e4chen sprecht<br \/>\nAuch der finsteren Zeit<br \/>\nDer ihr entronnen seid.<br \/>\nGingen wir doch, \u00f6fter als die Schuhe die L\u00e4nder wechselnd<br \/>\nDurch die Kriege der Klassen, verzweifelt<br \/>\nWenn da nur Unrecht war und keine Emp\u00f6rung.<br \/>\nDabei wissen wir ja:<br \/>\nAuch der Ha\u00df gegen die Niedrigkeit<br \/>\nVerzerrt die Z\u00fcge.<br \/>\nAuch der Zorn \u00fcber das Unrecht<br \/>\nMacht die Stimme heiser. Ach, wir<br \/>\nDie wir den Boden bereiten wollten f\u00fcr Freundlichkeit<br \/>\nKonnten selber nicht freundlich sein.<br \/>\nIhr aber, wenn es soweit sein wird<br \/>\nDa\u00df der Mensch dem Menschen ein Helfer ist<br \/>\nGedenkt unsrer<br \/>\nMit Nachsicht.<\/p>\n<p>&nbsp;<\/p>\n<p><strong>Fu\u00dfnoten:<\/strong><\/p>\n<p>(1) <a href=\"https:\/\/www.heise.de\/tp\/features\/egal-was-meine-deutschen-Waehler-denken-7251576.html?view=print\">https:\/\/www.heise.de\/tp\/features\/egal-was-meine-deutschen-Waehler-denken-7251576.html?view=print<\/a><br \/>\n(2) <a class=\"youtube responsive_lightbox\" href=\"https:\/\/www.youtube.com\/embed\/buvztavdd6Y\">https:\/\/www.youtube.com\/watch?v=buvztavdd6Y<\/a><br \/>\n(3) <a href=\"https:\/\/www.faz.net\/aktuell\/feuilleton\/debatten\/baerbock-bei-goethe-institut-ukraine-sei-wichtiger-als-andere-laender-18308674.html\">https:\/\/www.faz.net\/aktuell\/feuilleton\/debatten\/baerbock-bei-goethe-institut-ukraine-sei-wichtiger-als-andere-laender-18308674.html<\/a><br \/>\n(4) <a href=\"https:\/\/rp-online.de\/politik\/deutschland\/lapid-lobt-verhalten-von-scholz-nach-abbas-eklat_aid-76644193\">https:\/\/rp-online.de\/politik\/deutschland\/lapid-lobt-verhalten-von-scholz-nach-abbas-eklat_aid-76644193<\/a><br \/>\n(5) <a href=\"https:\/\/www.nachdenkseiten.de\/?p=87976\">https:\/\/www.nachdenkseiten.de\/?p=87976<\/a><br \/>\n(6) <a href=\"https:\/\/www.bmvg.de\/de\/themen\/dossiers\/die-nato-staerke-und-dialog\">https:\/\/www.bmvg.de\/de\/themen\/dossiers\/die-nato-staerke-und-dialog<\/a><br \/>\n(7) <a class=\"youtube responsive_lightbox\" href=\"https:\/\/www.youtube.com\/embed\/gcj8xN2UDKc\">https:\/\/www.youtube.com\/watch?v=gcj8xN2UDKc<\/a><\/p>\n<hr \/>\n<p><span style=\"font-size: 10pt;\">Bild: US-Au\u00dfenminister Blinken und die deutsche Au\u00dfenministerin Annalena Baerbock auf einer Pressekonferenz in Washington am 05.01.2022<\/span><br \/>\n<span style=\"font-size: 10pt;\">Foto: U.S. Department of State from United States, Gemeinfrei<\/span><br \/>\n<span style=\"font-size: 10pt;\">Quelle: <a href=\"https:\/\/commons.wikimedia.org\/w\/index.php?curid=114026537\" target=\"_blank\" rel=\"noopener\">https:\/\/commons.wikimedia.org\/w\/index.php?curid=114026537<\/a><\/span><\/p>\n","protected":false},"excerpt":{"rendered":"<p><b>Beitrag von Evelyn Hecht-Galinski<\/b><br \/>\nEs ist erschreckend, mit welcher Vehemenz Russland und Putin kriminalisiert und mit Hass \u00fcbersch\u00fcttet werden, w\u00e4hrend die Ukraine, dieser korrupte und faschistische Staat und sein Pr\u00e4sident als edles Bollwerk der Freiheit und Demokratie verkl\u00e4rt werden. Als AA Baerbock, die \u201cfeministische\u201d Au\u00dfenministerin mit gelber Designer-Jacke und \u201eHigh-Heels\u201c gestylt in den Sonderzug von Polen nach Kiew stieg, um ihrem Duzfreund \u201cDmytro\u201c Kuleba die Aufwartung zu machen, hatte sie zwar keine Panzer im Gep\u00e4ck, aber ihre \u201euneingeschr\u00e4nkte Hilfe\u201c, auf die sich die Ukraine weiter verlassen k\u00f6nne. <\/p>\n","protected":false},"author":3,"featured_media":14183,"comment_status":"closed","ping_status":"closed","sticky":false,"template":"","format":"standard","meta":{"colormag_page_container_layout":"default_layout","colormag_page_sidebar_layout":"default_layout","advanced_seo_description":"","jetpack_seo_html_title":"","jetpack_seo_noindex":false,"jetpack_post_was_ever_published":false,"footnotes":""},"categories":[12],"tags":[1463,452,451,1155,1384,188,1265,56,185],"class_list":["post-14182","post","type-post","status-publish","format-standard","has-post-thumbnail","hentry","category-demokratie-medien-aufklaerung","tag-bundeskanzler","tag-deutschland","tag-faschismus","tag-hegemonie","tag-korruption","tag-krieg","tag-militarismus","tag-nato","tag-usa"],"jetpack_featured_media_url":"https:\/\/i0.wp.com\/www.freidenker.org\/fw17\/wp-content\/uploads\/2022\/09\/Blinken_Baerbock_2022_800x450.jpg?fit=800%2C450&ssl=1","jetpack_shortlink":"https:\/\/wp.me\/p9stpK-3GK","jetpack-related-posts":[{"id":17706,"url":"https:\/\/www.freidenker.org\/?p=17706","url_meta":{"origin":14182,"position":0},"title":"Zeugnis des doppelten Standards: Baerbock im Interview","author":"Webredaktion","date":"29. Dezember 2023","format":false,"excerpt":"Beitrag von Gert Ewen Ungar Bez\u00fcglich des Ukraine-Konflikts werden die Deutschen fl\u00e4chendeckend von den verantwortlichen Politikern und von den mitverantwortlichen Medien des Mainstreams desinformiert. Dass die deutsche Au\u00dfenministerin da keine Ausnahme bildet, ist nicht \u00fcberraschend. Sie tut sich im Gegenteil seit Langem damit hervor, die Unwahrheiten besonders dick aufzutragen.\u00a0In einem\u2026","rel":"","context":"In &quot;Demokratie \u2013 Medien \u2013 Aufkl\u00e4rung&quot;","block_context":{"text":"Demokratie \u2013 Medien \u2013 Aufkl\u00e4rung","link":"https:\/\/www.freidenker.org\/?cat=12"},"img":{"alt_text":"","src":"https:\/\/i0.wp.com\/www.freidenker.org\/fw17\/wp-content\/uploads\/2023\/12\/BDK_Karlsruhe_Nov_2023_Annalena_Baerbock_11_800x450.jpg?fit=800%2C450&ssl=1&resize=350%2C200","width":350,"height":200,"srcset":"https:\/\/i0.wp.com\/www.freidenker.org\/fw17\/wp-content\/uploads\/2023\/12\/BDK_Karlsruhe_Nov_2023_Annalena_Baerbock_11_800x450.jpg?fit=800%2C450&ssl=1&resize=350%2C200 1x, https:\/\/i0.wp.com\/www.freidenker.org\/fw17\/wp-content\/uploads\/2023\/12\/BDK_Karlsruhe_Nov_2023_Annalena_Baerbock_11_800x450.jpg?fit=800%2C450&ssl=1&resize=525%2C300 1.5x, https:\/\/i0.wp.com\/www.freidenker.org\/fw17\/wp-content\/uploads\/2023\/12\/BDK_Karlsruhe_Nov_2023_Annalena_Baerbock_11_800x450.jpg?fit=800%2C450&ssl=1&resize=700%2C400 2x"},"classes":[]},{"id":14993,"url":"https:\/\/www.freidenker.org\/?p=14993","url_meta":{"origin":14182,"position":1},"title":"Was passiert wirklich im Donbass?","author":"Webredaktion","date":"11. Januar 2023","format":false,"excerpt":"Beitrag von Gert Ewen Ungar \"Wie geht es dir dort?\", schrieb ich und schickte die Nachricht an\u00a0Nikita. \"Hier ist es nat\u00fcrlich schrecklich. Man bombardiert uns st\u00e4ndig\", war die Antwort, die ich kurz darauf erhielt. Nikita war \u00fcber die Feiertage zur\u00fcck in seine Heimat gefahren, nach Donezk. Er hatte die Stadt\u2026","rel":"","context":"In &quot;Demokratie \u2013 Medien \u2013 Aufkl\u00e4rung&quot;","block_context":{"text":"Demokratie \u2013 Medien \u2013 Aufkl\u00e4rung","link":"https:\/\/www.freidenker.org\/?cat=12"},"img":{"alt_text":"","src":"https:\/\/i0.wp.com\/www.freidenker.org\/fw17\/wp-content\/uploads\/2023\/01\/HIMARS_DA-SD-07-43938_800x450.jpg?fit=800%2C450&ssl=1&resize=350%2C200","width":350,"height":200,"srcset":"https:\/\/i0.wp.com\/www.freidenker.org\/fw17\/wp-content\/uploads\/2023\/01\/HIMARS_DA-SD-07-43938_800x450.jpg?fit=800%2C450&ssl=1&resize=350%2C200 1x, https:\/\/i0.wp.com\/www.freidenker.org\/fw17\/wp-content\/uploads\/2023\/01\/HIMARS_DA-SD-07-43938_800x450.jpg?fit=800%2C450&ssl=1&resize=525%2C300 1.5x, https:\/\/i0.wp.com\/www.freidenker.org\/fw17\/wp-content\/uploads\/2023\/01\/HIMARS_DA-SD-07-43938_800x450.jpg?fit=800%2C450&ssl=1&resize=700%2C400 2x"},"classes":[]},{"id":16930,"url":"https:\/\/www.freidenker.org\/?p=16930","url_meta":{"origin":14182,"position":2},"title":"Nikolai und der Blutzoll, den Deutschland fordert","author":"Webredaktion","date":"14. September 2023","format":false,"excerpt":"Beitrag von Gert Ewen Ungar Ich habe mich heute \u00fcber einen Messengerdienst mit einem Bekannten unterhalten, den ich im vergangenen Jahr erst kennengelernt hatte. Ein Freund aus Russland fragte damals bei mir an, ob ich nicht jemandem aus der Ukraine Hilfestellung geben und vielleicht ein paar N\u00e4chte Unterschlupf gew\u00e4hren k\u00f6nnte.\u2026","rel":"","context":"In &quot;Frieden - Antifaschismus - Solidarit\u00e4t&quot;","block_context":{"text":"Frieden - Antifaschismus - Solidarit\u00e4t","link":"https:\/\/www.freidenker.org\/?cat=13"},"img":{"alt_text":"","src":"https:\/\/i0.wp.com\/www.freidenker.org\/fw17\/wp-content\/uploads\/2023\/09\/Hinweis_Ukraine-Fluechtlinge_Duesseldorf_2022_800x450.jpg?fit=800%2C450&ssl=1&resize=350%2C200","width":350,"height":200,"srcset":"https:\/\/i0.wp.com\/www.freidenker.org\/fw17\/wp-content\/uploads\/2023\/09\/Hinweis_Ukraine-Fluechtlinge_Duesseldorf_2022_800x450.jpg?fit=800%2C450&ssl=1&resize=350%2C200 1x, https:\/\/i0.wp.com\/www.freidenker.org\/fw17\/wp-content\/uploads\/2023\/09\/Hinweis_Ukraine-Fluechtlinge_Duesseldorf_2022_800x450.jpg?fit=800%2C450&ssl=1&resize=525%2C300 1.5x, https:\/\/i0.wp.com\/www.freidenker.org\/fw17\/wp-content\/uploads\/2023\/09\/Hinweis_Ukraine-Fluechtlinge_Duesseldorf_2022_800x450.jpg?fit=800%2C450&ssl=1&resize=700%2C400 2x"},"classes":[]},{"id":15363,"url":"https:\/\/www.freidenker.org\/?p=15363","url_meta":{"origin":14182,"position":3},"title":"Sicherheitskonferenz: Aus der EU kein Impuls f\u00fcr Frieden \u2013 daf\u00fcr aus China","author":"Webredaktion","date":"23. Februar 2023","format":false,"excerpt":"Beitrag von Gert Ewen Ungar Die M\u00fcnchner Sicherheitskonferenz nimmt f\u00fcr sich in Anspruch, ein wichtiges internationales Diskussionsforum zu sein. Diesem Anspruch wurde sie in diesem Jahr nicht gerecht. Offizielle russische Vertreter waren mit der Begr\u00fcndung, man wolle der russischen Propaganda keine B\u00fchne geben, nicht eingeladen. ... Eingeladen waren stattdessen der\u2026","rel":"","context":"In &quot;Demokratie \u2013 Medien \u2013 Aufkl\u00e4rung&quot;","block_context":{"text":"Demokratie \u2013 Medien \u2013 Aufkl\u00e4rung","link":"https:\/\/www.freidenker.org\/?cat=12"},"img":{"alt_text":"","src":"https:\/\/i0.wp.com\/www.freidenker.org\/fw17\/wp-content\/uploads\/2023\/02\/AWA_7203_800x450.jpg?fit=800%2C450&ssl=1&resize=350%2C200","width":350,"height":200,"srcset":"https:\/\/i0.wp.com\/www.freidenker.org\/fw17\/wp-content\/uploads\/2023\/02\/AWA_7203_800x450.jpg?fit=800%2C450&ssl=1&resize=350%2C200 1x, https:\/\/i0.wp.com\/www.freidenker.org\/fw17\/wp-content\/uploads\/2023\/02\/AWA_7203_800x450.jpg?fit=800%2C450&ssl=1&resize=525%2C300 1.5x, https:\/\/i0.wp.com\/www.freidenker.org\/fw17\/wp-content\/uploads\/2023\/02\/AWA_7203_800x450.jpg?fit=800%2C450&ssl=1&resize=700%2C400 2x"},"classes":[]},{"id":19122,"url":"https:\/\/www.freidenker.org\/?p=19122","url_meta":{"origin":14182,"position":4},"title":"Dem Westen ist Souver\u00e4nit\u00e4t zuwider","author":"Webredaktion","date":"20. Mai 2024","format":false,"excerpt":"EU und Deutschland f\u00f6rdern Staatsstreich in Georgien Von Gert Ewen Ungar Wie schon in der Ukraine, f\u00f6rdern Politiker aus Deutschland und der EU auch in Georgien einen Staatsstreich \u2013 wieder angeblich im Namen der Demokratie. Fakt ist jedoch, dass es vielmehr um die Verhinderung von Demokratie und die Sabotage eines\u2026","rel":"","context":"In &quot;Demokratie \u2013 Medien \u2013 Aufkl\u00e4rung&quot;","block_context":{"text":"Demokratie \u2013 Medien \u2013 Aufkl\u00e4rung","link":"https:\/\/www.freidenker.org\/?cat=12"},"img":{"alt_text":"","src":"https:\/\/i0.wp.com\/www.freidenker.org\/fw17\/wp-content\/uploads\/2024\/05\/8_march_protest_in_Tbilisi_cropped_800x450.jpg?fit=800%2C450&ssl=1&resize=350%2C200","width":350,"height":200,"srcset":"https:\/\/i0.wp.com\/www.freidenker.org\/fw17\/wp-content\/uploads\/2024\/05\/8_march_protest_in_Tbilisi_cropped_800x450.jpg?fit=800%2C450&ssl=1&resize=350%2C200 1x, https:\/\/i0.wp.com\/www.freidenker.org\/fw17\/wp-content\/uploads\/2024\/05\/8_march_protest_in_Tbilisi_cropped_800x450.jpg?fit=800%2C450&ssl=1&resize=525%2C300 1.5x, https:\/\/i0.wp.com\/www.freidenker.org\/fw17\/wp-content\/uploads\/2024\/05\/8_march_protest_in_Tbilisi_cropped_800x450.jpg?fit=800%2C450&ssl=1&resize=700%2C400 2x"},"classes":[]},{"id":13106,"url":"https:\/\/www.freidenker.org\/?p=13106","url_meta":{"origin":14182,"position":5},"title":"Aufgabe von Journalisten ist es nicht, Kriege zu gewinnen","author":"Webredaktion","date":"14. Mai 2022","format":false,"excerpt":"Nachdenken \u00fcber die Pressefreiheit Beitrag von Rainer Rupp Der diesj\u00e4hrige Bundespresseball im Berliner Luxushotel Adlon Kempinski war der allseits bewunderten \"jungen und lebendigen Demokratie Ukraine\" und \"deren Pressefreiheit\" gewidmet. Star dieser Feier mit 1.800 handverlesenen G\u00e4sten war der ukrainische Botschafter in Berlin, Dr. Andrij Melnyk. Ein Mann, der Deutschland provoziert\u2026","rel":"","context":"In &quot;Demokratie \u2013 Medien \u2013 Aufkl\u00e4rung&quot;","block_context":{"text":"Demokratie \u2013 Medien \u2013 Aufkl\u00e4rung","link":"https:\/\/www.freidenker.org\/?cat=12"},"img":{"alt_text":"","src":"https:\/\/i0.wp.com\/www.freidenker.org\/fw17\/wp-content\/uploads\/2022\/05\/Andrij_Melnyk_800x450.jpg?fit=800%2C450&ssl=1&resize=350%2C200","width":350,"height":200,"srcset":"https:\/\/i0.wp.com\/www.freidenker.org\/fw17\/wp-content\/uploads\/2022\/05\/Andrij_Melnyk_800x450.jpg?fit=800%2C450&ssl=1&resize=350%2C200 1x, https:\/\/i0.wp.com\/www.freidenker.org\/fw17\/wp-content\/uploads\/2022\/05\/Andrij_Melnyk_800x450.jpg?fit=800%2C450&ssl=1&resize=525%2C300 1.5x, https:\/\/i0.wp.com\/www.freidenker.org\/fw17\/wp-content\/uploads\/2022\/05\/Andrij_Melnyk_800x450.jpg?fit=800%2C450&ssl=1&resize=700%2C400 2x"},"classes":[]}],"_links":{"self":[{"href":"https:\/\/www.freidenker.org\/index.php?rest_route=\/wp\/v2\/posts\/14182","targetHints":{"allow":["GET"]}}],"collection":[{"href":"https:\/\/www.freidenker.org\/index.php?rest_route=\/wp\/v2\/posts"}],"about":[{"href":"https:\/\/www.freidenker.org\/index.php?rest_route=\/wp\/v2\/types\/post"}],"author":[{"embeddable":true,"href":"https:\/\/www.freidenker.org\/index.php?rest_route=\/wp\/v2\/users\/3"}],"replies":[{"embeddable":true,"href":"https:\/\/www.freidenker.org\/index.php?rest_route=%2Fwp%2Fv2%2Fcomments&post=14182"}],"version-history":[{"count":0,"href":"https:\/\/www.freidenker.org\/index.php?rest_route=\/wp\/v2\/posts\/14182\/revisions"}],"wp:featuredmedia":[{"embeddable":true,"href":"https:\/\/www.freidenker.org\/index.php?rest_route=\/wp\/v2\/media\/14183"}],"wp:attachment":[{"href":"https:\/\/www.freidenker.org\/index.php?rest_route=%2Fwp%2Fv2%2Fmedia&parent=14182"}],"wp:term":[{"taxonomy":"category","embeddable":true,"href":"https:\/\/www.freidenker.org\/index.php?rest_route=%2Fwp%2Fv2%2Fcategories&post=14182"},{"taxonomy":"post_tag","embeddable":true,"href":"https:\/\/www.freidenker.org\/index.php?rest_route=%2Fwp%2Fv2%2Ftags&post=14182"}],"curies":[{"name":"wp","href":"https:\/\/api.w.org\/{rel}","templated":true}]}}