{"id":14170,"date":"2022-09-20T04:45:26","date_gmt":"2022-09-20T02:45:26","guid":{"rendered":"https:\/\/www.freidenker.org\/?p=14170"},"modified":"2022-10-03T23:50:53","modified_gmt":"2022-10-03T21:50:53","slug":"corona-demokratieabbau-krisen-kriege","status":"publish","type":"post","link":"https:\/\/www.freidenker.org\/?p=14170","title":{"rendered":"\u201cCorona, Demokratieabbau, Krisen &#038; Kriege\u201d"},"content":{"rendered":"<h5>Einladung: Kurzvortr\u00e4ge und offene Diskussion<\/h5>\n<p><span style=\"text-decoration: underline;\">Wann<\/span>: <strong>Mittwoch, 21.09.2022<\/strong>, <strong>19:00 Uhr<\/strong><\/p>\n<p><span style=\"text-decoration: underline;\">Wo<\/span>: <strong>Restaurant Tri Am<\/strong>, Bieberer Stra\u00dfe 84, 63071 <strong>Offenbach am Main<\/strong><\/p>\n<p><strong>Gespr\u00e4chspartner: Klaus Hartmann und Jan Veil<\/strong><\/p>\n<ul>\n<li>\u201cCorona und die \u201eMa\u00dfnahmen\u201c \u2013 eine (Zwischen-)Bilanz.<\/li>\n<li>Der zunehmende Abbau demokratischer Rechte \u2013 ein Fall von \u201eLong Covid\u201c?<\/li>\n<li>Politisierte Moralisierung, Ausgrenzung Andersdenkender, Abrichtung der \u00f6ffentlichen Meinung: wem nutzt die gesellschaftliche Spaltung?<\/li>\n<li>\u201eDeutschland ruinieren\u201c \u2013 eine durchdachte Strategie? Soziale Verwerfungen: wer verliert, wer profitiert?<\/li>\n<li>Produktivkraftvernichtung, \u201eneue Kapitalisten\u201c, \u201eneue Eliten\u201c: sind Marx\u2018 Klassenanalyse und Lenins Imperialismustheorie anwendbar?<\/li>\n<li>\u201eVon Covid 19 zu Putin 22\u201c \u2013 aus einer Krise in die n\u00e4chste: die zunehmende Aggressivit\u00e4t und Irrationalit\u00e4t der Kriegstreiber\u201d<\/li>\n<\/ul>\n<p><img data-recalc-dims=\"1\" loading=\"lazy\" decoding=\"async\" data-attachment-id=\"14171\" data-permalink=\"https:\/\/www.freidenker.org\/?attachment_id=14171\" data-orig-file=\"https:\/\/i0.wp.com\/www.freidenker.org\/fw17\/wp-content\/uploads\/2022\/09\/FDLVHessen1.png?fit=590%2C834&amp;ssl=1\" data-orig-size=\"590,834\" data-comments-opened=\"0\" data-image-meta=\"{&quot;aperture&quot;:&quot;0&quot;,&quot;credit&quot;:&quot;&quot;,&quot;camera&quot;:&quot;&quot;,&quot;caption&quot;:&quot;&quot;,&quot;created_timestamp&quot;:&quot;0&quot;,&quot;copyright&quot;:&quot;&quot;,&quot;focal_length&quot;:&quot;0&quot;,&quot;iso&quot;:&quot;0&quot;,&quot;shutter_speed&quot;:&quot;0&quot;,&quot;title&quot;:&quot;&quot;,&quot;orientation&quot;:&quot;0&quot;}\" data-image-title=\"FDLVHessen1\" data-image-description=\"\" data-image-caption=\"\" data-large-file=\"https:\/\/i0.wp.com\/www.freidenker.org\/fw17\/wp-content\/uploads\/2022\/09\/FDLVHessen1.png?fit=590%2C834&amp;ssl=1\" class=\"alignnone wp-image-14171 size-full\" src=\"https:\/\/i0.wp.com\/www.freidenker.org\/fw17\/wp-content\/uploads\/2022\/09\/FDLVHessen1.png?resize=590%2C834&#038;ssl=1\" alt=\"\" width=\"590\" height=\"834\" srcset=\"https:\/\/i0.wp.com\/www.freidenker.org\/fw17\/wp-content\/uploads\/2022\/09\/FDLVHessen1.png?w=590&amp;ssl=1 590w, https:\/\/i0.wp.com\/www.freidenker.org\/fw17\/wp-content\/uploads\/2022\/09\/FDLVHessen1.png?resize=212%2C300&amp;ssl=1 212w\" sizes=\"auto, (max-width: 590px) 100vw, 590px\" \/><\/p>\n<p><img data-recalc-dims=\"1\" loading=\"lazy\" decoding=\"async\" data-attachment-id=\"14172\" data-permalink=\"https:\/\/www.freidenker.org\/?attachment_id=14172\" data-orig-file=\"https:\/\/i0.wp.com\/www.freidenker.org\/fw17\/wp-content\/uploads\/2022\/09\/FDLVHessen2.png?fit=590%2C834&amp;ssl=1\" data-orig-size=\"590,834\" data-comments-opened=\"0\" data-image-meta=\"{&quot;aperture&quot;:&quot;0&quot;,&quot;credit&quot;:&quot;&quot;,&quot;camera&quot;:&quot;&quot;,&quot;caption&quot;:&quot;&quot;,&quot;created_timestamp&quot;:&quot;0&quot;,&quot;copyright&quot;:&quot;&quot;,&quot;focal_length&quot;:&quot;0&quot;,&quot;iso&quot;:&quot;0&quot;,&quot;shutter_speed&quot;:&quot;0&quot;,&quot;title&quot;:&quot;&quot;,&quot;orientation&quot;:&quot;0&quot;}\" data-image-title=\"FDLVHessen2\" data-image-description=\"\" data-image-caption=\"\" data-large-file=\"https:\/\/i0.wp.com\/www.freidenker.org\/fw17\/wp-content\/uploads\/2022\/09\/FDLVHessen2.png?fit=590%2C834&amp;ssl=1\" class=\"alignnone wp-image-14172 size-full\" src=\"https:\/\/i0.wp.com\/www.freidenker.org\/fw17\/wp-content\/uploads\/2022\/09\/FDLVHessen2.png?resize=590%2C834&#038;ssl=1\" alt=\"\" width=\"590\" height=\"834\" srcset=\"https:\/\/i0.wp.com\/www.freidenker.org\/fw17\/wp-content\/uploads\/2022\/09\/FDLVHessen2.png?w=590&amp;ssl=1 590w, https:\/\/i0.wp.com\/www.freidenker.org\/fw17\/wp-content\/uploads\/2022\/09\/FDLVHessen2.png?resize=212%2C300&amp;ssl=1 212w\" sizes=\"auto, (max-width: 590px) 100vw, 590px\" \/><\/p>\n<p><strong>Download<\/strong><\/p>\n<p><img data-recalc-dims=\"1\" loading=\"lazy\" decoding=\"async\" data-attachment-id=\"1076\" data-permalink=\"https:\/\/www.freidenker.org\/?attachment_id=1076\" data-orig-file=\"https:\/\/i0.wp.com\/www.freidenker.org\/fw17\/wp-content\/uploads\/2017\/10\/pdf_icon-2.png?fit=32%2C32&amp;ssl=1\" data-orig-size=\"32,32\" data-comments-opened=\"0\" data-image-meta=\"{&quot;aperture&quot;:&quot;0&quot;,&quot;credit&quot;:&quot;&quot;,&quot;camera&quot;:&quot;&quot;,&quot;caption&quot;:&quot;&quot;,&quot;created_timestamp&quot;:&quot;0&quot;,&quot;copyright&quot;:&quot;&quot;,&quot;focal_length&quot;:&quot;0&quot;,&quot;iso&quot;:&quot;0&quot;,&quot;shutter_speed&quot;:&quot;0&quot;,&quot;title&quot;:&quot;&quot;,&quot;orientation&quot;:&quot;0&quot;}\" data-image-title=\"pdf_icon\" data-image-description=\"\" data-image-caption=\"\" data-large-file=\"https:\/\/i0.wp.com\/www.freidenker.org\/fw17\/wp-content\/uploads\/2017\/10\/pdf_icon-2.png?fit=32%2C32&amp;ssl=1\" class=\"alignnone size-full wp-image-1076\" src=\"https:\/\/i0.wp.com\/www.freidenker.org\/fw17\/wp-content\/uploads\/2017\/10\/pdf_icon-2.png?resize=32%2C32&#038;ssl=1\" alt=\"\" width=\"32\" height=\"32\" \/> Die <a href=\"https:\/\/www.freidenker.org\/fw17\/wp-content\/uploads\/2022\/09\/FDLV-Hessen-Flyer-zur-Podiums-VA-am-21.09.22.pdf\" target=\"_blank\" rel=\"noopener\">Einladung als PDF-Datei<\/a> ansehen oder herunterladen<\/p>\n<hr \/>\n<p>&nbsp;<\/p>\n","protected":false},"excerpt":{"rendered":"<p><b>Einladung: Kurzvortr\u00e4ge und offene Diskussion \/ Gespr\u00e4chspartner: Klaus Hartmann und Jan Veil<\/b><br \/>\nMittwoch, 21.09.2022, 19:00 Uhr, Restaurant Tri Am, Bieberer Stra\u00dfe 84, 63071 Offenbach am Main<br \/>\n\u201cCorona und die \u201eMa\u00dfnahmen\u201c \u2013 eine (Zwischen-)Bilanz. \/ Der zunehmende Abbau demokratischer Rechte \u2013 ein Fall von \u201eLong Covid\u201c? \/ Politisierte Moralisierung, Ausgrenzung Andersdenkender, Abrichtung der \u00f6ffentlichen Meinung: wem nutzt die gesellschaftliche Spaltung? \/ \u201eDeutschland ruinieren\u201c \u2013 eine durchdachte Strategie? Soziale Verwerfungen: wer verliert, wer profitiert? \/ Produktivkraftvernichtung, \u201eneue Kapitalisten\u201c, \u201eneue Eliten\u201c: sind Marx\u2018 Klassenanalyse und Lenins Imperialismustheorie anwendbar? \/ \u201eVon Covid 19 zu Putin 22\u201c \u2013 aus einer Krise in die n\u00e4chste: die zunehmende Aggressivit\u00e4t und Irrationalit\u00e4t der Kriegstreiber\u201d<\/p>\n","protected":false},"author":3,"featured_media":14174,"comment_status":"closed","ping_status":"closed","sticky":false,"template":"","format":"standard","meta":{"colormag_page_container_layout":"default_layout","colormag_page_sidebar_layout":"default_layout","advanced_seo_description":"","jetpack_seo_html_title":"","jetpack_seo_noindex":false,"jetpack_post_was_ever_published":false,"footnotes":""},"categories":[12,19],"tags":[1256,1273,404,1067,1456,1603,1050],"class_list":["post-14170","post","type-post","status-publish","format-standard","has-post-thumbnail","hentry","category-demokratie-medien-aufklaerung","category-veranstaltungen-in-den-dfv-landesverbaenden","tag-corona-virus","tag-demokratische-grundrechte","tag-imperialismus","tag-lv-hessen","tag-meinungsbildung","tag-produktivkraftvernichtung","tag-veranstaltung"],"jetpack_featured_media_url":"https:\/\/i0.wp.com\/www.freidenker.org\/fw17\/wp-content\/uploads\/2022\/09\/globus_maske_800x445.jpg?fit=800%2C445&ssl=1","jetpack_shortlink":"https:\/\/wp.me\/p9stpK-3Gy","jetpack-related-posts":[{"id":15031,"url":"https:\/\/www.freidenker.org\/?p=15031","url_meta":{"origin":14170,"position":0},"title":"Corona, Demokratieabbau, Krisen &#038; Kriege","author":"Webredaktion","date":"21. Januar 2023","format":false,"excerpt":"Videos der Veranstaltung des Deutschen Freidenker-Verbandes, Landesverband Hessen am 21.09.2022 in Offenbach am Main Kurzvortr\u00e4ge von Klaus Hartmann und Jan Veil sowie Diskussion Schwerpunkte der Vortr\u00e4ge und der Diskussion: Corona und die \u201eMa\u00dfnahmen\u201c \u2013 eine (Zwischen-)Bilanz \/ Der zunehmende Abbau demokratischer Rechte \u2013 ein Fall von \u201eLong Covid\u201c? \/ Politisierte\u2026","rel":"","context":"In &quot;Demokratie \u2013 Medien \u2013 Aufkl\u00e4rung&quot;","block_context":{"text":"Demokratie \u2013 Medien \u2013 Aufkl\u00e4rung","link":"https:\/\/www.freidenker.org\/?cat=12"},"img":{"alt_text":"","src":"https:\/\/i0.wp.com\/www.freidenker.org\/fw17\/wp-content\/uploads\/2023\/01\/hartmann_veil_offenbach_4_800x450.jpg?fit=800%2C450&ssl=1&resize=350%2C200","width":350,"height":200,"srcset":"https:\/\/i0.wp.com\/www.freidenker.org\/fw17\/wp-content\/uploads\/2023\/01\/hartmann_veil_offenbach_4_800x450.jpg?fit=800%2C450&ssl=1&resize=350%2C200 1x, https:\/\/i0.wp.com\/www.freidenker.org\/fw17\/wp-content\/uploads\/2023\/01\/hartmann_veil_offenbach_4_800x450.jpg?fit=800%2C450&ssl=1&resize=525%2C300 1.5x, https:\/\/i0.wp.com\/www.freidenker.org\/fw17\/wp-content\/uploads\/2023\/01\/hartmann_veil_offenbach_4_800x450.jpg?fit=800%2C450&ssl=1&resize=700%2C400 2x"},"classes":[]},{"id":21489,"url":"https:\/\/www.freidenker.org\/?p=21489","url_meta":{"origin":14170,"position":1},"title":"Logik des Wahnsinns","author":"Webredaktion","date":"16. April 2025","format":false,"excerpt":"Ersatz-NATO unter deutscher F\u00fchrung Beitrag von Uli Gellermann Wer aufgeatmet hatte, als sich die USA aus der aktuellen F\u00fchrung der NATO zur\u00fcckzog, wer dachte, die NATO als Instrument des Krieges und der Unterdr\u00fcckung sei am Ende, der sieht sich heute get\u00e4uscht: Die alten Imperien, Gro\u00dfbritannien und Deutschland, haben das Kommando\u2026","rel":"","context":"In &quot;Demokratie \u2013 Medien \u2013 Aufkl\u00e4rung&quot;","block_context":{"text":"Demokratie \u2013 Medien \u2013 Aufkl\u00e4rung","link":"https:\/\/www.freidenker.org\/?cat=12"},"img":{"alt_text":"","src":"https:\/\/i0.wp.com\/www.freidenker.org\/fw17\/wp-content\/uploads\/2025\/04\/Pistorius_250212-D-PM193-1443_54323788015_800x450.jpg?fit=800%2C450&ssl=1&resize=350%2C200","width":350,"height":200,"srcset":"https:\/\/i0.wp.com\/www.freidenker.org\/fw17\/wp-content\/uploads\/2025\/04\/Pistorius_250212-D-PM193-1443_54323788015_800x450.jpg?fit=800%2C450&ssl=1&resize=350%2C200 1x, https:\/\/i0.wp.com\/www.freidenker.org\/fw17\/wp-content\/uploads\/2025\/04\/Pistorius_250212-D-PM193-1443_54323788015_800x450.jpg?fit=800%2C450&ssl=1&resize=525%2C300 1.5x, https:\/\/i0.wp.com\/www.freidenker.org\/fw17\/wp-content\/uploads\/2025\/04\/Pistorius_250212-D-PM193-1443_54323788015_800x450.jpg?fit=800%2C450&ssl=1&resize=700%2C400 2x"},"classes":[]},{"id":19927,"url":"https:\/\/www.freidenker.org\/?p=19927","url_meta":{"origin":14170,"position":2},"title":"FREIDENKER 3-24 EXTRA \u2013 Deindustrialisierung","author":"Webredaktion","date":"27. September 2024","format":false,"excerpt":"Die Ausgabe 3-24 EXTRA des Verbandsorgans FREIDENKER hat das Schwerpunkt-Thema \u201eDeindustrialisierung\u201c und enth\u00e4lt u.a. folgende Beitr\u00e4ge: - Klaus Hartmann: Die Ideologie der Produktivkraftvernichtung - Manfred Sohn: Der Abstieg von \u201eMade in Germany\u201c \u2013 Aspekte der Deindustrialisierung des imperialistischen Deutschlands - Wolfgang Beck: Alles hat ein Ende \u2013 auch die Marktwirtschaft\u2026","rel":"","context":"In &quot;Verbandsorgan FREIDENKER&quot;","block_context":{"text":"Verbandsorgan FREIDENKER","link":"https:\/\/www.freidenker.org\/?cat=8"},"img":{"alt_text":"","src":"https:\/\/i0.wp.com\/www.freidenker.org\/fw17\/wp-content\/uploads\/2024\/09\/FD_2024-03_Titel_mR.jpg?fit=800%2C445&ssl=1&resize=350%2C200","width":350,"height":200,"srcset":"https:\/\/i0.wp.com\/www.freidenker.org\/fw17\/wp-content\/uploads\/2024\/09\/FD_2024-03_Titel_mR.jpg?fit=800%2C445&ssl=1&resize=350%2C200 1x, https:\/\/i0.wp.com\/www.freidenker.org\/fw17\/wp-content\/uploads\/2024\/09\/FD_2024-03_Titel_mR.jpg?fit=800%2C445&ssl=1&resize=525%2C300 1.5x, https:\/\/i0.wp.com\/www.freidenker.org\/fw17\/wp-content\/uploads\/2024\/09\/FD_2024-03_Titel_mR.jpg?fit=800%2C445&ssl=1&resize=700%2C400 2x"},"classes":[]},{"id":18158,"url":"https:\/\/www.freidenker.org\/?p=18158","url_meta":{"origin":14170,"position":3},"title":"Konferenz &#8222;Deindustrialisierung&#8220;","author":"Webredaktion","date":"13. Februar 2024","format":false,"excerpt":"Der Deutsche Freidenker-Verband l\u00e4dt ein zur Konferenz: \"Deindustrialisierung\" in Kooperation mit dem Ostdeutschen Kuratorium von Verb\u00e4nden (OKV) Samstag, 20.04.2024, 10.30 Uhr, Ferienpark Retgendorf bei Schwerin, Kiefernweg 1, 19067 Dobin am See, Ortsteil Retgendorf Vortr\u00e4ge und Diskussion: Klaus Hartmann: Die Ideologie der Produktivkraftvernichtung Dr. Manfred Sohn: Der Abstieg von \u201eMade in\u2026","rel":"","context":"In &quot;Zentrale Veranstaltungen&quot;","block_context":{"text":"Zentrale Veranstaltungen","link":"https:\/\/www.freidenker.org\/?cat=20"},"img":{"alt_text":"","src":"https:\/\/i0.wp.com\/www.freidenker.org\/fw17\/wp-content\/uploads\/2024\/02\/Deindustrialisierung_titel_800x450.jpg?fit=800%2C450&ssl=1&resize=350%2C200","width":350,"height":200,"srcset":"https:\/\/i0.wp.com\/www.freidenker.org\/fw17\/wp-content\/uploads\/2024\/02\/Deindustrialisierung_titel_800x450.jpg?fit=800%2C450&ssl=1&resize=350%2C200 1x, https:\/\/i0.wp.com\/www.freidenker.org\/fw17\/wp-content\/uploads\/2024\/02\/Deindustrialisierung_titel_800x450.jpg?fit=800%2C450&ssl=1&resize=525%2C300 1.5x, https:\/\/i0.wp.com\/www.freidenker.org\/fw17\/wp-content\/uploads\/2024\/02\/Deindustrialisierung_titel_800x450.jpg?fit=800%2C450&ssl=1&resize=700%2C400 2x"},"classes":[]},{"id":8757,"url":"https:\/\/www.freidenker.org\/?p=8757","url_meta":{"origin":14170,"position":4},"title":"Corona \u2013 Ein Geschenk des Himmels f\u00fcr die Finanzelite","author":"Webredaktion","date":"6. Oktober 2020","format":false,"excerpt":"Kommentar von Rainer Rupp Nicht nur in Deutschland, sondern auch in der EU und in den USA erschrecken aktuell die m\u00e4chtigen Entscheider wieder die Bev\u00f6lkerung mit neuen Hiobsbotschaften \u00fcber eine zweite Corona-Welle. \u201eWeltweit eine Million COVID-19 Todesf\u00e4lle\u201c lauteten die Balken\u00fcberschriften in den letzten Tagen. Weltweit seien inzwischen 33 Millionen Menschen\u2026","rel":"","context":"In &quot;Arbeit &amp; Soziales&quot;","block_context":{"text":"Arbeit &amp; Soziales","link":"https:\/\/www.freidenker.org\/?cat=11"},"img":{"alt_text":"","src":"https:\/\/i0.wp.com\/www.freidenker.org\/fw17\/wp-content\/uploads\/2020\/10\/corona_boerse-4880802_800x450.jpg?fit=800%2C450&ssl=1&resize=350%2C200","width":350,"height":200,"srcset":"https:\/\/i0.wp.com\/www.freidenker.org\/fw17\/wp-content\/uploads\/2020\/10\/corona_boerse-4880802_800x450.jpg?fit=800%2C450&ssl=1&resize=350%2C200 1x, https:\/\/i0.wp.com\/www.freidenker.org\/fw17\/wp-content\/uploads\/2020\/10\/corona_boerse-4880802_800x450.jpg?fit=800%2C450&ssl=1&resize=525%2C300 1.5x, https:\/\/i0.wp.com\/www.freidenker.org\/fw17\/wp-content\/uploads\/2020\/10\/corona_boerse-4880802_800x450.jpg?fit=800%2C450&ssl=1&resize=700%2C400 2x"},"classes":[]},{"id":10559,"url":"https:\/\/www.freidenker.org\/?p=10559","url_meta":{"origin":14170,"position":5},"title":"\u00d6ffentliche Erkl\u00e4rung zur Corona-Politik:","author":"Webredaktion","date":"16. Juni 2021","format":false,"excerpt":"Unser Mitglied Werner R\u00fcgemer ist Mitinitiator und Mitorganisator einer zu unterschreibenden Erkl\u00e4rung, die das komplette Versagen der politischen Elite Deutschlands in der Covid 19-Krise umfassend beschreibt und einen Diskussionsprozess \u00fcber zu ziehende Schlussfolgerungen ansto\u00dfen will. ... Diese Erkl\u00e4rung ruft dazu auf, eine \u00f6ffentliche Diskussion in Gang zu bringen, in der\u2026","rel":"","context":"In &quot;Arbeit &amp; Soziales&quot;","block_context":{"text":"Arbeit &amp; Soziales","link":"https:\/\/www.freidenker.org\/?cat=11"},"img":{"alt_text":"","src":"https:\/\/i0.wp.com\/www.freidenker.org\/fw17\/wp-content\/uploads\/2021\/06\/wegen_corona_geschlossen.jpg?fit=800%2C450&ssl=1&resize=350%2C200","width":350,"height":200,"srcset":"https:\/\/i0.wp.com\/www.freidenker.org\/fw17\/wp-content\/uploads\/2021\/06\/wegen_corona_geschlossen.jpg?fit=800%2C450&ssl=1&resize=350%2C200 1x, https:\/\/i0.wp.com\/www.freidenker.org\/fw17\/wp-content\/uploads\/2021\/06\/wegen_corona_geschlossen.jpg?fit=800%2C450&ssl=1&resize=525%2C300 1.5x, https:\/\/i0.wp.com\/www.freidenker.org\/fw17\/wp-content\/uploads\/2021\/06\/wegen_corona_geschlossen.jpg?fit=800%2C450&ssl=1&resize=700%2C400 2x"},"classes":[]}],"_links":{"self":[{"href":"https:\/\/www.freidenker.org\/index.php?rest_route=\/wp\/v2\/posts\/14170","targetHints":{"allow":["GET"]}}],"collection":[{"href":"https:\/\/www.freidenker.org\/index.php?rest_route=\/wp\/v2\/posts"}],"about":[{"href":"https:\/\/www.freidenker.org\/index.php?rest_route=\/wp\/v2\/types\/post"}],"author":[{"embeddable":true,"href":"https:\/\/www.freidenker.org\/index.php?rest_route=\/wp\/v2\/users\/3"}],"replies":[{"embeddable":true,"href":"https:\/\/www.freidenker.org\/index.php?rest_route=%2Fwp%2Fv2%2Fcomments&post=14170"}],"version-history":[{"count":0,"href":"https:\/\/www.freidenker.org\/index.php?rest_route=\/wp\/v2\/posts\/14170\/revisions"}],"wp:featuredmedia":[{"embeddable":true,"href":"https:\/\/www.freidenker.org\/index.php?rest_route=\/wp\/v2\/media\/14174"}],"wp:attachment":[{"href":"https:\/\/www.freidenker.org\/index.php?rest_route=%2Fwp%2Fv2%2Fmedia&parent=14170"}],"wp:term":[{"taxonomy":"category","embeddable":true,"href":"https:\/\/www.freidenker.org\/index.php?rest_route=%2Fwp%2Fv2%2Fcategories&post=14170"},{"taxonomy":"post_tag","embeddable":true,"href":"https:\/\/www.freidenker.org\/index.php?rest_route=%2Fwp%2Fv2%2Ftags&post=14170"}],"curies":[{"name":"wp","href":"https:\/\/api.w.org\/{rel}","templated":true}]}}