{"id":14156,"date":"2022-09-05T07:54:47","date_gmt":"2022-09-05T05:54:47","guid":{"rendered":"https:\/\/www.freidenker.org\/?p=14156"},"modified":"2022-10-03T23:50:14","modified_gmt":"2022-10-03T21:50:14","slug":"lisa-fitz-kanzlerdemenz-sto%cc%88rende-bu%cc%88rger","status":"publish","type":"post","link":"https:\/\/www.freidenker.org\/?p=14156","title":{"rendered":"Lisa Fitz \u2013 Kanzlerdemenz &#038; sto\u0308rende Bu\u0308rger"},"content":{"rendered":"<p><em>Video von <strong>Lisa Fitz<\/strong><\/em><\/p>\n<p><span style=\"font-size: 10pt;\">Erstver\u00f6ffentlichung am 31.08.2022 auf <a href=\"https:\/\/www.nachdenkseiten.de\/?p=87472\" target=\"_blank\" rel=\"noopener\">nachdenkseiten.de<\/a><\/span><\/p>\n<p>Also\u2026 wir haben jetzt einen US-Pr\u00e4sidenten, der nur mehr ohrknopfgesteuert funktioniert und nix mehr checkt. Das Netz ist voller Belegvideos. Einen deutschen Kanzler, der Diverses nicht checken will und bei Cum Ex &amp; Hopp an vorgesch\u00fctzter Demenz leidet \u2013 und nur grinst, wie weiland Laschet bei der Flut, der sich ins AUS gelacht hat\u2026 Scholz kriegt man aber jetzt so schnell nicht ins Aus. Eine Innenministerin, die will, dass zu kritische \u00c4u\u00dferungen als \u201eDelegitimierung der Regierung\u201c \u2013 sch\u00f6nes Wort \u2013 nachverfolgt werden. Man soll das F\u00fchrungspersonal f\u00fcr seine Ged\u00e4chtnisausf\u00e4lle und kapitalen Fehler nicht mehr so kritisieren d\u00fcrfen.<\/p>\n<div class=\"jetpack-video-wrapper\"><span class=\"embed-youtube\" style=\"text-align:center; display: block;\"><iframe loading=\"lazy\" class=\"youtube-player\" width=\"800\" height=\"450\" src=\"https:\/\/www.youtube.com\/embed\/FMo08Sqz4Rk?version=3&#038;rel=1&#038;showsearch=0&#038;showinfo=1&#038;iv_load_policy=1&#038;fs=1&#038;hl=de-DE&#038;autohide=2&#038;wmode=transparent\" allowfullscreen=\"true\" style=\"border:0;\" sandbox=\"allow-scripts allow-same-origin allow-popups allow-presentation allow-popups-to-escape-sandbox\"><\/iframe><\/span><\/div>\n<p style=\"text-align: right;\"><em>Lisa Fitz ist Beiratsmitglied des Deutschen Freidenker-Verbandes<\/em><\/p>\n<p><span style=\"font-size: 10pt;\">Direktlink zum Video der NachDenkSeiten auf YouTube: <a href=\"https:\/\/www.youtube.com\/watch?v=FMo08Sqz4Rk\" target=\"_blank\" rel=\"noopener\">https:\/\/www.youtube.com\/watch?v=FMo08Sqz4Rk<\/a><\/span><\/p>\n<hr \/>\n<p><span style=\"font-size: 10pt;\">Bild: Screenshot aus dem <a href=\"https:\/\/www.youtube.com\/watch?v=FMo08Sqz4Rk\" target=\"_blank\" rel=\"noopener\">Video der NachDenkSeiten<\/a><\/span><\/p>\n","protected":false},"excerpt":{"rendered":"<p><b>Video von Lisa Fitz<\/b><br \/>\nAlso\u2026 wir haben jetzt einen US-Pr\u00e4sidenten, der nur mehr ohrknopfgesteuert funktioniert und nix mehr checkt. Das Netz ist voller Belegvideos. Einen deutschen Kanzler, der Diverses nicht checken will und bei Cum Ex &#038; Hopp an vorgesch\u00fctzter Demenz leidet \u2013 und nur grinst, wie weiland Laschet bei der Flut, der sich ins AUS gelacht hat\u2026 Scholz kriegt man aber jetzt so schnell nicht ins Aus. Eine Innenministerin, die will, dass zu kritische \u00c4u\u00dferungen als \u201eDelegitimierung der Regierung\u201c \u2013 sch\u00f6nes Wort \u2013 nachverfolgt werden. Man soll das F\u00fchrungspersonal f\u00fcr seine Ged\u00e4chtnisausf\u00e4lle und kapitalen Fehler nicht mehr so kritisieren d\u00fcrfen.\u00a0<\/p>\n","protected":false},"author":3,"featured_media":14157,"comment_status":"closed","ping_status":"closed","sticky":false,"template":"","format":"standard","meta":{"colormag_page_container_layout":"default_layout","colormag_page_sidebar_layout":"default_layout","advanced_seo_description":"","jetpack_seo_html_title":"","jetpack_seo_noindex":false,"jetpack_post_was_ever_published":false,"footnotes":""},"categories":[12,913],"tags":[699,1602,1323,407,1456,124,619,1505],"class_list":["post-14156","post","type-post","status-publish","format-standard","has-post-thumbnail","hentry","category-demokratie-medien-aufklaerung","category-kultur-kunst","tag-aussenpolitik","tag-demokratieabbau","tag-innenpolitik","tag-kunst","tag-meinungsbildung","tag-politik","tag-satire","tag-sozialabbau"],"jetpack_featured_media_url":"https:\/\/i0.wp.com\/www.freidenker.org\/fw17\/wp-content\/uploads\/2022\/09\/Lisa_Fitz_Kanzlerdemenz_800x450.jpg?fit=800%2C450&ssl=1","jetpack_shortlink":"https:\/\/wp.me\/p9stpK-3Gk","jetpack-related-posts":[{"id":15229,"url":"https:\/\/www.freidenker.org\/?p=15229","url_meta":{"origin":14156,"position":0},"title":"Lisa Fitz \u2013 Harry Potter &#038; Rosamunde Pilcher","author":"Webredaktion","date":"14. Februar 2023","format":false,"excerpt":"Video von Lisa Fitz Viele von euch kennen sicher den Film \u201eDas Leben ist sch\u00f6n\u201c von Roberto Benigni, der einen Vater spielt, der seinem Sohn im KZ vorgaukelt, das w\u00e4re alles nur ein Spiel, damit das Kind das Ganze heil \u00fcbersteht. Und bei uns ist es ja auch oft so\u2026\u2026","rel":"","context":"In &quot;Demokratie \u2013 Medien \u2013 Aufkl\u00e4rung&quot;","block_context":{"text":"Demokratie \u2013 Medien \u2013 Aufkl\u00e4rung","link":"https:\/\/www.freidenker.org\/?cat=12"},"img":{"alt_text":"","src":"https:\/\/i0.wp.com\/www.freidenker.org\/fw17\/wp-content\/uploads\/2023\/02\/lisa-fitz_potter-pilcher_800x450.jpg?fit=800%2C450&ssl=1&resize=350%2C200","width":350,"height":200,"srcset":"https:\/\/i0.wp.com\/www.freidenker.org\/fw17\/wp-content\/uploads\/2023\/02\/lisa-fitz_potter-pilcher_800x450.jpg?fit=800%2C450&ssl=1&resize=350%2C200 1x, https:\/\/i0.wp.com\/www.freidenker.org\/fw17\/wp-content\/uploads\/2023\/02\/lisa-fitz_potter-pilcher_800x450.jpg?fit=800%2C450&ssl=1&resize=525%2C300 1.5x, https:\/\/i0.wp.com\/www.freidenker.org\/fw17\/wp-content\/uploads\/2023\/02\/lisa-fitz_potter-pilcher_800x450.jpg?fit=800%2C450&ssl=1&resize=700%2C400 2x"},"classes":[]},{"id":24675,"url":"https:\/\/www.freidenker.org\/?p=24675","url_meta":{"origin":14156,"position":1},"title":"Lisa Fitz \u2013 Dreckschleuder Milit\u00e4r \u2013 Rede f\u00fcr den Frieden","author":"Webredaktion","date":"20. M\u00e4rz 2026","format":false,"excerpt":"Video von Lisa Fitz Freunde, ich hab\u2019 eine gute Nachricht: Die gr\u00f6\u00dfte CO\u2082-Schleuder der Welt f\u00e4hrt nicht durch eure Stra\u00dfen. Sie hat keinen SUV. Sie hat Flugzeugtr\u00e4ger. Das Milit\u00e4r. Das Pentagon allein verbrennt schon mehr \u00d6l als Portugal \u2013 nur ohne Strandurlaub und Portwein. Wenn das Pentagon ein Land w\u00e4r,\u2026","rel":"","context":"In &quot;Kultur &amp; Kunst&quot;","block_context":{"text":"Kultur &amp; Kunst","link":"https:\/\/www.freidenker.org\/?cat=913"},"img":{"alt_text":"","src":"https:\/\/i0.wp.com\/www.freidenker.org\/fw17\/wp-content\/uploads\/2026\/03\/Lisa-Fitz-Dreckschleuder-Militaer-Titelbild-NDS-800x450-1.jpg?fit=800%2C450&ssl=1&resize=350%2C200","width":350,"height":200,"srcset":"https:\/\/i0.wp.com\/www.freidenker.org\/fw17\/wp-content\/uploads\/2026\/03\/Lisa-Fitz-Dreckschleuder-Militaer-Titelbild-NDS-800x450-1.jpg?fit=800%2C450&ssl=1&resize=350%2C200 1x, https:\/\/i0.wp.com\/www.freidenker.org\/fw17\/wp-content\/uploads\/2026\/03\/Lisa-Fitz-Dreckschleuder-Militaer-Titelbild-NDS-800x450-1.jpg?fit=800%2C450&ssl=1&resize=525%2C300 1.5x, https:\/\/i0.wp.com\/www.freidenker.org\/fw17\/wp-content\/uploads\/2026\/03\/Lisa-Fitz-Dreckschleuder-Militaer-Titelbild-NDS-800x450-1.jpg?fit=800%2C450&ssl=1&resize=700%2C400 2x"},"classes":[]},{"id":16833,"url":"https:\/\/www.freidenker.org\/?p=16833","url_meta":{"origin":14156,"position":2},"title":"Lisa Fitz \u2013 Die 10 Gebote der M\u00e4chtigen","author":"Webredaktion","date":"17. August 2023","format":false,"excerpt":"Video von Lisa Fitz Es gibt ja jetzt nur mehr zwei Lager, das nervt\u2026! Die, die Recht haben\u2026 und die, die Unrecht haben\u2026 also die andern immer. Etikette drauf\u2026 Flasche! Das hat ja schon Jean Paul Sartre gesagt: \u201eDie H\u00f6lle, das sind die anderen!\u201c Und es ist immer falsch, was\u2026","rel":"","context":"In &quot;Demokratie \u2013 Medien \u2013 Aufkl\u00e4rung&quot;","block_context":{"text":"Demokratie \u2013 Medien \u2013 Aufkl\u00e4rung","link":"https:\/\/www.freidenker.org\/?cat=12"},"img":{"alt_text":"","src":"https:\/\/i0.wp.com\/www.freidenker.org\/fw17\/wp-content\/uploads\/2023\/08\/LisaFitz_10-Gebote_800x450.jpg?fit=800%2C450&ssl=1&resize=350%2C200","width":350,"height":200,"srcset":"https:\/\/i0.wp.com\/www.freidenker.org\/fw17\/wp-content\/uploads\/2023\/08\/LisaFitz_10-Gebote_800x450.jpg?fit=800%2C450&ssl=1&resize=350%2C200 1x, https:\/\/i0.wp.com\/www.freidenker.org\/fw17\/wp-content\/uploads\/2023\/08\/LisaFitz_10-Gebote_800x450.jpg?fit=800%2C450&ssl=1&resize=525%2C300 1.5x, https:\/\/i0.wp.com\/www.freidenker.org\/fw17\/wp-content\/uploads\/2023\/08\/LisaFitz_10-Gebote_800x450.jpg?fit=800%2C450&ssl=1&resize=700%2C400 2x"},"classes":[]},{"id":17567,"url":"https:\/\/www.freidenker.org\/?p=17567","url_meta":{"origin":14156,"position":3},"title":"Lisa Fitz \u2013 Amateure sind betroffen, Profis handeln!","author":"Webredaktion","date":"22. November 2023","format":false,"excerpt":"Video von Lisa Fitz Wir haben zwei Arten von W\u00e4hlern. Die einen k\u00fcmmern sich um nix und die anderen wollen immer recht haben. \u201eAber wir werden eines Tages nicht nur die Worte und Taten der Politiker zu bereuen haben, sondern auch das furchtbare Schweigen der Mehrheit.\u201c Da hatte unser Bert\u2026","rel":"","context":"In &quot;Kultur &amp; Kunst&quot;","block_context":{"text":"Kultur &amp; Kunst","link":"https:\/\/www.freidenker.org\/?cat=913"},"img":{"alt_text":"","src":"https:\/\/i0.wp.com\/www.freidenker.org\/fw17\/wp-content\/uploads\/2023\/11\/Lisa_Fitz_Profis_handeln_800x450.jpg?fit=800%2C450&ssl=1&resize=350%2C200","width":350,"height":200,"srcset":"https:\/\/i0.wp.com\/www.freidenker.org\/fw17\/wp-content\/uploads\/2023\/11\/Lisa_Fitz_Profis_handeln_800x450.jpg?fit=800%2C450&ssl=1&resize=350%2C200 1x, https:\/\/i0.wp.com\/www.freidenker.org\/fw17\/wp-content\/uploads\/2023\/11\/Lisa_Fitz_Profis_handeln_800x450.jpg?fit=800%2C450&ssl=1&resize=525%2C300 1.5x, https:\/\/i0.wp.com\/www.freidenker.org\/fw17\/wp-content\/uploads\/2023\/11\/Lisa_Fitz_Profis_handeln_800x450.jpg?fit=800%2C450&ssl=1&resize=700%2C400 2x"},"classes":[]},{"id":15476,"url":"https:\/\/www.freidenker.org\/?p=15476","url_meta":{"origin":14156,"position":4},"title":"Lisa Fitz &#8211; Bin Ich Rechts??","author":"Webredaktion","date":"12. M\u00e4rz 2023","format":false,"excerpt":"Zweiteiliges Video von Lisa Fitz So, der Karneval ist vorbei, Gott sei Dank. Annalena hat den Faschingsdings gekriegt, wider den tierischen Ernst. Dass man den auch f\u00fcr unfreiwillige Komik bekommt, wusste ich nicht?! Aber\u2026 Mann, war ich erleichtert! Jetzt ist klar, dass sie den Krampf, den sie redet, gar nicht\u2026","rel":"","context":"In &quot;Demokratie \u2013 Medien \u2013 Aufkl\u00e4rung&quot;","block_context":{"text":"Demokratie \u2013 Medien \u2013 Aufkl\u00e4rung","link":"https:\/\/www.freidenker.org\/?cat=12"},"img":{"alt_text":"","src":"https:\/\/i0.wp.com\/www.freidenker.org\/fw17\/wp-content\/uploads\/2023\/03\/lisa_fitz_binichrechts_3_800x450.jpg?fit=800%2C450&ssl=1&resize=350%2C200","width":350,"height":200,"srcset":"https:\/\/i0.wp.com\/www.freidenker.org\/fw17\/wp-content\/uploads\/2023\/03\/lisa_fitz_binichrechts_3_800x450.jpg?fit=800%2C450&ssl=1&resize=350%2C200 1x, https:\/\/i0.wp.com\/www.freidenker.org\/fw17\/wp-content\/uploads\/2023\/03\/lisa_fitz_binichrechts_3_800x450.jpg?fit=800%2C450&ssl=1&resize=525%2C300 1.5x, https:\/\/i0.wp.com\/www.freidenker.org\/fw17\/wp-content\/uploads\/2023\/03\/lisa_fitz_binichrechts_3_800x450.jpg?fit=800%2C450&ssl=1&resize=700%2C400 2x"},"classes":[]},{"id":11838,"url":"https:\/\/www.freidenker.org\/?p=11838","url_meta":{"origin":14156,"position":5},"title":"Ist das neutraler Journalismus?","author":"Webredaktion","date":"26. Dezember 2021","format":false,"excerpt":"Video von Lisa Fitz und Beitrag von Anton Gentzen Seit Tagen braust ein medialer Emp\u00f6rungssturm durchs Land - im Mittelpunkt der Angriffe: die Kabarettistin Lisa Fitz, Beiratsmitglied des Deutschen Freidenker-Verbandes.\u00a0Nachdem der SWR die gesamte Sendung \"Sp\u00e4tschicht\" vom 10.12.2021 aus der ARD Mediathek und seinem Video-Archiv bei YouTube entfernt hat, wurde\u2026","rel":"","context":"In &quot;Demokratie \u2013 Medien \u2013 Aufkl\u00e4rung&quot;","block_context":{"text":"Demokratie \u2013 Medien \u2013 Aufkl\u00e4rung","link":"https:\/\/www.freidenker.org\/?cat=12"},"img":{"alt_text":"","src":"https:\/\/i0.wp.com\/www.freidenker.org\/fw17\/wp-content\/uploads\/2021\/12\/Lisa_Fitz_Impfen_800x450.jpg?fit=800%2C450&ssl=1&resize=350%2C200","width":350,"height":200,"srcset":"https:\/\/i0.wp.com\/www.freidenker.org\/fw17\/wp-content\/uploads\/2021\/12\/Lisa_Fitz_Impfen_800x450.jpg?fit=800%2C450&ssl=1&resize=350%2C200 1x, https:\/\/i0.wp.com\/www.freidenker.org\/fw17\/wp-content\/uploads\/2021\/12\/Lisa_Fitz_Impfen_800x450.jpg?fit=800%2C450&ssl=1&resize=525%2C300 1.5x, https:\/\/i0.wp.com\/www.freidenker.org\/fw17\/wp-content\/uploads\/2021\/12\/Lisa_Fitz_Impfen_800x450.jpg?fit=800%2C450&ssl=1&resize=700%2C400 2x"},"classes":[]}],"_links":{"self":[{"href":"https:\/\/www.freidenker.org\/index.php?rest_route=\/wp\/v2\/posts\/14156","targetHints":{"allow":["GET"]}}],"collection":[{"href":"https:\/\/www.freidenker.org\/index.php?rest_route=\/wp\/v2\/posts"}],"about":[{"href":"https:\/\/www.freidenker.org\/index.php?rest_route=\/wp\/v2\/types\/post"}],"author":[{"embeddable":true,"href":"https:\/\/www.freidenker.org\/index.php?rest_route=\/wp\/v2\/users\/3"}],"replies":[{"embeddable":true,"href":"https:\/\/www.freidenker.org\/index.php?rest_route=%2Fwp%2Fv2%2Fcomments&post=14156"}],"version-history":[{"count":0,"href":"https:\/\/www.freidenker.org\/index.php?rest_route=\/wp\/v2\/posts\/14156\/revisions"}],"wp:featuredmedia":[{"embeddable":true,"href":"https:\/\/www.freidenker.org\/index.php?rest_route=\/wp\/v2\/media\/14157"}],"wp:attachment":[{"href":"https:\/\/www.freidenker.org\/index.php?rest_route=%2Fwp%2Fv2%2Fmedia&parent=14156"}],"wp:term":[{"taxonomy":"category","embeddable":true,"href":"https:\/\/www.freidenker.org\/index.php?rest_route=%2Fwp%2Fv2%2Fcategories&post=14156"},{"taxonomy":"post_tag","embeddable":true,"href":"https:\/\/www.freidenker.org\/index.php?rest_route=%2Fwp%2Fv2%2Ftags&post=14156"}],"curies":[{"name":"wp","href":"https:\/\/api.w.org\/{rel}","templated":true}]}}