{"id":14152,"date":"2022-09-05T07:54:31","date_gmt":"2022-09-05T05:54:31","guid":{"rendered":"https:\/\/www.freidenker.org\/?p=14152"},"modified":"2022-10-03T23:50:04","modified_gmt":"2022-10-03T21:50:04","slug":"baerbock-der-schicksalsschlag-unserer-nation","status":"publish","type":"post","link":"https:\/\/www.freidenker.org\/?p=14152","title":{"rendered":"Baerbock, der Schicksalsschlag unserer Nation"},"content":{"rendered":"<h5>Die personifizierte Unf\u00e4higkeit f\u00e4hrt alles in die Gr\u00fctze, wof\u00fcr das bessere Nachkriegs-Deutschland einmal stand<\/h5>\n<p><em>Von <strong>Friedhelm Klinkhammer<\/strong> und <strong>Volker Br\u00e4utigam<\/strong><\/em><\/p>\n<p><strong>Frauenpower, erinnern Sie sich noch? Angela Merkel fand nichts dabei, Josef Ackermann, dem Chef der Deutschen Bank, im Kanzleramt eine Saus-und-Braus-Fete zum 60. Geburtstag auszurichten.<\/strong><a href=\"#_edn1\" name=\"_ednref1\">[1]<\/a><strong> Verteidigungsministerin Ursula von der Leyen fand, dass sie bei 300 Millionen Euro f\u00fcr Beratervertr\u00e4ge auch einen ihrer S\u00f6hne bedenken k\u00f6nne.<\/strong><a href=\"#_edn2\" name=\"_ednref2\">[2]<\/a><strong> Die Olivgr\u00fcne Annalena Baerbock fand, ein Sonder-Honorar aus der Parteikasse brauche nicht in ihrer Einkommensteuererkl\u00e4rung aufzutauchen, und Nebeneinnahmen zu melden k\u00f6nne jeder mal vergessen.<\/strong><a href=\"#_edn3\" name=\"_ednref3\">[3]<\/a><strong> Patricia Schlesinger fand, Promis aus Wirtschaft und Politik zu opulenten Fressabenden einzuladen und den Rundfunkbeitragszahler daf\u00fcr blechen zu lassen, stehe einer RBB-Intendantin zu.<\/strong><a href=\"#_edn4\" name=\"_ednref4\">[4]<\/a><strong> Der Tagesschau ist der Aspekt \u201ekorrupte Politik von Frauen\u201c bisher allerdings nicht aufgefallen. Die schnallt aber sowieso nie, was Sache ist.<\/strong><\/p>\n<p>Mag sein, man meint bei ARD-aktuell, Frauen seien per se vertrauensw\u00fcrdiger, da brauche man nicht so genau hinzuschauen. Aber Frauen haben in der Weltgeschichte schon immer ihren Mann gestanden: Sie korrumpieren sich und ihre \u00c4mter ebenso effektiv, der hochgesch\u00e4tzten Alice Schwarzer sei\u2019s geklagt. Kalenderblatt-Weisheit: In der repr\u00e4sentativen Demokratie ist Korruption systemisch bedingt, die Wei\u00dfe Weste geh\u00f6rt nicht zum Gesch\u00e4ftsanzug, auch wenn Frauen ihn tragen.<\/p>\n<p>Merkel ist inzwischen politische Vergangenheit und soll uns hier nicht weiter besch\u00e4ftigen. Von der Leyen ebenfalls nicht, denn im Unterschied zu Baerbock hat sie einen Doktortitel (sie promovierte mit einer Plagiats-verd\u00e4chtigen Dissertation von d\u00fcnnen 65-Seiten <a href=\"#_edn5\" name=\"_ednref5\">[5]<\/a> ) und spricht etwas besser Englisch. Baerbock hingegen<\/p>\n<p style=\"padding-left: 40px;\">\u201e<em>\u2026 we are thinking in old boxes<\/em>\u201c <a href=\"#_edn6\" name=\"_ednref6\">[6]<\/a><\/p>\n<p>(das peinliche Gestammel mag sich im O-Ton anh\u00f6ren, wer mit seiner Zeit nichts anzufangen wei\u00df)<\/p>\n<p>hat nur ein Master-Studium an der <em>London-School of Economics<\/em> (f\u00fcr Kinder beg\u00fcterter Eltern) absolviert und macht den Eindruck, ihr Diplom aus einem M\u00fcnz-Automaten auf dem Flughafen Heathrow gezogen zu haben. Ihr <em>\u201e\u2026 ich komm\u2018 eher aus\u2018m V\u00f6lkerrecht\u201c<\/em>-Niveau <a href=\"#_edn7\" name=\"_ednref7\">[7]<\/a> k\u00f6nnte uns egal sein, w\u00e4re sie nicht grade Deutschlands katastrophale Au\u00dfenministerin, die alle ihre Vorg\u00e4nger intellektuell weit unterbietet.<\/p>\n<h5>Aus dem N\u00e4hk\u00e4stchen NDR<\/h5>\n<p>Gucken wir aber zun\u00e4chst kurz ins eigene N\u00e4hk\u00e4stchen, den NDR. Aus dem k\u00f6nnen wir plaudern, schlie\u00dflich haben wir beide dort Jahrzehnte unseres Berufslebens verbracht. Wir kennen Patricia Schlesinger schon, seit sie eine karrieregeile Jungredakteurin der Fernseh-Programmdirektion in Hamburg-Lokstedt war und einen angetragenen Gewerkschaftsbeitritt br\u00fcsk abwies. Dass sich diese Kollegin im Dunstkreis des NDR mit dem Korruptionsvirus infiziert haben k\u00f6nnte, wunderte uns nicht. Der Sender war l\u00e4ngst bekannt f\u00fcr Eigennutz\u00a0und Machtmissbrauch\u00a0einiger seiner F\u00fchrungskr\u00e4fte und Mitglieder der Aufsichtsgremien.<\/p>\n<p>Wir erinnern uns, dass ein ehemaliger stellvertretender Intendant seiner Ehefrau einen hoch dotierten Schein-Arbeitsvertrag bei der NDR-Werbe-Tochter verschaffte, ohne dass sie daf\u00fcr irgendetwas zu tun hatte.<a href=\"#_edn8\" name=\"_ednref8\">[8]<\/a><sup>, <a href=\"#_edn9\" name=\"_ednref9\">[9]<\/a><\/sup> Die Nummer bewirkte erhebliche Unruhe im Betrieb und f\u00fchrte schlie\u00dflich zum nicht ganz freiwilligen Abgang des Mannes. Allerdings kam er beruflich gut versorgt bei seinen Parteifreunden unter: in der Konrad-Adenauer-Stiftung.<\/p>\n<p>Ein weiterer NDR-Intendant lie\u00df sich zu seinem 60. Geburtstag mit pomp\u00f6sem Aufwand in der eigens daf\u00fcr angemieteten Hamburger Musikhalle feiern und die Kosten des delikaten Events\u00a0\u2013 mehr als 100 000 Euro \u2013 dem Geb\u00fchrenzahler aufs Auge dr\u00fccken, mit Einwilligung\u00a0der Verwaltungsrats-Vorsitzenden.<a href=\"#_edn10\" name=\"_ednref10\">[10]<\/a><sup>, <a href=\"#_edn11\" name=\"_ednref11\">[11]<\/a><\/sup> Er schied ein halbes Jahr vor Vertragsablauf aus, bezog aber bis zum formellen Ende weiter sein volles Gehalt.<a href=\"#_edn12\" name=\"_ednref12\">[12]<\/a> Derlei Schamlosigkeit hat Tradition im \u00f6ffentlich-rechtlichen Rundfunk, und die zur Kontrolle bestellten Gremienmitglieder stecken dabei nur allzu oft mit dem zu beaufsichtigenden Spitzenpersonal unter einer Decke.<\/p>\n<p>Viel ist seit dem schm\u00e4hlichen Abgang der RBB-Intendantin Schlesinger nun von \u201eReformen\u201c die Rede, von \u201eSchadensbegrenzung\u201c, von \u201emehr Transparenz\u201c im \u00f6ffentlich-rechtlichen Rundfunk. Aber wir werden es erleben: Schon zum Jahresende geht alles bei den Geb\u00fchrensendern wieder im gewohnten Trott.<\/p>\n<p>Der Treppenwitz: \u00dcbergangsweise hat WDR-Intendant Tom Buhrow von Schlesinger den ARD-Vorsitz \u00fcbernommen und gibt jetzt den Saubermann. Ausgerechnet Buhrow, der sich vom Verwaltungsrat f\u00fcrstliche 413 000 Euro Jahresgehalt anweisen l\u00e4sst <a href=\"#_edn13\" name=\"_ednref13\">[13]<\/a> \u2013 von Aufwandsentsch\u00e4digungen, Spesenkonto und amtsbedingten Nebeneinnahmen gar nicht erst zu reden. Er wei\u00df, wie man zwecks Erhalt der Freundschaft mit wichtigen Volksvertretern umgeht: Man schafft das nach Seriosit\u00e4t duftende Institut eines \u201eParlamentarischen Abends\u201c <a href=\"#_edn14\" name=\"_ednref14\">[14]<\/a><sup>, <a href=\"#_edn15\" name=\"_ednref15\">[15]<\/a>, <a href=\"#_edn16\" name=\"_ednref16\">[16]<\/a><\/sup> , auf dem sich Landtagsabgeordnete, Rundfunkr\u00e4te und ihre Entourage auf Kosten des Rundfunkbeitragszahlers g\u00fctlich tun. Danach werden den WDR betreffende Gesetze ganz bestimmt so formuliert, dass sie Buhrow und den Herrschenden ein Wohlgefallen sind.<\/p>\n<p>Der \u00f6ffentlich-rechtliche Rundfunk ist gegen jede revolution\u00e4re Ver\u00e4nderung hin zum \u201eKontrollorgan des Volkes\u201c gefeit. Er muss bleiben, was er immer war: Herrschaftsinstrument der Regierenden, das die sich keinesfalls mehr aus der Hand nehmen lassen werden. Ob M\u00e4nner oder Frauen am Ruder sind, bleibt sich dabei selbstverst\u00e4ndlich gleich.<\/p>\n<h5>Ignoranz, die Wurzel allen politischen \u00dcbels<\/h5>\n<p>Doch zur\u00fcck zur sogenannten \u201efeministischen Politik\u201c (die ja nur eine feministische Personalpolitik ist nach dem Prinzip Quote statt Qualit\u00e4t): Annalena Baerbock! Sie bringt insofern Neues auf die B\u00fchne, als sie vollkommen hemmungslos ihren Kenntnismangel, Blickverengung, Geschw\u00e4tzigkeit, Geltungssucht und kriegsl\u00fcsterne Aggressivit\u00e4t auslebt:<\/p>\n<p style=\"padding-left: 40px;\"><em>\u201eF\u00fcr mich ist klar: Die Ukraine verteidigt auch unsere Freiheit, unsere Friedensordnung und wir unterst\u00fctzen sie finanziell und milit\u00e4risch \u2013 und zwar so lange es n\u00f6tig ist. Punkt.\u201c <a href=\"#_edn17\" name=\"_ednref17\"><strong>[17]<\/strong><\/a> <\/em><\/p>\n<p>Auf einem Treffen der Nicht-Regierungsorganisation \u201eForum 2000\u201c am 31. August in Prag erkl\u00e4rte sie, sie stehe zur Ukraine:<\/p>\n<p style=\"padding-left: 40px;\"><em>\u201e\u2026 e<\/em><em>gal, was meine deutschen W\u00e4hler denken \u2026 \u201c <\/em><a href=\"#_edn18\" name=\"_ednref18\">[18]<\/a><\/p>\n<p>Dabei bleibe sie selbst dann,<\/p>\n<p style=\"padding-left: 40px;\"><em>\u201ewenn die Menschen in gro\u00dfer Zahl wegen der hohen Energiekosten auf die Stra\u00dfe gehen.\u201c <\/em><a href=\"#_edn19\" name=\"_ednref19\">[19]<\/a><\/p>\n<p>Kontext: Ist mir doch schei\u00dfegal, wie schlecht es den deutschen B\u00fcrgern geht. Das h\u00e4tten die allerdings vor der Wahl zum 20. Deutschen Bundestag wissen sollen \/ k\u00f6nnen.<\/p>\n<p>Es w\u00e4re Baerbocks Amtes, auf Verhandlungen zwischen der Ukraine und Russland \u00fcber einen Friedensschluss zu dr\u00e4ngen sowie auf direkte eigene Gespr\u00e4che mit der russischen Regierung hinzuarbeiten. Stattdessen setzt sie unverhohlen auf Waffenlieferungen an Kiew, auf Deutschlands Rolle als Kriegspartei gegen Russland und auf Verl\u00e4ngerung des Entsetzens in der Ukraine:<\/p>\n<p style=\"padding-left: 40px;\"><em>\u201eWir m\u00fcssen uns darauf einstellen, dass dieser Krieg noch Jahre dauern k\u00f6nnte.\u201c<\/em> <a href=\"#_edn20\" name=\"_ednref20\">[20]<\/a><\/p>\n<p>Zu solch b\u00f6sartiger Perspektivenwahl und sprachlicher Schw\u00e4che passt das typische Nachplappern einer Gr\u00fcnen G\u00f6re: <em>\u201eDie Ukraine verteidigt auch unsere Freiheit, unsere Friedensordnung\u201c<\/em>. Baerbock quasselt garantiert kenntnisfrei und ohne zu bedenken, \u00fcber was: \u00dcber das mit Abstand korrupteste Staatsgebilde Europas, die Ukraine. Gef\u00fchrt von einer ersichtlich koksenden US-Marionette, einem schamlosen Neonazi-F\u00f6rderer und Steuerhinterzieher mit millionenschweren Auslandskonten.<a href=\"#_edn21\" name=\"_ednref21\">[21]<\/a> Die olivgr\u00fcne Camouflage dieses hemmungslosen Antidemokraten erspart uns die Tagesschau seit Monaten an kaum einem Tag.<\/p>\n<p>Die Ukraine\u00a0ist ein \u201e<em>failed state<\/em>\u201c am Tropf des Westens. Dem Selenskyj verboten Gro\u00dfbritannien und die USA\u00a0im Mai\u00a0weitere\u00a0Friedensverhandlungen\u00a0in der T\u00fcrkei, um Russland in einem langwierigen Krieg \u201eschw\u00e4chen\u201c zu k\u00f6nnen. In beispielloser Verantwortungslosigkeit lie\u00df sich die Marionette Selenskyj\u00a0von den USA und der EU\u00a0als machtgieriger Kriegsherr aufbauen, der seine Landsleute zu Zigtausenden als Kanonenfutter opfert. Im geostrategischen Interesse der USA. Sein Motto: Ihr liefert die Waffen, wir die Leichen.<\/p>\n<h5>Den US-Amis zu Diensten<\/h5>\n<p>\u201eFeministische Au\u00dfenpolitik\u201c? Baerbocks Kriegskurs<a href=\"#_edn22\" name=\"_ednref22\">[22]<\/a> ist nicht feministisch, schon gar nicht feminin (im Sinne von fraulich-m\u00fctterlich). Nicht ein einziges bewegendes Wort des Gedenkens und der Trauer hat Baerbock den ukrainischen und den russischen Kriegstoten gewidmet. Die Tagesschau verschweigt eh gewohnheitsm\u00e4\u00dfig, was sich auf dem \u201eSchlachtfeld\u201c ereignet:\u00a0Jeden Tag meldet das russische Verteidigungsministerium zwischen 200 und 500 \u201evernichtete\u201c ukrainische Soldaten.<a href=\"#_edn23\" name=\"_ednref23\">[23]<\/a>\u00a0Hunderte Tote, Tag um Tag, in einem Krieg, der zugunsten von Freiheit und Demokratie von jetzt auf gleich beendet sein k\u00f6nnte \u2013 wenn Washington, London und Berlin es nur wollten.<\/p>\n<p>Seit Kriegsbeginn haben mehr als 50 000 Ukrainer ihr Leben verloren. Zehn Millionen Menschen sind geflohen. Sich dar\u00fcber halbwegs gesichert und aus unterschiedlichen Quellen zu informieren, ist dem deutschen Zeitgenossen normalerweise verwehrt: Alle \u201eFeindmedien\u201c unterliegen hierzulande der Zensur<a href=\"#_edn24\" name=\"_ednref24\">[24]<\/a>,\u00a0die laut Grundgesetz aber gar nicht stattfindet und die es demnach auch nicht ausnahmsweise geben darf.<a href=\"#_edn25\" name=\"_ednref25\">[25]<\/a> Doch Rechtsnihilismus ist neuerdings deutsche Staatsr\u00e4son.<\/p>\n<p>Dem bundesdeutschen Erz\u00e4hlerjournalismus andererseits geht es um Verdummung der B\u00fcrger, um das Einlullen der Sofabesatzung: Sie soll nicht merken, dass sie f\u00fcr die Fortsetzung eines l\u00e4ngst verlorenen Krieges gemolken wird. Deshalb auch meint Baerbock, zum wiederholten Male vor \u201eKriegsm\u00fcdigkeit\u201c warnen zu m\u00fcssen, vor dem Schreckgespenst des Friedens.<a href=\"#_edn26\" name=\"_ednref26\">[26]<\/a><\/p>\n<h5>Regierungs-Sprachrohr<\/h5>\n<p>Die Tagesschau widmet sich hingebungsvoll der Aufgabe, den Widerstand des Westens gegen Friedensverhandlungen und die fortgesetzten massenhaften Waffenlieferungen an Kiew als Politik zur Kriegsverk\u00fcrzung auszugeben. Damit verl\u00e4dt die Hauptabteilung ARD-aktuell ihr Publikum vollends:<\/p>\n<p style=\"padding-left: 40px;\"><em>\u201eWaffenlieferungen jeder Art sind die wahrscheinlich beste M\u00f6glichkeit, den Krieg zu verk\u00fcrzen, um die Balance klar in eine Richtung zu drehen.\u201c <\/em><a href=\"#_edn27\" name=\"_ednref27\">[27]<\/a><\/p>\n<p>Das hat schon Baerbock\u2018sches Format.<\/p>\n<p>Ach, was waren das noch dumm-gl\u00fcckliche Zeiten, als die TAZ (Hermann Gremliza: \u201eKinder-FAZ\u201c) sich kaum einkriegen konnte vor Freude \u00fcber die erste Frau im deutschen Au\u00dfenamt:<\/p>\n<p style=\"padding-left: 40px;\"><em>\u201eWichtiger noch als eine Frau ist aber eine feministisch denkende Person. Dass wir das nun in einem haben \u2013 eine feministische, kompetente Person und dann auch noch eine Frau \u2013 das ist schon ein Gl\u00fccksfall.\u201c<\/em> <a href=\"#_edn28\" name=\"_ednref28\">[28]<\/a><\/p>\n<p>Zu diesem Zeitpunkt wussten kompetente und \u00fcberzeugende Feministinnen l\u00e4ngst, was von einer Annalena Baerbock zu erwarten war. Alice Schwarzer im Fr\u00fchjahr 2021:<\/p>\n<p style=\"padding-left: 40px;\"><em>\u201eAber setzt diese Frau \u00fcberhaupt auf die Frauenkarte? Ist sie sich eigentlich dessen bewusst, dass sie zwar jetzt eine Frau an der Spitze ist, aber doch in einer weiterhin m\u00e4nnerbeherrschten Welt? &#8230; Doch die F-Frage schien sie nicht zu verstehen oder nicht verstehen zu wollen. Sie plauderte kurz und munter \u00fcber ihre eigene Familie und dass die immer wisse, wo sie, die Mutter, \u201ahingeh\u00f6re\u2018. Aber wei\u00df Annalena Baerbock auch, wo sie politisch hingeh\u00f6rt?\u201c <\/em><a href=\"#_edn29\" name=\"_ednref29\">[29]<\/a><\/p>\n<p>Im Januar 2022 lie\u00df Ministerin Annalena Baerbock die Leitlinien ihrer zuk\u00fcnftigen Arbeit skizzieren: im Kern eine menschenrechtsorientierte Klimapolitik und eine \u201efeministische Au\u00dfenpolitik\u201c. Expertendefinition: Unter feministischer Au\u00dfenpolitik sei die Militarisierung von Sicherheitsstrukturen aufzugeben und gegen die \u00dcberzeugung aufzutreten, dass \u201emehr Waffen gleich mehr Sicherheit bedeuten \u2026\u201c <a href=\"#_edn30\" name=\"_ednref30\">[30]<\/a><\/p>\n<p>Schon zwei Monate sp\u00e4ter galt das nicht mehr. Baerbock machte die Volte r\u00fcckw\u00e4rts und bewies mit \u00fcbersch\u00e4umendem Engagement f\u00fcr Waffenlieferungen an die Ukraine, dass ihr jegliche Grundsatztreue fehlt. Sie lebt seither mannhaft ihre Machtbefugnis aus. Dass sie sich noch zu Jahresbeginn gegen Waffenlieferungen in Krisengebiete ausgesprochen hatte, war vergessen.<a href=\"#_edn31\" name=\"_ednref31\">[31]<\/a><\/p>\n<p>Im Zivilleben nennt man solche Leute auf Rheinisch \u201e\u2018ne fiese M\u00f6pp\u201c. Auf Alltagsdeutsch charakterlos.<\/p>\n<h5>Krankhafte Realit\u00e4tsverweigerung<\/h5>\n<p>Statt grundgesetzkonform friedensbem\u00fchter Au\u00dfenpolitik liefert Baerbock kriegerische und v\u00f6lkerrechtswidrige Sanktionsbeschl\u00fcsse vom Band, ganz im Sinne ihrer Washingtoner Vorturner:<\/p>\n<p style=\"padding-left: 40px;\"><em>\u201eWir treffen das System Putin dort, wo es getroffen werden muss, eben nicht nur wirtschaftlich und finanziell, sondern in seinem Machtkern\u201c,<\/em><\/p>\n<p>schwadronierte Baerbock und lie\u00df ihrem Publikum damit die Wahl, ob es \u00fcber soviel Unverstand lachen oder weinen sollte. Putin und Lawrow seien, behauptete Baerbock, verantwortlich daf\u00fcr,<\/p>\n<p style=\"padding-left: 40px;\"><em>\u201edass das internationale System mit F\u00fc\u00dfen getreten wird. Und das nehmen wir als Europ\u00e4erinnen und Europ\u00e4er nicht hin.\u201c <\/em><a href=\"#_edn32\" name=\"_ednref32\">[32]<\/a><\/p>\n<p>Mit diesem Dummgeschw\u00e4tz aber nicht genug. Baerbock-Schnellsprech, ohne Punkt und Komma, am Rande des NATO-Sommergipfels in Madrid:<\/p>\n<p style=\"padding-left: 40px;\"><em>\u201e \u2026 wir wollten weiter mit Russland \u00e4h leben, es war nie Ziel der NATO in Konfrontation mit Russland zu gehen ganz im Gegenteil man hat ja im Rahmen der NATO gemeinsam mit Russland vor einiger Zeit, vor l\u00e4ngerer Zeit, die NATO-Russland-Grundakte auch beschlossen das war genau das Instrument wie man in Frieden, in Vertrauen miteinander lebt aber dieses Vertrauen hat Russland im wahrsten Sinne des Wortes in die Luft gesprengt und jetzt gilt es gerade, diese L\u00e4nder zu unterst\u00fctzen, die in direkter Nachbarschaft an der Grenze zu Russland, \u00e4h, liegen, weil die sich f\u00fcrchten, \u00e4h, wenn sie angegriffen werden wir machen hier deutlich wir stehen in voller Solidarit\u00e4t mit den baltischen Staaten, mit Finnland und Schweden und werden jeden Winkel unseres gemeinsamen B\u00fcndnisgebietes verteidigen wenn es denn so sein sollte aber wir tun alles, dass es dazu nicht kommt \u2026\u201c <a href=\"#_edn33\" name=\"_ednref33\"><strong>[33]<\/strong><\/a><\/em><\/p>\n<p>An dieser Stelle des Interviews haben wir kapituliert. In Anlehnung an Karl Kraus gestehen wir der Baerbock zu: Man muss nicht nur keine Ahnung haben, wovon man eigentlich spricht, man muss es auch noch schlecht ausdr\u00fccken k\u00f6nnen. Dann kann man deutsche Au\u00dfenministerin.<\/p>\n<h5>Endsieg-Besoffenheit<\/h5>\n<p>Hochmut kommt vor dem Fall, wei\u00df der Volksmund. Die Sanktionen der USA und der EU in Verbindung mit deutscher Endsieg-Besoffenheit und dem Berliner Wohlwollen f\u00fcr Ukronazis treffen bekanntlich nicht die Russen, sondern schlagen auf die sanktionierenden Staaten zur\u00fcck: Unertr\u00e4gliche Preiserh\u00f6hungen, Konkurse, zunehmende Schw\u00e4che und Kostenexplosion bei der Energieversorgung, Reallohn- und Arbeitsplatzverluste. Schw\u00e4chelnder Dollar und Euro, zerlegender Rubel. All das begleitet von machttrunkenen Normierungsappellen (Heizung abdrehen, Pullover anziehen, Waschlappen statt Dusche \u2026 Fehlt nur noch: Klopapier sparen, die Zeitung daf\u00fcr vierteln \u2013 oder gleich Gras nehmen, wie fr\u00fcher der Soldat im Felde).<\/p>\n<p>Das ist die Darbietung Gr\u00fcner Dilettanten, deren Russenhass sie l\u00e4ngst auch pers\u00f6nlich disqualifiziert: Baerbock (und gleich nach ihr Habeck) sind Versager, denen man zumindest Untreue, Amtsmissbrauch und letztlich Friedens- und Landesverrat vorwerfen kann. Und die trotzdem nicht im Traum daran denken, sich endlich vom Acker zu machen. Hinter Baerbocks \u00f6ffentlicher Warnung vor Volksaufst\u00e4nden <a href=\"#_edn34\" name=\"_ednref34\">[34]<\/a> steckt keine Spur von Bewusstsein ihrer Inkompetenz.<\/p>\n<p>Es ficht sie nicht an, dass viele ihrer Mitb\u00fcrger in objektiv begr\u00fcndeten Existenz\u00e4ngsten leben und sich an den schon leeren Tafeln immer noch lange Warteschlangen bilden. Ihr und ihren Gr\u00fcnen Ministerkollegen geht es ja pr\u00e4chtig, sie sind dicke versorgt, ihr Alltag bleibt von den Folgen ihrer Politik weitestgehend unber\u00fchrt. Der Elitenforscher Michael Hartmann b\u00fcndig:<\/p>\n<p style=\"padding-left: 40px;\"><em>\u201eDie Eliten sind in ihrer gro\u00dfen Mehrheit inzwischen so weit von der breiten Bev\u00f6lkerung entfernt, dass sie zunehmend Schwierigkeiten haben, deren Probleme zu erkennen und die Folgen ihrer Entscheidungen f\u00fcr die Bev\u00f6lkerung zu verstehen.\u201c<\/em> <a href=\"#_edn35\" name=\"_ednref35\">[35]<\/a><\/p>\n<h5>Das Einst und das Jetzt<\/h5>\n<p>Otto Graf Bismarck reiste 1859 als preu\u00dfischer Gesandter nach St. Petersburg, lernte in k\u00fcrzester Zeit Russisch und bezeichnete den Au\u00dfenminister F\u00fcrst Gortschakow als seinen Lehrmeister in Diplomatie. Er warnte vor jedem Gedanken an Krieg gegen Russland:<\/p>\n<p style=\"padding-left: 40px;\">\u00a0<em>\u201eSelbst der g\u00fcnstigste Ausgang \u2026 w\u00fcrde niemals die Zersetzung der Hauptmacht Russlands zur Folge haben \u2026<\/em> (und Russland w\u00fcrde) <em>nach einer Niederlage unser geborener und revanchebed\u00fcrftiger Gegner bleiben.\u201c <\/em><a href=\"#_edn36\" name=\"_ednref36\">[36]<\/a><\/p>\n<p>Noch auf seinem Sterbebett warnte Bismarck: \u201eNiemals gegen Russland!\u201c Au\u00dfenministerin Baerbock (\u201e\u2026 ich komm\u2018 ja mehr aus\u2018m V\u00f6lkerrecht\u201c) wei\u00df aber auch von Bismarck wahrscheinlich nicht viel mehr, als dass er mit Nachnamen Hering hie\u00df und von ihm der Rollmops kommt. So ist das eben, wenn eine Au\u00dfenministerin aus unserer Geschichte nichts gelernt und von Diplomatie sowieso keinen Schimmer hat.<\/p>\n<p>Borniertheit gedeiht auf gr\u00fcnem N\u00e4hrboden bestens. Da verspricht sie reiche Ernte: Faschistoides Denken und Verhalten \u2013 deutsche Blockwartmentalit\u00e4t! \u2013 werden folglich bei uns abermals zur Normalit\u00e4t. Sie zeigen sich deutlich im neuerlichen Diskurs \u00fcber Deutschlands Mitwirkung am Krieg gegen Russland. Oskar Lafontaine:<\/p>\n<p style=\"padding-left: 40px;\"><em>\u201eDie\u00a0\u00c4u\u00dferung von Annalena Baerbock, wir sollten \u201aRussland ruinieren\u2018, muss man schon faschistoid nennen.\u201c <\/em><a href=\"#_edn37\" name=\"_ednref37\">[37]<\/a><\/p>\n<p>Stimmt.<\/p>\n<p>&nbsp;<\/p>\n<h5><a href=\"#_ednref1\" name=\"_edn1\"><\/a>Quellen und Anmerkungen:<\/h5>\n<p>[1] <a href=\"https:\/\/www.spiegel.de\/politik\/deutschland\/party-im-kanzleramt-ackermann-feierte-auf-staatskosten-a-644659.html\" target=\"_blank\" rel=\"noopener\">https:\/\/www.spiegel.de\/politik\/deutschland\/party-im-kanzleramt-ackermann-feierte-auf-staatskosten-a-644659.html<\/a><\/p>\n<p><a href=\"#_ednref2\" name=\"_edn2\">[2]<\/a> <a href=\"https:\/\/www.zaronews.world\/zaronews-presseberichte\/profitiert-ursula-von-der-leyens-sohn-von-zugeschusterten-beratervertraegen-der-mutter\/\" target=\"_blank\" rel=\"noopener\">https:\/\/www.zaronews.world\/zaronews-presseberichte\/profitiert-ursula-von-der-leyens-sohn-von-zugeschusterten-beratervertraegen-der-mutter\/<\/a><\/p>\n<p><a href=\"#_ednref3\" name=\"_edn3\">[3]<\/a> <a href=\"https:\/\/de.quora.com\/Ist-die-Aussage-von-Annalena-Baebock-die-nicht-fristgem\u00e4\u00dfe-Anzeige-von-Nebeneink\u00fcnften-beim-Bundestag-sei-lediglich-ein-bl\u00f6des-Vers\u00e4umnis-gewesen-glaubhaft?share=1\" target=\"_blank\" rel=\"noopener\">https:\/\/de.quora.com\/Ist-die-Aussage-von-Annalena-Baebock-die-nicht-fristgem\u00e4\u00dfe-Anzeige-von-Nebeneink\u00fcnften-beim-Bundestag-sei-lediglich-ein-bl\u00f6des-Vers\u00e4umnis-gewesen-glaubhaft?share=1<\/a><\/p>\n<p><a href=\"#_ednref4\" name=\"_edn4\">[4]<\/a> <a href=\"https:\/\/www.businessinsider.de\/wirtschaft\/abendessen-auf-rbb-kosten-staatsanwaltschaft-interessiert-sich-fuer-belastende-aussagen-der-gaeste-von-patricia-schlesinger\/\" target=\"_blank\" rel=\"noopener\">https:\/\/www.businessinsider.de\/wirtschaft\/abendessen-auf-rbb-kosten-staatsanwaltschaft-interessiert-sich-fuer-belastende-aussagen-der-gaeste-von-patricia-schlesinger\/<\/a><\/p>\n<p><a href=\"#_ednref5\" name=\"_edn5\">[5]<\/a> <a href=\"https:\/\/www.welt.de\/politik\/deutschland\/article153127144\/Von-der-Leyen-darf-ihren-Doktor-behalten.html\">https:\/\/www.welt.de\/politik\/deutschland\/article153127144\/Von-der-Leyen-darf-ihren-Doktor-behalten.html<\/a><\/p>\n<p><a href=\"#_ednref6\" name=\"_edn6\">[6]<\/a> <a href=\"https:\/\/t.me\/Rot_Okt\/1622\">https:\/\/t.me\/Rot_Okt\/1622<\/a><\/p>\n<p><a href=\"#_ednref7\" name=\"_edn7\">[7]<\/a> <a href=\"https:\/\/www.youtube.com\/watch?v=nOMW8Kn4OLw\" target=\"_blank\" rel=\"noopener\">https:\/\/www.youtube.com\/watch?v=nOMW8Kn4OLw<\/a><\/p>\n<p><a href=\"#_ednref8\" name=\"_edn8\">[8]<\/a> <a href=\"https:\/\/www.focus.de\/kultur\/medien\/plogs-problem-norddeutscher-rundfunk_id_1848591.html\" target=\"_blank\" rel=\"noopener\">https:\/\/www.focus.de\/kultur\/medien\/plogs-problem-norddeutscher-rundfunk_id_1848591.html<\/a><\/p>\n<p><a href=\"#_ednref9\" name=\"_edn9\">[9]<\/a> <a href=\"https:\/\/www.spiegel.de\/kultur\/stehlings-schwarze-stunde-a-5a6a188e-0002-0001-0000-000009199998\" target=\"_blank\" rel=\"noopener\">https:\/\/www.spiegel.de\/kultur\/stehlings-schwarze-stunde-a-5a6a188e-0002-0001-0000-000009199998<\/a><\/p>\n<p><a href=\"#_ednref10\" name=\"_edn10\">[10]<\/a> <a href=\"https:\/\/www.welt.de\/wams_print\/article1522352\/Fast-ein-Staatsakt-Ein-Sendefuerst-nimmt-Abschied.html\" target=\"_blank\" rel=\"noopener\">https:\/\/www.welt.de\/wams_print\/article1522352\/Fast-ein-Staatsakt-Ein-Sendefuerst-nimmt-Abschied.html<\/a><\/p>\n<p><a href=\"#_ednref11\" name=\"_edn11\">[11]<\/a> <a href=\"https:\/\/www.ossietzky.net\/laden\/krieg-und-frieden-in-den-medien-ialana-hrsg\/\">https:\/\/www.ossietzky.net\/laden\/krieg-und-frieden-in-den-medien-ialana-hrsg\/<\/a> (s.S. 231 ff)<\/p>\n<p><a href=\"#_ednref12\" name=\"_edn12\">[12]<\/a> <a href=\"https:\/\/www.digitalfernsehen.de\/news\/medien-news\/maerkte\/ndr-intendant-jobst-plog-bekommt-nach-ausscheiden-weiter-gehalt-375398\/\" target=\"_blank\" rel=\"noopener\">https:\/\/www.digitalfernsehen.de\/news\/medien-news\/maerkte\/ndr-intendant-jobst-plog-bekommt-nach-ausscheiden-weiter-gehalt-375398\/<\/a><\/p>\n<p><a href=\"#_ednref13\" name=\"_edn13\">[13]<\/a> <a href=\"https:\/\/de.statista.com\/statistik\/daten\/studie\/785812\/umfrage\/jahresgehaelter-der-ard-intendanten-derlandesrundfunkanstalten\/\" target=\"_blank\" rel=\"noopener\">https:\/\/de.statista.com\/statistik\/daten\/studie\/785812\/umfrage\/jahresgehaelter-der-ard-intendanten-derlandesrundfunkanstalten\/<\/a><\/p>\n<p><a href=\"#_ednref14\" name=\"_edn14\">[14]<\/a> <a href=\"https:\/\/www.youtube.com\/watch?v=HjfrnpfJhQE\" target=\"_blank\" rel=\"noopener\">https:\/\/www.youtube.com\/watch?v=HjfrnpfJhQE<\/a><\/p>\n<p><a href=\"#_ednref15\" name=\"_edn15\">[15]<\/a> <a href=\"https:\/\/www1.wdr.de\/unternehmen\/der-wdr\/unternehmen\/parlamentarischer_abend-102.html\" target=\"_blank\" rel=\"noopener\">https:\/\/www1.wdr.de\/unternehmen\/der-wdr\/unternehmen\/parlamentarischer_abend-102.html<\/a><\/p>\n<p><a href=\"#_ednref16\" name=\"_edn16\">[16]<\/a> <a href=\"https:\/\/www.wz.de\/kultur\/wdr-bewirtet-nrw-abgeordnete-vor-lesung-des-wdr-gesetzes_aid-26016769\" target=\"_blank\" rel=\"noopener\">https:\/\/www.wz.de\/kultur\/wdr-bewirtet-nrw-abgeordnete-vor-lesung-des-wdr-gesetzes_aid-26016769<\/a><\/p>\n<p><a href=\"#_ednref17\" name=\"_edn17\">[17]<\/a> <a href=\"https:\/\/www.berliner-zeitung.de\/news\/annalena-baerbock-unterstuetzen-die-ukraine-so-lange-es-noetig-ist-li.261034\" target=\"_blank\" rel=\"noopener\">https:\/\/www.berliner-zeitung.de\/news\/annalena-baerbock-unterstuetzen-die-ukraine-so-lange-es-noetig-ist-li.261034<\/a><\/p>\n<p><a href=\"#_ednref18\" name=\"_edn18\">[18]<\/a> <a href=\"https:\/\/www.infowars.com\/posts\/german-foreign-minister-says-support-for-ukraine-will-continue-no-matter-what-voters-think\/\" target=\"_blank\" rel=\"noopener\">https:\/\/www.infowars.com\/posts\/german-foreign-minister-says-support-for-ukraine-will-continue-no-matter-what-voters-think\/<\/a><\/p>\n<p><a href=\"#_ednref19\" name=\"_edn19\">[19]<\/a> <a href=\"https:\/\/ussanews.com\/2022\/09\/01\/german-foreign-minister-says-support-for-ukraine-will-continue-no-matter-what-voters-think\/\" target=\"_blank\" rel=\"noopener\">https:\/\/ussanews.com\/2022\/09\/01\/german-foreign-minister-says-support-for-ukraine-will-continue-no-matter-what-voters-think\/<\/a><\/p>\n<p><a href=\"#_ednref20\" name=\"_edn20\">[20]<\/a> <a href=\"https:\/\/www.tagesschau.de\/multimedia\/sendung\/ts-52933.html\" target=\"_blank\" rel=\"noopener\">https:\/\/www.tagesschau.de\/multimedia\/sendung\/ts-52933.html<\/a><\/p>\n<p><a href=\"#_ednref21\" name=\"_edn21\">[21]<\/a> <a href=\"https:\/\/www.welt.de\/kultur\/plus240130237\/Selenskyj-Offshore-Konten-und-Wagnergate-geheime-Geschaefte-des-Praesidenten.html\" target=\"_blank\" rel=\"noopener\">https:\/\/www.welt.de\/kultur\/plus240130237\/Selenskyj-Offshore-Konten-und-Wagnergate-geheime-Geschaefte-des-Praesidenten.html<\/a><\/p>\n<p><a href=\"#_ednref22\" name=\"_edn22\">[22]<\/a> <a href=\"https:\/\/lostineu.eu\/baerbock-wuenscht-russland-ein-strategisches-scheitern\/\" target=\"_blank\" rel=\"noopener\">https:\/\/lostineu.eu\/baerbock-wuenscht-russland-ein-strategisches-scheitern\/<\/a><\/p>\n<p><a href=\"#_ednref23\" name=\"_edn23\">[23]<\/a> <a href=\"https:\/\/eng.mil.ru\/en\/news_page\/country.htm\">https:\/\/eng.mil.ru\/en\/news_page\/country.htm<\/a><\/p>\n<p><a href=\"#_ednref24\" name=\"_edn24\">[24]<\/a> <a href=\"https:\/\/www.wsws.org\/de\/articles\/2022\/03\/04\/cens-m04.html\">https:\/\/www.wsws.org\/de\/articles\/2022\/03\/04\/cens-m04.html<\/a><\/p>\n<p><a href=\"#_ednref25\" name=\"_edn25\">[25]<\/a> <a href=\"https:\/\/www.gesetze-im-internet.de\/gg\/art_5.html\" target=\"_blank\" rel=\"noopener\">https:\/\/www.gesetze-im-internet.de\/gg\/art_5.html<\/a><\/p>\n<p><a href=\"#_ednref26\" name=\"_edn26\">[26]<\/a> <a href=\"https:\/\/www.rnd.de\/politik\/akw-saporischschja-lage-angespannt-berichte-ueber-folter-des-akw-personals-baerbock-warnt-vor-VYRGGJCMPGN3LQJGYCD5KP537U.html\">https:\/\/www.rnd.de\/politik\/akw-saporischschja-lage-angespannt-berichte-ueber-folter-des-akw-personals-baerbock-warnt-vor-VYRGGJCMPGN3LQJGYCD5KP537U.html<\/a><\/p>\n<p><a href=\"#_ednref27\" name=\"_edn27\">[27]<\/a> <a href=\"https:\/\/www.tagesschau.de\/ausland\/europa\/ukraine-russland-sechs-monate-krieg-101.html\">https:\/\/www.tagesschau.de\/ausland\/europa\/ukraine-russland-sechs-monate-krieg-101.html<\/a><\/p>\n<p><a href=\"#_ednref28\" name=\"_edn28\">[28]<\/a> <a href=\"https:\/\/taz.de\/Feministische-Aussenpolitik\/!5822730\/\" target=\"_blank\" rel=\"noopener\">https:\/\/taz.de\/Feministische-Aussenpolitik\/!5822730\/<\/a><\/p>\n<p><a href=\"#_ednref29\" name=\"_edn29\">[29]<\/a> <a href=\"https:\/\/www.emma.de\/artikel\/die-kandidatin-und-der-feminismus-338553\" target=\"_blank\" rel=\"noopener\">https:\/\/www.emma.de\/artikel\/die-kandidatin-und-der-feminismus-338553<\/a><\/p>\n<p><a href=\"#_ednref30\" name=\"_edn30\">[30]<\/a>\u00a0 <a href=\"https:\/\/www.boell.de\/en\/2019\/01\/30\/feminist-foreign-policy-imperative-more-secure-and-just-world\" target=\"_blank\" rel=\"noopener\">https:\/\/www.boell.de\/en\/2019\/01\/30\/feminist-foreign-policy-imperative-more-secure-and-just-world<\/a><\/p>\n<p><a href=\"#_ednref31\" name=\"_edn31\">[31]<\/a>\u00a0 <a href=\"https:\/\/www.n-tv.de\/politik\/Baerbock-verweigert-Waffen-fuer-die-Ukraine-article23064810.html\" target=\"_blank\" rel=\"noopener\">https:\/\/www.n-tv.de\/politik\/Baerbock-verweigert-Waffen-fuer-die-Ukraine-article23064810.html<\/a><\/p>\n<p><a href=\"#_ednref32\" name=\"_edn32\">[32]<\/a> <a href=\"https:\/\/www.rnd.de\/politik\/eu-verhangt-sanktionen-direkt-gegen-putin-und-lawrow-704f557c-b092-43c5-8a57-2836795e2c6c.html\" target=\"_blank\" rel=\"noopener\">https:\/\/www.rnd.de\/politik\/eu-verhangt-sanktionen-direkt-gegen-putin-und-lawrow-704f557c-b092-43c5-8a57-2836795e2c6c.html<\/a><\/p>\n<p><a href=\"#_ednref33\" name=\"_edn33\">[33]<\/a> <a href=\"https:\/\/www.welt.de\/politik\/ausland\/video239630381\/Nato-Gipfel-Aussenministerin-Baerbock-erklaert-wie-die-Nato-der-Ukraine-hilft.html\" target=\"_blank\" rel=\"noopener\">https:\/\/www.welt.de\/politik\/ausland\/video239630381\/Nato-Gipfel-Aussenministerin-Baerbock-erklaert-wie-die-Nato-der-Ukraine-hilft.html<\/a><\/p>\n<p><a href=\"#_ednref34\" name=\"_edn34\">[34]<\/a> <a href=\"https:\/\/www.nachdenkseiten.de\/?p=86150\" target=\"_blank\" rel=\"noopener\">https:\/\/www.nachdenkseiten.de\/?p=86150<\/a><\/p>\n<p><a href=\"#_ednref35\" name=\"_edn35\">[35]<\/a> <a href=\"https:\/\/hpd.de\/artikel\/abgehobenheit-eliten-soziologischer-sicht-15899\" target=\"_blank\" rel=\"noopener\">https:\/\/hpd.de\/artikel\/abgehobenheit-eliten-soziologischer-sicht-15899<\/a><\/p>\n<p><a href=\"#_ednref36\" name=\"_edn36\">[36]<\/a> <a href=\"https:\/\/de.rbth.com\/kultur\/2015\/04\/03\/otto_von_bismarcks_russische_spuren_33309\" target=\"_blank\" rel=\"noopener\">https:\/\/de.rbth.com\/kultur\/2015\/04\/03\/otto_von_bismarcks_russische_spuren_33309<\/a><\/p>\n<p><a href=\"#_ednref37\" name=\"_edn37\">[37]<\/a> <a href=\"https:\/\/www.berliner-zeitung.de\/politik-gesellschaft\/oskar-lafontaine-deutschland-handelt-im-ukraine-krieg-als-vasall-der-usa-li.261471\" target=\"_blank\" rel=\"noopener\">https:\/\/www.berliner-zeitung.de\/politik-gesellschaft\/oskar-lafontaine-deutschland-handelt-im-ukraine-krieg-als-vasall-der-usa-li.261471<\/a><\/p>\n<p>&nbsp;<\/p>\n<p style=\"text-align: right;\"><em>Friedhelm Klinkhammer und\u00a0<\/em><em>Volker Br\u00e4utigam sind\u00a0<\/em><em>Mitglieder des Beirates des Deutschen Freidenker-Verbandes.<\/em><\/p>\n<p><span style=\"font-size: 10pt;\">Dieser Beitrag erschien am 01.09.2022 auch auf <a href=\"https:\/\/publikumskonferenz.de\/blog\/2022\/09\/01\/baerbock-der-schicksalsschlag-unserer-nation\/\" target=\"_blank\" rel=\"noopener\">publikumskonferenz.de<\/a><\/span><\/p>\n<hr \/>\n<p><span style=\"font-size: 10pt;\">Bild: Annalena Baerbock bei einem Treffen mit dem ukrainischen Ministerpr\u00e4sidenten <span class=\"mw-mmv-title\">Denys Shmyhal am 07.02.2022 in Kiew<br \/>\nFoto: Kmu.gov.ua,<a href=\"https:\/\/creativecommons.org\/licenses\/by\/4.0\" target=\"_blank\" rel=\"noopener\"> CC BY 4.0<\/a><br \/>\n<\/span>Quelle: <a href=\"https:\/\/commons.wikimedia.org\/w\/index.php?curid=115478776\" target=\"_blank\" rel=\"noopener\">https:\/\/commons.wikimedia.org\/w\/index.php?curid=115478776<\/a><\/span><\/p>\n<p>&nbsp;<\/p>\n","protected":false},"excerpt":{"rendered":"<p><b>Beitrag von Friedhelm Klinkhammer und Volker Br\u00e4utigam<\/b><br \/>\nFrauenpower, erinnern Sie sich noch? Angela Merkel fand nichts dabei, Josef Ackermann, dem Chef der Deutschen Bank, im Kanzleramt eine Saus-und-Braus-Fete zum 60. Geburtstag auszurichten. Verteidigungsministerin Ursula von der Leyen fand, dass sie bei 300 Millionen Euro f\u00fcr Beratervertr\u00e4ge auch einen ihrer S\u00f6hne bedenken k\u00f6nne. Die Olivgr\u00fcne Annalena Baerbock fand, ein Sonder-Honorar aus der Parteikasse brauche nicht in ihrer Einkommensteuererkl\u00e4rung aufzutauchen, und Nebeneinnahmen zu melden k\u00f6nne jeder mal vergessen. Patricia Schlesinger fand, Promis aus Wirtschaft und Politik zu opulenten Fressabenden einzuladen und den Rundfunkbeitragszahler daf\u00fcr blechen zu lassen, stehe einer RBB-Intendantin zu.[ Der Tagesschau ist der Aspekt \u201ekorrupte Politik von Frauen\u201c bisher allerdings nicht aufgefallen. Die schnallt aber sowieso nie, was Sache ist.<\/p>\n","protected":false},"author":3,"featured_media":14154,"comment_status":"closed","ping_status":"closed","sticky":false,"template":"","format":"standard","meta":{"colormag_page_container_layout":"default_layout","colormag_page_sidebar_layout":"default_layout","advanced_seo_description":"","jetpack_seo_html_title":"","jetpack_seo_noindex":false,"jetpack_post_was_ever_published":false,"footnotes":""},"categories":[12],"tags":[1094,699,1423,1054,610,1384,188,1601,1579,1111,639],"class_list":["post-14152","post","type-post","status-publish","format-standard","has-post-thumbnail","hentry","category-demokratie-medien-aufklaerung","tag-ard","tag-aussenpolitik","tag-baerbock","tag-feminismus","tag-frauen","tag-korruption","tag-krieg","tag-ndr","tag-oeffentlich-rechtlicher-rundfunk","tag-ukraine","tag-ukraine-konflikt"],"jetpack_featured_media_url":"https:\/\/i0.wp.com\/www.freidenker.org\/fw17\/wp-content\/uploads\/2022\/09\/Denys_Shmyhal_met_with_German_FM_Baerbock_in_Kyiv_2022_9_800x450.jpg?fit=800%2C450&ssl=1","jetpack_shortlink":"https:\/\/wp.me\/p9stpK-3Gg","jetpack-related-posts":[{"id":16677,"url":"https:\/\/www.freidenker.org\/?p=16677","url_meta":{"origin":14152,"position":0},"title":"In ihrer geistigen Schlichtheit unheilvoll \u2013 die Weltsicht der Au\u00dfenministerin Baerbock","author":"Webredaktion","date":"18. Juli 2023","format":false,"excerpt":"Beitrag von Gert Ewen Ungar Dass Annalena Baerbock (B\u00fcndnis 90\/Die Gr\u00fcnen) Au\u00dfenministerin ist, ist sowohl f\u00fcr Deutschland als auch Europa und die Welt brandgef\u00e4hrlich. Baerbock ist mit dem Amt \u00fcberfordert, sch\u00e4tzt Entwicklungen falsch ein, denkt in einfachen Schwarz-Wei\u00df-Mustern und ist zur Differenzierung nicht in der Lage. Es fehlen ihr Basiskenntnisse\u2026","rel":"","context":"In &quot;Demokratie \u2013 Medien \u2013 Aufkl\u00e4rung&quot;","block_context":{"text":"Demokratie \u2013 Medien \u2013 Aufkl\u00e4rung","link":"https:\/\/www.freidenker.org\/?cat=12"},"img":{"alt_text":"","src":"https:\/\/i0.wp.com\/www.freidenker.org\/fw17\/wp-content\/uploads\/2023\/07\/Cleverly_meets_Baerbock_ausz_800x450.jpg?fit=800%2C450&ssl=1&resize=350%2C200","width":350,"height":200,"srcset":"https:\/\/i0.wp.com\/www.freidenker.org\/fw17\/wp-content\/uploads\/2023\/07\/Cleverly_meets_Baerbock_ausz_800x450.jpg?fit=800%2C450&ssl=1&resize=350%2C200 1x, https:\/\/i0.wp.com\/www.freidenker.org\/fw17\/wp-content\/uploads\/2023\/07\/Cleverly_meets_Baerbock_ausz_800x450.jpg?fit=800%2C450&ssl=1&resize=525%2C300 1.5x, https:\/\/i0.wp.com\/www.freidenker.org\/fw17\/wp-content\/uploads\/2023\/07\/Cleverly_meets_Baerbock_ausz_800x450.jpg?fit=800%2C450&ssl=1&resize=700%2C400 2x"},"classes":[]},{"id":17706,"url":"https:\/\/www.freidenker.org\/?p=17706","url_meta":{"origin":14152,"position":1},"title":"Zeugnis des doppelten Standards: Baerbock im Interview","author":"Webredaktion","date":"29. Dezember 2023","format":false,"excerpt":"Beitrag von Gert Ewen Ungar Bez\u00fcglich des Ukraine-Konflikts werden die Deutschen fl\u00e4chendeckend von den verantwortlichen Politikern und von den mitverantwortlichen Medien des Mainstreams desinformiert. Dass die deutsche Au\u00dfenministerin da keine Ausnahme bildet, ist nicht \u00fcberraschend. Sie tut sich im Gegenteil seit Langem damit hervor, die Unwahrheiten besonders dick aufzutragen.\u00a0In einem\u2026","rel":"","context":"In &quot;Demokratie \u2013 Medien \u2013 Aufkl\u00e4rung&quot;","block_context":{"text":"Demokratie \u2013 Medien \u2013 Aufkl\u00e4rung","link":"https:\/\/www.freidenker.org\/?cat=12"},"img":{"alt_text":"","src":"https:\/\/i0.wp.com\/www.freidenker.org\/fw17\/wp-content\/uploads\/2023\/12\/BDK_Karlsruhe_Nov_2023_Annalena_Baerbock_11_800x450.jpg?fit=800%2C450&ssl=1&resize=350%2C200","width":350,"height":200,"srcset":"https:\/\/i0.wp.com\/www.freidenker.org\/fw17\/wp-content\/uploads\/2023\/12\/BDK_Karlsruhe_Nov_2023_Annalena_Baerbock_11_800x450.jpg?fit=800%2C450&ssl=1&resize=350%2C200 1x, https:\/\/i0.wp.com\/www.freidenker.org\/fw17\/wp-content\/uploads\/2023\/12\/BDK_Karlsruhe_Nov_2023_Annalena_Baerbock_11_800x450.jpg?fit=800%2C450&ssl=1&resize=525%2C300 1.5x, https:\/\/i0.wp.com\/www.freidenker.org\/fw17\/wp-content\/uploads\/2023\/12\/BDK_Karlsruhe_Nov_2023_Annalena_Baerbock_11_800x450.jpg?fit=800%2C450&ssl=1&resize=700%2C400 2x"},"classes":[]},{"id":15371,"url":"https:\/\/www.freidenker.org\/?p=15371","url_meta":{"origin":14152,"position":2},"title":"\u201e360-Gradwende\u201c: Je mehr Grad, desto besser!","author":"Webredaktion","date":"23. Februar 2023","format":false,"excerpt":"von Anti-Spiegel (d.i. Thomas R\u00f6per) Die deutsche Au\u00dfenministerin Annalena Baerbock hat mal wieder den Stand ihrer Bildung pr\u00e4sentiert. Dass die Zuschauer bei der Podiumsdiskussion auf der M\u00fcnchner Sicherheitskonferenz nicht vor Lachen vom Stuhl gefallen sind, l\u00e4sst sich wohl nur dadurch erkl\u00e4ren, dass sie nicht glauben konnten, was sie h\u00f6rten. Auf\u2026","rel":"","context":"In &quot;Demokratie \u2013 Medien \u2013 Aufkl\u00e4rung&quot;","block_context":{"text":"Demokratie \u2013 Medien \u2013 Aufkl\u00e4rung","link":"https:\/\/www.freidenker.org\/?cat=12"},"img":{"alt_text":"","src":"https:\/\/i0.wp.com\/www.freidenker.org\/fw17\/wp-content\/uploads\/2023\/02\/Annalena_Baerbock_August_2021_in_Kiel_09_800x450.jpg?fit=800%2C450&ssl=1&resize=350%2C200","width":350,"height":200,"srcset":"https:\/\/i0.wp.com\/www.freidenker.org\/fw17\/wp-content\/uploads\/2023\/02\/Annalena_Baerbock_August_2021_in_Kiel_09_800x450.jpg?fit=800%2C450&ssl=1&resize=350%2C200 1x, https:\/\/i0.wp.com\/www.freidenker.org\/fw17\/wp-content\/uploads\/2023\/02\/Annalena_Baerbock_August_2021_in_Kiel_09_800x450.jpg?fit=800%2C450&ssl=1&resize=525%2C300 1.5x, https:\/\/i0.wp.com\/www.freidenker.org\/fw17\/wp-content\/uploads\/2023\/02\/Annalena_Baerbock_August_2021_in_Kiel_09_800x450.jpg?fit=800%2C450&ssl=1&resize=700%2C400 2x"},"classes":[]},{"id":17604,"url":"https:\/\/www.freidenker.org\/?p=17604","url_meta":{"origin":14152,"position":3},"title":"Baerbocks Au\u00dfenpolitik \u2013 Aggressiver als die der USA","author":"Webredaktion","date":"5. Dezember 2023","format":false,"excerpt":"Beitrag von Gert Ewen Ungar Die deutsche Au\u00dfenministerin hatte in dieser Woche gleich zwei relevante Treffen zu absolvieren. Zu Beginn der Woche trafen sich die Au\u00dfenminister der NATO-Staaten in Br\u00fcssel. Am Donnerstag und Freitag trifft sich der Ministerrat der OSZE in Skopje, der Hauptstadt Nordmazedoniens. Aussagen der deutschen Au\u00dfenministerin auf\u2026","rel":"","context":"In &quot;Demokratie \u2013 Medien \u2013 Aufkl\u00e4rung&quot;","block_context":{"text":"Demokratie \u2013 Medien \u2013 Aufkl\u00e4rung","link":"https:\/\/www.freidenker.org\/?cat=12"},"img":{"alt_text":"","src":"https:\/\/i0.wp.com\/www.freidenker.org\/fw17\/wp-content\/uploads\/2023\/12\/Blinken_Baerbock_Tokyo_2023_800x450.jpg?fit=800%2C450&ssl=1&resize=350%2C200","width":350,"height":200,"srcset":"https:\/\/i0.wp.com\/www.freidenker.org\/fw17\/wp-content\/uploads\/2023\/12\/Blinken_Baerbock_Tokyo_2023_800x450.jpg?fit=800%2C450&ssl=1&resize=350%2C200 1x, https:\/\/i0.wp.com\/www.freidenker.org\/fw17\/wp-content\/uploads\/2023\/12\/Blinken_Baerbock_Tokyo_2023_800x450.jpg?fit=800%2C450&ssl=1&resize=525%2C300 1.5x, https:\/\/i0.wp.com\/www.freidenker.org\/fw17\/wp-content\/uploads\/2023\/12\/Blinken_Baerbock_Tokyo_2023_800x450.jpg?fit=800%2C450&ssl=1&resize=700%2C400 2x"},"classes":[]},{"id":17368,"url":"https:\/\/www.freidenker.org\/?p=17368","url_meta":{"origin":14152,"position":4},"title":"Keine Spur von Menschlichkeit","author":"Webredaktion","date":"30. Oktober 2023","format":false,"excerpt":"Beitrag von Gert Ewen Ungar Auch im Nahost-Konflikt bleibt die deutsche Politik ihrer au\u00dfenpolitischen Linie treu und positioniert sich fest an der Seite der Gewalt und gegen die Grunds\u00e4tze des V\u00f6lkerrechts. Innerhalb der deutschen Gesellschaft gibt es unterschiedliche Haltungen, nach au\u00dfen jedoch legt die deutsche Au\u00dfenministerin die Linie Deutschlands fest.\u2026","rel":"","context":"In &quot;Frieden - Antifaschismus - Solidarit\u00e4t&quot;","block_context":{"text":"Frieden - Antifaschismus - Solidarit\u00e4t","link":"https:\/\/www.freidenker.org\/?cat=13"},"img":{"alt_text":"","src":"https:\/\/i0.wp.com\/www.freidenker.org\/fw17\/wp-content\/uploads\/2023\/10\/war-6261976_800x450.jpg?fit=800%2C450&ssl=1&resize=350%2C200","width":350,"height":200,"srcset":"https:\/\/i0.wp.com\/www.freidenker.org\/fw17\/wp-content\/uploads\/2023\/10\/war-6261976_800x450.jpg?fit=800%2C450&ssl=1&resize=350%2C200 1x, https:\/\/i0.wp.com\/www.freidenker.org\/fw17\/wp-content\/uploads\/2023\/10\/war-6261976_800x450.jpg?fit=800%2C450&ssl=1&resize=525%2C300 1.5x, https:\/\/i0.wp.com\/www.freidenker.org\/fw17\/wp-content\/uploads\/2023\/10\/war-6261976_800x450.jpg?fit=800%2C450&ssl=1&resize=700%2C400 2x"},"classes":[]},{"id":14861,"url":"https:\/\/www.freidenker.org\/?p=14861","url_meta":{"origin":14152,"position":5},"title":"Baerbock und Bismarck: Aus der Geschichte nichts gelernt","author":"Webredaktion","date":"23. Dezember 2022","format":false,"excerpt":"Beitrag von Tom J. Wellbrock Das Ausw\u00e4rtige Amt geht auf Otto von Bismarck zur\u00fcck, der 1871 der erste Reichskanzler Deutschlands wurde. Er war es auch, der die Grundlagen des heutigen Sozialsystems schuf. Dank der Politik der Gr\u00fcnen wird genau dieses Sozialsystem nach und nach demontiert\u00a0\u2013 so wie auch das Bild\u2026","rel":"","context":"In &quot;Arbeit &amp; Soziales&quot;","block_context":{"text":"Arbeit &amp; Soziales","link":"https:\/\/www.freidenker.org\/?cat=11"},"img":{"alt_text":"","src":"https:\/\/i0.wp.com\/www.freidenker.org\/fw17\/wp-content\/uploads\/2022\/12\/baerbock_bismarck_800x450.jpg?fit=800%2C450&ssl=1&resize=350%2C200","width":350,"height":200,"srcset":"https:\/\/i0.wp.com\/www.freidenker.org\/fw17\/wp-content\/uploads\/2022\/12\/baerbock_bismarck_800x450.jpg?fit=800%2C450&ssl=1&resize=350%2C200 1x, https:\/\/i0.wp.com\/www.freidenker.org\/fw17\/wp-content\/uploads\/2022\/12\/baerbock_bismarck_800x450.jpg?fit=800%2C450&ssl=1&resize=525%2C300 1.5x, https:\/\/i0.wp.com\/www.freidenker.org\/fw17\/wp-content\/uploads\/2022\/12\/baerbock_bismarck_800x450.jpg?fit=800%2C450&ssl=1&resize=700%2C400 2x"},"classes":[]}],"_links":{"self":[{"href":"https:\/\/www.freidenker.org\/index.php?rest_route=\/wp\/v2\/posts\/14152","targetHints":{"allow":["GET"]}}],"collection":[{"href":"https:\/\/www.freidenker.org\/index.php?rest_route=\/wp\/v2\/posts"}],"about":[{"href":"https:\/\/www.freidenker.org\/index.php?rest_route=\/wp\/v2\/types\/post"}],"author":[{"embeddable":true,"href":"https:\/\/www.freidenker.org\/index.php?rest_route=\/wp\/v2\/users\/3"}],"replies":[{"embeddable":true,"href":"https:\/\/www.freidenker.org\/index.php?rest_route=%2Fwp%2Fv2%2Fcomments&post=14152"}],"version-history":[{"count":0,"href":"https:\/\/www.freidenker.org\/index.php?rest_route=\/wp\/v2\/posts\/14152\/revisions"}],"wp:featuredmedia":[{"embeddable":true,"href":"https:\/\/www.freidenker.org\/index.php?rest_route=\/wp\/v2\/media\/14154"}],"wp:attachment":[{"href":"https:\/\/www.freidenker.org\/index.php?rest_route=%2Fwp%2Fv2%2Fmedia&parent=14152"}],"wp:term":[{"taxonomy":"category","embeddable":true,"href":"https:\/\/www.freidenker.org\/index.php?rest_route=%2Fwp%2Fv2%2Fcategories&post=14152"},{"taxonomy":"post_tag","embeddable":true,"href":"https:\/\/www.freidenker.org\/index.php?rest_route=%2Fwp%2Fv2%2Ftags&post=14152"}],"curies":[{"name":"wp","href":"https:\/\/api.w.org\/{rel}","templated":true}]}}