{"id":14102,"date":"2022-09-03T11:50:16","date_gmt":"2022-09-03T09:50:16","guid":{"rendered":"https:\/\/www.freidenker.org\/?p=14102"},"modified":"2022-10-03T23:47:41","modified_gmt":"2022-10-03T21:47:41","slug":"winnetous-zweiter-tod","status":"publish","type":"post","link":"https:\/\/www.freidenker.org\/?p=14102","title":{"rendered":"Winnetous zweiter Tod"},"content":{"rendered":"<p><strong>Die Aufregung um Winnetou ist mehr als eine l\u00e4cherliche Posse. Es handelt sich um einen wiederholten Versuch, die Geschichte neu zu schreiben. <\/strong><\/p>\n<p><em>von <strong>Tom J. Wellbrock<\/strong><\/em><\/p>\n<p><span style=\"font-size: 10pt;\">Erstver\u00f6ffentlichung am 28.08.2022 auf <a href=\"https:\/\/pressefreiheit.rtde.tech\/meinung\/147219-winnetous-zweiter-tod\/\" target=\"_blank\" rel=\"noopener\">RT DE<\/a><\/span><\/p>\n<p>Als Winnetou gemeinsam mit Old Shatterhand und Sam Hawkens gegen Banditen k\u00e4mpfte, schlich sich unbemerkt der B\u00f6sewicht Rollins von hinten heran. Der Schuss von Rollins galt Old Shatterhand, aber Winnetou warf sich mutig in die Schusslinie. Und so traf die Kugel ihn selbst anstatt seinen Blutsbruder. Bei dieser Filmszene hoffte damals die an den N\u00e4geln knabbernde Fan-Gemeinde, dass der netteste Kerl mit Stirnband, den die Welt bis dahin gesehen hatte, vielleicht \u00fcberleben w\u00fcrde. Doch Winnetou starb.<\/p>\n<p>Die Gefahr, die Winnetou heute bedroht, ist keine einzelne Patrone, sondern ein regelrechter Kugelhagel, dem auszuweichen schier unm\u00f6glich ist. Und w\u00e4hrend der Filmtod der freundlichen Rothaut diese Figur zumindest in den Gedanken der Fans weiterleben lie\u00df, l\u00e4uft es jetzt auf die vollst\u00e4ndige Ausl\u00f6schung des H\u00e4uptlings hinaus.<\/p>\n<p><strong>Wo liegt der Fehler?<\/strong><\/p>\n<p>Der Ravensburger Verlag steht unter Druck. Er habe mit den Winnetou-Titeln &#8222;die Gef\u00fchle anderer verletzt&#8220;, so die selbstkritische Anmerkung des Verlages, der eigentlich Kinderb\u00fccher mit dem Titel &#8222;Der junge Winnetou&#8220; ver\u00f6ffentlichen wollte. Die B\u00fccher werden nun nicht mehr in den Regalen von Buchhandlungen zu finden sein.<\/p>\n<p>Die B\u00fccher, so der Tenor eines neuzeitlichen &#8222;Shitstorms&#8220;, w\u00fcrden &#8222;rassistische Stereotype&#8220; bedienen, was nat\u00fcrlich \u00fcberhaupt nicht tolerierbar sei. Dieser Sturm brauchte nicht lange, um seine Wirkung zu entfalten, der Ravensburger Verlag zog unverz\u00fcglich den Schwanz ein, die &#8222;woken&#8220; Aufpasser konnten mal wieder einen Erfolg vermelden. Es w\u00e4re doch gelacht, wenn man nicht nach und nach s\u00e4mtliche Literatur aus der Wirklichkeit verbannen k\u00f6nnte, die nicht in das erwachte Weltbild auserw\u00e4hlter Moralw\u00e4chter passt.<\/p>\n<p>Was dabei \u2013 abgesehen vom moralischen Gr\u00f6\u00dfenwahn der Shitstormer \u2013 auff\u00e4llt, ist die faszinierend schnelle Reaktion mit begleitender Kritik auf die B\u00fccher. Und damit sind wir an einem interessanten Punkt. Denn ich behaupte, dass nur ein Bruchteil der Leute, die sich mit vollem Herzen ereiferten, die Kinderb\u00fccher auch tats\u00e4chlich gelesen haben. Habe ich \u00fcbrigens auch nicht, aber sei\u2019s drum, ich fordere ja auch nicht, sie in die Ewigen Jagdgr\u00fcnde zu verbannen.<\/p>\n<p>So gesehen w\u00e4re es in dieser ganzen uns\u00e4glichen Debatte eigentlich wichtig, von belesenen Experten zu erfahren, was genau diese Literatur &#8222;verletzt&#8220; habe oder welche &#8222;rassistischen Stereotype&#8220; sie bediene. Bis mir diese Informationen vorliegen, muss ich davon ausgehen, dass die Basis des Shitstorms nicht mehr und nicht weniger als das Kreischen eines woken Mobs ist, der bei genauerer Betrachtung \u00fcberhaupt keine Ahnung davon hat, was ihm nicht passt.<\/p>\n<p><strong>M\u00e4rchenerz\u00e4hler versus M\u00e4rchenerz\u00e4hler<\/strong><\/p>\n<p>Winnetou ist ein M\u00e4rchen, eine fiktive Geschichte. Die Figur hat Karl May erfunden, der auch selbst angeblich nie im Wilden Westen gewesen sein soll. Gut m\u00f6glich, dass das stimmt, aber wir k\u00f6nnen davon ausgehen, dass Stephen King auch nicht pers\u00f6nlich den &#8222;Friedhof der Kuscheltiere&#8220; besucht hat. Von den Marvel-Comics wollen wir gar nicht erst anfangen.<\/p>\n<p>Karl May hat mit Winnetou ein M\u00e4rchen erz\u00e4hlt, das meine Kindheit begleitet hat. Winnetou hat mich durchaus gepr\u00e4gt, ebenso wie seine wei\u00dfen Blutsbr\u00fcder, die heute nach dem Geritze am Unterarm erst einmal einen HIV-Test machen m\u00fcssten (Lauterbach w\u00fcrde sicherlich einen zus\u00e4tzlichen PCR-Test empfehlen). Es mag an meiner defizit\u00e4ren Pers\u00f6nlichkeit liegen, aber ich habe nach den B\u00fcchern und Filmen \u00fcber Winnetou keine Abneigung gegen Indianer entwickelt (oder wie auch immer diese Indigenen heute politisch korrekt und freigesprochen von moralischen Angriffen genannt werden d\u00fcrfen). Im Gegenteil, Winnetous Friedfertigkeit und die Bereitschaft, sogar mit diesem widerw\u00e4rtigen \u00d6lprinzen und anderen wei\u00dfen Figuren zu reden, die sowieso nur auf den eigenen Vorteil bedacht sind, hat mich schwer beeindruckt. Man k\u00f6nnte sagen: Winnetou hat aus mir einen friedlicheren Menschen gemacht.<\/p>\n<p>Aber ich habe die Rechnung ohne die M\u00e4rchenerz\u00e4hler von heute gemacht. Sie sind weder friedfertig noch gespr\u00e4chsbereit, sie sind aggressiv, wollen zerst\u00f6ren, Historisches gerader\u00fccken, und zwar nur in ihrem Sinne, und sie sind verletzt, immerzu sind sie verletzt. Vielleicht sind es diese tief verwurzelten Verletzungen, die die heutigen M\u00e4rchenerz\u00e4hler dazu ermuntern, andere zu verletzen, wo immer es m\u00f6glich ist. Therapeutisch ist das eigentlich keine gute Idee, denn mit der Verletzung anderer, mit der moralischen Panzerfaust, erreichen sie zwar das Ausradieren bestimmter Begriffe oder eben von M\u00e4rchenfiguren. Gl\u00fccklich macht sie das aber nicht, vielmehr werden sie immer durchtriebener und verh\u00e4rmter.<\/p>\n<p>Was dabei herauskommt, hat schon Karl May an anderer Stelle treffend auf den Punkt gebracht:<\/p>\n<blockquote><p><em>&#8222;<\/em><em>Wir d\u00fcrfen nie vergessen, dass wir nicht auf der Erde, sondern in der H\u00f6lle leben, und an der Aufgabe zu arbeiten haben, aus den Teufeln Menschen zu machen!&#8220;<\/em><\/p><\/blockquote>\n<p>H\u00e4tte er gewusst, mit was f\u00fcr Monstern wir es inzwischen zu tun haben, h\u00e4tte May wom\u00f6glich den Versuch, aus Teufeln Menschen zu machen, noch einmal in aller Ruhe durchdacht oder die Unm\u00f6glichkeit seines Anliegens eingesehen.<\/p>\n<p><strong>An den Marterpfahl mit ihm!<\/strong><\/p>\n<p>Die deutsche Emp\u00f6rungsgemeinde braucht nicht lange, um auf Betriebstemperatur zu kommen. Innerhalb weniger Tage entbrannte eine Debatte, die so uns\u00e4glich ist, dass ich am liebsten s\u00e4mtliche Schaufenster in meiner Stadt mit Winnetou-Zitaten zukleistern w\u00fcrde. Es geht schon l\u00e4ngst nicht mehr um die Kinderb\u00fccher, sondern um etwas Grunds\u00e4tzliches, auch wenn die meisten Bedenkentr\u00e4ger sicher gar nicht wissen, was genau das sein k\u00f6nnte. Aber &#8222;rassistische Stereotype&#8220;, das klingt schon heftig, damit will man lieber nichts zu tun haben.<\/p>\n<p>Das <em>ZDF<\/em> beispielsweise hat ein Facebook-Posting abgesetzt, in dem es darum bat, das &#8222;I-Wort&#8220; m\u00f6glichst nicht mehr zu verwenden, um keine Rassisten anzulocken. Klar, dass auch Leute, die sich als Kind gern mal auf Geburtstagen als Indianer verkleidet haben, h\u00f6chst verd\u00e4chtig sind, sicher waren sie schon damals ganz \u00fcble Gestalten, die die Zeichen der Zeit und der Toleranz und des intellektuellen Wahnsinns nicht erkennen wollten.<\/p>\n<p>Die <em>ARD<\/em> macht N\u00e4geln mit K\u00f6pfen und hat <a href=\"https:\/\/www.rundschau-online.de\/news\/kultur\/kontroverse-um-karl-may-filme-ard-strahlt-keine-winnetou-filme-mehr-aus-39900394?cb=1661509341714&amp;dmcid=sm_fb_p&amp;utm_medium=Social&amp;utm_source=Facebook&amp;fbclid=IwAR08nONT1bR2XSpqFSxCpdl6P6vCEEE2DETdcj1oSCZWQyPPuB2LEo4SOkQ\">entschieden, k\u00fcnftig keine<\/a> Winnetou-Filme mehr zu zeigen.<\/p>\n<p>Der <em>Bayerische Rundfunk<\/em> sowie das <em>ZDF<\/em> denken dar\u00fcber nach, solche &#8222;Filmklassiker&#8220; auch weiterhin zu senden, aber zuvor <a href=\"https:\/\/www.merkur.de\/welt\/news-winnetou-diskussion-zdf-bitte-iwort-verwendung-uschi-glas-91746112.html\">genauestens zu pr\u00fcfen<\/a>, ob es auch in den jeweiligen Kontext passe.<\/p>\n<p>Ich frage mich, wie ein solcher passender Kontext aussehen m\u00fcsste. Winnetou-Filme nur, wenn zuvor eine <em>ARTE<\/em>-Doku \u00fcber die Verbrechen an den amerikanischen Ureinwohnern gezeigt wurde? Und ist &#8222;amerikanische Ureinwohner&#8220; eigentlich korrekt? Indigene Bev\u00f6lkerung? Vielleicht. Roth\u00e4ute wohl eher nicht, aber man wei\u00df so wenig.<\/p>\n<p>Adolf Hitler und Karl May<\/p>\n<p>Das aber wohl gr\u00f6\u00dfte Fass, das derzeit zu finden ist, macht ein Hamburger Kolonialismus-Forscher in der <em>Berliner Zeitung<\/em> auf. <a href=\"https:\/\/www.berliner-zeitung.de\/news\/winnetou-old-shatterhand-karl-may-adolf-hitler-heinrich-himmler-war-nicht-zufaellig-fan-li.260189\">J\u00fcrgen Zimmerer meint<\/a>:<\/p>\n<blockquote><p><em>&#8222;<\/em><em>Es ist kein Zufall, dass Adolf Hitler und SS-Chef Himmler gro\u00dfe Karl-May-Fans waren.&#8220; <\/em><\/p><\/blockquote>\n<p>Und die Sachsen \u2013 das geht heute immer \u2013 kriegen auch gleich noch ihr Fett von Zimmerer weg: Karl May \u00fcbertrage<\/p>\n<blockquote><p><em>&#8222;<\/em><em>seine s\u00e4chsischen Erfahrungen auf Nordamerika&#8220;. <\/em><\/p><\/blockquote>\n<p>Doch damit nicht genug. Zimmerer erkennt noch viel mehr in der Literatur von Karl May und offenbar auch in den neuen Kinderb\u00fcchern, um die es ja irgendwie irgendwann mal ging. Er erkennt n\u00e4mlich auch eine gef\u00e4hrliche Frauenfeindlichkeit und sieht im Umfeld von May Leute am Werk, die &#8222;die gute alte Gesellschaft&#8220; verteidigen wollen und der Meinung sind, dass fr\u00fcher ohnehin alles besser und die Ehe noch eine &#8222;richtige Ehe&#8220; gewesen w\u00e4re.<\/p>\n<p>Womit er elegant noch die Frauenrechte und die ganze bunter LGBT-Gemeinde in sein Boot geholt hat. Nun k\u00f6nnte man einwerfen, dass &#8222;die gute alte Gesellschaft&#8220; doch auch eines der Lieblingskonstrukte von Konservativen ist. Und man k\u00f6nnte naiv fragen, was denn so schlimm daran ist, an bestimmten Dingen festzuhalten, wenn man sie liebgewonnen hat. Konservative Politiker m\u00fcssten dar\u00fcber stundenlange Vortr\u00e4ge halten k\u00f6nnen.<\/p>\n<p>Jedenfalls sollte jetzt auch dem letzten Zweifler klargeworden sein, dass Karl May der Hofschreiberling von Hitler und Himmler gewesen sein muss. Und sp\u00e4testens an diesem Punkt ist es dann wenigstens auch mit Toleranz und gegenseitigem Verst\u00e4ndnis vorbei. Davon gibt es ja sowieso insgesamt viel zu viel, also weg damit!<\/p>\n<p><strong>Was sagt eigentlich &#8222;Alter Elch&#8220; dazu?<\/strong><\/p>\n<p>Vergessen wir einmal f\u00fcr einen Moment die vielen verletzten wei\u00dfen Seelen, die es nicht ertragen k\u00f6nnen, dass Winnetou-Kinderb\u00fccher herausgebracht werden und lesen, was Kendall Old Elk (Alter Elch) dazu sagt:<\/p>\n<blockquote><p><em>&#8222;<\/em><em>Ich glaube, das ist eine \u00dcberreaktion. Dass der Verlag die B\u00fccher vom Markt genommen hat \u2013 warum? Das ist etwas zu viel des Guten. Warum m\u00fcssen wir jede Person mit einem Etikett versehen? Wir sind doch alles Menschen.&#8220; <\/em><\/p><\/blockquote>\n<p>Ein anderer Indianer, Robert Alan Packard vom Stamm der Sioux, meint:<\/p>\n<blockquote><p><em>&#8222;<\/em><em>Ich bin auf Winnetous Seite. Ich unterst\u00fctze seine Geschichten und bin ver\u00e4rgert, dass man versucht, ihn auszuradieren.&#8220; <\/em><\/p><\/blockquote>\n<p>Packard f\u00fchle sich auch nicht diskriminiert und kann an Winnetou nichts Rassistisches erkennen.<\/p>\n<p>Schweig stille, roter Mann! Was Winnetou ist oder nicht ist, ob Karl May ein Rassist oder gleich ein Nazi war, das entscheiden andere! Also: Setzen, sechs!<\/p>\n<p><strong>Und die Moral von der Geschicht&#8216;<\/strong><\/p>\n<p>Gerade wird die Welt neu geordnet. Deutschland f\u00fchrt einen Wirtschaftskrieg gegen Russland, unsere Au\u00dfenministerin will das Land am liebsten ruinieren. Wir \u00e4chzen noch immer unter den unz\u00e4hligen Einschr\u00e4nkungen und Verletzungen der Corona-Politik. Die Menschheit ist gef\u00e4hrdet, so real gef\u00e4hrdet wie schon lange nicht mehr, vielleicht so gef\u00e4hrdet wie noch nie zuvor. Das Klima fliegt uns um die Ohren, Korruption, Machtmissbrauch und die extreme Zunahme von Armut haben sich zu festen Bestandteilen unserer Gesellschaft entwickelt.<\/p>\n<p>Doch als w\u00e4re all das so etwas wie der Streit um Eimerchen und Sch\u00e4ufelchen im Sandkasten, besch\u00e4ftigen wir uns mit der Frage, was f\u00fcr ein \u00fcbler Geselle Karl May gewesen sein soll. Die Verh\u00e4ltnism\u00e4\u00dfigkeit geht hier v\u00f6llig verloren und gibt Raum f\u00fcr aggressive Erziehung unliebsamer Menschen und ihrer Meinungen, einer Erziehung, die keine Gnade kennt und gegen die Karl Mays &#8222;\u00d6lprinz&#8220; wie ein lustiger Pfadfinder wirkt.<\/p>\n<p>Insofern w\u00fcrde ich normalerweise dazu neigen, diese ganze Geschichte nicht ernst zu nehmen und sie unter der Rubrik &#8222;Woke Clownerie&#8220; einzuordnen. Aber das geht nicht, denn das Ganze ist doch ernster als es auf den ersten Blick scheint.<\/p>\n<p>Denn hier soll nicht nur eine Kunstfigur neu be- und abgewertet werden. Es geht um seine Ausl\u00f6schung, also um das Neuschreiben, das Umschreiben von tats\u00e4chlicher Geschichte. Es ist die Verneinung historischer Fakten, mit der hier hantiert wird. Und wir erleben sie an allen m\u00f6glichen Stellen und immer wieder neu. Geneigte Leser m\u00f6gen einwenden, dass nichts so hei\u00df gegessen wird wie es gekocht wird. Ich solle wom\u00f6glich mal einen Gang zur\u00fcckschalten und mich nicht so anstellen.<\/p>\n<p>Doch dagegen wende ich den Versuch der anderen neuen Geschichtsschreibung \u2013 im Zusammenhang mit der Befreiung der Deutschen von den Nationalsozialisten durch die Russen ein. Es war schon vor l\u00e4ngerer Zeit unser vormaliger Au\u00dfenminister Heiko Maas (SPD), der diese Befreiung kurzerhand den USA zuschreiben wollte. Seit dem 24. Februar 2022 gab es noch weit mehr solcher Versuche \u2013 alle mit dem Ziel, die Rolle der Sowjets im Kampf gegen die Nazibarbarei abzuschw\u00e4chen. Der billigste und wohl unversch\u00e4mteste Vorsto\u00df stammt vom damaligen ukrainischen Botschafter Andreij Melnyk, der beim Einsteigen in ein Auto auf die zugerufene Frage eines Journalisten, wer denn die Deutschen von den Nazis befreit h\u00e4tte, prompt antwortete: die Ukraine.<\/p>\n<p style=\"text-align: right;\"><em>Tom J. Wellbrock ist Texter und Sprecher. Gemeinsam mit Jens Berger betrieb er den Blog Spiegelfechter. Aktuell betreibt er mit Roberto J. De Lapuente den Blog\u00a0<a href=\"https:\/\/www.neulandrebellen.de\/\">Neulandrebellen.de<\/a>\u00a0und f\u00fchrt dort u.a. die Interviews.\u00a0<\/em><\/p>\n<p><span style=\"font-size: 10pt;\">Wir danken dem Autor f\u00fcr die Genehmigung zur Ver\u00f6ffentlichung dieses Beitrages.<\/span><\/p>\n<hr \/>\n<p><span style=\"font-size: 10pt;\">Bild: <span class=\"mw-mmv-title\">Karl-May-Spiele in Bad Segeberg 11. Juli 2013 mit Jan Sosniok (rechts) als Winnetou. Links Gojko Miti\u0107 als als Apachenh\u00e4uptling Intschu-tschuna<\/span><\/span><br \/>\n<span style=\"font-size: 10pt;\">Foto: Hinnerk11, <a href=\"https:\/\/creativecommons.org\/licenses\/by-sa\/4.0\" target=\"_blank\" rel=\"noopener\">CC BY-SA 4.0<\/a><\/span><br \/>\n<span style=\"font-size: 10pt;\">Quelle: <a href=\"https:\/\/commons.wikimedia.org\/w\/index.php?curid=94867539\" target=\"_blank\" rel=\"noopener\">https:\/\/commons.wikimedia.org\/w\/index.php?curid=94867539<\/a><\/span><\/p>\n<p>&nbsp;<\/p>\n","protected":false},"excerpt":{"rendered":"<p><b>Beitrag von Tom J. Wellbrock<\/b><br \/>\nAls Winnetou gemeinsam mit Old Shatterhand und Sam Hawkens gegen Banditen k\u00e4mpfte, schlich sich unbemerkt der B\u00f6sewicht Rollins von hinten heran. Der Schuss von Rollins galt Old Shatterhand, aber Winnetou warf sich mutig in die Schusslinie. Und so traf die Kugel ihn selbst anstatt seinen Blutsbruder. Bei dieser Filmszene hoffte damals die an den N\u00e4geln knabbernde Fan-Gemeinde, dass der netteste Kerl mit Stirnband, den die Welt bis dahin gesehen hatte, vielleicht \u00fcberleben w\u00fcrde. Doch Winnetou starb. Die Gefahr, die Winnetou heute bedroht, ist keine einzelne Patrone, sondern ein regelrechter Kugelhagel, dem auszuweichen schier unm\u00f6glich ist. Und w\u00e4hrend der Filmtod der freundlichen Rothaut diese Figur zumindest in den Gedanken der Fans weiterleben lie\u00df, l\u00e4uft es jetzt auf die vollst\u00e4ndige Ausl\u00f6schung des H\u00e4uptlings hinaus.<\/p>\n","protected":false},"author":3,"featured_media":14103,"comment_status":"closed","ping_status":"closed","sticky":false,"template":"","format":"standard","meta":{"colormag_page_container_layout":"default_layout","colormag_page_sidebar_layout":"default_layout","advanced_seo_description":"","jetpack_seo_html_title":"","jetpack_seo_noindex":false,"jetpack_post_was_ever_published":false,"footnotes":""},"categories":[12,913],"tags":[665,491,1592,1390,964,185,1130],"class_list":["post-14102","post","type-post","status-publish","format-standard","has-post-thumbnail","hentry","category-demokratie-medien-aufklaerung","category-kultur-kunst","tag-filmkunst","tag-geschichte","tag-indianer","tag-literatur","tag-medienhetze","tag-usa","tag-verleumdung"],"jetpack_featured_media_url":"https:\/\/i0.wp.com\/www.freidenker.org\/fw17\/wp-content\/uploads\/2022\/09\/Karl-May-Spiele_Winnetou_I_Blutsbrueder_14_800x450.jpg?fit=800%2C450&ssl=1","jetpack_shortlink":"https:\/\/wp.me\/p9stpK-3Fs","jetpack-related-posts":[{"id":14678,"url":"https:\/\/www.freidenker.org\/?p=14678","url_meta":{"origin":14102,"position":0},"title":"Video: Ich bin jetzt eine Frau!","author":"Webredaktion","date":"15. November 2022","format":false,"excerpt":"HIER KOMMT DAS DUO KR\u00d6MERMANN Ab 11.11 beginnt ein Gro\u00dfteil unserer Republik, Fasching zu feiern. Die Zeit f\u00fcr Verkleidungen. Ein guter Grund, Genderfluid, das Geschlecht zu ver\u00e4ndern. Die beiden erfolgreichsten Staatskomiker wollen daf\u00fcr als \"Duo Kr\u00f6mermann\u201c eine Schneise schlagen f\u00fcr den Jump durch die Geschlechter. HIER KOMMT DAS DUO KR\u00d6MERMANN:\u2026","rel":"","context":"In &quot;Kultur &amp; Kunst&quot;","block_context":{"text":"Kultur &amp; Kunst","link":"https:\/\/www.freidenker.org\/?cat=913"},"img":{"alt_text":"","src":"https:\/\/i0.wp.com\/www.freidenker.org\/fw17\/wp-content\/uploads\/2022\/11\/ich_bin_jetzt_eine_frau_03_800x450.jpg?fit=800%2C450&ssl=1&resize=350%2C200","width":350,"height":200,"srcset":"https:\/\/i0.wp.com\/www.freidenker.org\/fw17\/wp-content\/uploads\/2022\/11\/ich_bin_jetzt_eine_frau_03_800x450.jpg?fit=800%2C450&ssl=1&resize=350%2C200 1x, https:\/\/i0.wp.com\/www.freidenker.org\/fw17\/wp-content\/uploads\/2022\/11\/ich_bin_jetzt_eine_frau_03_800x450.jpg?fit=800%2C450&ssl=1&resize=525%2C300 1.5x, https:\/\/i0.wp.com\/www.freidenker.org\/fw17\/wp-content\/uploads\/2022\/11\/ich_bin_jetzt_eine_frau_03_800x450.jpg?fit=800%2C450&ssl=1&resize=700%2C400 2x"},"classes":[]},{"id":14117,"url":"https:\/\/www.freidenker.org\/?p=14117","url_meta":{"origin":14102,"position":1},"title":"Abschaffung der Empathie: Die Zertr\u00fcmmerung der deutschen Gesellschaft","author":"Webredaktion","date":"4. September 2022","format":false,"excerpt":"Beitrag von Dagmar Henn Wir leben in zynischen Zeiten. In Los Angeles wurde beschlossen, einen h\u00fcbscheren Begriff f\u00fcr \"Obdachlose\" zu schaffen, weil diese Bezeichnung deren W\u00fcrde verletze. Man solle statt dessen von \"Menschen, die drau\u00dfen leben\" oder \"Menschen, die Obdachlosigkeit erfahren\" sprechen. Als w\u00e4re es die Bezeichnung und nicht der\u2026","rel":"","context":"In &quot;Arbeit &amp; Soziales&quot;","block_context":{"text":"Arbeit &amp; Soziales","link":"https:\/\/www.freidenker.org\/?cat=11"},"img":{"alt_text":"","src":"https:\/\/i0.wp.com\/www.freidenker.org\/fw17\/wp-content\/uploads\/2022\/09\/Bettlerin_Obdachlose_12269192996_800x450.jpg?fit=800%2C450&ssl=1&resize=350%2C200","width":350,"height":200,"srcset":"https:\/\/i0.wp.com\/www.freidenker.org\/fw17\/wp-content\/uploads\/2022\/09\/Bettlerin_Obdachlose_12269192996_800x450.jpg?fit=800%2C450&ssl=1&resize=350%2C200 1x, https:\/\/i0.wp.com\/www.freidenker.org\/fw17\/wp-content\/uploads\/2022\/09\/Bettlerin_Obdachlose_12269192996_800x450.jpg?fit=800%2C450&ssl=1&resize=525%2C300 1.5x, https:\/\/i0.wp.com\/www.freidenker.org\/fw17\/wp-content\/uploads\/2022\/09\/Bettlerin_Obdachlose_12269192996_800x450.jpg?fit=800%2C450&ssl=1&resize=700%2C400 2x"},"classes":[]},{"id":23987,"url":"https:\/\/www.freidenker.org\/?p=23987","url_meta":{"origin":14102,"position":2},"title":"Indianer in der DDR","author":"Webredaktion","date":"26. Dezember 2025","format":false,"excerpt":"Beitrag von Ralf Lux aus FREIDENKER Nr. 4-25 Stellen Sie sich vor, wir befinden uns im Jahr 1973 und Sie machen einen Spaziergang durch den Th\u00fcringer Wald. Pl\u00f6tzlich h\u00f6ren Sie in der Ferne Trommeln und fremdartig klingende Ges\u00e4nge. Neugierig folgen Sie den Ger\u00e4uschen und erreichen eine Lichtung. Was Sie dort\u2026","rel":"","context":"In &quot;Geschichte&quot;","block_context":{"text":"Geschichte","link":"https:\/\/www.freidenker.org\/?cat=1162"},"img":{"alt_text":"","src":"https:\/\/i0.wp.com\/www.freidenker.org\/fw17\/wp-content\/uploads\/2025\/12\/Gojko_KI-Nachbildung_800x450.jpg?fit=800%2C450&ssl=1&resize=350%2C200","width":350,"height":200,"srcset":"https:\/\/i0.wp.com\/www.freidenker.org\/fw17\/wp-content\/uploads\/2025\/12\/Gojko_KI-Nachbildung_800x450.jpg?fit=800%2C450&ssl=1&resize=350%2C200 1x, https:\/\/i0.wp.com\/www.freidenker.org\/fw17\/wp-content\/uploads\/2025\/12\/Gojko_KI-Nachbildung_800x450.jpg?fit=800%2C450&ssl=1&resize=525%2C300 1.5x, https:\/\/i0.wp.com\/www.freidenker.org\/fw17\/wp-content\/uploads\/2025\/12\/Gojko_KI-Nachbildung_800x450.jpg?fit=800%2C450&ssl=1&resize=700%2C400 2x"},"classes":[]},{"id":395,"url":"https:\/\/www.freidenker.org\/?p=395","url_meta":{"origin":14102,"position":3},"title":"De-Emanzipation \u2013 Domenico Losurdos \u201aGegengeschichte\u2018 des Liberalismus","author":"Webmaster","date":"17. Juli 2010","format":false,"excerpt":"Beitrag von Arnold Sch\u00f6lzel aus FREIDENKER 2-10 Die Geschichte des Liberalismus in der westlichen Welt ist von Heiligenlegenden durchwoben. Die Gr\u00fcndungsmythen Hollands, Gro\u00dfbritanniens, der USA und Frankreichs besagen, dass in ihnen eine Gemeinschaft von freien B\u00fcrgern historisch erstmalig den Individualismus zur Norm von Gesellschaft und Wirtschaft machte. Von Eroberung oder\u2026","rel":"","context":"In &quot;Demokratie \u2013 Medien \u2013 Aufkl\u00e4rung&quot;","block_context":{"text":"Demokratie \u2013 Medien \u2013 Aufkl\u00e4rung","link":"https:\/\/www.freidenker.org\/?cat=12"},"img":{"alt_text":"","src":"https:\/\/i0.wp.com\/www.freidenker.org\/fw17\/wp-content\/uploads\/2016\/08\/Ballon-1.jpg?fit=800%2C445&ssl=1&resize=350%2C200","width":350,"height":200,"srcset":"https:\/\/i0.wp.com\/www.freidenker.org\/fw17\/wp-content\/uploads\/2016\/08\/Ballon-1.jpg?fit=800%2C445&ssl=1&resize=350%2C200 1x, https:\/\/i0.wp.com\/www.freidenker.org\/fw17\/wp-content\/uploads\/2016\/08\/Ballon-1.jpg?fit=800%2C445&ssl=1&resize=525%2C300 1.5x, https:\/\/i0.wp.com\/www.freidenker.org\/fw17\/wp-content\/uploads\/2016\/08\/Ballon-1.jpg?fit=800%2C445&ssl=1&resize=700%2C400 2x"},"classes":[]},{"id":5281,"url":"https:\/\/www.freidenker.org\/?p=5281","url_meta":{"origin":14102,"position":4},"title":"Domenico Losurdo ist tot","author":"Webredaktion","date":"5. Juli 2018","format":false,"excerpt":"Nachruf von Andreas Wehr Die Gegner der kapitalistischen Unordnung haben am 28. Juni 2018 ihren wohl wichtigsten Denker verloren, und das weltweit. ... Wenn jemand Internationalist war, dann war er es, der Pr\u00e4sident der Internationalen Gesellschaft Hegel-Marx f\u00fcr dialektisches Denken. Es war sein weiter Blick auf die Klassenk\u00e4mpfe in der\u2026","rel":"","context":"In &quot;Weltanschauung &amp; Philosophie&quot;","block_context":{"text":"Weltanschauung &amp; Philosophie","link":"https:\/\/www.freidenker.org\/?cat=16"},"img":{"alt_text":"","src":"https:\/\/i0.wp.com\/www.freidenker.org\/fw17\/wp-content\/uploads\/2018\/07\/Losurdo_af_04-2016-01-09-1-0771_800x445.jpg?fit=800%2C445&ssl=1&resize=350%2C200","width":350,"height":200,"srcset":"https:\/\/i0.wp.com\/www.freidenker.org\/fw17\/wp-content\/uploads\/2018\/07\/Losurdo_af_04-2016-01-09-1-0771_800x445.jpg?fit=800%2C445&ssl=1&resize=350%2C200 1x, https:\/\/i0.wp.com\/www.freidenker.org\/fw17\/wp-content\/uploads\/2018\/07\/Losurdo_af_04-2016-01-09-1-0771_800x445.jpg?fit=800%2C445&ssl=1&resize=525%2C300 1.5x, https:\/\/i0.wp.com\/www.freidenker.org\/fw17\/wp-content\/uploads\/2018\/07\/Losurdo_af_04-2016-01-09-1-0771_800x445.jpg?fit=800%2C445&ssl=1&resize=700%2C400 2x"},"classes":[]},{"id":19511,"url":"https:\/\/www.freidenker.org\/?p=19511","url_meta":{"origin":14102,"position":5},"title":"Anschlagspl\u00e4ne auf Rheinmetall-Chef und das Sommerloch","author":"Webredaktion","date":"15. Juli 2024","format":false,"excerpt":"Beitrag von Gert Ewen Ungar Russland hatte Pl\u00e4ne f\u00fcr ein Attentat auf den Vorstandsvorsitzenden des R\u00fcstungskonzerns Rheinmetall, Armin Papperger, behauptet der US-Sender CNN und deutsche Medien springen unmittelbar darauf an. Handfeste Belege f\u00fcr die Anschuldigung gibt es keine, die entsprechenden Medienberichte ergehen sich in Konjunktiven, selbst deutsche Sicherheitsbeh\u00f6rden kochen die\u2026","rel":"","context":"In &quot;Demokratie \u2013 Medien \u2013 Aufkl\u00e4rung&quot;","block_context":{"text":"Demokratie \u2013 Medien \u2013 Aufkl\u00e4rung","link":"https:\/\/www.freidenker.org\/?cat=12"},"img":{"alt_text":"","src":"https:\/\/i0.wp.com\/www.freidenker.org\/fw17\/wp-content\/uploads\/2024\/07\/Rheinmetall_Zentrale_Duesseldorf_800x450.jpg?fit=800%2C450&ssl=1&resize=350%2C200","width":350,"height":200,"srcset":"https:\/\/i0.wp.com\/www.freidenker.org\/fw17\/wp-content\/uploads\/2024\/07\/Rheinmetall_Zentrale_Duesseldorf_800x450.jpg?fit=800%2C450&ssl=1&resize=350%2C200 1x, https:\/\/i0.wp.com\/www.freidenker.org\/fw17\/wp-content\/uploads\/2024\/07\/Rheinmetall_Zentrale_Duesseldorf_800x450.jpg?fit=800%2C450&ssl=1&resize=525%2C300 1.5x, https:\/\/i0.wp.com\/www.freidenker.org\/fw17\/wp-content\/uploads\/2024\/07\/Rheinmetall_Zentrale_Duesseldorf_800x450.jpg?fit=800%2C450&ssl=1&resize=700%2C400 2x"},"classes":[]}],"_links":{"self":[{"href":"https:\/\/www.freidenker.org\/index.php?rest_route=\/wp\/v2\/posts\/14102","targetHints":{"allow":["GET"]}}],"collection":[{"href":"https:\/\/www.freidenker.org\/index.php?rest_route=\/wp\/v2\/posts"}],"about":[{"href":"https:\/\/www.freidenker.org\/index.php?rest_route=\/wp\/v2\/types\/post"}],"author":[{"embeddable":true,"href":"https:\/\/www.freidenker.org\/index.php?rest_route=\/wp\/v2\/users\/3"}],"replies":[{"embeddable":true,"href":"https:\/\/www.freidenker.org\/index.php?rest_route=%2Fwp%2Fv2%2Fcomments&post=14102"}],"version-history":[{"count":0,"href":"https:\/\/www.freidenker.org\/index.php?rest_route=\/wp\/v2\/posts\/14102\/revisions"}],"wp:featuredmedia":[{"embeddable":true,"href":"https:\/\/www.freidenker.org\/index.php?rest_route=\/wp\/v2\/media\/14103"}],"wp:attachment":[{"href":"https:\/\/www.freidenker.org\/index.php?rest_route=%2Fwp%2Fv2%2Fmedia&parent=14102"}],"wp:term":[{"taxonomy":"category","embeddable":true,"href":"https:\/\/www.freidenker.org\/index.php?rest_route=%2Fwp%2Fv2%2Fcategories&post=14102"},{"taxonomy":"post_tag","embeddable":true,"href":"https:\/\/www.freidenker.org\/index.php?rest_route=%2Fwp%2Fv2%2Ftags&post=14102"}],"curies":[{"name":"wp","href":"https:\/\/api.w.org\/{rel}","templated":true}]}}