{"id":14046,"date":"2022-08-26T06:57:25","date_gmt":"2022-08-26T04:57:25","guid":{"rendered":"https:\/\/www.freidenker.org\/?p=14046"},"modified":"2022-09-06T22:40:40","modified_gmt":"2022-09-06T20:40:40","slug":"ard-magazin-kontraste-ueber-russland-propaganda-mit-schaum-vor-dem-mund","status":"publish","type":"post","link":"https:\/\/www.freidenker.org\/?p=14046","title":{"rendered":"ARD-Magazin Kontraste \u00fcber Russland: Propaganda mit Schaum vor dem Mund"},"content":{"rendered":"<p><strong>&#8222;Putins Diktatur&#8220; ist der Titel eines vom RBB produzierten Beitrags f\u00fcr das ARD-Magazin &#8222;Kontraste&#8220;. Er zeichnet ein d\u00fcsteres Bild von Russland. Der Beitrag argumentiert ahistorisch und bedient Ressentiments. Ziel ist die Reaktivierung eines typisch deutschen Rassismus. <\/strong><\/p>\n<p><em>von <strong>Gert Ewen Ungar<\/strong><\/em><\/p>\n<p><span style=\"font-size: 10pt;\">Erstver\u00f6ffentlichung am 21.08.2022 auf <a href=\"https:\/\/test.rtde.tech\/meinung\/146270-ard-magazin-kontraste-ueber-russland\/\" target=\"_blank\" rel=\"noopener\">RT DE<\/a><\/span><\/p>\n<p>Die Ukraine verliert gerade trotz umfangreicher Waffenlieferungen durch den Westen den milit\u00e4rischen Teil des Krieges. Deutschland und die EU verlieren den Wirtschaftskrieg gegen Russland. Die B\u00fcrger Deutschlands werden von der deutschen Politik f\u00fcr einen aussichtslosen wirtschaftspolitischen Stellungskampf in Geiselhaft genommen. Die deutsche Politik ist bereit, den Wohlstand von vielen einer l\u00e4ngst verlorenen Sache preiszugeben: der Idee der Vernichtung Russlands. Und was machen die \u00f6ffentlich-rechtlichen Medien? Sie machen Propaganda, erdichten Verschw\u00f6rungstheorien und versuchen, das Feindbild Russland etabliert zu halten.<\/p>\n<p>Zuletzt tat sich das <em>ARD<\/em>-Format <em>Kontraste<\/em> mit einem Beitrag hervor, der journalistisch zwar von bedauernswerter D\u00fcrftigkeit, unter propagandistischen und manipulativen Gesichtspunkten handwerklich aber gut gelungen ist. Produziert wurde die <em>Kontraste<\/em>-Sendung vom skandalumwitterten <em>rbb<\/em>.<\/p>\n<p>Der <a href=\"https:\/\/www.rbb-online.de\/kontraste\/archiv\/kontraste-vom-04-08-2022\/das-imperialistische-weltbild-des-kreml.html\" target=\"_blank\" rel=\"noopener noreferrer\">Beitrag<\/a> tr\u00e4gt den rei\u00dferischen Titel &#8222;Putins Diktatur. Das imperialistische Weltbild des Kremls&#8220;.<em>\u00a0<\/em>Verantwortlicher Autor ist der selbst ernannte Experte f\u00fcr Verschw\u00f6rungstheorien und Nazi-J\u00e4ger Silvio Duwe.<\/p>\n<p>Duwe geh\u00f6rt zu jenen Journalisten, die sich an der medialen Denunziation von Kritikern der Corona-Ma\u00dfnahmen beteiligten. Es waren unter anderem seine Beitr\u00e4ge, die bewusst den Eindruck erweckten, die Kritiker der Ma\u00dfnahmen seien vor allem Rechte, Verschw\u00f6rungstheoretiker und Antisemiten. Duwes Technik der Denunziation ist immer dieselbe: Er nimmt eine extreme Aussage, sucht ein extremes Bild und verallgemeinert. Alle Demonstranten, die sich auf den Protesten gegen den staatlichen Irrsinn einfinden, sind so wie diese eine extreme Position. Die Protestierenden erscheinen damit in ihrer Gesamtheit d\u00fcmmlich, unaufgekl\u00e4rt und stellen\u00a0in ihrer Dummheit eine Gefahr f\u00fcr die Gemeinschaft dar.<\/p>\n<p>Das ist nat\u00fcrlich unlauter und hat mit sich um Objektivierung bem\u00fchendem Journalismus nichts zu tun. Zur Vermeidung einer inhaltlichen Auseinandersetzung diffamiert Duwe. Dass es seine Beitr\u00e4ge trotz dieser primitiven Technik bis in die \u00f6ffentlich-rechtlichen Sender schaffen, sagt viel aus \u00fcber den Zustand des deutschen Qualit\u00e4tsjournalismus. Er mag ganz viele Qualit\u00e4ten besitzen, nur Qualit\u00e4t besitzt er eben nicht.<\/p>\n<p>Seine Diffamierungstechnik verwendet Duwe auch im <em>Kontraste<\/em>-Beitrag.\u00a0Schon die ersten Sekunden des Beitrags sind hochgradig manipulativ. Man sieht Soldatinnen, die in Reih und Glied \u00fcber einen Platz marschieren. F\u00fcr den Bruchteil einer Sekunde sieht man rote Armbinden mit einem wei\u00dfen Kreis. Und wer genau hinschaut, erkennt in der Mitte eine schwarze Zahl. Die Assoziation mit dem Nationalsozialismus dr\u00e4ngt sich auf.<\/p>\n<p>Die Bildredakteure der <em>ARD<\/em> mussten sicherlich lange suchen, um diesen manipulativen Ausschnitt an den Anfang dieser h\u00f6chst fragw\u00fcrdigen Reportage stellen zu k\u00f6nnen. Er stimmt die Zuschauer suggestiv auf die folgenden neun Minuten reiner Propaganda ein. Im Gleichschritt marschierende Soldaten,\u00a0die angedeutete Symbolik des Nationalsozialismus, milit\u00e4rischer Tusch, der in bedrohlich klingendes Synthie-Gewaber \u00fcbergeht \u2013 das Framing ist perfekt. Jeder f\u00fchlt unmittelbar, es geht im Folgenden um das ganz ganz B\u00f6se.<\/p>\n<p>Der kurze Ausschnitt stammt von 2019 und zeigt eine Probe f\u00fcr die Parade zum Tag des Sieges \u00fcber den Faschismus in Sankt Petersburg. Auf den Armbinden stehen Zahlen, um eine bessere \u00dcbersicht zu haben und einfacher korrigieren zu k\u00f6nnen. Bei der feierlichen Parade am 9. Mai werden keine Armbinden getragen. Die Unterstellung aber ist perfide: Zum Tag der Feier der Befreiung vom Faschismus tragen russische Soldaten faschistische Symbole. Diese Verdrehung der Tatsachen entlarvt den Beitrag f\u00fcr den aufmerksamen Beobachter dann aber auch unmittelbar. Den unaufmerksamen packt er dagegen an seiner verwundbarsten Stelle: an den Emotionen. Die absichtsvoll hervorgerufenen Gef\u00fchle nehmen seinen kritischen Verstand sofort gefangen.<\/p>\n<p>Vielsagend, dass die\u00a0<em>ARD<\/em>\u00a0die Umdeutung der Siegesparade zu einem faschistischen Marsch dem ukrainischen YouTube-Propagandisten <a href=\"https:\/\/www.youtube.com\/watch?v=X0AGdA_8inI\" target=\"_blank\" rel=\"noopener noreferrer\">Juri Porutschik<\/a> zu verdanken hat, was die Quellenangabe auf dem Video verr\u00e4t. Noch im April\u00a02019 hat er die \u00dcbung auf dem\u00a0Palastplatz in Sankt Petersburg mit Vertonung durch\u00a0das im Jahre 1938 ver\u00f6ffentlichte Wehrmachtslied &#8222;Erika&#8220; verballhornt. Um die gew\u00fcnschte Wirkung zu verst\u00e4rken, lie\u00df der Kanal-Betreiber eine kurze Videosequenz mit marschierenden Frauen in Milit\u00e4runiform neunmal \u00fcber den Bildschirm laufen. Andere Videos des Propagandisten zeigen Russen <a href=\"https:\/\/www.youtube.com\/watch?v=38JksiT92cs\" target=\"_blank\" rel=\"noopener noreferrer\">in Tiergestalt<\/a>, als\u00a0<a href=\"https:\/\/www.youtube.com\/watch?v=GTmRZzmUaQE\" target=\"_blank\" rel=\"noopener noreferrer\">Untermenschen<\/a> oder demonstrieren seine Gewaltfantasien, wie etwa eine\u00a0<a href=\"https:\/\/www.youtube.com\/watch?v=WKLyqABgtd4\" target=\"_blank\" rel=\"noopener noreferrer\">simulierte Zerst\u00f6rung<\/a> der Krim-Br\u00fccke. Mit \u00dcbernahme des\u00a0Propaganda-Beitrags von \u00fcbelster Sorte\u00a0hat sich der deutsche \u00f6ffentlich-rechtliche Rundfunk einer offen rassistischen, gewaltverherrlichenden Quelle bedient.<\/p>\n<p>Auch im weiteren Verlauf des <em>Kontraste<\/em>-Beitrags wird es kaum besser: Zitate werden aus dem Zusammenhang gerissen, es wird dekontextualisiert, \u00fcber Bildschnitte werden Verbindungen konstruiert, die faktisch nicht existieren. So sagt die Off-Stimme (Minute 00:30 des Beitrags), Russland sende immer wieder Drohgeb\u00e4rden gen Westen. Direkt danach wird die \u00c4u\u00dferung des Filmregisseurs und Direktors des Studios &#8222;Mosfilm&#8220; Karen Schachnasarow eingeblendet: &#8222;Wenn n\u00f6tig, wird es Konzentrationslager geben, Umerziehung, Sterilisation.&#8220; Das sagte er in einer Talkshow im Fr\u00fchjahr, als Russland unter dem Eindruck der Sanktionen und der aggressiven Rhetorik des Westens stand. Schachnasarow meinte, dass der Westen in Russland mit Sicherheit ein repressives Regime einf\u00fchren w\u00fcrde, sollte es den Krieg verlieren. Der Sinn des Zitats wird damit in sein Gegenteil verkehrt.<\/p>\n<p>Eine weitere Manipulation: Randst\u00e4ndige Erscheinungen werden zu vermeintlich dominanten Str\u00f6mungen stilisiert.\u00a0In einem wilden Zusammenschnitt von Aussagen wird der Eindruck erweckt, in Russland werde nur strenges, einf\u00f6rmiges Denken geduldet. Es gebe keinen Raum f\u00fcr Vielfalt. In einem Land, das sich \u00fcber elf Zeitzonen erstreckt, in dem zudem \u00fcber hundert unterschiedliche V\u00f6lker mit ihren unterschiedlichen Kulturen leben, ist das wenig evident. Es entspricht auch nicht der Lebenswirklichkeit.<\/p>\n<p>Vor Jahren hatte Wladimir Putin sich zum russischen Philosophen Iwan Ilijin ge\u00e4u\u00dfert und ihn mit der Aussage zitiert, dass Gott Russe gewesen sein muss. Putin h\u00e4lt Ilijin f\u00fcr lesenswert, dennoch ist Ilijin in Russland nach wie vor weitgehend unbedeutend. Wer sich allerdings die M\u00fche macht, bei Google die Schlagworte Ilijin und Putin einzugeben, wird schon anhand der deutschen Suchergebnisse versichert, dass Ilijins Denken vermittelt \u00fcber Putin das russische Selbstverst\u00e4ndnis zentral und ausschlie\u00dflich negativ pr\u00e4gt. So funktioniert per Algorithmus gesteuerte Propaganda.<\/p>\n<p>Die These, Ilijin sei von Putin zum staatstragenden Philosophen erhoben worden, vertrat zun\u00e4chst der US-amerikanische Historiker Timothy Snyder, dessen <a href=\"https:\/\/meinungsfreiheit.rtde.life\/meinung\/77542-marchenlekture-fur-mainstream-timothy-snyder\/\" target=\"_blank\" rel=\"noopener noreferrer\">&#8222;Forschungen&#8220;<\/a> zu Russland zwar keinerlei wissenschaftlichen Standards gen\u00fcgen, die aber alle etablierten Klischees und Vorurteile \u00fcber Russen bedienen und daher in entsprechenden Kreisen Verbreitung finden. Man liest gern schwarz auf wei\u00df, was man eigentlich immer schon wusste und jetzt beim Lesen best\u00e4tigt bekommt. Man kann sicher sein, Duwe ist ein gro\u00dfer Fan von Snyder.<\/p>\n<p>Duwe h\u00e4tte statt Ilijin auch ein anderes, wesentlich prominenteres Beispiel der Philosophiegeschichte w\u00e4hlen k\u00f6nnen: Immanuel Kant. Putin hat den Wiederaufbau von Kants Wohnhaus in Kaliningrad pers\u00f6nlich unterst\u00fctzt. Allerdings h\u00e4tte sich die Geschichte, dass dem russischen Pr\u00e4sidenten die Pflege des Andenkens des Autors von &#8222;Zum ewigen Frieden&#8220; eine Herzensangelegenheit ist, nat\u00fcrlich deutlich schlechter instrumentalisieren lassen. Deswegen nimmt sie Duwe in seinen Reportage auch nicht auf, obwohl ihm das Faktum bei seinen Recherchen mit Sicherheit begegnet ist. Aber es w\u00fcrde Duwes Message vom faschistischen Russland erheblich st\u00f6ren.<\/p>\n<p>Auch die <em>Nowaja Chronologia<\/em>, die das <em>Kontraste<\/em>-Machwerk mit Aufmerksamkeit bedenkt, hat in Russland keineswegs die breite Stellung, die der Beitrag suggeriert. Sie gilt als randst\u00e4ndig und wird von Mathematikern, Historikern, Biologen, Arch\u00e4ologen, Linguisten, Physikern, Astronomen, Chemikern und Vertretern anderer Wissenschaften kritisiert. Es ist eine Technik der Manipulation der Zuschauer, randst\u00e4ndige Entwicklungen in ihrer Bedeutung zu \u00fcberh\u00f6hen und einen umfassenden gesellschaftlichen Einfluss zu behaupten. Der deutsche Zuschauer kann das nicht \u00fcberpr\u00fcfen. Die <em>ARD<\/em> nutzt hier das Vertrauen der Zuschauer in ihre Berichterstattung zur Manipulation und Irref\u00fchrung.<\/p>\n<p>Dass sich die russischen Wissenschaften von einer Einzelmeinung abgrenzen, passt aber wiederum nicht in das Bild vom irrationalen, wilden russischen Untermenschen, das Duwe hier bedient. Weil das aber so ist, wird es weggelassen. Schlie\u00dflich ist es Ziel des Beitrags, einen Rassismus zu reaktivieren, der tief in der deutschen Kultur verankert ist.<\/p>\n<p>Schlie\u00dflich kommt Anne Applebaum zu Wort. Ihre &#8222;Expertise&#8220; durfte freilich nicht fehlen. Auch sie ist weniger bekannt f\u00fcr ihr wissenschaftlich solides Arbeiten als vor allem f\u00fcr ihre sich aus reaktion\u00e4ren Klischees n\u00e4hrenden verbalen Tiefschl\u00e4ge gegen ein der westlichen Dominanz\u00a0widerstehendes Russland.<\/p>\n<p>Nat\u00fcrlich ist Applebaum Mitglied in den entsprechenden US-amerikanischen Thinktanks. Sie ist unter anderem im Vorstand des aus dem US-Haushalt finanzierten National Endowment for Democracy, dessen Ziel die weltweite F\u00f6rderung der liberalen Demokratie ist. Applebaum ist also keineswegs unabh\u00e4ngige Historikerin, sondern verfolgt und f\u00f6rdert die geopolitischen Interessen der USA. <em>Kontraste<\/em> und der dazugeh\u00f6rige Beitrag in der <em><a href=\"https:\/\/www.tagesschau.de\/russland-diktatur-applebaum-101.html\" target=\"_blank\" rel=\"noopener noreferrer\">Tagesschau<\/a><\/em> verschweigen diesen Zusammenhang nat\u00fcrlich. Daf\u00fcr darf sie sich ausgiebig auslassen. So meint Applebaum, das System Putin sei auf einen einzelnen F\u00fchrer zugeschnitten, der nicht ausgetauscht werden k\u00f6nne. Es gebe keine geregelte Nachfolge.<\/p>\n<p>Das ist nat\u00fcrlich absoluter Bl\u00f6dsinn und vollkommen an der Realit\u00e4t vorbei. Die Nachfolge Putins ist nat\u00fcrlich geregelt, und zwar durch die russische Verfassung. Der Pr\u00e4sident wird direkt gew\u00e4hlt, und um das Pr\u00e4sidentenamt kann sich jeder russische B\u00fcrger bewerben, der nicht vorbestraft ist. Es mag Applebaum irritieren, aber Demokratien funktionieren so.<\/p>\n<p>Ob Putin seine Nachfolge tats\u00e4chlich ungeregelt l\u00e4sst oder nicht doch einen Nachfolger zumindest ins Rennen zu schicken versucht, wird sich zeigen.<\/p>\n<p>Wer \u00fcbrigens seine Nachfolge tats\u00e4chlich v\u00f6llig ungeregelt gelassen hat, war die deutsche Dauerregentin Angela Merkel. Das allein macht Deutschland aber noch nicht zu einer faschistischen Diktatur.<\/p>\n<p>Wenn Applebaum meint, es sei Zeichen autorit\u00e4rer Regime, die Realit\u00e4t vor dem Volk verbergen zu m\u00fcssen, dann sollte sie sich mal an die eigene Nase fassen. Der Westen und insbesondere die deutschen Medien des Mainstreams unternehmen gerade alles, um die Realit\u00e4t vor dem eigenen Volk zu verbergen. Applebaum hat mit ihrem Auftritt im <em>Kontraste<\/em>-Beitrag daran Anteil.<\/p>\n<p>Diese Wahrheit ist dabei ganz schlicht: Der Westen ist dabei, den Krieg zu verlieren. Er verliert zudem seine Stellung als Hegemon in der Welt. Er kann der Welt seine Regeln k\u00fcnftig nicht mehr diktieren und steigt \u00f6konomisch und politisch ab. Der <em>Kontraste<\/em>-Beitrag ist ein Paradebeispiel f\u00fcr den Versuch des Verbergens dieser Realit\u00e4t.<\/p>\n<p>Dass Applebaum jede diplomatische L\u00f6sung f\u00fcr die Ukraine verneint, ist vor dem Hintergrund ihrer Einbettung in westliche Propaganda-Strukturen keine \u00dcberraschung. F\u00fcr sie kann es nur ein Ziel geben \u2013 Russland muss besiegt werden. Applebaum ist Propagandistin durch und durch. Das Leben ukrainischer Soldaten ist ihr in ihrem Zynismus gleichg\u00fcltig. Zudem lebt sie in den USA und daher weit weg vom Geschehen. Sie wird die Konsequenzen ihrer Forderungen kaum sp\u00fcren. Man kann hoffen, dass in der EU niemand auf sie h\u00f6rt.<\/p>\n<p>Die Frage bleibt nat\u00fcrlich, warum die <em>ARD<\/em> einen derartigen Beitrag produziert, der alle Kriterien von Propaganda erf\u00fcllt. Er dient, es wurde eben schon angedeutet, vor allem dem Verschweigen und dem Ablenken vom eigenen, westlichen Versagen.<\/p>\n<p>Der milit\u00e4rische Konflikt in der Ukraine h\u00e4tte vermieden werden k\u00f6nnen. Er h\u00e4tte bereits 2008 vermieden werden k\u00f6nnen, wenn die NATO der Ukraine nicht signalisiert h\u00e4tte, sie sei bereit f\u00fcr eine Aufnahme.<\/p>\n<p>Er h\u00e4tte 2014 verhindert werden k\u00f6nnen, wenn die EU die Ukraine nicht zur Unterschrift unter das EU-Assoziierungsabkommen gedr\u00e4ngt h\u00e4tte. Der legitime Pr\u00e4sident Wiktor Janukowitsch hatte die Unterschrift verweigert und wurde weggeputscht, sodass schlie\u00dflich der Ministerpr\u00e4sident der \u00dcbergangsregierung Arseni Jazenjuk das Dokument unterschreiben konnte. Im Osten des Landes brach ein B\u00fcrgerkrieg aus.<\/p>\n<p>Der Konflikt h\u00e4tte auch nach Ausbruch des B\u00fcrgerkrieges noch verhindert werden k\u00f6nnen, wenn Deutschland und Frankreich ihren Verpflichtungen als Garantiem\u00e4chte im Rahmen der Minsker Vereinbarungen nachgekommen w\u00e4ren. Ihre Aufgabe war es, die ukrainische Seite zur Umsetzung der\u00a0Zusagen\u00a0zu dr\u00e4ngen. Sie haben das unterlassen.<\/p>\n<p>Der milit\u00e4rische Konflikt h\u00e4tte auch kurz vor dem Einmarsch russischer Truppen in die Ukraine noch verhindert werden k\u00f6nnen, h\u00e4tten sich die USA und die NATO auf die russische Forderung nach Sicherheitsgarantien eingelassen. Sie taten es nicht.<\/p>\n<p>Dass dieser Konflikt eskalierte, hat daher vor allem der Westen zu verantworten. Er ist seinem imperialistischen Expansions- und Gestaltungsanspruch zu verdanken. Mit inneren Entwicklungen in Russland hat das alles zun\u00e4chst gar nichts zu tun.<\/p>\n<p><em>Kontraste<\/em> dagegen thematisiert von all den Entwicklungen hin zum Krieg nichts. Die Reportage verl\u00e4sst sich vollst\u00e4ndig auf eine ahistorische Argumentation, bedient dabei dumpfe Klischees und Ressentiments sowie einen sehr deutschen Rassismus.<\/p>\n<p>Im Beitrag wird behauptet, aus Gr\u00fcnden einer innerrussisch erstarkten Ideologie habe Russland die Ukraine mit dem Ziel \u00fcberfallen, sie zu vernichten und die Ukrainer in einem umfassenden Genozid auszurotten. Das ist nicht nur falsch, sondern schlicht gelogen. Die historischen Abl\u00e4ufe bis zum Ausbruch des Krieges sind einfach recherchierbar. Dass es Duwe in seinem Beitrag unterl\u00e4sst, auf diese Entwicklung hinzuweisen, muss ihm als b\u00f6se Absicht ausgelegt werden.<\/p>\n<p>Ziel der milit\u00e4rischen Operation Russlands ist nicht die Ausl\u00f6schung der Ukraine, sondern die Wahrung russischer Sicherheitsinteressen und der Schutz der russischsprachigen Bev\u00f6lkerung in der Ukraine.<\/p>\n<p>Dass die russischsprachige Bev\u00f6lkerung in der Ukraine bedroht ist sowie zahlreiche andere, extrem bedenkliche Entwicklungen in der Ukraine verschweigt <em>Kontraste<\/em>.<\/p>\n<p>Den Fakten nach ist es exakt umgekehrt: Der Westen hat das Auferstehen eines dumpfen Nationalismus in der Ukraine nicht nur geduldet, sondern aktiv gef\u00f6rdert. Ergebnis war ein System der Repression. Unter anderem der Erlass diskriminierender Sprachgesetze verbunden mit dem bedrohlichen Erstarken einer rechtsnationalistischen Bewegung bef\u00f6rderte den Wunsch eines Teils der ukrainischen Bev\u00f6lkerung, sich von der Ukraine zu l\u00f6sen.<\/p>\n<p>In Wladimir Selenskijs Ukraine wird die politische Opposition massiv unterdr\u00fcckt, die Medien sind gleichgeschaltet, und es herrscht eine strenge Zensur. All das, was Duwe in seinem Beitrag Russland vorwirft, passiert gerade in der Ukraine. Vor echtem Faschismus halten Duwe und die <em>ARD<\/em> die Augen fest geschlossen. Deutschland hat keine Resilienz gegen Faschismus.<\/p>\n<p>Denn was eben auch zur Wahrheit geh\u00f6rt: \u00dcberall, wo der Westen einf\u00e4llt, entsteht Extremismus. Der IS im Irak und in Syrien, Neonazismus in der Ukraine. Auch in Wei\u00dfrussland hat der Westen versucht, Nationalismus zu f\u00f6rdern. Das ist kein Zufall. Es ist eine klare Strategie des Westens, sich absolut reaktion\u00e4rer Elemente zur Durchsetzung eigener machtpolitischer Anspr\u00fcche zu bedienen.<\/p>\n<p>Wovon der Beitrag au\u00dferdem noch schweigt, ist der deutliche Rechtsrutsch westlicher Staaten. Auch im Westen ist die Zensur auf dem Vormarsch. Journalisten werden verfolgt, weggesperrt und drangsaliert.<\/p>\n<p>Es sind \u00fcbrigens Systemjournalisten wie Duwe, die das nicht nur begr\u00fc\u00dfen, sondern aktiv f\u00f6rdern. Duwe geh\u00f6rt zu jenen Journalisten, die beispielsweise Ken Jebsen aktiv diffamiert haben. Als Systemjournalist, der Regierungshandeln affirmativ begleitet und gegen Kritik immunisiert, hat Duwe an der zunehmenden Unterdr\u00fcckung und Diskriminierung Andersdenkender in Deutschland Anteil. Er h\u00e4lt Denunziation und Diskriminierung f\u00fcr seine journalistische Aufgabe. Ihm erscheint das als Kampf gegen rechts. Was er dabei \u00fcbersieht, ist, welchen Beitrag er zum Rechtsrutsch in Deutschland leistet. Er f\u00f6rdert aktiv ein System der Repression.<\/p>\n<p style=\"text-align: right;\"><em>Gert-Ewen Ungar studierte Philosophie und Germanistik und arbeitet als P\u00e4dagoge in der Sozialpsychiatrie in Berlin<\/em><\/p>\n<hr \/>\n<p><span style=\"font-size: 10pt;\">Bild: Milit\u00e4rparade anl\u00e4sslich des 77. Jahrestages des Sieges im Gro\u00dfen Vaterl\u00e4ndischen Krieg (Moskau, 09.05.2022)<\/span><br \/>\n<span style=\"font-size: 10pt;\">Foto: kremlin.ru<\/span><br \/>\n<span style=\"font-size: 10pt;\">Quelle: <a href=\"http:\/\/en.kremlin.ru\/events\/president\/news\/68366\/photos\/67996\" target=\"_blank\" rel=\"noopener\">http:\/\/en.kremlin.ru\/events\/president\/news\/68366\/photos\/67996<\/a><\/span><\/p>\n","protected":false},"excerpt":{"rendered":"<p><b>von Gert Ewen Ungar<\/b><br \/>\nDie Ukraine verliert gerade trotz umfangreicher Waffenlieferungen durch den Westen den milit\u00e4rischen Teil des Krieges. Deutschland und die EU verlieren den Wirtschaftskrieg gegen Russland. Die B\u00fcrger Deutschlands werden von der deutschen Politik f\u00fcr einen aussichtslosen wirtschaftspolitischen Stellungskampf in Geiselhaft genommen. Die deutsche Politik ist bereit, den Wohlstand von vielen einer l\u00e4ngst verlorenen Sache preiszugeben: der Idee der Vernichtung Russlands. Und was machen die \u00f6ffentlich-rechtlichen Medien? Sie machen Propaganda, erdichten Verschw\u00f6rungstheorien und versuchen, das Feindbild Russland etabliert zu halten.\u00a0<\/p>\n","protected":false},"author":3,"featured_media":14058,"comment_status":"closed","ping_status":"closed","sticky":false,"template":"","format":"standard","meta":{"colormag_page_container_layout":"default_layout","colormag_page_sidebar_layout":"default_layout","advanced_seo_description":"","jetpack_seo_html_title":"","jetpack_seo_noindex":false,"jetpack_post_was_ever_published":false,"footnotes":""},"categories":[12],"tags":[1094,973,272,451,635,1155,1315,636],"class_list":["post-14046","post","type-post","status-publish","format-standard","has-post-thumbnail","hentry","category-demokratie-medien-aufklaerung","tag-ard","tag-bildersprache","tag-der-westen-und-russland","tag-faschismus","tag-feindbild","tag-hegemonie","tag-journalismus","tag-manipulation"],"jetpack_featured_media_url":"https:\/\/i0.wp.com\/www.freidenker.org\/fw17\/wp-content\/uploads\/2022\/08\/tdb_2022_b04_800x450.jpg?fit=800%2C460&ssl=1","jetpack_shortlink":"https:\/\/wp.me\/p9stpK-3Ey","jetpack-related-posts":[{"id":17980,"url":"https:\/\/www.freidenker.org\/?p=17980","url_meta":{"origin":14046,"position":0},"title":"Die Bauernproteste in russischen Medien","author":"Webredaktion","date":"23. Januar 2024","format":false,"excerpt":"Beitrag von Gert Ewen Ungar Es wird Lenin zugeschrieben, gesagt zu haben, wenn die Deutschen einen Bahnhof st\u00fcrmen wollen, kaufen sie vorher eine Bahnsteigkarte. Mit umso mehr Erstaunen nahm man in Russland die Bauernproteste und ihren enormen Umfang zur Kenntnis. Russische Medien haben breit \u00fcber die landesweiten Aktionen berichtet. Die\u2026","rel":"","context":"In &quot;Demokratie \u2013 Medien \u2013 Aufkl\u00e4rung&quot;","block_context":{"text":"Demokratie \u2013 Medien \u2013 Aufkl\u00e4rung","link":"https:\/\/www.freidenker.org\/?cat=12"},"img":{"alt_text":"","src":"https:\/\/i0.wp.com\/www.freidenker.org\/fw17\/wp-content\/uploads\/2024\/01\/Bauernproteste_Nordhausen-6890_800x450.jpg?fit=800%2C450&ssl=1&resize=350%2C200","width":350,"height":200,"srcset":"https:\/\/i0.wp.com\/www.freidenker.org\/fw17\/wp-content\/uploads\/2024\/01\/Bauernproteste_Nordhausen-6890_800x450.jpg?fit=800%2C450&ssl=1&resize=350%2C200 1x, https:\/\/i0.wp.com\/www.freidenker.org\/fw17\/wp-content\/uploads\/2024\/01\/Bauernproteste_Nordhausen-6890_800x450.jpg?fit=800%2C450&ssl=1&resize=525%2C300 1.5x, https:\/\/i0.wp.com\/www.freidenker.org\/fw17\/wp-content\/uploads\/2024\/01\/Bauernproteste_Nordhausen-6890_800x450.jpg?fit=800%2C450&ssl=1&resize=700%2C400 2x"},"classes":[]},{"id":15501,"url":"https:\/\/www.freidenker.org\/?p=15501","url_meta":{"origin":14046,"position":1},"title":"&#8222;Kriegste nicht zusammen im Kopf&#8220;","author":"Webredaktion","date":"16. M\u00e4rz 2023","format":false,"excerpt":"Beitrag von Gert Ewen Ungar Ina Ruck ist ARD-Moskau-Korrespondentin. Sie berichtet aus Russland und bedient sich dabei gern in Deutschland verbreiteten Klischees \u00fcber Russland und die Russen. Ihr wird oft Einseitigkeit in der Berichterstattung vorgeworfen und die Vorw\u00fcrfe sind begr\u00fcndet. Schon an ihrer Berichterstattung zu Nawalny wurde deutlich, dass Ruck\u2026","rel":"","context":"In &quot;Demokratie \u2013 Medien \u2013 Aufkl\u00e4rung&quot;","block_context":{"text":"Demokratie \u2013 Medien \u2013 Aufkl\u00e4rung","link":"https:\/\/www.freidenker.org\/?cat=12"},"img":{"alt_text":"","src":"https:\/\/i0.wp.com\/www.freidenker.org\/fw17\/wp-content\/uploads\/2023\/03\/ina_ruck_coll_800x450.jpg?fit=800%2C450&ssl=1&resize=350%2C200","width":350,"height":200,"srcset":"https:\/\/i0.wp.com\/www.freidenker.org\/fw17\/wp-content\/uploads\/2023\/03\/ina_ruck_coll_800x450.jpg?fit=800%2C450&ssl=1&resize=350%2C200 1x, https:\/\/i0.wp.com\/www.freidenker.org\/fw17\/wp-content\/uploads\/2023\/03\/ina_ruck_coll_800x450.jpg?fit=800%2C450&ssl=1&resize=525%2C300 1.5x, https:\/\/i0.wp.com\/www.freidenker.org\/fw17\/wp-content\/uploads\/2023\/03\/ina_ruck_coll_800x450.jpg?fit=800%2C450&ssl=1&resize=700%2C400 2x"},"classes":[]},{"id":5649,"url":"https:\/\/www.freidenker.org\/?p=5649","url_meta":{"origin":14046,"position":2},"title":"USA k\u00fcndigen INF-Vertrag &#8211; &#8222;die Russen sind an allem schuld&#8220;","author":"Webredaktion","date":"20. Dezember 2018","format":false,"excerpt":"Beitrag von Friedhelm Klinkhammer und Volker Br\u00e4utigam USA und NATO orchestrieren die Gef\u00e4hrdung des Weltfriedens sorgf\u00e4ltig: Kaum nimmt das Kriegspotential in einem Konfliktherd etwas ab \u2013 Beispiele: Libyen, Syrien, Ukraine \u2013 schon liegt an anderer Stelle die Lunte am Pulverfass. Jetzt drohen die USA, den INF-Vertrag \u00fcber das Verbot nuklearer\u2026","rel":"","context":"In &quot;Frieden - Antifaschismus - Solidarit\u00e4t&quot;","block_context":{"text":"Frieden - Antifaschismus - Solidarit\u00e4t","link":"https:\/\/www.freidenker.org\/?cat=13"},"img":{"alt_text":"","src":"https:\/\/i0.wp.com\/www.freidenker.org\/fw17\/wp-content\/uploads\/2018\/12\/usa_russland_coll.jpg?fit=800%2C450&ssl=1&resize=350%2C200","width":350,"height":200,"srcset":"https:\/\/i0.wp.com\/www.freidenker.org\/fw17\/wp-content\/uploads\/2018\/12\/usa_russland_coll.jpg?fit=800%2C450&ssl=1&resize=350%2C200 1x, https:\/\/i0.wp.com\/www.freidenker.org\/fw17\/wp-content\/uploads\/2018\/12\/usa_russland_coll.jpg?fit=800%2C450&ssl=1&resize=525%2C300 1.5x, https:\/\/i0.wp.com\/www.freidenker.org\/fw17\/wp-content\/uploads\/2018\/12\/usa_russland_coll.jpg?fit=800%2C450&ssl=1&resize=700%2C400 2x"},"classes":[]},{"id":12870,"url":"https:\/\/www.freidenker.org\/?p=12870","url_meta":{"origin":14046,"position":3},"title":"Frieden statt Kriegshetze!","author":"Webredaktion","date":"19. April 2022","format":false,"excerpt":"Erkl\u00e4rung des Bundesverbands Arbeiterfotografie zu Russlands Vorgehen in der Ukraine, April 2022 Seit dem 24. Februar 2022 ist zu der weltweiten Ersch\u00fctterung durch das Corona-Geschehen eine weitere gro\u00dfe Bedrohung hinzugekommen \u2013 die Gefahr eines von der Ukraine ausgehenden zerst\u00f6rerischen Fl\u00e4chenbrandes. Es ist, als h\u00e4tte der Westen auf diese Situation lange\u2026","rel":"","context":"In &quot;Frieden - Antifaschismus - Solidarit\u00e4t&quot;","block_context":{"text":"Frieden - Antifaschismus - Solidarit\u00e4t","link":"https:\/\/www.freidenker.org\/?cat=13"},"img":{"alt_text":"","src":"https:\/\/i0.wp.com\/www.freidenker.org\/fw17\/wp-content\/uploads\/2022\/04\/AF-Erklaerung-Ukraine_v2_800x448.jpg?fit=800%2C449&ssl=1&resize=350%2C200","width":350,"height":200,"srcset":"https:\/\/i0.wp.com\/www.freidenker.org\/fw17\/wp-content\/uploads\/2022\/04\/AF-Erklaerung-Ukraine_v2_800x448.jpg?fit=800%2C449&ssl=1&resize=350%2C200 1x, https:\/\/i0.wp.com\/www.freidenker.org\/fw17\/wp-content\/uploads\/2022\/04\/AF-Erklaerung-Ukraine_v2_800x448.jpg?fit=800%2C449&ssl=1&resize=525%2C300 1.5x, https:\/\/i0.wp.com\/www.freidenker.org\/fw17\/wp-content\/uploads\/2022\/04\/AF-Erklaerung-Ukraine_v2_800x448.jpg?fit=800%2C449&ssl=1&resize=700%2C400 2x"},"classes":[]},{"id":22983,"url":"https:\/\/www.freidenker.org\/?p=22983","url_meta":{"origin":14046,"position":4},"title":"Auf dem Weg nach Gleiwitz?","author":"Webredaktion","date":"28. September 2025","format":false,"excerpt":"Politik und Medien im Westen heizen die Kriegshysterie an Kommentar von Tilo Gr\u00e4ser Kann es sein, dass der kollektive Westen,\u00a0ob mit oder ohne US-F\u00fchrung, einen Krieg gegen Russland vorbereitet? Einen Krieg, f\u00fcr den ein Anlass geschaffen wird, wenn es soweit ist, wie einst beispielsweise mit dem Anschlag auf die USS\u2026","rel":"","context":"In &quot;Demokratie \u2013 Medien \u2013 Aufkl\u00e4rung&quot;","block_context":{"text":"Demokratie \u2013 Medien \u2013 Aufkl\u00e4rung","link":"https:\/\/www.freidenker.org\/?cat=12"},"img":{"alt_text":"","src":"https:\/\/i0.wp.com\/www.freidenker.org\/fw17\/wp-content\/uploads\/2025\/09\/Spokojne_miejsce_06_800x450.jpg?fit=800%2C450&ssl=1&resize=350%2C200","width":350,"height":200,"srcset":"https:\/\/i0.wp.com\/www.freidenker.org\/fw17\/wp-content\/uploads\/2025\/09\/Spokojne_miejsce_06_800x450.jpg?fit=800%2C450&ssl=1&resize=350%2C200 1x, https:\/\/i0.wp.com\/www.freidenker.org\/fw17\/wp-content\/uploads\/2025\/09\/Spokojne_miejsce_06_800x450.jpg?fit=800%2C450&ssl=1&resize=525%2C300 1.5x, https:\/\/i0.wp.com\/www.freidenker.org\/fw17\/wp-content\/uploads\/2025\/09\/Spokojne_miejsce_06_800x450.jpg?fit=800%2C450&ssl=1&resize=700%2C400 2x"},"classes":[]},{"id":11929,"url":"https:\/\/www.freidenker.org\/?p=11929","url_meta":{"origin":14046,"position":5},"title":"Ene mene muh und raus bist du: RT DE","author":"Webredaktion","date":"4. Januar 2022","format":false,"excerpt":"Beitrag von Friedhelm Klinkhammer und Volker Br\u00e4utigam Wie hochgesinnt es doch klingt, unser wunderbares Grundgesetz: \u201eDie Pressefreiheit und die Freiheit der Berichterstattung durch Rundfunk und Film werden gew\u00e4hrleistet. Eine Zensur findet nicht statt.\u201c (1) Selbstzensur ist hingegen nicht nur statthaft, sie ist den Regierenden auch hochwillkommen. \u00a0Die Schmocks der Redaktion\u2026","rel":"","context":"In &quot;Demokratie \u2013 Medien \u2013 Aufkl\u00e4rung&quot;","block_context":{"text":"Demokratie \u2013 Medien \u2013 Aufkl\u00e4rung","link":"https:\/\/www.freidenker.org\/?cat=12"},"img":{"alt_text":"","src":"https:\/\/i0.wp.com\/www.freidenker.org\/fw17\/wp-content\/uploads\/2022\/01\/rt_de_800x450_v2.jpg?fit=800%2C450&ssl=1&resize=350%2C200","width":350,"height":200,"srcset":"https:\/\/i0.wp.com\/www.freidenker.org\/fw17\/wp-content\/uploads\/2022\/01\/rt_de_800x450_v2.jpg?fit=800%2C450&ssl=1&resize=350%2C200 1x, https:\/\/i0.wp.com\/www.freidenker.org\/fw17\/wp-content\/uploads\/2022\/01\/rt_de_800x450_v2.jpg?fit=800%2C450&ssl=1&resize=525%2C300 1.5x, https:\/\/i0.wp.com\/www.freidenker.org\/fw17\/wp-content\/uploads\/2022\/01\/rt_de_800x450_v2.jpg?fit=800%2C450&ssl=1&resize=700%2C400 2x"},"classes":[]}],"_links":{"self":[{"href":"https:\/\/www.freidenker.org\/index.php?rest_route=\/wp\/v2\/posts\/14046","targetHints":{"allow":["GET"]}}],"collection":[{"href":"https:\/\/www.freidenker.org\/index.php?rest_route=\/wp\/v2\/posts"}],"about":[{"href":"https:\/\/www.freidenker.org\/index.php?rest_route=\/wp\/v2\/types\/post"}],"author":[{"embeddable":true,"href":"https:\/\/www.freidenker.org\/index.php?rest_route=\/wp\/v2\/users\/3"}],"replies":[{"embeddable":true,"href":"https:\/\/www.freidenker.org\/index.php?rest_route=%2Fwp%2Fv2%2Fcomments&post=14046"}],"version-history":[{"count":0,"href":"https:\/\/www.freidenker.org\/index.php?rest_route=\/wp\/v2\/posts\/14046\/revisions"}],"wp:featuredmedia":[{"embeddable":true,"href":"https:\/\/www.freidenker.org\/index.php?rest_route=\/wp\/v2\/media\/14058"}],"wp:attachment":[{"href":"https:\/\/www.freidenker.org\/index.php?rest_route=%2Fwp%2Fv2%2Fmedia&parent=14046"}],"wp:term":[{"taxonomy":"category","embeddable":true,"href":"https:\/\/www.freidenker.org\/index.php?rest_route=%2Fwp%2Fv2%2Fcategories&post=14046"},{"taxonomy":"post_tag","embeddable":true,"href":"https:\/\/www.freidenker.org\/index.php?rest_route=%2Fwp%2Fv2%2Ftags&post=14046"}],"curies":[{"name":"wp","href":"https:\/\/api.w.org\/{rel}","templated":true}]}}