{"id":1391,"date":"2017-08-30T05:14:01","date_gmt":"2017-08-30T03:14:01","guid":{"rendered":"http:\/\/www.freidenker.org\/fw17\/?p=1391"},"modified":"2018-03-09T10:54:30","modified_gmt":"2018-03-09T09:54:30","slug":"freidenker-brief-2-2017-syrien-erkaempft-den-sieg","status":"publish","type":"post","link":"https:\/\/www.freidenker.org\/?p=1391","title":{"rendered":"Freidenker-Brief 2-2017: \u201eSyrien erk\u00e4mpft den Sieg\u201c"},"content":{"rendered":"<p>Freidenker-Brief Nr. 2-2017 vom 29. August 2017<\/p>\n<p><strong>Der deutsche Freidenkerverband ist Mitveranstalter der Demonstration<\/strong><\/p>\n<p><strong>\u201eSyrien erk\u00e4mpft den Sieg\u201c gegen den Terrorkrieg von NATO, Zionisten, &#8222;Islamischem Staat&#8220; und Golfmonarchen.<\/strong><\/p>\n<p><strong>Am 2.9.2017 in Frankfurt am Main. Auftaktkundgebung um 13 Uhr an der Alten Oper.<\/strong><\/p>\n<p><strong>Hauptveranstalter ist das Frankfurter Solidarit\u00e4tskomitee f\u00fcr Syrien. Wir laden Sie herzlich ein, an der Demonstration teilzunehmen und viele Gleichgesinnte mitzubringen!<\/strong> Um Weiterleitung wird gebeten!<\/p>\n<p>Mit solidarischen Gr\u00fc\u00dfen<\/p>\n<p>Sebastian Bahlo<br \/>\n(Stellvertretender Vorsitzender des Deutschen Freidenker-Verbandes)<\/p>\n<hr \/>\n<p><img data-recalc-dims=\"1\" loading=\"lazy\" decoding=\"async\" data-attachment-id=\"1455\" data-permalink=\"https:\/\/www.freidenker.org\/?attachment_id=1455\" data-orig-file=\"https:\/\/i0.wp.com\/www.freidenker.org\/fw17\/wp-content\/uploads\/2017\/08\/aufruf-demo-2017-logo.jpg?fit=800%2C445&amp;ssl=1\" data-orig-size=\"800,445\" data-comments-opened=\"0\" data-image-meta=\"{&quot;aperture&quot;:&quot;0&quot;,&quot;credit&quot;:&quot;&quot;,&quot;camera&quot;:&quot;&quot;,&quot;caption&quot;:&quot;&quot;,&quot;created_timestamp&quot;:&quot;0&quot;,&quot;copyright&quot;:&quot;&quot;,&quot;focal_length&quot;:&quot;0&quot;,&quot;iso&quot;:&quot;0&quot;,&quot;shutter_speed&quot;:&quot;0&quot;,&quot;title&quot;:&quot;&quot;,&quot;orientation&quot;:&quot;0&quot;}\" data-image-title=\"aufruf-demo-2017-logo\" data-image-description=\"\" data-image-caption=\"\" data-large-file=\"https:\/\/i0.wp.com\/www.freidenker.org\/fw17\/wp-content\/uploads\/2017\/08\/aufruf-demo-2017-logo.jpg?fit=800%2C445&amp;ssl=1\" class=\"alignnone size-medium wp-image-1455 aligncenter\" src=\"https:\/\/i0.wp.com\/www.freidenker.org\/fw17\/wp-content\/uploads\/2017\/08\/aufruf-demo-2017-logo.jpg?resize=300%2C167&#038;ssl=1\" alt=\"\" width=\"300\" height=\"167\" srcset=\"https:\/\/i0.wp.com\/www.freidenker.org\/fw17\/wp-content\/uploads\/2017\/08\/aufruf-demo-2017-logo.jpg?resize=300%2C167&amp;ssl=1 300w, https:\/\/i0.wp.com\/www.freidenker.org\/fw17\/wp-content\/uploads\/2017\/08\/aufruf-demo-2017-logo.jpg?resize=768%2C427&amp;ssl=1 768w, https:\/\/i0.wp.com\/www.freidenker.org\/fw17\/wp-content\/uploads\/2017\/08\/aufruf-demo-2017-logo.jpg?w=800&amp;ssl=1 800w\" sizes=\"auto, (max-width: 300px) 100vw, 300px\" \/><\/p>\n<p style=\"text-align: center;\"><strong>Weltfriedenstag 2017<\/strong><\/p>\n<p style=\"text-align: center;\"><strong>Aufruf<\/strong><br \/>\n<strong>Demo f\u00fcr Syrien &#8211; Schluss mit der Aggression!<\/strong><br \/>\n<strong>Samstag 02. September 2017 um 13:00 Uhr<\/strong><br \/>\n<strong>Alten Oper \u2013 Opernplatz 1, 60311 Frankfurt am Main<\/strong><\/p>\n<p>&nbsp;<\/p>\n<p style=\"text-align: left;\"><strong>NATO, &#8222;Islamischer Staat&#8220;, Zionisten, Golfmonarchen:<\/strong><br \/>\nSie alle stehen seit sechs Jahren in einer Front gegen die Syrische Arabische Republik. Unter dem <strong>Vorwand<\/strong>, eine &#8222;demokratische Opposition&#8220; in einem &#8222;B\u00fcrgerkrieg&#8220; zu unterst\u00fctzen, haben sie das Land mit Terroristen infiltriert, Zivilisten ermordet, vertrieben, oder mit Sanktionen ausgehungert, die Infrastruktur &#8222;versehentlich&#8220; bombardiert, <strong>direkte Luftangriffe gegen die syrischen Streitkr\u00e4fte zur Unterst\u00fctzung des IS-Vormarsches ver\u00fcbt<\/strong>, sie haben Hunderttausende von Todesopfern, Verletzten und Heimatlosen zu verantworten. Sie riskieren jederzeit einen Krieg mit Russland und damit den Dritten Weltkrieg.<\/p>\n<p><strong>Doch Syrien h\u00e4lt stand!<\/strong><br \/>\nHinter dem <strong>Pr\u00e4sidenten Dr. Baschar al Assad zusammengeschlossen<\/strong>, trotzen die Syrer allen Widrigkeiten und halten den Staat am Leben, <strong>die Armee r\u00fcckt gegen die Terroristen vor<\/strong>. Die <strong>Befreiung Aleppos<\/strong> im Dezember 2016 markierte einen Wendepunkt. Das B\u00fcndnis mit Russland zur Ausl\u00f6schung des &#8222;Islamischen Staates&#8220; bew\u00e4hrt sich.<\/p>\n<p><strong>Auch Deutschland beteiligt sich direkt an dem schmutzigen Krieg!<\/strong> Mit dem Abbruch der diplomatischen Beziehungen zu Syrien, mit der Implementierung v\u00f6lkerrechtswidriger Sanktionen und mit <strong>direkter milit\u00e4rischer Beteiligung<\/strong> an einer US-gef\u00fchrten Koalition, die vorgeblich den &#8222;Islamischen Staat&#8220; bek\u00e4mpft, in Wirklichkeit nur die syrische Souver\u00e4nit\u00e4t verletzt, um der russischen Pr\u00e4senz Paroli zu bieten, steht Deutschland fest an der Seite der Feinde Syriens, (die sich zynischerweise &#8222;Freunde Syriens&#8220; nennen), und hat<strong> erheblich zum Leid des syrischen Volkes beigetragen. Bezahlt mit deutschen Steuergeldern und<\/strong> mit vielf\u00e4ltigen Nachteilen f\u00fcr die deutsche Bev\u00f6lkerung, wozu auch die massenhafte Aufnahme syrischer Fl\u00fcchtlinge z\u00e4hlt. Dabei ist dieser Krieg nicht nur illegal und unmoralisch, sondern<strong> f\u00fcr Deutschland auch ohne jeden Nutzen<\/strong>, er dient lediglich den geopolitischen Strategien der USA.<\/p>\n<p><strong>Medienl\u00fcgen und Kriegspropaganda<\/strong><br \/>\nObwohl die objektiven Entwicklungen eine klare Sprache sprechen, versuchen die tonangebenden Medien unseres Landes genau wie vor sechs Jahren das Bild eines Volksaufstands gegen einen blutigen Diktator aufrechtzuerhalten. Jede unbewiesene Anschuldigung gegen des syrische &#8222;Regime&#8220; wird aufgegriffen und verbreitet, w\u00e4hrend die terroristischen Gegner immer noch als &#8222;Rebellen&#8220; verniedlicht werden, ihre Verbrechen an der Zivilbev\u00f6lkerung werden verschwiegen.<\/p>\n<p>Anl\u00e4sslich des <strong>Weltfriedenstages 2017<\/strong> sagen wir:<\/p>\n<ul>\n<li style=\"text-align: left;\">Nein zum Krieg gegen Syrien!<\/li>\n<li style=\"text-align: left;\">Unterst\u00fctzt den gerechten Kampf des Syrischen Volkes gegen die imperialistische Aggression!<\/li>\n<li style=\"text-align: left;\">Nein zur fortgesetzten deutschen Beteiligung daran!<\/li>\n<li style=\"text-align: left;\">Ende der illegalen Sanktionen!<\/li>\n<li style=\"text-align: left;\">F\u00fcr die Respektierung der rechtm\u00e4\u00dfigen syrischen Regierung!<\/li>\n<li style=\"text-align: left;\">Gegen den Bundeswehreinsatz in Syrien!<\/li>\n<\/ul>\n<p>Bitte unterst\u00fctzen Sie das Frankfurter Solidarit\u00e4tskomitee f\u00fcr Syrien durch Ihre Spende an:<br \/>\nIBAN: DE24 5088 0050 0225 5765 00<br \/>\nBIC: DRESDEFF508<br \/>\nViSdP: W. Schulze-Barantin, Postfach 701009 Frankfurt\/M<\/p>\n<p>&nbsp;<\/p>\n<hr \/>\n<p><em>Foto: Pioniere des Internationalen Minenaktionszentrums des russischen Verteidigungsministeriums in Aleppo (Syrien)<\/em><br \/>\n<em>Urheber: Mil.ru, Quelle: https:\/\/commons.wikimedia.org\/w\/index.php?curid=54615739<\/em><\/p>\n","protected":false},"excerpt":{"rendered":"<p><strong>Der deutsche Freidenkerverband ist Mitveranstalter der Demonstration \u201eSyrien erk\u00e4mpft den Sieg\u201c gegen den Terrorkrieg von NATO, Zionisten, &#8222;Islamischem Staat&#8220; und Golfmonarchen&#8220; am 2.9.2017 in Frankfurt am Main.<\/strong><br \/>\nAuftaktkundgebung um 13 Uhr an der Alten Oper. Hauptveranstalter ist das Frankfurter Solidarit\u00e4tskomitee f\u00fcr Syrien. Wir laden Sie herzlich ein, an der Demonstration teilzunehmen und viele Gleichgesinnte mitzubringen! <\/p>\n","protected":false},"author":3,"featured_media":1516,"comment_status":"closed","ping_status":"closed","sticky":false,"template":"","format":"standard","meta":{"colormag_page_container_layout":"default_layout","colormag_page_sidebar_layout":"default_layout","advanced_seo_description":"","jetpack_seo_html_title":"","jetpack_seo_noindex":false,"jetpack_post_was_ever_published":false,"footnotes":""},"categories":[341,13],"tags":[27,433,338,335,374,188,336,432],"class_list":["post-1391","post","type-post","status-publish","format-standard","has-post-thumbnail","hentry","category-freidenker-brief","category-frieden-antifaschismus-solidaritaet","tag-deutscher-freidenker-verband","tag-frankfurt-am-main","tag-freidenker-brief","tag-frieden","tag-islamischer-staat","tag-krieg","tag-syrien","tag-weltfriedenstag"],"jetpack_featured_media_url":"https:\/\/i0.wp.com\/www.freidenker.org\/fw17\/wp-content\/uploads\/2017\/08\/International_Mine_Action_Center_in_Syria_Aleppo_45.jpg?fit=800%2C445&ssl=1","jetpack_shortlink":"https:\/\/wp.me\/p9stpK-mr","jetpack-related-posts":[{"id":3103,"url":"https:\/\/www.freidenker.org\/?p=3103","url_meta":{"origin":1391,"position":0},"title":"Freidenker-Brief 3-2012: Stoppt den Krieg \u2013 H\u00e4nde weg von Syrien!","author":"Webredaktion","date":"28. August 2012","format":false,"excerpt":"Das \u201eFrankfurter Solidarit\u00e4tskomitee f\u00fcr Syrien\" ruft zu einer Demonstration unter dem Motto \u201eStoppt den Krieg \u2013 H\u00e4nde weg von Syrien\" am Samstag, dem 1. September 2012, dem diesj\u00e4hrigen Antikriegstag, in Frankfurt am Main auf. Zweck der Demonstration ist es, ein Ende der aggressiven v\u00f6lkerrechtswidrigen Einmischung der USA und anderer NATO-Mitgliedsstaaten\u2026","rel":"","context":"In &quot;Freidenker-Brief&quot;","block_context":{"text":"Freidenker-Brief","link":"https:\/\/www.freidenker.org\/?cat=341"},"img":{"alt_text":"","src":"https:\/\/i0.wp.com\/www.freidenker.org\/fw17\/wp-content\/uploads\/2012\/08\/01-2012-09-01-1-0328_800x445.jpg?fit=800%2C445&ssl=1&resize=350%2C200","width":350,"height":200,"srcset":"https:\/\/i0.wp.com\/www.freidenker.org\/fw17\/wp-content\/uploads\/2012\/08\/01-2012-09-01-1-0328_800x445.jpg?fit=800%2C445&ssl=1&resize=350%2C200 1x, https:\/\/i0.wp.com\/www.freidenker.org\/fw17\/wp-content\/uploads\/2012\/08\/01-2012-09-01-1-0328_800x445.jpg?fit=800%2C445&ssl=1&resize=525%2C300 1.5x, https:\/\/i0.wp.com\/www.freidenker.org\/fw17\/wp-content\/uploads\/2012\/08\/01-2012-09-01-1-0328_800x445.jpg?fit=800%2C445&ssl=1&resize=700%2C400 2x"},"classes":[]},{"id":1306,"url":"https:\/\/www.freidenker.org\/?p=1306","url_meta":{"origin":1391,"position":1},"title":"Weltfriedenstag 2017 &#8211; Aufruf zur Demo f\u00fcr Syrien","author":"Webredaktion","date":"28. August 2017","format":false,"excerpt":"Weltfriedenstag 2017 - Aufruf zur Demo f\u00fcr Syrien Schluss mit der Aggression! Anl\u00e4sslich des Weltfriedenstages 2017 sagen wir: - Nein zum Krieg gegen Syrien! - Unterst\u00fctzt den gerechten Kampf des Syrischen Volkes gegen die imperialistische Aggression! - Nein zur fortgesetzten deutschen Beteiligung daran! - Ende der illegalen Sanktionen! - F\u00fcr\u2026","rel":"","context":"In &quot;Veranstaltungen in den DFV-Landesverb\u00e4nden&quot;","block_context":{"text":"Veranstaltungen in den DFV-Landesverb\u00e4nden","link":"https:\/\/www.freidenker.org\/?cat=19"},"img":{"alt_text":"","src":"https:\/\/i0.wp.com\/www.freidenker.org\/fw17\/wp-content\/uploads\/2017\/08\/war-2646214_800x445.jpg?fit=800%2C445&ssl=1&resize=350%2C200","width":350,"height":200,"srcset":"https:\/\/i0.wp.com\/www.freidenker.org\/fw17\/wp-content\/uploads\/2017\/08\/war-2646214_800x445.jpg?fit=800%2C445&ssl=1&resize=350%2C200 1x, https:\/\/i0.wp.com\/www.freidenker.org\/fw17\/wp-content\/uploads\/2017\/08\/war-2646214_800x445.jpg?fit=800%2C445&ssl=1&resize=525%2C300 1.5x, https:\/\/i0.wp.com\/www.freidenker.org\/fw17\/wp-content\/uploads\/2017\/08\/war-2646214_800x445.jpg?fit=800%2C445&ssl=1&resize=700%2C400 2x"},"classes":[]},{"id":3039,"url":"https:\/\/www.freidenker.org\/?p=3039","url_meta":{"origin":1391,"position":2},"title":"Demo: Schlu\u00df mit dem Krieg gegen Syrien!","author":"Webredaktion","date":"10. September 2014","format":false,"excerpt":"Veranstaltungshinweis Drei Jahre Krieg gegen Syrien - Schlu\u00df mit der Intervention! Demo am 13. September 2014, 13 Uhr, Alte Oper, Frankfurt am Main Demonstration gegen S\u00f6ldnerkrieg und Sanktionen, islamistischen und zionistischen Terror, f\u00fcr Solidarit\u00e4t mit allen L\u00e4ndern, die dem US\/NATO-Imperialismus widerstehen!","rel":"","context":"In &quot;Veranstaltungen in den DFV-Landesverb\u00e4nden&quot;","block_context":{"text":"Veranstaltungen in den DFV-Landesverb\u00e4nden","link":"https:\/\/www.freidenker.org\/?cat=19"},"img":{"alt_text":"","src":"https:\/\/i0.wp.com\/www.freidenker.org\/fw17\/wp-content\/uploads\/2014\/09\/A-patriot-missile-battery-in-gaziantep_800x445.jpg?fit=800%2C445&ssl=1&resize=350%2C200","width":350,"height":200,"srcset":"https:\/\/i0.wp.com\/www.freidenker.org\/fw17\/wp-content\/uploads\/2014\/09\/A-patriot-missile-battery-in-gaziantep_800x445.jpg?fit=800%2C445&ssl=1&resize=350%2C200 1x, https:\/\/i0.wp.com\/www.freidenker.org\/fw17\/wp-content\/uploads\/2014\/09\/A-patriot-missile-battery-in-gaziantep_800x445.jpg?fit=800%2C445&ssl=1&resize=525%2C300 1.5x, https:\/\/i0.wp.com\/www.freidenker.org\/fw17\/wp-content\/uploads\/2014\/09\/A-patriot-missile-battery-in-gaziantep_800x445.jpg?fit=800%2C445&ssl=1&resize=700%2C400 2x"},"classes":[]},{"id":3101,"url":"https:\/\/www.freidenker.org\/?p=3101","url_meta":{"origin":1391,"position":3},"title":"\u00bbDie BRD ist aktive Kriegspartei\u00ab","author":"Webredaktion","date":"31. August 2012","format":false,"excerpt":"Interview von jW mit Salim Tas und Sebastian Bahlo Bahlo: In Deutschland lebende Syrer und T\u00fcrken haben in den vergangenen Monaten in einigen St\u00e4dten, darunter Frankfurt am Main, zu Tausenden gegen die herrschende Kriegspropaganda protestiert. Das Komitee bildete sich, weil lokale Aktivisten der deutschen Friedensbewegung die Notwendigkeit sehen, sich dem\u2026","rel":"","context":"In &quot;Frieden - Antifaschismus - Solidarit\u00e4t&quot;","block_context":{"text":"Frieden - Antifaschismus - Solidarit\u00e4t","link":"https:\/\/www.freidenker.org\/?cat=13"},"img":{"alt_text":"","src":"https:\/\/i0.wp.com\/www.freidenker.org\/fw17\/wp-content\/uploads\/2012\/08\/09-2012-09-01-afp-0219_800x445.jpg?fit=800%2C445&ssl=1&resize=350%2C200","width":350,"height":200,"srcset":"https:\/\/i0.wp.com\/www.freidenker.org\/fw17\/wp-content\/uploads\/2012\/08\/09-2012-09-01-afp-0219_800x445.jpg?fit=800%2C445&ssl=1&resize=350%2C200 1x, https:\/\/i0.wp.com\/www.freidenker.org\/fw17\/wp-content\/uploads\/2012\/08\/09-2012-09-01-afp-0219_800x445.jpg?fit=800%2C445&ssl=1&resize=525%2C300 1.5x, https:\/\/i0.wp.com\/www.freidenker.org\/fw17\/wp-content\/uploads\/2012\/08\/09-2012-09-01-afp-0219_800x445.jpg?fit=800%2C445&ssl=1&resize=700%2C400 2x"},"classes":[]},{"id":3055,"url":"https:\/\/www.freidenker.org\/?p=3055","url_meta":{"origin":1391,"position":4},"title":"NATO, Golfmonarchien, Israel: H\u00e4nde weg von Syrien!","author":"Webredaktion","date":"9. August 2013","format":false,"excerpt":"Aufruf zur Demonstration zum Antikriegstag 2013 am 31.08.2013 in Frankfurt am Main Schluss mit Intervention und S\u00f6ldnerkrieg gegen Syrien! Die Hoffnungen und Erwartungen in den \"Arabischen Fr\u00fchling\", die viele Betrachter vor 2 Jahren hegten, wurden entt\u00e4uscht. Religi\u00f6se Minderheiten sind heute mehr bedroht, als zuvor. Statt eine s\u00e4kulare Bewegung um demokratische\u2026","rel":"","context":"In &quot;Frieden - Antifaschismus - Solidarit\u00e4t&quot;","block_context":{"text":"Frieden - Antifaschismus - Solidarit\u00e4t","link":"https:\/\/www.freidenker.org\/?cat=13"},"img":{"alt_text":"","src":"https:\/\/i0.wp.com\/www.freidenker.org\/fw17\/wp-content\/uploads\/2013\/08\/skfs-flyer2013_800x445.jpg?fit=800%2C445&ssl=1&resize=350%2C200","width":350,"height":200,"srcset":"https:\/\/i0.wp.com\/www.freidenker.org\/fw17\/wp-content\/uploads\/2013\/08\/skfs-flyer2013_800x445.jpg?fit=800%2C445&ssl=1&resize=350%2C200 1x, https:\/\/i0.wp.com\/www.freidenker.org\/fw17\/wp-content\/uploads\/2013\/08\/skfs-flyer2013_800x445.jpg?fit=800%2C445&ssl=1&resize=525%2C300 1.5x, https:\/\/i0.wp.com\/www.freidenker.org\/fw17\/wp-content\/uploads\/2013\/08\/skfs-flyer2013_800x445.jpg?fit=800%2C445&ssl=1&resize=700%2C400 2x"},"classes":[]},{"id":882,"url":"https:\/\/www.freidenker.org\/?p=882","url_meta":{"origin":1391,"position":5},"title":"Freidenker-Brief 6-2016: Syrien: Kriegspropaganda, Sanktionen und Unterst\u00fctzung der Terrormilizen beenden!","author":"Webredaktion","date":"7. Oktober 2016","format":false,"excerpt":"Unter dieser Losung ver\u00f6ffentlicht der Deutsche Freidenker-Verband die nachstehende Erkl\u00e4rung und ruft damit seine Mitglieder und Sympathisanten auf, sich an der Bundesweiten Friedensdemonstration in Berlin am 8. Oktober 2016 m\u00f6glichst zahlreich zu beteiligen. Geplant ist ein Block mit dem Frontbanner \u201eNATO raus \u2013 raus aus der NATO\u201c. Wer dieser unserer\u2026","rel":"","context":"In &quot;Freidenker-Brief&quot;","block_context":{"text":"Freidenker-Brief","link":"https:\/\/www.freidenker.org\/?cat=341"},"img":{"alt_text":"","src":"https:\/\/i0.wp.com\/www.freidenker.org\/fw17\/wp-content\/uploads\/2017\/11\/syrien_usa_russland_800.jpg?fit=800%2C445&ssl=1&resize=350%2C200","width":350,"height":200,"srcset":"https:\/\/i0.wp.com\/www.freidenker.org\/fw17\/wp-content\/uploads\/2017\/11\/syrien_usa_russland_800.jpg?fit=800%2C445&ssl=1&resize=350%2C200 1x, https:\/\/i0.wp.com\/www.freidenker.org\/fw17\/wp-content\/uploads\/2017\/11\/syrien_usa_russland_800.jpg?fit=800%2C445&ssl=1&resize=525%2C300 1.5x, https:\/\/i0.wp.com\/www.freidenker.org\/fw17\/wp-content\/uploads\/2017\/11\/syrien_usa_russland_800.jpg?fit=800%2C445&ssl=1&resize=700%2C400 2x"},"classes":[]}],"_links":{"self":[{"href":"https:\/\/www.freidenker.org\/index.php?rest_route=\/wp\/v2\/posts\/1391","targetHints":{"allow":["GET"]}}],"collection":[{"href":"https:\/\/www.freidenker.org\/index.php?rest_route=\/wp\/v2\/posts"}],"about":[{"href":"https:\/\/www.freidenker.org\/index.php?rest_route=\/wp\/v2\/types\/post"}],"author":[{"embeddable":true,"href":"https:\/\/www.freidenker.org\/index.php?rest_route=\/wp\/v2\/users\/3"}],"replies":[{"embeddable":true,"href":"https:\/\/www.freidenker.org\/index.php?rest_route=%2Fwp%2Fv2%2Fcomments&post=1391"}],"version-history":[{"count":0,"href":"https:\/\/www.freidenker.org\/index.php?rest_route=\/wp\/v2\/posts\/1391\/revisions"}],"wp:featuredmedia":[{"embeddable":true,"href":"https:\/\/www.freidenker.org\/index.php?rest_route=\/wp\/v2\/media\/1516"}],"wp:attachment":[{"href":"https:\/\/www.freidenker.org\/index.php?rest_route=%2Fwp%2Fv2%2Fmedia&parent=1391"}],"wp:term":[{"taxonomy":"category","embeddable":true,"href":"https:\/\/www.freidenker.org\/index.php?rest_route=%2Fwp%2Fv2%2Fcategories&post=1391"},{"taxonomy":"post_tag","embeddable":true,"href":"https:\/\/www.freidenker.org\/index.php?rest_route=%2Fwp%2Fv2%2Ftags&post=1391"}],"curies":[{"name":"wp","href":"https:\/\/api.w.org\/{rel}","templated":true}]}}