{"id":13891,"date":"2022-08-01T21:19:56","date_gmt":"2022-08-01T19:19:56","guid":{"rendered":"https:\/\/www.freidenker.org\/?p=13891"},"modified":"2023-04-18T00:45:29","modified_gmt":"2023-04-17T22:45:29","slug":"chronologie-zum-krieg-in-der-ukraine","status":"publish","type":"post","link":"https:\/\/www.freidenker.org\/?p=13891","title":{"rendered":"Chronologie zum Krieg in der Ukraine"},"content":{"rendered":"<p><em>von <strong>Klaus von Raussendorff<\/strong><\/em><\/p>\n<hr \/>\n<p>Klaus von Raussendorff (Jg.1936), Rentner in Bonn, ehemaliger Diplomat der BRD und Offizier des Auslandsnachrichtendienstes der DDR, aktuell Mitarbeiter des Verbandsvorstands des Deutschen Freidenker-Verbandes, hat seit Beginn der russischen Milit\u00e4roperation zur Demilitarisierung und Entnazifizierung der Ukraine am 24.02.2022 bis zum 04.07.2022 t\u00e4glich eine Zusammenstellung von Informationen herausgegeben. Diese wurden auch auf unserer Webseite ver\u00f6ffentlicht.<\/p>\n<p>Ihr findet hier\u00a0<strong>s\u00e4mtliche 131 erschienenen <a href=\"https:\/\/www.freidenker.org\/?p=12779\">Tageszusammenstellungen<\/a> vom 24. Februar bis zum 04. Juli 2022:<br \/>\n<img data-recalc-dims=\"1\" loading=\"lazy\" decoding=\"async\" data-attachment-id=\"9632\" data-permalink=\"https:\/\/www.freidenker.org\/?attachment_id=9632\" data-orig-file=\"https:\/\/i0.wp.com\/www.freidenker.org\/fw17\/wp-content\/uploads\/2021\/02\/External_Link.png?fit=512%2C512&amp;ssl=1\" data-orig-size=\"512,512\" data-comments-opened=\"0\" data-image-meta=\"{&quot;aperture&quot;:&quot;0&quot;,&quot;credit&quot;:&quot;&quot;,&quot;camera&quot;:&quot;&quot;,&quot;caption&quot;:&quot;&quot;,&quot;created_timestamp&quot;:&quot;0&quot;,&quot;copyright&quot;:&quot;&quot;,&quot;focal_length&quot;:&quot;0&quot;,&quot;iso&quot;:&quot;0&quot;,&quot;shutter_speed&quot;:&quot;0&quot;,&quot;title&quot;:&quot;&quot;,&quot;orientation&quot;:&quot;0&quot;}\" data-image-title=\"External_Link icon\" data-image-description=\"\" data-image-caption=\"\" data-large-file=\"https:\/\/i0.wp.com\/www.freidenker.org\/fw17\/wp-content\/uploads\/2021\/02\/External_Link.png?fit=512%2C512&amp;ssl=1\" class=\"alignnone wp-image-9632\" src=\"https:\/\/i0.wp.com\/www.freidenker.org\/fw17\/wp-content\/uploads\/2021\/02\/External_Link.png?resize=24%2C24&#038;ssl=1\" alt=\"\" width=\"24\" height=\"24\" srcset=\"https:\/\/i0.wp.com\/www.freidenker.org\/fw17\/wp-content\/uploads\/2021\/02\/External_Link.png?resize=150%2C150&amp;ssl=1 150w, https:\/\/i0.wp.com\/www.freidenker.org\/fw17\/wp-content\/uploads\/2021\/02\/External_Link.png?resize=300%2C300&amp;ssl=1 300w, https:\/\/i0.wp.com\/www.freidenker.org\/fw17\/wp-content\/uploads\/2021\/02\/External_Link.png?w=512&amp;ssl=1 512w\" sizes=\"auto, (max-width: 24px) 100vw, 24px\" \/>\u00a0<\/strong><span style=\"font-size: 14pt;\"><strong><a href=\"https:\/\/www.freidenker.org\/?p=12779\">https:\/\/www.freidenker.org\/?p=12779<\/a><\/strong><\/span><\/p>\n<p><span style=\"font-size: 14pt;\"><strong>Die Chronologie wurde ab Anfang Juli 2022 fortgef\u00fchrt in Form von w\u00f6chentlichen Berichten. Diese wurden zeitnah hier auf unserer Webseite ver\u00f6ffentlicht. Ende August 2022 wurde die Serie eingestellt<\/strong><\/span><\/p>\n<p>Zum \u00d6ffnen bzw. Herunterladen der einzelnen Dateien klickt ihr bitte auf die Symbole <img data-recalc-dims=\"1\" loading=\"lazy\" decoding=\"async\" data-attachment-id=\"1076\" data-permalink=\"https:\/\/www.freidenker.org\/?attachment_id=1076\" data-orig-file=\"https:\/\/i0.wp.com\/www.freidenker.org\/fw17\/wp-content\/uploads\/2017\/10\/pdf_icon-2.png?fit=32%2C32&amp;ssl=1\" data-orig-size=\"32,32\" data-comments-opened=\"0\" data-image-meta=\"{&quot;aperture&quot;:&quot;0&quot;,&quot;credit&quot;:&quot;&quot;,&quot;camera&quot;:&quot;&quot;,&quot;caption&quot;:&quot;&quot;,&quot;created_timestamp&quot;:&quot;0&quot;,&quot;copyright&quot;:&quot;&quot;,&quot;focal_length&quot;:&quot;0&quot;,&quot;iso&quot;:&quot;0&quot;,&quot;shutter_speed&quot;:&quot;0&quot;,&quot;title&quot;:&quot;&quot;,&quot;orientation&quot;:&quot;0&quot;}\" data-image-title=\"pdf_icon\" data-image-description=\"\" data-image-caption=\"\" data-large-file=\"https:\/\/i0.wp.com\/www.freidenker.org\/fw17\/wp-content\/uploads\/2017\/10\/pdf_icon-2.png?fit=32%2C32&amp;ssl=1\" class=\"alignnone wp-image-1076 size-full\" src=\"https:\/\/i0.wp.com\/www.freidenker.org\/fw17\/wp-content\/uploads\/2017\/10\/pdf_icon-2.png?resize=32%2C32&#038;ssl=1\" alt=\"\" width=\"32\" height=\"32\" \/> (PDF) oder <img data-recalc-dims=\"1\" loading=\"lazy\" decoding=\"async\" data-attachment-id=\"12620\" data-permalink=\"https:\/\/www.freidenker.org\/?attachment_id=12620\" data-orig-file=\"https:\/\/i0.wp.com\/www.freidenker.org\/fw17\/wp-content\/uploads\/2022\/04\/docx_icon_32x32.jpg?fit=32%2C32&amp;ssl=1\" data-orig-size=\"32,32\" data-comments-opened=\"0\" data-image-meta=\"{&quot;aperture&quot;:&quot;0&quot;,&quot;credit&quot;:&quot;&quot;,&quot;camera&quot;:&quot;&quot;,&quot;caption&quot;:&quot;&quot;,&quot;created_timestamp&quot;:&quot;0&quot;,&quot;copyright&quot;:&quot;&quot;,&quot;focal_length&quot;:&quot;0&quot;,&quot;iso&quot;:&quot;0&quot;,&quot;shutter_speed&quot;:&quot;0&quot;,&quot;title&quot;:&quot;&quot;,&quot;orientation&quot;:&quot;1&quot;}\" data-image-title=\"docx_icon_32x32\" data-image-description=\"\" data-image-caption=\"\" data-large-file=\"https:\/\/i0.wp.com\/www.freidenker.org\/fw17\/wp-content\/uploads\/2022\/04\/docx_icon_32x32.jpg?fit=32%2C32&amp;ssl=1\" class=\"alignnone wp-image-12620 size-full\" src=\"https:\/\/i0.wp.com\/www.freidenker.org\/fw17\/wp-content\/uploads\/2022\/04\/docx_icon_32x32.jpg?resize=32%2C32&#038;ssl=1\" alt=\"\" width=\"32\" height=\"32\" \/> (Word\/DOCX)<\/p>\n<p style=\"text-align: right;\"><em>Webredaktion<\/em><\/p>\n<hr \/>\n<h5><a id=\"start_zsf\"><\/a>Die Wochen-Zusammenstellungen<\/h5>\n<p><strong>Die Wochen-Zusammenstellungen sind vor\u00fcbergehend ausgesetzt.<\/strong> Bisher erschienene Ausgaben:<\/p>\n<hr \/>\n<h5>Woche vom 20. August bis 26. August 2022<\/h5>\n<p><a href=\"https:\/\/www.freidenker.org\/fw17\/wp-content\/uploads\/2022\/08\/20220826-Informationen-zum-Weltkrieg-in-der-Ukraine.pdf\" target=\"_blank\" rel=\"noopener\"><img data-recalc-dims=\"1\" loading=\"lazy\" decoding=\"async\" data-attachment-id=\"1076\" data-permalink=\"https:\/\/www.freidenker.org\/?attachment_id=1076\" data-orig-file=\"https:\/\/i0.wp.com\/www.freidenker.org\/fw17\/wp-content\/uploads\/2017\/10\/pdf_icon-2.png?fit=32%2C32&amp;ssl=1\" data-orig-size=\"32,32\" data-comments-opened=\"0\" data-image-meta=\"{&quot;aperture&quot;:&quot;0&quot;,&quot;credit&quot;:&quot;&quot;,&quot;camera&quot;:&quot;&quot;,&quot;caption&quot;:&quot;&quot;,&quot;created_timestamp&quot;:&quot;0&quot;,&quot;copyright&quot;:&quot;&quot;,&quot;focal_length&quot;:&quot;0&quot;,&quot;iso&quot;:&quot;0&quot;,&quot;shutter_speed&quot;:&quot;0&quot;,&quot;title&quot;:&quot;&quot;,&quot;orientation&quot;:&quot;0&quot;}\" data-image-title=\"pdf_icon\" data-image-description=\"\" data-image-caption=\"\" data-large-file=\"https:\/\/i0.wp.com\/www.freidenker.org\/fw17\/wp-content\/uploads\/2017\/10\/pdf_icon-2.png?fit=32%2C32&amp;ssl=1\" class=\"alignnone wp-image-1076 size-full\" src=\"https:\/\/i0.wp.com\/www.freidenker.org\/fw17\/wp-content\/uploads\/2017\/10\/pdf_icon-2.png?resize=32%2C32&#038;ssl=1\" alt=\"\" width=\"32\" height=\"32\" \/><\/a> <a href=\"https:\/\/www.freidenker.org\/fw17\/wp-content\/uploads\/2022\/08\/20220826-Informationen-zum-Weltkrieg-in-der-Ukraine.docx\"><img data-recalc-dims=\"1\" loading=\"lazy\" decoding=\"async\" data-attachment-id=\"12620\" data-permalink=\"https:\/\/www.freidenker.org\/?attachment_id=12620\" data-orig-file=\"https:\/\/i0.wp.com\/www.freidenker.org\/fw17\/wp-content\/uploads\/2022\/04\/docx_icon_32x32.jpg?fit=32%2C32&amp;ssl=1\" data-orig-size=\"32,32\" data-comments-opened=\"0\" data-image-meta=\"{&quot;aperture&quot;:&quot;0&quot;,&quot;credit&quot;:&quot;&quot;,&quot;camera&quot;:&quot;&quot;,&quot;caption&quot;:&quot;&quot;,&quot;created_timestamp&quot;:&quot;0&quot;,&quot;copyright&quot;:&quot;&quot;,&quot;focal_length&quot;:&quot;0&quot;,&quot;iso&quot;:&quot;0&quot;,&quot;shutter_speed&quot;:&quot;0&quot;,&quot;title&quot;:&quot;&quot;,&quot;orientation&quot;:&quot;1&quot;}\" data-image-title=\"docx_icon_32x32\" data-image-description=\"\" data-image-caption=\"\" data-large-file=\"https:\/\/i0.wp.com\/www.freidenker.org\/fw17\/wp-content\/uploads\/2022\/04\/docx_icon_32x32.jpg?fit=32%2C32&amp;ssl=1\" class=\"alignnone wp-image-12620 size-full\" src=\"https:\/\/i0.wp.com\/www.freidenker.org\/fw17\/wp-content\/uploads\/2022\/04\/docx_icon_32x32.jpg?resize=32%2C32&#038;ssl=1\" alt=\"\" width=\"32\" height=\"32\" \/><\/a> Informationen zum Krieg in der Ukraine &#8211; zusammengestellt von <em>Klaus von Raussendorff<\/em><\/p>\n<ul>\n<li><span style=\"font-size: 10pt;\">Zur milit\u00e4rischen Lage<\/span><\/li>\n<li><span style=\"font-size: 10pt;\">Zur Terror-Strategie des Selenski-Regime<\/span><\/li>\n<li><span style=\"font-size: 10pt;\">Zur Kriegsbeteiligung des \u201ekollektiven\u201c Westens<\/span><\/li>\n<li><span style=\"font-size: 10pt;\">Zur Strafverfolgung von Kriegsverbrechen<\/span><\/li>\n<li><span style=\"font-size: 10pt;\">Zur internationalen Diplomatie<\/span><\/li>\n<\/ul>\n<hr \/>\n<h5>Woche vom 13. August bis 19. August 2022<\/h5>\n<p><a href=\"https:\/\/www.freidenker.org\/fw17\/wp-content\/uploads\/2022\/08\/20220819-Informationen-zum-Weltkrieg-in-der-Ukraine.pdf\" target=\"_blank\" rel=\"noopener\"><img data-recalc-dims=\"1\" loading=\"lazy\" decoding=\"async\" data-attachment-id=\"1076\" data-permalink=\"https:\/\/www.freidenker.org\/?attachment_id=1076\" data-orig-file=\"https:\/\/i0.wp.com\/www.freidenker.org\/fw17\/wp-content\/uploads\/2017\/10\/pdf_icon-2.png?fit=32%2C32&amp;ssl=1\" data-orig-size=\"32,32\" data-comments-opened=\"0\" data-image-meta=\"{&quot;aperture&quot;:&quot;0&quot;,&quot;credit&quot;:&quot;&quot;,&quot;camera&quot;:&quot;&quot;,&quot;caption&quot;:&quot;&quot;,&quot;created_timestamp&quot;:&quot;0&quot;,&quot;copyright&quot;:&quot;&quot;,&quot;focal_length&quot;:&quot;0&quot;,&quot;iso&quot;:&quot;0&quot;,&quot;shutter_speed&quot;:&quot;0&quot;,&quot;title&quot;:&quot;&quot;,&quot;orientation&quot;:&quot;0&quot;}\" data-image-title=\"pdf_icon\" data-image-description=\"\" data-image-caption=\"\" data-large-file=\"https:\/\/i0.wp.com\/www.freidenker.org\/fw17\/wp-content\/uploads\/2017\/10\/pdf_icon-2.png?fit=32%2C32&amp;ssl=1\" class=\"alignnone wp-image-1076 size-full\" src=\"https:\/\/i0.wp.com\/www.freidenker.org\/fw17\/wp-content\/uploads\/2017\/10\/pdf_icon-2.png?resize=32%2C32&#038;ssl=1\" alt=\"\" width=\"32\" height=\"32\" \/><\/a> <a href=\"https:\/\/www.freidenker.org\/fw17\/wp-content\/uploads\/2022\/08\/20220819-Informationen-zum-Weltkrieg-in-der-Ukraine.docx\"><img data-recalc-dims=\"1\" loading=\"lazy\" decoding=\"async\" data-attachment-id=\"12620\" data-permalink=\"https:\/\/www.freidenker.org\/?attachment_id=12620\" data-orig-file=\"https:\/\/i0.wp.com\/www.freidenker.org\/fw17\/wp-content\/uploads\/2022\/04\/docx_icon_32x32.jpg?fit=32%2C32&amp;ssl=1\" data-orig-size=\"32,32\" data-comments-opened=\"0\" data-image-meta=\"{&quot;aperture&quot;:&quot;0&quot;,&quot;credit&quot;:&quot;&quot;,&quot;camera&quot;:&quot;&quot;,&quot;caption&quot;:&quot;&quot;,&quot;created_timestamp&quot;:&quot;0&quot;,&quot;copyright&quot;:&quot;&quot;,&quot;focal_length&quot;:&quot;0&quot;,&quot;iso&quot;:&quot;0&quot;,&quot;shutter_speed&quot;:&quot;0&quot;,&quot;title&quot;:&quot;&quot;,&quot;orientation&quot;:&quot;1&quot;}\" data-image-title=\"docx_icon_32x32\" data-image-description=\"\" data-image-caption=\"\" data-large-file=\"https:\/\/i0.wp.com\/www.freidenker.org\/fw17\/wp-content\/uploads\/2022\/04\/docx_icon_32x32.jpg?fit=32%2C32&amp;ssl=1\" class=\"alignnone wp-image-12620 size-full\" src=\"https:\/\/i0.wp.com\/www.freidenker.org\/fw17\/wp-content\/uploads\/2022\/04\/docx_icon_32x32.jpg?resize=32%2C32&#038;ssl=1\" alt=\"\" width=\"32\" height=\"32\" \/><\/a> Informationen zum Krieg in der Ukraine &#8211; zusammengestellt von <em>Klaus von Raussendorff<\/em><\/p>\n<ul>\n<li><span style=\"font-size: 10pt;\">Zur milit\u00e4rischen Lage<\/span><\/li>\n<li><span style=\"font-size: 10pt;\">Briefing von Generalleutnant Igor Kirillow<\/span><\/li>\n<li><span style=\"font-size: 10pt;\">Zu Sabotageakten auf dem Territorium Russlands<\/span><\/li>\n<li><span style=\"font-size: 10pt;\">Zum Wiederaufbau der befreiten Gebiete<\/span><\/li>\n<li><span style=\"font-size: 10pt;\">Zur Strafverfolgung von Kriegsverbrechen<\/span><\/li>\n<li><span style=\"font-size: 10pt;\">Zur weltwirtschaftlichen Entwicklung<\/span><\/li>\n<li><span style=\"font-size: 10pt;\">Zur internationalen Diplomatie<\/span><\/li>\n<\/ul>\n<hr \/>\n<h5>Woche vom 06. August bis 12. August 2022<\/h5>\n<p><a href=\"https:\/\/www.freidenker.org\/fw17\/wp-content\/uploads\/2022\/08\/20220812-Informationen-zum-Weltkrieg-in-der-Ukraine.pdf\" target=\"_blank\" rel=\"noopener\"><img data-recalc-dims=\"1\" loading=\"lazy\" decoding=\"async\" data-attachment-id=\"1076\" data-permalink=\"https:\/\/www.freidenker.org\/?attachment_id=1076\" data-orig-file=\"https:\/\/i0.wp.com\/www.freidenker.org\/fw17\/wp-content\/uploads\/2017\/10\/pdf_icon-2.png?fit=32%2C32&amp;ssl=1\" data-orig-size=\"32,32\" data-comments-opened=\"0\" data-image-meta=\"{&quot;aperture&quot;:&quot;0&quot;,&quot;credit&quot;:&quot;&quot;,&quot;camera&quot;:&quot;&quot;,&quot;caption&quot;:&quot;&quot;,&quot;created_timestamp&quot;:&quot;0&quot;,&quot;copyright&quot;:&quot;&quot;,&quot;focal_length&quot;:&quot;0&quot;,&quot;iso&quot;:&quot;0&quot;,&quot;shutter_speed&quot;:&quot;0&quot;,&quot;title&quot;:&quot;&quot;,&quot;orientation&quot;:&quot;0&quot;}\" data-image-title=\"pdf_icon\" data-image-description=\"\" data-image-caption=\"\" data-large-file=\"https:\/\/i0.wp.com\/www.freidenker.org\/fw17\/wp-content\/uploads\/2017\/10\/pdf_icon-2.png?fit=32%2C32&amp;ssl=1\" class=\"alignnone wp-image-1076 size-full\" src=\"https:\/\/i0.wp.com\/www.freidenker.org\/fw17\/wp-content\/uploads\/2017\/10\/pdf_icon-2.png?resize=32%2C32&#038;ssl=1\" alt=\"\" width=\"32\" height=\"32\" \/><\/a> <a href=\"https:\/\/www.freidenker.org\/fw17\/wp-content\/uploads\/2022\/08\/20220812-Informationen-zum-Weltkrieg-in-der-Ukraine.docx\"><img data-recalc-dims=\"1\" loading=\"lazy\" decoding=\"async\" data-attachment-id=\"12620\" data-permalink=\"https:\/\/www.freidenker.org\/?attachment_id=12620\" data-orig-file=\"https:\/\/i0.wp.com\/www.freidenker.org\/fw17\/wp-content\/uploads\/2022\/04\/docx_icon_32x32.jpg?fit=32%2C32&amp;ssl=1\" data-orig-size=\"32,32\" data-comments-opened=\"0\" data-image-meta=\"{&quot;aperture&quot;:&quot;0&quot;,&quot;credit&quot;:&quot;&quot;,&quot;camera&quot;:&quot;&quot;,&quot;caption&quot;:&quot;&quot;,&quot;created_timestamp&quot;:&quot;0&quot;,&quot;copyright&quot;:&quot;&quot;,&quot;focal_length&quot;:&quot;0&quot;,&quot;iso&quot;:&quot;0&quot;,&quot;shutter_speed&quot;:&quot;0&quot;,&quot;title&quot;:&quot;&quot;,&quot;orientation&quot;:&quot;1&quot;}\" data-image-title=\"docx_icon_32x32\" data-image-description=\"\" data-image-caption=\"\" data-large-file=\"https:\/\/i0.wp.com\/www.freidenker.org\/fw17\/wp-content\/uploads\/2022\/04\/docx_icon_32x32.jpg?fit=32%2C32&amp;ssl=1\" class=\"alignnone wp-image-12620 size-full\" src=\"https:\/\/i0.wp.com\/www.freidenker.org\/fw17\/wp-content\/uploads\/2022\/04\/docx_icon_32x32.jpg?resize=32%2C32&#038;ssl=1\" alt=\"\" width=\"32\" height=\"32\" \/><\/a> Informationen zum Krieg in der Ukraine &#8211; zusammengestellt von <em>Klaus von Raussendorff<\/em><\/p>\n<ul>\n<li><span style=\"font-size: 10pt;\">Zur milit\u00e4rischen Lage<\/span><\/li>\n<li><span style=\"font-size: 10pt;\">Aus der t\u00e4glichen \u201eTreffer-Liste\u201c des russischen Verteidigungsministeriums<\/span><\/li>\n<li><span style=\"font-size: 10pt;\">Zum Wiederaufbau der befreiten Gebiete<\/span><\/li>\n<li><span style=\"font-size: 10pt;\">Zur Strafverfolgung von Kriegsverbrechen<\/span><\/li>\n<li><span style=\"font-size: 10pt;\">Zur Politik in Russland<\/span><\/li>\n<li><span style=\"font-size: 10pt;\">Zur weltwirtschaftlichen Entwicklung<\/span><\/li>\n<\/ul>\n<hr \/>\n<h5>Woche vom 30. Juli bis 05. August 2022<\/h5>\n<p><a href=\"https:\/\/www.freidenker.org\/fw17\/wp-content\/uploads\/2022\/08\/20220805-Informationen-zum-Weltkrieg-in-der-Ukraine.pdf\" target=\"_blank\" rel=\"noopener\"><img data-recalc-dims=\"1\" loading=\"lazy\" decoding=\"async\" data-attachment-id=\"1076\" data-permalink=\"https:\/\/www.freidenker.org\/?attachment_id=1076\" data-orig-file=\"https:\/\/i0.wp.com\/www.freidenker.org\/fw17\/wp-content\/uploads\/2017\/10\/pdf_icon-2.png?fit=32%2C32&amp;ssl=1\" data-orig-size=\"32,32\" data-comments-opened=\"0\" data-image-meta=\"{&quot;aperture&quot;:&quot;0&quot;,&quot;credit&quot;:&quot;&quot;,&quot;camera&quot;:&quot;&quot;,&quot;caption&quot;:&quot;&quot;,&quot;created_timestamp&quot;:&quot;0&quot;,&quot;copyright&quot;:&quot;&quot;,&quot;focal_length&quot;:&quot;0&quot;,&quot;iso&quot;:&quot;0&quot;,&quot;shutter_speed&quot;:&quot;0&quot;,&quot;title&quot;:&quot;&quot;,&quot;orientation&quot;:&quot;0&quot;}\" data-image-title=\"pdf_icon\" data-image-description=\"\" data-image-caption=\"\" data-large-file=\"https:\/\/i0.wp.com\/www.freidenker.org\/fw17\/wp-content\/uploads\/2017\/10\/pdf_icon-2.png?fit=32%2C32&amp;ssl=1\" class=\"alignnone wp-image-1076 size-full\" src=\"https:\/\/i0.wp.com\/www.freidenker.org\/fw17\/wp-content\/uploads\/2017\/10\/pdf_icon-2.png?resize=32%2C32&#038;ssl=1\" alt=\"\" width=\"32\" height=\"32\" \/><\/a> <a href=\"https:\/\/www.freidenker.org\/fw17\/wp-content\/uploads\/2022\/08\/20220805-Informationen-zum-Weltkrieg-in-der-Ukraine.docx\"><img data-recalc-dims=\"1\" loading=\"lazy\" decoding=\"async\" data-attachment-id=\"12620\" data-permalink=\"https:\/\/www.freidenker.org\/?attachment_id=12620\" data-orig-file=\"https:\/\/i0.wp.com\/www.freidenker.org\/fw17\/wp-content\/uploads\/2022\/04\/docx_icon_32x32.jpg?fit=32%2C32&amp;ssl=1\" data-orig-size=\"32,32\" data-comments-opened=\"0\" data-image-meta=\"{&quot;aperture&quot;:&quot;0&quot;,&quot;credit&quot;:&quot;&quot;,&quot;camera&quot;:&quot;&quot;,&quot;caption&quot;:&quot;&quot;,&quot;created_timestamp&quot;:&quot;0&quot;,&quot;copyright&quot;:&quot;&quot;,&quot;focal_length&quot;:&quot;0&quot;,&quot;iso&quot;:&quot;0&quot;,&quot;shutter_speed&quot;:&quot;0&quot;,&quot;title&quot;:&quot;&quot;,&quot;orientation&quot;:&quot;1&quot;}\" data-image-title=\"docx_icon_32x32\" data-image-description=\"\" data-image-caption=\"\" data-large-file=\"https:\/\/i0.wp.com\/www.freidenker.org\/fw17\/wp-content\/uploads\/2022\/04\/docx_icon_32x32.jpg?fit=32%2C32&amp;ssl=1\" class=\"alignnone wp-image-12620 size-full\" src=\"https:\/\/i0.wp.com\/www.freidenker.org\/fw17\/wp-content\/uploads\/2022\/04\/docx_icon_32x32.jpg?resize=32%2C32&#038;ssl=1\" alt=\"\" width=\"32\" height=\"32\" \/><\/a> Informationen zum Krieg in der Ukraine &#8211; zusammengestellt von <em>Klaus von Raussendorff<\/em><\/p>\n<ul>\n<li><span style=\"font-size: 10pt;\">Zur milit\u00e4rischen Lage<\/span><\/li>\n<li><span style=\"font-size: 10pt;\">Zum Wiederaufbau der befreiten Gebiete<\/span><\/li>\n<li><span style=\"font-size: 10pt;\">Zur Strafverfolgung von Kriegsverbrechen<\/span><\/li>\n<li><span style=\"font-size: 10pt;\">Zur Politik in Deutschland<\/span><\/li>\n<li><span style=\"font-size: 10pt;\">Zur weltwirtschaftlichen Entwicklung<\/span><\/li>\n<li><span style=\"font-size: 10pt;\">Zur internationalen Diplomatie<\/span><\/li>\n<\/ul>\n<hr \/>\n<h5>Woche vom 23. Juli bis 29. Juli 2022<\/h5>\n<p><a href=\"https:\/\/www.freidenker.org\/fw17\/wp-content\/uploads\/2022\/07\/20220729-Informationen-zum-Weltkrieg-in-der-Ukraine.pdf\" target=\"_blank\" rel=\"noopener\"><img data-recalc-dims=\"1\" loading=\"lazy\" decoding=\"async\" data-attachment-id=\"1076\" data-permalink=\"https:\/\/www.freidenker.org\/?attachment_id=1076\" data-orig-file=\"https:\/\/i0.wp.com\/www.freidenker.org\/fw17\/wp-content\/uploads\/2017\/10\/pdf_icon-2.png?fit=32%2C32&amp;ssl=1\" data-orig-size=\"32,32\" data-comments-opened=\"0\" data-image-meta=\"{&quot;aperture&quot;:&quot;0&quot;,&quot;credit&quot;:&quot;&quot;,&quot;camera&quot;:&quot;&quot;,&quot;caption&quot;:&quot;&quot;,&quot;created_timestamp&quot;:&quot;0&quot;,&quot;copyright&quot;:&quot;&quot;,&quot;focal_length&quot;:&quot;0&quot;,&quot;iso&quot;:&quot;0&quot;,&quot;shutter_speed&quot;:&quot;0&quot;,&quot;title&quot;:&quot;&quot;,&quot;orientation&quot;:&quot;0&quot;}\" data-image-title=\"pdf_icon\" data-image-description=\"\" data-image-caption=\"\" data-large-file=\"https:\/\/i0.wp.com\/www.freidenker.org\/fw17\/wp-content\/uploads\/2017\/10\/pdf_icon-2.png?fit=32%2C32&amp;ssl=1\" class=\"alignnone wp-image-1076 size-full\" src=\"https:\/\/i0.wp.com\/www.freidenker.org\/fw17\/wp-content\/uploads\/2017\/10\/pdf_icon-2.png?resize=32%2C32&#038;ssl=1\" alt=\"\" width=\"32\" height=\"32\" \/><\/a> <a href=\"https:\/\/www.freidenker.org\/fw17\/wp-content\/uploads\/2022\/07\/20220729-Informationen-zum-Weltkrieg-in-der-Ukraine.docx\"><img data-recalc-dims=\"1\" loading=\"lazy\" decoding=\"async\" data-attachment-id=\"12620\" data-permalink=\"https:\/\/www.freidenker.org\/?attachment_id=12620\" data-orig-file=\"https:\/\/i0.wp.com\/www.freidenker.org\/fw17\/wp-content\/uploads\/2022\/04\/docx_icon_32x32.jpg?fit=32%2C32&amp;ssl=1\" data-orig-size=\"32,32\" data-comments-opened=\"0\" data-image-meta=\"{&quot;aperture&quot;:&quot;0&quot;,&quot;credit&quot;:&quot;&quot;,&quot;camera&quot;:&quot;&quot;,&quot;caption&quot;:&quot;&quot;,&quot;created_timestamp&quot;:&quot;0&quot;,&quot;copyright&quot;:&quot;&quot;,&quot;focal_length&quot;:&quot;0&quot;,&quot;iso&quot;:&quot;0&quot;,&quot;shutter_speed&quot;:&quot;0&quot;,&quot;title&quot;:&quot;&quot;,&quot;orientation&quot;:&quot;1&quot;}\" data-image-title=\"docx_icon_32x32\" data-image-description=\"\" data-image-caption=\"\" data-large-file=\"https:\/\/i0.wp.com\/www.freidenker.org\/fw17\/wp-content\/uploads\/2022\/04\/docx_icon_32x32.jpg?fit=32%2C32&amp;ssl=1\" class=\"alignnone wp-image-12620 size-full\" src=\"https:\/\/i0.wp.com\/www.freidenker.org\/fw17\/wp-content\/uploads\/2022\/04\/docx_icon_32x32.jpg?resize=32%2C32&#038;ssl=1\" alt=\"\" width=\"32\" height=\"32\" \/><\/a> Informationen zum Krieg in der Ukraine &#8211; zusammengestellt von <em>Klaus von Raussendorff<\/em><\/p>\n<ul>\n<li><span style=\"font-size: 10pt;\">Zur milit\u00e4rischen Lage<\/span><\/li>\n<li><span style=\"font-size: 10pt;\">Zum Wiederaufbau der befreiten Gebiete<\/span><\/li>\n<li><span style=\"font-size: 10pt;\">Zur Strafverfolgung von Kriegsverbrechen<\/span><\/li>\n<li><span style=\"font-size: 10pt;\">Zur weltwirtschaftlichen Entwicklung<\/span><\/li>\n<li><span style=\"font-size: 10pt;\">Zur internationalen Diplomatie<\/span><\/li>\n<\/ul>\n<hr \/>\n<h5>Woche vom 16. Juli bis 22. Juli 2022<\/h5>\n<p><a href=\"https:\/\/www.freidenker.org\/fw17\/wp-content\/uploads\/2022\/07\/20220722-Informationen-zum-Weltkrieg-in-der-Ukraine.pdf\" target=\"_blank\" rel=\"noopener\"><img data-recalc-dims=\"1\" loading=\"lazy\" decoding=\"async\" data-attachment-id=\"1076\" data-permalink=\"https:\/\/www.freidenker.org\/?attachment_id=1076\" data-orig-file=\"https:\/\/i0.wp.com\/www.freidenker.org\/fw17\/wp-content\/uploads\/2017\/10\/pdf_icon-2.png?fit=32%2C32&amp;ssl=1\" data-orig-size=\"32,32\" data-comments-opened=\"0\" data-image-meta=\"{&quot;aperture&quot;:&quot;0&quot;,&quot;credit&quot;:&quot;&quot;,&quot;camera&quot;:&quot;&quot;,&quot;caption&quot;:&quot;&quot;,&quot;created_timestamp&quot;:&quot;0&quot;,&quot;copyright&quot;:&quot;&quot;,&quot;focal_length&quot;:&quot;0&quot;,&quot;iso&quot;:&quot;0&quot;,&quot;shutter_speed&quot;:&quot;0&quot;,&quot;title&quot;:&quot;&quot;,&quot;orientation&quot;:&quot;0&quot;}\" data-image-title=\"pdf_icon\" data-image-description=\"\" data-image-caption=\"\" data-large-file=\"https:\/\/i0.wp.com\/www.freidenker.org\/fw17\/wp-content\/uploads\/2017\/10\/pdf_icon-2.png?fit=32%2C32&amp;ssl=1\" class=\"alignnone wp-image-1076 size-full\" src=\"https:\/\/i0.wp.com\/www.freidenker.org\/fw17\/wp-content\/uploads\/2017\/10\/pdf_icon-2.png?resize=32%2C32&#038;ssl=1\" alt=\"\" width=\"32\" height=\"32\" \/><\/a> <a href=\"https:\/\/www.freidenker.org\/fw17\/wp-content\/uploads\/2022\/07\/20220722-Informationen-zum-Weltkrieg-in-der-Ukraine.docx\"><img data-recalc-dims=\"1\" loading=\"lazy\" decoding=\"async\" data-attachment-id=\"12620\" data-permalink=\"https:\/\/www.freidenker.org\/?attachment_id=12620\" data-orig-file=\"https:\/\/i0.wp.com\/www.freidenker.org\/fw17\/wp-content\/uploads\/2022\/04\/docx_icon_32x32.jpg?fit=32%2C32&amp;ssl=1\" data-orig-size=\"32,32\" data-comments-opened=\"0\" data-image-meta=\"{&quot;aperture&quot;:&quot;0&quot;,&quot;credit&quot;:&quot;&quot;,&quot;camera&quot;:&quot;&quot;,&quot;caption&quot;:&quot;&quot;,&quot;created_timestamp&quot;:&quot;0&quot;,&quot;copyright&quot;:&quot;&quot;,&quot;focal_length&quot;:&quot;0&quot;,&quot;iso&quot;:&quot;0&quot;,&quot;shutter_speed&quot;:&quot;0&quot;,&quot;title&quot;:&quot;&quot;,&quot;orientation&quot;:&quot;1&quot;}\" data-image-title=\"docx_icon_32x32\" data-image-description=\"\" data-image-caption=\"\" data-large-file=\"https:\/\/i0.wp.com\/www.freidenker.org\/fw17\/wp-content\/uploads\/2022\/04\/docx_icon_32x32.jpg?fit=32%2C32&amp;ssl=1\" class=\"alignnone wp-image-12620 size-full\" src=\"https:\/\/i0.wp.com\/www.freidenker.org\/fw17\/wp-content\/uploads\/2022\/04\/docx_icon_32x32.jpg?resize=32%2C32&#038;ssl=1\" alt=\"\" width=\"32\" height=\"32\" \/><\/a> Informationen zum Krieg in der Ukraine &#8211; zusammengestellt von <em>Klaus von Raussendorff<\/em><\/p>\n<ul>\n<li><span style=\"font-size: 10pt;\">Zur milit\u00e4rischen Lage<\/span><\/li>\n<li><span style=\"font-size: 10pt;\">Zum Wiederaufbau der befreiten Gebiete<\/span><\/li>\n<li><span style=\"font-size: 10pt;\">Zur weltwirtschaftlichen Entwicklung<\/span><\/li>\n<li><span style=\"font-size: 10pt;\">Zur Politik in Deutschland<\/span><\/li>\n<li><span style=\"font-size: 10pt;\">Zur Politik in Russland<\/span><\/li>\n<li><span style=\"font-size: 10pt;\">Zur internationalen Diplomatie<\/span><\/li>\n<\/ul>\n<hr \/>\n<h5>Woche vom 08. Juli bis 15. Juli 2022<\/h5>\n<p><a href=\"https:\/\/www.freidenker.org\/fw17\/wp-content\/uploads\/2022\/07\/20220715-Informationen-zum-Weltkrieg-in-der-Ukraine.pdf\" target=\"_blank\" rel=\"noopener\"><img data-recalc-dims=\"1\" loading=\"lazy\" decoding=\"async\" data-attachment-id=\"1076\" data-permalink=\"https:\/\/www.freidenker.org\/?attachment_id=1076\" data-orig-file=\"https:\/\/i0.wp.com\/www.freidenker.org\/fw17\/wp-content\/uploads\/2017\/10\/pdf_icon-2.png?fit=32%2C32&amp;ssl=1\" data-orig-size=\"32,32\" data-comments-opened=\"0\" data-image-meta=\"{&quot;aperture&quot;:&quot;0&quot;,&quot;credit&quot;:&quot;&quot;,&quot;camera&quot;:&quot;&quot;,&quot;caption&quot;:&quot;&quot;,&quot;created_timestamp&quot;:&quot;0&quot;,&quot;copyright&quot;:&quot;&quot;,&quot;focal_length&quot;:&quot;0&quot;,&quot;iso&quot;:&quot;0&quot;,&quot;shutter_speed&quot;:&quot;0&quot;,&quot;title&quot;:&quot;&quot;,&quot;orientation&quot;:&quot;0&quot;}\" data-image-title=\"pdf_icon\" data-image-description=\"\" data-image-caption=\"\" data-large-file=\"https:\/\/i0.wp.com\/www.freidenker.org\/fw17\/wp-content\/uploads\/2017\/10\/pdf_icon-2.png?fit=32%2C32&amp;ssl=1\" class=\"alignnone wp-image-1076 size-full\" src=\"https:\/\/i0.wp.com\/www.freidenker.org\/fw17\/wp-content\/uploads\/2017\/10\/pdf_icon-2.png?resize=32%2C32&#038;ssl=1\" alt=\"\" width=\"32\" height=\"32\" \/><\/a> <a href=\"https:\/\/www.freidenker.org\/fw17\/wp-content\/uploads\/2022\/07\/20220715-Informationen-zum-Weltkrieg-in-der-Ukraine.docx\"><img data-recalc-dims=\"1\" loading=\"lazy\" decoding=\"async\" data-attachment-id=\"12620\" data-permalink=\"https:\/\/www.freidenker.org\/?attachment_id=12620\" data-orig-file=\"https:\/\/i0.wp.com\/www.freidenker.org\/fw17\/wp-content\/uploads\/2022\/04\/docx_icon_32x32.jpg?fit=32%2C32&amp;ssl=1\" data-orig-size=\"32,32\" data-comments-opened=\"0\" data-image-meta=\"{&quot;aperture&quot;:&quot;0&quot;,&quot;credit&quot;:&quot;&quot;,&quot;camera&quot;:&quot;&quot;,&quot;caption&quot;:&quot;&quot;,&quot;created_timestamp&quot;:&quot;0&quot;,&quot;copyright&quot;:&quot;&quot;,&quot;focal_length&quot;:&quot;0&quot;,&quot;iso&quot;:&quot;0&quot;,&quot;shutter_speed&quot;:&quot;0&quot;,&quot;title&quot;:&quot;&quot;,&quot;orientation&quot;:&quot;1&quot;}\" data-image-title=\"docx_icon_32x32\" data-image-description=\"\" data-image-caption=\"\" data-large-file=\"https:\/\/i0.wp.com\/www.freidenker.org\/fw17\/wp-content\/uploads\/2022\/04\/docx_icon_32x32.jpg?fit=32%2C32&amp;ssl=1\" class=\"alignnone wp-image-12620 size-full\" src=\"https:\/\/i0.wp.com\/www.freidenker.org\/fw17\/wp-content\/uploads\/2022\/04\/docx_icon_32x32.jpg?resize=32%2C32&#038;ssl=1\" alt=\"\" width=\"32\" height=\"32\" \/><\/a> Informationen zum Krieg in der Ukraine &#8211; zusammengestellt von <em>Klaus von Raussendorff<\/em><\/p>\n<ul>\n<li><span style=\"font-size: 10pt;\">Zur milit\u00e4rischen Lage<\/span><\/li>\n<li><span style=\"font-size: 10pt;\">Zum Wiederaufbau der befreiten Gebiete<\/span><\/li>\n<li><span style=\"font-size: 10pt;\">Zur weltwirtschaftlichen Entwicklung<\/span><\/li>\n<li><span style=\"font-size: 10pt;\">Zur Politik in Deutschland<\/span><\/li>\n<li><span style=\"font-size: 10pt;\">Zur internationalen Diplomatie<\/span><\/li>\n<\/ul>\n<hr \/>\n<h5>Woche vom 30. Juni bis 07. Juli 2022<\/h5>\n<p><a href=\"https:\/\/www.freidenker.org\/fw17\/wp-content\/uploads\/2022\/07\/20220708-Kurzinformationen-zum-Weltkrieg-in-der-Ukraine.pdf\" target=\"_blank\" rel=\"noopener\"><img data-recalc-dims=\"1\" loading=\"lazy\" decoding=\"async\" data-attachment-id=\"1076\" data-permalink=\"https:\/\/www.freidenker.org\/?attachment_id=1076\" data-orig-file=\"https:\/\/i0.wp.com\/www.freidenker.org\/fw17\/wp-content\/uploads\/2017\/10\/pdf_icon-2.png?fit=32%2C32&amp;ssl=1\" data-orig-size=\"32,32\" data-comments-opened=\"0\" data-image-meta=\"{&quot;aperture&quot;:&quot;0&quot;,&quot;credit&quot;:&quot;&quot;,&quot;camera&quot;:&quot;&quot;,&quot;caption&quot;:&quot;&quot;,&quot;created_timestamp&quot;:&quot;0&quot;,&quot;copyright&quot;:&quot;&quot;,&quot;focal_length&quot;:&quot;0&quot;,&quot;iso&quot;:&quot;0&quot;,&quot;shutter_speed&quot;:&quot;0&quot;,&quot;title&quot;:&quot;&quot;,&quot;orientation&quot;:&quot;0&quot;}\" data-image-title=\"pdf_icon\" data-image-description=\"\" data-image-caption=\"\" data-large-file=\"https:\/\/i0.wp.com\/www.freidenker.org\/fw17\/wp-content\/uploads\/2017\/10\/pdf_icon-2.png?fit=32%2C32&amp;ssl=1\" class=\"alignnone wp-image-1076 size-full\" src=\"https:\/\/i0.wp.com\/www.freidenker.org\/fw17\/wp-content\/uploads\/2017\/10\/pdf_icon-2.png?resize=32%2C32&#038;ssl=1\" alt=\"\" width=\"32\" height=\"32\" \/><\/a> <a href=\"https:\/\/www.freidenker.org\/fw17\/wp-content\/uploads\/2022\/07\/20220708-Kurzinformationen-zum-Weltkrieg-in-der-Ukraine.docx\"><img data-recalc-dims=\"1\" loading=\"lazy\" decoding=\"async\" data-attachment-id=\"12620\" data-permalink=\"https:\/\/www.freidenker.org\/?attachment_id=12620\" data-orig-file=\"https:\/\/i0.wp.com\/www.freidenker.org\/fw17\/wp-content\/uploads\/2022\/04\/docx_icon_32x32.jpg?fit=32%2C32&amp;ssl=1\" data-orig-size=\"32,32\" data-comments-opened=\"0\" data-image-meta=\"{&quot;aperture&quot;:&quot;0&quot;,&quot;credit&quot;:&quot;&quot;,&quot;camera&quot;:&quot;&quot;,&quot;caption&quot;:&quot;&quot;,&quot;created_timestamp&quot;:&quot;0&quot;,&quot;copyright&quot;:&quot;&quot;,&quot;focal_length&quot;:&quot;0&quot;,&quot;iso&quot;:&quot;0&quot;,&quot;shutter_speed&quot;:&quot;0&quot;,&quot;title&quot;:&quot;&quot;,&quot;orientation&quot;:&quot;1&quot;}\" data-image-title=\"docx_icon_32x32\" data-image-description=\"\" data-image-caption=\"\" data-large-file=\"https:\/\/i0.wp.com\/www.freidenker.org\/fw17\/wp-content\/uploads\/2022\/04\/docx_icon_32x32.jpg?fit=32%2C32&amp;ssl=1\" class=\"alignnone wp-image-12620 size-full\" src=\"https:\/\/i0.wp.com\/www.freidenker.org\/fw17\/wp-content\/uploads\/2022\/04\/docx_icon_32x32.jpg?resize=32%2C32&#038;ssl=1\" alt=\"\" width=\"32\" height=\"32\" \/><\/a> Informationen zum Krieg in der Ukraine &#8211; zusammengestellt von <em>Klaus von Raussendorff<\/em><\/p>\n<ul>\n<li><span style=\"font-size: 10pt;\">Zur milit\u00e4rischen Lage<\/span><\/li>\n<li><span style=\"font-size: 10pt;\">Zum Wiederaufbau der befreiten Gebiete<\/span><\/li>\n<li><span style=\"font-size: 10pt;\">Zur strafrechtlichen Verfolgung<\/span><\/li>\n<li><span style=\"font-size: 10pt;\">Zur weltwirtschaftlichen Entwicklung<\/span><\/li>\n<li><span style=\"font-size: 10pt;\">Zur Politik in Deutschland<\/span><\/li>\n<li><span style=\"font-size: 10pt;\">Zur internationalen Diplomatie<\/span><\/li>\n<\/ul>\n<hr \/>\n<p><span style=\"font-size: 10pt;\">Bild oben: Collage von Ralf Lux unter Verwendung von:<br \/>\nLaptop mit Kalender:\u00a0<a href=\"https:\/\/pixabay.com\/de\/photos\/feuerwerk-neujahr-jahresanfang-3354145\/\" target=\"_blank\" rel=\"noopener\">pixabay.com<\/a>\u00a0\/\u00a0<a class=\"hover_opacity\" href=\"https:\/\/pixabay.com\/de\/users\/geralt-9301\/\">geralt<\/a>\u00a0\/\u00a0<a href=\"https:\/\/pixabay.com\/de\/service\/license\/\">Pixabay License<\/a><\/span><\/p>\n","protected":false},"excerpt":{"rendered":"<p><b>Chronologie von Klaus von Raussendorff<\/b><br \/>\nKlaus von Raussendorff (Jg.1936), Rentner in Bonn, ehemaliger Diplomat der BRD und Offizier des Auslandsnachrichtendienstes der DDR, aktuell Mitarbeiter des Verbandsvorstands des Deutschen Freidenker-Verbandes, hat seit Beginn der russischen Milit\u00e4roperation zur Demilitarisierung und Entnazifizierung der Ukraine am 24.02.2022 bis zum 04.07.2022 t\u00e4glich eine Zusammenstellung von Informationen herausgegeben. Diese wurden auch auf unserer Webseite ver\u00f6ffentlicht.<br \/>\nDie Chronologie wird seit Anfang Juli 2022 nun fortgef\u00fchrt in Form von w\u00f6chentlichen Berichten. Diese werden zeitnah auch hier auf unserer Webseite ver\u00f6ffentlicht.<\/p>\n","protected":false},"author":3,"featured_media":13905,"comment_status":"closed","ping_status":"closed","sticky":false,"template":"","format":"standard","meta":{"colormag_page_container_layout":"default_layout","colormag_page_sidebar_layout":"default_layout","advanced_seo_description":"","jetpack_seo_html_title":"","jetpack_seo_noindex":false,"jetpack_post_was_ever_published":false,"footnotes":""},"categories":[12,13],"tags":[1513,1514,1450,1515,639],"class_list":["post-13891","post","type-post","status-publish","format-standard","has-post-thumbnail","hentry","category-demokratie-medien-aufklaerung","category-frieden-antifaschismus-solidaritaet","tag-chronologie","tag-internetrecherche","tag-medienanalyse","tag-nachrichten","tag-ukraine-konflikt"],"jetpack_featured_media_url":"https:\/\/i0.wp.com\/www.freidenker.org\/fw17\/wp-content\/uploads\/2022\/08\/Ukraine_chronologie_800x450_v2b.jpg?fit=800%2C450&ssl=1","jetpack_shortlink":"https:\/\/wp.me\/p9stpK-3C3","jetpack-related-posts":[{"id":12779,"url":"https:\/\/www.freidenker.org\/?p=12779","url_meta":{"origin":13891,"position":0},"title":"Chronologie der russischen Milit\u00e4roperation zur Demilitarisierung und Entnazifizierung der Ukraine","author":"Webredaktion","date":"13. April 2022","format":false,"excerpt":"Die Mainstreammedien (MSM) haben anscheinend den Bezug zur Realit\u00e4t weitestgehend verloren. Viele sp\u00fcren das. Daher nutzen immer mehr Einzelne das Internet, um Nachrichten und Kommentare, die zuverl\u00e4ssig und wichtig erscheinen aber einfach \u201euntergehen\u201c, aufzusp\u00fcren, in interessierten Kreisen zu verbreiten und zur Diskussion zu stellen. So auch Klaus von Raussendorff (Jg.1936),\u2026","rel":"","context":"In &quot;Demokratie \u2013 Medien \u2013 Aufkl\u00e4rung&quot;","block_context":{"text":"Demokratie \u2013 Medien \u2013 Aufkl\u00e4rung","link":"https:\/\/www.freidenker.org\/?cat=12"},"img":{"alt_text":"","src":"https:\/\/i0.wp.com\/www.freidenker.org\/fw17\/wp-content\/uploads\/2022\/04\/Ukraine_Chronologie_800x450.jpg?fit=800%2C450&ssl=1&resize=350%2C200","width":350,"height":200,"srcset":"https:\/\/i0.wp.com\/www.freidenker.org\/fw17\/wp-content\/uploads\/2022\/04\/Ukraine_Chronologie_800x450.jpg?fit=800%2C450&ssl=1&resize=350%2C200 1x, https:\/\/i0.wp.com\/www.freidenker.org\/fw17\/wp-content\/uploads\/2022\/04\/Ukraine_Chronologie_800x450.jpg?fit=800%2C450&ssl=1&resize=525%2C300 1.5x, https:\/\/i0.wp.com\/www.freidenker.org\/fw17\/wp-content\/uploads\/2022\/04\/Ukraine_Chronologie_800x450.jpg?fit=800%2C450&ssl=1&resize=700%2C400 2x"},"classes":[]},{"id":748,"url":"https:\/\/www.freidenker.org\/?p=748","url_meta":{"origin":13891,"position":1},"title":"FREIDENKER 2-11 &#8211; Zensur&#8230; Uniformierung des Denkens","author":"Webmaster","date":"16. Juni 2011","format":false,"excerpt":"Die Ausgabe 2-11 des Verbandsorgans FREIDENKER hat das Schwerpunkt-Thema \u201eZensur... Uniformierung des Denkens\u201c und enth\u00e4lt u.a folgende Beitr\u00e4ge: - Klaus Hartmann: \u201ePre\u00dffreiheit\" - Elias Davidsson: Zensur und Verleugnung des 11. September - Dr. Sabine Schiffer: Schlaglichter von politischer Zensur heute - Die \u201eBandbreite\u201c und die Zensur - Klaus von Raussendorff:\u2026","rel":"","context":"In &quot;Verbandsorgan FREIDENKER&quot;","block_context":{"text":"Verbandsorgan FREIDENKER","link":"https:\/\/www.freidenker.org\/?cat=8"},"img":{"alt_text":"","src":"https:\/\/i0.wp.com\/www.freidenker.org\/fw17\/wp-content\/uploads\/2017\/12\/FD_2011-02_Titel_mR.jpg?fit=800%2C445&ssl=1&resize=350%2C200","width":350,"height":200,"srcset":"https:\/\/i0.wp.com\/www.freidenker.org\/fw17\/wp-content\/uploads\/2017\/12\/FD_2011-02_Titel_mR.jpg?fit=800%2C445&ssl=1&resize=350%2C200 1x, https:\/\/i0.wp.com\/www.freidenker.org\/fw17\/wp-content\/uploads\/2017\/12\/FD_2011-02_Titel_mR.jpg?fit=800%2C445&ssl=1&resize=525%2C300 1.5x, https:\/\/i0.wp.com\/www.freidenker.org\/fw17\/wp-content\/uploads\/2017\/12\/FD_2011-02_Titel_mR.jpg?fit=800%2C445&ssl=1&resize=700%2C400 2x"},"classes":[]},{"id":840,"url":"https:\/\/www.freidenker.org\/?p=840","url_meta":{"origin":13891,"position":2},"title":"FREIDENKER 4-15 EXTRA &#8211; N\u00fctzlicher Freind: Der &#8222;Faktor Islam&#8220;","author":"Webmaster","date":"16. Dezember 2015","format":false,"excerpt":"Die Extra-Ausgabe 4-15 des Verbandsorgans FREIDENKER enth\u00e4lt die Beitr\u00e4ge der Konferenz \"N\u00fctzlicher Freind: Der \"Faktor Islam\" in den Weltmachtstrategien des Westens\", die am 12.09.2015 in Frankfurt am Main stattfand. Darin u.a.: - Klaus Hartmann: Freidenker - Religionskritik - Islam - Klaus von Raussendorff: Der takfiristische Terrorismus in der Debatte der\u2026","rel":"","context":"In &quot;Verbandsorgan FREIDENKER&quot;","block_context":{"text":"Verbandsorgan FREIDENKER","link":"https:\/\/www.freidenker.org\/?cat=8"},"img":{"alt_text":"","src":"https:\/\/i0.wp.com\/www.freidenker.org\/fw17\/wp-content\/uploads\/2017\/12\/FD_2015-04_Titel_mR.jpg?fit=800%2C445&ssl=1&resize=350%2C200","width":350,"height":200,"srcset":"https:\/\/i0.wp.com\/www.freidenker.org\/fw17\/wp-content\/uploads\/2017\/12\/FD_2015-04_Titel_mR.jpg?fit=800%2C445&ssl=1&resize=350%2C200 1x, https:\/\/i0.wp.com\/www.freidenker.org\/fw17\/wp-content\/uploads\/2017\/12\/FD_2015-04_Titel_mR.jpg?fit=800%2C445&ssl=1&resize=525%2C300 1.5x, https:\/\/i0.wp.com\/www.freidenker.org\/fw17\/wp-content\/uploads\/2017\/12\/FD_2015-04_Titel_mR.jpg?fit=800%2C445&ssl=1&resize=700%2C400 2x"},"classes":[]},{"id":790,"url":"https:\/\/www.freidenker.org\/?p=790","url_meta":{"origin":13891,"position":3},"title":"FREIDENKER 4-13 &#8211; 1914: 1. Weltkrieg &#8211; 100 Jahre gegen imperialistische Kriege","author":"Webmaster","date":"16. Dezember 2013","format":false,"excerpt":"Die Ausgabe 4-13 des Verbandsorgans FREIDENKER hat das Schwerpunkt-Thema \u201e1914: 1. Weltkrieg - 100 Jahre gegen imperialistische Kriege\u201c und enth\u00e4lt u.a folgende Beitr\u00e4ge: - Klaus Hartmann: Der unbekannte Weltkrieg - Karlheinz Deschner: Leo XIII., Pius X. und der erste Weltkrieg - Eberhard Schinck: Imperialismus, Weltkrieg und Weltkriegsgefahr - Marx\u2019 \u201eLeitfaden\u201c\u2026","rel":"","context":"In &quot;Verbandsorgan FREIDENKER&quot;","block_context":{"text":"Verbandsorgan FREIDENKER","link":"https:\/\/www.freidenker.org\/?cat=8"},"img":{"alt_text":"","src":"https:\/\/i0.wp.com\/www.freidenker.org\/fw17\/wp-content\/uploads\/2017\/12\/FD_2013-04_Titel_mR.jpg?fit=800%2C445&ssl=1&resize=350%2C200","width":350,"height":200,"srcset":"https:\/\/i0.wp.com\/www.freidenker.org\/fw17\/wp-content\/uploads\/2017\/12\/FD_2013-04_Titel_mR.jpg?fit=800%2C445&ssl=1&resize=350%2C200 1x, https:\/\/i0.wp.com\/www.freidenker.org\/fw17\/wp-content\/uploads\/2017\/12\/FD_2013-04_Titel_mR.jpg?fit=800%2C445&ssl=1&resize=525%2C300 1.5x, https:\/\/i0.wp.com\/www.freidenker.org\/fw17\/wp-content\/uploads\/2017\/12\/FD_2013-04_Titel_mR.jpg?fit=800%2C445&ssl=1&resize=700%2C400 2x"},"classes":[]},{"id":497,"url":"https:\/\/www.freidenker.org\/?p=497","url_meta":{"origin":13891,"position":4},"title":"FREIDENKER 4-07 &#8211; Weltzivilisation im W\u00fcrgegriff der Superreichen","author":"Webmaster","date":"16. Dezember 2007","format":false,"excerpt":"Die Ausgabe 4-07 des Verbandsorgans FREIDENKER hat das Schwerpunkt-Thema \u201eWeltzivilisation im W\u00fcrgegriff der Superreichen\u201c und enth\u00e4lt u.a folgende Beitr\u00e4ge: - Rainer Rupp: Die M\u00e4chtigen und ihre ,heilige Ordnung\u2018 - Klaus von Raussendorff: Wer regiert die Welt? - Christian Christians: Au\u00dfenpolitische Denkfabriken und Netzwerke - Cathrin Sch\u00fctz: \u201eNicht\u201c-Regierungs-organisationen? - Bernd Fricke:\u2026","rel":"","context":"In &quot;Verbandsorgan FREIDENKER&quot;","block_context":{"text":"Verbandsorgan FREIDENKER","link":"https:\/\/www.freidenker.org\/?cat=8"},"img":{"alt_text":"","src":"https:\/\/i0.wp.com\/www.freidenker.org\/fw17\/wp-content\/uploads\/2017\/12\/FD_2007-04_Titel_mR.jpg?fit=800%2C445&ssl=1&resize=350%2C200","width":350,"height":200,"srcset":"https:\/\/i0.wp.com\/www.freidenker.org\/fw17\/wp-content\/uploads\/2017\/12\/FD_2007-04_Titel_mR.jpg?fit=800%2C445&ssl=1&resize=350%2C200 1x, https:\/\/i0.wp.com\/www.freidenker.org\/fw17\/wp-content\/uploads\/2017\/12\/FD_2007-04_Titel_mR.jpg?fit=800%2C445&ssl=1&resize=525%2C300 1.5x, https:\/\/i0.wp.com\/www.freidenker.org\/fw17\/wp-content\/uploads\/2017\/12\/FD_2007-04_Titel_mR.jpg?fit=800%2C445&ssl=1&resize=700%2C400 2x"},"classes":[]},{"id":716,"url":"https:\/\/www.freidenker.org\/?p=716","url_meta":{"origin":13891,"position":5},"title":"FREIDENKER 2-09 &#8211; Aufkl\u00e4rung &#8211; Aktuelle Aufgaben &#8211; Verbandstag 2009","author":"Webmaster","date":"2. Juli 2009","format":false,"excerpt":"Die Ausgabe 2-09 des Verbandsorgans FREIDENKER hat das Schwerpunkt-Thema \u201eAufkl\u00e4rung - Aktuelle Aufgaben - Verbandstag 2009\u201c und enth\u00e4lt u.a folgende Beitr\u00e4ge: - Horst Schild: Le si\u00e8cle de lumi\u00e8res \u2013 das Zeitalter der Lichter - Wolf-Dieter Gudopp-von Behm: Anst\u00f6\u00dfe zum Thema \u201eAufkl\u00e4rung\u201c - Lorenz Knorr: Ex-Bundespr\u00e4sident Herzogs Beihilfe zur Geschichtsf\u00e4lschung -\u2026","rel":"","context":"In &quot;Verbandsorgan FREIDENKER&quot;","block_context":{"text":"Verbandsorgan FREIDENKER","link":"https:\/\/www.freidenker.org\/?cat=8"},"img":{"alt_text":"","src":"https:\/\/i0.wp.com\/www.freidenker.org\/fw17\/wp-content\/uploads\/2017\/12\/FD_2009-02_Titel_mR.jpg?fit=800%2C445&ssl=1&resize=350%2C200","width":350,"height":200,"srcset":"https:\/\/i0.wp.com\/www.freidenker.org\/fw17\/wp-content\/uploads\/2017\/12\/FD_2009-02_Titel_mR.jpg?fit=800%2C445&ssl=1&resize=350%2C200 1x, https:\/\/i0.wp.com\/www.freidenker.org\/fw17\/wp-content\/uploads\/2017\/12\/FD_2009-02_Titel_mR.jpg?fit=800%2C445&ssl=1&resize=525%2C300 1.5x, https:\/\/i0.wp.com\/www.freidenker.org\/fw17\/wp-content\/uploads\/2017\/12\/FD_2009-02_Titel_mR.jpg?fit=800%2C445&ssl=1&resize=700%2C400 2x"},"classes":[]}],"_links":{"self":[{"href":"https:\/\/www.freidenker.org\/index.php?rest_route=\/wp\/v2\/posts\/13891","targetHints":{"allow":["GET"]}}],"collection":[{"href":"https:\/\/www.freidenker.org\/index.php?rest_route=\/wp\/v2\/posts"}],"about":[{"href":"https:\/\/www.freidenker.org\/index.php?rest_route=\/wp\/v2\/types\/post"}],"author":[{"embeddable":true,"href":"https:\/\/www.freidenker.org\/index.php?rest_route=\/wp\/v2\/users\/3"}],"replies":[{"embeddable":true,"href":"https:\/\/www.freidenker.org\/index.php?rest_route=%2Fwp%2Fv2%2Fcomments&post=13891"}],"version-history":[{"count":0,"href":"https:\/\/www.freidenker.org\/index.php?rest_route=\/wp\/v2\/posts\/13891\/revisions"}],"wp:featuredmedia":[{"embeddable":true,"href":"https:\/\/www.freidenker.org\/index.php?rest_route=\/wp\/v2\/media\/13905"}],"wp:attachment":[{"href":"https:\/\/www.freidenker.org\/index.php?rest_route=%2Fwp%2Fv2%2Fmedia&parent=13891"}],"wp:term":[{"taxonomy":"category","embeddable":true,"href":"https:\/\/www.freidenker.org\/index.php?rest_route=%2Fwp%2Fv2%2Fcategories&post=13891"},{"taxonomy":"post_tag","embeddable":true,"href":"https:\/\/www.freidenker.org\/index.php?rest_route=%2Fwp%2Fv2%2Ftags&post=13891"}],"curies":[{"name":"wp","href":"https:\/\/api.w.org\/{rel}","templated":true}]}}