{"id":13869,"date":"2022-07-30T14:58:10","date_gmt":"2022-07-30T12:58:10","guid":{"rendered":"https:\/\/www.freidenker.org\/?p=13869"},"modified":"2022-08-18T01:36:01","modified_gmt":"2022-08-17T23:36:01","slug":"blicke-aus-dem-vierten-stock","status":"publish","type":"post","link":"https:\/\/www.freidenker.org\/?p=13869","title":{"rendered":"Blicke aus dem vierten Stock"},"content":{"rendered":"<p><strong>Der syrische Fotograf Issa Touma dokumentiert das Leben vor und nach der Zerst\u00f6rung von Aleppo<\/strong><\/p>\n<p><em>Von <strong>Karin Leukefeld<\/strong><\/em><\/p>\n<p><span style=\"font-size: 10pt;\">Erstver\u00f6ffentlichung am 14.07.2022 im <a href=\"https:\/\/www.nd-aktuell.de\/artikel\/1165320.syrischer-buergerkrieg-blicke-aus-dem-vierten-stock.html\" target=\"_blank\" rel=\"noopener\">nd<\/a><\/span><\/p>\n<p>Es regnet in Str\u00f6men. Die Stra\u00dfen in Aleppo haben sich in kleine Sturzb\u00e4che verwandelt. Die alte Kanalisation der Stadt ist lange nicht gewartet worden und schafft es nicht, das Wasser aufzunehmen. Strom ist knapp, und es ist dunkel, als wir versuchen, die Galerie Le Pont von Issa Touma zu finden. Er dirigiert uns per Handy, und schlie\u00dflich kommt der Wagen in einem dunklen Hof zum Stehen. Aus einer T\u00fcr f\u00e4llt ein blasser Lichtstrahl. Ein Schatten winkt her\u00fcber: \u00bbWillkommen, hier sind Sie richtig.\u00ab<\/p>\n<p>Der Eingang der Galerie ist mit Plakaten fr\u00fcherer Ausstellungen und Festivals gepflastert. In den Regalen liegen Werbekarten etwas verstaubt und durcheinander. \u00bbBitte nehmen Sie mit, was Sie interessiert\u00ab, bietet Touma an. In der Galerie habe er schon lange keine ausl\u00e4ndischen G\u00e4ste mehr gesehen, sagt er. Tee und Kekse stehen auf einem Tisch, aus der einzigen Lampe im gro\u00dfen Raum f\u00e4llt fahles Licht.<\/p>\n<figure id=\"attachment_13870\" aria-describedby=\"caption-attachment-13870\" style=\"width: 694px\" class=\"wp-caption alignnone\"><img data-recalc-dims=\"1\" loading=\"lazy\" decoding=\"async\" data-attachment-id=\"13870\" data-permalink=\"https:\/\/www.freidenker.org\/?attachment_id=13870\" data-orig-file=\"https:\/\/i0.wp.com\/www.freidenker.org\/fw17\/wp-content\/uploads\/2022\/07\/Leukefeld_Issa-Touma.jpg?fit=694%2C468&amp;ssl=1\" data-orig-size=\"694,468\" data-comments-opened=\"0\" data-image-meta=\"{&quot;aperture&quot;:&quot;0&quot;,&quot;credit&quot;:&quot;&quot;,&quot;camera&quot;:&quot;&quot;,&quot;caption&quot;:&quot;&quot;,&quot;created_timestamp&quot;:&quot;0&quot;,&quot;copyright&quot;:&quot;&quot;,&quot;focal_length&quot;:&quot;0&quot;,&quot;iso&quot;:&quot;0&quot;,&quot;shutter_speed&quot;:&quot;0&quot;,&quot;title&quot;:&quot;&quot;,&quot;orientation&quot;:&quot;1&quot;}\" data-image-title=\"Leukefeld_Issa-Touma\" data-image-description=\"\" data-image-caption=\"\" data-large-file=\"https:\/\/i0.wp.com\/www.freidenker.org\/fw17\/wp-content\/uploads\/2022\/07\/Leukefeld_Issa-Touma.jpg?fit=694%2C468&amp;ssl=1\" class=\"wp-image-13870 size-full\" src=\"https:\/\/i0.wp.com\/www.freidenker.org\/fw17\/wp-content\/uploads\/2022\/07\/Leukefeld_Issa-Touma.jpg?resize=694%2C468&#038;ssl=1\" alt=\"\" width=\"694\" height=\"468\" srcset=\"https:\/\/i0.wp.com\/www.freidenker.org\/fw17\/wp-content\/uploads\/2022\/07\/Leukefeld_Issa-Touma.jpg?w=694&amp;ssl=1 694w, https:\/\/i0.wp.com\/www.freidenker.org\/fw17\/wp-content\/uploads\/2022\/07\/Leukefeld_Issa-Touma.jpg?resize=300%2C202&amp;ssl=1 300w\" sizes=\"auto, (max-width: 694px) 100vw, 694px\" \/><figcaption id=\"caption-attachment-13870\" class=\"wp-caption-text\"><span style=\"font-size: 10pt;\">Issa Touma (Foto: Karin Leukefeld)<\/span><\/figcaption><\/figure>\n<p>\u00bbWenn Sie m\u00f6chten, zeige ich Ihnen die Bilder kurz\u00ab, meint der Fotograf. \u00bbDas Licht kann jeden Moment wieder ausgehen.\u00ab Langsam f\u00fchrt Touma an den Fotografien vorbei, von denen die meisten in Schwarz-Wei\u00df gehalten sind. Bei den Bildern \u00fcber \u00bbSufismus in Ost-Aleppo\u00ab, sagt er, dass die meisten Sufis von den Dschihadisten ermordet wurden. \u00bbIch wei\u00df nicht, warum. Aber sie hassen die.\u00ab Es folgen Aufnahmen von Menschen im Armenischen Haus, einem Seniorenheim, Eisenh\u00e4ndler an der Alten Ommayyaden Moschee unterhalb der Zitadelle. Und schlie\u00dflich gibt es die Fotos von den \u00bbFrauen, die wir noch nicht verloren haben\u00ab. Unter diesem Titel hat Touma 15 junge Frauen portr\u00e4tiert, die im April 2015 in Aleppo Zuflucht suchten, als radikale Islamisten die Stadt angriffen. Touma \u00f6ffnete den Frauen die Galerie, wo sie eine Woche miteinander ausharrten, bis der Angriff zur\u00fcckgeschlagen wurde. Er habe die Frauen fotografiert, die aus verschiedenen ethnischen und religi\u00f6sen Gruppen kamen, \u00bbwie es hier bei uns in Syrien und besonders in Aleppo normal war und ist\u00ab, f\u00fcgt er hinzu. In Interviews h\u00e4tten sie von ihrem Leben, ihren \u00c4ngsten und ihren W\u00fcnsche f\u00fcr die Zukunft berichtet. Im Vorwort zu dem Buch, das daraus entstand, hei\u00dft es, die Geschichten seien ein \u00bbSchrei nach Freiheit der Frauen\u00ab, die Syrien noch nicht verloren habe \u2013 an den Tod, an das Exil oder an die Unterdr\u00fcckung.<\/p>\n<p>Der Fotograf erinnert an den Tee, der nicht ganz kalt werden soll. Kaum haben wir Platz genommen, geht das Licht aus.<\/p>\n<div>\n<p>Die zwei Millionen Einwohner z\u00e4hlende Stadt Aleppo wird nur provisorisch mit Strom versorgt, seit das Elektrizit\u00e4tswerk 2015 beim Angriff der islamistischen K\u00e4mpfer zerst\u00f6rt wurde. Strom aus Mhardeh in der s\u00fcdlich gelegenen Provinz Hama kann Aleppo nicht erreichen, weil die \u00dcberlandleitungen durch die Provinz Idlib f\u00fchren und die Strommasten zerst\u00f6rt sind. <a href=\"https:\/\/www.nd-aktuell.de\/artikel\/1156811.syrien-sanktionen-verschaerfen-humanitaere-krise.html\" data-id=\"https:\/\/www.nd-aktuell.de\/artikel\/1156811.syrien-sanktionen-verschaerfen-humanitaere-krise.html\" data-type=\"URL\">Wegen der Sanktionen der Europ\u00e4ischen Union und der USA<\/a> ist es Syrien noch nicht gelungen, eine neue Turbine ins Land zu bringen. Es werde daran gearbeitet, hei\u00dft es. Der Iran werde die Turbine schon bald installieren. Dann wird es f\u00fcr ganz Aleppo wieder mehr Strom geben. Vorausgesetzt, Syrien kann das \u00d6l besorgen, mit dem die Anlage betrieben werden muss. Die syrischen \u00d6lfelder Rmeilan im Nordosten und das Omari-Feld im Osten sind von US-Truppen besetzt. Die Soldaten sorgen daf\u00fcr, dass die kurdisch gef\u00fchrten Syrischen Demokratischen Kr\u00e4fte das \u00d6l erhalten und verkaufen k\u00f6nnen. Zu den Abnehmern geh\u00f6rt auch die syrische Regierung.<\/p>\n<p>Issa Touma verschwindet kurz in einem Nebenraum und kommt mit einer Petroleumlampe zur\u00fcck. \u00bbSo ist das bei uns hier\u00ab, sagt er schulterzuckend und beginnt zu erz\u00e4hlen. Die Galerie habe er erstmals 1992 ge\u00f6ffnet. 1997 habe er die Organisation \u00bbLe Pont. Die Br\u00fccke\u00ab gegr\u00fcndet und eine neue Galerie er\u00f6ffnet. Das von ihm j\u00e4hrlich organisierte Internationale Foto-Festival Aleppo zog Fotografen aus aller Welt an. Damals sei die Fotogalerie die einzige im Mittleren Osten gewesen, sagt Issa Touma stolz. Er habe viele Kontakte in alle Welt gehabt.<\/p>\n<p>Als der Krieg 2011 begann, haben die Europ\u00e4er und westlichen Ausl\u00e4nder das Land \u00fcber Nacht verlassen, und als der Krieg sp\u00e4ter n\u00e4her an die Stadt heranr\u00fcckte, zogen viele Aleppiner sich nach Latakia an die K\u00fcste zur\u00fcck. Nicht wenige flohen auch nach Europa. Touma aber blieb und beobachtete die Entwicklung, die ganz anders gewesen sei, als es in westlichen Medien beschrieben wurde. \u00bbDie Aleppiner sind Gesch\u00e4ftsleute, sie wollten sich aus der Politik raushalten\u00ab, erinnert er sich.<\/p>\n<p>Allerdings fassten bewaffnete Islamisten in den nord\u00f6stlichen Randgebieten der Stadt Fu\u00df, die durch Landflucht und Bev\u00f6lkerungswachstum un\u00fcbersichtlich geworden waren, und sagten der s\u00e4kularen Gesellschaft im Zentrum der Stadt den Kampf an. Im August 2012 erreichten sie den Ostteil der Altstadt. Die Bewohner der alten Viertel flohen. Issa Touma, der im vierten Stock eines Hauses in Al Jedideh lebte, blieb. Eines Morgens \u00fcberflog ein Hubschrauber die Altstadt, und in der Stra\u00dfe vor seinem Haus hatten bewaffnete junge M\u00e4nner eine Barrikade errichtet. Issa Touma griff zur Kamera und filmte neun Tage lang, wie der Krieg in Aleppo vor seinem Haus begann.<\/p>\n<p>Die Aufzeichnungen beginnen am Morgen des 19. August 2012, um 8.15 Uhr. Fremde beziehen Stellung in seiner Stra\u00dfe, \u00fcber Lautsprecher sagt eine Stimme: \u00bbEs ist besser, Ihr ergebt Euch. Wenn Ihr Eure Waffen niederlegt, werdet Ihr sicher sein. Das ist Gottes Wille. Bashar al-Assad wird Euch nicht retten. Gott ist der Gr\u00f6\u00dfte.\u00ab Ein junger Mann mit Mikrofon und Baseballm\u00fctze steht l\u00e4ssig an die Barrikade aus Zements\u00e4cken gelehnt. \u00bbHi Soldat\u00ab, sagt er ins Mikrofon. \u00bbGib Deinen Posten auf und komm\u2019 zu uns r\u00fcber.\u00ab Als Antwort folgt eine Salve aus Gewehren, die laut durch die enge Stra\u00dfe hallt. \u00bbGlaubt Ihr, Assad wird Euch nutzen? Glaubt Ihr, Assad ist an Eurer Seite? Gott ist mit uns!\u00ab<\/p>\n<p>Die K\u00e4mpfer in der Stra\u00dfe s\u00e4hen aus wie Collegejungen, kommentiert Issa Touma seine Aufnahmen. \u00bbSie sind frisch rasiert und tragen normale T-Shirts. Sie sehen unvorbereitet aus, nicht wie jemand, der Kriegserfahrungen hat.\u00ab Etwa hundert Meter von der Barrikade entfernt sei die syrische Armee in Stellung. \u00bbUnd in der Stra\u00dfe vor meiner Wohnung verst\u00e4rkt die Freie Syrische Armee ihre Barrikade.\u00ab Er schlafe nicht mehr in seinem Bett, sagt Issa Touma zu den Aufnahmen von Tag zwei. Das Sofa in der K\u00fcche sei sicherer. Am sechsten Tag h\u00e4lt er mit seiner Kamera fest, wie einer der jungen K\u00e4mpfer erschossen wird, am n\u00e4chsten Morgen ist die Freie Syrische Armee verschwunden.<\/p>\n<p>Die Bewohner beginnen die Barrikade zu zerst\u00f6ren und machen die Stra\u00dfe wieder frei. \u00bbEinige der Leute sind die gleichen, die die Barrikade anfangs gebaut haben\u00ab, kommentiert Touma. Er habe den Eindruck, \u00bbdass einige der Nachbarn f\u00fcr beide Seiten arbeiten.\u00ab Am achten Tag gie\u00dft Touma wieder die Blumen auf seinem Balkon, die Anspannung lasse nach, kommentiert er. \u00bbAm Abend sind die Gesch\u00e4fte wieder ge\u00f6ffnet, die Leute kommen auf die Stra\u00dfe, trinken Tee, lachen miteinander.\u00ab Tag neun beginnt wieder mit Sch\u00fcssen. \u00bbDie K\u00e4mpfer kehren in meine Stra\u00dfe zur\u00fcck\u00ab, sagt Issa Touma, w\u00e4hrend er vorsichtig versucht, \u00fcber die Br\u00fcstung des Balkons zu filmen. Die K\u00e4mpfer sehen anders aus als zuvor. \u00bbSie sind schwer bewaffnet, tragen B\u00e4rte. Bisher habe ich nur von ihnen geh\u00f6rt, es ist Liwa al-Tawhid.\u00ab Die rechte Hand der Muslimbruderschaft.<\/p>\n<p>Professionell bauen die M\u00e4nner die Barrikade wieder auf und verst\u00e4rken sie. Issa Touma sagt: \u00bbDas syrische Fernsehen bezeichnet sie als Terroristen, die internationale Presse nennt sie Freiheitsk\u00e4mpfer.\u00ab Er selber sei auf keiner Seite, aber es sei eine L\u00fcge, dass \u00bbdie Revolution \u00fcberall friedlich begonnen hat. Hier in meiner Stra\u00dfe, der Al Said Ali Stra\u00dfe, begann sie mit Waffen. Ich will den Krieg nicht l\u00e4nger filmen.\u00ab<\/p>\n<p>Es sollte l\u00e4nger dauern, als Issa Touma an Tag neun vorausgesehen hatte. Hunderttausende kamen vom Osten in den Westen der Stadt, die geteilt und von bewaffneten Gruppen belagert wurde. Es gab weder Strom noch Wasser, die Stra\u00dfen- und H\u00e4userk\u00e4mpfe, an denen auch syrische Regierungstruppen beteiligt waren, richteten gro\u00dfe Zerst\u00f6rung an. 2014 verlie\u00df der Fotograf Aleppo, um seine Aufnahmen und sein Archiv in Sicherheit zu bringen. Er lebte als \u00bbK\u00fcnstler im Exil\u00ab in Finnland, Schweden und \u00d6sterreich. Er tourte durch Europa, zeigte seine Fotos und Filme, redete auf Podiumsdiskussionen \u00fcber die Lage in Aleppo und in seinem Heimatland. Er sprach anders, als es die europ\u00e4ische \u00d6ffentlichkeit von den Medien gewohnt war. Oft gab es hitzige Wortgefechte mit denen, die als Oppositionelle vorgestellt wurden, erinnert er sich. Er habe standgehalten, denn er habe den Beginn des Krieges in Aleppo erlebt.<\/p>\n<p>Mit Unterst\u00fctzung von holl\u00e4ndischen Kollegen entstand aus den Aufnahmen vom August 2012 schlie\u00dflich der Kurzfilm \u00bbNeun Tage: Aus meinem Fenster in Aleppo\u00ab, der 2016 als bester Kurzfilm mit dem Europ\u00e4ischen Filmpreis ausgezeichnet wurde.<\/p>\n<p><a href=\"https:\/\/www.nd-aktuell.de\/artikel\/1156370.syrien-unter-blauer-fahne.html\" data-type=\"URL\">Wenige Tage nach der Preisverleihung kehrte Issa Touma im Dezember 2016 nach Aleppo zur\u00fcck<\/a>. Die bewaffneten Gruppen waren nach Idlib evakuiert worden. Touma dokumentierte in einem neuen Film \u00bbGr\u00fc\u00dfe aus Aleppo\u00ab, wie das Leben in seine schwer zerst\u00f6rte Heimatstadt zur\u00fcckkehrt. Er filmte die Weihnachtsfeierlichkeiten in Aziziyeh, einem christlichen Viertel in Aleppo, wo der Weihnachtsbaum mit Strom vom Generator erleuchtet wurde. Er filmte Jugendliche auf einer Tanzparty und begleitete eine Familie, die in ihre Wohnung zur\u00fcckkehrte. Er nahm einen Friseur auf, der einen provisorischen Stuhl auf die Stra\u00dfe gestellt hatte, auf dem er einem Mann die Haare schnitt und ihn rasierte. Und schlie\u00dflich war da Abu Mahmoud, der wieder jeden Tag die Stra\u00dfe vor dem Haus von Issa Touma kehrte, wie vor dem Krieg.<\/p>\n<p>Es ist sp\u00e4t geworden. Der Tee ist ausgetrunken, und es ist kalt geworden. Ob wir ihn ein St\u00fcck mitnehmen k\u00f6nnten, fragt der Fotograf. Wenig sp\u00e4ter setzen wir ihn vor dem Haus seiner Mutter in Aziziyeh ab. Es werde noch dauern, bis er seine Wohnung wieder beziehen k\u00f6nne, sagt er. Wenn er Geld und Material habe, renoviere er, aber alles sei teuer und vieles sei auf dem Markt nicht zu finden. F\u00fcr den n\u00e4chsten Morgen verabreden wir uns in seiner Wohnung.<\/p>\n<p>Das Haus in der Al Said Ali Stra\u00dfe liegt nur wenige Hundert Meter von dem belebten Gesch\u00e4ftsviertel Aziziyeh entfernt. Drau\u00dfen wie drinnen sind die W\u00e4nde voller Einschussl\u00f6cher, hohe Stufen f\u00fchren durch ein d\u00fcsteres Treppenhaus. Die Wohnung von Issa Touma liegt im vierten Stock. Die R\u00e4ume sind hoch, der Eingangsbereich ist vollgestellt mit Farbeimern, Holz, Werkzeug und Planen. \u00bbHier ist das rote Zimmer, aus dem ich gefilmt habe\u00ab, sagt er und \u00f6ffnet eine Fl\u00fcgelt\u00fcr. Im hinteren Bereich liegt die K\u00fcche. Dann geht es durch einen weiteren Innenraum, den Salon, und in eine Art Wintergarten. Nichts erinnert mehr an das Chaos seiner Wohnung, das er auf Fotos nach seiner R\u00fcckkehr festgehalten hatte. Die W\u00e4nde sind gestrichen, die Zimmer sparsam m\u00f6bliert, die gro\u00dfen Fenster geben den Blick frei auf die Altstadt und die Zitadelle. Schmuckst\u00fcck ist der Balkon, auf dem ein Gem\u00fcse- und Kr\u00e4utergarten angelegt ist, eingerahmt von gro\u00dfen Feigenkakteen. \u00bbSie haben den Krieg unbeschadet \u00fcberstanden\u00ab, lacht Issa Touma und zeigt auf zwei Ableger, die er vor dem Fenster des Schlafzimmers eingepflanzt hat.<\/p>\n<p>Die Altstadt liegt aber noch in Tr\u00fcmmern. \u00bbHier standen die besten Hotels, die besten Restaurants, Jedideh war bekannt in Aleppo und dar\u00fcber hinaus\u00ab, sagt er nachdenklich. Viele der alten arabischen H\u00e4user h\u00e4tten reichen Gesch\u00e4ftsleuten und arabischen Million\u00e4ren geh\u00f6rt. \u00bbWir wissen nicht, ob sie zur\u00fcckkommen und wiederaufbauen werden.\u00ab<\/p>\n<p style=\"text-align: right;\"><em>Karin Leukefeld ist Buchautorin und arbeitet als freie Journalistin im Mittleren Osten\u00a0<\/em><\/p>\n<p><span style=\"font-size: 10pt;\">Link zur Erstver\u00f6ffentlichung: <a href=\"https:\/\/www.nd-aktuell.de\/artikel\/1165320.syrischer-buergerkrieg-blicke-aus-dem-vierten-stock.html\" target=\"_blank\" rel=\"noopener\">https:\/\/www.nd-aktuell.de\/artikel\/1165320.syrischer-buergerkrieg-blicke-aus-dem-vierten-stock.html<\/a><\/span><\/p>\n<p>Wir danken dem nd f\u00fcr das Recht zur Ver\u00f6ffentlichung dieses Beitrages.<\/p>\n<hr \/>\n<p><strong>Download<\/strong><\/p>\n<p><img data-recalc-dims=\"1\" loading=\"lazy\" decoding=\"async\" data-attachment-id=\"1076\" data-permalink=\"https:\/\/www.freidenker.org\/?attachment_id=1076\" data-orig-file=\"https:\/\/i0.wp.com\/www.freidenker.org\/fw17\/wp-content\/uploads\/2017\/10\/pdf_icon-2.png?fit=32%2C32&amp;ssl=1\" data-orig-size=\"32,32\" data-comments-opened=\"0\" data-image-meta=\"{&quot;aperture&quot;:&quot;0&quot;,&quot;credit&quot;:&quot;&quot;,&quot;camera&quot;:&quot;&quot;,&quot;caption&quot;:&quot;&quot;,&quot;created_timestamp&quot;:&quot;0&quot;,&quot;copyright&quot;:&quot;&quot;,&quot;focal_length&quot;:&quot;0&quot;,&quot;iso&quot;:&quot;0&quot;,&quot;shutter_speed&quot;:&quot;0&quot;,&quot;title&quot;:&quot;&quot;,&quot;orientation&quot;:&quot;0&quot;}\" data-image-title=\"pdf_icon\" data-image-description=\"\" data-image-caption=\"\" data-large-file=\"https:\/\/i0.wp.com\/www.freidenker.org\/fw17\/wp-content\/uploads\/2017\/10\/pdf_icon-2.png?fit=32%2C32&amp;ssl=1\" class=\"alignnone size-full wp-image-1076\" src=\"https:\/\/i0.wp.com\/www.freidenker.org\/fw17\/wp-content\/uploads\/2017\/10\/pdf_icon-2.png?resize=32%2C32&#038;ssl=1\" alt=\"\" width=\"32\" height=\"32\" \/> Den <a href=\"https:\/\/www.freidenker.org\/fw17\/wp-content\/uploads\/2022\/07\/nd-220715-Blick-aus-dem-vierten-Stock.pdf\" target=\"_blank\" rel=\"noopener\">Beitrag als PDF im Zeitungslayout<\/a> ansehen oder herunterladen (PDF-Dokument, ca. 1,09 MB)<\/p>\n<hr \/>\n<p><span style=\"font-size: 10pt;\">Bild oben: Noch liegen weite Teile von Aleppo in Tr\u00fcmmern. Issa Touma baut auf dem Balkon wegen der hohen Lebensmittelpreise Gem\u00fcse und Kr\u00e4uter an. <\/span><br \/>\n<span style=\"font-size: 10pt;\">Foto: Karin Leukefeld<\/span><\/p>\n<\/div>\n","protected":false},"excerpt":{"rendered":"<p><b>Beitrag von Karin Leukefeld<\/b><br \/>\nEs regnet in Str\u00f6men. Die Stra\u00dfen in Aleppo haben sich in kleine Sturzb\u00e4che verwandelt. Die alte Kanalisation der Stadt ist lange nicht gewartet worden und schafft es nicht, das Wasser aufzunehmen. Strom ist knapp, und es ist dunkel, als wir versuchen, die Galerie Le Pont von Issa Touma zu finden. Er dirigiert uns per Handy, und schlie\u00dflich kommt der Wagen in einem dunklen Hof zum Stehen. Aus einer T\u00fcr f\u00e4llt ein blasser Lichtstrahl. Ein Schatten winkt her\u00fcber: \u00bbWillkommen, hier sind Sie richtig.\u00ab Der Eingang der Galerie ist mit Plakaten fr\u00fcherer Ausstellungen und Festivals gepflastert. In den Regalen liegen Werbekarten etwas verstaubt und durcheinander. \u00bbBitte nehmen Sie mit, was Sie interessiert\u00ab, bietet Touma an. <\/p>\n","protected":false},"author":3,"featured_media":13872,"comment_status":"closed","ping_status":"closed","sticky":false,"template":"","format":"standard","meta":{"colormag_page_container_layout":"default_layout","colormag_page_sidebar_layout":"default_layout","advanced_seo_description":"","jetpack_seo_html_title":"","jetpack_seo_noindex":false,"jetpack_post_was_ever_published":false,"footnotes":""},"categories":[13,913],"tags":[1559,665,617,335,188,676,336],"class_list":["post-13869","post","type-post","status-publish","format-standard","has-post-thumbnail","hentry","category-frieden-antifaschismus-solidaritaet","category-kultur-kunst","tag-aleppo","tag-filmkunst","tag-fotografie","tag-frieden","tag-krieg","tag-naher-osten","tag-syrien"],"jetpack_featured_media_url":"https:\/\/i0.wp.com\/www.freidenker.org\/fw17\/wp-content\/uploads\/2022\/07\/Leukefeld_Aleppo_800x450.jpg?fit=800%2C450&ssl=1","jetpack_shortlink":"https:\/\/wp.me\/p9stpK-3BH","jetpack-related-posts":[{"id":24883,"url":"https:\/\/www.freidenker.org\/?p=24883","url_meta":{"origin":13869,"position":0},"title":"Osterm\u00e4rsche 2026 in Hessen","author":"Webredaktion","date":"18. April 2026","format":false,"excerpt":"Wir berichten von einigen Veranstaltungen anl\u00e4sslich der Osterm\u00e4rsche in Hessen, an denen auch zahlreiche Mitglieder unseres Verbandes teilnahmen und mitwirkten. Der traditionelle Start der Hessischen Osterm\u00e4rsche fand auch diesmal mit dem Ostermarsch der Friedenplattform Hanau 2026 am Karfreitag (3.4.26) in Bruchk\u00f6bel statt. Die Kundgebung begann um 14:00 Uhr und stand\u2026","rel":"","context":"In &quot;Aktuelles&quot;","block_context":{"text":"Aktuelles","link":"https:\/\/www.freidenker.org\/?cat=574"},"img":{"alt_text":"","src":"https:\/\/i0.wp.com\/www.freidenker.org\/fw17\/wp-content\/uploads\/2026\/04\/OM26-Frankfurt-133056_800x450.jpg?fit=800%2C450&ssl=1&resize=350%2C200","width":350,"height":200,"srcset":"https:\/\/i0.wp.com\/www.freidenker.org\/fw17\/wp-content\/uploads\/2026\/04\/OM26-Frankfurt-133056_800x450.jpg?fit=800%2C450&ssl=1&resize=350%2C200 1x, https:\/\/i0.wp.com\/www.freidenker.org\/fw17\/wp-content\/uploads\/2026\/04\/OM26-Frankfurt-133056_800x450.jpg?fit=800%2C450&ssl=1&resize=525%2C300 1.5x, https:\/\/i0.wp.com\/www.freidenker.org\/fw17\/wp-content\/uploads\/2026\/04\/OM26-Frankfurt-133056_800x450.jpg?fit=800%2C450&ssl=1&resize=700%2C400 2x"},"classes":[]},{"id":13756,"url":"https:\/\/www.freidenker.org\/?p=13756","url_meta":{"origin":13869,"position":1},"title":"Von Syrien bis zur Ukraine: Dieselben Regeln der Kriegspropaganda","author":"Webredaktion","date":"14. Juli 2022","format":false,"excerpt":"Beitrag von Karin Leukefeld. Bei der Berichterstattung \u00fcber den Krieg in der Ukraine werden in deutschen Medien altbekannte Regeln der Kriegspropaganda aus dem Syrienkrieg angewendet. Die gegnerische Seite (Russland) sei verantwortlich, der russische Pr\u00e4sident wird d\u00e4monisiert. Man sei \u201enicht Kriegspartei\u201c, die gelieferten Waffen dienten nur der Selbstverteidigung der Angegriffenen. Diese\u2026","rel":"","context":"In &quot;Demokratie \u2013 Medien \u2013 Aufkl\u00e4rung&quot;","block_context":{"text":"Demokratie \u2013 Medien \u2013 Aufkl\u00e4rung","link":"https:\/\/www.freidenker.org\/?cat=12"},"img":{"alt_text":"","src":"https:\/\/i0.wp.com\/www.freidenker.org\/fw17\/wp-content\/uploads\/2022\/07\/kriegspropaganda_v2_800x450.jpg?fit=800%2C450&ssl=1&resize=350%2C200","width":350,"height":200,"srcset":"https:\/\/i0.wp.com\/www.freidenker.org\/fw17\/wp-content\/uploads\/2022\/07\/kriegspropaganda_v2_800x450.jpg?fit=800%2C450&ssl=1&resize=350%2C200 1x, https:\/\/i0.wp.com\/www.freidenker.org\/fw17\/wp-content\/uploads\/2022\/07\/kriegspropaganda_v2_800x450.jpg?fit=800%2C450&ssl=1&resize=525%2C300 1.5x, https:\/\/i0.wp.com\/www.freidenker.org\/fw17\/wp-content\/uploads\/2022\/07\/kriegspropaganda_v2_800x450.jpg?fit=800%2C450&ssl=1&resize=700%2C400 2x"},"classes":[]},{"id":24232,"url":"https:\/\/www.freidenker.org\/?p=24232","url_meta":{"origin":13869,"position":2},"title":"Neujahrswende im gro\u00dfen Syrien-\u201eSpiel\u201c: T\u00fcrkei bootet Israel aus \u2013 Die Bev\u00f6lkerung zahlt den Preis","author":"Webredaktion","date":"18. Januar 2026","format":false,"excerpt":"Bericht von Karin Leukefeld Im Kampf um Syrien haben die T\u00fcrkei und die USA in und um Aleppo neue Tatsachen geschaffen. Die Sharaa-Administration nahm mit Hilfe arabischer Stammesk\u00e4mpfer und t\u00fcrkisch finanzierter S\u00f6ldnermilizen die Stadtviertel Bani Zeid, Ashrafieh und Scheikh Maqsoud ein. Zehntausende Kurden wurden aus dem Stadtviertel Scheikh Maqsoud in\u2026","rel":"","context":"In &quot;Demokratie \u2013 Medien \u2013 Aufkl\u00e4rung&quot;","block_context":{"text":"Demokratie \u2013 Medien \u2013 Aufkl\u00e4rung","link":"https:\/\/www.freidenker.org\/?cat=12"},"img":{"alt_text":"","src":"https:\/\/i0.wp.com\/www.freidenker.org\/fw17\/wp-content\/uploads\/2026\/01\/Aleppo-SaadallahSquare-8Feb2025_800x450.jpg?fit=800%2C450&ssl=1&resize=350%2C200","width":350,"height":200,"srcset":"https:\/\/i0.wp.com\/www.freidenker.org\/fw17\/wp-content\/uploads\/2026\/01\/Aleppo-SaadallahSquare-8Feb2025_800x450.jpg?fit=800%2C450&ssl=1&resize=350%2C200 1x, https:\/\/i0.wp.com\/www.freidenker.org\/fw17\/wp-content\/uploads\/2026\/01\/Aleppo-SaadallahSquare-8Feb2025_800x450.jpg?fit=800%2C450&ssl=1&resize=525%2C300 1.5x, https:\/\/i0.wp.com\/www.freidenker.org\/fw17\/wp-content\/uploads\/2026\/01\/Aleppo-SaadallahSquare-8Feb2025_800x450.jpg?fit=800%2C450&ssl=1&resize=700%2C400 2x"},"classes":[]},{"id":18210,"url":"https:\/\/www.freidenker.org\/?p=18210","url_meta":{"origin":13869,"position":3},"title":"Wertewesten verurteilt wissentlich Hunderttausende in Gaza zum Hungertod","author":"Webredaktion","date":"14. Februar 2024","format":false,"excerpt":"Beitrag von Rainer Rupp Dem britischen TV-Sender \"Channel 4 News\" liegt das israelische \"Geheimdokument\" vor, in dem 12 Mitarbeiter des UNO-Hilfswerkes UNRWA beschuldigt werden, an der Milit\u00e4roperation der Hamas gegen die israelischen Besatzer am 7. Oktober 2023 teilgenommen zu haben. Beweise? \u2013 Fehlanzeige! Trotzdem hat der Wertewesten die Unterst\u00fctzung f\u00fcr\u2026","rel":"","context":"In &quot;Demokratie \u2013 Medien \u2013 Aufkl\u00e4rung&quot;","block_context":{"text":"Demokratie \u2013 Medien \u2013 Aufkl\u00e4rung","link":"https:\/\/www.freidenker.org\/?cat=12"},"img":{"alt_text":"","src":"https:\/\/i0.wp.com\/www.freidenker.org\/fw17\/wp-content\/uploads\/2024\/02\/Damage_in_Gaza_Strip_during_the_October_2023_-_19_800x450.jpg?fit=800%2C450&ssl=1&resize=350%2C200","width":350,"height":200,"srcset":"https:\/\/i0.wp.com\/www.freidenker.org\/fw17\/wp-content\/uploads\/2024\/02\/Damage_in_Gaza_Strip_during_the_October_2023_-_19_800x450.jpg?fit=800%2C450&ssl=1&resize=350%2C200 1x, https:\/\/i0.wp.com\/www.freidenker.org\/fw17\/wp-content\/uploads\/2024\/02\/Damage_in_Gaza_Strip_during_the_October_2023_-_19_800x450.jpg?fit=800%2C450&ssl=1&resize=525%2C300 1.5x, https:\/\/i0.wp.com\/www.freidenker.org\/fw17\/wp-content\/uploads\/2024\/02\/Damage_in_Gaza_Strip_during_the_October_2023_-_19_800x450.jpg?fit=800%2C450&ssl=1&resize=700%2C400 2x"},"classes":[]},{"id":882,"url":"https:\/\/www.freidenker.org\/?p=882","url_meta":{"origin":13869,"position":4},"title":"Freidenker-Brief 6-2016: Syrien: Kriegspropaganda, Sanktionen und Unterst\u00fctzung der Terrormilizen beenden!","author":"Webredaktion","date":"7. Oktober 2016","format":false,"excerpt":"Unter dieser Losung ver\u00f6ffentlicht der Deutsche Freidenker-Verband die nachstehende Erkl\u00e4rung und ruft damit seine Mitglieder und Sympathisanten auf, sich an der Bundesweiten Friedensdemonstration in Berlin am 8. Oktober 2016 m\u00f6glichst zahlreich zu beteiligen. Geplant ist ein Block mit dem Frontbanner \u201eNATO raus \u2013 raus aus der NATO\u201c. Wer dieser unserer\u2026","rel":"","context":"In &quot;Freidenker-Brief&quot;","block_context":{"text":"Freidenker-Brief","link":"https:\/\/www.freidenker.org\/?cat=341"},"img":{"alt_text":"","src":"https:\/\/i0.wp.com\/www.freidenker.org\/fw17\/wp-content\/uploads\/2017\/11\/syrien_usa_russland_800.jpg?fit=800%2C445&ssl=1&resize=350%2C200","width":350,"height":200,"srcset":"https:\/\/i0.wp.com\/www.freidenker.org\/fw17\/wp-content\/uploads\/2017\/11\/syrien_usa_russland_800.jpg?fit=800%2C445&ssl=1&resize=350%2C200 1x, https:\/\/i0.wp.com\/www.freidenker.org\/fw17\/wp-content\/uploads\/2017\/11\/syrien_usa_russland_800.jpg?fit=800%2C445&ssl=1&resize=525%2C300 1.5x, https:\/\/i0.wp.com\/www.freidenker.org\/fw17\/wp-content\/uploads\/2017\/11\/syrien_usa_russland_800.jpg?fit=800%2C445&ssl=1&resize=700%2C400 2x"},"classes":[]},{"id":12562,"url":"https:\/\/www.freidenker.org\/?p=12562","url_meta":{"origin":13869,"position":5},"title":"Ein brennendes Herz f\u00fcr den Frieden braucht einen k\u00fchlen Kopf","author":"Webredaktion","date":"10. April 2022","format":false,"excerpt":"Bilder-Galerie und Rede von M\u00e4nne Gr\u00fc\u00df auf dem Potsdamer Ostermarsch 2022 [Aus der Rede:] Liebe Friedensfreundinnen, liebe Friedensfreunde, ich m\u00f6chte meine Rede mit einem Ausspruch beginnen, den viele von Euch wahrscheinlich im Schlaf aufsagen k\u00f6nnen: Im Krieg gilt: Die Wahrheit stirbt zuerst. So eing\u00e4ngig der Ausspruch aber auch ist: Er\u2026","rel":"","context":"In &quot;Frieden - Antifaschismus - Solidarit\u00e4t&quot;","block_context":{"text":"Frieden - Antifaschismus - Solidarit\u00e4t","link":"https:\/\/www.freidenker.org\/?cat=13"},"img":{"alt_text":"","src":"https:\/\/i0.wp.com\/www.freidenker.org\/fw17\/wp-content\/uploads\/2022\/04\/Potsdamer-Ostermarsch_2022_800x450.jpg?fit=800%2C450&ssl=1&resize=350%2C200","width":350,"height":200,"srcset":"https:\/\/i0.wp.com\/www.freidenker.org\/fw17\/wp-content\/uploads\/2022\/04\/Potsdamer-Ostermarsch_2022_800x450.jpg?fit=800%2C450&ssl=1&resize=350%2C200 1x, https:\/\/i0.wp.com\/www.freidenker.org\/fw17\/wp-content\/uploads\/2022\/04\/Potsdamer-Ostermarsch_2022_800x450.jpg?fit=800%2C450&ssl=1&resize=525%2C300 1.5x, https:\/\/i0.wp.com\/www.freidenker.org\/fw17\/wp-content\/uploads\/2022\/04\/Potsdamer-Ostermarsch_2022_800x450.jpg?fit=800%2C450&ssl=1&resize=700%2C400 2x"},"classes":[]}],"_links":{"self":[{"href":"https:\/\/www.freidenker.org\/index.php?rest_route=\/wp\/v2\/posts\/13869","targetHints":{"allow":["GET"]}}],"collection":[{"href":"https:\/\/www.freidenker.org\/index.php?rest_route=\/wp\/v2\/posts"}],"about":[{"href":"https:\/\/www.freidenker.org\/index.php?rest_route=\/wp\/v2\/types\/post"}],"author":[{"embeddable":true,"href":"https:\/\/www.freidenker.org\/index.php?rest_route=\/wp\/v2\/users\/3"}],"replies":[{"embeddable":true,"href":"https:\/\/www.freidenker.org\/index.php?rest_route=%2Fwp%2Fv2%2Fcomments&post=13869"}],"version-history":[{"count":0,"href":"https:\/\/www.freidenker.org\/index.php?rest_route=\/wp\/v2\/posts\/13869\/revisions"}],"wp:featuredmedia":[{"embeddable":true,"href":"https:\/\/www.freidenker.org\/index.php?rest_route=\/wp\/v2\/media\/13872"}],"wp:attachment":[{"href":"https:\/\/www.freidenker.org\/index.php?rest_route=%2Fwp%2Fv2%2Fmedia&parent=13869"}],"wp:term":[{"taxonomy":"category","embeddable":true,"href":"https:\/\/www.freidenker.org\/index.php?rest_route=%2Fwp%2Fv2%2Fcategories&post=13869"},{"taxonomy":"post_tag","embeddable":true,"href":"https:\/\/www.freidenker.org\/index.php?rest_route=%2Fwp%2Fv2%2Ftags&post=13869"}],"curies":[{"name":"wp","href":"https:\/\/api.w.org\/{rel}","templated":true}]}}