{"id":13846,"date":"2022-07-24T11:52:48","date_gmt":"2022-07-24T09:52:48","guid":{"rendered":"https:\/\/www.freidenker.org\/?p=13846"},"modified":"2022-08-18T01:31:32","modified_gmt":"2022-08-17T23:31:32","slug":"100-milliarden-fuer-uns-statt-fuer-ihre-kriege","status":"publish","type":"post","link":"https:\/\/www.freidenker.org\/?p=13846","title":{"rendered":"100 Milliarden f\u00fcr uns statt f\u00fcr ihre Kriege!"},"content":{"rendered":"<p>DKP &amp; SDAJ, Solid Hessen, SDS Frankfurt, Cuba S\u00ed Hessen, Freundschaftsgesellschaft BRD-Kuba und DIDF-Jugend Frankfurt am Main haben am 23.07. zu einer gemeinsamen Kundgebung und Demonstration unter dem Titel &#8222;100 Milliarden f\u00fcr uns statt f\u00fcr ihre Kriege!&#8220; aufgerufen. Daran haben sich auch viele Freidenker beteiligt.<\/p>\n<p>Sebastian Bahlo, Vorsitzender des Deutschen Freidenker-Verbandes, hielt auf dieser Kundgebung eine Rede, die wir nachstehend dokumentieren.<\/p>\n<p style=\"text-align: right;\"><em>Webredaktion<\/em><\/p>\n<hr \/>\n<h5>Rede auf der Kundgebung &#8222;100 Milliarden f\u00fcr uns statt f\u00fcr ihre Kriege!&#8220;<\/h5>\n<p><em>von <strong>Sebastian Bahlo<\/strong><\/em><\/p>\n<p>Wir protestieren gegen die unvern\u00fcnftige, sch\u00e4dliche und gef\u00e4hrliche Konfrontationspolitik der Bundesregierung gegen Ru\u00dfland.<\/p>\n<p>Wir protestieren gegen einen 100-Milliarden-Kriegskredit, den wir in Form von Steuererh\u00f6hungen zur\u00fcckzahlen sollen.<\/p>\n<p>Wir protestieren gegen die Waffenlieferungen an die Ukraine, die einen nicht gewinnbaren Krieg unter gewaltigen Opfern sinnlos verl\u00e4ngern und ausweiten.<\/p>\n<p>Wir protestieren gegen die selbstm\u00f6rderische Sanktionspolitik.<\/p>\n<p>Nicht zuletzt protestieren wir gegen die L\u00fcgen, mit denen wir dazu gebracht werden sollen, an die Berechtigung oder gar Alternativlosigkeit dieser Politik zu glauben.<\/p>\n<p>Wenn man der Regierungspropaganda glaubt, brach am 24. Februar zum ersten Mal seit 1945 Krieg in Europa aus, und diesmal hat Ru\u00dfland angefangen, indem es aus heiterem Himmel v\u00f6llig unprovoziert die Ukraine \u00fcberfiel.<\/p>\n<p>Um den ganzen Irrsinn unserer Politik zu verstehen, ist es notwendig, dieser Erz\u00e4hlung die historischen Tatsachen gegen\u00fcberzustellen.<\/p>\n<p>Erstens: Es gibt kein Land, das seit dem Zweiten Weltkrieg so viele brutale v\u00f6lkerrechtswidrige Aggressionen ver\u00fcbt hat wie unser hochverehrter gro\u00dfer Bruder USA. Tats\u00e4chlich ist die Liste dieser Aggressionen zu lang, um sie vorzulesen, die Opfer z\u00e4hlen nach vielen Millionen. Am 6. August gedenken wir des bislang einzigen Einsatzes der atomaren Massenvernichtungswaffe, den die USA 1945 zynisch und milit\u00e4risch sinnlos gegen zwei zivile Gro\u00dfst\u00e4dte durchgef\u00fchrt haben.<\/p>\n<p>Zweitens: Der erste Krieg in Europa nach dem Zweiten Weltkrieg begann 1991, als sich Kroatien mit Unterst\u00fctzung Deutschlands von Jugoslawien abspaltete, aber den in Kroatien lebenden Serben nicht das Recht gew\u00e4hrte, in Jugoslawien zu verbleiben. Der blutige Krieg in Jugoslawien fand seinen H\u00f6hepunkt 1999 mit dem lupenreinen unprovozierten, v\u00f6lkerrechtswidrigen und brutalen Angriffskrieg der NATO gegen Jugoslawien, an dem sich auch Deutschland mit Luftangriffen auf Belgrad beteiligte.<\/p>\n<p>Drittens: In jenem Krieg bombardierte die NATO die chinesische Botschaft in Belgrad, nach dem Friedensschlu\u00df befahl der NATO-Oberbefehlshaber den\u00a0 bewaffneten Angriff auf russische Friedenstruppen in Pristina, der zum Gl\u00fcck von kl\u00fcgeren Untergebenen verweigert wurde. Die NATO ist ein gemeingef\u00e4hrliches Terrornetzwerk, das schon vor 23 Jahren offen seine feindlichen Absichten gegen\u00fcber China und Ru\u00dfland demonstrierte.<\/p>\n<p>Viertens: Ru\u00dfland und die Ukraine lebten \u00fcber 20 Jahre lang zwar nicht immer harmonisch, aber friedlich nebeneinander. Obwohl Ru\u00dfland und die Krimbewohner mit der willk\u00fcrlich entstandenen Zugeh\u00f6rigkeit der Krim zur Ukraine nicht gl\u00fccklich waren, akzeptierte Ru\u00dfland diese Zugeh\u00f6rigkeit im Austausch f\u00fcr Sicherheitsgarantien.<\/p>\n<p>Was geschah dann? Im Februar 2014 wurde durch einen gewaltsamen Umsturz ein antirussisches Terrorregime unter Einbeziehung offener Faschisten in Kiew installiert. Die Putschisten konnten aber\u00a0 nicht die Kontrolle \u00fcber alle Landesteile erringen, auf der Krim und im Donezbecken wurde die verfassungsm\u00e4\u00dfige Ordnung verteidigt. Dessenungeachtet erkannten die NATO-L\u00e4nder sofort und ohne irgendwelche Bedingungen die Putschregierung an, die nur einen Teil des Landes kontrollierte. Wie nennt man das? Das war eine v\u00f6lkerrechtswidrige Einmischung in die inneren Angelegenheiten der Ukraine. Und jeder wei\u00df, da\u00df der Maidanputsch die direkte und entscheidende Ursache f\u00fcr die Wiedervereinigung der Krim mit Ru\u00dfland war.<\/p>\n<p>Nicht seit Februar 2022, sondern seit dem Fr\u00fchjahr 2014 ist in der Ukraine Krieg, die Ursache ist der von NATO und EU unterst\u00fctzte Maidanputsch. Kiew weigert sich seit sieben Jahren, die in den Minsker Abkommen vorgesehenen Verhandlungen mit den Vertretern der Volksrepubliken Donezk und Lugansk um Autonomierechte zu f\u00fchren. 2021 wurden die ukrainischen Angriffe auf milit\u00e4rische und zivile Ziele im Donezbecken intensiviert, mit inoffizieller Unterst\u00fctzung durch NATO-L\u00e4nder.<\/p>\n<p>F\u00fcr eine rechtliche und moralische Bewertung der russischen Intervention in der Ukraine bleibt Raum, aber niemand, der die Ereignisse objektiv analysieren will, kommt an diesen historischen Tatsachen vorbei.<\/p>\n<p>Und der eskalierende Charakter der westlichen Politik setzt sich im Krieg fort. Was w\u00fcrde ein Land normalerweise tun, wenn zwei fremde L\u00e4nder, mit denen es keinen B\u00fcndnisvertrag hat, Krieg f\u00fchren? Vielleicht vermitteln? Nicht so die deutsche Regierung. Es ist nahezu sicher, da\u00df der Krieg bereits vor Monaten wenigstens durch ein Waffenstillstandsabkommen h\u00e4tte beendet werden k\u00f6nnen, wenn die ukrainische Kriegsmaschine nicht durch Waffenlieferungen am Laufen gehalten w\u00fcrde. Jeden Tag sterben Hunderte f\u00fcr das wahnsinnige Ziel der NATO, Ru\u00dfland auf dem Schlachtfeld zu besiegen. Je gr\u00f6\u00dfer die Reichweite der gelieferten Waffen, desto weiter nach Westen wird Ru\u00dfland die Frontlinie treiben. Je offener die NATO als direkte Kriegspartei auftritt, desto gr\u00f6\u00dfer wird die Gefahr eines nuklearen Weltkriegs.<\/p>\n<p>Dazu kommt ein Wirtschaftskrieg gegen Ru\u00dfland, der auf dem R\u00fccken der deutschen Bev\u00f6lkerung ausgetragen wird, wobei sich zu der falschen politischen Strategie auch noch politische Idiotie gesellt, die den Schaden vergr\u00f6\u00dfert. Da\u00df die Gaspreise infolge des Embargos einiger L\u00e4nder auf ein Rekordniveau gestiegen sind, hat Ru\u00dfland mehr gen\u00fctzt als geschadet. Und Polen, das sich heldenhaft weigert, russisches Gas in Rubel zu bezahlen, erh\u00e4lt durch die Jamal-Pipeline im Reverse Flow Gas aus Deutschland, wo ein Gasnotstand ausgerufen wird. W\u00e4hrend die Ukraine trotz des Krieges russisches Gas erh\u00e4lt, hat sie den Durchflu\u00df zu ihren d\u00e4mlichen Freunden im Westen gedrosselt, worunter auch Deutschland leidet. Und da\u00df die betriebsfertige Pipeline Nord Stream II nach jahrelangem Bau stillgelegt wird, anstatt sie zur Senkung des Gaspreises und zur F\u00fcllung der Speicher zu nutzen, wie soll man das nennen? Es geschieht auf Gehei\u00df aus Washington, wo Pr\u00e4sident Biden Bundeskanzler Scholz schon im Januar br\u00fcskierte, als er bei einer gemeinsamen Pressekonferenz verk\u00fcndete: \u201eWir werden Nord Stream beenden.\u201c Bevor wir uns um die Souver\u00e4nit\u00e4t der Ukraine Sorgen machen, sollten wir mit unserer eigenen Souver\u00e4nit\u00e4t anfangen.<\/p>\n<p>Wir fordern, da\u00df die Bundesregierung sich dem Diktat aus Washington widersetzt und Nord Stream II in Betrieb nimmt, alles andere ist eine kriminelle Vernachl\u00e4ssigung der lebenswichtigen Interessen der deutschen Bev\u00f6lkerung.<\/p>\n<p>Die ganze Krise n\u00fctzt \u00fcberhaupt nur den USA, die uns ihr schmutziges und teures Frackinggas verkaufen wollen und f\u00fcr die das von Wladimir Putin einst vorgeschlagene Projekt eines gemeinsamen Wirtschaftsraums von Lissabon bis Wladiwostok ein Alptraum ist.<\/p>\n<p>Frieden mit Ru\u00dfland und China!<\/p>\n<p>Deutschland: Raus aus der NATO! NATO: Raus aus Deutschland!<\/p>\n<p style=\"text-align: right;\"><em>Sebastian Bahlo ist Vorsitzender des Deutschen Freidenker-Verbandes<\/em><\/p>\n<hr \/>\n<h5>Der Aufruf zur Kundgebung<\/h5>\n<div class=\"tiled-gallery type-square tiled-gallery-unresized\" data-original-width=\"800\" data-carousel-extra='{&quot;blog_id&quot;:1,&quot;permalink&quot;:&quot;https:\\\/\\\/www.freidenker.org\\\/?p=13846&quot;,&quot;likes_blog_id&quot;:139773280}' itemscope itemtype=\"http:\/\/schema.org\/ImageGallery\" > <div class=\"gallery-row\" style=\"width: 800px; height: 266px;\" data-original-width=\"800\" data-original-height=\"266\" > <div class=\"gallery-group\" style=\"width: 266px; height: 266px;\" data-original-width=\"266\" data-original-height=\"266\" > <div class=\"tiled-gallery-item \" itemprop=\"associatedMedia\" itemscope itemtype=\"http:\/\/schema.org\/ImageObject\"> <a href=\"https:\/\/www.freidenker.org\/?attachment_id=13853\" border=\"0\" itemprop=\"url\"> <meta itemprop=\"width\" content=\"262\"> <meta itemprop=\"height\" content=\"262\"> <img decoding=\"async\" class=\"\" data-attachment-id=\"13853\" data-orig-file=\"https:\/\/www.freidenker.org\/fw17\/wp-content\/uploads\/2022\/07\/Kundgebung-23.07.2022.jpg\" data-orig-size=\"1080,1080\" data-comments-opened=\"\" data-image-meta=\"{&quot;aperture&quot;:&quot;0&quot;,&quot;credit&quot;:&quot;&quot;,&quot;camera&quot;:&quot;&quot;,&quot;caption&quot;:&quot;&quot;,&quot;created_timestamp&quot;:&quot;0&quot;,&quot;copyright&quot;:&quot;&quot;,&quot;focal_length&quot;:&quot;0&quot;,&quot;iso&quot;:&quot;0&quot;,&quot;shutter_speed&quot;:&quot;0&quot;,&quot;title&quot;:&quot;&quot;,&quot;orientation&quot;:&quot;0&quot;}\" data-image-title=\"Kundgebung 23.07.2022\" data-image-description=\"\" data-medium-file=\"https:\/\/i0.wp.com\/www.freidenker.org\/fw17\/wp-content\/uploads\/2022\/07\/Kundgebung-23.07.2022.jpg?fit=300%2C300&#038;ssl=1\" data-large-file=\"https:\/\/i0.wp.com\/www.freidenker.org\/fw17\/wp-content\/uploads\/2022\/07\/Kundgebung-23.07.2022.jpg?fit=800%2C800&#038;ssl=1\" src=\"https:\/\/i0.wp.com\/www.freidenker.org\/fw17\/wp-content\/uploads\/2022\/07\/Kundgebung-23.07.2022.jpg?w=262&#038;h=262&#038;crop=1&#038;ssl=1\" srcset=\"https:\/\/i0.wp.com\/www.freidenker.org\/fw17\/wp-content\/uploads\/2022\/07\/Kundgebung-23.07.2022.jpg?w=1080&amp;ssl=1 1080w, https:\/\/i0.wp.com\/www.freidenker.org\/fw17\/wp-content\/uploads\/2022\/07\/Kundgebung-23.07.2022.jpg?resize=300%2C300&amp;ssl=1 300w, https:\/\/i0.wp.com\/www.freidenker.org\/fw17\/wp-content\/uploads\/2022\/07\/Kundgebung-23.07.2022.jpg?resize=1024%2C1024&amp;ssl=1 1024w, https:\/\/i0.wp.com\/www.freidenker.org\/fw17\/wp-content\/uploads\/2022\/07\/Kundgebung-23.07.2022.jpg?resize=150%2C150&amp;ssl=1 150w, https:\/\/i0.wp.com\/www.freidenker.org\/fw17\/wp-content\/uploads\/2022\/07\/Kundgebung-23.07.2022.jpg?resize=768%2C768&amp;ssl=1 768w\" width=\"262\" height=\"262\" loading=\"lazy\" data-original-width=\"262\" data-original-height=\"262\" itemprop=\"http:\/\/schema.org\/image\" title=\"Kundgebung 23.07.2022\" alt=\"Kundgebung 23.07.2022\" style=\"width: 262px; height: 262px;\" \/> <\/a> <\/div> <\/div> <div class=\"gallery-group\" style=\"width: 266px; height: 266px;\" data-original-width=\"266\" data-original-height=\"266\" > <div class=\"tiled-gallery-item \" itemprop=\"associatedMedia\" itemscope itemtype=\"http:\/\/schema.org\/ImageObject\"> <a href=\"https:\/\/www.freidenker.org\/?attachment_id=13851\" border=\"0\" itemprop=\"url\"> <meta itemprop=\"width\" content=\"262\"> <meta itemprop=\"height\" content=\"262\"> <img decoding=\"async\" class=\"\" data-attachment-id=\"13851\" data-orig-file=\"https:\/\/www.freidenker.org\/fw17\/wp-content\/uploads\/2022\/07\/Aufruf-Kundgebung-23.07.-1.jpg\" data-orig-size=\"1080,1080\" data-comments-opened=\"\" data-image-meta=\"{&quot;aperture&quot;:&quot;0&quot;,&quot;credit&quot;:&quot;&quot;,&quot;camera&quot;:&quot;&quot;,&quot;caption&quot;:&quot;&quot;,&quot;created_timestamp&quot;:&quot;0&quot;,&quot;copyright&quot;:&quot;&quot;,&quot;focal_length&quot;:&quot;0&quot;,&quot;iso&quot;:&quot;0&quot;,&quot;shutter_speed&quot;:&quot;0&quot;,&quot;title&quot;:&quot;&quot;,&quot;orientation&quot;:&quot;0&quot;}\" data-image-title=\"Aufruf Kundgebung 23.07. 1\" data-image-description=\"\" data-medium-file=\"https:\/\/i0.wp.com\/www.freidenker.org\/fw17\/wp-content\/uploads\/2022\/07\/Aufruf-Kundgebung-23.07.-1.jpg?fit=300%2C300&#038;ssl=1\" data-large-file=\"https:\/\/i0.wp.com\/www.freidenker.org\/fw17\/wp-content\/uploads\/2022\/07\/Aufruf-Kundgebung-23.07.-1.jpg?fit=800%2C800&#038;ssl=1\" src=\"https:\/\/i0.wp.com\/www.freidenker.org\/fw17\/wp-content\/uploads\/2022\/07\/Aufruf-Kundgebung-23.07.-1.jpg?w=262&#038;h=262&#038;crop=1&#038;ssl=1\" srcset=\"https:\/\/i0.wp.com\/www.freidenker.org\/fw17\/wp-content\/uploads\/2022\/07\/Aufruf-Kundgebung-23.07.-1.jpg?w=1080&amp;ssl=1 1080w, https:\/\/i0.wp.com\/www.freidenker.org\/fw17\/wp-content\/uploads\/2022\/07\/Aufruf-Kundgebung-23.07.-1.jpg?resize=300%2C300&amp;ssl=1 300w, https:\/\/i0.wp.com\/www.freidenker.org\/fw17\/wp-content\/uploads\/2022\/07\/Aufruf-Kundgebung-23.07.-1.jpg?resize=1024%2C1024&amp;ssl=1 1024w, https:\/\/i0.wp.com\/www.freidenker.org\/fw17\/wp-content\/uploads\/2022\/07\/Aufruf-Kundgebung-23.07.-1.jpg?resize=150%2C150&amp;ssl=1 150w, https:\/\/i0.wp.com\/www.freidenker.org\/fw17\/wp-content\/uploads\/2022\/07\/Aufruf-Kundgebung-23.07.-1.jpg?resize=768%2C768&amp;ssl=1 768w\" width=\"262\" height=\"262\" loading=\"lazy\" data-original-width=\"262\" data-original-height=\"262\" itemprop=\"http:\/\/schema.org\/image\" title=\"Aufruf Kundgebung 23.07. 1\" alt=\"Aufruf Kundgebung 23.07. 1\" style=\"width: 262px; height: 262px;\" \/> <\/a> <\/div> <\/div> <div class=\"gallery-group\" style=\"width: 266px; height: 266px;\" data-original-width=\"266\" data-original-height=\"266\" > <div class=\"tiled-gallery-item \" itemprop=\"associatedMedia\" itemscope itemtype=\"http:\/\/schema.org\/ImageObject\"> <a href=\"https:\/\/www.freidenker.org\/?attachment_id=13852\" border=\"0\" itemprop=\"url\"> <meta itemprop=\"width\" content=\"262\"> <meta itemprop=\"height\" content=\"262\"> <img decoding=\"async\" class=\"\" data-attachment-id=\"13852\" data-orig-file=\"https:\/\/www.freidenker.org\/fw17\/wp-content\/uploads\/2022\/07\/Aufruf-Kundgebung-23.07.-2.jpg\" data-orig-size=\"1080,1080\" data-comments-opened=\"\" data-image-meta=\"{&quot;aperture&quot;:&quot;0&quot;,&quot;credit&quot;:&quot;&quot;,&quot;camera&quot;:&quot;&quot;,&quot;caption&quot;:&quot;&quot;,&quot;created_timestamp&quot;:&quot;0&quot;,&quot;copyright&quot;:&quot;&quot;,&quot;focal_length&quot;:&quot;0&quot;,&quot;iso&quot;:&quot;0&quot;,&quot;shutter_speed&quot;:&quot;0&quot;,&quot;title&quot;:&quot;&quot;,&quot;orientation&quot;:&quot;0&quot;}\" data-image-title=\"Aufruf Kundgebung 23.07. 2\" data-image-description=\"\" data-medium-file=\"https:\/\/i0.wp.com\/www.freidenker.org\/fw17\/wp-content\/uploads\/2022\/07\/Aufruf-Kundgebung-23.07.-2.jpg?fit=300%2C300&#038;ssl=1\" data-large-file=\"https:\/\/i0.wp.com\/www.freidenker.org\/fw17\/wp-content\/uploads\/2022\/07\/Aufruf-Kundgebung-23.07.-2.jpg?fit=800%2C800&#038;ssl=1\" src=\"https:\/\/i0.wp.com\/www.freidenker.org\/fw17\/wp-content\/uploads\/2022\/07\/Aufruf-Kundgebung-23.07.-2.jpg?w=262&#038;h=262&#038;crop=1&#038;ssl=1\" srcset=\"https:\/\/i0.wp.com\/www.freidenker.org\/fw17\/wp-content\/uploads\/2022\/07\/Aufruf-Kundgebung-23.07.-2.jpg?w=1080&amp;ssl=1 1080w, https:\/\/i0.wp.com\/www.freidenker.org\/fw17\/wp-content\/uploads\/2022\/07\/Aufruf-Kundgebung-23.07.-2.jpg?resize=300%2C300&amp;ssl=1 300w, https:\/\/i0.wp.com\/www.freidenker.org\/fw17\/wp-content\/uploads\/2022\/07\/Aufruf-Kundgebung-23.07.-2.jpg?resize=1024%2C1024&amp;ssl=1 1024w, https:\/\/i0.wp.com\/www.freidenker.org\/fw17\/wp-content\/uploads\/2022\/07\/Aufruf-Kundgebung-23.07.-2.jpg?resize=150%2C150&amp;ssl=1 150w, https:\/\/i0.wp.com\/www.freidenker.org\/fw17\/wp-content\/uploads\/2022\/07\/Aufruf-Kundgebung-23.07.-2.jpg?resize=768%2C768&amp;ssl=1 768w\" width=\"262\" height=\"262\" loading=\"lazy\" data-original-width=\"262\" data-original-height=\"262\" itemprop=\"http:\/\/schema.org\/image\" title=\"Aufruf Kundgebung 23.07. 2\" alt=\"Aufruf Kundgebung 23.07. 2\" style=\"width: 262px; height: 262px;\" \/> <\/a> <\/div> <\/div> <\/div> <\/div>\n<p>F\u00fcr gr\u00f6\u00dfere Ansicht klicke eines der Bilder an.<\/p>\n<hr \/>\n<h5>Soli-Sommerfest<\/h5>\n<p>Im Anschluss an die Kundgebung lud die Freundschaftsgesellschaft BRD-Kuba Gruppe Frankfurt\/Main zu einem Soli-Sommerfest Lateinamerika in den Jugendclub im DGB-Haus, an dem sich die Freidenker ebenfalls aktiv beteiligten. Petra Wegener, Bundesvorsitzende der Freundschaftsgesellschaft, begr\u00fc\u00dfte u.a. die Genossin Yamari P\u00e9rez Viera, Botschaftsr\u00e4tin der Republik Kuba und den Genossen Jimmy Chediak, Generalkonsul der Bolivarischen Republik Venezuela. 380 Euro aus einer Versteigerung und 3.300 Euro Spenden aus der Geburtstagsfeier von Klaus Seibert (Maintal) wurden f\u00fcr Solidarit\u00e4tsprojekte \u00fcberreicht.<\/p>\n<p style=\"text-align: right;\"><em>Webredaktion<\/em><\/p>\n<p>\u00a0<img data-recalc-dims=\"1\" loading=\"lazy\" decoding=\"async\" data-attachment-id=\"13848\" data-permalink=\"https:\/\/www.freidenker.org\/?attachment_id=13848\" data-orig-file=\"https:\/\/i0.wp.com\/www.freidenker.org\/fw17\/wp-content\/uploads\/2022\/07\/Soilfest_22_FaM.jpg?fit=800%2C600&amp;ssl=1\" data-orig-size=\"800,600\" data-comments-opened=\"0\" data-image-meta=\"{&quot;aperture&quot;:&quot;3.2&quot;,&quot;credit&quot;:&quot;Picasa&quot;,&quot;camera&quot;:&quot;Canon IXUS 185&quot;,&quot;caption&quot;:&quot;&quot;,&quot;created_timestamp&quot;:&quot;1658597739&quot;,&quot;copyright&quot;:&quot;&quot;,&quot;focal_length&quot;:&quot;5&quot;,&quot;iso&quot;:&quot;200&quot;,&quot;shutter_speed&quot;:&quot;0.004&quot;,&quot;title&quot;:&quot;&quot;,&quot;orientation&quot;:&quot;1&quot;}\" data-image-title=\"Soilfest_22_FaM\" data-image-description=\"\" data-image-caption=\"\" data-large-file=\"https:\/\/i0.wp.com\/www.freidenker.org\/fw17\/wp-content\/uploads\/2022\/07\/Soilfest_22_FaM.jpg?fit=800%2C600&amp;ssl=1\" class=\"alignnone wp-image-13848 size-full\" src=\"https:\/\/i0.wp.com\/www.freidenker.org\/fw17\/wp-content\/uploads\/2022\/07\/Soilfest_22_FaM.jpg?resize=800%2C600&#038;ssl=1\" alt=\"\" width=\"800\" height=\"600\" srcset=\"https:\/\/i0.wp.com\/www.freidenker.org\/fw17\/wp-content\/uploads\/2022\/07\/Soilfest_22_FaM.jpg?w=800&amp;ssl=1 800w, https:\/\/i0.wp.com\/www.freidenker.org\/fw17\/wp-content\/uploads\/2022\/07\/Soilfest_22_FaM.jpg?resize=300%2C225&amp;ssl=1 300w, https:\/\/i0.wp.com\/www.freidenker.org\/fw17\/wp-content\/uploads\/2022\/07\/Soilfest_22_FaM.jpg?resize=768%2C576&amp;ssl=1 768w\" sizes=\"auto, (max-width: 800px) 100vw, 800px\" \/><\/p>\n<p><span style=\"font-size: 10pt;\">Foto: Klaus Seibert<\/span><\/p>\n<hr \/>\n<p><span style=\"font-size: 10pt;\">Bild oben: Aus dem Aufruf der Veranstalter<\/span><\/p>\n","protected":false},"excerpt":{"rendered":"<p><b>Rede von Sebastian Bahlo auf der Kundgebung &#8222;100 Milliarden f\u00fcr uns statt f\u00fcr ihre Kriege!&#8220; am 23.07.2022 in Frankfurt am Main<\/b><br \/>\nWir protestieren gegen die unvern\u00fcnftige, sch\u00e4dliche und gef\u00e4hrliche Konfrontationspolitik der Bundesregierung gegen Ru\u00dfland.<br \/>\nWir protestieren gegen einen 100-Milliarden-Kriegskredit, den wir in Form von Steuererh\u00f6hungen zur\u00fcckzahlen sollen.<br \/>\nWir protestieren gegen die Waffenlieferungen an die Ukraine, die einen nicht gewinnbaren Krieg unter gewaltigen Opfern sinnlos verl\u00e4ngern und ausweiten.<br \/>\nWir protestieren gegen die selbstm\u00f6rderische Sanktionspolitik.<br \/>\nNicht zuletzt protestieren wir gegen die L\u00fcgen, mit denen wir dazu gebracht werden sollen, an die Berechtigung oder gar Alternativlosigkeit dieser Politik zu glauben.<\/p>\n","protected":false},"author":3,"featured_media":13849,"comment_status":"closed","ping_status":"closed","sticky":false,"template":"","format":"standard","meta":{"colormag_page_container_layout":"default_layout","colormag_page_sidebar_layout":"default_layout","advanced_seo_description":"","jetpack_seo_html_title":"","jetpack_seo_noindex":false,"jetpack_post_was_ever_published":false,"footnotes":""},"categories":[13],"tags":[699,188,56,1317,222,719,639,122],"class_list":["post-13846","post","type-post","status-publish","format-standard","has-post-thumbnail","hentry","category-frieden-antifaschismus-solidaritaet","tag-aussenpolitik","tag-krieg","tag-nato","tag-nord-stream","tag-russland","tag-sanktionen","tag-ukraine-konflikt","tag-wirtschaft"],"jetpack_featured_media_url":"https:\/\/i0.wp.com\/www.freidenker.org\/fw17\/wp-content\/uploads\/2022\/07\/Kundgebung-23.07.2022-800x445-1.jpg?fit=800%2C445&ssl=1","jetpack_shortlink":"https:\/\/wp.me\/p9stpK-3Bk","jetpack-related-posts":[{"id":14004,"url":"https:\/\/www.freidenker.org\/?p=14004","url_meta":{"origin":13846,"position":0},"title":"Einladung: Vorabend-Veranstaltung zum\u00a0Antikriegstag 2022","author":"Webredaktion","date":"18. August 2022","format":false,"excerpt":"Mittwoch, 31.08.2022, 18 Uhr, Saalbau Bornheim, Arnsburger Str. 24, 60385 Frankfurt am Main Ansprache: Sebastian Bahlo, Vorsitzender des Deutschen Freidenker-Verbandes, Rezitationen: Renate Fresow, Jan Veil & Lieder von Guy Dawson Wir protestieren gegen die unvern\u00fcnftige, sch\u00e4dliche und gef\u00e4hrliche Konfrontationspolitik der Bundesregierung gegen Russland. Wir protestieren gegen einen 100-Milliarden-Kriegskredit, den wir\u2026","rel":"","context":"In &quot;Frieden - Antifaschismus - Solidarit\u00e4t&quot;","block_context":{"text":"Frieden - Antifaschismus - Solidarit\u00e4t","link":"https:\/\/www.freidenker.org\/?cat=13"},"img":{"alt_text":"","src":"https:\/\/i0.wp.com\/www.freidenker.org\/fw17\/wp-content\/uploads\/2022\/08\/vorabend_antikriegstag_800x450.jpg?fit=800%2C450&ssl=1&resize=350%2C200","width":350,"height":200,"srcset":"https:\/\/i0.wp.com\/www.freidenker.org\/fw17\/wp-content\/uploads\/2022\/08\/vorabend_antikriegstag_800x450.jpg?fit=800%2C450&ssl=1&resize=350%2C200 1x, https:\/\/i0.wp.com\/www.freidenker.org\/fw17\/wp-content\/uploads\/2022\/08\/vorabend_antikriegstag_800x450.jpg?fit=800%2C450&ssl=1&resize=525%2C300 1.5x, https:\/\/i0.wp.com\/www.freidenker.org\/fw17\/wp-content\/uploads\/2022\/08\/vorabend_antikriegstag_800x450.jpg?fit=800%2C450&ssl=1&resize=700%2C400 2x"},"classes":[]},{"id":14209,"url":"https:\/\/www.freidenker.org\/?p=14209","url_meta":{"origin":13846,"position":1},"title":"Diese Regierungspolitik ist irrational und wahnhaft","author":"Webredaktion","date":"21. September 2022","format":false,"excerpt":"Rede von Sebastian Bahlo auf einer Kundgebung des Verbandes der Russlanddeutschen in Hessen in Frankfurt a.M. am 18.09.2022. Die Politik der Bundesregierung ist irrational und wahnhaft, aber diese Charakterisierung ist noch nicht ausreichend: Man mu\u00df auch klar sagen, da\u00df sie verbrecherisch ist. Sie schadet Deutschland und der deutschen Bev\u00f6lkerung massiv,\u2026","rel":"","context":"In &quot;Frieden - Antifaschismus - Solidarit\u00e4t&quot;","block_context":{"text":"Frieden - Antifaschismus - Solidarit\u00e4t","link":"https:\/\/www.freidenker.org\/?cat=13"},"img":{"alt_text":"","src":"https:\/\/i0.wp.com\/www.freidenker.org\/fw17\/wp-content\/uploads\/2022\/09\/bahlo_demo_fam_2022-09-18_800x450.jpg?fit=800%2C450&ssl=1&resize=350%2C200","width":350,"height":200,"srcset":"https:\/\/i0.wp.com\/www.freidenker.org\/fw17\/wp-content\/uploads\/2022\/09\/bahlo_demo_fam_2022-09-18_800x450.jpg?fit=800%2C450&ssl=1&resize=350%2C200 1x, https:\/\/i0.wp.com\/www.freidenker.org\/fw17\/wp-content\/uploads\/2022\/09\/bahlo_demo_fam_2022-09-18_800x450.jpg?fit=800%2C450&ssl=1&resize=525%2C300 1.5x, https:\/\/i0.wp.com\/www.freidenker.org\/fw17\/wp-content\/uploads\/2022\/09\/bahlo_demo_fam_2022-09-18_800x450.jpg?fit=800%2C450&ssl=1&resize=700%2C400 2x"},"classes":[]},{"id":24883,"url":"https:\/\/www.freidenker.org\/?p=24883","url_meta":{"origin":13846,"position":2},"title":"Osterm\u00e4rsche 2026 in Hessen","author":"Webredaktion","date":"18. April 2026","format":false,"excerpt":"Wir berichten von einigen Veranstaltungen anl\u00e4sslich der Osterm\u00e4rsche in Hessen, an denen auch zahlreiche Mitglieder unseres Verbandes teilnahmen und mitwirkten. Der traditionelle Start der Hessischen Osterm\u00e4rsche fand auch diesmal mit dem Ostermarsch der Friedenplattform Hanau 2026 am Karfreitag (3.4.26) in Bruchk\u00f6bel statt. Die Kundgebung begann um 14:00 Uhr und stand\u2026","rel":"","context":"In &quot;Aktuelles&quot;","block_context":{"text":"Aktuelles","link":"https:\/\/www.freidenker.org\/?cat=574"},"img":{"alt_text":"","src":"https:\/\/i0.wp.com\/www.freidenker.org\/fw17\/wp-content\/uploads\/2026\/04\/OM26-Frankfurt-133056_800x450.jpg?fit=800%2C450&ssl=1&resize=350%2C200","width":350,"height":200,"srcset":"https:\/\/i0.wp.com\/www.freidenker.org\/fw17\/wp-content\/uploads\/2026\/04\/OM26-Frankfurt-133056_800x450.jpg?fit=800%2C450&ssl=1&resize=350%2C200 1x, https:\/\/i0.wp.com\/www.freidenker.org\/fw17\/wp-content\/uploads\/2026\/04\/OM26-Frankfurt-133056_800x450.jpg?fit=800%2C450&ssl=1&resize=525%2C300 1.5x, https:\/\/i0.wp.com\/www.freidenker.org\/fw17\/wp-content\/uploads\/2026\/04\/OM26-Frankfurt-133056_800x450.jpg?fit=800%2C450&ssl=1&resize=700%2C400 2x"},"classes":[]},{"id":9252,"url":"https:\/\/www.freidenker.org\/?p=9252","url_meta":{"origin":13846,"position":3},"title":"Eine andere Welt bleibt unser Ziel","author":"Webredaktion","date":"14. Januar 2021","format":false,"excerpt":"Kundgebung f\u00fcr Rosa und Karl am 09.01.2021 in Frankfurt am Main Wir dokumentieren die Ansprache von Klaus Hartmann, Bundesvorsitzender des Deutschen Freidenker-Verbandes: Freidenker haben vor \u00fcber 100 Jahren gegen Militarismus und Krieg demonstriert, waren Teilnehmer der Novemberrevolution, haben sich in den Arbeiter- und Soldatenr\u00e4ten engagiert. Nach dem Verrat der R\u00e4tebewegung\u2026","rel":"","context":"In &quot;Frieden - Antifaschismus - Solidarit\u00e4t&quot;","block_context":{"text":"Frieden - Antifaschismus - Solidarit\u00e4t","link":"https:\/\/www.freidenker.org\/?cat=13"},"img":{"alt_text":"","src":"https:\/\/i0.wp.com\/www.freidenker.org\/fw17\/wp-content\/uploads\/2021\/01\/Karl_Rosa.jpg?fit=800%2C450&ssl=1&resize=350%2C200","width":350,"height":200,"srcset":"https:\/\/i0.wp.com\/www.freidenker.org\/fw17\/wp-content\/uploads\/2021\/01\/Karl_Rosa.jpg?fit=800%2C450&ssl=1&resize=350%2C200 1x, https:\/\/i0.wp.com\/www.freidenker.org\/fw17\/wp-content\/uploads\/2021\/01\/Karl_Rosa.jpg?fit=800%2C450&ssl=1&resize=525%2C300 1.5x, https:\/\/i0.wp.com\/www.freidenker.org\/fw17\/wp-content\/uploads\/2021\/01\/Karl_Rosa.jpg?fit=800%2C450&ssl=1&resize=700%2C400 2x"},"classes":[]},{"id":16017,"url":"https:\/\/www.freidenker.org\/?p=16017","url_meta":{"origin":13846,"position":4},"title":"Befreiung vom Faschismus und Tag des Sieges 2023","author":"Webredaktion","date":"13. Mai 2023","format":false,"excerpt":"Wir dokumentieren - den Marsch des Unsterblichen Regiments am 07. Mai 2023 in Frankfurt am Main mit Kundgebung am Opernplatz und Demonstration zum R\u00f6merberg, Reden von Sebastian Bahlo (Text) und von Sergey Filbert (Video) - Bilder von der Gedenkstunde am 08.05.2023 zum Tag der Befreiung am Mahnmal f\u00fcr die Opfer\u2026","rel":"","context":"In &quot;Frieden - Antifaschismus - Solidarit\u00e4t&quot;","block_context":{"text":"Frieden - Antifaschismus - Solidarit\u00e4t","link":"https:\/\/www.freidenker.org\/?cat=13"},"img":{"alt_text":"","src":"https:\/\/i0.wp.com\/www.freidenker.org\/fw17\/wp-content\/uploads\/2023\/05\/TdB_2023_20230509_113616_800x450.jpg?fit=800%2C450&ssl=1&resize=350%2C200","width":350,"height":200,"srcset":"https:\/\/i0.wp.com\/www.freidenker.org\/fw17\/wp-content\/uploads\/2023\/05\/TdB_2023_20230509_113616_800x450.jpg?fit=800%2C450&ssl=1&resize=350%2C200 1x, https:\/\/i0.wp.com\/www.freidenker.org\/fw17\/wp-content\/uploads\/2023\/05\/TdB_2023_20230509_113616_800x450.jpg?fit=800%2C450&ssl=1&resize=525%2C300 1.5x, https:\/\/i0.wp.com\/www.freidenker.org\/fw17\/wp-content\/uploads\/2023\/05\/TdB_2023_20230509_113616_800x450.jpg?fit=800%2C450&ssl=1&resize=700%2C400 2x"},"classes":[]},{"id":20568,"url":"https:\/\/www.freidenker.org\/?p=20568","url_meta":{"origin":13846,"position":5},"title":"Aufstehn f\u00fcr Frieden &#8211; Kundgebung am 28.12.2024 in Wiesbaden","author":"Webredaktion","date":"25. Dezember 2024","format":false,"excerpt":"Ein breites B\u00fcndnis von B\u00fcrgerinitiativen ruft zusammen mit der B\u00fcrgerzeitung KLARTEXT Rhein-Main auf zu einer\u00a0Kundgebung \"Aufstehn f\u00fcr den Frieden\" am 28.12.2024 ab\u00a014:30 Uhr an der\u00a0Clay-Kaserne Wiesbaden-Erbenheim. Sternfahrten ab ca. 11:00 Uhr von mehreren St\u00e4dten im Umkreis. Aus dem Aufruf: Unsere sieben Forderungen auf dem Weg zum Frieden: Konsequente Friedenspolitik Deutschlands\u2026","rel":"","context":"In &quot;Frieden - Antifaschismus - Solidarit\u00e4t&quot;","block_context":{"text":"Frieden - Antifaschismus - Solidarit\u00e4t","link":"https:\/\/www.freidenker.org\/?cat=13"},"img":{"alt_text":"","src":"https:\/\/i0.wp.com\/www.freidenker.org\/fw17\/wp-content\/uploads\/2024\/12\/Aufruf_Wiesbaden_2024-12-28_800x450.jpg?fit=800%2C450&ssl=1&resize=350%2C200","width":350,"height":200,"srcset":"https:\/\/i0.wp.com\/www.freidenker.org\/fw17\/wp-content\/uploads\/2024\/12\/Aufruf_Wiesbaden_2024-12-28_800x450.jpg?fit=800%2C450&ssl=1&resize=350%2C200 1x, https:\/\/i0.wp.com\/www.freidenker.org\/fw17\/wp-content\/uploads\/2024\/12\/Aufruf_Wiesbaden_2024-12-28_800x450.jpg?fit=800%2C450&ssl=1&resize=525%2C300 1.5x, https:\/\/i0.wp.com\/www.freidenker.org\/fw17\/wp-content\/uploads\/2024\/12\/Aufruf_Wiesbaden_2024-12-28_800x450.jpg?fit=800%2C450&ssl=1&resize=700%2C400 2x"},"classes":[]}],"_links":{"self":[{"href":"https:\/\/www.freidenker.org\/index.php?rest_route=\/wp\/v2\/posts\/13846","targetHints":{"allow":["GET"]}}],"collection":[{"href":"https:\/\/www.freidenker.org\/index.php?rest_route=\/wp\/v2\/posts"}],"about":[{"href":"https:\/\/www.freidenker.org\/index.php?rest_route=\/wp\/v2\/types\/post"}],"author":[{"embeddable":true,"href":"https:\/\/www.freidenker.org\/index.php?rest_route=\/wp\/v2\/users\/3"}],"replies":[{"embeddable":true,"href":"https:\/\/www.freidenker.org\/index.php?rest_route=%2Fwp%2Fv2%2Fcomments&post=13846"}],"version-history":[{"count":0,"href":"https:\/\/www.freidenker.org\/index.php?rest_route=\/wp\/v2\/posts\/13846\/revisions"}],"wp:featuredmedia":[{"embeddable":true,"href":"https:\/\/www.freidenker.org\/index.php?rest_route=\/wp\/v2\/media\/13849"}],"wp:attachment":[{"href":"https:\/\/www.freidenker.org\/index.php?rest_route=%2Fwp%2Fv2%2Fmedia&parent=13846"}],"wp:term":[{"taxonomy":"category","embeddable":true,"href":"https:\/\/www.freidenker.org\/index.php?rest_route=%2Fwp%2Fv2%2Fcategories&post=13846"},{"taxonomy":"post_tag","embeddable":true,"href":"https:\/\/www.freidenker.org\/index.php?rest_route=%2Fwp%2Fv2%2Ftags&post=13846"}],"curies":[{"name":"wp","href":"https:\/\/api.w.org\/{rel}","templated":true}]}}