{"id":13801,"date":"2022-07-22T02:08:08","date_gmt":"2022-07-22T00:08:08","guid":{"rendered":"https:\/\/www.freidenker.org\/?p=13801"},"modified":"2022-08-18T01:32:09","modified_gmt":"2022-08-17T23:32:09","slug":"aufgemerkt-eine-bisher-ungehaltene-rede-des-deutschen-bundeskanzlers-an-sein-volk","status":"publish","type":"post","link":"https:\/\/www.freidenker.org\/?p=13801","title":{"rendered":"Aufgemerkt! Eine bisher ungehaltene Rede des deutschen Bundeskanzlers an sein Volk"},"content":{"rendered":"<p><span style=\"font-size: 10pt;\">Erstver\u00f6ffentlichung am 19.07.2022 auf <a href=\"https:\/\/pressefreiheit.rtde.tech\/meinung\/143800-bisher-ungehaltene-rede-deutschen-bundeskanzlers\/\" target=\"_blank\" rel=\"noopener\">RT DE<\/a><\/span><\/p>\n<p><strong>Exklusiv pr\u00e4sentiert RT DE seinen treuen Lesern heute eine Rede von Bundeskanzler Olaf Scholz, die er m\u00f6glicherweise schon bald an seine Landsleute richten wird \u2013 oder vielmehr richten k\u00f6nnte. Damit die Deutschen endlich begreifen, vor welch gro\u00dfen und herrlichen Zeiten &#8222;wir alle zusammen&#8220; einmal wieder stehen. <\/strong><\/p>\n<p>So wie uns die gegenw\u00e4rtige Hitzewelle erreicht hat, besteht auch kaum ein Zweifel, dass Deutschland und Europa einem hei\u00dfen Herbst und turbulenten Winter <a href=\"https:\/\/de.rt.com\/inland\/143751-wegen-gasnotstand-verfassungsschutz-warnt-vor\/\" target=\"_blank\" rel=\"noopener noreferrer\">entgegensehen<\/a> m\u00fcssen. Nicht unbedingt in meteorologischer Hinsicht.<\/p>\n<p>Zwar liegt es <em>RT DE<\/em> fern, unerbetene Ratschl\u00e4ge in Richtung des politischen Berlins, geschweige denn der <a href=\"https:\/\/de.rt.com\/inland\/143579-selbst-gemachte-gaskrise-bundesministerien-wollen-bei-kuehlung-und-heizung-sparen\/\" target=\"_blank\" rel=\"noopener noreferrer\">Bundesregierung<\/a>, zu erteilen. Doch k\u00f6nnte eine Ansprache an das m\u00fcrrische und unverst\u00e4ndige Volk \u2013 wie sie hier von unserer Autorin vorgeschlagen wird \u2013 dem Bundeskanzler und seinen Redenschreibern aus der Patsche helfen, in die sie sich selbst <a href=\"https:\/\/de.rt.com\/kurzclips\/video\/143587-deutschland-bereitet-sich-auf-kommenden-winter-vor\/\" target=\"_blank\" rel=\"noopener noreferrer\">man\u00f6vriert<\/a> haben. Nur, damit hinterher keiner sagen kann, das h\u00e4tte einem ja niemand gesagt, und man habe ja nichts gewusst oder <a href=\"https:\/\/de.rt.com\/meinung\/143096-deutschland-wirtschaftskrise-faszinierende-studie-ueber-eigentore\/\" target=\"_blank\" rel=\"noopener noreferrer\">ahnen<\/a> k\u00f6nnen\u2026<\/p>\n<hr \/>\n<h4>Aufgemerkt! Eine bisher ungehaltene Rede des deutschen Bundeskanzlers an sein Volk<\/h4>\n<p><em>von <strong>Doris Pumphrey<\/strong><\/em><\/p>\n<p>Der Bundeskanzler sollte sich dringend an das Volk wenden und ihm ein paar Hintergr\u00fcnde erkl\u00e4ren, damit es genug Verst\u00e4ndnis und Unterst\u00fctzung f\u00fcr die schwere Arbeit der Regierung aufbringen kann &#8230;<\/p>\n<p style=\"padding-left: 40px;\">Liebe Mitb\u00fcrgerinnen und Mitb\u00fcrger,<\/p>\n<p style=\"padding-left: 40px;\">mit Freude und Stolz hat mein Kabinett f\u00fcr unser Land die &#8222;dienende F\u00fchrungsrolle&#8220; \u00fcbernommen, die mein geschmeidiger Wirtschaftsminister unserem Oberbefehlshaber bei seinem Besuch in Washington vergangenen M\u00e4rz versprochen hat. Wir m\u00fcssen &#8222;Russland ruinieren&#8220;, beschrieb meine wortgewandte, weitsichtige und geschichtsbewusste Au\u00dfenministerin die Aufgabe, die uns zugewiesen wurde. Lasst uns also dankbar sein, dass wir als Deutsche im Sanktionsregime gegen Russland eine so herausragende Rolle spielen d\u00fcrfen.<\/p>\n<p style=\"padding-left: 40px;\">Als ich mich im Februar bei unserem Oberbefehlshaber in seinem Wei\u00dfen Haus pers\u00f6nlich vorstellen durfte, hat er mir ausdr\u00fccklich ans Herz gelegt, den Hahn der Nord Stream 2-Pipeline auf keinen Fall aufzudrehen. Wir m\u00fcssen verstehen, dass er etwas verunsichert ist wegen unserer jahrzehntelangen guten Erfahrung mit zuverl\u00e4ssigen, kosteng\u00fcnstigen Gaslieferungen aus Russland.<\/p>\n<p style=\"padding-left: 40px;\">Gemeinsam mit Ihnen, meine lieben Mitb\u00fcrgerinnen und Mitb\u00fcrger, m\u00f6chte ich unserem Besch\u00fctzer in Washington zeigen, dass eventuelle Zweifel an unserer Treue unangebracht sind und er sich voll und ganz auf unser Land verlassen kann. Ich bin zuversichtlich, dass Sie bereit sind, f\u00fcr die gro\u00dfe Sache der transatlantischen Solidarit\u00e4t Opfer zu bringen.<\/p>\n<p style=\"padding-left: 40px;\">Jeder hat auch einmal schwache Momente, in denen Zweifel hochkommen und einen das Gef\u00fchl der K\u00e4lte beschleicht. Sie m\u00fcssen sich dessen nicht sch\u00e4men. Sie k\u00f6nnen sich auf die Hilfe meiner Regierung verlassen, die jetzt schon einen Plan f\u00fcr W\u00e4rmehallen \u00fcberlegt, in denen Sie dann in wechselnden Schichten sicherlich eine gem\u00fctliche Ecke<a>\u00a0 <\/a>finden werden. Abgeordnete unserer Parlamente werden Ihnen dort gerne auch hei\u00dfe Suppe servieren. Dies war eine besonders sch\u00f6ne Anregung von Bundestagsabgeordneten der Linkspartei, die hoffen, dass sich viele Abgeordnete der anderen Fraktionen anschlie\u00dfen, um auf diese Weise ihre Solidarit\u00e4t mit dem tapfer frierenden Volk zu bekunden. Damit k\u00f6nnen wir Putin zeigen, dass er mit seiner Propaganda die enge Verbundenheit zwischen Volksvertretern und Volk und dessen Vertrauen in meine Regierung nicht ersch\u00fcttern kann.<\/p>\n<p style=\"padding-left: 40px;\">Denken Sie immer daran, mit Ihrer Bereitschaft, tiefer in die leeren Taschen zu greifen, unterst\u00fctzen Sie den Kampf, den unsere tapferen Bandera-Verb\u00fcndeten im Auftrag unseres gemeinsamen Oberbefehlshabers gegen Russland f\u00fchren. Zeigen Sie, dass Sie mit gro\u00dfer Geschlossenheit bereit sind, diesem noblen Kampf zu dienen. Leisten Sie ihren wirkungsvollen Beitrag mit der Waffe, die wir Ihnen gerne zur Verf\u00fcgung stellen: &#8222;Frieren gegen Putin&#8220;.<\/p>\n<p style=\"padding-left: 40px;\">Es ist bitter, dass wir im Augenblick noch nicht gen\u00fcgend Windr\u00e4der aufstellen k\u00f6nnen, aber Sie k\u00f6nnen sich sicher sein, dass meine Regierung weiter daran bastelt, damit sich all unsere Windr\u00e4der auch ohne Wind drehen \u2013 gegen Putin.<\/p>\n<p style=\"padding-left: 40px;\">Und am Ende werden wir Deutsche das Klima besiegen!<\/p>\n<p style=\"padding-left: 40px;\">Das ist mein Versprechen. Auf mich und meine, um Ihr Wohlergehen besorgten Ministerinnen und Minister k\u00f6nnen Sie sich verlassen.<\/p>\n<p style=\"padding-left: 40px;\">Ihr Olaf Scholz<\/p>\n<hr \/>\n<p style=\"text-align: right;\"><em>Doris Pumphrey ist Aktivistin in der Friedenskoordination (Friko), Berlin<\/em><\/p>\n<hr \/>\n<p><span style=\"font-size: 10pt;\">Bild: Olaf Scholz bei einer SPD-Regionalkonferenz im September 2019<\/span><br \/>\n<span style=\"font-size: 10pt;\">Foto: Olaf Kosinsky, <a href=\"https:\/\/creativecommons.org\/licenses\/by-sa\/3.0\/de\/deed.en\" target=\"_blank\" rel=\"noopener\">CC BY-SA 3.0 de<\/a><\/span><br \/>\n<span style=\"font-size: 10pt;\">Quelle: <a href=\"https:\/\/commons.wikimedia.org\/w\/index.php?curid=82138230\" target=\"_blank\" rel=\"noopener\">https:\/\/commons.wikimedia.org\/w\/index.php?curid=82138230<\/a><\/span><\/p>\n","protected":false},"excerpt":{"rendered":"<p><b>Beitrag von Doris Pumphrey<\/b><br \/>\nDer Bundeskanzler sollte sich dringend an das Volk wenden und ihm ein paar Hintergr\u00fcnde erkl\u00e4ren, damit es genug Verst\u00e4ndnis und Unterst\u00fctzung f\u00fcr die schwere Arbeit der Regierung aufbringen kann &#8230;<br \/>\n<i>Liebe Mitb\u00fcrgerinnen und Mitb\u00fcrger, mit Freude und Stolz hat mein Kabinett f\u00fcr unser Land die &#8222;dienende F\u00fchrungsrolle&#8220; \u00fcbernommen, die mein geschmeidiger Wirtschaftsminister unserem Oberbefehlshaber bei seinem Besuch in Washington vergangenen M\u00e4rz versprochen hat. Wir m\u00fcssen &#8222;Russland ruinieren&#8220;, beschrieb meine wortgewandte, weitsichtige und geschichtsbewusste Au\u00dfenministerin die Aufgabe, die uns zugewiesen wurde. Lasst uns also dankbar sein, dass wir als Deutsche im Sanktionsregime gegen Russland eine so herausragende Rolle spielen d\u00fcrfen.<\/i><\/p>\n","protected":false},"author":3,"featured_media":13803,"comment_status":"closed","ping_status":"closed","sticky":false,"template":"","format":"standard","meta":{"colormag_page_container_layout":"default_layout","colormag_page_sidebar_layout":"default_layout","advanced_seo_description":"","jetpack_seo_html_title":"","jetpack_seo_noindex":false,"jetpack_post_was_ever_published":false,"footnotes":""},"categories":[12],"tags":[699,1463,1032,1323,719,122],"class_list":["post-13801","post","type-post","status-publish","format-standard","has-post-thumbnail","hentry","category-demokratie-medien-aufklaerung","tag-aussenpolitik","tag-bundeskanzler","tag-bundesregierung","tag-innenpolitik","tag-sanktionen","tag-wirtschaft"],"jetpack_featured_media_url":"https:\/\/i0.wp.com\/www.freidenker.org\/fw17\/wp-content\/uploads\/2022\/07\/Olaf_Scholz_by_OlafKosinsky_MG_2569_800x450.jpg?fit=800%2C450&ssl=1","jetpack_shortlink":"https:\/\/wp.me\/p9stpK-3AB","jetpack-related-posts":[{"id":22181,"url":"https:\/\/www.freidenker.org\/?p=22181","url_meta":{"origin":13801,"position":0},"title":"Freidenker-Verband zu Merz-Aussage &#8222;Drecksarbeit&#8220;: Direkter Bezug zur Nazi-Sprache","author":"Webredaktion","date":"25. Juni 2025","format":false,"excerpt":"Video-Kurzinterviews von RT DE mit Sebastian Bahlo und Marion Schneider Bundeskanzler Friedrich Merz hat die j\u00fcngsten Angriffe Israels auf iranische Atomanlagen sowie die US-Intervention ausdr\u00fccklich verteidigt. Es gebe \u201ekeinen Grund\u201c, das Vorgehen zu kritisieren, sagte Merz. Bereits zuvor hatte er erkl\u00e4rt, Israel mache \u201edie Drecksarbeit f\u00fcr uns alle\u201c \u2013 eine\u2026","rel":"","context":"In &quot;Demokratie \u2013 Medien \u2013 Aufkl\u00e4rung&quot;","block_context":{"text":"Demokratie \u2013 Medien \u2013 Aufkl\u00e4rung","link":"https:\/\/www.freidenker.org\/?cat=12"},"img":{"alt_text":"","src":"https:\/\/i0.wp.com\/www.freidenker.org\/fw17\/wp-content\/uploads\/2025\/06\/Bahlo_Interview_Drecksarbei_800x450t.jpg?fit=800%2C450&ssl=1&resize=350%2C200","width":350,"height":200,"srcset":"https:\/\/i0.wp.com\/www.freidenker.org\/fw17\/wp-content\/uploads\/2025\/06\/Bahlo_Interview_Drecksarbei_800x450t.jpg?fit=800%2C450&ssl=1&resize=350%2C200 1x, https:\/\/i0.wp.com\/www.freidenker.org\/fw17\/wp-content\/uploads\/2025\/06\/Bahlo_Interview_Drecksarbei_800x450t.jpg?fit=800%2C450&ssl=1&resize=525%2C300 1.5x, https:\/\/i0.wp.com\/www.freidenker.org\/fw17\/wp-content\/uploads\/2025\/06\/Bahlo_Interview_Drecksarbei_800x450t.jpg?fit=800%2C450&ssl=1&resize=700%2C400 2x"},"classes":[]},{"id":23712,"url":"https:\/\/www.freidenker.org\/?p=23712","url_meta":{"origin":13801,"position":1},"title":"Generaldebatte im Bundestag: Abschied der deutschen Politik von der Realit\u00e4t","author":"Webredaktion","date":"5. Dezember 2025","format":false,"excerpt":"Beitrag von Gert Ewen Ungar Die Generaldebatte im Deutschen Bundestag hinterl\u00e4sst einen starken Eindruck. Dieser starke Eindruck besteht vor allem darin, dass sich die Bundesregierung, allen voran der Bundeskanzler, aber auch ein Gro\u00dfteil der Abgeordneten, von der Realit\u00e4t l\u00e4ngst verabschiedet hat. Sie leben in einer Parallelwelt, in der andere, n\u00e4mlich\u2026","rel":"","context":"In &quot;Demokratie \u2013 Medien \u2013 Aufkl\u00e4rung&quot;","block_context":{"text":"Demokratie \u2013 Medien \u2013 Aufkl\u00e4rung","link":"https:\/\/www.freidenker.org\/?cat=12"},"img":{"alt_text":"","src":"https:\/\/i0.wp.com\/www.freidenker.org\/fw17\/wp-content\/uploads\/2025\/12\/CPAC_Hungary_2025_147_800x450.jpg?fit=800%2C450&ssl=1&resize=350%2C200","width":350,"height":200,"srcset":"https:\/\/i0.wp.com\/www.freidenker.org\/fw17\/wp-content\/uploads\/2025\/12\/CPAC_Hungary_2025_147_800x450.jpg?fit=800%2C450&ssl=1&resize=350%2C200 1x, https:\/\/i0.wp.com\/www.freidenker.org\/fw17\/wp-content\/uploads\/2025\/12\/CPAC_Hungary_2025_147_800x450.jpg?fit=800%2C450&ssl=1&resize=525%2C300 1.5x, https:\/\/i0.wp.com\/www.freidenker.org\/fw17\/wp-content\/uploads\/2025\/12\/CPAC_Hungary_2025_147_800x450.jpg?fit=800%2C450&ssl=1&resize=700%2C400 2x"},"classes":[]},{"id":24152,"url":"https:\/\/www.freidenker.org\/?p=24152","url_meta":{"origin":13801,"position":2},"title":"Werner R\u00fcgemer \u00fcber Adenauers &#8222;Weichenstellung&#8220;: Deutschlands Unterwerfung unter die USA","author":"Webredaktion","date":"9. Januar 2026","format":false,"excerpt":"Felicitas Rabe interviewt Dr. Werner R\u00fcgemer Konrad Adenauer war 1949 der erste Regierungschef der neu gegr\u00fcndeten Bundesrepublik Deutschland. Am 5. Januar 2026 hatte er seinen 150. Geburtstag: Der angeblich bekannteste und beliebteste Deutsche wurde von allen Leitmedien gefeiert, auch von seinem gegenw\u00e4rtigen Nachfolger, Bundeskanzler Friedrich Merz. In seinem Buch \"Verh\u00e4ngnisvolle\u2026","rel":"","context":"In &quot;Demokratie \u2013 Medien \u2013 Aufkl\u00e4rung&quot;","block_context":{"text":"Demokratie \u2013 Medien \u2013 Aufkl\u00e4rung","link":"https:\/\/www.freidenker.org\/?cat=12"},"img":{"alt_text":"","src":"https:\/\/i0.wp.com\/www.freidenker.org\/fw17\/wp-content\/uploads\/2026\/01\/McCloy_Adenauer_Eisenhower_800x450.jpg?fit=800%2C450&ssl=1&resize=350%2C200","width":350,"height":200,"srcset":"https:\/\/i0.wp.com\/www.freidenker.org\/fw17\/wp-content\/uploads\/2026\/01\/McCloy_Adenauer_Eisenhower_800x450.jpg?fit=800%2C450&ssl=1&resize=350%2C200 1x, https:\/\/i0.wp.com\/www.freidenker.org\/fw17\/wp-content\/uploads\/2026\/01\/McCloy_Adenauer_Eisenhower_800x450.jpg?fit=800%2C450&ssl=1&resize=525%2C300 1.5x, https:\/\/i0.wp.com\/www.freidenker.org\/fw17\/wp-content\/uploads\/2026\/01\/McCloy_Adenauer_Eisenhower_800x450.jpg?fit=800%2C450&ssl=1&resize=700%2C400 2x"},"classes":[]},{"id":18067,"url":"https:\/\/www.freidenker.org\/?p=18067","url_meta":{"origin":13801,"position":3},"title":"Abrechnung mit Scholz und der Ampel-Blase","author":"Webredaktion","date":"30. Januar 2024","format":false,"excerpt":"Kommentar von\u00a0Rainer Rupp Gestern erhielt ich eine Kurznachricht auf X (vormals Twitter): \u201eHier braucht ein sehr sch\u00f6ner Beitrag Reichweite\u201c. Beigef\u00fcgt war ein Link zu einem Text aus der Feder des deutschen Journalisten Philippe Debionne. Nach dessen Lekt\u00fcre war auch ich \u00fcberzeugt, dass dieser Beitrag so breit wie m\u00f6glich verteilt werden\u2026","rel":"","context":"In &quot;Demokratie \u2013 Medien \u2013 Aufkl\u00e4rung&quot;","block_context":{"text":"Demokratie \u2013 Medien \u2013 Aufkl\u00e4rung","link":"https:\/\/www.freidenker.org\/?cat=12"},"img":{"alt_text":"","src":"https:\/\/i0.wp.com\/www.freidenker.org\/fw17\/wp-content\/uploads\/2024\/01\/ampel_scholz_lindner_habeck_800x450.jpg?fit=800%2C450&ssl=1&resize=350%2C200","width":350,"height":200,"srcset":"https:\/\/i0.wp.com\/www.freidenker.org\/fw17\/wp-content\/uploads\/2024\/01\/ampel_scholz_lindner_habeck_800x450.jpg?fit=800%2C450&ssl=1&resize=350%2C200 1x, https:\/\/i0.wp.com\/www.freidenker.org\/fw17\/wp-content\/uploads\/2024\/01\/ampel_scholz_lindner_habeck_800x450.jpg?fit=800%2C450&ssl=1&resize=525%2C300 1.5x, https:\/\/i0.wp.com\/www.freidenker.org\/fw17\/wp-content\/uploads\/2024\/01\/ampel_scholz_lindner_habeck_800x450.jpg?fit=800%2C450&ssl=1&resize=700%2C400 2x"},"classes":[]},{"id":22559,"url":"https:\/\/www.freidenker.org\/?p=22559","url_meta":{"origin":13801,"position":4},"title":"Deutschland ist die BlackRock-Speerspitze in Europa","author":"Webredaktion","date":"6. August 2025","format":false,"excerpt":"Interview von Felicitas Rabe mit Dr. Werner R\u00fcgemer Werner R\u00fcgemer erkl\u00e4rt den langen Vorlauf des US-Einflusses auf die Wirtschaft in Deutschland und Europa. Inzwischen ist BlackRock einer der Hauptakteure bei der De-Industrialisierung Deutschlands und bei der Fortf\u00fchrung des Krieges in der Ukraine. Friedrich Merz ist daf\u00fcr ein wichtiges Werkzeug. Im\u2026","rel":"","context":"In &quot;Demokratie \u2013 Medien \u2013 Aufkl\u00e4rung&quot;","block_context":{"text":"Demokratie \u2013 Medien \u2013 Aufkl\u00e4rung","link":"https:\/\/www.freidenker.org\/?cat=12"},"img":{"alt_text":"","src":"https:\/\/i0.wp.com\/www.freidenker.org\/fw17\/wp-content\/uploads\/2025\/08\/BlackRock_hq51_jeh_800x450.jpg?fit=800%2C450&ssl=1&resize=350%2C200","width":350,"height":200,"srcset":"https:\/\/i0.wp.com\/www.freidenker.org\/fw17\/wp-content\/uploads\/2025\/08\/BlackRock_hq51_jeh_800x450.jpg?fit=800%2C450&ssl=1&resize=350%2C200 1x, https:\/\/i0.wp.com\/www.freidenker.org\/fw17\/wp-content\/uploads\/2025\/08\/BlackRock_hq51_jeh_800x450.jpg?fit=800%2C450&ssl=1&resize=525%2C300 1.5x, https:\/\/i0.wp.com\/www.freidenker.org\/fw17\/wp-content\/uploads\/2025\/08\/BlackRock_hq51_jeh_800x450.jpg?fit=800%2C450&ssl=1&resize=700%2C400 2x"},"classes":[]},{"id":12140,"url":"https:\/\/www.freidenker.org\/?p=12140","url_meta":{"origin":13801,"position":5},"title":"RT DE und das Brandenburger Landrecht","author":"Webredaktion","date":"4. Februar 2022","format":false,"excerpt":"Beitrag von Dagmar Henn Jedes Ding hat eine gute und eine schlechte Seite, und mit den fortgesetzten Man\u00f6vern, um den TV-Kanal\u00a0RT DE zum Schweigen zu bringen, ist es genauso. Deshalb sollte man diesen Punkt an allererster Stelle betonen \u2013 sie best\u00e4tigen, dass RT DE l\u00e4ngst ein wichtiges Medium in Deutschland\u2026","rel":"","context":"In &quot;Demokratie \u2013 Medien \u2013 Aufkl\u00e4rung&quot;","block_context":{"text":"Demokratie \u2013 Medien \u2013 Aufkl\u00e4rung","link":"https:\/\/www.freidenker.org\/?cat=12"},"img":{"alt_text":"","src":"https:\/\/i0.wp.com\/www.freidenker.org\/fw17\/wp-content\/uploads\/2022\/02\/rt_de_zensiert_800x450.jpg?fit=800%2C450&ssl=1&resize=350%2C200","width":350,"height":200,"srcset":"https:\/\/i0.wp.com\/www.freidenker.org\/fw17\/wp-content\/uploads\/2022\/02\/rt_de_zensiert_800x450.jpg?fit=800%2C450&ssl=1&resize=350%2C200 1x, https:\/\/i0.wp.com\/www.freidenker.org\/fw17\/wp-content\/uploads\/2022\/02\/rt_de_zensiert_800x450.jpg?fit=800%2C450&ssl=1&resize=525%2C300 1.5x, https:\/\/i0.wp.com\/www.freidenker.org\/fw17\/wp-content\/uploads\/2022\/02\/rt_de_zensiert_800x450.jpg?fit=800%2C450&ssl=1&resize=700%2C400 2x"},"classes":[]}],"_links":{"self":[{"href":"https:\/\/www.freidenker.org\/index.php?rest_route=\/wp\/v2\/posts\/13801","targetHints":{"allow":["GET"]}}],"collection":[{"href":"https:\/\/www.freidenker.org\/index.php?rest_route=\/wp\/v2\/posts"}],"about":[{"href":"https:\/\/www.freidenker.org\/index.php?rest_route=\/wp\/v2\/types\/post"}],"author":[{"embeddable":true,"href":"https:\/\/www.freidenker.org\/index.php?rest_route=\/wp\/v2\/users\/3"}],"replies":[{"embeddable":true,"href":"https:\/\/www.freidenker.org\/index.php?rest_route=%2Fwp%2Fv2%2Fcomments&post=13801"}],"version-history":[{"count":0,"href":"https:\/\/www.freidenker.org\/index.php?rest_route=\/wp\/v2\/posts\/13801\/revisions"}],"wp:featuredmedia":[{"embeddable":true,"href":"https:\/\/www.freidenker.org\/index.php?rest_route=\/wp\/v2\/media\/13803"}],"wp:attachment":[{"href":"https:\/\/www.freidenker.org\/index.php?rest_route=%2Fwp%2Fv2%2Fmedia&parent=13801"}],"wp:term":[{"taxonomy":"category","embeddable":true,"href":"https:\/\/www.freidenker.org\/index.php?rest_route=%2Fwp%2Fv2%2Fcategories&post=13801"},{"taxonomy":"post_tag","embeddable":true,"href":"https:\/\/www.freidenker.org\/index.php?rest_route=%2Fwp%2Fv2%2Ftags&post=13801"}],"curies":[{"name":"wp","href":"https:\/\/api.w.org\/{rel}","templated":true}]}}