{"id":13731,"date":"2022-07-09T19:21:41","date_gmt":"2022-07-09T17:21:41","guid":{"rendered":"https:\/\/www.freidenker.org\/?p=13731"},"modified":"2023-02-19T15:37:03","modified_gmt":"2023-02-19T14:37:03","slug":"12-14-08-2022-offenes-bildungswochenende-in-quedlinburg","status":"publish","type":"post","link":"https:\/\/www.freidenker.org\/?p=13731","title":{"rendered":"12.\u201314.08.2022: Offenes Bildungswochenende in Quedlinburg."},"content":{"rendered":"<h5>Offenes Bildungswochenende des Landesverbandes Sachsen-Anhalt im Deutschen Freidenker-Verband vom 12.\u201314.08.2022 in Quedlinburg<strong>.<\/strong><\/h5>\n<pre>Informationen und Anmeldung \u00fcber Thomas Loch Tel.: 0171 \/ 19 96 214<\/pre>\n<p><em>Seit Gr\u00fcndung des Landesverbandes Sachsen-Anhalt im Deutsche Freidenker-Verband, findet j\u00e4hrlich im Rahmen einer offenen Bildungsveranstaltung ein zentrales Treffen in der Stadt der Gr\u00fcndung statt. Dort treffen sich nicht nur Mitglieder des Verbandes, sondern es k\u00f6nnen immer auch G\u00e4ste begr\u00fc\u00dft werden, welche zum Teil sogar eine etwas weitere Anreise in Kauf nehmen und aus den verschiedensten Bundesl\u00e4ndern anreisen.<\/em><\/p>\n<p><em>In Folge des <\/em><a href=\"https:\/\/www.sachsen-anhalt.freidenker.org\/cms\/?p=655\"><em>letztj\u00e4hrigen Treffens<\/em><\/a><em> wurde das Thema f\u00fcr das diesj\u00e4hrige Treffen beschlossen, es sollte um Krieg und Frieden gehen und darum geht es auch, ein Thema welches an Aktualit\u00e4t gewonnen und im gesellschaftlichen Leben breiten Raum einnimmt. Die milit\u00e4rischen Auseinandersetzungen in der Ukraine sind nicht ohne Folgen, die Bundesrepublik ist in diesem Krieg involviert und die von den USA diktierten Ma\u00dfnahmen entwickeln zum Teil extreme Folgen auch f\u00fcr die Menschen hierzulande. Der Krieg, die Erg\u00e4nzung der Politik mit anderen Mitteln, nur was f\u00fcr eine Politik wird erg\u00e4nzt und was ist Politik eigentlich, deren Mittel eben auch Krieg sein kann? <\/em><\/p>\n<p><em>Allerdings geht es in der Veranstaltung nicht nur um die aktuellen Kriege, in welchen die Bundesrepublik involviert ist, sondern um Ursachen, Rolle, Funktion von Krieg allgemein und das in historischer Entwicklung.<\/em><\/p>\n<p><em>Der Freidenkerverband Sachsen-Anhalt freut sich \u00fcber eine rege und qualifizierte Teilnahme, und so sei wiederholt, \u201edas interessanteste an solchen Wochenenden sind die Menschen, welche zusammenkommen und sich im Verlauf der Tage \u00fcber die verschiedensten Themen austauschen. Eigentlich eine zwingende Notwendigkeit, in Zeiten sich zuspitzender, gesellschaftlicher Widerspr\u00fcche, insbesondere des Grundwiderspruches kapitalistischen Seins. Es geht nicht nur darum, den Kampf um Begriffe und deren Inhalte zu f\u00fchren, sondern auch dem sich in der Gesellschaft verbreitenden Irrationalismus entgegenzuwirken, welcher uns gegenw\u00e4rtig besonders intensiv in Form von Kriegspropaganda entgegentritt. \u201eSomit wird sich nicht nur inhaltlich mit Problemen auseinandergesetzt, sondern Bildung im doppelten Sinne steht auf der Tagesordnung, einmal im Sinne der Aneignung von Wissen und dem entsprechenden Austausch, im Streben nach Erkenntnis und zum anderen als Bildung im Sinne von Organisation.\u201c<\/em><\/p>\n<p><strong>Offenes Bildungswochenende des Landesverbandes Sachsen-Anhalt im Deutschen Freidenker-Verband\u00a0 vom 12.\u201314.08.2022 in Quedlinburg<\/strong><\/p>\n<p><strong>1.) Freitag, 12.08.2022, 19:00 Uhr <\/strong><\/p>\n<p style=\"padding-left: 40px;\"><strong>\u201e<\/strong><strong>Lesung mit dem Autor J\u00fcrgen Leskien\u201c<\/strong><\/p>\n<p style=\"padding-left: 40px;\"><strong>Der Autor liest aus verschiedenen seiner Ver\u00f6ffentlichungen. Als ehemaliger Offizier der NVA hat er sich sp\u00e4ter mit der deutschen Kolonialgeschichte in Afrika und deren Folgen auseinandergesetzt. <\/strong><\/p>\n<p style=\"padding-left: 40px;\"><strong>Im Rahmen des diesj\u00e4hrigen Quedlinburger B\u00fccherfr\u00fchlings konnten wir J\u00fcrgen Leskien schon einmal in Quedlinburg <a href=\"https:\/\/www.sachsen-anhalt.freidenker.org\/cms\/?p=740\">begr\u00fc\u00dfen<\/a>, es war eine interessante Lesung, welche zu interessanten Diskussionen anregte. Letztlich interessant an solchen Veranstaltungen sind immer auch die Gespr\u00e4che danach, ob im kleineren oder gr\u00f6\u00dferen Kreis, bei einem gemeinsamen Essen, bei Bier, Wein oder anderen Getr\u00e4nken. Sie sind belebend und dienen dem Erfahrungsaustausch. <\/strong><\/p>\n<p style=\"padding-left: 40px;\"><em>Veranstalter:\u00a0 Deutscher Freidenker-Verband Sachsen-Anhalt und Rosa Luxemburg Club Harz<\/em><\/p>\n<p><strong>2.) Samstag, 13.08.2022 ab 10:00 Uhr<\/strong><\/p>\n<p style=\"padding-left: 40px;\"><strong>Diskussion zum Thema : Krieg und Frieden, Krieg ein Mittel der Politik, nicht nur der imperialistischen. <\/strong><\/p>\n<p style=\"padding-left: 40px;\">1.) Begr\u00fc\u00dfung und Er\u00f6ffnung<\/p>\n<p style=\"padding-left: 40px;\">2.) Einf\u00fchrendes <strong>Kurzreferat<\/strong> zum Thema Krieg als Mittel der Politik, kurzer Abriss der Entwicklung von der Antike bis in die Gegenwart.<\/p>\n<p style=\"padding-left: 40px;\">3.) Weitere <strong>Redebeitr\u00e4ge<\/strong><\/p>\n<p style=\"padding-left: 40px;\">4.) <strong>Diskussion<\/strong><\/p>\n<p style=\"padding-left: 40px;\">13:00 Uhr\u00a0 \u00a0Mittagspause -Eigenregie-<\/p>\n<p style=\"padding-left: 40px;\">14:00 Uhr\u00a0 \u00a0<strong>thematische Stadtf\u00fchrung<\/strong>, Quedlinburg wurde nie durch Kriege zerst\u00f6rt, einschneidende Spuren haben diese trotzdem hinterlassen.<\/p>\n<p style=\"padding-left: 40px;\">16:00 Uhr\u00a0 \u00a0Kaffeepause -Eigenregie-<\/p>\n<p style=\"padding-left: 40px;\">17:00 Uhr\u00a0 \u00a0allgemeine <strong>Diskussion, Erfahrungsaustausch<\/strong><\/p>\n<p style=\"padding-left: 40px;\">19:00 Uhr\u00a0 \u00a0Abendessen, -Eigenregie-<\/p>\n<p style=\"padding-left: 40px;\">Ab 20:00 Uhr\u00a0 \u00a0 proletarisch-lyrischer Abend mit Ernesto Schwarz, einem proletarischen B\u00e4nkels\u00e4nger aus Frankfurt am Main, weiteren Teilnehmern mit Beitr\u00e4gen aus eigner und fremder Feder und wer kann heute schon sagen, was sich noch so ergibt.<\/p>\n<p style=\"padding-left: 40px;\"><em>Veranstalter:\u00a0 Deutscher Freidenker-Verband Sachsen-Anhalt, Literaturprojekt Lokal-Lesung Quedlinburg<\/em><\/p>\n<p><strong>3.) Sonntag, 14.08.2022<\/strong><\/p>\n<p style=\"padding-left: 40px;\">09:30 Uhr\u00a0 \u00a0<strong>Auswertung<\/strong> des Wochenendes im Rahmen eines gemeinsamen Fr\u00fchst\u00fccks<\/p>\n<p style=\"padding-left: 40px;\">11:30 Uhr\u00a0 \u00a0<strong>Mitgliederversammlung<\/strong> des Landesverbandes Sachsen-Anhalt<\/p>\n<p style=\"padding-left: 40px;\"><em>Veranstalter:\u00a0 Deutscher Freidenker-Verband, Landesverband Sachsen-Anhalt<\/em><\/p>\n<p><strong>Die Veranstaltungen finden im P\u00f6lkenhof, 06484 Quedlinburg, P\u00f6lkenstra\u00dfe 38 statt. Die F\u00fchrung geht durch die Altstadt und die historische Neustadt. Das Fr\u00fchst\u00fcck und die Mitgliederversammlung finden auf einem Hinterhof statt.<\/strong><\/p>\n<p><img data-recalc-dims=\"1\" loading=\"lazy\" decoding=\"async\" data-attachment-id=\"13732\" data-permalink=\"https:\/\/www.freidenker.org\/?attachment_id=13732\" data-orig-file=\"https:\/\/i0.wp.com\/www.freidenker.org\/fw17\/wp-content\/uploads\/2022\/07\/Homer_Ilias.png?fit=548%2C335&amp;ssl=1\" data-orig-size=\"548,335\" data-comments-opened=\"0\" data-image-meta=\"{&quot;aperture&quot;:&quot;0&quot;,&quot;credit&quot;:&quot;&quot;,&quot;camera&quot;:&quot;&quot;,&quot;caption&quot;:&quot;&quot;,&quot;created_timestamp&quot;:&quot;0&quot;,&quot;copyright&quot;:&quot;&quot;,&quot;focal_length&quot;:&quot;0&quot;,&quot;iso&quot;:&quot;0&quot;,&quot;shutter_speed&quot;:&quot;0&quot;,&quot;title&quot;:&quot;&quot;,&quot;orientation&quot;:&quot;0&quot;}\" data-image-title=\"Homer_Ilias\" data-image-description=\"\" data-image-caption=\"\" data-large-file=\"https:\/\/i0.wp.com\/www.freidenker.org\/fw17\/wp-content\/uploads\/2022\/07\/Homer_Ilias.png?fit=548%2C335&amp;ssl=1\" class=\"alignnone wp-image-13732 size-full\" src=\"https:\/\/i0.wp.com\/www.freidenker.org\/fw17\/wp-content\/uploads\/2022\/07\/Homer_Ilias.png?resize=548%2C335&#038;ssl=1\" alt=\"\" width=\"548\" height=\"335\" srcset=\"https:\/\/i0.wp.com\/www.freidenker.org\/fw17\/wp-content\/uploads\/2022\/07\/Homer_Ilias.png?w=548&amp;ssl=1 548w, https:\/\/i0.wp.com\/www.freidenker.org\/fw17\/wp-content\/uploads\/2022\/07\/Homer_Ilias.png?resize=300%2C183&amp;ssl=1 300w\" sizes=\"auto, (max-width: 548px) 100vw, 548px\" \/><\/p>\n<p><span style=\"font-size: 10pt;\">Weitere Informationen zur Veranstaltung gibt es ggf. auf der Webseite des Landesverbandes Sachsen-Anhalt: <a href=\"https:\/\/www.sachsen-anhalt.freidenker.org\/cms\/?p=802\" target=\"_blank\" rel=\"noopener\">https:\/\/www.sachsen-anhalt.freidenker.org\/cms\/?p=802<\/a><\/span><\/p>\n<hr \/>\n<p><span style=\"font-size: 10pt;\">Bild oben: Collage von Thomas Loch<\/span><\/p>\n","protected":false},"excerpt":{"rendered":"<p><b>Offenes Bildungswochenende des Landesverbandes Sachsen-Anhalt im Deutschen Freidenker-Verband vom 12.\u201314.08.2022 in Quedlinburg.<\/b><br \/>\nAus dem Programm:<br \/>\n&#8211; Lesung mit dem Autor J\u00fcrgen Leskien<br \/>\n&#8211; Diskussion zum Thema: Krieg und Frieden &#8211; Krieg ein Mittel der Politik, nicht nur der imperialistischen.<br \/>\n&#8211; Thematische Stadtf\u00fchrung (Quedlinburg wurde nie durch Kriege zerst\u00f6rt, einschneidende Spuren haben diese trotzdem hinterlassen.)<br \/>\n&#8211; Proletarisch-lyrischer Abend mit Ernesto Schwarz<br \/>\n&#8211; Auswertung des Wochenendes im Rahmen eines gemeinsamen Fr\u00fchst\u00fccks<br \/>\nDie Veranstaltungen finden im P\u00f6lkenhof, 06484 Quedlinburg, P\u00f6lkenstra\u00dfe 38 statt.<\/p>\n","protected":false},"author":3,"featured_media":13733,"comment_status":"closed","ping_status":"closed","sticky":false,"template":"","format":"standard","meta":{"colormag_page_container_layout":"default_layout","colormag_page_sidebar_layout":"default_layout","advanced_seo_description":"","jetpack_seo_html_title":"","jetpack_seo_noindex":false,"jetpack_post_was_ever_published":false,"footnotes":""},"categories":[913,19],"tags":[567,1296,335,188,1225,1025,124,1050],"class_list":["post-13731","post","type-post","status-publish","format-standard","has-post-thumbnail","hentry","category-kultur-kunst","category-veranstaltungen-in-den-dfv-landesverbaenden","tag-bildung","tag-diskussion","tag-frieden","tag-krieg","tag-lesung","tag-lv-sachsen-anhalt","tag-politik","tag-veranstaltung"],"jetpack_featured_media_url":"https:\/\/i0.wp.com\/www.freidenker.org\/fw17\/wp-content\/uploads\/2022\/07\/Loch_Collage_Bildungswochenende2022.jpg?fit=800%2C450&ssl=1","jetpack_shortlink":"https:\/\/wp.me\/p9stpK-3zt","jetpack-related-posts":[{"id":16630,"url":"https:\/\/www.freidenker.org\/?p=16630","url_meta":{"origin":13731,"position":0},"title":"Bildungswochenende: Der gegenw\u00e4rtige Kapitalismus","author":"Webredaktion","date":"16. Juli 2023","format":false,"excerpt":"Offenes Bildungswochenende des Landesverbandes Sachsen-Anhalt im Deutschen Freidenker-Verband 11. \u2013 13.08.2023 in Quedlinburg. Seit Gr\u00fcndung des Landesverbandes Sachsen-Anhalt im Deutsche Freidenker-Verband, findet j\u00e4hrlich im Rahmen einer offenen Bildungsveranstaltung ein zentrales Treffen in der Stadt der Gr\u00fcndung statt. Dort treffen sich nicht nur Mitglieder des Verbandes, sondern es k\u00f6nnen immer auch\u2026","rel":"","context":"In &quot;Veranstaltungen in den DFV-Landesverb\u00e4nden&quot;","block_context":{"text":"Veranstaltungen in den DFV-Landesverb\u00e4nden","link":"https:\/\/www.freidenker.org\/?cat=19"},"img":{"alt_text":"","src":"https:\/\/i0.wp.com\/www.freidenker.org\/fw17\/wp-content\/uploads\/2023\/07\/seminar_quedlinburg_2023-08_800x450.jpg?fit=800%2C450&ssl=1&resize=350%2C200","width":350,"height":200,"srcset":"https:\/\/i0.wp.com\/www.freidenker.org\/fw17\/wp-content\/uploads\/2023\/07\/seminar_quedlinburg_2023-08_800x450.jpg?fit=800%2C450&ssl=1&resize=350%2C200 1x, https:\/\/i0.wp.com\/www.freidenker.org\/fw17\/wp-content\/uploads\/2023\/07\/seminar_quedlinburg_2023-08_800x450.jpg?fit=800%2C450&ssl=1&resize=525%2C300 1.5x, https:\/\/i0.wp.com\/www.freidenker.org\/fw17\/wp-content\/uploads\/2023\/07\/seminar_quedlinburg_2023-08_800x450.jpg?fit=800%2C450&ssl=1&resize=700%2C400 2x"},"classes":[]},{"id":11038,"url":"https:\/\/www.freidenker.org\/?p=11038","url_meta":{"origin":13731,"position":1},"title":"20.-22.08.2021: Bildungswochenende in Quedlinburg","author":"Webredaktion","date":"14. August 2021","format":false,"excerpt":"Offenes Bildungswochenende des Landesverbandes Sachsen-Anhalt im Deutschen Freidenker-Verband in Quedlinburg 20.\u201322.08.2021 Aus dem Programm: - \u201eWarten wir die Zukunft ab\u201c - Hartmut K\u00f6nig liest aus seiner Autobiographie mit musikalischen Einlagen - Diskussion zum Thema \u2013 Demokratie, was immer sie auch ist, \u2026 was ist sie eigentlich? \u2013 - thematische Stadtf\u00fchrung\u2026","rel":"","context":"In &quot;Kultur &amp; Kunst&quot;","block_context":{"text":"Kultur &amp; Kunst","link":"https:\/\/www.freidenker.org\/?cat=913"},"img":{"alt_text":"","src":"https:\/\/i0.wp.com\/www.freidenker.org\/fw17\/wp-content\/uploads\/2021\/08\/hartmut_koenig_800x450.jpg?fit=800%2C450&ssl=1&resize=350%2C200","width":350,"height":200,"srcset":"https:\/\/i0.wp.com\/www.freidenker.org\/fw17\/wp-content\/uploads\/2021\/08\/hartmut_koenig_800x450.jpg?fit=800%2C450&ssl=1&resize=350%2C200 1x, https:\/\/i0.wp.com\/www.freidenker.org\/fw17\/wp-content\/uploads\/2021\/08\/hartmut_koenig_800x450.jpg?fit=800%2C450&ssl=1&resize=525%2C300 1.5x, https:\/\/i0.wp.com\/www.freidenker.org\/fw17\/wp-content\/uploads\/2021\/08\/hartmut_koenig_800x450.jpg?fit=800%2C450&ssl=1&resize=700%2C400 2x"},"classes":[]},{"id":8255,"url":"https:\/\/www.freidenker.org\/?p=8255","url_meta":{"origin":13731,"position":2},"title":"Bildungswochenende: Der Freiheitsbegriff von der Antike bis zum Sozialismus","author":"Webredaktion","date":"17. Juni 2020","format":false,"excerpt":"Offenes Bildungswochenende des Landesverbandes Sachsen-Anhalt im Deutschen Freidenker-Verband vom 21.-23. August 2020 Lesung, Diskussion, Stadtf\u00fchrung, Unterhaltung - Herausgeberlesung und Diskussion mit Heinz Hamm: Marxistische Hinsichten von Peter Hacks, Politische Schriften 1955 \u2013 2003 - Diskussion zum Thema \u2013 Der Freiheitsbegriff von der Antike bis zum Sozialismus \u2013 - Stadtf\u00fchrung: Freiheit\u2026","rel":"","context":"In &quot;Veranstaltungen in den DFV-Landesverb\u00e4nden&quot;","block_context":{"text":"Veranstaltungen in den DFV-Landesverb\u00e4nden","link":"https:\/\/www.freidenker.org\/?cat=19"},"img":{"alt_text":"","src":"https:\/\/i0.wp.com\/www.freidenker.org\/fw17\/wp-content\/uploads\/2020\/06\/Lesung_hacks_800x450.jpg?fit=799%2C450&ssl=1&resize=350%2C200","width":350,"height":200,"srcset":"https:\/\/i0.wp.com\/www.freidenker.org\/fw17\/wp-content\/uploads\/2020\/06\/Lesung_hacks_800x450.jpg?fit=799%2C450&ssl=1&resize=350%2C200 1x, https:\/\/i0.wp.com\/www.freidenker.org\/fw17\/wp-content\/uploads\/2020\/06\/Lesung_hacks_800x450.jpg?fit=799%2C450&ssl=1&resize=525%2C300 1.5x, https:\/\/i0.wp.com\/www.freidenker.org\/fw17\/wp-content\/uploads\/2020\/06\/Lesung_hacks_800x450.jpg?fit=799%2C450&ssl=1&resize=700%2C400 2x"},"classes":[]},{"id":21275,"url":"https:\/\/www.freidenker.org\/?p=21275","url_meta":{"origin":13731,"position":3},"title":"Freidenker-Treffen Sachsen-Anhalt 2025 und Konferenz &#8222;Thomas M\u00fcntzer \u2013 500 Jahre Deutscher Bauernkrieg&#8220;","author":"Webredaktion","date":"27. M\u00e4rz 2025","format":false,"excerpt":"Epochen des Umbruch! Freidenker-Treffen Sachsen-Anhalt 2025 Am Wochenende vom 25. bis 27.04.2025 findet in Quedlinburg das diesj\u00e4hrige offene Bildungswochenende des Landesverbandes Sachsen-Anhalt im Deutschen Freidenker-Verband in Quedlinburg statt. Am Freitag den 25.04.2025 wird es ab 19:00 Uhr eine Lesung mit Diskussion zum Thema des Wochenendes, Epochen des Umbruch und die\u2026","rel":"","context":"In &quot;Kultur &amp; Kunst&quot;","block_context":{"text":"Kultur &amp; Kunst","link":"https:\/\/www.freidenker.org\/?cat=913"},"img":{"alt_text":"","src":"https:\/\/i0.wp.com\/www.freidenker.org\/fw17\/wp-content\/uploads\/2025\/03\/Muentzer-Kolage2_800x450.jpg?fit=800%2C450&ssl=1&resize=350%2C200","width":350,"height":200,"srcset":"https:\/\/i0.wp.com\/www.freidenker.org\/fw17\/wp-content\/uploads\/2025\/03\/Muentzer-Kolage2_800x450.jpg?fit=800%2C450&ssl=1&resize=350%2C200 1x, https:\/\/i0.wp.com\/www.freidenker.org\/fw17\/wp-content\/uploads\/2025\/03\/Muentzer-Kolage2_800x450.jpg?fit=800%2C450&ssl=1&resize=525%2C300 1.5x, https:\/\/i0.wp.com\/www.freidenker.org\/fw17\/wp-content\/uploads\/2025\/03\/Muentzer-Kolage2_800x450.jpg?fit=800%2C450&ssl=1&resize=700%2C400 2x"},"classes":[]},{"id":4646,"url":"https:\/\/www.freidenker.org\/?p=4646","url_meta":{"origin":13731,"position":4},"title":"Offenes Freidenkertreffen vom 16. bis 18.03.2018 im Harz","author":"Webredaktion","date":"27. Februar 2018","format":false,"excerpt":"Die Landesverb\u00e4nde des DFV Niedersachsen und Sachsen-Anhalt laden vom 16. bis 18.03.2018 zu einer gemeinsamen Bildungsveranstaltung in den Harz nach Sankt Andreasberg ein. Diese Veranstaltung ist offen und dient nicht nur der politischen Bildung und dem Meinungsaustausch, sondern auch des gegenseitigen Kennenlernens. Dem Programm entsprechend spielt politische Bildung eine bedeutende\u2026","rel":"","context":"In &quot;Veranstaltungen in den DFV-Landesverb\u00e4nden&quot;","block_context":{"text":"Veranstaltungen in den DFV-Landesverb\u00e4nden","link":"https:\/\/www.freidenker.org\/?cat=19"},"img":{"alt_text":"Nerven, Quelle: https:\/\/pixabay.com\/de\/nerven-zellen-dendriten-sepia-3115722\/","src":"https:\/\/i0.wp.com\/www.freidenker.org\/fw17\/wp-content\/uploads\/2018\/02\/nerves-3115722_800x445_bearbeitet.jpg?fit=800%2C445&ssl=1&resize=350%2C200","width":350,"height":200,"srcset":"https:\/\/i0.wp.com\/www.freidenker.org\/fw17\/wp-content\/uploads\/2018\/02\/nerves-3115722_800x445_bearbeitet.jpg?fit=800%2C445&ssl=1&resize=350%2C200 1x, https:\/\/i0.wp.com\/www.freidenker.org\/fw17\/wp-content\/uploads\/2018\/02\/nerves-3115722_800x445_bearbeitet.jpg?fit=800%2C445&ssl=1&resize=525%2C300 1.5x, https:\/\/i0.wp.com\/www.freidenker.org\/fw17\/wp-content\/uploads\/2018\/02\/nerves-3115722_800x445_bearbeitet.jpg?fit=800%2C445&ssl=1&resize=700%2C400 2x"},"classes":[]},{"id":14613,"url":"https:\/\/www.freidenker.org\/?p=14613","url_meta":{"origin":13731,"position":5},"title":"Offenes Bildungswochenende: Dialektischer und historischer Materialismus","author":"Webredaktion","date":"5. November 2022","format":false,"excerpt":"Einladung zu einer Veranstaltung vom 18. bis 20.11.2022 in Quedlinburg Wie ist es bestellt, um Weltanschauung in unserer Welt und deren Grundlagen? Es ist heutzutage nicht einfach mit den Grundlagen weltanschaulichen Denkens, in der Regel findet sich die Gesellschaft auf idealistischen Pfaden, entsprechend der Beantwortung der Grundfrage einer jeden Philosophie.\u2026","rel":"","context":"In &quot;Veranstaltungen in den DFV-Landesverb\u00e4nden&quot;","block_context":{"text":"Veranstaltungen in den DFV-Landesverb\u00e4nden","link":"https:\/\/www.freidenker.org\/?cat=19"},"img":{"alt_text":"","src":"https:\/\/i0.wp.com\/www.freidenker.org\/fw17\/wp-content\/uploads\/2022\/11\/biwo_schsenanhalt_nov22_800x450.jpg?fit=800%2C450&ssl=1&resize=350%2C200","width":350,"height":200,"srcset":"https:\/\/i0.wp.com\/www.freidenker.org\/fw17\/wp-content\/uploads\/2022\/11\/biwo_schsenanhalt_nov22_800x450.jpg?fit=800%2C450&ssl=1&resize=350%2C200 1x, https:\/\/i0.wp.com\/www.freidenker.org\/fw17\/wp-content\/uploads\/2022\/11\/biwo_schsenanhalt_nov22_800x450.jpg?fit=800%2C450&ssl=1&resize=525%2C300 1.5x, https:\/\/i0.wp.com\/www.freidenker.org\/fw17\/wp-content\/uploads\/2022\/11\/biwo_schsenanhalt_nov22_800x450.jpg?fit=800%2C450&ssl=1&resize=700%2C400 2x"},"classes":[]}],"_links":{"self":[{"href":"https:\/\/www.freidenker.org\/index.php?rest_route=\/wp\/v2\/posts\/13731","targetHints":{"allow":["GET"]}}],"collection":[{"href":"https:\/\/www.freidenker.org\/index.php?rest_route=\/wp\/v2\/posts"}],"about":[{"href":"https:\/\/www.freidenker.org\/index.php?rest_route=\/wp\/v2\/types\/post"}],"author":[{"embeddable":true,"href":"https:\/\/www.freidenker.org\/index.php?rest_route=\/wp\/v2\/users\/3"}],"replies":[{"embeddable":true,"href":"https:\/\/www.freidenker.org\/index.php?rest_route=%2Fwp%2Fv2%2Fcomments&post=13731"}],"version-history":[{"count":0,"href":"https:\/\/www.freidenker.org\/index.php?rest_route=\/wp\/v2\/posts\/13731\/revisions"}],"wp:featuredmedia":[{"embeddable":true,"href":"https:\/\/www.freidenker.org\/index.php?rest_route=\/wp\/v2\/media\/13733"}],"wp:attachment":[{"href":"https:\/\/www.freidenker.org\/index.php?rest_route=%2Fwp%2Fv2%2Fmedia&parent=13731"}],"wp:term":[{"taxonomy":"category","embeddable":true,"href":"https:\/\/www.freidenker.org\/index.php?rest_route=%2Fwp%2Fv2%2Fcategories&post=13731"},{"taxonomy":"post_tag","embeddable":true,"href":"https:\/\/www.freidenker.org\/index.php?rest_route=%2Fwp%2Fv2%2Ftags&post=13731"}],"curies":[{"name":"wp","href":"https:\/\/api.w.org\/{rel}","templated":true}]}}