{"id":13664,"date":"2022-07-02T15:33:59","date_gmt":"2022-07-02T13:33:59","guid":{"rendered":"https:\/\/www.freidenker.org\/?p=13664"},"modified":"2022-08-18T01:35:09","modified_gmt":"2022-08-17T23:35:09","slug":"macht-uns-russland-nicht-zum-feind","status":"publish","type":"post","link":"https:\/\/www.freidenker.org\/?p=13664","title":{"rendered":"Macht uns Russland nicht zum Feind!"},"content":{"rendered":"<h5>Erkl\u00e4rung der Initiative <em>Frieden mit Russland<\/em> aus Hannover<\/h5>\n<p>Am 22. April 2022 sagte Olaf Scholz im Spiegel mit Blick auf den Krieg in der Ukraine: \u201e<em>Ich tue alles, um eine Eskalation zu verhindern, die zu einem dritten Weltkrieg f\u00fchrt<\/em>\u201c Diese Worte des Kanzlers sind inzwischen wertlos geworden, denn seine Taten stimmen mit seinen Worten nicht \u00fcberein.<\/p>\n<p><strong><span style=\"font-size: 14pt;\">Deutschlands Weg in den Krieg<\/span><\/strong><\/p>\n<p>Mit den anfangs z\u00f6gerlichen, dann massiven Waffen- und Munitionslieferungen an die Ukraine und durch die Ausbildung ukrainischer Soldaten auf deutschem Boden hat die Bundesregierung Deutschland zur Kriegspartei gemacht. Damit setzt sie uns alle der Gefahr eines sich nach ganz Europa ausweitenden Krieges aus. Das ist verantwortungslos! Mit dem 100-Milliarden Hochru\u0308stungsbeschluss des Bundestages vom 28. April 2022, der auch die Lieferung schwerer Waffen an die Ukraine beinhaltet, hat eine ganz gro\u00dfe Koalition aus Gru\u0308nen\/CDU\/CSU\/SPD und FDP die deutsche Politik auf Aufru\u0308stungs- und Eskalationskurs gegen Russland gebracht. Nach derzeitigem Stand (Mitte Juni) hat Deutschland bereits Milita\u0308rgu\u0308ter im Wert von 1,5 Milliarden Euro an die Ukraine geliefert und weitere zugesagt. Scholz hat sich der gef\u00e4hrlichen Strategie der US-Regierung und der britischen Regierung unterworfen, die mit immer neuen Waffenlieferungen auf eine milit\u00e4rische Eskalation und auf einen lang andauernden Krieg orientieren, statt auf Friedensverhandlungen und einen politischen Kompromiss.<\/p>\n<p>Gemeinsam mit dem franz\u00f6sischen Pr\u00e4sidenten Macron hatte Scholz noch bis Februar 2022 eine diplomatische L\u00f6sung zwischen Kiew, Washington und Moskau angestrebt. Die Ukraine sollte sich f\u00fcr politisch neutral erkl\u00e4ren und auf einen Beitritt zur Nato verzichten. Dies scheiterte an Kiew und an Washington. Nur wenig verklausuliert erkl\u00e4rte der ukrainische Pr\u00e4sident Selenski w\u00e4hrend der M\u00fcnchner Sicherheitskonferenz am 19. Februar \u00f6ffentlich, sein Land wolle sich atomar (wieder-) bewaffnen.<\/p>\n<p>Das ist eine ernstzunehmende Drohung, da die Ukraine aus dem Erbe der UdSSR \u00fcber ausreichend Ausgangsstoffe f\u00fcr Atombomben, sowie \u00fcber Tra\u0308gerwaffen und technologische Kenntnisse verf\u00fcgt. Vor dem Hintergrund der NATO-Osterweiterung hat diese Rede \u2013 neben dem von Moskau bef\u00fcrchteten Angriff ukrainischer Truppen auf die Krim und auf die von Kiew abtr\u00fcnnigen Volksrepubliken Donezk und Lugansk \u2013 vermutlich wesentlich zur russischen Entscheidung beigetragen, am 24. Februar 2022 in der Ukraine milit\u00e4risch zu intervenieren.<\/p>\n<p><strong><span style=\"font-size: 14pt;\">Deutschlands Weg in den wirtschaftlichen Niedergang<\/span><\/strong><\/p>\n<p>W\u00e4hrend der Mu\u0308nchner Sicherheitskonferenz hat die gr\u00fcne Au\u00dfenministerin Baerbock am 18. Februar 2022 get\u00f6nt: \u201e<em>Entschlossen sind wir mit Blick auf die Ma\u00dfnahmen, die wir f\u00fcr den Fall eines Vorgehens Russlands gegen die Ukraine vorbereiten. Diese Sanktionen w\u00e4ren pra\u0308zedenzlos und mit allen Partnern abgestimmt und vorbereitet. Wir als Deutschland sind bereit, selber daf\u00fcr einen hohen wirtschaftlichen Preis zu bezahlen.<\/em>\u201c Mit \u201ewir\u201c meint Baerbock nicht sich und ihresgleichen, sie meint die Mehrheit der Bev\u00f6lkerung in Deutschland. Wir sollen also einen hohen wirtschaftlichen Preis dafu\u0308r zahlen, Russland zu scha\u0308digen und die bankrotte und korrupte ukrainische Regierung und ihren Pra\u0308sidenten Selenski u\u0308ber Wasser zu halten.<\/p>\n<p>Diese Regierung ist alles andere als demokratisch. Innenpolitisch hat sie mittlerweile alle Oppositionsparteien verboten und eine Einparteien-Diktatur etabliert. Dieses autorita\u0308re Regime stu\u0308tzt sich auf den ukrainischen Geheimdienst SBU und diverse faschistische, terroristische Organisationen. Das ist zum einen die Asow-Bewegung, die sich zu einem Sammelbecken von militanten Faschisten aus mehr als 15 L\u00e4ndern entwickelt hat. Die Ideologie dieser Bewegung kn\u00fcpft an Vorstellungen der deutschen SS an, jedoch \u201emodernisiert\u201c mit Elementen der Macho- und Popkultur. Zum anderen sind es Organisation, die sich selbst in der Tradition der ukrainischen Nationalisten unter Stepan Bandera sehen, die sich als Mordgehilfen des Hitlerfaschismus hervorgetan haben. Welches Interesse soll die Bevo\u0308lkerung in Deutschland daran haben, ein solches Regime zu finanzieren?<\/p>\n<p>Au\u00dfenpolitisch ist das Selenski-Regime vo\u0308llig von US-amerikanischen, britischen und polnischen Milita\u0308r- und Politikberatern abha\u0308ngig. Die Regierung in Kiew gesteht ungeniert ein, dass sie pleite ist. Nach eigenen Angaben fehlen ihr monatlich allein fu\u0308nf Milliarden Dollar, um den normalen Staatsbetrieb aufrechtzuerhalten, von den Kriegskosten ganz abgesehen. Selenski fordert fu\u0308r seine Dienste gegen Russland ganz dreist Bezahlung durch die westlichen Industriestaaten. Die G7-Finanzminister haben einen Plan entwickelt, dem Regime in Kiew bis Jahresende 30 Milliarden Dollar zur Verfu\u0308gung zu stellen; teilweise als Kredit, teilweise als Geschenk. Von diesen 30 Milliarden soll Deutschland mehr als drei Milliarden aufbringen. Und das ist nur ein kleiner Teil des hohen Preises, den \u201ewir\u201c, wenn es nach der Gru\u0308nen Baerbock geht, zahlen sollen!<\/p>\n<p>Neben der Verschleuderung von Steuergeldern, die f\u00fcr Soziales, Gesundheit, Bildung und Infrastruktur bitter fehlen werden, wirken sich die antirussischen Sanktionen fu\u0308r die deutsche Wirtschaft nachteilig bis verheerend aus. Wenn eine verantwortungslose Nachwuchspolitikerin wie Baerbock in Bezug auf die antirussischen Sanktionen meint: \u201e<em>Das wird Russland ruinieren.<\/em>\u201c, so beim EU-Gipfel am 25. Februar 2022, dann irrt sie sich gewaltig. Die antirussischen Sanktionen scha\u0308digen hauptsa\u0308chlich den europa\u0308ischen Wirtschaftsraum und damit auch und gerade die deutsche Wirtschaft, die ohne preiswerte Energie aus Russland an Wettbewerbsfa\u0308higkeit einbu\u0308\u00dfen wird. Das kommt den Interessen der USA nach weltweiter Dominanz sehr gelegen einschlie\u00dflich neuer Absatzm\u00e4rkte f\u00fcr ihr Fracking-Gas.<\/p>\n<p>Russland, bzw. die UdSSR, hat u\u0308ber Jahrzehnte durch Gas- und Erdo\u0308llieferungen zuverla\u0308ssig und zu vergleichsweise niedrigen Preisen zur Sicherung der deutschen Energieversorgung beigetragen. Dagegen ist amerikanisches Fl\u00fcssiggas, das das \u201eRussengas\u201c ersetzen soll, umweltscha\u0308dlicher und rund drei- bis viermal so teuer wie russisches Pipeline-Erdgas. Der Versuch, Russland durch Boykott seiner Gas- Erdo\u0308l- und Kohleausfuhren zu scha\u0308digen, geht fu\u0308r die Initiatoren dieser Politik nach hinten los. Russland hat genu\u0308gend andere zahlungskra\u0308ftige Abnehmer fu\u0308r seine Produkte; mit China und Indien sind nur die gro\u0308\u00dften genannt. Das ist so irrsinnig wie die hohen Spritpreise in Deutschland: Ergebnis der Spekulation an den Bo\u0308rsen und der Sanktionspolitik, die die EU im Schlepptau der USA betreibt. Es deutet sich an, dass diese Preisexplosion erst der Beginn einer noch schamloseren Politik zur Ausplu\u0308nderung und Verarmung gro\u00dfer Teile der Bevo\u0308lkerung in Deutschland ist!<\/p>\n<p>Der fru\u0308here Bundespra\u0308sident Gauck, ein notorischer Russland-Hasser, schwadronierte im Ma\u0308rz u\u0308ber den Boykott russischer Gas- und Erdo\u0308llieferungen: \u201e<em>Wir ko\u0308nnen auch einmal frieren fu\u0308r die Freiheit<\/em>\u201c und man ko\u0308nne auch mal \u201e<em>ein paar Jahre weniger Lebensglu\u0308ck<\/em>\u201c hinnehmen. Wirtschaftsminister Habeck, der anla\u0308sslich seines USA-Besuches am 1. Ma\u0308rz 2022 mit vasallenhafter Unterwu\u0308rfigkeit in Bezug auf die US-Politik zum Ausdruck brachte: \u201e<em>Je sta\u0308rker Deutschland dient, umso gro\u0308\u00dfer ist seine Rolle.<\/em>\u201c, bastelt bereits an der Umsetzung dieses Programms und denkt an eine Art von \u201e<em>Zwangsfrieren gegen Putin<\/em>\u201c.<\/p>\n<p><strong>So muss es nicht kommen! Wir sagen ganz entschieden Nein zu dieser Politik. Wir sind f\u00fcr Deeskalation statt Konfrontation.<\/strong><\/p>\n<ul>\n<li><span style=\"font-size: 14pt;\"><strong>Schluss mit den Waffenlieferungen in die Ukraine! <\/strong><\/span><\/li>\n<li><span style=\"font-size: 14pt;\"><strong>Friedensverhandlungen statt Dritter Weltkrieg!<\/strong><\/span><\/li>\n<li><span style=\"font-size: 14pt;\"><strong>Schluss mit der preistreibenden Sanktionspolitik! <\/strong><\/span><\/li>\n<li><span style=\"font-size: 14pt;\"><strong>Interessenausgleich mit Russland statt Inflation und Ruin der deutschen Wirtschaft!<\/strong><\/span><\/li>\n<\/ul>\n<p><span style=\"font-size: 10pt;\">Erstver\u00f6ffentlichung am 28.06.2022\u00a0 auf <a href=\"https:\/\/frieden-mit-russland.com\/2022\/06\/28\/macht-uns-russland-nicht-zum-feind\/\" target=\"_blank\" rel=\"noopener\">frieden-mit-russland.com<\/a><\/span><\/p>\n<hr \/>\n<p><img data-recalc-dims=\"1\" loading=\"lazy\" decoding=\"async\" data-attachment-id=\"1076\" data-permalink=\"https:\/\/www.freidenker.org\/?attachment_id=1076\" data-orig-file=\"https:\/\/i0.wp.com\/www.freidenker.org\/fw17\/wp-content\/uploads\/2017\/10\/pdf_icon-2.png?fit=32%2C32&amp;ssl=1\" data-orig-size=\"32,32\" data-comments-opened=\"0\" data-image-meta=\"{&quot;aperture&quot;:&quot;0&quot;,&quot;credit&quot;:&quot;&quot;,&quot;camera&quot;:&quot;&quot;,&quot;caption&quot;:&quot;&quot;,&quot;created_timestamp&quot;:&quot;0&quot;,&quot;copyright&quot;:&quot;&quot;,&quot;focal_length&quot;:&quot;0&quot;,&quot;iso&quot;:&quot;0&quot;,&quot;shutter_speed&quot;:&quot;0&quot;,&quot;title&quot;:&quot;&quot;,&quot;orientation&quot;:&quot;0&quot;}\" data-image-title=\"pdf_icon\" data-image-description=\"\" data-image-caption=\"\" data-large-file=\"https:\/\/i0.wp.com\/www.freidenker.org\/fw17\/wp-content\/uploads\/2017\/10\/pdf_icon-2.png?fit=32%2C32&amp;ssl=1\" class=\"alignnone size-full wp-image-1076\" src=\"https:\/\/i0.wp.com\/www.freidenker.org\/fw17\/wp-content\/uploads\/2017\/10\/pdf_icon-2.png?resize=32%2C32&#038;ssl=1\" alt=\"\" width=\"32\" height=\"32\" \/> Die <a href=\"https:\/\/www.freidenker.org\/fw17\/wp-content\/uploads\/2022\/07\/Macht_uns_Russland_nicht_zum_Feind-.pdf\" target=\"_blank\" rel=\"noopener\">Erkl\u00e4rung als PDF-Dokument<\/a> ansehen oder herunterladen (ca. 722 KB)<\/p>\n<hr \/>\n<p><span style=\"font-size: 10pt;\">Bild: <a href=\"https:\/\/pixabay.com\/de\/illustrations\/flagge-russland-deutschland-nation-1989793\/\" target=\"_blank\" rel=\"noopener\">pixabay.com<\/a> \/ <a class=\"hover_opacity\" href=\"https:\/\/pixabay.com\/de\/users\/alexey_hulsov-388655\/\">Alexey_Hulsov<\/a> \/ <a href=\"https:\/\/pixabay.com\/de\/service\/license\/\">Pixabay License<\/a><br \/>\n<\/span><\/p>\n","protected":false},"excerpt":{"rendered":"<p><b>Erkl\u00e4rung der Initiative <i>Frieden mit Russland<\/i> aus Hannover<\/b><br \/>\nAm 22. April 2022 sagte Olaf Scholz im Spiegel mit Blick auf den Krieg in der Ukraine: \u201e<i>Ich tue alles, um eine Eskalation zu verhindern, die zu einem dritten Weltkrieg f\u00fchrt<\/i>\u201c Diese Worte des Kanzlers sind inzwischen wertlos geworden, denn seine Taten stimmen mit seinen Worten nicht \u00fcberein. Mit den anfangs z\u00f6gerlichen, dann massiven Waffen- und Munitionslieferungen an die Ukraine und durch die Ausbildung ukrainischer Soldaten auf deutschem Boden hat die Bundesregierung Deutschland zur Kriegspartei gemacht. Damit setzt sie uns alle der Gefahr eines sich nach ganz Europa ausweitenden Krieges aus. Das ist verantwortungslos! Mit dem 100-Milliarden Hochru\u0308stungsbeschluss des Bundestages vom 28. April 2022, der auch die Lieferung schwerer Waffen an die Ukraine beinhaltet, hat eine ganz gro\u00dfe Koalition aus Gru\u0308nen\/CDU\/CSU\/SPD und FDP die deutsche Politik auf Aufru\u0308stungs- und Eskalationskurs gegen Russland gebracht.<\/p>\n","protected":false},"author":3,"featured_media":13667,"comment_status":"closed","ping_status":"closed","sticky":false,"template":"","format":"standard","meta":{"colormag_page_container_layout":"default_layout","colormag_page_sidebar_layout":"default_layout","advanced_seo_description":"","jetpack_seo_html_title":"","jetpack_seo_noindex":false,"jetpack_post_was_ever_published":false,"footnotes":""},"categories":[13],"tags":[699,452,1527,222,422,639,1525],"class_list":["post-13664","post","type-post","status-publish","format-standard","has-post-thumbnail","hentry","category-frieden-antifaschismus-solidaritaet","tag-aussenpolitik","tag-deutschland","tag-kriegspartei","tag-russland","tag-ruestung","tag-ukraine-konflikt","tag-waffenlieferungen"],"jetpack_featured_media_url":"https:\/\/i0.wp.com\/www.freidenker.org\/fw17\/wp-content\/uploads\/2022\/07\/flag-de-ru_800x445.jpg?fit=800%2C445&ssl=1","jetpack_shortlink":"https:\/\/wp.me\/p9stpK-3yo","jetpack-related-posts":[{"id":14099,"url":"https:\/\/www.freidenker.org\/?p=14099","url_meta":{"origin":13664,"position":0},"title":"Ein kleiner Krieg","author":"Webredaktion","date":"3. September 2022","format":false,"excerpt":"Gedicht von Lucie Sponheimer Raketen, Waffen aller Art \/ Fordert die Ukraine nun in einem fort \/ Damit, ist uns allen klar, \/ Beteiligen auch wir uns an dem Russenmord. Doch unsre Regierung findet nichts dabei \/ Sie will halt Russland ruinieren \/ Und stimmt mit ein, in\u2018s Kriegsgeschrei. Ein\u2026","rel":"","context":"In &quot;Frieden - Antifaschismus - Solidarit\u00e4t&quot;","block_context":{"text":"Frieden - Antifaschismus - Solidarit\u00e4t","link":"https:\/\/www.freidenker.org\/?cat=13"},"img":{"alt_text":"","src":"https:\/\/i0.wp.com\/www.freidenker.org\/fw17\/wp-content\/uploads\/2022\/09\/EU_officials_visited_Bucha_800x450.jpg?fit=800%2C450&ssl=1&resize=350%2C200","width":350,"height":200,"srcset":"https:\/\/i0.wp.com\/www.freidenker.org\/fw17\/wp-content\/uploads\/2022\/09\/EU_officials_visited_Bucha_800x450.jpg?fit=800%2C450&ssl=1&resize=350%2C200 1x, https:\/\/i0.wp.com\/www.freidenker.org\/fw17\/wp-content\/uploads\/2022\/09\/EU_officials_visited_Bucha_800x450.jpg?fit=800%2C450&ssl=1&resize=525%2C300 1.5x, https:\/\/i0.wp.com\/www.freidenker.org\/fw17\/wp-content\/uploads\/2022\/09\/EU_officials_visited_Bucha_800x450.jpg?fit=800%2C450&ssl=1&resize=700%2C400 2x"},"classes":[]},{"id":24364,"url":"https:\/\/www.freidenker.org\/?p=24364","url_meta":{"origin":13664,"position":1},"title":"14.02.2026 M\u00fcnchen: Den Frieden gewinnen, nicht den Krieg","author":"Webredaktion","date":"6. Februar 2026","format":false,"excerpt":"Aufruf zur Protestdemo gegen die \"M\u00fcnchner Sicherheitskonferenz\" 2026 Wir protestieren gegen den NATO-Kriegsrat, euphemistisch \u201eSicherheitskonferenz\u201c genannt, der vom 13. bis 15. Februar 2026 in M\u00fcnchen tagt. Am Samstag den 14. Februar tragen wir unseren Protest in M\u00fcnchen auf die Stra\u00dfe. Wer den Frieden will, muss den Kriegsministern laut und deutlich\u2026","rel":"","context":"In &quot;Frieden - Antifaschismus - Solidarit\u00e4t&quot;","block_context":{"text":"Frieden - Antifaschismus - Solidarit\u00e4t","link":"https:\/\/www.freidenker.org\/?cat=13"},"img":{"alt_text":"","src":"https:\/\/i0.wp.com\/www.freidenker.org\/fw17\/wp-content\/uploads\/2026\/02\/Siko_Muenchen_2026_1600x900.jpg?fit=1200%2C674&ssl=1&resize=350%2C200","width":350,"height":200,"srcset":"https:\/\/i0.wp.com\/www.freidenker.org\/fw17\/wp-content\/uploads\/2026\/02\/Siko_Muenchen_2026_1600x900.jpg?fit=1200%2C674&ssl=1&resize=350%2C200 1x, https:\/\/i0.wp.com\/www.freidenker.org\/fw17\/wp-content\/uploads\/2026\/02\/Siko_Muenchen_2026_1600x900.jpg?fit=1200%2C674&ssl=1&resize=525%2C300 1.5x, https:\/\/i0.wp.com\/www.freidenker.org\/fw17\/wp-content\/uploads\/2026\/02\/Siko_Muenchen_2026_1600x900.jpg?fit=1200%2C674&ssl=1&resize=700%2C400 2x, https:\/\/i0.wp.com\/www.freidenker.org\/fw17\/wp-content\/uploads\/2026\/02\/Siko_Muenchen_2026_1600x900.jpg?fit=1200%2C674&ssl=1&resize=1050%2C600 3x"},"classes":[]},{"id":13846,"url":"https:\/\/www.freidenker.org\/?p=13846","url_meta":{"origin":13664,"position":2},"title":"100 Milliarden f\u00fcr uns statt f\u00fcr ihre Kriege!","author":"Webredaktion","date":"24. Juli 2022","format":false,"excerpt":"Rede von Sebastian Bahlo auf der Kundgebung \"100 Milliarden f\u00fcr uns statt f\u00fcr ihre Kriege!\" am 23.07.2022 in Frankfurt am Main Wir protestieren gegen die unvern\u00fcnftige, sch\u00e4dliche und gef\u00e4hrliche Konfrontationspolitik der Bundesregierung gegen Ru\u00dfland. Wir protestieren gegen einen 100-Milliarden-Kriegskredit, den wir in Form von Steuererh\u00f6hungen zur\u00fcckzahlen sollen. Wir protestieren gegen\u2026","rel":"","context":"In &quot;Frieden - Antifaschismus - Solidarit\u00e4t&quot;","block_context":{"text":"Frieden - Antifaschismus - Solidarit\u00e4t","link":"https:\/\/www.freidenker.org\/?cat=13"},"img":{"alt_text":"","src":"https:\/\/i0.wp.com\/www.freidenker.org\/fw17\/wp-content\/uploads\/2022\/07\/Kundgebung-23.07.2022-800x445-1.jpg?fit=800%2C445&ssl=1&resize=350%2C200","width":350,"height":200,"srcset":"https:\/\/i0.wp.com\/www.freidenker.org\/fw17\/wp-content\/uploads\/2022\/07\/Kundgebung-23.07.2022-800x445-1.jpg?fit=800%2C445&ssl=1&resize=350%2C200 1x, https:\/\/i0.wp.com\/www.freidenker.org\/fw17\/wp-content\/uploads\/2022\/07\/Kundgebung-23.07.2022-800x445-1.jpg?fit=800%2C445&ssl=1&resize=525%2C300 1.5x, https:\/\/i0.wp.com\/www.freidenker.org\/fw17\/wp-content\/uploads\/2022\/07\/Kundgebung-23.07.2022-800x445-1.jpg?fit=800%2C445&ssl=1&resize=700%2C400 2x"},"classes":[]},{"id":18845,"url":"https:\/\/www.freidenker.org\/?p=18845","url_meta":{"origin":13664,"position":3},"title":"&#8222;Gerechter Friede&#8220;?","author":"Webredaktion","date":"20. April 2024","format":false,"excerpt":"Scholz ist das Problem, nicht die L\u00f6sung \u2013 Kanzler blitzt in China ab Beitrag von Gert Ewen Ungar Es gehe ihm um einen gerechten Frieden, behauptet Scholz, wenn er \u00fcber die Ukraine spricht. \"Gerechter Frieden f\u00fcr die Ukraine\" ist die neue rhetorische Verpackung f\u00fcr das immer gleiche Ziel: Der Ukraine\u2026","rel":"","context":"In &quot;Demokratie \u2013 Medien \u2013 Aufkl\u00e4rung&quot;","block_context":{"text":"Demokratie \u2013 Medien \u2013 Aufkl\u00e4rung","link":"https:\/\/www.freidenker.org\/?cat=12"},"img":{"alt_text":"","src":"https:\/\/i0.wp.com\/www.freidenker.org\/fw17\/wp-content\/uploads\/2024\/04\/Scholz_in_Slowenien_53612855283_Ausschnitt_800x450.jpg?fit=800%2C450&ssl=1&resize=350%2C200","width":350,"height":200,"srcset":"https:\/\/i0.wp.com\/www.freidenker.org\/fw17\/wp-content\/uploads\/2024\/04\/Scholz_in_Slowenien_53612855283_Ausschnitt_800x450.jpg?fit=800%2C450&ssl=1&resize=350%2C200 1x, https:\/\/i0.wp.com\/www.freidenker.org\/fw17\/wp-content\/uploads\/2024\/04\/Scholz_in_Slowenien_53612855283_Ausschnitt_800x450.jpg?fit=800%2C450&ssl=1&resize=525%2C300 1.5x, https:\/\/i0.wp.com\/www.freidenker.org\/fw17\/wp-content\/uploads\/2024\/04\/Scholz_in_Slowenien_53612855283_Ausschnitt_800x450.jpg?fit=800%2C450&ssl=1&resize=700%2C400 2x"},"classes":[]},{"id":16234,"url":"https:\/\/www.freidenker.org\/?p=16234","url_meta":{"origin":13664,"position":4},"title":"Die Russland-Sanktionen und der Geist des Versailler Vertrags","author":"Webredaktion","date":"3. Juni 2023","format":false,"excerpt":"Beitrag von Gert-Ewen Ungar Deutschland ist als gesellschaftliche Entit\u00e4t erneut aus der Zivilisation gefallen und wieder im Zustand der Barbarei angekommen. Das war schon vor dem 24. Februar 2022 der Fall, es blieb jedoch noch verdeckt. Mit dem Einmarsch Russlands in die Ukraine wurde es ganz offenbar. Deutschland ist ein\u2026","rel":"","context":"In &quot;Frieden - Antifaschismus - Solidarit\u00e4t&quot;","block_context":{"text":"Frieden - Antifaschismus - Solidarit\u00e4t","link":"https:\/\/www.freidenker.org\/?cat=13"},"img":{"alt_text":"","src":"https:\/\/i0.wp.com\/www.freidenker.org\/fw17\/wp-content\/uploads\/2023\/06\/Treaty_of_Versailles_Reparations_800x445.jpg?fit=800%2C445&ssl=1&resize=350%2C200","width":350,"height":200,"srcset":"https:\/\/i0.wp.com\/www.freidenker.org\/fw17\/wp-content\/uploads\/2023\/06\/Treaty_of_Versailles_Reparations_800x445.jpg?fit=800%2C445&ssl=1&resize=350%2C200 1x, https:\/\/i0.wp.com\/www.freidenker.org\/fw17\/wp-content\/uploads\/2023\/06\/Treaty_of_Versailles_Reparations_800x445.jpg?fit=800%2C445&ssl=1&resize=525%2C300 1.5x, https:\/\/i0.wp.com\/www.freidenker.org\/fw17\/wp-content\/uploads\/2023\/06\/Treaty_of_Versailles_Reparations_800x445.jpg?fit=800%2C445&ssl=1&resize=700%2C400 2x"},"classes":[]},{"id":21542,"url":"https:\/\/www.freidenker.org\/?p=21542","url_meta":{"origin":13664,"position":5},"title":"Merz will \u201eTaurus\u201c liefern","author":"Webredaktion","date":"24. April 2025","format":false,"excerpt":"K\u00fcnftiger Kanzler verst\u00f6\u00dft vor Amtsantritt gegen den Amtseid \u2013 und beweist seine Ahnungslosigkeit Ein Kommentar von Tilo Gr\u00e4ser Der allen Voraussetzungen nach n\u00e4chste deutsche Bundeskanzler Friedrich Merz (CDU) hat bereits vor Amtsantritt angek\u00fcndigt, dass er seinen Amtseid brechen wird. Er tat das am Sonntag in der ARD-Sendung \u201eCaren Miosga\u201c, in\u2026","rel":"","context":"In &quot;Demokratie \u2013 Medien \u2013 Aufkl\u00e4rung&quot;","block_context":{"text":"Demokratie \u2013 Medien \u2013 Aufkl\u00e4rung","link":"https:\/\/www.freidenker.org\/?cat=12"},"img":{"alt_text":"","src":"https:\/\/i0.wp.com\/www.freidenker.org\/fw17\/wp-content\/uploads\/2025\/04\/Wahlkampf_mit_Friedrich_Merz_in_Erfurt_2024_STP_3071_800x450.jpg?fit=800%2C450&ssl=1&resize=350%2C200","width":350,"height":200,"srcset":"https:\/\/i0.wp.com\/www.freidenker.org\/fw17\/wp-content\/uploads\/2025\/04\/Wahlkampf_mit_Friedrich_Merz_in_Erfurt_2024_STP_3071_800x450.jpg?fit=800%2C450&ssl=1&resize=350%2C200 1x, https:\/\/i0.wp.com\/www.freidenker.org\/fw17\/wp-content\/uploads\/2025\/04\/Wahlkampf_mit_Friedrich_Merz_in_Erfurt_2024_STP_3071_800x450.jpg?fit=800%2C450&ssl=1&resize=525%2C300 1.5x, https:\/\/i0.wp.com\/www.freidenker.org\/fw17\/wp-content\/uploads\/2025\/04\/Wahlkampf_mit_Friedrich_Merz_in_Erfurt_2024_STP_3071_800x450.jpg?fit=800%2C450&ssl=1&resize=700%2C400 2x"},"classes":[]}],"_links":{"self":[{"href":"https:\/\/www.freidenker.org\/index.php?rest_route=\/wp\/v2\/posts\/13664","targetHints":{"allow":["GET"]}}],"collection":[{"href":"https:\/\/www.freidenker.org\/index.php?rest_route=\/wp\/v2\/posts"}],"about":[{"href":"https:\/\/www.freidenker.org\/index.php?rest_route=\/wp\/v2\/types\/post"}],"author":[{"embeddable":true,"href":"https:\/\/www.freidenker.org\/index.php?rest_route=\/wp\/v2\/users\/3"}],"replies":[{"embeddable":true,"href":"https:\/\/www.freidenker.org\/index.php?rest_route=%2Fwp%2Fv2%2Fcomments&post=13664"}],"version-history":[{"count":0,"href":"https:\/\/www.freidenker.org\/index.php?rest_route=\/wp\/v2\/posts\/13664\/revisions"}],"wp:featuredmedia":[{"embeddable":true,"href":"https:\/\/www.freidenker.org\/index.php?rest_route=\/wp\/v2\/media\/13667"}],"wp:attachment":[{"href":"https:\/\/www.freidenker.org\/index.php?rest_route=%2Fwp%2Fv2%2Fmedia&parent=13664"}],"wp:term":[{"taxonomy":"category","embeddable":true,"href":"https:\/\/www.freidenker.org\/index.php?rest_route=%2Fwp%2Fv2%2Fcategories&post=13664"},{"taxonomy":"post_tag","embeddable":true,"href":"https:\/\/www.freidenker.org\/index.php?rest_route=%2Fwp%2Fv2%2Ftags&post=13664"}],"curies":[{"name":"wp","href":"https:\/\/api.w.org\/{rel}","templated":true}]}}