{"id":13655,"date":"2022-06-30T23:47:16","date_gmt":"2022-06-30T21:47:16","guid":{"rendered":"https:\/\/www.freidenker.org\/?p=13655"},"modified":"2022-07-22T02:14:17","modified_gmt":"2022-07-22T00:14:17","slug":"die-eu-kaempft-gegen-desinformation","status":"publish","type":"post","link":"https:\/\/www.freidenker.org\/?p=13655","title":{"rendered":"Die EU k\u00e4mpft gegen Desinformation?"},"content":{"rendered":"<h4>Von wegen, sie will nur das Monopol darauf!<\/h4>\n<p><strong>Es gibt die Notl\u00fcge, die einfache L\u00fcge und die Statistik. Und dann gibt es noch die EU. Der EU-Au\u00dfenbeauftragte Josep Borrell hat gerade mal wieder gezeigt, wie man es schafft, jeder Wahrheit erfolgreich aus dem Weg zu gehen. <\/strong><\/p>\n<p><em>von <strong>Dagmar Henn<\/strong><\/em><\/p>\n<p><span style=\"font-size: 10pt;\">Erstver\u00f6ffentlichung am 25.06.2022 auf <a href=\"https:\/\/test.rtde.tech\/meinung\/141628-eu-kampft-gegen-desinformation-von\/\" target=\"_blank\" rel=\"noopener\">RT DE<\/a><\/span><\/p>\n<p>Ach, die arme EU \u2026 Da k\u00e4mpft sie seit Jahren erbittert gegen Desinformation, schafft eine Instanz um die andere, schaltet Sender ab, sperrt Nachrichtenkan\u00e4le \u2026 Und dann ist das alles vergebens, weil sie die Desinformation selbst lautstark in die Welt hinausruft.<\/p>\n<p>So geschehen j\u00fcngst durch den EU-Au\u00dfenbeauftragten Josep Borrell. Der sich doch tats\u00e4chlich hinstellte und sagte:<\/p>\n<blockquote><p><em>&#8222;Es ist der Krieg, der zu Preissteigerungen und zur Verknappung von Energie und Lebensmitteln f\u00fchrt. Und ich m\u00f6chte betonen, dass es nicht die europ\u00e4ischen Sanktionen sind, die diese Krise verursachen. Unsere Sanktionen zielen weder auf Lebensmittel noch auf D\u00fcngemittel ab.&#8220;<\/em><\/p><\/blockquote>\n<p>Nun hatte Borrell einst Luftfahrttechnik und Wirtschaftswissenschaften studiert. Man m\u00fcsste also annehmen, dass er auf der einen Seite imstande ist, chemische, und auf der anderen, wirtschaftliche Prozesse zu begreifen. Im Gegensatz zu Bundeswirtschaftsminister Robert Habeck, dessen Verst\u00e4ndnis von \u00d6konomie nach vier Jahren im Ministeramt vielleicht ausreicht, eine einfache Bilanz zu lesen.<\/p>\n<p>Wenn Habeck M\u00e4rchen erz\u00e4hlt, kann das auf mangelndem Wissen und fehlendem Verstand beruhen. Diese Entschuldigung hat Borrell nicht. Er m\u00fcsste noch wissen, dass die EU erst im vergangenen Sommer Sanktionen gegen Wei\u00dfrussland verh\u00e4ngt hat, die explizit den gr\u00f6\u00dften wei\u00dfrussischen D\u00fcngemittelhersteller einschlossen. Kalid\u00fcnger wird nun einmal vor allem aus Wei\u00dfrussland und Russland importiert. Um das abzufragen, ben\u00f6tigt man nur einen kurzen Suchlauf auf Google.<\/p>\n<p>Und weil der Herr Wirtschaft studiert hat, wei\u00df er auch, dass es nicht erforderlich ist, einzelne Produkte zu sanktionieren, wenn man die Transportwege sabotiert. Oder die Zahlungswege. Weil auch Russland nicht so dumm ist, Waren ohne Bezahlung zu liefern. Also, wie steht es mit der M\u00f6glichkeit des Imports von Kalid\u00fcnger?<\/p>\n<p>Dann ist da noch der Stickstoffd\u00fcnger. Der wurde weitgehend in der EU selbst produziert. Wurde. Denn die Produktion ist zum einen sehr energieintensiv und ben\u00f6tigt zum anderen Erdgas als Rohstoff. Die ersten Meldungen, dass die Stickstoffd\u00fcngerproduktion stillsteht, stammten schon aus dem M\u00e4rz. Das ist also ein Problem, das man sehr fr\u00fch h\u00e4tte wahrnehmen und beseitigen k\u00f6nnen. Aber was soll&#8217;s, Hauptsache, die Ukraine darf weiter den Donbass beschie\u00dfen.<\/p>\n<p>Was die Transporte angeht, gibt es da diese kleinen Versicherungsprobleme, die daf\u00fcr sorgen, dass Sanktionen immer deutlich weiter reichen, als es auf dem Papier steht. Das kann man wissen. Auch das kursierte als Nachricht schon sehr fr\u00fch, als n\u00e4mlich gemeldet wurde, dass f\u00fcr russisches \u00d6l keine Tanker mehr zu chartern sind, weil die Charterfirmen keine Versicherung mehr bekommen, weil die Versicherungen f\u00fcrchten, dass sich die Sanktionspolitik versch\u00e4rft, w\u00e4hrend die Fracht noch unterwegs ist. Klar, irgendein Journalist aus einer Kleinstadtzeitung (sofern es diese noch gibt) muss das nicht wissen. Aber der EU-Beauftragte f\u00fcr Au\u00dfenpolitik, studierter Wirtschaftswissenschaftler noch dazu? Der kann nur wissentlich gelogen haben.<\/p>\n<p>Und nat\u00fcrlich setzt sich der Mangel an D\u00fcngemitteln in einen absehbaren Mangel an Lebensmitteln um. D\u00fcnger wird schlie\u00dflich nicht deshalb eingesetzt, weil den Bauern, w\u00e4hrend das Getreide w\u00e4chst, langweilig ist und sie etwas auf die Felder werfen wollen. Es gibt einen direkten rechnerischen Zusammenhang zwischen der Menge des verf\u00fcgbaren D\u00fcngers und der Gr\u00f6\u00dfe des Ertrags. Was bedeutet, jede Sanktion, die D\u00fcngemittel erwischt, hat Auswirkungen auf die Lebensmittel.<\/p>\n<p>Aber da sind wir noch lange nicht am Ende angekommen. Der Herr Wirtschaftswissenschaftler Borrell hat sicher schon einmal geh\u00f6rt, dass in der EU viel Gem\u00fcse aus Treibhauszucht stammt. Vermutlich ist ihm dieses Gem\u00fcse sogar, sollte er selbst einkaufen gehen, schon einmal leibhaftig begegnet. Und es braucht nicht viel \u00f6konomischen Sachverstand, um zu wissen, dass eine Menge dieser Treibh\u00e4user beheizt werden, um die Anbauzeit zu verl\u00e4ngern. Womit heizt man? Beispielsweise mit Erdgas. Ehe der Klimaschutzwahn zum offiziellen Glauben erkl\u00e4rt wurde, galt Erdgas sogar als besonders saubere Energie. Was passiert also, wenn die zum Beheizen der Treibh\u00e4user erforderliche Energie teurer wird? Die Anbauzeit verk\u00fcrzt sich auf jenen Teil des Jahres, in dem es von allein warm genug ist. Und was bedeutet das f\u00fcr die verf\u00fcgbare Menge Nahrungsmittel? Sie schrumpft.<\/p>\n<p>Wie gesagt, Borrell ist Wirtschaftswissenschaftler. Er kann nat\u00fcrlich behaupten, er habe sich w\u00e4hrend seines gesamten Studiums nur mit Aktienderivaten und Hypothekenpapieren besch\u00e4ftigt und \u00fcberhaupt keine Ahnung von der Entstehung so realer, k\u00f6rperlicher Dinge wie Nahrungsmittel, aber das ist doch etwas schwieriger als bei Habeck.<\/p>\n<p>Muss man noch hinzuf\u00fcgen, dass landwirtschaftliche Maschinen Treibstoffe ben\u00f6tigen, selbst Melkmaschinen ohne Strom nicht laufen und die Viehzucht in Europa inzwischen in Etappen stattfindet und die Tiere zwischendrin transportiert werden, also der Zuchtbetrieb nicht der Mastbetrieb ist? Die Liste l\u00e4sst sich wirklich fast unbegrenzt verl\u00e4ngern. Es ist im Grunde absolut simpel. Leicht verf\u00fcgbare Energie ist der Lebensatem einer industriellen Gesellschaft; nimmt man sie weg, kann man wieder pers\u00f6nlich den Holzpflug ziehen.<\/p>\n<p>Wer die Versorgung mit Energie blockiert, betreibt schlicht Sabotage an der modernen Gesellschaft. Im wahrsten Sinne des Wortes, denn das Wort Sabotage stammt vom Wort Sabot f\u00fcr Holzschuh, und zwar f\u00fcr Holzschuhe, die franz\u00f6sische Weber einmal in Webmaschinen geworfen haben, die ihre Handarbeit \u00fcberfl\u00fcssig machten. Borrell wirft seinen Holzschuh in die Gesellschaft des 21. Jahrhunderts.<\/p>\n<p>Wobei er eigentlich ebenso wissen m\u00fcsste, dass auch die h\u00fcbsche moderne Fassade aus Webservern und Internetbestellungen ordentlich Energie ben\u00f6tigt. Irgendwo habe ich einmal gelesen, dass eine einzige Anfrage bei Google so viel Strom verbraucht wie eine 70-Watt-Gl\u00fchbirne im Lauf eines ganzen Jahres. Vielleicht hat sich Borrell deshalb nicht vorab auf den Stand gebracht, was alles von den Sanktionen getroffen wird, die angeblich weder D\u00fcnge- noch Nahrungsmittel betreffen \u2026<\/p>\n<p>Was Borrell als Au\u00dfenbeauftragter der EU ebenfalls wissen m\u00fcsste, ist, wie viel die EU und ihre Mitgliedsl\u00e4nder in diesem Jahr an das Weltern\u00e4hrungsprogramm gespendet haben und ob dieser Betrag vielleicht unter jenen der Vorjahre liegt. Nein, das wei\u00df er bestimmt, aber er sagt es nicht. So wie er auch nicht sagt, dass es ukrainische Seeminen sind, die die Schifffahrt im Schwarzen Meer behindern. Und wie er nicht sagt, dass die absolut enthemmte Gelddruckerei, die die Europ\u00e4ische Zentralbank genauso betreibt wie die US-amerikanische Fed, wenn auch mit nicht ganz derselben Leidenschaft, ein klein wenig mit der Inflation zu tun hat, die ja mitnichten auf Europa und die USA beschr\u00e4nkt bleibt, sondern all die L\u00e4nder mit betrifft, die jetzt Hunger f\u00fcrchten m\u00fcssen. Klar, konnte niemand ahnen. Sind ja keine Wirtschaftswissenschaftler \u2013 halt, Borrell \u2013 nun, man kann nicht immer all die vielen Zusammenh\u00e4nge im Kopf behalten.<\/p>\n<p>Wie den zwischen dem Einbruch im Welthandel und den Corona-Ma\u00dfnahmen in Europa. Oder dem des Hungers und anderen europ\u00e4ischen Sanktionen, gegen Syrien beispielsweise, gegen den Libanon, gegen Afghanistan und so weiter und so weiter, die sicher alle nicht gegen Lebensmittel gerichtet sind, aber dann irgendwie doch Lebensmittel treffen. Das sind einfach zu viele Zusammenh\u00e4nge f\u00fcr so einen kleinen Kopf.<\/p>\n<p>Was aber den Vorwurf betrifft, Russland begehe ein &#8222;Kriegsverbrechen&#8220;, weil es angeblich am Hunger schuld sei, h\u00e4tte er sich zuvor vielleicht doch mit Habeck absprechen sollen. Der hatte schlie\u00dflich bereits erkl\u00e4rt, so 100.000 Hungertote sei die Freiheit der Ukraine schon wert; er hat sich also \u00f6ffentlich bereits zu diesem Kollateralschaden bekannt. Da bleibt er dem gro\u00dfen gr\u00fcnen Vorbild Madeleine Albright treu. Und Borrell stiehlt ihm jetzt geradezu die Lorbeeren, indem er Russland beschuldigt. Eigentlich m\u00fcsste Habeck jetzt aufstehen und laut rufen: &#8222;Ich bin es! Ich, nicht Putin!&#8220; Sonst entgeht ihm die Gelegenheit, von dem gr\u00fcnen Gefolge so verehrt zu werden wie die Kinderm\u00f6rderin Albright.<\/p>\n<p>Denn das ist hier ein Wettbewerb in Unmenschlichkeit. W\u00e4re das Leben der Ukrainer wichtig, h\u00e4tte der Krieg l\u00e4ngst mit einer Kapitulation geendet. W\u00e4re das Leben der Menschen au\u00dferhalb Europas wichtig, w\u00e4ren diese kriminellen Sanktionen l\u00e4ngst zur\u00fcckgezogen worden. W\u00e4re das Leben der Menschen in Europa wichtig, ebenfalls. Aber Borrell wie Habeck kennen nur das Wohl der Milliard\u00e4re.<\/p>\n<p>Und das ist so wichtig, das ist schon ein paar L\u00fcgen wert. Nicht wahr, Herr Borrell?<\/p>\n<p style=\"text-align: right;\"><em>Dagmar Henn ist Mitglied des Deutschen Freidenker-Verbandes<\/em><\/p>\n<hr \/>\n<p><span style=\"font-size: 10pt;\">Bild oben: Josep Borrell i Fontelles, Hoher Vertreter der EU f\u00fcr Au\u00dfen- und Sicherheitspolitik (2018)<\/span><br \/>\n<span style=\"font-size: 10pt;\">Foto: Spanisches Ministerium f\u00fcr ausw\u00e4rtige Angelegenheiten und Zusammenarbeit, <a href=\"https:\/\/creativecommons.org\/licenses\/by-nc-nd\/2.0\/\" target=\"_blank\" rel=\"noopener\">CC BY-NC-ND 2.0<\/a><\/span><br \/>\n<span style=\"font-size: 10pt;\">Quelle: <a href=\"https:\/\/www.flickr.com\/photos\/fotomaec\/28278993217\" target=\"_blank\" rel=\"noopener\">https:\/\/www.flickr.com\/photos\/fotomaec\/28278993217<\/a><\/span><\/p>\n","protected":false},"excerpt":{"rendered":"<p><b>Beitrag von Dagmar Henn<\/b><br \/>\nAch, die arme EU \u2026 Da k\u00e4mpft sie seit Jahren erbittert gegen Desinformation, schafft eine Instanz um die andere, schaltet Sender ab, sperrt Nachrichtenkan\u00e4le \u2026 Und dann ist das alles vergebens, weil sie die Desinformation selbst lautstark in die Welt hinausruft. So geschehen j\u00fcngst durch den EU-Au\u00dfenbeauftragten Josep Borrell. Der sich doch tats\u00e4chlich hinstellte und sagte: &#8222;Es ist der Krieg, der zu Preissteigerungen und zur Verknappung von Energie und Lebensmitteln f\u00fchrt. Und ich m\u00f6chte betonen, dass es nicht die europ\u00e4ischen Sanktionen sind, die diese Krise verursachen. Unsere Sanktionen zielen weder auf Lebensmittel noch auf D\u00fcngemittel ab.&#8220; Nun hatte Borrell einst Luftfahrttechnik und Wirtschaftswissenschaften studiert. &#8230;<\/p>\n","protected":false},"author":3,"featured_media":13656,"comment_status":"closed","ping_status":"closed","sticky":false,"template":"","format":"standard","meta":{"colormag_page_container_layout":"default_layout","colormag_page_sidebar_layout":"default_layout","advanced_seo_description":"","jetpack_seo_html_title":"","jetpack_seo_noindex":false,"jetpack_post_was_ever_published":false,"footnotes":""},"categories":[11],"tags":[605,627,1477,182,746,719,639,629],"class_list":["post-13655","post","type-post","status-publish","format-standard","has-post-thumbnail","hentry","category-arbeit-soziales","tag-desinformation","tag-energiepolitik","tag-ernaehrung","tag-eu","tag-kriegsverbrechen","tag-sanktionen","tag-ukraine-konflikt","tag-welthandel"],"jetpack_featured_media_url":"https:\/\/i0.wp.com\/www.freidenker.org\/fw17\/wp-content\/uploads\/2022\/06\/borrell_800x450.jpg?fit=800%2C450&ssl=1","jetpack_shortlink":"https:\/\/wp.me\/p9stpK-3yf","jetpack-related-posts":[{"id":16407,"url":"https:\/\/www.freidenker.org\/?p=16407","url_meta":{"origin":13655,"position":0},"title":"Die G\u00e4rten des Josep Borrell","author":"Webredaktion","date":"5. Juli 2023","format":false,"excerpt":"Beitrag von Gert Ewen Ungar Mit einem rassistischen, chauvinistischen\u00a0Statement\u00a0sorgte der Au\u00dfenbeauftragte der EU, Josep Borrell, im Oktober des vergangenen Jahres f\u00fcr Aufsehen. Die EU sei der Garten, der Rest der Welt ein Dschungel, lie\u00df der Chefdiplomat seine Zuh\u00f6rer wissen.\u00a0 Inzwischen sieht es in der EU deutlich mehr nach Dschungel aus\u2026","rel":"","context":"In &quot;Demokratie \u2013 Medien \u2013 Aufkl\u00e4rung&quot;","block_context":{"text":"Demokratie \u2013 Medien \u2013 Aufkl\u00e4rung","link":"https:\/\/www.freidenker.org\/?cat=12"},"img":{"alt_text":"","src":"https:\/\/i0.wp.com\/www.freidenker.org\/fw17\/wp-content\/uploads\/2023\/07\/Josep_Borrell_52359673274_800x450.jpg?fit=800%2C450&ssl=1&resize=350%2C200","width":350,"height":200,"srcset":"https:\/\/i0.wp.com\/www.freidenker.org\/fw17\/wp-content\/uploads\/2023\/07\/Josep_Borrell_52359673274_800x450.jpg?fit=800%2C450&ssl=1&resize=350%2C200 1x, https:\/\/i0.wp.com\/www.freidenker.org\/fw17\/wp-content\/uploads\/2023\/07\/Josep_Borrell_52359673274_800x450.jpg?fit=800%2C450&ssl=1&resize=525%2C300 1.5x, https:\/\/i0.wp.com\/www.freidenker.org\/fw17\/wp-content\/uploads\/2023\/07\/Josep_Borrell_52359673274_800x450.jpg?fit=800%2C450&ssl=1&resize=700%2C400 2x"},"classes":[]},{"id":24107,"url":"https:\/\/www.freidenker.org\/?p=24107","url_meta":{"origin":13655,"position":1},"title":"Die EU im Krieg gegen die Wahrheit","author":"Webredaktion","date":"2. Januar 2026","format":false,"excerpt":"Kommentar von Tilo Gr\u00e4ser. \u201eDie Meinungsfreiheit\u00a0ist f\u00fcr die Demokratie unerl\u00e4sslich. Sie bedeutet, dass sich jeder an politischen Diskussionen beteiligen kann, und die Medien k\u00f6nnen jene, die die Macht haben, zur Rechenschaft ziehen.\u201c Das ist auf der Webseite des Europarates zur Europ\u00e4ischen Menschenrechtskonvention (EMRK) zu lesen. Weiter hei\u00dft es da: \u201eFreie,\u2026","rel":"","context":"In &quot;Demokratie \u2013 Medien \u2013 Aufkl\u00e4rung&quot;","block_context":{"text":"Demokratie \u2013 Medien \u2013 Aufkl\u00e4rung","link":"https:\/\/www.freidenker.org\/?cat=12"},"img":{"alt_text":"","src":"https:\/\/i0.wp.com\/www.freidenker.org\/fw17\/wp-content\/uploads\/2026\/01\/sanktionen_ki-bild-erstellen.de_800x450.jpg?fit=800%2C450&ssl=1&resize=350%2C200","width":350,"height":200,"srcset":"https:\/\/i0.wp.com\/www.freidenker.org\/fw17\/wp-content\/uploads\/2026\/01\/sanktionen_ki-bild-erstellen.de_800x450.jpg?fit=800%2C450&ssl=1&resize=350%2C200 1x, https:\/\/i0.wp.com\/www.freidenker.org\/fw17\/wp-content\/uploads\/2026\/01\/sanktionen_ki-bild-erstellen.de_800x450.jpg?fit=800%2C450&ssl=1&resize=525%2C300 1.5x, https:\/\/i0.wp.com\/www.freidenker.org\/fw17\/wp-content\/uploads\/2026\/01\/sanktionen_ki-bild-erstellen.de_800x450.jpg?fit=800%2C450&ssl=1&resize=700%2C400 2x"},"classes":[]},{"id":5501,"url":"https:\/\/www.freidenker.org\/?p=5501","url_meta":{"origin":13655,"position":2},"title":"Merkel und EU wollen Wahrheitsministerium","author":"Webredaktion","date":"27. Oktober 2018","format":false,"excerpt":"In der Rubrik Tagesdosis wurde am 26.10.2018 bei KenFM der Beitrag \u201eMerkel und EU wollen Wahrheitsministerium\u201c von Sebatian Bahlo, Stellvertretender Vorsitzender des Deutschen Freidenker-Verbandes, ver\u00f6ffentlicht. Am 17.10.2018 gab Bundeskanzlerin Merkel im Bundestag eine Regierungserkl\u00e4rung zum bevorstehenden \u201eEurop\u00e4ischen Rat\u201c ab. Zwischen wohlbekannten Allgemeinpl\u00e4tzen, Auslassungen zum \u201eBrexit\u201c, der den unbotm\u00e4\u00dfigen Briten nat\u00fcrlich\u2026","rel":"","context":"In &quot;Demokratie \u2013 Medien \u2013 Aufkl\u00e4rung&quot;","block_context":{"text":"Demokratie \u2013 Medien \u2013 Aufkl\u00e4rung","link":"https:\/\/www.freidenker.org\/?cat=12"},"img":{"alt_text":"","src":"https:\/\/i0.wp.com\/www.freidenker.org\/fw17\/wp-content\/uploads\/2018\/10\/angela_merkel_ttip_caricature_800x445.jpg?fit=800%2C445&ssl=1&resize=350%2C200","width":350,"height":200,"srcset":"https:\/\/i0.wp.com\/www.freidenker.org\/fw17\/wp-content\/uploads\/2018\/10\/angela_merkel_ttip_caricature_800x445.jpg?fit=800%2C445&ssl=1&resize=350%2C200 1x, https:\/\/i0.wp.com\/www.freidenker.org\/fw17\/wp-content\/uploads\/2018\/10\/angela_merkel_ttip_caricature_800x445.jpg?fit=800%2C445&ssl=1&resize=525%2C300 1.5x, https:\/\/i0.wp.com\/www.freidenker.org\/fw17\/wp-content\/uploads\/2018\/10\/angela_merkel_ttip_caricature_800x445.jpg?fit=800%2C445&ssl=1&resize=700%2C400 2x"},"classes":[]},{"id":15198,"url":"https:\/\/www.freidenker.org\/?p=15198","url_meta":{"origin":13655,"position":3},"title":"Neue EU-Zensurkriterien: Widerspruch ist Majest\u00e4tsbeleidigung","author":"Webredaktion","date":"11. Februar 2023","format":false,"excerpt":"Beitrag von Dagmar Henn Wer sich mit Geschichte befasst, wei\u00df, dass Ereignisse oft noch nach Jahrzehnten und Jahrhunderten verschieden gedeutet werden und die Ermittlung einer objektiven Wahrheit m\u00fchselig bleibt, selbst wenn das Ergebnis keinerlei Auswirkungen auf die Gegenwart mehr hat. Die einzige Lehre, die sich daraus ziehen lie\u00dfe, w\u00e4re, mit\u2026","rel":"","context":"In &quot;Demokratie \u2013 Medien \u2013 Aufkl\u00e4rung&quot;","block_context":{"text":"Demokratie \u2013 Medien \u2013 Aufkl\u00e4rung","link":"https:\/\/www.freidenker.org\/?cat=12"},"img":{"alt_text":"","src":"https:\/\/i0.wp.com\/www.freidenker.org\/fw17\/wp-content\/uploads\/2023\/02\/eu-5837837_800x450.jpg?fit=800%2C450&ssl=1&resize=350%2C200","width":350,"height":200,"srcset":"https:\/\/i0.wp.com\/www.freidenker.org\/fw17\/wp-content\/uploads\/2023\/02\/eu-5837837_800x450.jpg?fit=800%2C450&ssl=1&resize=350%2C200 1x, https:\/\/i0.wp.com\/www.freidenker.org\/fw17\/wp-content\/uploads\/2023\/02\/eu-5837837_800x450.jpg?fit=800%2C450&ssl=1&resize=525%2C300 1.5x, https:\/\/i0.wp.com\/www.freidenker.org\/fw17\/wp-content\/uploads\/2023\/02\/eu-5837837_800x450.jpg?fit=800%2C450&ssl=1&resize=700%2C400 2x"},"classes":[]},{"id":22532,"url":"https:\/\/www.freidenker.org\/?p=22532","url_meta":{"origin":13655,"position":4},"title":"EU-Meinungszensur geht auch Amerika was an","author":"Webredaktion","date":"5. August 2025","format":false,"excerpt":"Kommentar von\u00a0Rainer Rupp. Die Tatsache, dass die Redefreiheit in der EU bedroht ist, wei\u00df inzwischen jeder politisch interessierte Mensch, der nicht die Vorgaben der Eliten und ihrer medialen Sprachrohre wiederk\u00e4ut, sondern versucht, sich unabh\u00e4ngig eine Meinung zu bilden. Dem wollen die demokratisch nicht legitimierten EU-B\u00fcrokraten in Br\u00fcssel einen Riegel vorschieben,\u2026","rel":"","context":"In &quot;Demokratie \u2013 Medien \u2013 Aufkl\u00e4rung&quot;","block_context":{"text":"Demokratie \u2013 Medien \u2013 Aufkl\u00e4rung","link":"https:\/\/www.freidenker.org\/?cat=12"},"img":{"alt_text":"","src":"https:\/\/i0.wp.com\/www.freidenker.org\/fw17\/wp-content\/uploads\/2025\/08\/eu-vs-usa_cc-by-20_c_800x450.jpg?fit=800%2C450&ssl=1&resize=350%2C200","width":350,"height":200,"srcset":"https:\/\/i0.wp.com\/www.freidenker.org\/fw17\/wp-content\/uploads\/2025\/08\/eu-vs-usa_cc-by-20_c_800x450.jpg?fit=800%2C450&ssl=1&resize=350%2C200 1x, https:\/\/i0.wp.com\/www.freidenker.org\/fw17\/wp-content\/uploads\/2025\/08\/eu-vs-usa_cc-by-20_c_800x450.jpg?fit=800%2C450&ssl=1&resize=525%2C300 1.5x, https:\/\/i0.wp.com\/www.freidenker.org\/fw17\/wp-content\/uploads\/2025\/08\/eu-vs-usa_cc-by-20_c_800x450.jpg?fit=800%2C450&ssl=1&resize=700%2C400 2x"},"classes":[]},{"id":23904,"url":"https:\/\/www.freidenker.org\/?p=23904","url_meta":{"origin":13655,"position":5},"title":"Die EU und der Fall Mogherini","author":"Webredaktion","date":"16. Dezember 2025","format":false,"excerpt":"Beitrag von Pierre L\u00e9vy Die fr\u00fchere EU-Au\u00dfenbeauftragte Federica Mogherini gibt ihren Posten an einer Eliteuniversit\u00e4t auf. Ihr wurde Betrug im Zusammenhang mit EU-Geldern vorgeworfen. Doch was steckt wirklich dahinter? Die Szene ist nicht allt\u00e4glich: Am 2.\u00a0Dezember wird Federica Mogherini auf Antrag der EU-Staatsanwaltschaft von der belgischen Polizei festgenommen. Wie zwei\u2026","rel":"","context":"In &quot;Demokratie \u2013 Medien \u2013 Aufkl\u00e4rung&quot;","block_context":{"text":"Demokratie \u2013 Medien \u2013 Aufkl\u00e4rung","link":"https:\/\/www.freidenker.org\/?cat=12"},"img":{"alt_text":"","src":"https:\/\/i0.wp.com\/www.freidenker.org\/fw17\/wp-content\/uploads\/2025\/12\/Federica_Mogherini_09_800x450.jpg?fit=800%2C450&ssl=1&resize=350%2C200","width":350,"height":200,"srcset":"https:\/\/i0.wp.com\/www.freidenker.org\/fw17\/wp-content\/uploads\/2025\/12\/Federica_Mogherini_09_800x450.jpg?fit=800%2C450&ssl=1&resize=350%2C200 1x, https:\/\/i0.wp.com\/www.freidenker.org\/fw17\/wp-content\/uploads\/2025\/12\/Federica_Mogherini_09_800x450.jpg?fit=800%2C450&ssl=1&resize=525%2C300 1.5x, https:\/\/i0.wp.com\/www.freidenker.org\/fw17\/wp-content\/uploads\/2025\/12\/Federica_Mogherini_09_800x450.jpg?fit=800%2C450&ssl=1&resize=700%2C400 2x"},"classes":[]}],"_links":{"self":[{"href":"https:\/\/www.freidenker.org\/index.php?rest_route=\/wp\/v2\/posts\/13655","targetHints":{"allow":["GET"]}}],"collection":[{"href":"https:\/\/www.freidenker.org\/index.php?rest_route=\/wp\/v2\/posts"}],"about":[{"href":"https:\/\/www.freidenker.org\/index.php?rest_route=\/wp\/v2\/types\/post"}],"author":[{"embeddable":true,"href":"https:\/\/www.freidenker.org\/index.php?rest_route=\/wp\/v2\/users\/3"}],"replies":[{"embeddable":true,"href":"https:\/\/www.freidenker.org\/index.php?rest_route=%2Fwp%2Fv2%2Fcomments&post=13655"}],"version-history":[{"count":0,"href":"https:\/\/www.freidenker.org\/index.php?rest_route=\/wp\/v2\/posts\/13655\/revisions"}],"wp:featuredmedia":[{"embeddable":true,"href":"https:\/\/www.freidenker.org\/index.php?rest_route=\/wp\/v2\/media\/13656"}],"wp:attachment":[{"href":"https:\/\/www.freidenker.org\/index.php?rest_route=%2Fwp%2Fv2%2Fmedia&parent=13655"}],"wp:term":[{"taxonomy":"category","embeddable":true,"href":"https:\/\/www.freidenker.org\/index.php?rest_route=%2Fwp%2Fv2%2Fcategories&post=13655"},{"taxonomy":"post_tag","embeddable":true,"href":"https:\/\/www.freidenker.org\/index.php?rest_route=%2Fwp%2Fv2%2Ftags&post=13655"}],"curies":[{"name":"wp","href":"https:\/\/api.w.org\/{rel}","templated":true}]}}