{"id":13631,"date":"2022-06-30T22:21:24","date_gmt":"2022-06-30T20:21:24","guid":{"rendered":"https:\/\/www.freidenker.org\/?p=13631"},"modified":"2022-07-22T02:13:54","modified_gmt":"2022-07-22T00:13:54","slug":"die-friedensbewegung-und-der-usa-nato-stellvertreterkrieg-gegen-russland-in-der-ukraine","status":"publish","type":"post","link":"https:\/\/www.freidenker.org\/?p=13631","title":{"rendered":"Die Friedensbewegung und der USA\/NATO-Stellvertreterkrieg gegen Russland in der Ukraine"},"content":{"rendered":"<p><i>Doris Pumphrey schlie\u00dft mit diesem Beitrag an ihren Vortrag zur &#8222;Friedensbewegung am Scheideweg&#8220; an (<a class=\"moz-txt-link-freetext\" href=\"https:\/\/www.freidenker.org\/?p=12515\">https:\/\/www.freidenker.org\/?p=12515<\/a>). Inzwischen haben sich die Aufrufe zu Friedensdemonstrationen\u00a0 teilweise ver\u00e4ndert, insbesondere beginnen sie nicht mehr mit dem &#8222;Gru\u00df vor dem Ge\u00dflerhut&#8220;, \u00e0 la\u00a0 &#8222;der v\u00f6lkerrechtswidrige Angriffskrieg Russlands &#8230;&#8220; etc.<\/i><\/p>\n<p><i>Die Autorin schreibt, der neue Text <\/i><i>&#8222;beinhaltet\u00a0 auch die Kritik an dem Aufruf des sehr breiten B\u00fcndnisses, das am Samstag [02.07.2022] die erste gro\u00dfe Demo in Berlin haben wird. Gut m\u00f6glich, dass diese politische Verschleierung die Grundlage der Friedensbewegung in n\u00e4chster Zeit sein wird,\u00a0 weil f\u00fcr viele in der Friedensbewegung das breite B\u00fcndnis per se das wichtigste ist. Widerstand gegen das 100-Milliarden-Programm f\u00fcr die Bundeswehr ohne die politische Begr\u00fcndung, den Zusammenhang und das Ziel zu nennen und das auch noch auf die Ideologie der \u00c4quidistanz zu gr\u00fcnden! Da werden viele mitmachen, da wird man dann stolz sein auf die Breite und Gr\u00f6\u00dfe der Demos und tr\u00e4gt doch nur zur Verschleierung bei.&#8220;<\/i><\/p>\n<p><i>Wir folgern daraus: <\/i><i><b>Wer nicht &#8222;Nein zu allen Sanktionen gegen Russland&#8220; sagt , leistet keinen Beitrag zum Frieden.<\/b><\/i><\/p>\n<p style=\"text-align: right;\"><em>Webredaktion<\/em><\/p>\n<hr \/>\n<h4>Die Friedensbewegung und der USA\/NATO-Stellvertreterkrieg gegen Russland in der Ukraine<\/h4>\n<p><em>von\u00a0<strong>Doris Pumphrey<\/strong><\/em><\/p>\n<p><span style=\"font-size: 10pt;\">Vortrag, gehalten am 23.06.2022 auf einer Veranstaltung der Rotfuchs-Regionalgruppe Berlin Treptow-K\u00f6penick<br \/>\n<\/span><\/p>\n<p>Destabilisierung im post-sowjetischen Raum durch sogenannte <em>Farbenrevolutionen<\/em> mit Hilfe von NGOs und die Politik zur Eind\u00e4mmung Russlands durch die NATO-Osterweiterung charakterisieren die Politik von USA\/NATO seit dem Zusammenbruch der Sowjetunion.<\/p>\n<p>In den letzten Jahren spielten die einseitigen Aufk\u00fcndigungen von R\u00fcstungskontrollvertr\u00e4gen durch die USA und vor allem die Ausdehnung der NATO nach Osten auf immer mehr L\u00e4nder sowie deren Aufr\u00fcstung und Einbeziehung in NATO-Man\u00f6ver an Russlands Grenzen nat\u00fcrlich eine besondere Rolle in der Arbeit der Friedensbewegung.<\/p>\n<p>Allerdings war die Friedensbewegung insgesamt ruhig geblieben gegen\u00fcber der wachsenden anti-russischen Hetze, die nach dem Beitritt der Krim zur Russischen F\u00f6deration 2014 einen ersten H\u00f6hepunkt erreichte.<\/p>\n<p>USA\/NATO hatten schnell die V\u00f6lkerrechtskarte gegen Russland aus der untersten Schublade hervorgezogen. Die massiv einsetzende Anti-Putin-Hysterie wirkte einsch\u00fcchternd und l\u00e4hmend auf jene in der Friedensbewegung, die Angst hatten, als \u201ePutin-Versteher\u201c gebrandmarkt zu werden.<\/p>\n<p>In der traditionellen Friedensbewegung spielte zudem die Frage, ob der Beitritt der Krim zur Russischen F\u00f6deration vom V\u00f6lkerrecht gedeckt war, z. T. eine gr\u00f6\u00dfere Rolle als die Einsicht, dass mit dem Beitritt der Plan der USA vereitelt wurde, aus Sewastopol einen US\/NATO-St\u00fctzpunkt gegen Russland zu machen, womit eine h\u00f6chst friedensgef\u00e4hrdende Situation entstanden w\u00e4re.<\/p>\n<p>Mit der orchestrierten Anti-Russland-Hysterie wuchs in der Bev\u00f6lkerung die Sorge um einen Krieg gegen Russland und im Fr\u00fchjahr 2014 gingen Tausende in vielen St\u00e4dten zu Mahnwachen f\u00fcr den Frieden. Diese Mahnwachen waren au\u00dferhalb und unabh\u00e4ngig der traditionellen Strukturen der bundesdeutschen Friedensbewegung entstanden, die in gro\u00dfen Teilen nur sehr langsam auf das, was sich in der Ukraine zusammenbraute, reagierte.<\/p>\n<p>Die Herrschenden witterten eine Gefahr: Wenn die Mobilisierung der neu entstandenen Mahnwachen f\u00fcr den Frieden zu gemeinsamen Antikriegsaktionen mit der traditionellen Friedensbewegung f\u00fchrt, k\u00f6nnte eine neue, m\u00e4chtigere Friedensbewegung entstehen. Das musste unter allen Umst\u00e4nden verhindert werden. So wurde eine Kampagne in Gang gesetzt, um die Mahnwachen \u2013 eine politisch unerfahrene Bewegung mit z. T. diffusen Vorstellungen \u2013 als \u201erechts\u201c zu diffamieren.<\/p>\n<p>Wir k\u00f6nnen davon ausgehen, dass auch die NATO-Geheimdienste aktiv waren, nach dem Muster: <em>Schick ein paar Rechte oder Neonazis in die N\u00e4he einer Bewegung und schon wird sie f\u00fcr Linke \u201eunber\u00fchrbar\u201c.<\/em><\/p>\n<p>Da sich die Mahnwachen weder als links noch als rechts definierten, wurden sie als \u201eQuerfront\u201c denunziert. Wie konnte man aber von j\u00fcngeren, unerfahrenen Teilnehmern der Mahnwachen erwarten, dass sie sich links einordnen, wenn in einer Linkspartei \u2013 deren F\u00fchrungspersonal sich noch dazu von den Mahnwachen ausdr\u00fccklich distanzierte \u2013 Transatlantiker f\u00fchrende Rollen spielten und Positionen vertreten wurden wie die von <em>BAK-Shalom<\/em>?<\/p>\n<p>Statt ihre eigenen Erfahrungen bei den Mahnwachen einzubringen und aufkl\u00e4rend zu wirken, beteiligten sich nicht wenige aus linken und friedenspolitischen Reihen an der Hetze gegen die Mahnwachen. Mit dem verheerenden Ergebnis, dass viele der Mobilisierten sich schlie\u00dflich zur\u00fcckzogen, weil sie nicht als \u201eRechte\u201c oder \u201eNazis\u201c beschimpft werden wollten. Damit wurde eine Chance zur Erweiterung, Verj\u00fcngung und St\u00e4rkung der Friedensbewegung vergeben \u2013 ganz im Interesse der NATO-Kriegstreiber und im Sinne ihrer Ideologen.<\/p>\n<p>Im geostrategischen Kampf der USA gegen Russland spielt die Ukraine eine besondere Rolle. Sie ist f\u00fcr die USA nur Mittel zum Zweck. Mit Hilfe ihrer europ\u00e4ischen NATO-Vasallen wurde die Ukraine systematisch zum faschistisch gepr\u00e4gten Bollwerk gegen Russland aufgebaut. Nach dem von den USA gesponserte Staatsstreich 2014 in Kiew haben die NATO-Verb\u00fcndeten Zehntausende ukrainische Soldaten trainiert und ausger\u00fcstet. Der Sprecher des Pentagon <a href=\"https:\/\/cooptv.wordpress.com\/2022\/05\/12\/pentagonsprecher-john-kirby-usa-haben-die-ukraine-8-jahre-lang-auf-diese-art-von-krieg-mit-russland-vorbereitet\/\">John Kirby<\/a> br\u00fcstete sich im Mai, dass die USA mit ihren Verb\u00fcndeten die ukrainische Armee seit acht Jahren mit gro\u00dfem Aufwand f\u00fcr den Krieg vorbereitet h\u00e4tten.<\/p>\n<p>Der Krieg in der Ukraine begann nicht am 24. Februar 2022, sondern acht Jahre zuvor, als im April 2014 die Truppen des Kiewer Putsch-Regimes mit Hilfe von Nazi-Bataillonen und R\u00fcckendeckung des Westens den antifaschistischen Aufstand der russischen Bev\u00f6lkerung im Donbass angriffen. Obwohl diesem Krieg zirka 14.000 Menschen zum Opfer fielen und rund 1,5 Millionen Menschen vertrieben wurden, fand er hierzulande kaum Beachtung, ganz zu schweigen von Anteilnahme, weder in der Politik noch in den Medien und kaum in der Friedensbewegung<\/p>\n<p>Das Minsk-II-Abkommen von 2015 zeichnete den politischen Fahrplan vor, um in direkten Verhandlungen zwischen den beiden Parteien den Konflikt friedlich zu l\u00f6sen. Garantiem\u00e4chte waren Frankreich Deutschland und Russland. Die Donbass-Republiken waren dazu bereit, doch in den folgenden Jahren sabotierten Kiew, Frankreich und Deutschland systematisch die Umsetzung des Abkommens. Offensichtlich sollte der Krieg weiter eskalieren, vor allem im Interesse der USA. Der ukrainische Pr\u00e4sident Poroschenko, der das Minsk-II-Abkommen unterzeichnet hatte, <a href=\"https:\/\/pressefreiheit.rtde.tech\/europa\/141340-poroschenko-minsker-abkommen-ii-diente\/\">erkl\u00e4rte<\/a> vor kurzem, er habe nie vorgehabt, das Abkommen umzusetzen, es diente nur als Ablenkung, um ein starkes Milit\u00e4r aufzubauen.<\/p>\n<p>Im Jahr 2019 hatte die <em>RAND-Corporation<\/em>, eine dem Pentagon nahestehende Denkfabrik, ein Strategiepapier ver\u00f6ffentlicht mit dem Titel \u201eRussland \u00fcberdehnen und aus dem Gleichgewicht bringen\u201c (<a href=\"https:\/\/www.rand.org\/content\/dam\/rand\/pubs\/research_briefs\/RB10000\/RB10014\/RAND_RB10014.pdf\">Overextending and Unbalancing Russia<\/a>) mit einem Katalog von Ma\u00dfnahmen zur Schw\u00e4chung Russlands. Die wichtigste Ma\u00dfnahme zielte darauf ab, die Ukraine als \u201edie gr\u00f6\u00dfte externe Verwundbarkeit Russlands auszunutzen\u201c, sie zu bewaffnen und milit\u00e4risch zu beraten, um einen Konflikt mit Russland zu entfachen.<\/p>\n<p>In einem <a href=\"https:\/\/www.atlanticcouncil.org\/in-depth-research-reports\/report\/thwarting-kremlin-aggression-today-for-constructive-relations-tomorrow\/#h-v-goals\">Bericht<\/a> der NATO-Denkfabrik <em>Atlantic Council<\/em> in den USA, hei\u00dft es: \u201eDas Ziel Washingtons sollte die Vertreibung der Russen aus der Ostukraine sein.\u201c<\/p>\n<p>Am 24. M\u00e4rz 2021 hatte der ukrainische Pr\u00e4sident Selenskij ein Dekret unterschrieben das \u201ef\u00fcr besondere Aufmerksamkeit\u201c sorgte, wie die <a href=\"https:\/\/www.berliner-zeitung.de\/politik-gesellschaft\/ukraine-li.150872\">Berliner Zeitung<\/a> berichtete. Es ging um die milit\u00e4rische Wiedereingliederung der Donbass-Republiken und der Krim in den ukrainischen Staat. Die Regierung erhielt den Auftrag, einen entsprechenden \u201eAktionsplan\u201c zu entwickeln.<\/p>\n<p>Dazu wurden zum Jahreswechsel zirka 150.000 Soldaten im Osten konzentriert. Laut OSZE intensivierten die Kiewer Truppen im Februar ihre Angriffe auf Wohngebiete im Donbass mit Artilleriegranaten und Raketen massiv. Die Beh\u00f6rden der beiden Donbass-Republiken begannen die Zivilbev\u00f6lkerung (etwa 100.000) zu evakuieren und nach Russland zu bringen.<\/p>\n<p>Angefeuert und ausger\u00fcstet von den USA, stand ukrainisches Milit\u00e4r mit seinen Nazi-Bataillonen offenbar kurz davor, den Donbass zu \u00fcberfallen und ihn ethnisch zu s\u00e4ubern. Mit der <a href=\"https:\/\/russische-botschaft.ru\/de\/2022\/02\/23\/erklaerung-des-russischen-aussenministeriums-zur-anerkennung-der-volksrepubliken-donezk-und-lugansk-als-unabhaengige-staaten\/\">Anerkennung<\/a> der beiden Volksrepubliken Donezk und Lugansk als unabh\u00e4ngige Staaten am 21. Februar und den mit ihnen geschlossenen Vertr\u00e4gen \u00fcber Freundschaft und gegenseitigen Beistand, konnte Russland mit der am 24. Februar folgenden <em>Sonderoperation zur Entnazifizierung und Entmilitarisierung<\/em><em> der Ukraine<\/em>, die Ausf\u00fchrung dieses Plans vereiteln.<\/p>\n<h5>Der 24. Februar 2022 stellt die Friedensbewegung vor ganz neue Probleme<\/h5>\n<p>Die moralische Emp\u00f6rung des \u201eWertewestens\u201c \u2013 der pl\u00f6tzlich das V\u00f6lkerrecht unter seinen Stiefeln hervorzog \u2013 und die den russischen Pr\u00e4sidenten seit Jahren entmenschlichende Hetze entluden sich in einer be\u00e4ngstigenden Welle kollektiver Medien-Hysterie gegen Russland.<\/p>\n<p>Jene Kr\u00e4fte, die sich jahrzehntelang bem\u00fcht hatten, die eigene Geschichte zu verdr\u00e4ngen, die Stalingrad nie verwinden konnten, waren sp\u00fcrbar erleichtert, vom Befreier befreit zu sein und entsorgten nun endg\u00fcltig ihre Schuld \u2013 froh, ihre Russophobie und ihren Antikommunismus als Friedensfreunde gegen Russland und russische Menschen ausleben zu k\u00f6nnen.<\/p>\n<p>Und jene Politiker, die mit ihrer blau-gelben Begeisterung und devoten Haltung gegen\u00fcber der US-Marionette Selenskij und dem Nazi-Verehrer Melnyk die <em>Operation Barbarossa<\/em> vergessen machen wollen, ma\u00dfen sich die Rolle des moralischen Lehrmeisters gegen\u00fcber Russland an.<\/p>\n<p>Das Ausma\u00df selbstgerechter Heuchelei und moralisch aufgeladener Emp\u00f6rung, die in diesem Land hochschwappte, ist beispiellos. Da standen sie nun \u2013 in verlogener Ersch\u00fctterung \u00fcber den \u201eersten Krieg in Europa seit 1945\u201c! Das Blut an ihren H\u00e4nden von den Bomben auf Jugoslawien glaubten sie schon l\u00e4ngst abgewaschen und vergessen.<\/p>\n<p>Der <strong>Anti-Putin-Tsunami<\/strong> \u00fcberrollte jedes rationale Nachdenken. \u201ePutin-Versteher\u201c bereuten und verbeugten sich vor ihren frohlockenden Gegnern, Erkl\u00e4rungen von Linken waren durchtr\u00e4nkt von moralischer Emp\u00f6rung.<\/p>\n<p>Gregor Gysi hatte in einer <a href=\"https:\/\/www.youtube.com\/watch?v=sgKpFwpvDEc\">Brandrede im April 2014<\/a> im Bundestag den be\u00e4ngstigenden Einfluss der Faschisten anhand der personellen Besetzung der ukrainischen Regierung und von deren Sicherheitsstrukturen belegt. Nur weil diese Akteure bei den folgenden Wahlen keine hohen politischen Posten mehr innehatten und aufgrund seiner v\u00f6lligen Ignoranz der weiteren Entwicklung in der Ukraine, nicht nur des faschistischen Einflusses auf Politik und Gesellschaft, sondern auch des achtj\u00e4hrigen Krieges, den Kiew gegen die russischsprachige Bev\u00f6lkerung im Donbass f\u00fchrte, konnte <a href=\"https:\/\/www.youtube.com\/watch?v=95OV1DVfUZ8\">Gysi im Februar 2022<\/a> \u2013 ohne rot zu werden \u2013 erkl\u00e4ren: \u201eRusslands Argumente von Genozid und Entnazifizierung sind v\u00f6lliger Bl\u00f6dsinn\u201c und diese \u201eBehauptung Putins\u201c mit der USA-Regierungsl\u00fcge \u00fcber Massenvernichtungswaffen im Irak vergleichen.<\/p>\n<p>\u00dcber den Einfluss der rechtsextremen Nationalisten in der Ukraine schrieb selbst die von der Bundesregierung finanzierte \u201e<a href=\"https:\/\/www.swp-berlin.org\/publikation\/donbas-konflikt-schwieriger-friedensprozess\">Stiftung Wissenschaft und Politik<\/a>\u201c im Jahr 2019:<br \/>\n<em>\u201eAuch wenn rechte und rechtsextreme Parteien bei den Wahlen seit 2014 keine nennenswerten Erfolge erzielen konnten, hat nationalistisches Gedankengut in der gesellschaftlichen Auseinandersetzung um den Konflikt im Osten (wie auch bei anderen Themen) erheblichen Einfluss. Es gelingt nationalistischen Akteuren immer wieder, die politische F\u00fchrung zur Anpassung ihrer Politik zu zwingen.\u201c<\/em><\/p>\n<p>In seiner Funktion als au\u00dfenpolitischer Sprecher der Linksfraktion im Bundestag, bot sich Gregor Gysi als Erf\u00fcllungsgehilfe der NATO f\u00fcr Regime-Change in Russland an. <a href=\"https:\/\/www.youtube.com\/watch?v=thaWAtc7IC4\">Per Video<\/a> und in holprigem, ja peinlichem Russisch rief er am 21. M\u00e4rz die B\u00fcrger Russlands zum Widerstand gegen Putin auf.<\/p>\n<p>In einem Gespr\u00e4ch mit der <a href=\"https:\/\/www.sueddeutsche.de\/politik\/podcast-nachrichten-gregor-gysi-fuer-nato-beitritt-von-finnland-und-schweden-1.5553388\">S\u00fcddeutschen Zeitung<\/a> zwei Tage sp\u00e4ter ging Gysi noch weiter und erkl\u00e4rte, die russische Bev\u00f6lkerung \u201emuss sich von Putin trennen, das schaffen wir nicht von au\u00dfen\u201c. Das st\u00fcnde \u201euns\u201c auch nicht zu. Deshalb habe er sich an die Russen gewandt, damit \u201esie\u201c den \u201eMut haben, das Regime zu beseitigen\u201c. Das m\u00fcsse von ihnen ausgehen. \u201eDie Aufr\u00fcstung Deutschlands sch\u00fctze zudem nicht vor Putin\u201c, sondern nur wenn \u201ewir\u201c in Russland \u201eandere Strukturen erreichen.\u201c In welchem \u201ewir\u201c denkt und spricht Dr. Gysi? Sieht er sich als Sprecher der NATO in der Linksfraktion?<\/p>\n<p>Man stelle sich vor, der au\u00dfenpolitische Sprecher einer Duma-Fraktion w\u00fcrde sich an die deutsche Bev\u00f6lkerung wenden und sie zum Widerstand aufrufen, um das Regime in Deutschland zu beseitigen und andere Strukturen zu schaffen.<\/p>\n<p>Selbst eine ansonsten k\u00fchle und rationale Sahra Wagenknecht lie\u00df sich vom Tsunami mitrei\u00dfen und <a href=\"https:\/\/www.getrevue.co\/profile\/team-sahra\/issues\/die-waffen-nieder-1044919?utm_campaign=Issue&amp;utm_content=view_in_browser&amp;utm_medium=email&amp;utm_source=Sahra+Wagenknecht\">fragte<\/a>: \u201eUnd nat\u00fcrlich stellt sich die Frage: Wie konnte aus jenem Putin, der noch vor 20 Jahren den Westen geradezu umarmt und die Hand zur Zusammenarbeit ausgestreckt hat, jener Mann werden, der jetzt wild um sich schl\u00e4gt, nationalistische T\u00f6ne verbreitet und ohne R\u00fccksicht auf Verluste seine milit\u00e4rische St\u00e4rke ausspielt?\u201c<br \/>\nHatte Sahra denn in den 20 Jahren nicht mitbekommen, dass der Westen auf Putins ausgestreckte Hand nicht nur spuckte, sondern schlug?<\/p>\n<p>Im Reichstag wurde am 27. Februar in der <a href=\"https:\/\/www.youtube.com\/watch?v=eOkBedkfuX0\">Sondersitzung<\/a> des Bundestages Andrij Melnyk, der ukrainische Botschafter und Verehrer des Nazi-Kriegsverbrechers und Massenm\u00f6rders Stjepan Bandera, als Ehrengast mit <em>standing ovations<\/em> begr\u00fc\u00dft \u2013 auch von Abgeordneten der Linksfraktion &#8230; Es war der gleiche Tag, der 27. Februar im Jahr 1933, als der Reichstag in Flammen stand, angez\u00fcndet in einer <em>False-Flag-Operation<\/em> der Nazis, um in der Folge Tausende Kommunisten zu verhaften.<\/p>\n<p>Ganz ergriffen h\u00f6rten die Bundestagsabgeordneten dem am 17. M\u00e4rz im Reichstag <a href=\"https:\/\/www.bundestag.de\/dokumente\/textarchiv\/2022\/kw11-de-selenskyj-883826\">zugeschalteten<\/a> ukrainischen Pr\u00e4sidenten zu, der ihnen erz\u00e4hlte, Russland wolle das ukrainische Volk vernichten. PR-m\u00e4\u00dfig war er zum Medienstar aufgepustet worden, der auf Gro\u00dfleinw\u00e4nden in Europas Hauptst\u00e4dten Hilfe f\u00fcr den <em>Endsieg<\/em> gegen Russland fordert.<\/p>\n<p>Dem deutschen Kanzler rief er zu \u201eGeben Sie Deutschland die F\u00fchrungsrolle, die es verdient!\u201c und beendete seine Rede mit der Parole \u201eSlawa Ukraini!\u201c der ukrainischen Nazi-Kollaborateure. Da standen sie wieder auf, die Bundestagsabgeordneten, und klatschten langanhaltend.<\/p>\n<p>Es waren be\u00e4ngstigende Szenen. Und dies war erst der Anfang.<\/p>\n<p>Inzwischen haben sich Politiker und Medien in ihrem anti-russischen Wahn gegenseitig hochgeschaukelt. Ihre anf\u00e4nglichen Spr\u00fcche \u00fcber n\u00f6tige Verhandlungen haben sie durch Schlachtrufe ersetzt. Der letzte Rest von Zur\u00fcckhaltung fiel. Jegliches Schuld- und Schamgef\u00fchl \u00fcber die eigene deutsche Geschichte und insbesondere \u00fcber die Nazi-Verbrechen gegen die Sowjetunion wird durch Selbstgerechtigkeit und moralischen Gr\u00f6\u00dfenwahn ersetzt.<\/p>\n<p>Der Angriffskrieg Nazideutschlands gegen die Sowjetunion, der 27 Millionen Tote und verbrannte Erde hinterlie\u00df, sollte der \u201eVernichtung der Lebenskraft Russlands\u201c dienen, wie Hitler es formuliert hatte.<\/p>\n<p>Heute will die deutsche Au\u00dfenministerin, Annalena Baerbock, \u201eRussland ruinieren\u201c durch endlose Wirtschaftssanktionen und sie warnt vor einer \u201eKriegsm\u00fcdigkeit\u201c im erhofften Endkampf gegen Russland.<\/p>\n<p>\u201eEs muss unser Ziel sein, dass Russland diesen Krieg nicht gewinnt\u201c, mahnte der deutsche Bundeskanzler, Olaf Scholz. Aus sicherer Br\u00fcsseler Distanz s\u00e4uselte EU-Kommissionspr\u00e4sidentin Ursula von der Leyen: \u201eIch habe so viel Bewunderung f\u00fcr unsere tapferen ukrainischen Freunde. Sie f\u00fchren unseren Krieg.\u201c<\/p>\n<p>Deutsche Au\u00dfenpolitik hat diplomatische Verst\u00e4ndigung durch Belehrungen und Drohungen ersetzt. Besonders fatal: Deutschland leistet sich eine Au\u00dfenministerin, die sich durch v\u00f6llige Geschichtsignoranz auszeichnet, der jegliches Gef\u00fchl f\u00fcr die Realit\u00e4ten in dieser Welt fehlt und die angetrieben wird von moralischer Selbst\u00fcberh\u00f6hung und Sendungsbewusstsein.<\/p>\n<p>Deutschland m\u00fcsse eine noch st\u00e4rkere F\u00fchrungsrolle in der EU und der NATO an der Seite der USA \u00fcbernehmen, ist das Credo der Ampelregierung. Dementsprechend beteuerte der Gr\u00fcne, Vizekanzler Robert Habeck seinem Herrn und Meister in Washington, dass Deutschland im Kampf gegen Russland eine \u201edienende F\u00fchrungsrolle\u201c spiele. Die sicherheitspolitische Kehrtwende der Bundesregierung wurde in der US-Hauptstadt erfreut zur Kenntnis genommen, berichtete der <a href=\"https:\/\/www.focus.de\/politik\/deutschland\/besuch-in-den-usa-habeck-sieht-deutschland-in-einer-dienenden-fuehrungsrolle_id_61552626.html\">FOCUS<\/a>.<\/p>\n<p>F\u00fcr den Kampf gegen Russland werden die Waffenlager der \u201ewestlichen Wertegemeinschaft\u201c entr\u00fcmpelt, um sie \u2013 zur Freude der R\u00fcstungsindustrie \u2013 mit neuwertigen Waffen aufzuf\u00fcllen. Waffenlieferung an eine Kriegspartei wird nun zur heiligen Pflicht und die Diskussion geht nur noch darum, wie schwer sie denn sein d\u00fcrfen und wie schnell sie geliefert werden. An der <em>Heimatfront<\/em> wird die Illusion gesch\u00fcrt, als w\u00fcrden immer mehr Waffen f\u00fcr die Ukraine den ersehnten <em>Endsieg<\/em> \u00fcber Russland doch noch bringen. Die Kapitulation Selenskijs wird nur hinausgez\u00f6gert. Ihm und seinen westlichen Auftraggebern sind Leid und Leben der ukrainischen Bev\u00f6lkerung nur Mittel zum Zweck.<\/p>\n<h5>Deutschland im Krieg gegen Russland<\/h5>\n<p>Laut <a href=\"https:\/\/rtde.site\/europa\/133425-ex-us-offizier-russen-zielen-nicht-auf-zivilisten\/\">Scott Ritter<\/a>, ehemaliger Offizier f\u00fcr Aufkl\u00e4rung der US-Marineinfanterie, sitzt die CIA im ukrainischen Informationsministerium und kontrolliert, was in Europa erz\u00e4hlt wird. CIA-Direktor William Burns erkl\u00e4rte voll Stolz im <a href=\"https:\/\/multipolarista.com\/2022\/03\/17\/cia-information-war-russia\/\">US-Senat<\/a>, dass Putin den Informationskrieg verliert, den die USA gegen Russland f\u00fchren. Auch seitens der Ukraine wird der Informationskrieg zudem mit dem Einsatz professioneller westlicher Public-Relations-Firmen <a href=\"https:\/\/krass-und-konkret.de\/politik-wirtschaft\/pr-agenturen-und-freiwillige-unterstuetzen-die-ukraine-im-medienkrieg\/\">organisiert<\/a>.<\/p>\n<p>Im Internet kursiert der bittere Spruch:<br \/>\nTreffen sich zwei Sowjet-Soldaten im Mai 1945 vor dem Berliner Reichstag.<br \/>\n\u201eWas schaust du so geknickt, Kamerad?\u201c \u2013<br \/>\n\u201eNa ja, wir haben den Informationskrieg gegen Goebbels verloren.\u201c<\/p>\n<p>Das Trommelfeuer der Propaganda im Stil faschistischer Kriegsberichterstattung ist so gleichgeschaltet, massiv und extrem, dass selbst viele, ansonsten kritische Zeitgenossen ihr blind folgen und nicht einmal mehr bereit sind, andere Informationen wenigstens zur Kenntnis zu nehmen. Ein breites Mitl\u00e4ufertum unter sogenannten Aufgekl\u00e4rten wurde geschaffen. Nur k\u00f6nnen sie sp\u00e4ter nicht sagen \u201eWir haben es nicht wissen k\u00f6nnen.\u201c wegen des bisher noch m\u00f6glichen Zugangs zu anderer Information.<\/p>\n<p>Am 27. Februar wurden binnen weniger Tage Hunderttausende mobilisiert und als neue Friedensbewegung gefeiert. Das ging allerdings nicht ganz so spontan wie man annehmen k\u00f6nnte. Dahinter stand \u201e<a href=\"https:\/\/www.campact.de\/\">Campact<\/a>\u201c eine sehr professionelle, finanziell gut ausgestattete Massenmobilisierungsmaschine, die seit mehreren Jahren allerlei Unterschriftskampagnen online lanciert und damit inzwischen 2,3 Millionen Adressen gesammelt hat, die sie nun f\u00fcr eine Mobilisierung gegen Putin nutzt.<\/p>\n<p>F\u00fcr ihre Mobilisierung hatte Campact ein <a href=\"https:\/\/stoppt-den-krieg.de\/buendnis\/\">B\u00fcndnis<\/a> geschlossen u. a. mit sogenannten NGOs, mit Gewerkschaften, Umweltverb\u00e4nden, Kirchen.<\/p>\n<p>Dazu schrieb die <a href=\"https:\/\/www.jungewelt.de\/artikel\/422514.inmitten-der-aufr\u00fcstung-bunt-mit-viel-blau-gelb.html\">junge Welt<\/a>: <em>\u201eKaum zu \u00fcbersehen ist die Doppelmoral vieler Akteure des B\u00fcndnisses. So geh\u00f6ren zu den treibenden Kr\u00e4ften hinter der momentanen Mobilisierung der DGB und die Evangelische Kirche in Deutschland \u2013 beides Organisationen, die im Fr\u00fchjahr 1999 den v\u00f6lkerrechtswidrigen Angriff der NATO auf Ex-Jugoslawien voll mitgetragen haben.\u201c<\/em><\/p>\n<p>In der traditionellen Friedensbewegung hatten abstrakte pazifistische Parolen schnell Hochkonjunktur: \u201eDie Waffen nieder \u2013 Waffenstillstand \u2013 den Krieg stoppen!\u201c Sie waren durchaus NATO-kompatibel, denn von dort ert\u00f6nten anf\u00e4nglich dieselben Forderungen an Russland, bis sie gegen Schlachtrufe eingetauscht wurden.<\/p>\n<p>Die Mehrheit der Erkl\u00e4rungen und Aufrufe aus der traditionellen Friedensbewegung begannen gebetsm\u00fchlenartig mit der Verurteilung des \u201ev\u00f6lkerrechtswidrigen russischen (wahlweise Putins) Angriffskrieges\u201c. Manche verurteilten ihn \u201eaufs sch\u00e4rfste&#8220;, \u201ezutiefst\u201c und mit dem expliziten Zusatz er sei \u201edurch nichts zu rechtfertigen\u201c, oder Putins Begr\u00fcndung seien \u201eL\u00fcgen und Propaganda\u201c.<\/p>\n<p>Der <a href=\"https:\/\/www.freidenker.org\/?p=12595\">Deutsche Freidenkerverband<\/a> schrieb dazu:<\/p>\n<p style=\"padding-left: 40px;\"><em>\u201eVon der Regel des Gewaltverbots nach Art. 2 Nr. 4 der UN-Charta gibt es die Ausnahme in Artikel 51: das naturgegebene Recht zur individuellen oder kollektiven Selbstverteidigung. Nach den Vertr\u00e4gen \u00fcber Beistand und Freundschaft zwischen Russland und den Donbass-Republiken waren die Bedingungen f\u00fcr die Wahrnehmung des Rechts auf Selbstverteidigung gem. UN-Charta gegeben.<br \/>\nRussland f\u00fchrt also keinen \u201aAngriffskrieg\u2018 und es hat auch keinen Krieg \u201abegonnen\u2018, denn es griff in einen schon acht Jahre dauernden Krieg ein, um ihn zu beenden, das Leben der Bewohner des Donbass zu sch\u00fctzen und den barbarischen, m\u00f6rderischen Nazi-Bataillonen in der Ukraine das Handwerk zu legen.\u201c<\/em><\/p>\n<p>In den Erkl\u00e4rungen und Aufrufen aus der Friedensbewegung erschienen immer wieder die gleichen S\u00e4tze wie aus vorgegeben Textbausteinen. Sie unterscheiden sich kaum von jenen der USA\/NATO, die seit Jahren nicht nur das V\u00f6lkerrecht ausgeh\u00f6hlt, sondern mit ihrer \u201eregelbasierten Ordnung\u201c abgeschafft hatten und sich heute in ihrer Verurteilung Russlands ausgerechnet auf das V\u00f6lkerrecht berufen.<\/p>\n<p>In seiner <a href=\"https:\/\/www.jungewelt.de\/artikel\/421512.tv-ansprache-dokumentiert-ausz\u00fcge-der-rede-des-russischen-pr\u00e4sidenten-am-23-februar-zur-begr\u00fcndung-des-ukraine-einsatzes.html\">Rede am 23. Februar<\/a> erinnerte Putin noch einmal daran, dass die USA und die NATO alle Bem\u00fchungen Russlands f\u00fcr eine friedliche L\u00f6sung des Konflikts in der Ukraine und f\u00fcr eine Verst\u00e4ndigung \u00fcber die Nichterweiterung der NATO und die Prinzipien der Sicherheitsordnung in Europa ignoriert hatten.<\/p>\n<p>Putin fragte: \u201e<em>Und was sollen wir jetzt machen? Worauf noch warten? Wir erinnern uns gut, wie 1940 und Anfang 1941 die Sowjetunion auf jede Weise bestrebt war, den Beginn des Krieges zu verhindern oder wenigstens hinauszuz\u00f6gern. Bis zum letzten Moment haben wir versucht, den potentiellen Aggressor nicht zu provozieren. Deshalb haben wir sogar die allern\u00f6tigsten und auf der Hand liegenden Verteidigungsma\u00dfnahmen unterlassen oder viel zu sp\u00e4t eingeleitet. Ein zweites Mal werden wir diesen Fehler nicht begehen, wir d\u00fcrfen es nicht tun.\u201c<\/em><\/p>\n<p>Pl\u00f6tzlich sollte diese Erfahrung der Sowjetunion, die f\u00fcr diesen Fehler mit 27 Millionen Menschenleben, unermesslichem Leid und Zerst\u00f6rung bezahlen musste, offenbar keine Rolle mehr spielen \u2013 auch nicht in der deutschen Friedensbewegung?<\/p>\n<p>Viele \u00e4ltere Linke in Parteien oder der traditionellen Friedensbewegung, f\u00fcr die die Freundschaft mit der Sowjetunion und sp\u00e4ter mit Russland allein schon aus historischem Bewusstsein wichtig war, waren schockiert, entt\u00e4uscht, ihr Vertrauen in Russland war ersch\u00fcttert. War es doch so einfach gewesen, die Politik eines Russland zu verteidigen, das immer geduldig reagierte, dessen Bem\u00fchen um Einsicht seiner \u201ePartner\u201c endlos schien, und das doch von ihnen nur belogen und betrogen wurde. Man h\u00e4tte erwarten k\u00f6nnen, dass sie nach dem 23. Februar erst einmal tief Luft holen und nachdenken, bevor sie w\u00fctend ihre Verurteilung Russlands oder Putins wie einen Peitschenhieb loslassen.<\/p>\n<p>Jene in der Friedensbewegung, die so schnell bei der Hand waren, Russland zu verurteilen, sollten die Frage beantworten: Welche konkrete Alternative w\u00e4re Russland denn geblieben? H\u00e4tte Russland vor der sich st\u00e4ndig zuspitzenden existentiellen Bedrohung kapitulieren sollen?<\/p>\n<p>Zusehen, wie die Ukraine endg\u00fcltig zum offiziellen NATO-St\u00fctzpunkt ausgebaut w\u00fcrde mit der Stationierung von Atomwaffen? Zusehen, wie Washington aus sicherem Abstand weiterhin das ukrainische Regime und seine Faschisten-Bataillone bewaffnet und anleitet, um Russland zu provozieren und die Spannung bis zum n\u00e4chsten endg\u00fcltigen Zerrei\u00dfen aufrechtzuerhalten? Ist es das, was Europa sicherer gemacht h\u00e4tte? Ist es wirklich das, was die Friedensbewegung bevorzugt h\u00e4tte?<\/p>\n<p>Wenn Friedensgruppen in ihren Aufrufen und Erkl\u00e4rungen forderten: \u201eVerhandeln jetzt\u201c, hatten sie nicht hingeh\u00f6rt, als die russische Regierung mehrmals angek\u00fcndigt hatte, dass sie die Verweigerung ernsthafter Verhandlungen auf Dauer nicht hinnehmen werde. Hatten sie angenommen, Putin und Lawrow scherzten, als sie die NATO wiederholt davor warnten, die \u201erote Linie\u201c nicht zu \u00fcberschreiten?<\/p>\n<p>Am 17. Februar hatte die russische Regierung in einem Schreiben an die USA\/NATO einen letzten Versuch gemacht, um endlich eine ernsthafte Antwort zu den <a href=\"https:\/\/www.anti-spiegel.ru\/2021\/russland-veroeffentlicht-vertragstexte-fuer-abkommen-ueber-sicherheitsgarantien-mit-den-usa-und-der-nato\/?doing_wp_cron=1647901663.5741100311279296875000\">russischen Vertragsentw\u00fcrfen<\/a> f\u00fcr gegenseitige Sicherheitsgarantien zu erhalten.<\/p>\n<p>Darin hei\u00dft es u. a. ausdr\u00fccklich: \u201eSollte die amerikanische Seite nicht bereit sein, feste, rechtlich verbindliche Garantien zu vereinbaren, um unsere Sicherheit vor den USA und ihren Verb\u00fcndeten zu gew\u00e4hrleisten, wird Russland gezwungen sein, zu reagieren, auch mit milit\u00e4r-technischen Ma\u00dfnahmen.\u201c \u2013 Es war wieder umsonst.<\/p>\n<p>F\u00fcr die Forderung nach Verhandlungen war und ist Russland der falsche Adressat: Das Angebot, ernsthaft und ehrlich zu verhandeln, hat Moskau nie zur\u00fcckgezogen. Auch die milit\u00e4rische Intervention war von Anfang an mit dem Bem\u00fchen Russlands um eine Beendigung des bewaffneten Konflikts in direkten Verhandlungen mit Kiew verbunden. Als die ukrainische Delegation endlich einen konstruktiven Vorschlag vorlegte, auf dessen Grundlage eine Weiterverhandlung mit Moskau m\u00f6glich gewesen w\u00e4re, wurde Kiew von Washington und London zur\u00fcckgepfiffen. Der Westen sei nicht bereit, mit Russland Frieden zu schlie\u00dfen, hatte <a href=\"https:\/\/pressefreiheit.rtde.tech\/international\/141092-russland-preis-auferlegen-pentagon-benennt-ziele-im-ukraine-konflikt\/\">Boris Johnson Kiew mitgeteilt<\/a>, woraufhin Kiew die Verhandlungen mit Moskau beendete. So viel zur \u201eUnabh\u00e4ngigkeit und Souver\u00e4nit\u00e4t&#8220; der Ukraine, die der Westen vorgibt zu verteidigen.<\/p>\n<p>Die Ukraine soll weiterk\u00e4mpfen bis zum Endsieg \u00fcber Russland, deshalb ben\u00f6tige die Unterst\u00fctzung der Ukraine \u2013 laut <a href=\"https:\/\/www.sueddeutsche.de\/politik\/konflikte-baerbock-bei-unterstuetzung-der-ukraine-langen-atem-haben-dpa.urn-newsml-dpa-com-20090101-220531-99-500233\">Annalena Baerbock<\/a> \u2013 einen \u201elangen Atem&#8220; und immer mehr Waffen. Schlie\u00dflich m\u00fcssen \u201ewir alles daf\u00fcr tun, dass \u2013 auch wenn wir ersch\u00f6pft sind \u2013 wir weiterhin die Ukraine verteidigen\u201c denn dort werde \u201eFrieden und Freiheit f\u00fcr ganz Europa verteidigt\u201c.<\/p>\n<p>Seitdem Selenskijs t\u00e4gliche Darbietung \u201edie Ukraine gewinnt, gebt uns einfach noch mehr Geld und Waffen\u201c nicht mehr ganz zieht und Zweifel aufkommen l\u00e4sst, werden vermehrt Rufe nach Verhandlungen mit Russland laut. Schlie\u00dflich gilt es f\u00fcr die USA, NATO und EU, \u201ezu retten, was noch zu retten ist\u201c und eine weitere Hinwendung Russlands zu China zu verhindern. Nach all den Erfahrungen der letzten Jahre muss sich Russland allerdings die Frage stellen, warum es \u00fcberhaupt noch mit dem NATO-Westen oder seinen Marionetten verhandeln sollte, wenn es sich auf Vereinbarungen mit denen sowieso nicht verlassen kann.<\/p>\n<h5>Es wird von Krieg mitten in Europa geredet, aber was ist mit dem Faschismus mitten in Europa?<\/h5>\n<p>Bekannt ist die wichtige Rolle, die Nazis im von den USA und der EU gef\u00f6rderten Putsch in der Ukraine im Februar 2014 spielten. Seitdem ist ihr Einfluss auf den Staats-, Regierungs- und Sicherheitsapparat gewachsen. Dar\u00fcber <a href=\"https:\/\/www.textstelle.news\/2022\/05\/04\/ukrainische-faschisten-als-willkommene-handlanger-des-westens\/#more-1660\">berichteten<\/a> selbst West-Medien zum Teil ausf\u00fchrlich.<\/p>\n<p>Seit dem Eingreifen Russlands wird hierzulande der Faschismus in der Ukraine v\u00f6llig geleugnet oder verharmlost, als ginge es nur um ein paar wenige neo-nazistische Organisationen, in einem ansonsten demokratischen Staat.<\/p>\n<p>Die Nazifizierung hat alle Bereiche der Gesellschaft durchdrungen. Diskriminierung der russischsprachigen Bev\u00f6lkerung, die russische Sprache aus \u00c4mtern, Schulen und dem \u00f6ffentlichen Leben verdr\u00e4ngt. Die russische Kultur wird ausgel\u00f6scht. Dazu sollen nun auch zirka 100 Millionen B\u00fccher der russischen und sowjetischen Literatur aus allen \u00f6ffentlichen und Schul-Bibliotheken verbannt werden, denn es sei eine \u201ewirklich sch\u00e4dliche Literatur, die die Ansichten der Menschen wirklich beeinflussen kann\u201c, <a href=\"https:\/\/imi.org.ua\/en\/news\/more-than-100-million-propaganda-books-to-be-withdrawn-from-libraries-book-institute-director-i45735\">erkl\u00e4rte<\/a> die Direktorin des Ukrainischen B\u00fccher-Instituts.<\/p>\n<p>Nazi- und SS-Kollaborateure werden als Nationalhelden gefeiert, allen voran der Massenm\u00f6rder Stjepan Bandera. Denkm\u00e4ler wurden f\u00fcr sie errichtet, Stra\u00dfen und Pl\u00e4tze nach ihnen benannt.<\/p>\n<p>Die Nazi-Bataillone wurden in die Armee integriert und werden bis heute von westlichen Geheimdiensten und Milit\u00e4rs ausgebildet, bewaffnet und instruiert. Deren K\u00e4mpfer verhindern jetzt Evakuierungen von Zivilisten und stellen schwere Waffen in Wohnvierteln auf, um sich menschliche Schutzschilde zu schaffen. Die Mitglieder des faschistischen Asow-Bataillons wurden im Kampf um Mariupol in deutschen Medien als heldenhafte Patrioten gefeiert. Fotos, die ihre mit Nazi-Symbolen t\u00e4towierten K\u00f6rper nach der Gefangennahme im Mai zeigen, wurden f\u00fcr das deutsche Fernsehen \u2018rausgeschnitten. Als Selenskij am 7. April im griechischen Parlament live <a href=\"https:\/\/test.rtde.live\/international\/135725-selenskijs-rede-im-griechischen-parlament\/\">zugeschaltet<\/a> wurde, gab er \u2013 wie selbstverst\u00e4ndlich \u2013 auch einem K\u00e4mpfer des faschistischen Asow-Bataillons die M\u00f6glichkeit, sich an die Abgeordneten zu wenden und l\u00f6ste in Griechenland damit heftigen Protest aus.<\/p>\n<p>Als erstes nach dem Putsch wurde in der Ukraine die Kommunistische Partei verboten und schlie\u00dflich alle Parteien und Organisationen, die sich gegen die Militarisierung und Faschisierung ihres Landes stellten, ebenso wie regierungskritische Zeitungen. Dissidenten wurden und werden verschleppt, gefoltert und ermordet, sogenannte \u201eRussenfreunde\u201c auf offener Stra\u00dfe gelyncht. Ein <a href=\"https:\/\/rtde.team\/europa\/134274-kakerlaken-ukrainischer-sanitatschef-ordnet-kastration\/\">Sanit\u00e4tschef<\/a> konnte im Fernsehen die Kastration verwundeter russischer Kriegsgefangener anordnen, weil sie \u201eKakerlaken sind und keine Menschen\u201c \u2013 und ein <a href=\"https:\/\/rtde.site\/europa\/133913-ukraine-tv-moderator-zitiert-eichmann\/\">TV-Moderator<\/a> in einer Livesendung Adolf Eichmann zitieren und dazu auffordern, russische Kinder zu t\u00f6ten, um Russland zu vernichten. Michail Podoljak, hochrangiger Berater Selenskijs, <a href=\"https:\/\/test.rtde.tech\/international\/131481-liveticker-zum-ukraine-krieg-nicht\/\">forderte<\/a> die \u201eDerussifizierung\u201c des Donbass.<\/p>\n<p>F\u00fcr Politiker und Medien hierzulande ist das alles kein Thema, denn f\u00fcr ihre anti-russische Hysterie und bedingungslose Unterst\u00fctzung der Ukraine brauchen sie den R\u00fcckhalt an der <em>Heimatfront<\/em>. Eine informierte Bev\u00f6lkerung k\u00f6nnte den gef\u00e4hrden.<\/p>\n<p>\u201eDas Wesen des heutigen ukrainischen Staates ist die Allianz des Gro\u00dfkapitals und der Regierungsb\u00fcrokratie, die von faschistischen Elementen unter der totalen politischen und finanziellen Kontrolle der USA unterst\u00fctzt wird,\u201c schrieb die <a href=\"https:\/\/cprf.ru\/2022\/05\/in-ukraine-russia-is-fighting-neo-nazism\/\">Kommunistische Partei der Russischen F\u00f6deration<\/a> (KPRF), die gr\u00f6\u00dfte Oppositionspartei Russlands.<\/p>\n<p>Warum beschweigt ausgerechnet die deutsche Friedensbewegung in ihrer Mehrheit den russophoben Faschismus, der in der Ukraine herrscht? Es ist auff\u00e4llig, dass man dazu \u2013 von wenigen Ausnahmen abgesehen \u2013 nichts in ihren Erkl\u00e4rungen und Aufrufen findet. Was ist das f\u00fcr ein Antifaschismus, den deutsche Friedensaktivisten st\u00e4ndig f\u00fcr sich als Grundlage ihres Handelns reklamieren?<\/p>\n<p>Wenn man im einstimmigen Chor der anti-russischen Verurteilung behauptet, das Einschreiten Russlands sei \u201edurch nichts zu rechtfertigen\u201c dann verbietet sich nat\u00fcrlich jeder Hinweis auf den ukrainischen Faschismus. Dann muss man verschweigen, dass die ukrainischen Faschisten, die als Speerspitze der USA kurz davorstanden, die Donbass-Republiken und die Krim, also einen Teil der Russischen F\u00f6deration, <em>heim<\/em> ins NATO-<em>Reich<\/em> zu holen. Sie schweigen \u2013 aber nicht, weil sie es \u201enicht besser wissen konnten.\u201c<\/p>\n<p>Jene, die sich doch so gern mahnend auf die Geschichte Deutschlands beziehen, verstehen offenbar nicht, wie tiefgreifend die Erfahrung mit dem deutschen Faschismus auch heute noch in Russland verankert ist und warum die \u00fcbergro\u00dfe Mehrheit der russischen Bev\u00f6lkerung die Intervention unterst\u00fctzt.<\/p>\n<p>Nat\u00fcrlich stellen sie sich auch nicht die Frage, welche kollektiven Empfindungen in Russland geweckt werden, wenn nicht nur die deutsche Regierung die faschistische Ukraine im Kampf gegen Russland unterst\u00fctzt, sondern wenn \u2013 wie das in einigen Erkl\u00e4rungen formuliert wird \u2013 ausgerechnet aus der deutschen Friedensbewegung zur Desertion und Unterst\u00fctzung eines Widerstandes gegen die russische Regierung aufgerufen wird. Das kann man nicht mehr als pazifistische Naivit\u00e4t abtun.<br \/>\nDas ist ganz im Interesse der USA\/NATO und ihrer Geheimdienste.<\/p>\n<p>F\u00fcr einige ist der Konflikt um die Ukraine lediglich eine inter-imperialistische Auseinandersetzung. So behauptet z. B. die Leiterin des Moskauer B\u00fcros der Rosa-Luxemburg-Stiftung, <a href=\"https:\/\/www.heise.de\/tp\/features\/Krieg-von-ungewohnter-Seite-Friedensbewegung-sucht-Weg-aus-der-Schockstarre-6527110.html\">Kerstin Kaiser<\/a>, Russland sei \u201eein genauso aggressiver kapitalistischer Staat wie alle anderen\u201c.<\/p>\n<p>Wenn dem so w\u00e4re, dann m\u00fcssten ja gerade die russischen Gro\u00dfkapitalisten das st\u00e4rkste Interesse an einem Krieg gegen die Ukraine haben. Dem ist aber nicht so, wie die <a href=\"https:\/\/cprf.ru\/2022\/05\/in-ukraine-russia-is-fighting-neo-nazism\/\">KPRF<\/a> klarstellt: Die Russische Oligarchie sei gegen die Milit\u00e4roperation in der Ukraine gewesen. <em>\u201eSie strebte danach, in die Weltoligarchie integriert zu werden, und stand bereits unter massivem Druck des Westens, der sie dazu dr\u00e4ngte, Druck auf die Regierung auszu\u00fcben, um sie zu veranlassen, die pro-westliche Ausrichtung Russlands zu bewahren.\u201c<\/em> Die sch\u00e4rfsten Gegner des milit\u00e4rischen Eingreifens Russlands, \u201e<em>waren vor allem das gro\u00dfe Monopolkapital, seine politischen Vertreter im liberalen Milieu und ihre \u201akreativen\u2018 Lakaien in der so genannten Intelligenz.\u201c<\/em><\/p>\n<p>Die <a href=\"https:\/\/bulawayo24.com\/index-id-opinion-sc-columnist-byo-216178.html\">Kommunistische Partei Simbabwes<\/a> fragt: <em>\u201eDa Russland nicht mehr sozialistisch ist, ist es akzeptabel, dass an seiner Grenze ein NATO-St\u00fctzpunkt von einem von Nazi-Schergen regierten Land errichtet wird?\u201c<\/em><\/p>\n<h5>\u00c4quidistanz und Verschleierung versus Aufkl\u00e4rung und konsequente Positionierung<\/h5>\n<p>Kurz nach dem von ihnen 2014 unterst\u00fctzen Staatsstreich in Kiew hatten die NATO-Staaten eine Erh\u00f6hung der Aufr\u00fcstung auf 2 % ihres Bruttoinlandsprodukts beschlossen, f\u00fcr ihren gemeinsamen Kampf gegen die \u201erussische Bedrohung\u201c. Das gerade von der Bundesregierung beschlossene 100-Milliarden-Euro-Programm sogenannten \u201eSonderverm\u00f6gens\u201c, soll die Bundeswehr in den kommenden Jahren fit machen \u2013 nat\u00fcrlich gegen die \u201erussische Bedrohung\u201c.<\/p>\n<p>Gro\u00dfe Teile der Friedensbewegung haben nun ein B\u00fcndnis geschlossen gegen dieses R\u00fcstungsprogramm mit dem <a href=\"https:\/\/zivilezeitenwende.de\/\">Aufruf NEIN zur Aufr\u00fcstung \u2013 JA zur zivilen, solidarischen Entwicklung<strong>!<\/strong><\/a> Dazu soll es Demonstrationen und andere Aktionen geben.<\/p>\n<p>Widerstand gegen derartige R\u00fcstungsausgaben ist nat\u00fcrlich grunds\u00e4tzlich f\u00fcr eine Friedensbewegung. \u00dcber die H\u00f6he der R\u00fcstungsausgaben entscheidet eine Regierung nach ihren politischen Priorit\u00e4ten. Eine politische Kehrtwende ist die Voraussetzung, um eine andere Priorit\u00e4tensetzung zu bef\u00f6rdern.<\/p>\n<p>Die Ampel-Regierung hat sich dem Kampf der USA\/NATO gegen Russland v\u00f6llig untergeordnet. Die Feindschaft gegen Russland, die sie damit geschaffen hat, bestimmt derzeit das gesamte politische Leben in diesem Land. Kann man andere politische Priorit\u00e4ten herbeif\u00fchren, Abr\u00fcstung erreichen, wenn man diese konkrete Politik und Zusammenh\u00e4nge negiert?<\/p>\n<p>In dem B\u00fcndnis-Aufruf hei\u00dft es, \u201edas neue globale Wettr\u00fcsten der vergangenen Jahre\u201c habe \u201edie versch\u00e4rfte Konfrontation der gro\u00dfen Machtbl\u00f6cke mit verursacht und eskaliert sie weiter.\u201c<\/p>\n<p>Hier ist sie also wieder: die Ideologie der \u00c4quidistanz. Sie wird zur Grundlage des Kampfes gegen das Aufr\u00fcstungsprogramm gemacht?!<\/p>\n<p>Die Ideologie der \u00c4quidistanz dient der Vermeidung einer klaren politischen Positionierung, die sehr unbequem werden kann, wenn sie den zul\u00e4ssigen engen Meinungskorridor verl\u00e4sst.<\/p>\n<p>Die Ideologie der \u00c4quidistanz ist nicht nur opportunistisch, sondern dient der Verschleierung von Interessen und Verantwortlichkeiten. Die Schuldigen sind \u201eglobales Wettr\u00fcsten\u201c und \u201egro\u00dfe Machtbl\u00f6cke\u201c.<\/p>\n<p>Nur: Wer hat in den vergangenen Jahren R\u00fcstungskontroll-Vertr\u00e4ge einseitig gek\u00fcndigt und Abr\u00fcstungsverhandlungen verweigert? Ist Russland an die Grenzen der NATO ger\u00fcckt? Wer hat eine friedliche L\u00f6sung in der Ukraine verhindert? Wer hat systematisch eine ernsthafte Diskussion geschweige denn einen Vertrag \u00fcber gegenseitige Sicherheitsgarantien verweigert? Wer hat Diplomatie durch Sanktionen ersetzt? Wer will wen \u201eruinieren\u201c? Wer hat das V\u00f6lkerrecht seit 30 Jahren mit F\u00fc\u00dfen getreten? Wer hat mit Regime-Change-Kriegen Millionen von Menschen get\u00f6tet, verwundet, in die Flucht getrieben, verbrannte Erde hinterlassen? Wer will das V\u00f6lkerrecht durch eine \u201eregelbasierte Ordnung\u201c ersetzen zur Erhaltung der eigenen Hegemonie? Die Liste kann verl\u00e4ngert werden.<\/p>\n<p>Wie will eine Friedensbewegung das Aufr\u00fcstungsprogramm bek\u00e4mpfen, wenn sie nicht nur zu dessen politischer Begr\u00fcndung schweigt, sondern auch dazu, wer damit ins Visier genommen wird?<\/p>\n<p>Da ist die NATO ehrlicher: Sie k\u00fcndigt ganz offen an:<\/p>\n<ul>\n<li>Die Aufr\u00fcstung der Ukraine soll forciert und l\u00e4ngerfristig angelegt werden. Die Anpassung der ukrainischen Streitkr\u00e4fte an NATO-Standards soll die gemeinsame Kriegf\u00fchrung mit dem Westen erm\u00f6glichen.<\/li>\n<li>Die NATO-Ostflanke von der Ostsee bis zum Schwarzen Meer soll hochger\u00fcstet werden mit mehr Truppen, Waffen und Munition.<\/li>\n<li>Mit dem neuen strategischen Konzept wird die NATO ihre Feindschaft und Konfrontation gegen Russland festschreiben und zum ersten Mal auch den Kurs gegen China festlegen.<\/li>\n<\/ul>\n<p>Es ist die Anti-Russland-Politik, die zur Versch\u00e4rfung der Konfrontation gef\u00fchrt hat. Die NATO will ihren Konfrontationskurs mit Russland weiter forcieren und ausweiten \u2013 auch gegen China. Und die Friedensbewegung will dazu schweigen?<\/p>\n<p>Wie stellt sich die Friedensbewegung eine \u201esolidarische Kultivierung der Gesellschaft\u201c und \u201eV\u00f6lkerverst\u00e4ndigung\u201c vor, wie es im Aufruf hei\u00dft, wenn sie den von Politikern und Medien systematisch betriebenen faschistoiden Russland-Hass, der heute den gesamten \u00f6ffentlichen Diskurs beherrscht und vergiftet, nicht einmal erw\u00e4hnt?<\/p>\n<p>Bei den geplanten R\u00fcstungsausgaben handelt es sich um neue Schulden, die in den kommenden Jahren auch unter einer k\u00fcnftigen Regierung den Banken zur\u00fcckgezahlt werden m\u00fcssen. F\u00fcr die Bev\u00f6lkerung sind das abstrakte Kosten. Was sie allerdings bereits sp\u00fcrt, sind die steigenden Lebenshaltungskosten und Energiepreise auf Grund der politischen Priorit\u00e4ten, die EU und Bundesregierung setzen, zuletzt insbesondere mit ihrer \u201eEnergiewende\u201c und durch die Auswirkungen der Corona-Regierungsma\u00dfnahmen.<\/p>\n<p>Und nun schl\u00e4gt der Sanktionswahnsinn gegen Russland in voller Wucht zur\u00fcck auf die Lebenshaltungskosten und Energiepreise hierzulande. Die unverantwortliche Politik der Ampelregierung, die \u201eRussland ruinieren\u201c soll, f\u00fchrt zur wirtschaftlichen Katastrophe, die die Mehrheit der Bev\u00f6lkerung sp\u00fcren wird. Warum wird das nicht erw\u00e4hnt?<\/p>\n<p>In der Friedensbewegung gibt es genug gut informierte Aktive, die die <a href=\"https:\/\/www.youtube.com\/watch?v=vln_ApfoFgw\">Strategie<\/a> der USA kennen, die darauf ausgerichtet ist, eine Kooperation Westeuropas \u2013 insbesondere Deutschlands \u2013 mit Russland zu verhindern und vor allem Konfrontation zwischen den beiden aufrechtzuerhalten, um beide zu schw\u00e4chen. F\u00fcr den <a href=\"https:\/\/egyptindependent.com\/biden-says-russias-war-in-ukraine-a-waiting-game-as-he-prepares-to-meet-with-allies-in-europe\/\">US-Pr\u00e4sidenten<\/a> ist das offenbar wie ein spannender Wettkampf, den er im Fernsehen beobachtet: <em>\u201eIch denke, dass es in einem bestimmten Stadium zum Teil ein Abwarten geben wird \u2013 was die Russen aushalten k\u00f6nnen und was Europa bereit ist auszuhalten.\u201c<\/em><\/p>\n<p>Wenn der deutsche Vize-Kanzler Habeck stolz ank\u00fcndigt, Deutschland wolle eine \u201edienende F\u00fchrungsrolle\u201c f\u00fcr die USA spielen, denen es im Kampf gegen Russland und China nur um die Sicherung des eigenen Machterhalts \u00fcber den Rest der Welt geht, dann w\u00e4re die Forderung nach einer von den USA unabh\u00e4ngigen Politik geboten!<\/p>\n<p>Die Verantwortung f\u00fcr die gegenw\u00e4rtige Situation liegt allein bei den USA und ihrem Gefolge in der NATO, der EU und der Bundesregierung, die alles getan haben, die sich zuspitzende Gefahr eines milit\u00e4rischen Zusammensto\u00dfes noch weiter anzufeuern.<\/p>\n<p>Russland wird diesen Krieg gegen die USA und deren \u201eDiener\u201c gewinnen. Wie lange das gesamte gleichgeschaltete L\u00fcgenkonstrukt im NATO-Westen \u00fcber Russland, seine Absichten und sein Vorgehen aufrechterhalten werden kann, wird sich zeigen. Nat\u00fcrlich werden sie alles daransetzen, wirkliche Aufkl\u00e4rung zu verhindern. Schlie\u00dflich sind ihre wichtigsten Instrumente, wie <a href=\"https:\/\/publikumskonferenz.de\/blog\/2021\/12\/31\/ene-mene-muh-und-raus-bist-du-rt-de\/\">Friedhelm Klinkhammer\/Volker Br\u00e4utigam<\/a> es formulierten: \u201eUnterschlagen wesentlicher Informationen, Verschleiern problematischer Fakten, verzerrte Darstellung von Sachzusammenh\u00e4ngen, irref\u00fchrende Ausdrucksweise per Sprachregelung, Verzicht auf Gegenrecherche, Ignorieren missliebiger Aussagen\u201c.<\/p>\n<p>Politik ist immer interessengeleitet. Wenn es um Krieg und Frieden geht, muss gerade in der Friedenbewegung die Frage gestellt und beantwortet werden: Wer vertritt und verfolgt in der internationalen Auseinandersetzung welche Interessen. Auf der Grundlage der Ideologie der \u00c4quidistanz ist dies nicht m\u00f6glich.<\/p>\n<p>Auch wenn es B\u00fcndnisse schwieriger macht, Friedensbewegung darf nicht verschleiern, sondern muss hinterfragen und aufkl\u00e4ren.<\/p>\n<p>Der Kampf der Friedensbewegung wird nicht so bequem weitergehen, wie in den letzten Jahren. Der selbstverschuldete wirtschaftliche Niedergang der westlichen L\u00e4nder ist unausbleiblich und kann zu gro\u00dfen Unruhen f\u00fchren. Die staatliche Repression wird auch in Deutschland erheblich zunehmen. Internationale Auseinandersetzungen werden sich weiter zuspitzen, insbesondre auch durch US-Provokationen gegen China.<\/p>\n<p>Die unipolare Weltordnung mit den USA an der Spitze ist im Niedergang. Mit ihren Vasallen versuchen sie mit allen Mitteln, den zu verhindern. Das zeigt auch der Druck, den sie auf alle Staaten aus\u00fcben, die sich der Sanktionspolitik und Feindschaft gegen Russland nicht anschlie\u00dfen.<\/p>\n<p>Nicht Russland ist isoliert, das sich gemeinsam mit China f\u00fcr die Entstehung einer multipolaren Weltordnung einsetzt, sondern die USA, NATO und EU sind es. Immer mehr L\u00e4nder mit der Mehrheit der Weltbev\u00f6lkerung wollen die westliche Arroganz, Bevormundung und Aggression nicht l\u00e4nger hinnehmen und wenden sich Russland und China zu. Die \u201ewestliche Wertegemeinschaft\u201c hat sich mit ihrer Doppelmoral vor der Welt endg\u00fcltig entbl\u00f6\u00dft<\/p>\n<p>Sie kann den Niedergang der US-Hegemonie, die auf Verbrechen gegen die Menschheit beruht, hinausz\u00f6gern, aber das Entstehen einer multipolaren, demokratischen Weltordnung nicht verhindern. Daf\u00fcr muss das V\u00f6lkerrecht erst weltweit und f\u00fcr alle zur Geltung gebracht werden.<\/p>\n<p><strong>Es geht um den Kampf: US-Hegemonie versus multipolare Weltordnung <\/strong><\/p>\n<p>Auch die Friedensbewegung wird sich fr\u00fcher oder sp\u00e4ter f\u00fcr eine konsequente Positionierung entscheiden m\u00fcssen.<\/p>\n<p style=\"text-align: right;\"><em>Doris Pumphrey ist Aktivistin in der Friedenskoordination (Friko), Berlin<\/em><\/p>\n<hr \/>\n<p><strong>Download<\/strong><\/p>\n<p><img loading=\"lazy\" decoding=\"async\" data-attachment-id=\"1076\" data-permalink=\"https:\/\/www.freidenker.org\/?attachment_id=1076\" data-orig-file=\"https:\/\/i0.wp.com\/www.freidenker.org\/fw17\/wp-content\/uploads\/2017\/10\/pdf_icon-2.png?fit=32%2C32&amp;ssl=1\" data-orig-size=\"32,32\" data-comments-opened=\"0\" data-image-meta=\"{&quot;aperture&quot;:&quot;0&quot;,&quot;credit&quot;:&quot;&quot;,&quot;camera&quot;:&quot;&quot;,&quot;caption&quot;:&quot;&quot;,&quot;created_timestamp&quot;:&quot;0&quot;,&quot;copyright&quot;:&quot;&quot;,&quot;focal_length&quot;:&quot;0&quot;,&quot;iso&quot;:&quot;0&quot;,&quot;shutter_speed&quot;:&quot;0&quot;,&quot;title&quot;:&quot;&quot;,&quot;orientation&quot;:&quot;0&quot;}\" data-image-title=\"pdf_icon\" data-image-description=\"\" data-image-caption=\"\" data-large-file=\"https:\/\/i0.wp.com\/www.freidenker.org\/fw17\/wp-content\/uploads\/2017\/10\/pdf_icon-2.png?fit=32%2C32&amp;ssl=1\" class=\"alignnone size-full wp-image-1076\" src=\"https:\/\/i0.wp.com\/www.freidenker.org\/fw17\/wp-content\/uploads\/2017\/10\/pdf_icon-2.png?resize=32%2C32&amp;ssl=1\" alt=\"\" width=\"32\" height=\"32\" data-attachment-id=\"1076\" data-permalink=\"https:\/\/www.freidenker.org\/?attachment_id=1076\" data-orig-file=\"https:\/\/i0.wp.com\/www.freidenker.org\/fw17\/wp-content\/uploads\/2017\/10\/pdf_icon-2.png?fit=32%2C32&amp;ssl=1\" data-orig-size=\"32,32\" data-comments-opened=\"0\" data-image-meta=\"{&quot;aperture&quot;:&quot;0&quot;,&quot;credit&quot;:&quot;&quot;,&quot;camera&quot;:&quot;&quot;,&quot;caption&quot;:&quot;&quot;,&quot;created_timestamp&quot;:&quot;0&quot;,&quot;copyright&quot;:&quot;&quot;,&quot;focal_length&quot;:&quot;0&quot;,&quot;iso&quot;:&quot;0&quot;,&quot;shutter_speed&quot;:&quot;0&quot;,&quot;title&quot;:&quot;&quot;,&quot;orientation&quot;:&quot;0&quot;}\" data-image-title=\"pdf_icon\" data-image-description=\"\" data-image-caption=\"\" data-medium-file=\"https:\/\/i0.wp.com\/www.freidenker.org\/fw17\/wp-content\/uploads\/2017\/10\/pdf_icon-2.png?fit=32%2C32&amp;ssl=1\" data-large-file=\"https:\/\/i0.wp.com\/www.freidenker.org\/fw17\/wp-content\/uploads\/2017\/10\/pdf_icon-2.png?fit=32%2C32&amp;ssl=1\" data-recalc-dims=\"1\" \/>\u00a0Den\u00a0<a href=\"https:\/\/www.freidenker.org\/fw17\/wp-content\/uploads\/2022\/06\/FB_und_USA_NATO_Stellvertreterkrieg_gegen_Russland.pdf\" target=\"_blank\" rel=\"noopener\">Vortrag als PDF-Dokument<\/a> lesen oder herunterladen (PDF-Dokument, ca. 193 KB)<\/p>\n<hr \/>\n<p><span style=\"font-size: 10pt;\">Bild: Veranstaltung &#8222;Unsterbliches Regiment&#8220; am 9. Mai 2022 in Frankfurt am Main<\/span><br \/>\n<span style=\"font-size: 10pt;\">Screenshot von RT DE aus einem <a href=\"https:\/\/www.youtube.com\/watch?v=Pj8Iq5EpGEw\" target=\"_blank\" rel=\"noopener\">Video von InfraRot<\/a><\/span><br \/>\n<span style=\"font-size: 10pt;\">Quelle: <a href=\"https:\/\/www.extremnews.com\/nachrichten\/vermischtes\/ff2f189e0926f1f\" target=\"_blank\" rel=\"noopener\">https:\/\/www.extremnews.com\/nachrichten\/vermischtes\/ff2f189e0926f1f<\/a><\/span><\/p>\n","protected":false},"excerpt":{"rendered":"<p><b>Vortrag von\u00a0Doris Pumphrey<\/b><br \/>\nDestabilisierung im post-sowjetischen Raum durch sogenannte Farbenrevolutionen mit Hilfe von NGOs und die Politik zur Eind\u00e4mmung Russlands durch die NATO-Osterweiterung charakterisieren die Politik von USA\/NATO seit dem Zusammenbruch der Sowjetunion. In den letzten Jahren spielten die einseitigen Aufk\u00fcndigungen von R\u00fcstungskontrollvertr\u00e4gen durch die USA und vor allem die Ausdehnung der NATO nach Osten auf immer mehr L\u00e4nder sowie deren Aufr\u00fcstung und Einbeziehung in NATO-Man\u00f6ver an Russlands Grenzen nat\u00fcrlich eine besondere Rolle in der Arbeit der Friedensbewegung. Allerdings war die Friedensbewegung insgesamt ruhig geblieben gegen\u00fcber der wachsenden anti-russischen Hetze, die nach dem Beitritt der Krim zur Russischen F\u00f6deration 2014 einen ersten H\u00f6hepunkt erreichte.<\/p>\n","protected":false},"author":3,"featured_media":13653,"comment_status":"closed","ping_status":"closed","sticky":false,"template":"","format":"standard","meta":{"colormag_page_container_layout":"default_layout","colormag_page_sidebar_layout":"default_layout","advanced_seo_description":"","jetpack_seo_html_title":"","jetpack_seo_noindex":false,"jetpack_post_was_ever_published":false,"footnotes":""},"categories":[13],"tags":[451,43,686,56,223,342,639,185,345],"class_list":["post-13631","post","type-post","status-publish","format-standard","has-post-thumbnail","hentry","category-frieden-antifaschismus-solidaritaet","tag-faschismus","tag-friedensbewegung","tag-mahnwachen","tag-nato","tag-putin","tag-querfront","tag-ukraine-konflikt","tag-usa","tag-voelkerrecht"],"jetpack_featured_media_url":"https:\/\/i0.wp.com\/www.freidenker.org\/fw17\/wp-content\/uploads\/2022\/06\/unsterbliches_regiment_fam_2022_800x447.jpg?fit=800%2C447&ssl=1","jetpack_shortlink":"https:\/\/wp.me\/p9stpK-3xR","jetpack-related-posts":[{"id":14867,"url":"https:\/\/www.freidenker.org\/?p=14867","url_meta":{"origin":13631,"position":0},"title":"Karin Leukefeld: Erlebe Friedensbewegung zersplittert und zerstritten","author":"Webredaktion","date":"23. Dezember 2022","format":false,"excerpt":"Interview von\u00a0Felicitas Rabe mit Karin Leukefeld F: Frau Leukefeld, am zweiten Dezemberwochenende fand in Kassel der 29. Friedensratschlag statt. Wie haben sich Vertreter der deutschen Friedensbewegung zum Krieg in der Ukraine positioniert? ... A: Sehr viele Menschen waren zu dem \"Friedensratschlag\" gekommen, das ist sicherlich ein Erfolg. Auf den Podien\u2026","rel":"","context":"In &quot;Frieden - Antifaschismus - Solidarit\u00e4t&quot;","block_context":{"text":"Frieden - Antifaschismus - Solidarit\u00e4t","link":"https:\/\/www.freidenker.org\/?cat=13"},"img":{"alt_text":"","src":"https:\/\/i0.wp.com\/www.freidenker.org\/fw17\/wp-content\/uploads\/2022\/12\/Bremen_01-2022-09-01-gmv-0021_800x450.jpg?fit=800%2C450&ssl=1&resize=350%2C200","width":350,"height":200,"srcset":"https:\/\/i0.wp.com\/www.freidenker.org\/fw17\/wp-content\/uploads\/2022\/12\/Bremen_01-2022-09-01-gmv-0021_800x450.jpg?fit=800%2C450&ssl=1&resize=350%2C200 1x, https:\/\/i0.wp.com\/www.freidenker.org\/fw17\/wp-content\/uploads\/2022\/12\/Bremen_01-2022-09-01-gmv-0021_800x450.jpg?fit=800%2C450&ssl=1&resize=525%2C300 1.5x, https:\/\/i0.wp.com\/www.freidenker.org\/fw17\/wp-content\/uploads\/2022\/12\/Bremen_01-2022-09-01-gmv-0021_800x450.jpg?fit=800%2C450&ssl=1&resize=700%2C400 2x"},"classes":[]},{"id":19902,"url":"https:\/\/www.freidenker.org\/?p=19902","url_meta":{"origin":13631,"position":1},"title":"Kriegshetzer in der Deutschen \u201eFriedensgesellschaft\u201c gegen Friedensdemonstration","author":"Webredaktion","date":"24. September 2024","format":false,"excerpt":"Beitrag von Klaus Hartmann Wenn W\u00fcterich Kiesewetter, Strack-Rheinmetall oder Panzertoni Hofreiter von Friedensdemonstrationen nicht erbaut sind, verwundert das ebensowenig wie beim Bundeskanzler, f\u00fcr den die Demonstranten \u201egefallene Engel aus der H\u00f6lle\u201c sind oder seinem \u201eVerteidigungs\u201c-Minister, der Deutschland lieber kriegst\u00fcchtig als friedensf\u00e4hig sehen will. Doch wenn eine Organisation, die lange f\u00fcr\u2026","rel":"","context":"In &quot;Frieden - Antifaschismus - Solidarit\u00e4t&quot;","block_context":{"text":"Frieden - Antifaschismus - Solidarit\u00e4t","link":"https:\/\/www.freidenker.org\/?cat=13"},"img":{"alt_text":"","src":"https:\/\/i0.wp.com\/www.freidenker.org\/fw17\/wp-content\/uploads\/2024\/09\/klartext_Siko_Demo_2023_9234_DFG-VK_800x450.jpg?fit=800%2C450&ssl=1&resize=350%2C200","width":350,"height":200,"srcset":"https:\/\/i0.wp.com\/www.freidenker.org\/fw17\/wp-content\/uploads\/2024\/09\/klartext_Siko_Demo_2023_9234_DFG-VK_800x450.jpg?fit=800%2C450&ssl=1&resize=350%2C200 1x, https:\/\/i0.wp.com\/www.freidenker.org\/fw17\/wp-content\/uploads\/2024\/09\/klartext_Siko_Demo_2023_9234_DFG-VK_800x450.jpg?fit=800%2C450&ssl=1&resize=525%2C300 1.5x, https:\/\/i0.wp.com\/www.freidenker.org\/fw17\/wp-content\/uploads\/2024\/09\/klartext_Siko_Demo_2023_9234_DFG-VK_800x450.jpg?fit=800%2C450&ssl=1&resize=700%2C400 2x"},"classes":[]},{"id":12515,"url":"https:\/\/www.freidenker.org\/?p=12515","url_meta":{"origin":13631,"position":2},"title":"Die Friedensbewegung am Scheideweg","author":"Webredaktion","date":"30. M\u00e4rz 2022","format":false,"excerpt":"Vortrag von Doris Pumphrey, gehalten am 26.03.2022 In den letzten Jahren wurde immer wieder konstatiert und kritisiert, dass die Friedensbewegung schwach sei, nur noch Wenige zu Aktionen kommen. Sie spiele in der \u00f6ffentlichen Wahrnehmung keine nennenswerte Rolle. In einem Artikel Im Oktober 21 \u00fcber die gro\u00dfe Friedensdemonstration in Bonn 1981,\u2026","rel":"","context":"In &quot;Frieden - Antifaschismus - Solidarit\u00e4t&quot;","block_context":{"text":"Frieden - Antifaschismus - Solidarit\u00e4t","link":"https:\/\/www.freidenker.org\/?cat=13"},"img":{"alt_text":"","src":"https:\/\/i0.wp.com\/www.freidenker.org\/fw17\/wp-content\/uploads\/2022\/03\/friko_2022-02-18_800x450.jpg?fit=800%2C450&ssl=1&resize=350%2C200","width":350,"height":200,"srcset":"https:\/\/i0.wp.com\/www.freidenker.org\/fw17\/wp-content\/uploads\/2022\/03\/friko_2022-02-18_800x450.jpg?fit=800%2C450&ssl=1&resize=350%2C200 1x, https:\/\/i0.wp.com\/www.freidenker.org\/fw17\/wp-content\/uploads\/2022\/03\/friko_2022-02-18_800x450.jpg?fit=800%2C450&ssl=1&resize=525%2C300 1.5x, https:\/\/i0.wp.com\/www.freidenker.org\/fw17\/wp-content\/uploads\/2022\/03\/friko_2022-02-18_800x450.jpg?fit=800%2C450&ssl=1&resize=700%2C400 2x"},"classes":[]},{"id":21493,"url":"https:\/\/www.freidenker.org\/?p=21493","url_meta":{"origin":13631,"position":3},"title":"Die Friedensbewegung im Spannungsfeld","author":"Webredaktion","date":"16. April 2025","format":false,"excerpt":"Vortrag von Doris Pumphrey, Gehalten auf dem Kongress \"Krieg und Frieden\" der Neuen Gesellschaft f\u00fcr Psychologie, Berlin 10. bis 12. April 2025 Die Friedensbewegung ist eine sog. Graswurzelbewegung, die die M\u00fchen durchlaufen muss eines Aufbaus und einer Mobilisierung von unten. Authentische, unabh\u00e4ngige Graswurzelbewegungen haben es heute viel schwerer als fr\u00fcher.\u2026","rel":"","context":"In &quot;Frieden - Antifaschismus - Solidarit\u00e4t&quot;","block_context":{"text":"Frieden - Antifaschismus - Solidarit\u00e4t","link":"https:\/\/www.freidenker.org\/?cat=13"},"img":{"alt_text":"","src":"https:\/\/i0.wp.com\/www.freidenker.org\/fw17\/wp-content\/uploads\/2025\/04\/Ostermarsch_Berlin_20180331_133450b_800x450.jpg?fit=800%2C450&ssl=1&resize=350%2C200","width":350,"height":200,"srcset":"https:\/\/i0.wp.com\/www.freidenker.org\/fw17\/wp-content\/uploads\/2025\/04\/Ostermarsch_Berlin_20180331_133450b_800x450.jpg?fit=800%2C450&ssl=1&resize=350%2C200 1x, https:\/\/i0.wp.com\/www.freidenker.org\/fw17\/wp-content\/uploads\/2025\/04\/Ostermarsch_Berlin_20180331_133450b_800x450.jpg?fit=800%2C450&ssl=1&resize=525%2C300 1.5x, https:\/\/i0.wp.com\/www.freidenker.org\/fw17\/wp-content\/uploads\/2025\/04\/Ostermarsch_Berlin_20180331_133450b_800x450.jpg?fit=800%2C450&ssl=1&resize=700%2C400 2x"},"classes":[]},{"id":19429,"url":"https:\/\/www.freidenker.org\/?p=19429","url_meta":{"origin":13631,"position":4},"title":"Friedensbewegung zwischen NATO-Mantra, \u00c4quidistanz und Abgrenzung","author":"Webredaktion","date":"2. Juli 2024","format":false,"excerpt":"Deutschland im Krieg gegen Russland Beitrag von Doris Pumphrey aus:\u00a0\u201eFREIDENKER\u201c Nr. 2-24, Juni 2024 Eine Friedensbewegung ist per se nicht homogen. In ihr agieren Gruppen und Einzelpersonen unterschiedlicher ideologischer und politischer Orientierungen. In ihr sind Pazifisten, die jede Gewaltanawendung ablehnen, bis zu Antimilitaristen, die das Recht auf milit\u00e4rische Verteidigung und\u2026","rel":"","context":"In &quot;Frieden - Antifaschismus - Solidarit\u00e4t&quot;","block_context":{"text":"Frieden - Antifaschismus - Solidarit\u00e4t","link":"https:\/\/www.freidenker.org\/?cat=13"},"img":{"alt_text":"","src":"https:\/\/i0.wp.com\/www.freidenker.org\/fw17\/wp-content\/uploads\/2024\/07\/friko_berlin_om2024_800x450.jpg?fit=800%2C450&ssl=1&resize=350%2C200","width":350,"height":200,"srcset":"https:\/\/i0.wp.com\/www.freidenker.org\/fw17\/wp-content\/uploads\/2024\/07\/friko_berlin_om2024_800x450.jpg?fit=800%2C450&ssl=1&resize=350%2C200 1x, https:\/\/i0.wp.com\/www.freidenker.org\/fw17\/wp-content\/uploads\/2024\/07\/friko_berlin_om2024_800x450.jpg?fit=800%2C450&ssl=1&resize=525%2C300 1.5x, https:\/\/i0.wp.com\/www.freidenker.org\/fw17\/wp-content\/uploads\/2024\/07\/friko_berlin_om2024_800x450.jpg?fit=800%2C450&ssl=1&resize=700%2C400 2x"},"classes":[]},{"id":2988,"url":"https:\/\/www.freidenker.org\/?p=2988","url_meta":{"origin":13631,"position":5},"title":"Freidenker-Brief 6-2015: Deutschland raus aus der NATO &#8211; NATO raus aus Deutschland","author":"Webredaktion","date":"27. August 2015","format":false,"excerpt":"W\u00e4hrend manche \"Institutionen\" der Friedensbewegung fortgesetzt die Diskussion \u201eWie weiter mit der Friedensbewegung?\u201c f\u00fchren, gibt es erfreulicherweise auch Friedenskr\u00e4fte, die angesichts der gef\u00e4hrlichen internationalen Entwicklung aktiv werden, die auf Aktionen und auf Klarheit dr\u00e4ngen: Einerseits die im \"AK Frieden \/ Internationales\" des Deutschen Freidenker-Verbandes erarbeitete programmatische Erkl\u00e4rung zu Fragen von\u2026","rel":"","context":"In &quot;Freidenker-Brief&quot;","block_context":{"text":"Freidenker-Brief","link":"https:\/\/www.freidenker.org\/?cat=341"},"img":{"alt_text":"","src":"https:\/\/i0.wp.com\/www.freidenker.org\/fw17\/wp-content\/uploads\/2015\/08\/Global_Hawk_800x445_mLogo.jpg?fit=800%2C445&ssl=1&resize=350%2C200","width":350,"height":200,"srcset":"https:\/\/i0.wp.com\/www.freidenker.org\/fw17\/wp-content\/uploads\/2015\/08\/Global_Hawk_800x445_mLogo.jpg?fit=800%2C445&ssl=1&resize=350%2C200 1x, https:\/\/i0.wp.com\/www.freidenker.org\/fw17\/wp-content\/uploads\/2015\/08\/Global_Hawk_800x445_mLogo.jpg?fit=800%2C445&ssl=1&resize=525%2C300 1.5x, https:\/\/i0.wp.com\/www.freidenker.org\/fw17\/wp-content\/uploads\/2015\/08\/Global_Hawk_800x445_mLogo.jpg?fit=800%2C445&ssl=1&resize=700%2C400 2x"},"classes":[]}],"_links":{"self":[{"href":"https:\/\/www.freidenker.org\/index.php?rest_route=\/wp\/v2\/posts\/13631","targetHints":{"allow":["GET"]}}],"collection":[{"href":"https:\/\/www.freidenker.org\/index.php?rest_route=\/wp\/v2\/posts"}],"about":[{"href":"https:\/\/www.freidenker.org\/index.php?rest_route=\/wp\/v2\/types\/post"}],"author":[{"embeddable":true,"href":"https:\/\/www.freidenker.org\/index.php?rest_route=\/wp\/v2\/users\/3"}],"replies":[{"embeddable":true,"href":"https:\/\/www.freidenker.org\/index.php?rest_route=%2Fwp%2Fv2%2Fcomments&post=13631"}],"version-history":[{"count":0,"href":"https:\/\/www.freidenker.org\/index.php?rest_route=\/wp\/v2\/posts\/13631\/revisions"}],"wp:featuredmedia":[{"embeddable":true,"href":"https:\/\/www.freidenker.org\/index.php?rest_route=\/wp\/v2\/media\/13653"}],"wp:attachment":[{"href":"https:\/\/www.freidenker.org\/index.php?rest_route=%2Fwp%2Fv2%2Fmedia&parent=13631"}],"wp:term":[{"taxonomy":"category","embeddable":true,"href":"https:\/\/www.freidenker.org\/index.php?rest_route=%2Fwp%2Fv2%2Fcategories&post=13631"},{"taxonomy":"post_tag","embeddable":true,"href":"https:\/\/www.freidenker.org\/index.php?rest_route=%2Fwp%2Fv2%2Ftags&post=13631"}],"curies":[{"name":"wp","href":"https:\/\/api.w.org\/{rel}","templated":true}]}}