{"id":13628,"date":"2022-06-30T07:40:22","date_gmt":"2022-06-30T05:40:22","guid":{"rendered":"https:\/\/www.freidenker.org\/?p=13628"},"modified":"2022-07-22T02:13:40","modified_gmt":"2022-07-22T00:13:40","slug":"robert-habeck-und-der-geschmack-der-diktatur","status":"publish","type":"post","link":"https:\/\/www.freidenker.org\/?p=13628","title":{"rendered":"Robert Habeck und der Geschmack der Diktatur"},"content":{"rendered":"<p><strong>Musste er nicht, wie alle Minister, schw\u00f6ren, &#8222;das Wohl des deutschen Volkes zu wahren und Schaden von ihm zu wenden&#8220;? Habeck ist das eher fremd. Freiheitsphrasen und Wertegeklingel kann er gut, aber noch besser gefallen ihm Notstand und Zensur. <\/strong><\/p>\n<p><em>von <strong>Dagmar Henn<\/strong><\/em><\/p>\n<p><span style=\"font-size: 10pt;\">Erstver\u00f6ffentlichung am 25.06.2022 auf <a href=\"https:\/\/pressefreiheit.rtde.tech\/meinung\/141878-robert-habeck-und-geschmack-diktatur\/\" target=\"_blank\" rel=\"noopener\">RT DE<\/a><\/span><\/p>\n<div class=\"EmbedBlock-root EmbedBlock-all\">\n<div class=\"AllEmbed\"><iframe loading=\"lazy\" title=\"Robert Habeck und der Geschmack der Diktatur\" src=\"https:\/\/www.podbean.com\/player-v2\/?i=vyb8s-125dbc8-pb&amp;from=pb6admin&amp;share=1&amp;download=1&amp;rtl=0&amp;fonts=Arial&amp;skin=1&amp;font-color=&amp;logo_link=episode_page&amp;btn-skin=7\" width=\"100%\" height=\"150\" scrolling=\"no\" data-name=\"pb-iframe-player\" data-mce-fragment=\"1\"><\/iframe><\/div>\n<\/div>\n<p>Zweimal hat sich Bundeswirtschaftsminister Robert Habeck in den letzten Tagen gro\u00df zu Wort gemeldet. <a href=\"https:\/\/www.youtube.com\/watch?v=3cE7LYGJoF8\" target=\"_blank\" rel=\"noopener noreferrer\">Einmal<\/a> vor der Jahrestagung des Bundesverbands der Deutschen Industrie (BDI), und <a href=\"https:\/\/www.zdf.de\/nachrichten\/heute-journal\/habeck-schmerzhafte-entscheidungen-100.html\" target=\"_blank\" rel=\"noopener noreferrer\">einmal<\/a> in einem Interview mit dem <em>ZDF.<\/em> Die Reden unterscheiden sich; und was Habeck wie wo sagte, verr\u00e4t mehr \u00fcber ihn und seine Gesinnung, als er vermutlich beabsichtigte.<\/p>\n<p>Lassen wir mal beiseite, dass er selbst das Publikum des BDI mit wiedergek\u00e4uter <em>BBC<\/em>-Propaganda bel\u00e4stigte, fiktiven R\u00fchrgeschichten, die dort so deplatziert waren wie einst jene des Herrn Poroschenko in Davos. Dass er selbst vor diesem Publikum eine geopolitische Auseinandersetzung personalisiert (Putin hat, Putin will), als st\u00fcnde er vor einer Grundschule. Aber vielleicht \u00fcbersch\u00e4tze ich dieses Publikum auch, und es bewegt sich mittlerweile auf Habecks Niveau, denn er wurde nicht einmal f\u00fcr die unsinnigsten Behauptungen ger\u00fcgt, wie jene, die Reduktion der Gasmenge, die zurzeit durch Nord Stream 1 flie\u00dft, sei &#8222;ein \u00f6konomischer Angriff auf uns&#8220;.<\/p>\n<p>Das ist politischer Dummfug, von dem eine kleine Kostprobe gen\u00fcgt: &#8222;Deswegen hat er diesen Krieg angefangen, weil Diktatoren die Freiheit f\u00fcrchten. Und deswegen darf er diesen Krieg nicht erfolgreich abschlie\u00dfen, weil das bedeuten w\u00fcrde, dass Diktatoren die Freiheit immer wieder erfolgreich angreifen k\u00f6nnen.&#8220; Mir kommt kein einziger Krieg in den Sinn, der gef\u00fchrt wurde, weil &#8222;Diktatoren die Freiheit f\u00fcrchten&#8220;. Das ist, mit Verlaub gesagt, das Geschw\u00e4tz, das jene absondern, die unbedingt Kriege f\u00fchren wollen, aber mit allen Mitteln verh\u00fcllen wollen, warum und wof\u00fcr. Jeder einzelne Krieg der Weltgeschichte hat einen rationalen, materiellen Kern. Nicht einmal der trojanische wurde wirklich um die sch\u00f6ne Helena gef\u00fchrt.<\/p>\n<p>Habeck und der tr\u00fcbe Haufen um ihn herum, der diese Bundesregierung bildet, tr\u00e4gt jedenfalls weit mehr Verantwortung f\u00fcr die wirtschaftliche Zwangslage, in der sich Deutschland inzwischen befindet, als Wladimir Putin. Er geh\u00f6rt schlie\u00dflich zu den Einpeitschern der Sanktionspolitik. Aber er reagiert auf die inzwischen manifesten Folgen nicht damit, Abbitte zu leisten oder gar Einsicht zu entwickeln. Nein, er hat mindestens so viel Geschmack an der Gaslage gefunden wie Bundesgesundheitsminister Karl Lauterbach an der ewigen Pandemie, und aus den gleichen Gr\u00fcnden.<\/p>\n<p>&#8222;Das ist eine gewisse Form von Korporatismus, der Deutschland stark gemacht hat&#8220;, sagt er vor dem BDI. Korporatismus? Der Begriff stammt, das h\u00e4tte ihm vielleicht jemand sagen sollen, von Benito Mussolini, der damit den italienischen Faschismus bezeichnete. Habeck strich hervor, er k\u00f6nne kein &#8222;F\u00f6rdermittelbescheiderstellungsministerium&#8220; leiten. Er redete von &#8222;kollektiver Debattenanstrengung&#8220;, davon, &#8222;unter dem Druck des Tages den alten Mehltau wegzublasen&#8220;, und erkl\u00e4rte, &#8222;mit einer affenartigen Geschwindigkeit dr\u00fccken wir die Gesetze durch die Parlamente&#8220;.<\/p>\n<p>Anders gesagt, er bef\u00fcrwortet und genie\u00dft den dauerhaften Notstand. In dem alles, was an demokratischen Prozeduren in Planungsverfahren eingef\u00fchrt wurde, beiseitegeschoben werden kann, in dem Gesetze eben nicht wirklich debattiert werden, sondern &#8222;durchgedr\u00fcckt&#8220;, und in dem die Politik, allen anderen voran Herr Habeck pers\u00f6nlich, die Kontrolle \u00fcber die \u00d6konomie \u00fcbernimmt.<\/p>\n<p>Was eine gute Sache sein kann, wenn es f\u00fcr das Wohl der B\u00fcrger geschieht; aber davon redet Habeck nicht. Das ist nicht sein Ziel. Seine Absicht ist die Unterordnung der Wirtschaft unter das politische Ziel, Russland zu bezwingen, auch wenn er drei Lagen Girlanden aus gro\u00dfz\u00fcgig verteiltem Freiheitsgefasel darum windet. Sein Ziel ist Krieg. Und f\u00fcr einen Korporatismus, der im geostrategischen Interesse der Konzerne die \u00d6konomie der Politik unterordnet und demokratische Verfahrensweisen aufhebt, gibt es einen Begriff. Er lautet Faschismus.<\/p>\n<p>Dem gemeinen Insassen der Bundesrepublik gegen\u00fcber formuliert er nat\u00fcrlich anders. Da singt er das hohe Lied vom Energiesparen. Freut sich: &#8222;Die Geb\u00e4udesanierung, endlich nimmt sie richtig Fahrt auf.&#8220; Es ist ganz einfach zu erkl\u00e4ren, warum das vorher nicht geschah \u2013 weil die energetische Sanierung so hohe Kosten verursacht, dass sie noch einmal f\u00fcnf, sechs Euro je Quadratmeter und Monat auf die ohnehin schon zu hohen Mieten aufschl\u00e4gt. Weshalb Wohnungsbaugenossenschaften in den letzten Jahren mit normalen Erhaltungsma\u00dfnahmen sparsam geworden sind, weil sie dank Energieeinsparverordnung (EnEV) dazu f\u00fchren, dass die Mieter die Wohnungen nicht mehr zahlen k\u00f6nnen.<\/p>\n<p>&#8222;Gas ist ab nun ein knappes Gut in Deutschland&#8220;, verk\u00fcndet er und erkl\u00e4rt dann, dass &#8222;30 und mehr Prozent&#8220; &#8222;in das Heizen, wie unsere Wohnungen, wo unser Wasser warm gemacht wird&#8220;, gehen. (F\u00fcr die Plebs wird die gr\u00fcne Kleinkindsprache \u00fcbrigens besonders ausgepr\u00e4gt gebraucht; beim BDI griff Habeck gelegentlich durchaus zu ganzen, sogar ausgefeilten S\u00e4tzen.)<\/p>\n<p>Und dann rechnet er: &#8222;Sagen wir mal, es gelingt jedem Haushalt, oder den allermeisten, zehn Prozent Energie zu sparen, und das mal vierzig Millionen, dann macht es einen Unterschied.&#8220; Ja, wenn bei der Rechnung tats\u00e4chlich zehn Prozent mit vierzig Millionen multipliziert w\u00fcrden. Ohne manifeste Rechenschw\u00e4che sind allerdings zehn Prozent von &#8222;30 und mehr Prozent&#8220; nicht mehr als ein Wert irgendwo zwischen drei und vier Prozent.<\/p>\n<p>Kommt ihm in diesem Interview einmal der Gedanke, dass es echte, lebendige Menschen gibt, die unter diesen Einsparma\u00dfnahmen leiden werden? Weil sie Mieter sind und daher keinen Einfluss auf die Heiztechnik haben, weil sie arm sind und sich nicht die neuesten Ger\u00e4te leisten k\u00f6nnen? Wirkliche, lebende, atmende Menschen? Nicht wirklich. Die Interviewerin Marietta Slomka erw\u00e4hnt zwischendrin, dass h\u00f6here Preise fatal seien f\u00fcr kleinere Einkommen, und spricht in diesem Zusammenhang von Belohnung f\u00fcrs Energiesparen, aber Habeck, dem Energiekrieger, f\u00e4llt dazu nur ein: &#8222;Ich glaube, es geht eher darum, wenn ich das mal in meiner Sprache sagen darf, den inneren Schweinehund oder den eigenen blinden Fleck zu \u00fcberwinden.&#8220; Abgesehen davon, dass man blinde Flecke nicht \u00fcberwinden kann \u2013 woher nimmt Habeck seine Diktion? Aus Landserheftchen?<\/p>\n<p>&#8222;Putin&#8220; will, behauptet Habeck, die Gasmenge immer weiter reduzieren. &#8222;Das folgt einem erkennbaren Plan, n\u00e4mlich die Preise in Europa und in Deutschland hoch zu halten, damit dann, ich w\u00fcrde gar nicht sagen \u00f6konomische Sorgen zu steigern, sondern gesellschaftliche Unruhe zu steigern, und damit die Geschlossenheit, die es doch gab, aufzubrechen.&#8220; Dass arme Deutsche ihre Wohnungen nicht mehr heizen k\u00f6nnen, da ist nur das &#8222;\u00dcberwinden des Schweinehundes&#8220; gefragt. Wirklich relevant ist nur, dass die Frierenden wom\u00f6glich auf den Gedanken kommen k\u00f6nnten, dass ihnen die Ukraine am festgefrorenen Allerwertesten vorbeigeht. &#8222;Und deswegen sind die Ma\u00dfnahmen, die wir ergreifen, nicht nur energiepolitische Ma\u00dfnahmen, sondern Ma\u00dfnahmen zur Geschlossenheit der Gesellschaft.&#8220;<\/p>\n<p>Nein, keine sozialpolitischen Ma\u00dfnahmen, um das Elend wenigstens zu lindern. Was er davon h\u00e4lt, sagt er am Ende des Interviews: &#8222;Und wenn wir da uns gegenseitig nicht helfen, kommen wir da nicht durch. Und wenn da jemand sagt, &#8218;ich helfe nur, wenn ich nochmal 50 Euro kriege&#8216;, w\u00fcrde ich sagen: &#8218;Die kriegst du nicht, Alter.'&#8220; Immerhin, sein sozialpolitisches Wissen reicht noch weit genug, um zu erkennen, dass es insbesondere die Rentner treffen d\u00fcrfte.<\/p>\n<p>&#8222;Helfen&#8220;, nur als Randbemerkung, bezieht sich in seiner Aussage auf die &#8222;Solidarit\u00e4t mit der Ukraine&#8220;. Es geht nicht darum, dass die Deutschen sich gegenseitig helfen sollen, um den kommenden Winter zu \u00fcberstehen. Nur, dass sich da niemand Illusionen macht.<\/p>\n<p>Beim BDI ist er ein klein wenig deutlicher, was den kommenden Winter betrifft. &#8222;Aber wir reden ja \u00fcber ein Szenario, das m\u00f6glicherweise \u00fcber Monate andauert, und da reden wir nicht mehr dar\u00fcber, dass vielleicht der Shareholder-Value im Jahr 2022\/23 etwas zur\u00fcckgegangen ist, sondern dass die Unternehmen einfach weg sind.&#8220; &#8222;Wenn wir mit nur halbvollen Speichern in den Winter gehen und der Gashahn abgedreht wird, dann reden wir \u00fcber eine schwere Wirtschaftskrise, die Deutschland trifft.&#8220;<\/p>\n<p>Hauptsache, die Plebs ist mit Energiesparen besch\u00e4ftigt. In der Entwicklung verschiedener Besch\u00e4ftigungstherapien sind die Gr\u00fcnen schlie\u00dflich Meister, das zeigt ein fl\u00fcchtiger Blick auf die deutsche Tonnensammlung. Entscheidend ist, dass niemand zur Besinnung kommt und ernsthaft \u00fcber die Sanktionen nachdenkt: &#8222;Denn durch die materielle Not, durch die hohe Inflation, durch die hohen Energiepreise haben nat\u00fcrlich Menschen Angst, Angst vor Armut, Angst vor Wohlstandsverlust, (&#8230;) Angst vor Arbeitslosigkeit. (&#8230;) Und dann geht es nicht darum, den wohldosierten Streit um die richtige Antwort zu f\u00fchren, sondern darum, ziehen wir uns zur\u00fcck, soll Putin gewinnen. Dann macht man den Raum auf f\u00fcr Populismus.&#8220;<\/p>\n<p>Wie er darauf reagieren will, wenn ihm nicht einmal der Gedanke eines sozialen Ausgleichs kommt, f\u00fcr die von ihm mitverschuldete Misere? Schon, wenn man an den Sanktionen zweifelt, handelt es sich Habeck zu Folge &#8222;nicht mehr um den demokratischen Streit&#8220;, und &#8222;diese Strategie darf nicht erfolgreich sein&#8220;.<\/p>\n<p>Da ist er, der n\u00e4chste Schritt, der das ber\u00fcchtigte Overton-Fenster der gesellschaftlich akzeptablen Debatte jetzt auf die Breite eines Haarrisses reduziert. Nicht nur jene, die den russischen Milit\u00e4reinsatz f\u00fcr richtig halten, nicht nur jene, die das nicht tun, aber dennoch keine Fans der NATO sind, nicht nur jene, die Verhandlungen f\u00fcr besser halten als Waffenlieferungen, jetzt sind auch alle, die Zweifel an der Vernunft der Sanktionspolitik haben, keine Demokraten mehr, sondern, nach Habecks Definition, &#8222;Rechtspopulisten&#8220;. Rosa Luxemburg stand in seinem verdrehten Weltbild vermutlich auch ganz weit rechts. Links ist da, wo die NATO ist? Alle anderen jedenfalls, das gibt er deutlich zu erkennen, sind b\u00f6se, n\u00fctzen Putin und haben folglich die Klappe zu halten. Ein passender Paragraf zur Ahndung von Sanktionszweifeln wird sich schon noch finden, und wenn nicht, kann man ihn ja &#8222;mit affenartiger Geschwindigkeit&#8220; durchs Parlament dr\u00fccken.<\/p>\n<p>Zum Schluss seiner Rede vor dem BDI legte er noch mal nach und drohte in Richtung China. &#8222;Dass wir die Handelsabkommen nutzen, um unsere Werte in der Welt zumindest zu bef\u00f6rdern, durchzusetzen ist vielleicht ein hehrer Anspruch&#8220;, \u2013 nicht hehr, Herr Habeck, sondern gr\u00f6\u00dfenwahnsinnig. &#8222;So kann daraus ein Schuh werden, dass wir unseren Einfluss in der Welt nutzen und gleichzeitig ein bisschen unabh\u00e4ngiger werden von den b\u00f6sen Absichten von Diktatoren in der Welt.&#8220; Habeck, dessen Kriegswirtschaft sich auf Mussolini beruft, der den Notstand genie\u00dft und gerne durch Armut ausgel\u00f6ste Zweifel verbieten w\u00fcrde, meint sich damit nat\u00fcrlich nicht selbst. Seine Absichten sind schlie\u00dflich gute.<\/p>\n<p style=\"text-align: right;\"><em>Dagmar Henn ist Mitglied des Deutschen Freidenker-Verbandes<\/em><\/p>\n<hr \/>\n<p><span style=\"font-size: 10pt;\">Bild oben: Robert Habeck bei einer Landesdelegiertenkonferenz der Gr\u00fcnen 2018 in Troisdorf<\/span><br \/>\n<span style=\"font-size: 10pt;\">Foto: B\u00fcndnis 90\/Die Gr\u00fcnen Nordrhein-Westfalen, <a href=\"https:\/\/creativecommons.org\/licenses\/by-sa\/2.0\" target=\"_blank\" rel=\"noopener\">CC BY-SA 2.0<\/a><\/span><br \/>\n<span style=\"font-size: 10pt;\">Quelle: <a href=\"https:\/\/commons.wikimedia.org\/w\/index.php?curid=81420224\" target=\"_blank\" rel=\"noopener\">https:\/\/commons.wikimedia.org\/w\/index.php?curid=81420224<\/a><\/span><\/p>\n","protected":false},"excerpt":{"rendered":"<p><b>Beitrag von Dagmar Henn<\/b><br \/>\nZweimal hat sich Bundeswirtschaftsminister Robert Habeck in den letzten Tagen gro\u00df zu Wort gemeldet. Einmal vor der Jahrestagung des Bundesverbands der Deutschen Industrie (BDI), und einmal in einem Interview mit dem ZDF. Die Reden unterscheiden sich; und was Habeck wie wo sagte, verr\u00e4t mehr \u00fcber ihn und seine Gesinnung, als er vermutlich beabsichtigte. Lassen wir mal beiseite, dass er selbst das Publikum des BDI mit wiedergek\u00e4uter BBC-Propaganda bel\u00e4stigte, fiktiven R\u00fchrgeschichten, die dort so deplatziert waren wie einst jene des Herrn Poroschenko in Davos. Dass er selbst vor diesem Publikum eine geopolitische Auseinandersetzung personalisiert (Putin hat, Putin will), als st\u00fcnde er vor einer Grundschule.<\/p>\n","protected":false},"author":3,"featured_media":13634,"comment_status":"closed","ping_status":"closed","sticky":false,"template":"","format":"standard","meta":{"colormag_page_container_layout":"default_layout","colormag_page_sidebar_layout":"default_layout","advanced_seo_description":"","jetpack_seo_html_title":"","jetpack_seo_noindex":false,"jetpack_post_was_ever_published":false,"footnotes":""},"categories":[12],"tags":[1032,627,1473,988,719,639,1528,1110],"class_list":["post-13628","post","type-post","status-publish","format-standard","has-post-thumbnail","hentry","category-demokratie-medien-aufklaerung","tag-bundesregierung","tag-energiepolitik","tag-erdgas","tag-politische-oekonomie","tag-sanktionen","tag-ukraine-konflikt","tag-wirtschaftspolitik","tag-zdf"],"jetpack_featured_media_url":"https:\/\/i0.wp.com\/www.freidenker.org\/fw17\/wp-content\/uploads\/2022\/06\/Habeck_2018_Troisdorf_800x450.jpg?fit=800%2C450&ssl=1","jetpack_shortlink":"https:\/\/wp.me\/p9stpK-3xO","jetpack-related-posts":[{"id":16353,"url":"https:\/\/www.freidenker.org\/?p=16353","url_meta":{"origin":13628,"position":0},"title":"Habeck im Bundestag: &#8222;Falschunterstellungen&#8220; und ein &#8222;erster russischer Angriffskrieg 2014&#8220;","author":"Webredaktion","date":"24. Juni 2023","format":false,"excerpt":"Beitrag von Dagmar Henn Bundeswirtschaftsminister Habeck wurde im Bundestag befragt und benahm sich wie \u00fcblich \u2013 Antworten nur, wenn die Frage entsprechend unterw\u00fcrfig gestellt wurde, auf massivere Kritik jedoch arrogant und ausfallend. Bis hin zu eigenen neuen Geschichtsf\u00e4lschungen. Auch wenn Bundeswirtschaftsminister Robert Habeck in der Fragestunde des Bundestags nur selten\u2026","rel":"","context":"In &quot;Demokratie \u2013 Medien \u2013 Aufkl\u00e4rung&quot;","block_context":{"text":"Demokratie \u2013 Medien \u2013 Aufkl\u00e4rung","link":"https:\/\/www.freidenker.org\/?cat=12"},"img":{"alt_text":"","src":"https:\/\/i0.wp.com\/www.freidenker.org\/fw17\/wp-content\/uploads\/2023\/06\/Habeck-2023-06-07_Event_Konferenz_re-publica_800x450.jpg?fit=800%2C450&ssl=1&resize=350%2C200","width":350,"height":200,"srcset":"https:\/\/i0.wp.com\/www.freidenker.org\/fw17\/wp-content\/uploads\/2023\/06\/Habeck-2023-06-07_Event_Konferenz_re-publica_800x450.jpg?fit=800%2C450&ssl=1&resize=350%2C200 1x, https:\/\/i0.wp.com\/www.freidenker.org\/fw17\/wp-content\/uploads\/2023\/06\/Habeck-2023-06-07_Event_Konferenz_re-publica_800x450.jpg?fit=800%2C450&ssl=1&resize=525%2C300 1.5x, https:\/\/i0.wp.com\/www.freidenker.org\/fw17\/wp-content\/uploads\/2023\/06\/Habeck-2023-06-07_Event_Konferenz_re-publica_800x450.jpg?fit=800%2C450&ssl=1&resize=700%2C400 2x"},"classes":[]},{"id":17283,"url":"https:\/\/www.freidenker.org\/?p=17283","url_meta":{"origin":13628,"position":1},"title":"Die seltsame Welt des Robert Habeck: Ich, Robert, Kaiser und Gott","author":"Webredaktion","date":"19. Oktober 2023","format":false,"excerpt":"Beitrag von Dagmar Henn Es gibt einen weiteren Blickwinkel, unter dem es sich lohnt, das Gespr\u00e4ch von Bundeswirtschaftsminister Robert Habeck bei Maischberger zu betrachten. Er verr\u00e4t n\u00e4mlich seine Sicht auf die Politik, und dabei spielt Demokratie keine oder bestenfalls eine untergeordnete Rolle. Das erste Anzeichen findet sich ziemlich zu Beginn,\u2026","rel":"","context":"In &quot;Demokratie \u2013 Medien \u2013 Aufkl\u00e4rung&quot;","block_context":{"text":"Demokratie \u2013 Medien \u2013 Aufkl\u00e4rung","link":"https:\/\/www.freidenker.org\/?cat=12"},"img":{"alt_text":"","src":"https:\/\/i0.wp.com\/www.freidenker.org\/fw17\/wp-content\/uploads\/2023\/10\/Habeck_2023-06-07_re-publica_1DX_5937_by_Stepro_800x450.jpg?fit=800%2C450&ssl=1&resize=350%2C200","width":350,"height":200,"srcset":"https:\/\/i0.wp.com\/www.freidenker.org\/fw17\/wp-content\/uploads\/2023\/10\/Habeck_2023-06-07_re-publica_1DX_5937_by_Stepro_800x450.jpg?fit=800%2C450&ssl=1&resize=350%2C200 1x, https:\/\/i0.wp.com\/www.freidenker.org\/fw17\/wp-content\/uploads\/2023\/10\/Habeck_2023-06-07_re-publica_1DX_5937_by_Stepro_800x450.jpg?fit=800%2C450&ssl=1&resize=525%2C300 1.5x, https:\/\/i0.wp.com\/www.freidenker.org\/fw17\/wp-content\/uploads\/2023\/10\/Habeck_2023-06-07_re-publica_1DX_5937_by_Stepro_800x450.jpg?fit=800%2C450&ssl=1&resize=700%2C400 2x"},"classes":[]},{"id":17638,"url":"https:\/\/www.freidenker.org\/?p=17638","url_meta":{"origin":13628,"position":2},"title":"Versager im Amt: Robert Habeck und das Schweigen des Mainstreams","author":"Webredaktion","date":"12. Dezember 2023","format":false,"excerpt":"Beitrag von Gert Ewen Ungar Die Menschen in Deutschland merken es. Robert Habeck (B\u00fcndnis 90\/Die Gr\u00fcnen) ruiniert in seiner Eigenschaft als Wirtschaftsminister Deutschland. Es brodelt regelrecht unter dem Deckel, der vom deutschen Mainstream trotz allem noch immer dicht gehalten wird. Was sich jedem erschlie\u00dft, bleibt in den gro\u00dfen deutschen Medien\u2026","rel":"","context":"In &quot;Arbeit &amp; Soziales&quot;","block_context":{"text":"Arbeit &amp; Soziales","link":"https:\/\/www.freidenker.org\/?cat=11"},"img":{"alt_text":"","src":"https:\/\/i0.wp.com\/www.freidenker.org\/fw17\/wp-content\/uploads\/2023\/12\/Publikumsgespraech_Boell-Stiftung_Habeck_800x450.jpg?fit=800%2C450&ssl=1&resize=350%2C200","width":350,"height":200,"srcset":"https:\/\/i0.wp.com\/www.freidenker.org\/fw17\/wp-content\/uploads\/2023\/12\/Publikumsgespraech_Boell-Stiftung_Habeck_800x450.jpg?fit=800%2C450&ssl=1&resize=350%2C200 1x, https:\/\/i0.wp.com\/www.freidenker.org\/fw17\/wp-content\/uploads\/2023\/12\/Publikumsgespraech_Boell-Stiftung_Habeck_800x450.jpg?fit=800%2C450&ssl=1&resize=525%2C300 1.5x, https:\/\/i0.wp.com\/www.freidenker.org\/fw17\/wp-content\/uploads\/2023\/12\/Publikumsgespraech_Boell-Stiftung_Habeck_800x450.jpg?fit=800%2C450&ssl=1&resize=700%2C400 2x"},"classes":[]},{"id":17602,"url":"https:\/\/www.freidenker.org\/?p=17602","url_meta":{"origin":13628,"position":3},"title":"Ampelregierung: Dieser Papagei ist tot","author":"Webredaktion","date":"5. Dezember 2023","format":false,"excerpt":"Beitrag von Dagmar Henn Erstaunlich. Es knirscht und bebt in allen Teilen der \u00f6konomischen und politischen Maschinerie, und immer noch werden in deutschen Gazetten Lobeshymnen auf die Ampelpolitiker geschrieben, wie gerade erst in der Welt auf Bundeswirtschaftsminister Robert Habeck. Nur, weil das kinderbuchschreibende Anzugmodel auf einem Kongress in Berlin auftauchte,\u2026","rel":"","context":"In &quot;Demokratie \u2013 Medien \u2013 Aufkl\u00e4rung&quot;","block_context":{"text":"Demokratie \u2013 Medien \u2013 Aufkl\u00e4rung","link":"https:\/\/www.freidenker.org\/?cat=12"},"img":{"alt_text":"","src":"https:\/\/i0.wp.com\/www.freidenker.org\/fw17\/wp-content\/uploads\/2023\/12\/parrot-6651195_800x450.jpg?fit=800%2C450&ssl=1&resize=350%2C200","width":350,"height":200,"srcset":"https:\/\/i0.wp.com\/www.freidenker.org\/fw17\/wp-content\/uploads\/2023\/12\/parrot-6651195_800x450.jpg?fit=800%2C450&ssl=1&resize=350%2C200 1x, https:\/\/i0.wp.com\/www.freidenker.org\/fw17\/wp-content\/uploads\/2023\/12\/parrot-6651195_800x450.jpg?fit=800%2C450&ssl=1&resize=525%2C300 1.5x, https:\/\/i0.wp.com\/www.freidenker.org\/fw17\/wp-content\/uploads\/2023\/12\/parrot-6651195_800x450.jpg?fit=800%2C450&ssl=1&resize=700%2C400 2x"},"classes":[]},{"id":15967,"url":"https:\/\/www.freidenker.org\/?p=15967","url_meta":{"origin":13628,"position":4},"title":"Habeck filzt. \u00dcberraschend? Nein, gr\u00fcnes Normalverhalten","author":"Webredaktion","date":"7. Mai 2023","format":false,"excerpt":"Beitrag von Dagmar Henn Robert Habeck hat Posten in seinem Ministerium an mehrere Mitglieder einer befreundeten Familie verteilt. Wundert das wirklich irgendjemand? Er nimmt eine Auszeichnung von seinem eigenen Bruder entgegen. Eine \u00dcberraschung? Eigentlich nicht wirklich. Neu ist nur das Spielfeld. Schon seit Jahrzehnten haben sich Gr\u00fcne unter diversen \u00dcberschriften\u2026","rel":"","context":"In &quot;Demokratie \u2013 Medien \u2013 Aufkl\u00e4rung&quot;","block_context":{"text":"Demokratie \u2013 Medien \u2013 Aufkl\u00e4rung","link":"https:\/\/www.freidenker.org\/?cat=12"},"img":{"alt_text":"","src":"https:\/\/i0.wp.com\/www.freidenker.org\/fw17\/wp-content\/uploads\/2023\/05\/Habeck_Wahlkampf_Landtagswahl_NRW_2022_Ausschnitt_800x450.jpg?fit=800%2C450&ssl=1&resize=350%2C200","width":350,"height":200,"srcset":"https:\/\/i0.wp.com\/www.freidenker.org\/fw17\/wp-content\/uploads\/2023\/05\/Habeck_Wahlkampf_Landtagswahl_NRW_2022_Ausschnitt_800x450.jpg?fit=800%2C450&ssl=1&resize=350%2C200 1x, https:\/\/i0.wp.com\/www.freidenker.org\/fw17\/wp-content\/uploads\/2023\/05\/Habeck_Wahlkampf_Landtagswahl_NRW_2022_Ausschnitt_800x450.jpg?fit=800%2C450&ssl=1&resize=525%2C300 1.5x, https:\/\/i0.wp.com\/www.freidenker.org\/fw17\/wp-content\/uploads\/2023\/05\/Habeck_Wahlkampf_Landtagswahl_NRW_2022_Ausschnitt_800x450.jpg?fit=800%2C450&ssl=1&resize=700%2C400 2x"},"classes":[]},{"id":17406,"url":"https:\/\/www.freidenker.org\/?p=17406","url_meta":{"origin":13628,"position":5},"title":"Der leere Blick des Robert Habeck &#8211; und sein gef\u00e4hrlicher Blankocheck f\u00fcr Israel","author":"Webredaktion","date":"4. November 2023","format":false,"excerpt":"Beitrag von Dagmar Henn \"Deutliche Worte zu Israel\", wie die Berliner Zeitung Bundeswirtschaftsminister Robert Habecks j\u00fcngsten Internetauftritt kommentierte, brauchen eigentlich keine neun Minuten. Ein kurzes \"H\u00f6rt auf!\" an die israelische Regierung w\u00e4re genug. Wobei seit Nord Stream au\u00dfenpolitisch ohnehin egal ist, was aus Deutschland gesagt wird. Man kann schon fast\u2026","rel":"","context":"In &quot;Demokratie \u2013 Medien \u2013 Aufkl\u00e4rung&quot;","block_context":{"text":"Demokratie \u2013 Medien \u2013 Aufkl\u00e4rung","link":"https:\/\/www.freidenker.org\/?cat=12"},"img":{"alt_text":"","src":"https:\/\/i0.wp.com\/www.freidenker.org\/fw17\/wp-content\/uploads\/2023\/11\/Publikumsgespraech_Dr._Robert_Habeck_800x450.jpg?fit=800%2C450&ssl=1&resize=350%2C200","width":350,"height":200,"srcset":"https:\/\/i0.wp.com\/www.freidenker.org\/fw17\/wp-content\/uploads\/2023\/11\/Publikumsgespraech_Dr._Robert_Habeck_800x450.jpg?fit=800%2C450&ssl=1&resize=350%2C200 1x, https:\/\/i0.wp.com\/www.freidenker.org\/fw17\/wp-content\/uploads\/2023\/11\/Publikumsgespraech_Dr._Robert_Habeck_800x450.jpg?fit=800%2C450&ssl=1&resize=525%2C300 1.5x, https:\/\/i0.wp.com\/www.freidenker.org\/fw17\/wp-content\/uploads\/2023\/11\/Publikumsgespraech_Dr._Robert_Habeck_800x450.jpg?fit=800%2C450&ssl=1&resize=700%2C400 2x"},"classes":[]}],"_links":{"self":[{"href":"https:\/\/www.freidenker.org\/index.php?rest_route=\/wp\/v2\/posts\/13628","targetHints":{"allow":["GET"]}}],"collection":[{"href":"https:\/\/www.freidenker.org\/index.php?rest_route=\/wp\/v2\/posts"}],"about":[{"href":"https:\/\/www.freidenker.org\/index.php?rest_route=\/wp\/v2\/types\/post"}],"author":[{"embeddable":true,"href":"https:\/\/www.freidenker.org\/index.php?rest_route=\/wp\/v2\/users\/3"}],"replies":[{"embeddable":true,"href":"https:\/\/www.freidenker.org\/index.php?rest_route=%2Fwp%2Fv2%2Fcomments&post=13628"}],"version-history":[{"count":0,"href":"https:\/\/www.freidenker.org\/index.php?rest_route=\/wp\/v2\/posts\/13628\/revisions"}],"wp:featuredmedia":[{"embeddable":true,"href":"https:\/\/www.freidenker.org\/index.php?rest_route=\/wp\/v2\/media\/13634"}],"wp:attachment":[{"href":"https:\/\/www.freidenker.org\/index.php?rest_route=%2Fwp%2Fv2%2Fmedia&parent=13628"}],"wp:term":[{"taxonomy":"category","embeddable":true,"href":"https:\/\/www.freidenker.org\/index.php?rest_route=%2Fwp%2Fv2%2Fcategories&post=13628"},{"taxonomy":"post_tag","embeddable":true,"href":"https:\/\/www.freidenker.org\/index.php?rest_route=%2Fwp%2Fv2%2Ftags&post=13628"}],"curies":[{"name":"wp","href":"https:\/\/api.w.org\/{rel}","templated":true}]}}