{"id":13622,"date":"2022-06-28T23:55:14","date_gmt":"2022-06-28T21:55:14","guid":{"rendered":"https:\/\/www.freidenker.org\/?p=13622"},"modified":"2022-07-22T02:13:33","modified_gmt":"2022-07-22T00:13:33","slug":"video-der-west-ost-konflikt-eine-inszenierung","status":"publish","type":"post","link":"https:\/\/www.freidenker.org\/?p=13622","title":{"rendered":"Video: Der West-Ost-Konflikt \u2013 Eine Inszenierung"},"content":{"rendered":"<p><em><span class=\"style-scope yt-formatted-string\" dir=\"auto\">Ein Beitrag zur internationalen Konferenz des Schiller-Instituts vom 18. und 19. Juni 2022: \u201eNur eine Konkurssanierung des sterbenden transatlantischen Finanzsystems kann dauerhaften Frieden schaffen!\u201c <\/span><\/em><\/p>\n<p><em>Von<\/em> <em><strong>Wolfgang Bittner<\/strong><\/em><\/p>\n<p>Nach dem Ende des Zweiten Weltkriegs wurde Deutschland als europ\u00e4ischer Br\u00fcckenkopf der USA gegen die Sowjetunion in Stellung gebracht und nach deren Aufl\u00f6sung gegen Russland. Um zu begreifen, was sich heute geopolitisch abspielt und warum Deutschland in besonderer Weise betroffen ist, muss man dreierlei wissen \u2026<\/p>\n<div class=\"jetpack-video-wrapper\"><span class=\"embed-youtube\" style=\"text-align:center; display: block;\"><iframe loading=\"lazy\" class=\"youtube-player\" width=\"800\" height=\"450\" src=\"https:\/\/www.youtube.com\/embed\/U4HPc741ZMQ?version=3&#038;rel=1&#038;showsearch=0&#038;showinfo=1&#038;iv_load_policy=1&#038;fs=1&#038;hl=de-DE&#038;autohide=2&#038;wmode=transparent\" allowfullscreen=\"true\" style=\"border:0;\" sandbox=\"allow-scripts allow-same-origin allow-popups allow-presentation allow-popups-to-escape-sandbox\"><\/iframe><\/span><\/div>\n<p><span style=\"font-size: 10pt;\">Direktlink zum Video vom Schiller-Institut eV: <a href=\"https:\/\/www.youtube.com\/watch?v=U4HPc741ZMQ\" target=\"_blank\" rel=\"noopener\">https:\/\/www.youtube.com\/watch?v=U4HPc741ZMQ<\/a><\/span><\/p>\n<p style=\"text-align: right;\"><em><span class=\"style-scope yt-formatted-string\" dir=\"auto\">Dr. Wolfgang Bittner, Jahrgang 1941, ist Doktor der Rechtswissenschaften und Autor von mehr als 80 B\u00fcchern<\/span><\/em><\/p>\n<hr \/>\n<p><span style=\"font-size: 10pt;\">Bild: Dr. Wolfgang Bittner<\/span><br \/>\n<span style=\"font-size: 10pt;\">Screenshot aus dem <a href=\"https:\/\/www.youtube.com\/watch?v=U4HPc741ZMQ\" target=\"_blank\" rel=\"noopener\">Video<\/a> von Schiller-Institut eV<\/span><\/p>\n","protected":false},"excerpt":{"rendered":"<p><b>Beitrag von Wolfgang Bittner<\/b> zur internationalen Konferenz des Schiller-Instituts vom 18. und 19. Juni 2022: \u201eNur eine Konkurssanierung des sterbenden transatlantischen Finanzsystems kann dauerhaften Frieden schaffen!\u201c<br \/>\nNach dem Ende des Zweiten Weltkriegs wurde Deutschland als europ\u00e4ischer Br\u00fcckenkopf der USA gegen die Sowjetunion in Stellung gebracht und nach deren Aufl\u00f6sung gegen Russland. Um zu begreifen, was sich heute geopolitisch abspielt und warum Deutschland in besonderer Weise betroffen ist, muss man dreierlei wissen \u2026<\/p>\n","protected":false},"author":3,"featured_media":13623,"comment_status":"closed","ping_status":"closed","sticky":false,"template":"","format":"standard","meta":{"colormag_page_container_layout":"default_layout","colormag_page_sidebar_layout":"default_layout","advanced_seo_description":"","jetpack_seo_html_title":"","jetpack_seo_noindex":false,"jetpack_post_was_ever_published":false,"footnotes":""},"categories":[12,1162],"tags":[182,698,335,1456,56,222,1111,639,185],"class_list":["post-13622","post","type-post","status-publish","format-standard","has-post-thumbnail","hentry","category-demokratie-medien-aufklaerung","category-geschichte","tag-eu","tag-finanzkapital","tag-frieden","tag-meinungsbildung","tag-nato","tag-russland","tag-ukraine","tag-ukraine-konflikt","tag-usa"],"jetpack_featured_media_url":"https:\/\/i0.wp.com\/www.freidenker.org\/fw17\/wp-content\/uploads\/2022\/06\/bittner_video_800x450.jpg?fit=800%2C450&ssl=1","jetpack_shortlink":"https:\/\/wp.me\/p9stpK-3xI","jetpack-related-posts":[{"id":15200,"url":"https:\/\/www.freidenker.org\/?p=15200","url_meta":{"origin":13622,"position":0},"title":"Wir sind im Kriegsmodus","author":"Webredaktion","date":"11. Februar 2023","format":false,"excerpt":"Rede von Wolfgang Bittner Als Joseph Biden 2014 davon sprach, Wladimir Putin m\u00fcsse die Souver\u00e4nit\u00e4t der Ukraine respektieren, sonst werde sich Russland zunehmenden Konsequenzen gegen\u00fcbersehen, war der von den USA lange vorbereitete Staatsstreich in Kiew \u2013 unter Missachtung der Souver\u00e4nit\u00e4t der Ukraine \u2013 bereits vollzogen, und der B\u00fcrgerkrieg in der\u2026","rel":"","context":"In &quot;Frieden - Antifaschismus - Solidarit\u00e4t&quot;","block_context":{"text":"Frieden - Antifaschismus - Solidarit\u00e4t","link":"https:\/\/www.freidenker.org\/?cat=13"},"img":{"alt_text":"","src":"https:\/\/i0.wp.com\/www.freidenker.org\/fw17\/wp-content\/uploads\/2023\/02\/bittner_kriegsmodus_800x450.jpg?fit=800%2C450&ssl=1&resize=350%2C200","width":350,"height":200,"srcset":"https:\/\/i0.wp.com\/www.freidenker.org\/fw17\/wp-content\/uploads\/2023\/02\/bittner_kriegsmodus_800x450.jpg?fit=800%2C450&ssl=1&resize=350%2C200 1x, https:\/\/i0.wp.com\/www.freidenker.org\/fw17\/wp-content\/uploads\/2023\/02\/bittner_kriegsmodus_800x450.jpg?fit=800%2C450&ssl=1&resize=525%2C300 1.5x, https:\/\/i0.wp.com\/www.freidenker.org\/fw17\/wp-content\/uploads\/2023\/02\/bittner_kriegsmodus_800x450.jpg?fit=800%2C450&ssl=1&resize=700%2C400 2x"},"classes":[]},{"id":16007,"url":"https:\/\/www.freidenker.org\/?p=16007","url_meta":{"origin":13622,"position":1},"title":"Geopolitik im Zeichen des Ukraine-Konflikts","author":"Webredaktion","date":"11. Mai 2023","format":false,"excerpt":"Videobotschaft von Wolfgang Bittner Wo wir hinschauen, herrschen Konfusion, Chaos und Krieg. Die USA haben es geschafft, Europa zu spalten und \u00fcberall in der Welt Krisenherde zu schaffen. Nachdem die Regime Changes in Venezuela, Iran, Syrien und Wei\u00dfrussland nicht gelangen, sind zurzeit Georgien und Moldawien im Visier der USA. Vorgegangen\u2026","rel":"","context":"In &quot;Frieden - Antifaschismus - Solidarit\u00e4t&quot;","block_context":{"text":"Frieden - Antifaschismus - Solidarit\u00e4t","link":"https:\/\/www.freidenker.org\/?cat=13"},"img":{"alt_text":"","src":"https:\/\/i0.wp.com\/www.freidenker.org\/fw17\/wp-content\/uploads\/2023\/05\/Bittner_Geopolitik_800x450.jpg?fit=800%2C450&ssl=1&resize=350%2C200","width":350,"height":200,"srcset":"https:\/\/i0.wp.com\/www.freidenker.org\/fw17\/wp-content\/uploads\/2023\/05\/Bittner_Geopolitik_800x450.jpg?fit=800%2C450&ssl=1&resize=350%2C200 1x, https:\/\/i0.wp.com\/www.freidenker.org\/fw17\/wp-content\/uploads\/2023\/05\/Bittner_Geopolitik_800x450.jpg?fit=800%2C450&ssl=1&resize=525%2C300 1.5x, https:\/\/i0.wp.com\/www.freidenker.org\/fw17\/wp-content\/uploads\/2023\/05\/Bittner_Geopolitik_800x450.jpg?fit=800%2C450&ssl=1&resize=700%2C400 2x"},"classes":[]},{"id":22969,"url":"https:\/\/www.freidenker.org\/?p=22969","url_meta":{"origin":13622,"position":2},"title":"Buchvorstellung Wolfgang Bittner: Geopolitik im \u00dcberblick","author":"Webredaktion","date":"27. September 2025","format":false,"excerpt":"Geopolitik im \u00dcberblick: Deutschland \u2013 USA \u2013 EU \u2013 Russland Vortrag und Buchvorstellung mit Wolfgang Bittner am 08.10.2025 in Berlin Deutschland soll \u00bbkriegst\u00fcchtig\u00ab werden, und die Berliner Regierung hat astronomische Ausgaben f\u00fcr die Aufr\u00fcstung bereitgestellt. Denn angeblich will Russland nach der Ukraine Westeuropa erobern, obwohl es daf\u00fcr keinerlei Belege gibt\u2026","rel":"","context":"In &quot;Demokratie \u2013 Medien \u2013 Aufkl\u00e4rung&quot;","block_context":{"text":"Demokratie \u2013 Medien \u2013 Aufkl\u00e4rung","link":"https:\/\/www.freidenker.org\/?cat=12"},"img":{"alt_text":"","src":"https:\/\/i0.wp.com\/www.freidenker.org\/fw17\/wp-content\/uploads\/2025\/09\/Bittner_Geopolitik_Lesung_800x450_v3.jpg?fit=800%2C450&ssl=1&resize=350%2C200","width":350,"height":200,"srcset":"https:\/\/i0.wp.com\/www.freidenker.org\/fw17\/wp-content\/uploads\/2025\/09\/Bittner_Geopolitik_Lesung_800x450_v3.jpg?fit=800%2C450&ssl=1&resize=350%2C200 1x, https:\/\/i0.wp.com\/www.freidenker.org\/fw17\/wp-content\/uploads\/2025\/09\/Bittner_Geopolitik_Lesung_800x450_v3.jpg?fit=800%2C450&ssl=1&resize=525%2C300 1.5x, https:\/\/i0.wp.com\/www.freidenker.org\/fw17\/wp-content\/uploads\/2025\/09\/Bittner_Geopolitik_Lesung_800x450_v3.jpg?fit=800%2C450&ssl=1&resize=700%2C400 2x"},"classes":[]},{"id":23377,"url":"https:\/\/www.freidenker.org\/?p=23377","url_meta":{"origin":13622,"position":3},"title":"Buchvorstellung Wolfgang Bittner: Geopolitik im \u00dcberblick","author":"Webredaktion","date":"31. Oktober 2025","format":false,"excerpt":"Geopolitik im \u00dcberblick: Deutschland \u2013 USA \u2013 EU \u2013 Russland Vortrag und Buchvorstellung mit Wolfgang Bittner am 15.11.2025 in Frankfurt am Main Deutschland soll \u00bbkriegst\u00fcchtig\u00ab werden, und die Berliner Regierung hat astronomische Ausgaben f\u00fcr die Aufr\u00fcstung bereitgestellt. Denn angeblich will Russland nach der Ukraine Westeuropa erobern, obwohl es daf\u00fcr keinerlei\u2026","rel":"","context":"In &quot;Demokratie \u2013 Medien \u2013 Aufkl\u00e4rung&quot;","block_context":{"text":"Demokratie \u2013 Medien \u2013 Aufkl\u00e4rung","link":"https:\/\/www.freidenker.org\/?cat=12"},"img":{"alt_text":"","src":"https:\/\/i0.wp.com\/www.freidenker.org\/fw17\/wp-content\/uploads\/2025\/09\/Bittner_Geopolitik_Lesung_800x450_v3.jpg?fit=800%2C450&ssl=1&resize=350%2C200","width":350,"height":200,"srcset":"https:\/\/i0.wp.com\/www.freidenker.org\/fw17\/wp-content\/uploads\/2025\/09\/Bittner_Geopolitik_Lesung_800x450_v3.jpg?fit=800%2C450&ssl=1&resize=350%2C200 1x, https:\/\/i0.wp.com\/www.freidenker.org\/fw17\/wp-content\/uploads\/2025\/09\/Bittner_Geopolitik_Lesung_800x450_v3.jpg?fit=800%2C450&ssl=1&resize=525%2C300 1.5x, https:\/\/i0.wp.com\/www.freidenker.org\/fw17\/wp-content\/uploads\/2025\/09\/Bittner_Geopolitik_Lesung_800x450_v3.jpg?fit=800%2C450&ssl=1&resize=700%2C400 2x"},"classes":[]},{"id":23446,"url":"https:\/\/www.freidenker.org\/?p=23446","url_meta":{"origin":13622,"position":4},"title":"Podcast: Unter Freunden: Wolfgang Bittner \u2013 Warnung vor dem Krieg","author":"Webredaktion","date":"4. November 2025","format":false,"excerpt":"Bernhard Lassahn im Gespr\u00e4ch mit Wolfgang Bittner Von Wolfgang Bittner gibt es mehr als achtzig Ver\u00f6ffentlichungen in allen schriftstellerischen Spielarten. Zuletzt hat er mit \u201eGeopolitik im \u00dcberblick: Deutschland \u2013 USA \u2013 EU \u2013 Russland\u201c eine gro\u00dfe historische Einordnung vorgelegt und in seinem neuen erz\u00e4hlerischen Werk \u201eDie Heimat, der Krieg und\u2026","rel":"","context":"In &quot;Demokratie \u2013 Medien \u2013 Aufkl\u00e4rung&quot;","block_context":{"text":"Demokratie \u2013 Medien \u2013 Aufkl\u00e4rung","link":"https:\/\/www.freidenker.org\/?cat=12"},"img":{"alt_text":"","src":"https:\/\/i0.wp.com\/www.freidenker.org\/fw17\/wp-content\/uploads\/2025\/11\/Kontrafunk_Bittner_und_Lassahn_800x450.jpg?fit=800%2C450&ssl=1&resize=350%2C200","width":350,"height":200,"srcset":"https:\/\/i0.wp.com\/www.freidenker.org\/fw17\/wp-content\/uploads\/2025\/11\/Kontrafunk_Bittner_und_Lassahn_800x450.jpg?fit=800%2C450&ssl=1&resize=350%2C200 1x, https:\/\/i0.wp.com\/www.freidenker.org\/fw17\/wp-content\/uploads\/2025\/11\/Kontrafunk_Bittner_und_Lassahn_800x450.jpg?fit=800%2C450&ssl=1&resize=525%2C300 1.5x, https:\/\/i0.wp.com\/www.freidenker.org\/fw17\/wp-content\/uploads\/2025\/11\/Kontrafunk_Bittner_und_Lassahn_800x450.jpg?fit=800%2C450&ssl=1&resize=700%2C400 2x"},"classes":[]},{"id":15584,"url":"https:\/\/www.freidenker.org\/?p=15584","url_meta":{"origin":13622,"position":5},"title":"Mutma\u00dfungen \u00fcber den Ukraine-Krieg und Wladimir Putin","author":"Webredaktion","date":"24. M\u00e4rz 2023","format":false,"excerpt":"Ein Kommentar von Wolfgang Bittner \u00dcber den Ukraine-Krieg wird viel gemutma\u00dft: \u00dcber eine Fr\u00fchjahrsoffensive Russlands und eine Gegenoffensive der Ukraine (mit strategischer Unterst\u00fctzung der USA); auch \u00fcber den Gesundheitszustand des russischen Pr\u00e4sidenten, sein Verm\u00f6gen, seinen Palast am Schwarzen Meer, seine Tochter, seine Panzerfabrik, sein Verh\u00e4ltnis zu Xi Jinping und so\u2026","rel":"","context":"In &quot;Frieden - Antifaschismus - Solidarit\u00e4t&quot;","block_context":{"text":"Frieden - Antifaschismus - Solidarit\u00e4t","link":"https:\/\/www.freidenker.org\/?cat=13"},"img":{"alt_text":"","src":"https:\/\/i0.wp.com\/www.freidenker.org\/fw17\/wp-content\/uploads\/2023\/03\/Vladimir_Putin_in_Ryazan_Oblast_2022-10-20_07_800x450.jpg?fit=800%2C450&ssl=1&resize=350%2C200","width":350,"height":200,"srcset":"https:\/\/i0.wp.com\/www.freidenker.org\/fw17\/wp-content\/uploads\/2023\/03\/Vladimir_Putin_in_Ryazan_Oblast_2022-10-20_07_800x450.jpg?fit=800%2C450&ssl=1&resize=350%2C200 1x, https:\/\/i0.wp.com\/www.freidenker.org\/fw17\/wp-content\/uploads\/2023\/03\/Vladimir_Putin_in_Ryazan_Oblast_2022-10-20_07_800x450.jpg?fit=800%2C450&ssl=1&resize=525%2C300 1.5x, https:\/\/i0.wp.com\/www.freidenker.org\/fw17\/wp-content\/uploads\/2023\/03\/Vladimir_Putin_in_Ryazan_Oblast_2022-10-20_07_800x450.jpg?fit=800%2C450&ssl=1&resize=700%2C400 2x"},"classes":[]}],"_links":{"self":[{"href":"https:\/\/www.freidenker.org\/index.php?rest_route=\/wp\/v2\/posts\/13622","targetHints":{"allow":["GET"]}}],"collection":[{"href":"https:\/\/www.freidenker.org\/index.php?rest_route=\/wp\/v2\/posts"}],"about":[{"href":"https:\/\/www.freidenker.org\/index.php?rest_route=\/wp\/v2\/types\/post"}],"author":[{"embeddable":true,"href":"https:\/\/www.freidenker.org\/index.php?rest_route=\/wp\/v2\/users\/3"}],"replies":[{"embeddable":true,"href":"https:\/\/www.freidenker.org\/index.php?rest_route=%2Fwp%2Fv2%2Fcomments&post=13622"}],"version-history":[{"count":0,"href":"https:\/\/www.freidenker.org\/index.php?rest_route=\/wp\/v2\/posts\/13622\/revisions"}],"wp:featuredmedia":[{"embeddable":true,"href":"https:\/\/www.freidenker.org\/index.php?rest_route=\/wp\/v2\/media\/13623"}],"wp:attachment":[{"href":"https:\/\/www.freidenker.org\/index.php?rest_route=%2Fwp%2Fv2%2Fmedia&parent=13622"}],"wp:term":[{"taxonomy":"category","embeddable":true,"href":"https:\/\/www.freidenker.org\/index.php?rest_route=%2Fwp%2Fv2%2Fcategories&post=13622"},{"taxonomy":"post_tag","embeddable":true,"href":"https:\/\/www.freidenker.org\/index.php?rest_route=%2Fwp%2Fv2%2Ftags&post=13622"}],"curies":[{"name":"wp","href":"https:\/\/api.w.org\/{rel}","templated":true}]}}