{"id":13619,"date":"2022-06-28T22:48:02","date_gmt":"2022-06-28T20:48:02","guid":{"rendered":"https:\/\/www.freidenker.org\/?p=13619"},"modified":"2022-07-22T02:13:22","modified_gmt":"2022-07-22T00:13:22","slug":"gedanken-zum-tag-gestern-heute-wie-auch-immer-es-wird-schlimmer","status":"publish","type":"post","link":"https:\/\/www.freidenker.org\/?p=13619","title":{"rendered":"Gedanken zum Tag \u2026, gestern \u2026, heute \u2026, wie auch immer, es wird schlimmer!"},"content":{"rendered":"<p>von <strong><em>Thomas Loch<\/em><\/strong><\/p>\n<p>Krieg dem Krieg, es lebe der Krieg, es wird sich ruiniert f\u00fcr den Sieg! Und dies nicht erstmalig in der Geschichte, denn in jedem kapitalistisch\/imperialistisch motivierten Krieg geht es vor allem auch um Produktivkraftvernichtung, gerade der \u00fcbersch\u00fcssigen Hautproduktivkraft. So haben die deutschen Faschisten w\u00e4hrend ihrer Regierung aus \u00fcber 6 Millionen arbeitslosen Deutschen \u00fcber 6 Millionen tote Deutsche gemacht. Die Zerst\u00f6rungen im Land waren enorm, es gab wieder viel aufzubauen und damit Kapital zu akkumulieren. Im Westen nannte man es Wirtschaftswunder, geboren aus den Gebeinen von \u00fcber 6 Millionen toten Deutschen hierzulande. Und \u00fcber 50 Millionen Toter anderer V\u00f6lker und Nationen. Nun ziehen die Deutschen wieder los, jedenfalls wenn es nach dem Willen der deutschen Regierung geht, in der Hoffnung diesmal die richtigen Partner an der Seite zu haben, um einen Krieg zu gewinnen. Der Kampf hatte lange schon begonnen, milit\u00e4risch wurde aufger\u00fcstet und wird weiter aufger\u00fcstet; der \u00f6konomische Kampf ist l\u00e4ngst eingel\u00e4utet und wird mit enormem Aufwand gef\u00fchrt; der ideologische Kampf hatte eigentlich nie aufgeh\u00f6rt.<\/p>\n<p>Ja der \u00f6konomische Kampf, er tobt besonders heftig und die EU kann nicht genug die Sanktionskeule schwingen, allerdings landet sie die heftigsten Treffer an ihrem eigenen Kopf. Da muss die Propaganda helfen, sie ist ein Mittel des ideologischen Kampfes und wenn es schon gegen den eigenen Kopf geht, dann muss zumindest der ausgemachte Gegner schuld sein. Warum steckt er die Treffer nicht so ein, wie es westliche Politiker w\u00fcnschen? Der politische Kampf nimmt neue Formen an, es wird die Politik erg\u00e4nzt, mit kriegerischen Mitteln gef\u00fchrt, auch wenn die eigenen Truppen noch nicht in den Kampf geworfen werden, die Stellvertreter d\u00fcrfen bluten; der Westen liefert die Waffen, das ukrainische Volk das Fleisch. Und so berichten die Medien und dichten Zusammenh\u00e4nge, wie sie gern gesehen, in der Realit\u00e4t aber nicht bestehen. So fanden sich an einem Tag viele Texte zum Krieg und zum vermeintlichen Sieg, zu Schuld und h\u00e4tte, wenn und aber, auf einer Seite, das meiste nur Gelaber, denn:<\/p>\n<p><em>Wer das Gas hat, entscheidet dar\u00fcber, wer das Gas bekommt und nicht wer das Gas bekommt, entscheidet dar\u00fcber, wer das Gas hat! Selbst das Deppenkarussell in der Politik hierzulande scheint diese Erkenntnis nach und nach zu gewinnen. <\/em><\/p>\n<p>Es wird kalt im Land, in unserem Land und das im wahrsten Sinne des Wortes, wenn die Energietr\u00e4ger ausbleiben, oder nicht im ausreichenden Ma\u00dfe zur Verf\u00fcgung stehen. Auf den Seiten von T-Online findet sich ein entsprechender Beitrag, \u00fcberhaupt sind auf diesen Seiten viele Beitr\u00e4ge mit Kriegspropaganda zu finden: Den Russen geht es schlecht, sie sind am Verlieren, und die Bundesrepublik hat dies und das Waffensystem in die Ukraine geschickt. Insbesondere wird best\u00e4ndig betont, wie isoliert Russland in der Welt doch sei. Dass die Berichterstattung damit Opfer ihrer eigenen L\u00fcgen ist, scheint den Berichtschreibenden nicht in den Sinn zu kommen, genauso wenig, wie die objektive Realit\u00e4t. Durchhalteparolen haben den gesunden Menschenverstand zu ersetzen, wie in der deutschen Geschichte zum Beispiel zum Ende des zweiten Weltkriegs. Wie das ausgegangen ist, sollten die Menschen hierzulande allerdings nicht aus ihrem Ged\u00e4chtnis verdr\u00e4ngen.<\/p>\n<p>Und da die Realit\u00e4t den propagandistischen Vorgaben nicht folgt, finden sich \u00fcberraschender Weise auch einmal <a href=\"https:\/\/www.t-online.de\/finanzen\/id_92333482\/drohende-gaskrise-in-deutschland-es-wird-bitterkalt.html\">Geistesblitze<\/a> wie die folgenden: <em>\u201eDenn jetzt wird deutlich, dass der erbitterte Streit \u00fcber ein Gasembargo der Europ\u00e4ischen Union gegen <\/em><a href=\"https:\/\/www.t-online.de\/themen\/russland\/\"><em>Russland<\/em><\/a><em> m\u00f6glicherweise \u00fcberfl\u00fcssig war. Nicht der Westen entscheidet, ob und wie viel Gas er Russland abkaufen will. Russland befindet dar\u00fcber, was es zu liefern bereit ist.\u201c<\/em> So ist es bis jetzt eigentlich Russland zu verdanken, dass der Mangel an Rohstoffen hierzulande noch nicht all zu gro\u00df ist, da es seine Verpflichtungen erf\u00fcllt und nicht kopflos, wie der Westen agiert, welcher in erster Linie Sanktionen gegen die eigenen Volkswirtschaften verh\u00e4ngt, auch wenn anderes behauptet. Denn dass nun weniger Gas durch die erste Ostseepipeline flie\u00dft, ist ebenfalls westlicher Sanktionspolitik zu verdanken, immerhin wird ein zur Reparatur geschickter Verdichter nicht zur\u00fcckgeschickt. Nichts desto trotz k\u00f6nnte unter Umst\u00e4nden und bei entsprechendem politischem Willen, die fertige, zweite Ostseepipeline in Betrieb genommen werden, was auf Gehei\u00df der USA allerdings nicht sein soll. Also frieren f\u00fcr den Frieden, damit der Krieg neue Formen annimmt und auch Bundesdeutsche Soldateska sich am russischen Granatfeuer w\u00e4rmen kann. Und so wird schweres Kriegsger\u00e4t in die Ukraine geschickt, damit es dort verschrottet wird. Woher allerdings die Rohstoffe f\u00fcr neues Kriegsger\u00e4t kommen sollen, ist fraglich, wenn man sich freiwillig von den notwendigen Quellen abgeschnitten hat.<\/p>\n<p>Ja wer h\u00e4ngt eigentlich an wessen Tropf? Russland verf\u00fcgt \u00fcber Rohstoffe und Industrie, auch wenn der Westen gern behauptet, dass Russland nur Rohstofflieferant sei und die Industrie am Boden. Ganz im Gegenteil. Und Russland steht nicht allein, wie gern behauptet, denn nicht nur die zwei bev\u00f6lkerungsst\u00e4rksten Volkswirtschaften stehen hinter Russland, sondern auch die meisten Staaten dieser Welt folgen nicht der westlichen Politik in diesem Zusammenhang. Hierzulande sieht es anders aus, die EU-europ\u00e4ische Wirtschaft wird bewusst an die Wand gefahren, von alter St\u00e4rke ist nur noch die Illusion geblieben, der Kapitalexport hat wie f\u00fcr imperialistische Staaten \u00fcblich, l\u00e4ngst den Warenexport abgel\u00f6st. In den eigenen Volkswirtschaften findet immer weniger Wertsch\u00f6pfung statt und der verbliebenen produktiven Substanz wird mittels Sanktionen letztendlich nach und nach die Grundlage entzogen.<\/p>\n<p>Und so wird die Propagandatrommel flei\u00dfig ger\u00fchrt und der Wirtschaftsminister stellt fest, nicht die westlichen Sanktionen sind Schuld an der Misere, sondern nun greift Russland Deutschland <a href=\"https:\/\/www.t-online.de\/nachrichten\/deutschland\/id_92334274\/robert-habeck-russland-greift-deutschland-oekonomisch-an.html\">\u00f6konomisch an<\/a>. Ein Land, dessen \u00f6konomischer Niedergang in den letzten Wochen und Monaten nicht oft genug von den hiesigen Medien verk\u00fcndet werden konnte, greift nun ein Land an, welches vorgeblich vor \u00f6konomischer St\u00e4rke nur so strotzt und gegen das Land, welches nun angreift, \u00f6konomisch die sch\u00e4rfsten Sanktionen verh\u00e4ngt, mit dem Ziel dieses Land wirtschaftliche zu ruinieren, wie die Au\u00dfenministerin einst verk\u00fcndete. Sollte der Schuss etwa nach hinten losgegangen sein, oder haben die deutschen <a href=\"https:\/\/kucaf.blogspot.com\/2012\/12\/die-puppen-tanzen.html\">Politiker<\/a> den Schuss nicht geh\u00f6rt? Beides ist der Fall und so etwas passiert, wenn Menschen mit politischen \u00c4mtern ausgestattet sind und von dem was sie machen sollen und wollen, nicht einmal eine Ahnung haben, von der objektiven Erkenntnis gesellschaftlicher Zusammenh\u00e4nge ganz zu schweigen.<\/p>\n<p>So wird die Bundesrepublik Opfer der von bundesdeutscher Politik verh\u00e4ngten Sanktionen gegen Russland, denn warum liefert Russland im Moment weniger Gas? Weil eine Verdichterstation in Reparatur ist und nicht ausgeliefert wird, weil sanktioniert. Dass in solchen F\u00e4llen Wartungen dergleichen Anlagen in der warmen Jahreszeit durchgef\u00fchrt werden, sollte eigentlich dem D\u00fcmmsten bewusst sein. So viel Dummheit, oder doch eher Kriegspropaganda kann sich nur eine deutsche Regierung leisten, welche im Anus US-amerikanischer Politik steckt, und zwar so tief, dass sie weit entfernt von jedem Lichtblick, nur noch schwarz sieht. Was wird allerdings passieren, wenn die USA gezwungen sind, den Arsch zusammenzukneifen, was gegenw\u00e4rtig sogar absehbar ist?<\/p>\n<p>Also bei aller <a href=\"https:\/\/www.t-online.de\/nachrichten\/deutschland\/id_92326118\/wladimir-putin-vs-olaf-scholz-wer-sitzt-am-laengeren-hebel-.html\">Phantasie<\/a>, welche hierzulande gern gebraucht wird, um die Realit\u00e4t nicht nur zu leugnen, sondern auf den Kopf zu stellen, sei daran erinnert, dass die EU, dass die Bundesrepublik Sanktionen gegen Russland verh\u00e4ngt hat, nicht umgekehrt. Russland ist seinen Lieferverpflichtungen bis jetzt nachgekommen, die Bundesrepublik ihren nicht, denn etwas anderes bedeutet es nicht, wenn Sanktionen verh\u00e4ngt werden. Das mit diesen Sanktionen Infrastruktur zerst\u00f6rt wird, liegt in der Natur der Sache, dass die eigenen, oder f\u00fcr die eigenen Interessen notwendige Infrastruktur mit geschleift wird, sollte nicht verwundern und eigentlich gibt es f\u00fcr die Verantwortlichen keinen Grund dar\u00fcber zu jammern. Dass aus propagandistischen Gr\u00fcnden Tatsachen verdreht werden und man es in Berlin nun anders sieht, war zu erwarten, denn letztlich m\u00fcssen die Russen schuld sein, obwohl diese eigentlich nicht gegen den Westen agieren m\u00fcssen. Russland braucht keine Sanktionen gegen den Westen zu verh\u00e4ngen, die westlichen Sanktionen gegen Russland sind um ein Vielfaches effizienter, die westliche Wirtschaft zu ruinieren, als es russische Sanktion je k\u00f6nnten. Die man rief die Geister, den Gegen\u00fcber zu erschrecken, entfalten ihre Wirkung als Bumerang, welches gegen einen Spiegel geschleudert.<\/p>\n<p>Genau betrachtet und bei allem westlichen Gejammer, die Sanktionen haben Russland geschadet, das Einfrieren von hunderten Milliarden Guthaben Russlands im Westen, tun den Russen weh, ohne Frage, aber der Westen wird gezwungen sein, desto mehr er seine Ma\u00dfnahmen versch\u00e4rft, auch mehr und mehr zu erkennen, dass Russland den Westen nicht braucht, der Westen aber Russland und vor allem auch jene Nationen, welche zu Russland stehen. Der US-amerikanisch gef\u00fchrte Westen findet sich im Niedergang, er ist dabei, sich mehr und mehr selbst zu isolieren, denn welche Volkswirtschaft kann vor der Willk\u00fcr des Westens heute noch sicher sein? Jeder Staat, welcher Alternativen zum Handel mit dem Westen hat, wird diese nutzen und sich von westlicher Dominanz lossagen. Und es gibt Alternativen \u2013 der Imperialismus hat diese selbst geschaffen \u2013 es braucht nur Zeit, diese gegen ihn zu nutzen und zwar so, dass der zusammenbrechende westliche Koloss im Sturz keine irreparablen Sch\u00e4den anrichtet.<\/p>\n<p>Russland hat mit seinem Eingreifen in den vom Westen zu verantwortenden B\u00fcrgerkrieg in der Ukraine eine rote Linie f\u00fcr den Westen aufgezeigt. Russland war gezwungen diese Linie mit Nachdruck aufzuzeigen, weil alle vordem eingesetzten Mittel der Politik nicht gewirkt haben. Krieg ist nach wie vor die Erg\u00e4nzung der Politik mit anderen Mitteln und wenn der Westen nur dieses Mittel zul\u00e4sst, sollte er sich nicht wundern, wenn es eingesetzt wird. Allerdings braucht der Westen diesen Krieg, wie er im letzten Jahrhundert zwei gro\u00dfe Kriege und viele kleine gebraucht hat, um seine imperialen Interessen durchzusetzen und als Fluchtweg aus den sich best\u00e4ndig versch\u00e4rfenden Wirtschaftskrisen. Die Ergebnisse solcher Kriege sind sekund\u00e4r; prim\u00e4r geht es um den Erhalt der bestehenden gesellschaftlichen Verh\u00e4ltnisse, sozial-\u00f6konomisch begr\u00fcndet. Dass in Folge dieser Kriege das kapitalistische System, in Form seiner h\u00f6chsten Auspr\u00e4gung, dem Imperialismus, Federn lassen und Einflussverluste hinnehmen musste, hat die Geschichte gezeigt. In Folge des ersten Weltkrieges entstand die Sowjetunion, der erste Staat, in dem der Einfluss des Imperialismus \u00fcber lange Zeit zur\u00fcckgedr\u00e4ngt und negiert wurde. Eine Aufgabe des zweiten Weltkrieges war es, diesen Zustand zu negieren. Wie es ausgegangen ist, d\u00fcrfte bekannt sein: Es entstand das sozialistische Lager und 40 Jahre lang waren gro\u00dfe Teile Europas den imperialistischen Ambitionen entzogen. Mit dem Untergang der Sowjetunion und des sozialistischen Lagers wurde im Westen das Ende der Geschichte erkl\u00e4rt und triumphal nach neuen Feinden gesucht. Diese wurden gefunden und er ging daran, die Welt im imperialistischen Sinn zu disziplinieren und neu aufzuteilen. Und da letztlich hinter jeder Politik \u00f6konomische Interessen stecken und auch im Kapitalismus seiner h\u00f6chsten Form, dem Imperialismus, objektive Gesetzm\u00e4\u00dfigkeiten wirken, sind bestimmte Entwicklungen absehbar. So auch, dass mit dem Schwinden der eigenen nationalen real-\u00f6konomischen Basis letztlich auch der Einfluss schwindet. Wertsch\u00f6pfung findet immer weniger in den westlichen Volkswirtschaften statt und die fiktive Kapitalakkumulation tritt gegen\u00fcber der realen in den Vordergrund.<\/p>\n<p>Es ist der Kampf f\u00fcr gesellschaftlichen Fortschritt, gegen welchen der imperialistische Westen aufmarschiert, seine Einflussm\u00f6glichkeiten mehr und mehr verlierend. Wir leben in einem Kernland des imperialistischen Systems und sind allein schon aus diesem Grund der westlichen Propaganda ausgeliefert. Da zu diesem Zweck wirksame mediale Einfl\u00fcsse, welche der allgemeinen Propaganda nicht dienlich sind, zensiert, bis verboten werden, ist nicht neu und f\u00fcr Zeiten sich best\u00e4ndig zuspitzender gesellschaftlicher Widerspr\u00fcche normal. Denn wenn die Welt schon vom Glauben am Imperialismus abf\u00e4llt, so m\u00fcssen zumindest die eigenen Bev\u00f6lkerungen noch bei der Stange gehalten werden. Damit dieses wenigstens einigerma\u00dfen funktioniert, wurden seit Jahrzehnten die intellektuellen Voraussetzungen geschaffen, in denen zum Beispiel das allgemeine Bildungssystem mehr und mehr geschleift wird, die Anforderungen heruntergenommen sind, Denken mittels einfacher Schemen propagiert, oberfl\u00e4chliche Betrachtungsweise praktiziert und die Wissenschaft zur Religion erhoben und zu einem Hort des Glaubens entwickelt wird.<\/p>\n<p>Ja der Imperialismus, er kann nicht anders, egal wie er daherkommt, ob nun als westliche Wertegemeinschaft, als Hort der Demokratie, oder als der sich daraus erhebende Adler der Diktatur. Die Politik folgt objektiven Gesetzm\u00e4\u00dfigkeiten, welche \u00f6konomisch bestimmt sind. Es geht um Kapitalakkumulation und diese hat der Politik zu dienen. Mittels Kriegs kann Kapital in einem Ma\u00dfe akkumulieren, wie in keinem anderen Fall in einer Waren produzierenden Gesellschaft.<\/p>\n<p style=\"text-align: right;\"><em>Thomas Loch ist Vorsitzender des Landesverbandes Niedersachsen des Deutschen Freidenker-Verbandes<\/em><\/p>\n<p><strong>Quellen<\/strong><\/p>\n<p><a href=\"https:\/\/www.t-online.de\/finanzen\/id_92333482\/drohende-gaskrise-in-deutschland-es-wird-bitterkalt.html\" target=\"_blank\" rel=\"noopener\">https:\/\/www.t-online.de\/finanzen\/id_92333482\/drohende-gaskrise-in-deutschland-es-wird-bitterkalt.html<\/a><br \/>\n<a href=\"https:\/\/www.t-online.de\/nachrichten\/deutschland\/id_92334274\/robert-habeck-russland-greift-deutschland-oekonomisch-an.html\" target=\"_blank\" rel=\"noopener\">https:\/\/www.t-online.de\/nachrichten\/deutschland\/id_92334274\/robert-habeck-russland-greift-deutschland-oekonomisch-an.html<\/a><br \/>\n<a href=\"https:\/\/www.t-online.de\/nachrichten\/deutschland\/id_92326118\/wladimir-putin-vs-olaf-scholz-wer-sitzt-am-laengeren-hebel-.html\" target=\"_blank\" rel=\"noopener\">https:\/\/www.t-online.de\/nachrichten\/deutschland\/id_92326118\/wladimir-putin-vs-olaf-scholz-wer-sitzt-am-laengeren-hebel-.html<\/a><br \/>\n<a href=\"https:\/\/kucaf.blogspot.com\/2012\/12\/die-puppen-tanzen.html\" target=\"_blank\" rel=\"noopener\">https:\/\/kucaf.blogspot.com\/2012\/12\/die-puppen-tanzen.html<\/a><\/p>\n<p>&nbsp;<\/p>\n<p><span style=\"font-size: 10pt;\">Der Beitrag wurde zuerst ver\u00f6ffentlicht am 22.06.2022 auf der Webseite des Landesverbandes Sachsen-Anhalt des Deutschen Freidenker-Verbandes: <a href=\"https:\/\/www.sachsen-anhalt.freidenker.org\/cms\/?p=783\" target=\"_blank\" rel=\"noopener\">https:\/\/www.sachsen-anhalt.freidenker.org\/cms\/?p=783<\/a><\/span><\/p>\n<hr \/>\n<p><span style=\"font-size: 10pt;\">Bild oben: Einschussl\u00f6cher aus dem zweiten Weltkrieg an einer Panzerbr\u00fccke bei Plauen, aufgenommen 2014<\/span><br \/>\n<span style=\"font-size: 10pt;\">Foto: Stephan Herold &#8211; <a href=\"https:\/\/creativecommons.org\/licenses\/by\/3.0\" target=\"_blank\" rel=\"noopener\">CC BY 3.0<\/a><\/span><br \/>\n<span style=\"font-size: 10pt;\">Quelle: <a href=\"https:\/\/commons.wikimedia.org\/w\/index.php?curid=46838258x\" target=\"_blank\" rel=\"noopener\">https:\/\/commons.wikimedia.org\/w\/index.php?curid=46838258x<\/a><\/span><\/p>\n","protected":false},"excerpt":{"rendered":"<p><b>Beitrag von Thomas Loch<\/b><br \/>\nKrieg dem Krieg, es lebe der Krieg, es wird sich ruiniert f\u00fcr den Sieg! Und dies nicht erstmalig in der Geschichte, denn in jedem kapitalistisch\/imperialistisch motivierten Krieg geht es vor allem auch um Produktivkraftvernichtung, gerade der \u00fcbersch\u00fcssigen Hautproduktivkraft. So haben die deutschen Faschisten w\u00e4hrend ihrer Regierung aus \u00fcber 6 Millionen arbeitslosen Deutschen \u00fcber 6 Millionen tote Deutsche gemacht. Die Zerst\u00f6rungen im Land waren enorm, es gab wieder viel aufzubauen und damit Kapital zu akkumulieren. &#8230; Nun ziehen die Deutschen wieder los, jedenfalls wenn es nach dem Willen der deutschen Regierung geht, in der Hoffnung diesmal die richtigen Partner an der Seite zu haben, um einen Krieg zu gewinnen. <\/p>\n","protected":false},"author":3,"featured_media":13620,"comment_status":"closed","ping_status":"closed","sticky":false,"template":"","format":"standard","meta":{"colormag_page_container_layout":"default_layout","colormag_page_sidebar_layout":"default_layout","advanced_seo_description":"","jetpack_seo_html_title":"","jetpack_seo_noindex":false,"jetpack_post_was_ever_published":false,"footnotes":""},"categories":[13,16],"tags":[567,404,188,988,222,719,639,1528],"class_list":["post-13619","post","type-post","status-publish","format-standard","has-post-thumbnail","hentry","category-frieden-antifaschismus-solidaritaet","category-weltanschauung-philosophie","tag-bildung","tag-imperialismus","tag-krieg","tag-politische-oekonomie","tag-russland","tag-sanktionen","tag-ukraine-konflikt","tag-wirtschaftspolitik"],"jetpack_featured_media_url":"https:\/\/i0.wp.com\/www.freidenker.org\/fw17\/wp-content\/uploads\/2022\/06\/Panzerbruecke_Plauen_Einschuesse_800x450.jpg?fit=800%2C450&ssl=1","jetpack_shortlink":"https:\/\/wp.me\/p9stpK-3xF","jetpack-related-posts":[{"id":21796,"url":"https:\/\/www.freidenker.org\/?p=21796","url_meta":{"origin":13619,"position":0},"title":"Zum 9. Mai 2025: Danke und Freundschaft!","author":"Webredaktion","date":"12. Mai 2025","format":false,"excerpt":"Rede von Klaus Hartmann gehalten am 9. Mai 2025 bei der Kranzniederlegung am sowjetischen Ehrenmal auf dem Hauptfriedhof in Frankfurt am Main Allj\u00e4hrlich vereint uns dieser Tag, um die Frauen und M\u00e4nner zu ehren, die im Kampf gegen den Faschismus ihr Leben gaben. Mit 27 Millionen Opfern und einem zerst\u00f6rten\u2026","rel":"","context":"In &quot;Frieden - Antifaschismus - Solidarit\u00e4t&quot;","block_context":{"text":"Frieden - Antifaschismus - Solidarit\u00e4t","link":"https:\/\/www.freidenker.org\/?cat=13"},"img":{"alt_text":"","src":"https:\/\/i0.wp.com\/www.freidenker.org\/fw17\/wp-content\/uploads\/2025\/05\/TdB_FaM_2025-05-09_800x450_v2.jpg?fit=800%2C450&ssl=1&resize=350%2C200","width":350,"height":200,"srcset":"https:\/\/i0.wp.com\/www.freidenker.org\/fw17\/wp-content\/uploads\/2025\/05\/TdB_FaM_2025-05-09_800x450_v2.jpg?fit=800%2C450&ssl=1&resize=350%2C200 1x, https:\/\/i0.wp.com\/www.freidenker.org\/fw17\/wp-content\/uploads\/2025\/05\/TdB_FaM_2025-05-09_800x450_v2.jpg?fit=800%2C450&ssl=1&resize=525%2C300 1.5x, https:\/\/i0.wp.com\/www.freidenker.org\/fw17\/wp-content\/uploads\/2025\/05\/TdB_FaM_2025-05-09_800x450_v2.jpg?fit=800%2C450&ssl=1&resize=700%2C400 2x"},"classes":[]},{"id":4542,"url":"https:\/\/www.freidenker.org\/?p=4542","url_meta":{"origin":13619,"position":1},"title":"Hochr\u00fcstung und Krieg: Aus Berlin nichts Neues","author":"Webredaktion","date":"16. Februar 2018","format":false,"excerpt":"In der Rubrik Tagesdosis wurde am 09.02.2018 bei KenFM der Beitrag \"Hochr\u00fcstung und Krieg: Aus Berlin nichts Neues\" von Klaus Hartmann ver\u00f6ffentlicht. Waren Sie auch so brennend an den Berliner Koalitionsverhandlungen interessiert? M\u00fcsste wohl, den t\u00e4glichen, ja st\u00fcndlichen Wasserstandsmeldungen in Presse, Funk und Fernsehen nach zu urteilen. Sagen Sie jetzt\u2026","rel":"","context":"In &quot;Demokratie \u2013 Medien \u2013 Aufkl\u00e4rung&quot;","block_context":{"text":"Demokratie \u2013 Medien \u2013 Aufkl\u00e4rung","link":"https:\/\/www.freidenker.org\/?cat=12"},"img":{"alt_text":"","src":"https:\/\/i0.wp.com\/www.freidenker.org\/fw17\/wp-content\/uploads\/2018\/02\/Tagesdosis_2018-02-09.jpg?fit=800%2C445&ssl=1&resize=350%2C200","width":350,"height":200,"srcset":"https:\/\/i0.wp.com\/www.freidenker.org\/fw17\/wp-content\/uploads\/2018\/02\/Tagesdosis_2018-02-09.jpg?fit=800%2C445&ssl=1&resize=350%2C200 1x, https:\/\/i0.wp.com\/www.freidenker.org\/fw17\/wp-content\/uploads\/2018\/02\/Tagesdosis_2018-02-09.jpg?fit=800%2C445&ssl=1&resize=525%2C300 1.5x, https:\/\/i0.wp.com\/www.freidenker.org\/fw17\/wp-content\/uploads\/2018\/02\/Tagesdosis_2018-02-09.jpg?fit=800%2C445&ssl=1&resize=700%2C400 2x"},"classes":[]},{"id":21716,"url":"https:\/\/www.freidenker.org\/?p=21716","url_meta":{"origin":13619,"position":2},"title":"Wer aus der Geschichte nicht lernt, ist verdammt sie zu wiederholen","author":"Webredaktion","date":"5. Mai 2025","format":false,"excerpt":"Seit 2012 Jahren findet auf der ganzen Welt, auch in mehreren deutschen St\u00e4dten allj\u00e4hrlich vor dem 9. Mai der Gedenkmarsch \"Unsterbliches Regiment\" statt, bei dem der Gefallenen der Roten Armee im Gro\u00dfen Vaterl\u00e4ndischen Krieg durch ihre Nachfahren gedacht wird. Zu der gestrigen Veranstaltung in Frankfurt am Main dokumentieren wir das\u2026","rel":"","context":"In &quot;Frieden - Antifaschismus - Solidarit\u00e4t&quot;","block_context":{"text":"Frieden - Antifaschismus - Solidarit\u00e4t","link":"https:\/\/www.freidenker.org\/?cat=13"},"img":{"alt_text":"","src":"https:\/\/i0.wp.com\/www.freidenker.org\/fw17\/wp-content\/uploads\/2025\/05\/Unsterbliches_Regiment_FaM_2025_800x450.jpg?fit=800%2C450&ssl=1&resize=350%2C200","width":350,"height":200,"srcset":"https:\/\/i0.wp.com\/www.freidenker.org\/fw17\/wp-content\/uploads\/2025\/05\/Unsterbliches_Regiment_FaM_2025_800x450.jpg?fit=800%2C450&ssl=1&resize=350%2C200 1x, https:\/\/i0.wp.com\/www.freidenker.org\/fw17\/wp-content\/uploads\/2025\/05\/Unsterbliches_Regiment_FaM_2025_800x450.jpg?fit=800%2C450&ssl=1&resize=525%2C300 1.5x, https:\/\/i0.wp.com\/www.freidenker.org\/fw17\/wp-content\/uploads\/2025\/05\/Unsterbliches_Regiment_FaM_2025_800x450.jpg?fit=800%2C450&ssl=1&resize=700%2C400 2x"},"classes":[]},{"id":459,"url":"https:\/\/www.freidenker.org\/?p=459","url_meta":{"origin":13619,"position":3},"title":"Freidenker zum 75. Jahrestag des faschistischen \u00dcberfalls auf die Sowjetunion","author":"Webmaster","date":"22. Juni 2016","format":false,"excerpt":"Erkl\u00e4rung des Deutschen Freidenker-Verbandes zum 70. Jahrestag des faschistischen \u00dcberfalls auf die Sowjetunion Am 22. Juni 2016 gedenken wir der 27 Millionen Sowjetb\u00fcrger, die beim \u00dcberfall der faschistischen Wehrmacht auf die Sowjetunion ihr Leben verloren. Am 22. Juni 1941 begann der Vernichtungskrieg mit dem Ziel der \u201eAusrottung des Kommunismus f\u00fcr\u2026","rel":"","context":"In &quot;Frieden - Antifaschismus - Solidarit\u00e4t&quot;","block_context":{"text":"Frieden - Antifaschismus - Solidarit\u00e4t","link":"https:\/\/www.freidenker.org\/?cat=13"},"img":{"alt_text":"","src":"https:\/\/i0.wp.com\/www.freidenker.org\/fw17\/wp-content\/uploads\/2016\/08\/CCCP.jpg?fit=800%2C445&ssl=1&resize=350%2C200","width":350,"height":200,"srcset":"https:\/\/i0.wp.com\/www.freidenker.org\/fw17\/wp-content\/uploads\/2016\/08\/CCCP.jpg?fit=800%2C445&ssl=1&resize=350%2C200 1x, https:\/\/i0.wp.com\/www.freidenker.org\/fw17\/wp-content\/uploads\/2016\/08\/CCCP.jpg?fit=800%2C445&ssl=1&resize=525%2C300 1.5x, https:\/\/i0.wp.com\/www.freidenker.org\/fw17\/wp-content\/uploads\/2016\/08\/CCCP.jpg?fit=800%2C445&ssl=1&resize=700%2C400 2x"},"classes":[]},{"id":1286,"url":"https:\/\/www.freidenker.org\/?p=1286","url_meta":{"origin":13619,"position":4},"title":"Zum Tag des Sieges 2017","author":"Webredaktion","date":"10. Mai 2017","format":false,"excerpt":"Ansprache von Klaus Hartmann auf der Gedenkfeier am 9. Mai 2017 auf dem Hauptfriedhof Frankfurt a.M. Auszug: \"Der 9. Mai ist ein Tag der Trauer um 27 Millionen ermordete B\u00fcrgerinnen und B\u00fcrger der Sowjetunion. Es ist ein Tag des ehrenden Gedenkens an \u00fcber 11 Millionen Rotarmisten, die f\u00fcr diesen Sieg\u2026","rel":"","context":"In &quot;Frieden - Antifaschismus - Solidarit\u00e4t&quot;","block_context":{"text":"Frieden - Antifaschismus - Solidarit\u00e4t","link":"https:\/\/www.freidenker.org\/?cat=13"},"img":{"alt_text":"","src":"https:\/\/i0.wp.com\/www.freidenker.org\/fw17\/wp-content\/uploads\/2017\/05\/1szy_bialoruski_xxx.jpg?fit=800%2C445&ssl=1&resize=350%2C200","width":350,"height":200,"srcset":"https:\/\/i0.wp.com\/www.freidenker.org\/fw17\/wp-content\/uploads\/2017\/05\/1szy_bialoruski_xxx.jpg?fit=800%2C445&ssl=1&resize=350%2C200 1x, https:\/\/i0.wp.com\/www.freidenker.org\/fw17\/wp-content\/uploads\/2017\/05\/1szy_bialoruski_xxx.jpg?fit=800%2C445&ssl=1&resize=525%2C300 1.5x, https:\/\/i0.wp.com\/www.freidenker.org\/fw17\/wp-content\/uploads\/2017\/05\/1szy_bialoruski_xxx.jpg?fit=800%2C445&ssl=1&resize=700%2C400 2x"},"classes":[]},{"id":6392,"url":"https:\/\/www.freidenker.org\/?p=6392","url_meta":{"origin":13619,"position":5},"title":"Am 9. Mai: Dank den Sowjetsoldaten!","author":"Webredaktion","date":"14. Mai 2019","format":false,"excerpt":"Ansprache von Klaus Hartmann, Bundesvorsitzender des Deutschen Freidenker-Verbandes,\u00a0 am 9. Mai 2019 auf dem Hauptfriedhof Frankfurt am Main Unsere Trauer um die Opfer, um die Gefallenen, um die Ermordeten, bedeutet einerseits ehrendes Gedenken, aber es ist zugleich Mahnung: Nie wieder Faschismus, nie wieder Krieg! Diese Mahnung bedeutet zuerst, nicht zuzulassen,\u2026","rel":"","context":"In &quot;Frieden - Antifaschismus - Solidarit\u00e4t&quot;","block_context":{"text":"Frieden - Antifaschismus - Solidarit\u00e4t","link":"https:\/\/www.freidenker.org\/?cat=13"},"img":{"alt_text":"","src":"https:\/\/i0.wp.com\/www.freidenker.org\/fw17\/wp-content\/uploads\/2019\/05\/190509-Tag-des-Sieges-2019-Gelbwesten_800x445.jpg?fit=800%2C445&ssl=1&resize=350%2C200","width":350,"height":200,"srcset":"https:\/\/i0.wp.com\/www.freidenker.org\/fw17\/wp-content\/uploads\/2019\/05\/190509-Tag-des-Sieges-2019-Gelbwesten_800x445.jpg?fit=800%2C445&ssl=1&resize=350%2C200 1x, https:\/\/i0.wp.com\/www.freidenker.org\/fw17\/wp-content\/uploads\/2019\/05\/190509-Tag-des-Sieges-2019-Gelbwesten_800x445.jpg?fit=800%2C445&ssl=1&resize=525%2C300 1.5x, https:\/\/i0.wp.com\/www.freidenker.org\/fw17\/wp-content\/uploads\/2019\/05\/190509-Tag-des-Sieges-2019-Gelbwesten_800x445.jpg?fit=800%2C445&ssl=1&resize=700%2C400 2x"},"classes":[]}],"_links":{"self":[{"href":"https:\/\/www.freidenker.org\/index.php?rest_route=\/wp\/v2\/posts\/13619","targetHints":{"allow":["GET"]}}],"collection":[{"href":"https:\/\/www.freidenker.org\/index.php?rest_route=\/wp\/v2\/posts"}],"about":[{"href":"https:\/\/www.freidenker.org\/index.php?rest_route=\/wp\/v2\/types\/post"}],"author":[{"embeddable":true,"href":"https:\/\/www.freidenker.org\/index.php?rest_route=\/wp\/v2\/users\/3"}],"replies":[{"embeddable":true,"href":"https:\/\/www.freidenker.org\/index.php?rest_route=%2Fwp%2Fv2%2Fcomments&post=13619"}],"version-history":[{"count":0,"href":"https:\/\/www.freidenker.org\/index.php?rest_route=\/wp\/v2\/posts\/13619\/revisions"}],"wp:featuredmedia":[{"embeddable":true,"href":"https:\/\/www.freidenker.org\/index.php?rest_route=\/wp\/v2\/media\/13620"}],"wp:attachment":[{"href":"https:\/\/www.freidenker.org\/index.php?rest_route=%2Fwp%2Fv2%2Fmedia&parent=13619"}],"wp:term":[{"taxonomy":"category","embeddable":true,"href":"https:\/\/www.freidenker.org\/index.php?rest_route=%2Fwp%2Fv2%2Fcategories&post=13619"},{"taxonomy":"post_tag","embeddable":true,"href":"https:\/\/www.freidenker.org\/index.php?rest_route=%2Fwp%2Fv2%2Ftags&post=13619"}],"curies":[{"name":"wp","href":"https:\/\/api.w.org\/{rel}","templated":true}]}}