{"id":13610,"date":"2022-06-28T22:46:25","date_gmt":"2022-06-28T20:46:25","guid":{"rendered":"https:\/\/www.freidenker.org\/?p=13610"},"modified":"2022-07-22T02:13:13","modified_gmt":"2022-07-22T00:13:13","slug":"wir-vergessen-den-22-juni-nicht","status":"publish","type":"post","link":"https:\/\/www.freidenker.org\/?p=13610","title":{"rendered":"Wir vergessen den 22. Juni nicht"},"content":{"rendered":"<h5><strong>Berlin: Kundgebung am Sowjetischen Ehrenmal im Treptower Park<\/strong><\/h5>\n<p>Friedensaktivistinnen und -Aktivisten erinnerten am 22. Juni 2022 an den \u00dcberfall Nazi-Deutschlands auf die Sowjet-Union vor 81 Jahren. Unter dem Motto \u201eWir vergessen nicht!\u201c hatte die \u201eFriedenskoordination Berlin\u201c zu einer Kundgebung am Sowjetischen Ehrenmal im Berliner Treptower Park aufgerufen. Rund 200 Menschen folgten dem Aufruf, darunter viele Freidenker. Wir dokumentieren hier in Video und Text die Rede von <em><strong>Hans Bauer<\/strong> <\/em>von der \u201eGesellschaft zur rechtlichen und humanit\u00e4ren Unterst\u00fctzung\u201c (GRH) sowie die Videos der Reden von <strong><em>Laura von Wimmersperg<\/em><\/strong> (Friko Berlin), <strong><em>Anja Mewes<\/em><\/strong>, Vorsitzende der Friedensglockengesellschaft e.V. und <em><strong>Heiner B\u00fccker<\/strong><\/em> vom COOP-Caf\u00e9. Ebenso dokumentieren wir den Auftritt der S\u00e4ngerin <em><strong>Gina Pietsch<\/strong><\/em>, die die Kundgebung mit Werken von Le\u00f3n Gieco, Georg Kreisler, Bertolt Brecht und Hanns Eisler begleitete.<\/p>\n<hr \/>\n<h5>Hans Bauer, Gesellschaft zur rechtlichen und humanit\u00e4ren Unterst\u00fctzung<\/h5>\n<div class=\"jetpack-video-wrapper\"><span class=\"embed-youtube\" style=\"text-align:center; display: block;\"><iframe loading=\"lazy\" class=\"youtube-player\" width=\"800\" height=\"450\" src=\"https:\/\/www.youtube.com\/embed\/V4A0ErkKAHo?version=3&#038;rel=1&#038;showsearch=0&#038;showinfo=1&#038;iv_load_policy=1&#038;fs=1&#038;hl=de-DE&#038;autohide=2&#038;wmode=transparent\" allowfullscreen=\"true\" style=\"border:0;\" sandbox=\"allow-scripts allow-same-origin allow-popups allow-presentation allow-popups-to-escape-sandbox\"><\/iframe><\/span><\/div>\n<p><span style=\"font-size: 10pt;\">Direktlink zum Video von AntkriegTV: <a href=\"https:\/\/www.youtube.com\/watch?v=V4A0ErkKAHo\" target=\"_blank\" rel=\"noopener\">https:\/\/www.youtube.com\/watch?v=V4A0ErkKAHo<\/a><\/span><\/p>\n<p>&nbsp;<\/p>\n<p>\u201eWir vergessen nicht\u201c, mit dieser Botschaft haben wir uns hier versammelt. Den 22. Juni 1941 k\u00f6nnen und wollen wir nicht vergessen. Ebenso wenig wie den 8. Mai 1945.<\/p>\n<p>Mit dem \u00dcberfall des faschistischen Deutschlands auf die Sowjetunion wollte der deutsche Imperialismus ein schon mehrmals in der Geschichte angestrebtes Ziel verwirklichen. Die Vernichtung der UdSSR, die Ausbeutung ihres Rohstoff reichen Landes und die Unterjochung der Bev\u00f6lkerung. Das Ergebnis kennen wir. Die Anti-Hitler-Koalition schlug die faschistischen Horden 1945 im Zentrum ihrer eigenen Macht. Den gr\u00f6\u00dften Anteil am Sieg hatte die Sowjetunion. Aber auch die meisten Opfer: 27 Millionen Tote, ein verw\u00fcstetes Land, verbrannte Erde. Die V\u00f6lker des Riesenreiches, voran die Rote Armee, hatten durch heroischen Kampf den entscheidenden Beitrag zur Befreiung vom Faschismus auch des deutschen Volkes geleistet.<\/p>\n<p>Aber noch vor Kriegsende schworen sich die imperialistischen Hauptm\u00e4chte wieder gegen die Sowjetunion ein. Ich erinnere nur an Churchill, Truman und Dulles mit ihren antikommunistischen Bekenntnissen und Strategien. Dass der Kalte Krieg nicht zum hei\u00dfen wurde, verdanken wir \u00fcber Jahrzehnte einem starken sozialistischen Lager, besonders der Sowjetunion. Auch die konsequente Friedenspolitik der DDR trug dazu bei, w\u00e4hrend die BRD fast nahtlos wieder aufr\u00fcstete und offen die \u201eBefreiung des bolschewistischen Ostens\u201c propagierte. Bei allen Friedensvertr\u00e4gen zwischen Ost und West, der internationale und deutsche Imperialismus hatte seine Ziele im Osten nie begraben.<\/p>\n<p>1990 sahen sie ihre Chance gekommen. Wir haben dies am eigenen Leib versp\u00fcrt. Und sp\u00fcren es bis heute. Mit der Annektion der DDR und ihrer Kolonialisierung w\u00e4hnte sich dieses vergr\u00f6\u00dferte Deutschland nach den USA nun als einer der f\u00fchrenden Staaten in Europa und der Welt.<\/p>\n<p>Im Niedergang des sozialistischen Lagers sah der Imperialismus die reale M\u00f6glichkeit, unter ver\u00e4nderten Bedingungen nach dem Osten zu greifen. Die Sowjetunion und nach ihrer Aufl\u00f6sung deren ehemaligen Republiken standen nun erneut im Fokus der Begehrlichkeiten. Vor allem die Russische F\u00f6deration als Nachfolgestaat. Alle D\u00e4mme waren gebrochen. Und \u00fcber Jahre unter Pr\u00e4sident Jelzin schien es auch so, als w\u00fcrde sich Russland den USA endg\u00fcltig ausliefern. Mit Pr\u00e4sident Putin \u00e4nderte sich dies. Das wieder erwachte Selbstbewusstsein Russlands und die Forderung nach Respektierung seiner Sicherheitsinteressen und nach gleichberechtigter Teilnahme am \u201eEurop\u00e4ischen Haus\u201c passten nicht in die hegemoniale Politik der USA und anderer NATO-Staaten. Wiederholte Vorschl\u00e4ge Russlands wurden negiert, abgelehnt. Gleichzeitig schufen die Westm\u00e4chte Tatsachen, die f\u00fcr Russland zunehmend eine Gefahr darstellten: die schrittweise Osterweiterung der NATO, die NATO-\u00dcbungen an Russlands Grenzen, die Einbindung bisheriger Staaten der SU in westliche B\u00fcndnisse und deren milit\u00e4rische Aufr\u00fcstung sowie Wirtschaftssanktionen. Offene Russophobie sollte das Feindbild Russland in der Bev\u00f6lkerung verankern. Deutschland zeichnete sich dabei von besonderer Kreativit\u00e4t und Aggressivit\u00e4t aus.<\/p>\n<p>Bei dieser konzertierten Russland feindlichen Politik spielte die Ukraine mit ihrer Geschichte, Lage, Gr\u00f6\u00dfe, Bev\u00f6lkerungszahl und Wirtschaftspotenz eine entscheidende Rolle. Von den Westm\u00e4chten abh\u00e4ngig und gesteuert, betrieb sie mit Aufr\u00fcstung, Provokationen und Drohungen, Diskriminierung der russischen Bev\u00f6lkerung, Tolerierung und F\u00f6rderung von Faschisten zunehmend eine konfrontative Politik gegen Russland. Der wesentlich vom Westen initiierte Putsch von 2014 markierte eine neue Phase dieser Entwicklung. Die Entscheidung der Krimbev\u00f6lkerung auf Zugeh\u00f6rigkeit zur Russischen F\u00f6deration und die Bildung zweier Donbassrepubliken waren das Ergebnis dieser feindseligen Politik. Mit einem B\u00fcrgerkrieg von \u00fcber 13 000 Toten.<\/p>\n<p>Offene Kriegsdrohungen \u2013 sogar unter Androhung atomarer Bewaffnung \u2013 und gro\u00dfe Truppenkonzentrationen an den Grenzen Russlands spitzten die Situation derart zu, dass Russland am 24. Februar 2022 als einen Akt des Beistandes f\u00fcr die zwei Volksrepubliken und der pr\u00e4ventiven Selbstverteidigung sich zu milit\u00e4rischen Ma\u00dfnahmen veranlasst sah. Selbst westliche Politiker und Milit\u00e4rs kommen zum Ergebnis, dass dieser Krieg durch Beachtung russischer legitimer Sicherheitsinteressen und Umsetzung des Minsker Abkommens h\u00e4tte verhindert werden k\u00f6nnen und m\u00fcssen.<\/p>\n<p>Seit mehr als ein Jahrhundert streben imperialistische M\u00e4chte nach Russland \u2013 nat\u00fcrlich aus Profitinteresse und zur Ausschaltung eines Rivalen. Der dritte Anlauf wird seit 30 Jahren strategisch geplant und systematisch vorbereitet. Ist es nicht nachvollziehbar, dass Russland nach schmerzhaften historischen Erfahrungen und angesichts akuter Bedrohung nicht ein weiteres Mal warten will, bis es zu sp\u00e4t ist? Ist es nicht erkl\u00e4rbar, dass Russland seine Rechte und Interessen mit allen Mitteln verteidigt \u2013 auch milit\u00e4risch? Am 23. Februar, am Vortag der Milit\u00e4roperation, betonte Putin in einer Rede unter Bezug auf den faschistischen \u00dcberfall 1941: \u201eWorauf noch warten. \u2026 Ein zweites Mal werden wir diesen Fehler (des Abwartens HB) nicht begehen, wir d\u00fcrfen es nicht tun.\u201c<\/p>\n<p>F\u00fcr uns ist besonders schmerzhaft, dass das imperialistische Deutschland bei seiner verbrecherischen Vergangenheit in Feindschaft gegen Russland mit an der Spitze dieser Kriegspolitik steht. Und selbst Kriegspartei geworden ist. Dass deutsche Politiker weder Geschichts- noch Verantwortungsbewusstsein beweisen. Und nicht nach Wegen suchen, die Sicherheitsinteressen aller zu gew\u00e4hrleisten, den Krieg zu beenden, friedliche Beziehungen einzuleiten. Im Gegenteil! Die Regierung dieses Landes, voran Gr\u00fcne und Sozialdemokraten, sch\u00fcren die Feindschaft, koste es was es wolle. 100 Milliarden Euro f\u00fcr die Bundeswehr, milit\u00e4rische Unterst\u00fctzung f\u00fcr die Ukraine mit 1,4 Milliarden Euro, Lieferung von Waffen und R\u00fcstung zur Kriegsverl\u00e4ngerung f\u00fcr 350 Millionen Euro. In Deutschland Verarmung gro\u00dfer Teile der Bev\u00f6lkerung und das Ruinieren der Wirtschaft. Und weitere Einschr\u00e4nkung demokratischer Rechte. Im Hass gegen Russland bis zum Verbot des w\u00fcrdigen Erinnerns an die Befreiung durch die Rote Armee. Wie wir es hier am 8. und 9. Mai erlebten. Das soll die viel ger\u00fchmte freiheitlich demokratische Grundordnung sein? Die nicht nur die Pressefreiheit einschr\u00e4nkt und die freie Meinungs\u00e4u\u00dferung unter Strafe stellt, sondern sogar angemessenes Erinnern verbieten will? Folgt nach dem \u00dcberwachungsstaat jetzt der offene Polizeistaat?<\/p>\n<p>Nein, liebe Freunde, gegen diese Kriegspolitik nach innen und nach au\u00dfen ist Widerstand geboten. Wir lassen uns unsere Erinnerung an die Verbrechen des deutschen Faschismus und an die Befreiungstat der Sowjetarmee nicht nehmen. Wir verneigen uns in Dankbarkeit vor den Opfern. Frieden und Freundschaft zwischen Deutschland und Russland sind und bleiben \u00fcber Generationen hinweg eine unverr\u00fcckbare Verpflichtung historischer Verantwortung Deutschlands. Und Voraussetzung f\u00fcr Frieden in Europa.<\/p>\n<p style=\"text-align: right;\"><em>Hans Bauer ist\u00a0Vorsitzender der Gesellschaft zur Rechtlichen und Humanit\u00e4ren Unterst\u00fctzung (GRH) e.V.<\/em><br \/>\n<em>und Beiratsmitglied des Deutschen Freidenker-Verbandes.<\/em><\/p>\n<p><span style=\"font-size: 10pt;\">Wortlaut der Rede \u00fcbernommen aus der <a href=\"https:\/\/www.unsere-zeit.de\/wir-vergessen-den-22-juni-nicht-170159\/\" target=\"_blank\" rel=\"noopener\">UZ vom 24.06.2022<\/a><\/span><\/p>\n<p>Mit freundlicher Genehmigung des Autors<\/p>\n<hr \/>\n<h5><strong>Weitere Videos von der Kundgebung am 22.06.2022 in Berlin:<\/strong><\/h5>\n<hr \/>\n<h5>Laura von Wimmersperg, Berliner Friedenskoordination<\/h5>\n<div class=\"jetpack-video-wrapper\"><span class=\"embed-youtube\" style=\"text-align:center; display: block;\"><iframe loading=\"lazy\" class=\"youtube-player\" width=\"800\" height=\"450\" src=\"https:\/\/www.youtube.com\/embed\/Uua_F4N7xTI?version=3&#038;rel=1&#038;showsearch=0&#038;showinfo=1&#038;iv_load_policy=1&#038;fs=1&#038;hl=de-DE&#038;autohide=2&#038;wmode=transparent\" allowfullscreen=\"true\" style=\"border:0;\" sandbox=\"allow-scripts allow-same-origin allow-popups allow-presentation allow-popups-to-escape-sandbox\"><\/iframe><\/span><\/div>\n<p><span style=\"font-size: 10pt;\">Direktlink zum Video von AntkriegTV: <a href=\"https:\/\/www.youtube.com\/watch?v=Uua_F4N7xTI\" target=\"_blank\" rel=\"noopener\">https:\/\/www.youtube.com\/watch?v=Uua_F4N7xTI<\/a><\/span><\/p>\n<hr \/>\n<h5>Anja Mewes, Friedensglockengesellschaft Berlin<\/h5>\n<div class=\"jetpack-video-wrapper\"><span class=\"embed-youtube\" style=\"text-align:center; display: block;\"><iframe loading=\"lazy\" class=\"youtube-player\" width=\"800\" height=\"450\" src=\"https:\/\/www.youtube.com\/embed\/0qqshmzOaEg?version=3&#038;rel=1&#038;showsearch=0&#038;showinfo=1&#038;iv_load_policy=1&#038;fs=1&#038;hl=de-DE&#038;autohide=2&#038;wmode=transparent\" allowfullscreen=\"true\" style=\"border:0;\" sandbox=\"allow-scripts allow-same-origin allow-popups allow-presentation allow-popups-to-escape-sandbox\"><\/iframe><\/span><\/div>\n<p><span style=\"font-size: 10pt;\">Direktlink zum Video von AntkriegTV: <a href=\"https:\/\/www.youtube.com\/watch?v=0qqshmzOaEg\" target=\"_blank\" rel=\"noopener\">https:\/\/www.youtube.com\/watch?v=0qqshmzOaEg<\/a><\/span><\/p>\n<hr \/>\n<h5>Gina Pietsch, S\u00e4ngerin<\/h5>\n<p>(Brecht\/Eisler: &#8222;Deutsches Miserere&#8220;, Le\u00f3n Gieco: &#8222;La memoria&#8220;)<\/p>\n<div class=\"jetpack-video-wrapper\"><span class=\"embed-youtube\" style=\"text-align:center; display: block;\"><iframe loading=\"lazy\" class=\"youtube-player\" width=\"800\" height=\"450\" src=\"https:\/\/www.youtube.com\/embed\/eiMca4B4Rns?version=3&#038;rel=1&#038;showsearch=0&#038;showinfo=1&#038;iv_load_policy=1&#038;fs=1&#038;hl=de-DE&#038;autohide=2&#038;wmode=transparent\" allowfullscreen=\"true\" style=\"border:0;\" sandbox=\"allow-scripts allow-same-origin allow-popups allow-presentation allow-popups-to-escape-sandbox\"><\/iframe><\/span><\/div>\n<p><span style=\"font-size: 10pt;\">Direktlink zum Video von AntkriegTV: <a href=\"https:\/\/www.youtube.com\/watch?v=eiMca4B4Rns\" target=\"_blank\" rel=\"noopener\">https:\/\/www.youtube.com\/watch?v=eiMca4B4Rns<\/a><\/span><\/p>\n<hr \/>\n<h5>Heiner B\u00fccker, Coop Antiwar Cafe<\/h5>\n<div class=\"jetpack-video-wrapper\"><span class=\"embed-youtube\" style=\"text-align:center; display: block;\"><iframe loading=\"lazy\" class=\"youtube-player\" width=\"800\" height=\"450\" src=\"https:\/\/www.youtube.com\/embed\/BshdbeMaM50?version=3&#038;rel=1&#038;showsearch=0&#038;showinfo=1&#038;iv_load_policy=1&#038;fs=1&#038;hl=de-DE&#038;autohide=2&#038;wmode=transparent\" allowfullscreen=\"true\" style=\"border:0;\" sandbox=\"allow-scripts allow-same-origin allow-popups allow-presentation allow-popups-to-escape-sandbox\"><\/iframe><\/span><\/div>\n<p><span style=\"font-size: 10pt;\">Direktlink zum Video von AntkriegTV: <a href=\"https:\/\/www.youtube.com\/watch?v=BshdbeMaM50\" target=\"_blank\" rel=\"noopener\">https:\/\/www.youtube.com\/watch?v=BshdbeMaM50<\/a><\/span><\/p>\n<hr \/>\n<h5>Gina Pietsch, S\u00e4ngerin<\/h5>\n<p>(Georg Kreisler: &#8222;Die Hexe&#8220;, Brecht\/Eisler: &#8222;Kinderhymne&#8220;)<\/p>\n<div class=\"jetpack-video-wrapper\"><span class=\"embed-youtube\" style=\"text-align:center; display: block;\"><iframe loading=\"lazy\" class=\"youtube-player\" width=\"800\" height=\"450\" src=\"https:\/\/www.youtube.com\/embed\/drjIuOvsdx0?version=3&#038;rel=1&#038;showsearch=0&#038;showinfo=1&#038;iv_load_policy=1&#038;fs=1&#038;hl=de-DE&#038;autohide=2&#038;wmode=transparent\" allowfullscreen=\"true\" style=\"border:0;\" sandbox=\"allow-scripts allow-same-origin allow-popups allow-presentation allow-popups-to-escape-sandbox\"><\/iframe><\/span><\/div>\n<p><span style=\"font-size: 10pt;\">Direktlink zum Video von AntkriegTV: <a href=\"https:\/\/www.youtube.com\/watch?v=drjIuOvsdx0\" target=\"_blank\" rel=\"noopener\">https:\/\/www.youtube.com\/watch?v=drjIuOvsdx0<\/a><\/span><\/p>\n<hr \/>\n<p><span style=\"font-size: 10pt;\">Bild oben: Hans Bauer w\u00e4hrend seiner Rede am 22.06.2022 im Treptower Park in Berlin<\/span><br \/>\n<span style=\"font-size: 10pt;\">Foto: UZ \/ Rudolf Denner<\/span><\/p>\n<p>&nbsp;<\/p>\n","protected":false},"excerpt":{"rendered":"<p><b>Berlin: Kundgebung am Sowjetischen Ehrenmal im Treptower Park<\/b><br \/>\nFriedensaktivistinnen und -Aktivisten erinnerten am 22. Juni 2022 an den \u00dcberfall Nazi-Deutschlands auf die Sowjet-Union vor 81 Jahren. Unter dem Motto \u201eWir vergessen nicht!\u201c hatte die \u201eFriedenskoordination Berlin\u201c zu einer Kundgebung am Sowjetischen Ehrenmal im Berliner Treptower Park aufgerufen. Rund 200 Menschen folgten dem Aufruf, darunter viele Freidenker. Wir dokumentieren hier in Video und Text die Rede von Hans Bauer von der \u201eGesellschaft zur rechtlichen und humanit\u00e4ren Unterst\u00fctzung\u201c (GRH) sowie die Videos der Reden von Laura von Wimmersperg (Friko Berlin), Anja Mewes, Vorsitzende der Friedensglockengesellschaft e.V. und Heiner B\u00fccker vom COOP-Caf\u00e9. Ebenso dokumentieren wir den Auftritt der S\u00e4ngerin Gina Pietsch, die die Kundgebung mit Werken von Le\u00f3n Gieco, Georg Kreisler, Bertolt Brecht und Hanns Eisler begleitete.<\/p>\n","protected":false},"author":3,"featured_media":13613,"comment_status":"closed","ping_status":"closed","sticky":false,"template":"","format":"standard","meta":{"colormag_page_container_layout":"default_layout","colormag_page_sidebar_layout":"default_layout","advanced_seo_description":"","jetpack_seo_html_title":"","jetpack_seo_noindex":false,"jetpack_post_was_ever_published":false,"footnotes":""},"categories":[13,19],"tags":[960,404,339,222,639],"class_list":["post-13610","post","type-post","status-publish","format-standard","has-post-thumbnail","hentry","category-frieden-antifaschismus-solidaritaet","category-veranstaltungen-in-den-dfv-landesverbaenden","tag-faschistischer-ueberfall-auf-die-sowjetunion","tag-imperialismus","tag-kriegspropaganda","tag-russland","tag-ukraine-konflikt"],"jetpack_featured_media_url":"https:\/\/i0.wp.com\/www.freidenker.org\/fw17\/wp-content\/uploads\/2022\/06\/hans_bauer_2022-06-22_800x450.jpg?fit=800%2C450&ssl=1","jetpack_shortlink":"https:\/\/wp.me\/p9stpK-3xw","jetpack-related-posts":[{"id":15080,"url":"https:\/\/www.freidenker.org\/?p=15080","url_meta":{"origin":13610,"position":0},"title":"Update zur Fressefreiheit","author":"Webredaktion","date":"27. Januar 2023","format":false,"excerpt":"Video einer Rede von Heiner B\u00fccker Wer noch irgendwelche Illusionen \u00fcber den Zustand der Meinungsfreiheit in Deutschland hat, der vergegenw\u00e4rtige sich, dass die im Video festgehaltene Rede des Berliner Friedensaktivisten und Antifaschisten Heiner B\u00fccker wegen \"Billigung von Straftaten\" von einem Berliner Amtsrichter mit einem Strafbefehl belegt wurde. \u00dcber den Fall\u2026","rel":"","context":"In &quot;Zeit der Verleumder - Freidenker f\u00fcr Klartext&quot;","block_context":{"text":"Zeit der Verleumder - Freidenker f\u00fcr Klartext","link":"https:\/\/www.freidenker.org\/?cat=937"},"img":{"alt_text":"","src":"https:\/\/i0.wp.com\/www.freidenker.org\/fw17\/wp-content\/uploads\/2023\/01\/klartext_heiner_buecker_800x450.jpg?fit=800%2C450&ssl=1&resize=350%2C200","width":350,"height":200,"srcset":"https:\/\/i0.wp.com\/www.freidenker.org\/fw17\/wp-content\/uploads\/2023\/01\/klartext_heiner_buecker_800x450.jpg?fit=800%2C450&ssl=1&resize=350%2C200 1x, https:\/\/i0.wp.com\/www.freidenker.org\/fw17\/wp-content\/uploads\/2023\/01\/klartext_heiner_buecker_800x450.jpg?fit=800%2C450&ssl=1&resize=525%2C300 1.5x, https:\/\/i0.wp.com\/www.freidenker.org\/fw17\/wp-content\/uploads\/2023\/01\/klartext_heiner_buecker_800x450.jpg?fit=800%2C450&ssl=1&resize=700%2C400 2x"},"classes":[]},{"id":21774,"url":"https:\/\/www.freidenker.org\/?p=21774","url_meta":{"origin":13610,"position":1},"title":"Bericht: Veranstaltung \u201e80. Jahrestag der Befreiung vom Faschismus \u2013 Wir sagen danke!\u201c","author":"Webredaktion","date":"8. Mai 2025","format":false,"excerpt":"Am 3. Mai 2025 fand in Berlin-Tiergarten am sowjetischen Ehrenmal eine Gedenkveranstaltung zu Ehren des 80. Jahrestages der Befreiung vom Hitlerfaschismus statt. Zahlreiche Redner aus vielen Bereichen des Lebens, darunter Politiker, K\u00fcnstler und Journalisten, ergriffen das Wort oder trugen mit ihren kulturellen Beitr\u00e4gen zum Gelingen der Veranstaltung bei. Wir ver\u00f6ffentlichen\u2026","rel":"","context":"In &quot;Frieden - Antifaschismus - Solidarit\u00e4t&quot;","block_context":{"text":"Frieden - Antifaschismus - Solidarit\u00e4t","link":"https:\/\/www.freidenker.org\/?cat=13"},"img":{"alt_text":"","src":"https:\/\/i0.wp.com\/www.freidenker.org\/fw17\/wp-content\/uploads\/2025\/05\/tiergarten_2025-05-04_18-17-53_800x450.jpg?fit=800%2C450&ssl=1&resize=350%2C200","width":350,"height":200,"srcset":"https:\/\/i0.wp.com\/www.freidenker.org\/fw17\/wp-content\/uploads\/2025\/05\/tiergarten_2025-05-04_18-17-53_800x450.jpg?fit=800%2C450&ssl=1&resize=350%2C200 1x, https:\/\/i0.wp.com\/www.freidenker.org\/fw17\/wp-content\/uploads\/2025\/05\/tiergarten_2025-05-04_18-17-53_800x450.jpg?fit=800%2C450&ssl=1&resize=525%2C300 1.5x, https:\/\/i0.wp.com\/www.freidenker.org\/fw17\/wp-content\/uploads\/2025\/05\/tiergarten_2025-05-04_18-17-53_800x450.jpg?fit=800%2C450&ssl=1&resize=700%2C400 2x"},"classes":[]},{"id":19083,"url":"https:\/\/www.freidenker.org\/?p=19083","url_meta":{"origin":13610,"position":2},"title":"Egon Krenz: Verkehrte Geschichte","author":"Webredaktion","date":"15. Mai 2024","format":false,"excerpt":"Beitrag von Egon Krenz Seit 1951 war ich in der Regel dabei, wenn Millionen DDR- B\u00fcrger auch am Treptower Ehrenmal die sowjetischen Opfer ehrten, die f\u00fcr unsere Freiheit vom Faschismus ihr Leben gaben. Immer hatte ich das Gef\u00fchl, leben zu k\u00f6nnen, weil sie ihr Leben f\u00fcr uns gaben. Dieses Jahr\u2026","rel":"","context":"In &quot;Frieden - Antifaschismus - Solidarit\u00e4t&quot;","block_context":{"text":"Frieden - Antifaschismus - Solidarit\u00e4t","link":"https:\/\/www.freidenker.org\/?cat=13"},"img":{"alt_text":"","src":"https:\/\/i0.wp.com\/www.freidenker.org\/fw17\/wp-content\/uploads\/2024\/05\/Berlin_Reichstag2_800x450.jpg?fit=800%2C450&ssl=1&resize=350%2C200","width":350,"height":200,"srcset":"https:\/\/i0.wp.com\/www.freidenker.org\/fw17\/wp-content\/uploads\/2024\/05\/Berlin_Reichstag2_800x450.jpg?fit=800%2C450&ssl=1&resize=350%2C200 1x, https:\/\/i0.wp.com\/www.freidenker.org\/fw17\/wp-content\/uploads\/2024\/05\/Berlin_Reichstag2_800x450.jpg?fit=800%2C450&ssl=1&resize=525%2C300 1.5x, https:\/\/i0.wp.com\/www.freidenker.org\/fw17\/wp-content\/uploads\/2024\/05\/Berlin_Reichstag2_800x450.jpg?fit=800%2C450&ssl=1&resize=700%2C400 2x"},"classes":[]},{"id":16051,"url":"https:\/\/www.freidenker.org\/?p=16051","url_meta":{"origin":13610,"position":3},"title":"Ehrung und Gedenken zum Tag der Befreiung","author":"Webredaktion","date":"13. Mai 2023","format":false,"excerpt":"Beitrag von Liane Kilinc Heute nach Deutschland zu blicken macht keine Freude. Denn wie im letzten Jahr wurde daf\u00fcr gesorgt, dass am Treptower Ehrenmal in Berlin nicht gefeiert werden darf. Sowjetische und russische Fahnen, auch das Georgsband, alles wurde verboten. Und es ist noch schlimmer als im vergangenen Jahr \u2013\u2026","rel":"","context":"In &quot;Frieden - Antifaschismus - Solidarit\u00e4t&quot;","block_context":{"text":"Frieden - Antifaschismus - Solidarit\u00e4t","link":"https:\/\/www.freidenker.org\/?cat=13"},"img":{"alt_text":"","src":"https:\/\/i0.wp.com\/www.freidenker.org\/fw17\/wp-content\/uploads\/2023\/05\/2023-05-08-liane-kilinc_800x450.jpg?fit=800%2C450&ssl=1&resize=350%2C200","width":350,"height":200,"srcset":"https:\/\/i0.wp.com\/www.freidenker.org\/fw17\/wp-content\/uploads\/2023\/05\/2023-05-08-liane-kilinc_800x450.jpg?fit=800%2C450&ssl=1&resize=350%2C200 1x, https:\/\/i0.wp.com\/www.freidenker.org\/fw17\/wp-content\/uploads\/2023\/05\/2023-05-08-liane-kilinc_800x450.jpg?fit=800%2C450&ssl=1&resize=525%2C300 1.5x, https:\/\/i0.wp.com\/www.freidenker.org\/fw17\/wp-content\/uploads\/2023\/05\/2023-05-08-liane-kilinc_800x450.jpg?fit=800%2C450&ssl=1&resize=700%2C400 2x"},"classes":[]},{"id":24949,"url":"https:\/\/www.freidenker.org\/?p=24949","url_meta":{"origin":13610,"position":4},"title":"Gedenken an die Selbstbefreiung des Konzentrationslagers Buchenwald","author":"Webredaktion","date":"22. April 2026","format":false,"excerpt":"Bericht des Deutschen Freidenker-Verbandes, Landesverband Th\u00fcringen Am 12. April 2026 gedachten Mitglieder verschiedener Parteien und Organisationen und interessierte B\u00fcrger, auf Einladung des Landesvorstandes Th\u00fcringens des Deutschen Freidenker-Verbandes der Selbstbefreiung des Konzentrationslagers Buchenwald vor 81 Jahren. Die Landesvorsitzende hatte eine Einladung an die Botschaft der Russischen F\u00f6deration in Berlin gesandt, die\u2026","rel":"","context":"In &quot;Aktuelles&quot;","block_context":{"text":"Aktuelles","link":"https:\/\/www.freidenker.org\/?cat=574"},"img":{"alt_text":"","src":"https:\/\/i0.wp.com\/www.freidenker.org\/fw17\/wp-content\/uploads\/2026\/04\/Figuren_buchenwald._800x450jpg.jpg?fit=800%2C450&ssl=1&resize=350%2C200","width":350,"height":200,"srcset":"https:\/\/i0.wp.com\/www.freidenker.org\/fw17\/wp-content\/uploads\/2026\/04\/Figuren_buchenwald._800x450jpg.jpg?fit=800%2C450&ssl=1&resize=350%2C200 1x, https:\/\/i0.wp.com\/www.freidenker.org\/fw17\/wp-content\/uploads\/2026\/04\/Figuren_buchenwald._800x450jpg.jpg?fit=800%2C450&ssl=1&resize=525%2C300 1.5x, https:\/\/i0.wp.com\/www.freidenker.org\/fw17\/wp-content\/uploads\/2026\/04\/Figuren_buchenwald._800x450jpg.jpg?fit=800%2C450&ssl=1&resize=700%2C400 2x"},"classes":[]},{"id":9169,"url":"https:\/\/www.freidenker.org\/?p=9169","url_meta":{"origin":13610,"position":5},"title":"\u00dcber 100.000 Euro f\u00fcr russische Veteranen","author":"Webredaktion","date":"8. Januar 2021","format":false,"excerpt":"Auf Initiative des deutschen Fallschirmj\u00e4ger-Traditionsverbandes Ost e.V. wurde im Dezember 2020 eine Spendensammlung f\u00fcr russische Veteranen des Zweiten Weltkriegs, f\u00fcr \u00dcberlebende der KZs und der Blockade von Leningrad gestartet. Das Ergebnis, 100.200,00 Euro, wurde am 5. Januar 2021, dem Vorabend des russischen Weihnachtsfestes in Berlin vor dem Sowjetischen Ehrenmal im\u2026","rel":"","context":"In &quot;Frieden - Antifaschismus - Solidarit\u00e4t&quot;","block_context":{"text":"Frieden - Antifaschismus - Solidarit\u00e4t","link":"https:\/\/www.freidenker.org\/?cat=13"},"img":{"alt_text":"","src":"https:\/\/i0.wp.com\/www.freidenker.org\/fw17\/wp-content\/uploads\/2021\/01\/210105-glinka_u_uli_800x450.jpg?fit=800%2C450&ssl=1&resize=350%2C200","width":350,"height":200,"srcset":"https:\/\/i0.wp.com\/www.freidenker.org\/fw17\/wp-content\/uploads\/2021\/01\/210105-glinka_u_uli_800x450.jpg?fit=800%2C450&ssl=1&resize=350%2C200 1x, https:\/\/i0.wp.com\/www.freidenker.org\/fw17\/wp-content\/uploads\/2021\/01\/210105-glinka_u_uli_800x450.jpg?fit=800%2C450&ssl=1&resize=525%2C300 1.5x, https:\/\/i0.wp.com\/www.freidenker.org\/fw17\/wp-content\/uploads\/2021\/01\/210105-glinka_u_uli_800x450.jpg?fit=800%2C450&ssl=1&resize=700%2C400 2x"},"classes":[]}],"_links":{"self":[{"href":"https:\/\/www.freidenker.org\/index.php?rest_route=\/wp\/v2\/posts\/13610","targetHints":{"allow":["GET"]}}],"collection":[{"href":"https:\/\/www.freidenker.org\/index.php?rest_route=\/wp\/v2\/posts"}],"about":[{"href":"https:\/\/www.freidenker.org\/index.php?rest_route=\/wp\/v2\/types\/post"}],"author":[{"embeddable":true,"href":"https:\/\/www.freidenker.org\/index.php?rest_route=\/wp\/v2\/users\/3"}],"replies":[{"embeddable":true,"href":"https:\/\/www.freidenker.org\/index.php?rest_route=%2Fwp%2Fv2%2Fcomments&post=13610"}],"version-history":[{"count":0,"href":"https:\/\/www.freidenker.org\/index.php?rest_route=\/wp\/v2\/posts\/13610\/revisions"}],"wp:featuredmedia":[{"embeddable":true,"href":"https:\/\/www.freidenker.org\/index.php?rest_route=\/wp\/v2\/media\/13613"}],"wp:attachment":[{"href":"https:\/\/www.freidenker.org\/index.php?rest_route=%2Fwp%2Fv2%2Fmedia&parent=13610"}],"wp:term":[{"taxonomy":"category","embeddable":true,"href":"https:\/\/www.freidenker.org\/index.php?rest_route=%2Fwp%2Fv2%2Fcategories&post=13610"},{"taxonomy":"post_tag","embeddable":true,"href":"https:\/\/www.freidenker.org\/index.php?rest_route=%2Fwp%2Fv2%2Ftags&post=13610"}],"curies":[{"name":"wp","href":"https:\/\/api.w.org\/{rel}","templated":true}]}}