{"id":13585,"date":"2022-06-22T02:06:45","date_gmt":"2022-06-22T00:06:45","guid":{"rendered":"https:\/\/www.freidenker.org\/?p=13585"},"modified":"2022-07-22T02:12:55","modified_gmt":"2022-07-22T00:12:55","slug":"jenen-verbuendet-bleiben-die-gegen-den-faschismus-kaempfen","status":"publish","type":"post","link":"https:\/\/www.freidenker.org\/?p=13585","title":{"rendered":"Jenen verb\u00fcndet bleiben, die gegen den Faschismus k\u00e4mpfen"},"content":{"rendered":"<h5>Zum 81. Jahrestag des deutschen \u00dcberfalls auf die Sowjetunion<\/h5>\n<p><em>von <strong>Liane Kilinc<\/strong><\/em><\/p>\n<p>Vielleicht sollten wir uns in diesem Jahr, wenn wir uns an den deutschen \u00dcberfall auf die Sowjetunion erinnern, nicht mit dem befassen, was dort geschah, sondern mit dem, was der Anti-Hitler-Koalition vorausging.\u00a0Denn dass die Sowjetunion diesen Kampf letztlich doch nicht allein bestehen musste, hatte Vorbedingungen, war das Ergebnis jahrelangen politischen Ringens.\u00a0Die Anti-Hitler-Koalition musste erst erstritten werden, und dieser Streit endete knapp genug, dass sie nach der Niederlage Nazideutschlands sofort zerfiel.<\/p>\n<p>Es muss eigentlich nicht \u00fcberraschen, dass der ukrainische Faschismus in den L\u00e4ndern des Westens viele Freunde hat.\u00a0Das war schlie\u00dflich nach 1933 nicht anders. Man denke nur an Mosley in England, an die franz\u00f6sischen Faschisten, oder gar an Franco in Spanien \u2013 das war kein deutsches Ph\u00e4nomen, das war eine europ\u00e4ische Seuche; sie wurde in allen L\u00e4ndern bek\u00e4mpft, in manchen mit, in manchen ohne Erfolg.\u00a0Die herrschende Klasse war, das zeigten das M\u00fcnchner Abkommen wie die heuchlerische Neutralit\u00e4t im spanischen B\u00fcrgerkrieg, mehr als willig, ihren Frieden mit den Nazis zu machen, sofern sie nicht gleich selbst mit dem Faschismus lieb\u00e4ugelte.<\/p>\n<p>Aber die andere Seite, unsere Seite, war stark.<\/p>\n<p>Ein Verschweigen dessen, was in Nazideutschland geschah, war nicht m\u00f6glich.\u00a0Es gab gro\u00dfe internationale Veranstaltungen wie den Kongress zur Verteidigung der Kultur in Paris 1935, die daf\u00fcr sorgten, dass die Wahrheit \u00fcber die Verh\u00e4ltnisse bekannt wurde.\u00a0Es gab die gro\u00dfen Zeitungen wie die L&#8217;Humanit\u00e9 in Frankreich, die \u00fcber die KZs berichteten, \u00fcber die Gestapo, \u00fcber Verhaftungen und Morde. Es gab die gro\u00dfen internationalen Kampagnen wie jene zur Befreiung Dimitroffs und sp\u00e4ter zur Befreiung von Th\u00e4lmann; es gab die Zeugnisse hunderter Emigranten.\u00a0Und es gab eine Arbeiterbewegung, die bereit, ja, begierig war, zuzuh\u00f6ren, und die dann, als die Sowjetunion angegriffen wurde, die Regierungen der USA und Gro\u00dfbritanniens zwang, gegen, nicht mit Hitler in den Krieg zu ziehen.<\/p>\n<p>Wo st\u00fcnden wir heute, h\u00e4tte es etwas wie den Kongress zur Verteidigung der Kultur \u00fcber die Ukraine gegeben?\u00a0W\u00e4re es dann m\u00f6glich, unsere St\u00e4dte blau gelb zu beflaggen?<\/p>\n<p>Internationalismus ist heute f\u00fcr viele so etwas wie eine Salatgarnitur auf dem politischen Speiseteller; aber das, was heute geschieht, zeigt uns, dass diese Bewertung falsch ist.\u00a0Die Entwicklung in anderen L\u00e4ndern verstehen wollen ist kein Luxus, den man auch lassen kann, sondern kann jederzeit zur Voraussetzung werden, um im eigenen richtig handeln zu k\u00f6nnen.<\/p>\n<p>Seit acht Jahren leiste ich mit dem Verein Friedensbr\u00fccke humanit\u00e4re Hilfe im Donbass.\u00a0Ich kenne all die Berichte, die alle kennen sollten; ich wei\u00df, dass in der Ukraine tats\u00e4chlich der Faschismus an der Macht ist.\u00a0Aber auch wenn es bisher m\u00f6glich war, \u00fcber den Verein ein wenig davon sichtbar zu machen, blieb doch alles immer auf eine kleine Gruppe von Menschen begrenzt.\u00a0Von der ganzen politischen Szenerie, die sich links schimpft in Deutschland, wollten nur sehr wenige \u00fcberhaupt etwas davon wissen.\u00a0Ab und zu gab es Veranstaltungen zum Donbass, aber das war es dann auch. Das gen\u00fcgt, um die Hilfe zu erm\u00f6glichen, aber es gen\u00fcgt bei weitem nicht, um ein Bewusstsein f\u00fcr die Entwicklung dort zu wecken und genug Solidarit\u00e4t zu mobilisieren, damit das, was jetzt in Deutschland geschieht, nicht geschehen kann.<\/p>\n<p>Dieses Jahr beneide ich die Schreiber nicht, die die offiziellen Reden zum Gedenken an den deutschen \u00dcberfall auf die Sowjetunion schreiben m\u00fcssen. Das wird ein schweres St\u00fcck Arbeit.<\/p>\n<p>Darf man noch sagen, wer alles als Verb\u00fcndeter der Naziarmee an diesem \u00dcberfall beteiligt war?\u00a0Ukrainische Nationalisten im SS-Bataillon Nachtigall beispielsweise? Oder sind das nicht die europ\u00e4ischen Freiheitsk\u00e4mpfer gegen den Bolschewismus?\u00a0Und was ist mit den Letten, den Holl\u00e4ndern, den Rum\u00e4nen, den Italienern? Sind jetzt die Hitlerfaschisten die einzigen Verbrecher und alle anderen eigentlich vorweggenommene NATO-Verb\u00fcndete, oder ist man schon so weit, die Naziarmee selbst von jeder Schuld freizusprechen?<\/p>\n<p>Die Renazifizierung Deutschlands erfolgt gerade in Imitation der Ukraine, als blau gelbe \u201eSolidarit\u00e4t\u201c, bis hinunter in Kleinst\u00e4dte wie Wandlitz, wo dieselben, die letztes Jahr noch meinten, gegen jeden Impfgegner demonstrieren zu m\u00fcssen, weil der Nazi sei, jetzt den wirklichen Nazi Klitschko preisen und sich von ihm eine St\u00e4dtepartnerschaft in der Ukraine vermitteln lassen.<\/p>\n<p>Die Leidenschaft, mit der eine \u201erussische Aggression\u201c beschworen wird, l\u00e4sst erkennen, wie gern man die Erinnerung an den Krieg der Naziwehrmacht und vor allem an ihre Niederlage begraben w\u00fcrde, selbst wenn als Konsequenz der Nazismus selbst wieder zum Leben erwacht.<\/p>\n<p>Wer sich all die Jahre \u00fcber gefragt hat, warum das bundesdeutsche Strafrecht zwar die Leugnung des Holocaust unter Strafe stellt, die Leugnung des Vernichtungskrieges im Osten mit seinen 27 Millionen sowjetischen Opfern aber nicht, kann heute sehen, warum.<\/p>\n<p>Die Leugnung des Generalplans Ost ist heute politisches Tagesgesch\u00e4ft. Der antislawische Rassismus, den man vor Jahren bereits gegen die Serben reanimiert hatte, ist Bestandteil des offiziellen Alltags.\u00a0Schlie\u00dflich war es eine von der NATO herangez\u00fcchtete vermeintliche \u201eMilit\u00e4rexpertin\u201c, Florence Gaub, die im deutschen Fernsehen vor einiger Zeit erkl\u00e4rte, Russen seien eigentlich keine richtigen Europ\u00e4er, denn sie h\u00e4tten ein anderes Verh\u00e4ltnis zum Tod.\u00a0Gleichzeitig wurden die in Mariupol eingekesselten Nazitruppen zu Helden stilisiert, in einem Tonfall, als sei Klemperers Lingua Tertii Imperii nie geschrieben worden.<\/p>\n<p>Und wir? K\u00f6nnen nicht einmal mehr angemessen des \u00dcberfalls auf die Sowjetunion gedenken, weil es untersagt ist, ihre Fahne zu zeigen. So, wie es untersagt w\u00e4re, ein Gegenst\u00fcck der Anti-Hitler-Koalition zu fordern, gegen den Nazismus in der Ukraine.<\/p>\n<p>Wir k\u00f6nnen nur noch ausprobieren, wieviel Wahrheit noch polizeilich erlaubt ist, jetzt, da die neuen Helden dieses nicht neuen Deutschlands, irgendwie sehr wie die alten aussehen, Runen und Totenk\u00f6pfe inbegriffen, und sich auch benehmen wie die alten.<\/p>\n<p>Darf man ukrainische Nazis noch Nazis nennen?<\/p>\n<p>Und wenn man das nicht mehr darf, wie nennt man dann die deutschen Nazis, die Originale?<\/p>\n<p>Werfen wir einmal einen Blick in die Notizen des Generalstabschefs des Heeres, Franz Halder, der entscheidend an der Ausarbeitung des Unternehmens Barbarossa beteiligt war.\u00a0Er notierte Ende M\u00e4rz 1941: \u201eK\u00fcnftiges Staatenbild: Nordrussland geh\u00f6rt zu Finnland. Protektorate Ostseel\u00e4nder, Ukraine, Wei\u00dfrussland.\u201c Erinnert das an irgendetwas?<\/p>\n<p>An den Antrag Finnlands, der NATO beizutreten, beispielsweise?<\/p>\n<p>An den Putsch in der Ukraine 2014?<\/p>\n<p>An den Umsturzversuch in Wei\u00dfrussland im vergangenen Sommer?<\/p>\n<p>Der \u201eAusbau des Eisenbahn- und Stra\u00dfennetzes\u201c, der im Sommer 1940 unter dem Codewort \u201eOtto\u201c begonnen wurde, ist in den vergangenen Jahren ebenfalls geschehen.<\/p>\n<p>Wenn einen diese Parallelen gruseln machen, dann, weil sie zum Gruseln sind.<\/p>\n<p>Was im Verlauf der sogenannten \u201eNATO-Osterweiterung\u201c geschah, ist wie eine Wiederholung der alten Pl\u00e4ne.\u00a0Nur dass diesmal die ersten angestrebten Ziele bereits vorweg realisiert wurden. Jeder, der diese historischen Abl\u00e4ufe kennt, wundert sich keine Sekunde dar\u00fcber, dass das in Russland als Bedrohung gesehen werden muss.<\/p>\n<p>Wie seine Z\u00f6glinge Heusinger und Gehlen entging auch Franz Halder der N\u00fcrnberger Gerichtsbarkeit; und w\u00e4hrend Gehlen die gef\u00e4lschten Dokumente lieferte, die in den kalten Krieg f\u00fchrten, und Heusinger die Milit\u00e4rstrukturen der NATO mit aufzubauen half, schrieb Halder f\u00fcr den Rest seines Lebens im Auftrag der US-Armee Milit\u00e4rgeschichte. So wurde das Erbe weitergereicht, die \u00c4hnlichkeiten sind kein Zufall.<\/p>\n<p>Aber wir haben die Jahre verpasst, in denen es m\u00f6glich gewesen w\u00e4re, die Wahrheit \u00fcber die Ukraine wirklich zu verbreiten, so zu verbreiten, dass gen\u00fcgend Menschen sie als ihre eigene Sache sehen, und finden uns eher in einer Art Vichy-Europa wieder, das vor dem faschistischen \u00dcbel kapituliert hat und bereit ist, sich in seinem Interesse auspl\u00fcndern zu lassen.<\/p>\n<p>Wir haben die erste Aufgabe, die Wahrheit bekannt zu machen, noch nicht gel\u00f6st und stehen schon vor der zweiten, wie zu widerstehen, wie die Zukunft des Landes zu retten und die daf\u00fcr n\u00f6tigen B\u00fcndnisse zu schmieden.<\/p>\n<p>Wir k\u00f6nnen heute keinen Blick mehr auf die Ereignisse des Jahres 1941 werfen, ohne die der Gegenwart mit einzubeziehen, und die wichtigste Lektion von damals ist, jenen verb\u00fcndet zu bleiben, die gegen den Faschismus k\u00e4mpfen, und selbst nicht aufzugeben.<\/p>\n<p>Gleich, wie sich die Verh\u00e4ltnisse hier noch entwickeln.<\/p>\n<p>Denn unsere Sache ist gerecht und wir werden siegen!<\/p>\n<p style=\"text-align: right;\"><em>Liane Kilinc ist Vorsitzende des Vereins \u201eFriedensbr\u00fccke-Kriegsopferhilfe e.V.\u201c und Mitglied des Deutschen Freidenker-Verbandes in Berlin<\/em><\/p>\n<hr \/>\n<p><span style=\"font-size: 10pt;\">Bild: Gruppe sowjetischer Soldaten w\u00e4hrend der Berliner Offensive; russische Briefmarke von 2020, gemeinfrei<\/span><br \/>\n<span style=\"font-size: 10pt;\">Quelle: <a href=\"https:\/\/commons.wikimedia.org\/wiki\/File:Russia_stamp_2020_%E2%84%96_2628.jpg\" target=\"_blank\" rel=\"noopener\">https:\/\/commons.wikimedia.org\/wiki\/File:Russia_stamp_2020_%E2%84%96_2628.jpg<\/a><\/span><\/p>\n","protected":false},"excerpt":{"rendered":"<p><b>Zum 81. Jahrestag des deutschen \u00dcberfalls auf die Sowjetunion<\/b><br \/>\n<b>Beitrag von Liane Kilinc<\/b><br \/>\nVielleicht sollten wir uns in diesem Jahr, wenn wir uns an den deutschen \u00dcberfall auf die Sowjetunion erinnern, nicht mit dem befassen, was dort geschah, sondern mit dem, was der Anti-Hitler-Koalition vorausging.\u00a0Denn dass die Sowjetunion diesen Kampf letztlich doch nicht allein bestehen musste, hatte Vorbedingungen, war das Ergebnis jahrelangen politischen Ringens.\u00a0Die Anti-Hitler-Koalition musste erst erstritten werden, und dieser Streit endete knapp genug, dass sie nach der Niederlage Nazideutschlands sofort zerfiel. &#8230; Die herrschende Klasse war, das zeigten das M\u00fcnchner Abkommen wie die heuchlerische Neutralit\u00e4t im spanischen B\u00fcrgerkrieg, mehr als willig, ihren Frieden mit den Nazis zu machen, sofern sie nicht gleich selbst mit dem Faschismus lieb\u00e4ugelte.<\/p>\n","protected":false},"author":3,"featured_media":13587,"comment_status":"closed","ping_status":"closed","sticky":false,"template":"","format":"standard","meta":{"colormag_page_container_layout":"default_layout","colormag_page_sidebar_layout":"default_layout","advanced_seo_description":"","jetpack_seo_html_title":"","jetpack_seo_noindex":false,"jetpack_post_was_ever_published":false,"footnotes":""},"categories":[13],"tags":[370,1121,451,960,1549,639],"class_list":["post-13585","post","type-post","status-publish","format-standard","has-post-thumbnail","hentry","category-frieden-antifaschismus-solidaritaet","tag-antifaschismus","tag-donbass","tag-faschismus","tag-faschistischer-ueberfall-auf-die-sowjetunion","tag-renazifizierung","tag-ukraine-konflikt"],"jetpack_featured_media_url":"https:\/\/i0.wp.com\/www.freidenker.org\/fw17\/wp-content\/uploads\/2022\/06\/briefmarke_schlacht_berlin_800x450.jpg?fit=800%2C450&ssl=1","jetpack_shortlink":"https:\/\/wp.me\/p9stpK-3x7","jetpack-related-posts":[{"id":459,"url":"https:\/\/www.freidenker.org\/?p=459","url_meta":{"origin":13585,"position":0},"title":"Freidenker zum 75. Jahrestag des faschistischen \u00dcberfalls auf die Sowjetunion","author":"Webmaster","date":"22. Juni 2016","format":false,"excerpt":"Erkl\u00e4rung des Deutschen Freidenker-Verbandes zum 70. Jahrestag des faschistischen \u00dcberfalls auf die Sowjetunion Am 22. Juni 2016 gedenken wir der 27 Millionen Sowjetb\u00fcrger, die beim \u00dcberfall der faschistischen Wehrmacht auf die Sowjetunion ihr Leben verloren. Am 22. Juni 1941 begann der Vernichtungskrieg mit dem Ziel der \u201eAusrottung des Kommunismus f\u00fcr\u2026","rel":"","context":"In &quot;Frieden - Antifaschismus - Solidarit\u00e4t&quot;","block_context":{"text":"Frieden - Antifaschismus - Solidarit\u00e4t","link":"https:\/\/www.freidenker.org\/?cat=13"},"img":{"alt_text":"","src":"https:\/\/i0.wp.com\/www.freidenker.org\/fw17\/wp-content\/uploads\/2016\/08\/CCCP.jpg?fit=800%2C445&ssl=1&resize=350%2C200","width":350,"height":200,"srcset":"https:\/\/i0.wp.com\/www.freidenker.org\/fw17\/wp-content\/uploads\/2016\/08\/CCCP.jpg?fit=800%2C445&ssl=1&resize=350%2C200 1x, https:\/\/i0.wp.com\/www.freidenker.org\/fw17\/wp-content\/uploads\/2016\/08\/CCCP.jpg?fit=800%2C445&ssl=1&resize=525%2C300 1.5x, https:\/\/i0.wp.com\/www.freidenker.org\/fw17\/wp-content\/uploads\/2016\/08\/CCCP.jpg?fit=800%2C445&ssl=1&resize=700%2C400 2x"},"classes":[]},{"id":18138,"url":"https:\/\/www.freidenker.org\/?p=18138","url_meta":{"origin":13585,"position":1},"title":"Jalta stellte Weichen f\u00fcr Sicherheit und Frieden, f\u00fcr friedliche Koexistenz","author":"Webredaktion","date":"11. Februar 2024","format":false,"excerpt":"Beitrag von\u00a0Prof. Dr. Anton Latzo Die Endphase des von den Faschisten entfesselten 2. Weltkrieges, der die Sowjetunion ausl\u00f6schen, die imperialistischen Konkurrenten des faschistischen Deutschland beseitigen und die Weltherrschaft Deutschlands herstellen sollte, war dank des siegreichen Vormarsches der Roten Armee angebrochen. Die Erfolge der Roten Armee wie auch das neue Kr\u00e4fteverh\u00e4ltnis,\u2026","rel":"","context":"In &quot;Frieden - Antifaschismus - Solidarit\u00e4t&quot;","block_context":{"text":"Frieden - Antifaschismus - Solidarit\u00e4t","link":"https:\/\/www.freidenker.org\/?cat=13"},"img":{"alt_text":"","src":"https:\/\/i0.wp.com\/www.freidenker.org\/fw17\/wp-content\/uploads\/2024\/02\/Yalta_Conference_1945_Churchill_Stalin_Roosevelt_800x450.jpg?fit=800%2C450&ssl=1&resize=350%2C200","width":350,"height":200,"srcset":"https:\/\/i0.wp.com\/www.freidenker.org\/fw17\/wp-content\/uploads\/2024\/02\/Yalta_Conference_1945_Churchill_Stalin_Roosevelt_800x450.jpg?fit=800%2C450&ssl=1&resize=350%2C200 1x, https:\/\/i0.wp.com\/www.freidenker.org\/fw17\/wp-content\/uploads\/2024\/02\/Yalta_Conference_1945_Churchill_Stalin_Roosevelt_800x450.jpg?fit=800%2C450&ssl=1&resize=525%2C300 1.5x, https:\/\/i0.wp.com\/www.freidenker.org\/fw17\/wp-content\/uploads\/2024\/02\/Yalta_Conference_1945_Churchill_Stalin_Roosevelt_800x450.jpg?fit=800%2C450&ssl=1&resize=700%2C400 2x"},"classes":[]},{"id":19329,"url":"https:\/\/www.freidenker.org\/?p=19329","url_meta":{"origin":13585,"position":2},"title":"Auch damals schon: Kampf um Profit, Macht und Herrschaft weltweit","author":"Webredaktion","date":"13. Juni 2024","format":false,"excerpt":"Zum \u00dcberfall der Faschisten auf die Sowjetunion Beitrag von\u00a0Prof. Dr. Anton Latzo Der w\u00e4hrend des zweiten Weltkrieges h\u00f6chstdekorierte General der USA, Douglas Mac Arthur, schrieb \u00fcber das Ergebnis der Wende bei Stalingrad und \u00fcber die nachfolgenden Ereignisse: \u201eAlle Hoffnungen der Zivilisation richten sich auf die ehrw\u00fcrdigen Banner der tapferen russischen\u2026","rel":"","context":"In &quot;Geschichte&quot;","block_context":{"text":"Geschichte","link":"https:\/\/www.freidenker.org\/?cat=1162"},"img":{"alt_text":"","src":"https:\/\/i0.wp.com\/www.freidenker.org\/fw17\/wp-content\/uploads\/2024\/06\/Bundesarchiv_Bild_146-2007-_0127_Russland_Gebirgs-Jaeger_beim_Vormarsch_800x450.jpg?fit=800%2C450&ssl=1&resize=350%2C200","width":350,"height":200,"srcset":"https:\/\/i0.wp.com\/www.freidenker.org\/fw17\/wp-content\/uploads\/2024\/06\/Bundesarchiv_Bild_146-2007-_0127_Russland_Gebirgs-Jaeger_beim_Vormarsch_800x450.jpg?fit=800%2C450&ssl=1&resize=350%2C200 1x, https:\/\/i0.wp.com\/www.freidenker.org\/fw17\/wp-content\/uploads\/2024\/06\/Bundesarchiv_Bild_146-2007-_0127_Russland_Gebirgs-Jaeger_beim_Vormarsch_800x450.jpg?fit=800%2C450&ssl=1&resize=525%2C300 1.5x, https:\/\/i0.wp.com\/www.freidenker.org\/fw17\/wp-content\/uploads\/2024\/06\/Bundesarchiv_Bild_146-2007-_0127_Russland_Gebirgs-Jaeger_beim_Vormarsch_800x450.jpg?fit=800%2C450&ssl=1&resize=700%2C400 2x"},"classes":[]},{"id":10166,"url":"https:\/\/www.freidenker.org\/?p=10166","url_meta":{"origin":13585,"position":3},"title":"Flugblatt zum 8. und 9. Mai 2021: Befreiung von Faschismus und Krieg","author":"Webredaktion","date":"2. Mai 2021","format":false,"excerpt":"Erfreulicherweise werden die Tage der Befreiung und des Sieges in immer gr\u00f6\u00dferem B\u00fcndnisrahmen zur Kenntnis genommen und durch Aktionen gew\u00fcrdigt. Weniger erfreulich, dass Aktionen in diesem Jahr hier und da mit der Begr\u00fcndung \"des Infektionsgeschehens\" storniert werden. Au\u00dferdem ist zu beobachten, das eine Reihe von Aufrufen zu den Jahrestagen inzwischen\u2026","rel":"","context":"In &quot;Frieden - Antifaschismus - Solidarit\u00e4t&quot;","block_context":{"text":"Frieden - Antifaschismus - Solidarit\u00e4t","link":"https:\/\/www.freidenker.org\/?cat=13"},"img":{"alt_text":"","src":"https:\/\/i0.wp.com\/www.freidenker.org\/fw17\/wp-content\/uploads\/2021\/05\/victory-day-1396078_800x450.jpg?fit=800%2C450&ssl=1&resize=350%2C200","width":350,"height":200,"srcset":"https:\/\/i0.wp.com\/www.freidenker.org\/fw17\/wp-content\/uploads\/2021\/05\/victory-day-1396078_800x450.jpg?fit=800%2C450&ssl=1&resize=350%2C200 1x, https:\/\/i0.wp.com\/www.freidenker.org\/fw17\/wp-content\/uploads\/2021\/05\/victory-day-1396078_800x450.jpg?fit=800%2C450&ssl=1&resize=525%2C300 1.5x, https:\/\/i0.wp.com\/www.freidenker.org\/fw17\/wp-content\/uploads\/2021\/05\/victory-day-1396078_800x450.jpg?fit=800%2C450&ssl=1&resize=700%2C400 2x"},"classes":[]},{"id":19308,"url":"https:\/\/www.freidenker.org\/?p=19308","url_meta":{"origin":13585,"position":4},"title":"Warum die Wahrheit auf der Strecke bleiben soll","author":"Webredaktion","date":"11. Juni 2024","format":false,"excerpt":"Beitrag von\u00a0Prof. Dr. Anton Latzo Anl\u00e4sslich des Jahrestages der Befreiung vom Faschismus mussten wir zur Kenntnis nehmen, dass die von den Regierenden und ihren Auftraggebern und Ideologen, von Medien und den zahlreichen Stiftungen betriebene Geschichtsbetrachtung der politischen Opportunit\u00e4t untergeordnet wird. Das Zeigen der sowjetischen Fahne, die 1945 als Zeichen des\u2026","rel":"","context":"In &quot;Demokratie \u2013 Medien \u2013 Aufkl\u00e4rung&quot;","block_context":{"text":"Demokratie \u2013 Medien \u2013 Aufkl\u00e4rung","link":"https:\/\/www.freidenker.org\/?cat=12"},"img":{"alt_text":"","src":"https:\/\/i0.wp.com\/www.freidenker.org\/fw17\/wp-content\/uploads\/2024\/06\/Halle_des_Ruhms_Wolgograd_800x450.jpg?fit=800%2C450&ssl=1&resize=350%2C200","width":350,"height":200,"srcset":"https:\/\/i0.wp.com\/www.freidenker.org\/fw17\/wp-content\/uploads\/2024\/06\/Halle_des_Ruhms_Wolgograd_800x450.jpg?fit=800%2C450&ssl=1&resize=350%2C200 1x, https:\/\/i0.wp.com\/www.freidenker.org\/fw17\/wp-content\/uploads\/2024\/06\/Halle_des_Ruhms_Wolgograd_800x450.jpg?fit=800%2C450&ssl=1&resize=525%2C300 1.5x, https:\/\/i0.wp.com\/www.freidenker.org\/fw17\/wp-content\/uploads\/2024\/06\/Halle_des_Ruhms_Wolgograd_800x450.jpg?fit=800%2C450&ssl=1&resize=700%2C400 2x"},"classes":[]},{"id":19083,"url":"https:\/\/www.freidenker.org\/?p=19083","url_meta":{"origin":13585,"position":5},"title":"Egon Krenz: Verkehrte Geschichte","author":"Webredaktion","date":"15. Mai 2024","format":false,"excerpt":"Beitrag von Egon Krenz Seit 1951 war ich in der Regel dabei, wenn Millionen DDR- B\u00fcrger auch am Treptower Ehrenmal die sowjetischen Opfer ehrten, die f\u00fcr unsere Freiheit vom Faschismus ihr Leben gaben. Immer hatte ich das Gef\u00fchl, leben zu k\u00f6nnen, weil sie ihr Leben f\u00fcr uns gaben. Dieses Jahr\u2026","rel":"","context":"In &quot;Frieden - Antifaschismus - Solidarit\u00e4t&quot;","block_context":{"text":"Frieden - Antifaschismus - Solidarit\u00e4t","link":"https:\/\/www.freidenker.org\/?cat=13"},"img":{"alt_text":"","src":"https:\/\/i0.wp.com\/www.freidenker.org\/fw17\/wp-content\/uploads\/2024\/05\/Berlin_Reichstag2_800x450.jpg?fit=800%2C450&ssl=1&resize=350%2C200","width":350,"height":200,"srcset":"https:\/\/i0.wp.com\/www.freidenker.org\/fw17\/wp-content\/uploads\/2024\/05\/Berlin_Reichstag2_800x450.jpg?fit=800%2C450&ssl=1&resize=350%2C200 1x, https:\/\/i0.wp.com\/www.freidenker.org\/fw17\/wp-content\/uploads\/2024\/05\/Berlin_Reichstag2_800x450.jpg?fit=800%2C450&ssl=1&resize=525%2C300 1.5x, https:\/\/i0.wp.com\/www.freidenker.org\/fw17\/wp-content\/uploads\/2024\/05\/Berlin_Reichstag2_800x450.jpg?fit=800%2C450&ssl=1&resize=700%2C400 2x"},"classes":[]}],"_links":{"self":[{"href":"https:\/\/www.freidenker.org\/index.php?rest_route=\/wp\/v2\/posts\/13585","targetHints":{"allow":["GET"]}}],"collection":[{"href":"https:\/\/www.freidenker.org\/index.php?rest_route=\/wp\/v2\/posts"}],"about":[{"href":"https:\/\/www.freidenker.org\/index.php?rest_route=\/wp\/v2\/types\/post"}],"author":[{"embeddable":true,"href":"https:\/\/www.freidenker.org\/index.php?rest_route=\/wp\/v2\/users\/3"}],"replies":[{"embeddable":true,"href":"https:\/\/www.freidenker.org\/index.php?rest_route=%2Fwp%2Fv2%2Fcomments&post=13585"}],"version-history":[{"count":0,"href":"https:\/\/www.freidenker.org\/index.php?rest_route=\/wp\/v2\/posts\/13585\/revisions"}],"wp:featuredmedia":[{"embeddable":true,"href":"https:\/\/www.freidenker.org\/index.php?rest_route=\/wp\/v2\/media\/13587"}],"wp:attachment":[{"href":"https:\/\/www.freidenker.org\/index.php?rest_route=%2Fwp%2Fv2%2Fmedia&parent=13585"}],"wp:term":[{"taxonomy":"category","embeddable":true,"href":"https:\/\/www.freidenker.org\/index.php?rest_route=%2Fwp%2Fv2%2Fcategories&post=13585"},{"taxonomy":"post_tag","embeddable":true,"href":"https:\/\/www.freidenker.org\/index.php?rest_route=%2Fwp%2Fv2%2Ftags&post=13585"}],"curies":[{"name":"wp","href":"https:\/\/api.w.org\/{rel}","templated":true}]}}