{"id":13498,"date":"2022-06-18T02:02:40","date_gmt":"2022-06-18T00:02:40","guid":{"rendered":"https:\/\/www.freidenker.org\/?p=13498"},"modified":"2023-03-18T12:13:04","modified_gmt":"2023-03-18T11:13:04","slug":"verleumdungsorgie-gegen-linken-liedersommer","status":"publish","type":"post","link":"https:\/\/www.freidenker.org\/?p=13498","title":{"rendered":"Verleumdungsorgie gegen Linken Liedersommer"},"content":{"rendered":"<p><em>Interview der NRhZ mit <strong>Sebastian Bahlo<\/strong> (Vorsitzender des Deutschen Freidenker-Verbands)<\/em><\/p>\n<p><span style=\"font-size: 10pt;\">Erstver\u00f6ffentlichung\u00a0 in der <a href=\"http:\/\/www.nrhz.de\/flyer\/beitrag.php?id=28125\" target=\"_blank\" rel=\"noopener\">NRhZ (<span class=\"text_small_linespace\">Online-Flyer Nr. 792\u00a0 vom 15.06.2022)<\/span><\/a><\/span><\/p>\n<p>&nbsp;<\/p>\n<p><strong>NRhZ: Sebastian, dies ist Dein erster Liedersommer als Vorsitzender, der Du seit 2021 bist. Jetzt hat Dich dabei etwas kalt erwischt.<\/strong><\/p>\n<p>Sebastian Bahlo: Ja, es geht gut los. Nachdem der Liedersommer im vergangenen Jahr wegen der so genannten Corona-Ma\u00dfnahmen ausfallen musste, haben die Umst\u00e4nde, die ihn diesmal begleiten, im weiteren Sinne auch mit Corona zu tun. Der Veranstaltungsort, den wir schon lange beworben hatten \u2013 ein Naturfreundehaus in Rheinland Pfalz \u2013 wurde uns sehr kurzfristig eine Woche vor Beginn gek\u00fcndigt \u2013 mit der knappen Begr\u00fcndung, es g\u00e4be Diskussionen. Und nur durch eine weitergeleitete eMail erfuhren wir, worin \u00fcberhaupt diese Diskussionen bestanden. Das war eine reine Verleumdungsorgie, wo jemand von der Naturfreundejugend, der da eine Funktion hat, mal ein bisschen recherchiert hat, wer wir sind und welche K\u00fcnstler bei uns auftreten und hat da alle m\u00f6glichen Zusammenh\u00e4nge hergestellt, haupts\u00e4chlich zum Stichwort &#8222;Querdenker&#8220;, so genannte Corona-Leugner, weil einige K\u00fcnstler an Demonstrationen gegen die so genannten Corona-Ma\u00dfnahmen teilgenommen haben.<\/p>\n<p><strong>Aber: &#8222;recherchiert&#8220; ist ein etwas anspruchsvoller Begriff<\/strong><\/p>\n<p>Viele Beziehungen sind da in typischer Weise an den Haaren herbeigezogen und konstruiert \u2013 zum Beispiel die Vorw\u00fcrfe, die gegen den Verband erhoben werden, weil auf seiner Homepage \u2013 so ist die Formulierung \u2013 Themen der neuen Rechten bedient w\u00fcrden. Was hei\u00dft da bedient? Sich mit bestimmten Sachverhalten auseinandersetzen, z.B, &#8222;Neue Weltordnung&#8220;, das muss man sich mal vorstellen&#8230;<\/p>\n<p><strong>Da f\u00e4llt uns zun\u00e4chst George W. Bush ein<\/strong><\/p>\n<p>Ganz genau: Die Aussage, dass wir nach dem Zusammenbruch des sozialistischen Blocks in Osteuropa und dem vermeintlichen Sieg des Westens eine &#8222;Neue Weltordnung&#8220; umsetzen m\u00fcssten, das ist tats\u00e4chlich buchst\u00e4blich ein Thema der neuen und alten Rechten. Aber der Vorwurf, dass damit linke Kritiker ein Thema der Neuen Rechten bedienen, auf so eine Idee muss man erst mal kommen.<\/p>\n<p><strong>Dein langj\u00e4hriger Vorg\u00e4nger (\u00fcber 33 Jahre) im Amt des Vorsitzenden, Klaus Hartmann, hat es einmal so formuliert: Wenn irgendwelche Nazis oder Typen, die uns unlieb sind, Kakao trinken, d\u00fcrfen wir das auch noch tun.<\/strong><\/p>\n<p>Das ist nat\u00fcrlich auch noch so ein Thema, diese so genannten Assoziations- oder Kontaktschuldvorw\u00fcrfe. Das ist hier das eine Problem. Aber das andere Problem ist auch einfach, dass man versucht, Menschen das Recht abzusprechen, sich \u00fcberhaupt mit bestimmten gesellschaftlich relevanten Themen auseinanderzusetzen. Wir hatten ja (2019) in Stuttgart unsere Konferenz zum Tiefen Staat, wo wir einfach der Frage mit einem wissenschaftlichen Anspruch nachgegangen sind: gibt es diesen Begriff \u00fcberhaupt? Kann man den sinnvoll definieren? Kann man mit dem arbeiten? Da habe ich auch Kritik geh\u00f6rt: allein das Wort &#8222;Tiefer Staat&#8220; sei Verschw\u00f6rungstheorie. Wir erleben das im Freidenker-Verband seit vielen Jahren, das ist f\u00fcr uns nichts Neues. Aber die Frequenz dieser Angriffe nimmt immer mehr zu. Und auch dass Leute sich so leicht wegducken, wie der Chef von so einen Naturfreundehaus, dass der nur, weil irgendjemand eine eMail schreibt, sofort kapituliert und mit ausgestreckten Armen auf dem Boden liegt, sich ergibt und mitteilt: ist abgesagt, das hat nat\u00fcrlich wieder eine neue Qualit\u00e4t. Es wird garantiert nicht die letzte Stufe sein. Das sind eingespielte Mechanismen, die immer weiter in Gang gesetzt werden.<\/p>\n<p><strong>Als zumindest unseri\u00f6s k\u00f6nnte man es bezeichnen, dies erst eine Woche vor Veranstaltungsbeginn mitzuteilen. Das ist ein Aspekt. Ein weiterer ist, dass die Organisatorin Monique Broquard wie viele Freidenker langj\u00e4hriges Mitglied und Funktion\u00e4rin bei der Naturfreunde-Organisation ist. Wie ist es unter diesem Gesichtspunkt zu verstehen, dass man nicht h\u00e4tte miteinander reden m\u00fcssen?<\/strong><\/p>\n<p>Das ist genau das, was jeder normale Mensch erwarten w\u00fcrde. Das ist Ausdruck davon, dass die Leute, die uns da denunziert haben und unsere Veranstaltung damit &#8222;canceln&#8220; wollten \u2013 das ist ja mittlerweile ein gefl\u00fcgeltes Wort: &#8222;Cancel Culture&#8220; \u2013 das f\u00fcr einen wirkungsvollen \u00dcberraschungseffekt nicht langfristig in der \u00d6ffentlichkeit vorbereiten wollten&#8230;<\/p>\n<p><strong>Also doch unseri\u00f6s&#8230;<\/strong><\/p>\n<p>Ja, das ist eine feindselige Handlung. Seri\u00f6s ist da gar nichts. Aber erschreckend ist eben auch, dass ein Funktion\u00e4r der Naturfreunde, von dem dieser Angriff nicht ausgeht, dass der so schnell kapituliert und Gehorsam leistet&#8230; Das hat nat\u00fcrlich auch was damit zu tun, dass die Leute wissen, wie das ganze Thema &#8222;Querdenker&#8220; usw., wie das alles hochgekocht wurde von den Medien und dass es auch schon andere Beispiele gab, wo Leute im \u00fcbertragenen Sinne medial hingerichtet wurden. Es ist ja schon zu polizeilichen und juristischen Ma\u00dfnahmen gekommen, es sind im Prinzip Leute ins Exil getrieben worden. Und das wei\u00df man nat\u00fcrlich alles, und deswegen hat man da Angst und hat Angst, dass von solchen Provokateuren ein ganzer Verband praktisch zerlegt werden kann&#8230;<\/p>\n<p><strong>Mit &#8222;man&#8220; meinst Du die &#8222;Naturfreunde&#8220;?<\/strong><\/p>\n<p>Ich sage &#8222;man&#8220;, weil sich das verallgemeinern l\u00e4sst. Das erleben wir in vielen Bereichen, und ich denke, es betrifft viele Organisationen, und es betrifft gerade linke Organisationen.<\/p>\n<p><strong>Vor allem gesellschaftskritische&#8230;<\/strong><\/p>\n<p>Ich will hier von linken Organisationen reden, weil es da die besonders perfide Strategie gibt, bestimmte Positionen als mit einem linken Weltbild angeblich unvereinbar auszuschlie\u00dfen und zu diffamieren. Insofern ist das ein besonderes Problem der Linken. Ich wollte aber sagen, dass auf Grund dieser immer weiter entwickelten Mechanismen, die zu einer faktischen Unterdr\u00fcckung der freien Meinungs\u00e4u\u00dferung und der politischen Aktivit\u00e4t in diesem Land f\u00fchren, dass wir als Freidenker-Verband hier tats\u00e4chlich eine sehr gro\u00dfe Aufgabe vor uns haben, dem auf verschiedenen Ebenen entgegenzuwirken.<\/p>\n<p><strong>Jetzt hast Du gerade teilgenommen an einem Workshop beim Linken Liedersommer, dem neunten seiner Art, wo es darum ging, ein Protestlied zu verfassen und dabei den Gedanken des Denunziantentums zu thematisieren. Wie hast Du diesen Workshop empfunden? Ist der spontan aus der Situation heraus entstanden?<\/strong><\/p>\n<p>Dass der (deutsch-britische) Liedermacher Guy Dawson ein Seminar zum Verfassen von Protestliedern gibt, war geplant, und er hat den Themenverschlag Denunziantentum gebracht. Ich hab ihn nicht gefragt, aber es liegt sehr nahe, dass er das unter dem Eindruck der aktuellen Entwicklung gew\u00e4hlt hat.<\/p>\n<p><strong>Die Aufgabe der TeilnehmerInnen war, ein paar Textzeilen dazu zu verfassen, die Guy vertonen wird. Kannst Du einen Gedanken zu Deinem Beitrag wiedergeben?<\/strong><\/p>\n<p>Der zentrale Gedanke ist f\u00fcr mich: frei und selbst\u00e4ndig denken, das kann ja eigentlich jeder. Dazu hat jeder die Anlage. Das, was es praktisch so schwer macht, ist, wenn man Mut haben muss, unliebsame Gedanken auszusprechen und f\u00fcr ihre Richtigkeit einzutreten. Das Denken funktioniert erst mal ziemlich leicht, aber dann kann es passieren, dass man mit seinem Denken auf ein gef\u00e4hrliches Terrain gelangt \u2013 so der Grundgedanke, den ich aus dem Stehgreif aufgeschrieben habe.<\/p>\n<p><strong>Konsequenz aus der Geschichte: lassen die Freidenker sich jetzt das Denken verbieten?<\/strong><\/p>\n<p>Das w\u00e4re ja gleichbedeutend mit ihrer Aufl\u00f6sung. Das machen wir nat\u00fcrlich nicht. Und wir bleiben auch dabei, dass es f\u00fcr uns keine Rolle spielt, wer uns das Denken verbieten will, mit welchen Argumenten und als was er uns diffamiert, weil wir nicht so denken, wie er meint, dass wir denken m\u00fcssten. Also das bleibt f\u00fcr uns immer Programm. Und in Zeiten, in denen die Denkverbote zunehmen, muss auch unsere Aktivit\u00e4t dagegen zunehmen.<\/p>\n<p style=\"text-align: right;\"><em>Sebastian Bahlo ist Vorsitzender des Deutschen Freidenker-Verbandes<\/em><\/p>\n<hr \/>\n<h5>NRhZ-Fotogalerie vom Linken Liedersommer 2022<\/h5>\n<div class=\"tiled-gallery type-rectangular tiled-gallery-unresized\" data-original-width=\"800\" data-carousel-extra='{&quot;blog_id&quot;:1,&quot;permalink&quot;:&quot;https:\\\/\\\/www.freidenker.org\\\/?p=13498&quot;,&quot;likes_blog_id&quot;:139773280}' itemscope itemtype=\"http:\/\/schema.org\/ImageGallery\" > <div class=\"gallery-row\" style=\"width: 800px; height: 227px;\" data-original-width=\"800\" data-original-height=\"227\" > <div class=\"gallery-group images-1\" style=\"width: 400px; height: 227px;\" data-original-width=\"400\" data-original-height=\"227\" > <div class=\"tiled-gallery-item tiled-gallery-item-large\" itemprop=\"associatedMedia\" itemscope itemtype=\"http:\/\/schema.org\/ImageObject\"> <a href=\"https:\/\/www.freidenker.org\/?attachment_id=13499\" border=\"0\" itemprop=\"url\"> <meta itemprop=\"width\" content=\"396\"> <meta itemprop=\"height\" content=\"223\"> <img decoding=\"async\" class=\"\" data-attachment-id=\"13499\" data-orig-file=\"https:\/\/www.freidenker.org\/fw17\/wp-content\/uploads\/2022\/06\/01-2022-06-12-af-hu-170421.jpg\" data-orig-size=\"440,248\" data-comments-opened=\"\" data-image-meta=\"{&quot;aperture&quot;:&quot;2.2&quot;,&quot;credit&quot;:&quot;&quot;,&quot;camera&quot;:&quot;VOG-L29&quot;,&quot;caption&quot;:&quot;&quot;,&quot;created_timestamp&quot;:&quot;1655053463&quot;,&quot;copyright&quot;:&quot;&quot;,&quot;focal_length&quot;:&quot;2.35&quot;,&quot;iso&quot;:&quot;50&quot;,&quot;shutter_speed&quot;:&quot;0.003757&quot;,&quot;title&quot;:&quot;&quot;,&quot;orientation&quot;:&quot;0&quot;}\" data-image-title=\"01-2022-06-12-af-hu-170421\" data-image-description=\"\" data-medium-file=\"https:\/\/i0.wp.com\/www.freidenker.org\/fw17\/wp-content\/uploads\/2022\/06\/01-2022-06-12-af-hu-170421.jpg?fit=300%2C169&#038;ssl=1\" data-large-file=\"https:\/\/i0.wp.com\/www.freidenker.org\/fw17\/wp-content\/uploads\/2022\/06\/01-2022-06-12-af-hu-170421.jpg?fit=440%2C248&#038;ssl=1\" src=\"https:\/\/i0.wp.com\/www.freidenker.org\/fw17\/wp-content\/uploads\/2022\/06\/01-2022-06-12-af-hu-170421.jpg?w=396&#038;h=223&#038;ssl=1\" srcset=\"https:\/\/i0.wp.com\/www.freidenker.org\/fw17\/wp-content\/uploads\/2022\/06\/01-2022-06-12-af-hu-170421.jpg?w=440&amp;ssl=1 440w, https:\/\/i0.wp.com\/www.freidenker.org\/fw17\/wp-content\/uploads\/2022\/06\/01-2022-06-12-af-hu-170421.jpg?resize=300%2C169&amp;ssl=1 300w\" width=\"396\" height=\"223\" loading=\"lazy\" data-original-width=\"396\" data-original-height=\"223\" itemprop=\"http:\/\/schema.org\/image\" title=\"01-2022-06-12-af-hu-170421\" alt=\"Veranstaltungsort: \u201eHotel an der Therme\u201c, Bad Orb\" style=\"width: 396px; height: 223px;\" \/> <\/a> <div class=\"tiled-gallery-caption\" itemprop=\"caption description\"> Veranstaltungsort: \u201eHotel an der Therme\u201c, Bad Orb <\/div> <\/div> <\/div> <!-- close group --> <div class=\"gallery-group images-1\" style=\"width: 400px; height: 227px;\" data-original-width=\"400\" data-original-height=\"227\" > <div class=\"tiled-gallery-item tiled-gallery-item-large\" itemprop=\"associatedMedia\" itemscope itemtype=\"http:\/\/schema.org\/ImageObject\"> <a href=\"https:\/\/www.freidenker.org\/?attachment_id=13500\" border=\"0\" itemprop=\"url\"> <meta itemprop=\"width\" content=\"396\"> <meta itemprop=\"height\" content=\"223\"> <img decoding=\"async\" class=\"\" data-attachment-id=\"13500\" data-orig-file=\"https:\/\/www.freidenker.org\/fw17\/wp-content\/uploads\/2022\/06\/02-2022-06-11-af-kx-1370028.jpg\" data-orig-size=\"440,248\" data-comments-opened=\"\" data-image-meta=\"{&quot;aperture&quot;:&quot;1.8&quot;,&quot;credit&quot;:&quot;&quot;,&quot;camera&quot;:&quot;HC-V777&quot;,&quot;caption&quot;:&quot;&quot;,&quot;created_timestamp&quot;:&quot;1654941318&quot;,&quot;copyright&quot;:&quot;&quot;,&quot;focal_length&quot;:&quot;4.08&quot;,&quot;iso&quot;:&quot;0&quot;,&quot;shutter_speed&quot;:&quot;0.02&quot;,&quot;title&quot;:&quot;&quot;,&quot;orientation&quot;:&quot;1&quot;}\" data-image-title=\"02-2022-06-11-af-kx-1370028\" data-image-description=\"\" data-medium-file=\"https:\/\/i0.wp.com\/www.freidenker.org\/fw17\/wp-content\/uploads\/2022\/06\/02-2022-06-11-af-kx-1370028.jpg?fit=300%2C169&#038;ssl=1\" data-large-file=\"https:\/\/i0.wp.com\/www.freidenker.org\/fw17\/wp-content\/uploads\/2022\/06\/02-2022-06-11-af-kx-1370028.jpg?fit=440%2C248&#038;ssl=1\" src=\"https:\/\/i0.wp.com\/www.freidenker.org\/fw17\/wp-content\/uploads\/2022\/06\/02-2022-06-11-af-kx-1370028.jpg?w=396&#038;h=223&#038;ssl=1\" srcset=\"https:\/\/i0.wp.com\/www.freidenker.org\/fw17\/wp-content\/uploads\/2022\/06\/02-2022-06-11-af-kx-1370028.jpg?w=440&amp;ssl=1 440w, https:\/\/i0.wp.com\/www.freidenker.org\/fw17\/wp-content\/uploads\/2022\/06\/02-2022-06-11-af-kx-1370028.jpg?resize=300%2C169&amp;ssl=1 300w\" width=\"396\" height=\"223\" loading=\"lazy\" data-original-width=\"396\" data-original-height=\"223\" itemprop=\"http:\/\/schema.org\/image\" title=\"02-2022-06-11-af-kx-1370028\" alt=\"Workshop mit Operns\u00e4nger Dietmar Sander \u00fcber Freiheitslieder im Laufe der Jahrhunderte \u2013 von Verdis &quot;Gefangenenchor&quot; bis hin zu &quot;Danser encore&quot;, der Hymne der Grundrechte-Bewegung, f\u00fcr die er aktiv ist\" style=\"width: 396px; height: 223px;\" \/> <\/a> <div class=\"tiled-gallery-caption\" itemprop=\"caption description\"> Workshop mit Operns\u00e4nger Dietmar Sander \u00fcber Freiheitslieder im Laufe der Jahrhunderte \u2013 von Verdis &#8222;Gefangenenchor&#8220; bis hin zu &#8222;Danser encore&#8220;, der Hymne der Grundrechte-Bewegung, f\u00fcr die er aktiv ist <\/div> <\/div> <\/div> <!-- close group --> <\/div> <!-- close row --> <div class=\"gallery-row\" style=\"width: 800px; height: 165px;\" data-original-width=\"800\" data-original-height=\"165\" > <div class=\"gallery-group images-1\" style=\"width: 291px; height: 165px;\" data-original-width=\"291\" data-original-height=\"165\" > <div class=\"tiled-gallery-item tiled-gallery-item-large\" itemprop=\"associatedMedia\" itemscope itemtype=\"http:\/\/schema.org\/ImageObject\"> <a href=\"https:\/\/www.freidenker.org\/?attachment_id=13501\" border=\"0\" itemprop=\"url\"> <meta itemprop=\"width\" content=\"287\"> <meta itemprop=\"height\" content=\"161\"> <img decoding=\"async\" class=\"\" data-attachment-id=\"13501\" data-orig-file=\"https:\/\/www.freidenker.org\/fw17\/wp-content\/uploads\/2022\/06\/03-2022-06-11-af-kx-1370025.jpg\" data-orig-size=\"440,248\" data-comments-opened=\"\" data-image-meta=\"{&quot;aperture&quot;:&quot;3.6&quot;,&quot;credit&quot;:&quot;&quot;,&quot;camera&quot;:&quot;HC-V777&quot;,&quot;caption&quot;:&quot;&quot;,&quot;created_timestamp&quot;:&quot;1654940511&quot;,&quot;copyright&quot;:&quot;&quot;,&quot;focal_length&quot;:&quot;81.6&quot;,&quot;iso&quot;:&quot;0&quot;,&quot;shutter_speed&quot;:&quot;0.02&quot;,&quot;title&quot;:&quot;&quot;,&quot;orientation&quot;:&quot;1&quot;}\" data-image-title=\"03-2022-06-11-af-kx-1370025\" data-image-description=\"\" data-medium-file=\"https:\/\/i0.wp.com\/www.freidenker.org\/fw17\/wp-content\/uploads\/2022\/06\/03-2022-06-11-af-kx-1370025.jpg?fit=300%2C169&#038;ssl=1\" data-large-file=\"https:\/\/i0.wp.com\/www.freidenker.org\/fw17\/wp-content\/uploads\/2022\/06\/03-2022-06-11-af-kx-1370025.jpg?fit=440%2C248&#038;ssl=1\" src=\"https:\/\/i0.wp.com\/www.freidenker.org\/fw17\/wp-content\/uploads\/2022\/06\/03-2022-06-11-af-kx-1370025.jpg?w=287&#038;h=161&#038;ssl=1\" srcset=\"https:\/\/i0.wp.com\/www.freidenker.org\/fw17\/wp-content\/uploads\/2022\/06\/03-2022-06-11-af-kx-1370025.jpg?w=440&amp;ssl=1 440w, https:\/\/i0.wp.com\/www.freidenker.org\/fw17\/wp-content\/uploads\/2022\/06\/03-2022-06-11-af-kx-1370025.jpg?resize=300%2C169&amp;ssl=1 300w\" width=\"287\" height=\"161\" loading=\"lazy\" data-original-width=\"287\" data-original-height=\"161\" itemprop=\"http:\/\/schema.org\/image\" title=\"03-2022-06-11-af-kx-1370025\" alt=\"Workshop mit Dietmar Sander\" style=\"width: 287px; height: 161px;\" \/> <\/a> <div class=\"tiled-gallery-caption\" itemprop=\"caption description\"> Workshop mit Dietmar Sander <\/div> <\/div> <\/div> <!-- close group --> <div class=\"gallery-group images-1\" style=\"width: 219px; height: 165px;\" data-original-width=\"219\" data-original-height=\"165\" > <div class=\"tiled-gallery-item tiled-gallery-item-small\" itemprop=\"associatedMedia\" itemscope itemtype=\"http:\/\/schema.org\/ImageObject\"> <a href=\"https:\/\/www.freidenker.org\/?attachment_id=13502\" border=\"0\" itemprop=\"url\"> <meta itemprop=\"width\" content=\"215\"> <meta itemprop=\"height\" content=\"161\"> <img decoding=\"async\" class=\"\" data-attachment-id=\"13502\" data-orig-file=\"https:\/\/www.freidenker.org\/fw17\/wp-content\/uploads\/2022\/06\/04-2022-06-11-1-10759.jpg\" data-orig-size=\"440,330\" data-comments-opened=\"\" data-image-meta=\"{&quot;aperture&quot;:&quot;3.6&quot;,&quot;credit&quot;:&quot;&quot;,&quot;camera&quot;:&quot;DMC-FZ50&quot;,&quot;caption&quot;:&quot;&quot;,&quot;created_timestamp&quot;:&quot;1654941279&quot;,&quot;copyright&quot;:&quot;&quot;,&quot;focal_length&quot;:&quot;23.9&quot;,&quot;iso&quot;:&quot;800&quot;,&quot;shutter_speed&quot;:&quot;0.1&quot;,&quot;title&quot;:&quot;&quot;,&quot;orientation&quot;:&quot;1&quot;}\" data-image-title=\"04-2022-06-11-1-10759\" data-image-description=\"\" data-medium-file=\"https:\/\/i0.wp.com\/www.freidenker.org\/fw17\/wp-content\/uploads\/2022\/06\/04-2022-06-11-1-10759.jpg?fit=300%2C225&#038;ssl=1\" data-large-file=\"https:\/\/i0.wp.com\/www.freidenker.org\/fw17\/wp-content\/uploads\/2022\/06\/04-2022-06-11-1-10759.jpg?fit=440%2C330&#038;ssl=1\" src=\"https:\/\/i0.wp.com\/www.freidenker.org\/fw17\/wp-content\/uploads\/2022\/06\/04-2022-06-11-1-10759.jpg?w=215&#038;h=161&#038;ssl=1\" srcset=\"https:\/\/i0.wp.com\/www.freidenker.org\/fw17\/wp-content\/uploads\/2022\/06\/04-2022-06-11-1-10759.jpg?w=440&amp;ssl=1 440w, https:\/\/i0.wp.com\/www.freidenker.org\/fw17\/wp-content\/uploads\/2022\/06\/04-2022-06-11-1-10759.jpg?resize=300%2C225&amp;ssl=1 300w\" width=\"215\" height=\"161\" loading=\"lazy\" data-original-width=\"215\" data-original-height=\"161\" itemprop=\"http:\/\/schema.org\/image\" title=\"04-2022-06-11-1-10759\" alt=\"Workshop mit Dietmar Sander\" style=\"width: 215px; height: 161px;\" \/> <\/a> <div class=\"tiled-gallery-caption\" itemprop=\"caption description\"> Workshop mit Dietmar Sander <\/div> <\/div> <\/div> <!-- close group --> <div class=\"gallery-group images-1\" style=\"width: 290px; height: 165px;\" data-original-width=\"290\" data-original-height=\"165\" > <div class=\"tiled-gallery-item tiled-gallery-item-large\" itemprop=\"associatedMedia\" itemscope itemtype=\"http:\/\/schema.org\/ImageObject\"> <a href=\"https:\/\/www.freidenker.org\/?attachment_id=13503\" border=\"0\" itemprop=\"url\"> <meta itemprop=\"width\" content=\"286\"> <meta itemprop=\"height\" content=\"161\"> <img decoding=\"async\" class=\"\" data-attachment-id=\"13503\" data-orig-file=\"https:\/\/www.freidenker.org\/fw17\/wp-content\/uploads\/2022\/06\/05-2022-06-11-af-kx-1370049.jpg\" data-orig-size=\"440,248\" data-comments-opened=\"\" data-image-meta=\"{&quot;aperture&quot;:&quot;3.6&quot;,&quot;credit&quot;:&quot;&quot;,&quot;camera&quot;:&quot;HC-V777&quot;,&quot;caption&quot;:&quot;&quot;,&quot;created_timestamp&quot;:&quot;1654943629&quot;,&quot;copyright&quot;:&quot;&quot;,&quot;focal_length&quot;:&quot;75.09&quot;,&quot;iso&quot;:&quot;0&quot;,&quot;shutter_speed&quot;:&quot;0.02&quot;,&quot;title&quot;:&quot;&quot;,&quot;orientation&quot;:&quot;1&quot;}\" data-image-title=\"05-2022-06-11-af-kx-1370049\" data-image-description=\"\" data-medium-file=\"https:\/\/i0.wp.com\/www.freidenker.org\/fw17\/wp-content\/uploads\/2022\/06\/05-2022-06-11-af-kx-1370049.jpg?fit=300%2C169&#038;ssl=1\" data-large-file=\"https:\/\/i0.wp.com\/www.freidenker.org\/fw17\/wp-content\/uploads\/2022\/06\/05-2022-06-11-af-kx-1370049.jpg?fit=440%2C248&#038;ssl=1\" src=\"https:\/\/i0.wp.com\/www.freidenker.org\/fw17\/wp-content\/uploads\/2022\/06\/05-2022-06-11-af-kx-1370049.jpg?w=286&#038;h=161&#038;ssl=1\" srcset=\"https:\/\/i0.wp.com\/www.freidenker.org\/fw17\/wp-content\/uploads\/2022\/06\/05-2022-06-11-af-kx-1370049.jpg?w=440&amp;ssl=1 440w, https:\/\/i0.wp.com\/www.freidenker.org\/fw17\/wp-content\/uploads\/2022\/06\/05-2022-06-11-af-kx-1370049.jpg?resize=300%2C169&amp;ssl=1 300w\" width=\"286\" height=\"161\" loading=\"lazy\" data-original-width=\"286\" data-original-height=\"161\" itemprop=\"http:\/\/schema.org\/image\" title=\"05-2022-06-11-af-kx-1370049\" alt=\"Workshop \u201eFreiheit in 2022\u201c mit Guy Dawson, aktiv u.a. in der Grundrechte- und Free-Assange-Bewegung \u2013 ein Liedtext zum Thema Denunziation entsteht\" style=\"width: 286px; height: 161px;\" \/> <\/a> <div class=\"tiled-gallery-caption\" itemprop=\"caption description\"> Workshop \u201eFreiheit in 2022\u201c mit Guy Dawson, aktiv u.a. in der Grundrechte- und Free-Assange-Bewegung \u2013 ein Liedtext zum Thema Denunziation entsteht <\/div> <\/div> <\/div> <!-- close group --> <\/div> <!-- close row --> <div class=\"gallery-row\" style=\"width: 800px; height: 354px;\" data-original-width=\"800\" data-original-height=\"354\" > <div class=\"gallery-group images-2\" style=\"width: 267px; height: 354px;\" data-original-width=\"267\" data-original-height=\"354\" > <div class=\"tiled-gallery-item tiled-gallery-item-large\" itemprop=\"associatedMedia\" itemscope itemtype=\"http:\/\/schema.org\/ImageObject\"> <a href=\"https:\/\/www.freidenker.org\/?attachment_id=13504\" border=\"0\" itemprop=\"url\"> <meta itemprop=\"width\" content=\"263\"> <meta itemprop=\"height\" content=\"198\"> <img decoding=\"async\" class=\"\" data-attachment-id=\"13504\" data-orig-file=\"https:\/\/www.freidenker.org\/fw17\/wp-content\/uploads\/2022\/06\/06-2022-06-11-1-10783.jpg\" data-orig-size=\"440,330\" data-comments-opened=\"\" data-image-meta=\"{&quot;aperture&quot;:&quot;3.2&quot;,&quot;credit&quot;:&quot;&quot;,&quot;camera&quot;:&quot;DMC-FZ50&quot;,&quot;caption&quot;:&quot;&quot;,&quot;created_timestamp&quot;:&quot;1654942702&quot;,&quot;copyright&quot;:&quot;&quot;,&quot;focal_length&quot;:&quot;11.8&quot;,&quot;iso&quot;:&quot;200&quot;,&quot;shutter_speed&quot;:&quot;0.04&quot;,&quot;title&quot;:&quot;&quot;,&quot;orientation&quot;:&quot;1&quot;}\" data-image-title=\"06-2022-06-11-1-10783\" data-image-description=\"\" data-medium-file=\"https:\/\/i0.wp.com\/www.freidenker.org\/fw17\/wp-content\/uploads\/2022\/06\/06-2022-06-11-1-10783.jpg?fit=300%2C225&#038;ssl=1\" data-large-file=\"https:\/\/i0.wp.com\/www.freidenker.org\/fw17\/wp-content\/uploads\/2022\/06\/06-2022-06-11-1-10783.jpg?fit=440%2C330&#038;ssl=1\" src=\"https:\/\/i0.wp.com\/www.freidenker.org\/fw17\/wp-content\/uploads\/2022\/06\/06-2022-06-11-1-10783.jpg?w=263&#038;h=198&#038;ssl=1\" srcset=\"https:\/\/i0.wp.com\/www.freidenker.org\/fw17\/wp-content\/uploads\/2022\/06\/06-2022-06-11-1-10783.jpg?w=440&amp;ssl=1 440w, https:\/\/i0.wp.com\/www.freidenker.org\/fw17\/wp-content\/uploads\/2022\/06\/06-2022-06-11-1-10783.jpg?resize=300%2C225&amp;ssl=1 300w\" width=\"263\" height=\"198\" loading=\"lazy\" data-original-width=\"263\" data-original-height=\"198\" itemprop=\"http:\/\/schema.org\/image\" title=\"06-2022-06-11-1-10783\" alt=\"Workshop \u201eFrauen in Afghanistan \u2013 Poesie als Widerstand\u201c mit Daniel Osorio\" style=\"width: 263px; height: 198px;\" \/> <\/a> <div class=\"tiled-gallery-caption\" itemprop=\"caption description\"> Workshop \u201eFrauen in Afghanistan \u2013 Poesie als Widerstand\u201c mit Daniel Osorio <\/div> <\/div> <div class=\"tiled-gallery-item tiled-gallery-item-large\" itemprop=\"associatedMedia\" itemscope itemtype=\"http:\/\/schema.org\/ImageObject\"> <a href=\"https:\/\/www.freidenker.org\/?attachment_id=13505\" border=\"0\" itemprop=\"url\"> <meta itemprop=\"width\" content=\"263\"> <meta itemprop=\"height\" content=\"148\"> <img decoding=\"async\" class=\"\" data-attachment-id=\"13505\" data-orig-file=\"https:\/\/www.freidenker.org\/fw17\/wp-content\/uploads\/2022\/06\/07-2022-06-11-af-kx-1370074.jpg\" data-orig-size=\"440,248\" data-comments-opened=\"\" data-image-meta=\"{&quot;aperture&quot;:&quot;2.8&quot;,&quot;credit&quot;:&quot;&quot;,&quot;camera&quot;:&quot;HC-V777&quot;,&quot;caption&quot;:&quot;&quot;,&quot;created_timestamp&quot;:&quot;1654956681&quot;,&quot;copyright&quot;:&quot;&quot;,&quot;focal_length&quot;:&quot;23.13&quot;,&quot;iso&quot;:&quot;0&quot;,&quot;shutter_speed&quot;:&quot;0.02&quot;,&quot;title&quot;:&quot;&quot;,&quot;orientation&quot;:&quot;1&quot;}\" data-image-title=\"07-2022-06-11-af-kx-1370074\" data-image-description=\"\" data-medium-file=\"https:\/\/i0.wp.com\/www.freidenker.org\/fw17\/wp-content\/uploads\/2022\/06\/07-2022-06-11-af-kx-1370074.jpg?fit=300%2C169&#038;ssl=1\" data-large-file=\"https:\/\/i0.wp.com\/www.freidenker.org\/fw17\/wp-content\/uploads\/2022\/06\/07-2022-06-11-af-kx-1370074.jpg?fit=440%2C248&#038;ssl=1\" src=\"https:\/\/i0.wp.com\/www.freidenker.org\/fw17\/wp-content\/uploads\/2022\/06\/07-2022-06-11-af-kx-1370074.jpg?w=263&#038;h=148&#038;ssl=1\" srcset=\"https:\/\/i0.wp.com\/www.freidenker.org\/fw17\/wp-content\/uploads\/2022\/06\/07-2022-06-11-af-kx-1370074.jpg?w=440&amp;ssl=1 440w, https:\/\/i0.wp.com\/www.freidenker.org\/fw17\/wp-content\/uploads\/2022\/06\/07-2022-06-11-af-kx-1370074.jpg?resize=300%2C169&amp;ssl=1 300w\" width=\"263\" height=\"148\" loading=\"lazy\" data-original-width=\"263\" data-original-height=\"148\" itemprop=\"http:\/\/schema.org\/image\" title=\"07-2022-06-11-af-kx-1370074\" alt=\"Workshop \u201eTransformationen von Liedern\u2026 die nicht einfach nur Folklore sind, sondern auch von einem Klassenbewusstsein zeugen\u201c mit Reinhard Frankl\" style=\"width: 263px; height: 148px;\" \/> <\/a> <div class=\"tiled-gallery-caption\" itemprop=\"caption description\"> Workshop \u201eTransformationen von Liedern\u2026 die nicht einfach nur Folklore sind, sondern auch von einem Klassenbewusstsein zeugen\u201c mit Reinhard Frankl <\/div> <\/div> <\/div> <!-- close group --> <div class=\"gallery-group images-1\" style=\"width: 266px; height: 354px;\" data-original-width=\"266\" data-original-height=\"354\" > <div class=\"tiled-gallery-item tiled-gallery-item-large\" itemprop=\"associatedMedia\" itemscope itemtype=\"http:\/\/schema.org\/ImageObject\"> <a href=\"https:\/\/www.freidenker.org\/?attachment_id=13506\" border=\"0\" itemprop=\"url\"> <meta itemprop=\"width\" content=\"262\"> <meta itemprop=\"height\" content=\"350\"> <img decoding=\"async\" class=\"\" data-attachment-id=\"13506\" data-orig-file=\"https:\/\/www.freidenker.org\/fw17\/wp-content\/uploads\/2022\/06\/08-2022-06-11-1-108581.jpg\" data-orig-size=\"440,587\" data-comments-opened=\"\" data-image-meta=\"{&quot;aperture&quot;:&quot;0&quot;,&quot;credit&quot;:&quot;&quot;,&quot;camera&quot;:&quot;&quot;,&quot;caption&quot;:&quot;&quot;,&quot;created_timestamp&quot;:&quot;0&quot;,&quot;copyright&quot;:&quot;&quot;,&quot;focal_length&quot;:&quot;0&quot;,&quot;iso&quot;:&quot;0&quot;,&quot;shutter_speed&quot;:&quot;0&quot;,&quot;title&quot;:&quot;&quot;,&quot;orientation&quot;:&quot;0&quot;}\" data-image-title=\"08-2022-06-11-1-10858(1)\" data-image-description=\"&lt;p&gt;Workshop \u201eWegwarte\u201c mit Hartmut Barth-Engelbart&lt;\/p&gt; \" data-medium-file=\"https:\/\/i0.wp.com\/www.freidenker.org\/fw17\/wp-content\/uploads\/2022\/06\/08-2022-06-11-1-108581.jpg?fit=225%2C300&#038;ssl=1\" data-large-file=\"https:\/\/i0.wp.com\/www.freidenker.org\/fw17\/wp-content\/uploads\/2022\/06\/08-2022-06-11-1-108581.jpg?fit=440%2C587&#038;ssl=1\" src=\"https:\/\/i0.wp.com\/www.freidenker.org\/fw17\/wp-content\/uploads\/2022\/06\/08-2022-06-11-1-108581.jpg?w=262&#038;h=350&#038;ssl=1\" srcset=\"https:\/\/i0.wp.com\/www.freidenker.org\/fw17\/wp-content\/uploads\/2022\/06\/08-2022-06-11-1-108581.jpg?w=440&amp;ssl=1 440w, https:\/\/i0.wp.com\/www.freidenker.org\/fw17\/wp-content\/uploads\/2022\/06\/08-2022-06-11-1-108581.jpg?resize=225%2C300&amp;ssl=1 225w\" width=\"262\" height=\"350\" loading=\"lazy\" data-original-width=\"262\" data-original-height=\"350\" itemprop=\"http:\/\/schema.org\/image\" title=\"08-2022-06-11-1-10858(1)\" alt=\"Workshop \u201eIn memoriam Christian Kr\u00e4hling\u201c mit Ernesto Schwarz\" style=\"width: 262px; height: 350px;\" \/> <\/a> <div class=\"tiled-gallery-caption\" itemprop=\"caption description\"> Workshop \u201eIn memoriam Christian Kr\u00e4hling\u201c mit Ernesto Schwarz <\/div> <\/div> <\/div> <!-- close group --> <div class=\"gallery-group images-2\" style=\"width: 267px; height: 354px;\" data-original-width=\"267\" data-original-height=\"354\" > <div class=\"tiled-gallery-item tiled-gallery-item-large\" itemprop=\"associatedMedia\" itemscope itemtype=\"http:\/\/schema.org\/ImageObject\"> <a href=\"https:\/\/www.freidenker.org\/?attachment_id=13507\" border=\"0\" itemprop=\"url\"> <meta itemprop=\"width\" content=\"263\"> <meta itemprop=\"height\" content=\"148\"> <img decoding=\"async\" class=\"\" data-attachment-id=\"13507\" data-orig-file=\"https:\/\/www.freidenker.org\/fw17\/wp-content\/uploads\/2022\/06\/09-2022-06-11-af-kx-1370107.jpg\" data-orig-size=\"440,248\" data-comments-opened=\"\" data-image-meta=\"{&quot;aperture&quot;:&quot;2.8&quot;,&quot;credit&quot;:&quot;&quot;,&quot;camera&quot;:&quot;HC-V777&quot;,&quot;caption&quot;:&quot;&quot;,&quot;created_timestamp&quot;:&quot;1654960669&quot;,&quot;copyright&quot;:&quot;&quot;,&quot;focal_length&quot;:&quot;21.04&quot;,&quot;iso&quot;:&quot;0&quot;,&quot;shutter_speed&quot;:&quot;0.02&quot;,&quot;title&quot;:&quot;&quot;,&quot;orientation&quot;:&quot;1&quot;}\" data-image-title=\"09-2022-06-11-af-kx-1370107\" data-image-description=\"\" data-medium-file=\"https:\/\/i0.wp.com\/www.freidenker.org\/fw17\/wp-content\/uploads\/2022\/06\/09-2022-06-11-af-kx-1370107.jpg?fit=300%2C169&#038;ssl=1\" data-large-file=\"https:\/\/i0.wp.com\/www.freidenker.org\/fw17\/wp-content\/uploads\/2022\/06\/09-2022-06-11-af-kx-1370107.jpg?fit=440%2C248&#038;ssl=1\" src=\"https:\/\/i0.wp.com\/www.freidenker.org\/fw17\/wp-content\/uploads\/2022\/06\/09-2022-06-11-af-kx-1370107.jpg?w=263&#038;h=148&#038;ssl=1\" srcset=\"https:\/\/i0.wp.com\/www.freidenker.org\/fw17\/wp-content\/uploads\/2022\/06\/09-2022-06-11-af-kx-1370107.jpg?w=440&amp;ssl=1 440w, https:\/\/i0.wp.com\/www.freidenker.org\/fw17\/wp-content\/uploads\/2022\/06\/09-2022-06-11-af-kx-1370107.jpg?resize=300%2C169&amp;ssl=1 300w\" width=\"263\" height=\"148\" loading=\"lazy\" data-original-width=\"263\" data-original-height=\"148\" itemprop=\"http:\/\/schema.org\/image\" title=\"09-2022-06-11-af-kx-1370107\" alt=\"Workshop \u201eWegwarte\u201c mit Hartmut Barth-Engelbart\" style=\"width: 263px; height: 148px;\" \/> <\/a> <div class=\"tiled-gallery-caption\" itemprop=\"caption description\"> Workshop \u201eWegwarte\u201c mit Hartmut Barth-Engelbart <\/div> <\/div> <div class=\"tiled-gallery-item tiled-gallery-item-large\" itemprop=\"associatedMedia\" itemscope itemtype=\"http:\/\/schema.org\/ImageObject\"> <a href=\"https:\/\/www.freidenker.org\/?attachment_id=13508\" border=\"0\" itemprop=\"url\"> <meta itemprop=\"width\" content=\"263\"> <meta itemprop=\"height\" content=\"198\"> <img decoding=\"async\" class=\"\" data-attachment-id=\"13508\" data-orig-file=\"https:\/\/www.freidenker.org\/fw17\/wp-content\/uploads\/2022\/06\/10-2022-06-11-1-10886.jpg\" data-orig-size=\"440,330\" data-comments-opened=\"\" data-image-meta=\"{&quot;aperture&quot;:&quot;3.6&quot;,&quot;credit&quot;:&quot;&quot;,&quot;camera&quot;:&quot;DMC-FZ50&quot;,&quot;caption&quot;:&quot;&quot;,&quot;created_timestamp&quot;:&quot;1654956782&quot;,&quot;copyright&quot;:&quot;&quot;,&quot;focal_length&quot;:&quot;27.3&quot;,&quot;iso&quot;:&quot;400&quot;,&quot;shutter_speed&quot;:&quot;0.033333333333333&quot;,&quot;title&quot;:&quot;&quot;,&quot;orientation&quot;:&quot;1&quot;}\" data-image-title=\"10-2022-06-11-1-10886\" data-image-description=\"\" data-medium-file=\"https:\/\/i0.wp.com\/www.freidenker.org\/fw17\/wp-content\/uploads\/2022\/06\/10-2022-06-11-1-10886.jpg?fit=300%2C225&#038;ssl=1\" data-large-file=\"https:\/\/i0.wp.com\/www.freidenker.org\/fw17\/wp-content\/uploads\/2022\/06\/10-2022-06-11-1-10886.jpg?fit=440%2C330&#038;ssl=1\" src=\"https:\/\/i0.wp.com\/www.freidenker.org\/fw17\/wp-content\/uploads\/2022\/06\/10-2022-06-11-1-10886.jpg?w=263&#038;h=198&#038;ssl=1\" srcset=\"https:\/\/i0.wp.com\/www.freidenker.org\/fw17\/wp-content\/uploads\/2022\/06\/10-2022-06-11-1-10886.jpg?w=440&amp;ssl=1 440w, https:\/\/i0.wp.com\/www.freidenker.org\/fw17\/wp-content\/uploads\/2022\/06\/10-2022-06-11-1-10886.jpg?resize=300%2C225&amp;ssl=1 300w\" width=\"263\" height=\"198\" loading=\"lazy\" data-original-width=\"263\" data-original-height=\"198\" itemprop=\"http:\/\/schema.org\/image\" title=\"10-2022-06-11-1-10886\" alt=\"Workshop \u201eSpottlieder auf das Baerbock\/Lauterbach-Regime\u201c mit Diether Dehm und Michael Letz\" style=\"width: 263px; height: 198px;\" \/> <\/a> <div class=\"tiled-gallery-caption\" itemprop=\"caption description\"> Workshop \u201eSpottlieder auf das Baerbock\/Lauterbach-Regime\u201c mit Diether Dehm und Michael Letz <\/div> <\/div> <\/div> <!-- close group --> <\/div> <!-- close row --> <div class=\"gallery-row\" style=\"width: 800px; height: 530px;\" data-original-width=\"800\" data-original-height=\"530\" > <div class=\"gallery-group images-2\" style=\"width: 402px; height: 530px;\" data-original-width=\"402\" data-original-height=\"530\" > <div class=\"tiled-gallery-item tiled-gallery-item-large\" itemprop=\"associatedMedia\" itemscope itemtype=\"http:\/\/schema.org\/ImageObject\"> <a href=\"https:\/\/www.freidenker.org\/?attachment_id=13509\" border=\"0\" itemprop=\"url\"> <meta itemprop=\"width\" content=\"398\"> <meta itemprop=\"height\" content=\"224\"> <img decoding=\"async\" class=\"\" data-attachment-id=\"13509\" data-orig-file=\"https:\/\/www.freidenker.org\/fw17\/wp-content\/uploads\/2022\/06\/11-2022-06-11-af-kx-1370078.jpg\" data-orig-size=\"440,248\" data-comments-opened=\"\" data-image-meta=\"{&quot;aperture&quot;:&quot;3.6&quot;,&quot;credit&quot;:&quot;&quot;,&quot;camera&quot;:&quot;HC-V777&quot;,&quot;caption&quot;:&quot;&quot;,&quot;created_timestamp&quot;:&quot;1654957700&quot;,&quot;copyright&quot;:&quot;&quot;,&quot;focal_length&quot;:&quot;81.6&quot;,&quot;iso&quot;:&quot;0&quot;,&quot;shutter_speed&quot;:&quot;0.02&quot;,&quot;title&quot;:&quot;&quot;,&quot;orientation&quot;:&quot;1&quot;}\" data-image-title=\"11-2022-06-11-af-kx-1370078\" data-image-description=\"\" data-medium-file=\"https:\/\/i0.wp.com\/www.freidenker.org\/fw17\/wp-content\/uploads\/2022\/06\/11-2022-06-11-af-kx-1370078.jpg?fit=300%2C169&#038;ssl=1\" data-large-file=\"https:\/\/i0.wp.com\/www.freidenker.org\/fw17\/wp-content\/uploads\/2022\/06\/11-2022-06-11-af-kx-1370078.jpg?fit=440%2C248&#038;ssl=1\" src=\"https:\/\/i0.wp.com\/www.freidenker.org\/fw17\/wp-content\/uploads\/2022\/06\/11-2022-06-11-af-kx-1370078.jpg?w=398&#038;h=224&#038;ssl=1\" srcset=\"https:\/\/i0.wp.com\/www.freidenker.org\/fw17\/wp-content\/uploads\/2022\/06\/11-2022-06-11-af-kx-1370078.jpg?w=440&amp;ssl=1 440w, https:\/\/i0.wp.com\/www.freidenker.org\/fw17\/wp-content\/uploads\/2022\/06\/11-2022-06-11-af-kx-1370078.jpg?resize=300%2C169&amp;ssl=1 300w\" width=\"398\" height=\"224\" loading=\"lazy\" data-original-width=\"398\" data-original-height=\"224\" itemprop=\"http:\/\/schema.org\/image\" title=\"11-2022-06-11-af-kx-1370078\" alt=\"Workshop \u201eSpottlieder auf das Baerbock\/Lauterbach-Regime\u201c mit Diether Dehm (Ex MdB Die Linke) und Michael Letz\" style=\"width: 398px; height: 224px;\" \/> <\/a> <div class=\"tiled-gallery-caption\" itemprop=\"caption description\"> Workshop \u201eSpottlieder auf das Baerbock\/Lauterbach-Regime\u201c mit Diether Dehm (Ex MdB Die Linke) und Michael Letz <\/div> <\/div> <div class=\"tiled-gallery-item tiled-gallery-item-large\" itemprop=\"associatedMedia\" itemscope itemtype=\"http:\/\/schema.org\/ImageObject\"> <a href=\"https:\/\/www.freidenker.org\/?attachment_id=13510\" border=\"0\" itemprop=\"url\"> <meta itemprop=\"width\" content=\"398\"> <meta itemprop=\"height\" content=\"298\"> <img decoding=\"async\" class=\"\" data-attachment-id=\"13510\" data-orig-file=\"https:\/\/www.freidenker.org\/fw17\/wp-content\/uploads\/2022\/06\/12-2022-06-11-1-10865.jpg\" data-orig-size=\"440,330\" data-comments-opened=\"\" data-image-meta=\"{&quot;aperture&quot;:&quot;3.2&quot;,&quot;credit&quot;:&quot;&quot;,&quot;camera&quot;:&quot;DMC-FZ50&quot;,&quot;caption&quot;:&quot;&quot;,&quot;created_timestamp&quot;:&quot;1654955836&quot;,&quot;copyright&quot;:&quot;&quot;,&quot;focal_length&quot;:&quot;9.7&quot;,&quot;iso&quot;:&quot;200&quot;,&quot;shutter_speed&quot;:&quot;0.05&quot;,&quot;title&quot;:&quot;&quot;,&quot;orientation&quot;:&quot;1&quot;}\" data-image-title=\"12-2022-06-11-1-10865\" data-image-description=\"\" data-medium-file=\"https:\/\/i0.wp.com\/www.freidenker.org\/fw17\/wp-content\/uploads\/2022\/06\/12-2022-06-11-1-10865.jpg?fit=300%2C225&#038;ssl=1\" data-large-file=\"https:\/\/i0.wp.com\/www.freidenker.org\/fw17\/wp-content\/uploads\/2022\/06\/12-2022-06-11-1-10865.jpg?fit=440%2C330&#038;ssl=1\" src=\"https:\/\/i0.wp.com\/www.freidenker.org\/fw17\/wp-content\/uploads\/2022\/06\/12-2022-06-11-1-10865.jpg?w=398&#038;h=298&#038;ssl=1\" srcset=\"https:\/\/i0.wp.com\/www.freidenker.org\/fw17\/wp-content\/uploads\/2022\/06\/12-2022-06-11-1-10865.jpg?w=440&amp;ssl=1 440w, https:\/\/i0.wp.com\/www.freidenker.org\/fw17\/wp-content\/uploads\/2022\/06\/12-2022-06-11-1-10865.jpg?resize=300%2C225&amp;ssl=1 300w\" width=\"398\" height=\"298\" loading=\"lazy\" data-original-width=\"398\" data-original-height=\"298\" itemprop=\"http:\/\/schema.org\/image\" title=\"12-2022-06-11-1-10865\" alt=\"Bei den Workshops\" style=\"width: 398px; height: 298px;\" \/> <\/a> <div class=\"tiled-gallery-caption\" itemprop=\"caption description\"> Bei den Workshops <\/div> <\/div> <\/div> <!-- close group --> <div class=\"gallery-group images-1\" style=\"width: 398px; height: 530px;\" data-original-width=\"398\" data-original-height=\"530\" > <div class=\"tiled-gallery-item tiled-gallery-item-large\" itemprop=\"associatedMedia\" itemscope itemtype=\"http:\/\/schema.org\/ImageObject\"> <a href=\"https:\/\/www.freidenker.org\/?attachment_id=13511\" border=\"0\" itemprop=\"url\"> <meta itemprop=\"width\" content=\"394\"> <meta itemprop=\"height\" content=\"526\"> <img decoding=\"async\" class=\"\" data-attachment-id=\"13511\" data-orig-file=\"https:\/\/www.freidenker.org\/fw17\/wp-content\/uploads\/2022\/06\/13-2022-06-11-1-109061.jpg\" data-orig-size=\"440,587\" data-comments-opened=\"\" data-image-meta=\"{&quot;aperture&quot;:&quot;0&quot;,&quot;credit&quot;:&quot;&quot;,&quot;camera&quot;:&quot;&quot;,&quot;caption&quot;:&quot;&quot;,&quot;created_timestamp&quot;:&quot;0&quot;,&quot;copyright&quot;:&quot;&quot;,&quot;focal_length&quot;:&quot;0&quot;,&quot;iso&quot;:&quot;0&quot;,&quot;shutter_speed&quot;:&quot;0&quot;,&quot;title&quot;:&quot;&quot;,&quot;orientation&quot;:&quot;0&quot;}\" data-image-title=\"13-2022-06-11-1-10906(1)\" data-image-description=\"\" data-medium-file=\"https:\/\/i0.wp.com\/www.freidenker.org\/fw17\/wp-content\/uploads\/2022\/06\/13-2022-06-11-1-109061.jpg?fit=225%2C300&#038;ssl=1\" data-large-file=\"https:\/\/i0.wp.com\/www.freidenker.org\/fw17\/wp-content\/uploads\/2022\/06\/13-2022-06-11-1-109061.jpg?fit=440%2C587&#038;ssl=1\" src=\"https:\/\/i0.wp.com\/www.freidenker.org\/fw17\/wp-content\/uploads\/2022\/06\/13-2022-06-11-1-109061.jpg?w=394&#038;h=526&#038;ssl=1\" srcset=\"https:\/\/i0.wp.com\/www.freidenker.org\/fw17\/wp-content\/uploads\/2022\/06\/13-2022-06-11-1-109061.jpg?w=440&amp;ssl=1 440w, https:\/\/i0.wp.com\/www.freidenker.org\/fw17\/wp-content\/uploads\/2022\/06\/13-2022-06-11-1-109061.jpg?resize=225%2C300&amp;ssl=1 225w\" width=\"394\" height=\"526\" loading=\"lazy\" data-original-width=\"394\" data-original-height=\"526\" itemprop=\"http:\/\/schema.org\/image\" title=\"13-2022-06-11-1-10906(1)\" alt=\"Bei den Workshops\" style=\"width: 394px; height: 526px;\" \/> <\/a> <div class=\"tiled-gallery-caption\" itemprop=\"caption description\"> Bei den Workshops <\/div> <\/div> <\/div> <!-- close group --> <\/div> <!-- close row --> <div class=\"gallery-row\" style=\"width: 800px; height: 259px;\" data-original-width=\"800\" data-original-height=\"259\" > <div class=\"gallery-group images-1\" style=\"width: 456px; height: 259px;\" data-original-width=\"456\" data-original-height=\"259\" > <div class=\"tiled-gallery-item tiled-gallery-item-large\" itemprop=\"associatedMedia\" itemscope itemtype=\"http:\/\/schema.org\/ImageObject\"> <a href=\"https:\/\/www.freidenker.org\/?attachment_id=13512\" border=\"0\" itemprop=\"url\"> <meta itemprop=\"width\" content=\"452\"> <meta itemprop=\"height\" content=\"255\"> <img decoding=\"async\" class=\"\" data-attachment-id=\"13512\" data-orig-file=\"https:\/\/www.freidenker.org\/fw17\/wp-content\/uploads\/2022\/06\/14-2022-06-11-af-k2-2410009.jpg\" data-orig-size=\"440,248\" data-comments-opened=\"\" data-image-meta=\"{&quot;aperture&quot;:&quot;1.8&quot;,&quot;credit&quot;:&quot;&quot;,&quot;camera&quot;:&quot;HC-V777&quot;,&quot;caption&quot;:&quot;&quot;,&quot;created_timestamp&quot;:&quot;1654976762&quot;,&quot;copyright&quot;:&quot;&quot;,&quot;focal_length&quot;:&quot;4.08&quot;,&quot;iso&quot;:&quot;0&quot;,&quot;shutter_speed&quot;:&quot;0.02&quot;,&quot;title&quot;:&quot;&quot;,&quot;orientation&quot;:&quot;1&quot;}\" data-image-title=\"14-2022-06-11-af-k2-2410009\" data-image-description=\"\" data-medium-file=\"https:\/\/i0.wp.com\/www.freidenker.org\/fw17\/wp-content\/uploads\/2022\/06\/14-2022-06-11-af-k2-2410009.jpg?fit=300%2C169&#038;ssl=1\" data-large-file=\"https:\/\/i0.wp.com\/www.freidenker.org\/fw17\/wp-content\/uploads\/2022\/06\/14-2022-06-11-af-k2-2410009.jpg?fit=440%2C248&#038;ssl=1\" src=\"https:\/\/i0.wp.com\/www.freidenker.org\/fw17\/wp-content\/uploads\/2022\/06\/14-2022-06-11-af-k2-2410009.jpg?w=452&#038;h=255&#038;ssl=1\" srcset=\"https:\/\/i0.wp.com\/www.freidenker.org\/fw17\/wp-content\/uploads\/2022\/06\/14-2022-06-11-af-k2-2410009.jpg?w=440&amp;ssl=1 440w, https:\/\/i0.wp.com\/www.freidenker.org\/fw17\/wp-content\/uploads\/2022\/06\/14-2022-06-11-af-k2-2410009.jpg?resize=300%2C169&amp;ssl=1 300w\" width=\"452\" height=\"255\" loading=\"lazy\" data-original-width=\"452\" data-original-height=\"255\" itemprop=\"http:\/\/schema.org\/image\" title=\"14-2022-06-11-af-k2-2410009\" alt=\"Abendveranstaltung im gro\u00dfen Saal\" style=\"width: 452px; height: 255px;\" \/> <\/a> <div class=\"tiled-gallery-caption\" itemprop=\"caption description\"> Abendveranstaltung im gro\u00dfen Saal <\/div> <\/div> <\/div> <!-- close group --> <div class=\"gallery-group images-1\" style=\"width: 344px; height: 259px;\" data-original-width=\"344\" data-original-height=\"259\" > <div class=\"tiled-gallery-item tiled-gallery-item-large\" itemprop=\"associatedMedia\" itemscope itemtype=\"http:\/\/schema.org\/ImageObject\"> <a href=\"https:\/\/www.freidenker.org\/?attachment_id=13513\" border=\"0\" itemprop=\"url\"> <meta itemprop=\"width\" content=\"340\"> <meta itemprop=\"height\" content=\"255\"> <img decoding=\"async\" class=\"\" data-attachment-id=\"13513\" data-orig-file=\"https:\/\/www.freidenker.org\/fw17\/wp-content\/uploads\/2022\/06\/15-2022-06-11-1-10917.jpg\" data-orig-size=\"440,330\" data-comments-opened=\"\" data-image-meta=\"{&quot;aperture&quot;:&quot;3.6&quot;,&quot;credit&quot;:&quot;&quot;,&quot;camera&quot;:&quot;DMC-FZ50&quot;,&quot;caption&quot;:&quot;&quot;,&quot;created_timestamp&quot;:&quot;1654975203&quot;,&quot;copyright&quot;:&quot;&quot;,&quot;focal_length&quot;:&quot;27.4&quot;,&quot;iso&quot;:&quot;800&quot;,&quot;shutter_speed&quot;:&quot;0.076923076923077&quot;,&quot;title&quot;:&quot;&quot;,&quot;orientation&quot;:&quot;1&quot;}\" data-image-title=\"15-2022-06-11-1-10917\" data-image-description=\"\" data-medium-file=\"https:\/\/i0.wp.com\/www.freidenker.org\/fw17\/wp-content\/uploads\/2022\/06\/15-2022-06-11-1-10917.jpg?fit=300%2C225&#038;ssl=1\" data-large-file=\"https:\/\/i0.wp.com\/www.freidenker.org\/fw17\/wp-content\/uploads\/2022\/06\/15-2022-06-11-1-10917.jpg?fit=440%2C330&#038;ssl=1\" src=\"https:\/\/i0.wp.com\/www.freidenker.org\/fw17\/wp-content\/uploads\/2022\/06\/15-2022-06-11-1-10917.jpg?w=340&#038;h=255&#038;ssl=1\" srcset=\"https:\/\/i0.wp.com\/www.freidenker.org\/fw17\/wp-content\/uploads\/2022\/06\/15-2022-06-11-1-10917.jpg?w=440&amp;ssl=1 440w, https:\/\/i0.wp.com\/www.freidenker.org\/fw17\/wp-content\/uploads\/2022\/06\/15-2022-06-11-1-10917.jpg?resize=300%2C225&amp;ssl=1 300w\" width=\"340\" height=\"255\" loading=\"lazy\" data-original-width=\"340\" data-original-height=\"255\" itemprop=\"http:\/\/schema.org\/image\" title=\"15-2022-06-11-1-10917\" alt=\"Freidenker-Vorsitzender Sebastian Bahlo leitet die Abendveranstaltung ein\" style=\"width: 340px; height: 255px;\" \/> <\/a> <div class=\"tiled-gallery-caption\" itemprop=\"caption description\"> Freidenker-Vorsitzender Sebastian Bahlo leitet die Abendveranstaltung ein <\/div> <\/div> <\/div> <!-- close group --> <\/div> <!-- close row --> <div class=\"gallery-row\" style=\"width: 800px; height: 625px;\" data-original-width=\"800\" data-original-height=\"625\" > <div class=\"gallery-group images-3\" style=\"width: 331px; height: 625px;\" data-original-width=\"331\" data-original-height=\"625\" > <div class=\"tiled-gallery-item tiled-gallery-item-large\" itemprop=\"associatedMedia\" itemscope itemtype=\"http:\/\/schema.org\/ImageObject\"> <a href=\"https:\/\/www.freidenker.org\/?attachment_id=13514\" border=\"0\" itemprop=\"url\"> <meta itemprop=\"width\" content=\"327\"> <meta itemprop=\"height\" content=\"245\"> <img decoding=\"async\" class=\"\" data-attachment-id=\"13514\" data-orig-file=\"https:\/\/www.freidenker.org\/fw17\/wp-content\/uploads\/2022\/06\/16-2022-06-11-1-10942.jpg\" data-orig-size=\"440,330\" data-comments-opened=\"\" data-image-meta=\"{&quot;aperture&quot;:&quot;2.8&quot;,&quot;credit&quot;:&quot;&quot;,&quot;camera&quot;:&quot;DMC-FZ50&quot;,&quot;caption&quot;:&quot;&quot;,&quot;created_timestamp&quot;:&quot;1654976896&quot;,&quot;copyright&quot;:&quot;&quot;,&quot;focal_length&quot;:&quot;7.4&quot;,&quot;iso&quot;:&quot;800&quot;,&quot;shutter_speed&quot;:&quot;0.04&quot;,&quot;title&quot;:&quot;&quot;,&quot;orientation&quot;:&quot;1&quot;}\" data-image-title=\"16-2022-06-11-1-10942\" data-image-description=\"\" data-medium-file=\"https:\/\/i0.wp.com\/www.freidenker.org\/fw17\/wp-content\/uploads\/2022\/06\/16-2022-06-11-1-10942.jpg?fit=300%2C225&#038;ssl=1\" data-large-file=\"https:\/\/i0.wp.com\/www.freidenker.org\/fw17\/wp-content\/uploads\/2022\/06\/16-2022-06-11-1-10942.jpg?fit=440%2C330&#038;ssl=1\" src=\"https:\/\/i0.wp.com\/www.freidenker.org\/fw17\/wp-content\/uploads\/2022\/06\/16-2022-06-11-1-10942.jpg?w=327&#038;h=245&#038;ssl=1\" srcset=\"https:\/\/i0.wp.com\/www.freidenker.org\/fw17\/wp-content\/uploads\/2022\/06\/16-2022-06-11-1-10942.jpg?w=440&amp;ssl=1 440w, https:\/\/i0.wp.com\/www.freidenker.org\/fw17\/wp-content\/uploads\/2022\/06\/16-2022-06-11-1-10942.jpg?resize=300%2C225&amp;ssl=1 300w\" width=\"327\" height=\"245\" loading=\"lazy\" data-original-width=\"327\" data-original-height=\"245\" itemprop=\"http:\/\/schema.org\/image\" title=\"16-2022-06-11-1-10942\" alt=\"Abendveranstaltung im gro\u00dfen Saal\" style=\"width: 327px; height: 245px;\" \/> <\/a> <div class=\"tiled-gallery-caption\" itemprop=\"caption description\"> Abendveranstaltung im gro\u00dfen Saal <\/div> <\/div> <div class=\"tiled-gallery-item tiled-gallery-item-large\" itemprop=\"associatedMedia\" itemscope itemtype=\"http:\/\/schema.org\/ImageObject\"> <a href=\"https:\/\/www.freidenker.org\/?attachment_id=13515\" border=\"0\" itemprop=\"url\"> <meta itemprop=\"width\" content=\"327\"> <meta itemprop=\"height\" content=\"184\"> <img decoding=\"async\" class=\"\" data-attachment-id=\"13515\" data-orig-file=\"https:\/\/www.freidenker.org\/fw17\/wp-content\/uploads\/2022\/06\/17-2022-06-11-af-k2-2410043.jpg\" data-orig-size=\"440,248\" data-comments-opened=\"\" data-image-meta=\"{&quot;aperture&quot;:&quot;2.8&quot;,&quot;credit&quot;:&quot;&quot;,&quot;camera&quot;:&quot;HC-V777&quot;,&quot;caption&quot;:&quot;&quot;,&quot;created_timestamp&quot;:&quot;1654988135&quot;,&quot;copyright&quot;:&quot;&quot;,&quot;focal_length&quot;:&quot;26.44&quot;,&quot;iso&quot;:&quot;0&quot;,&quot;shutter_speed&quot;:&quot;0.04&quot;,&quot;title&quot;:&quot;&quot;,&quot;orientation&quot;:&quot;1&quot;}\" data-image-title=\"17-2022-06-11-af-k2-2410043\" data-image-description=\"\" data-medium-file=\"https:\/\/i0.wp.com\/www.freidenker.org\/fw17\/wp-content\/uploads\/2022\/06\/17-2022-06-11-af-k2-2410043.jpg?fit=300%2C169&#038;ssl=1\" data-large-file=\"https:\/\/i0.wp.com\/www.freidenker.org\/fw17\/wp-content\/uploads\/2022\/06\/17-2022-06-11-af-k2-2410043.jpg?fit=440%2C248&#038;ssl=1\" src=\"https:\/\/i0.wp.com\/www.freidenker.org\/fw17\/wp-content\/uploads\/2022\/06\/17-2022-06-11-af-k2-2410043.jpg?w=327&#038;h=184&#038;ssl=1\" srcset=\"https:\/\/i0.wp.com\/www.freidenker.org\/fw17\/wp-content\/uploads\/2022\/06\/17-2022-06-11-af-k2-2410043.jpg?w=440&amp;ssl=1 440w, https:\/\/i0.wp.com\/www.freidenker.org\/fw17\/wp-content\/uploads\/2022\/06\/17-2022-06-11-af-k2-2410043.jpg?resize=300%2C169&amp;ssl=1 300w\" width=\"327\" height=\"184\" loading=\"lazy\" data-original-width=\"327\" data-original-height=\"184\" itemprop=\"http:\/\/schema.org\/image\" title=\"17-2022-06-11-af-k2-2410043\" alt=\"Daniel Osorio und Romina Tobar bei der Abendveranstaltung\" style=\"width: 327px; height: 184px;\" \/> <\/a> <div class=\"tiled-gallery-caption\" itemprop=\"caption description\"> Daniel Osorio und Romina Tobar bei der Abendveranstaltung <\/div> <\/div> <div class=\"tiled-gallery-item tiled-gallery-item-large\" itemprop=\"associatedMedia\" itemscope itemtype=\"http:\/\/schema.org\/ImageObject\"> <a href=\"https:\/\/www.freidenker.org\/?attachment_id=13516\" border=\"0\" itemprop=\"url\"> <meta itemprop=\"width\" content=\"327\"> <meta itemprop=\"height\" content=\"184\"> <img decoding=\"async\" class=\"\" data-attachment-id=\"13516\" data-orig-file=\"https:\/\/www.freidenker.org\/fw17\/wp-content\/uploads\/2022\/06\/18-2022-06-11-1-10954.jpg\" data-orig-size=\"440,248\" data-comments-opened=\"\" data-image-meta=\"{&quot;aperture&quot;:&quot;3.2&quot;,&quot;credit&quot;:&quot;&quot;,&quot;camera&quot;:&quot;DMC-FZ50&quot;,&quot;caption&quot;:&quot;&quot;,&quot;created_timestamp&quot;:&quot;1654978063&quot;,&quot;copyright&quot;:&quot;&quot;,&quot;focal_length&quot;:&quot;20.9&quot;,&quot;iso&quot;:&quot;800&quot;,&quot;shutter_speed&quot;:&quot;0.1&quot;,&quot;title&quot;:&quot;&quot;,&quot;orientation&quot;:&quot;1&quot;}\" data-image-title=\"18-2022-06-11-1-10954\" data-image-description=\"\" data-medium-file=\"https:\/\/i0.wp.com\/www.freidenker.org\/fw17\/wp-content\/uploads\/2022\/06\/18-2022-06-11-1-10954.jpg?fit=300%2C169&#038;ssl=1\" data-large-file=\"https:\/\/i0.wp.com\/www.freidenker.org\/fw17\/wp-content\/uploads\/2022\/06\/18-2022-06-11-1-10954.jpg?fit=440%2C248&#038;ssl=1\" src=\"https:\/\/i0.wp.com\/www.freidenker.org\/fw17\/wp-content\/uploads\/2022\/06\/18-2022-06-11-1-10954.jpg?w=327&#038;h=184&#038;ssl=1\" srcset=\"https:\/\/i0.wp.com\/www.freidenker.org\/fw17\/wp-content\/uploads\/2022\/06\/18-2022-06-11-1-10954.jpg?w=440&amp;ssl=1 440w, https:\/\/i0.wp.com\/www.freidenker.org\/fw17\/wp-content\/uploads\/2022\/06\/18-2022-06-11-1-10954.jpg?resize=300%2C169&amp;ssl=1 300w\" width=\"327\" height=\"184\" loading=\"lazy\" data-original-width=\"327\" data-original-height=\"184\" itemprop=\"http:\/\/schema.org\/image\" title=\"18-2022-06-11-1-10954\" alt=\"Sonja Gottlieb bei der Abendveranstaltung\" style=\"width: 327px; height: 184px;\" \/> <\/a> <div class=\"tiled-gallery-caption\" itemprop=\"caption description\"> Sonja Gottlieb bei der Abendveranstaltung <\/div> <\/div> <\/div> <!-- close group --> <div class=\"gallery-group images-1\" style=\"width: 469px; height: 625px;\" data-original-width=\"469\" data-original-height=\"625\" > <div class=\"tiled-gallery-item tiled-gallery-item-large\" itemprop=\"associatedMedia\" itemscope itemtype=\"http:\/\/schema.org\/ImageObject\"> <a href=\"https:\/\/www.freidenker.org\/?attachment_id=13517\" border=\"0\" itemprop=\"url\"> <meta itemprop=\"width\" content=\"465\"> <meta itemprop=\"height\" content=\"621\"> <img decoding=\"async\" class=\"\" data-attachment-id=\"13517\" data-orig-file=\"https:\/\/www.freidenker.org\/fw17\/wp-content\/uploads\/2022\/06\/19-2022-06-11-1-109431.jpg\" data-orig-size=\"440,587\" data-comments-opened=\"\" data-image-meta=\"{&quot;aperture&quot;:&quot;0&quot;,&quot;credit&quot;:&quot;&quot;,&quot;camera&quot;:&quot;&quot;,&quot;caption&quot;:&quot;&quot;,&quot;created_timestamp&quot;:&quot;0&quot;,&quot;copyright&quot;:&quot;&quot;,&quot;focal_length&quot;:&quot;0&quot;,&quot;iso&quot;:&quot;0&quot;,&quot;shutter_speed&quot;:&quot;0&quot;,&quot;title&quot;:&quot;&quot;,&quot;orientation&quot;:&quot;0&quot;}\" data-image-title=\"19-2022-06-11-1-10943(1)\" data-image-description=\"\" data-medium-file=\"https:\/\/i0.wp.com\/www.freidenker.org\/fw17\/wp-content\/uploads\/2022\/06\/19-2022-06-11-1-109431.jpg?fit=225%2C300&#038;ssl=1\" data-large-file=\"https:\/\/i0.wp.com\/www.freidenker.org\/fw17\/wp-content\/uploads\/2022\/06\/19-2022-06-11-1-109431.jpg?fit=440%2C587&#038;ssl=1\" src=\"https:\/\/i0.wp.com\/www.freidenker.org\/fw17\/wp-content\/uploads\/2022\/06\/19-2022-06-11-1-109431.jpg?w=465&#038;h=621&#038;ssl=1\" srcset=\"https:\/\/i0.wp.com\/www.freidenker.org\/fw17\/wp-content\/uploads\/2022\/06\/19-2022-06-11-1-109431.jpg?w=440&amp;ssl=1 440w, https:\/\/i0.wp.com\/www.freidenker.org\/fw17\/wp-content\/uploads\/2022\/06\/19-2022-06-11-1-109431.jpg?resize=225%2C300&amp;ssl=1 225w\" width=\"465\" height=\"621\" loading=\"lazy\" data-original-width=\"465\" data-original-height=\"621\" itemprop=\"http:\/\/schema.org\/image\" title=\"19-2022-06-11-1-10943(1)\" alt=\"Diether Dehm bei der Abendveranstaltung \u2013 begr\u00fc\u00dft die Hotelbesitzer, die den Linken Liedersommer 2022 gerettet haben\" style=\"width: 465px; height: 621px;\" \/> <\/a> <div class=\"tiled-gallery-caption\" itemprop=\"caption description\"> Diether Dehm bei der Abendveranstaltung \u2013 begr\u00fc\u00dft die Hotelbesitzer, die den Linken Liedersommer 2022 gerettet haben <\/div> <\/div> <\/div> <!-- close group --> <\/div> <!-- close row --> <div class=\"gallery-row\" style=\"width: 800px; height: 165px;\" data-original-width=\"800\" data-original-height=\"165\" > <div class=\"gallery-group images-1\" style=\"width: 291px; height: 165px;\" data-original-width=\"291\" data-original-height=\"165\" > <div class=\"tiled-gallery-item tiled-gallery-item-large\" itemprop=\"associatedMedia\" itemscope itemtype=\"http:\/\/schema.org\/ImageObject\"> <a href=\"https:\/\/www.freidenker.org\/?attachment_id=13518\" border=\"0\" itemprop=\"url\"> <meta itemprop=\"width\" content=\"287\"> <meta itemprop=\"height\" content=\"161\"> <img decoding=\"async\" class=\"\" data-attachment-id=\"13518\" data-orig-file=\"https:\/\/www.freidenker.org\/fw17\/wp-content\/uploads\/2022\/06\/20-2022-06-11-af-kx-1370094.jpg\" data-orig-size=\"440,248\" data-comments-opened=\"\" data-image-meta=\"{&quot;aperture&quot;:&quot;2.8&quot;,&quot;credit&quot;:&quot;&quot;,&quot;camera&quot;:&quot;HC-V777&quot;,&quot;caption&quot;:&quot;&quot;,&quot;created_timestamp&quot;:&quot;1654960078&quot;,&quot;copyright&quot;:&quot;&quot;,&quot;focal_length&quot;:&quot;18.36&quot;,&quot;iso&quot;:&quot;0&quot;,&quot;shutter_speed&quot;:&quot;0.02&quot;,&quot;title&quot;:&quot;&quot;,&quot;orientation&quot;:&quot;1&quot;}\" data-image-title=\"20-2022-06-11-af-kx-1370094\" data-image-description=\"\" data-medium-file=\"https:\/\/i0.wp.com\/www.freidenker.org\/fw17\/wp-content\/uploads\/2022\/06\/20-2022-06-11-af-kx-1370094.jpg?fit=300%2C169&#038;ssl=1\" data-large-file=\"https:\/\/i0.wp.com\/www.freidenker.org\/fw17\/wp-content\/uploads\/2022\/06\/20-2022-06-11-af-kx-1370094.jpg?fit=440%2C248&#038;ssl=1\" src=\"https:\/\/i0.wp.com\/www.freidenker.org\/fw17\/wp-content\/uploads\/2022\/06\/20-2022-06-11-af-kx-1370094.jpg?w=287&#038;h=161&#038;ssl=1\" srcset=\"https:\/\/i0.wp.com\/www.freidenker.org\/fw17\/wp-content\/uploads\/2022\/06\/20-2022-06-11-af-kx-1370094.jpg?w=440&amp;ssl=1 440w, https:\/\/i0.wp.com\/www.freidenker.org\/fw17\/wp-content\/uploads\/2022\/06\/20-2022-06-11-af-kx-1370094.jpg?resize=300%2C169&amp;ssl=1 300w\" width=\"287\" height=\"161\" loading=\"lazy\" data-original-width=\"287\" data-original-height=\"161\" itemprop=\"http:\/\/schema.org\/image\" title=\"20-2022-06-11-af-kx-1370094\" alt=\"J\u00fcrgen Eger bei der Abendveranstaltung\" style=\"width: 287px; height: 161px;\" \/> <\/a> <div class=\"tiled-gallery-caption\" itemprop=\"caption description\"> J\u00fcrgen Eger bei der Abendveranstaltung <\/div> <\/div> <\/div> <!-- close group --> <div class=\"gallery-group images-1\" style=\"width: 219px; height: 165px;\" data-original-width=\"219\" data-original-height=\"165\" > <div class=\"tiled-gallery-item tiled-gallery-item-small\" itemprop=\"associatedMedia\" itemscope itemtype=\"http:\/\/schema.org\/ImageObject\"> <a href=\"https:\/\/www.freidenker.org\/?attachment_id=13519\" border=\"0\" itemprop=\"url\"> <meta itemprop=\"width\" content=\"215\"> <meta itemprop=\"height\" content=\"161\"> <img decoding=\"async\" class=\"\" data-attachment-id=\"13519\" data-orig-file=\"https:\/\/www.freidenker.org\/fw17\/wp-content\/uploads\/2022\/06\/21-2022-06-11-1-10969.jpg\" data-orig-size=\"440,330\" data-comments-opened=\"\" data-image-meta=\"{&quot;aperture&quot;:&quot;3.6&quot;,&quot;credit&quot;:&quot;&quot;,&quot;camera&quot;:&quot;DMC-FZ50&quot;,&quot;caption&quot;:&quot;&quot;,&quot;created_timestamp&quot;:&quot;1654980474&quot;,&quot;copyright&quot;:&quot;&quot;,&quot;focal_length&quot;:&quot;29&quot;,&quot;iso&quot;:&quot;800&quot;,&quot;shutter_speed&quot;:&quot;0.066666666666667&quot;,&quot;title&quot;:&quot;&quot;,&quot;orientation&quot;:&quot;1&quot;}\" data-image-title=\"21-2022-06-11-1-10969\" data-image-description=\"\" data-medium-file=\"https:\/\/i0.wp.com\/www.freidenker.org\/fw17\/wp-content\/uploads\/2022\/06\/21-2022-06-11-1-10969.jpg?fit=300%2C225&#038;ssl=1\" data-large-file=\"https:\/\/i0.wp.com\/www.freidenker.org\/fw17\/wp-content\/uploads\/2022\/06\/21-2022-06-11-1-10969.jpg?fit=440%2C330&#038;ssl=1\" src=\"https:\/\/i0.wp.com\/www.freidenker.org\/fw17\/wp-content\/uploads\/2022\/06\/21-2022-06-11-1-10969.jpg?w=215&#038;h=161&#038;ssl=1\" srcset=\"https:\/\/i0.wp.com\/www.freidenker.org\/fw17\/wp-content\/uploads\/2022\/06\/21-2022-06-11-1-10969.jpg?w=440&amp;ssl=1 440w, https:\/\/i0.wp.com\/www.freidenker.org\/fw17\/wp-content\/uploads\/2022\/06\/21-2022-06-11-1-10969.jpg?resize=300%2C225&amp;ssl=1 300w\" width=\"215\" height=\"161\" loading=\"lazy\" data-original-width=\"215\" data-original-height=\"161\" itemprop=\"http:\/\/schema.org\/image\" title=\"21-2022-06-11-1-10969\" alt=\"Philipp Hoffmann bei der Abendveranstaltung\" style=\"width: 215px; height: 161px;\" \/> <\/a> <div class=\"tiled-gallery-caption\" itemprop=\"caption description\"> Philipp Hoffmann bei der Abendveranstaltung <\/div> <\/div> <\/div> <!-- close group --> <div class=\"gallery-group images-1\" style=\"width: 290px; height: 165px;\" data-original-width=\"290\" data-original-height=\"165\" > <div class=\"tiled-gallery-item tiled-gallery-item-large\" itemprop=\"associatedMedia\" itemscope itemtype=\"http:\/\/schema.org\/ImageObject\"> <a href=\"https:\/\/www.freidenker.org\/?attachment_id=13520\" border=\"0\" itemprop=\"url\"> <meta itemprop=\"width\" content=\"286\"> <meta itemprop=\"height\" content=\"161\"> <img decoding=\"async\" class=\"\" data-attachment-id=\"13520\" data-orig-file=\"https:\/\/www.freidenker.org\/fw17\/wp-content\/uploads\/2022\/06\/22-2022-06-11-af-k2-2410018.jpg\" data-orig-size=\"440,248\" data-comments-opened=\"\" data-image-meta=\"{&quot;aperture&quot;:&quot;2.8&quot;,&quot;credit&quot;:&quot;&quot;,&quot;camera&quot;:&quot;HC-V777&quot;,&quot;caption&quot;:&quot;&quot;,&quot;created_timestamp&quot;:&quot;1654978043&quot;,&quot;copyright&quot;:&quot;&quot;,&quot;focal_length&quot;:&quot;32.02&quot;,&quot;iso&quot;:&quot;0&quot;,&quot;shutter_speed&quot;:&quot;0.04&quot;,&quot;title&quot;:&quot;&quot;,&quot;orientation&quot;:&quot;1&quot;}\" data-image-title=\"22-2022-06-11-af-k2-2410018\" data-image-description=\"\" data-medium-file=\"https:\/\/i0.wp.com\/www.freidenker.org\/fw17\/wp-content\/uploads\/2022\/06\/22-2022-06-11-af-k2-2410018.jpg?fit=300%2C169&#038;ssl=1\" data-large-file=\"https:\/\/i0.wp.com\/www.freidenker.org\/fw17\/wp-content\/uploads\/2022\/06\/22-2022-06-11-af-k2-2410018.jpg?fit=440%2C248&#038;ssl=1\" src=\"https:\/\/i0.wp.com\/www.freidenker.org\/fw17\/wp-content\/uploads\/2022\/06\/22-2022-06-11-af-k2-2410018.jpg?w=286&#038;h=161&#038;ssl=1\" srcset=\"https:\/\/i0.wp.com\/www.freidenker.org\/fw17\/wp-content\/uploads\/2022\/06\/22-2022-06-11-af-k2-2410018.jpg?w=440&amp;ssl=1 440w, https:\/\/i0.wp.com\/www.freidenker.org\/fw17\/wp-content\/uploads\/2022\/06\/22-2022-06-11-af-k2-2410018.jpg?resize=300%2C169&amp;ssl=1 300w\" width=\"286\" height=\"161\" loading=\"lazy\" data-original-width=\"286\" data-original-height=\"161\" itemprop=\"http:\/\/schema.org\/image\" title=\"22-2022-06-11-af-k2-2410018\" alt=\"Organisatorin und Moderatorin Monique Broquard ruft den Saal zum Tanz auf \u2013 zu &quot;Danser encore&quot;, der Hymne der Grundrechtebewegung\" style=\"width: 286px; height: 161px;\" \/> <\/a> <div class=\"tiled-gallery-caption\" itemprop=\"caption description\"> Organisatorin und Moderatorin Monique Broquard ruft den Saal zum Tanz auf \u2013 zu &#8222;Danser encore&#8220;, der Hymne der Grundrechtebewegung <\/div> <\/div> <\/div> <!-- close group --> <\/div> <!-- close row --> <div class=\"gallery-row\" style=\"width: 800px; height: 362px;\" data-original-width=\"800\" data-original-height=\"362\" > <div class=\"gallery-group images-1\" style=\"width: 482px; height: 362px;\" data-original-width=\"482\" data-original-height=\"362\" > <div class=\"tiled-gallery-item tiled-gallery-item-large\" itemprop=\"associatedMedia\" itemscope itemtype=\"http:\/\/schema.org\/ImageObject\"> <a href=\"https:\/\/www.freidenker.org\/?attachment_id=13521\" border=\"0\" itemprop=\"url\"> <meta itemprop=\"width\" content=\"478\"> <meta itemprop=\"height\" content=\"358\"> <img decoding=\"async\" class=\"\" data-attachment-id=\"13521\" data-orig-file=\"https:\/\/www.freidenker.org\/fw17\/wp-content\/uploads\/2022\/06\/23-2022-06-11-1-20028.jpg\" data-orig-size=\"440,330\" data-comments-opened=\"\" data-image-meta=\"{&quot;aperture&quot;:&quot;2.8&quot;,&quot;credit&quot;:&quot;&quot;,&quot;camera&quot;:&quot;DMC-FZ50&quot;,&quot;caption&quot;:&quot;&quot;,&quot;created_timestamp&quot;:&quot;1654987057&quot;,&quot;copyright&quot;:&quot;&quot;,&quot;focal_length&quot;:&quot;7.4&quot;,&quot;iso&quot;:&quot;800&quot;,&quot;shutter_speed&quot;:&quot;0.05&quot;,&quot;title&quot;:&quot;&quot;,&quot;orientation&quot;:&quot;1&quot;}\" data-image-title=\"23-2022-06-11-1-20028\" data-image-description=\"\" data-medium-file=\"https:\/\/i0.wp.com\/www.freidenker.org\/fw17\/wp-content\/uploads\/2022\/06\/23-2022-06-11-1-20028.jpg?fit=300%2C225&#038;ssl=1\" data-large-file=\"https:\/\/i0.wp.com\/www.freidenker.org\/fw17\/wp-content\/uploads\/2022\/06\/23-2022-06-11-1-20028.jpg?fit=440%2C330&#038;ssl=1\" src=\"https:\/\/i0.wp.com\/www.freidenker.org\/fw17\/wp-content\/uploads\/2022\/06\/23-2022-06-11-1-20028.jpg?w=478&#038;h=358&#038;ssl=1\" srcset=\"https:\/\/i0.wp.com\/www.freidenker.org\/fw17\/wp-content\/uploads\/2022\/06\/23-2022-06-11-1-20028.jpg?w=440&amp;ssl=1 440w, https:\/\/i0.wp.com\/www.freidenker.org\/fw17\/wp-content\/uploads\/2022\/06\/23-2022-06-11-1-20028.jpg?resize=300%2C225&amp;ssl=1 300w\" width=\"478\" height=\"358\" loading=\"lazy\" data-original-width=\"478\" data-original-height=\"358\" itemprop=\"http:\/\/schema.org\/image\" title=\"23-2022-06-11-1-20028\" alt=\"Der Saal tanzt zu &quot;Danser encore&quot;\" style=\"width: 478px; height: 358px;\" \/> <\/a> <div class=\"tiled-gallery-caption\" itemprop=\"caption description\"> Der Saal tanzt zu &#8222;Danser encore&#8220; <\/div> <\/div> <\/div> <!-- close group --> <div class=\"gallery-group images-2\" style=\"width: 318px; height: 362px;\" data-original-width=\"318\" data-original-height=\"362\" > <div class=\"tiled-gallery-item tiled-gallery-item-large\" itemprop=\"associatedMedia\" itemscope itemtype=\"http:\/\/schema.org\/ImageObject\"> <a href=\"https:\/\/www.freidenker.org\/?attachment_id=13522\" border=\"0\" itemprop=\"url\"> <meta itemprop=\"width\" content=\"314\"> <meta itemprop=\"height\" content=\"177\"> <img decoding=\"async\" class=\"\" data-attachment-id=\"13522\" data-orig-file=\"https:\/\/www.freidenker.org\/fw17\/wp-content\/uploads\/2022\/06\/24-2022-06-11-af-k1-2360002.jpg\" data-orig-size=\"440,248\" data-comments-opened=\"\" data-image-meta=\"{&quot;aperture&quot;:&quot;2&quot;,&quot;credit&quot;:&quot;&quot;,&quot;camera&quot;:&quot;HC-V777&quot;,&quot;caption&quot;:&quot;&quot;,&quot;created_timestamp&quot;:&quot;1654992148&quot;,&quot;copyright&quot;:&quot;&quot;,&quot;focal_length&quot;:&quot;9.56&quot;,&quot;iso&quot;:&quot;0&quot;,&quot;shutter_speed&quot;:&quot;0.02&quot;,&quot;title&quot;:&quot;&quot;,&quot;orientation&quot;:&quot;1&quot;}\" data-image-title=\"24-2022-06-11-af-k1-2360002\" data-image-description=\"\" data-medium-file=\"https:\/\/i0.wp.com\/www.freidenker.org\/fw17\/wp-content\/uploads\/2022\/06\/24-2022-06-11-af-k1-2360002.jpg?fit=300%2C169&#038;ssl=1\" data-large-file=\"https:\/\/i0.wp.com\/www.freidenker.org\/fw17\/wp-content\/uploads\/2022\/06\/24-2022-06-11-af-k1-2360002.jpg?fit=440%2C248&#038;ssl=1\" src=\"https:\/\/i0.wp.com\/www.freidenker.org\/fw17\/wp-content\/uploads\/2022\/06\/24-2022-06-11-af-k1-2360002.jpg?w=314&#038;h=177&#038;ssl=1\" srcset=\"https:\/\/i0.wp.com\/www.freidenker.org\/fw17\/wp-content\/uploads\/2022\/06\/24-2022-06-11-af-k1-2360002.jpg?w=440&amp;ssl=1 440w, https:\/\/i0.wp.com\/www.freidenker.org\/fw17\/wp-content\/uploads\/2022\/06\/24-2022-06-11-af-k1-2360002.jpg?resize=300%2C169&amp;ssl=1 300w\" width=\"314\" height=\"177\" loading=\"lazy\" data-original-width=\"314\" data-original-height=\"177\" itemprop=\"http:\/\/schema.org\/image\" title=\"24-2022-06-11-af-k1-2360002\" alt=\"Operns\u00e4nger Dietmar Sander intoniert die Hymne der Grundrechtebewegung, mit seiner m\u00e4chtigen Stimme und seinem Keyboard\" style=\"width: 314px; height: 177px;\" \/> <\/a> <div class=\"tiled-gallery-caption\" itemprop=\"caption description\"> Operns\u00e4nger Dietmar Sander intoniert die Hymne der Grundrechtebewegung, mit seiner m\u00e4chtigen Stimme und seinem Keyboard <\/div> <\/div> <div class=\"tiled-gallery-item tiled-gallery-item-large\" itemprop=\"associatedMedia\" itemscope itemtype=\"http:\/\/schema.org\/ImageObject\"> <a href=\"https:\/\/www.freidenker.org\/?attachment_id=13523\" border=\"0\" itemprop=\"url\"> <meta itemprop=\"width\" content=\"314\"> <meta itemprop=\"height\" content=\"177\"> <img decoding=\"async\" class=\"\" data-attachment-id=\"13523\" data-orig-file=\"https:\/\/www.freidenker.org\/fw17\/wp-content\/uploads\/2022\/06\/25-2022-06-11-af-k1-2350029.jpg\" data-orig-size=\"440,248\" data-comments-opened=\"\" data-image-meta=\"{&quot;aperture&quot;:&quot;1.8&quot;,&quot;credit&quot;:&quot;&quot;,&quot;camera&quot;:&quot;HC-V777&quot;,&quot;caption&quot;:&quot;&quot;,&quot;created_timestamp&quot;:&quot;1654991419&quot;,&quot;copyright&quot;:&quot;&quot;,&quot;focal_length&quot;:&quot;4.08&quot;,&quot;iso&quot;:&quot;0&quot;,&quot;shutter_speed&quot;:&quot;0.02&quot;,&quot;title&quot;:&quot;&quot;,&quot;orientation&quot;:&quot;1&quot;}\" data-image-title=\"25-2022-06-11-af-k1-2350029\" data-image-description=\"\" data-medium-file=\"https:\/\/i0.wp.com\/www.freidenker.org\/fw17\/wp-content\/uploads\/2022\/06\/25-2022-06-11-af-k1-2350029.jpg?fit=300%2C169&#038;ssl=1\" data-large-file=\"https:\/\/i0.wp.com\/www.freidenker.org\/fw17\/wp-content\/uploads\/2022\/06\/25-2022-06-11-af-k1-2350029.jpg?fit=440%2C248&#038;ssl=1\" src=\"https:\/\/i0.wp.com\/www.freidenker.org\/fw17\/wp-content\/uploads\/2022\/06\/25-2022-06-11-af-k1-2350029.jpg?w=314&#038;h=177&#038;ssl=1\" srcset=\"https:\/\/i0.wp.com\/www.freidenker.org\/fw17\/wp-content\/uploads\/2022\/06\/25-2022-06-11-af-k1-2350029.jpg?w=440&amp;ssl=1 440w, https:\/\/i0.wp.com\/www.freidenker.org\/fw17\/wp-content\/uploads\/2022\/06\/25-2022-06-11-af-k1-2350029.jpg?resize=300%2C169&amp;ssl=1 300w\" width=\"314\" height=\"177\" loading=\"lazy\" data-original-width=\"314\" data-original-height=\"177\" itemprop=\"http:\/\/schema.org\/image\" title=\"25-2022-06-11-af-k1-2350029\" alt=\"Der Saal tanzt zu &quot;Danser encore&quot;\" style=\"width: 314px; height: 177px;\" \/> <\/a> <div class=\"tiled-gallery-caption\" itemprop=\"caption description\"> Der Saal tanzt zu &#8222;Danser encore&#8220; <\/div> <\/div> <\/div> <!-- close group --> <\/div> <!-- close row --> <div class=\"gallery-row\" style=\"width: 800px; height: 330px;\" data-original-width=\"800\" data-original-height=\"330\" > <div class=\"gallery-group images-1\" style=\"width: 582px; height: 330px;\" data-original-width=\"582\" data-original-height=\"330\" > <div class=\"tiled-gallery-item tiled-gallery-item-large\" itemprop=\"associatedMedia\" itemscope itemtype=\"http:\/\/schema.org\/ImageObject\"> <a href=\"https:\/\/www.freidenker.org\/?attachment_id=13524\" border=\"0\" itemprop=\"url\"> <meta itemprop=\"width\" content=\"578\"> <meta itemprop=\"height\" content=\"326\"> <img decoding=\"async\" class=\"\" data-attachment-id=\"13524\" data-orig-file=\"https:\/\/www.freidenker.org\/fw17\/wp-content\/uploads\/2022\/06\/26-2022-06-12-af-kx-1380005.jpg\" data-orig-size=\"440,248\" data-comments-opened=\"\" data-image-meta=\"{&quot;aperture&quot;:&quot;2.8&quot;,&quot;credit&quot;:&quot;&quot;,&quot;camera&quot;:&quot;HC-V777&quot;,&quot;caption&quot;:&quot;&quot;,&quot;created_timestamp&quot;:&quot;1655026897&quot;,&quot;copyright&quot;:&quot;&quot;,&quot;focal_length&quot;:&quot;21.26&quot;,&quot;iso&quot;:&quot;0&quot;,&quot;shutter_speed&quot;:&quot;0.02&quot;,&quot;title&quot;:&quot;&quot;,&quot;orientation&quot;:&quot;1&quot;}\" data-image-title=\"26-2022-06-12-af-kx-1380005\" data-image-description=\"\" data-medium-file=\"https:\/\/i0.wp.com\/www.freidenker.org\/fw17\/wp-content\/uploads\/2022\/06\/26-2022-06-12-af-kx-1380005.jpg?fit=300%2C169&#038;ssl=1\" data-large-file=\"https:\/\/i0.wp.com\/www.freidenker.org\/fw17\/wp-content\/uploads\/2022\/06\/26-2022-06-12-af-kx-1380005.jpg?fit=440%2C248&#038;ssl=1\" src=\"https:\/\/i0.wp.com\/www.freidenker.org\/fw17\/wp-content\/uploads\/2022\/06\/26-2022-06-12-af-kx-1380005.jpg?w=578&#038;h=326&#038;ssl=1\" srcset=\"https:\/\/i0.wp.com\/www.freidenker.org\/fw17\/wp-content\/uploads\/2022\/06\/26-2022-06-12-af-kx-1380005.jpg?w=440&amp;ssl=1 440w, https:\/\/i0.wp.com\/www.freidenker.org\/fw17\/wp-content\/uploads\/2022\/06\/26-2022-06-12-af-kx-1380005.jpg?resize=300%2C169&amp;ssl=1 300w\" width=\"578\" height=\"326\" loading=\"lazy\" data-original-width=\"578\" data-original-height=\"326\" itemprop=\"http:\/\/schema.org\/image\" title=\"26-2022-06-12-af-kx-1380005\" alt=\"Sonntagsmatinee \u201eAuftragslieder\u201c mit Reinhold Andert\" style=\"width: 578px; height: 326px;\" \/> <\/a> <div class=\"tiled-gallery-caption\" itemprop=\"caption description\"> Sonntagsmatinee \u201eAuftragslieder\u201c mit Reinhold Andert <\/div> <\/div> <\/div> <!-- close group --> <div class=\"gallery-group images-1\" style=\"width: 218px; height: 330px;\" data-original-width=\"218\" data-original-height=\"330\" > <div class=\"tiled-gallery-item tiled-gallery-item-small\" itemprop=\"associatedMedia\" itemscope itemtype=\"http:\/\/schema.org\/ImageObject\"> <a href=\"https:\/\/www.freidenker.org\/?attachment_id=13525\" border=\"0\" itemprop=\"url\"> <meta itemprop=\"width\" content=\"214\"> <meta itemprop=\"height\" content=\"326\"> <img decoding=\"async\" class=\"\" data-attachment-id=\"13525\" data-orig-file=\"https:\/\/www.freidenker.org\/fw17\/wp-content\/uploads\/2022\/06\/27-2022-06-11-af-k1-23600171.jpg\" data-orig-size=\"439,668\" data-comments-opened=\"\" data-image-meta=\"{&quot;aperture&quot;:&quot;2.8&quot;,&quot;credit&quot;:&quot;&quot;,&quot;camera&quot;:&quot;HC-V777&quot;,&quot;caption&quot;:&quot;&quot;,&quot;created_timestamp&quot;:&quot;1655035012&quot;,&quot;copyright&quot;:&quot;&quot;,&quot;focal_length&quot;:&quot;16.12&quot;,&quot;iso&quot;:&quot;0&quot;,&quot;shutter_speed&quot;:&quot;0.02&quot;,&quot;title&quot;:&quot;&quot;,&quot;orientation&quot;:&quot;0&quot;}\" data-image-title=\"27-2022-06-11-af-k1-2360017(1)\" data-image-description=\"\" data-medium-file=\"https:\/\/i0.wp.com\/www.freidenker.org\/fw17\/wp-content\/uploads\/2022\/06\/27-2022-06-11-af-k1-23600171.jpg?fit=197%2C300&#038;ssl=1\" data-large-file=\"https:\/\/i0.wp.com\/www.freidenker.org\/fw17\/wp-content\/uploads\/2022\/06\/27-2022-06-11-af-k1-23600171.jpg?fit=439%2C668&#038;ssl=1\" src=\"https:\/\/i0.wp.com\/www.freidenker.org\/fw17\/wp-content\/uploads\/2022\/06\/27-2022-06-11-af-k1-23600171.jpg?w=214&#038;h=326&#038;ssl=1\" srcset=\"https:\/\/i0.wp.com\/www.freidenker.org\/fw17\/wp-content\/uploads\/2022\/06\/27-2022-06-11-af-k1-23600171.jpg?w=439&amp;ssl=1 439w, https:\/\/i0.wp.com\/www.freidenker.org\/fw17\/wp-content\/uploads\/2022\/06\/27-2022-06-11-af-k1-23600171.jpg?resize=197%2C300&amp;ssl=1 197w\" width=\"214\" height=\"326\" loading=\"lazy\" data-original-width=\"214\" data-original-height=\"326\" itemprop=\"http:\/\/schema.org\/image\" title=\"27-2022-06-11-af-k1-2360017(1)\" alt=\"Landesvorsitzende Rheinland-Pfalz Monika Krotter-Hartmann und Liedersommer-Organisatorin Monique Broquard bei der Abschlussdiskussion\" style=\"width: 214px; height: 326px;\" \/> <\/a> <div class=\"tiled-gallery-caption\" itemprop=\"caption description\"> Landesvorsitzende Rheinland-Pfalz Monika Krotter-Hartmann und Liedersommer-Organisatorin Monique Broquard bei der Abschlussdiskussion <\/div> <\/div> <\/div> <!-- close group --> <\/div> <!-- close row --> <\/div>\n<p><span style=\"font-size: 10pt;\">Alle Fotos: \u00a9 <a href=\"http:\/\/www.arbeiterfotografie.com\/\" target=\"_blank\" rel=\"noopener\">arbeiterfotografie.com<\/a><\/span><\/p>\n<hr \/>\n<p><img data-recalc-dims=\"1\" loading=\"lazy\" decoding=\"async\" data-attachment-id=\"9632\" data-permalink=\"https:\/\/www.freidenker.org\/?attachment_id=9632\" data-orig-file=\"https:\/\/i0.wp.com\/www.freidenker.org\/fw17\/wp-content\/uploads\/2021\/02\/External_Link.png?fit=512%2C512&amp;ssl=1\" data-orig-size=\"512,512\" data-comments-opened=\"0\" data-image-meta=\"{&quot;aperture&quot;:&quot;0&quot;,&quot;credit&quot;:&quot;&quot;,&quot;camera&quot;:&quot;&quot;,&quot;caption&quot;:&quot;&quot;,&quot;created_timestamp&quot;:&quot;0&quot;,&quot;copyright&quot;:&quot;&quot;,&quot;focal_length&quot;:&quot;0&quot;,&quot;iso&quot;:&quot;0&quot;,&quot;shutter_speed&quot;:&quot;0&quot;,&quot;title&quot;:&quot;&quot;,&quot;orientation&quot;:&quot;0&quot;}\" data-image-title=\"External_Link icon\" data-image-description=\"\" data-image-caption=\"\" data-large-file=\"https:\/\/i0.wp.com\/www.freidenker.org\/fw17\/wp-content\/uploads\/2021\/02\/External_Link.png?fit=512%2C512&amp;ssl=1\" class=\"alignnone wp-image-9632\" src=\"https:\/\/i0.wp.com\/www.freidenker.org\/fw17\/wp-content\/uploads\/2021\/02\/External_Link.png?resize=24%2C24&#038;ssl=1\" alt=\"\" width=\"24\" height=\"24\" srcset=\"https:\/\/i0.wp.com\/www.freidenker.org\/fw17\/wp-content\/uploads\/2021\/02\/External_Link.png?resize=150%2C150&amp;ssl=1 150w, https:\/\/i0.wp.com\/www.freidenker.org\/fw17\/wp-content\/uploads\/2021\/02\/External_Link.png?resize=300%2C300&amp;ssl=1 300w, https:\/\/i0.wp.com\/www.freidenker.org\/fw17\/wp-content\/uploads\/2021\/02\/External_Link.png?w=512&amp;ssl=1 512w\" sizes=\"auto, (max-width: 24px) 100vw, 24px\" \/>\u00a0Link zum Originalbeitrag in der NRhZ:\u00a0 <a href=\"http:\/\/www.nrhz.de\/flyer\/beitrag.php?id=28125\" target=\"_blank\" rel=\"noopener\"><span class=\"text_red_times_big\">Erfolg trotz Anschlag der &#8222;untert\u00e4nigsten Diener des Imperiums&#8220;<\/span><\/a><\/p>\n<hr \/>\n<p>Siehe auch unseren Bericht: <a href=\"https:\/\/www.freidenker.org\/?p=13397\" rel=\"noopener\">\u201eCancel Culture\u201c getrotzt: Erfolgreicher Liedersommer der Freidenker<\/a><\/p>\n<hr \/>\n<p><span style=\"font-size: 10pt;\">Foto oben: Freidenker-Vorsitzender Sebastian Bahlo leitet die Abendveranstaltung ein (Foto: \u00a9 <a href=\"http:\/\/www.arbeiterfotografie.com\/\" target=\"_blank\" rel=\"noopener\">arbeiterfotografie.com<\/a>)<\/span><\/p>\n","protected":false},"excerpt":{"rendered":"<p><b>Interview der NRhZ mit Sebastian Bahlo (Vorsitzender des Deutschen Freidenker-Verbands) und Fotogalerie vom Linken Liedersommer 2022<\/b><br \/>\nSebastian Bahlo: &#8230; Nachdem der Liedersommer im vergangenen Jahr wegen der so genannten Corona-Ma\u00dfnahmen ausfallen musste, haben die Umst\u00e4nde, die ihn diesmal begleiten, im weiteren Sinne auch mit Corona zu tun. Der Veranstaltungsort, den wir schon lange beworben hatten \u2013 ein Naturfreundehaus in Rheinland Pfalz \u2013 wurde uns sehr kurzfristig eine Woche vor Beginn gek\u00fcndigt \u2013 mit der knappen Begr\u00fcndung, es g\u00e4be Diskussionen. Und nur durch eine weitergeleitete eMail erfuhren wir, worin \u00fcberhaupt diese Diskussionen bestanden. Das war eine reine Verleumdungsorgie,&#8230;<\/p>\n","protected":false},"author":3,"featured_media":13527,"comment_status":"closed","ping_status":"closed","sticky":false,"template":"","format":"standard","meta":{"colormag_page_container_layout":"default_layout","colormag_page_sidebar_layout":"default_layout","advanced_seo_description":"","jetpack_seo_html_title":"","jetpack_seo_noindex":false,"jetpack_post_was_ever_published":false,"footnotes":""},"categories":[913],"tags":[1541,62,735,1742,669,1545,825,1333,1130],"class_list":["post-13498","post","type-post","status-publish","format-standard","has-post-thumbnail","hentry","category-kultur-kunst","tag-denunziation","tag-interview","tag-kulturseminar","tag-liedersommer","tag-linker-liedersommer","tag-naturfreunde","tag-politisches-lied","tag-querdenker","tag-verleumdung"],"jetpack_featured_media_url":"https:\/\/i0.wp.com\/www.freidenker.org\/fw17\/wp-content\/uploads\/2022\/06\/LiLiSo2022_Bahlo_800x450.jpg?fit=800%2C450&ssl=1","jetpack_shortlink":"https:\/\/wp.me\/p9stpK-3vI","jetpack-related-posts":[{"id":13736,"url":"https:\/\/www.freidenker.org\/?p=13736","url_meta":{"origin":13498,"position":0},"title":"Video vom Liedersommer 2022: Stimmen zu Frieden und Freiheit","author":"Webredaktion","date":"9. Juli 2022","format":false,"excerpt":"Die Arbeiterfotografie hat von unserem Linken Liedersommer 2022 ein 52-min\u00fctiges Video erstellt und \u00fcber die NRhZ und auf YouTube ver\u00f6ffentlicht. Im Begleittext dazu hei\u00dft es: In Tradition des politischen Liedes von Verdis Gefangenenchor aus Nabucco, \u00fcber den US-Arbeiterf\u00fchrer und Liedermacher Joe Hill, Brecht-Eisler-Kampflieder und Balladen, \u00fcber das israelische \"Frieden f\u00fcr\u2026","rel":"","context":"In &quot;Kultur &amp; Kunst&quot;","block_context":{"text":"Kultur &amp; Kunst","link":"https:\/\/www.freidenker.org\/?cat=913"},"img":{"alt_text":"","src":"https:\/\/i0.wp.com\/www.freidenker.org\/fw17\/wp-content\/uploads\/2022\/07\/sonja_liliso2022_v6a.jpg?fit=800%2C450&ssl=1&resize=350%2C200","width":350,"height":200,"srcset":"https:\/\/i0.wp.com\/www.freidenker.org\/fw17\/wp-content\/uploads\/2022\/07\/sonja_liliso2022_v6a.jpg?fit=800%2C450&ssl=1&resize=350%2C200 1x, https:\/\/i0.wp.com\/www.freidenker.org\/fw17\/wp-content\/uploads\/2022\/07\/sonja_liliso2022_v6a.jpg?fit=800%2C450&ssl=1&resize=525%2C300 1.5x, https:\/\/i0.wp.com\/www.freidenker.org\/fw17\/wp-content\/uploads\/2022\/07\/sonja_liliso2022_v6a.jpg?fit=800%2C450&ssl=1&resize=700%2C400 2x"},"classes":[]},{"id":13397,"url":"https:\/\/www.freidenker.org\/?p=13397","url_meta":{"origin":13498,"position":1},"title":"\u201eCancel Culture\u201c getrotzt: Erfolgreicher Liedersommer der Freidenker","author":"Webredaktion","date":"15. Juni 2022","format":false,"excerpt":"Bildergalerie vom Linken Liedersommer 2022 \u00dcber 100 Teilnehmer konnte der Freidenker-Vorsitzende Sebastian Bahlo am Wochenende in Bad Orb beim 9. Kulturseminar des Verbandes \u201eF\u00fcr eine solidarische Welt \u2013 gegen Ausbeutung und Krieg\u201c begr\u00fc\u00dfen. Viele sahen ihre Teilnahme auch als bewussten Protest gegen die Denunziatoren, die das Naturfreundehaus Rahnenhof in der\u2026","rel":"","context":"In &quot;Kultur &amp; Kunst&quot;","block_context":{"text":"Kultur &amp; Kunst","link":"https:\/\/www.freidenker.org\/?cat=913"},"img":{"alt_text":"","src":"https:\/\/i0.wp.com\/www.freidenker.org\/fw17\/wp-content\/uploads\/2022\/06\/LiLiSo2022_collage_800x450.jpg?fit=800%2C450&ssl=1&resize=350%2C200","width":350,"height":200,"srcset":"https:\/\/i0.wp.com\/www.freidenker.org\/fw17\/wp-content\/uploads\/2022\/06\/LiLiSo2022_collage_800x450.jpg?fit=800%2C450&ssl=1&resize=350%2C200 1x, https:\/\/i0.wp.com\/www.freidenker.org\/fw17\/wp-content\/uploads\/2022\/06\/LiLiSo2022_collage_800x450.jpg?fit=800%2C450&ssl=1&resize=525%2C300 1.5x, https:\/\/i0.wp.com\/www.freidenker.org\/fw17\/wp-content\/uploads\/2022\/06\/LiLiSo2022_collage_800x450.jpg?fit=800%2C450&ssl=1&resize=700%2C400 2x"},"classes":[]},{"id":6659,"url":"https:\/\/www.freidenker.org\/?p=6659","url_meta":{"origin":13498,"position":2},"title":"Galerie: Linker Liedersommer 2019","author":"Webredaktion","date":"6. Juli 2019","format":false,"excerpt":"Vom 21. bis 23. Juni 2019 fand im Naturfreundehaus Rahnenhof bei Hertlingshausen in der Pfalz das 8. Kulturseminar (\u201eLinker Liedersommer\u201c) des Deutschen Freidenker-Verbandes statt. Zahlreiche K\u00fcnstler wie Daniel Osorio, Eva Heinzmann, Sonja Gottlieb, Reinhard Frankel, Guy Dawson, Ernst \u201eErnesto\u201c Schwarz, Philipp Hoffmann, Bernd K\u00f6hler, Hartmut K\u00f6nig sowie Diether Dehm &\u2026","rel":"","context":"In &quot;Kultur &amp; Kunst&quot;","block_context":{"text":"Kultur &amp; Kunst","link":"https:\/\/www.freidenker.org\/?cat=913"},"img":{"alt_text":"","src":"https:\/\/i0.wp.com\/www.freidenker.org\/fw17\/wp-content\/uploads\/2019\/07\/Liedersommer_2019.jpg?fit=800%2C445&ssl=1&resize=350%2C200","width":350,"height":200,"srcset":"https:\/\/i0.wp.com\/www.freidenker.org\/fw17\/wp-content\/uploads\/2019\/07\/Liedersommer_2019.jpg?fit=800%2C445&ssl=1&resize=350%2C200 1x, https:\/\/i0.wp.com\/www.freidenker.org\/fw17\/wp-content\/uploads\/2019\/07\/Liedersommer_2019.jpg?fit=800%2C445&ssl=1&resize=525%2C300 1.5x, https:\/\/i0.wp.com\/www.freidenker.org\/fw17\/wp-content\/uploads\/2019\/07\/Liedersommer_2019.jpg?fit=800%2C445&ssl=1&resize=700%2C400 2x"},"classes":[]},{"id":16670,"url":"https:\/\/www.freidenker.org\/?p=16670","url_meta":{"origin":13498,"position":3},"title":"Die Welt der \u00bbFreidenker\u00ab: politisches Festival in Auerstedt","author":"Webredaktion","date":"18. Juli 2023","format":false,"excerpt":"Video von salve.tv [Text von salve.tv:] Der 10. Freidenkerliedersommer gegen Faschismus und Krieg fand erstmals in Th\u00fcringen statt. Die Teilnehmer, zumeist Linke, Friedensbewegte, Pazifisten, reisten aus ganz Deutschland nach Auerstedt an. Wegen kritischen Ansichten zu Coronama\u00dfnahmen und angeblicher N\u00e4he zur Querdenkerszene stehen die Freidenker in der Kritik. In Gespr\u00e4chen am\u2026","rel":"","context":"In &quot;Demokratie \u2013 Medien \u2013 Aufkl\u00e4rung&quot;","block_context":{"text":"Demokratie \u2013 Medien \u2013 Aufkl\u00e4rung","link":"https:\/\/www.freidenker.org\/?cat=12"},"img":{"alt_text":"","src":"https:\/\/i0.wp.com\/www.freidenker.org\/fw17\/wp-content\/uploads\/2023\/07\/liso_salve-tv_800x450.jpg?fit=800%2C450&ssl=1&resize=350%2C200","width":350,"height":200,"srcset":"https:\/\/i0.wp.com\/www.freidenker.org\/fw17\/wp-content\/uploads\/2023\/07\/liso_salve-tv_800x450.jpg?fit=800%2C450&ssl=1&resize=350%2C200 1x, https:\/\/i0.wp.com\/www.freidenker.org\/fw17\/wp-content\/uploads\/2023\/07\/liso_salve-tv_800x450.jpg?fit=800%2C450&ssl=1&resize=525%2C300 1.5x, https:\/\/i0.wp.com\/www.freidenker.org\/fw17\/wp-content\/uploads\/2023\/07\/liso_salve-tv_800x450.jpg?fit=800%2C450&ssl=1&resize=700%2C400 2x"},"classes":[]},{"id":6596,"url":"https:\/\/www.freidenker.org\/?p=6596","url_meta":{"origin":13498,"position":4},"title":"Videos: Linker Liedersommer 2019","author":"Webredaktion","date":"6. Juli 2019","format":false,"excerpt":"Vom 21. bis 23. Juni 2019 fand im Naturfreundehaus Rahnenhof bei Hertlingshausen in der Pfalz das 8. Kulturseminar (\"Linker Liedersommer\") des Deutschen Freidenker-Verbandes statt. Die folgenden Videos des YouTube-Kanals von Newscan vermitteln einige Eindr\u00fccke von dieser Veranstaltung. Zu sehen u.a. Ausschnitte aus: - Liederabend am Lagerfeuer - Programme von Dieter\u2026","rel":"","context":"In &quot;Kultur &amp; Kunst&quot;","block_context":{"text":"Kultur &amp; Kunst","link":"https:\/\/www.freidenker.org\/?cat=913"},"img":{"alt_text":"","src":"https:\/\/i0.wp.com\/www.freidenker.org\/fw17\/wp-content\/uploads\/2019\/07\/Liedersommer.jpg?fit=800%2C445&ssl=1&resize=350%2C200","width":350,"height":200,"srcset":"https:\/\/i0.wp.com\/www.freidenker.org\/fw17\/wp-content\/uploads\/2019\/07\/Liedersommer.jpg?fit=800%2C445&ssl=1&resize=350%2C200 1x, https:\/\/i0.wp.com\/www.freidenker.org\/fw17\/wp-content\/uploads\/2019\/07\/Liedersommer.jpg?fit=800%2C445&ssl=1&resize=525%2C300 1.5x, https:\/\/i0.wp.com\/www.freidenker.org\/fw17\/wp-content\/uploads\/2019\/07\/Liedersommer.jpg?fit=800%2C445&ssl=1&resize=700%2C400 2x"},"classes":[]},{"id":5381,"url":"https:\/\/www.freidenker.org\/?p=5381","url_meta":{"origin":13498,"position":5},"title":"Linker Liedersommer 2019","author":"Webredaktion","date":"2. September 2018","format":false,"excerpt":"Veranstaltung: Achtes Kulturseminar \/ Linker Liedersommer vom 21.-23. Juni 2019. Auch nach dem Umzug vom Hunsr\u00fcck in die Pfalz kn\u00fcpfen wir mit dem Linken Liedersommer an die Liedermacher-Tradition der APO-Zeiten auf Burg Waldeck an. Wir laden ein zu Musik und gemeinsamem Singen am abendlichen Lagerfeuer, zur Debatte \u00fcber Kunst und\u2026","rel":"","context":"In &quot;Kultur &amp; Kunst&quot;","block_context":{"text":"Kultur &amp; Kunst","link":"https:\/\/www.freidenker.org\/?cat=913"},"img":{"alt_text":"","src":"https:\/\/i0.wp.com\/www.freidenker.org\/fw17\/wp-content\/uploads\/2018\/09\/Linker_Liedersommer_2019_800x445.jpg?fit=800%2C445&ssl=1&resize=350%2C200","width":350,"height":200,"srcset":"https:\/\/i0.wp.com\/www.freidenker.org\/fw17\/wp-content\/uploads\/2018\/09\/Linker_Liedersommer_2019_800x445.jpg?fit=800%2C445&ssl=1&resize=350%2C200 1x, https:\/\/i0.wp.com\/www.freidenker.org\/fw17\/wp-content\/uploads\/2018\/09\/Linker_Liedersommer_2019_800x445.jpg?fit=800%2C445&ssl=1&resize=525%2C300 1.5x, https:\/\/i0.wp.com\/www.freidenker.org\/fw17\/wp-content\/uploads\/2018\/09\/Linker_Liedersommer_2019_800x445.jpg?fit=800%2C445&ssl=1&resize=700%2C400 2x"},"classes":[]}],"_links":{"self":[{"href":"https:\/\/www.freidenker.org\/index.php?rest_route=\/wp\/v2\/posts\/13498","targetHints":{"allow":["GET"]}}],"collection":[{"href":"https:\/\/www.freidenker.org\/index.php?rest_route=\/wp\/v2\/posts"}],"about":[{"href":"https:\/\/www.freidenker.org\/index.php?rest_route=\/wp\/v2\/types\/post"}],"author":[{"embeddable":true,"href":"https:\/\/www.freidenker.org\/index.php?rest_route=\/wp\/v2\/users\/3"}],"replies":[{"embeddable":true,"href":"https:\/\/www.freidenker.org\/index.php?rest_route=%2Fwp%2Fv2%2Fcomments&post=13498"}],"version-history":[{"count":0,"href":"https:\/\/www.freidenker.org\/index.php?rest_route=\/wp\/v2\/posts\/13498\/revisions"}],"wp:featuredmedia":[{"embeddable":true,"href":"https:\/\/www.freidenker.org\/index.php?rest_route=\/wp\/v2\/media\/13527"}],"wp:attachment":[{"href":"https:\/\/www.freidenker.org\/index.php?rest_route=%2Fwp%2Fv2%2Fmedia&parent=13498"}],"wp:term":[{"taxonomy":"category","embeddable":true,"href":"https:\/\/www.freidenker.org\/index.php?rest_route=%2Fwp%2Fv2%2Fcategories&post=13498"},{"taxonomy":"post_tag","embeddable":true,"href":"https:\/\/www.freidenker.org\/index.php?rest_route=%2Fwp%2Fv2%2Ftags&post=13498"}],"curies":[{"name":"wp","href":"https:\/\/api.w.org\/{rel}","templated":true}]}}