{"id":13478,"date":"2022-06-16T02:36:33","date_gmt":"2022-06-16T00:36:33","guid":{"rendered":"https:\/\/www.freidenker.org\/?p=13478"},"modified":"2022-07-09T16:47:47","modified_gmt":"2022-07-09T14:47:47","slug":"beginnen-wir-in-europa-mit-der-denazifizierung","status":"publish","type":"post","link":"https:\/\/www.freidenker.org\/?p=13478","title":{"rendered":"Beginnen wir in Europa mit der Denazifizierung"},"content":{"rendered":"<p><em>von <strong>Dr. Wolfgang Schacht<\/strong><\/em><\/p>\n<p>Haben es die ukrainischen und europ\u00e4ischen Nazis angesichts der neuen beispiellosen Russophobie in Europa und in den USA tats\u00e4chlich geschafft, die in \u201eunseren Medien&#8220; demonstrierte weltweite Anerkennung zu finden? Offensichtlich, ja! Denn nach den Worten des neunten Bundeskanzlers vom Vierten Deutschen Reich, Olaf Scholz, bezeichnete er die vom Pr\u00e4sidenten Russlands, Vladimir Putin, mit gro\u00dfer Sorge genannte Massenvernichtung (Genozid!) russischer Menschen im Donbass, die von den ukrainischen Faschisten und Nazis dort seit ihrem Putsch im Jahre 2014 praktiziert wird, einfach als \u201el\u00e4cherlich&#8220;.<\/p>\n<p>Eine unfassbare Kr\u00e4nkung und Beleidigung aller Menschen und V\u00f6lker der Sowjetunion\/Russlands, die bei der Befreiung ihres Landes und der europ\u00e4ischen L\u00e4nder vom Faschismus und Nazismus mehr als 27 Millionen Menschen verloren haben. Wohl wissend, dass in Abstimmung mit der NATO der gro\u00dfe \u00dcberfall der Ukraine auf die Gebiete Donezk, Lugansk, der Krim und auf Russland am 28. Februar 2022 beginnen wird, hat er sich am 27. Februar im Bundestag offiziell auf die Seite der ukrainischen Nazis gestellt und die L\u00e4nder scharf kritisiert, die sich mit der speziellen milit\u00e4rischen Operation Russlands am 24. Februar in der Ukraine solidarisieren.<\/p>\n<p>Wie nicht anders erwartet, verurteilte auch die Partei \u201eDie Linke&#8220; in totaler Unkenntnis der tats\u00e4chlichen politischen und milit\u00e4rischen Verh\u00e4ltnisse in der Ukraine, den Pr\u00e4sidenten Russlands, Vladimir Putin, als Aggressor und Kriegsverbrecher. Wen wundert es, dass ein gewisser Herr Gregor Gysi in einer politisch und moralisch widerlichen Fernsehsendung uns \u00e4u\u00dferst fach- und sachkundig dar\u00fcber informiert, dass im Zusammenhang mit den geplanten Waffenlieferungen an die ukrainischen Nazis, auf keinen Fall milit\u00e4rische Geheimnisse der deutschen R\u00fcstungsindustrie an die \u201eRussen&#8220; verraten werden d\u00fcrfen. Wer ist er? Wen vertritt er? Wer bezahlt ihn? Wie soll der Laie, aber noch normal denkende Mensch, diese \u00e4u\u00dferst komplexe Information \u00fcber das Interesse der Linken an einem gut funktionierenden <strong>Schutz der Geheimnisse in der deutschen R\u00fcstungsindustrie<\/strong> einordnen und verarbeiten?<\/p>\n<p>Hat die sogenannte zivilisierte Welt die zum Himmel schreienden Verbrechen der europ\u00e4ischen Nazis unter der F\u00fchrung von Adolf Hitler in der Sowjetunion und in anderen L\u00e4ndern bereits vergessen oder &#8230; bereits verziehen? Wie lange dauert es noch, bis wir wieder in einem kolonial-nazistischen Europa leben? Die Vorbereitungen daf\u00fcr laufen auf Hochtouren. Sind wir wirklich schon so blind und dumm, dass wir die damit verbundenen Erscheinungen und Ereignisse nicht sehen, nicht richtig einsch\u00e4tzen und bewerten k\u00f6nnen?<\/p>\n<p>Der st\u00e4ndige Versuch des amerikanischen Establishments Josef Stalin \u2013 d.h. die UdSSR &#8211; mit dem m\u00f6rderischen Naziregime Adolf Hitlers auf eine Stufe zu stellen und die starke finanzielle und milit\u00e4rische Unterst\u00fctzung der nazistischen Kr\u00e4fte in der Ukraine seit dem Putsch im Jahre 2014 in Kiew durch die Vereinigten Staaten und ihre Vasallen hat sie letztendlich selbst als lupenreine Nazis entlarvt. <strong>Denn ihr strategisches Ziel war, ist und bleibt die Vernichtung der russischen Zivilisation!<\/strong> Wenn m\u00f6glich durch einen Krieg mit fremden H\u00e4nden. So, wie es in den Jahren von 1941 \u2013 1945 mit Hilfe der deutschen Nazis bereits erfolglos versucht wurde!<\/p>\n<p>Jetzt, durch die M\u00f6glichkeit des Einsatzes sehr starker milit\u00e4rischer Kr\u00e4fte und den Einsatz von modernen Atomwaffen (siehe Erstschlagstrategie der USA!), stehen den notorischen Kriegstreibern noch viel teuflischere Instrumente zur Ausrottung und Versklavung der Menschheit zur Verf\u00fcgung. Diese m\u00f6rderische strategische Zielstellung ist kein gut beh\u00fctetes Geheimnis der USA und der NATO. Sie ist auch keine primitive Propaganda der \u201eb\u00f6sen Russen\u201c gegen die friedliebende USA. Nein! Im Gegenteil! Diese nazistische strategische Zielstellung wird lauthals in allen herrschenden Medien der USA und ihrer Vasallen so publiziert, wie sie gemeint ist und praktisch auch realisiert werden soll.<\/p>\n<p>Es ist deshalb kein Zufall, dass der neue zeitweilige Verb\u00fcndete der USA und der NATO, das neue nazistische Instrument zur Schw\u00e4chung Russlands und \u2013 wenn m\u00f6glich \u2013 zur Vernichtung der russischen Zivilisation die Ukraine ist. An dem teuflischen Instrument \u201eUkraine\u201c haben die USA, Gro\u00dfbritannien, die BRD, Polen u.a. viele Jahre hart gearbeitet, in das teuflische Instrument \u201eUkraine\u201c wurde sehr viel Geld f\u00fcr Waffen und sonstige milit\u00e4rische Ausr\u00fcstungen investiert, das teuflische Instrument \u201eUkraine\u201c wurde durch zielstrebige Ausbildung seiner politischen und milit\u00e4rischen F\u00fchrungskr\u00e4fte zu einem m\u00f6rderischen Monster entwickelt, das selbst die schlimmsten Vertreter der deutschen Nazis in den Jahren 1941 \u2013 1945 noch in den Schatten stellt.<\/p>\n<p>Wussten Sie, verehrte Leserinnen und Leser, dass ukrainische Offiziere die Weisung erteilt haben, keine russische Gefangene zu machen. Russische Offiziere werden von ihnen sofort erschossen!<\/p>\n<p>Tatsache ist auch, dass verletzte ukrainische Soldaten bei R\u00fcckzug oder Stellungswechsel ihre verwundeten und toten Mitk\u00e4mpfer einfach liegen lassen. F\u00fcr ihre \u201evermissten Soldaten und Offiziere\u201c zahlt die ukrainische Armee den Hinterbliebenen keinen Cent.<\/p>\n<p>F\u00fcr die USA, f\u00fcr Europa und f\u00fcr die NATO \u2013 Staaten, ist Russland ein schwerwiegender St\u00f6rfaktor bei der praktischen Umsetzung der amerikanischen Weltmachtpl\u00e4ne. Eine multi-, tri- oder bipolare Welt ist nach ihren Vorstellungen v\u00f6llig ausgeschlossen. F\u00fcr die praktische Realisierung ihrer monopolaren Weltmacht sind sie zu jedem Verbrechen bereit. Ohne Wenn und Aber! Im wahrsten Sinne des Wortes!<\/p>\n<p>Deshalb ist es h\u00f6chste Zeit, dass auch wir etwas sehr Konkretes gegen die zunehmende Nazifizierung und den Rassismus in Deutschland tun.<\/p>\n<p>Wir k\u00f6nnen es uns nicht erlauben, in unserem K\u00e4mmerlein zu sitzen und darauf zu warten, dass irgendwann eine Partei entsteht, die der st\u00e4ndig zunehmenden Russophobie in unserem Land effektiv den Kampf ansagt.<\/p>\n<p>Die Partei \u201eDie Linke\u201c hat uns und unsere aufrichtige Freundschaft mit Russland und mit seinen wunderbaren Menschen schon lange verraten. Eine neue Partei zu gr\u00fcnden, ist gegenw\u00e4rtig allein schon aus finanziellen und zeitlichen Gr\u00fcnden unm\u00f6glich.<\/p>\n<p>Deshalb schlagen wir im ersten Schritt vor:<\/p>\n<p>Jede B\u00fcrgerin und jeder B\u00fcrger in Deutschland, die\/der<\/p>\n<ul>\n<li>bereit ist, einen konkreten Beitrag im Kampf gegen die zunehmende Russophobie zu leisten;<\/li>\n<li>begriffen hat, dass sich die spezielle milit\u00e4rische Operation Russlands in der Ukraine allein gegen die dort an der Macht befindlichen Nazis und Faschisten richtet;<\/li>\n<li>wei\u00df, dass Russland niemals in der Geschichte der Menschheit ein anderes Volk \u00fcberfallen, unterjocht oder ausgebeutet hat;<\/li>\n<li>wei\u00df, dass Russland immer mit anderen V\u00f6lkern solidarisch ist und ihnen selbst bei Hunger, gr\u00f6\u00dfter Not und Krieg stets helfend zur Seite steht;<\/li>\n<li>wei\u00df, dass Russland allein schon aus zutiefst religi\u00f6sen Gr\u00fcnden immer die wahren ethnischen und moralischen Werte der Menschheit vertritt;<\/li>\n<li>wei\u00df, dass die Sowjetunion\/Russland die gr\u00f6\u00dften Opfer im heldenhaften Kampf f\u00fcr die Befreiung Europas vom Nazismus\/Faschismus erbracht hat und sich deshalb<\/li>\n<li>immer mit Respekt, W\u00fcrde und Dankbarkeit vor den Opfern und Helden des Gro\u00dfen Vaterl\u00e4ndischen Krieges verneigt,<\/li>\n<\/ul>\n<p>erkl\u00e4rt sich ab sofort bereit<\/p>\n<ul>\n<li>an ihrer\/seiner Haust\u00fcr und\/oder<\/li>\n<li>an ihrem\/seinem Fenster und\/oder<\/li>\n<li>auf ihrem\/seinem Balkon und\/oder<\/li>\n<li>auf ihrem\/seinem Grundst\u00fcck und\/oder<\/li>\n<li>an ihrem\/seinem Auto und\/oder<\/li>\n<li>an ihrem\/seinem Motorrad und\/oder<\/li>\n<li>an ihrem\/seinem Fahrrad und\/oder<\/li>\n<li>an ihrer\/seiner Kleidung und\/oder<\/li>\n<li>an ihrer\/seiner Handtasche<\/li>\n<li>&#8230;<\/li>\n<\/ul>\n<p>Symbole der Solidarit\u00e4t mit Russland (Abzeichen, B\u00e4nder, Fahnen usw.) zu tragen.<\/p>\n<p>Packen wir es an! Es ist h\u00f6chste Zeit!<\/p>\n<p>Denken wir immer daran, wenn wir Angst haben gegen irgendeine gef\u00e4hrliche Erscheinung zu k\u00e4mpfen, wenn wir aus Feigheit bewusst die Augen davor verschlie\u00dfen, dann erhalten wir nach wenigen Jahren ein schreckliches Resultat, das sich durch unser Nichtstun gesetzm\u00e4\u00dfig ergibt (siehe Anlage).<\/p>\n<p>\u0456Venceremos!<br \/>\n\u041c\u044b \u043f\u043e\u0431\u0435\u0434\u0438\u043c!<br \/>\nWir werden siegen!<\/p>\n<p>Dr. Wolfgang Schacht<br \/>\n25. Mai. 2022<\/p>\n<p style=\"text-align: right;\"><em>Dr. Wolfgang Schacht lebt in Wandlitz bei Berlin<\/em><\/p>\n<hr \/>\n<p><strong>Download<\/strong><\/p>\n<p><img data-recalc-dims=\"1\" loading=\"lazy\" decoding=\"async\" data-attachment-id=\"1076\" data-permalink=\"https:\/\/www.freidenker.org\/?attachment_id=1076\" data-orig-file=\"https:\/\/i0.wp.com\/www.freidenker.org\/fw17\/wp-content\/uploads\/2017\/10\/pdf_icon-2.png?fit=32%2C32&amp;ssl=1\" data-orig-size=\"32,32\" data-comments-opened=\"0\" data-image-meta=\"{&quot;aperture&quot;:&quot;0&quot;,&quot;credit&quot;:&quot;&quot;,&quot;camera&quot;:&quot;&quot;,&quot;caption&quot;:&quot;&quot;,&quot;created_timestamp&quot;:&quot;0&quot;,&quot;copyright&quot;:&quot;&quot;,&quot;focal_length&quot;:&quot;0&quot;,&quot;iso&quot;:&quot;0&quot;,&quot;shutter_speed&quot;:&quot;0&quot;,&quot;title&quot;:&quot;&quot;,&quot;orientation&quot;:&quot;0&quot;}\" data-image-title=\"pdf_icon\" data-image-description=\"\" data-image-caption=\"\" data-large-file=\"https:\/\/i0.wp.com\/www.freidenker.org\/fw17\/wp-content\/uploads\/2017\/10\/pdf_icon-2.png?fit=32%2C32&amp;ssl=1\" class=\"alignnone size-full wp-image-1076\" src=\"https:\/\/i0.wp.com\/www.freidenker.org\/fw17\/wp-content\/uploads\/2017\/10\/pdf_icon-2.png?resize=32%2C32&#038;ssl=1\" alt=\"\" width=\"32\" height=\"32\" \/>\u00a0Den <a href=\"http:\/\/www.dr-schacht.com\/assets\/pdfdoc\/Beginnen_wir_in_Europa_mit_der_Denazifizierung.pdf\" target=\"_blank\" rel=\"noopener\">Beitrag als PDF-Dokument<\/a> ansehen oder herunterladen (externer Link)<\/p>\n<hr \/>\n<p><strong>Anlage<\/strong><\/p>\n<p><span style=\"font-size: 10pt;\">(folgender Text folgt im Wesentlichen dem Artikel &#8222;<a href=\"https:\/\/amp.vesti.ru\/article\/2742606\" target=\"_blank\" rel=\"noopener\">\u041d\u0430\u0441\u043b\u0435\u0434\u0438\u0435 \u0431\u0430\u043d\u0434\u0435\u0440\u043e\u0432\u0446\u0435\u0432 \u0432 \u0423\u0421\u0421\u0420: \u043e\u0442\u043a\u0443\u0434\u0430 \u0432\u0437\u044f\u043b\u0441\u044f \u0441\u043e\u0432\u0440\u0435\u043c\u0435\u043d\u043d\u044b\u0439 \u0443\u043a\u0440\u0430\u0438\u043d\u0441\u043a\u0438\u0439 \u043d\u0430\u0446\u0438\u043e\u043d\u0430\u043b\u0438\u0437\u043c<\/a>&#8220; von vesti.ru , \u00fcbersetzt und bearbeitet von Dr. Wolfgang Schacht)<\/span><\/p>\n<p>Der ukrainische Nationalismus ist nicht pl\u00f6tzlich aus dem Nichts entstanden. Wie wir aus k\u00fcrzlich ver\u00f6ffentlichten geheimen Archiven der Jahre 1960 bis 1970 erfahren, hat er eine lange Geschichte. Seine Entwicklung ist, so paradox es auch klingen mag, sogar mit f\u00fchrenden Pers\u00f6nlichkeiten der Ukrainischen Kommunistischen Partei verbunden. Genau in diesen Jahren wurde die T\u00e4tigkeit der nazistischen Untergrundbewegung des Massenm\u00f6rders Bandera (siehe Link https:\/\/ru.wikipedia.org\/wiki\/\u0411\u0430\u043d\u0434\u0435\u0440\u0430,_\u0421\u0442\u0435\u043f\u0430\u043d_\u0410\u043d\u0434\u0440\u0435\u0435\u0432\u0438\u0447 ) durch bestimmte Kr\u00e4fte, die von Chruschtschow amnestiert wurden, wieder aktiviert. Aus dem Jahre 1956 stammt ein Dokument mit dem Kennzeichen \u201eStreng geheim&#8220;. In ihm wird vom Geheimdienst der sowjetischen Regierung mitgeteilt, dass nach der massenhaften Rehabilitierung im August 1956 in die westlichen Gebiete der Ukraine mehr als 20.000 Mitglieder der Organisation Ukrainischer Nationalisten (OUN), darunter 7.000 in das Gebiet von Lwow, zur\u00fcckgekehrt sind. Von 2.000 Bandera-Anh\u00e4ngern in Lwow lebten dort nur 196 Personen vor dem Krieg. Dadurch wurde Lwow und das gleichnamige Gebiet zu einem wahren Ballungszentrum der ehemaligen K\u00e4mpfer der Ukrainischen Aufstandsarmee (UAA) und der Organisation Ukrainischer Nationalisten. Im Ergebnis gab es 10-mal mehr ukrainische Nationalisten als fr\u00fcher.<\/p>\n<p>\u201eDie Spannungen und Auseinandersetzungen nahmen im Gebiet von Lwow und sp\u00e4ter auch in der Ukraine erheblich zu&#8220; teilte der Direktor des Russischen Staatsarchives f\u00fcr neue Geschichte, Igor Permjakov, der Regierung in Moskau mit.<\/p>\n<p>9 Jahre sp\u00e4ter schreibt der Sekret\u00e4r des Gebietskomitees von Lwow, Valentin Malantschuk, nach Moskau, dass in sein Gebiet mehr als 40.000 ehemals sehr aktive Mitglieder der Sunow- Bande mit ihren Familienmitgliedern zur\u00fcckgekehrt sind. Diese Daten legt er dem Brief vom 7. September 1965 bei, der pers\u00f6nlich an Breschnew gerichtet war. Permjakov schrieb dazu:<\/p>\n<p>\u201eWas f\u00fcr ein beeindruckend mutiger Mensch. Im Jahre 1965 \u00fcber den Kopf der ukrainischen Parteiorganisation hinweg an den Generalsekret\u00e4r einen derartigen Brief \u00fcber derartige Probleme zu schreiben, die es ohne Zweifel im Gebiet von Lwow und in der Ukraine gab, konnte sehr gef\u00e4hrliche Folgen haben. Trotzdem hat er ihn geschrieben&#8220;.<\/p>\n<p>Valentin Malantschuk war wirklich ein au\u00dfergew\u00f6hnlicher Mensch. Als Absolvent der Universit\u00e4t von Lwow, Doktor f\u00fcr Geschichtswissenschaften, Professor, Leiter der Abteilung f\u00fcr Wissenschaft und Kultur und schlie\u00dflich als Sekret\u00e4r des Gebietskomitees leistete er eine hervorragende Arbeit. Sein Vater wurde 1945 von Anh\u00e4ngern der Bandera-Bande umgebracht.<\/p>\n<p>In seinem Brief an Breschnew kritisierte Malantschuk sehr stark die nationale Politik des Zentralkomitees der Kommunistischen Partei der Ukraine und seiner Vorsitzenden in Kiew.<\/p>\n<p>Unter anderem schrieb er, dass er nicht einverstanden sei, mit der unerwarteten Weisung von Kiew \u00fcber die beschleunigte allgemeine Einf\u00fchrung der ukrainischen Sprache in allen Hochschulen der Republik. Nach seinen Worten f\u00fchrt eine derartige Direktive zu einer Politisierung der Sprache und ruft selbst bei den Rektoren der Hochschulen von Lwow viele Fragen hervor. An dieser Stelle informiert Malantschuk \u00fcber ein Gespr\u00e4ch mit dem Abteilungsleiter f\u00fcr Propaganda und Agitation des ZK der KP Ukraine, Genosse Schewel, der erkl\u00e4rte, man sollte gef\u00e4lligst keine Angst vor dem Begriff \u201eUkrainisierung&#8220; haben, sondern sich vielmehr mit seiner praktischen Umsetzung besch\u00e4ftigen&#8220;. Au\u00dferdem bringt der Sekret\u00e4r des Gebietskomitees im Brief an Breschnew eine Reihe konkreter Fakten \u00fcber die Berufung ehemaliger Mitglieder der Sunow-Bande in leitende \u00c4mter des Staates.<\/p>\n<p>Nicht weniger aufschlussreich ist die Geschichte mit dem Journal \u201eOktober\u201c (ukrainisch Showten), das vom republikanischen Organ des Schriftstellerverbandes der Ukraine in Lwow herausgegeben wird. \u201eAls Redakteur dieses Journals wurde trotz Widerspruch des Gebietskomitees der Partei der Poet Rostislaw Bratun best\u00e4tigt, ein politisch v\u00f6llig unreifer Mensch, der in seiner Jugend ein F\u00fchrer der OUN war und deshalb aus der Partei ausgeschlossen wurde\u201c, teilte Permjakov mit. Nachdem das B\u00fcro des Gebietskomitees von Lwow entschieden hatte den Nationalisten von seinem Amt als Redakteur abzul\u00f6sen, legte der 1. Sekret\u00e4r der Kommunistischen Partei der Ukraine, Peter Efimowitsch Schelest, dagegen Einspruch ein. Nach einem Treffen mit dem ehemaligen Nationalisten erkl\u00e4rte Schelest, dass das Gebietskomitee seine Entscheidung \u00fcber die Abl\u00f6sung von Bratun neu \u00fcberdenken muss. \u201eEs ist schwer zu sagen, warum dies gemacht wurde und warum ein Mensch unterst\u00fctzt wurde, der \u00fcber beide Ohren in diesem nazistischen Dreck verwickelt war\u201c schreibt in seinem Brief an Breschnew.<\/p>\n<p>Der im Dorf Andreewka des Gebietes Charkow geborene Peter Efimowitsch Schelest leitete die Ukrainische Kommunistische Partei der Ukraine im Jahr 1963. Bis zu seiner Berufung legte er einen langen Weg vom Arbeiter im Metallurgischen Kombinat von Mariupol bis zu 1. Sekret\u00e4r des Gebietskomitees von Kiew zur\u00fcck. Am 2. Juli 1963 wurde Schelest auf der Grundlage einer pers\u00f6nlichen Empfehlung von Chruschtschow zum 1. Sekret\u00e4r des ZK der KP Ukraine gew\u00e4hlt. Jedoch schon nach einem Jahr dankte er seinem Schirmherr auf \u00e4u\u00dferst erstaunlicher Art und Weise. Gemeinsam mit Breschnew nahm Schelest aktiv an einer Verschw\u00f6rung zur Absetzung von Chruschtschow teil. Auf der Grundlage eines grenzenlosen Vertrauens von Moskau, begann Peter Efimowitsch anschlie\u00dfend die ihm anvertraute Republik aktiv und sehr intensiv zu \u201eUkrainisieren\u201c.<\/p>\n<p>\u201eOhne Zweifel kann Peter Efimowitsch (oder in ukrainischer Sprache auch Juchymowitscha \u2013 Schelest genannt) als ein National-Bolschewist bezeichnet werden. Er war ein Mensch, der in sich sowohl leninsche, bolschewistische und nationalsozialistische Anschauungen vereinte.<\/p>\n<p>Schelest tr\u00e4umte davon, die ganze Ukraine zu \u201aUkrainisieren\u2019. Er tr\u00e4umte davon, das gesamte System der h\u00f6heren Bildung zu \u201aUkrainisieren\u2019, was zu erheblichen Protesten innerhalb der Ukraine f\u00fchrte. Er wurde beschuldigt, dass er sich ziemlich stark von nationalistischen Ideen treiben lie\u00df\u201c, sagte und schrieb der Historiker und das Mitglied des Rates beim Pr\u00e4sidenten f\u00fcr internationale Beziehungen, Bogdan Bespalko.<\/p>\n<p>Schelest betrachtete sich selbst als ein Nachfahre der Kosaken. Er lie\u00df auf der Insel Chortyzja ein Museum des Saporoger Kosakentums bauen und den grandiosen Palast der Ukraine in Kiew. Von seinen Untergebenen forderte er der ukrainischen Sprache mehr Aufmerksamkeit zu widmen und sie anstelle der russischen Sprache in allen Bereichen des Lebens zu nutzen. Z. B. forderte er, alle russischen Schilder in den St\u00e4dten auf der Krim und in Novorossija (Taurien) durch Schilder in der ukrainischen Sprache zu ersetzen. Den Einwohnern von Sewastopol und den Kommandierenden der Schwarzmeerflotte schickte er Gratulationen und Einladungen in ukrainischer Sprache. 77% der Einwohner auf der Krim waren zu dieser Zeit russische B\u00fcrger.<\/p>\n<p>\u201ePeter Efimowitsch besa\u00df ein stark ausgepr\u00e4gtes ukrainisches Nationalbewusstsein. Er best\u00e4tigte und unterstrich dies bei jeder Gelegenheit, oft mit unzul\u00e4ssiger Grobheit. Wenn auf einer Tagung alle Referenten ihre Beitr\u00e4ge in russischer Sprache hielten, dann benutzte er in seinem Beitrag demonstrativ die ukrainische Sprache. Gleiches tat er auch bei offiziellen Begr\u00fc\u00dfungen, die viele der Anwesenden einfach nicht verstanden\u201c.<\/p>\n<p>W\u00e4hrend seiner 9-j\u00e4hrigen T\u00e4tigkeit in der ukrainischen Regierung versuchte er sogar das Politb\u00fcro zu \u00fcberzeugen, internationale Handelsvertr\u00e4ge in ukrainischer Sprache abzufassen. Seine Bem\u00fchungen wurden jedoch nicht unterst\u00fctzt.<\/p>\n<p>Im Jahre 1972 wurde er von Leonid Breschnew nach Moskau gerufen und zum Stellvertretenden Vorsitzenden des Ministerrates der UdSSR ernannt. Zum neuen 1. Sekret\u00e4r der Ukrainischen Kommunistischen Partei wurde der enge Freund von Breschnew, Wladimir Schtscherbitzki, berufen.<\/p>\n<p>\u201eWenn wir Schelest mit Schtscherbitzki vergleichen, dann ist Schelest ein geradliniger Bolschewik der 20-iger und 30-iger Jahre des 20. Jahrhunderts, in dem das Feuer des Glaubens brennt, dass die Bourgeoisie vernichtet und das ukrainische Selbstbewusstsein den Menschen eingepflanzt werden muss. Schtscherbitzki \u2013 das ist einfach ein Parteiintrigant, ein Mensch, den man ohne Zweifel als Vertreter der Nomenklatur bezeichnen w\u00fcrde, einfach ein Karrierist\u201c, schreibt Bespalko.<\/p>\n<p>Schtscherbitzki setzte die \u201eUkrainisierung\u201c, jedoch wesentlich langsamer durch als in den Jahren davor. Trotzdem war sie vorhanden. Sogar im Donbass wurde nicht mehr von russischer Kultur gesprochen, sondern nur \u00fcber die \u201eKultur der Bergleute\u201c. Beim Auftritt des \u201eEnsembles f\u00fcr Lieder und T\u00e4nze\u201c in russischen Nationaltrachten wird nicht von russischen S\u00e4ngern und russischen T\u00e4nzern gesprochen, sondern von den \u201eBergleuten\u201c.<\/p>\n<p>Am 23. April 1973 sendet Schtscherbitzki ein Schreiben an das Zentralkomitee der KPdSU mit geheimen Informationen \u00fcber den aktuellen Zustand in der Ukraine. In diesem Schreiben ist er gezwungen festzustellen, dass bei seinem Vorg\u00e4nger nationalistische Elemente sehr aktiv geworden sind. In der letzten Zeit, so teilte er mit, haben sich in Kiew und in anderen St\u00e4dten der Republik mehr als 40 Emiss\u00e4re von ausl\u00e4ndischen nationalistischen Zentren aufgehalten.<\/p>\n<p>Im Jahre 1973 ist es gelungen, in der Westukraine mehrere Gruppen von nationalistischen Organisationen zu zerschlagen, die sich mit der Verbreitung antisowjetischer Flugbl\u00e4tter besch\u00e4ftigten. Bei einigen Mitgliedern der Gruppe in Kolomyja (Westukraine) wurden Waffen und Munition gefunden.<\/p>\n<p>\u201eSchtscherbitzki, der auf Vorschlag von Breschnew in Kiew als 1. Sekret\u00e4r eingesetzt worden ist, schreibt sehr ausf\u00fchrlich \u00fcber die au\u00dferordentlich schwere und komplizierte Situation im Zusammenhang mit der Entwicklung nationalistischer Tendenzen in seinem Territorium.<\/p>\n<p>Nat\u00fcrlich, in versteckter Form, fast aufrichtig (soweit m\u00f6glich) nennt er auch den Schuldigen \u2013 Peter Schelest, seinen Vorg\u00e4nger auf dem Posten des 1. Sekret\u00e4rs der KP in der Ukraine\u201c, sagt der Leiter des Russischen Staatsarchives, Timur Dshalilow.<\/p>\n<p>\u201eUnabh\u00e4ngig von aller Sch\u00e4rfe diese Dokumentes, musste der neue 1. Sekret\u00e4r nat\u00fcrlich beweisen, dass in seinem Territorium alles in Ordnung ist, dass er eine gute Arbeit leistet und dass sich das Zentrum nicht beunruhigen braucht. Und siehe da, im Ergebnis seiner Ma\u00dfnahmen scheint alles besser geworden zu sein\u201c, schreibt Dshalilow in diesem Zusammenhang.<\/p>\n<p>Unabh\u00e4ngig von der Erkl\u00e4rung \u00fcber den Kampf mit den Nationalisten, ist es Schtscherbitzki, der eine wichtige Information \u00fcber die Zusammenarbeit ukrainischer Nationalisten mit Adolf Hitler unter seinem Tisch zuverl\u00e4ssig versteckt h\u00e4lt.<\/p>\n<p>Im Jahre 1986, als Mitarbeiter des KGB im Gebiet von Kiew, den Massenm\u00f6rder von Khatyn (Wei\u00dfrussland), Grigori Nikitowitsch Wasjura, verhaften, hat Schtscherbitzki pers\u00f6nlich Moskau gebeten, die Information \u00fcber die Teilnahme von ukrainischen Nazis an der Ermordung von Einwohnern im wei\u00dfrussischen Dorf nicht zu ver\u00f6ffentlichen.<\/p>\n<p>\u201eIch bin absolut \u00fcberzeugt, dass gerade dieses Dokument exakt beweist, dass alles, was heute in der Ukraine geschieht, bereits damals in den 70iger Jahren entstanden ist\u201c, sagt der Leiter des Russischen Staatsarchives, Timur Dshalilow.<\/p>\n<p>Wehret den Anf\u00e4ngen!<\/p>\n<p>&nbsp;<\/p>\n<p><strong>Quelle:<br \/>\n<\/strong><a href=\"https:\/\/amp.vesti.ru\/article\/2742606\">https:\/\/amp.vesti.ru\/article\/2742606<\/a><\/p>\n<hr \/>\n<p><span style=\"font-size: 10pt;\">Bild: Collage von Dr. Wolfgang Schacht\u00a0<\/span><\/p>\n<p>&nbsp;<\/p>\n","protected":false},"excerpt":{"rendered":"<p><b>Beitrag von Dr. Wolfgang Schacht<\/b><br \/>\nHaben es die ukrainischen und europ\u00e4ischen Nazis angesichts der neuen beispiellosen Russophobie in Europa und in den USA tats\u00e4chlich geschafft, die in \u201eunseren Medien&#8220; demonstrierte weltweite Anerkennung zu finden? Offensichtlich, ja! Denn nach den Worten des neunten Bundeskanzlers vom Vierten Deutschen Reich, Olaf Scholz, bezeichnete er die vom Pr\u00e4sidenten Russlands, Vladimir Putin, mit gro\u00dfer Sorge genannte Massenvernichtung (Genozid!) russischer Menschen im Donbass, die von den ukrainischen Faschisten und Nazis dort seit ihrem Putsch im Jahre 2014 praktiziert wird, einfach als \u201el\u00e4cherlich&#8220;. Eine unfassbare Kr\u00e4nkung und Beleidigung aller Menschen und V\u00f6lker der Sowjetunion\/Russlands, die bei der Befreiung ihres Landes und der europ\u00e4ischen L\u00e4nder vom Faschismus und Nazismus mehr als 27 Millionen Menschen verloren haben.<\/p>\n","protected":false},"author":3,"featured_media":13479,"comment_status":"closed","ping_status":"closed","sticky":false,"template":"","format":"standard","meta":{"colormag_page_container_layout":"default_layout","colormag_page_sidebar_layout":"default_layout","advanced_seo_description":"","jetpack_seo_html_title":"","jetpack_seo_noindex":false,"jetpack_post_was_ever_published":false,"footnotes":""},"categories":[13],"tags":[370,1544,1543,56,1168,639,185],"class_list":["post-13478","post","type-post","status-publish","format-standard","has-post-thumbnail","hentry","category-frieden-antifaschismus-solidaritaet","tag-antifaschismus","tag-demilitarisierung","tag-entnazifizierung","tag-nato","tag-russophobie","tag-ukraine-konflikt","tag-usa"],"jetpack_featured_media_url":"https:\/\/i0.wp.com\/www.freidenker.org\/fw17\/wp-content\/uploads\/2022\/06\/Ukro-Faschisten_800x450.jpg?fit=800%2C450&ssl=1","jetpack_shortlink":"https:\/\/wp.me\/p9stpK-3vo","jetpack-related-posts":[{"id":13964,"url":"https:\/\/www.freidenker.org\/?p=13964","url_meta":{"origin":13478,"position":0},"title":"Sind die Nazis in Deutschland wieder an der Macht?","author":"Webredaktion","date":"17. August 2022","format":false,"excerpt":"Beitrag von Dr. Wolfgang Schacht Im Zusammenhang mit dem widerlichen und beleidigenden Auftritt des neuen Bundeskanzlers, Olaf Scholz, am 15. Februar 2022 in Moskau ... ; den offiziellen Reaktionen der USA und seiner Vasallen auf den Beginn der \u201eSpeziellen milit\u00e4rischen Operation\u201c Russlands in der Ukraine zu ihrer Demilitarisierung und Denazifizierung\u2026","rel":"","context":"In &quot;Frieden - Antifaschismus - Solidarit\u00e4t&quot;","block_context":{"text":"Frieden - Antifaschismus - Solidarit\u00e4t","link":"https:\/\/www.freidenker.org\/?cat=13"},"img":{"alt_text":"","src":"https:\/\/i0.wp.com\/www.freidenker.org\/fw17\/wp-content\/uploads\/2022\/08\/Nazis_Deutschland_Macht_v3_800x450.jpg?fit=800%2C450&ssl=1&resize=350%2C200","width":350,"height":200,"srcset":"https:\/\/i0.wp.com\/www.freidenker.org\/fw17\/wp-content\/uploads\/2022\/08\/Nazis_Deutschland_Macht_v3_800x450.jpg?fit=800%2C450&ssl=1&resize=350%2C200 1x, https:\/\/i0.wp.com\/www.freidenker.org\/fw17\/wp-content\/uploads\/2022\/08\/Nazis_Deutschland_Macht_v3_800x450.jpg?fit=800%2C450&ssl=1&resize=525%2C300 1.5x, https:\/\/i0.wp.com\/www.freidenker.org\/fw17\/wp-content\/uploads\/2022\/08\/Nazis_Deutschland_Macht_v3_800x450.jpg?fit=800%2C450&ssl=1&resize=700%2C400 2x"},"classes":[]},{"id":6760,"url":"https:\/\/www.freidenker.org\/?p=6760","url_meta":{"origin":13478,"position":1},"title":"Unsere Liebe zu Russland ist st\u00e4rker als jeder Hass","author":"Webredaktion","date":"23. Juli 2019","format":false,"excerpt":"Sie hat es schon wieder getan: Von der Kriegsministerin zur EU-Kommissionspr\u00e4sidentin bef\u00f6rdert, hat Frau von der Leyen sogleich ihren unfassbaren Satz auf die EU \u00fcbertragen: \u201eDer Kreml verzeiht keine Schw\u00e4che. Aus einer Position der St\u00e4rke heraus sollten wir an den Russland-Sanktionen festhalten\u201d Unser Autor Dr. Wolfgang Schachtzeichnet die Russophobie als\u2026","rel":"","context":"In &quot;Frieden - Antifaschismus - Solidarit\u00e4t&quot;","block_context":{"text":"Frieden - Antifaschismus - Solidarit\u00e4t","link":"https:\/\/www.freidenker.org\/?cat=13"},"img":{"alt_text":"","src":"https:\/\/i0.wp.com\/www.freidenker.org\/fw17\/wp-content\/uploads\/2019\/07\/russin_mit_gewehr_800x445_v2.jpg?fit=800%2C445&ssl=1&resize=350%2C200","width":350,"height":200,"srcset":"https:\/\/i0.wp.com\/www.freidenker.org\/fw17\/wp-content\/uploads\/2019\/07\/russin_mit_gewehr_800x445_v2.jpg?fit=800%2C445&ssl=1&resize=350%2C200 1x, https:\/\/i0.wp.com\/www.freidenker.org\/fw17\/wp-content\/uploads\/2019\/07\/russin_mit_gewehr_800x445_v2.jpg?fit=800%2C445&ssl=1&resize=525%2C300 1.5x, https:\/\/i0.wp.com\/www.freidenker.org\/fw17\/wp-content\/uploads\/2019\/07\/russin_mit_gewehr_800x445_v2.jpg?fit=800%2C445&ssl=1&resize=700%2C400 2x"},"classes":[]},{"id":15352,"url":"https:\/\/www.freidenker.org\/?p=15352","url_meta":{"origin":13478,"position":2},"title":"Bandera &#8211; Champion des \u00abWESTENS\u00bb","author":"Webredaktion","date":"23. Februar 2023","format":false,"excerpt":"Beitrag von Prof. Annie Lacroix-Riz - \u00dcbersetzung aus dem Franz\u00f6sischen von Tobias Baumann Der Ukraine-Krieg wurde von Russland nach acht Jahren ukrainisch-westlicher Aggression (2014-2022) gegen die russischsprachigen Menschen in der Ostukraine begonnen. Ihre 14.000 Toten, \u00fcberwiegend Zivilisten, hatten unsere Mainstream-Medien ebenso wenig interessiert wie die Todesf\u00e4lle im Irak, in Serbien,\u2026","rel":"","context":"In &quot;Demokratie \u2013 Medien \u2013 Aufkl\u00e4rung&quot;","block_context":{"text":"Demokratie \u2013 Medien \u2013 Aufkl\u00e4rung","link":"https:\/\/www.freidenker.org\/?cat=12"},"img":{"alt_text":"","src":"https:\/\/i0.wp.com\/www.freidenker.org\/fw17\/wp-content\/uploads\/2023\/02\/Lacroix-Riz_Titel_800x450.jpg?fit=800%2C450&ssl=1&resize=350%2C200","width":350,"height":200,"srcset":"https:\/\/i0.wp.com\/www.freidenker.org\/fw17\/wp-content\/uploads\/2023\/02\/Lacroix-Riz_Titel_800x450.jpg?fit=800%2C450&ssl=1&resize=350%2C200 1x, https:\/\/i0.wp.com\/www.freidenker.org\/fw17\/wp-content\/uploads\/2023\/02\/Lacroix-Riz_Titel_800x450.jpg?fit=800%2C450&ssl=1&resize=525%2C300 1.5x, https:\/\/i0.wp.com\/www.freidenker.org\/fw17\/wp-content\/uploads\/2023\/02\/Lacroix-Riz_Titel_800x450.jpg?fit=800%2C450&ssl=1&resize=700%2C400 2x"},"classes":[]},{"id":14818,"url":"https:\/\/www.freidenker.org\/?p=14818","url_meta":{"origin":13478,"position":3},"title":"V\u00f6lkerhass um jeden Preis","author":"Webredaktion","date":"11. Dezember 2022","format":false,"excerpt":"Beitrag von Arnold Sch\u00f6lzel Der NATO-Krieg in der Ukraine steckt fest, den Wirtschaftskrieg gegen Russland h\u00e4lt nur Annalena Baerbock f\u00fcr erfolgreich, bleibt die ideologische Gigantenschlacht zwischen \u201eDemokratie\u201c und \u201eAutokratie\u201c. Universalwaffen dabei sind: Verharmlosung des Faschismus und das M\u00e4rchen von einer Ukraine und allen Nachbarstaaten Russlands, die seit mindestens 1.000 Jahren\u2026","rel":"","context":"In &quot;Frieden - Antifaschismus - Solidarit\u00e4t&quot;","block_context":{"text":"Frieden - Antifaschismus - Solidarit\u00e4t","link":"https:\/\/www.freidenker.org\/?cat=13"},"img":{"alt_text":"","src":"https:\/\/i0.wp.com\/www.freidenker.org\/fw17\/wp-content\/uploads\/2022\/12\/Fuck_Russia_800x450.jpg?fit=800%2C450&ssl=1&resize=350%2C200","width":350,"height":200,"srcset":"https:\/\/i0.wp.com\/www.freidenker.org\/fw17\/wp-content\/uploads\/2022\/12\/Fuck_Russia_800x450.jpg?fit=800%2C450&ssl=1&resize=350%2C200 1x, https:\/\/i0.wp.com\/www.freidenker.org\/fw17\/wp-content\/uploads\/2022\/12\/Fuck_Russia_800x450.jpg?fit=800%2C450&ssl=1&resize=525%2C300 1.5x, https:\/\/i0.wp.com\/www.freidenker.org\/fw17\/wp-content\/uploads\/2022\/12\/Fuck_Russia_800x450.jpg?fit=800%2C450&ssl=1&resize=700%2C400 2x"},"classes":[]},{"id":12345,"url":"https:\/\/www.freidenker.org\/?p=12345","url_meta":{"origin":13478,"position":4},"title":"Es begann mit Geschichtsf\u00e4lschung &#8230;","author":"Webredaktion","date":"27. Februar 2022","format":false,"excerpt":"...\u00a0und m\u00fcndete in ideologischen Krieg der Medien und Kriegshetzer - Beitrag von Bruno Mahlow Wehret den Anf\u00e4ngen \u2013 hie\u00df es schon zu Beginn einer Kampagne verantwortungsloser F\u00e4lschung der Geschichte des II. Weltkrieges durch Medien und einzelne Politiker. Heute sind wir Zeitzeugen eines ideologischen Krieges, des massiven Einsatzes von Massenmedien zur\u2026","rel":"","context":"In &quot;Frieden - Antifaschismus - Solidarit\u00e4t&quot;","block_context":{"text":"Frieden - Antifaschismus - Solidarit\u00e4t","link":"https:\/\/www.freidenker.org\/?cat=13"},"img":{"alt_text":"","src":"https:\/\/i0.wp.com\/www.freidenker.org\/fw17\/wp-content\/uploads\/2022\/02\/russian_bear_800x450.jpg?fit=800%2C450&ssl=1&resize=350%2C200","width":350,"height":200,"srcset":"https:\/\/i0.wp.com\/www.freidenker.org\/fw17\/wp-content\/uploads\/2022\/02\/russian_bear_800x450.jpg?fit=800%2C450&ssl=1&resize=350%2C200 1x, https:\/\/i0.wp.com\/www.freidenker.org\/fw17\/wp-content\/uploads\/2022\/02\/russian_bear_800x450.jpg?fit=800%2C450&ssl=1&resize=525%2C300 1.5x, https:\/\/i0.wp.com\/www.freidenker.org\/fw17\/wp-content\/uploads\/2022\/02\/russian_bear_800x450.jpg?fit=800%2C450&ssl=1&resize=700%2C400 2x"},"classes":[]},{"id":1149,"url":"https:\/\/www.freidenker.org\/?p=1149","url_meta":{"origin":13478,"position":5},"title":"Appell vom Potsdamer Verbandstag: &#8222;Aufwachen: Gegen die massive Kriegsbedrohung aufstehen!&#8220;","author":"Webredaktion","date":"10. Juni 2016","format":false,"excerpt":"Wir Freidenkerinnen und Freidenker in Deutschland erheben mit gro\u00dfer Sorge unsere Stimme gegen das Anwachsen der Kriegsgefahr in Europa. Wir appellieren an alle Menschen, nicht wie im Schlafwagen einem neuen gro\u00dfen Krieg entgegen zu rasen, sondern die Warnsignale zu sehen und die Fahrt in den Abgrund zu stoppen. Die USA,\u2026","rel":"","context":"In &quot;Frieden - Antifaschismus - Solidarit\u00e4t&quot;","block_context":{"text":"Frieden - Antifaschismus - Solidarit\u00e4t","link":"https:\/\/www.freidenker.org\/?cat=13"},"img":{"alt_text":"","src":"https:\/\/i0.wp.com\/www.freidenker.org\/fw17\/wp-content\/uploads\/2016\/06\/potsdam-363898_800x445.jpg?fit=800%2C445&ssl=1&resize=350%2C200","width":350,"height":200,"srcset":"https:\/\/i0.wp.com\/www.freidenker.org\/fw17\/wp-content\/uploads\/2016\/06\/potsdam-363898_800x445.jpg?fit=800%2C445&ssl=1&resize=350%2C200 1x, https:\/\/i0.wp.com\/www.freidenker.org\/fw17\/wp-content\/uploads\/2016\/06\/potsdam-363898_800x445.jpg?fit=800%2C445&ssl=1&resize=525%2C300 1.5x, https:\/\/i0.wp.com\/www.freidenker.org\/fw17\/wp-content\/uploads\/2016\/06\/potsdam-363898_800x445.jpg?fit=800%2C445&ssl=1&resize=700%2C400 2x"},"classes":[]}],"_links":{"self":[{"href":"https:\/\/www.freidenker.org\/index.php?rest_route=\/wp\/v2\/posts\/13478","targetHints":{"allow":["GET"]}}],"collection":[{"href":"https:\/\/www.freidenker.org\/index.php?rest_route=\/wp\/v2\/posts"}],"about":[{"href":"https:\/\/www.freidenker.org\/index.php?rest_route=\/wp\/v2\/types\/post"}],"author":[{"embeddable":true,"href":"https:\/\/www.freidenker.org\/index.php?rest_route=\/wp\/v2\/users\/3"}],"replies":[{"embeddable":true,"href":"https:\/\/www.freidenker.org\/index.php?rest_route=%2Fwp%2Fv2%2Fcomments&post=13478"}],"version-history":[{"count":0,"href":"https:\/\/www.freidenker.org\/index.php?rest_route=\/wp\/v2\/posts\/13478\/revisions"}],"wp:featuredmedia":[{"embeddable":true,"href":"https:\/\/www.freidenker.org\/index.php?rest_route=\/wp\/v2\/media\/13479"}],"wp:attachment":[{"href":"https:\/\/www.freidenker.org\/index.php?rest_route=%2Fwp%2Fv2%2Fmedia&parent=13478"}],"wp:term":[{"taxonomy":"category","embeddable":true,"href":"https:\/\/www.freidenker.org\/index.php?rest_route=%2Fwp%2Fv2%2Fcategories&post=13478"},{"taxonomy":"post_tag","embeddable":true,"href":"https:\/\/www.freidenker.org\/index.php?rest_route=%2Fwp%2Fv2%2Ftags&post=13478"}],"curies":[{"name":"wp","href":"https:\/\/api.w.org\/{rel}","templated":true}]}}