{"id":13474,"date":"2022-06-16T02:36:18","date_gmt":"2022-06-16T00:36:18","guid":{"rendered":"https:\/\/www.freidenker.org\/?p=13474"},"modified":"2022-07-09T16:47:35","modified_gmt":"2022-07-09T14:47:35","slug":"scholz-hiwis-polieren-sankt-selenskyjs-scheinheiligen-schein","status":"publish","type":"post","link":"https:\/\/www.freidenker.org\/?p=13474","title":{"rendered":"Scholz-HiWis polieren Sankt Selenskyjs Scheinheiligen-Schein"},"content":{"rendered":"<h5>Der Ukrainer nutzt den Krieg und die Faschisten, um sich an der Macht zu halten<\/h5>\n<p><em>\u00a0<\/em><em>Von <strong>Friedhelm Klinkhammer<\/strong> und <strong>Volker Br\u00e4utigam<\/strong><\/em><\/p>\n<p><strong>Preisfrage: Wann lief die letzte 20-Uhr-Tagesschau ohne Beitrag \u00fcber Ukraines Pr\u00e4sidenten Selenskyj \u2013 albern kost\u00fcmiert in NATO-Oliv, Waffen und Geld fordernd? \u201eSelenskyj\u201c im Suchfeld auf <em>tagesschau.de <\/em>ergibt f\u00fcr die letzten drei Monate mehr als 1 400 Treffer.<\/strong><a href=\"#_edn1\" name=\"_ednref1\">[1]<\/a> <strong>Tagesschau.de listet darunter mehr als 500-mal Selenskyj-Videos: Heldenverehrung f\u00fcr einen ferngesteuerten Gewaltherrscher, der den Kriegszustand zur Festigung der eigenen Position verl\u00e4ngert<\/strong><a href=\"#_edn2\" name=\"_ednref2\">[2]<\/a><strong> und daf\u00fcr t\u00e4glich hunderte Menschenleben opfert. Hingegen verschwieg die Tagesschau den weltweit beachteten Rat des einstigen US-Au\u00dfenministers Henry Kissinger, Selenskyj solle zur Vermeidung einer gesamteurop\u00e4ischen Katastrophe freiwillig Territorium an Russland abtreten und Frieden schlie\u00dfen.<\/strong><a href=\"#_edn3\" name=\"_ednref3\">[3]<\/a><sup>,<\/sup><span style=\"font-size: 12pt;\"> <a href=\"#_edn4\" name=\"_ednref4\">[4]<\/a><\/span><strong> Kissingers Realismus passte der giftgr\u00fcn-linientreuen ARD-aktuell-Redaktion ersichtlich nicht in den Propagandakram. <\/strong><\/p>\n<p>Selenskyj ist US-Pr\u00e4sident Bidens B\u00fcttel in Europa, vor dem sich die hiesigen Regierungschefs untert\u00e4nigst zu verneigen haben. Warum sie buckeln, anstatt sich an ihren mutigen lateinamerikanischen Kollegen ein Beispiel zu nehmen, k\u00f6nnte vielleicht der US-Geheimdienst NSA n\u00e4her erkl\u00e4ren. Er h\u00f6rt schlie\u00dflich ungehindert und fl\u00e4chendeckend bei uns ab, Ex-Kanzlerin Merkel kann\u2019s bezeugen.<a href=\"#_edn5\" name=\"_ednref5\">[5]<\/a> Politiker erpressen geh\u00f6rt zu den leichteren Formen der US-Regierungskriminalit\u00e4t.<\/p>\n<p>Selenskyj erf\u00fcllt das Interesse des US-gef\u00fchrten milit\u00e4risch-industriellen Komplexes an einem langen Krieg. Schlie\u00dflich verbraucht die Ukraine derzeit in drei Monaten<\/p>\n<p style=\"padding-left: 40px;\">\u00a0<em>\u201edas \u00c4quivalent von mindestens zwei Jahresproduktionen der gesamten westlichen R\u00fcstungsindustrie.\u201c<\/em>\u00a0<a href=\"#_edn6\" name=\"_ednref6\"><em><strong>[6]<\/strong><\/em><\/a><\/p>\n<p>Alastair Crooke, vormals britischer Diplomat, Vermittler mehrerer Waffenstillstandsabkommen in Nahost, verweist auf den \u00fcbergeordneten geopolitischen Hintergrund:<\/p>\n<p style=\"padding-left: 40px;\">\u201e<em>Die Fixierung auf die Ukraine ist im Grunde nur ein Deckmantel, der \u00fcber die Realit\u00e4ten einer in Aufl\u00f6sung begriffenen globalen Ordnung gelegt wird.\u201c<\/em><a href=\"#_edn7\" name=\"_ednref7\">[7]<\/a><\/p>\n<p>Erst, seit er den Kriegsf\u00fcrsten von Washingtons Gnaden spielen darf, genie\u00dft der Showman Selenskyj die intensive Zuwendung seiner westeurop\u00e4ischen Kollegen. Davor hatten sie und ihre Medien ihn als Wichtigtuer abgetan. Noch ein Jahr nach seinem Amtsantritt kommentierte ARD-aktuell-Korrespondent\u00a0Demian von Osten:<\/p>\n<p style=\"padding-left: 40px;\"><em>\u201eAnders will er sein \u2013 und macht gro\u00dfe Versprechungen .., :\u00a0\u201aIch bin bereit, das Sterben unserer Soldaten um jeden Preis zu stoppen!\u2018 \u2026 Der in Paris vereinbarte Waffenstillstand hat <\/em>(aber)<em> nicht geklappt. Wie schon oft zuvor.\u201c\u00a0<a href=\"#_edn8\" name=\"_ednref8\"><strong>[8]<\/strong><\/a><\/em><\/p>\n<p>In jenem Mai 2020 nahm Russland es noch hin, dass die ukrainische Armee ihre Mitb\u00fcrger im Donbass blutig bekriegte und Kiew jedes Waffenstillstandsabkommen brach.<\/p>\n<h5>Versager in jeder Hinsicht<\/h5>\n<p>Selenskyj\u00a0stand zeitweise im Wertewesten sogar auf der \u201eVerschissliste\u201c, zum Beispiel, weil er den korruptionsverd\u00e4chtigen US-Pr\u00e4sidenten Biden und dessen Sohn Hunter bei ihrer privaten Abzocke im Ukraine-Gasgesch\u00e4ft nicht ausreichend effektiv abgeschirmt hatte (angeblich strichen Vater und Sohn Biden damals nebenher schlappe 1,5 Millionen US-Dollar ein). Zudem unternahm Selenskyj nichts gegen die \u00fcberm\u00e4chtigen ukrainischen Oligarchen.<a href=\"#_edn9\" name=\"_ednref9\">[9]<\/a><\/p>\n<p>Um seine Macht abzusichern, war\u00a0er\u00a0nur allzu\u00a0schnell\u00a0bereit,\u00a0entgegen seinem Wahlversprechen \u201eBeendigung des B\u00fcrgerkrieges in der Ostukraine\u201c<a href=\"#_edn10\" name=\"_ednref10\">[10]<\/a> auf die R\u00fcckeroberung des Donbass und der Krim zu setzen. Zum Wohlgefallen Washingtons und der NATO-Kriegsknechte behauptete er einfach, Russland bedrohe ganz Westeuropa. Schon w\u00e4hrend seines Antrittsbesuchs bei Bundeskanzlerin Merkel in Berlin warb er\u00a0daf\u00fcr, die Russlandsanktionen zu versch\u00e4rfen;\u00a0Merkel war damals klug genug gewesen, das abzulehnen.<a href=\"#_edn11\" name=\"_ednref11\">[11]<\/a><\/p>\n<p>Dass das Pr\u00e4sidentenamt etliche Nummern zu gro\u00df f\u00fcr ihn ist, l\u00e4sst sich mit Zahlen und Fakten aufzeigen: Bis kurz vor dem Krieg kehrten 4 Millionen Ukrainer ihrer von heimischen Oligarchen und westlichen \u201eInvestoren\u201c ausgesaugten Heimat den R\u00fccken. Das waren zehn Prozent der Gesamtbev\u00f6lkerung. Gegen den entschiedenen Willen seiner Mitb\u00fcrger hob Selenskyj am 1. Juli 2021 das sakrosankte Verbot auf, staatlichen Wald- und Ackerboden an private K\u00e4ufer zu ver\u00e4u\u00dfern. Er entsprach damit der erpresserischen Forderung des Internationalen W\u00e4hrungsfonds, im Gegenzug f\u00fcr 8 Milliarden Dollar Kriegskredite.<\/p>\n<p>Ukrainische Oligarchen\u00a0k\u00f6nnen jetzt zulasten vieler P\u00e4chter aus \u00e4rmeren Bev\u00f6lkerungsschichten\u00a0Land aufkaufen und auch als Strohm\u00e4nner westlicher Immobilienhaie agieren.<a href=\"#_edn12\" name=\"_ednref12\">[12]<\/a> Gr\u00f6\u00dfter Gewinner beim Ausverkauf der Ukraine d\u00fcrfte der US-amerikanische Spekulant George Soros werden.<a href=\"#_edn13\" name=\"_ednref13\">[13]<\/a>,<a href=\"#_edn14\" name=\"_ednref14\">[14]<\/a><\/p>\n<p>Gr\u00f6\u00dfter politischer Verlierer bei der miesen Nummer war Selenskyj selbst. Hatten ihm zu Beginn jenes Jahres noch 61 Prozent der Ukrainer vertraut, so fand er am Ende nur noch 38 Prozent Zustimmung.<a href=\"#_edn15\" name=\"_ednref15\">[15]<\/a><\/p>\n<h5>Wundersame Wandlung<\/h5>\n<p>Im vorigen Jahr verzeichnete die Ukraine 9,4 Prozent Inflation.<a href=\"#_edn16\" name=\"_ednref16\">[16]<\/a> Wie hoch der Geldwertverlust seither ist, l\u00e4sst sich wegen des Krieges nicht absch\u00e4tzen. Das monatliche Durchschnittseinkommen fiel von 641 Dollar im Dezember 2021 auf nur noch 521 US-Dollar im Januar.<a href=\"#_edn17\" name=\"_ednref17\">[17]<\/a> Wie niedrig es seit Kriegsbeginn wurde, ist unbekannt. (Zum Vergleich: das durchschnittliche Monatseinkommen in Deutschland betr\u00e4gt 4800 Dollar).<\/p>\n<p>Bereits vor dem russischen Einmarsch hatte Pr\u00e4sident Selenskyj die Ukraine\u00a0stark militarisiert und den B\u00fcrgerkrieg gegen die Maidan-Gegner im Osten intensivieren lassen, trotz Kiews \u00f6konomisch desolater Verh\u00e4ltnisse und seiner korrupten Strukturen. Er ist mitverantwortlich f\u00fcr den gewaltsamen Tod von 14 000 Zivilisten im Donbass: Sein verheerender Feuer\u00fcberfall vom 16. Februar beim Versuch, den Widerstand der Ostukrainer endg\u00fcltig niederzuschlagen, veranlasste die russische Invasion. Mehr als 1000 ukrainische Artilleriegranaten und Raketen schlugen an jenem Tag in die Wohngebiete der Donbass-Republiken ein; die OSZE registrierte in den f\u00fcnf folgenden Tagen jeweils noch h\u00f6here Zahlen.<a href=\"#_edn18\" name=\"_ednref18\">[18]<\/a><\/p>\n<p>Selenskyjs B\u00fcrgerkrieg machte ihn jedoch nicht etwa zur Unperson, sondern die transatlantische US-Gefolgschaft inszenierte seine wundersame Wandlung \u2013 vom gro\u00dfm\u00e4uligen Versager zum verehrungsw\u00fcrdigen Freiheitsk\u00e4mpfer. Zum umschw\u00e4rmten Oberhaupt eines Staatsgebildes, das es aus westlicher Sicht rechtfertigt, den Dritten Weltkrieg\u00a0zu riskieren.<\/p>\n<p>Es ist und bleibt unfassbar: Die US-NATO-EU-Eliten und ihre journalistische Entourage\u00a0haben es geschafft, die Mehrheit unserer\u00a0Mitb\u00fcrger\u00a0zu\u00a0kritiklosen Unterst\u00fctzern einer ukrainischen Pr\u00e4sidentenmarionette zu deformieren. Zu Bef\u00fcrwortern umfangreicher Waffenlieferungen und Geldgeschenke in Milliardenh\u00f6he, obwohl uns das mitschuldig werden l\u00e4sst am Massensterben und ungez\u00e4hlten Verbrechen in der Ukraine. Wir sind angeblich \u201ezur Hilfe verpflichtet\u201c, obwohl uns das zur Kriegspartei macht; obwohl viele deutsche Waffen auf den Schwarzmarkt und in die H\u00e4nde von internationalen Terroristen geraten; obwohl die Euro-Milliarden in ein Fass ohne Boden flie\u00dfen. Dass ein beachtlicher Teil der Hilfsgelder in privaten Taschen verschwindet, l\u00e4sst sich ja nicht mehr leugnen.<a href=\"#_edn19\" name=\"_ednref19\">[19]<\/a><\/p>\n<p>Die weitgehende Gleichg\u00fcltigkeit gegen\u00fcber dem Jahrhundertskandal ist ein Meisterst\u00fcck der\u00a0Massen-Manipulation mithilfe unserer Leitmedien.<\/p>\n<h5>Nachdenken unerw\u00fcnscht<\/h5>\n<p>Ohne selbst von Russland\u00a0bedroht zu sein, nehmen wir\u00a0essenzielle Einschr\u00e4nkungen unseres Alltags in Kauf: explodierende Lebenshaltungskosten, Gef\u00e4hrdung der Grundversorgung, der Arbeitspl\u00e4tze, des sozialen Friedens, unserer Freiheitsrechte. Dies alles zugunsten eines korrupten und verkommenen Staates, mit dem wir nichts am Hut haben und \u00fcber den die meisten Deutschen\u00a0kaum etwas wissen. \u00dcber das gleichgeschaltete Tagesschau-Niveau hinaus k\u00f6nnen sie sich \u00fcber die Lage in der Ukraine ja nur mit gro\u00dfem Zeitaufwand und vieler M\u00fche zutreffend informieren. Das verhindern schon die EU und die deutschen Zensurbeh\u00f6rden. \u201eFeind-Medien\u201c sind verboten.<a href=\"#_edn20\" name=\"_ednref20\">[20]<\/a><sup>,<a href=\"#_edn21\" name=\"_ednref21\">[21]<\/a> <\/sup>Hatten wir das alles nicht schon mal \u2026?<\/p>\n<p>Unter solchen Rahmenbedingungen machen in Deutschland Kriegsbef\u00fcrworter und Flachdenker Karriere. Die FDP-Politikerin Strack-Zimmermann, bedauerlicherweise zur Vorsitzenden des Verteidigungsausschusses des Deutschen Bundestages avanciert, reagierte auf die Bemerkung<\/p>\n<p style=\"padding-left: 40px;\"><em>\u201edie Ukraine ist ein hochgradig korrupter Oligarchenstaat ohne Pressefreiheit\u201c<\/em><\/p>\n<p>mit folgendem Aberwitz:<\/p>\n<p style=\"padding-left: 40px;\"><em>\u201eEs ist Fakt, dass in den vergangenen Jahren die Ukraine ein deutliches Problem mit Korruption hatte. Pr\u00e4sident Selenskyj setzt sich seit seiner Wahl daf\u00fcr ein, dieses Problem zu l\u00f6sen. &#8230; Im Gegensatz zu Russland herrscht in der Ukraine Pressefreiheit.\u201c<a href=\"#_edn22\" name=\"_ednref22\"><strong>[22]<\/strong><\/a><\/em><\/p>\n<p>Nur ein Schelm gibt mehr, als er hat. Die hier w\u00f6rtlich zitierte Lindner-Vertraute ist eben intellektuell nicht so beg\u00fctert, um ohne derartigen Unsinn auszukommen.<\/p>\n<p>Nicht nur hat die Ukraine ein \u201eProblem mit Korruption\u201c, Selenskyj pers\u00f6nlich ist korrupt. Seinen Wahlkampf lie\u00df er sich vor drei Jahren vom Oligarchen und Medienmogul Kolomoyskyi finanzieren und besetzte zum Dank daf\u00fcr wichtige Staats\u00e4mter mit Leuten aus Kolomoyskyis Dunstkreis. Der Banker und Milliard\u00e4r Kolomoyskyi war wegen Betr\u00fcgereien nach Israel gefl\u00fcchtet, Interpol fahndete nach dem Mann mit den drei P\u00e4ssen.<a href=\"#_edn23\" name=\"_ednref23\">[23]<\/a><sup>, <a href=\"#_edn24\" name=\"_ednref24\">[24]<\/a><\/sup> Nach Selenskyjs Wahl durfte er trotzdem zur\u00fcckkehren, Strafverfolgung musste er nicht mehr bef\u00fcrchten.\u00a0Oligarch Rinat Achmetow, der reichste Mann der Ukraine, lie\u00df seine Beziehungen spielen und erreichte, dass Selenskyj Denys Schmyhal zum Ministerpr\u00e4sidenten ernannte, einen Manager aus Achmetows Firmenimperium.<a href=\"#_edn25\" name=\"_ednref25\">[25]<\/a><\/p>\n<p>\u201ePressefreiheit in der Ukraine\u201c: Vor einem Jahr hatte Selenskyj drei oppositionelle Nachrichtensender verbieten lassen<a href=\"#_edn26\" name=\"_ednref26\">[26]<\/a>, ohne jegliche Rechtsgrundlage. Kritische Journalisten l\u00e4sst er verfolgen, Andersdenkende haben in der Ukraine das F\u00fcrchten gelernt.<a href=\"#_edn27\" name=\"_ednref27\">[27]<\/a> Zum Instrumentarium seines repressiven Vorgehens geh\u00f6ren Gewaltandrohung, Lizenzentzug und Kontensperrungen, dar\u00fcber hinaus die willk\u00fcrliche Festnahme.<a href=\"#_edn28\" name=\"_ednref28\">[28]<\/a><\/p>\n<h5>Unkenntnis oder Verlogenheit<\/h5>\n<p>Die von Strack-Zimmermann demonstrierte Unkenntnis \u2013 falls es sich nicht nur um simple Verlogenheit handelte, womit die Frau ja nicht alleine w\u00e4re \u2013 l\u00e4sst ahnen, wie es den westlichen Eliten und ihrer journalistischen Gefolgschaft m\u00f6glich war, den Schlimmfinger Selenskyj binnen Kurzem zur Lichtgestalt zu modulieren: dreist l\u00fcgen, Realit\u00e4t ignorieren.<\/p>\n<p>Wenn Selenskyj in TV-Sendungen sein schamloses Mantra runterleiert \u2013 \u201eWaffen, Waffen, Waffen\u201c und \u201eGeld, Geld, Geld\u201c \u2013 dann serviert die Tagesschau im O-Ton. Das Publikum ist l\u00e4ngst abgestumpft. Dem vollends angewiderten Zuschauer bleibt nur das Abschalten. Wer h\u00e4lt auch einen TV-\u201eStar\u201c wie Botschafter Andrij Melnyk noch aus? Den lie\u00df die Tagesschau in den vergangenen Wochen 131-mal per Meldung und 18-mal in Videoclips seine so unfasslichen, ungestraften Unversch\u00e4mtheiten vortragen.<a href=\"#_edn29\" name=\"_ednref29\">[29]<\/a><\/p>\n<p>Selenskyj gibt sich siegessicher.<a href=\"#_edn30\" name=\"_ednref30\">[30]<\/a> Unber\u00fchrt davon,\u00a0dass die Russen bereits 20 Prozent seines Staates unter milit\u00e4rischer Kontrolle und zu 100 Prozent die Lufthoheit \u00fcber die Ukraine haben.\u00a0Sieben Millionen Menschen, zumeist Frauen und Kinder, sind vor dem Krieg ins Ausland gefl\u00fcchtet, t\u00e4glich sterben bis zu 500 M\u00e4nner\u00a0den \u201eHeldentod\u201c. Selenskyj aber wei\u00df sich bei seinen Durchhalteparolen einig mit gewissenlosen US-Marionetten wie dem Briten Boris Johnson; er st\u00fctzt sich dar\u00fcber hinaus auf Kanzler Scholz, dessen Vize Habeck sowie auf Trampoline Baerbock. Das Credo dieser nicht eben hellsten Gl\u00fchbirnen im geopolitischen Raum:<\/p>\n<p style=\"padding-left: 40px;\"><em>\u201eDie Ukraine muss gewinnen\u201c<\/em>.<a href=\"#_edn31\" name=\"_ednref31\">[31]<\/a><\/p>\n<p>Die dumpfe Russophobie liegt vermutlich in der deutschen DNA. Rache f\u00fcr Stalingrad geht vor Nachdenken und Differenzieren? Unsere Volksvertreter k\u00f6nnen oder wollen aus Ignoranz, Borniertheit oder Hass nicht w\u00fcrdigen, dass die Sowjets friedfertig aus der DDR abgezogen sind, dass Russland sich gegen\u00fcber Deutschland stets vertragstreu verhalten und uns nie mit Angriff oder harter Kante bedroht hat. Wenn sich Aggressivit\u00e4t zeigte, dann war sie deutschsprachig. Obwohl es f\u00fcr Moskau ein Leichtes w\u00e4re, mit einem Stopp aller Energie- und Rohstofflieferungen den Exportweltmeister Deutschland in den Abgrund zu kippen.<\/p>\n<h5>Von Faschisten abh\u00e4ngig<\/h5>\n<p>Selenskyj ist ein Blender. Es geht ihm nicht um sein Land. Die Leiden seiner ukrainischen B\u00fcrger r\u00fchren ihn offenkundig nicht wirklich, er sieht nur sein Ego:<\/p>\n<p style=\"padding-left: 40px;\"><em>\u201eHeute ist mein Leben sch\u00f6n. Ich glaube, dass ich gebraucht werde. Ich glaube, das ist der wichtigste Sinn des Lebens \u2013 gebraucht zu werden. Zu sp\u00fcren, dass man nicht nur eine Leere ist, die nur atmet, geht und etwas isst. Du lebst.\u201c<\/em><a href=\"#_edn32\" name=\"_ednref32\">[32]<\/a><\/p>\n<p>Die ukrainische\u00a0Wissenschaftlerin Olga Baysha\u00a0bef\u00fcrchtet, Selenskyj genie\u00dfe die einmalige Gelegenheit, auf einer globalen B\u00fchne aufzutreten, die ihm der Krieg bot:<\/p>\n<p style=\"padding-left: 40px;\"><em>\u201eEr hat sein Leben sch\u00f6n gemacht; er lebt. Im Gegensatz zu Millionen von Ukrainern, deren Leben \u00fcberhaupt nicht sch\u00f6n ist, und zu Tausenden von denen, die nicht mehr am Leben sind.\u201c<a href=\"#_edn33\" name=\"_ednref33\"><strong>[33]<\/strong><\/a><\/em><\/p>\n<p>Selenskyj hat sich nie rechtsextremistisch ge\u00e4u\u00dfert. Tats\u00e4chlich aber duldet\u00a0er, dass nationalistische Ultras, Faschisten und Neonazis den politischen Prozess in der Ukraine kontrollieren und gewaltsam gegen alle vorgehen, die es wagen, sich ihnen und ihrer Kriegstreiberei gegen Russland entgegenzustellen.\u00a0Mithilfe dieser faschistischen Kreise sichert der Schauspieler seine Macht.<\/p>\n<p>Der Bundesregierung ist das selbstverst\u00e4ndlich bekannt. \u00dcber den Einfluss der Rechtsextremisten auf die Politik der Ukraine urteilte\u00a0die staatlich finanzierte \u201eStiftung Wissenschaft und Politik\u201c,\u00a0SWP:<\/p>\n<p style=\"padding-left: 40px;\"><em>\u201eAuch wenn rechte und rechts\u00adextreme Parteien bei den Wahlen seit 2014 keine nennens\u00adwerten Erfolge erzielen konnten, hat natio\u00adnalistisches Gedankengut in der gesellschaftlichen Auseinandersetzung um den Konflikt im Osten (wie auch bei anderen Themen) erheblichen Einfluss. Es gelingt nationalistischen Akteuren immer wieder, die poli\u00adtische F\u00fchrung zur Anpassung ihrer Politik zu zwingen.\u201c<a href=\"#_edn34\" name=\"_ednref34\"><strong>[34]<\/strong><\/a><\/em><\/p>\n<p>Angesichts all dessen sind die \u201e<em>standing ovations<\/em>\u201c im Deutschen Bundestag \u2013 f\u00fcr den pr\u00e4sidialen Komplizen ukrainischer Faschisten! \u2013 erst recht nicht mehr zu begreifen.<\/p>\n<h5>Pr\u00e4sident und Steuerbetr\u00fcger<a href=\"#_edn35\" name=\"_ednref35\">[35]<\/a><\/h5>\n<p>Die Angaben \u00fcber Selenskyjs Privatverm\u00f6gen schwanken: Sie reichen von 30 Millionen bis 1,4 Milliarden US-Dollar. Nach Angaben der <em>Bundeszentrale f\u00fcr Politische Bildung<\/em> steht fest: Er war an Offshore-Briefkastenfirmen beteiligt und bezog daf\u00fcr steuerfrei 41 Millionen Dollar vom Oligarchen Ihor Kolo\u00admo\u00adjs\u00adkyj. Vor seiner Wahl zum Pr\u00e4sidenten hatte\u00a0er diese Firmenanteile zwar formell auf Dritte \u00fcberschreiben lassen,\u00a0gleichwohl\u00a0aber\u00a0weiter Zahlungen aus diesem Verm\u00f6gen empfangen. Vermittels Tarnfirmen seien in London Luxuswohnungen f\u00fcr mehrere Millionen Dollar gekauft worden, auch eine teure 413-qm-Villa in Italien, die\u00a0allerdings\u00a0inzwischen wieder verkauft wurde.<a href=\"#_edn36\" name=\"_ednref36\">[36]<\/a>\u00a0Das Wirtschaftsmagazin \u201eForbes\u201c sch\u00e4tzt Selenskyjs Verm\u00f6gen auf rund 30 Millionen Dollar, bestehend aus Aktien, Luxuswohnungen, Grundeigentum, Schmuck und Autos.<a href=\"#_edn37\" name=\"_ednref37\">[37]<\/a><\/p>\n<p>Stinkreich, f\u00fchlt er sich nun dazu berufen,\u00a0im Auftrag und Interesse der USA den permanenten Krieg\u00a0in Europa\u00a0zu sch\u00fcren. Er h\u00e4lt es f\u00fcr sein gutes Recht, seinen hiesigen Verb\u00fcndeten auf der Nase herumzutanzen, Unsummen aus ihren Staatskassen abzugreifen und ihre Repr\u00e4sentanten nach Belieben vor den Kopf zu sto\u00dfen. Als er sich j\u00fcngst den Besuch des Bundespr\u00e4sidenten Steinmeier in Kiew verbat und unserer Silberpappel vom Schlosspark Bellevue die Einreise in die Ukraine sogar verbot, schleimte die Tagesschau nur in typisch miesem Deutsch:<\/p>\n<p style=\"padding-left: 40px;\"><em>\u201eDie Absage der Ukraine f\u00fcr eine Reise von Bundespr\u00e4sident Steinmeier nach Kiew hat bei der Bundesregierung Verwunderung ausgel\u00f6st. Die Verstimmung in der Ukraine ist offenbar gewaltig.<\/em><a href=\"#_edn38\" name=\"_ednref38\">[38]<\/a><\/p>\n<p>Diese Verharmlosung entspricht dem in Westeuropa regierenden Unterdurchschnitt von Scholz \u00fcber Habeck, Baerbock und Lindner bis v.d. Leyen, die den Selenskyj wie einen S\u00e4ulenheiligen behandeln und ihm Opfergaben darbringen (es ist ja nicht ihr eigen Geld, sondern nur das der Steuerzahler). Tagesschau-Meldung:<\/p>\n<p style=\"padding-left: 40px;\"><em>\u201eHaushaltsdebatte im Bundestag: 50 Milliarden neue Schulden wegen Ukraine-Krieg\u201c.<a href=\"#_edn39\" name=\"_ednref39\"><strong>[39]<\/strong><\/a><\/em><\/p>\n<p>Kaum jemand regt sich dar\u00fcber auf. Obwohl damit mehr als erkl\u00e4rlich ist, dass in Deutschland die Preise f\u00fcr Energie und Nahrungsmittel durch die Decke gehen und der konjunkturelle Absturz droht. So wirkt die Meinungsmache hierzulande:<\/p>\n<p style=\"padding-left: 40px;\"><em>\u201e\u2026 grassierende Fremdbestimmung durch Manipulationen und gro\u00df angelegte Kampagnen \u2026 Als Ergebnis w\u00e4re festzustellen, dass es immerhin, ziemlich scharf getrennt vom gl\u00e4ubigen Publikum, einen verl\u00e4sslichen Kreis von kritischen, aufgekl\u00e4rten Mitmenschen gibt. Leider noch eine Minderheit.\u201c<a href=\"#_edn40\" name=\"_ednref40\"><strong>[40]<\/strong><\/a><\/em><\/p>\n<p>Daraus kann allerdings eine frustrierte und erz\u00fcrnte Mehrheit werden \u2013 wenn die Tagesschau so weitermacht und mit sch\u00e4bigster journalistischer Konfektion die Bildungs- und Chancenlosen blendet.<\/p>\n<p>&nbsp;<\/p>\n<p><a href=\"#_ednref1\" name=\"_edn1\"><\/a><strong>Quellen und Anmerkungen:<\/strong><\/p>\n<p><a href=\"#_ednref1\">[1]<\/a> <a href=\"https:\/\/www.tagesschau.de\/suche2.html?query=Selenskyj&amp;sort_by=date\" target=\"_blank\" rel=\"noopener\">https:\/\/www.tagesschau.de\/suche2.html?query=Selenskyj&amp;sort_by=date<\/a><\/p>\n<p><a href=\"#_ednref2\" name=\"_edn2\">[2]<\/a> <a href=\"https:\/\/www.nzz.ch\/international\/ukraine-krieg-bruechiger-burgfrieden-selenski-gegen-poroschenko-ld.1687697\" target=\"_blank\" rel=\"noopener\">https:\/\/www.nzz.ch\/international\/ukraine-krieg-bruechiger-burgfrieden-selenski-gegen-poroschenko-ld.1687697<\/a><\/p>\n<p><a href=\"#_ednref3\" name=\"_edn3\">[3]<\/a> <a href=\"https:\/\/www.nytimes.com\/2022\/05\/25\/world\/europe\/henry-kissinger-ukraine-russia-davos.html\" target=\"_blank\" rel=\"noopener\">https:\/\/www.nytimes.com\/2022\/05\/25\/world\/europe\/henry-kissinger-ukraine-russia-davos.html<\/a><\/p>\n<p><a href=\"#_ednref4\" name=\"_edn4\">[4]<\/a> <a href=\"https:\/\/www.businessinsider.com\/kissinger-ukraine-give-up-land-russia-not-humiliate-putin-2022-5?op=1\" target=\"_blank\" rel=\"noopener\">https:\/\/www.businessinsider.com\/kissinger-ukraine-give-up-land-russia-not-humiliate-putin-2022-5?op=1<\/a><\/p>\n<p><a href=\"#_ednref5\" name=\"_edn5\">[5]<\/a> <a href=\"https:\/\/www.faz.net\/aktuell\/politik\/inland\/nach-abhoerskandal-nsa-soll-auch-bei-merkels-neuem-handy-mitlauschen-13016452.html\">https:\/\/www.faz.net\/aktuell\/politik\/inland\/nach-abhoerskandal-nsa-soll-auch-bei-merkels-neuem-handy-mitlauschen-13016452.html<\/a><\/p>\n<p><a href=\"#_ednref6\" name=\"_edn6\">[6]<\/a> <a href=\"https:\/\/overton-magazin.de\/krass-konkret\/kann-die-ukraine-militaerisch-den-krieg-gewinnen\/\">https:\/\/overton-magazin.de\/krass-konkret\/kann-die-ukraine-militaerisch-den-krieg-gewinnen\/<\/a><\/p>\n<p><a href=\"#_ednref7\" name=\"_edn7\">[7]<\/a> <a href=\"https:\/\/thealtworld.com\/alastair_crooke\/the-world-doesnt-work-that-way-anymore\">https:\/\/thealtworld.com\/alastair_crooke\/the-world-doesnt-work-that-way-anymore<\/a><\/p>\n<p><a href=\"#_ednref8\" name=\"_edn8\">[8]<\/a> <a href=\"https:\/\/www.daserste.de\/information\/politik-weltgeschehen\/weltspiegel\/sendung\/ukraine-staatschef-selenskyi-100.html\">https:\/\/www.daserste.de\/information\/politik-weltgeschehen\/weltspiegel\/sendung\/ukraine-staatschef-selenskyi-100.html<\/a><\/p>\n<p><a href=\"#_ednref9\" name=\"_edn9\">[9]<\/a> <a href=\"https:\/\/www.anti-spiegel.ru\/2021\/warum-us-aussenminister-blinken-nach-kiew-gereist-ist\/\">https:\/\/www.anti-spiegel.ru\/2021\/warum-us-aussenminister-blinken-nach-kiew-gereist-ist\/<\/a><\/p>\n<p><a href=\"#_ednref10\" name=\"_edn10\">[10]<\/a> <a href=\"https:\/\/www.deutschlandfunk.de\/ukraine-boeses-erwachen-nach-grossen-wahlversprechen-100.html\">https:\/\/www.deutschlandfunk.de\/ukraine-boeses-erwachen-nach-grossen-wahlversprechen-100.html<\/a><\/p>\n<p><a href=\"#_ednref11\" name=\"_edn11\">[11]<\/a> <a href=\"https:\/\/www.tagesschau.de\/multimedia\/video\/video-555039.html\">https:\/\/www.tagesschau.de\/multimedia\/video\/video-555039.html<\/a><\/p>\n<p><a href=\"#_ednref12\" name=\"_edn12\">[12]<\/a> <a href=\"https:\/\/www.agrarheute.com\/management\/recht\/ukraine-verkaufsverbot-ackerland-aufgehoben-566951\">https:\/\/www.agrarheute.com\/management\/recht\/ukraine-verkaufsverbot-ackerland-aufgehoben-566951<\/a><\/p>\n<p><a href=\"#_ednref13\" name=\"_edn13\">[13]<\/a> <a href=\"https:\/\/www.anti-spiegel.ru\/2022\/george-soros-was-in-der-ukraine-passiert-ist-mein-bestes-projekt\/\">https:\/\/www.anti-spiegel.ru\/2022\/george-soros-was-in-der-ukraine-passiert-ist-mein-bestes-projekt\/<\/a><\/p>\n<p><a href=\"#_ednref14\" name=\"_edn14\">[14]<\/a> <a href=\"https:\/\/ahnenrad.org\/2022\/04\/25\/soros-und-der-ukraine-konflikt\/\">https:\/\/ahnenrad.org\/2022\/04\/25\/soros-und-der-ukraine-konflikt\/<\/a><\/p>\n<p><a href=\"#_ednref15\" name=\"_edn15\">[15]<\/a> <a href=\"https:\/\/de.statista.com\/statistik\/daten\/studie\/1293371\/umfrage\/vertrauen-in-wolodymyr-selenskyj\/\">https:\/\/de.statista.com\/statistik\/daten\/studie\/1293371\/umfrage\/vertrauen-in-wolodymyr-selenskyj\/<\/a><\/p>\n<p><a href=\"#_ednref16\" name=\"_edn16\">[16]<\/a> <a href=\"https:\/\/de.statista.com\/statistik\/daten\/studie\/232421\/umfrage\/inflationsrate-in-der-ukraine\/\">https:\/\/de.statista.com\/statistik\/daten\/studie\/232421\/umfrage\/inflationsrate-in-der-ukraine\/<\/a><\/p>\n<p><a href=\"#_ednref17\" name=\"_edn17\">[17]<\/a> <a href=\"https:\/\/www.ceicdata.com\/de\/indicator\/ukraine\/monthly-earnings\">https:\/\/www.ceicdata.com\/de\/indicator\/ukraine\/monthly-earnings<\/a><\/p>\n<p><a href=\"#_ednref18\" name=\"_edn18\">[18]<\/a> <a href=\"https:\/\/www.osce.org\/special-monitoring-mission-to-ukraine\/512683\">https:\/\/www.osce.org\/special-monitoring-mission-to-ukraine\/512683<\/a><\/p>\n<p><a href=\"#_ednref19\" name=\"_edn19\">[19]<\/a> <a href=\"https:\/\/www.moonofalabama.org\/2022\/06\/ukraine-bits-no-ammo-more-casualties-thin-lines-propaganda-and-passing-the-buck.html\">https:\/\/www.moonofalabama.org\/2022\/06\/ukraine-bits-no-ammo-more-casualties-thin-lines-propaganda-and-passing-the-buck.html<\/a><\/p>\n<p><a href=\"#_ednref20\" name=\"_edn20\">[20]<\/a> <a href=\"https:\/\/www.mdr.de\/medien360g\/medienpolitik\/warum-rt-verboten-ist-100.html\">https:\/\/www.mdr.de\/medien360g\/medienpolitik\/warum-rt-verboten-ist-100.html<\/a><\/p>\n<p><a href=\"#_ednref21\" name=\"_edn21\">[21]<\/a> <a href=\"https:\/\/www.extremnews.com\/nachrichten\/medien\/65c018a346fe1ee\">https:\/\/www.extremnews.com\/nachrichten\/medien\/65c018a346fe1ee<\/a><\/p>\n<p><a href=\"#_ednref22\" name=\"_edn22\">[22]<\/a> <a href=\"https:\/\/www.abgeordnetenwatch.de\/profile\/marie-agnes-strack-zimmermann\/fragen-antworten\/die-ukraine-ist-ein-hochgradig-korrupter-oligarchenstaat-ohne-pressefreiheit-im-maerz-wurden\">https:\/\/www.abgeordnetenwatch.de\/profile\/marie-agnes-strack-zimmermann\/fragen-antworten\/die-ukraine-ist-ein-hochgradig-korrupter-oligarchenstaat-ohne-pressefreiheit-im-maerz-wurden<\/a><\/p>\n<p><a href=\"#_ednref23\" name=\"_edn23\">[23]<\/a> <a href=\"https:\/\/en.wikipedia.org\/wiki\/Ihor_Kolomoyskyi\">https:\/\/en.wikipedia.org\/wiki\/Ihor_Kolomoyskyi<\/a><\/p>\n<p><a href=\"#_ednref24\" name=\"_edn24\">[24]<\/a> <a href=\"https:\/\/www.forbes.com\/profile\/ihor-kolomoyskyy\/\">https:\/\/www.forbes.com\/profile\/ihor-kolomoyskyy\/<\/a><\/p>\n<p><a href=\"#_ednref25\" name=\"_edn25\">[25]<\/a> <a href=\"https:\/\/www.nzz.ch\/international\/ukraine-selenski-brilliert-aber-es-gibt-auch-schattenseiten-ld.1681137\">https:\/\/www.nzz.ch\/international\/ukraine-selenski-brilliert-aber-es-gibt-auch-schattenseiten-ld.1681137<\/a><\/p>\n<p><a href=\"#_ednref26\" name=\"_edn26\">[26]<\/a> <a href=\"https:\/\/www.n-tv.de\/politik\/Ukraine-verbietet-prorussische-Sender-article22335395.html\">https:\/\/www.n-tv.de\/politik\/Ukraine-verbietet-prorussische-Sender-article22335395.html<\/a><\/p>\n<p><a href=\"#_ednref27\" name=\"_edn27\">[27]<\/a> <a href=\"https:\/\/www.heise.de\/tp\/features\/Warum-Journalisten-und-Andersdenkende-in-der-Ukraine-Angst-haben-3904197.html?seite=all\">https:\/\/www.heise.de\/tp\/features\/Warum-Journalisten-und-Andersdenkende-in-der-Ukraine-Angst-haben-3904197.html?seite=all<\/a><\/p>\n<p><a href=\"#_ednref28\" name=\"_edn28\">[28]<\/a> <a href=\"https:\/\/gloria.tv\/post\/LopaJ4zg7Bbc4zitqNkhRdgwa\">https:\/\/gloria.tv\/post\/LopaJ4zg7Bbc4zitqNkhRdgwa<\/a><\/p>\n<p><a href=\"#_ednref29\" name=\"_edn29\">[29]<\/a> <a href=\"https:\/\/www.tagesschau.de\/suche2.html?query=Melnyk&amp;sort_by=date\">https:\/\/www.tagesschau.de\/suche2.html?query=Melnyk&amp;sort_by=date<\/a><\/p>\n<p><a href=\"#_ednref30\" name=\"_edn30\">[30]<\/a> <a href=\"https:\/\/www.youtube.com\/watch?v=eVjQB0c2QFI\">https:\/\/www.youtube.com\/watch?v=eVjQB0c2QFI<\/a><\/p>\n<p><a href=\"#_ednref31\" name=\"_edn31\">[31]<\/a> <a href=\"https:\/\/www.msn.com\/de-de\/nachrichten\/politik\/muss-die-ukraine-den-krieg-e2-80-9egewinnen-e2-80-9c-baerbock-c3-a4u-c3-9fert-sich-klar-lambrecht-weicht-aus\/ar-AAXZirI?fromMaestro=true\">https:\/\/www.msn.com\/de-de\/nachrichten\/politik\/muss-die-ukraine-den-krieg-e2-80-9egewinnen-e2-80-9c-baerbock-c3-a4u-c3-9fert-sich-klar-lambrecht-weicht-aus\/ar-AAXZirI?fromMaestro=true<\/a><\/p>\n<p><a href=\"#_ednref32\" name=\"_edn32\">[32]<\/a> <a href=\"https:\/\/www.youtube.com\/watch?v=Z-R4sh2z0EM&amp;t=3426s\">https:\/\/www.youtube.com\/watch?v=Z-R4sh2z0EM&amp;t=3426s<\/a><\/p>\n<p><a href=\"#_ednref33\" name=\"_edn33\">[33]<\/a> <a href=\"https:\/\/thegrayzone.com\/2022\/04\/28\/zelensky-celebrity-populist-pinochet-neoliberal\/\">https:\/\/thegrayzone.com\/2022\/04\/28\/zelensky-celebrity-populist-pinochet-neoliberal\/<\/a><\/p>\n<p><a href=\"#_ednref34\" name=\"_edn34\">[34]<\/a> <a href=\"https:\/\/www.swp-berlin.org\/publikation\/donbas-konflikt-schwieriger-friedensprozess\">https:\/\/www.swp-berlin.org\/publikation\/donbas-konflikt-schwieriger-friedensprozess<\/a><\/p>\n<p><a href=\"#_ednref35\" name=\"_edn35\">[35]<\/a> <a href=\"https:\/\/www.freethewords.com\/2022\/03\/18\/wie-viel-dreck-hat-ukraine-praesident-selenskyj-am-stecken\/\">https:\/\/www.freethewords.com\/2022\/03\/18\/wie-viel-dreck-hat-ukraine-praesident-selenskyj-am-stecken\/<\/a><\/p>\n<p><a href=\"#_ednref36\" name=\"_edn36\">[36]<\/a> <a href=\"https:\/\/www.bpb.de\/themen\/europa\/ukraine\/342240\/dokumentation-offshore-geschaefte-selenskyj-und-kolomojskyj-in-den-pandora-papers\/\">https:\/\/www.bpb.de\/themen\/europa\/ukraine\/342240\/dokumentation-offshore-geschaefte-selenskyj-und-kolomojskyj-in-den-pandora-papers\/<\/a><\/p>\n<p><a href=\"#_ednref37\" name=\"_edn37\">[37]<\/a> <a href=\"https:\/\/www.businessinsider.de\/wirtschaft\/finanzen\/ist-selenskyj-milliardaer-so-gross-ist-das-vermoegen-des-ukrainischen-praesidenten-wirklich-a\/\">https:\/\/www.businessinsider.de\/wirtschaft\/finanzen\/ist-selenskyj-milliardaer-so-gross-ist-das-vermoegen-des-ukrainischen-praesidenten-wirklich-a\/<\/a><\/p>\n<p><a href=\"#_ednref38\" name=\"_edn38\">[38]<\/a> <a href=\"https:\/\/www.tagesschau.de\/inland\/selenskyj-steinmeier-ukraine-absage-reaktionen-101.html\">https:\/\/www.tagesschau.de\/inland\/selenskyj-steinmeier-ukraine-absage-reaktionen-101.html<\/a><\/p>\n<p><a href=\"#_ednref39\" name=\"_edn39\">[39]<\/a> <a href=\"https:\/\/www.tagesschau.de\/inland\/haushalt-bundestag-119.html\">https:\/\/www.tagesschau.de\/inland\/haushalt-bundestag-119.html<\/a><\/p>\n<p><a href=\"#_ednref40\" name=\"_edn40\">[40]<\/a> <a href=\"https:\/\/www.nachdenkseiten.de\/?page_id=47542\">https:\/\/www.nachdenkseiten.de\/?page_id=47542<\/a><\/p>\n<p><strong>\u00a0<\/strong><\/p>\n<p style=\"text-align: right;\"><em>Friedhelm Klinkhammer und\u00a0<\/em><em>Volker Br\u00e4utigam sind\u00a0<\/em><em>Mitglieder des Beirates des Deutschen Freidenker-Verbandes.<\/em><\/p>\n<p><span style=\"font-size: 10pt;\">Dieser Beitrag erschien am 12.06.2022 auch auf <a href=\"https:\/\/publikumskonferenz.de\/blog\/2022\/06\/12\/scholz-hiwis-polieren-sankt-selenskyjs-scheinheiligen-schein\/\" target=\"_blank\" rel=\"noopener\">publikumskonferenz.de<\/a><\/span><\/p>\n<hr \/>\n<p><span style=\"font-size: 10pt;\">Bild: Collage von Ralf Lux unter Verwendung von:<\/span><\/p>\n<p><span style=\"font-size: 10pt;\">Volodymyr Selenskyj: Amtseinf\u00fchrung als Pr\u00e4sident am 20. Mai 2019<\/span><br \/>\n<span style=\"font-size: 10pt;\">Foto: President.gov.ua, <a href=\"https:\/\/creativecommons.org\/licenses\/by\/4.0\" target=\"_blank\" rel=\"noopener\">CC-BY 4.0<\/a><\/span><br \/>\n<span style=\"font-size: 10pt;\">Quelle: <a href=\"https:\/\/commons.wikimedia.org\/w\/index.php?curid=79108175\" target=\"_blank\" rel=\"noopener\">https:\/\/commons.wikimedia.org\/w\/index.php?curid=79108175<\/a><\/span><\/p>\n<p>&nbsp;<\/p>\n","protected":false},"excerpt":{"rendered":"<p><b>Beitrag von Friedhelm Klinkhammer und Volker Br\u00e4utigam<\/b><br \/>\nPreisfrage: Wann lief die letzte 20-Uhr-Tagesschau ohne Beitrag \u00fcber Ukraines Pr\u00e4sidenten Selenskyj \u2013 albern kost\u00fcmiert in NATO-Oliv, Waffen und Geld fordernd? \u201eSelenskyj\u201c im Suchfeld auf tagesschau.de ergibt f\u00fcr die letzten drei Monate mehr als 1 400 Treffer. Tagesschau.de listet darunter mehr als 500-mal Selenskyj-Videos: Heldenverehrung f\u00fcr einen ferngesteuerten Gewaltherrscher, der den Kriegszustand zur Festigung der eigenen Position verl\u00e4ngert und daf\u00fcr t\u00e4glich hunderte Menschenleben opfert. Hingegen verschwieg die Tagesschau den weltweit beachteten Rat des einstigen US-Au\u00dfenministers Henry Kissinger, Selenskyj solle zur Vermeidung einer gesamteurop\u00e4ischen Katastrophe freiwillig Territorium an Russland abtreten und Frieden schlie\u00dfen.<\/p>\n","protected":false},"author":3,"featured_media":13476,"comment_status":"closed","ping_status":"closed","sticky":false,"template":"","format":"standard","meta":{"colormag_page_container_layout":"default_layout","colormag_page_sidebar_layout":"default_layout","advanced_seo_description":"","jetpack_seo_html_title":"","jetpack_seo_noindex":false,"jetpack_post_was_ever_published":false,"footnotes":""},"categories":[12],"tags":[1094,224,1384,222,1168,1126,1111,639],"class_list":["post-13474","post","type-post","status-publish","format-standard","has-post-thumbnail","hentry","category-demokratie-medien-aufklaerung","tag-ard","tag-frieden-mit-russland","tag-korruption","tag-russland","tag-russophobie","tag-tagesschau","tag-ukraine","tag-ukraine-konflikt"],"jetpack_featured_media_url":"https:\/\/i0.wp.com\/www.freidenker.org\/fw17\/wp-content\/uploads\/2022\/06\/Zelensky_Heiliger_800x450.jpg?fit=800%2C450&ssl=1","jetpack_shortlink":"https:\/\/wp.me\/p9stpK-3vk","jetpack-related-posts":[{"id":8457,"url":"https:\/\/www.freidenker.org\/?p=8457","url_meta":{"origin":13474,"position":0},"title":"Neudeutsche Raubz\u00fcge in der Ukraine","author":"Webredaktion","date":"27. Juli 2020","format":false,"excerpt":"Beitrag von Friedhelm Klinkhammer und Volker Br\u00e4utigam Ukraine? Gibt\u00b4s da was? Die umfangreichsten Berichte der Tagesschau \u00fcber den osteurop\u00e4ischen Krisenstaat handeln im Juli von einer glimpflich abgegangenen Geiselnahme im west-ukrainischen Luzk. \u201eUnblutig beendet\u201c, hei\u00dft das in der verluderten Boulevard-Sprache, der sich auch die Redaktion ARD-aktuell bedient. Desinformation und Angebote zur\u2026","rel":"","context":"In &quot;Demokratie \u2013 Medien \u2013 Aufkl\u00e4rung&quot;","block_context":{"text":"Demokratie \u2013 Medien \u2013 Aufkl\u00e4rung","link":"https:\/\/www.freidenker.org\/?cat=12"},"img":{"alt_text":"","src":"https:\/\/i0.wp.com\/www.freidenker.org\/fw17\/wp-content\/uploads\/2020\/07\/selenskyi_pompeo_2020_800x450.jpg?fit=800%2C450&ssl=1&resize=350%2C200","width":350,"height":200,"srcset":"https:\/\/i0.wp.com\/www.freidenker.org\/fw17\/wp-content\/uploads\/2020\/07\/selenskyi_pompeo_2020_800x450.jpg?fit=800%2C450&ssl=1&resize=350%2C200 1x, https:\/\/i0.wp.com\/www.freidenker.org\/fw17\/wp-content\/uploads\/2020\/07\/selenskyi_pompeo_2020_800x450.jpg?fit=800%2C450&ssl=1&resize=525%2C300 1.5x, https:\/\/i0.wp.com\/www.freidenker.org\/fw17\/wp-content\/uploads\/2020\/07\/selenskyi_pompeo_2020_800x450.jpg?fit=800%2C450&ssl=1&resize=700%2C400 2x"},"classes":[]},{"id":12930,"url":"https:\/\/www.freidenker.org\/?p=12930","url_meta":{"origin":13474,"position":1},"title":"McTagesschau-Burger, blaugelb verpackt","author":"Webredaktion","date":"29. April 2022","format":false,"excerpt":"Beitrag von Friedhelm Klinkhammer und Volker Br\u00e4utigam Die ARD-Tagesschau hat die meisten Zuschauer. McDonald hat die meisten Besucher. Das Erfolgsrezept: Fastfood. Es macht denkfaul, fett und\u00a0satt. Ist allerdings gesundheitssch\u00e4dlich, mental und physisch. Besonders\u00a0der aktuelle McTagesschau-Billigburger, die antirussische Kriegshetze in blau-gelber Verpackung, ist zum Speien. Das Angebot f\u00fcllt\u00a0aber seit\u00a0Wochen gut die\u2026","rel":"","context":"In &quot;Demokratie \u2013 Medien \u2013 Aufkl\u00e4rung&quot;","block_context":{"text":"Demokratie \u2013 Medien \u2013 Aufkl\u00e4rung","link":"https:\/\/www.freidenker.org\/?cat=12"},"img":{"alt_text":"","src":"https:\/\/i0.wp.com\/www.freidenker.org\/fw17\/wp-content\/uploads\/2022\/04\/hamburger-207295_800x450_v2-1.jpg?fit=800%2C450&ssl=1&resize=350%2C200","width":350,"height":200,"srcset":"https:\/\/i0.wp.com\/www.freidenker.org\/fw17\/wp-content\/uploads\/2022\/04\/hamburger-207295_800x450_v2-1.jpg?fit=800%2C450&ssl=1&resize=350%2C200 1x, https:\/\/i0.wp.com\/www.freidenker.org\/fw17\/wp-content\/uploads\/2022\/04\/hamburger-207295_800x450_v2-1.jpg?fit=800%2C450&ssl=1&resize=525%2C300 1.5x, https:\/\/i0.wp.com\/www.freidenker.org\/fw17\/wp-content\/uploads\/2022\/04\/hamburger-207295_800x450_v2-1.jpg?fit=800%2C450&ssl=1&resize=700%2C400 2x"},"classes":[]},{"id":9866,"url":"https:\/\/www.freidenker.org\/?p=9866","url_meta":{"origin":13474,"position":2},"title":"Joe Biden im Tagesschau-Weichzeichner","author":"Webredaktion","date":"12. April 2021","format":false,"excerpt":"Beitrag von Friedhelm Klinkhammer und Volker Br\u00e4utigam Tagesschau-Meldung ohne gedankliche Vorleistung: \u201eDer Konflikt um die Ostukraine heizt die Spannungen zwischen den USA und Russland an.\u201c .... Von wem eigentlich die \u201eBerichte\u201c stammen, inwieweit sie zutreffen und welch tats\u00e4chlichem Zweck all das letztlich dient, kl\u00e4rt die Tagesschau nicht. Im Kontext wird\u2026","rel":"","context":"In &quot;Demokratie \u2013 Medien \u2013 Aufkl\u00e4rung&quot;","block_context":{"text":"Demokratie \u2013 Medien \u2013 Aufkl\u00e4rung","link":"https:\/\/www.freidenker.org\/?cat=12"},"img":{"alt_text":"","src":"https:\/\/i0.wp.com\/www.freidenker.org\/fw17\/wp-content\/uploads\/2021\/04\/Biden_weichgezeichnet_800x450.jpg?fit=800%2C450&ssl=1&resize=350%2C200","width":350,"height":200,"srcset":"https:\/\/i0.wp.com\/www.freidenker.org\/fw17\/wp-content\/uploads\/2021\/04\/Biden_weichgezeichnet_800x450.jpg?fit=800%2C450&ssl=1&resize=350%2C200 1x, https:\/\/i0.wp.com\/www.freidenker.org\/fw17\/wp-content\/uploads\/2021\/04\/Biden_weichgezeichnet_800x450.jpg?fit=800%2C450&ssl=1&resize=525%2C300 1.5x, https:\/\/i0.wp.com\/www.freidenker.org\/fw17\/wp-content\/uploads\/2021\/04\/Biden_weichgezeichnet_800x450.jpg?fit=800%2C450&ssl=1&resize=700%2C400 2x"},"classes":[]},{"id":14419,"url":"https:\/\/www.freidenker.org\/?p=14419","url_meta":{"origin":13474,"position":3},"title":"Deutschlands Absturz: Scholz, Baerbock, Habeck und das neue deutsche Elend","author":"Webredaktion","date":"12. Oktober 2022","format":false,"excerpt":"Beitrag von Friedhelm Klinkhammer und Volker Br\u00e4utigam Deutschland im Herbst: kurz vor dem Absturz in gro\u00dfe Not. Mit Kanzler Scholz voran, dem Bademeister im Schuldensumpf, Vergangenheitsbew\u00e4ltiger ohne Cum-Ex-Erinnerung und auch angesichts der Gegenwartsgefahren ziemlich einfallslos. Mit einer Au\u00dfenministerin Baerbock am Bein, selbsternannte Fachfrau f\u00fcr V\u00f6lkerrecht, zumindest aber f\u00fcr L\u00fcgengeschichten und\u2026","rel":"","context":"In &quot;Demokratie \u2013 Medien \u2013 Aufkl\u00e4rung&quot;","block_context":{"text":"Demokratie \u2013 Medien \u2013 Aufkl\u00e4rung","link":"https:\/\/www.freidenker.org\/?cat=12"},"img":{"alt_text":"","src":"https:\/\/i0.wp.com\/www.freidenker.org\/fw17\/wp-content\/uploads\/2022\/10\/Unterzeichnung_des_Koalitionsvertrages_800x450.jpg?fit=800%2C450&ssl=1&resize=350%2C200","width":350,"height":200,"srcset":"https:\/\/i0.wp.com\/www.freidenker.org\/fw17\/wp-content\/uploads\/2022\/10\/Unterzeichnung_des_Koalitionsvertrages_800x450.jpg?fit=800%2C450&ssl=1&resize=350%2C200 1x, https:\/\/i0.wp.com\/www.freidenker.org\/fw17\/wp-content\/uploads\/2022\/10\/Unterzeichnung_des_Koalitionsvertrages_800x450.jpg?fit=800%2C450&ssl=1&resize=525%2C300 1.5x, https:\/\/i0.wp.com\/www.freidenker.org\/fw17\/wp-content\/uploads\/2022\/10\/Unterzeichnung_des_Koalitionsvertrages_800x450.jpg?fit=800%2C450&ssl=1&resize=700%2C400 2x"},"classes":[]},{"id":19332,"url":"https:\/\/www.freidenker.org\/?p=19332","url_meta":{"origin":13474,"position":4},"title":"Selenskyj im Bundestag: Ohne BSW und AfD","author":"Webredaktion","date":"13. Juni 2024","format":false,"excerpt":"Am Dienstag (11.06.2024) hielt der russische Kom\u00f6diant, Schauspieler, ehemalige Pr\u00e4sident und derzeitige Diktator der Ukraine, Wolodymyr Selenskyj, eine Rede vor dem Deutschen Bundestag, um f\u00fcr weitere Unterst\u00fctzung seines Krieges gegen Russland bis zum letzten Ukrainer zu werben. Zwei Gruppierungen des Parlaments blieben dem makabren Zirkus erkl\u00e4rterma\u00dfen fern. Wir dokumentieren ihre\u2026","rel":"","context":"In &quot;Frieden - Antifaschismus - Solidarit\u00e4t&quot;","block_context":{"text":"Frieden - Antifaschismus - Solidarit\u00e4t","link":"https:\/\/www.freidenker.org\/?cat=13"},"img":{"alt_text":"","src":"https:\/\/i0.wp.com\/www.freidenker.org\/fw17\/wp-content\/uploads\/2024\/06\/Selenskyj_im_Bundestag_800x450.jpg?fit=800%2C450&ssl=1&resize=350%2C200","width":350,"height":200,"srcset":"https:\/\/i0.wp.com\/www.freidenker.org\/fw17\/wp-content\/uploads\/2024\/06\/Selenskyj_im_Bundestag_800x450.jpg?fit=800%2C450&ssl=1&resize=350%2C200 1x, https:\/\/i0.wp.com\/www.freidenker.org\/fw17\/wp-content\/uploads\/2024\/06\/Selenskyj_im_Bundestag_800x450.jpg?fit=800%2C450&ssl=1&resize=525%2C300 1.5x, https:\/\/i0.wp.com\/www.freidenker.org\/fw17\/wp-content\/uploads\/2024\/06\/Selenskyj_im_Bundestag_800x450.jpg?fit=800%2C450&ssl=1&resize=700%2C400 2x"},"classes":[]},{"id":6844,"url":"https:\/\/www.freidenker.org\/?p=6844","url_meta":{"origin":13474,"position":5},"title":"Zerrbild Ukraine st\u00fctzt Feindbild\u00a0Russland","author":"Webredaktion","date":"22. August 2019","format":false,"excerpt":"Beitrag von Friedhelm Klinkhammer und Volker Br\u00e4utigam Seit dem Maidan-Putsch sendet ARD-aktuell transatlantische Propaganda \u00fcber unser osteurop\u00e4isches Nachbarland und unterschl\u00e4gt wichtige Informationen. Statt Fakten und gut recherchierter Hintergr\u00fcnde gibt es russophobe Klischees zum Fremdsch\u00e4men.","rel":"","context":"In &quot;Demokratie \u2013 Medien \u2013 Aufkl\u00e4rung&quot;","block_context":{"text":"Demokratie \u2013 Medien \u2013 Aufkl\u00e4rung","link":"https:\/\/www.freidenker.org\/?cat=12"},"img":{"alt_text":"","src":"https:\/\/i0.wp.com\/www.freidenker.org\/fw17\/wp-content\/uploads\/2019\/08\/ARD_-_Hauptstadtstudio_in_Berlin_800x445.jpg?fit=800%2C445&ssl=1&resize=350%2C200","width":350,"height":200,"srcset":"https:\/\/i0.wp.com\/www.freidenker.org\/fw17\/wp-content\/uploads\/2019\/08\/ARD_-_Hauptstadtstudio_in_Berlin_800x445.jpg?fit=800%2C445&ssl=1&resize=350%2C200 1x, https:\/\/i0.wp.com\/www.freidenker.org\/fw17\/wp-content\/uploads\/2019\/08\/ARD_-_Hauptstadtstudio_in_Berlin_800x445.jpg?fit=800%2C445&ssl=1&resize=525%2C300 1.5x, https:\/\/i0.wp.com\/www.freidenker.org\/fw17\/wp-content\/uploads\/2019\/08\/ARD_-_Hauptstadtstudio_in_Berlin_800x445.jpg?fit=800%2C445&ssl=1&resize=700%2C400 2x"},"classes":[]}],"_links":{"self":[{"href":"https:\/\/www.freidenker.org\/index.php?rest_route=\/wp\/v2\/posts\/13474","targetHints":{"allow":["GET"]}}],"collection":[{"href":"https:\/\/www.freidenker.org\/index.php?rest_route=\/wp\/v2\/posts"}],"about":[{"href":"https:\/\/www.freidenker.org\/index.php?rest_route=\/wp\/v2\/types\/post"}],"author":[{"embeddable":true,"href":"https:\/\/www.freidenker.org\/index.php?rest_route=\/wp\/v2\/users\/3"}],"replies":[{"embeddable":true,"href":"https:\/\/www.freidenker.org\/index.php?rest_route=%2Fwp%2Fv2%2Fcomments&post=13474"}],"version-history":[{"count":0,"href":"https:\/\/www.freidenker.org\/index.php?rest_route=\/wp\/v2\/posts\/13474\/revisions"}],"wp:featuredmedia":[{"embeddable":true,"href":"https:\/\/www.freidenker.org\/index.php?rest_route=\/wp\/v2\/media\/13476"}],"wp:attachment":[{"href":"https:\/\/www.freidenker.org\/index.php?rest_route=%2Fwp%2Fv2%2Fmedia&parent=13474"}],"wp:term":[{"taxonomy":"category","embeddable":true,"href":"https:\/\/www.freidenker.org\/index.php?rest_route=%2Fwp%2Fv2%2Fcategories&post=13474"},{"taxonomy":"post_tag","embeddable":true,"href":"https:\/\/www.freidenker.org\/index.php?rest_route=%2Fwp%2Fv2%2Ftags&post=13474"}],"curies":[{"name":"wp","href":"https:\/\/api.w.org\/{rel}","templated":true}]}}