{"id":13384,"date":"2022-06-13T23:57:04","date_gmt":"2022-06-13T21:57:04","guid":{"rendered":"https:\/\/www.freidenker.org\/?p=13384"},"modified":"2023-03-18T12:15:33","modified_gmt":"2023-03-18T11:15:33","slug":"zu-viel-kultur-naturfreunde-ueben-sich-in-cancel-culture","status":"publish","type":"post","link":"https:\/\/www.freidenker.org\/?p=13384","title":{"rendered":"Zu viel Kultur? Naturfreunde \u00fcben sich in &#8222;Cancel Culture&#8220;"},"content":{"rendered":"<p><span style=\"font-size: 10pt;\">Erstver\u00f6ffentlichung am 11.06.2022 auf <a href=\"https:\/\/pressefreiheit.rtde.tech\/inland\/140762-zu-viel-kultur-naturfreunde-ueben-sich-in-cancel-culture\/\" target=\"_blank\" rel=\"noopener\">RT DE<\/a><\/span><\/p>\n<p>Die Praxis, l\u00e4ngst zugesagte R\u00e4ume, Auftritte und Veranstaltungen kurzfristig abzusagen, greift seit Jahren um sich. Mal werden Gr\u00fcnde genannt, mal nicht. Oft gehen die Absagen von \u00f6ffentlichen Stellen aus. Nun haben wohl auch die &#8222;Naturfreunde&#8220; daran Gefallen gefunden.<\/p>\n<p>Die positive Nachricht vorweg: Der &#8222;Linke Liedersommer&#8220; findet statt, von heute an [1] \u2013 und bis zum Sonntag, dazu in vollem Umfang. Bis vor wenigen Tagen sah es nicht danach aus. Doch der Reihe nach.<\/p>\n<p>Zum neunten Mal sollte das Kulturseminar des Deutschen Freidenkerverbandes, der Linke Liedersommer, im Naturfreundehaus Rahnenhof stattfinden. &#8230; Wie die Freidenker auf ihrer Website <a href=\"https:\/\/www.freidenker.org\/?p=13349\" target=\"_blank\" rel=\"noopener noreferrer\">schreiben<\/a>, erhielten sie gerade einmal eine Woche vor Seminarbeginn eine Absage. Und ohne Tagungshaus stand das ganze Seminar auf der Kippe \u2013 nach zwei Jahren, in denen die bekannten &#8222;Corona-Ma\u00dfnahmen&#8220; die Durchf\u00fchrung des Liedersommers verhindert hatten. Die K\u00fcndigung in diesem Jahr erfolgte offenbar, ohne dass vorab seitens der Naturfreunde das Gespr\u00e4ch gesucht worden w\u00e4re.<\/p>\n<p><strong>&#8222;Antideutsches&#8220; Muster<\/strong><\/p>\n<p>Wie die Freidenker schreiben, sei der Absage jedoch eine regelrechte &#8222;Hetzkampagne&#8220; vorausgegangen, die ein Funktion\u00e4r der Naturfreunde in Ludwigshafen entfacht hatte. Dieser habe etliche K\u00fcnstler als &#8222;Rassisten&#8220;, &#8222;Antisemiten&#8220;, &#8222;Coronaleugner&#8220;, &#8222;Querfrontler&#8220; und dergleichen mehr diffamiert. Diese Etikettierungen seien ganz im Stil vorgetragen worden, der aus der &#8222;Antideutschen&#8220;-Szene gut bekannt sei.<\/p>\n<p>Als Beispiele nennen die Freidenker eine Reihe von Publizisten, Wissenschaftlern, Aktivisten oder K\u00fcnstlern, die in den letzten Monaten und Jahren Opfer solcher Kampagnen wurden. M\u00f6glicherweise seien solche Verleumdungen auch &#8222;geheimdienstlich inspiriert&#8220;, wie die Freidenker schreiben. Prominente Namen in diesem Zusammenhang sind etwa Dr. Werner R\u00fcgemer oder auch Lisa Fitz:<\/p>\n<blockquote><p><em>&#8222;Vermieter, Veranstalter werden mit Anrufen, Briefen, Mails bombardiert, um mit Rufmord Ausladungen und Absagen zu bewirken. Die damit verbundene bleibende Rufsch\u00e4digung kann im Einzelfall auch bis zur Existenzvernichtung f\u00fchren. Auf Neudeutsch auch &#8218;Cancel Culture&#8216; genannt.&#8220;<\/em><\/p><\/blockquote>\n<p><strong>Verhinderung des Kulturseminars abgewendet<\/strong><\/p>\n<p>Alle Vor- und Anw\u00fcrfe, die von den Naturfreunden ausgingen, habe man zur\u00fcckgewiesen. Zwar hatte der Freidenkerverband versucht, eine R\u00fccknahme der &#8222;Absage&#8220; zu erwirken, doch ohne Erfolg.<\/p>\n<p>Um das &#8222;Hauptziel&#8220; der &#8222;&#8218;antideutschen&#8216; Kampagneros&#8220;, die Verhinderung des Liedersommers, zu konterkarieren, habe man in k\u00fcrzester Zeit eine Reihe von Alternativen durchspielen m\u00fcssen. Nun findet das Kulturseminar allen Widrigkeiten zum Trotz doch statt [1] \u2013 und die Freidenker hoffen, im hessischen Bad Orb auch noch &#8222;Kurzentschlossene&#8220; begr\u00fc\u00dfen zu k\u00f6nnen. Man bedauere, dass mit derlei Kampagnen zwei traditionsreiche Organisationen der Arbeiterbewegung offenkundig gegeneinander aufgebracht werden sollten, setze dem aber ein entschlossenes &#8222;Jetzt erst recht!&#8220; entgegen.<\/p>\n<p><strong>Anmerkung<\/strong><\/p>\n<p>[1] Der Beitrag von RT DE wurde am 11.06. ver\u00f6ffentlicht. Der Linke Liedersommer fand vom 10. bis 12.06.2022 in Bad Orb statt<\/p>\n<hr \/>\n<p><span style=\"font-size: 10pt;\">Bild: Philipp Hoffmann auf dem Linken Liedersommer 2022 in Bad Orb<\/span><br \/>\n<span style=\"font-size: 10pt;\">Foto: Ralf Lux<\/span><\/p>\n","protected":false},"excerpt":{"rendered":"<p><b>Beitrag von RT DE<\/b><br \/>\nDie Praxis, l\u00e4ngst zugesagte R\u00e4ume, Auftritte und Veranstaltungen kurzfristig abzusagen, greift seit Jahren um sich. Mal werden Gr\u00fcnde genannt, mal nicht. Oft gehen die Absagen von \u00f6ffentlichen Stellen aus. Nun haben wohl auch die &#8222;Naturfreunde&#8220; daran Gefallen gefunden. Zum neunten Mal sollte das Kulturseminar des Deutschen Freidenkerverbandes, der Linke Liedersommer, im Naturfreundehaus Rahnenhof stattfinden. &#8230; Wie die Freidenker auf ihrer Website schreiben, erhielten sie gerade einmal eine Woche vor Seminarbeginn eine Absage. Und ohne Tagungshaus stand das ganze Seminar auf der Kippe \u2013 nach zwei Jahren, in denen die bekannten &#8222;Corona-Ma\u00dfnahmen&#8220; die Durchf\u00fchrung des Liedersommers verhindert hatten. Die K\u00fcndigung in diesem Jahr erfolgte offenbar, ohne dass vorab seitens der Naturfreunde das Gespr\u00e4ch gesucht worden w\u00e4re.<\/p>\n","protected":false},"author":3,"featured_media":13387,"comment_status":"closed","ping_status":"closed","sticky":false,"template":"","format":"standard","meta":{"colormag_page_container_layout":"default_layout","colormag_page_sidebar_layout":"default_layout","advanced_seo_description":"","jetpack_seo_html_title":"","jetpack_seo_noindex":false,"jetpack_post_was_ever_published":false,"footnotes":""},"categories":[913,937],"tags":[692,1542,1476,735,1742,669,825],"class_list":["post-13384","post","type-post","status-publish","format-standard","has-post-thumbnail","hentry","category-kultur-kunst","category-zeit-der-verleumder-freidenker-fuer-klartext","tag-antideutsche","tag-cancel-culture","tag-diffamierung","tag-kulturseminar","tag-liedersommer","tag-linker-liedersommer","tag-politisches-lied"],"jetpack_featured_media_url":"https:\/\/i0.wp.com\/www.freidenker.org\/fw17\/wp-content\/uploads\/2022\/06\/klartext_liliso2022_800x450.jpg?fit=800%2C450&ssl=1","jetpack_shortlink":"https:\/\/wp.me\/p9stpK-3tS","jetpack-related-posts":[{"id":6315,"url":"https:\/\/www.freidenker.org\/?p=6315","url_meta":{"origin":13384,"position":0},"title":"Lieder gegen Ausbeutung und Krieg","author":"Webredaktion","date":"8. Mai 2019","format":false,"excerpt":"Pressemitteilung zum 8. Kulturseminar und Linken Liedersommer 2019 Zu seinem 8. Kulturseminar l\u00e4dt der Deutsche Freidenker-Verband erstmals an einen anderen Ort als der traditionellen Burg Waldeck ein, n\u00e4mlich ins Naturfreundehaus Rahnenhof bei Hertlingshausen in der Pfalz, vom 21. bis 23. Juni 2019. ... Der \u201eLinke Liedersommer\u201c hat traditionell das Verh\u00e4ltnis\u2026","rel":"","context":"In &quot;Kultur &amp; Kunst&quot;","block_context":{"text":"Kultur &amp; Kunst","link":"https:\/\/www.freidenker.org\/?cat=913"},"img":{"alt_text":"","src":"https:\/\/i0.wp.com\/www.freidenker.org\/fw17\/wp-content\/uploads\/2019\/05\/liliso_2013_800x445_v2.jpg?fit=800%2C447&ssl=1&resize=350%2C200","width":350,"height":200,"srcset":"https:\/\/i0.wp.com\/www.freidenker.org\/fw17\/wp-content\/uploads\/2019\/05\/liliso_2013_800x445_v2.jpg?fit=800%2C447&ssl=1&resize=350%2C200 1x, https:\/\/i0.wp.com\/www.freidenker.org\/fw17\/wp-content\/uploads\/2019\/05\/liliso_2013_800x445_v2.jpg?fit=800%2C447&ssl=1&resize=525%2C300 1.5x, https:\/\/i0.wp.com\/www.freidenker.org\/fw17\/wp-content\/uploads\/2019\/05\/liliso_2013_800x445_v2.jpg?fit=800%2C447&ssl=1&resize=700%2C400 2x"},"classes":[]},{"id":13397,"url":"https:\/\/www.freidenker.org\/?p=13397","url_meta":{"origin":13384,"position":1},"title":"\u201eCancel Culture\u201c getrotzt: Erfolgreicher Liedersommer der Freidenker","author":"Webredaktion","date":"15. Juni 2022","format":false,"excerpt":"Bildergalerie vom Linken Liedersommer 2022 \u00dcber 100 Teilnehmer konnte der Freidenker-Vorsitzende Sebastian Bahlo am Wochenende in Bad Orb beim 9. Kulturseminar des Verbandes \u201eF\u00fcr eine solidarische Welt \u2013 gegen Ausbeutung und Krieg\u201c begr\u00fc\u00dfen. Viele sahen ihre Teilnahme auch als bewussten Protest gegen die Denunziatoren, die das Naturfreundehaus Rahnenhof in der\u2026","rel":"","context":"In &quot;Kultur &amp; Kunst&quot;","block_context":{"text":"Kultur &amp; Kunst","link":"https:\/\/www.freidenker.org\/?cat=913"},"img":{"alt_text":"","src":"https:\/\/i0.wp.com\/www.freidenker.org\/fw17\/wp-content\/uploads\/2022\/06\/LiLiSo2022_collage_800x450.jpg?fit=800%2C450&ssl=1&resize=350%2C200","width":350,"height":200,"srcset":"https:\/\/i0.wp.com\/www.freidenker.org\/fw17\/wp-content\/uploads\/2022\/06\/LiLiSo2022_collage_800x450.jpg?fit=800%2C450&ssl=1&resize=350%2C200 1x, https:\/\/i0.wp.com\/www.freidenker.org\/fw17\/wp-content\/uploads\/2022\/06\/LiLiSo2022_collage_800x450.jpg?fit=800%2C450&ssl=1&resize=525%2C300 1.5x, https:\/\/i0.wp.com\/www.freidenker.org\/fw17\/wp-content\/uploads\/2022\/06\/LiLiSo2022_collage_800x450.jpg?fit=800%2C450&ssl=1&resize=700%2C400 2x"},"classes":[]},{"id":13349,"url":"https:\/\/www.freidenker.org\/?p=13349","url_meta":{"origin":13384,"position":2},"title":"LINKER LIEDERSOMMER FINDET STATT: 10.-12.06.2022 in Bad Orb!","author":"Webredaktion","date":"7. Juni 2022","format":false,"excerpt":"Eine Woche vor dem Ereignis, dem wir mit gro\u00dfer Erwartung entgegenfieberten, kam es kn\u00fcppeldick. Seit zwei Jahre konnten wir wegen der \u201eCorona-Ma\u00dfnahmen\u201c unser Kulturseminar nicht durchf\u00fchren, umso mehr freuten wir uns auf ein Wiedersehn am bevorstehenden Wochenende. Doch wir hatten die Rechnung ohne den Wirt gemacht, der hat uns n\u00e4mlich\u2026","rel":"","context":"In &quot;Kultur &amp; Kunst&quot;","block_context":{"text":"Kultur &amp; Kunst","link":"https:\/\/www.freidenker.org\/?cat=913"},"img":{"alt_text":"","src":"https:\/\/i0.wp.com\/www.freidenker.org\/fw17\/wp-content\/uploads\/2022\/06\/LiLiSo_2019_mitLogo_800x450.jpg?fit=800%2C450&ssl=1&resize=350%2C200","width":350,"height":200,"srcset":"https:\/\/i0.wp.com\/www.freidenker.org\/fw17\/wp-content\/uploads\/2022\/06\/LiLiSo_2019_mitLogo_800x450.jpg?fit=800%2C450&ssl=1&resize=350%2C200 1x, https:\/\/i0.wp.com\/www.freidenker.org\/fw17\/wp-content\/uploads\/2022\/06\/LiLiSo_2019_mitLogo_800x450.jpg?fit=800%2C450&ssl=1&resize=525%2C300 1.5x, https:\/\/i0.wp.com\/www.freidenker.org\/fw17\/wp-content\/uploads\/2022\/06\/LiLiSo_2019_mitLogo_800x450.jpg?fit=800%2C450&ssl=1&resize=700%2C400 2x"},"classes":[]},{"id":13498,"url":"https:\/\/www.freidenker.org\/?p=13498","url_meta":{"origin":13384,"position":3},"title":"Verleumdungsorgie gegen Linken Liedersommer","author":"Webredaktion","date":"18. Juni 2022","format":false,"excerpt":"Interview der NRhZ mit Sebastian Bahlo (Vorsitzender des Deutschen Freidenker-Verbands) und Fotogalerie vom Linken Liedersommer 2022 Sebastian Bahlo: ... Nachdem der Liedersommer im vergangenen Jahr wegen der so genannten Corona-Ma\u00dfnahmen ausfallen musste, haben die Umst\u00e4nde, die ihn diesmal begleiten, im weiteren Sinne auch mit Corona zu tun. Der Veranstaltungsort, den\u2026","rel":"","context":"In &quot;Kultur &amp; Kunst&quot;","block_context":{"text":"Kultur &amp; Kunst","link":"https:\/\/www.freidenker.org\/?cat=913"},"img":{"alt_text":"","src":"https:\/\/i0.wp.com\/www.freidenker.org\/fw17\/wp-content\/uploads\/2022\/06\/LiLiSo2022_Bahlo_800x450.jpg?fit=800%2C450&ssl=1&resize=350%2C200","width":350,"height":200,"srcset":"https:\/\/i0.wp.com\/www.freidenker.org\/fw17\/wp-content\/uploads\/2022\/06\/LiLiSo2022_Bahlo_800x450.jpg?fit=800%2C450&ssl=1&resize=350%2C200 1x, https:\/\/i0.wp.com\/www.freidenker.org\/fw17\/wp-content\/uploads\/2022\/06\/LiLiSo2022_Bahlo_800x450.jpg?fit=800%2C450&ssl=1&resize=525%2C300 1.5x, https:\/\/i0.wp.com\/www.freidenker.org\/fw17\/wp-content\/uploads\/2022\/06\/LiLiSo2022_Bahlo_800x450.jpg?fit=800%2C450&ssl=1&resize=700%2C400 2x"},"classes":[]},{"id":4282,"url":"https:\/\/www.freidenker.org\/?p=4282","url_meta":{"origin":13384,"position":4},"title":"Der Linke Liedersommer als Stellvertreterkriegsschauplatz","author":"Webredaktion","date":"26. Juni 2013","format":false,"excerpt":"Zu den Versuchen, den Auftritt der Band DIE BANDBREITE beim Liedersommer 2013 zu verhindern Der Linke Liedersommer 2013 auf Burg Waldeck im Hunsr\u00fcck war wie erwartet und erhofft ein H\u00f6hepunkt der Kulturarbeit des Deutschen Freidenker-Verbandes. Die Zahl von gut 130 Teilnehmerinnen und Teilnehmer war ein sch\u00f6ner Erfolg, und diese lobten\u2026","rel":"","context":"In &quot;Demokratie \u2013 Medien \u2013 Aufkl\u00e4rung&quot;","block_context":{"text":"Demokratie \u2013 Medien \u2013 Aufkl\u00e4rung","link":"https:\/\/www.freidenker.org\/?cat=12"},"img":{"alt_text":"","src":"https:\/\/i0.wp.com\/www.freidenker.org\/fw17\/wp-content\/uploads\/2018\/01\/10-2013-06-21-23-af-0869_800x445.jpg?fit=800%2C445&ssl=1&resize=350%2C200","width":350,"height":200,"srcset":"https:\/\/i0.wp.com\/www.freidenker.org\/fw17\/wp-content\/uploads\/2018\/01\/10-2013-06-21-23-af-0869_800x445.jpg?fit=800%2C445&ssl=1&resize=350%2C200 1x, https:\/\/i0.wp.com\/www.freidenker.org\/fw17\/wp-content\/uploads\/2018\/01\/10-2013-06-21-23-af-0869_800x445.jpg?fit=800%2C445&ssl=1&resize=525%2C300 1.5x, https:\/\/i0.wp.com\/www.freidenker.org\/fw17\/wp-content\/uploads\/2018\/01\/10-2013-06-21-23-af-0869_800x445.jpg?fit=800%2C445&ssl=1&resize=700%2C400 2x"},"classes":[]},{"id":4276,"url":"https:\/\/www.freidenker.org\/?p=4276","url_meta":{"origin":13384,"position":5},"title":"Videos vom Linken Liedersommer 2017","author":"Webredaktion","date":"30. Juni 2017","format":false,"excerpt":"Ab 1968 wurde die Burg Waldeck zum Markenzeichen linker Protestlieder. Ankn\u00fcpfend an die Tradition der legend\u00e4ren Waldeck-Festivals zu APO Zeiten hatten Freidenker, Arbeiterfotografie, Jenny-Marx-Gesellschaft und Neue Rheinische Zeitung K\u00fcnstler, Musikgruppen, S\u00e4nger und Leute, die im Seminar oder am Lagerfeuer sich mit Gleichgesinnten austauschen m\u00f6chten, zu einem Musik-Treffen auf die Burg\u2026","rel":"","context":"In &quot;Kultur &amp; Kunst&quot;","block_context":{"text":"Kultur &amp; Kunst","link":"https:\/\/www.freidenker.org\/?cat=913"},"img":{"alt_text":"","src":"https:\/\/i0.wp.com\/www.freidenker.org\/fw17\/wp-content\/uploads\/2018\/01\/Liedersommer2017_kh_800x445.jpg?fit=800%2C445&ssl=1&resize=350%2C200","width":350,"height":200,"srcset":"https:\/\/i0.wp.com\/www.freidenker.org\/fw17\/wp-content\/uploads\/2018\/01\/Liedersommer2017_kh_800x445.jpg?fit=800%2C445&ssl=1&resize=350%2C200 1x, https:\/\/i0.wp.com\/www.freidenker.org\/fw17\/wp-content\/uploads\/2018\/01\/Liedersommer2017_kh_800x445.jpg?fit=800%2C445&ssl=1&resize=525%2C300 1.5x, https:\/\/i0.wp.com\/www.freidenker.org\/fw17\/wp-content\/uploads\/2018\/01\/Liedersommer2017_kh_800x445.jpg?fit=800%2C445&ssl=1&resize=700%2C400 2x"},"classes":[]}],"_links":{"self":[{"href":"https:\/\/www.freidenker.org\/index.php?rest_route=\/wp\/v2\/posts\/13384","targetHints":{"allow":["GET"]}}],"collection":[{"href":"https:\/\/www.freidenker.org\/index.php?rest_route=\/wp\/v2\/posts"}],"about":[{"href":"https:\/\/www.freidenker.org\/index.php?rest_route=\/wp\/v2\/types\/post"}],"author":[{"embeddable":true,"href":"https:\/\/www.freidenker.org\/index.php?rest_route=\/wp\/v2\/users\/3"}],"replies":[{"embeddable":true,"href":"https:\/\/www.freidenker.org\/index.php?rest_route=%2Fwp%2Fv2%2Fcomments&post=13384"}],"version-history":[{"count":0,"href":"https:\/\/www.freidenker.org\/index.php?rest_route=\/wp\/v2\/posts\/13384\/revisions"}],"wp:featuredmedia":[{"embeddable":true,"href":"https:\/\/www.freidenker.org\/index.php?rest_route=\/wp\/v2\/media\/13387"}],"wp:attachment":[{"href":"https:\/\/www.freidenker.org\/index.php?rest_route=%2Fwp%2Fv2%2Fmedia&parent=13384"}],"wp:term":[{"taxonomy":"category","embeddable":true,"href":"https:\/\/www.freidenker.org\/index.php?rest_route=%2Fwp%2Fv2%2Fcategories&post=13384"},{"taxonomy":"post_tag","embeddable":true,"href":"https:\/\/www.freidenker.org\/index.php?rest_route=%2Fwp%2Fv2%2Ftags&post=13384"}],"curies":[{"name":"wp","href":"https:\/\/api.w.org\/{rel}","templated":true}]}}