{"id":13380,"date":"2022-06-13T23:56:26","date_gmt":"2022-06-13T21:56:26","guid":{"rendered":"https:\/\/www.freidenker.org\/?p=13380"},"modified":"2023-03-18T12:17:06","modified_gmt":"2023-03-18T11:17:06","slug":"das-klima-wird-rauer-und-kritische-geister-haben-es-immer-schwerer","status":"publish","type":"post","link":"https:\/\/www.freidenker.org\/?p=13380","title":{"rendered":"Das Klima wird rauer und kritische Geister haben es immer schwerer"},"content":{"rendered":"<h4>Zwei unglaubliche Vorg\u00e4nge, die leider repr\u00e4sentativ f\u00fcr unsere Zeit sind<\/h4>\n<p><span style=\"font-size: 10pt;\">Erstver\u00f6ffentlichung am 10.06.2022 auf <a href=\"https:\/\/www.nachdenkseiten.de\/?p=84727\" target=\"_blank\" rel=\"noopener\">nachdenkseiten.de<\/a><\/span><\/p>\n<p>Raumverbote sind kein neues Ph\u00e4nomen. In der Vergangenheit traf es vor allem Veranstaltungen, die sich kritisch mit der Politik des Staates Israel auseinandersetzten. Die NachDenkSeiten <a href=\"https:\/\/www.nachdenkseiten.de\/?p=50444\">berichteten dar\u00fcber<\/a>. Die Einschl\u00e4ge kommen \u201eso langsam\u201c jedoch n\u00e4her \u2013 auch Kritik an den Corona-Ma\u00dfnahmen und eine kritische Sicht auf den Ukraine-Krieg reichen heute aus, um mit Raumverboten belegt zu werden. In dieser Woche erreichten uns zwei Mails, die unglaubliche Vorg\u00e4nge beschreiben \u2013 einmal ein Hausverbot f\u00fcr unseren Stuttgarter Gespr\u00e4chskreis in einer R\u00e4umlichkeit, in der man sich seit 2015 regelm\u00e4\u00dfig traf; und einmal die kurzfristige K\u00fcndigung von R\u00e4umlichkeiten f\u00fcr den linken Liedersommer aufgrund eines denunziatorischen Schreibens. Wir dokumentieren beide Vorf\u00e4lle anhand der Mails. Die Organisatoren des linken Liedersommers haben zum Gl\u00fcck bereits eine Ausweichm\u00f6glichkeit gefunden.<\/p>\n<p><strong>Jens Berger<\/strong><\/p>\n<hr \/>\n<h5><strong>1. Mail unserer Leserin Gerlinde Mauerh\u00f6fer<\/strong><\/h5>\n<p>Liebe Frau Anette Sorg!<\/p>\n<p>Ich habe gestern etwas erlebt, das macht mich heute noch sprachlos. Ein \u201eschwarzer Pfingstsonntag\u201c.<\/p>\n<p>Unsere Truppe wollte sich gestern am 5.6. im Waldheim Clara Zetkin in Stuttgart-Sillenbuch treffen. Wir waren wegen Pfingsten wenig Teilnehmer und ein Neuer war dabei.<br \/>\nWir treffen und dort seit Jahren mit unserer Ideenschmied (Hartz-IV-Beratung) zu der dann auch immer mehr Nachdenkseiten-Leser gekommen sind. Dann wurden die beiden Gruppen zusammengelegt. Wir machen jetzt nur noch den Nachdenkseiten-Gespr\u00e4chskreis.<br \/>\nUnsere Themen waren die Rentenproblematik, Geldsystem, Mehr Demokratie etc., teilweise haben uns Experten bei den Themen unterst\u00fctzt. Wir sa\u00dfen am Tisch und haben uns mit dem Neuen unterhalten, w\u00e4hrend die G. *** hinaus ging um nachzusehen ob noch jemand kommt. Dabei hat sie dann mit einer Mitarbeiterin gesprochen, die wissen wollte wer wir sind. G. hat gesagt dass wir uns schon lange hier treffen. Wegen der ganzen Corona-Verordnungen ging das nicht immer, denn die \u00e4lteren Herrschaften wollten mit der Maske nicht im \u00d6PNV fahren. Bei uns w\u00e4ren Ungeimpfte, Geimpfte und Genesene dabei, das war alles. Sie erwiderte dann, sie w\u00e4re solidarisch und h\u00e4tte sich impfen lassen. G. sagte dann zu ihr das kann doch jeder f\u00fcr sich selbst entscheiden. Das war\u00b4s.<\/p>\n<p>Ich habe mich mit dem Neuen unterhalten und meinen Kuchen gegessen. Pl\u00f6tzlich ist die Mitarbeiterin aufgetaucht und hat gesagt wir sollen das Lokal verlassen sie erteile uns Hausverbot. Bei uns war keiner betrunken oder hat sich st\u00f6rend und laut verhalten.<br \/>\nIch wollte den Grund f\u00fcr das Hausverbot wissen. Sie sagte das brauche sie mir nicht mitteilen sie w\u00fcrde von dem Hausrecht Gebrauch machen. Ich habe noch weiter gebohrt, dann sagte sie wir w\u00e4ren \u201eQuerdenker.\u201c Ich wies daraufhin das wir ein Gespr\u00e4chskreis der Nachdenkseiten w\u00e4ren und habe sie gebeten ihren Chef zu rufen. Nach einiger Zeit ist der Herr erschienen und ganz unversch\u00e4mt gefordert wir sollen sofort sein Lokal verlassen.<br \/>\nWir wollten dann alle den Grund wissen. Kurze Antwort ich mache vom Hausrecht Gebrauch.<br \/>\nDer Herr hat noch hinter uns hergerufen verlasst mein Grundst\u00fcck. Er stand unter dem neu gedeckten Dach f\u00fcr das ich auch gespendet habe. Ich w\u00fcnschte mir innerlich dass diese Ziegel dem Herrn auf den Kopf fallen sollen.<\/p>\n<p>Ich bzw. wir kommen seit 2015 ins Waldheim zuerst mit der Ideenschmiede und sp\u00e4ter auch mit dem Nachdenkseiten-Gespr\u00e4chskreis.. Die Ideenschmiede wurde aufgel\u00f6st.<\/p>\n<p>Ich bin ganz einfach fassungslos, dass es so etwas in dem so demokratischen, wie es ja immer betont wird, Deutschland gibt.<\/p>\n<p>Ich teile Ihnen den Vorgang mit.<\/p>\n<p>Herzlichen Gru\u00df an Sie von Gerlinde Mauerh\u00f6fer ***<br \/>\nnicht Quer- sondern Selberdenker.***<\/p>\n<div class=\"hr_wrap\">\n<hr \/>\n<\/div>\n<h5><strong>2. Mail unseres Lesers Klaus Hartmann<\/strong><\/h5>\n<p>Lieber Albrecht,<\/p>\n<p>ich habe am 04.06.2022 \u201caus gegebenen Gr\u00fcnden\u201d dem Bundesvorsitzenden der Naturfreunde, Michael M\u00fcller, einen Brief geschrieben: Der Leiter des Naturfreundehauses Rahnenhof, Stephan Schenk, hat eine Woche vor dem Termin den Linken Liedersommer \u201cabgesagt\u201d. \u201cBegr\u00fcndung\u201d ist eine Diffamierung einzelner K\u00fcnstler und unseres Verbandes aus der \u201cantideutschen\u201d Ecke. In dieser Mail wird \u201cdie ganze Geschichte erz\u00e4hlt, ich gehe auf die Diffamierungen ein und das \u201cK\u00fcndigungsschreiben\u201d ist dort ebenfalls zitiert; der diffamierende Text ist unter der Mail dokumentiert.<\/p>\n<p>Herzliche Gr\u00fc\u00dfe<br \/>\nKlaus Hartmann<\/p>\n<hr \/>\n<p><strong>Anlage 1:<\/strong><\/p>\n<p style=\"padding-left: 40px;\"><em>\u2014\u2014\u2013 Weitergeleitete Nachricht \u2014\u2014\u2013<\/em><br \/>\n<em>Betreff: \u201cAbsage\u201d des Linken Liedersommers?<\/em><br \/>\n<em>Datum: Sat, 4 Jun 2022 16:47:18 +0200<\/em><br \/>\n<em>Von: Klaus Hartmann <\/em><br \/>\n<em>An: Michael M\u00fcller<\/em><\/p>\n<p style=\"padding-left: 40px;\">Lieber Michael,<\/p>\n<p style=\"padding-left: 40px;\">ich wende mich heute mit einem unerfreulichen Thema an Dich [nachdem wir uns wiederholt bei \u201cStopp Airbase Ramstein\u201d, \u201cAbr\u00fcsten statt Aufr\u00fcsten\u201d u. \u00e4. begegnet sind]: Gestern hat Stephan Schenk unsere Veranstaltung \u201cLinker Liedersommer f\u00fcr eine solidarische Welt \u2013 gegen Ausbeutung und Krieg\u201d abgesagt \u2013 1 Woche vor Beginn.<\/p>\n<p style=\"padding-left: 40px;\">Als Grund nennt er \u201cheftigste Aufregung\u201d um die Veranstaltung, die sich in erster Linie auf eine Mail von Aron Wilhelm (v. 02.06.2022) zu st\u00fctzen scheint, seines Zeichens Jugendbildungsreferent Rheinland-Pfalz. Der holt zu einem Rundumschlag gegen etliche Personen aus \u2013 so diffamierend wie haltlos (ich h\u00e4nge seinen Text unter meiner Mail an).<\/p>\n<p style=\"padding-left: 40px;\">Bei einer Veranstaltung des Deutschen Freidenker-Verbandes moniert er: <em>Die Veranstalterin Monique Broquard geh\u00f6rt dem \u201cDeutschen Freidenker Verband\u201d an.<\/em> Ist das bemerkenswert!?<\/p>\n<p style=\"padding-left: 40px;\"><em>Die Freidenker haben w\u00e4hrend Corona immer wieder gemeinsam mit Querdenkern demonstriert \u2026 <\/em>\u2013 das war \u00f6rtlich sehr unterschiedlich: wo Linke tonangebend waren, trifft das zu und mancherorts waren Freidenker auch Initiatoren solcher Proteste; wo sich Nazis beteiligten, waren wir nicht dabei; und wo wir keinen Einfluss auf Inhalte nehmen konnten, waren wir auch nicht beteiligt, z.B. in Berlin.<\/p>\n<p style=\"padding-left: 40px;\">Abgesehen davon war fr\u00fcher mal \u201cQuerdenker\u201d ein Ehrentitel, ebenso wie Dissident; dass die Qualit\u00e4tsmedien jetzt alle unterschiedslos als Querdenker labeln und als \u201cvoll Nazi\u201d diffamieren, belegt nur den Verfall einer demokratischen Diskussionskultur. Die Freidenker wurden 1881 als Selbsthilfeorganisation von Dissidenten (verfolgt von Thron &amp; Altar) gegr\u00fcndet, und wir lassen uns unseren guten Namen nicht durch Knallchargen ruinieren.<\/p>\n<p style=\"padding-left: 40px;\">N\u00e4chster Vorwurf: <em>Auf der Plattform der Freidenker (freidenker.org) wird offen \u00fcber NWO, Great Reset, P(l)andemie u.\u00e4. geschrieben.<\/em> Tolle Recherche \u2013 das Stichwort P(l)andemie kommt in keinem der Hunderte von Beitr\u00e4gen vor. NWO hingegen schon \u2013 denn wenn George W. Bush seinen Irakkrieg mit diesem Ziel begr\u00fcndete, sollen wir nicht dar\u00fcber schreiben \u2013 gehts noch? Auch Great Reset, diese mysteri\u00f6se Seifenblase von Klaus Schwabs Weltkomikerforum, wird bei uns kommentiert. In Arons Augen ist das ein Fehltritt \u2013 denn einem irischen S\u00e4nger h\u00e4ngt er an: <em>Guy Dawson tritt bei Veranstaltungen auf, die \u00fcber den \u201cGreat Reset\u201d (Thema der Neuen Rechten) reden \u2026<\/em> Da k\u00f6nnten wir uns verst\u00e4ndigen, denn in unseren Augen ist dieser Klaus Schwab tats\u00e4chlich ein Neuer Rechter. Ist aber von uns nicht eingeladen.<\/p>\n<p style=\"padding-left: 40px;\">Als n\u00e4chster kriegt Reinhard Frankl sein Fett, er ist GEW-Gewerkschafter und attac-Aktiver, und publiziert gemeinsam mit Prof. Rainer Roth (vormals FH Frankfurt). Denn das online-Portal Rubikon hat einen Artikel von ihm nachgedruckt. Das liest sich bei Aron so: <em>Rheinhard Frankl schreibt Artikel auf der verschw\u00f6rungstheoretischen &amp; antisemitischen Webseite Rubikon.<\/em> Dazu f\u00e4llt mir nur ein, dass <em>verschw\u00f6rungstheoretisch &amp; antisemitisch<\/em> in letzter Zeit zu beliebten Diffamierungslabels geworden sind. Damit ger\u00e4t a) der zu bek\u00e4mpfende reale Antisemitismus aus dem Blick, und b) gilt als \u201cVerschw\u00f6rungstheoretiker\u201d seit der Ermordung von John F. Kennedy jeder, der nicht an die Einzelt\u00e4terthese der CIA glaubte.<\/p>\n<p style=\"padding-left: 40px;\"><em>Dietmar Sander ist Gr\u00fcndungsmitglied der Querdenker Partei \u201cDie Basis\u201d \u2013<\/em> ob das zutrifft, haben wir nicht ausgeforscht, doch selbst wenn es zutrifft, w\u00e4re das f\u00fcr uns kein Grund, den Operns\u00e4nger auszuladen. Denn in dieser Partei scheint es politisch recht vielf\u00e4ltig, aber nicht rechtsextrem zuzugehen, und Parteiprogramme d\u00fcrfen auf Freidenker-Veranstaltungen ohnehin nicht propagiert werden.<\/p>\n<p style=\"padding-left: 40px;\">Die zahlreichen Vorw\u00fcrfe gegen Sabiene Jahn sind zu abstrus, um sie zu kommentieren, und insbesondere so haltlos, dass die K\u00fcnstlerin bereits in vier Verleumdungsklagen Recht bekam. Die Verleumdungen zu wiederholen, kann nur bedeuten, dass ein f\u00fcnfter Prozess angestrebt wird.<\/p>\n<p style=\"padding-left: 40px;\">Besonders nett ist die Kommentierung <em>Zu Dieter Dehm braucht man ja eigentlich nicht mehr viel sagen<\/em> sowie die Begr\u00fcndung <em>Schreibt f\u00fcr die DKP Parteizeitung.<\/em> Haben die Naturfreunde schon einen Unvereinbarkeitsbeschluss gegen Kommunisten oder gar f\u00fcr Nichtmitglieder der Partei, die in ihrer Zeitung schreiben oder selbige lesen? <em>Gerade vor kurzem hat er sogar ein Gespr\u00e4ch mit dem Querfrontler Boris Reitschuster gehalten.<\/em> Leider verschweigt Aron, dass es ein Streitgespr\u00e4ch war\u2026 <em>Nicht mehr viel zu sagen <\/em>braucht man zu Diether Dehm wahrscheinlich, weil er<em> f\u00e4llt auch immer wieder durch rassistische, transphobe und andere menschenfeindliche \u00c4u\u00dferungen auf.<\/em> Belege bleibt der Inquisitor nat\u00fcrlich schuldig. Wie auch f\u00fcr die Behauptung, Dehm habe <em>einen Song mit antisemitischen Klauseln ver\u00f6ffentlicht.<\/em> Die h\u00e4tten uns aber gerade brennend interessiert.<\/p>\n<p style=\"padding-left: 40px;\">Zusammenfassend: das Verdikt <em>Querfrontler, Querdenker, Verschw\u00f6rungsgl\u00e4ubige, Rassisten und Antisemiten<\/em> kennen wir seit Jahren zur Gen\u00fcge als Standard aus dem \u201cantideutschen\u201d Spektrum, in der Regel gest\u00fctzt auf den aus fr\u00fcherer Zeit bekannten Vorwurf \u201cIch habe den mit dem gesehen\u201d, heute als \u201cKontaktschuld-Vorwurf\u201d gel\u00e4ufig. Unser Freund Reiner Braun kann ein Lied davon singen, mindestens eines.<\/p>\n<p style=\"padding-left: 40px;\">Und zu all dem keine Chance auf Erwiderung, audiatur et altera pars \u2013 nie geh\u00f6rt? Leider hat es Stephan vermieden, den Vorw\u00fcrfen auf den Grund zu gehen, das Gespr\u00e4ch mit \u201cuns Angeklagten\u201d zu f\u00fchren, und statt dessen gemailt, unter dem <em><strong>Betreff<\/strong>: Linker Liedersommer wird unsererseits komplett abgesagt<\/em><\/p>\n<p style=\"padding-left: 40px;\">und zwar an die <em>Liebe Monique,<\/em><\/p>\n<p style=\"padding-left: 40px;\">die folgenden Abs\u00e4tze sind sehr deutlich formuliert, aber es geht nicht anders:<\/p>\n<p style=\"padding-left: 40px;\"><em><strong>Der Linke Liedersommer 2022, der vom 10. bis 12.06.2022 bei uns im Rahnenhof h\u00e4tte stattfinden sollen, wird unsererseits komplett abgesagt und alle gebuchten \u00dcbernachtungspl\u00e4tze, Verpflegungsleistungen und Seminarr\u00e4ume gelten mit dieser Mail als ersatzlos storniert. Das NaturFreundehaus Rahnenhof wird f\u00fcr den Linken Liedersommer nicht zur Verf\u00fcgung stehen; sollten dennoch Teilnehmer:innen zu dieser Veranstaltung anreisen, werden wir von unserem Hausrecht Gebrauch machen und sie vom Gel\u00e4nde des Naturfreundehauses Rahnenhof verweisen.<\/strong><\/em><\/p>\n<p style=\"padding-left: 40px;\"><em><strong>Begr\u00fcndung: nach sorgf\u00e4ltiger Pr\u00fcfung des bei uns im Rahnenhof geplanten Ablaufes des Linken Liedersommers sind wir zu der \u00dcberzeugung gelangt, dass einzelne Programmpunkte dieser Veranstaltung gegen die in der Satzung der NaturFreunde Bundesgruppe Deutschlands e.V., der NaturFreunde Ortsgruppe Frankenthal e.V., in dessen Eigentum das Naturfreundehaus Rahnenhof steht, und gegen viele weitere auf diversen Bundeskongressen der NaturFreunde Deutschlands gefassten Beschl\u00fcsse, versto\u00dfen. Eine Absage unsererseits ist daher unumg\u00e4nglich.<\/strong><\/em><\/p>\n<p style=\"padding-left: 40px;\">Lieber Michael,<\/p>\n<p style=\"padding-left: 40px;\">wir k\u00f6nnen weder diese Ansage noch diesen Umgang miteinander akzeptieren, und noch viel weniger, dass auf diese Weise zwei traditionsreiche Kulturorganisationen der Arbeiterbewegung zu Feinden gemacht werden sollen. Wir haben nachgesucht, diese \u201cAbsage\u201d zur\u00fcckzunehmen, damit eine Klage auf Vertragserf\u00fcllung nicht notwendig wird.<\/p>\n<p style=\"padding-left: 40px;\">Wir hoffen auf Deine Mithilfe und gr\u00fc\u00dfen herzlich<\/p>\n<p style=\"padding-left: 40px;\">Klaus Hartmann<br \/>\nStellvertretender Vorsitzender des Deutschen Freidenker-Verbandes<\/p>\n<hr \/>\n<p><strong>Anlage 2:<\/strong><\/p>\n<p style=\"padding-left: 40px;\"><em>Von: Aron Wilhelm <\/em><br \/>\n<em>Gesendet: Donnerstag, 2. Juni 2022 14:17<\/em><br \/>\n<em>An: Stephan Schenk <\/em><br \/>\n<em>Betreff: \u201cLinker Liedersommer\u201d Veranstaltung im Rahnenhof<\/em><\/p>\n<p style=\"padding-left: 40px;\">Hallo Stephan,<\/p>\n<p style=\"padding-left: 40px;\">hier ist Aron, Jugendbildungsreferent NFJ RLP.<\/p>\n<p style=\"padding-left: 40px;\">Seit gestern werde ich von verschiedenen Verb\u00e4nden &amp; Menschen angeschrieben, was da bei euch f\u00fcr eine Veranstaltung unter dem Namen \u201cLinker Liedersommer\u201d l\u00e4uft.<\/p>\n<p style=\"padding-left: 40px;\">Die verschiedenen geplanten K\u00fcnstler*innen sind im Gro\u00dfteil Querfrontler, Querdenker, Verschw\u00f6rungsgl\u00e4ubige, Rassisten und Antisemiten.<\/p>\n<p style=\"padding-left: 40px;\">Die Veranstalterin Monique Broquard geh\u00f6rt dem \u201cDeutschen Freidenker Verband\u201d an. Die Freidenker haben w\u00e4hrend Corona immer wieder gemeinsam mit Querdenkern demonstriert und deren krude Theorien mittransportiert. Auf der Plattform der Freidenker (freidenker.org) wird offen \u00fcber NWO, Great Reset, P(l)andemie u.\u00e4. geschrieben.<\/p>\n<p style=\"padding-left: 40px;\">Rheinhard Frankl schreibt Artikel auf der verschw\u00f6rungstheoretischen &amp; antisemitischen Webseite Rubikon.<\/p>\n<p style=\"padding-left: 40px;\">Dietmar Sander ist Gr\u00fcndungsmitglied der Querdenker Partei \u201cDie Basis\u201d<\/p>\n<p style=\"padding-left: 40px;\">Guy Dawson tritt bei Veranstaltungen auf, die \u00fcber den \u201cGreat Reset\u201d (Thema der Neuen Rechten) reden und \u00fcber Impf-Faschismus<\/p>\n<p style=\"padding-left: 40px;\">Sabiene Jahn war Initiatorin bei \u201ckoblenz: Im Dialog\u201d Eine Veranstaltung bei der Nazis, Verschw\u00f6rungsdullis u.a. zusammen kamen. dabei wurden Davidsterne mit dem Aufdruck \u201cUngeimpft\u201d getragen. Bei dieser Veranstaltung wurden u.a. Hitlergr\u00fc\u00dfe gezeigt. Auch sie ist bei den Freidenkern. Au\u00dferdem war sie auch engagiert bei der neuen rechtsextremen und AfD-nahen Partei \u201cWiderstand 2020\u201d. Sogar Gewerkschaften (z.B. GEW) mobilisieren gegen diese Frau.<\/p>\n<p style=\"padding-left: 40px;\">Zu Dieter Dehm braucht man ja eigentlich nicht mehr viel sagen. Schreibt f\u00fcr die DKP Parteizeitung und f\u00e4llt auch immer wieder durch rassistische, transphobe und andere menschenfeindliche \u00c4u\u00dferungen auf. Gerade vor kurzem hat er sogar ein Gespr\u00e4ch mit dem Querfrontler Boris Reitschuster gehalten. W\u00e4hrend Corona hat er einen Song mit antisemitischen Klauseln ver\u00f6ffentlicht.<\/p>\n<p style=\"padding-left: 40px;\">Diese Veranstaltung ist mehr als sch\u00e4dlich f\u00fcr die Naturfreunde und sollte keinen Platz in einem unserer H\u00e4user bekommen.<\/p>\n<p style=\"padding-left: 40px;\">Alle Anschuldigungen sind belegbar und frei zug\u00e4nglich, wenn man ein wenig googelt. Ich kann aber auch gerne ein Link Sammlung aus verschiedensten Quellen (B\u00fcndnisse gegen Rechts, Gewerkschaften, Zeitungen und Selbstdarstellungen der Akteure) nachreichen.<\/p>\n<p style=\"padding-left: 40px;\">Viele Gr\u00fc\u00dfe &amp; Berg Frei<\/p>\n<p style=\"padding-left: 40px;\">\u2014<br \/>\nAron Wilhelm<br \/>\nJugendbildungsreferent<br \/>\nNaturfreundejugend Rheinland-Pfalz<\/p>\n<hr \/>\n<p><span style=\"font-size: 10pt;\">Bild: <a href=\"https:\/\/pixabay.com\/de\/photos\/zeigend-finger-geste-zeigefinger-4190930\/\" target=\"_blank\" rel=\"noopener\">pixabay.com<\/a> \/ <a class=\"hover_opacity\" href=\"https:\/\/pixabay.com\/de\/users\/tumisu-148124\/\">Tumisu<\/a> \/ <a href=\"https:\/\/pixabay.com\/de\/service\/license\/\">Pixabay License<\/a><\/span><\/p>\n","protected":false},"excerpt":{"rendered":"<p><b>Beitrag von Jens Berger<\/b><br \/>\nRaumverbote sind kein neues Ph\u00e4nomen. In der Vergangenheit traf es vor allem Veranstaltungen, die sich kritisch mit der Politik des Staates Israel auseinandersetzten. &#8230; Die Einschl\u00e4ge kommen \u201eso langsam\u201c jedoch n\u00e4her \u2013 auch Kritik an den Corona-Ma\u00dfnahmen und eine kritische Sicht auf den Ukraine-Krieg reichen heute aus, um mit Raumverboten belegt zu werden. In dieser Woche erreichten uns zwei Mails, die unglaubliche Vorg\u00e4nge beschreiben \u2013 einmal ein Hausverbot f\u00fcr unseren Stuttgarter Gespr\u00e4chskreis in einer R\u00e4umlichkeit, in der man sich seit 2015 regelm\u00e4\u00dfig traf; und einmal die kurzfristige K\u00fcndigung von R\u00e4umlichkeiten f\u00fcr den linken Liedersommer aufgrund eines denunziatorischen Schreibens. Wir dokumentieren beide Vorf\u00e4lle anhand der Mails. <\/p>\n","protected":false},"author":3,"featured_media":13386,"comment_status":"closed","ping_status":"closed","sticky":false,"template":"","format":"standard","meta":{"colormag_page_container_layout":"default_layout","colormag_page_sidebar_layout":"default_layout","advanced_seo_description":"","jetpack_seo_html_title":"","jetpack_seo_noindex":false,"jetpack_post_was_ever_published":false,"footnotes":""},"categories":[937],"tags":[1541,1476,1003,735,1742,669,825,1333,1050,641],"class_list":["post-13380","post","type-post","status-publish","format-standard","has-post-thumbnail","hentry","category-zeit-der-verleumder-freidenker-fuer-klartext","tag-denunziation","tag-diffamierung","tag-inquisition","tag-kulturseminar","tag-liedersommer","tag-linker-liedersommer","tag-politisches-lied","tag-querdenker","tag-veranstaltung","tag-verschwoerungstheorie"],"jetpack_featured_media_url":"https:\/\/i0.wp.com\/www.freidenker.org\/fw17\/wp-content\/uploads\/2022\/06\/klartext_pointing-4190930_800x450.jpg?fit=800%2C450&ssl=1","jetpack_shortlink":"https:\/\/wp.me\/p9stpK-3tO","jetpack-related-posts":[{"id":4279,"url":"https:\/\/www.freidenker.org\/?p=4279","url_meta":{"origin":13380,"position":0},"title":"Bericht vom Linken Liedersommer 2013 auf der Burg Waldeck","author":"Webredaktion","date":"30. Juni 2013","format":false,"excerpt":"Bericht von Jane Zahn Wieder 130 Teilnehmer \u2013 wie es einer auf der Auswertungsdiskussion formulierte: \u201eDas ist heutzutage schon ein Erfolg!\u201c \u2013 beim Linken Liedersommer im Hunsr\u00fcck. Das legendenumwobene, traditionsreiche Gel\u00e4nde neben der Burg Waldeck war erf\u00fcllt von Musik, Gesang, Diskussionen, gesch\u00e4ftigem Betrieb. Mit 8 Workshop-Angeboten von \u201e150 Jahre Arbeiterlieder\u201c\u2026","rel":"","context":"In &quot;Kultur &amp; Kunst&quot;","block_context":{"text":"Kultur &amp; Kunst","link":"https:\/\/www.freidenker.org\/?cat=913"},"img":{"alt_text":"","src":"https:\/\/i0.wp.com\/www.freidenker.org\/fw17\/wp-content\/uploads\/2018\/01\/01-2013-06-21-23-af-0992_800x445.jpg?fit=800%2C445&ssl=1&resize=350%2C200","width":350,"height":200,"srcset":"https:\/\/i0.wp.com\/www.freidenker.org\/fw17\/wp-content\/uploads\/2018\/01\/01-2013-06-21-23-af-0992_800x445.jpg?fit=800%2C445&ssl=1&resize=350%2C200 1x, https:\/\/i0.wp.com\/www.freidenker.org\/fw17\/wp-content\/uploads\/2018\/01\/01-2013-06-21-23-af-0992_800x445.jpg?fit=800%2C445&ssl=1&resize=525%2C300 1.5x, https:\/\/i0.wp.com\/www.freidenker.org\/fw17\/wp-content\/uploads\/2018\/01\/01-2013-06-21-23-af-0992_800x445.jpg?fit=800%2C445&ssl=1&resize=700%2C400 2x"},"classes":[]},{"id":4276,"url":"https:\/\/www.freidenker.org\/?p=4276","url_meta":{"origin":13380,"position":1},"title":"Videos vom Linken Liedersommer 2017","author":"Webredaktion","date":"30. Juni 2017","format":false,"excerpt":"Ab 1968 wurde die Burg Waldeck zum Markenzeichen linker Protestlieder. Ankn\u00fcpfend an die Tradition der legend\u00e4ren Waldeck-Festivals zu APO Zeiten hatten Freidenker, Arbeiterfotografie, Jenny-Marx-Gesellschaft und Neue Rheinische Zeitung K\u00fcnstler, Musikgruppen, S\u00e4nger und Leute, die im Seminar oder am Lagerfeuer sich mit Gleichgesinnten austauschen m\u00f6chten, zu einem Musik-Treffen auf die Burg\u2026","rel":"","context":"In &quot;Kultur &amp; Kunst&quot;","block_context":{"text":"Kultur &amp; Kunst","link":"https:\/\/www.freidenker.org\/?cat=913"},"img":{"alt_text":"","src":"https:\/\/i0.wp.com\/www.freidenker.org\/fw17\/wp-content\/uploads\/2018\/01\/Liedersommer2017_kh_800x445.jpg?fit=800%2C445&ssl=1&resize=350%2C200","width":350,"height":200,"srcset":"https:\/\/i0.wp.com\/www.freidenker.org\/fw17\/wp-content\/uploads\/2018\/01\/Liedersommer2017_kh_800x445.jpg?fit=800%2C445&ssl=1&resize=350%2C200 1x, https:\/\/i0.wp.com\/www.freidenker.org\/fw17\/wp-content\/uploads\/2018\/01\/Liedersommer2017_kh_800x445.jpg?fit=800%2C445&ssl=1&resize=525%2C300 1.5x, https:\/\/i0.wp.com\/www.freidenker.org\/fw17\/wp-content\/uploads\/2018\/01\/Liedersommer2017_kh_800x445.jpg?fit=800%2C445&ssl=1&resize=700%2C400 2x"},"classes":[]},{"id":6958,"url":"https:\/\/www.freidenker.org\/?p=6958","url_meta":{"origin":13380,"position":2},"title":"Das Lied, das Milliard\u00e4ren gef\u00e4hrlich werden wird","author":"Webredaktion","date":"20. Juni 2019","format":false,"excerpt":"Interview mit Ernst \"Ernesto\" Schwarz zum 8. Linken Liedersommer Ich bin seit einem halben Jahrhundert auf der Suche nach und am Sammeln von Arbeiter- und generell revolution\u00e4ren Liedern und Volksliedern. Als es im Vorfeld des Jugoslawienkriegs und der bevorstehenden Verarmungsma\u00dfnahmen der Kriegsparteien CDU, SPD, Gr\u00fcne, FDP keine neuen aktuellen Lieder\u2026","rel":"","context":"In &quot;Kultur &amp; Kunst&quot;","block_context":{"text":"Kultur &amp; Kunst","link":"https:\/\/www.freidenker.org\/?cat=913"},"img":{"alt_text":"","src":"https:\/\/i0.wp.com\/www.freidenker.org\/fw17\/wp-content\/uploads\/2019\/09\/ernesto_liliso-2019_800x445-1.jpg?fit=800%2C445&ssl=1&resize=350%2C200","width":350,"height":200,"srcset":"https:\/\/i0.wp.com\/www.freidenker.org\/fw17\/wp-content\/uploads\/2019\/09\/ernesto_liliso-2019_800x445-1.jpg?fit=800%2C445&ssl=1&resize=350%2C200 1x, https:\/\/i0.wp.com\/www.freidenker.org\/fw17\/wp-content\/uploads\/2019\/09\/ernesto_liliso-2019_800x445-1.jpg?fit=800%2C445&ssl=1&resize=525%2C300 1.5x, https:\/\/i0.wp.com\/www.freidenker.org\/fw17\/wp-content\/uploads\/2019\/09\/ernesto_liliso-2019_800x445-1.jpg?fit=800%2C445&ssl=1&resize=700%2C400 2x"},"classes":[]},{"id":13736,"url":"https:\/\/www.freidenker.org\/?p=13736","url_meta":{"origin":13380,"position":3},"title":"Video vom Liedersommer 2022: Stimmen zu Frieden und Freiheit","author":"Webredaktion","date":"9. Juli 2022","format":false,"excerpt":"Die Arbeiterfotografie hat von unserem Linken Liedersommer 2022 ein 52-min\u00fctiges Video erstellt und \u00fcber die NRhZ und auf YouTube ver\u00f6ffentlicht. Im Begleittext dazu hei\u00dft es: In Tradition des politischen Liedes von Verdis Gefangenenchor aus Nabucco, \u00fcber den US-Arbeiterf\u00fchrer und Liedermacher Joe Hill, Brecht-Eisler-Kampflieder und Balladen, \u00fcber das israelische \"Frieden f\u00fcr\u2026","rel":"","context":"In &quot;Kultur &amp; Kunst&quot;","block_context":{"text":"Kultur &amp; Kunst","link":"https:\/\/www.freidenker.org\/?cat=913"},"img":{"alt_text":"","src":"https:\/\/i0.wp.com\/www.freidenker.org\/fw17\/wp-content\/uploads\/2022\/07\/sonja_liliso2022_v6a.jpg?fit=800%2C450&ssl=1&resize=350%2C200","width":350,"height":200,"srcset":"https:\/\/i0.wp.com\/www.freidenker.org\/fw17\/wp-content\/uploads\/2022\/07\/sonja_liliso2022_v6a.jpg?fit=800%2C450&ssl=1&resize=350%2C200 1x, https:\/\/i0.wp.com\/www.freidenker.org\/fw17\/wp-content\/uploads\/2022\/07\/sonja_liliso2022_v6a.jpg?fit=800%2C450&ssl=1&resize=525%2C300 1.5x, https:\/\/i0.wp.com\/www.freidenker.org\/fw17\/wp-content\/uploads\/2022\/07\/sonja_liliso2022_v6a.jpg?fit=800%2C450&ssl=1&resize=700%2C400 2x"},"classes":[]},{"id":13384,"url":"https:\/\/www.freidenker.org\/?p=13384","url_meta":{"origin":13380,"position":4},"title":"Zu viel Kultur? Naturfreunde \u00fcben sich in &#8222;Cancel Culture&#8220;","author":"Webredaktion","date":"13. Juni 2022","format":false,"excerpt":"Beitrag von RT DE Die Praxis, l\u00e4ngst zugesagte R\u00e4ume, Auftritte und Veranstaltungen kurzfristig abzusagen, greift seit Jahren um sich. Mal werden Gr\u00fcnde genannt, mal nicht. Oft gehen die Absagen von \u00f6ffentlichen Stellen aus. Nun haben wohl auch die \"Naturfreunde\" daran Gefallen gefunden. Zum neunten Mal sollte das Kulturseminar des Deutschen\u2026","rel":"","context":"In &quot;Kultur &amp; Kunst&quot;","block_context":{"text":"Kultur &amp; Kunst","link":"https:\/\/www.freidenker.org\/?cat=913"},"img":{"alt_text":"","src":"https:\/\/i0.wp.com\/www.freidenker.org\/fw17\/wp-content\/uploads\/2022\/06\/klartext_liliso2022_800x450.jpg?fit=800%2C450&ssl=1&resize=350%2C200","width":350,"height":200,"srcset":"https:\/\/i0.wp.com\/www.freidenker.org\/fw17\/wp-content\/uploads\/2022\/06\/klartext_liliso2022_800x450.jpg?fit=800%2C450&ssl=1&resize=350%2C200 1x, https:\/\/i0.wp.com\/www.freidenker.org\/fw17\/wp-content\/uploads\/2022\/06\/klartext_liliso2022_800x450.jpg?fit=800%2C450&ssl=1&resize=525%2C300 1.5x, https:\/\/i0.wp.com\/www.freidenker.org\/fw17\/wp-content\/uploads\/2022\/06\/klartext_liliso2022_800x450.jpg?fit=800%2C450&ssl=1&resize=700%2C400 2x"},"classes":[]},{"id":13349,"url":"https:\/\/www.freidenker.org\/?p=13349","url_meta":{"origin":13380,"position":5},"title":"LINKER LIEDERSOMMER FINDET STATT: 10.-12.06.2022 in Bad Orb!","author":"Webredaktion","date":"7. Juni 2022","format":false,"excerpt":"Eine Woche vor dem Ereignis, dem wir mit gro\u00dfer Erwartung entgegenfieberten, kam es kn\u00fcppeldick. Seit zwei Jahre konnten wir wegen der \u201eCorona-Ma\u00dfnahmen\u201c unser Kulturseminar nicht durchf\u00fchren, umso mehr freuten wir uns auf ein Wiedersehn am bevorstehenden Wochenende. Doch wir hatten die Rechnung ohne den Wirt gemacht, der hat uns n\u00e4mlich\u2026","rel":"","context":"In &quot;Kultur &amp; Kunst&quot;","block_context":{"text":"Kultur &amp; Kunst","link":"https:\/\/www.freidenker.org\/?cat=913"},"img":{"alt_text":"","src":"https:\/\/i0.wp.com\/www.freidenker.org\/fw17\/wp-content\/uploads\/2022\/06\/LiLiSo_2019_mitLogo_800x450.jpg?fit=800%2C450&ssl=1&resize=350%2C200","width":350,"height":200,"srcset":"https:\/\/i0.wp.com\/www.freidenker.org\/fw17\/wp-content\/uploads\/2022\/06\/LiLiSo_2019_mitLogo_800x450.jpg?fit=800%2C450&ssl=1&resize=350%2C200 1x, https:\/\/i0.wp.com\/www.freidenker.org\/fw17\/wp-content\/uploads\/2022\/06\/LiLiSo_2019_mitLogo_800x450.jpg?fit=800%2C450&ssl=1&resize=525%2C300 1.5x, https:\/\/i0.wp.com\/www.freidenker.org\/fw17\/wp-content\/uploads\/2022\/06\/LiLiSo_2019_mitLogo_800x450.jpg?fit=800%2C450&ssl=1&resize=700%2C400 2x"},"classes":[]}],"_links":{"self":[{"href":"https:\/\/www.freidenker.org\/index.php?rest_route=\/wp\/v2\/posts\/13380","targetHints":{"allow":["GET"]}}],"collection":[{"href":"https:\/\/www.freidenker.org\/index.php?rest_route=\/wp\/v2\/posts"}],"about":[{"href":"https:\/\/www.freidenker.org\/index.php?rest_route=\/wp\/v2\/types\/post"}],"author":[{"embeddable":true,"href":"https:\/\/www.freidenker.org\/index.php?rest_route=\/wp\/v2\/users\/3"}],"replies":[{"embeddable":true,"href":"https:\/\/www.freidenker.org\/index.php?rest_route=%2Fwp%2Fv2%2Fcomments&post=13380"}],"version-history":[{"count":0,"href":"https:\/\/www.freidenker.org\/index.php?rest_route=\/wp\/v2\/posts\/13380\/revisions"}],"wp:featuredmedia":[{"embeddable":true,"href":"https:\/\/www.freidenker.org\/index.php?rest_route=\/wp\/v2\/media\/13386"}],"wp:attachment":[{"href":"https:\/\/www.freidenker.org\/index.php?rest_route=%2Fwp%2Fv2%2Fmedia&parent=13380"}],"wp:term":[{"taxonomy":"category","embeddable":true,"href":"https:\/\/www.freidenker.org\/index.php?rest_route=%2Fwp%2Fv2%2Fcategories&post=13380"},{"taxonomy":"post_tag","embeddable":true,"href":"https:\/\/www.freidenker.org\/index.php?rest_route=%2Fwp%2Fv2%2Ftags&post=13380"}],"curies":[{"name":"wp","href":"https:\/\/api.w.org\/{rel}","templated":true}]}}