{"id":13206,"date":"2022-05-28T03:08:59","date_gmt":"2022-05-28T01:08:59","guid":{"rendered":"https:\/\/www.freidenker.org\/?p=13206"},"modified":"2022-06-23T03:36:51","modified_gmt":"2022-06-23T01:36:51","slug":"aktionen-am-tag-der-befreiung-und-dem-tag-des-sieges","status":"publish","type":"post","link":"https:\/\/www.freidenker.org\/?p=13206","title":{"rendered":"Aktionen am Tag der Befreiung und dem Tag des Sieges"},"content":{"rendered":"<p>Auch in diesem Jahr wurde am 8. und 9. Mai mit Kranzniederlegungen, Gedenkkundgebungen und Demonstrationen an den Tag der Befreiung vor 77 Jahren erinnert und selbstverst\u00e4ndlich waren auch wieder viele Freidenker dabei.<\/p>\n<p>Wir ver\u00f6ffentlichen hier 4 Fotostrecken verschiedener Veranstaltungen in Berlin, N\u00fcrnberg, Frankfurt a.M. und Potsdam<\/p>\n<h4>Berlin<\/h4>\n<div class=\"tiled-gallery type-rectangular tiled-gallery-unresized\" data-original-width=\"800\" data-carousel-extra='{&quot;blog_id&quot;:1,&quot;permalink&quot;:&quot;https:\\\/\\\/www.freidenker.org\\\/?p=13206&quot;,&quot;likes_blog_id&quot;:139773280}' itemscope itemtype=\"http:\/\/schema.org\/ImageGallery\" > <div class=\"gallery-row\" style=\"width: 800px; height: 530px;\" data-original-width=\"800\" data-original-height=\"530\" > <div class=\"gallery-group images-2\" style=\"width: 402px; height: 530px;\" data-original-width=\"402\" data-original-height=\"530\" > <div class=\"tiled-gallery-item tiled-gallery-item-large\" itemprop=\"associatedMedia\" itemscope itemtype=\"http:\/\/schema.org\/ImageObject\"> <a href=\"https:\/\/www.freidenker.org\/?attachment_id=13213\" border=\"0\" itemprop=\"url\"> <meta itemprop=\"width\" content=\"398\"> <meta itemprop=\"height\" content=\"223\"> <img decoding=\"async\" class=\"\" data-attachment-id=\"13213\" data-orig-file=\"https:\/\/www.freidenker.org\/fw17\/wp-content\/uploads\/2022\/05\/23-2022-05-09-pb-0647.jpg\" data-orig-size=\"440,247\" data-comments-opened=\"\" data-image-meta=\"{&quot;aperture&quot;:&quot;8&quot;,&quot;credit&quot;:&quot;&quot;,&quot;camera&quot;:&quot;DMC-TZ71&quot;,&quot;caption&quot;:&quot;&quot;,&quot;created_timestamp&quot;:&quot;1652089483&quot;,&quot;copyright&quot;:&quot;&quot;,&quot;focal_length&quot;:&quot;9.6&quot;,&quot;iso&quot;:&quot;80&quot;,&quot;shutter_speed&quot;:&quot;0.008&quot;,&quot;title&quot;:&quot;&quot;,&quot;orientation&quot;:&quot;1&quot;}\" data-image-title=\"23-2022-05-09-pb-0647\" data-image-description=\"\" data-medium-file=\"https:\/\/i0.wp.com\/www.freidenker.org\/fw17\/wp-content\/uploads\/2022\/05\/23-2022-05-09-pb-0647.jpg?fit=300%2C168&#038;ssl=1\" data-large-file=\"https:\/\/i0.wp.com\/www.freidenker.org\/fw17\/wp-content\/uploads\/2022\/05\/23-2022-05-09-pb-0647.jpg?fit=440%2C247&#038;ssl=1\" src=\"https:\/\/i0.wp.com\/www.freidenker.org\/fw17\/wp-content\/uploads\/2022\/05\/23-2022-05-09-pb-0647.jpg?w=398&#038;h=223&#038;ssl=1\" srcset=\"https:\/\/i0.wp.com\/www.freidenker.org\/fw17\/wp-content\/uploads\/2022\/05\/23-2022-05-09-pb-0647.jpg?w=440&amp;ssl=1 440w, https:\/\/i0.wp.com\/www.freidenker.org\/fw17\/wp-content\/uploads\/2022\/05\/23-2022-05-09-pb-0647.jpg?resize=300%2C168&amp;ssl=1 300w\" width=\"398\" height=\"223\" loading=\"lazy\" data-original-width=\"398\" data-original-height=\"223\" itemprop=\"http:\/\/schema.org\/image\" title=\"23-2022-05-09-pb-0647\" alt=\"Kranzniederlegung des russischen Botschafters Sergej J. Netschajew am Ehrenmal im Treptower Park (Foto: Peter Betscher)\" style=\"width: 398px; height: 223px;\" \/> <\/a> <div class=\"tiled-gallery-caption\" itemprop=\"caption description\"> Kranzniederlegung des russischen Botschafters Sergej J. Netschajew am Ehrenmal im Treptower Park (Foto: Peter Betscher) <\/div> <\/div> <div class=\"tiled-gallery-item tiled-gallery-item-large\" itemprop=\"associatedMedia\" itemscope itemtype=\"http:\/\/schema.org\/ImageObject\"> <a href=\"https:\/\/www.freidenker.org\/?attachment_id=13214\" border=\"0\" itemprop=\"url\"> <meta itemprop=\"width\" content=\"398\"> <meta itemprop=\"height\" content=\"299\"> <img decoding=\"async\" class=\"\" data-attachment-id=\"13214\" data-orig-file=\"https:\/\/www.freidenker.org\/fw17\/wp-content\/uploads\/2022\/05\/28-2022-05-09-pb-0651.jpg\" data-orig-size=\"440,330\" data-comments-opened=\"\" data-image-meta=\"{&quot;aperture&quot;:&quot;5.6&quot;,&quot;credit&quot;:&quot;&quot;,&quot;camera&quot;:&quot;DMC-TZ71&quot;,&quot;caption&quot;:&quot;&quot;,&quot;created_timestamp&quot;:&quot;1652089588&quot;,&quot;copyright&quot;:&quot;&quot;,&quot;focal_length&quot;:&quot;30.9&quot;,&quot;iso&quot;:&quot;80&quot;,&quot;shutter_speed&quot;:&quot;0.003125&quot;,&quot;title&quot;:&quot;&quot;,&quot;orientation&quot;:&quot;1&quot;}\" data-image-title=\"28-2022-05-09-pb-0651\" data-image-description=\"\" data-medium-file=\"https:\/\/i0.wp.com\/www.freidenker.org\/fw17\/wp-content\/uploads\/2022\/05\/28-2022-05-09-pb-0651.jpg?fit=300%2C225&#038;ssl=1\" data-large-file=\"https:\/\/i0.wp.com\/www.freidenker.org\/fw17\/wp-content\/uploads\/2022\/05\/28-2022-05-09-pb-0651.jpg?fit=440%2C330&#038;ssl=1\" src=\"https:\/\/i0.wp.com\/www.freidenker.org\/fw17\/wp-content\/uploads\/2022\/05\/28-2022-05-09-pb-0651.jpg?w=398&#038;h=299&#038;ssl=1\" srcset=\"https:\/\/i0.wp.com\/www.freidenker.org\/fw17\/wp-content\/uploads\/2022\/05\/28-2022-05-09-pb-0651.jpg?w=440&amp;ssl=1 440w, https:\/\/i0.wp.com\/www.freidenker.org\/fw17\/wp-content\/uploads\/2022\/05\/28-2022-05-09-pb-0651.jpg?resize=300%2C225&amp;ssl=1 300w\" width=\"398\" height=\"299\" loading=\"lazy\" data-original-width=\"398\" data-original-height=\"299\" itemprop=\"http:\/\/schema.org\/image\" title=\"28-2022-05-09-pb-0651\" alt=\"9. Mai 2022 im Treptower Park (Foto: Peter Betscher)\" style=\"width: 398px; height: 299px;\" \/> <\/a> <div class=\"tiled-gallery-caption\" itemprop=\"caption description\"> 9. Mai 2022 im Treptower Park (Foto: Peter Betscher) <\/div> <\/div> <\/div> <!-- close group --> <div class=\"gallery-group images-1\" style=\"width: 398px; height: 530px;\" data-original-width=\"398\" data-original-height=\"530\" > <div class=\"tiled-gallery-item tiled-gallery-item-large\" itemprop=\"associatedMedia\" itemscope itemtype=\"http:\/\/schema.org\/ImageObject\"> <a href=\"https:\/\/www.freidenker.org\/?attachment_id=13215\" border=\"0\" itemprop=\"url\"> <meta itemprop=\"width\" content=\"394\"> <meta itemprop=\"height\" content=\"526\"> <img decoding=\"async\" class=\"\" data-attachment-id=\"13215\" data-orig-file=\"https:\/\/www.freidenker.org\/fw17\/wp-content\/uploads\/2022\/05\/33-2022-05-09-pb-0664.jpg\" data-orig-size=\"440,587\" data-comments-opened=\"\" data-image-meta=\"{&quot;aperture&quot;:&quot;3.5&quot;,&quot;credit&quot;:&quot;&quot;,&quot;camera&quot;:&quot;DMC-TZ71&quot;,&quot;caption&quot;:&quot;&quot;,&quot;created_timestamp&quot;:&quot;1652090344&quot;,&quot;copyright&quot;:&quot;&quot;,&quot;focal_length&quot;:&quot;5&quot;,&quot;iso&quot;:&quot;125&quot;,&quot;shutter_speed&quot;:&quot;0.002&quot;,&quot;title&quot;:&quot;&quot;,&quot;orientation&quot;:&quot;1&quot;}\" data-image-title=\"33-2022-05-09-pb-0664\" data-image-description=\"\" data-medium-file=\"https:\/\/i0.wp.com\/www.freidenker.org\/fw17\/wp-content\/uploads\/2022\/05\/33-2022-05-09-pb-0664.jpg?fit=225%2C300&#038;ssl=1\" data-large-file=\"https:\/\/i0.wp.com\/www.freidenker.org\/fw17\/wp-content\/uploads\/2022\/05\/33-2022-05-09-pb-0664.jpg?fit=440%2C587&#038;ssl=1\" src=\"https:\/\/i0.wp.com\/www.freidenker.org\/fw17\/wp-content\/uploads\/2022\/05\/33-2022-05-09-pb-0664.jpg?w=394&#038;h=526&#038;ssl=1\" srcset=\"https:\/\/i0.wp.com\/www.freidenker.org\/fw17\/wp-content\/uploads\/2022\/05\/33-2022-05-09-pb-0664.jpg?w=440&amp;ssl=1 440w, https:\/\/i0.wp.com\/www.freidenker.org\/fw17\/wp-content\/uploads\/2022\/05\/33-2022-05-09-pb-0664.jpg?resize=225%2C300&amp;ssl=1 225w\" width=\"394\" height=\"526\" loading=\"lazy\" data-original-width=\"394\" data-original-height=\"526\" itemprop=\"http:\/\/schema.org\/image\" title=\"33-2022-05-09-pb-0664\" alt=\"Fahnen der Sowjetunion un der Russischen F\u00f6deration vor dem Ehrenmal (Foto: Peter Betscher)\" style=\"width: 394px; height: 526px;\" \/> <\/a> <div class=\"tiled-gallery-caption\" itemprop=\"caption description\"> Fahnen der Sowjetunion un der Russischen F\u00f6deration vor dem Ehrenmal (Foto: Peter Betscher) <\/div> <\/div> <\/div> <!-- close group --> <\/div> <!-- close row --> <div class=\"gallery-row\" style=\"width: 800px; height: 794px;\" data-original-width=\"800\" data-original-height=\"794\" > <div class=\"gallery-group images-1\" style=\"width: 448px; height: 794px;\" data-original-width=\"448\" data-original-height=\"794\" > <div class=\"tiled-gallery-item tiled-gallery-item-large\" itemprop=\"associatedMedia\" itemscope itemtype=\"http:\/\/schema.org\/ImageObject\"> <a href=\"https:\/\/www.freidenker.org\/?attachment_id=13239\" border=\"0\" itemprop=\"url\"> <meta itemprop=\"width\" content=\"444\"> <meta itemprop=\"height\" content=\"790\"> <img decoding=\"async\" class=\"\" data-attachment-id=\"13239\" data-orig-file=\"https:\/\/www.freidenker.org\/fw17\/wp-content\/uploads\/2022\/05\/Gebinde-20220509_100935_800p.jpg\" data-orig-size=\"450,800\" data-comments-opened=\"\" data-image-meta=\"{&quot;aperture&quot;:&quot;1.9&quot;,&quot;credit&quot;:&quot;&quot;,&quot;camera&quot;:&quot;SM-A510F&quot;,&quot;caption&quot;:&quot;&quot;,&quot;created_timestamp&quot;:&quot;1652090975&quot;,&quot;copyright&quot;:&quot;&quot;,&quot;focal_length&quot;:&quot;3.7&quot;,&quot;iso&quot;:&quot;40&quot;,&quot;shutter_speed&quot;:&quot;0.00029103608847497&quot;,&quot;title&quot;:&quot;&quot;,&quot;orientation&quot;:&quot;1&quot;}\" data-image-title=\"Gebinde 20220509_100935_800p\" data-image-description=\"\" data-medium-file=\"https:\/\/i0.wp.com\/www.freidenker.org\/fw17\/wp-content\/uploads\/2022\/05\/Gebinde-20220509_100935_800p.jpg?fit=169%2C300&#038;ssl=1\" data-large-file=\"https:\/\/i0.wp.com\/www.freidenker.org\/fw17\/wp-content\/uploads\/2022\/05\/Gebinde-20220509_100935_800p.jpg?fit=450%2C800&#038;ssl=1\" src=\"https:\/\/i0.wp.com\/www.freidenker.org\/fw17\/wp-content\/uploads\/2022\/05\/Gebinde-20220509_100935_800p.jpg?w=444&#038;h=790&#038;ssl=1\" srcset=\"https:\/\/i0.wp.com\/www.freidenker.org\/fw17\/wp-content\/uploads\/2022\/05\/Gebinde-20220509_100935_800p.jpg?w=450&amp;ssl=1 450w, https:\/\/i0.wp.com\/www.freidenker.org\/fw17\/wp-content\/uploads\/2022\/05\/Gebinde-20220509_100935_800p.jpg?resize=169%2C300&amp;ssl=1 169w\" width=\"444\" height=\"790\" loading=\"lazy\" data-original-width=\"444\" data-original-height=\"790\" itemprop=\"http:\/\/schema.org\/image\" title=\"Gebinde 20220509_100935_800p\" alt=\"Freidenker-Gebinde an der Skulptur &quot;Der Befreier&quot; im Sowjetischen Ehrenmal in Berlin-Treptow. (Foto: n.n.)\" style=\"width: 444px; height: 790px;\" \/> <\/a> <div class=\"tiled-gallery-caption\" itemprop=\"caption description\"> Freidenker-Gebinde an der Skulptur &#8222;Der Befreier&#8220; im Sowjetischen Ehrenmal in Berlin-Treptow. (Foto: n.n.) <\/div> <\/div> <\/div> <!-- close group --> <div class=\"gallery-group images-3\" style=\"width: 352px; height: 794px;\" data-original-width=\"352\" data-original-height=\"794\" > <div class=\"tiled-gallery-item tiled-gallery-item-large\" itemprop=\"associatedMedia\" itemscope itemtype=\"http:\/\/schema.org\/ImageObject\"> <a href=\"https:\/\/www.freidenker.org\/?attachment_id=13216\" border=\"0\" itemprop=\"url\"> <meta itemprop=\"width\" content=\"348\"> <meta itemprop=\"height\" content=\"261\"> <img decoding=\"async\" class=\"\" data-attachment-id=\"13216\" data-orig-file=\"https:\/\/www.freidenker.org\/fw17\/wp-content\/uploads\/2022\/05\/41-2022-05-09-pb-0674.jpg\" data-orig-size=\"440,330\" data-comments-opened=\"\" data-image-meta=\"{&quot;aperture&quot;:&quot;3.3&quot;,&quot;credit&quot;:&quot;&quot;,&quot;camera&quot;:&quot;DMC-TZ71&quot;,&quot;caption&quot;:&quot;&quot;,&quot;created_timestamp&quot;:&quot;1652096660&quot;,&quot;copyright&quot;:&quot;&quot;,&quot;focal_length&quot;:&quot;4.3&quot;,&quot;iso&quot;:&quot;125&quot;,&quot;shutter_speed&quot;:&quot;0.0025&quot;,&quot;title&quot;:&quot;&quot;,&quot;orientation&quot;:&quot;1&quot;}\" data-image-title=\"41-2022-05-09-pb-0674\" data-image-description=\"\" data-medium-file=\"https:\/\/i0.wp.com\/www.freidenker.org\/fw17\/wp-content\/uploads\/2022\/05\/41-2022-05-09-pb-0674.jpg?fit=300%2C225&#038;ssl=1\" data-large-file=\"https:\/\/i0.wp.com\/www.freidenker.org\/fw17\/wp-content\/uploads\/2022\/05\/41-2022-05-09-pb-0674.jpg?fit=440%2C330&#038;ssl=1\" src=\"https:\/\/i0.wp.com\/www.freidenker.org\/fw17\/wp-content\/uploads\/2022\/05\/41-2022-05-09-pb-0674.jpg?w=348&#038;h=261&#038;ssl=1\" srcset=\"https:\/\/i0.wp.com\/www.freidenker.org\/fw17\/wp-content\/uploads\/2022\/05\/41-2022-05-09-pb-0674.jpg?w=440&amp;ssl=1 440w, https:\/\/i0.wp.com\/www.freidenker.org\/fw17\/wp-content\/uploads\/2022\/05\/41-2022-05-09-pb-0674.jpg?resize=300%2C225&amp;ssl=1 300w\" width=\"348\" height=\"261\" loading=\"lazy\" data-original-width=\"348\" data-original-height=\"261\" itemprop=\"http:\/\/schema.org\/image\" title=\"41-2022-05-09-pb-0674\" alt=\"Unsterbliches Regiment in Berlin: Beginn des Zuges vor dem Brandenburger Tor (Foto: Peter Betscher)\" style=\"width: 348px; height: 261px;\" \/> <\/a> <div class=\"tiled-gallery-caption\" itemprop=\"caption description\"> Unsterbliches Regiment in Berlin: Beginn des Zuges vor dem Brandenburger Tor (Foto: Peter Betscher) <\/div> <\/div> <div class=\"tiled-gallery-item tiled-gallery-item-large\" itemprop=\"associatedMedia\" itemscope itemtype=\"http:\/\/schema.org\/ImageObject\"> <a href=\"https:\/\/www.freidenker.org\/?attachment_id=13217\" border=\"0\" itemprop=\"url\"> <meta itemprop=\"width\" content=\"348\"> <meta itemprop=\"height\" content=\"261\"> <img decoding=\"async\" class=\"\" data-attachment-id=\"13217\" data-orig-file=\"https:\/\/www.freidenker.org\/fw17\/wp-content\/uploads\/2022\/05\/42-2022-05-09-pb-0678.jpg\" data-orig-size=\"440,330\" data-comments-opened=\"\" data-image-meta=\"{&quot;aperture&quot;:&quot;3.3&quot;,&quot;credit&quot;:&quot;&quot;,&quot;camera&quot;:&quot;DMC-TZ71&quot;,&quot;caption&quot;:&quot;&quot;,&quot;created_timestamp&quot;:&quot;1652096881&quot;,&quot;copyright&quot;:&quot;&quot;,&quot;focal_length&quot;:&quot;4.3&quot;,&quot;iso&quot;:&quot;80&quot;,&quot;shutter_speed&quot;:&quot;0.0025&quot;,&quot;title&quot;:&quot;&quot;,&quot;orientation&quot;:&quot;1&quot;}\" data-image-title=\"42-2022-05-09-pb-0678\" data-image-description=\"\" data-medium-file=\"https:\/\/i0.wp.com\/www.freidenker.org\/fw17\/wp-content\/uploads\/2022\/05\/42-2022-05-09-pb-0678.jpg?fit=300%2C225&#038;ssl=1\" data-large-file=\"https:\/\/i0.wp.com\/www.freidenker.org\/fw17\/wp-content\/uploads\/2022\/05\/42-2022-05-09-pb-0678.jpg?fit=440%2C330&#038;ssl=1\" src=\"https:\/\/i0.wp.com\/www.freidenker.org\/fw17\/wp-content\/uploads\/2022\/05\/42-2022-05-09-pb-0678.jpg?w=348&#038;h=261&#038;ssl=1\" srcset=\"https:\/\/i0.wp.com\/www.freidenker.org\/fw17\/wp-content\/uploads\/2022\/05\/42-2022-05-09-pb-0678.jpg?w=440&amp;ssl=1 440w, https:\/\/i0.wp.com\/www.freidenker.org\/fw17\/wp-content\/uploads\/2022\/05\/42-2022-05-09-pb-0678.jpg?resize=300%2C225&amp;ssl=1 300w\" width=\"348\" height=\"261\" loading=\"lazy\" data-original-width=\"348\" data-original-height=\"261\" itemprop=\"http:\/\/schema.org\/image\" title=\"42-2022-05-09-pb-0678\" alt=\"Unsterbliches Regiment am 9. Mai 2022 in Berlin (Foto: Peter Betscher)\" style=\"width: 348px; height: 261px;\" \/> <\/a> <div class=\"tiled-gallery-caption\" itemprop=\"caption description\"> Unsterbliches Regiment am 9. Mai 2022 in Berlin (Foto: Peter Betscher) <\/div> <\/div> <div class=\"tiled-gallery-item tiled-gallery-item-large\" itemprop=\"associatedMedia\" itemscope itemtype=\"http:\/\/schema.org\/ImageObject\"> <a href=\"https:\/\/www.freidenker.org\/?attachment_id=13218\" border=\"0\" itemprop=\"url\"> <meta itemprop=\"width\" content=\"348\"> <meta itemprop=\"height\" content=\"260\"> <img decoding=\"async\" class=\"\" data-attachment-id=\"13218\" data-orig-file=\"https:\/\/www.freidenker.org\/fw17\/wp-content\/uploads\/2022\/05\/53-2022-05-09-pb-0693.jpg\" data-orig-size=\"440,330\" data-comments-opened=\"\" data-image-meta=\"{&quot;aperture&quot;:&quot;3.3&quot;,&quot;credit&quot;:&quot;&quot;,&quot;camera&quot;:&quot;DMC-TZ71&quot;,&quot;caption&quot;:&quot;&quot;,&quot;created_timestamp&quot;:&quot;1652099387&quot;,&quot;copyright&quot;:&quot;&quot;,&quot;focal_length&quot;:&quot;4.3&quot;,&quot;iso&quot;:&quot;80&quot;,&quot;shutter_speed&quot;:&quot;0.003125&quot;,&quot;title&quot;:&quot;&quot;,&quot;orientation&quot;:&quot;1&quot;}\" data-image-title=\"53-2022-05-09-pb-0693\" data-image-description=\"\" data-medium-file=\"https:\/\/i0.wp.com\/www.freidenker.org\/fw17\/wp-content\/uploads\/2022\/05\/53-2022-05-09-pb-0693.jpg?fit=300%2C225&#038;ssl=1\" data-large-file=\"https:\/\/i0.wp.com\/www.freidenker.org\/fw17\/wp-content\/uploads\/2022\/05\/53-2022-05-09-pb-0693.jpg?fit=440%2C330&#038;ssl=1\" src=\"https:\/\/i0.wp.com\/www.freidenker.org\/fw17\/wp-content\/uploads\/2022\/05\/53-2022-05-09-pb-0693.jpg?w=348&#038;h=260&#038;ssl=1\" srcset=\"https:\/\/i0.wp.com\/www.freidenker.org\/fw17\/wp-content\/uploads\/2022\/05\/53-2022-05-09-pb-0693.jpg?w=440&amp;ssl=1 440w, https:\/\/i0.wp.com\/www.freidenker.org\/fw17\/wp-content\/uploads\/2022\/05\/53-2022-05-09-pb-0693.jpg?resize=300%2C225&amp;ssl=1 300w\" width=\"348\" height=\"260\" loading=\"lazy\" data-original-width=\"348\" data-original-height=\"260\" itemprop=\"http:\/\/schema.org\/image\" title=\"53-2022-05-09-pb-0693\" alt=\"Unsterbliches Regiment in Berlin: Blumen am Sowjetischen Ehrenmal im Tiergarten (Foto Peter Betscher)\" style=\"width: 348px; height: 260px;\" \/> <\/a> <div class=\"tiled-gallery-caption\" itemprop=\"caption description\"> Unsterbliches Regiment in Berlin: Blumen am Sowjetischen Ehrenmal im Tiergarten (Foto Peter Betscher) <\/div> <\/div> <\/div> <!-- close group --> <\/div> <!-- close row --> <\/div>\n<h4>N\u00fcrnberg<\/h4>\n<div class=\"tiled-gallery type-rectangular tiled-gallery-unresized\" data-original-width=\"800\" data-carousel-extra='{&quot;blog_id&quot;:1,&quot;permalink&quot;:&quot;https:\\\/\\\/www.freidenker.org\\\/?p=13206&quot;,&quot;likes_blog_id&quot;:139773280}' itemscope itemtype=\"http:\/\/schema.org\/ImageGallery\" > <div class=\"gallery-row\" style=\"width: 800px; height: 313px;\" data-original-width=\"800\" data-original-height=\"313\" > <div class=\"gallery-group images-1\" style=\"width: 800px; height: 313px;\" data-original-width=\"800\" data-original-height=\"313\" > <div class=\"tiled-gallery-item tiled-gallery-item-large\" itemprop=\"associatedMedia\" itemscope itemtype=\"http:\/\/schema.org\/ImageObject\"> <a href=\"https:\/\/www.freidenker.org\/?attachment_id=13212\" border=\"0\" itemprop=\"url\"> <meta itemprop=\"width\" content=\"796\"> <meta itemprop=\"height\" content=\"309\"> <img decoding=\"async\" class=\"\" data-attachment-id=\"13212\" data-orig-file=\"https:\/\/www.freidenker.org\/fw17\/wp-content\/uploads\/2022\/05\/9-MAI-A-scaled-1.jpg\" data-orig-size=\"768,298\" data-comments-opened=\"\" data-image-meta=\"{&quot;aperture&quot;:&quot;0&quot;,&quot;credit&quot;:&quot;&quot;,&quot;camera&quot;:&quot;&quot;,&quot;caption&quot;:&quot;&quot;,&quot;created_timestamp&quot;:&quot;0&quot;,&quot;copyright&quot;:&quot;&quot;,&quot;focal_length&quot;:&quot;0&quot;,&quot;iso&quot;:&quot;0&quot;,&quot;shutter_speed&quot;:&quot;0&quot;,&quot;title&quot;:&quot;&quot;,&quot;orientation&quot;:&quot;1&quot;}\" data-image-title=\"9-MAI-A-scaled\" data-image-description=\"\" data-medium-file=\"https:\/\/i0.wp.com\/www.freidenker.org\/fw17\/wp-content\/uploads\/2022\/05\/9-MAI-A-scaled-1.jpg?fit=300%2C116&#038;ssl=1\" data-large-file=\"https:\/\/i0.wp.com\/www.freidenker.org\/fw17\/wp-content\/uploads\/2022\/05\/9-MAI-A-scaled-1.jpg?fit=768%2C298&#038;ssl=1\" src=\"https:\/\/i0.wp.com\/www.freidenker.org\/fw17\/wp-content\/uploads\/2022\/05\/9-MAI-A-scaled-1.jpg?w=796&#038;h=309&#038;ssl=1\" srcset=\"https:\/\/i0.wp.com\/www.freidenker.org\/fw17\/wp-content\/uploads\/2022\/05\/9-MAI-A-scaled-1.jpg?w=768&amp;ssl=1 768w, https:\/\/i0.wp.com\/www.freidenker.org\/fw17\/wp-content\/uploads\/2022\/05\/9-MAI-A-scaled-1.jpg?resize=300%2C116&amp;ssl=1 300w\" width=\"796\" height=\"309\" loading=\"lazy\" data-original-width=\"796\" data-original-height=\"309\" itemprop=\"http:\/\/schema.org\/image\" title=\"9-MAI-A-scaled\" alt=\"Gedenkfeier 9. Mai 2022 N\u00fcrnberg, S\u00fcdfriedhof\" style=\"width: 796px; height: 309px;\" \/> <\/a> <div class=\"tiled-gallery-caption\" itemprop=\"caption description\"> Gedenkfeier 9. Mai 2022 N\u00fcrnberg, S\u00fcdfriedhof <\/div> <\/div> <\/div> <!-- close group --> <\/div> <!-- close row --> <\/div>\n<h4>Frankfurt am Main<\/h4>\n<div class=\"tiled-gallery type-rectangular tiled-gallery-unresized\" data-original-width=\"800\" data-carousel-extra='{&quot;blog_id&quot;:1,&quot;permalink&quot;:&quot;https:\\\/\\\/www.freidenker.org\\\/?p=13206&quot;,&quot;likes_blog_id&quot;:139773280}' itemscope itemtype=\"http:\/\/schema.org\/ImageGallery\" > <div class=\"gallery-row\" style=\"width: 800px; height: 659px;\" data-original-width=\"800\" data-original-height=\"659\" > <div class=\"gallery-group images-2\" style=\"width: 427px; height: 659px;\" data-original-width=\"427\" data-original-height=\"659\" > <div class=\"tiled-gallery-item tiled-gallery-item-large\" itemprop=\"associatedMedia\" itemscope itemtype=\"http:\/\/schema.org\/ImageObject\"> <a href=\"https:\/\/www.freidenker.org\/?attachment_id=13222\" border=\"0\" itemprop=\"url\"> <meta itemprop=\"width\" content=\"423\"> <meta itemprop=\"height\" content=\"413\"> <img decoding=\"async\" class=\"\" data-attachment-id=\"13222\" data-orig-file=\"https:\/\/www.freidenker.org\/fw17\/wp-content\/uploads\/2022\/05\/hauptwache.jpg\" data-orig-size=\"400,390\" data-comments-opened=\"\" data-image-meta=\"{&quot;aperture&quot;:&quot;0&quot;,&quot;credit&quot;:&quot;&quot;,&quot;camera&quot;:&quot;&quot;,&quot;caption&quot;:&quot;&quot;,&quot;created_timestamp&quot;:&quot;0&quot;,&quot;copyright&quot;:&quot;&quot;,&quot;focal_length&quot;:&quot;0&quot;,&quot;iso&quot;:&quot;0&quot;,&quot;shutter_speed&quot;:&quot;0&quot;,&quot;title&quot;:&quot;&quot;,&quot;orientation&quot;:&quot;0&quot;}\" data-image-title=\"hauptwache\" data-image-description=\"\" data-medium-file=\"https:\/\/i0.wp.com\/www.freidenker.org\/fw17\/wp-content\/uploads\/2022\/05\/hauptwache.jpg?fit=300%2C293&#038;ssl=1\" data-large-file=\"https:\/\/i0.wp.com\/www.freidenker.org\/fw17\/wp-content\/uploads\/2022\/05\/hauptwache.jpg?fit=400%2C390&#038;ssl=1\" src=\"https:\/\/i0.wp.com\/www.freidenker.org\/fw17\/wp-content\/uploads\/2022\/05\/hauptwache.jpg?w=423&#038;h=413&#038;ssl=1\" srcset=\"https:\/\/i0.wp.com\/www.freidenker.org\/fw17\/wp-content\/uploads\/2022\/05\/hauptwache.jpg?w=400&amp;ssl=1 400w, https:\/\/i0.wp.com\/www.freidenker.org\/fw17\/wp-content\/uploads\/2022\/05\/hauptwache.jpg?resize=300%2C293&amp;ssl=1 300w\" width=\"423\" height=\"413\" loading=\"lazy\" data-original-width=\"423\" data-original-height=\"413\" itemprop=\"http:\/\/schema.org\/image\" title=\"hauptwache\" alt=\"Unsterbliches Regiment am 9. Mai 2022: Monika Krotter-Hartmann und Dr. Diether Dehm (Foto: n.n.)\" style=\"width: 423px; height: 413px;\" \/> <\/a> <div class=\"tiled-gallery-caption\" itemprop=\"caption description\"> Unsterbliches Regiment am 9. Mai 2022: Monika Krotter-Hartmann und Dr. Diether Dehm (Foto: n.n.) <\/div> <\/div> <div class=\"tiled-gallery-item tiled-gallery-item-large\" itemprop=\"associatedMedia\" itemscope itemtype=\"http:\/\/schema.org\/ImageObject\"> <a href=\"https:\/\/www.freidenker.org\/?attachment_id=13229\" border=\"0\" itemprop=\"url\"> <meta itemprop=\"width\" content=\"423\"> <meta itemprop=\"height\" content=\"238\"> <img decoding=\"async\" class=\"\" data-attachment-id=\"13229\" data-orig-file=\"https:\/\/www.freidenker.org\/fw17\/wp-content\/uploads\/2022\/05\/IMGA0013.jpg\" data-orig-size=\"1920,1080\" data-comments-opened=\"\" data-image-meta=\"{&quot;aperture&quot;:&quot;3.4&quot;,&quot;credit&quot;:&quot;&quot;,&quot;camera&quot;:&quot;HDC-SD100&quot;,&quot;caption&quot;:&quot;&quot;,&quot;created_timestamp&quot;:&quot;1652085474&quot;,&quot;copyright&quot;:&quot;&quot;,&quot;focal_length&quot;:&quot;0&quot;,&quot;iso&quot;:&quot;0&quot;,&quot;shutter_speed&quot;:&quot;0.02&quot;,&quot;title&quot;:&quot;&quot;,&quot;orientation&quot;:&quot;1&quot;}\" data-image-title=\"IMGA0013\" data-image-description=\"\" data-medium-file=\"https:\/\/i0.wp.com\/www.freidenker.org\/fw17\/wp-content\/uploads\/2022\/05\/IMGA0013.jpg?fit=300%2C169&#038;ssl=1\" data-large-file=\"https:\/\/i0.wp.com\/www.freidenker.org\/fw17\/wp-content\/uploads\/2022\/05\/IMGA0013.jpg?fit=800%2C450&#038;ssl=1\" src=\"https:\/\/i0.wp.com\/www.freidenker.org\/fw17\/wp-content\/uploads\/2022\/05\/IMGA0013.jpg?w=423&#038;h=238&#038;ssl=1\" srcset=\"https:\/\/i0.wp.com\/www.freidenker.org\/fw17\/wp-content\/uploads\/2022\/05\/IMGA0013.jpg?w=1920&amp;ssl=1 1920w, https:\/\/i0.wp.com\/www.freidenker.org\/fw17\/wp-content\/uploads\/2022\/05\/IMGA0013.jpg?resize=300%2C169&amp;ssl=1 300w, https:\/\/i0.wp.com\/www.freidenker.org\/fw17\/wp-content\/uploads\/2022\/05\/IMGA0013.jpg?resize=1024%2C576&amp;ssl=1 1024w, https:\/\/i0.wp.com\/www.freidenker.org\/fw17\/wp-content\/uploads\/2022\/05\/IMGA0013.jpg?resize=768%2C432&amp;ssl=1 768w, https:\/\/i0.wp.com\/www.freidenker.org\/fw17\/wp-content\/uploads\/2022\/05\/IMGA0013.jpg?resize=1536%2C864&amp;ssl=1 1536w, https:\/\/i0.wp.com\/www.freidenker.org\/fw17\/wp-content\/uploads\/2022\/05\/IMGA0013.jpg?w=1600&amp;ssl=1 1600w\" width=\"423\" height=\"238\" loading=\"lazy\" data-original-width=\"423\" data-original-height=\"238\" itemprop=\"http:\/\/schema.org\/image\" title=\"IMGA0013\" alt=\"Tag des Sieges 2022 - Gedenken f\u00fcr die sowjetischen Opfer am Frankfurter Hauptfriedhof. Die Freidenker-Delegation (Foto: Monika Krotter-Hartmann)\" style=\"width: 423px; height: 238px;\" \/> <\/a> <div class=\"tiled-gallery-caption\" itemprop=\"caption description\"> Tag des Sieges 2022 &#8211; Gedenken f\u00fcr die sowjetischen Opfer am Frankfurter Hauptfriedhof. Die Freidenker-Delegation (Foto: Monika Krotter-Hartmann) <\/div> <\/div> <\/div> <!-- close group --> <div class=\"gallery-group images-1\" style=\"width: 373px; height: 659px;\" data-original-width=\"373\" data-original-height=\"659\" > <div class=\"tiled-gallery-item tiled-gallery-item-large\" itemprop=\"associatedMedia\" itemscope itemtype=\"http:\/\/schema.org\/ImageObject\"> <a href=\"https:\/\/www.freidenker.org\/?attachment_id=13241\" border=\"0\" itemprop=\"url\"> <meta itemprop=\"width\" content=\"369\"> <meta itemprop=\"height\" content=\"655\"> <img decoding=\"async\" class=\"\" data-attachment-id=\"13241\" data-orig-file=\"https:\/\/www.freidenker.org\/fw17\/wp-content\/uploads\/2022\/05\/IMGA0019-1.jpg\" data-orig-size=\"1080,1920\" data-comments-opened=\"\" data-image-meta=\"{&quot;aperture&quot;:&quot;4&quot;,&quot;credit&quot;:&quot;&quot;,&quot;camera&quot;:&quot;HDC-SD100&quot;,&quot;caption&quot;:&quot;&quot;,&quot;created_timestamp&quot;:&quot;1652085625&quot;,&quot;copyright&quot;:&quot;&quot;,&quot;focal_length&quot;:&quot;0&quot;,&quot;iso&quot;:&quot;0&quot;,&quot;shutter_speed&quot;:&quot;0.008&quot;,&quot;title&quot;:&quot;&quot;,&quot;orientation&quot;:&quot;1&quot;}\" data-image-title=\"IMGA0019\" data-image-description=\"\" data-medium-file=\"https:\/\/i0.wp.com\/www.freidenker.org\/fw17\/wp-content\/uploads\/2022\/05\/IMGA0019-1.jpg?fit=169%2C300&#038;ssl=1\" data-large-file=\"https:\/\/i0.wp.com\/www.freidenker.org\/fw17\/wp-content\/uploads\/2022\/05\/IMGA0019-1.jpg?fit=576%2C1024&#038;ssl=1\" src=\"https:\/\/i0.wp.com\/www.freidenker.org\/fw17\/wp-content\/uploads\/2022\/05\/IMGA0019-1.jpg?w=369&#038;h=655&#038;ssl=1\" srcset=\"https:\/\/i0.wp.com\/www.freidenker.org\/fw17\/wp-content\/uploads\/2022\/05\/IMGA0019-1.jpg?w=1080&amp;ssl=1 1080w, https:\/\/i0.wp.com\/www.freidenker.org\/fw17\/wp-content\/uploads\/2022\/05\/IMGA0019-1.jpg?resize=169%2C300&amp;ssl=1 169w, https:\/\/i0.wp.com\/www.freidenker.org\/fw17\/wp-content\/uploads\/2022\/05\/IMGA0019-1.jpg?resize=576%2C1024&amp;ssl=1 576w, https:\/\/i0.wp.com\/www.freidenker.org\/fw17\/wp-content\/uploads\/2022\/05\/IMGA0019-1.jpg?resize=768%2C1365&amp;ssl=1 768w, https:\/\/i0.wp.com\/www.freidenker.org\/fw17\/wp-content\/uploads\/2022\/05\/IMGA0019-1.jpg?resize=864%2C1536&amp;ssl=1 864w\" width=\"369\" height=\"655\" loading=\"lazy\" data-original-width=\"369\" data-original-height=\"655\" itemprop=\"http:\/\/schema.org\/image\" title=\"IMGA0019\" alt=\"Blumengebinde der Freidenker (Foto: Monika Krotter-Hartmann)\" style=\"width: 369px; height: 655px;\" \/> <\/a> <div class=\"tiled-gallery-caption\" itemprop=\"caption description\"> Blumengebinde der Freidenker (Foto: Monika Krotter-Hartmann) <\/div> <\/div> <\/div> <!-- close group --> <\/div> <!-- close row --> <div class=\"gallery-row\" style=\"width: 800px; height: 301px;\" data-original-width=\"800\" data-original-height=\"301\" > <div class=\"gallery-group images-1\" style=\"width: 400px; height: 301px;\" data-original-width=\"400\" data-original-height=\"301\" > <div class=\"tiled-gallery-item tiled-gallery-item-large\" itemprop=\"associatedMedia\" itemscope itemtype=\"http:\/\/schema.org\/ImageObject\"> <a href=\"https:\/\/www.freidenker.org\/?attachment_id=13223\" border=\"0\" itemprop=\"url\"> <meta itemprop=\"width\" content=\"396\"> <meta itemprop=\"height\" content=\"297\"> <img decoding=\"async\" class=\"\" data-attachment-id=\"13223\" data-orig-file=\"https:\/\/www.freidenker.org\/fw17\/wp-content\/uploads\/2022\/05\/IMG_0919-FILEminimizer.jpg\" data-orig-size=\"1024,768\" data-comments-opened=\"\" data-image-meta=\"{&quot;aperture&quot;:&quot;0&quot;,&quot;credit&quot;:&quot;&quot;,&quot;camera&quot;:&quot;&quot;,&quot;caption&quot;:&quot;&quot;,&quot;created_timestamp&quot;:&quot;0&quot;,&quot;copyright&quot;:&quot;&quot;,&quot;focal_length&quot;:&quot;0&quot;,&quot;iso&quot;:&quot;0&quot;,&quot;shutter_speed&quot;:&quot;0&quot;,&quot;title&quot;:&quot;&quot;,&quot;orientation&quot;:&quot;0&quot;}\" data-image-title=\"IMG_0919 (FILEminimizer)\" data-image-description=\"\" data-medium-file=\"https:\/\/i0.wp.com\/www.freidenker.org\/fw17\/wp-content\/uploads\/2022\/05\/IMG_0919-FILEminimizer.jpg?fit=300%2C225&#038;ssl=1\" data-large-file=\"https:\/\/i0.wp.com\/www.freidenker.org\/fw17\/wp-content\/uploads\/2022\/05\/IMG_0919-FILEminimizer.jpg?fit=800%2C600&#038;ssl=1\" src=\"https:\/\/i0.wp.com\/www.freidenker.org\/fw17\/wp-content\/uploads\/2022\/05\/IMG_0919-FILEminimizer.jpg?w=396&#038;h=297&#038;ssl=1\" srcset=\"https:\/\/i0.wp.com\/www.freidenker.org\/fw17\/wp-content\/uploads\/2022\/05\/IMG_0919-FILEminimizer.jpg?w=1024&amp;ssl=1 1024w, https:\/\/i0.wp.com\/www.freidenker.org\/fw17\/wp-content\/uploads\/2022\/05\/IMG_0919-FILEminimizer.jpg?resize=300%2C225&amp;ssl=1 300w, https:\/\/i0.wp.com\/www.freidenker.org\/fw17\/wp-content\/uploads\/2022\/05\/IMG_0919-FILEminimizer.jpg?resize=768%2C576&amp;ssl=1 768w\" width=\"396\" height=\"297\" loading=\"lazy\" data-original-width=\"396\" data-original-height=\"297\" itemprop=\"http:\/\/schema.org\/image\" title=\"IMG_0919 (FILEminimizer)\" alt=\"Freidenker nach der Kranzniederlegung (Foto: Bune Birkle)\" style=\"width: 396px; height: 297px;\" \/> <\/a> <div class=\"tiled-gallery-caption\" itemprop=\"caption description\"> Freidenker nach der Kranzniederlegung (Foto: Bune Birkle) <\/div> <\/div> <\/div> <!-- close group --> <div class=\"gallery-group images-1\" style=\"width: 400px; height: 301px;\" data-original-width=\"400\" data-original-height=\"301\" > <div class=\"tiled-gallery-item tiled-gallery-item-large\" itemprop=\"associatedMedia\" itemscope itemtype=\"http:\/\/schema.org\/ImageObject\"> <a href=\"https:\/\/www.freidenker.org\/?attachment_id=13224\" border=\"0\" itemprop=\"url\"> <meta itemprop=\"width\" content=\"396\"> <meta itemprop=\"height\" content=\"297\"> <img decoding=\"async\" class=\"\" data-attachment-id=\"13224\" data-orig-file=\"https:\/\/www.freidenker.org\/fw17\/wp-content\/uploads\/2022\/05\/IMG_0920-FILEminimizer.jpg\" data-orig-size=\"1024,768\" data-comments-opened=\"\" data-image-meta=\"{&quot;aperture&quot;:&quot;0&quot;,&quot;credit&quot;:&quot;&quot;,&quot;camera&quot;:&quot;&quot;,&quot;caption&quot;:&quot;&quot;,&quot;created_timestamp&quot;:&quot;0&quot;,&quot;copyright&quot;:&quot;&quot;,&quot;focal_length&quot;:&quot;0&quot;,&quot;iso&quot;:&quot;0&quot;,&quot;shutter_speed&quot;:&quot;0&quot;,&quot;title&quot;:&quot;&quot;,&quot;orientation&quot;:&quot;0&quot;}\" data-image-title=\"IMG_0920 (FILEminimizer)\" data-image-description=\"\" data-medium-file=\"https:\/\/i0.wp.com\/www.freidenker.org\/fw17\/wp-content\/uploads\/2022\/05\/IMG_0920-FILEminimizer.jpg?fit=300%2C225&#038;ssl=1\" data-large-file=\"https:\/\/i0.wp.com\/www.freidenker.org\/fw17\/wp-content\/uploads\/2022\/05\/IMG_0920-FILEminimizer.jpg?fit=800%2C600&#038;ssl=1\" src=\"https:\/\/i0.wp.com\/www.freidenker.org\/fw17\/wp-content\/uploads\/2022\/05\/IMG_0920-FILEminimizer.jpg?w=396&#038;h=297&#038;ssl=1\" srcset=\"https:\/\/i0.wp.com\/www.freidenker.org\/fw17\/wp-content\/uploads\/2022\/05\/IMG_0920-FILEminimizer.jpg?w=1024&amp;ssl=1 1024w, https:\/\/i0.wp.com\/www.freidenker.org\/fw17\/wp-content\/uploads\/2022\/05\/IMG_0920-FILEminimizer.jpg?resize=300%2C225&amp;ssl=1 300w, https:\/\/i0.wp.com\/www.freidenker.org\/fw17\/wp-content\/uploads\/2022\/05\/IMG_0920-FILEminimizer.jpg?resize=768%2C576&amp;ssl=1 768w\" width=\"396\" height=\"297\" loading=\"lazy\" data-original-width=\"396\" data-original-height=\"297\" itemprop=\"http:\/\/schema.org\/image\" title=\"IMG_0920 (FILEminimizer)\" alt=\"Russischer Chor (Foto: Bune Birkle)\" style=\"width: 396px; height: 297px;\" \/> <\/a> <div class=\"tiled-gallery-caption\" itemprop=\"caption description\"> Russischer Chor (Foto: Bune Birkle) <\/div> <\/div> <\/div> <!-- close group --> <\/div> <!-- close row --> <div class=\"gallery-row\" style=\"width: 800px; height: 354px;\" data-original-width=\"800\" data-original-height=\"354\" > <div class=\"gallery-group images-1\" style=\"width: 267px; height: 354px;\" data-original-width=\"267\" data-original-height=\"354\" > <div class=\"tiled-gallery-item tiled-gallery-item-large\" itemprop=\"associatedMedia\" itemscope itemtype=\"http:\/\/schema.org\/ImageObject\"> <a href=\"https:\/\/www.freidenker.org\/?attachment_id=13225\" border=\"0\" itemprop=\"url\"> <meta itemprop=\"width\" content=\"263\"> <meta itemprop=\"height\" content=\"350\"> <img decoding=\"async\" class=\"\" data-attachment-id=\"13225\" data-orig-file=\"https:\/\/www.freidenker.org\/fw17\/wp-content\/uploads\/2022\/05\/IMG_0922-FILEminimizer.jpg\" data-orig-size=\"768,1024\" data-comments-opened=\"\" data-image-meta=\"{&quot;aperture&quot;:&quot;0&quot;,&quot;credit&quot;:&quot;&quot;,&quot;camera&quot;:&quot;&quot;,&quot;caption&quot;:&quot;&quot;,&quot;created_timestamp&quot;:&quot;0&quot;,&quot;copyright&quot;:&quot;&quot;,&quot;focal_length&quot;:&quot;0&quot;,&quot;iso&quot;:&quot;0&quot;,&quot;shutter_speed&quot;:&quot;0&quot;,&quot;title&quot;:&quot;&quot;,&quot;orientation&quot;:&quot;0&quot;}\" data-image-title=\"IMG_0922 (FILEminimizer)\" data-image-description=\"\" data-medium-file=\"https:\/\/i0.wp.com\/www.freidenker.org\/fw17\/wp-content\/uploads\/2022\/05\/IMG_0922-FILEminimizer.jpg?fit=225%2C300&#038;ssl=1\" data-large-file=\"https:\/\/i0.wp.com\/www.freidenker.org\/fw17\/wp-content\/uploads\/2022\/05\/IMG_0922-FILEminimizer.jpg?fit=768%2C1024&#038;ssl=1\" src=\"https:\/\/i0.wp.com\/www.freidenker.org\/fw17\/wp-content\/uploads\/2022\/05\/IMG_0922-FILEminimizer.jpg?w=263&#038;h=350&#038;ssl=1\" srcset=\"https:\/\/i0.wp.com\/www.freidenker.org\/fw17\/wp-content\/uploads\/2022\/05\/IMG_0922-FILEminimizer.jpg?w=768&amp;ssl=1 768w, https:\/\/i0.wp.com\/www.freidenker.org\/fw17\/wp-content\/uploads\/2022\/05\/IMG_0922-FILEminimizer.jpg?resize=225%2C300&amp;ssl=1 225w\" width=\"263\" height=\"350\" loading=\"lazy\" data-original-width=\"263\" data-original-height=\"350\" itemprop=\"http:\/\/schema.org\/image\" title=\"IMG_0922 (FILEminimizer)\" alt=\"Rote Nelken auf den sowjetischen Gr\u00e4bern (Foto: Bune Birkle)\" style=\"width: 263px; height: 350px;\" \/> <\/a> <div class=\"tiled-gallery-caption\" itemprop=\"caption description\"> Rote Nelken auf den sowjetischen Gr\u00e4bern (Foto: Bune Birkle) <\/div> <\/div> <\/div> <!-- close group --> <div class=\"gallery-group images-1\" style=\"width: 267px; height: 354px;\" data-original-width=\"267\" data-original-height=\"354\" > <div class=\"tiled-gallery-item tiled-gallery-item-large\" itemprop=\"associatedMedia\" itemscope itemtype=\"http:\/\/schema.org\/ImageObject\"> <a href=\"https:\/\/www.freidenker.org\/?attachment_id=13226\" border=\"0\" itemprop=\"url\"> <meta itemprop=\"width\" content=\"263\"> <meta itemprop=\"height\" content=\"350\"> <img decoding=\"async\" class=\"\" data-attachment-id=\"13226\" data-orig-file=\"https:\/\/www.freidenker.org\/fw17\/wp-content\/uploads\/2022\/05\/IMG_0930-FILEminimizer.jpg\" data-orig-size=\"768,1024\" data-comments-opened=\"\" data-image-meta=\"{&quot;aperture&quot;:&quot;0&quot;,&quot;credit&quot;:&quot;&quot;,&quot;camera&quot;:&quot;&quot;,&quot;caption&quot;:&quot;&quot;,&quot;created_timestamp&quot;:&quot;0&quot;,&quot;copyright&quot;:&quot;&quot;,&quot;focal_length&quot;:&quot;0&quot;,&quot;iso&quot;:&quot;0&quot;,&quot;shutter_speed&quot;:&quot;0&quot;,&quot;title&quot;:&quot;&quot;,&quot;orientation&quot;:&quot;0&quot;}\" data-image-title=\"IMG_0930 (FILEminimizer)\" data-image-description=\"\" data-medium-file=\"https:\/\/i0.wp.com\/www.freidenker.org\/fw17\/wp-content\/uploads\/2022\/05\/IMG_0930-FILEminimizer.jpg?fit=225%2C300&#038;ssl=1\" data-large-file=\"https:\/\/i0.wp.com\/www.freidenker.org\/fw17\/wp-content\/uploads\/2022\/05\/IMG_0930-FILEminimizer.jpg?fit=768%2C1024&#038;ssl=1\" src=\"https:\/\/i0.wp.com\/www.freidenker.org\/fw17\/wp-content\/uploads\/2022\/05\/IMG_0930-FILEminimizer.jpg?w=263&#038;h=350&#038;ssl=1\" srcset=\"https:\/\/i0.wp.com\/www.freidenker.org\/fw17\/wp-content\/uploads\/2022\/05\/IMG_0930-FILEminimizer.jpg?w=768&amp;ssl=1 768w, https:\/\/i0.wp.com\/www.freidenker.org\/fw17\/wp-content\/uploads\/2022\/05\/IMG_0930-FILEminimizer.jpg?resize=225%2C300&amp;ssl=1 225w\" width=\"263\" height=\"350\" loading=\"lazy\" data-original-width=\"263\" data-original-height=\"350\" itemprop=\"http:\/\/schema.org\/image\" title=\"IMG_0930 (FILEminimizer)\" alt=\"Kranz des Generalkonsulats Serbiens (Foto: Bune Birkle)\" style=\"width: 263px; height: 350px;\" \/> <\/a> <div class=\"tiled-gallery-caption\" itemprop=\"caption description\"> Kranz des Generalkonsulats Serbiens (Foto: Bune Birkle) <\/div> <\/div> <\/div> <!-- close group --> <div class=\"gallery-group images-1\" style=\"width: 266px; height: 354px;\" data-original-width=\"266\" data-original-height=\"354\" > <div class=\"tiled-gallery-item tiled-gallery-item-large\" itemprop=\"associatedMedia\" itemscope itemtype=\"http:\/\/schema.org\/ImageObject\"> <a href=\"https:\/\/www.freidenker.org\/?attachment_id=13240\" border=\"0\" itemprop=\"url\"> <meta itemprop=\"width\" content=\"262\"> <meta itemprop=\"height\" content=\"350\"> <img decoding=\"async\" class=\"\" data-attachment-id=\"13240\" data-orig-file=\"https:\/\/www.freidenker.org\/fw17\/wp-content\/uploads\/2022\/05\/IMG_0931-FILEminimizer-1.jpg\" data-orig-size=\"768,1024\" data-comments-opened=\"\" data-image-meta=\"{&quot;aperture&quot;:&quot;0&quot;,&quot;credit&quot;:&quot;&quot;,&quot;camera&quot;:&quot;&quot;,&quot;caption&quot;:&quot;&quot;,&quot;created_timestamp&quot;:&quot;0&quot;,&quot;copyright&quot;:&quot;&quot;,&quot;focal_length&quot;:&quot;0&quot;,&quot;iso&quot;:&quot;0&quot;,&quot;shutter_speed&quot;:&quot;0&quot;,&quot;title&quot;:&quot;&quot;,&quot;orientation&quot;:&quot;1&quot;}\" data-image-title=\"IMG_0931 (FILEminimizer)\" data-image-description=\"\" data-medium-file=\"https:\/\/i0.wp.com\/www.freidenker.org\/fw17\/wp-content\/uploads\/2022\/05\/IMG_0931-FILEminimizer-1.jpg?fit=225%2C300&#038;ssl=1\" data-large-file=\"https:\/\/i0.wp.com\/www.freidenker.org\/fw17\/wp-content\/uploads\/2022\/05\/IMG_0931-FILEminimizer-1.jpg?fit=768%2C1024&#038;ssl=1\" src=\"https:\/\/i0.wp.com\/www.freidenker.org\/fw17\/wp-content\/uploads\/2022\/05\/IMG_0931-FILEminimizer-1.jpg?w=262&#038;h=350&#038;ssl=1\" srcset=\"https:\/\/i0.wp.com\/www.freidenker.org\/fw17\/wp-content\/uploads\/2022\/05\/IMG_0931-FILEminimizer-1.jpg?w=768&amp;ssl=1 768w, https:\/\/i0.wp.com\/www.freidenker.org\/fw17\/wp-content\/uploads\/2022\/05\/IMG_0931-FILEminimizer-1.jpg?resize=225%2C300&amp;ssl=1 225w\" width=\"262\" height=\"350\" loading=\"lazy\" data-original-width=\"262\" data-original-height=\"350\" itemprop=\"http:\/\/schema.org\/image\" title=\"IMG_0931 (FILEminimizer)\" alt=\"Kranz des Generalkonsulats der Russischen F\u00f6deration (Foto: Bune Birkle)\" style=\"width: 262px; height: 350px;\" \/> <\/a> <div class=\"tiled-gallery-caption\" itemprop=\"caption description\"> Kranz des Generalkonsulats der Russischen F\u00f6deration (Foto: Bune Birkle) <\/div> <\/div> <\/div> <!-- close group --> <\/div> <!-- close row --> <\/div>\n<h4>Potsdam<\/h4>\n<div class=\"tiled-gallery type-rectangular tiled-gallery-unresized\" data-original-width=\"800\" data-carousel-extra='{&quot;blog_id&quot;:1,&quot;permalink&quot;:&quot;https:\\\/\\\/www.freidenker.org\\\/?p=13206&quot;,&quot;likes_blog_id&quot;:139773280}' itemscope itemtype=\"http:\/\/schema.org\/ImageGallery\" > <div class=\"gallery-row\" style=\"width: 800px; height: 167px;\" data-original-width=\"800\" data-original-height=\"167\" > <div class=\"gallery-group images-1\" style=\"width: 221px; height: 167px;\" data-original-width=\"221\" data-original-height=\"167\" > <div class=\"tiled-gallery-item tiled-gallery-item-small\" itemprop=\"associatedMedia\" itemscope itemtype=\"http:\/\/schema.org\/ImageObject\"> <a href=\"https:\/\/www.freidenker.org\/?attachment_id=13243\" border=\"0\" itemprop=\"url\"> <meta itemprop=\"width\" content=\"217\"> <meta itemprop=\"height\" content=\"163\"> <img decoding=\"async\" class=\"\" data-attachment-id=\"13243\" data-orig-file=\"https:\/\/www.freidenker.org\/fw17\/wp-content\/uploads\/2022\/05\/20220508_095825.jpg\" data-orig-size=\"1200,900\" data-comments-opened=\"\" data-image-meta=\"{&quot;aperture&quot;:&quot;2.4&quot;,&quot;credit&quot;:&quot;&quot;,&quot;camera&quot;:&quot;SM-A750FN&quot;,&quot;caption&quot;:&quot;&quot;,&quot;created_timestamp&quot;:&quot;1652003905&quot;,&quot;copyright&quot;:&quot;&quot;,&quot;focal_length&quot;:&quot;1.87&quot;,&quot;iso&quot;:&quot;40&quot;,&quot;shutter_speed&quot;:&quot;0.0033222591362126&quot;,&quot;title&quot;:&quot;&quot;,&quot;orientation&quot;:&quot;1&quot;}\" data-image-title=\"20220508_095825\" data-image-description=\"\" data-medium-file=\"https:\/\/i0.wp.com\/www.freidenker.org\/fw17\/wp-content\/uploads\/2022\/05\/20220508_095825.jpg?fit=300%2C225&#038;ssl=1\" data-large-file=\"https:\/\/i0.wp.com\/www.freidenker.org\/fw17\/wp-content\/uploads\/2022\/05\/20220508_095825.jpg?fit=800%2C600&#038;ssl=1\" src=\"https:\/\/i0.wp.com\/www.freidenker.org\/fw17\/wp-content\/uploads\/2022\/05\/20220508_095825.jpg?w=217&#038;h=163&#038;ssl=1\" srcset=\"https:\/\/i0.wp.com\/www.freidenker.org\/fw17\/wp-content\/uploads\/2022\/05\/20220508_095825.jpg?w=1200&amp;ssl=1 1200w, https:\/\/i0.wp.com\/www.freidenker.org\/fw17\/wp-content\/uploads\/2022\/05\/20220508_095825.jpg?resize=300%2C225&amp;ssl=1 300w, https:\/\/i0.wp.com\/www.freidenker.org\/fw17\/wp-content\/uploads\/2022\/05\/20220508_095825.jpg?resize=1024%2C768&amp;ssl=1 1024w, https:\/\/i0.wp.com\/www.freidenker.org\/fw17\/wp-content\/uploads\/2022\/05\/20220508_095825.jpg?resize=768%2C576&amp;ssl=1 768w\" width=\"217\" height=\"163\" loading=\"lazy\" data-original-width=\"217\" data-original-height=\"163\" itemprop=\"http:\/\/schema.org\/image\" title=\"20220508_095825\" alt=\"Gedenkveranstaltung im Sowjetischen Friedhof an der Michendorfer Chaussee in Potsdam: Die Teilnehmer versammeln sich am Eingang (Foto: Ralf Lux)\" style=\"width: 217px; height: 163px;\" \/> <\/a> <div class=\"tiled-gallery-caption\" itemprop=\"caption description\"> Gedenkveranstaltung im Sowjetischen Friedhof an der Michendorfer Chaussee in Potsdam: Die Teilnehmer versammeln sich am Eingang (Foto: Ralf Lux) <\/div> <\/div> <\/div> <!-- close group --> <div class=\"gallery-group images-1\" style=\"width: 358px; height: 167px;\" data-original-width=\"358\" data-original-height=\"167\" > <div class=\"tiled-gallery-item tiled-gallery-item-large\" itemprop=\"associatedMedia\" itemscope itemtype=\"http:\/\/schema.org\/ImageObject\"> <a href=\"https:\/\/www.freidenker.org\/?attachment_id=13253\" border=\"0\" itemprop=\"url\"> <meta itemprop=\"width\" content=\"354\"> <meta itemprop=\"height\" content=\"163\"> <img decoding=\"async\" class=\"\" data-attachment-id=\"13253\" data-orig-file=\"https:\/\/www.freidenker.org\/fw17\/wp-content\/uploads\/2022\/05\/IMG-20220508-WA0011.jpg\" data-orig-size=\"1200,553\" data-comments-opened=\"\" data-image-meta=\"{&quot;aperture&quot;:&quot;0&quot;,&quot;credit&quot;:&quot;&quot;,&quot;camera&quot;:&quot;&quot;,&quot;caption&quot;:&quot;&quot;,&quot;created_timestamp&quot;:&quot;0&quot;,&quot;copyright&quot;:&quot;&quot;,&quot;focal_length&quot;:&quot;0&quot;,&quot;iso&quot;:&quot;0&quot;,&quot;shutter_speed&quot;:&quot;0&quot;,&quot;title&quot;:&quot;&quot;,&quot;orientation&quot;:&quot;1&quot;}\" data-image-title=\"IMG-20220508-WA0011\" data-image-description=\"\" data-medium-file=\"https:\/\/i0.wp.com\/www.freidenker.org\/fw17\/wp-content\/uploads\/2022\/05\/IMG-20220508-WA0011.jpg?fit=300%2C138&#038;ssl=1\" data-large-file=\"https:\/\/i0.wp.com\/www.freidenker.org\/fw17\/wp-content\/uploads\/2022\/05\/IMG-20220508-WA0011.jpg?fit=800%2C369&#038;ssl=1\" src=\"https:\/\/i0.wp.com\/www.freidenker.org\/fw17\/wp-content\/uploads\/2022\/05\/IMG-20220508-WA0011.jpg?w=354&#038;h=163&#038;ssl=1\" srcset=\"https:\/\/i0.wp.com\/www.freidenker.org\/fw17\/wp-content\/uploads\/2022\/05\/IMG-20220508-WA0011.jpg?w=1200&amp;ssl=1 1200w, https:\/\/i0.wp.com\/www.freidenker.org\/fw17\/wp-content\/uploads\/2022\/05\/IMG-20220508-WA0011.jpg?resize=300%2C138&amp;ssl=1 300w, https:\/\/i0.wp.com\/www.freidenker.org\/fw17\/wp-content\/uploads\/2022\/05\/IMG-20220508-WA0011.jpg?resize=1024%2C472&amp;ssl=1 1024w, https:\/\/i0.wp.com\/www.freidenker.org\/fw17\/wp-content\/uploads\/2022\/05\/IMG-20220508-WA0011.jpg?resize=768%2C354&amp;ssl=1 768w\" width=\"354\" height=\"163\" loading=\"lazy\" data-original-width=\"354\" data-original-height=\"163\" itemprop=\"http:\/\/schema.org\/image\" title=\"IMG-20220508-WA0011\" alt=\"Auf dem Weg zur Ehrung. Vorn im Bild: Frank Ehrhardt von den Freidenkern (Foto: Dittmar Zengerling)\" style=\"width: 354px; height: 163px;\" \/> <\/a> <div class=\"tiled-gallery-caption\" itemprop=\"caption description\"> Auf dem Weg zur Ehrung. Vorn im Bild: Frank Ehrhardt von den Freidenkern (Foto: Dittmar Zengerling) <\/div> <\/div> <\/div> <!-- close group --> <div class=\"gallery-group images-1\" style=\"width: 221px; height: 167px;\" data-original-width=\"221\" data-original-height=\"167\" > <div class=\"tiled-gallery-item tiled-gallery-item-small\" itemprop=\"associatedMedia\" itemscope itemtype=\"http:\/\/schema.org\/ImageObject\"> <a href=\"https:\/\/www.freidenker.org\/?attachment_id=13245\" border=\"0\" itemprop=\"url\"> <meta itemprop=\"width\" content=\"217\"> <meta itemprop=\"height\" content=\"163\"> <img decoding=\"async\" class=\"\" data-attachment-id=\"13245\" data-orig-file=\"https:\/\/www.freidenker.org\/fw17\/wp-content\/uploads\/2022\/05\/20220508_100521.jpg\" data-orig-size=\"1200,900\" data-comments-opened=\"\" data-image-meta=\"{&quot;aperture&quot;:&quot;1.7&quot;,&quot;credit&quot;:&quot;&quot;,&quot;camera&quot;:&quot;SM-A750FN&quot;,&quot;caption&quot;:&quot;&quot;,&quot;created_timestamp&quot;:&quot;1652004320&quot;,&quot;copyright&quot;:&quot;&quot;,&quot;focal_length&quot;:&quot;3.93&quot;,&quot;iso&quot;:&quot;80&quot;,&quot;shutter_speed&quot;:&quot;0.016666666666667&quot;,&quot;title&quot;:&quot;&quot;,&quot;orientation&quot;:&quot;1&quot;}\" data-image-title=\"20220508_100521\" data-image-description=\"\" data-medium-file=\"https:\/\/i0.wp.com\/www.freidenker.org\/fw17\/wp-content\/uploads\/2022\/05\/20220508_100521.jpg?fit=300%2C225&#038;ssl=1\" data-large-file=\"https:\/\/i0.wp.com\/www.freidenker.org\/fw17\/wp-content\/uploads\/2022\/05\/20220508_100521.jpg?fit=800%2C600&#038;ssl=1\" src=\"https:\/\/i0.wp.com\/www.freidenker.org\/fw17\/wp-content\/uploads\/2022\/05\/20220508_100521.jpg?w=217&#038;h=163&#038;ssl=1\" srcset=\"https:\/\/i0.wp.com\/www.freidenker.org\/fw17\/wp-content\/uploads\/2022\/05\/20220508_100521.jpg?w=1200&amp;ssl=1 1200w, https:\/\/i0.wp.com\/www.freidenker.org\/fw17\/wp-content\/uploads\/2022\/05\/20220508_100521.jpg?resize=300%2C225&amp;ssl=1 300w, https:\/\/i0.wp.com\/www.freidenker.org\/fw17\/wp-content\/uploads\/2022\/05\/20220508_100521.jpg?resize=1024%2C768&amp;ssl=1 1024w, https:\/\/i0.wp.com\/www.freidenker.org\/fw17\/wp-content\/uploads\/2022\/05\/20220508_100521.jpg?resize=768%2C576&amp;ssl=1 768w\" width=\"217\" height=\"163\" loading=\"lazy\" data-original-width=\"217\" data-original-height=\"163\" itemprop=\"http:\/\/schema.org\/image\" title=\"20220508_100521\" alt=\"Blumen f\u00fcr die Befreier (Foto: Ralf Lux)\" style=\"width: 217px; height: 163px;\" \/> <\/a> <div class=\"tiled-gallery-caption\" itemprop=\"caption description\"> Blumen f\u00fcr die Befreier (Foto: Ralf Lux) <\/div> <\/div> <\/div> <!-- close group --> <\/div> <!-- close row --> <div class=\"gallery-row\" style=\"width: 800px; height: 401px;\" data-original-width=\"800\" data-original-height=\"401\" > <div class=\"gallery-group images-1\" style=\"width: 534px; height: 401px;\" data-original-width=\"534\" data-original-height=\"401\" > <div class=\"tiled-gallery-item tiled-gallery-item-large\" itemprop=\"associatedMedia\" itemscope itemtype=\"http:\/\/schema.org\/ImageObject\"> <a href=\"https:\/\/www.freidenker.org\/?attachment_id=13244\" border=\"0\" itemprop=\"url\"> <meta itemprop=\"width\" content=\"530\"> <meta itemprop=\"height\" content=\"397\"> <img decoding=\"async\" class=\"\" data-attachment-id=\"13244\" data-orig-file=\"https:\/\/www.freidenker.org\/fw17\/wp-content\/uploads\/2022\/05\/20220508_100502.jpg\" data-orig-size=\"1200,900\" data-comments-opened=\"\" data-image-meta=\"{&quot;aperture&quot;:&quot;1.7&quot;,&quot;credit&quot;:&quot;&quot;,&quot;camera&quot;:&quot;SM-A750FN&quot;,&quot;caption&quot;:&quot;&quot;,&quot;created_timestamp&quot;:&quot;1652004302&quot;,&quot;copyright&quot;:&quot;&quot;,&quot;focal_length&quot;:&quot;3.93&quot;,&quot;iso&quot;:&quot;80&quot;,&quot;shutter_speed&quot;:&quot;0.02&quot;,&quot;title&quot;:&quot;&quot;,&quot;orientation&quot;:&quot;1&quot;}\" data-image-title=\"20220508_100502\" data-image-description=\"\" data-medium-file=\"https:\/\/i0.wp.com\/www.freidenker.org\/fw17\/wp-content\/uploads\/2022\/05\/20220508_100502.jpg?fit=300%2C225&#038;ssl=1\" data-large-file=\"https:\/\/i0.wp.com\/www.freidenker.org\/fw17\/wp-content\/uploads\/2022\/05\/20220508_100502.jpg?fit=800%2C600&#038;ssl=1\" src=\"https:\/\/i0.wp.com\/www.freidenker.org\/fw17\/wp-content\/uploads\/2022\/05\/20220508_100502.jpg?w=530&#038;h=397&#038;ssl=1\" srcset=\"https:\/\/i0.wp.com\/www.freidenker.org\/fw17\/wp-content\/uploads\/2022\/05\/20220508_100502.jpg?w=1200&amp;ssl=1 1200w, https:\/\/i0.wp.com\/www.freidenker.org\/fw17\/wp-content\/uploads\/2022\/05\/20220508_100502.jpg?resize=300%2C225&amp;ssl=1 300w, https:\/\/i0.wp.com\/www.freidenker.org\/fw17\/wp-content\/uploads\/2022\/05\/20220508_100502.jpg?resize=1024%2C768&amp;ssl=1 1024w, https:\/\/i0.wp.com\/www.freidenker.org\/fw17\/wp-content\/uploads\/2022\/05\/20220508_100502.jpg?resize=768%2C576&amp;ssl=1 768w\" width=\"530\" height=\"397\" loading=\"lazy\" data-original-width=\"530\" data-original-height=\"397\" itemprop=\"http:\/\/schema.org\/image\" title=\"20220508_100502\" alt=\"Links im Bild der Strau\u00df des Freidenker-Verbandes (Foto: Ralf Lux)\" style=\"width: 530px; height: 397px;\" \/> <\/a> <div class=\"tiled-gallery-caption\" itemprop=\"caption description\"> Links im Bild der Strau\u00df des Freidenker-Verbandes (Foto: Ralf Lux) <\/div> <\/div> <\/div> <!-- close group --> <div class=\"gallery-group images-2\" style=\"width: 266px; height: 401px;\" data-original-width=\"266\" data-original-height=\"401\" > <div class=\"tiled-gallery-item tiled-gallery-item-large\" itemprop=\"associatedMedia\" itemscope itemtype=\"http:\/\/schema.org\/ImageObject\"> <a href=\"https:\/\/www.freidenker.org\/?attachment_id=13246\" border=\"0\" itemprop=\"url\"> <meta itemprop=\"width\" content=\"262\"> <meta itemprop=\"height\" content=\"197\"> <img decoding=\"async\" class=\"\" data-attachment-id=\"13246\" data-orig-file=\"https:\/\/www.freidenker.org\/fw17\/wp-content\/uploads\/2022\/05\/20220508_100533.jpg\" data-orig-size=\"1200,900\" data-comments-opened=\"\" data-image-meta=\"{&quot;aperture&quot;:&quot;1.7&quot;,&quot;credit&quot;:&quot;&quot;,&quot;camera&quot;:&quot;SM-A750FN&quot;,&quot;caption&quot;:&quot;&quot;,&quot;created_timestamp&quot;:&quot;1652004333&quot;,&quot;copyright&quot;:&quot;&quot;,&quot;focal_length&quot;:&quot;3.93&quot;,&quot;iso&quot;:&quot;40&quot;,&quot;shutter_speed&quot;:&quot;0.0083333333333333&quot;,&quot;title&quot;:&quot;&quot;,&quot;orientation&quot;:&quot;1&quot;}\" data-image-title=\"20220508_100533\" data-image-description=\"\" data-medium-file=\"https:\/\/i0.wp.com\/www.freidenker.org\/fw17\/wp-content\/uploads\/2022\/05\/20220508_100533.jpg?fit=300%2C225&#038;ssl=1\" data-large-file=\"https:\/\/i0.wp.com\/www.freidenker.org\/fw17\/wp-content\/uploads\/2022\/05\/20220508_100533.jpg?fit=800%2C600&#038;ssl=1\" src=\"https:\/\/i0.wp.com\/www.freidenker.org\/fw17\/wp-content\/uploads\/2022\/05\/20220508_100533.jpg?w=262&#038;h=197&#038;ssl=1\" srcset=\"https:\/\/i0.wp.com\/www.freidenker.org\/fw17\/wp-content\/uploads\/2022\/05\/20220508_100533.jpg?w=1200&amp;ssl=1 1200w, https:\/\/i0.wp.com\/www.freidenker.org\/fw17\/wp-content\/uploads\/2022\/05\/20220508_100533.jpg?resize=300%2C225&amp;ssl=1 300w, https:\/\/i0.wp.com\/www.freidenker.org\/fw17\/wp-content\/uploads\/2022\/05\/20220508_100533.jpg?resize=1024%2C768&amp;ssl=1 1024w, https:\/\/i0.wp.com\/www.freidenker.org\/fw17\/wp-content\/uploads\/2022\/05\/20220508_100533.jpg?resize=768%2C576&amp;ssl=1 768w\" width=\"262\" height=\"197\" loading=\"lazy\" data-original-width=\"262\" data-original-height=\"197\" itemprop=\"http:\/\/schema.org\/image\" title=\"20220508_100533\" alt=\"Friedenswache an der Bronzeplastik &quot;Soldat mit Fahne&quot; (Foto: Ralf Lux)\" style=\"width: 262px; height: 197px;\" \/> <\/a> <div class=\"tiled-gallery-caption\" itemprop=\"caption description\"> Friedenswache an der Bronzeplastik &#8222;Soldat mit Fahne&#8220; (Foto: Ralf Lux) <\/div> <\/div> <div class=\"tiled-gallery-item tiled-gallery-item-large\" itemprop=\"associatedMedia\" itemscope itemtype=\"http:\/\/schema.org\/ImageObject\"> <a href=\"https:\/\/www.freidenker.org\/?attachment_id=13247\" border=\"0\" itemprop=\"url\"> <meta itemprop=\"width\" content=\"262\"> <meta itemprop=\"height\" content=\"196\"> <img decoding=\"async\" class=\"\" data-attachment-id=\"13247\" data-orig-file=\"https:\/\/www.freidenker.org\/fw17\/wp-content\/uploads\/2022\/05\/20220508_100739.jpg\" data-orig-size=\"1200,900\" data-comments-opened=\"\" data-image-meta=\"{&quot;aperture&quot;:&quot;1.7&quot;,&quot;credit&quot;:&quot;&quot;,&quot;camera&quot;:&quot;SM-A750FN&quot;,&quot;caption&quot;:&quot;&quot;,&quot;created_timestamp&quot;:&quot;1652004459&quot;,&quot;copyright&quot;:&quot;&quot;,&quot;focal_length&quot;:&quot;3.93&quot;,&quot;iso&quot;:&quot;40&quot;,&quot;shutter_speed&quot;:&quot;0.0078125&quot;,&quot;title&quot;:&quot;&quot;,&quot;orientation&quot;:&quot;1&quot;}\" data-image-title=\"20220508_100739\" data-image-description=\"\" data-medium-file=\"https:\/\/i0.wp.com\/www.freidenker.org\/fw17\/wp-content\/uploads\/2022\/05\/20220508_100739.jpg?fit=300%2C225&#038;ssl=1\" data-large-file=\"https:\/\/i0.wp.com\/www.freidenker.org\/fw17\/wp-content\/uploads\/2022\/05\/20220508_100739.jpg?fit=800%2C600&#038;ssl=1\" src=\"https:\/\/i0.wp.com\/www.freidenker.org\/fw17\/wp-content\/uploads\/2022\/05\/20220508_100739.jpg?w=262&#038;h=196&#038;ssl=1\" srcset=\"https:\/\/i0.wp.com\/www.freidenker.org\/fw17\/wp-content\/uploads\/2022\/05\/20220508_100739.jpg?w=1200&amp;ssl=1 1200w, https:\/\/i0.wp.com\/www.freidenker.org\/fw17\/wp-content\/uploads\/2022\/05\/20220508_100739.jpg?resize=300%2C225&amp;ssl=1 300w, https:\/\/i0.wp.com\/www.freidenker.org\/fw17\/wp-content\/uploads\/2022\/05\/20220508_100739.jpg?resize=1024%2C768&amp;ssl=1 1024w, https:\/\/i0.wp.com\/www.freidenker.org\/fw17\/wp-content\/uploads\/2022\/05\/20220508_100739.jpg?resize=768%2C576&amp;ssl=1 768w\" width=\"262\" height=\"196\" loading=\"lazy\" data-original-width=\"262\" data-original-height=\"196\" itemprop=\"http:\/\/schema.org\/image\" title=\"20220508_100739\" alt=\"Dittmar Zengerling von der Friko Potsdam h\u00e4lt die Gedenkrede. Links im Bild: Liane Blank von den Freidenkern. Im Hintergrund im Rollstuhl: Oliver Lenz, ebenfalls Freidenker. (Foto: Ralf Lux)\" style=\"width: 262px; height: 196px;\" \/> <\/a> <div class=\"tiled-gallery-caption\" itemprop=\"caption description\"> Dittmar Zengerling von der Friko Potsdam h\u00e4lt die Gedenkrede. Links im Bild: Liane Blank von den Freidenkern. Im Hintergrund im Rollstuhl: Oliver Lenz, ebenfalls Freidenker. (Foto: Ralf Lux) <\/div> <\/div> <\/div> <!-- close group --> <\/div> <!-- close row --> <div class=\"gallery-row\" style=\"width: 800px; height: 383px;\" data-original-width=\"800\" data-original-height=\"383\" > <div class=\"gallery-group images-2\" style=\"width: 290px; height: 383px;\" data-original-width=\"290\" data-original-height=\"383\" > <div class=\"tiled-gallery-item tiled-gallery-item-large\" itemprop=\"associatedMedia\" itemscope itemtype=\"http:\/\/schema.org\/ImageObject\"> <a href=\"https:\/\/www.freidenker.org\/?attachment_id=13252\" border=\"0\" itemprop=\"url\"> <meta itemprop=\"width\" content=\"286\"> <meta itemprop=\"height\" content=\"161\"> <img decoding=\"async\" class=\"\" data-attachment-id=\"13252\" data-orig-file=\"https:\/\/www.freidenker.org\/fw17\/wp-content\/uploads\/2022\/05\/IMG-20220508-WA0007.jpg\" data-orig-size=\"1200,675\" data-comments-opened=\"\" data-image-meta=\"{&quot;aperture&quot;:&quot;0&quot;,&quot;credit&quot;:&quot;&quot;,&quot;camera&quot;:&quot;&quot;,&quot;caption&quot;:&quot;&quot;,&quot;created_timestamp&quot;:&quot;0&quot;,&quot;copyright&quot;:&quot;&quot;,&quot;focal_length&quot;:&quot;0&quot;,&quot;iso&quot;:&quot;0&quot;,&quot;shutter_speed&quot;:&quot;0&quot;,&quot;title&quot;:&quot;&quot;,&quot;orientation&quot;:&quot;1&quot;}\" data-image-title=\"IMG-20220508-WA0007\" data-image-description=\"\" data-medium-file=\"https:\/\/i0.wp.com\/www.freidenker.org\/fw17\/wp-content\/uploads\/2022\/05\/IMG-20220508-WA0007.jpg?fit=300%2C169&#038;ssl=1\" data-large-file=\"https:\/\/i0.wp.com\/www.freidenker.org\/fw17\/wp-content\/uploads\/2022\/05\/IMG-20220508-WA0007.jpg?fit=800%2C450&#038;ssl=1\" src=\"https:\/\/i0.wp.com\/www.freidenker.org\/fw17\/wp-content\/uploads\/2022\/05\/IMG-20220508-WA0007.jpg?w=286&#038;h=161&#038;ssl=1\" srcset=\"https:\/\/i0.wp.com\/www.freidenker.org\/fw17\/wp-content\/uploads\/2022\/05\/IMG-20220508-WA0007.jpg?w=1200&amp;ssl=1 1200w, https:\/\/i0.wp.com\/www.freidenker.org\/fw17\/wp-content\/uploads\/2022\/05\/IMG-20220508-WA0007.jpg?resize=300%2C169&amp;ssl=1 300w, https:\/\/i0.wp.com\/www.freidenker.org\/fw17\/wp-content\/uploads\/2022\/05\/IMG-20220508-WA0007.jpg?resize=1024%2C576&amp;ssl=1 1024w, https:\/\/i0.wp.com\/www.freidenker.org\/fw17\/wp-content\/uploads\/2022\/05\/IMG-20220508-WA0007.jpg?resize=768%2C432&amp;ssl=1 768w\" width=\"286\" height=\"161\" loading=\"lazy\" data-original-width=\"286\" data-original-height=\"161\" itemprop=\"http:\/\/schema.org\/image\" title=\"IMG-20220508-WA0007\" alt=\"K. Mu\u00df von der Brandenburgischen Freundschaftsgesellschaft erz\u00e4hlt \u00fcber die Geschichte des Friedhofs (Foto: Dittmar Zengerling)\" style=\"width: 286px; height: 161px;\" \/> <\/a> <div class=\"tiled-gallery-caption\" itemprop=\"caption description\"> K. Mu\u00df von der Brandenburgischen Freundschaftsgesellschaft erz\u00e4hlt \u00fcber die Geschichte des Friedhofs (Foto: Dittmar Zengerling) <\/div> <\/div> <div class=\"tiled-gallery-item tiled-gallery-item-large\" itemprop=\"associatedMedia\" itemscope itemtype=\"http:\/\/schema.org\/ImageObject\"> <a href=\"https:\/\/www.freidenker.org\/?attachment_id=13248\" border=\"0\" itemprop=\"url\"> <meta itemprop=\"width\" content=\"286\"> <meta itemprop=\"height\" content=\"214\"> <img decoding=\"async\" class=\"\" data-attachment-id=\"13248\" data-orig-file=\"https:\/\/www.freidenker.org\/fw17\/wp-content\/uploads\/2022\/05\/20220508_101318.jpg\" data-orig-size=\"1200,900\" data-comments-opened=\"\" data-image-meta=\"{&quot;aperture&quot;:&quot;1.7&quot;,&quot;credit&quot;:&quot;&quot;,&quot;camera&quot;:&quot;SM-A750FN&quot;,&quot;caption&quot;:&quot;&quot;,&quot;created_timestamp&quot;:&quot;1652004798&quot;,&quot;copyright&quot;:&quot;&quot;,&quot;focal_length&quot;:&quot;3.93&quot;,&quot;iso&quot;:&quot;40&quot;,&quot;shutter_speed&quot;:&quot;0.0099009900990099&quot;,&quot;title&quot;:&quot;&quot;,&quot;orientation&quot;:&quot;1&quot;}\" data-image-title=\"20220508_101318\" data-image-description=\"\" data-medium-file=\"https:\/\/i0.wp.com\/www.freidenker.org\/fw17\/wp-content\/uploads\/2022\/05\/20220508_101318.jpg?fit=300%2C225&#038;ssl=1\" data-large-file=\"https:\/\/i0.wp.com\/www.freidenker.org\/fw17\/wp-content\/uploads\/2022\/05\/20220508_101318.jpg?fit=800%2C600&#038;ssl=1\" src=\"https:\/\/i0.wp.com\/www.freidenker.org\/fw17\/wp-content\/uploads\/2022\/05\/20220508_101318.jpg?w=286&#038;h=214&#038;ssl=1\" srcset=\"https:\/\/i0.wp.com\/www.freidenker.org\/fw17\/wp-content\/uploads\/2022\/05\/20220508_101318.jpg?w=1200&amp;ssl=1 1200w, https:\/\/i0.wp.com\/www.freidenker.org\/fw17\/wp-content\/uploads\/2022\/05\/20220508_101318.jpg?resize=300%2C225&amp;ssl=1 300w, https:\/\/i0.wp.com\/www.freidenker.org\/fw17\/wp-content\/uploads\/2022\/05\/20220508_101318.jpg?resize=1024%2C768&amp;ssl=1 1024w, https:\/\/i0.wp.com\/www.freidenker.org\/fw17\/wp-content\/uploads\/2022\/05\/20220508_101318.jpg?resize=768%2C576&amp;ssl=1 768w\" width=\"286\" height=\"214\" loading=\"lazy\" data-original-width=\"286\" data-original-height=\"214\" itemprop=\"http:\/\/schema.org\/image\" title=\"20220508_101318\" alt=\"K. Mu\u00df von der Brandenburgischen Freundschaftsgesellschaft erz\u00e4hlt \u00fcber die Geschichte des Friedhofs (Foto: Ralf Lux)\" style=\"width: 286px; height: 214px;\" \/> <\/a> <div class=\"tiled-gallery-caption\" itemprop=\"caption description\"> K. Mu\u00df von der Brandenburgischen Freundschaftsgesellschaft erz\u00e4hlt \u00fcber die Geschichte des Friedhofs (Foto: Ralf Lux) <\/div> <\/div> <\/div> <!-- close group --> <div class=\"gallery-group images-1\" style=\"width: 510px; height: 383px;\" data-original-width=\"510\" data-original-height=\"383\" > <div class=\"tiled-gallery-item tiled-gallery-item-large\" itemprop=\"associatedMedia\" itemscope itemtype=\"http:\/\/schema.org\/ImageObject\"> <a href=\"https:\/\/www.freidenker.org\/?attachment_id=13249\" border=\"0\" itemprop=\"url\"> <meta itemprop=\"width\" content=\"506\"> <meta itemprop=\"height\" content=\"379\"> <img decoding=\"async\" class=\"\" data-attachment-id=\"13249\" data-orig-file=\"https:\/\/www.freidenker.org\/fw17\/wp-content\/uploads\/2022\/05\/20220508_104145.jpg\" data-orig-size=\"1200,900\" data-comments-opened=\"\" data-image-meta=\"{&quot;aperture&quot;:&quot;1.7&quot;,&quot;credit&quot;:&quot;&quot;,&quot;camera&quot;:&quot;SM-A750FN&quot;,&quot;caption&quot;:&quot;&quot;,&quot;created_timestamp&quot;:&quot;1652006505&quot;,&quot;copyright&quot;:&quot;&quot;,&quot;focal_length&quot;:&quot;3.93&quot;,&quot;iso&quot;:&quot;40&quot;,&quot;shutter_speed&quot;:&quot;0.0026246719160105&quot;,&quot;title&quot;:&quot;&quot;,&quot;orientation&quot;:&quot;1&quot;}\" data-image-title=\"20220508_104145\" data-image-description=\"\" data-medium-file=\"https:\/\/i0.wp.com\/www.freidenker.org\/fw17\/wp-content\/uploads\/2022\/05\/20220508_104145.jpg?fit=300%2C225&#038;ssl=1\" data-large-file=\"https:\/\/i0.wp.com\/www.freidenker.org\/fw17\/wp-content\/uploads\/2022\/05\/20220508_104145.jpg?fit=800%2C600&#038;ssl=1\" src=\"https:\/\/i0.wp.com\/www.freidenker.org\/fw17\/wp-content\/uploads\/2022\/05\/20220508_104145.jpg?w=506&#038;h=379&#038;ssl=1\" srcset=\"https:\/\/i0.wp.com\/www.freidenker.org\/fw17\/wp-content\/uploads\/2022\/05\/20220508_104145.jpg?w=1200&amp;ssl=1 1200w, https:\/\/i0.wp.com\/www.freidenker.org\/fw17\/wp-content\/uploads\/2022\/05\/20220508_104145.jpg?resize=300%2C225&amp;ssl=1 300w, https:\/\/i0.wp.com\/www.freidenker.org\/fw17\/wp-content\/uploads\/2022\/05\/20220508_104145.jpg?resize=1024%2C768&amp;ssl=1 1024w, https:\/\/i0.wp.com\/www.freidenker.org\/fw17\/wp-content\/uploads\/2022\/05\/20220508_104145.jpg?resize=768%2C576&amp;ssl=1 768w\" width=\"506\" height=\"379\" loading=\"lazy\" data-original-width=\"506\" data-original-height=\"379\" itemprop=\"http:\/\/schema.org\/image\" title=\"20220508_104145\" alt=\"Rundgang \u00fcber den Friedhof (Foto: Ralf Lux)\" style=\"width: 506px; height: 379px;\" \/> <\/a> <div class=\"tiled-gallery-caption\" itemprop=\"caption description\"> Rundgang \u00fcber den Friedhof (Foto: Ralf Lux) <\/div> <\/div> <\/div> <!-- close group --> <\/div> <!-- close row --> <div class=\"gallery-row\" style=\"width: 800px; height: 259px;\" data-original-width=\"800\" data-original-height=\"259\" > <div class=\"gallery-group images-1\" style=\"width: 343px; height: 259px;\" data-original-width=\"343\" data-original-height=\"259\" > <div class=\"tiled-gallery-item tiled-gallery-item-large\" itemprop=\"associatedMedia\" itemscope itemtype=\"http:\/\/schema.org\/ImageObject\"> <a href=\"https:\/\/www.freidenker.org\/?attachment_id=13250\" border=\"0\" itemprop=\"url\"> <meta itemprop=\"width\" content=\"339\"> <meta itemprop=\"height\" content=\"255\"> <img decoding=\"async\" class=\"\" data-attachment-id=\"13250\" data-orig-file=\"https:\/\/www.freidenker.org\/fw17\/wp-content\/uploads\/2022\/05\/20220508_104214.jpg\" data-orig-size=\"1200,900\" data-comments-opened=\"\" data-image-meta=\"{&quot;aperture&quot;:&quot;1.7&quot;,&quot;credit&quot;:&quot;&quot;,&quot;camera&quot;:&quot;SM-A750FN&quot;,&quot;caption&quot;:&quot;&quot;,&quot;created_timestamp&quot;:&quot;1652006534&quot;,&quot;copyright&quot;:&quot;&quot;,&quot;focal_length&quot;:&quot;3.93&quot;,&quot;iso&quot;:&quot;40&quot;,&quot;shutter_speed&quot;:&quot;0.001727115716753&quot;,&quot;title&quot;:&quot;&quot;,&quot;orientation&quot;:&quot;1&quot;}\" data-image-title=\"20220508_104214\" data-image-description=\"\" data-medium-file=\"https:\/\/i0.wp.com\/www.freidenker.org\/fw17\/wp-content\/uploads\/2022\/05\/20220508_104214.jpg?fit=300%2C225&#038;ssl=1\" data-large-file=\"https:\/\/i0.wp.com\/www.freidenker.org\/fw17\/wp-content\/uploads\/2022\/05\/20220508_104214.jpg?fit=800%2C600&#038;ssl=1\" src=\"https:\/\/i0.wp.com\/www.freidenker.org\/fw17\/wp-content\/uploads\/2022\/05\/20220508_104214.jpg?w=339&#038;h=255&#038;ssl=1\" srcset=\"https:\/\/i0.wp.com\/www.freidenker.org\/fw17\/wp-content\/uploads\/2022\/05\/20220508_104214.jpg?w=1200&amp;ssl=1 1200w, https:\/\/i0.wp.com\/www.freidenker.org\/fw17\/wp-content\/uploads\/2022\/05\/20220508_104214.jpg?resize=300%2C225&amp;ssl=1 300w, https:\/\/i0.wp.com\/www.freidenker.org\/fw17\/wp-content\/uploads\/2022\/05\/20220508_104214.jpg?resize=1024%2C768&amp;ssl=1 1024w, https:\/\/i0.wp.com\/www.freidenker.org\/fw17\/wp-content\/uploads\/2022\/05\/20220508_104214.jpg?resize=768%2C576&amp;ssl=1 768w\" width=\"339\" height=\"255\" loading=\"lazy\" data-original-width=\"339\" data-original-height=\"255\" itemprop=\"http:\/\/schema.org\/image\" title=\"20220508_104214\" alt=\"Grabsteine erinnern an die Befreier (Foto: Ralf Lux)\" style=\"width: 339px; height: 255px;\" \/> <\/a> <div class=\"tiled-gallery-caption\" itemprop=\"caption description\"> Grabsteine erinnern an die Befreier (Foto: Ralf Lux) <\/div> <\/div> <\/div> <!-- close group --> <div class=\"gallery-group images-1\" style=\"width: 457px; height: 259px;\" data-original-width=\"457\" data-original-height=\"259\" > <div class=\"tiled-gallery-item tiled-gallery-item-large\" itemprop=\"associatedMedia\" itemscope itemtype=\"http:\/\/schema.org\/ImageObject\"> <a href=\"https:\/\/www.freidenker.org\/?attachment_id=13251\" border=\"0\" itemprop=\"url\"> <meta itemprop=\"width\" content=\"453\"> <meta itemprop=\"height\" content=\"255\"> <img decoding=\"async\" class=\"\" data-attachment-id=\"13251\" data-orig-file=\"https:\/\/www.freidenker.org\/fw17\/wp-content\/uploads\/2022\/05\/IMG-20220508-WA0006.jpg\" data-orig-size=\"1200,675\" data-comments-opened=\"\" data-image-meta=\"{&quot;aperture&quot;:&quot;0&quot;,&quot;credit&quot;:&quot;&quot;,&quot;camera&quot;:&quot;&quot;,&quot;caption&quot;:&quot;&quot;,&quot;created_timestamp&quot;:&quot;0&quot;,&quot;copyright&quot;:&quot;&quot;,&quot;focal_length&quot;:&quot;0&quot;,&quot;iso&quot;:&quot;0&quot;,&quot;shutter_speed&quot;:&quot;0&quot;,&quot;title&quot;:&quot;&quot;,&quot;orientation&quot;:&quot;1&quot;}\" data-image-title=\"IMG-20220508-WA0006\" data-image-description=\"\" data-medium-file=\"https:\/\/i0.wp.com\/www.freidenker.org\/fw17\/wp-content\/uploads\/2022\/05\/IMG-20220508-WA0006.jpg?fit=300%2C169&#038;ssl=1\" data-large-file=\"https:\/\/i0.wp.com\/www.freidenker.org\/fw17\/wp-content\/uploads\/2022\/05\/IMG-20220508-WA0006.jpg?fit=800%2C450&#038;ssl=1\" src=\"https:\/\/i0.wp.com\/www.freidenker.org\/fw17\/wp-content\/uploads\/2022\/05\/IMG-20220508-WA0006.jpg?w=453&#038;h=255&#038;ssl=1\" srcset=\"https:\/\/i0.wp.com\/www.freidenker.org\/fw17\/wp-content\/uploads\/2022\/05\/IMG-20220508-WA0006.jpg?w=1200&amp;ssl=1 1200w, https:\/\/i0.wp.com\/www.freidenker.org\/fw17\/wp-content\/uploads\/2022\/05\/IMG-20220508-WA0006.jpg?resize=300%2C169&amp;ssl=1 300w, https:\/\/i0.wp.com\/www.freidenker.org\/fw17\/wp-content\/uploads\/2022\/05\/IMG-20220508-WA0006.jpg?resize=1024%2C576&amp;ssl=1 1024w, https:\/\/i0.wp.com\/www.freidenker.org\/fw17\/wp-content\/uploads\/2022\/05\/IMG-20220508-WA0006.jpg?resize=768%2C432&amp;ssl=1 768w\" width=\"453\" height=\"255\" loading=\"lazy\" data-original-width=\"453\" data-original-height=\"255\" itemprop=\"http:\/\/schema.org\/image\" title=\"IMG-20220508-WA0006\" alt=\"Rundgang \u00fcber den Friedhof (Foto: Dittmar Zengerling)\" style=\"width: 453px; height: 255px;\" \/> <\/a> <div class=\"tiled-gallery-caption\" itemprop=\"caption description\"> Rundgang \u00fcber den Friedhof (Foto: Dittmar Zengerling) <\/div> <\/div> <\/div> <!-- close group --> <\/div> <!-- close row --> <\/div>\n<hr \/>\n<p><span style=\"font-size: 10pt;\">Foto oben: Gedenkfeier 9. Mai 2022 in N\u00fcrnberg, S\u00fcdfriedhof (Foto: n.n.)<\/span><\/p>\n<p>&nbsp;<\/p>\n","protected":false},"excerpt":{"rendered":"<p>Auch in diesem Jahr wurde am 8. und 9. Mai mit Kranzniederlegungen, Gedenkkundgebungen und Demonstrationen an den Tag der Befreiung vor 77 Jahren erinnert und selbstverst\u00e4ndlich waren auch wieder viele Freidenker dabei. Wir ver\u00f6ffentlichen hier 4 Fotostrecken verschiedener Veranstaltungen in Berlin, N\u00fcrnberg, Frankfurt a.M. und Potsdam.<\/p>\n","protected":false},"author":3,"featured_media":13256,"comment_status":"closed","ping_status":"closed","sticky":false,"template":"","format":"standard","meta":{"colormag_page_container_layout":"default_layout","colormag_page_sidebar_layout":"default_layout","advanced_seo_description":"","jetpack_seo_html_title":"","jetpack_seo_noindex":false,"jetpack_post_was_ever_published":false,"footnotes":""},"categories":[13],"tags":[648,613,924,431,430,687],"class_list":["post-13206","post","type-post","status-publish","format-standard","has-post-thumbnail","hentry","category-frieden-antifaschismus-solidaritaet","tag-2-weltkrieg","tag-befreiung-vom-faschismus","tag-gedenken","tag-rote-armee","tag-sowjetunion","tag-tag-der-befreiung"],"jetpack_featured_media_url":"https:\/\/i0.wp.com\/www.freidenker.org\/fw17\/wp-content\/uploads\/2022\/05\/9-MAI-A-scaled_800x450.jpg?fit=800%2C450&ssl=1","jetpack_shortlink":"https:\/\/wp.me\/p9stpK-3r0","jetpack-related-posts":[{"id":8020,"url":"https:\/\/www.freidenker.org\/?p=8020","url_meta":{"origin":13206,"position":0},"title":"Galerie: Freidenker zum 75. Jahrestag der Befreiung","author":"Webredaktion","date":"12. Mai 2020","format":false,"excerpt":"Obwohl aus bekannten Gr\u00fcnden die gro\u00dfe Kundgebungen und Feiern nicht wie geplant stattfinden konnten, haben Tausende Menschen in Berlin und ganz Deutschland dem 75. Jahrestag\u00a0 der Befreiung vom Faschismus und des Sieges der Roten Armee gedacht. Nat\u00fcrlich waren auch Freidenker dabei. Hier einige Bilder aus Berlin, Offenbach, Frankfurt a.M. und\u2026","rel":"","context":"In &quot;Frieden - Antifaschismus - Solidarit\u00e4t&quot;","block_context":{"text":"Frieden - Antifaschismus - Solidarit\u00e4t","link":"https:\/\/www.freidenker.org\/?cat=13"},"img":{"alt_text":"","src":"https:\/\/i0.wp.com\/www.freidenker.org\/fw17\/wp-content\/uploads\/2020\/05\/TagDerBefreiung_2020_800x450.jpg?fit=800%2C450&ssl=1&resize=350%2C200","width":350,"height":200,"srcset":"https:\/\/i0.wp.com\/www.freidenker.org\/fw17\/wp-content\/uploads\/2020\/05\/TagDerBefreiung_2020_800x450.jpg?fit=800%2C450&ssl=1&resize=350%2C200 1x, https:\/\/i0.wp.com\/www.freidenker.org\/fw17\/wp-content\/uploads\/2020\/05\/TagDerBefreiung_2020_800x450.jpg?fit=800%2C450&ssl=1&resize=525%2C300 1.5x, https:\/\/i0.wp.com\/www.freidenker.org\/fw17\/wp-content\/uploads\/2020\/05\/TagDerBefreiung_2020_800x450.jpg?fit=800%2C450&ssl=1&resize=700%2C400 2x"},"classes":[]},{"id":19086,"url":"https:\/\/www.freidenker.org\/?p=19086","url_meta":{"origin":13206,"position":1},"title":"Befreiung vom Faschismus und Tag des Sieges 2024","author":"Webredaktion","date":"18. Mai 2024","format":false,"excerpt":"Zum Tag des Sieges \/ Tag der Befreiung fanden zahlreiche Veranstaltungen statt, an denen vielerorts auch Freidenker beteiligt waren. Wir berichten hier von den Veranstaltungen in Frankfurt am Main am 05. und 09. Mai, Offenbach am 08. Mai und Berlin am 09. Mai 2024. 05.05.2024 \u2013 Marsch des unsterblichen Regiments\u2026","rel":"","context":"In &quot;Demokratie \u2013 Medien \u2013 Aufkl\u00e4rung&quot;","block_context":{"text":"Demokratie \u2013 Medien \u2013 Aufkl\u00e4rung","link":"https:\/\/www.freidenker.org\/?cat=12"},"img":{"alt_text":"","src":"https:\/\/i0.wp.com\/www.freidenker.org\/fw17\/wp-content\/uploads\/2024\/05\/Hartmann_Tag_des_Sieges_FaM_2024_800x450.jpg?fit=800%2C450&ssl=1&resize=350%2C200","width":350,"height":200,"srcset":"https:\/\/i0.wp.com\/www.freidenker.org\/fw17\/wp-content\/uploads\/2024\/05\/Hartmann_Tag_des_Sieges_FaM_2024_800x450.jpg?fit=800%2C450&ssl=1&resize=350%2C200 1x, https:\/\/i0.wp.com\/www.freidenker.org\/fw17\/wp-content\/uploads\/2024\/05\/Hartmann_Tag_des_Sieges_FaM_2024_800x450.jpg?fit=800%2C450&ssl=1&resize=525%2C300 1.5x, https:\/\/i0.wp.com\/www.freidenker.org\/fw17\/wp-content\/uploads\/2024\/05\/Hartmann_Tag_des_Sieges_FaM_2024_800x450.jpg?fit=800%2C450&ssl=1&resize=700%2C400 2x"},"classes":[]},{"id":3010,"url":"https:\/\/www.freidenker.org\/?p=3010","url_meta":{"origin":13206,"position":2},"title":"Freidenker-Brief 3-2015: 8. Mai 2015 \u2013 70 Jahre \u201eTag der Befreiung\u201c","author":"Webredaktion","date":"3. April 2015","format":false,"excerpt":"Der Deutsche Freidenker-Verband ver\u00f6ffentlicht in seiner Verbandszeitschrift \u201eFreidenker\u201c Nr. 1-15 (M\u00e4rz 2015) seine Erkl\u00e4rung \u201e70 Jahre nach der Befreiung vom Faschismus \u2013 Deutschland braucht eine grundlegend andere Au\u00dfenpolitik: Verst\u00e4ndigung statt Konfrontation\u201c Ferner hat der Verbandsvorstand beschlossen: - Der Deutsche Freidenker-Verband unterst\u00fctzt den Aufruf des Berliner Aktionsb\u00fcndnisses \u201e70 Jahre Tag der\u2026","rel":"","context":"In &quot;Freidenker-Brief&quot;","block_context":{"text":"Freidenker-Brief","link":"https:\/\/www.freidenker.org\/?cat=341"},"img":{"alt_text":"","src":"https:\/\/i0.wp.com\/www.freidenker.org\/fw17\/wp-content\/uploads\/2015\/04\/tdb2015_800x445.jpg?fit=800%2C445&ssl=1&resize=350%2C200","width":350,"height":200,"srcset":"https:\/\/i0.wp.com\/www.freidenker.org\/fw17\/wp-content\/uploads\/2015\/04\/tdb2015_800x445.jpg?fit=800%2C445&ssl=1&resize=350%2C200 1x, https:\/\/i0.wp.com\/www.freidenker.org\/fw17\/wp-content\/uploads\/2015\/04\/tdb2015_800x445.jpg?fit=800%2C445&ssl=1&resize=525%2C300 1.5x, https:\/\/i0.wp.com\/www.freidenker.org\/fw17\/wp-content\/uploads\/2015\/04\/tdb2015_800x445.jpg?fit=800%2C445&ssl=1&resize=700%2C400 2x"},"classes":[]},{"id":21649,"url":"https:\/\/www.freidenker.org\/?p=21649","url_meta":{"origin":13206,"position":3},"title":"Veranstaltungen: 80 Jahre Befreiung von Faschismus und Krieg","author":"Webredaktion","date":"2. Mai 2025","format":false,"excerpt":"Bis 1985 hat es in der Alt-BRD gedauert, bis der Jahrestag nicht mehr als Tag der Niederlage und der Schmach, sondernd der Befreiung galt. 2025 scheint das nicht mehr zu gelten. Dem Ende des 2. Weltkriegs wollen Bundesregierung und die EU ohne Befreier gedenken, Vertreter der Russischen F\u00f6deration und von\u2026","rel":"","context":"In &quot;Frieden - Antifaschismus - Solidarit\u00e4t&quot;","block_context":{"text":"Frieden - Antifaschismus - Solidarit\u00e4t","link":"https:\/\/www.freidenker.org\/?cat=13"},"img":{"alt_text":"","src":"https:\/\/i0.wp.com\/www.freidenker.org\/fw17\/wp-content\/uploads\/2025\/05\/Unsterbliches_Regiment_dfm_03_800x450.jpg?fit=800%2C450&ssl=1&resize=350%2C200","width":350,"height":200,"srcset":"https:\/\/i0.wp.com\/www.freidenker.org\/fw17\/wp-content\/uploads\/2025\/05\/Unsterbliches_Regiment_dfm_03_800x450.jpg?fit=800%2C450&ssl=1&resize=350%2C200 1x, https:\/\/i0.wp.com\/www.freidenker.org\/fw17\/wp-content\/uploads\/2025\/05\/Unsterbliches_Regiment_dfm_03_800x450.jpg?fit=800%2C450&ssl=1&resize=525%2C300 1.5x, https:\/\/i0.wp.com\/www.freidenker.org\/fw17\/wp-content\/uploads\/2025\/05\/Unsterbliches_Regiment_dfm_03_800x450.jpg?fit=800%2C450&ssl=1&resize=700%2C400 2x"},"classes":[]},{"id":10239,"url":"https:\/\/www.freidenker.org\/?p=10239","url_meta":{"origin":13206,"position":4},"title":"Linken-Politiker zum Tag des Sieges: Die Gr\u00fcnen als Trauma der deutsch-russischen Beziehungen","author":"Webredaktion","date":"10. Mai 2021","format":false,"excerpt":"Bericht von RT Deutsch Der 9. Mai ist der \"Tag des Sieges\" in Russland und einer der wichtigsten Feiertage der heutigen Russischen F\u00f6deration. ... RT traf an diesem besonderen Tag in Moskau Dr. Diether Dehm. Der\u00a0Musikproduzent, Liedermacher und Bundestagsabgeordnete (Die Linke) nutzte die Gelegenheit, um eine Br\u00fccke zwischen dem historischen\u2026","rel":"","context":"In &quot;Frieden - Antifaschismus - Solidarit\u00e4t&quot;","block_context":{"text":"Frieden - Antifaschismus - Solidarit\u00e4t","link":"https:\/\/www.freidenker.org\/?cat=13"},"img":{"alt_text":"","src":"https:\/\/i0.wp.com\/www.freidenker.org\/fw17\/wp-content\/uploads\/2021\/05\/Dehm_SjuganovIMG_9271.jpg?fit=800%2C450&ssl=1&resize=350%2C200","width":350,"height":200,"srcset":"https:\/\/i0.wp.com\/www.freidenker.org\/fw17\/wp-content\/uploads\/2021\/05\/Dehm_SjuganovIMG_9271.jpg?fit=800%2C450&ssl=1&resize=350%2C200 1x, https:\/\/i0.wp.com\/www.freidenker.org\/fw17\/wp-content\/uploads\/2021\/05\/Dehm_SjuganovIMG_9271.jpg?fit=800%2C450&ssl=1&resize=525%2C300 1.5x, https:\/\/i0.wp.com\/www.freidenker.org\/fw17\/wp-content\/uploads\/2021\/05\/Dehm_SjuganovIMG_9271.jpg?fit=800%2C450&ssl=1&resize=700%2C400 2x"},"classes":[]},{"id":21774,"url":"https:\/\/www.freidenker.org\/?p=21774","url_meta":{"origin":13206,"position":5},"title":"Bericht: Veranstaltung \u201e80. Jahrestag der Befreiung vom Faschismus \u2013 Wir sagen danke!\u201c","author":"Webredaktion","date":"8. Mai 2025","format":false,"excerpt":"Am 3. Mai 2025 fand in Berlin-Tiergarten am sowjetischen Ehrenmal eine Gedenkveranstaltung zu Ehren des 80. Jahrestages der Befreiung vom Hitlerfaschismus statt. Zahlreiche Redner aus vielen Bereichen des Lebens, darunter Politiker, K\u00fcnstler und Journalisten, ergriffen das Wort oder trugen mit ihren kulturellen Beitr\u00e4gen zum Gelingen der Veranstaltung bei. Wir ver\u00f6ffentlichen\u2026","rel":"","context":"In &quot;Frieden - Antifaschismus - Solidarit\u00e4t&quot;","block_context":{"text":"Frieden - Antifaschismus - Solidarit\u00e4t","link":"https:\/\/www.freidenker.org\/?cat=13"},"img":{"alt_text":"","src":"https:\/\/i0.wp.com\/www.freidenker.org\/fw17\/wp-content\/uploads\/2025\/05\/tiergarten_2025-05-04_18-17-53_800x450.jpg?fit=800%2C450&ssl=1&resize=350%2C200","width":350,"height":200,"srcset":"https:\/\/i0.wp.com\/www.freidenker.org\/fw17\/wp-content\/uploads\/2025\/05\/tiergarten_2025-05-04_18-17-53_800x450.jpg?fit=800%2C450&ssl=1&resize=350%2C200 1x, https:\/\/i0.wp.com\/www.freidenker.org\/fw17\/wp-content\/uploads\/2025\/05\/tiergarten_2025-05-04_18-17-53_800x450.jpg?fit=800%2C450&ssl=1&resize=525%2C300 1.5x, https:\/\/i0.wp.com\/www.freidenker.org\/fw17\/wp-content\/uploads\/2025\/05\/tiergarten_2025-05-04_18-17-53_800x450.jpg?fit=800%2C450&ssl=1&resize=700%2C400 2x"},"classes":[]}],"_links":{"self":[{"href":"https:\/\/www.freidenker.org\/index.php?rest_route=\/wp\/v2\/posts\/13206","targetHints":{"allow":["GET"]}}],"collection":[{"href":"https:\/\/www.freidenker.org\/index.php?rest_route=\/wp\/v2\/posts"}],"about":[{"href":"https:\/\/www.freidenker.org\/index.php?rest_route=\/wp\/v2\/types\/post"}],"author":[{"embeddable":true,"href":"https:\/\/www.freidenker.org\/index.php?rest_route=\/wp\/v2\/users\/3"}],"replies":[{"embeddable":true,"href":"https:\/\/www.freidenker.org\/index.php?rest_route=%2Fwp%2Fv2%2Fcomments&post=13206"}],"version-history":[{"count":0,"href":"https:\/\/www.freidenker.org\/index.php?rest_route=\/wp\/v2\/posts\/13206\/revisions"}],"wp:featuredmedia":[{"embeddable":true,"href":"https:\/\/www.freidenker.org\/index.php?rest_route=\/wp\/v2\/media\/13256"}],"wp:attachment":[{"href":"https:\/\/www.freidenker.org\/index.php?rest_route=%2Fwp%2Fv2%2Fmedia&parent=13206"}],"wp:term":[{"taxonomy":"category","embeddable":true,"href":"https:\/\/www.freidenker.org\/index.php?rest_route=%2Fwp%2Fv2%2Fcategories&post=13206"},{"taxonomy":"post_tag","embeddable":true,"href":"https:\/\/www.freidenker.org\/index.php?rest_route=%2Fwp%2Fv2%2Ftags&post=13206"}],"curies":[{"name":"wp","href":"https:\/\/api.w.org\/{rel}","templated":true}]}}