{"id":13188,"date":"2022-05-24T01:52:16","date_gmt":"2022-05-23T23:52:16","guid":{"rendered":"https:\/\/www.freidenker.org\/?p=13188"},"modified":"2022-06-23T03:36:26","modified_gmt":"2022-06-23T01:36:26","slug":"volodimir-zelensky-schlaegt-josef-goebbels","status":"publish","type":"post","link":"https:\/\/www.freidenker.org\/?p=13188","title":{"rendered":"Volodimir Zelensky schl\u00e4gt Josef Goebbels"},"content":{"rendered":"<p><em>Ein Kommentar von <strong>Rainer Rupp<\/strong><\/em><\/p>\n<p><span style=\"font-size: 10pt;\">Erstver\u00f6ffentlichung als Tagesdosis vom 20.05.2022 auf <a href=\"https:\/\/apolut.net\/volodimir-zelensky-schlaegt-josef-goebbels-von-rainer-rupp\/\" target=\"_blank\" rel=\"noopener\">apolut.net<\/a><\/span><\/p>\n<p>Den Beitrag als Audio anh\u00f6ren:<\/p>\n<audio class=\"wp-audio-shortcode\" id=\"audio-13188-1\" preload=\"none\" style=\"width: 100%;\" controls=\"controls\"><source type=\"audio\/mpeg\" src=\"https:\/\/apolut.net\/multimedia_apolut\/podcast\/tagesdosis-20220520-apolut.mp3?_=1\" \/><a href=\"https:\/\/apolut.net\/multimedia_apolut\/podcast\/tagesdosis-20220520-apolut.mp3\">https:\/\/apolut.net\/multimedia_apolut\/podcast\/tagesdosis-20220520-apolut.mp3<\/a><\/audio>\n<p><span style=\"font-size: 10pt;\">bereitgestellt durch <a href=\"https:\/\/apolut.net\/volodimir-zelensky-schlaegt-josef-goebbels-von-rainer-rupp\/\" target=\"_blank\" rel=\"noopener\">apolut.net<\/a>\u00a0\u2013\u00a0<a href=\"https:\/\/apolut.net\/multimedia_apolut\/podcast\/tagesdosis-20220520-apolut.mp3\" target=\"_blank\" rel=\"noopener\">MP3-Datei downloaden<\/a>)<\/span><\/p>\n<p><span style=\"font-size: 10pt;\">Der Beitrag ist bei apolut.net auch <a href=\"https:\/\/tube4.apolut.net\/w\/panjk5yLY1CFervNe9CocY\" target=\"_blank\" rel=\"noopener\">als Video<\/a>\u00a0verf\u00fcgbar.<\/span><\/p>\n<p>&nbsp;<\/p>\n<p>Eine Volksverdummung in diesem Ausma\u00df ist nicht einmal Adolf Hitlers weltbekanntem Reichspropagandaminister Josef Goebbels gelungen, und der konnte bekannter Weise dem deutschen Volk die dicksten L\u00fcgen aufbinden. Sein Trick zum Erfolg: Die Unwahrheit musste auf allen Kan\u00e4len nur oft genug und widerspruchslos wiederholt werden! Aber nun ist Goebbels, der bisher unangefochtene Meister seines Fachs, von seinen gelehrigen Studenten in der ukrainischen Regierung, angef\u00fchrt von Pr\u00e4sidenten Volodimir Zelensky, \u00fcbertroffen worden.<\/p>\n<p>Zelensky Meisterwerk war, den Westmedien die bedingungslose Kapitulation des heroisierten faschistischen Asow-Bataillons in Mariupol als Evakuierung zu verkaufen, die von Regierungsseite geplant war. Dabei geht es um die knapp zweitausend Fascho-K\u00e4mpfer, die sich mit zivilen Geiseln in den Kavernen der weitl\u00e4ufigen, unterirdischen Bunkeranlagen des riesigen Asow-Stahlwerks in Mariupol \u00fcber zwei Monate lang verkrochen hatten. Nachdem sie die zivilen Geiseln, die die heroischen K\u00e4mpfer als Schutzschilde gewaltsam entf\u00fchrt hatten, gegen Lebensmittel, Wasser und Medikamente eingetauscht und frei gelassen hatten, verharrten sie \u2013 milit\u00e4risch vollkommen sinnlos \u2013 weiterhin in den Bunkern unter dem Stahlwerk.<\/p>\n<p>Da die Stadt Mariupol samt Umgebung bereits mehrere Wochen vollkommen von ukrainischem Milit\u00e4r, also von regul\u00e4ren Soldaten und auch von faschistischen Freiwilligen, ges\u00e4ubert worden war, war das Ausharren in den Bunkern milit\u00e4risch vollkommen sinnlos. Denn dadurch wurde nur noch eine kleine Gruppe von russischen Soldaten vor Ort blockiert, gerade genug, um einen etwaigen Ausbruch der Faschisten zu verhindern. Das Gros der russischen Kampftruppen war l\u00e4ngst weitergezogen, um die Kessel im Donbass, in denen die Hauptstreitmacht der ukrainischen Armee eingeschlossen ist, noch fester zuzuziehen.<\/p>\n<blockquote><p>Wahrscheinlich lag der Grund f\u00fcr das weitere Ausharren der eingeschlossenen ASOW-K\u00e4mpfer nicht in irgendwelchen Heldenposen, welche ihre politischen Herren in Kiew propagandistisch ausgeschlachtet und einen Heldenmythos \u00fcber die \u201eM\u00e4nner aus Stahl\u201c gesponnen haben. Vielmehr d\u00fcrfte es die pure Angst gewesen sein, welche Strafen ihnen wegen ihrer Kriegsverbrechen nach der Kapitulation von russischer Seite drohen.<\/p><\/blockquote>\n<p>Als die ersten ASOW-K\u00e4mpfer zuerst in einer kleinen Gruppe von zwanzig Mann aus ihren L\u00f6chern im Stahlwerk gekrochen kamen und die die russischen Berichte \u00fcber diese Entwicklung die Regierung in Kiew alarmierten, regierte diese auf verbl\u00fcffende Weise: Sie tat einfach so, als habe sie das alles arrangiert. Noch sp\u00e4t in derselben Nacht am 16. Mai verlas Pr\u00e4sident Zelensky eine Video-Botschaft an die Welt, in der er behauptete, dass <span lang=\"de\">ukrainische Milit\u00e4r- und Geheimdienstunterh\u00e4ndler, sowie das Rote Kreuz und die Vereinten Nationen die Evakuierung der ASOW-Helden orchestriert h\u00e4tten, was nat\u00fcrlich vollkommen aus der Luft gegriffen war. W\u00f6rtlich fuhr er fort, <em>\u201eDie Ukraine braucht ihre Helden lebend!\u201c <\/em><\/span>Zugleich aber r\u00e4umte er ein,<span lang=\"de\"> dass die ukrainischen K\u00e4mpfer <em>\u201em\u00f6glicherweise nicht sofort freigelassen werden\u201c,<\/em> und f\u00fcgte hinzu, dass Verhandlungen \u00fcber ihre Freilassung <em>\u201cFeingef\u00fchl und Zeit\u201d<\/em> erfordern w\u00fcrden. <\/span><\/p>\n<p><span lang=\"de\">Wenn auch weniger bedeutsam, so war die Lage der Faschisten im Asow-Stahlwerk zum Ende hin vergleichbar mit der Lage der 6. Armee der deutschen Wehrmacht zum Ende der Schlacht von Stalingrad im Februar 1943. In beiden F\u00e4llen war die Lage hoffnungslos. Oberbefehlshaber General Paulus hatte in Stalingrad nur noch die Wahl zwischen der Kapitulation und der Verurteilung seiner Soldaten zum unabwendbaren Tod durch Erfrieren, Hunger und Krankheiten. Paulus kapitulierte, Hitler tobte, G\u00f6bbels ordnete Staatstrauer an. <\/span><\/p>\n<p><span lang=\"de\">Wenn G\u00f6bbels nur von Zelensky h\u00e4tte lernen k\u00f6nnen, dann w\u00e4re ihm die Blamage der Anordnung der Staatstrauer erspart geblieben. Denn dann h\u00e4tten die deutschen Volksempf\u00e4nger-Radios die Meldung verbreiten k\u00f6nnen, dass die Soldaten der 6. Armee in einer koordinierten Aktion von Unterh\u00e4ndlern <\/span>des deutschen Milit\u00e4rgeheimdienstes <span lang=\"de\">\u201eFremde Heere Ost\u201c, sowie des Roten Kreuzes und des V\u00f6lkerbundes evakuiert werden, nach Sibirien. W\u00f6rtlich h\u00e4tte Goebbels hinzugef\u00fcgt:<em> \u201eDas Gro\u00dfdeutsche Reich braucht seine Helden lebend!\u201c<\/em> Allerdings k\u00f6nnte es sein, dass sie <em>\u201enicht sofort freigelassen werden\u201c,<\/em> und die Verhandlungen zu ihrer Freilassung <em>\u201cFeingef\u00fchl und Zeit\u201d<\/em> erfordern werden.<\/span><\/p>\n<p>Offensichtlich hat die kreative Arbeit im ukrainischen \u201eJoseph-Goebbels-Forschungszentrum f\u00fcr Politik\u201c reiche Fr\u00fcchte f\u00fcr die Regierung in Kiew gebracht. In diesem Think-Tank der faschistischen Swoboda-Partei, die nach dem Maidan-Putsch 2014 in Kiew Teil der Regierungskoalition war, wurden die Werke, Reden, Briefe und Erinnerungen von Josef Goebbels ins Ukrainische \u00fcbersetzt, studiert und auf ihre Verwendbarkeit in der aktuellen Situation in der Ukraine analysiert.<\/p>\n<p>In dieser \u201eGoebbels Denk-Fabrik\u201c wurde wahrscheinlich auch das von den West-Medien \u00fcbernommene Bild von der jungen und vibrierenden Demokratie in der unschuldigen und liebenswerten Ukraine erfunden, die so brutal von dem russischen Despoten Putin dem Schrecklichen aus purem Jux und Tollerei total unprovoziert \u00fcberfallen worden ist. Da die US\/NATO-Politik gebietet, dass es in der netten, west-orientierten Ukraine keine faschistische Swoboda-Partei geben kann, wird diese f\u00fcr uns von den selbsternannten \u201eQualit\u00e4tsmedien\u201c als \u201erechtskonservativ\u201c verniedlicht.<\/p>\n<p><span lang=\"de\">Das Beispiel von Stalingrad und der 6. Armee zeigt, wie irrsinnig die vom Schauspieler Zelensky mit gro\u00dfem Pathos aufgestellten Behauptungen sind. Noch irrsinniger ist aber, dass sie von den westlichen \u201eQualit\u00e4tsmedien\u201c als einzige Wahrheit unhinterfragt weitergegeben werden. Sie kommen damit der US\/NATO-Politik entgegen, f\u00fcr die es von au\u00dferordentlicher Wichtigkeit ist, dass das Narrativ von der siegreichen Ukraine und ihren Helden, die dabei sind, den Krieg gegen Russland zu gewinnen, aufrechterhalten wird. <\/span><\/p>\n<p><span lang=\"de\">Die US\/NATO haben wiederholt klar gemacht, dass sie in der Ukraine nur daran interessiert sind, den Krieg gegen Russland m\u00f6glichst lange hinauszuziehen.<\/span><\/p>\n<blockquote><p><span lang=\"de\">Das erkl\u00e4rte Ziel ist, das russische Milit\u00e4r und die Wirtschaft auszubluten und die Gesellschaft und Politik in Russland zu destabilisieren. Wenn aber die westliche \u00d6ffentlichkeit erst einmal entdeckt, dass die Ukraine den Krieg gegen Russland l\u00e4ngst verloren hat, die US\/NATO aber auf Kosten der ukrainischen Bev\u00f6lkerung und auf Kosten unserer bisher guten deutsch-russischen Wirtschaftsbeziehungen den Krieg so lange wie m\u00f6glich fortsetzen wollen, dann wird die bisherige Unterst\u00fctzung des Kriegs dahin schmelzen wie Schnee in der Fr\u00fchlingssonne.<\/span><\/p><\/blockquote>\n<p><span lang=\"de\">Damit dies nicht einmal in Ans\u00e4tzen passiert, haben unsere westlichen Qualit\u00e4tsmedien wieder alle Register der L\u00fcgenpresse gezogen. <\/span><span lang=\"de\">Da titelt die ARD-Tagesschau am 17. Mai tats\u00e4chlich:<em> \u201cMehr als 260 Soldaten aus Stahlwerk evakuiert\u201d.<\/em><\/span> Und weiter <em>\u201eUkrainischen Angaben zufolge sind mehr als 260 Soldaten aus dem belagerten Asow-Stahlwerk aus Mariupol evakuiert worden. Darunter sind auch 53 Schwerverletzte. Viele der Soldaten sollen in einem Gefangenenaustausch zur\u00fcckkehren.\u201c<\/em><\/p>\n<p>Weiter hei\u00dft es: <em>\u201eDie Schwerverletzten seien in die Stadt Nowoasowsk transportiert worden. An der Evakuierung der weiteren Verteidiger des Stahlwerks Asow-Stahl werde noch gearbeitet.\u201c<\/em><\/p>\n<p>Auch der Deutschlandfunk berichtete \u00fcber die angebliche: <em>\u201eEvakuierungsaktion aus besetztem Stahlwerk in Mariupol. Augenzeugen zufolge sind ukrainische K\u00e4mpfer aus dem besetzten Stahlwerk Asow-Stahl gebracht worden. Das berichtet die Nachrichtenagentur Reuters. Demnach h\u00e4tten mehrere Busse das Gel\u00e4nde verlassen.\u201c<\/em><\/p>\n<p>Der schlimmste amerikanische Schrott-Sender CNN berichtete: <em>\u201eDie Ukraine beendet die symbolische Verteidigung des Asow Stahlwerkes. Der Kampf um den letzten ukrainischen St\u00fctzpunkt in Mariupol scheint sich dem Ende zuzuneigen, nachdem Hunderte von Soldaten \u00fcber Nacht evakuiert worden sind\u201c.<\/em><\/p>\n<p>Die New York Times geht in der Verzerrung der Tatsachen noch ein St\u00fcck weiter und berichtet: <em>\u201eDie Ukraine beendet ihren Kampfauftrag in Mariupol und erkl\u00e4rt, dass ihre K\u00e4mpfer evakuiert werden, womit sie signalisiert, dass der Kampf um das Stahlwerk beendet ist\u201c.<\/em><\/p>\n<p>Unter diesen und vielen anderen Medienberichten \u00fcbertrifft die oben zitierte Meldung der Tagesschau in Bezug auf Zweideutigkeit und Weglassungen zwecks Vertuschung des wahren Sachverhalts alle anderen. Zusammen mit der Meldung<em> \u201e<\/em><span lang=\"de\"><em>Mehr als 260 Soldaten aus Stahlwerk evakuiert\u201d<\/em>, suggeriert der Satz: <\/span><em>\u201eDie Schwerverletzten seien in die Stadt Nowoasowsk transportiert worden\u201c,<\/em> dass die Regierung in Kiew alles im Griff hat. Nur wer geografische Kenntnisse vom Donbass hat, oder diese mit Hilfe von Google Maps auffrischt, erf\u00e4hrt, dass die Stadt Nowoasowsk auf russisch kontrolliertem Gebiet der Volksrepublik Donezk liegt. Auch der Tagesschau-Satz: <em>\u201eAn der Evakuierung der weiteren Verteidiger des Stahlwerks Asow-Stahl werde noch gearbeitet\u201c,<\/em> suggeriert, dass es sich nicht um eine bedingungslose Kapitulation handelt, sondern um ein ausgehandeltes Abkommen zwischen zwei gleich starken Gegnern in einer Pattsituation.<\/p>\n<p>Aus der Art und Weise der Kapitulation im Asow-Stahlwerk lassen sich jedoch Hinweise herauslesen, dass die milit\u00e4rische und politische F\u00fchrung ihre Kommando- und Kontrollfunktion \u00fcber die eingeschlossene Truppe verloren hatte. Auff\u00e4llig ist n\u00e4mlich, dass sich die Kapitulation \u00fcber mehrere Tage hinweg hinzog und zuerst kleine und dann immer gr\u00f6\u00dferen Gruppen von K\u00e4mpfern aus dem Stahlwerk ans Tageslicht kamen, um sich den Russen bedingungslos zu ergeben. <span lang=\"en-GB\">Mit Stand von Donnerstag Abend 19.5.2022 haben seit dem 16. <\/span>Mai insgesamt 1.730 K\u00e4mpfern im Asow-Stahlwerk die Waffen niedergelegt und sich kampflos den Russen ergeben, einschlie\u00dflich 80 Verwundeten.<\/p>\n<p>Von Zelensky und seiner Propagandatruppe in Kiew wird alles getan, um die Zusammenh\u00e4nge der Kapitulation zu vernebeln. Aber wenn tats\u00e4chlich in Kiew die Entscheidung getroffenen worden w\u00e4re, die \u201eKampfmission\u201c des ASOW-Bataillons in Mariupol zu beenden, h\u00e4tte man doch davon ausgehen k\u00f6nnen, dass die fast zweitausend eingeschlossenen K\u00e4mpfer mehr oder weniger geordnet und vor allem gleichzeitig zur Kapitulation angetreten w\u00e4ren.<\/p>\n<p>Stattdessen tauchte zuerst am 16. Mai recht zaghaft eine kleine Gruppe von etwa 20 Mann mit einer wei\u00dfen Fahne auf. Aufgrund erster Verh\u00f6re waren sie in einem \u00e4u\u00dferen Bunker von der ASOW-Haupttruppe isoliert gewesen und waren ohne Funkverbindung auf sich selbst angewiesen. Bei schwindenden Vorr\u00e4ten an Wasser, Essen und Munition habe man \u00fcber die Kapitulation diskutiert und sich schlie\u00dflich auch dazu entschlossen. Die Nachricht dar\u00fcber, scheint \u00fcber noch intakten Funkverbindungen von au\u00dfen zu anderen eingeschlossenen Gruppen gelangt zu sein, die sich in \u00e4hnlich verzweifelter Situation befanden. So l\u00e4sst sich die schrittweise und zeitlich verz\u00f6gerte Kapitulation immer gr\u00f6\u00dferer Gruppen von K\u00e4mpfern erkl\u00e4ren. Nach einer koordinierten und von der F\u00fchrung in Kiew befohlen Aktion sieht das auf jeden Fall nicht aus!<\/p>\n<p>Wenn diese \u00dcberlegung stimmt, dann bedeuten die Ereignisse um das Asow-Stahlwerk einen enormen Prestige- und Vertrauensverlust f\u00fcr die politische und milit\u00e4rische F\u00fchrung der Ukraine, sowohl beim Offizierskorps des Landes also auch bei den einfachen Soldaten. Der ASOW-Mythos von den standhaft bis zum letzten Mann k\u00e4mpfenden Helden aus Stahl ist ohnehin bereits verpufft. Wenn zus\u00e4tzlich noch die Befehle der politischen und milit\u00e4rischen F\u00fchrer des Landes angezweifelt werden, dann droht der ukrainischen der Armee neben dem Kollaps unter russischem Druck auch noch der Kollaps von innen.<\/p>\n<p>Aber was passiert in der Zwischenzeit mit den im Stahlwerk gefangenen ASOW-K\u00e4mpfern?<\/p>\n<blockquote><p>Laut einer Erkl\u00e4rung des russischen Pr\u00e4sidenten Putin wird mit allen entsprechend der internationalen Gesetze bez\u00fcglich der Behandlung von Kriegsgefangen verfahren. Diese Gesetze \u2013 so sei angemerkt \u2013 gelten jedoch nicht f\u00fcr S\u00f6ldner.<\/p><\/blockquote>\n<p>Was den Ablauf betrifft, so wurden die Gefangenen vor ihrem Abtransport als erstes auf Waffen durchsucht und einer Leibesvisitation unterzogen<span lang=\"de\">. <\/span><span lang=\"de\">Dann wurden sie unter Bewachung zu einem Filtrier-Ort gebracht. Verwundete werden w\u00e4hrend der ganzen Zeit, Tage oder Wochen langen Behandlung bewacht, bis sie f\u00fcr die normale Befragung fit sind.<\/span><\/p>\n<p><span lang=\"de\">Als n\u00e4chstes werden die Papiere der Gefangenen mit den zivilen Datenbanken verglichen, zu der die Russen Zugang haben, um die Betroffenen gewissenhaft auf ihre wahre Identit\u00e4t zu \u00fcberpr\u00fcfen. Dabei kommen auch Ermittler von Mariupol und der Donezk Volksrepublik zum Einsatz, deren lokales Wissen genutzt wird, um alle Behauptungen, z.B. der Gefangene sei Zivilist, zu \u00fcberpr\u00fcfen.<\/span><\/p>\n<p><span lang=\"de\">Dann m\u00fcssen sich die Gefangenen ausziehen, wobei nach faschistischen Tattoos gesucht wird. Das gilt f\u00fcr M\u00e4nner und Frauen gleicherma\u00dfen, wobei Frauen von Frauen untersucht werden.<\/span><\/p>\n<p><span lang=\"de\">Im n\u00e4chsten Schritt werden Fingerabdr\u00fccke genommen und Fotos gemacht und die zuk\u00fcnftig beabsichtigte Wohnadresse des Gefangenen dokumentiert, da diese in zuk\u00fcnftigen Strafprozessen als Zeugen von Kriegsverbrechen aufgerufen werden k\u00f6nnten. Die Donezk VR und die Russen meinen es ernst mit den rechtlichen Strafverfolgungsma\u00dfnahmen f\u00fcr Verbrechen, die w\u00e4hrend des 8-j\u00e4hrigen Krieges gegen die Donezk-VR begangen worden sind. Sie wollen damit sicherstellen, dass kein einziger Nazi oder Nazi-Sympathisant jemals wieder in den sozialen \u201eUmlauf\u201c kommt.<\/span><\/p>\n<p><span lang=\"de\">Die Gefangenen werden zu allen pers\u00f6nlichen Angelegenheiten und zu ihrem gesamten Wissen \u00fcber alles, was im Asow-Stahlwerk und in Mariupol geschehen ist, befragt und wenn n\u00f6tig ins Kreuzverh\u00f6r genommen. Offensichtlich wird jeder, der nicht vollst\u00e4ndig mitarbeitet, f\u00fcr zuk\u00fcnftige Verh\u00f6re festgehalten.<\/span><\/p>\n<p><span lang=\"de\">Erst nach all den oben genannten Verfahren k\u00f6nnen die Gefangenen eingeteilt in:<\/span><\/p>\n<ul>\n<li><span lang=\"de\">freie Zivilisten, die ganz nach ihrer Wahl nach Hause gehen k\u00f6nnen, oder auf Wunsch in der Donezk-VR bleiben oder nach Russland oder in ein Fl\u00fcchtlingslager gehen k\u00f6nnen. <\/span><\/li>\n<li><span lang=\"de\">harmlose ukrainische, regul\u00e4re Soldaten, die in ein Kriegsgefangenenlager in der Donezk-VR gehen und auf den Austausch f\u00fcr regul\u00e4re russische Kriegsgefangene gem\u00e4\u00df der Genfer Konvention warten;<\/span><\/li>\n<li><span lang=\"de\">ausl\u00e4ndische S\u00f6ldner auf niedriger Ebene, die in Kriegsgefangenenlager der Donezk VR gehen und auf ihre strafrechtliche Verfolgung warten;<\/span><\/li>\n<li><span lang=\"de\">hochrangige Ausl\u00e4nder (z. B. NATO-Mitarbeiter), die h\u00f6chstwahrscheinlich f\u00fcr zuk\u00fcnftige nachrichtendienstliche und politische Zwecke zum Hauptquartier des Auslandsnachrichtendiensten FSB in Moskau gebracht werden<\/span><\/li>\n<li><span lang=\"de\">Asow-K\u00e4mpfer, die alle als nicht austauschbare Kriegsgefangene gelten, um von der Donezk-VR wegen Kriegsverbrechen strafrechtlich verfolgt zu werden. Die Staatsanw\u00e4lte haben \u00f6ffentlich erkl\u00e4rt, dass bei Schuldurteilen die Strafen hoch sein k\u00f6nnen bis zur Todesstrafe.<\/span><\/li>\n<\/ul>\n<p><span lang=\"de\">Das ist also das strenge Filterregime, das die Russen bereits betreiben und das sicherstellen wird, dass kein faschistischer Folterer und M\u00f6rder der ASOW-Verbrecher seinem rechtm\u00e4\u00dfigen Schicksal entkommen wird.<\/span><\/p>\n<p style=\"text-align: right;\"><em>Rainer Rupp ist Mitglied des Beirats des Deutschen Freidenker-Verbandes<\/em><\/p>\n<hr \/>\n<p><span style=\"font-size: 10pt;\">Bild: Der ukrainische Pr\u00e4sident Wolodymyr Zelensky h\u00e4lt eine Rede in der Nationalversammlung von S\u00fcdkorea (11.04.2022)<\/span><br \/>\n<span style=\"font-size: 10pt;\">Foto: The Presidential Office of Ukraine &#8211; https:\/\/www.president.gov.ua\/, <a href=\"https:\/\/creativecommons.org\/licenses\/by-sa\/4.0\" target=\"_blank\" rel=\"noopener\">CC BY-SA 4.0<\/a>, <\/span><br \/>\n<span style=\"font-size: 10pt;\">Quelle: <a href=\"https:\/\/commons.wikimedia.org\/w\/index.php?curid=116824789\" target=\"_blank\" rel=\"noopener\">https:\/\/commons.wikimedia.org\/w\/index.php?curid=116824789<\/a><\/span><\/p>\n","protected":false},"excerpt":{"rendered":"<p><b>Ein Kommentar von Rainer Rupp<\/b><br \/>\nEine Volksverdummung in diesem Ausma\u00df ist nicht einmal Adolf Hitlers weltbekanntem Reichspropagandaminister Josef Goebbels gelungen, und der konnte bekannter Weise dem deutschen Volk die dicksten L\u00fcgen aufbinden. Sein Trick zum Erfolg: Die Unwahrheit musste auf allen Kan\u00e4len nur oft genug und widerspruchslos wiederholt werden! Aber nun ist Goebbels, der bisher unangefochtene Meister seines Fachs, von seinen gelehrigen Studenten in der ukrainischen Regierung, angef\u00fchrt von Pr\u00e4sidenten Volodimir Zelensky, \u00fcbertroffen worden. Zelensky Meisterwerk war, den Westmedien die bedingungslose Kapitulation des heroisierten faschistischen Asow-Bataillons in Mariupol als Evakuierung zu verkaufen, die von Regierungsseite geplant war.<\/p>\n","protected":false},"author":3,"featured_media":13191,"comment_status":"closed","ping_status":"closed","sticky":false,"template":"","format":"standard","meta":{"colormag_page_container_layout":"default_layout","colormag_page_sidebar_layout":"default_layout","advanced_seo_description":"","jetpack_seo_html_title":"","jetpack_seo_noindex":false,"jetpack_post_was_ever_published":false,"footnotes":""},"categories":[13],"tags":[1536,1535,339,56,222,639,185],"class_list":["post-13188","post","type-post","status-publish","format-standard","has-post-thumbnail","hentry","category-frieden-antifaschismus-solidaritaet","tag-kapitulation","tag-kriegsgefangene","tag-kriegspropaganda","tag-nato","tag-russland","tag-ukraine-konflikt","tag-usa"],"jetpack_featured_media_url":"https:\/\/i0.wp.com\/www.freidenker.org\/fw17\/wp-content\/uploads\/2022\/05\/Zelenskyy_in_Nationalversammlung_Suedkorea_800x450.jpg?fit=800%2C450&ssl=1","jetpack_shortlink":"https:\/\/wp.me\/p9stpK-3qI","jetpack-related-posts":[{"id":11914,"url":"https:\/\/www.freidenker.org\/?p=11914","url_meta":{"origin":13188,"position":0},"title":"Vorw\u00e4rts in die totalit\u00e4re Vergangenheit","author":"Webredaktion","date":"31. Dezember 2021","format":false,"excerpt":"Ein Kommentar von Rainer Rupp Die \u00c4lteren unter uns erinnern sich sicherlich noch, wie viele zig Milliarden D-Mark und seit 2002 Euro eine deutsche Bundesregierung nach der anderen f\u00fcr Softpower-Programme ausgegeben haben, um dem Rest der Welt \u2013 vor allem den westlichen Verb\u00fcndeten \u2013 den Eindruck zu vermitteln, dass die\u2026","rel":"","context":"In &quot;Demokratie \u2013 Medien \u2013 Aufkl\u00e4rung&quot;","block_context":{"text":"Demokratie \u2013 Medien \u2013 Aufkl\u00e4rung","link":"https:\/\/www.freidenker.org\/?cat=12"},"img":{"alt_text":"","src":"https:\/\/i0.wp.com\/www.freidenker.org\/fw17\/wp-content\/uploads\/2021\/12\/auto-demkratie_800x450.jpg?fit=800%2C450&ssl=1&resize=350%2C200","width":350,"height":200,"srcset":"https:\/\/i0.wp.com\/www.freidenker.org\/fw17\/wp-content\/uploads\/2021\/12\/auto-demkratie_800x450.jpg?fit=800%2C450&ssl=1&resize=350%2C200 1x, https:\/\/i0.wp.com\/www.freidenker.org\/fw17\/wp-content\/uploads\/2021\/12\/auto-demkratie_800x450.jpg?fit=800%2C450&ssl=1&resize=525%2C300 1.5x, https:\/\/i0.wp.com\/www.freidenker.org\/fw17\/wp-content\/uploads\/2021\/12\/auto-demkratie_800x450.jpg?fit=800%2C450&ssl=1&resize=700%2C400 2x"},"classes":[]},{"id":22532,"url":"https:\/\/www.freidenker.org\/?p=22532","url_meta":{"origin":13188,"position":1},"title":"EU-Meinungszensur geht auch Amerika was an","author":"Webredaktion","date":"5. August 2025","format":false,"excerpt":"Kommentar von\u00a0Rainer Rupp. Die Tatsache, dass die Redefreiheit in der EU bedroht ist, wei\u00df inzwischen jeder politisch interessierte Mensch, der nicht die Vorgaben der Eliten und ihrer medialen Sprachrohre wiederk\u00e4ut, sondern versucht, sich unabh\u00e4ngig eine Meinung zu bilden. Dem wollen die demokratisch nicht legitimierten EU-B\u00fcrokraten in Br\u00fcssel einen Riegel vorschieben,\u2026","rel":"","context":"In &quot;Demokratie \u2013 Medien \u2013 Aufkl\u00e4rung&quot;","block_context":{"text":"Demokratie \u2013 Medien \u2013 Aufkl\u00e4rung","link":"https:\/\/www.freidenker.org\/?cat=12"},"img":{"alt_text":"","src":"https:\/\/i0.wp.com\/www.freidenker.org\/fw17\/wp-content\/uploads\/2025\/08\/eu-vs-usa_cc-by-20_c_800x450.jpg?fit=800%2C450&ssl=1&resize=350%2C200","width":350,"height":200,"srcset":"https:\/\/i0.wp.com\/www.freidenker.org\/fw17\/wp-content\/uploads\/2025\/08\/eu-vs-usa_cc-by-20_c_800x450.jpg?fit=800%2C450&ssl=1&resize=350%2C200 1x, https:\/\/i0.wp.com\/www.freidenker.org\/fw17\/wp-content\/uploads\/2025\/08\/eu-vs-usa_cc-by-20_c_800x450.jpg?fit=800%2C450&ssl=1&resize=525%2C300 1.5x, https:\/\/i0.wp.com\/www.freidenker.org\/fw17\/wp-content\/uploads\/2025\/08\/eu-vs-usa_cc-by-20_c_800x450.jpg?fit=800%2C450&ssl=1&resize=700%2C400 2x"},"classes":[]},{"id":23405,"url":"https:\/\/www.freidenker.org\/?p=23405","url_meta":{"origin":13188,"position":2},"title":"Venezolanischer Pr\u00e4sident sollte entf\u00fchrt werden","author":"Webredaktion","date":"2. November 2025","format":false,"excerpt":"US-Plan gescheitert Ein Kommentar von\u00a0Rainer Rupp US-Geheimdienste versuchten, den pers\u00f6nlichen Piloten von Pr\u00e4sident Nicol\u00e1s Maduro von Venezuela f\u00fcr einen verdeckten Entf\u00fchrungsplan anzuwerben. Laut aktuellen US-Medienberichten hatte ein US-Geheimagent im Jahr 2024 Maduros Piloten angesprochen und ihm gegen eine hohe Belohnung vorgeschlagen, das Pr\u00e4sidentenflugzeug heimlich an eine Stelle umzuleiten, wo US-Beh\u00f6rden\u2026","rel":"","context":"In &quot;Demokratie \u2013 Medien \u2013 Aufkl\u00e4rung&quot;","block_context":{"text":"Demokratie \u2013 Medien \u2013 Aufkl\u00e4rung","link":"https:\/\/www.freidenker.org\/?cat=12"},"img":{"alt_text":"","src":"https:\/\/i0.wp.com\/www.freidenker.org\/fw17\/wp-content\/uploads\/2025\/11\/Nicolas_Maduro_reward_poster_50_million_800x450.jpg?fit=1200%2C675&ssl=1&resize=350%2C200","width":350,"height":200,"srcset":"https:\/\/i0.wp.com\/www.freidenker.org\/fw17\/wp-content\/uploads\/2025\/11\/Nicolas_Maduro_reward_poster_50_million_800x450.jpg?fit=1200%2C675&ssl=1&resize=350%2C200 1x, https:\/\/i0.wp.com\/www.freidenker.org\/fw17\/wp-content\/uploads\/2025\/11\/Nicolas_Maduro_reward_poster_50_million_800x450.jpg?fit=1200%2C675&ssl=1&resize=525%2C300 1.5x, https:\/\/i0.wp.com\/www.freidenker.org\/fw17\/wp-content\/uploads\/2025\/11\/Nicolas_Maduro_reward_poster_50_million_800x450.jpg?fit=1200%2C675&ssl=1&resize=700%2C400 2x, https:\/\/i0.wp.com\/www.freidenker.org\/fw17\/wp-content\/uploads\/2025\/11\/Nicolas_Maduro_reward_poster_50_million_800x450.jpg?fit=1200%2C675&ssl=1&resize=1050%2C600 3x"},"classes":[]},{"id":12114,"url":"https:\/\/www.freidenker.org\/?p=12114","url_meta":{"origin":13188,"position":3},"title":"Erkl\u00e4rungsversuch des methodischen Wahnsinns","author":"Webredaktion","date":"30. Januar 2022","format":false,"excerpt":"Ein Kommentar von Rainer Rupp. In einer Nacht und Nebelaktion hat Professor Karl Lauterkrach, der derzeit in Berlin noch (!) den Impf-Minister spielen darf, die offizielle Geltungsdauer des Genesenen-Status halbiert und von sechs Monaten auf 3 Monate herabgesetzt. Damit hat dieser seltsame Professor der \u201eWirrologie\u201c ohne Vorwarnung, von einem Tag\u2026","rel":"","context":"In &quot;Arbeit &amp; Soziales&quot;","block_context":{"text":"Arbeit &amp; Soziales","link":"https:\/\/www.freidenker.org\/?cat=11"},"img":{"alt_text":"","src":"https:\/\/i0.wp.com\/www.freidenker.org\/fw17\/wp-content\/uploads\/2022\/01\/Lauterbach_2021-12-07_Koalitionsvertrag_800x450.jpg?fit=800%2C450&ssl=1&resize=350%2C200","width":350,"height":200,"srcset":"https:\/\/i0.wp.com\/www.freidenker.org\/fw17\/wp-content\/uploads\/2022\/01\/Lauterbach_2021-12-07_Koalitionsvertrag_800x450.jpg?fit=800%2C450&ssl=1&resize=350%2C200 1x, https:\/\/i0.wp.com\/www.freidenker.org\/fw17\/wp-content\/uploads\/2022\/01\/Lauterbach_2021-12-07_Koalitionsvertrag_800x450.jpg?fit=800%2C450&ssl=1&resize=525%2C300 1.5x, https:\/\/i0.wp.com\/www.freidenker.org\/fw17\/wp-content\/uploads\/2022\/01\/Lauterbach_2021-12-07_Koalitionsvertrag_800x450.jpg?fit=800%2C450&ssl=1&resize=700%2C400 2x"},"classes":[]},{"id":22430,"url":"https:\/\/www.freidenker.org\/?p=22430","url_meta":{"origin":13188,"position":4},"title":"Der deutsche Todestrieb?","author":"Webredaktion","date":"25. Juli 2025","format":false,"excerpt":"Kommentar von\u00a0Rainer Rupp Was ist los mit Deutschland? Diese Frage stellt sich, wer genauer hinsieht auf eine Gesellschaft, die antriebslos, gespalten und kulturell entkernt wirkt. Die Deutschen scheinen m\u00fcde \u2013 ja, regelrecht lebensm\u00fcde. Roland Rottenfu\u00dfer beschreibt in seinem sehr langen, auf der Internet-Plattform \u201emanova\u201c ver\u00f6ffentlichten Essay eine Nation, die historisch\u2026","rel":"","context":"In &quot;Demokratie \u2013 Medien \u2013 Aufkl\u00e4rung&quot;","block_context":{"text":"Demokratie \u2013 Medien \u2013 Aufkl\u00e4rung","link":"https:\/\/www.freidenker.org\/?cat=12"},"img":{"alt_text":"","src":"https:\/\/i0.wp.com\/www.freidenker.org\/fw17\/wp-content\/uploads\/2025\/07\/cliff-2699812_800x450.jpg?fit=800%2C450&ssl=1&resize=350%2C200","width":350,"height":200,"srcset":"https:\/\/i0.wp.com\/www.freidenker.org\/fw17\/wp-content\/uploads\/2025\/07\/cliff-2699812_800x450.jpg?fit=800%2C450&ssl=1&resize=350%2C200 1x, https:\/\/i0.wp.com\/www.freidenker.org\/fw17\/wp-content\/uploads\/2025\/07\/cliff-2699812_800x450.jpg?fit=800%2C450&ssl=1&resize=525%2C300 1.5x, https:\/\/i0.wp.com\/www.freidenker.org\/fw17\/wp-content\/uploads\/2025\/07\/cliff-2699812_800x450.jpg?fit=800%2C450&ssl=1&resize=700%2C400 2x"},"classes":[]},{"id":18067,"url":"https:\/\/www.freidenker.org\/?p=18067","url_meta":{"origin":13188,"position":5},"title":"Abrechnung mit Scholz und der Ampel-Blase","author":"Webredaktion","date":"30. Januar 2024","format":false,"excerpt":"Kommentar von\u00a0Rainer Rupp Gestern erhielt ich eine Kurznachricht auf X (vormals Twitter): \u201eHier braucht ein sehr sch\u00f6ner Beitrag Reichweite\u201c. Beigef\u00fcgt war ein Link zu einem Text aus der Feder des deutschen Journalisten Philippe Debionne. Nach dessen Lekt\u00fcre war auch ich \u00fcberzeugt, dass dieser Beitrag so breit wie m\u00f6glich verteilt werden\u2026","rel":"","context":"In &quot;Demokratie \u2013 Medien \u2013 Aufkl\u00e4rung&quot;","block_context":{"text":"Demokratie \u2013 Medien \u2013 Aufkl\u00e4rung","link":"https:\/\/www.freidenker.org\/?cat=12"},"img":{"alt_text":"","src":"https:\/\/i0.wp.com\/www.freidenker.org\/fw17\/wp-content\/uploads\/2024\/01\/ampel_scholz_lindner_habeck_800x450.jpg?fit=800%2C450&ssl=1&resize=350%2C200","width":350,"height":200,"srcset":"https:\/\/i0.wp.com\/www.freidenker.org\/fw17\/wp-content\/uploads\/2024\/01\/ampel_scholz_lindner_habeck_800x450.jpg?fit=800%2C450&ssl=1&resize=350%2C200 1x, https:\/\/i0.wp.com\/www.freidenker.org\/fw17\/wp-content\/uploads\/2024\/01\/ampel_scholz_lindner_habeck_800x450.jpg?fit=800%2C450&ssl=1&resize=525%2C300 1.5x, https:\/\/i0.wp.com\/www.freidenker.org\/fw17\/wp-content\/uploads\/2024\/01\/ampel_scholz_lindner_habeck_800x450.jpg?fit=800%2C450&ssl=1&resize=700%2C400 2x"},"classes":[]}],"_links":{"self":[{"href":"https:\/\/www.freidenker.org\/index.php?rest_route=\/wp\/v2\/posts\/13188","targetHints":{"allow":["GET"]}}],"collection":[{"href":"https:\/\/www.freidenker.org\/index.php?rest_route=\/wp\/v2\/posts"}],"about":[{"href":"https:\/\/www.freidenker.org\/index.php?rest_route=\/wp\/v2\/types\/post"}],"author":[{"embeddable":true,"href":"https:\/\/www.freidenker.org\/index.php?rest_route=\/wp\/v2\/users\/3"}],"replies":[{"embeddable":true,"href":"https:\/\/www.freidenker.org\/index.php?rest_route=%2Fwp%2Fv2%2Fcomments&post=13188"}],"version-history":[{"count":0,"href":"https:\/\/www.freidenker.org\/index.php?rest_route=\/wp\/v2\/posts\/13188\/revisions"}],"wp:featuredmedia":[{"embeddable":true,"href":"https:\/\/www.freidenker.org\/index.php?rest_route=\/wp\/v2\/media\/13191"}],"wp:attachment":[{"href":"https:\/\/www.freidenker.org\/index.php?rest_route=%2Fwp%2Fv2%2Fmedia&parent=13188"}],"wp:term":[{"taxonomy":"category","embeddable":true,"href":"https:\/\/www.freidenker.org\/index.php?rest_route=%2Fwp%2Fv2%2Fcategories&post=13188"},{"taxonomy":"post_tag","embeddable":true,"href":"https:\/\/www.freidenker.org\/index.php?rest_route=%2Fwp%2Fv2%2Ftags&post=13188"}],"curies":[{"name":"wp","href":"https:\/\/api.w.org\/{rel}","templated":true}]}}