{"id":13078,"date":"2022-05-10T23:58:05","date_gmt":"2022-05-10T21:58:05","guid":{"rendered":"https:\/\/www.freidenker.org\/?p=13078"},"modified":"2022-05-14T12:53:44","modified_gmt":"2022-05-14T10:53:44","slug":"neues-aus-cuba-menschlichkeit-trotz-wirtschaftskrieg","status":"publish","type":"post","link":"https:\/\/www.freidenker.org\/?p=13078","title":{"rendered":"Neues aus Cuba &#8211; Menschlichkeit trotz Wirtschaftskrieg"},"content":{"rendered":"<h5 style=\"text-align: center;\">Veranstaltung mit der kubanischen Botschafterin<br \/>\nJuana Martinez Gonzales<\/h5>\n<p style=\"text-align: center;\"><strong>Freitag, 13.05.2022, 19.30 Uhr<\/strong><\/p>\n<p style=\"text-align: center;\"><strong>Villa Leon, Philipp-Koerber-Weg 1, 90439 N\u00fcrnberg<\/strong><br \/>\n(U-Bahn und S-Bahn Rothenburger Str.)<\/p>\n<p>Im Januar 2022 verabschiedete sich Ramon Ripoll Diaz, der 4 Jahre lang als Botschafter sein Land Cuba in Berlin vertrat. Beim Abschied rief er zum Kampf gegen die seit mehr als 60 Jahren bestehende Blockade gegen Kuba auf, die diesem Land einen v\u00f6lkerrechtswidrigen Wirtschaftskrieg mit viel Leid f\u00fcr die Bev\u00f6lkerung aufzwingt.<\/p>\n<p>Seine Nachfolgerin ist Juana Martinez Gonzales. Sie arbeitete bereits von 2001-2005 im kubanischen Konsulat in Bonn und dann in der Botschaft in Berlin. Zuletzt war sie kubanische Botschafterin in Peru.<\/p>\n<p>Kuba leidet aktuell unter den erneut versch\u00e4rften Sanktionen der US Regierung und einem Medienkrieg. Die Regierung der USA, versucht wieder verst\u00e4rkt durch ideologische, politische und finanzielle Unterst\u00fctzung Proteste gegen die kubanische Regierung zu organisieren. Hierzu nutzen sie die Auswirkungen der Covid-19 Pandemie und die damit verbundenen Einschr\u00e4nkungen. Die Versuche eine Konterrevolution zu inszenieren schlugen jedoch fehl.<\/p>\n<p>Trotz aller Erschwernisse hat es Kuba geschafft seine Priorit\u00e4t einer solidarischen Daseinsversorge in den Bereichen Bildung und Gesundheit aufrecht zu erhalten. So gelang es in kurzer Zeit 5 Impfstoffe zu entwickeln. Zwei besonders wirksame Seren konnten bereits zugelassen werden und die Bev\u00f6lkerung ab einem Alter von 2 Jahren bis Anfang 2022 zu 89,5% geimpft werden. Mit den Impfstoffen werden auch andere L\u00e4nder Lateinamerikas versorgt, die keinen Impfstoff oder zu wenig zu Verf\u00fcgung haben und bei der Vergabe orientiert sich der kubanische Staat nicht an profitablen Eink\u00fcnften. Auch die Entsendung der medizinischen Brigade &#8222;Henry Reeve&#8220; zur Bek\u00e4mpfung der Corona Pandemie u.a. nach Italien, ist Teil des Gesundheitssystems und des Internationalismus Kubas.<\/p>\n<p>Bei der Veranstaltung wird die Botschafterin unsere Fragen zu den aktuellen Versch\u00e4rfungen der Finanz- und Handelsblockade und deren Begleitung durch regierungsfeindliche Propaganda in den Medien und Netzwerken beantworten k\u00f6nnen.<\/p>\n<p>In Kuba wird die Gesundheitsversorgung als ein Menschenrecht behandelt. Wie konnte die Einstellung Kuba \u00fcber die Pandemie und die harten Zeiten der versch\u00e4rften Blockade helfen? Was k\u00f6nnen wir in den sogenannten Industriel\u00e4ndern von Kuba lernen?<\/p>\n<p>&nbsp;<\/p>\n<p style=\"text-align: center;\"><strong>Veranstaltet von: \u00a0Freundschaftsgesellschaft BRD &#8211; Kuba N\u00fcrnberg, Cuba Si, Deutscher Freidenker-Verband Bayern<\/strong><\/p>\n<hr \/>\n<p><img data-recalc-dims=\"1\" loading=\"lazy\" decoding=\"async\" data-attachment-id=\"1076\" data-permalink=\"https:\/\/www.freidenker.org\/?attachment_id=1076\" data-orig-file=\"https:\/\/i0.wp.com\/www.freidenker.org\/fw17\/wp-content\/uploads\/2017\/10\/pdf_icon-2.png?fit=32%2C32&amp;ssl=1\" data-orig-size=\"32,32\" data-comments-opened=\"0\" data-image-meta=\"{&quot;aperture&quot;:&quot;0&quot;,&quot;credit&quot;:&quot;&quot;,&quot;camera&quot;:&quot;&quot;,&quot;caption&quot;:&quot;&quot;,&quot;created_timestamp&quot;:&quot;0&quot;,&quot;copyright&quot;:&quot;&quot;,&quot;focal_length&quot;:&quot;0&quot;,&quot;iso&quot;:&quot;0&quot;,&quot;shutter_speed&quot;:&quot;0&quot;,&quot;title&quot;:&quot;&quot;,&quot;orientation&quot;:&quot;0&quot;}\" data-image-title=\"pdf_icon\" data-image-description=\"\" data-image-caption=\"\" data-large-file=\"https:\/\/i0.wp.com\/www.freidenker.org\/fw17\/wp-content\/uploads\/2017\/10\/pdf_icon-2.png?fit=32%2C32&amp;ssl=1\" class=\"alignnone size-full wp-image-1076\" src=\"https:\/\/i0.wp.com\/www.freidenker.org\/fw17\/wp-content\/uploads\/2017\/10\/pdf_icon-2.png?resize=32%2C32&#038;ssl=1\" alt=\"\" width=\"32\" height=\"32\" \/>\u00a0<a href=\"https:\/\/www.freidenker.org\/fw17\/wp-content\/uploads\/2022\/05\/Flyer_Cuba_botschafterin.pdf\" target=\"_blank\" rel=\"noopener\">Flyer zur Veranstaltung<\/a> (2 x A5 auf einer Seite A4, PDF-Dokument, ca. 690 KB)<\/p>\n<p><img data-recalc-dims=\"1\" loading=\"lazy\" decoding=\"async\" data-attachment-id=\"1076\" data-permalink=\"https:\/\/www.freidenker.org\/?attachment_id=1076\" data-orig-file=\"https:\/\/i0.wp.com\/www.freidenker.org\/fw17\/wp-content\/uploads\/2017\/10\/pdf_icon-2.png?fit=32%2C32&amp;ssl=1\" data-orig-size=\"32,32\" data-comments-opened=\"0\" data-image-meta=\"{&quot;aperture&quot;:&quot;0&quot;,&quot;credit&quot;:&quot;&quot;,&quot;camera&quot;:&quot;&quot;,&quot;caption&quot;:&quot;&quot;,&quot;created_timestamp&quot;:&quot;0&quot;,&quot;copyright&quot;:&quot;&quot;,&quot;focal_length&quot;:&quot;0&quot;,&quot;iso&quot;:&quot;0&quot;,&quot;shutter_speed&quot;:&quot;0&quot;,&quot;title&quot;:&quot;&quot;,&quot;orientation&quot;:&quot;0&quot;}\" data-image-title=\"pdf_icon\" data-image-description=\"\" data-image-caption=\"\" data-large-file=\"https:\/\/i0.wp.com\/www.freidenker.org\/fw17\/wp-content\/uploads\/2017\/10\/pdf_icon-2.png?fit=32%2C32&amp;ssl=1\" class=\"alignnone size-full wp-image-1076\" src=\"https:\/\/i0.wp.com\/www.freidenker.org\/fw17\/wp-content\/uploads\/2017\/10\/pdf_icon-2.png?resize=32%2C32&#038;ssl=1\" alt=\"\" width=\"32\" height=\"32\" \/> <a href=\"https:\/\/www.freidenker.org\/fw17\/wp-content\/uploads\/2022\/05\/Einladung-Botschafterin-13.05.22_13_4_22_lo-1.pdf\" target=\"_blank\" rel=\"noopener\">Flyer zur Veranstaltung, Version 2<\/a> (A4\/Letter, PDF-Dokument, 167 KB)<\/p>\n<hr \/>\n<p>&nbsp;<\/p>\n","protected":false},"excerpt":{"rendered":"<p><b>Veranstaltung\u00a0mit der kubanischen Botschafterin Juana Martinez Gonzales<\/b><br \/>\nFreitag, 13.05.2022, 19.30 Uhr \/ Villa Leon, Philipp-Koerber-Weg 1, 90439 N\u00fcrnberg<br \/>\nIm Januar 2022 verabschiedete sich Ramon Ripoll Diaz, der 4 Jahre lang als Botschafter sein Land Cuba in Berlin vertrat. Beim Abschied rief er zum Kampf gegen die seit mehr als 60 Jahren bestehende Blockade gegen Kuba auf, die diesem Land einen v\u00f6lkerrechtswidrigen Wirtschaftskrieg mit viel Leid f\u00fcr die Bev\u00f6lkerung aufzwingt. Seine Nachfolgerin ist Juana Martinez Gonzales. &#8230;<br \/>\nBei der Veranstaltung wird die Botschafterin unsere Fragen zu den aktuellen Versch\u00e4rfungen der Finanz- und Handelsblockade und deren Begleitung durch regierungsfeindliche Propaganda in den Medien und Netzwerken beantworten k\u00f6nnen.<\/p>\n","protected":false},"author":3,"featured_media":13082,"comment_status":"closed","ping_status":"closed","sticky":false,"template":"","format":"standard","meta":{"colormag_page_container_layout":"default_layout","colormag_page_sidebar_layout":"default_layout","advanced_seo_description":"","jetpack_seo_html_title":"","jetpack_seo_noindex":false,"jetpack_post_was_ever_published":false,"footnotes":""},"categories":[13,19],"tags":[1406,580,392,138,719,344,185],"class_list":["post-13078","post","type-post","status-publish","format-standard","has-post-thumbnail","hentry","category-frieden-antifaschismus-solidaritaet","category-veranstaltungen-in-den-dfv-landesverbaenden","tag-diplomatie","tag-konterrevolution","tag-kuba","tag-revolution","tag-sanktionen","tag-solidaritaet","tag-usa"],"jetpack_featured_media_url":"https:\/\/i0.wp.com\/www.freidenker.org\/fw17\/wp-content\/uploads\/2022\/05\/Cuba_unblock_800x450.jpg?fit=800%2C450&ssl=1","jetpack_shortlink":"https:\/\/wp.me\/p9stpK-3oW","jetpack-related-posts":[{"id":3118,"url":"https:\/\/www.freidenker.org\/?p=3118","url_meta":{"origin":13078,"position":0},"title":"Freiheit f\u00fcr die Cuban 5","author":"Webredaktion","date":"1. M\u00e4rz 2012","format":false,"excerpt":"Freidenker unterst\u00fctzen den Aufruf zur Freilassung der Cuban 5 \/ Aufruf zu Kundgebungen am 17.03.2012 Seit nunmehr 13 Jahren sind in den USA f\u00fcnf kubanische M\u00e4nner eingesperrt, deren einziges Vergehen darin besteht, ihr Land vor terroristischen Angriffen besch\u00fctzt zu haben. ... Die f\u00fcnf verurteilten Kubaner haben in den USA Informationen\u2026","rel":"","context":"In &quot;Frieden - Antifaschismus - Solidarit\u00e4t&quot;","block_context":{"text":"Frieden - Antifaschismus - Solidarit\u00e4t","link":"https:\/\/www.freidenker.org\/?cat=13"},"img":{"alt_text":"","src":"https:\/\/i0.wp.com\/www.freidenker.org\/fw17\/wp-content\/uploads\/2012\/03\/cuban5_5554441704_94a1a48244_b_800x445.jpg?fit=800%2C445&ssl=1&resize=350%2C200","width":350,"height":200,"srcset":"https:\/\/i0.wp.com\/www.freidenker.org\/fw17\/wp-content\/uploads\/2012\/03\/cuban5_5554441704_94a1a48244_b_800x445.jpg?fit=800%2C445&ssl=1&resize=350%2C200 1x, https:\/\/i0.wp.com\/www.freidenker.org\/fw17\/wp-content\/uploads\/2012\/03\/cuban5_5554441704_94a1a48244_b_800x445.jpg?fit=800%2C445&ssl=1&resize=525%2C300 1.5x, https:\/\/i0.wp.com\/www.freidenker.org\/fw17\/wp-content\/uploads\/2012\/03\/cuban5_5554441704_94a1a48244_b_800x445.jpg?fit=800%2C445&ssl=1&resize=700%2C400 2x"},"classes":[]},{"id":8967,"url":"https:\/\/www.freidenker.org\/?p=8967","url_meta":{"origin":13078,"position":1},"title":"Petition: Menschenrechtspreis f\u00fcr die &#8222;Medizinische Brigade Henry Reeve&#8220;","author":"Webredaktion","date":"7. Dezember 2020","format":false,"excerpt":"In folgender Petition wird vorgeschlagen, den Internationalen N\u00fcrnberger Menschenrechtspreis an die Medizinische Brigade Henry Reeve aus Kuba zu vergeben. W\u00e4hrend die Covid-19-Pandemie die Welt in Atem h\u00e4lt und keine nationalen Grenzen kennt, derweil Gesundheitssysteme an ihre Kapazit\u00e4tsgrenzen sto\u00dfen, gibt ein Inselstaat in der Karibik Anlass zur Hoffnung und Nachahmung. \u00c4rzte\u2026","rel":"","context":"In &quot;Frieden - Antifaschismus - Solidarit\u00e4t&quot;","block_context":{"text":"Frieden - Antifaschismus - Solidarit\u00e4t","link":"https:\/\/www.freidenker.org\/?cat=13"},"img":{"alt_text":"","src":"https:\/\/i0.wp.com\/www.freidenker.org\/fw17\/wp-content\/uploads\/2020\/12\/Brigade_Henry_Reeve.jpg?fit=800%2C450&ssl=1&resize=350%2C200","width":350,"height":200,"srcset":"https:\/\/i0.wp.com\/www.freidenker.org\/fw17\/wp-content\/uploads\/2020\/12\/Brigade_Henry_Reeve.jpg?fit=800%2C450&ssl=1&resize=350%2C200 1x, https:\/\/i0.wp.com\/www.freidenker.org\/fw17\/wp-content\/uploads\/2020\/12\/Brigade_Henry_Reeve.jpg?fit=800%2C450&ssl=1&resize=525%2C300 1.5x, https:\/\/i0.wp.com\/www.freidenker.org\/fw17\/wp-content\/uploads\/2020\/12\/Brigade_Henry_Reeve.jpg?fit=800%2C450&ssl=1&resize=700%2C400 2x"},"classes":[]},{"id":10853,"url":"https:\/\/www.freidenker.org\/?p=10853","url_meta":{"origin":13078,"position":2},"title":"Eine Farbrevolution f\u00fcr Kuba? Der Westen arbeitet daran","author":"Webredaktion","date":"19. Juli 2021","format":false,"excerpt":"Beitrag von Dagmar Henn Seit vielen Jahren ist bekannt, dass Nichtregierungsorganisationen (NGOs) oft eine wichtige Rolle dabei spielen, in einem Land gegen die Interessen der Bev\u00f6lkerung geopolitische Interessen durchzusetzen. So bet\u00e4tigen sich nicht nur die USA \u00fcber das National Endowment for Democracy (NED) und die offiziell der Entwicklungshilfe dienende Struktur\u2026","rel":"","context":"In &quot;Demokratie \u2013 Medien \u2013 Aufkl\u00e4rung&quot;","block_context":{"text":"Demokratie \u2013 Medien \u2013 Aufkl\u00e4rung","link":"https:\/\/www.freidenker.org\/?cat=12"},"img":{"alt_text":"","src":"https:\/\/i0.wp.com\/www.freidenker.org\/fw17\/wp-content\/uploads\/2021\/07\/havana-4033111_800x450.jpg?fit=800%2C450&ssl=1&resize=350%2C200","width":350,"height":200,"srcset":"https:\/\/i0.wp.com\/www.freidenker.org\/fw17\/wp-content\/uploads\/2021\/07\/havana-4033111_800x450.jpg?fit=800%2C450&ssl=1&resize=350%2C200 1x, https:\/\/i0.wp.com\/www.freidenker.org\/fw17\/wp-content\/uploads\/2021\/07\/havana-4033111_800x450.jpg?fit=800%2C450&ssl=1&resize=525%2C300 1.5x, https:\/\/i0.wp.com\/www.freidenker.org\/fw17\/wp-content\/uploads\/2021\/07\/havana-4033111_800x450.jpg?fit=800%2C450&ssl=1&resize=700%2C400 2x"},"classes":[]},{"id":20106,"url":"https:\/\/www.freidenker.org\/?p=20106","url_meta":{"origin":13078,"position":3},"title":"Der Wirtschaftskrieg gegen Russland","author":"Webredaktion","date":"18. Oktober 2024","format":false,"excerpt":"Einladung zur Autorenlesung und Diskussion mit Hannes Hofbauer, Wien Mittwoch, 30. Oktober 2024, 19.30 Uhr, Saalbau Dornbusch, Frankfurt am Main Die Instrumente eines Wirtschaftskrieges sind zahlreich. Sie reichen von Sanktionen gegen Personen, Unternehmen und ganze Branchen \u00fcber Embargos, Blockaden und Boykottma\u00dfnahmen bis zu physischen Angriffen auf Infrastruktureinrichtungen. Washington und Br\u00fcssel\u2026","rel":"","context":"In &quot;Veranstaltungen in den DFV-Landesverb\u00e4nden&quot;","block_context":{"text":"Veranstaltungen in den DFV-Landesverb\u00e4nden","link":"https:\/\/www.freidenker.org\/?cat=19"},"img":{"alt_text":"","src":"https:\/\/i0.wp.com\/www.freidenker.org\/fw17\/wp-content\/uploads\/2024\/10\/Hofbauer_Wirtschaftskrieg.jpg?fit=800%2C450&ssl=1&resize=350%2C200","width":350,"height":200,"srcset":"https:\/\/i0.wp.com\/www.freidenker.org\/fw17\/wp-content\/uploads\/2024\/10\/Hofbauer_Wirtschaftskrieg.jpg?fit=800%2C450&ssl=1&resize=350%2C200 1x, https:\/\/i0.wp.com\/www.freidenker.org\/fw17\/wp-content\/uploads\/2024\/10\/Hofbauer_Wirtschaftskrieg.jpg?fit=800%2C450&ssl=1&resize=525%2C300 1.5x, https:\/\/i0.wp.com\/www.freidenker.org\/fw17\/wp-content\/uploads\/2024\/10\/Hofbauer_Wirtschaftskrieg.jpg?fit=800%2C450&ssl=1&resize=700%2C400 2x"},"classes":[]},{"id":332,"url":"https:\/\/www.freidenker.org\/?p=332","url_meta":{"origin":13078,"position":4},"title":"Die Lage der Kinder in Kuba","author":"Webmaster","date":"17. September 2010","format":false,"excerpt":"Beitrag von Marion Leonhardt aus FREIDENKER 3-10 Das Wohl und die Entwicklung der Kinder und Jugendlichen sind inh\u00e4rente Ziele beim Aufbau der sozialistischen Gesellschaft in Kuba. Das hat weitreichende Konsequenzen f\u00fcr die Gesetzgebung, die Ressourcensteuerung sowie die politische und gesellschaftliche Praxis, insbesondere in den beiden zentralen Bereichen Gesundheit und Bildung.\u2026","rel":"","context":"In &quot;Arbeit &amp; Soziales&quot;","block_context":{"text":"Arbeit &amp; Soziales","link":"https:\/\/www.freidenker.org\/?cat=11"},"img":{"alt_text":"","src":"https:\/\/i0.wp.com\/www.freidenker.org\/fw17\/wp-content\/uploads\/2016\/07\/Kuba_Kinder.jpg?fit=800%2C445&ssl=1&resize=350%2C200","width":350,"height":200,"srcset":"https:\/\/i0.wp.com\/www.freidenker.org\/fw17\/wp-content\/uploads\/2016\/07\/Kuba_Kinder.jpg?fit=800%2C445&ssl=1&resize=350%2C200 1x, https:\/\/i0.wp.com\/www.freidenker.org\/fw17\/wp-content\/uploads\/2016\/07\/Kuba_Kinder.jpg?fit=800%2C445&ssl=1&resize=525%2C300 1.5x, https:\/\/i0.wp.com\/www.freidenker.org\/fw17\/wp-content\/uploads\/2016\/07\/Kuba_Kinder.jpg?fit=800%2C445&ssl=1&resize=700%2C400 2x"},"classes":[]},{"id":24855,"url":"https:\/\/www.freidenker.org\/?p=24855","url_meta":{"origin":13078,"position":5},"title":"Gegen die Erdrosselung Cubas durch die US-Blockade","author":"Webredaktion","date":"9. April 2026","format":false,"excerpt":"Spendenaufruf Liebe Cuba- und Klimafreunde und Freundinnen, Es ist n\u00f6tiger denn je: Ein 5. Solarkraftwerk f\u00fcr Cuba! F\u00fcr Cuba ein m\u00f6glichst gro\u00dfes Photovoltaikkraftwerk spenden um den Energiemangel auf der Insel zu \u00fcberwinden. Gleichzeitig sollte dazu beigetragen werden, die umweltpolitischen Ziele Kubas zu erreichen: Weg von fossiler, hin zu nachhaltiger Energiegewinnung.\u2026","rel":"","context":"In &quot;Aktuelles&quot;","block_context":{"text":"Aktuelles","link":"https:\/\/www.freidenker.org\/?cat=574"},"img":{"alt_text":"","src":"https:\/\/i0.wp.com\/www.freidenker.org\/fw17\/wp-content\/uploads\/2026\/04\/cuba_solarpanel_800x450.jpg?fit=800%2C450&ssl=1&resize=350%2C200","width":350,"height":200,"srcset":"https:\/\/i0.wp.com\/www.freidenker.org\/fw17\/wp-content\/uploads\/2026\/04\/cuba_solarpanel_800x450.jpg?fit=800%2C450&ssl=1&resize=350%2C200 1x, https:\/\/i0.wp.com\/www.freidenker.org\/fw17\/wp-content\/uploads\/2026\/04\/cuba_solarpanel_800x450.jpg?fit=800%2C450&ssl=1&resize=525%2C300 1.5x, https:\/\/i0.wp.com\/www.freidenker.org\/fw17\/wp-content\/uploads\/2026\/04\/cuba_solarpanel_800x450.jpg?fit=800%2C450&ssl=1&resize=700%2C400 2x"},"classes":[]}],"_links":{"self":[{"href":"https:\/\/www.freidenker.org\/index.php?rest_route=\/wp\/v2\/posts\/13078","targetHints":{"allow":["GET"]}}],"collection":[{"href":"https:\/\/www.freidenker.org\/index.php?rest_route=\/wp\/v2\/posts"}],"about":[{"href":"https:\/\/www.freidenker.org\/index.php?rest_route=\/wp\/v2\/types\/post"}],"author":[{"embeddable":true,"href":"https:\/\/www.freidenker.org\/index.php?rest_route=\/wp\/v2\/users\/3"}],"replies":[{"embeddable":true,"href":"https:\/\/www.freidenker.org\/index.php?rest_route=%2Fwp%2Fv2%2Fcomments&post=13078"}],"version-history":[{"count":0,"href":"https:\/\/www.freidenker.org\/index.php?rest_route=\/wp\/v2\/posts\/13078\/revisions"}],"wp:featuredmedia":[{"embeddable":true,"href":"https:\/\/www.freidenker.org\/index.php?rest_route=\/wp\/v2\/media\/13082"}],"wp:attachment":[{"href":"https:\/\/www.freidenker.org\/index.php?rest_route=%2Fwp%2Fv2%2Fmedia&parent=13078"}],"wp:term":[{"taxonomy":"category","embeddable":true,"href":"https:\/\/www.freidenker.org\/index.php?rest_route=%2Fwp%2Fv2%2Fcategories&post=13078"},{"taxonomy":"post_tag","embeddable":true,"href":"https:\/\/www.freidenker.org\/index.php?rest_route=%2Fwp%2Fv2%2Ftags&post=13078"}],"curies":[{"name":"wp","href":"https:\/\/api.w.org\/{rel}","templated":true}]}}