{"id":13066,"date":"2022-05-09T01:19:19","date_gmt":"2022-05-08T23:19:19","guid":{"rendered":"https:\/\/www.freidenker.org\/?p=13066"},"modified":"2022-05-28T17:52:30","modified_gmt":"2022-05-28T15:52:30","slug":"nato-will-russland-schwaechen","status":"publish","type":"post","link":"https:\/\/www.freidenker.org\/?p=13066","title":{"rendered":"NATO will Russland schw\u00e4chen"},"content":{"rendered":"<h5>Ramstein schafft es in die Schlagzeilen<\/h5>\n<p><em>von <strong>Klaus Hartmann<\/strong><\/em><\/p>\n<p><span style=\"font-size: 10pt;\">Erstver\u00f6ffentlichung am 06.05.2022 in der <a href=\"https:\/\/www.unsere-zeit.de\/nato-will-russland-schwaechen-168719\/\" target=\"_blank\" rel=\"noopener\">UZ<\/a>\u00a0<\/span><\/p>\n<p>In den letzten Jahren wurde das pf\u00e4lzische Ramstein nahe Kaiserslautern immer wieder mal kurz in den Medien erw\u00e4hnt, wenn die Pr\u00e4sidenten Obama oder Trump bei Reisen in oder aus ihren zahlreichen Kriegsgebieten auf \u201eihrem pf\u00e4lzischen Territorium\u201c zwischenlandeten. Noch seltener schafften es die Friedensaktivisten von \u201eStopp Airbase Ramstein\u201c mit ihren regelm\u00e4\u00dfigen Demonstrationen f\u00fcr die Schlie\u00dfung der Kriegsdrehscheibe in die \u00fcberregionale Berichterstattung.<\/p>\n<p>Nun wurde der Ortsname tagelang international kolportiert, weil sich dort neues Unheil zusammenbraute: Am 26.\u00a0April fanden sich Kriegsminister aus \u00fcber 40 L\u00e4ndern in der heimeligen Atmosph\u00e4re der Ramstein-Air-Base ein, um weitere Schritte im NATO-Krieg gegen Russland zu vereinbaren, den ihre willigen Stellvertreter in der Ukraine f\u00fchren. Es ist die personell st\u00e4rkste Einrichtung der US-Luftwaffe au\u00dferhalb der USA mit den Hauptquartieren der US-Luftwaffe Europa und US-Luftwaffe Afrika sowie des NATO-Kommandos \u201eAllied Air Command\u201c.<\/p>\n<p>Der gastgebende Pentagon-Chef Lloyd Austin verk\u00fcndete als neues Kriegsziel der Allianz die entscheidende Schw\u00e4chung Russlands und lobte seine deutsche Kollegin Lambrecht, die willf\u00e4hrig und beflissen die Lieferung schwerer Waffen an die Ukraine und die Ausbildung ukrainischer Soldaten in Deutschland verk\u00fcndete. Dabei wischte Austin die Warnung des russischen Au\u00dfenministers Sergej Lawrow vor der realen Gefahr eines Dritten Weltkrieges kurzerhand als \u201esehr gef\u00e4hrlich und wenig hilfreich\u201c vom Tisch, und schloss \u201eeinen k\u00fcnftigen NATO-Beitritt der Ukraine nicht aus\u201c.<\/p>\n<p>Doch die Gefahr eines Atomkrieges ist realer, als es viele wahrhaben wollen. Weitgehend \u00f6ffentlich unbeachtet wurde am 8.\u00a0November 2021 in der Wiesbadener Lucius-D.-Clay-Kaserne das 56. Artillerie-Kommando reaktiviert, Oberkommando aller Artillerieeinheiten der US-Armee in Europa und Afrika. Seit 1986 f\u00fcr die in Europa stationierten US-Atomraketen Pershing-2 und Cruise-Missiles zust\u00e4ndig, wurde es 1991 nach dem INF-Vertrag (Abzug aller landgest\u00fctzten atomaren Kurz- und Mittelstreckenraketen) deaktiviert und ist jetzt wieder zust\u00e4ndig f\u00fcr das atomar best\u00fcckbare \u201eTHAAD\u201c-Raketensystem.<\/p>\n<p>Unter US-Pr\u00e4sident Obama wurde die Stationierung neuer Mittelstreckenraketen (t\u00e4uschender Name \u201eRaketenabwehrschild\u201c) beschlossen, nach Stationierungsreife wurde von Pr\u00e4sident Trump der INF-Vertrag gek\u00fcndigt. Auf Kriegsschiffen, in Rum\u00e4nien und Polen wurde das Aegis-Kampfsystem, das auch Atomraketen abschie\u00dfen kann, stationiert. Diese weithin unbemerkte R\u00fcckkehr der Atomkriegsgefahr nach Europa wird dadurch verst\u00e4rkt, dass die Kommandozentrale f\u00fcr die neuen US-Raketen ebenfalls in Ramstein steht.<\/p>\n<p>Zur deutschen Kriegsteilhabe geh\u00f6rt, dass die Bundesregierung 50 neue F-35-Tarnkappenjets anschaffen will, mit denen sich die US-Atomwaffen vom Fliegerhorst B\u00fcchel (bei Cochem\/Mosel) gen Osten fliegen lassen. Flugzeuge dieses Typs der US-Luftwaffe und weitere Kampfflugzeuge wurden schon Mitte Februar 2022 von den USA nach Spangdahlem (bei Trier) verlegt und von hier und von Ramstein aus weiter an die russische Grenze. Der vom Westen vors\u00e4tzlich und st\u00e4ndig versch\u00e4rfte Konflikt mit Russland kann urpl\u00f6tzlich zu einem Atomkrieg eskalieren\u00a0\u2013 mit fatalen Folgen nicht nur f\u00fcr die Bewohner von Wiesbaden, Ramstein, B\u00fcchel und Spangdahlem.<\/p>\n<p>An einem Freidenker-Infostand zum 1.\u00a0Mai berichtete eine Frau von ihrer Familie in Wittlich in der Eifel, \u00fcber die in den letzten Tagen st\u00e4ndig Kampfflugzeuge in niedriger H\u00f6he hinwegdonnern\u00a0\u2013 ihre Enkel laufen weinend ins Haus und schlie\u00dfen sich in ihr Zimmer ein, weil sie \u201eAngst vor dem Krieg haben\u201c. Es scheint, die Kinder haben mehr Verstand als die Politiker, die durch die Bank ihren Amtseid brechen. Wie sagte Emil Carlebach? \u201eWir leben in einem Verbrechersystem.\u201c<\/p>\n<p style=\"text-align: right;\"><em>Klaus Hartmann ist Stellvertretender Vorsitzender des Deutschen Freidenker-Verbandes und aktiv bei der Kampagne \u201eStopp Air Base Ramstein\u201c<\/em><\/p>\n<hr \/>\n<p><span style=\"font-size: 10pt;\">Bild: Ramstein Air Base (2009)<\/span><br \/>\n<span style=\"font-size: 10pt;\">Foto: U.S. Army Corps of Engineers Europe District from Wiesbaden, Gemeinfrei<\/span><br \/>\n<span style=\"font-size: 10pt;\">Quelle:\u00a0 <a href=\"https:\/\/commons.wikimedia.org\/w\/index.php?curid=72279241\" target=\"_blank\" rel=\"noopener\">https:\/\/commons.wikimedia.org\/w\/index.php?curid=72279241<\/a><\/span><\/p>\n","protected":false},"excerpt":{"rendered":"<p><b>Beitrag von Klaus Hartmann<\/b><br \/>\nIn den letzten Jahren wurde das pf\u00e4lzische Ramstein nahe Kaiserslautern immer wieder mal kurz in den Medien erw\u00e4hnt, wenn die Pr\u00e4sidenten Obama oder Trump bei Reisen in oder aus ihren zahlreichen Kriegsgebieten auf \u201eihrem pf\u00e4lzischen Territorium\u201c zwischenlandeten. Noch seltener schafften es die Friedensaktivisten von \u201eStopp Airbase Ramstein\u201c mit ihren regelm\u00e4\u00dfigen Demonstrationen f\u00fcr die Schlie\u00dfung der Kriegsdrehscheibe in die \u00fcberregionale Berichterstattung. Nun wurde der Ortsname tagelang international kolportiert, weil sich dort neues Unheil zusammenbraute: Am 26.\u00a0April fanden sich Kriegsminister aus \u00fcber 40 L\u00e4ndern in der heimeligen Atmosph\u00e4re der Ramstein-Air-Base ein, um weitere Schritte im NATO-Krieg gegen Russland zu vereinbaren, den ihre willigen Stellvertreter in der Ukraine f\u00fchren.<\/p>\n","protected":false},"author":3,"featured_media":13068,"comment_status":"closed","ping_status":"closed","sticky":false,"template":"","format":"standard","meta":{"colormag_page_container_layout":"default_layout","colormag_page_sidebar_layout":"default_layout","advanced_seo_description":"","jetpack_seo_html_title":"","jetpack_seo_noindex":false,"jetpack_post_was_ever_published":false,"footnotes":""},"categories":[13],"tags":[1522,1061,699,60,357,1068,639],"class_list":["post-13066","post","type-post","status-publish","format-standard","has-post-thumbnail","hentry","category-frieden-antifaschismus-solidaritaet","tag-atomkrieg","tag-atomwaffen","tag-aussenpolitik","tag-kampagne-stopp-ramstein","tag-konferenz","tag-ramstein","tag-ukraine-konflikt"],"jetpack_featured_media_url":"https:\/\/i0.wp.com\/www.freidenker.org\/fw17\/wp-content\/uploads\/2022\/05\/Ramstein_air_base_800x450.jpg?fit=800%2C450&ssl=1","jetpack_shortlink":"https:\/\/wp.me\/p9stpK-3oK","jetpack-related-posts":[{"id":275,"url":"https:\/\/www.freidenker.org\/?p=275","url_meta":{"origin":13066,"position":0},"title":"Freidenker-Brief 2-2016: Kampagne Stopp Ramstein \u2013 Aktionswochenende im Juni","author":"Webmaster","date":"3. Juni 2016","format":false,"excerpt":"Der Deutsche Freidenker-Verband appelliert an seine Mitglieder und Sympathisanten, die Kampagne \u201eStopp Ramstein\u201c zu unterst\u00fctzen und an dem Aktionswochenende in Kaiserslautern\/Ramstein, 10. \u2013 12. Juni 2016, teilzunehmen. \u201eDie US-Airbase in Ramstein repr\u00e4sentiert fast alle Friedensbedrohungen, denen wir heute ausgesetzt sind.\u201c So Klaus Hartmann, der Vorsitzende des Deutschen Freidenker-Verbands in einem\u2026","rel":"","context":"In &quot;Freidenker-Brief&quot;","block_context":{"text":"Freidenker-Brief","link":"https:\/\/www.freidenker.org\/?cat=341"},"img":{"alt_text":"","src":"https:\/\/i0.wp.com\/www.freidenker.org\/fw17\/wp-content\/uploads\/2016\/07\/Megaphone.jpg?fit=800%2C445&ssl=1&resize=350%2C200","width":350,"height":200,"srcset":"https:\/\/i0.wp.com\/www.freidenker.org\/fw17\/wp-content\/uploads\/2016\/07\/Megaphone.jpg?fit=800%2C445&ssl=1&resize=350%2C200 1x, https:\/\/i0.wp.com\/www.freidenker.org\/fw17\/wp-content\/uploads\/2016\/07\/Megaphone.jpg?fit=800%2C445&ssl=1&resize=525%2C300 1.5x, https:\/\/i0.wp.com\/www.freidenker.org\/fw17\/wp-content\/uploads\/2016\/07\/Megaphone.jpg?fit=800%2C445&ssl=1&resize=700%2C400 2x"},"classes":[]},{"id":272,"url":"https:\/\/www.freidenker.org\/?p=272","url_meta":{"origin":13066,"position":1},"title":"Gro\u00dfdemo gegen US-Basis Ramstein &#8211; Interview mit dem Vorsitzenden des Deutschen Freidenker-Verbandes","author":"Webmaster","date":"31. Mai 2016","format":false,"excerpt":"Rainer Rupp im Gespr\u00e4ch mit dem Bundesvorsitzenden des Deutschen Freidenker-Verbandes Klaus Hartmann \u00fcber die Kampagne \"Stopp Ramstein\", geplante Aktionen im Juni 2016 sowie die Initiative \"Deutschland raus aus der NATO \u2013 NATO raus aus Deutschland\u201c. \u201eVon deutschem Boden soll nie wieder Krieg ausgehen\u201c \u2013 das versicherte die Bundesregierung feierlich zum\u2026","rel":"","context":"In &quot;Frieden - Antifaschismus - Solidarit\u00e4t&quot;","block_context":{"text":"Frieden - Antifaschismus - Solidarit\u00e4t","link":"https:\/\/www.freidenker.org\/?cat=13"},"img":{"alt_text":"","src":"https:\/\/i0.wp.com\/www.freidenker.org\/fw17\/wp-content\/uploads\/2016\/07\/drone.jpg?fit=1200%2C763&ssl=1&resize=350%2C200","width":350,"height":200,"srcset":"https:\/\/i0.wp.com\/www.freidenker.org\/fw17\/wp-content\/uploads\/2016\/07\/drone.jpg?fit=1200%2C763&ssl=1&resize=350%2C200 1x, https:\/\/i0.wp.com\/www.freidenker.org\/fw17\/wp-content\/uploads\/2016\/07\/drone.jpg?fit=1200%2C763&ssl=1&resize=525%2C300 1.5x, https:\/\/i0.wp.com\/www.freidenker.org\/fw17\/wp-content\/uploads\/2016\/07\/drone.jpg?fit=1200%2C763&ssl=1&resize=700%2C400 2x, https:\/\/i0.wp.com\/www.freidenker.org\/fw17\/wp-content\/uploads\/2016\/07\/drone.jpg?fit=1200%2C763&ssl=1&resize=1050%2C600 3x"},"classes":[]},{"id":2988,"url":"https:\/\/www.freidenker.org\/?p=2988","url_meta":{"origin":13066,"position":2},"title":"Freidenker-Brief 6-2015: Deutschland raus aus der NATO &#8211; NATO raus aus Deutschland","author":"Webredaktion","date":"27. August 2015","format":false,"excerpt":"W\u00e4hrend manche \"Institutionen\" der Friedensbewegung fortgesetzt die Diskussion \u201eWie weiter mit der Friedensbewegung?\u201c f\u00fchren, gibt es erfreulicherweise auch Friedenskr\u00e4fte, die angesichts der gef\u00e4hrlichen internationalen Entwicklung aktiv werden, die auf Aktionen und auf Klarheit dr\u00e4ngen: Einerseits die im \"AK Frieden \/ Internationales\" des Deutschen Freidenker-Verbandes erarbeitete programmatische Erkl\u00e4rung zu Fragen von\u2026","rel":"","context":"In &quot;Freidenker-Brief&quot;","block_context":{"text":"Freidenker-Brief","link":"https:\/\/www.freidenker.org\/?cat=341"},"img":{"alt_text":"","src":"https:\/\/i0.wp.com\/www.freidenker.org\/fw17\/wp-content\/uploads\/2015\/08\/Global_Hawk_800x445_mLogo.jpg?fit=800%2C445&ssl=1&resize=350%2C200","width":350,"height":200,"srcset":"https:\/\/i0.wp.com\/www.freidenker.org\/fw17\/wp-content\/uploads\/2015\/08\/Global_Hawk_800x445_mLogo.jpg?fit=800%2C445&ssl=1&resize=350%2C200 1x, https:\/\/i0.wp.com\/www.freidenker.org\/fw17\/wp-content\/uploads\/2015\/08\/Global_Hawk_800x445_mLogo.jpg?fit=800%2C445&ssl=1&resize=525%2C300 1.5x, https:\/\/i0.wp.com\/www.freidenker.org\/fw17\/wp-content\/uploads\/2015\/08\/Global_Hawk_800x445_mLogo.jpg?fit=800%2C445&ssl=1&resize=700%2C400 2x"},"classes":[]},{"id":252,"url":"https:\/\/www.freidenker.org\/?p=252","url_meta":{"origin":13066,"position":3},"title":"Kein Drohnenkrieg \u2013 Stopp Ramstein","author":"Webmaster","date":"21. Mai 2016","format":false,"excerpt":"Appell der Planungskonferenz \u201eStopp Ramstein\u201c Kommt und macht mit bei der Menschenkette am 11. Juno 2016! Ramstein steht f\u00fcr die Politik von Interventionen und Krieg, von \u00dcberwachung und Militarismus. Von Ramstein gehen durch die weltweiten Drohneneins\u00e4tze tagt\u00e4glich Tod, Leid, Terror und Verderben aus. Drohnenkrieg ist Serienmord. Als erstes muss die\u2026","rel":"","context":"In &quot;Frieden - Antifaschismus - Solidarit\u00e4t&quot;","block_context":{"text":"Frieden - Antifaschismus - Solidarit\u00e4t","link":"https:\/\/www.freidenker.org\/?cat=13"},"img":{"alt_text":"","src":"https:\/\/i0.wp.com\/www.freidenker.org\/fw17\/wp-content\/uploads\/2016\/07\/Stop_Hand.jpg?fit=800%2C445&ssl=1&resize=350%2C200","width":350,"height":200,"srcset":"https:\/\/i0.wp.com\/www.freidenker.org\/fw17\/wp-content\/uploads\/2016\/07\/Stop_Hand.jpg?fit=800%2C445&ssl=1&resize=350%2C200 1x, https:\/\/i0.wp.com\/www.freidenker.org\/fw17\/wp-content\/uploads\/2016\/07\/Stop_Hand.jpg?fit=800%2C445&ssl=1&resize=525%2C300 1.5x, https:\/\/i0.wp.com\/www.freidenker.org\/fw17\/wp-content\/uploads\/2016\/07\/Stop_Hand.jpg?fit=800%2C445&ssl=1&resize=700%2C400 2x"},"classes":[]},{"id":4491,"url":"https:\/\/www.freidenker.org\/?p=4491","url_meta":{"origin":13066,"position":4},"title":"Aktionswoche Stopp Air Base Ramstein 2017","author":"Webredaktion","date":"12. September 2017","format":false,"excerpt":"Kurzbericht von der Aktionswoche an der Ramstein Air Base vom 3. bis zum 10.09.2017 Die diesj\u00e4hrigen Aktionen gegen die Air Base Ramstein wurden von den Veranstaltern als gro\u00dfer Erfolg gewertet: Sie waren eine der gro\u00dfen Aktionen der Friedensbewegung, als Einzelaktion 2017 mit Abstand die gr\u00f6\u00dfte Friedensaktion in Deutschland. Die Gr\u00fcndung\u2026","rel":"","context":"In &quot;Frieden - Antifaschismus - Solidarit\u00e4t&quot;","block_context":{"text":"Frieden - Antifaschismus - Solidarit\u00e4t","link":"https:\/\/www.freidenker.org\/?cat=13"},"img":{"alt_text":"","src":"https:\/\/i0.wp.com\/www.freidenker.org\/fw17\/wp-content\/uploads\/2018\/02\/Ramstein-2017.jpg?fit=800%2C445&ssl=1&resize=350%2C200","width":350,"height":200,"srcset":"https:\/\/i0.wp.com\/www.freidenker.org\/fw17\/wp-content\/uploads\/2018\/02\/Ramstein-2017.jpg?fit=800%2C445&ssl=1&resize=350%2C200 1x, https:\/\/i0.wp.com\/www.freidenker.org\/fw17\/wp-content\/uploads\/2018\/02\/Ramstein-2017.jpg?fit=800%2C445&ssl=1&resize=525%2C300 1.5x, https:\/\/i0.wp.com\/www.freidenker.org\/fw17\/wp-content\/uploads\/2018\/02\/Ramstein-2017.jpg?fit=800%2C445&ssl=1&resize=700%2C400 2x"},"classes":[]},{"id":1477,"url":"https:\/\/www.freidenker.org\/?p=1477","url_meta":{"origin":13066,"position":5},"title":"Pulverfass Ramstein: Von Deutschland geht Krieg aus","author":"Webredaktion","date":"6. November 2017","format":false,"excerpt":"Information zu einer Veranstaltung der Hanauer Friedensplattform am 9.11.2017 mit Klaus Hartmann Aus Hanau sind die US-Truppen vollst\u00e4ndig abgezogen. Aus Kasernen wurden bei uns zivile Wohnanlagen und Fl\u00fcchtlingsunterk\u00fcnfte. Trotzdem sitzen wir auf einem gef\u00e4hrlichen Pulverfass: Es gibt noch \u00fcber 15 bedeutsame US-Milit\u00e4rstandorte in der Bundesrepublik. Einer der wichtigsten ist Ramstein\/Kaiserslautern\u2026","rel":"","context":"In &quot;Frieden - Antifaschismus - Solidarit\u00e4t&quot;","block_context":{"text":"Frieden - Antifaschismus - Solidarit\u00e4t","link":"https:\/\/www.freidenker.org\/?cat=13"},"img":{"alt_text":"","src":"https:\/\/i0.wp.com\/www.freidenker.org\/fw17\/wp-content\/uploads\/2017\/11\/Ramstein_Control_Tower_mL.jpg?fit=800%2C445&ssl=1&resize=350%2C200","width":350,"height":200,"srcset":"https:\/\/i0.wp.com\/www.freidenker.org\/fw17\/wp-content\/uploads\/2017\/11\/Ramstein_Control_Tower_mL.jpg?fit=800%2C445&ssl=1&resize=350%2C200 1x, https:\/\/i0.wp.com\/www.freidenker.org\/fw17\/wp-content\/uploads\/2017\/11\/Ramstein_Control_Tower_mL.jpg?fit=800%2C445&ssl=1&resize=525%2C300 1.5x, https:\/\/i0.wp.com\/www.freidenker.org\/fw17\/wp-content\/uploads\/2017\/11\/Ramstein_Control_Tower_mL.jpg?fit=800%2C445&ssl=1&resize=700%2C400 2x"},"classes":[]}],"_links":{"self":[{"href":"https:\/\/www.freidenker.org\/index.php?rest_route=\/wp\/v2\/posts\/13066","targetHints":{"allow":["GET"]}}],"collection":[{"href":"https:\/\/www.freidenker.org\/index.php?rest_route=\/wp\/v2\/posts"}],"about":[{"href":"https:\/\/www.freidenker.org\/index.php?rest_route=\/wp\/v2\/types\/post"}],"author":[{"embeddable":true,"href":"https:\/\/www.freidenker.org\/index.php?rest_route=\/wp\/v2\/users\/3"}],"replies":[{"embeddable":true,"href":"https:\/\/www.freidenker.org\/index.php?rest_route=%2Fwp%2Fv2%2Fcomments&post=13066"}],"version-history":[{"count":0,"href":"https:\/\/www.freidenker.org\/index.php?rest_route=\/wp\/v2\/posts\/13066\/revisions"}],"wp:featuredmedia":[{"embeddable":true,"href":"https:\/\/www.freidenker.org\/index.php?rest_route=\/wp\/v2\/media\/13068"}],"wp:attachment":[{"href":"https:\/\/www.freidenker.org\/index.php?rest_route=%2Fwp%2Fv2%2Fmedia&parent=13066"}],"wp:term":[{"taxonomy":"category","embeddable":true,"href":"https:\/\/www.freidenker.org\/index.php?rest_route=%2Fwp%2Fv2%2Fcategories&post=13066"},{"taxonomy":"post_tag","embeddable":true,"href":"https:\/\/www.freidenker.org\/index.php?rest_route=%2Fwp%2Fv2%2Ftags&post=13066"}],"curies":[{"name":"wp","href":"https:\/\/api.w.org\/{rel}","templated":true}]}}