{"id":13059,"date":"2022-05-09T00:49:31","date_gmt":"2022-05-08T22:49:31","guid":{"rendered":"https:\/\/www.freidenker.org\/?p=13059"},"modified":"2022-05-28T17:52:21","modified_gmt":"2022-05-28T15:52:21","slug":"unsere-sicherheit-in-der-ukraine","status":"publish","type":"post","link":"https:\/\/www.freidenker.org\/?p=13059","title":{"rendered":"&#8222;Unsere Sicherheit&#8220; in der Ukraine"},"content":{"rendered":"<p>von <strong>Annette Groth<\/strong><\/p>\n<p><span style=\"font-size: 10pt;\">Erstver\u00f6ffentlichung am 01.05.2022 auf <a href=\"https:\/\/keinzustand.at\/annette-groth\/unsere-sicherheit-in-der-ukraine\/\" target=\"_blank\" rel=\"noopener\">keinzustand.at<\/a><\/span><\/p>\n<p>Am 28. April 2022 hat der Deutsche Bundestag die Lieferung schwerer Waffen an die Ukraine beschlossen, ein Versto\u00df gegen das Grundgesetz, das Waffenexporte in Krisengebiete verbietet. Als politisches Ziel wird in dem Antrag eine \u00bbumfassende \u00f6konomische Isolierung und Abkoppelung Russlands von den internationalen M\u00e4rkten\u00ab benannt, eine gef\u00e4hrliche Forderung.<\/p>\n<p>Wir erleben gerade ein Dej\u00e1-vu: Nach der Diffamierung von KritikerInnen der Corona-Ma\u00dfnahmen und der mRNA-Impfstoffe sind nun die GegnerInnen der Waffenlieferungen an die Ukraine dran. Als \u201eLumpen-Pazifisten\u201c werden sie als 5. Kolonne wahrgenommen und somit zu Anh\u00e4ngern Putins gemacht. Alles Russische ist von \u00dcbel: sowjetische Ehrendenkm\u00e4ler werden besudelt, Gedenkfeierlichkeiten zum Tag der Befreiung am 8. Mai abgesagt. Der Gipfel der Russophobie war die Aussage der Vizedirektorin des Instituts der Europ\u00e4ischen Union f\u00fcr Sicherheitsstudien, Florence Gaub, in der Talkshow \u201eMarkus Lanz\u201c: \u201eWir d\u00fcrfen nicht vergessen, auch wenn Russen europ\u00e4isch aussehen, dass es keine Europ\u00e4er sind \u2013 jetzt im kulturellen Sinne \u2013 die einen anderen Bezug zu Gewalt haben, die einen anderen Bezug zu Tod haben.\u201c\u00a0 Unfassbar, dass keine\/r der anderen Talkshow-Teilnehmenden widersprach, darunter eine SPD-Ministerin! Es scheint, dass alte Ressentiments gegen \u201edie Russen\u201c jahrzehntelang geschlummert haben und jetzt mit aller Macht hervorbrechen.<\/p>\n<p>Trotz seiner unfl\u00e4tigen Verbalinjurien und der Verehrung f\u00fcr Stefan Bandera, dem bekannten Nazi-Kollaborateur, erh\u00e4lt der Botschafter der Ukraine in Deutschland, Andrij Melnyk, sch\u00e4ndlich viel Aufmerksamkeit. Das gleiche trifft auf Pr\u00e4sident Selenskyi zu, einen Unterst\u00fctzer der rechtsextremen Brigaden des Asow-Bataillons. Dar\u00fcber wird geschwiegen wie auch \u00fcber die 30 Biowaffenlabore in der Ukraine, deren Existenz die US-Unterstaatssekret\u00e4rin Victoria Nuland k\u00fcrzlich preisgegeben hat.<\/p>\n<p>Wenn gefordert wird, Putin als Kriegsverbrecher vor dem Internationalen Strafgerichtshof (ICC) anzuklagen, m\u00fcssen auch Kriegsverbrecher wie Obama, Trump, Biden, Netanjahu und viele andere angeklagt werden. Der Ukraine-Krieg illustriert die Doppelmoral des Westens und zeigt die Makulatur der \u201ewerteorientierten Au\u00dfenpolitik\u201c von Au\u00dfenministerin Baerbock. Statt Klimaschutz, Gleichberechtigung und Menschenrechte steht jetzt die \u201eVerteidigung unserer Freiheit und unserer Wehrhaftigkeit\u201c im Mittelpunkt der deutschen Au\u00dfenpolitik. Noch ein Dej\u00e1-vu: der damalige SPD-Verteidigungsminister Struck hat den Kriegseinsatz in Afghanistan vor 20 Jahren mit der Verteidigung \u201eunserer Sicherheit am Hindukusch\u201c gerechtfertigt. Der zweite Versuch, \u201eunsere Sicherheit und Freiheit\u201c mit Waffenlieferungen an die Ukraine zu schaffen, wird ebenso scheitern wie in Afghanistan.<\/p>\n<p style=\"text-align: right;\"><em>Annette Groth ist ehem. menschenrechtspolitische Sprecherin der Bundestagsfraktion der Partei DIE LINKE und Mitglied des Beirats des Deutschen Freidenker-Verbandes.<\/em><\/p>\n<hr \/>\n<p><span style=\"font-size: 10pt;\">Bild: Lage von Deutschland und der Ukraine in Europa<\/span><br \/>\n<span style=\"font-size: 10pt;\">Grafik: Groubani, <a href=\"http:\/\/creativecommons.org\/licenses\/by-sa\/3.0\/\" target=\"_blank\" rel=\"noopener\">CC BY-SA 3.0<\/a><\/span><span style=\"font-size: 10pt;\"> , bearbeitet: rlx<br \/>\nQuelle: <a href=\"https:\/\/commons.wikimedia.org\/w\/index.php?curid=24465031\" target=\"_blank\" rel=\"noopener\">https:\/\/commons.wikimedia.org\/w\/index.php?curid=24465031<\/a><\/span><\/p>\n","protected":false},"excerpt":{"rendered":"<p><b>Beitrag von Annette Groth<\/b><br \/>\nAm 28. April 2022 hat der Deutsche Bundestag die Lieferung schwerer Waffen an die Ukraine beschlossen, ein Versto\u00df gegen das Grundgesetz, das Waffenexporte in Krisengebiete verbietet. Als politisches Ziel wird in dem Antrag eine \u00bbumfassende \u00f6konomische Isolierung und Abkoppelung Russlands von den internationalen M\u00e4rkten\u00ab benannt, eine gef\u00e4hrliche Forderung. Wir erleben gerade ein Dej\u00e1-vu: Nach der Diffamierung von KritikerInnen der Corona-Ma\u00dfnahmen und der mRNA-Impfstoffe sind nun die GegnerInnen der Waffenlieferungen an die Ukraine dran. Als \u201eLumpen-Pazifisten\u201c werden sie als 5. Kolonne wahrgenommen und somit zu Anh\u00e4ngern Putins gemacht. <\/p>\n","protected":false},"author":3,"featured_media":13097,"comment_status":"closed","ping_status":"closed","sticky":false,"template":"","format":"standard","meta":{"colormag_page_container_layout":"default_layout","colormag_page_sidebar_layout":"default_layout","advanced_seo_description":"","jetpack_seo_html_title":"","jetpack_seo_noindex":false,"jetpack_post_was_ever_published":false,"footnotes":""},"categories":[13],"tags":[699,477,422,639,1525],"class_list":["post-13059","post","type-post","status-publish","format-standard","has-post-thumbnail","hentry","category-frieden-antifaschismus-solidaritaet","tag-aussenpolitik","tag-bundestag","tag-ruestung","tag-ukraine-konflikt","tag-waffenlieferungen"],"jetpack_featured_media_url":"https:\/\/i0.wp.com\/www.freidenker.org\/fw17\/wp-content\/uploads\/2022\/05\/Germany_Ukraine_Locator_v2_800x450.jpg?fit=800%2C450&ssl=1","jetpack_shortlink":"https:\/\/wp.me\/p9stpK-3oD","jetpack-related-posts":[{"id":19332,"url":"https:\/\/www.freidenker.org\/?p=19332","url_meta":{"origin":13059,"position":0},"title":"Selenskyj im Bundestag: Ohne BSW und AfD","author":"Webredaktion","date":"13. Juni 2024","format":false,"excerpt":"Am Dienstag (11.06.2024) hielt der russische Kom\u00f6diant, Schauspieler, ehemalige Pr\u00e4sident und derzeitige Diktator der Ukraine, Wolodymyr Selenskyj, eine Rede vor dem Deutschen Bundestag, um f\u00fcr weitere Unterst\u00fctzung seines Krieges gegen Russland bis zum letzten Ukrainer zu werben. Zwei Gruppierungen des Parlaments blieben dem makabren Zirkus erkl\u00e4rterma\u00dfen fern. Wir dokumentieren ihre\u2026","rel":"","context":"In &quot;Frieden - Antifaschismus - Solidarit\u00e4t&quot;","block_context":{"text":"Frieden - Antifaschismus - Solidarit\u00e4t","link":"https:\/\/www.freidenker.org\/?cat=13"},"img":{"alt_text":"","src":"https:\/\/i0.wp.com\/www.freidenker.org\/fw17\/wp-content\/uploads\/2024\/06\/Selenskyj_im_Bundestag_800x450.jpg?fit=800%2C450&ssl=1&resize=350%2C200","width":350,"height":200,"srcset":"https:\/\/i0.wp.com\/www.freidenker.org\/fw17\/wp-content\/uploads\/2024\/06\/Selenskyj_im_Bundestag_800x450.jpg?fit=800%2C450&ssl=1&resize=350%2C200 1x, https:\/\/i0.wp.com\/www.freidenker.org\/fw17\/wp-content\/uploads\/2024\/06\/Selenskyj_im_Bundestag_800x450.jpg?fit=800%2C450&ssl=1&resize=525%2C300 1.5x, https:\/\/i0.wp.com\/www.freidenker.org\/fw17\/wp-content\/uploads\/2024\/06\/Selenskyj_im_Bundestag_800x450.jpg?fit=800%2C450&ssl=1&resize=700%2C400 2x"},"classes":[]},{"id":19477,"url":"https:\/\/www.freidenker.org\/?p=19477","url_meta":{"origin":13059,"position":1},"title":"Was ist los mit dem B\u00fcndnis Sahra Wagenknecht?","author":"Webredaktion","date":"9. Juli 2024","format":false,"excerpt":"Beitrag von Anneliese Fikentscher und Andreas Neumann und Widerspruch aus dem LV NRW Die Abgeordneten zweier Parteien sind dem Auftritt von Wolodymyr Selenskyj im Bundestag am 11. Juni 2024 ferngeblieben: AfD und BSW. Die AfD-Fraktion ist mit folgender Begr\u00fcndung ihrer Fraktionsvorsitzenden Alice Weidel und Tino Chrupalla dem Auftritt von Selenskyj\u2026","rel":"","context":"In &quot;Demokratie \u2013 Medien \u2013 Aufkl\u00e4rung&quot;","block_context":{"text":"Demokratie \u2013 Medien \u2013 Aufkl\u00e4rung","link":"https:\/\/www.freidenker.org\/?cat=12"},"img":{"alt_text":"","src":"https:\/\/i0.wp.com\/www.freidenker.org\/fw17\/wp-content\/uploads\/2024\/07\/Wagenknecht._Nein_zu_Kriegen_2023_03_800x450.jpg?fit=800%2C450&ssl=1&resize=350%2C200","width":350,"height":200,"srcset":"https:\/\/i0.wp.com\/www.freidenker.org\/fw17\/wp-content\/uploads\/2024\/07\/Wagenknecht._Nein_zu_Kriegen_2023_03_800x450.jpg?fit=800%2C450&ssl=1&resize=350%2C200 1x, https:\/\/i0.wp.com\/www.freidenker.org\/fw17\/wp-content\/uploads\/2024\/07\/Wagenknecht._Nein_zu_Kriegen_2023_03_800x450.jpg?fit=800%2C450&ssl=1&resize=525%2C300 1.5x, https:\/\/i0.wp.com\/www.freidenker.org\/fw17\/wp-content\/uploads\/2024\/07\/Wagenknecht._Nein_zu_Kriegen_2023_03_800x450.jpg?fit=800%2C450&ssl=1&resize=700%2C400 2x"},"classes":[]},{"id":15100,"url":"https:\/\/www.freidenker.org\/?p=15100","url_meta":{"origin":13059,"position":2},"title":"Krieg als Selbstzweck: Das Ziel deutscher Waffenlieferungen","author":"Webredaktion","date":"31. Januar 2023","format":false,"excerpt":"Beitrag von Gert Ewen Ungar Bundeskanzler Olaf Scholz wird nicht m\u00fcde, der Ukraine die Unterst\u00fctzung Deutschlands zu versichern. Mit der Zusage der Lieferung von Leopard-2-Panzern steht die n\u00e4chste Forderung im Raum. Selenskij fordert nun Kampfjets. Begleitet wird diese Forderung von der Wiederholung seiner Absage an jegliche Verhandlungen mit dem russischen\u2026","rel":"","context":"In &quot;Frieden - Antifaschismus - Solidarit\u00e4t&quot;","block_context":{"text":"Frieden - Antifaschismus - Solidarit\u00e4t","link":"https:\/\/www.freidenker.org\/?cat=13"},"img":{"alt_text":"","src":"https:\/\/i0.wp.com\/www.freidenker.org\/fw17\/wp-content\/uploads\/2023\/01\/schuetzenpanzer-puma-der-bundeswehr_800x450.jpg?fit=800%2C450&ssl=1&resize=350%2C200","width":350,"height":200,"srcset":"https:\/\/i0.wp.com\/www.freidenker.org\/fw17\/wp-content\/uploads\/2023\/01\/schuetzenpanzer-puma-der-bundeswehr_800x450.jpg?fit=800%2C450&ssl=1&resize=350%2C200 1x, https:\/\/i0.wp.com\/www.freidenker.org\/fw17\/wp-content\/uploads\/2023\/01\/schuetzenpanzer-puma-der-bundeswehr_800x450.jpg?fit=800%2C450&ssl=1&resize=525%2C300 1.5x, https:\/\/i0.wp.com\/www.freidenker.org\/fw17\/wp-content\/uploads\/2023\/01\/schuetzenpanzer-puma-der-bundeswehr_800x450.jpg?fit=800%2C450&ssl=1&resize=700%2C400 2x"},"classes":[]},{"id":15200,"url":"https:\/\/www.freidenker.org\/?p=15200","url_meta":{"origin":13059,"position":3},"title":"Wir sind im Kriegsmodus","author":"Webredaktion","date":"11. Februar 2023","format":false,"excerpt":"Rede von Wolfgang Bittner Als Joseph Biden 2014 davon sprach, Wladimir Putin m\u00fcsse die Souver\u00e4nit\u00e4t der Ukraine respektieren, sonst werde sich Russland zunehmenden Konsequenzen gegen\u00fcbersehen, war der von den USA lange vorbereitete Staatsstreich in Kiew \u2013 unter Missachtung der Souver\u00e4nit\u00e4t der Ukraine \u2013 bereits vollzogen, und der B\u00fcrgerkrieg in der\u2026","rel":"","context":"In &quot;Frieden - Antifaschismus - Solidarit\u00e4t&quot;","block_context":{"text":"Frieden - Antifaschismus - Solidarit\u00e4t","link":"https:\/\/www.freidenker.org\/?cat=13"},"img":{"alt_text":"","src":"https:\/\/i0.wp.com\/www.freidenker.org\/fw17\/wp-content\/uploads\/2023\/02\/bittner_kriegsmodus_800x450.jpg?fit=800%2C450&ssl=1&resize=350%2C200","width":350,"height":200,"srcset":"https:\/\/i0.wp.com\/www.freidenker.org\/fw17\/wp-content\/uploads\/2023\/02\/bittner_kriegsmodus_800x450.jpg?fit=800%2C450&ssl=1&resize=350%2C200 1x, https:\/\/i0.wp.com\/www.freidenker.org\/fw17\/wp-content\/uploads\/2023\/02\/bittner_kriegsmodus_800x450.jpg?fit=800%2C450&ssl=1&resize=525%2C300 1.5x, https:\/\/i0.wp.com\/www.freidenker.org\/fw17\/wp-content\/uploads\/2023\/02\/bittner_kriegsmodus_800x450.jpg?fit=800%2C450&ssl=1&resize=700%2C400 2x"},"classes":[]},{"id":10908,"url":"https:\/\/www.freidenker.org\/?p=10908","url_meta":{"origin":13059,"position":4},"title":"Schlecht beraten: Thinktank der Bundesregierung r\u00e4t zu Waffenlieferungen an die Ukraine","author":"Webredaktion","date":"27. Juli 2021","format":false,"excerpt":"Beitrag von Gert Ewen Ungar Anfang Juli ver\u00f6ffentlichte die Stiftung Wissenschaft und Politik (SWP) einen Beitrag von Dumitru Minzarari und Susan Stewart. Die Autoren sprechen sich f\u00fcr Waffenlieferungen der Bundesrepublik an die Ukraine aus. Wichtig ist dabei der Erscheinungsort sowie die Argumentation. Die SWP ist ein bereits in den 1960er-Jahren\u2026","rel":"","context":"In &quot;Frieden - Antifaschismus - Solidarit\u00e4t&quot;","block_context":{"text":"Frieden - Antifaschismus - Solidarit\u00e4t","link":"https:\/\/www.freidenker.org\/?cat=13"},"img":{"alt_text":"","src":"https:\/\/i0.wp.com\/www.freidenker.org\/fw17\/wp-content\/uploads\/2021\/07\/ukrainische_soldaten_800x450.jpg?fit=800%2C450&ssl=1&resize=350%2C200","width":350,"height":200,"srcset":"https:\/\/i0.wp.com\/www.freidenker.org\/fw17\/wp-content\/uploads\/2021\/07\/ukrainische_soldaten_800x450.jpg?fit=800%2C450&ssl=1&resize=350%2C200 1x, https:\/\/i0.wp.com\/www.freidenker.org\/fw17\/wp-content\/uploads\/2021\/07\/ukrainische_soldaten_800x450.jpg?fit=800%2C450&ssl=1&resize=525%2C300 1.5x, https:\/\/i0.wp.com\/www.freidenker.org\/fw17\/wp-content\/uploads\/2021\/07\/ukrainische_soldaten_800x450.jpg?fit=800%2C450&ssl=1&resize=700%2C400 2x"},"classes":[]},{"id":23712,"url":"https:\/\/www.freidenker.org\/?p=23712","url_meta":{"origin":13059,"position":5},"title":"Generaldebatte im Bundestag: Abschied der deutschen Politik von der Realit\u00e4t","author":"Webredaktion","date":"5. Dezember 2025","format":false,"excerpt":"Beitrag von Gert Ewen Ungar Die Generaldebatte im Deutschen Bundestag hinterl\u00e4sst einen starken Eindruck. Dieser starke Eindruck besteht vor allem darin, dass sich die Bundesregierung, allen voran der Bundeskanzler, aber auch ein Gro\u00dfteil der Abgeordneten, von der Realit\u00e4t l\u00e4ngst verabschiedet hat. Sie leben in einer Parallelwelt, in der andere, n\u00e4mlich\u2026","rel":"","context":"In &quot;Demokratie \u2013 Medien \u2013 Aufkl\u00e4rung&quot;","block_context":{"text":"Demokratie \u2013 Medien \u2013 Aufkl\u00e4rung","link":"https:\/\/www.freidenker.org\/?cat=12"},"img":{"alt_text":"","src":"https:\/\/i0.wp.com\/www.freidenker.org\/fw17\/wp-content\/uploads\/2025\/12\/CPAC_Hungary_2025_147_800x450.jpg?fit=800%2C450&ssl=1&resize=350%2C200","width":350,"height":200,"srcset":"https:\/\/i0.wp.com\/www.freidenker.org\/fw17\/wp-content\/uploads\/2025\/12\/CPAC_Hungary_2025_147_800x450.jpg?fit=800%2C450&ssl=1&resize=350%2C200 1x, https:\/\/i0.wp.com\/www.freidenker.org\/fw17\/wp-content\/uploads\/2025\/12\/CPAC_Hungary_2025_147_800x450.jpg?fit=800%2C450&ssl=1&resize=525%2C300 1.5x, https:\/\/i0.wp.com\/www.freidenker.org\/fw17\/wp-content\/uploads\/2025\/12\/CPAC_Hungary_2025_147_800x450.jpg?fit=800%2C450&ssl=1&resize=700%2C400 2x"},"classes":[]}],"_links":{"self":[{"href":"https:\/\/www.freidenker.org\/index.php?rest_route=\/wp\/v2\/posts\/13059","targetHints":{"allow":["GET"]}}],"collection":[{"href":"https:\/\/www.freidenker.org\/index.php?rest_route=\/wp\/v2\/posts"}],"about":[{"href":"https:\/\/www.freidenker.org\/index.php?rest_route=\/wp\/v2\/types\/post"}],"author":[{"embeddable":true,"href":"https:\/\/www.freidenker.org\/index.php?rest_route=\/wp\/v2\/users\/3"}],"replies":[{"embeddable":true,"href":"https:\/\/www.freidenker.org\/index.php?rest_route=%2Fwp%2Fv2%2Fcomments&post=13059"}],"version-history":[{"count":0,"href":"https:\/\/www.freidenker.org\/index.php?rest_route=\/wp\/v2\/posts\/13059\/revisions"}],"wp:featuredmedia":[{"embeddable":true,"href":"https:\/\/www.freidenker.org\/index.php?rest_route=\/wp\/v2\/media\/13097"}],"wp:attachment":[{"href":"https:\/\/www.freidenker.org\/index.php?rest_route=%2Fwp%2Fv2%2Fmedia&parent=13059"}],"wp:term":[{"taxonomy":"category","embeddable":true,"href":"https:\/\/www.freidenker.org\/index.php?rest_route=%2Fwp%2Fv2%2Fcategories&post=13059"},{"taxonomy":"post_tag","embeddable":true,"href":"https:\/\/www.freidenker.org\/index.php?rest_route=%2Fwp%2Fv2%2Ftags&post=13059"}],"curies":[{"name":"wp","href":"https:\/\/api.w.org\/{rel}","templated":true}]}}