{"id":12909,"date":"2022-04-25T02:06:03","date_gmt":"2022-04-25T00:06:03","guid":{"rendered":"https:\/\/www.freidenker.org\/?p=12909"},"modified":"2022-05-14T12:52:26","modified_gmt":"2022-05-14T10:52:26","slug":"die-dreistigkeit-der-bellizisten","status":"publish","type":"post","link":"https:\/\/www.freidenker.org\/?p=12909","title":{"rendered":"Die Dreistigkeit der Bellizisten"},"content":{"rendered":"<p><em>Von <strong>Wolfgang Bittner<\/strong><\/em><\/p>\n<p><span style=\"font-size: 10pt;\">Erstver\u00f6ffentlichung am 21.04.2022 auf <a href=\"https:\/\/www.nachdenkseiten.de\/?p=83152\" target=\"_blank\" rel=\"noopener\">nachdenkseiten.de<\/a><\/span><\/p>\n<p>Milliarden und Abermilliarden f\u00fcr den Krieg, immer mehr Waffen und immer mehr Propaganda. Zu welchem Ende kann das f\u00fchren? Aber diese Frage scheinen sich in Politik und Medien nur sehr Wenige zu stellen. Stattdessen wird gegen Russland gehetzt und aufger\u00fcstet. Schon wer nach den Ursachen des Krieges in der Ukraine und deren gesellschaftliche Entwicklung seit dem Regime Change von 2014 fragt, macht sich verd\u00e4chtig, wird diskriminiert und ist von Existenzentziehung bedroht. So sieht es im \u201eLand der Dichter und Denker\u201c schon seit einigen Jahren und ins Ma\u00dflose \u00fcbersteigert seit einigen Monaten aus.<\/p>\n<p>Ministerpr\u00e4sidentin Manuela Schwesig wollte die Gasversorgung f\u00fcr Deutschland sicherstellen und Arbeitspl\u00e4tze in Mecklenburg-Vorpommern schaffen. Daf\u00fcr wurde sie von der Bev\u00f6lkerung gew\u00e4hlt, und insofern hat sie genau das getan, was ihre Aufgabe war. Dass sie jetzt im Rahmen der Kriegshetze gegen Russland angefeindet wird,<a href=\"#_edn1\" name=\"_ednref1\">[1]<\/a> entspricht den Vorgaben, die US-affine Politikerinnen und Politiker vom Hegemon aus Washington erhalten und umsetzen.<\/p>\n<p>Es sind groteske Vorg\u00e4nge, die sich abspielen. So sprach der CDU-Au\u00dfenpolitiker Norbert R\u00f6ttgen von <em>\u201eVerflechtungen mit Moskau\u201c<\/em> und legte Schwesig den R\u00fccktritt nahe. Und der Vorsitzende des Europaausschusses im Bundestag, Anton Hofreiter (B\u00fcndnis90\/Die Gr\u00fcnen), forderte, Schwesig solle sich jetzt f\u00fcr ein \u00d6l-Embargo und die Lieferung schwerer Waffen an die Ukraine einsetzen.<a href=\"#_edn2\" name=\"_ednref2\">[2]<\/a> Auch gegen weitere SPD-Politiker wird wegen eines angeblich zu kooperativen Verhaltens zu Russland polemisiert, unter anderem gegen den ehemaligen Vizekanzler und Bundesau\u00dfenminister Sigmar Gabriel. Als ob es ein Vergehen w\u00e4re, mit anderen Regierungen diplomatische Beziehungen oder mit Gesch\u00e4ftspartnern Kontakte zu unterhalten.<\/p>\n<p>Die Hetze steigerte sich ins Absurde, als Bundespr\u00e4sident Frank-Walter Steinmeier von Agitatoren des Krieges eine zu gro\u00dfe N\u00e4he zu Russland vorgeworfen wurde. Deswegen sei Steinmeier, der \u201eaus Solidarit\u00e4t\u201c in die Ukraine reisen wollte, dort unerw\u00fcnscht, hie\u00df es aus Kiew. Und der sich seit Monaten als Einpeitscher aufspielende ukrainische Botschafter Andreij Melnyk sprach von \u201egedanklicher N\u00e4he\u201c zu Putin und einem \u201eSpinnennetz\u201c von Russland-Kontakten.<a href=\"#_edn3\" name=\"_ednref3\">[3]<\/a> Er verstieg sich sogar zu der Behauptung: <em>\u201eF\u00fcr Steinmeier war und bleibt das Verh\u00e4ltnis zu Russland etwas Fundamentales, ja Heiliges, egal was geschieht. Auch der Angriffskrieg spielt da keine gro\u00dfe Rolle.\u201c<\/em><a href=\"#_edn4\" name=\"_ednref4\">[4]<\/a> Dabei ist sp\u00e4testens seit dem Besuch Steinmeiers in Montenegro im September 2016 erwiesen, dass Steinmeier ein Nato-Propagandist reinsten Wassers ist.<a href=\"#_edn5\" name=\"_ednref5\">[5]<\/a><\/p>\n<p>Agitatoren und Marionetten US-amerikanischer Imperialpolitik f\u00fchren das gro\u00dfe Wort und bestimmen die deutsche Sicherheitspolitik. Vermutungen \u00fcber angebliche Gr\u00e4ueltaten russischer Soldaten werden zum Anlass genommen, immer h\u00e4rtere Sanktionen gegen Russland und die Lieferung schwerer Waffen f\u00fcr die Ukraine zu fordern, ohne \u00fcber die Konsequenzen nachzudenken. Nach mehrmaligen Wiederholungen wird ein Verdacht als Tatsache dargestellt, auch wenn Russland dementiert. So gilt inzwischen als erwiesen, dass die Kriegsverbrechen in Butscha und anderen ukrainischen St\u00e4dten von russischen Soldaten begangen wurden, obwohl sie nach russischer Darstellung erst nach Abzug ihrer Truppen geschehen sind. Es sind Verbrechen im Verlauf des Krieges, die aufgekl\u00e4rt werden m\u00fcssen, bevor ein Urteil gef\u00e4llt werden kann.<\/p>\n<p>Der ehemalige Nato-Milit\u00e4ranalyst und Buchautor Jacques Baud schreibt zurecht, es gehe darum zu verstehen, was zu dem Krieg gef\u00fchrt hat. Er stellt fest, <em>\u201edass die \u201aExperten\u2018, die sich im Fernsehen abwechseln, die Situation auf der Grundlage zweifelhafter Informationen analysieren\u201c<\/em>, zumeist von Hypothesen ausgehen, <em>\u201edie in Fakten umgewandelt werden, so dass es uns nicht mehr gelingt zu verstehen, was geschieht\u201c<\/em>. So schaffe man Panik.<a href=\"#_edn6\" name=\"_ednref6\">[6]<\/a><\/p>\n<p>Die deutsche Gesellschaft wird mehr und mehr chaotisiert und entdemokratisiert, die Armut der ohnehin schon armen Bev\u00f6lkerungsgruppen und von Teilen des Mittelstandes nimmt erschreckend zu, einzelne Wirtschaftszweige stehen vor dem Ruin. Wenn die wohlfeilen Aufforderungen der Ukraine, Polens und der baltischen Staaten, Deutschland solle auf Gas und \u00d6l aus Russland verzichten, von deutschen Politikerinnen und Politikern beflissen \u00fcbernommen werden, zeugt das von absoluter Missachtung der Interessen der eigenen Bev\u00f6lkerung. Es ist ein Bruch des Amtseides, den diese \u201eVolksvertreter\u201c geleistet haben, der da lautet, dem Wohle des deutschen Volkes zu dienen und Schaden von ihm abzuwenden.<\/p>\n<p style=\"text-align: right;\"><em>Wolfgang Bittner, Jahrgang 1941,\u00a0 lebt als freier Schriftsteller in G\u00f6ttingen<\/em><\/p>\n<p>Quellen<\/p>\n<p><a href=\"#_ednref1\" name=\"_edn1\">[1]<\/a> Siehe <a href=\"https:\/\/www.ndr.de\/nachrichten\/mecklenburg-vorpommern\/Gruene-fordern-Aufarbeitung-von-Schwesigs-Rolle-bei-Nord-Stream-2,schwesig1170.html\">Gr\u00fcne fordern Aufarbeitung von Schwesigs Rolle bei Nord Stream 2 | NDR.de &#8211; Nachrichten &#8211; Mecklenburg-Vorpommern<\/a><\/p>\n<p><a href=\"#_ednref2\" name=\"_edn2\">[2]<\/a> Ebd.<\/p>\n<p><a href=\"#_ednref3\" name=\"_edn3\">[3]<\/a> Vgl. <a href=\"https:\/\/www.n-tv.de\/politik\/Gabriel-wirft-Melnyk-Verschwoerungstheorien-vor-article23272841.html\">&#8222;Wahrheitswidrig und b\u00f6sartig&#8220;: Gabriel wirft Melnyk &#8222;Verschw\u00f6rungstheorien&#8220; vor &#8211; n-tv.de<\/a>. Sowie: <a href=\"https:\/\/www.berliner-zeitung.de\/politik-gesellschaft\/ukrainischer-botschafter-beleidigt-steinmeier-das-geht-zu-weit-li.220323\">Ukrainischer Botschafter beleidigt Steinmeier &#8211; Das geht zu weit! (berliner-zeitung.de)<\/a><\/p>\n<p><a href=\"#_ednref4\" name=\"_edn4\">[4]<\/a> Vgl. <a href=\"https:\/\/www.tagesschau.de\/multimedia\/sendung\/bab\/bab-melnyk-101.html\">Ukrainischer Botschafter: &#8222;Scholz muss Sanktionen zur Chefsache erkl\u00e4ren&#8220; | tagesschau.de<\/a><\/p>\n<p><a href=\"#_ednref5\" name=\"_edn5\">[5]<\/a> Dazu: Wolfgang Bittner, Der neue West-Ost-Konflikt, Verlag zeitgeist 2019, S. 274 f.<\/p>\n<p><a href=\"#_ednref6\" name=\"_edn6\">[6]<\/a> <a href=\"http:\/\/sicht-vom-hochblauen.de\/ehemaliger-nato-militaeranalyst-entlarvt-westliches-invasionsnarrativ-in-der-ukraine\/\">Ehemaliger NATO-Milit\u00e4ranalyst entlarvt westliches Invasionsnarrativ in der Ukraine Jacques Baud &#8211; Sicht vom Hochblauen (sicht-vom-hochblauen.de)<\/a><\/p>\n<p>&nbsp;<\/p>\n<p><span style=\"font-size: 10pt;\">Link zur Erstver\u00f6ffentlichung: <a href=\"https:\/\/www.nachdenkseiten.de\/?p=83152\">https:\/\/www.nachdenkseiten.de\/?p=83152<\/a><\/span><\/p>\n<hr \/>\n<p><span style=\"font-size: 10pt;\">Bild: <a href=\"https:\/\/pixabay.com\/de\/photos\/geld-verbrennen-geldschein-verbrennen-1463224\/\" target=\"_blank\" rel=\"noopener\">pixabay.com<\/a> \/ <a class=\"hover_opacity\" href=\"https:\/\/pixabay.com\/de\/users\/wolfblur-2503887\/\">WolfBlur<\/a> \/ <a href=\"https:\/\/pixabay.com\/de\/service\/license\/\">Pixabay License<\/a><\/span><\/p>\n<p>&nbsp;<\/p>\n","protected":false},"excerpt":{"rendered":"<p><b>Beitrag von Wolfgang Bittner<\/b><br \/>\nMilliarden und Abermilliarden f\u00fcr den Krieg, immer mehr Waffen und immer mehr Propaganda. Zu welchem Ende kann das f\u00fchren? Aber diese Frage scheinen sich in Politik und Medien nur sehr Wenige zu stellen. Stattdessen wird gegen Russland gehetzt und aufger\u00fcstet. Schon wer nach den Ursachen des Krieges in der Ukraine und deren gesellschaftliche Entwicklung seit dem Regime Change von 2014 fragt, macht sich verd\u00e4chtig, wird diskriminiert und ist von Existenzentziehung bedroht. So sieht es im \u201eLand der Dichter und Denker\u201c schon seit einigen Jahren und ins Ma\u00dflose \u00fcbersteigert seit einigen Monaten aus.<\/p>\n","protected":false},"author":3,"featured_media":12910,"comment_status":"closed","ping_status":"closed","sticky":false,"template":"","format":"standard","meta":{"colormag_page_container_layout":"default_layout","colormag_page_sidebar_layout":"default_layout","advanced_seo_description":"","jetpack_seo_html_title":"","jetpack_seo_noindex":false,"jetpack_post_was_ever_published":false,"footnotes":""},"categories":[13],"tags":[699,261,1032,1282,339,222,815,639],"class_list":["post-12909","post","type-post","status-publish","format-standard","has-post-thumbnail","hentry","category-frieden-antifaschismus-solidaritaet","tag-aussenpolitik","tag-bundespraesident","tag-bundesregierung","tag-gruene","tag-kriegspropaganda","tag-russland","tag-spd","tag-ukraine-konflikt"],"jetpack_featured_media_url":"https:\/\/i0.wp.com\/www.freidenker.org\/fw17\/wp-content\/uploads\/2022\/04\/burn-money-1463224_800x450.jpg?fit=800%2C450&ssl=1","jetpack_shortlink":"https:\/\/wp.me\/p9stpK-3md","jetpack-related-posts":[{"id":12452,"url":"https:\/\/www.freidenker.org\/?p=12452","url_meta":{"origin":12909,"position":0},"title":"Corona \u2013 Krieg \u2013 R\u00e4son","author":"Webredaktion","date":"14. M\u00e4rz 2022","format":false,"excerpt":"Ein Kommentar von Wolfgang Bittner Deutschland befindet sich seit einigen Tagen in einem \u201everdeckten Krieg\u201c mit Russland. Denn Waffenlieferungen an eine Kriegspartei sind ein kriegerischer Akt, und dabei l\u00e4sst sich nicht zwischen Kampfflugzeugen und Stinger-Raketen oder Panzerf\u00e4usten unterscheiden. Jetzt kommen aufgrund des Krieges in der Ukraine mehr als eine Million\u2026","rel":"","context":"In &quot;Demokratie \u2013 Medien \u2013 Aufkl\u00e4rung&quot;","block_context":{"text":"Demokratie \u2013 Medien \u2013 Aufkl\u00e4rung","link":"https:\/\/www.freidenker.org\/?cat=12"},"img":{"alt_text":"","src":"https:\/\/i0.wp.com\/www.freidenker.org\/fw17\/wp-content\/uploads\/2022\/03\/Rohre_fuer_Nord_Stream_2_in_Mukran._800x450jpg.jpg?fit=800%2C450&ssl=1&resize=350%2C200","width":350,"height":200,"srcset":"https:\/\/i0.wp.com\/www.freidenker.org\/fw17\/wp-content\/uploads\/2022\/03\/Rohre_fuer_Nord_Stream_2_in_Mukran._800x450jpg.jpg?fit=800%2C450&ssl=1&resize=350%2C200 1x, https:\/\/i0.wp.com\/www.freidenker.org\/fw17\/wp-content\/uploads\/2022\/03\/Rohre_fuer_Nord_Stream_2_in_Mukran._800x450jpg.jpg?fit=800%2C450&ssl=1&resize=525%2C300 1.5x, https:\/\/i0.wp.com\/www.freidenker.org\/fw17\/wp-content\/uploads\/2022\/03\/Rohre_fuer_Nord_Stream_2_in_Mukran._800x450jpg.jpg?fit=800%2C450&ssl=1&resize=700%2C400 2x"},"classes":[]},{"id":13157,"url":"https:\/\/www.freidenker.org\/?p=13157","url_meta":{"origin":12909,"position":1},"title":"Wo sind wir, was erwartet uns in Europa und in Deutschland?","author":"Webredaktion","date":"18. Mai 2022","format":false,"excerpt":"Interview von RT DE mit Wolfgang Bittner Herr Bittner,\u00a0ein Krieg und immer chaotischere Zust\u00e4nde stehen nicht mehr vor der T\u00fcr, sondern sind bereits mitten in Europa. Wohin gehen Ihrer Meinung nach das chaotisierte und entdemokratisierte Europa und an erster Stelle Deutschland? Wo sind wir, was erwartet uns in Europa und\u2026","rel":"","context":"In &quot;Frieden - Antifaschismus - Solidarit\u00e4t&quot;","block_context":{"text":"Frieden - Antifaschismus - Solidarit\u00e4t","link":"https:\/\/www.freidenker.org\/?cat=13"},"img":{"alt_text":"","src":"https:\/\/i0.wp.com\/www.freidenker.org\/fw17\/wp-content\/uploads\/2022\/05\/Berlin_Pariser_Platz_with_lighted_Brandenburg_Gate_2022-02-24_800x450.jpg?fit=800%2C450&ssl=1&resize=350%2C200","width":350,"height":200,"srcset":"https:\/\/i0.wp.com\/www.freidenker.org\/fw17\/wp-content\/uploads\/2022\/05\/Berlin_Pariser_Platz_with_lighted_Brandenburg_Gate_2022-02-24_800x450.jpg?fit=800%2C450&ssl=1&resize=350%2C200 1x, https:\/\/i0.wp.com\/www.freidenker.org\/fw17\/wp-content\/uploads\/2022\/05\/Berlin_Pariser_Platz_with_lighted_Brandenburg_Gate_2022-02-24_800x450.jpg?fit=800%2C450&ssl=1&resize=525%2C300 1.5x, https:\/\/i0.wp.com\/www.freidenker.org\/fw17\/wp-content\/uploads\/2022\/05\/Berlin_Pariser_Platz_with_lighted_Brandenburg_Gate_2022-02-24_800x450.jpg?fit=800%2C450&ssl=1&resize=700%2C400 2x"},"classes":[]},{"id":12356,"url":"https:\/\/www.freidenker.org\/?p=12356","url_meta":{"origin":12909,"position":2},"title":"Ein irrer Propagandafeldzug gegen Russland","author":"Webredaktion","date":"3. M\u00e4rz 2022","format":false,"excerpt":"Ein Kommentar von Wolfgang Bittner Putin sei ein M\u00f6rder, sagte Joe Biden im M\u00e4rz 2021, und Ronald Reagan hatte Russland 1983 kurzerhand zum ''Reich des B\u00f6sen'' erkl\u00e4rt. Damit lie\u00dfen sich alle Aggressionen und Sanktionen gegen ein europ\u00e4isches Land und dessen Pr\u00e4sidenten, der sich den Machtanspr\u00fcchen der USA widersetzte, vor den\u2026","rel":"","context":"In &quot;Demokratie \u2013 Medien \u2013 Aufkl\u00e4rung&quot;","block_context":{"text":"Demokratie \u2013 Medien \u2013 Aufkl\u00e4rung","link":"https:\/\/www.freidenker.org\/?cat=12"},"img":{"alt_text":"","src":"https:\/\/i0.wp.com\/www.freidenker.org\/fw17\/wp-content\/uploads\/2022\/03\/Collage_Screenshots_russland-hass_800x450-1.jpg?fit=800%2C445&ssl=1&resize=350%2C200","width":350,"height":200,"srcset":"https:\/\/i0.wp.com\/www.freidenker.org\/fw17\/wp-content\/uploads\/2022\/03\/Collage_Screenshots_russland-hass_800x450-1.jpg?fit=800%2C445&ssl=1&resize=350%2C200 1x, https:\/\/i0.wp.com\/www.freidenker.org\/fw17\/wp-content\/uploads\/2022\/03\/Collage_Screenshots_russland-hass_800x450-1.jpg?fit=800%2C445&ssl=1&resize=525%2C300 1.5x, https:\/\/i0.wp.com\/www.freidenker.org\/fw17\/wp-content\/uploads\/2022\/03\/Collage_Screenshots_russland-hass_800x450-1.jpg?fit=800%2C445&ssl=1&resize=700%2C400 2x"},"classes":[]},{"id":15200,"url":"https:\/\/www.freidenker.org\/?p=15200","url_meta":{"origin":12909,"position":3},"title":"Wir sind im Kriegsmodus","author":"Webredaktion","date":"11. Februar 2023","format":false,"excerpt":"Rede von Wolfgang Bittner Als Joseph Biden 2014 davon sprach, Wladimir Putin m\u00fcsse die Souver\u00e4nit\u00e4t der Ukraine respektieren, sonst werde sich Russland zunehmenden Konsequenzen gegen\u00fcbersehen, war der von den USA lange vorbereitete Staatsstreich in Kiew \u2013 unter Missachtung der Souver\u00e4nit\u00e4t der Ukraine \u2013 bereits vollzogen, und der B\u00fcrgerkrieg in der\u2026","rel":"","context":"In &quot;Frieden - Antifaschismus - Solidarit\u00e4t&quot;","block_context":{"text":"Frieden - Antifaschismus - Solidarit\u00e4t","link":"https:\/\/www.freidenker.org\/?cat=13"},"img":{"alt_text":"","src":"https:\/\/i0.wp.com\/www.freidenker.org\/fw17\/wp-content\/uploads\/2023\/02\/bittner_kriegsmodus_800x450.jpg?fit=800%2C450&ssl=1&resize=350%2C200","width":350,"height":200,"srcset":"https:\/\/i0.wp.com\/www.freidenker.org\/fw17\/wp-content\/uploads\/2023\/02\/bittner_kriegsmodus_800x450.jpg?fit=800%2C450&ssl=1&resize=350%2C200 1x, https:\/\/i0.wp.com\/www.freidenker.org\/fw17\/wp-content\/uploads\/2023\/02\/bittner_kriegsmodus_800x450.jpg?fit=800%2C450&ssl=1&resize=525%2C300 1.5x, https:\/\/i0.wp.com\/www.freidenker.org\/fw17\/wp-content\/uploads\/2023\/02\/bittner_kriegsmodus_800x450.jpg?fit=800%2C450&ssl=1&resize=700%2C400 2x"},"classes":[]},{"id":19272,"url":"https:\/\/www.freidenker.org\/?p=19272","url_meta":{"origin":12909,"position":4},"title":"Weil der Westen es will: Es wird Krieg geben","author":"Webredaktion","date":"3. Juni 2024","format":false,"excerpt":"Beitrag von Tom J. Wellbrock Die Argumentation des Westens \u2013 und auch Deutschlands \u2013 hat sich ge\u00e4ndert. Dadurch begibt er sich in eine Situation, aus der er, selbst wenn er es wollte, nicht mehr so leicht herauskommt. Man kann sich den Kopf dar\u00fcber zerbrechen, welchen Antrieb die einzelnen Beteiligten haben,\u2026","rel":"","context":"In &quot;Demokratie \u2013 Medien \u2013 Aufkl\u00e4rung&quot;","block_context":{"text":"Demokratie \u2013 Medien \u2013 Aufkl\u00e4rung","link":"https:\/\/www.freidenker.org\/?cat=12"},"img":{"alt_text":"","src":"https:\/\/i0.wp.com\/www.freidenker.org\/fw17\/wp-content\/uploads\/2024\/06\/soldier-8499586_800x450.jpg?fit=800%2C450&ssl=1&resize=350%2C200","width":350,"height":200,"srcset":"https:\/\/i0.wp.com\/www.freidenker.org\/fw17\/wp-content\/uploads\/2024\/06\/soldier-8499586_800x450.jpg?fit=800%2C450&ssl=1&resize=350%2C200 1x, https:\/\/i0.wp.com\/www.freidenker.org\/fw17\/wp-content\/uploads\/2024\/06\/soldier-8499586_800x450.jpg?fit=800%2C450&ssl=1&resize=525%2C300 1.5x, https:\/\/i0.wp.com\/www.freidenker.org\/fw17\/wp-content\/uploads\/2024\/06\/soldier-8499586_800x450.jpg?fit=800%2C450&ssl=1&resize=700%2C400 2x"},"classes":[]},{"id":16355,"url":"https:\/\/www.freidenker.org\/?p=16355","url_meta":{"origin":12909,"position":5},"title":"Unter Vormundschaft","author":"Webredaktion","date":"24. Juni 2023","format":false,"excerpt":"Kommentar von Wolfgang Bittner Die USA schaffen nach dem Prinzip \u201eteile und herrsche\u201c seit Jahrzehnten zerst\u00f6rte und zerst\u00fcckelte L\u00e4nder: Korea, Vietnam, Cypern, Jugoslawien, Libyen, Irak, Syrien \u2013 um nur einige zu nennen. Deutschland ist ein ganz spezieller Fall, seit 1945 nach der bedingungslosen Kapitulation in der Hand der USA. Wie\u2026","rel":"","context":"In &quot;Demokratie \u2013 Medien \u2013 Aufkl\u00e4rung&quot;","block_context":{"text":"Demokratie \u2013 Medien \u2013 Aufkl\u00e4rung","link":"https:\/\/www.freidenker.org\/?cat=12"},"img":{"alt_text":"","src":"https:\/\/i0.wp.com\/www.freidenker.org\/fw17\/wp-content\/uploads\/2023\/06\/Flags_USA_and_Germany_800x450.jpg?fit=800%2C450&ssl=1&resize=350%2C200","width":350,"height":200,"srcset":"https:\/\/i0.wp.com\/www.freidenker.org\/fw17\/wp-content\/uploads\/2023\/06\/Flags_USA_and_Germany_800x450.jpg?fit=800%2C450&ssl=1&resize=350%2C200 1x, https:\/\/i0.wp.com\/www.freidenker.org\/fw17\/wp-content\/uploads\/2023\/06\/Flags_USA_and_Germany_800x450.jpg?fit=800%2C450&ssl=1&resize=525%2C300 1.5x, https:\/\/i0.wp.com\/www.freidenker.org\/fw17\/wp-content\/uploads\/2023\/06\/Flags_USA_and_Germany_800x450.jpg?fit=800%2C450&ssl=1&resize=700%2C400 2x"},"classes":[]}],"_links":{"self":[{"href":"https:\/\/www.freidenker.org\/index.php?rest_route=\/wp\/v2\/posts\/12909","targetHints":{"allow":["GET"]}}],"collection":[{"href":"https:\/\/www.freidenker.org\/index.php?rest_route=\/wp\/v2\/posts"}],"about":[{"href":"https:\/\/www.freidenker.org\/index.php?rest_route=\/wp\/v2\/types\/post"}],"author":[{"embeddable":true,"href":"https:\/\/www.freidenker.org\/index.php?rest_route=\/wp\/v2\/users\/3"}],"replies":[{"embeddable":true,"href":"https:\/\/www.freidenker.org\/index.php?rest_route=%2Fwp%2Fv2%2Fcomments&post=12909"}],"version-history":[{"count":0,"href":"https:\/\/www.freidenker.org\/index.php?rest_route=\/wp\/v2\/posts\/12909\/revisions"}],"wp:featuredmedia":[{"embeddable":true,"href":"https:\/\/www.freidenker.org\/index.php?rest_route=\/wp\/v2\/media\/12910"}],"wp:attachment":[{"href":"https:\/\/www.freidenker.org\/index.php?rest_route=%2Fwp%2Fv2%2Fmedia&parent=12909"}],"wp:term":[{"taxonomy":"category","embeddable":true,"href":"https:\/\/www.freidenker.org\/index.php?rest_route=%2Fwp%2Fv2%2Fcategories&post=12909"},{"taxonomy":"post_tag","embeddable":true,"href":"https:\/\/www.freidenker.org\/index.php?rest_route=%2Fwp%2Fv2%2Ftags&post=12909"}],"curies":[{"name":"wp","href":"https:\/\/api.w.org\/{rel}","templated":true}]}}