{"id":12907,"date":"2022-04-25T02:05:43","date_gmt":"2022-04-25T00:05:43","guid":{"rendered":"https:\/\/www.freidenker.org\/?p=12907"},"modified":"2022-05-14T12:51:59","modified_gmt":"2022-05-14T10:51:59","slug":"entscheidung-auf-dem-schlachtfeld-das-klingt-wie-1944","status":"publish","type":"post","link":"https:\/\/www.freidenker.org\/?p=12907","title":{"rendered":"&#8222;Entscheidung auf dem Schlachtfeld&#8220;? Das klingt wie 1944"},"content":{"rendered":"<p><strong>Die Kriegsrhetorik in Washington, Br\u00fcssel und Berlin nimmt Eskalation in Kauf und verleugnet die eigene Verantwortung. Dabei drohen die Verarmung der Bev\u00f6lkerung und das Ende Europas. Die Politik tut, als ginge sie das nichts an. <\/strong><\/p>\n<p><em>von <strong>Willy Wimmer<\/strong><\/em><\/p>\n<p><span style=\"font-size: 10pt;\">Erstver\u00f6ffentlichung am 21.04.2022 auf <a href=\"https:\/\/test.rtde.live\/meinung\/136718-entscheidung-auf-dem-schlachtfeld-das-klingt-wie-1944\/\" target=\"_blank\" rel=\"noopener\">RT DE<\/a><\/span><\/p>\n<p>Die Tonlagen aus Berlin, Br\u00fcssel und Washington wecken Erinnerungen. W\u00e4hrend in Deutschland jeder, der nicht auf Mainstream geschaltet ist, jederzeit mit dem Vorwurf rechnen muss, dass er Extremist und schlimmstenfalls Nazi ist, klingen die \u00f6ffentlichen Erkl\u00e4rungen aus der jeweiligen F\u00fchrungsetage so, wie es 1944 oder 1945 auch klang. F\u00fchrende Gr\u00fcne und EU-Kommissare schwadronieren \u00fcber &#8222;Entscheidungen, die auf dem Schlachtfeld&#8220; gesucht werden m\u00fcssten. Die offensichtliche Verarmung des deutschen Volkes f\u00fcr eine verfehlte Kriegspolitik wird einem h\u00f6heren Zweck untergeordnet, damit Widerstand dagegen schnellstm\u00f6glich niedergeschlagen werden kann.<\/p>\n<p>Dabei zieht sich durch die noch zugelassene Berichterstattung wie ein roter Faden die Erkenntnis, dass wir es bei dem schrecklichen Krieg in der Ukraine um eine sichtbare Konsequenz eines seit Langem tobenden Krieges zwischen den Vereinigten Staaten und der Russischen F\u00f6deration zu tun haben.<\/p>\n<p>In internationalen Nachrichtensendern wie <em>Al Jazeera<\/em> kann man dazu von angels\u00e4chsischen Spezialisten vernehmen, dass die Vorg\u00e4nge in der Ukraine in einem historischen Kontext zu der US-Sanktionspolitik gegen\u00fcber dem Kaiserreich Japan vor dem japanischen Angriff auf Pearl Harbor gesehen werden m\u00fcssten.<\/p>\n<p>Es ist aber nicht nur so, dass westliche Politiker Entscheidungen im Krieg gegen Russland suchen. Die deutsche Verteidigungsministerin lie\u00df sich am 21. April 2022 vernehmen, dass ein Sieg Russlands in der Ukraine verhindert werden m\u00fcsse. Und dann erkl\u00e4rt man in Berlin, nicht Kriegspartei sein und den Krieg auf die Ukraine begrenzt sehen zu wollen.<\/p>\n<p>Bei der Geschwindigkeit, mit der ehemals feste und v\u00f6lkerrechtlich \u00fcberzeugende Positionen durch den Westen generell abger\u00e4umt werden, landen wir eher im Dritten Weltkrieg, als uns allen lieb sein d\u00fcrfte. Und dann?<\/p>\n<p>Jetzt scheint es darum zu gehen, \u00fcber die kriegerische Auseinandersetzung in der Ukraine aufseiten des Westens die Vorgeschichte zu diesem Krieg vergessen zu machen. Sonst w\u00fcrde man sich demn\u00e4chst vielleicht einmal fragen, warum ein ganzes Land verw\u00fcstet werden musste und weiten Teilen der Welt Hungersn\u00f6te drohen. Was hat Russland zu diesem Krieg beigetragen und was die USA?<\/p>\n<p>Der russische Pr\u00e4sident Wladimir Putin hat geradezu gebetsm\u00fchlenartig und vor allem im letzten Jahr die Positionen seines Landes in Europa und der Welt offen formuliert. J\u00fcngst haben der chinesische Pr\u00e4sident und Pr\u00e4sident Putin noch die Einhaltung der UN-Charta von den USA best\u00e4tigt haben wollen. Mehr geht nicht, da diese Charta schon die Konsequenz aus dem letzten verheerenden Weltkrieg gewesen ist.<\/p>\n<p>Man kann sich jede einzelne Erkl\u00e4rung des russischen Pr\u00e4sidenten vornehmen und sich anschlie\u00dfend fragen, ob objektives Verweigern eines jeden substanziellen Gespr\u00e4ches und von Verhandlungen durch den kollektiven Westen bewusst den Krieg in Kauf genommen hat. Allein diese Fragen machen deutlich, dass unter allen Umst\u00e4nden nach Beendigung der Feindseligkeiten in der Ukraine eine solche Diskussion im Westen nicht stattfinden darf. Deshalb lautet die westliche Parole: &#8222;Siegen um jeden Preis&#8220;.<\/p>\n<p>Bei der sichtbaren Dynamik dieser Entwicklung spricht man wie selbstverst\u00e4ndlich \u00fcber den Einsatz nuklearer Waffen. Das Ende Europas ist der Krieg, unabh\u00e4ngig davon, ob er konventionell oder nuklear gef\u00fchrt wird. Gr\u00fcne und FDP und andere tun sich dabei hervor, als ginge sie das nichts an.<\/p>\n<p style=\"text-align: right;\"><em>Willy Wimmer (CDU), ehem. Bundestagsabgeordneter<br \/>\nsowie Parlamentarischer Staatssekret\u00e4r im Bundesministerium f\u00fcr Verteidigung,<br \/>\n1994 bis 2000 Vizepr\u00e4sident der Parlamentarischen Versammlung der OSZE<\/em><\/p>\n<hr \/>\n<p><span style=\"font-size: 10pt;\">Bild: <span class=\"Cover-caption\"><span class=\"Cover-captionItem\">Mariupol, 16. April 2022<\/span><\/span><\/span><br \/>\n<span style=\"font-size: 10pt;\">Foto: <span class=\"Cover-imageSource\"><span class=\"Cover-captionItem\">Sputnik <\/span><span class=\"Cover-captionItem\">\u00a9 Sergey Averin<\/span><\/span><\/span><br \/>\n<span style=\"font-size: 10pt;\">Quelle: <a href=\"https:\/\/test.rtde.live\/meinung\/136718-entscheidung-auf-dem-schlachtfeld-das-klingt-wie-1944\/\" target=\"_blank\" rel=\"noopener\">RT DE<\/a><\/span><\/p>\n","protected":false},"excerpt":{"rendered":"<p><b>Beitrag von Willy Wimmer<\/b><br \/>\nDie Tonlagen aus Berlin, Br\u00fcssel und Washington wecken Erinnerungen. W\u00e4hrend in Deutschland jeder, der nicht auf Mainstream geschaltet ist, jederzeit mit dem Vorwurf rechnen muss, dass er Extremist und schlimmstenfalls Nazi ist, klingen die \u00f6ffentlichen Erkl\u00e4rungen aus der jeweiligen F\u00fchrungsetage so, wie es 1944 oder 1945 auch klang. F\u00fchrende Gr\u00fcne und EU-Kommissare schwadronieren \u00fcber &#8222;Entscheidungen, die auf dem Schlachtfeld&#8220; gesucht werden m\u00fcssten. Die offensichtliche Verarmung des deutschen Volkes f\u00fcr eine verfehlte Kriegspolitik wird einem h\u00f6heren Zweck untergeordnet, damit Widerstand dagegen schnellstm\u00f6glich niedergeschlagen werden kann.<\/p>\n","protected":false},"author":3,"featured_media":12912,"comment_status":"closed","ping_status":"closed","sticky":false,"template":"","format":"standard","meta":{"colormag_page_container_layout":"default_layout","colormag_page_sidebar_layout":"default_layout","advanced_seo_description":"","jetpack_seo_html_title":"","jetpack_seo_noindex":false,"jetpack_post_was_ever_published":false,"footnotes":""},"categories":[13],"tags":[1046,491,339,1252,639],"class_list":["post-12907","post","type-post","status-publish","format-standard","has-post-thumbnail","hentry","category-frieden-antifaschismus-solidaritaet","tag-3-weltkrieg","tag-geschichte","tag-kriegspropaganda","tag-militaerpolitik","tag-ukraine-konflikt"],"jetpack_featured_media_url":"https:\/\/i0.wp.com\/www.freidenker.org\/fw17\/wp-content\/uploads\/2022\/04\/mariupol_6261953548fbef4bfd3c97ec_800x450.jpg?fit=800%2C450&ssl=1","jetpack_shortlink":"https:\/\/wp.me\/p9stpK-3mb","jetpack-related-posts":[{"id":21437,"url":"https:\/\/www.freidenker.org\/?p=21437","url_meta":{"origin":12907,"position":0},"title":"Trump bef\u00f6rdert Machtverschiebung von EU-Br\u00fcssel zur\u00fcck zu Mitgliedsstaaten","author":"Webredaktion","date":"11. April 2025","format":false,"excerpt":"Beitrag von Rainer Rupp Ein eisiger Wind weht zwischen Br\u00fcssel und Washington. Trump benimmt sich gegen\u00fcber den europ\u00e4ischen US-Vasallen, wie dies die r\u00f6mischen Gott-Kaiser einst mit ihren Untertanen in Rom taten. Er \u2013 und nur er pers\u00f6nlich \u2013 entscheidet, wer was, wo tun und nicht tun darf. Die EU-Kommissionspr\u00e4sidentin Ursula\u2026","rel":"","context":"In &quot;Demokratie \u2013 Medien \u2013 Aufkl\u00e4rung&quot;","block_context":{"text":"Demokratie \u2013 Medien \u2013 Aufkl\u00e4rung","link":"https:\/\/www.freidenker.org\/?cat=12"},"img":{"alt_text":"","src":"https:\/\/i0.wp.com\/www.freidenker.org\/fw17\/wp-content\/uploads\/2025\/04\/Giorgia_Meloni_at_the_Special_European_Council_-_February_2023_06_800x450.jpg?fit=800%2C450&ssl=1&resize=350%2C200","width":350,"height":200,"srcset":"https:\/\/i0.wp.com\/www.freidenker.org\/fw17\/wp-content\/uploads\/2025\/04\/Giorgia_Meloni_at_the_Special_European_Council_-_February_2023_06_800x450.jpg?fit=800%2C450&ssl=1&resize=350%2C200 1x, https:\/\/i0.wp.com\/www.freidenker.org\/fw17\/wp-content\/uploads\/2025\/04\/Giorgia_Meloni_at_the_Special_European_Council_-_February_2023_06_800x450.jpg?fit=800%2C450&ssl=1&resize=525%2C300 1.5x, https:\/\/i0.wp.com\/www.freidenker.org\/fw17\/wp-content\/uploads\/2025\/04\/Giorgia_Meloni_at_the_Special_European_Council_-_February_2023_06_800x450.jpg?fit=800%2C450&ssl=1&resize=700%2C400 2x"},"classes":[]},{"id":21088,"url":"https:\/\/www.freidenker.org\/?p=21088","url_meta":{"origin":12907,"position":1},"title":"In Rum\u00e4nien erklimmt die EU-&#8222;Demokratie&#8220; ganz neue H\u00f6hen","author":"Webredaktion","date":"3. M\u00e4rz 2025","format":false,"excerpt":"Beitrag von Dagmar Henn Wie soll man das nennen, was gerade in Rum\u00e4nien geschieht? Wenn erst eine Wahl f\u00fcr ung\u00fcltig erkl\u00e4rt wird, und nun der Kandidat, der den EU-Granden in Br\u00fcssel nicht gef\u00e4llt, festgenommen und anschlie\u00dfend vorsorglich f\u00fcr die Zeit des Wahlkampfs in Hausarrest gesteckt und sogar an der Kommunikation\u2026","rel":"","context":"In &quot;Demokratie \u2013 Medien \u2013 Aufkl\u00e4rung&quot;","block_context":{"text":"Demokratie \u2013 Medien \u2013 Aufkl\u00e4rung","link":"https:\/\/www.freidenker.org\/?cat=12"},"img":{"alt_text":"","src":"https:\/\/i0.wp.com\/www.freidenker.org\/fw17\/wp-content\/uploads\/2025\/03\/Calin_Georgescu_discurs_Biserica_Penticostala_Jebel_800x450.jpg?fit=800%2C450&ssl=1&resize=350%2C200","width":350,"height":200,"srcset":"https:\/\/i0.wp.com\/www.freidenker.org\/fw17\/wp-content\/uploads\/2025\/03\/Calin_Georgescu_discurs_Biserica_Penticostala_Jebel_800x450.jpg?fit=800%2C450&ssl=1&resize=350%2C200 1x, https:\/\/i0.wp.com\/www.freidenker.org\/fw17\/wp-content\/uploads\/2025\/03\/Calin_Georgescu_discurs_Biserica_Penticostala_Jebel_800x450.jpg?fit=800%2C450&ssl=1&resize=525%2C300 1.5x, https:\/\/i0.wp.com\/www.freidenker.org\/fw17\/wp-content\/uploads\/2025\/03\/Calin_Georgescu_discurs_Biserica_Penticostala_Jebel_800x450.jpg?fit=800%2C450&ssl=1&resize=700%2C400 2x"},"classes":[]},{"id":22891,"url":"https:\/\/www.freidenker.org\/?p=22891","url_meta":{"origin":12907,"position":2},"title":"Trump fordert wirtschaftlichen Selbstmord der EU \u2012 von der Leyen stimmt zu","author":"Webredaktion","date":"20. September 2025","format":false,"excerpt":"Beitrag von Gert Ewen Ungar Trump ist ein gewitzter Gesch\u00e4ftsmann. Er nutzt den Russenhass der Westeurop\u00e4er und insbesondere den der EU-Kommission, um Gesch\u00e4fte zum Vorteil der USA zu machen. Die EU-Kommission ist bereit, Entscheidungen zu treffen, die massive Nachteile mit sich bringen, wenn sie damit gelockt wird, dass Russland dadurch\u2026","rel":"","context":"In &quot;Demokratie \u2013 Medien \u2013 Aufkl\u00e4rung&quot;","block_context":{"text":"Demokratie \u2013 Medien \u2013 Aufkl\u00e4rung","link":"https:\/\/www.freidenker.org\/?cat=12"},"img":{"alt_text":"","src":"https:\/\/i0.wp.com\/www.freidenker.org\/fw17\/wp-content\/uploads\/2025\/09\/von_der_Leyen_and_Trump_2025_2_800x450.jpg?fit=800%2C450&ssl=1&resize=350%2C200","width":350,"height":200,"srcset":"https:\/\/i0.wp.com\/www.freidenker.org\/fw17\/wp-content\/uploads\/2025\/09\/von_der_Leyen_and_Trump_2025_2_800x450.jpg?fit=800%2C450&ssl=1&resize=350%2C200 1x, https:\/\/i0.wp.com\/www.freidenker.org\/fw17\/wp-content\/uploads\/2025\/09\/von_der_Leyen_and_Trump_2025_2_800x450.jpg?fit=800%2C450&ssl=1&resize=525%2C300 1.5x, https:\/\/i0.wp.com\/www.freidenker.org\/fw17\/wp-content\/uploads\/2025\/09\/von_der_Leyen_and_Trump_2025_2_800x450.jpg?fit=800%2C450&ssl=1&resize=700%2C400 2x"},"classes":[]},{"id":18111,"url":"https:\/\/www.freidenker.org\/?p=18111","url_meta":{"origin":12907,"position":3},"title":"Mit der Ukraine in den Abgrund: Br\u00fcssel und Berlin entscheiden gegen B\u00fcrgerinteressen","author":"Webredaktion","date":"9. Februar 2024","format":false,"excerpt":"Beitrag von Gert Ewen Ungar Es ist schon eine ausgemachte Dreistigkeit, was sich sowohl Berlin als auch Br\u00fcssel in diesen Tagen leisten. Die Proteste gegen eine v\u00f6llig verfehlte Wirtschaftspolitik bringen weder die Kommission noch die Bundesregierung von ihrem eingeschlagenen Kurs ab. Die EU-Kommission will das Abkommen \u00fcber die zollfreie Einfuhr\u2026","rel":"","context":"In &quot;Demokratie \u2013 Medien \u2013 Aufkl\u00e4rung&quot;","block_context":{"text":"Demokratie \u2013 Medien \u2013 Aufkl\u00e4rung","link":"https:\/\/www.freidenker.org\/?cat=12"},"img":{"alt_text":"","src":"https:\/\/i0.wp.com\/www.freidenker.org\/fw17\/wp-content\/uploads\/2024\/02\/Berlaymont_building_illuminated_with_Ukrainian_flag_800x450.jpg?fit=800%2C450&ssl=1&resize=350%2C200","width":350,"height":200,"srcset":"https:\/\/i0.wp.com\/www.freidenker.org\/fw17\/wp-content\/uploads\/2024\/02\/Berlaymont_building_illuminated_with_Ukrainian_flag_800x450.jpg?fit=800%2C450&ssl=1&resize=350%2C200 1x, https:\/\/i0.wp.com\/www.freidenker.org\/fw17\/wp-content\/uploads\/2024\/02\/Berlaymont_building_illuminated_with_Ukrainian_flag_800x450.jpg?fit=800%2C450&ssl=1&resize=525%2C300 1.5x, https:\/\/i0.wp.com\/www.freidenker.org\/fw17\/wp-content\/uploads\/2024\/02\/Berlaymont_building_illuminated_with_Ukrainian_flag_800x450.jpg?fit=800%2C450&ssl=1&resize=700%2C400 2x"},"classes":[]},{"id":8650,"url":"https:\/\/www.freidenker.org\/?p=8650","url_meta":{"origin":12907,"position":4},"title":"&#8222;Br\u00fcssel dreht nicht das gro\u00dfe Rad, Br\u00fcssel dreht durch&#8220;","author":"Webredaktion","date":"21. September 2020","format":false,"excerpt":"Interview von RT Deutsch mit Willy Wimmer Der CDU-Politiker und ehemalige Staatssekret\u00e4r Willy Wimmer \u00e4u\u00dfert sich im RT-Interview zum Fall Nawalny und zu den Forderungen des EU-Parlaments nach h\u00e4rteren Sanktionen gegen Russland. F: Die Resolution wurde angenommen, aber erwarten Sie angesichts ihres unverbindlichen Charakters weitere ernsthafte Schritte gegen Russland? A:\u2026","rel":"","context":"In &quot;Demokratie \u2013 Medien \u2013 Aufkl\u00e4rung&quot;","block_context":{"text":"Demokratie \u2013 Medien \u2013 Aufkl\u00e4rung","link":"https:\/\/www.freidenker.org\/?cat=12"},"img":{"alt_text":"","src":"https:\/\/i0.wp.com\/www.freidenker.org\/fw17\/wp-content\/uploads\/2020\/09\/willy_wimmer_rt_800x450.jpg?fit=800%2C450&ssl=1&resize=350%2C200","width":350,"height":200,"srcset":"https:\/\/i0.wp.com\/www.freidenker.org\/fw17\/wp-content\/uploads\/2020\/09\/willy_wimmer_rt_800x450.jpg?fit=800%2C450&ssl=1&resize=350%2C200 1x, https:\/\/i0.wp.com\/www.freidenker.org\/fw17\/wp-content\/uploads\/2020\/09\/willy_wimmer_rt_800x450.jpg?fit=800%2C450&ssl=1&resize=525%2C300 1.5x, https:\/\/i0.wp.com\/www.freidenker.org\/fw17\/wp-content\/uploads\/2020\/09\/willy_wimmer_rt_800x450.jpg?fit=800%2C450&ssl=1&resize=700%2C400 2x"},"classes":[]},{"id":23680,"url":"https:\/\/www.freidenker.org\/?p=23680","url_meta":{"origin":12907,"position":5},"title":"Ein unm\u00f6glicher Frieden?","author":"Webredaktion","date":"30. November 2025","format":false,"excerpt":"Ein Kommentar von Tilo Gr\u00e4ser.\u00a0 Es ist wieder Bewegung in die Suche nach einem baldigen Ende des Krieges auf ukrainischem Territorium gekommen. Ausgerechnet aus den USA, die den Stellvertreterkrieg gegen Russland angesto\u00dfen haben, kommen nun Vorschl\u00e4ge, wie er beendet werden k\u00f6nnte. Was erstaunlich erscheint, l\u00e4sst sich nur mit den anderen\u2026","rel":"","context":"In &quot;Demokratie \u2013 Medien \u2013 Aufkl\u00e4rung&quot;","block_context":{"text":"Demokratie \u2013 Medien \u2013 Aufkl\u00e4rung","link":"https:\/\/www.freidenker.org\/?cat=12"},"img":{"alt_text":"","src":"https:\/\/i0.wp.com\/www.freidenker.org\/fw17\/wp-content\/uploads\/2025\/11\/von_der_Leyen_Starmer_Merz_weisses_Haus_800x450.jpg?fit=800%2C450&ssl=1&resize=350%2C200","width":350,"height":200,"srcset":"https:\/\/i0.wp.com\/www.freidenker.org\/fw17\/wp-content\/uploads\/2025\/11\/von_der_Leyen_Starmer_Merz_weisses_Haus_800x450.jpg?fit=800%2C450&ssl=1&resize=350%2C200 1x, https:\/\/i0.wp.com\/www.freidenker.org\/fw17\/wp-content\/uploads\/2025\/11\/von_der_Leyen_Starmer_Merz_weisses_Haus_800x450.jpg?fit=800%2C450&ssl=1&resize=525%2C300 1.5x, https:\/\/i0.wp.com\/www.freidenker.org\/fw17\/wp-content\/uploads\/2025\/11\/von_der_Leyen_Starmer_Merz_weisses_Haus_800x450.jpg?fit=800%2C450&ssl=1&resize=700%2C400 2x"},"classes":[]}],"_links":{"self":[{"href":"https:\/\/www.freidenker.org\/index.php?rest_route=\/wp\/v2\/posts\/12907","targetHints":{"allow":["GET"]}}],"collection":[{"href":"https:\/\/www.freidenker.org\/index.php?rest_route=\/wp\/v2\/posts"}],"about":[{"href":"https:\/\/www.freidenker.org\/index.php?rest_route=\/wp\/v2\/types\/post"}],"author":[{"embeddable":true,"href":"https:\/\/www.freidenker.org\/index.php?rest_route=\/wp\/v2\/users\/3"}],"replies":[{"embeddable":true,"href":"https:\/\/www.freidenker.org\/index.php?rest_route=%2Fwp%2Fv2%2Fcomments&post=12907"}],"version-history":[{"count":0,"href":"https:\/\/www.freidenker.org\/index.php?rest_route=\/wp\/v2\/posts\/12907\/revisions"}],"wp:featuredmedia":[{"embeddable":true,"href":"https:\/\/www.freidenker.org\/index.php?rest_route=\/wp\/v2\/media\/12912"}],"wp:attachment":[{"href":"https:\/\/www.freidenker.org\/index.php?rest_route=%2Fwp%2Fv2%2Fmedia&parent=12907"}],"wp:term":[{"taxonomy":"category","embeddable":true,"href":"https:\/\/www.freidenker.org\/index.php?rest_route=%2Fwp%2Fv2%2Fcategories&post=12907"},{"taxonomy":"post_tag","embeddable":true,"href":"https:\/\/www.freidenker.org\/index.php?rest_route=%2Fwp%2Fv2%2Ftags&post=12907"}],"curies":[{"name":"wp","href":"https:\/\/api.w.org\/{rel}","templated":true}]}}