{"id":12905,"date":"2022-04-25T02:04:56","date_gmt":"2022-04-25T00:04:56","guid":{"rendered":"https:\/\/www.freidenker.org\/?p=12905"},"modified":"2022-05-14T12:51:48","modified_gmt":"2022-05-14T10:51:48","slug":"schwere-waffen-fuer-die-ukraine-der-naechste-akt-des-deutschen-deliriums","status":"publish","type":"post","link":"https:\/\/www.freidenker.org\/?p=12905","title":{"rendered":"Schwere Waffen f\u00fcr die Ukraine? Der n\u00e4chste Akt des deutschen Deliriums"},"content":{"rendered":"<p><strong>Schritt f\u00fcr Schritt taucht Deutschland tiefer in diesen Krieg. Statt das \u00f6konomische Elend zu verhindern, ist nur die Rede von Aufr\u00fcstung und Waffenlieferungen. Die Vernunft scheint im Exportrausch vergangener Jahrzehnte versehentlich ausgeliefert worden zu sein. <\/strong><\/p>\n<p><em>von <strong>Dagmar Henn<\/strong><\/em><\/p>\n<p><span style=\"font-size: 10pt;\">Erstver\u00f6ffentlichung am 21.04.2022 auf <a href=\"https:\/\/test.rtde.live\/meinung\/136630-schwere-waffen-fur-ukraine-nachste\/\" target=\"_blank\" rel=\"noopener\">RT DE<\/a><\/span><\/p>\n<p>Man wei\u00df nicht mehr, ob man lachen oder weinen soll, so umfassend ist der Wahn, in dem dieses Land zu versinken scheint. Alles, was jemals an Erfahrungen zum Thema Krieg und Frieden in Deutschland vorhanden war, ist ausgel\u00f6scht; als wollten sie morgen schon mit Hurra gen Osten st\u00fcrmen. Dabei muss man n\u00fcchtern feststellen, dass verglichen mit den Vorstellungen, die bei bundesdeutschen Politikern gerade vorherrschen, das wilhelminische Deutschland des Jahres 1914 von geradezu \u00fcberw\u00e4ltigender Rationalit\u00e4t war, denn da hatte man sich vorbereitet. Das heutige Deutschland schafft es, in einer Mischung aus Gr\u00f6\u00dfenwahn und Lakaiengesinnung acht Jahre lang mit an einem Krieg zu basteln, den es eigentlich schon verloren hat, ehe es sich ernsthaft in milit\u00e4rische Handlungen einmischt. Was das alte Zitat best\u00e4rkt, dass Geschichte sich nur als Farce wiederholt.<\/p>\n<p>Allerdings mangelt es nicht an rhetorischer Aufr\u00fcstung. &#8222;Euer Kampf ist unser Kampf,&#8220; t\u00f6nte EU-Kommissionspr\u00e4sidentin Ursula von der Leyen j\u00fcngst bei Selenskij und griff damit nur auf, was der Fraktionschef der Konservativen im Europaparlament Manfred Weber wenige Tage zuvor in Stra\u00dfburg erkl\u00e4rt hatte: &#8222;Der Krieg in der Ukraine ist unser Krieg.&#8220;<\/p>\n<p>Damit hat er insofern unstreitig Recht, als dass es NATO, EU und auch die Bundesrepublik waren, die daf\u00fcr sorgten, dass die schw\u00e4rende Wunde im Donbass acht Jahre lang offen blieb. Die Scharte, die erst die Ukrainer mit einem inszenierten Aufstand sturmreif schossen, dann an Hitlerverehrer aush\u00e4ndigten und konsequent jeden Schritt verweigerten, der ein Ende des B\u00fcrgerkriegs erm\u00f6glicht h\u00e4tte. Aber so haben die beiden das nat\u00fcrlich nicht gemeint.<\/p>\n<p>Der aktuelle Hit, der aus diesen Lautsprechern des Krieges dudelt, hei\u00dft &#8222;Schwere Waffen f\u00fcr die Ukraine&#8220;. Das gr\u00fcne wie das gelbe Talglicht dieser Ampel k\u00f6nnen das nicht schnell genug verwirklicht sehen. Und der <em>Spiegel<\/em>\u00a0<a href=\"https:\/\/www.spiegel.de\/politik\/deutschland\/news-olaf-scholz-andrij-melnyk-russland-ukraine-die-linke-a-a36c1a89-39ce-45e2-b5f8-215feebcba2e\">empfiehlt<\/a> Olaf Scholz jetzt schon die Vertrauensfrage, weil der &#8222;pazifistische Fl\u00fcgel&#8220; (Ich muss den Moment verpasst haben, als Pazifist wieder zum Schimpfwort wurde.) der SPD ihm bei der Bewilligung von hundert Milliarden f\u00fcr die Bundeswehr vielleicht nicht stramm genug folgt. Auch das einstige &#8222;Sturmgesch\u00fctz der Demokratie&#8220; befindet sich schon l\u00e4nger auf einem inneren Russlandfeldzug und h\u00e4lt jetzt den Zeitpunkt f\u00fcr gekommen, daf\u00fcr die Regierung zu tauschen. Dabei hat sich Scholz so gro\u00dfe M\u00fche gegeben und erst am Dienstag <a href=\"https:\/\/www.spiegel.de\/politik\/deutschland\/ukraine-krieg-das-sagt-olaf-scholz-zur-lage-livestream-a-7be2c593-f741-42c2-9be4-43102ce9b2b8\">erkl\u00e4rt<\/a> (10:24):<\/p>\n<blockquote><p><em>&#8222;Gemeinsam mit unseren Partnern in der EU und der NATO sind wir uns v\u00f6llig einig, Russland darf diesen Krieg nicht gewinnen.&#8220;<\/em><\/p><\/blockquote>\n<p>Als h\u00e4tte irgendjemand einen Schalter umgelegt, oder eine Art Zombievirus verteilt, und pl\u00f6tzlich verwandeln sich allerlei Menschen, die man fr\u00fcher doch irgendwie f\u00fcr Demokraten gehalten h\u00e4tte, in blutr\u00fcnstige Nazis wie aus dem Horrorfilm Outpost.<\/p>\n<p>Das hat eine ganz reale Seite, die sich an den irrwitzigen Verboten von Buchstaben und Flaggen zeigt, und an dem Spielraum, der jetzt schon den importierten Banderafans gegeben wird, ukrainische Fl\u00fcchtlinge durch Bedrohungen auf Linie zu bringen oder ihre Gesinnung mitsamt Hakenkreuzen auf sowjetischen Ehrenm\u00e4lern auszuleben \u2013 als w\u00fcsste man nicht genau, um was es sich dabei handelt. Und es ist inzwischen ungeahndet m\u00f6glich, sich auf unverkennbar rassistische Weise im bundesdeutschen Fernsehen zu \u00e4u\u00dfern, solange es gegen Russen geht, wie es j\u00fcngst eine Dame mit dem Namen Florence Gaub tat, immerhin stellvertretende Direktorin des Instituts der Europ\u00e4ischen Union f\u00fcr Sicherheitsfragen, also des milit\u00e4rischen Think-Tanks der EU.<\/p>\n<p>&#8222;Wir d\u00fcrfen nicht vergessen, dass, auch wenn Russen europ\u00e4isch aussehen, es keine Europ\u00e4er sind, jetzt im kulturellen Sinne&#8220;, <a href=\"https:\/\/www.berliner-zeitung.de\/open-mind\/florence-gaub-bei-markus-lanz-vielleicht-sind-russen-ja-doch-auch-europaeer-li.223137\">erkl\u00e4rte<\/a> sie bei Markus Lanz, denn sie h\u00e4tten &#8222;einen anderen Bezug zu Gewalt, zum Tod&#8220;. Da steht er wieder, der z\u00e4hnefletschende Mongole, der mit seinen dunklen Krallenh\u00e4nden nach den zarten wei\u00dfen Frauen greift, wie man ihn auf alten Naziplakaten finden kann. Einen anderen Bezug zur Gewalt? Die Dame kennt die europ\u00e4ische Geschichte schlecht. Kein anderer Teil des Planeten hat eine solch finstere Woge der Gewalt \u00fcber die Welt schwappen lassen wie Europa. Kreuzz\u00fcge? Sklavenhandel? Belgisch-Kongo? Nicht zu vergessen, zwei Weltkriege?<\/p>\n<blockquote class=\"twitter-tweet\" data-width=\"550\" data-dnt=\"true\">\n<p lang=\"de\" dir=\"ltr\">F\u00fcr mich ist das die mit Abstand rassistischste <a href=\"https:\/\/twitter.com\/hashtag\/Lanz?src=hash&amp;ref_src=twsrc%5Etfw\">#Lanz<\/a> Sendung die ich je gesehen habe.<\/p>\n<p>Also Leute, lasst euch nicht vom Aussehen der leidensf\u00e4higen Russen t\u00e4uschen, die sind nicht so wie wir.<\/p>\n<p>Hammertipp von <a href=\"https:\/\/twitter.com\/FlorenceGaub?ref_src=twsrc%5Etfw\">@FlorenceGaub<\/a> supported by Markus Lanz. <a href=\"https:\/\/t.co\/oXMc5PtPqH\">pic.twitter.com\/oXMc5PtPqH<\/a><\/p>\n<p>&mdash; Mathias_M (@matze2001) <a href=\"https:\/\/twitter.com\/matze2001\/status\/1514002398477524995?ref_src=twsrc%5Etfw\">April 12, 2022<\/a><\/p><\/blockquote>\n<p><script async src=\"https:\/\/platform.twitter.com\/widgets.js\" charset=\"utf-8\"><\/script><\/p>\n<p>Aber man hat jahrelang vorgearbeitet f\u00fcr diesen Moment, in hunderten, nein, tausenden von Artikeln und Berichten, in denen ein Russland gezeichnet wurde, das von Putin als eine Reinkarnation Rasputins regiert wird. Dessen politische Aussagen dementsprechend in eine besondere Art kabbalistischen R\u00e4tsels verwandelt werden, hinter denen sich eine finstere Bedeutung verbergen muss. Auch wenn alles nachvollziehbar und logisch ist, sobald man die Worte so h\u00f6rt, wie sie gesagt wurden.<\/p>\n<p>Das ist der Teil, der zum Weinen ist. Nachdem erst die antifaschistische Tradition im annektierten Teil dieser Republik, der immerhin tats\u00e4chlich von Menschen regiert wurde, die gegen die Nazis gek\u00e4mpft und unter ihnen gelitten hatten, nach Kr\u00e4ften ins L\u00e4cherliche gezogen wurde, werden drei\u00dfig Jahre sp\u00e4ter die Reste im Westen ebenfalls endg\u00fcltig entsorgt. Da gab es etwas, ich sage nur Fritz Bauer oder Gustav Heinemann&#8230; Und wenn es vor acht Jahren, als Marie-Luise Beck und andere Gr\u00fcne in die Ukraine pilgerten, um mit Bandera-Anh\u00e4ngern zu jubeln, noch eine Vermutung war, dass man Faschist sein muss, um mit Faschisten zu buhlen, liegen die Belege daf\u00fcr inzwischen auf dem Tisch und die bundesdeutsche Demokratie in den letzten Z\u00fcgen. Ja, es ist zum Weinen, denn zu viele Menschen haben ihre ganze Kraft investiert, um ein besseres Deutschland zu erreichen als das zwischen 1933 und 1945. Sie taten es, um f\u00fcr diese Nation die Ehre und die W\u00fcrde wieder zu erringen, die sie im blutigen Raubzug der Naziwehrmacht durch Europa verloren hatte.<\/p>\n<p>Aber wir erleben die Farce, nicht das Drama. Und da gibt es einen Anton Hofreiter, der sich vehement f\u00fcr die Lieferung schweren Ger\u00e4ts an die Ukraine einsetzt und sagt: &#8222;Ich finde es etwas paternalistisch, dem ukrainischen Milit\u00e4r zu sagen, ihr k\u00f6nnt damit nicht umgehen.&#8220; Weil es leise Einw\u00fcrfe seitens bundesdeutscher Milit\u00e4rs gab, es w\u00fcrde doch gar nichts n\u00fctzen, der Ukraine Marder-Sch\u00fctzenpanzer zu liefern, weil sie diese nicht ohne Anlernzeit nutzen k\u00f6nnten.<\/p>\n<p>Das ist wirklich komisch, weil nat\u00fcrlich wokes Geschw\u00e4tz von &#8222;Paternalismus&#8220; an technischen Tatsachen nichts \u00e4ndert und diese ganzen Lieferungen in die Ukraine ohnehin nur Theater sind, das nur in zwei Varianten enden kann: Entweder der ganze NATO-Haufen kommt doch noch zur Vernunft und sagt den gro\u00dfen Krieg in letzter Minute ab. Oder die Irren in Washington und Br\u00fcssel setzen alles auf ihre letzte Karte und versuchen, die Vormacht zu retten, indem sie den halben Globus ein\u00e4schern.<\/p>\n<p>Denn selbst wenn die sich abzeichnenden Pl\u00e4ne, die nicht ausreichend kriegsbegeisterte SPD zu ersetzen \u2013 wo sich Scholz mit seinem menschenverachtenden Lachen damals in Moskau doch so viel M\u00fche gegeben hatte \u2013 und der gesamte Bestand der Bundeswehr in die Ukraine gekarrt wird, selbst wenn er samt Personal dorthin gekarrt werden sollte, w\u00e4re das Resultat \u2013 so zynisch wie absto\u00dfend es unter menschlichen Gesichtspunkten ist und so abscheulich der Verb\u00fcndete, f\u00fcr den man sich dort in die Bresche werfen w\u00fcrde \u2013 milit\u00e4risch unbedeutend.<\/p>\n<p>Die Fachzeitschrift Soldat und Technik <a href=\"https:\/\/soldat-und-technik.de\/2022\/04\/streitkraefte\/31199\/erklaerstueck-marder-ukraine\/\">bem\u00fcht<\/a> sich, Herrn Hofreiter die Sachlage zumindest ansatzweise zu erkl\u00e4ren. &#8222;Plakativ gesagt: Wenn man nicht in der Lage ist, der NATO eine zus\u00e4tzliche Panzergrenadierkompanie, bestehend aus 14 Sch\u00fctzenpanzern, anzubieten, wie soll man dann der Ukraine 100 Sch\u00fctzenpanzer abgeben? Insbesondere dann, wenn man bedenkt, dass es ja nicht nur 100 Sch\u00fctzenpanzer w\u00e4ren, sondern entsprechende Ersatzteil- und Munitionspakete f\u00fcr Wochen und Monate Kriegseinsatz, der deutlich verschlei\u00dfintensiver ist, als ein eFP-Einsatz im Baltikum oder ein \u00dcbungsplatzaufenthalt.&#8220;<\/p>\n<p>Wobei die Zeitschrift hier schwer untertreibt. Das russische Verteidigungsministerium ist so nett, tagt\u00e4glich aufzuf\u00fchren, wie viel Ger\u00e4t die Gefechte in der Ukraine die Lieblingsedelarier des Westens inzwischen gekostet haben. Der letzte Stand waren 2.388 Panzer und andere gepanzerte Fahrzeuge. In einem Zeitraum von noch nicht zwei Monaten. Und die wirklichen Materialschlachten beginnen erst. Scott Ritter hatte\u00a0\u2013 ich denke, es war in dem Gespr\u00e4ch mit Gonzalo Lira \u2013 einmal angemerkt, der gesamte Panzerbestand der Bundeswehr w\u00fcrde gerade einmal f\u00fcr ein Gefecht reichen. Tats\u00e4chlich h\u00e4tten selbst die gr\u00f6\u00dferen Gefechte im Donbasskrieg, wie Ilowaisk oder Debalzewo, ausgereicht, die Bundeswehrbest\u00e4nde komplett zu verschrotten.<\/p>\n<p>Noch erheiternder ist eine <a href=\"https:\/\/www.bloomberg.com\/opinion\/articles\/2022-04-14\/russia-ukraine-war-u-s-is-running-out-of-weapons-aiding-kyiv\">Meldung<\/a> von Bloomberg. &#8222;Mitarbeiter des Pentagon sagen, dass Kiew am Tag die Wochenlieferung von Antipanzermunition verheizt. (&#8230;) Die USA haben ein Drittel ihres Gesamtbestands an Javelin-Antipanzerraketen geliefert. Sie k\u00f6nnen nicht ohne Weiteres mehr liefern, ohne ihr eigenes Arsenal massiv zu leeren. Und es mag Monate oder Jahre brauchen, um die Produktion ernstlich zu erh\u00f6hen.&#8220;<\/p>\n<p>Da ist es das Stichwort: Produktion. Das ist das Dumme an Kriegen, die man nicht gegen ein hoffnungslos unterlegenes Gegen\u00fcber f\u00fchrt. Dinge gehen kaputt, und oft endg\u00fcltig. Munition kann man nur einmal verschie\u00dfen, dann ist sie weg. \u00dcber Jahrzehnte hinweg hat sich der ganze Westen so daran gew\u00f6hnt, hilflose und arme V\u00f6lker zu \u00fcberfallen, dass er vergessen zu haben scheint, dass man Panzer in einem Krieg mit Ebenb\u00fcrtigen nicht hin- und nach ein paar Monaten wieder zur\u00fcck f\u00e4hrt. Und dass Flugzeuge nicht ungehindert abwerfen k\u00f6nnen, was sie wollen. Dass nicht \u00fcberall auf der Welt das Szenario &#8222;Kolonialherr gegen Wilde&#8220; nachgespielt werden kann.<\/p>\n<p>Es kann nat\u00fcrlich sein, dass man sich in Washington, Br\u00fcssel und Berlin einbildet, jetzt erst einmal eine Runde Waffenlieferungen gekoppelt mit einem \u00f6konomischen Totalabsturz zu spielen, um dann einer verarmten und wom\u00f6glich auch noch hungernden Bev\u00f6lkerung zu erkl\u00e4ren, dass aus dem Elend jetzt nur noch eine echte Kriegswirtschaft mit einem echten Kriegseinsatz retten k\u00f6nne, damit die b\u00f6sen Russen ihr Gas, wenn sie es schon nicht freiwillig umsonst herausr\u00fccken, dann eben unfreiwillig abgeben m\u00fcssen.<\/p>\n<p>Denn auch wenn der \u00d6ffentlichkeit gegen\u00fcber so getan wird, als w\u00e4ren diese Waffenlieferungen wirklich eine gro\u00dfe Nummer\u00a0\u2013 tats\u00e4chlich \u00e4ndern sie gar nichts, weil sie erstens zu gro\u00dfen Teilen nicht ankommen werden, zweitens das, was ankommt, nicht viel taugt \u2013 schon beeindruckend, wie viele von diesen Javelins ungenutzt herumliegen, wenn wieder einmal ein ukrainisches Munitionslager in die H\u00e4nde der Volkswehr f\u00e4llt \u2013 und drittens diese Menge am Resultat nichts \u00e4ndert. Denn w\u00e4hrend Russland auf die NATO-Osterweiterung nicht nur politisch reagiert hat mit jahrelangen Aufforderungen, ja fast flehentlichen Bitten um Verhandlungen, hat die ganze NATO munter vor sich hingez\u00fcndelt, bis hin zum Donbasskrieg. Sich gro\u00df aufgeblasen, als geh\u00f6re ihr die ganze Welt, und das f\u00fcr immer und ewig. Aber irgendwie hat sie vergessen, dass das Material, mit dem Kriege ausgefochten werden, weder virtuell noch durch B\u00f6rsenspekulation zu haben ist, sondern ganz traditionell in Fabriken mit Maschinen aus echten Rohstoffen und mit echten Arbeitern hergestellt werden muss.<\/p>\n<p>Vielleicht wird ja deshalb jetzt uns armen Eingeborenen von Natostan so sehr die Seele zurecht massiert und Tag und Nacht das Melodram der unschuldig dahingeopferten Ukraine serviert, damit man die Kehrtwende zur Kriegswirtschaft doch noch irgendwie rei\u00dft und die woke Jugend gleich welchen Geschlechts zur Verteidigung der westlichen Vormacht in die Sch\u00fctzengr\u00e4ben jagen kann. Oder sie sind wirklich alle miteinander so dumm und verantwortungslos, die Konsequenzen ihres Handelns keine zwei Zentimeter weit zu \u00fcbersehen.<\/p>\n<p>Denn es ist egal, wie oft hier betont wird, es handle sich um einen &#8222;unbegr\u00fcndeten Angriffskrieg&#8220;. Mittlerweile liegen gleich drei handfeste Gr\u00fcnde auf dem Tisch, die Biolabore, die Erkl\u00e4rung Selenskijs, nach Atomwaffen zu streben, und der vorbereitete ukrainische Angriff auf den Donbass. Und wenn nur einer davon zutrifft, einer von dreien, dann handelt es sich um einen v\u00f6lkerrechtlich legitimen Einsatz. Dieser Punkt ist es, der es erforderlich macht, alle Medien, die die entsprechenden Belege, wenn sie komplett ver\u00f6ffentlicht werden, auch der westlichen \u00d6ffentlichkeit zug\u00e4nglich machen k\u00f6nnten, rechtzeitig zum Schweigen zu bringen. Was, wenn die Menschen, die hier ihre Heizung abstellen sollen aus Solidarit\u00e4t mit der Ukraine, und denen in den n\u00e4chsten Monaten gezeigt werden wird, dass die ukrainischen Nazis wirklich welche sind, und dann noch erkennen, dass auch die Geschichte mit dem &#8222;unbegr\u00fcndeten Angriffskrieg&#8220; nicht stimmte?<\/p>\n<p>Was w\u00e4re das peinlich. Wo doch die Floskel vom &#8222;unbegr\u00fcndeten Angriffskrieg&#8220; schon der erforderliche Kotau ist, damit sich jemand \u00fcberhaupt noch politisch \u00e4u\u00dfern darf. Dann h\u00e4tte der ganze Burgfrieden nur den Effekt, dass jeder, der Teil dieser bizarren Front der NATO-Versteher war, ein f\u00fcr alle Mal die Glaubw\u00fcrdigkeit verloren hat. Wobei, das w\u00fcrde den Weg zur\u00fcck zur Vernunft \u00f6ffnen. Das w\u00e4re, selbst wenn dieses Land bis dahin tief in der \u00f6konomischen Misere steckt, ein gutes Ende. Vorerst besetzt aber die Farce die B\u00fchne, und wir m\u00fcssen sie betrachten, wie es einer Farce geb\u00fchrt, immer mit einem lachenden und einem weinenden Auge.<\/p>\n<p style=\"text-align: right;\"><em>Dagmar Henn ist Mitglied des Deutschen Freidenker-Verbandes<\/em><\/p>\n<hr \/>\n<p><span style=\"font-size: 10pt;\">Bild: <span class=\"mw-mmv-title\">Ein Leopard 2A6 der 3. Panzerkompanie der Bundeswehr feuert seine Glattrohrkanone ab<br \/>\n<\/span><\/span><span style=\"font-size: 10pt;\">Foto: 7th Army Training Command from Grafenwoehr, Germany &#8211; Strong Europe Tank Challenge 2018, <a href=\"https:\/\/creativecommons.org\/licenses\/by\/2.0\" target=\"_blank\" rel=\"noopener\">CC BY 2.0<\/a>, <\/span><br \/>\n<span style=\"font-size: 10pt;\">Quelle: <a href=\"https:\/\/commons.wikimedia.org\/w\/index.php?curid=70008593\" target=\"_blank\" rel=\"noopener\">https:\/\/commons.wikimedia.org\/w\/index.php?curid=70008593<\/a><\/span><\/p>\n","protected":false},"excerpt":{"rendered":"<p><b>Beitrag von Dagmar Henn<\/b><br \/>\nMan wei\u00df nicht mehr, ob man lachen oder weinen soll, so umfassend ist der Wahn, in dem dieses Land zu versinken scheint. Alles, was jemals an Erfahrungen zum Thema Krieg und Frieden in Deutschland vorhanden war, ist ausgel\u00f6scht; als wollten sie morgen schon mit Hurra gen Osten st\u00fcrmen. Dabei muss man n\u00fcchtern feststellen, dass verglichen mit den Vorstellungen, die bei bundesdeutschen Politikern gerade vorherrschen, das wilhelminische Deutschland des Jahres 1914 von geradezu \u00fcberw\u00e4ltigender Rationalit\u00e4t war, denn da hatte man sich vorbereitet. Das heutige Deutschland schafft es, in einer Mischung aus Gr\u00f6\u00dfenwahn und Lakaiengesinnung acht Jahre lang mit an einem Krieg zu basteln, den es eigentlich schon verloren hat, ehe es sich ernsthaft in milit\u00e4rische Handlungen einmischt. <\/p>\n","protected":false},"author":3,"featured_media":12914,"comment_status":"closed","ping_status":"closed","sticky":false,"template":"","format":"standard","meta":{"colormag_page_container_layout":"default_layout","colormag_page_sidebar_layout":"default_layout","advanced_seo_description":"","jetpack_seo_html_title":"","jetpack_seo_noindex":false,"jetpack_post_was_ever_published":false,"footnotes":""},"categories":[12],"tags":[1398,162,451,1282,339,639,1416],"class_list":["post-12905","post","type-post","status-publish","format-standard","has-post-thumbnail","hentry","category-demokratie-medien-aufklaerung","tag-aufruestung","tag-demokratie","tag-faschismus","tag-gruene","tag-kriegspropaganda","tag-ukraine-konflikt","tag-waffen"],"jetpack_featured_media_url":"https:\/\/i0.wp.com\/www.freidenker.org\/fw17\/wp-content\/uploads\/2022\/04\/German_Leopard_2A6_from_3rd_Panzer_Battalion_800x450.jpg?fit=800%2C450&ssl=1","jetpack_shortlink":"https:\/\/wp.me\/p9stpK-3m9","jetpack-related-posts":[{"id":15100,"url":"https:\/\/www.freidenker.org\/?p=15100","url_meta":{"origin":12905,"position":0},"title":"Krieg als Selbstzweck: Das Ziel deutscher Waffenlieferungen","author":"Webredaktion","date":"31. Januar 2023","format":false,"excerpt":"Beitrag von Gert Ewen Ungar Bundeskanzler Olaf Scholz wird nicht m\u00fcde, der Ukraine die Unterst\u00fctzung Deutschlands zu versichern. Mit der Zusage der Lieferung von Leopard-2-Panzern steht die n\u00e4chste Forderung im Raum. Selenskij fordert nun Kampfjets. Begleitet wird diese Forderung von der Wiederholung seiner Absage an jegliche Verhandlungen mit dem russischen\u2026","rel":"","context":"In &quot;Frieden - Antifaschismus - Solidarit\u00e4t&quot;","block_context":{"text":"Frieden - Antifaschismus - Solidarit\u00e4t","link":"https:\/\/www.freidenker.org\/?cat=13"},"img":{"alt_text":"","src":"https:\/\/i0.wp.com\/www.freidenker.org\/fw17\/wp-content\/uploads\/2023\/01\/schuetzenpanzer-puma-der-bundeswehr_800x450.jpg?fit=800%2C450&ssl=1&resize=350%2C200","width":350,"height":200,"srcset":"https:\/\/i0.wp.com\/www.freidenker.org\/fw17\/wp-content\/uploads\/2023\/01\/schuetzenpanzer-puma-der-bundeswehr_800x450.jpg?fit=800%2C450&ssl=1&resize=350%2C200 1x, https:\/\/i0.wp.com\/www.freidenker.org\/fw17\/wp-content\/uploads\/2023\/01\/schuetzenpanzer-puma-der-bundeswehr_800x450.jpg?fit=800%2C450&ssl=1&resize=525%2C300 1.5x, https:\/\/i0.wp.com\/www.freidenker.org\/fw17\/wp-content\/uploads\/2023\/01\/schuetzenpanzer-puma-der-bundeswehr_800x450.jpg?fit=800%2C450&ssl=1&resize=700%2C400 2x"},"classes":[]},{"id":21547,"url":"https:\/\/www.freidenker.org\/?p=21547","url_meta":{"origin":12905,"position":1},"title":"DGB-Ostermarsch-Erkl\u00e4rung l\u00e4sst staunen: Deutschland soll aufr\u00fcsten","author":"Webredaktion","date":"24. April 2025","format":false,"excerpt":"Beitrag von Felicitas Rabe Traditionell demonstriert die Friedensbewegung an den Osterfeiertagen landesweit gegen Aufr\u00fcstung und Krieg und f\u00fcr Diplomatie und Frieden. In seiner Erkl\u00e4rung zu den Osterm\u00e4rschen 2025 hat sich der Deutsche Gewerkschaftsbund (DGB) nun ganz aktuell f\u00fcr eine \"Aufr\u00fcstung zur Erh\u00f6hung der Verteidigungsf\u00e4higkeit\" ausgesprochen. Am Freitag kritisierte der Publizist\u2026","rel":"","context":"In &quot;Demokratie \u2013 Medien \u2013 Aufkl\u00e4rung&quot;","block_context":{"text":"Demokratie \u2013 Medien \u2013 Aufkl\u00e4rung","link":"https:\/\/www.freidenker.org\/?cat=12"},"img":{"alt_text":"","src":"https:\/\/i0.wp.com\/www.freidenker.org\/fw17\/wp-content\/uploads\/2025\/04\/PzD_Stalingrad_15_09_1942_800x450.jpg?fit=800%2C450&ssl=1&resize=350%2C200","width":350,"height":200,"srcset":"https:\/\/i0.wp.com\/www.freidenker.org\/fw17\/wp-content\/uploads\/2025\/04\/PzD_Stalingrad_15_09_1942_800x450.jpg?fit=800%2C450&ssl=1&resize=350%2C200 1x, https:\/\/i0.wp.com\/www.freidenker.org\/fw17\/wp-content\/uploads\/2025\/04\/PzD_Stalingrad_15_09_1942_800x450.jpg?fit=800%2C450&ssl=1&resize=525%2C300 1.5x, https:\/\/i0.wp.com\/www.freidenker.org\/fw17\/wp-content\/uploads\/2025\/04\/PzD_Stalingrad_15_09_1942_800x450.jpg?fit=800%2C450&ssl=1&resize=700%2C400 2x"},"classes":[]},{"id":22969,"url":"https:\/\/www.freidenker.org\/?p=22969","url_meta":{"origin":12905,"position":2},"title":"Buchvorstellung Wolfgang Bittner: Geopolitik im \u00dcberblick","author":"Webredaktion","date":"27. September 2025","format":false,"excerpt":"Geopolitik im \u00dcberblick: Deutschland \u2013 USA \u2013 EU \u2013 Russland Vortrag und Buchvorstellung mit Wolfgang Bittner am 08.10.2025 in Berlin Deutschland soll \u00bbkriegst\u00fcchtig\u00ab werden, und die Berliner Regierung hat astronomische Ausgaben f\u00fcr die Aufr\u00fcstung bereitgestellt. Denn angeblich will Russland nach der Ukraine Westeuropa erobern, obwohl es daf\u00fcr keinerlei Belege gibt\u2026","rel":"","context":"In &quot;Demokratie \u2013 Medien \u2013 Aufkl\u00e4rung&quot;","block_context":{"text":"Demokratie \u2013 Medien \u2013 Aufkl\u00e4rung","link":"https:\/\/www.freidenker.org\/?cat=12"},"img":{"alt_text":"","src":"https:\/\/i0.wp.com\/www.freidenker.org\/fw17\/wp-content\/uploads\/2025\/09\/Bittner_Geopolitik_Lesung_800x450_v3.jpg?fit=800%2C450&ssl=1&resize=350%2C200","width":350,"height":200,"srcset":"https:\/\/i0.wp.com\/www.freidenker.org\/fw17\/wp-content\/uploads\/2025\/09\/Bittner_Geopolitik_Lesung_800x450_v3.jpg?fit=800%2C450&ssl=1&resize=350%2C200 1x, https:\/\/i0.wp.com\/www.freidenker.org\/fw17\/wp-content\/uploads\/2025\/09\/Bittner_Geopolitik_Lesung_800x450_v3.jpg?fit=800%2C450&ssl=1&resize=525%2C300 1.5x, https:\/\/i0.wp.com\/www.freidenker.org\/fw17\/wp-content\/uploads\/2025\/09\/Bittner_Geopolitik_Lesung_800x450_v3.jpg?fit=800%2C450&ssl=1&resize=700%2C400 2x"},"classes":[]},{"id":23377,"url":"https:\/\/www.freidenker.org\/?p=23377","url_meta":{"origin":12905,"position":3},"title":"Buchvorstellung Wolfgang Bittner: Geopolitik im \u00dcberblick","author":"Webredaktion","date":"31. Oktober 2025","format":false,"excerpt":"Geopolitik im \u00dcberblick: Deutschland \u2013 USA \u2013 EU \u2013 Russland Vortrag und Buchvorstellung mit Wolfgang Bittner am 15.11.2025 in Frankfurt am Main Deutschland soll \u00bbkriegst\u00fcchtig\u00ab werden, und die Berliner Regierung hat astronomische Ausgaben f\u00fcr die Aufr\u00fcstung bereitgestellt. Denn angeblich will Russland nach der Ukraine Westeuropa erobern, obwohl es daf\u00fcr keinerlei\u2026","rel":"","context":"In &quot;Demokratie \u2013 Medien \u2013 Aufkl\u00e4rung&quot;","block_context":{"text":"Demokratie \u2013 Medien \u2013 Aufkl\u00e4rung","link":"https:\/\/www.freidenker.org\/?cat=12"},"img":{"alt_text":"","src":"https:\/\/i0.wp.com\/www.freidenker.org\/fw17\/wp-content\/uploads\/2025\/09\/Bittner_Geopolitik_Lesung_800x450_v3.jpg?fit=800%2C450&ssl=1&resize=350%2C200","width":350,"height":200,"srcset":"https:\/\/i0.wp.com\/www.freidenker.org\/fw17\/wp-content\/uploads\/2025\/09\/Bittner_Geopolitik_Lesung_800x450_v3.jpg?fit=800%2C450&ssl=1&resize=350%2C200 1x, https:\/\/i0.wp.com\/www.freidenker.org\/fw17\/wp-content\/uploads\/2025\/09\/Bittner_Geopolitik_Lesung_800x450_v3.jpg?fit=800%2C450&ssl=1&resize=525%2C300 1.5x, https:\/\/i0.wp.com\/www.freidenker.org\/fw17\/wp-content\/uploads\/2025\/09\/Bittner_Geopolitik_Lesung_800x450_v3.jpg?fit=800%2C450&ssl=1&resize=700%2C400 2x"},"classes":[]},{"id":16372,"url":"https:\/\/www.freidenker.org\/?p=16372","url_meta":{"origin":12905,"position":4},"title":"Oskar Lafontaine im Interview: &#8222;Gr\u00fcne sind der US-Politik unterworfen&#8220;","author":"Webredaktion","date":"28. Juni 2023","format":false,"excerpt":"Interview von Tom J. Wellbrock mit Oskar Lafontaine Im Interview mit Tom Wellbrock streift der ehemalige SPD-Politiker und Gr\u00fcnder der Partei Die Linke, Oskar Lafontaine, zahlreiche Themenfelder der aktuellen Politik und r\u00e4umt mit vielem auf, was in Deutschland f\u00fcr wahr gehalten wird, jedoch nicht den Fakten entspricht.\u00a0Da ist zun\u00e4chst das\u2026","rel":"","context":"In &quot;Demokratie \u2013 Medien \u2013 Aufkl\u00e4rung&quot;","block_context":{"text":"Demokratie \u2013 Medien \u2013 Aufkl\u00e4rung","link":"https:\/\/www.freidenker.org\/?cat=12"},"img":{"alt_text":"","src":"https:\/\/i0.wp.com\/www.freidenker.org\/fw17\/wp-content\/uploads\/2023\/06\/Lafontaine_800x450.jpg?fit=800%2C450&ssl=1&resize=350%2C200","width":350,"height":200,"srcset":"https:\/\/i0.wp.com\/www.freidenker.org\/fw17\/wp-content\/uploads\/2023\/06\/Lafontaine_800x450.jpg?fit=800%2C450&ssl=1&resize=350%2C200 1x, https:\/\/i0.wp.com\/www.freidenker.org\/fw17\/wp-content\/uploads\/2023\/06\/Lafontaine_800x450.jpg?fit=800%2C450&ssl=1&resize=525%2C300 1.5x, https:\/\/i0.wp.com\/www.freidenker.org\/fw17\/wp-content\/uploads\/2023\/06\/Lafontaine_800x450.jpg?fit=800%2C450&ssl=1&resize=700%2C400 2x"},"classes":[]},{"id":18351,"url":"https:\/\/www.freidenker.org\/?p=18351","url_meta":{"origin":12905,"position":5},"title":"Diese Regierung geh\u00f6rt abgeschafft","author":"Webredaktion","date":"25. Februar 2024","format":false,"excerpt":"Rede von Regina Silbermann gehalten am 19.02. 2024 vor dem Rathaus in Chemnitz Der Krieg in der Ukraine h\u00e4lt an. Eine Verhandlungsl\u00f6sung scheint in weiter Ferne, vor allem, seit der Kiewer Pr\u00e4sident Wolodymyr Selenskyj im Herbst 2022 Verhandlungen mit Russlands Pr\u00e4sident Wladimir Putin per Dekret verboten hat. Dieses Dekret besteht\u2026","rel":"","context":"In &quot;Frieden - Antifaschismus - Solidarit\u00e4t&quot;","block_context":{"text":"Frieden - Antifaschismus - Solidarit\u00e4t","link":"https:\/\/www.freidenker.org\/?cat=13"},"img":{"alt_text":"","src":"https:\/\/i0.wp.com\/www.freidenker.org\/fw17\/wp-content\/uploads\/2024\/02\/Montagsdemo_Chemnitz_2023-09-25_800x450.jpg?fit=800%2C450&ssl=1&resize=350%2C200","width":350,"height":200,"srcset":"https:\/\/i0.wp.com\/www.freidenker.org\/fw17\/wp-content\/uploads\/2024\/02\/Montagsdemo_Chemnitz_2023-09-25_800x450.jpg?fit=800%2C450&ssl=1&resize=350%2C200 1x, https:\/\/i0.wp.com\/www.freidenker.org\/fw17\/wp-content\/uploads\/2024\/02\/Montagsdemo_Chemnitz_2023-09-25_800x450.jpg?fit=800%2C450&ssl=1&resize=525%2C300 1.5x, https:\/\/i0.wp.com\/www.freidenker.org\/fw17\/wp-content\/uploads\/2024\/02\/Montagsdemo_Chemnitz_2023-09-25_800x450.jpg?fit=800%2C450&ssl=1&resize=700%2C400 2x"},"classes":[]}],"_links":{"self":[{"href":"https:\/\/www.freidenker.org\/index.php?rest_route=\/wp\/v2\/posts\/12905","targetHints":{"allow":["GET"]}}],"collection":[{"href":"https:\/\/www.freidenker.org\/index.php?rest_route=\/wp\/v2\/posts"}],"about":[{"href":"https:\/\/www.freidenker.org\/index.php?rest_route=\/wp\/v2\/types\/post"}],"author":[{"embeddable":true,"href":"https:\/\/www.freidenker.org\/index.php?rest_route=\/wp\/v2\/users\/3"}],"replies":[{"embeddable":true,"href":"https:\/\/www.freidenker.org\/index.php?rest_route=%2Fwp%2Fv2%2Fcomments&post=12905"}],"version-history":[{"count":0,"href":"https:\/\/www.freidenker.org\/index.php?rest_route=\/wp\/v2\/posts\/12905\/revisions"}],"wp:featuredmedia":[{"embeddable":true,"href":"https:\/\/www.freidenker.org\/index.php?rest_route=\/wp\/v2\/media\/12914"}],"wp:attachment":[{"href":"https:\/\/www.freidenker.org\/index.php?rest_route=%2Fwp%2Fv2%2Fmedia&parent=12905"}],"wp:term":[{"taxonomy":"category","embeddable":true,"href":"https:\/\/www.freidenker.org\/index.php?rest_route=%2Fwp%2Fv2%2Fcategories&post=12905"},{"taxonomy":"post_tag","embeddable":true,"href":"https:\/\/www.freidenker.org\/index.php?rest_route=%2Fwp%2Fv2%2Ftags&post=12905"}],"curies":[{"name":"wp","href":"https:\/\/api.w.org\/{rel}","templated":true}]}}