{"id":1290,"date":"2017-08-21T22:47:26","date_gmt":"2017-08-21T20:47:26","guid":{"rendered":"http:\/\/www.freidenker.org\/fw17\/?p=1290"},"modified":"2019-06-27T21:14:06","modified_gmt":"2019-06-27T19:14:06","slug":"konferenz-100-jahre-oktoberrevolution-100-jahre-dekret-ueber-den-frieden","status":"publish","type":"post","link":"https:\/\/www.freidenker.org\/?p=1290","title":{"rendered":"Konferenz: 100 Jahre Oktoberrevolution &#8211; 100 Jahre Dekret \u00fcber den Frieden"},"content":{"rendered":"<p>Wir laden Euch recht herzlich am <strong>30. September 2017<\/strong> nach Berlin zu unserer Wissenschaftlichen Konferenz ein.<\/p>\n<p style=\"text-align: center;\"><span style=\"font-size: 14pt;\"><strong>100 Jahre Oktoberrevolution &#8211; 100 Jahre Dekret \u00fcber den Frieden<\/strong><\/span><\/p>\n<p style=\"text-align: center;\"><span style=\"font-size: 12pt;\"><strong>Lehren aus 100 Jahre geschichtlicher Erfahrung im Ringen f\u00fcr eine dauerhaft freie Gesellschaft und f\u00fcr Frieden statt Konfrontation mit Russland<\/strong><\/span><\/p>\n<p><img data-recalc-dims=\"1\" loading=\"lazy\" decoding=\"async\" data-attachment-id=\"1209\" data-permalink=\"https:\/\/www.freidenker.org\/?attachment_id=1209\" data-orig-file=\"https:\/\/i0.wp.com\/www.freidenker.org\/fw17\/wp-content\/uploads\/2017\/09\/30-09-2017-einladung-konferenz-gross-s1.jpg?fit=1264%2C1264&amp;ssl=1\" data-orig-size=\"1264,1264\" data-comments-opened=\"0\" data-image-meta=\"{&quot;aperture&quot;:&quot;0&quot;,&quot;credit&quot;:&quot;&quot;,&quot;camera&quot;:&quot;&quot;,&quot;caption&quot;:&quot;&quot;,&quot;created_timestamp&quot;:&quot;0&quot;,&quot;copyright&quot;:&quot;&quot;,&quot;focal_length&quot;:&quot;0&quot;,&quot;iso&quot;:&quot;0&quot;,&quot;shutter_speed&quot;:&quot;0&quot;,&quot;title&quot;:&quot;&quot;,&quot;orientation&quot;:&quot;0&quot;}\" data-image-title=\"30-09-2017-einladung-konferenz-gross-s1\" data-image-description=\"\" data-image-caption=\"\" data-large-file=\"https:\/\/i0.wp.com\/www.freidenker.org\/fw17\/wp-content\/uploads\/2017\/09\/30-09-2017-einladung-konferenz-gross-s1.jpg?fit=800%2C800&amp;ssl=1\" class=\"wp-image-1209 size-large aligncenter\" src=\"https:\/\/i0.wp.com\/www.freidenker.org\/fw17\/wp-content\/uploads\/2017\/09\/30-09-2017-einladung-konferenz-gross-s1.jpg?resize=800%2C800&#038;ssl=1\" alt=\"\" width=\"800\" height=\"800\" srcset=\"https:\/\/i0.wp.com\/www.freidenker.org\/fw17\/wp-content\/uploads\/2017\/09\/30-09-2017-einladung-konferenz-gross-s1.jpg?resize=1024%2C1024&amp;ssl=1 1024w, https:\/\/i0.wp.com\/www.freidenker.org\/fw17\/wp-content\/uploads\/2017\/09\/30-09-2017-einladung-konferenz-gross-s1.jpg?resize=150%2C150&amp;ssl=1 150w, https:\/\/i0.wp.com\/www.freidenker.org\/fw17\/wp-content\/uploads\/2017\/09\/30-09-2017-einladung-konferenz-gross-s1.jpg?resize=300%2C300&amp;ssl=1 300w, https:\/\/i0.wp.com\/www.freidenker.org\/fw17\/wp-content\/uploads\/2017\/09\/30-09-2017-einladung-konferenz-gross-s1.jpg?resize=768%2C768&amp;ssl=1 768w, https:\/\/i0.wp.com\/www.freidenker.org\/fw17\/wp-content\/uploads\/2017\/09\/30-09-2017-einladung-konferenz-gross-s1.jpg?w=1264&amp;ssl=1 1264w\" sizes=\"auto, (max-width: 800px) 100vw, 800px\" \/><\/p>\n<p><img data-recalc-dims=\"1\" loading=\"lazy\" decoding=\"async\" data-attachment-id=\"1296\" data-permalink=\"https:\/\/www.freidenker.org\/?attachment_id=1296\" data-orig-file=\"https:\/\/i0.wp.com\/www.freidenker.org\/fw17\/wp-content\/uploads\/2017\/08\/30-09-2017-einladung-konferenz-gross-s2.jpg?fit=1264%2C1264&amp;ssl=1\" data-orig-size=\"1264,1264\" data-comments-opened=\"0\" data-image-meta=\"{&quot;aperture&quot;:&quot;0&quot;,&quot;credit&quot;:&quot;&quot;,&quot;camera&quot;:&quot;&quot;,&quot;caption&quot;:&quot;&quot;,&quot;created_timestamp&quot;:&quot;0&quot;,&quot;copyright&quot;:&quot;&quot;,&quot;focal_length&quot;:&quot;0&quot;,&quot;iso&quot;:&quot;0&quot;,&quot;shutter_speed&quot;:&quot;0&quot;,&quot;title&quot;:&quot;&quot;,&quot;orientation&quot;:&quot;0&quot;}\" data-image-title=\"30-09-2017-einladung-konferenz-gross-s2\" data-image-description=\"\" data-image-caption=\"\" data-large-file=\"https:\/\/i0.wp.com\/www.freidenker.org\/fw17\/wp-content\/uploads\/2017\/08\/30-09-2017-einladung-konferenz-gross-s2.jpg?fit=800%2C800&amp;ssl=1\" class=\"aligncenter wp-image-1296 size-large\" src=\"https:\/\/i0.wp.com\/www.freidenker.org\/fw17\/wp-content\/uploads\/2017\/08\/30-09-2017-einladung-konferenz-gross-s2.jpg?resize=800%2C800&#038;ssl=1\" alt=\"\" width=\"800\" height=\"800\" srcset=\"https:\/\/i0.wp.com\/www.freidenker.org\/fw17\/wp-content\/uploads\/2017\/08\/30-09-2017-einladung-konferenz-gross-s2.jpg?resize=1024%2C1024&amp;ssl=1 1024w, https:\/\/i0.wp.com\/www.freidenker.org\/fw17\/wp-content\/uploads\/2017\/08\/30-09-2017-einladung-konferenz-gross-s2.jpg?resize=150%2C150&amp;ssl=1 150w, https:\/\/i0.wp.com\/www.freidenker.org\/fw17\/wp-content\/uploads\/2017\/08\/30-09-2017-einladung-konferenz-gross-s2.jpg?resize=300%2C300&amp;ssl=1 300w, https:\/\/i0.wp.com\/www.freidenker.org\/fw17\/wp-content\/uploads\/2017\/08\/30-09-2017-einladung-konferenz-gross-s2.jpg?resize=768%2C768&amp;ssl=1 768w, https:\/\/i0.wp.com\/www.freidenker.org\/fw17\/wp-content\/uploads\/2017\/08\/30-09-2017-einladung-konferenz-gross-s2.jpg?w=1264&amp;ssl=1 1264w\" sizes=\"auto, (max-width: 800px) 100vw, 800px\" \/><\/p>\n<p>Die Veranstaltungseinladung k\u00f6nnt Ihr auch als<strong>\u00a0<img data-recalc-dims=\"1\" loading=\"lazy\" decoding=\"async\" data-attachment-id=\"1072\" data-permalink=\"https:\/\/www.freidenker.org\/?attachment_id=1072\" data-orig-file=\"https:\/\/i0.wp.com\/www.freidenker.org\/fw17\/wp-content\/uploads\/2017\/10\/pdf_icon-e1509487447542.png?fit=16%2C16&amp;ssl=1\" data-orig-size=\"16,16\" data-comments-opened=\"0\" data-image-meta=\"{&quot;aperture&quot;:&quot;0&quot;,&quot;credit&quot;:&quot;&quot;,&quot;camera&quot;:&quot;&quot;,&quot;caption&quot;:&quot;&quot;,&quot;created_timestamp&quot;:&quot;0&quot;,&quot;copyright&quot;:&quot;&quot;,&quot;focal_length&quot;:&quot;0&quot;,&quot;iso&quot;:&quot;0&quot;,&quot;shutter_speed&quot;:&quot;0&quot;,&quot;title&quot;:&quot;&quot;,&quot;orientation&quot;:&quot;0&quot;}\" data-image-title=\"pdf_icon_16\" data-image-description=\"\" data-image-caption=\"\" data-large-file=\"https:\/\/i0.wp.com\/www.freidenker.org\/fw17\/wp-content\/uploads\/2017\/10\/pdf_icon-e1509487447542.png?fit=16%2C16&amp;ssl=1\" class=\"alignnone size-full wp-image-1072\" src=\"https:\/\/i0.wp.com\/www.freidenker.org\/fw17\/wp-content\/uploads\/2017\/10\/pdf_icon-e1509487447542.png?resize=16%2C16&#038;ssl=1\" alt=\"\" width=\"16\" height=\"16\" \/> <a href=\"https:\/\/www.freidenker.org\/fw17\/wp-content\/uploads\/2017\/11\/30-09-2017-einladung-konferenz-druckausgabe.pdf\" target=\"_blank\" rel=\"noopener noreferrer\">PDF-Dokument<\/a><\/strong> (ca. 1,7 MB, ausdruckbar) herunterladen. Bitte Nachfragen an <strong>Sebastian Bahlo<\/strong> \u00fcber die E-Mail-Adresse <strong><a href=\"mailto:s.bahlo@freidenker.org\">s.bahlo@freidenker.org<\/a><\/strong> richten.<\/p>\n<hr \/>\n<p>Bild: <span class=\"mw-mmv-title\"><i>Der Bolschewik<\/i>, \u00d6lgem\u00e4lde von Boris Kustodijew (1920) [gemeinfrei]<\/span><\/p>\n","protected":false},"excerpt":{"rendered":"<p><strong>Einladung zur Wissenschaftlichen Konferenz am 30. September 2017 in Berlin zum Thema &#8222;100 Jahre Oktoberrevolution &#8211; 100 Jahre Dekret \u00fcber den Frieden &#8211; Lehren aus 100 Jahre geschichtlicher Erfahrung im Ringen f\u00fcr eine dauerhaft freie Gesellschaft und f\u00fcr Frieden statt Konfrontation mit Russland&#8220;.<\/strong> Geplante Vortr\u00e4ge:<br \/>\n&#8211; Bruno Mahlow: Die Oktoberrevolution \u2013 Aufbruch in gesellschaftliches Neuland<br \/>\n&#8211; Prof. Dr. Helga H\u00f6rz: Frauen als Gestalterinnen der Geschichte \u2013 Oktoberrevolution und ihre Folgen<br \/>\n&#8211; Michael Kubi: Stalin, Repressionen, Sowjetdemokratie: UdSSR \u2013 eine Kriminalgeschichte?<br \/>\n&#8211; Andreas Wehr: \u00dcber Fernwirkungen der Oktoberrevolution<br \/>\n&#8211; Dr. Marianne Linke: Sowjetunion \u2013 konsequente Friedenspolitik seit dem Dekret \u00fcber den Frieden<br \/>\n&#8211; Rainer Rupp: Immer wieder ostw\u00e4rts:  Die Konfrontationspolitik der NATO<br \/>\n&#8211; Prof. Dr. Anton Latzo: Alternative Russlands zur Expansion der EU in Osteuropa<\/p>\n","protected":false},"author":3,"featured_media":1298,"comment_status":"closed","ping_status":"closed","sticky":false,"template":"","format":"standard","meta":{"colormag_page_container_layout":"default_layout","colormag_page_sidebar_layout":"default_layout","advanced_seo_description":"","jetpack_seo_html_title":"","jetpack_seo_noindex":false,"jetpack_post_was_ever_published":false,"footnotes":""},"categories":[1162,20],"tags":[335,415,135,138,222],"class_list":["post-1290","post","type-post","status-publish","format-standard","has-post-thumbnail","hentry","category-geschichte","category-zentrale-veranstaltungen","tag-frieden","tag-lenin","tag-oktoberrevolution","tag-revolution","tag-russland"],"jetpack_featured_media_url":"https:\/\/i0.wp.com\/www.freidenker.org\/fw17\/wp-content\/uploads\/2017\/08\/Kustodiev_The_Bolshevik_800x445.jpg?fit=800%2C445&ssl=1","jetpack_shortlink":"https:\/\/wp.me\/p9stpK-kO","jetpack-related-posts":[{"id":1206,"url":"https:\/\/www.freidenker.org\/?p=1206","url_meta":{"origin":1290,"position":0},"title":"Freidenker-Brief 3-2017: 100 Jahre Oktoberrevolution","author":"Webredaktion","date":"30. September 2017","format":false,"excerpt":"Der Deutsche Freidenker-Verband veranstaltete am 30. September 2017 in Berlin im Rathaussaal Pankow eine Konferenz unter dem Titel \u201e100 Jahre Oktoberrevolution \u2013 100 Jahre Dekret \u00fcber den Frieden\u201c. Reporterin Maria Janssen von RT Deutsch sprach vor Ort mit den Freidenkern \u00fcber die Auswirkungen der Oktoberrevolution auf die heutige Politik und\u2026","rel":"","context":"In &quot;Freidenker-Brief&quot;","block_context":{"text":"Freidenker-Brief","link":"https:\/\/www.freidenker.org\/?cat=341"},"img":{"alt_text":"","src":"https:\/\/i0.wp.com\/www.freidenker.org\/fw17\/wp-content\/uploads\/2017\/09\/Stormningen_av_vinterpalatset.jpg?fit=800%2C445&ssl=1&resize=350%2C200","width":350,"height":200,"srcset":"https:\/\/i0.wp.com\/www.freidenker.org\/fw17\/wp-content\/uploads\/2017\/09\/Stormningen_av_vinterpalatset.jpg?fit=800%2C445&ssl=1&resize=350%2C200 1x, https:\/\/i0.wp.com\/www.freidenker.org\/fw17\/wp-content\/uploads\/2017\/09\/Stormningen_av_vinterpalatset.jpg?fit=800%2C445&ssl=1&resize=525%2C300 1.5x, https:\/\/i0.wp.com\/www.freidenker.org\/fw17\/wp-content\/uploads\/2017\/09\/Stormningen_av_vinterpalatset.jpg?fit=800%2C445&ssl=1&resize=700%2C400 2x"},"classes":[]},{"id":1094,"url":"https:\/\/www.freidenker.org\/?p=1094","url_meta":{"origin":1290,"position":1},"title":"FREIDENKER 4-17 EXTRA &#8211; 100 Jahre Oktoberrevolution","author":"Webredaktion","date":"15. Dezember 2017","format":false,"excerpt":"Die EXTRA-Ausgabe 4-17 des Verbandsorgans FREIDENKER hat das Schwerpunkt-Thema \u201e100 Jahre Oktoberrevolution - 100 Jahre Dekret \u00fcber den Frieden\" und enth\u00e4lt die Reden der Wissenschaftlichen Konferenz des Deutschen Freidenker-Verbandes vom 30.09.2017 in Berlin. Darin: - Bruno Mahlow: Die Oktoberrevolution \u2013 Aufbruch in gesellschaftliches Neuland - Helga H\u00f6rz: Frauen als Gestalterinnen\u2026","rel":"","context":"In &quot;Geschichte&quot;","block_context":{"text":"Geschichte","link":"https:\/\/www.freidenker.org\/?cat=1162"},"img":{"alt_text":"","src":"https:\/\/i0.wp.com\/www.freidenker.org\/fw17\/wp-content\/uploads\/2017\/12\/FD_2017-04_Titel_mR.jpg?fit=800%2C445&ssl=1&resize=350%2C200","width":350,"height":200,"srcset":"https:\/\/i0.wp.com\/www.freidenker.org\/fw17\/wp-content\/uploads\/2017\/12\/FD_2017-04_Titel_mR.jpg?fit=800%2C445&ssl=1&resize=350%2C200 1x, https:\/\/i0.wp.com\/www.freidenker.org\/fw17\/wp-content\/uploads\/2017\/12\/FD_2017-04_Titel_mR.jpg?fit=800%2C445&ssl=1&resize=525%2C300 1.5x, https:\/\/i0.wp.com\/www.freidenker.org\/fw17\/wp-content\/uploads\/2017\/12\/FD_2017-04_Titel_mR.jpg?fit=800%2C445&ssl=1&resize=700%2C400 2x"},"classes":[]},{"id":18042,"url":"https:\/\/www.freidenker.org\/?p=18042","url_meta":{"origin":1290,"position":2},"title":"Dritter Anlauf","author":"Webredaktion","date":"28. Januar 2024","format":false,"excerpt":"Beitrag von Arnold Sch\u00f6lzel Am 21. Januar vor 100 Jahren starb Wladimir Iljitsch Lenin. Er stand an der Spitze der Gro\u00dfen Sozialistischen Oktoberrevolution von 1917, die ein ganzes Kapitel der Geschichte der Menschheit beendete und ein neues er\u00f6ffnete. Bereits ihre ersten Ma\u00dfnahmen \u2013 das Dekret \u00fcber den Frieden, mit dem\u2026","rel":"","context":"In &quot;Geschichte&quot;","block_context":{"text":"Geschichte","link":"https:\/\/www.freidenker.org\/?cat=1162"},"img":{"alt_text":"","src":"https:\/\/i0.wp.com\/www.freidenker.org\/fw17\/wp-content\/uploads\/2024\/01\/Vladimir_Lenin_giving_a_speech_800x450.jpg?fit=800%2C450&ssl=1&resize=350%2C200","width":350,"height":200,"srcset":"https:\/\/i0.wp.com\/www.freidenker.org\/fw17\/wp-content\/uploads\/2024\/01\/Vladimir_Lenin_giving_a_speech_800x450.jpg?fit=800%2C450&ssl=1&resize=350%2C200 1x, https:\/\/i0.wp.com\/www.freidenker.org\/fw17\/wp-content\/uploads\/2024\/01\/Vladimir_Lenin_giving_a_speech_800x450.jpg?fit=800%2C450&ssl=1&resize=525%2C300 1.5x, https:\/\/i0.wp.com\/www.freidenker.org\/fw17\/wp-content\/uploads\/2024\/01\/Vladimir_Lenin_giving_a_speech_800x450.jpg?fit=800%2C450&ssl=1&resize=700%2C400 2x"},"classes":[]},{"id":1479,"url":"https:\/\/www.freidenker.org\/?p=1479","url_meta":{"origin":1290,"position":3},"title":"Die b\u00f6sen Befreier von Zarismus, Faschismus und Kolonialismus","author":"Webredaktion","date":"1. Dezember 2008","format":false,"excerpt":"Buchver\u00f6ffentlichung im Eigenverlag des Deutschen Freidenker-Verbandes e.V. Materialien der Wissenschaftlichen Konferenz aus Anlass des 90. Jahrestages der Oktoberrevolution 1917 in Russland am 20. Oktober 2007 in Berlin Mit Beitr\u00e4gen von Eberhard Schinck, Klaus Hartmann, Dr. Arnold Sch\u00f6lzel, Prof. Dr. Wolfgang Richter, RA Hans Bauer, Prof. Dr. Erich Hahn, Dr. Wolf-Dieter\u2026","rel":"","context":"In &quot;B\u00fccher des Verbandes&quot;","block_context":{"text":"B\u00fccher des Verbandes","link":"https:\/\/www.freidenker.org\/?cat=5"},"img":{"alt_text":"","src":"https:\/\/i0.wp.com\/www.freidenker.org\/fw17\/wp-content\/uploads\/2017\/12\/FD_Buch_2008_Boese-Befreier.jpg?fit=800%2C445&ssl=1&resize=350%2C200","width":350,"height":200,"srcset":"https:\/\/i0.wp.com\/www.freidenker.org\/fw17\/wp-content\/uploads\/2017\/12\/FD_Buch_2008_Boese-Befreier.jpg?fit=800%2C445&ssl=1&resize=350%2C200 1x, https:\/\/i0.wp.com\/www.freidenker.org\/fw17\/wp-content\/uploads\/2017\/12\/FD_Buch_2008_Boese-Befreier.jpg?fit=800%2C445&ssl=1&resize=525%2C300 1.5x, https:\/\/i0.wp.com\/www.freidenker.org\/fw17\/wp-content\/uploads\/2017\/12\/FD_Buch_2008_Boese-Befreier.jpg?fit=800%2C445&ssl=1&resize=700%2C400 2x"},"classes":[]},{"id":2816,"url":"https:\/\/www.freidenker.org\/?p=2816","url_meta":{"origin":1290,"position":4},"title":"\u00dcber Fernwirkungen der Oktoberrevolution","author":"Webredaktion","date":"16. Dezember 2017","format":false,"excerpt":"Beitrag von Andreas Wehr aus: FREIDENKER 4-17 Wir m\u00fcssen begreifen, dass das Widerspr\u00fcchliche in den sozialistischen Gesellschaften, beginnend mit der Oktoberrevolution, selbst zu einer geschichtlichen Tatsache geworden ist. Die marxistische Theorie wurde zwar als Anleitung benutzt. Sie hatte sich zu bew\u00e4hren. Sie hatte ihren Praxistest zu bestehen. Und \u2013 und\u2026","rel":"","context":"In &quot;Geschichte&quot;","block_context":{"text":"Geschichte","link":"https:\/\/www.freidenker.org\/?cat=1162"},"img":{"alt_text":"Quelle: pixabay.com \/ User: TheDigitalArtist","src":"https:\/\/i0.wp.com\/www.freidenker.org\/fw17\/wp-content\/uploads\/2017\/12\/soviet-union-2704166_800x445.jpg?fit=800%2C445&ssl=1&resize=350%2C200","width":350,"height":200,"srcset":"https:\/\/i0.wp.com\/www.freidenker.org\/fw17\/wp-content\/uploads\/2017\/12\/soviet-union-2704166_800x445.jpg?fit=800%2C445&ssl=1&resize=350%2C200 1x, https:\/\/i0.wp.com\/www.freidenker.org\/fw17\/wp-content\/uploads\/2017\/12\/soviet-union-2704166_800x445.jpg?fit=800%2C445&ssl=1&resize=525%2C300 1.5x, https:\/\/i0.wp.com\/www.freidenker.org\/fw17\/wp-content\/uploads\/2017\/12\/soviet-union-2704166_800x445.jpg?fit=800%2C445&ssl=1&resize=700%2C400 2x"},"classes":[]},{"id":2823,"url":"https:\/\/www.freidenker.org\/?p=2823","url_meta":{"origin":1290,"position":5},"title":"Das Dekret \u00fcber den Frieden \u2013 Grundlinie sowjetischer Friedenspolitik","author":"Webredaktion","date":"16. Dezember 2017","format":false,"excerpt":"Beitrag von Marianne Linke aus: FREIDENKER 4-17 Vor 100 Jahren, im Oktober 1917, war von der Kriegsbegeisterung und dem Hurra-Patriotismus, mit dem 1914 in den Staaten Europas Millionen und Abermillionen Soldaten in den bis dahin m\u00f6rderischsten Krieg aller Zeiten geschickt wurden, nichts mehr \u00fcbrig geblieben. Am sch\u00e4rfsten hatten sich die\u2026","rel":"","context":"In &quot;Frieden - Antifaschismus - Solidarit\u00e4t&quot;","block_context":{"text":"Frieden - Antifaschismus - Solidarit\u00e4t","link":"https:\/\/www.freidenker.org\/?cat=13"},"img":{"alt_text":"","src":"https:\/\/i0.wp.com\/www.freidenker.org\/fw17\/wp-content\/uploads\/2017\/12\/dekret_ueber_den_frieden.jpg?fit=800%2C445&ssl=1&resize=350%2C200","width":350,"height":200,"srcset":"https:\/\/i0.wp.com\/www.freidenker.org\/fw17\/wp-content\/uploads\/2017\/12\/dekret_ueber_den_frieden.jpg?fit=800%2C445&ssl=1&resize=350%2C200 1x, https:\/\/i0.wp.com\/www.freidenker.org\/fw17\/wp-content\/uploads\/2017\/12\/dekret_ueber_den_frieden.jpg?fit=800%2C445&ssl=1&resize=525%2C300 1.5x, https:\/\/i0.wp.com\/www.freidenker.org\/fw17\/wp-content\/uploads\/2017\/12\/dekret_ueber_den_frieden.jpg?fit=800%2C445&ssl=1&resize=700%2C400 2x"},"classes":[]}],"_links":{"self":[{"href":"https:\/\/www.freidenker.org\/index.php?rest_route=\/wp\/v2\/posts\/1290","targetHints":{"allow":["GET"]}}],"collection":[{"href":"https:\/\/www.freidenker.org\/index.php?rest_route=\/wp\/v2\/posts"}],"about":[{"href":"https:\/\/www.freidenker.org\/index.php?rest_route=\/wp\/v2\/types\/post"}],"author":[{"embeddable":true,"href":"https:\/\/www.freidenker.org\/index.php?rest_route=\/wp\/v2\/users\/3"}],"replies":[{"embeddable":true,"href":"https:\/\/www.freidenker.org\/index.php?rest_route=%2Fwp%2Fv2%2Fcomments&post=1290"}],"version-history":[{"count":0,"href":"https:\/\/www.freidenker.org\/index.php?rest_route=\/wp\/v2\/posts\/1290\/revisions"}],"wp:featuredmedia":[{"embeddable":true,"href":"https:\/\/www.freidenker.org\/index.php?rest_route=\/wp\/v2\/media\/1298"}],"wp:attachment":[{"href":"https:\/\/www.freidenker.org\/index.php?rest_route=%2Fwp%2Fv2%2Fmedia&parent=1290"}],"wp:term":[{"taxonomy":"category","embeddable":true,"href":"https:\/\/www.freidenker.org\/index.php?rest_route=%2Fwp%2Fv2%2Fcategories&post=1290"},{"taxonomy":"post_tag","embeddable":true,"href":"https:\/\/www.freidenker.org\/index.php?rest_route=%2Fwp%2Fv2%2Ftags&post=1290"}],"curies":[{"name":"wp","href":"https:\/\/api.w.org\/{rel}","templated":true}]}}