{"id":1286,"date":"2017-05-10T22:16:16","date_gmt":"2017-05-10T20:16:16","guid":{"rendered":"http:\/\/www.freidenker.org\/fw17\/?p=1286"},"modified":"2018-02-18T22:58:06","modified_gmt":"2018-02-18T21:58:06","slug":"zum-tag-des-sieges-2017","status":"publish","type":"post","link":"https:\/\/www.freidenker.org\/?p=1286","title":{"rendered":"Zum Tag des Sieges 2017"},"content":{"rendered":"<p><strong>Ansprache von Klaus Hartmann<br \/>\nauf der Gedenkfeier am 9. Mai 2017 auf dem Hauptfriedhof Frankfurt a.M.<br \/>\n<\/strong><\/p>\n<figure id=\"attachment_1289\" aria-describedby=\"caption-attachment-1289\" style=\"width: 723px\" class=\"wp-caption alignnone\"><img data-recalc-dims=\"1\" loading=\"lazy\" decoding=\"async\" data-attachment-id=\"1289\" data-permalink=\"https:\/\/www.freidenker.org\/?attachment_id=1289\" data-orig-file=\"https:\/\/i0.wp.com\/www.freidenker.org\/fw17\/wp-content\/uploads\/2017\/11\/09052017-klaus-hartmann-ansprache-ffm.jpg?fit=723%2C412&amp;ssl=1\" data-orig-size=\"723,412\" data-comments-opened=\"0\" data-image-meta=\"{&quot;aperture&quot;:&quot;0&quot;,&quot;credit&quot;:&quot;&quot;,&quot;camera&quot;:&quot;&quot;,&quot;caption&quot;:&quot;&quot;,&quot;created_timestamp&quot;:&quot;0&quot;,&quot;copyright&quot;:&quot;&quot;,&quot;focal_length&quot;:&quot;0&quot;,&quot;iso&quot;:&quot;0&quot;,&quot;shutter_speed&quot;:&quot;0&quot;,&quot;title&quot;:&quot;&quot;,&quot;orientation&quot;:&quot;0&quot;}\" data-image-title=\"09052017-klaus-hartmann-ansprache-ffm\" data-image-description=\"\" data-image-caption=\"\" data-large-file=\"https:\/\/i0.wp.com\/www.freidenker.org\/fw17\/wp-content\/uploads\/2017\/11\/09052017-klaus-hartmann-ansprache-ffm.jpg?fit=723%2C412&amp;ssl=1\" class=\"wp-image-1289 size-full\" src=\"https:\/\/i0.wp.com\/www.freidenker.org\/fw17\/wp-content\/uploads\/2017\/11\/09052017-klaus-hartmann-ansprache-ffm.jpg?resize=723%2C412&#038;ssl=1\" alt=\"\" width=\"723\" height=\"412\" srcset=\"https:\/\/i0.wp.com\/www.freidenker.org\/fw17\/wp-content\/uploads\/2017\/11\/09052017-klaus-hartmann-ansprache-ffm.jpg?w=723&amp;ssl=1 723w, https:\/\/i0.wp.com\/www.freidenker.org\/fw17\/wp-content\/uploads\/2017\/11\/09052017-klaus-hartmann-ansprache-ffm.jpg?resize=300%2C171&amp;ssl=1 300w\" sizes=\"auto, (max-width: 723px) 100vw, 723px\" \/><figcaption id=\"caption-attachment-1289\" class=\"wp-caption-text\">Klaus Hartmann, Vorsitzender des Deutschen Freidenker-Verbandes (Foto: Norbert Birkwald)<\/figcaption><\/figure>\n<p>Geehrte Vertreter der Konsularischen Vertretungen, Vertreter der Geistlichkeit, liebe russischen Freundinnen und Freunde, liebe deutschen Kriegsgegner und Antifaschisten!<\/p>\n<p>Der 9. Mai ist ein Tag der Trauer um 27 Millionen ermordete B\u00fcrgerinnen und B\u00fcrger der Sowjetunion.<\/p>\n<p>Es ist ein Tag des ehrenden Gedenkens an \u00fcber 11 Millionen Rotarmisten, die f\u00fcr diesen Sieg im Gro\u00dfen Vaterl\u00e4ndischen Krieg ihr Leben hingaben.<\/p>\n<p>Es ist aber auch ein Tag des Abscheus und des Zornes \u00fcber die abscheulichen Verbrechen, die im Namen Deutschlands an den V\u00f6lkern der SU und ganz Europas ver\u00fcbt wurden<\/p>\n<p>Der 9. Mai ist ein Tag der Mahnung: Nie wieder ein Feldzug gen Osten, den NATO-Aufmarsch stoppen!<\/p>\n<p>Es ist ein Tag des Appels: f\u00fcr V\u00f6lkerverst\u00e4ndigung und Frieden, f\u00fcr Zusammenarbeit und Freundschaft mit Russland<\/p>\n<p>Zun\u00e4chst aber ist der 9.Mai f\u00fcr uns ein Tag des Erinnerns. Wie und warum kam es zu dem verbrecherischen \u00dcberfall Hitlerdeutschlands auf die Sowjetunion?<\/p>\n<p>Aus den gleichen Gr\u00fcnden, aus denen Kriege bis heute gef\u00fchrt werden, bis in die Ukraine, nach Syrien oder dem Jemen: Aus wirtschaftlichen Interessen!<\/p>\n<p>Die faschistische Losung vom \u201eLebensraum im Osten\u201c als Kriegsziel war ernst gemeint. Nach Hitlers Worten:<\/p>\n<p style=\"margin-left: 30px;\">\u201eDer Kampf um die Hegemonie in der Welt wird f\u00fcr Europa durch den Besitz des russischen Raumes entschieden\u201c<\/p>\n<p>Nach seiner Vorstellung kam es darauf an,<\/p>\n<p style=\"margin-left: 30px;\">\u201eaus den besetzten russischen Gebieten herauszuholen, was sich herausholen l\u00e4sst.\u201c<\/p>\n<p>Dies begr\u00fcndete er imperialistisch und rassistisch:<\/p>\n<p style=\"margin-left: 30px;\">\u201eDer russische Raum ist unser Indien, und wie die Engl\u00e4nder es mit einer Handvoll Menschen beherrschen, so werden wir diesen unseren Kolonialraum regieren. Es w\u00e4re verfehlt, den Eingeborenen erziehen zu wollen.\u201c \u201eDie slawischen V\u00f6lker sind zu einem eigenen Leben nicht bestimmt.\u201c \u201eDer Slawe ist eine geborene Sklaven-Masse, die nach dem Herrn schreit; es fragt sich nur, wer der Herr ist.\u201c<\/p>\n<p>Hitler war der Ansicht, dass<\/p>\n<p style=\"margin-left: 30px;\">\u201ediese V\u00f6lker uns gegen\u00fcber in erster Linie die Aufgabe haben, uns wirtschaftlich zu dienen\u201c.<\/p>\n<p>Und er lieferte eine klassische Beschreibung von Siedlerkolonialismus:<\/p>\n<p style=\"margin-left: 30px;\">\u201eGermanisierung durch Hereinnahme der Deutschen vorzunehmen und die Ureinwohner als Indianer zu betrachten.\u201c<\/p>\n<p>Die vermeintlich unf\u00e4higen slawischen V\u00f6lker haben diese b\u00f6sen Tr\u00e4ume beendet, und unter gr\u00f6\u00dften Opfern einen gl\u00e4nzenden Sieg gegen die eingebildeten \u201eHerrenmenschen\u201c errungen.<\/p>\n<p>Und trotzdem muss man an diesem Tag des Sieges die Frage stellen: Angesichts der permanenten antirussischen und Anti-Putin Kampagnen der Massenmedien, der Darstellung Russlands als das neue zentrale Feindbild, dem anschwellenden S\u00e4belrasseln, und sogar heute Morgen dem antirussischen Tonfall in der Berichterstattung von der Siegesparade in Moskau: Ist es nicht auch tief verwurzelter antislawischer Rassismus, der hier die Stichworte gibt, und auf den die Propagandisten abzielen?<\/p>\n<p>Aber es sind nicht nur die vergifteten Worte, die beunruhigen, es fehlt auch nicht an den entsprechenden Taten.<\/p>\n<p>Der aktuellen Truppenverlegung der NATO-Staaten liegen konkrete Kriegsszenarien zugrunde, und sie werden begr\u00fcndet mit \u201eSt\u00e4rke zeigen\u201c, \u201eAbschreckung gegen\u00fcber Russland\u201c etc. Dieser Aufmarsch wurde vom NATO-Gipfel im Juni 2016 in Warschau beschlossen, die Bundesregierung hat den Beschluss explizit mitgetragen.<\/p>\n<p>Die Obama-Administration hatte zu diesem Zweck das Budget f\u00fcr die Truppenpr\u00e4senz in Europa im Rahmen der 2014 gestarteten \u201eEuropean Reassurance Initiative (ERI)\u201c auf insgesamt 3,4 Milliarden US-Dollar vervierfacht.<\/p>\n<p>Die Bundesregierung hat inzwischen dauerhaft 500 Bundeswehr-Soldaten in Litauen stationiert, mit 26 Panzern und 170 Milit\u00e4rfahrzeugen, Ministerin von der Leyen nennt das \u201egenau angemessen\u201c und \u201edefensiv\u201c.<\/p>\n<p>Das Europ\u00e4ische US-Oberkommando in Stuttgart br\u00fcstet sich mit dem Kriegswaffen-Transport an Russlands Grenzen: \u201eEs wird das modernste Ger\u00e4t sein, was die Armee anzubieten hat\u201c:<\/p>\n<p>Im Januar 2017 fand das NATO-Man\u00f6ver \u201eBison Drawsko\u201c mit US- und polnischen Truppen statt, und eine niederl\u00e4ndische Brigade wurde \u00fcber Bremerhaven nach Polen bewegt.<\/p>\n<p>Anfang Februar folgte die permanente Stationierung der 1800 Soldaten starken 10. Heeresfliegerkampfbrigade (l0th Combat Aviation Brigade) aus dem US-Bundesstaat New York &#8211; eine Kampfhubschrauberbrigade mit 10 Chinook- und 50 Blackhawk-Hubschraubern. Stationiert werden sie in Lettland, Rum\u00e4nien und Polen, das milit\u00e4rische Hauptquartier ist im mittelfr\u00e4nkische Illesheim.<\/p>\n<p>Das milit\u00e4rische Ger\u00e4t der 4000 Soldaten starken 3. Kampfbrigade der 4. Infanteriedivision der US-Armee wurde via Bremerhaven nach Polen und in andere osteurop\u00e4ische Staaten verlegt: 446 gepanzerte Kettenfahrzeuge, 907 Radfahrzeuge mit 650 Anh\u00e4ngern, 87 Kampfpanzer, 144 Sch\u00fctzenpanzer und 18 Panzerhaubitzen.<\/p>\n<p>Um die Gr\u00f6\u00dfenordnung zu verdeutlichen: Das sind ca. 900 Eisenbahn-Waggons mit Kriegsmaterial, \u201eumgerechnet\u201c ein Zug mit ca. 10 bis 14 km L\u00e4nge. Dazu kommen noch kilometerlange Transporte auf deutschen Stra\u00dfen.<\/p>\n<p>Die Logistik der Kriegswaffen-Transporte besorgt die Bundeswehr, die Logistikschule des Heeres in Garlstedt. Sie bezeichnet sich stolz als \u201eServicepartner\u201c der US-Armee : \u201eDeutschland hat als Drehscheibe eine besondere Bedeutung, diese wollen wir wahrnehmen.\u201c<\/p>\n<p>Dieses Unternehmen \u201eAtlantic Resolve\u201c ist aber keine \u00dcbung oder Man\u00f6ver, hier geht es um die permanente Stationierung von US-Kriegsger\u00e4t in Osteuropa, auch wenn die Kampfbrigade nach 9 Monaten durch eine gleichstarke neue ausgewechselt wird.<\/p>\n<p>Das geschieht, weil die NATO-Russland-Akte von 1997 explizit ausschlie\u00dft, dass in Osteuropa \u201esubstantielle Kampftruppen dauerhaft stationiert\u201c werden. Also wird die Vorschrift auf dem Papier erf\u00fcllt, doch ist diese Rotation alle 9 Monate eine durchsichtige Trickserei.<\/p>\n<p>\u201eDas Ergebnis ist das gr\u00f6\u00dfte NATO-Aufr\u00fcstungsprogramm seit dem kalten Krieg\u201c, kommentierte ntv (14.12.2016). Brandenburgs Ministerpr\u00e4sident Dietmar Woidke (SPD) \u00e4u\u00dferte sich besorgt \u00fcber die US-Panzer, die durch sein Land zu ihren neuen Stationierungsorten im Westen Polens gebracht wurden.<\/p>\n<p>Am 9. Mai erheben wir die Forderung: Diese Aufr\u00fcstung muss gestoppt, der Aufmarsch beendet, Truppen und Mordger\u00e4t zur\u00fcckkommandiert werden.<\/p>\n<p>Die Proteste gegen Milit\u00e4rtransporte und die logistische Unterst\u00fctzung durch die Bundeswehr m\u00fcssen weitergehen, zur Zeit auch mit den Blockadewochen der Friedensbewegung gegen die modernisierten Atomwaffen im US-Fliegerhorst B\u00fcchel in der Eifel, im September gegen die Drehscheibe des US-Drohnenkrieges und s\u00e4mtlicher v\u00f6lkerrechtswidriger Kriege, der US-Air Base Ramstein bei Kaiserslautern.<\/p>\n<p><strong>Am 9. Mai bekr\u00e4ftigen wir &#8211; Nie wieder Faschismus, nie wieder Krieg hei\u00dft f\u00fcr uns nicht zuletzt: Wir treten ein f\u00fcr Frieden, Zusammenarbeit und Freundschaft mit Russland!<\/strong><\/p>\n<figure id=\"attachment_1316\" aria-describedby=\"caption-attachment-1316\" style=\"width: 600px\" class=\"wp-caption alignnone\"><img data-recalc-dims=\"1\" loading=\"lazy\" decoding=\"async\" data-attachment-id=\"1316\" data-permalink=\"https:\/\/www.freidenker.org\/?attachment_id=1316\" data-orig-file=\"https:\/\/i0.wp.com\/www.freidenker.org\/fw17\/wp-content\/uploads\/2017\/11\/9-Mai_Tag_des_Sieges_800x445.jpg?fit=800%2C445&amp;ssl=1\" data-orig-size=\"800,445\" data-comments-opened=\"0\" data-image-meta=\"{&quot;aperture&quot;:&quot;0&quot;,&quot;credit&quot;:&quot;&quot;,&quot;camera&quot;:&quot;&quot;,&quot;caption&quot;:&quot;&quot;,&quot;created_timestamp&quot;:&quot;0&quot;,&quot;copyright&quot;:&quot;&quot;,&quot;focal_length&quot;:&quot;0&quot;,&quot;iso&quot;:&quot;0&quot;,&quot;shutter_speed&quot;:&quot;0&quot;,&quot;title&quot;:&quot;&quot;,&quot;orientation&quot;:&quot;0&quot;}\" data-image-title=\"9-Mai_Tag_des_Sieges_800x445\" data-image-description=\"\" data-image-caption=\"\" data-large-file=\"https:\/\/i0.wp.com\/www.freidenker.org\/fw17\/wp-content\/uploads\/2017\/11\/9-Mai_Tag_des_Sieges_800x445.jpg?fit=800%2C445&amp;ssl=1\" class=\"wp-image-1316\" src=\"https:\/\/i0.wp.com\/www.freidenker.org\/fw17\/wp-content\/uploads\/2017\/11\/9-Mai_Tag_des_Sieges_800x445.jpg?resize=600%2C334&#038;ssl=1\" alt=\"\" width=\"600\" height=\"334\" srcset=\"https:\/\/i0.wp.com\/www.freidenker.org\/fw17\/wp-content\/uploads\/2017\/11\/9-Mai_Tag_des_Sieges_800x445.jpg?w=800&amp;ssl=1 800w, https:\/\/i0.wp.com\/www.freidenker.org\/fw17\/wp-content\/uploads\/2017\/11\/9-Mai_Tag_des_Sieges_800x445.jpg?resize=300%2C167&amp;ssl=1 300w, https:\/\/i0.wp.com\/www.freidenker.org\/fw17\/wp-content\/uploads\/2017\/11\/9-Mai_Tag_des_Sieges_800x445.jpg?resize=768%2C427&amp;ssl=1 768w\" sizes=\"auto, (max-width: 600px) 100vw, 600px\" \/><figcaption id=\"caption-attachment-1316\" class=\"wp-caption-text\">Grafik: Russkoe Pole (russkoepole.de)<\/figcaption><\/figure>\n<hr \/>\n<p>Hier kann das Dokument vollst\u00e4ndig als\u00a0<img data-recalc-dims=\"1\" loading=\"lazy\" decoding=\"async\" data-attachment-id=\"1072\" data-permalink=\"https:\/\/www.freidenker.org\/?attachment_id=1072\" data-orig-file=\"https:\/\/i0.wp.com\/www.freidenker.org\/fw17\/wp-content\/uploads\/2017\/10\/pdf_icon-e1509487447542.png?fit=16%2C16&amp;ssl=1\" data-orig-size=\"16,16\" data-comments-opened=\"0\" data-image-meta=\"{&quot;aperture&quot;:&quot;0&quot;,&quot;credit&quot;:&quot;&quot;,&quot;camera&quot;:&quot;&quot;,&quot;caption&quot;:&quot;&quot;,&quot;created_timestamp&quot;:&quot;0&quot;,&quot;copyright&quot;:&quot;&quot;,&quot;focal_length&quot;:&quot;0&quot;,&quot;iso&quot;:&quot;0&quot;,&quot;shutter_speed&quot;:&quot;0&quot;,&quot;title&quot;:&quot;&quot;,&quot;orientation&quot;:&quot;0&quot;}\" data-image-title=\"pdf_icon_16\" data-image-description=\"\" data-image-caption=\"\" data-large-file=\"https:\/\/i0.wp.com\/www.freidenker.org\/fw17\/wp-content\/uploads\/2017\/10\/pdf_icon-e1509487447542.png?fit=16%2C16&amp;ssl=1\" class=\"alignnone size-full wp-image-1072\" src=\"https:\/\/i0.wp.com\/www.freidenker.org\/fw17\/wp-content\/uploads\/2017\/10\/pdf_icon-e1509487447542.png?resize=16%2C16&#038;ssl=1\" alt=\"\" width=\"16\" height=\"16\" \/> <strong><a href=\"https:\/\/www.freidenker.org\/fw17\/wp-content\/uploads\/2017\/11\/170509-siegffm.pdf\" target=\"_blank\" rel=\"noopener\">PDF-Datei<\/a><\/strong> heruntergeladen werden.<\/p>\n<hr \/>\n<p><em>Foto oben: Banner der 1. Wei\u00dfrussischen Front, Fotografiert von Grot &#8211; Eigenes Werk, Gemeinfrei, Quelle: https:\/\/commons.wikimedia.org\/w\/index.php?curid=4546077<\/em><\/p>\n","protected":false},"excerpt":{"rendered":"<p><strong>Ansprache von Klaus Hartmann auf der Gedenkfeier am 9. Mai 2017 auf dem Hauptfriedhof Frankfurt a.M.<\/strong><br \/>\nAuszug: &#8222;Der 9. Mai ist ein Tag der Trauer um 27 Millionen ermordete B\u00fcrgerinnen und B\u00fcrger der Sowjetunion. Es ist ein Tag des ehrenden Gedenkens an \u00fcber 11 Millionen Rotarmisten, die f\u00fcr diesen Sieg im Gro\u00dfen Vaterl\u00e4ndischen Krieg ihr Leben hingaben. Es ist aber auch ein Tag des Abscheus und des Zornes \u00fcber die abscheulichen Verbrechen, die im Namen Deutschlands an den V\u00f6lkern der SU und ganz Europas ver\u00fcbt wurden. Der 9. Mai ist ein Tag der Mahnung: Nie wieder ein Feldzug gen Osten, den NATO-Aufmarsch stoppen! &#8230;&#8220;<\/p>\n","protected":false},"author":3,"featured_media":1518,"comment_status":"closed","ping_status":"closed","sticky":false,"template":"","format":"standard","meta":{"colormag_page_container_layout":"default_layout","colormag_page_sidebar_layout":"default_layout","advanced_seo_description":"","jetpack_seo_html_title":"","jetpack_seo_noindex":false,"jetpack_post_was_ever_published":false,"footnotes":""},"categories":[13,210],"tags":[431,222,430,687],"class_list":["post-1286","post","type-post","status-publish","format-standard","has-post-thumbnail","hentry","category-frieden-antifaschismus-solidaritaet","category-positionen","tag-rote-armee","tag-russland","tag-sowjetunion","tag-tag-der-befreiung"],"jetpack_featured_media_url":"https:\/\/i0.wp.com\/www.freidenker.org\/fw17\/wp-content\/uploads\/2017\/05\/1szy_bialoruski_xxx.jpg?fit=800%2C445&ssl=1","jetpack_shortlink":"https:\/\/wp.me\/p9stpK-kK","jetpack-related-posts":[{"id":6392,"url":"https:\/\/www.freidenker.org\/?p=6392","url_meta":{"origin":1286,"position":0},"title":"Am 9. Mai: Dank den Sowjetsoldaten!","author":"Webredaktion","date":"14. Mai 2019","format":false,"excerpt":"Ansprache von Klaus Hartmann, Bundesvorsitzender des Deutschen Freidenker-Verbandes,\u00a0 am 9. Mai 2019 auf dem Hauptfriedhof Frankfurt am Main Unsere Trauer um die Opfer, um die Gefallenen, um die Ermordeten, bedeutet einerseits ehrendes Gedenken, aber es ist zugleich Mahnung: Nie wieder Faschismus, nie wieder Krieg! Diese Mahnung bedeutet zuerst, nicht zuzulassen,\u2026","rel":"","context":"In &quot;Frieden - Antifaschismus - Solidarit\u00e4t&quot;","block_context":{"text":"Frieden - Antifaschismus - Solidarit\u00e4t","link":"https:\/\/www.freidenker.org\/?cat=13"},"img":{"alt_text":"","src":"https:\/\/i0.wp.com\/www.freidenker.org\/fw17\/wp-content\/uploads\/2019\/05\/190509-Tag-des-Sieges-2019-Gelbwesten_800x445.jpg?fit=800%2C445&ssl=1&resize=350%2C200","width":350,"height":200,"srcset":"https:\/\/i0.wp.com\/www.freidenker.org\/fw17\/wp-content\/uploads\/2019\/05\/190509-Tag-des-Sieges-2019-Gelbwesten_800x445.jpg?fit=800%2C445&ssl=1&resize=350%2C200 1x, https:\/\/i0.wp.com\/www.freidenker.org\/fw17\/wp-content\/uploads\/2019\/05\/190509-Tag-des-Sieges-2019-Gelbwesten_800x445.jpg?fit=800%2C445&ssl=1&resize=525%2C300 1.5x, https:\/\/i0.wp.com\/www.freidenker.org\/fw17\/wp-content\/uploads\/2019\/05\/190509-Tag-des-Sieges-2019-Gelbwesten_800x445.jpg?fit=800%2C445&ssl=1&resize=700%2C400 2x"},"classes":[]},{"id":21796,"url":"https:\/\/www.freidenker.org\/?p=21796","url_meta":{"origin":1286,"position":1},"title":"Zum 9. Mai 2025: Danke und Freundschaft!","author":"Webredaktion","date":"12. Mai 2025","format":false,"excerpt":"Rede von Klaus Hartmann gehalten am 9. Mai 2025 bei der Kranzniederlegung am sowjetischen Ehrenmal auf dem Hauptfriedhof in Frankfurt am Main Allj\u00e4hrlich vereint uns dieser Tag, um die Frauen und M\u00e4nner zu ehren, die im Kampf gegen den Faschismus ihr Leben gaben. Mit 27 Millionen Opfern und einem zerst\u00f6rten\u2026","rel":"","context":"In &quot;Frieden - Antifaschismus - Solidarit\u00e4t&quot;","block_context":{"text":"Frieden - Antifaschismus - Solidarit\u00e4t","link":"https:\/\/www.freidenker.org\/?cat=13"},"img":{"alt_text":"","src":"https:\/\/i0.wp.com\/www.freidenker.org\/fw17\/wp-content\/uploads\/2025\/05\/TdB_FaM_2025-05-09_800x450_v2.jpg?fit=800%2C450&ssl=1&resize=350%2C200","width":350,"height":200,"srcset":"https:\/\/i0.wp.com\/www.freidenker.org\/fw17\/wp-content\/uploads\/2025\/05\/TdB_FaM_2025-05-09_800x450_v2.jpg?fit=800%2C450&ssl=1&resize=350%2C200 1x, https:\/\/i0.wp.com\/www.freidenker.org\/fw17\/wp-content\/uploads\/2025\/05\/TdB_FaM_2025-05-09_800x450_v2.jpg?fit=800%2C450&ssl=1&resize=525%2C300 1.5x, https:\/\/i0.wp.com\/www.freidenker.org\/fw17\/wp-content\/uploads\/2025\/05\/TdB_FaM_2025-05-09_800x450_v2.jpg?fit=800%2C450&ssl=1&resize=700%2C400 2x"},"classes":[]},{"id":19086,"url":"https:\/\/www.freidenker.org\/?p=19086","url_meta":{"origin":1286,"position":2},"title":"Befreiung vom Faschismus und Tag des Sieges 2024","author":"Webredaktion","date":"18. Mai 2024","format":false,"excerpt":"Zum Tag des Sieges \/ Tag der Befreiung fanden zahlreiche Veranstaltungen statt, an denen vielerorts auch Freidenker beteiligt waren. Wir berichten hier von den Veranstaltungen in Frankfurt am Main am 05. und 09. Mai, Offenbach am 08. Mai und Berlin am 09. Mai 2024. 05.05.2024 \u2013 Marsch des unsterblichen Regiments\u2026","rel":"","context":"In &quot;Demokratie \u2013 Medien \u2013 Aufkl\u00e4rung&quot;","block_context":{"text":"Demokratie \u2013 Medien \u2013 Aufkl\u00e4rung","link":"https:\/\/www.freidenker.org\/?cat=12"},"img":{"alt_text":"","src":"https:\/\/i0.wp.com\/www.freidenker.org\/fw17\/wp-content\/uploads\/2024\/05\/Hartmann_Tag_des_Sieges_FaM_2024_800x450.jpg?fit=800%2C450&ssl=1&resize=350%2C200","width":350,"height":200,"srcset":"https:\/\/i0.wp.com\/www.freidenker.org\/fw17\/wp-content\/uploads\/2024\/05\/Hartmann_Tag_des_Sieges_FaM_2024_800x450.jpg?fit=800%2C450&ssl=1&resize=350%2C200 1x, https:\/\/i0.wp.com\/www.freidenker.org\/fw17\/wp-content\/uploads\/2024\/05\/Hartmann_Tag_des_Sieges_FaM_2024_800x450.jpg?fit=800%2C450&ssl=1&resize=525%2C300 1.5x, https:\/\/i0.wp.com\/www.freidenker.org\/fw17\/wp-content\/uploads\/2024\/05\/Hartmann_Tag_des_Sieges_FaM_2024_800x450.jpg?fit=800%2C450&ssl=1&resize=700%2C400 2x"},"classes":[]},{"id":10244,"url":"https:\/\/www.freidenker.org\/?p=10244","url_meta":{"origin":1286,"position":3},"title":"Tag der Befreiung 2021","author":"Webredaktion","date":"13. Mai 2021","format":false,"excerpt":"Vor 76 Jahren ging mit der deutschen Kapitulation der Zweite Weltkrieg zu Ende. Auch in diesem Jahr wurde am 8. und 9. Mai mit Kranzniederlegungen, Gedenkkundgebungen und Demonstrationen bundesweit der Befreier gedacht, insbesondere der Roten Armee der Sowjetunion, die die Hauptlast des Krieges getragen und 27 Millionen Opfer zu beklagen\u2026","rel":"","context":"In &quot;Frieden - Antifaschismus - Solidarit\u00e4t&quot;","block_context":{"text":"Frieden - Antifaschismus - Solidarit\u00e4t","link":"https:\/\/www.freidenker.org\/?cat=13"},"img":{"alt_text":"","src":"https:\/\/i0.wp.com\/www.freidenker.org\/fw17\/wp-content\/uploads\/2021\/05\/TagDerBefreiung-2021_v2_800x450.jpg?fit=800%2C450&ssl=1&resize=350%2C200","width":350,"height":200,"srcset":"https:\/\/i0.wp.com\/www.freidenker.org\/fw17\/wp-content\/uploads\/2021\/05\/TagDerBefreiung-2021_v2_800x450.jpg?fit=800%2C450&ssl=1&resize=350%2C200 1x, https:\/\/i0.wp.com\/www.freidenker.org\/fw17\/wp-content\/uploads\/2021\/05\/TagDerBefreiung-2021_v2_800x450.jpg?fit=800%2C450&ssl=1&resize=525%2C300 1.5x, https:\/\/i0.wp.com\/www.freidenker.org\/fw17\/wp-content\/uploads\/2021\/05\/TagDerBefreiung-2021_v2_800x450.jpg?fit=800%2C450&ssl=1&resize=700%2C400 2x"},"classes":[]},{"id":16017,"url":"https:\/\/www.freidenker.org\/?p=16017","url_meta":{"origin":1286,"position":4},"title":"Befreiung vom Faschismus und Tag des Sieges 2023","author":"Webredaktion","date":"13. Mai 2023","format":false,"excerpt":"Wir dokumentieren - den Marsch des Unsterblichen Regiments am 07. Mai 2023 in Frankfurt am Main mit Kundgebung am Opernplatz und Demonstration zum R\u00f6merberg, Reden von Sebastian Bahlo (Text) und von Sergey Filbert (Video) - Bilder von der Gedenkstunde am 08.05.2023 zum Tag der Befreiung am Mahnmal f\u00fcr die Opfer\u2026","rel":"","context":"In &quot;Frieden - Antifaschismus - Solidarit\u00e4t&quot;","block_context":{"text":"Frieden - Antifaschismus - Solidarit\u00e4t","link":"https:\/\/www.freidenker.org\/?cat=13"},"img":{"alt_text":"","src":"https:\/\/i0.wp.com\/www.freidenker.org\/fw17\/wp-content\/uploads\/2023\/05\/TdB_2023_20230509_113616_800x450.jpg?fit=800%2C450&ssl=1&resize=350%2C200","width":350,"height":200,"srcset":"https:\/\/i0.wp.com\/www.freidenker.org\/fw17\/wp-content\/uploads\/2023\/05\/TdB_2023_20230509_113616_800x450.jpg?fit=800%2C450&ssl=1&resize=350%2C200 1x, https:\/\/i0.wp.com\/www.freidenker.org\/fw17\/wp-content\/uploads\/2023\/05\/TdB_2023_20230509_113616_800x450.jpg?fit=800%2C450&ssl=1&resize=525%2C300 1.5x, https:\/\/i0.wp.com\/www.freidenker.org\/fw17\/wp-content\/uploads\/2023\/05\/TdB_2023_20230509_113616_800x450.jpg?fit=800%2C450&ssl=1&resize=700%2C400 2x"},"classes":[]},{"id":21674,"url":"https:\/\/www.freidenker.org\/?p=21674","url_meta":{"origin":1286,"position":5},"title":"D\u00fcsseldorf: Einladung zur Mahn- und Gedenkveranstaltung am 10.05.2025","author":"Webredaktion","date":"5. Mai 2025","format":false,"excerpt":"Einladung Der Vorstand des Landesverbandes NRW des Deutschen Freidenker-Verbandes l\u00e4dt herzlich zu einer Mahn- und Gedenkveranstaltung zum 80. Jahrestag der Befreiung nach D\u00fcsseldorf ein. Es wird ein antifaschistischer Rundgang unter der Leitung von Bruno Reble (Mitglied des DFV) mit anschlie\u00dfender Kranzniederlegung an der Mahn- und Gedenkst\u00e4tte stattfinden. Dazu wird ein\u2026","rel":"","context":"In &quot;Frieden - Antifaschismus - Solidarit\u00e4t&quot;","block_context":{"text":"Frieden - Antifaschismus - Solidarit\u00e4t","link":"https:\/\/www.freidenker.org\/?cat=13"},"img":{"alt_text":"","src":"https:\/\/i0.wp.com\/www.freidenker.org\/fw17\/wp-content\/uploads\/2025\/05\/Mahn-_und_Gedenkstaette_der_Stadt_Duesseldorf_2016_Ausschnitt_800x450.jpg?fit=800%2C450&ssl=1&resize=350%2C200","width":350,"height":200,"srcset":"https:\/\/i0.wp.com\/www.freidenker.org\/fw17\/wp-content\/uploads\/2025\/05\/Mahn-_und_Gedenkstaette_der_Stadt_Duesseldorf_2016_Ausschnitt_800x450.jpg?fit=800%2C450&ssl=1&resize=350%2C200 1x, https:\/\/i0.wp.com\/www.freidenker.org\/fw17\/wp-content\/uploads\/2025\/05\/Mahn-_und_Gedenkstaette_der_Stadt_Duesseldorf_2016_Ausschnitt_800x450.jpg?fit=800%2C450&ssl=1&resize=525%2C300 1.5x, https:\/\/i0.wp.com\/www.freidenker.org\/fw17\/wp-content\/uploads\/2025\/05\/Mahn-_und_Gedenkstaette_der_Stadt_Duesseldorf_2016_Ausschnitt_800x450.jpg?fit=800%2C450&ssl=1&resize=700%2C400 2x"},"classes":[]}],"_links":{"self":[{"href":"https:\/\/www.freidenker.org\/index.php?rest_route=\/wp\/v2\/posts\/1286","targetHints":{"allow":["GET"]}}],"collection":[{"href":"https:\/\/www.freidenker.org\/index.php?rest_route=\/wp\/v2\/posts"}],"about":[{"href":"https:\/\/www.freidenker.org\/index.php?rest_route=\/wp\/v2\/types\/post"}],"author":[{"embeddable":true,"href":"https:\/\/www.freidenker.org\/index.php?rest_route=\/wp\/v2\/users\/3"}],"replies":[{"embeddable":true,"href":"https:\/\/www.freidenker.org\/index.php?rest_route=%2Fwp%2Fv2%2Fcomments&post=1286"}],"version-history":[{"count":0,"href":"https:\/\/www.freidenker.org\/index.php?rest_route=\/wp\/v2\/posts\/1286\/revisions"}],"wp:featuredmedia":[{"embeddable":true,"href":"https:\/\/www.freidenker.org\/index.php?rest_route=\/wp\/v2\/media\/1518"}],"wp:attachment":[{"href":"https:\/\/www.freidenker.org\/index.php?rest_route=%2Fwp%2Fv2%2Fmedia&parent=1286"}],"wp:term":[{"taxonomy":"category","embeddable":true,"href":"https:\/\/www.freidenker.org\/index.php?rest_route=%2Fwp%2Fv2%2Fcategories&post=1286"},{"taxonomy":"post_tag","embeddable":true,"href":"https:\/\/www.freidenker.org\/index.php?rest_route=%2Fwp%2Fv2%2Ftags&post=1286"}],"curies":[{"name":"wp","href":"https:\/\/api.w.org\/{rel}","templated":true}]}}