{"id":12816,"date":"2022-04-16T13:50:01","date_gmt":"2022-04-16T11:50:01","guid":{"rendered":"https:\/\/www.freidenker.org\/?p=12816"},"modified":"2022-05-02T21:47:20","modified_gmt":"2022-05-02T19:47:20","slug":"buchenwald-und-die-vertauschten-fahnen-geht-es-noch-zynischer","status":"publish","type":"post","link":"https:\/\/www.freidenker.org\/?p=12816","title":{"rendered":"Buchenwald und die vertauschten Fahnen \u2013 Geht es noch zynischer?"},"content":{"rendered":"<p><strong>Zurzeit geht es flott mit der Umwertung historischer Ereignisse und der Umnutzung von Denkm\u00e4lern. Nachdem im vergangenen Jahr der Bundestag schon so geklungen hat, als habe die Sowjetunion den Zweiten Weltkrieg begonnen, wurde nun eine Fahne von Nazikollaborateuren beim Buchenwald-Gedenken gehisst.<\/strong><\/p>\n<p><em>von <strong>Dagmar Henn<\/strong><\/em><\/p>\n<p><span style=\"font-size: 10pt;\">Erstver\u00f6ffentlichung am 14.04.2022 auf <a href=\"https:\/\/test.rtde.website\/meinung\/136173-buchenwald-und-vertauschten-fahnen\/\" target=\"_blank\" rel=\"noopener\">RT DE<\/a><\/span><\/p>\n<p>&nbsp;<\/p>\n<p>&#8222;Unsere Sache ist gerecht \u2013 der Sieg muss unser sein!&#8220; So endete nicht nur die Rede Molotows am Tag des \u00dcberfalls der Naziwehrmacht auf die Sowjetunion, dieser Satz ist auch Teil des Schwurs von Buchenwald. Ein Schwur, den Tage, nachdem die H\u00e4ftlinge selbst ihre Bewacher \u00fcberwunden hatten, alle \u00fcberlebenden H\u00e4ftlinge aller Nationen auf dem Appellplatz ablegten; ein Schwur, dessen Text weltweit bekannt ist.<\/p>\n<blockquote><p><em>&#8222;Wir schw\u00f6ren deshalb vor aller Welt auf diesem Appellplatz, an dieser St\u00e4tte des faschistischen Grauens: Wir stellen den Kampf erst ein, wenn auch der letzte Schuldige vor den Richtern der V\u00f6lker steht! Die Vernichtung des Nazismus mit seinen Wurzeln ist unsere Losung. Der Aufbau einer neuen Welt des Friedens und der Freiheit ist unser Ziel.&#8220;<\/em><\/p><\/blockquote>\n<p>Wenn man betrachtet, wie sich die Gedenkst\u00e4tte seit dem Ende der DDR entwickelt hat, und insbesondere die Gestaltung der letzten Gedenkfeier diese Woche, dann ist es schwer zu sagen, ob Wut oder Zorn \u00fcberwiegt. Mit dem Schwur, der einst in Buchenwald geleistet wurde, und der jahrzehntelang in Deutschland die Richtschnur vorgab, was Antifaschismus und was seine Aufgabe ist, hat es jedenfalls nichts mehr zu tun, was sich dort abspielte.<\/p>\n<p>Schon im Vorfeld wurde bekannt, dass die Vertreter der Regierungen Russlands und Wei\u00dfrusslands ausgeladen wurden. Die Stiftung, die die Gedenkst\u00e4tte betreibt und die Kontrolle \u00fcber die Veranstaltung hat, <a href=\"https:\/\/www.buchenwald.de\/47\/date\/2022\/03\/30\/zum-umgang-mit-offiziellen-vertreterinnen-der-regierungen-von-russland-und-belarus\/\" target=\"_blank\" rel=\"noopener noreferrer\">begr\u00fcndete<\/a> das damit, dass &#8222;wegen des russischen Angriffskriegs auf die Ukraine&#8220; nicht nur der ukrainische Vizepr\u00e4sident des Internationalen Komitees,\u00a0Boris Romantschenko, durch russischen Beschuss in Charkow ums Leben gekommen sei, sondern auch Hunderte weiterer \u00dcberlebender existentiell bedroht w\u00e4ren.<\/p>\n<p>Nun ist es schon zumindest unvorsichtig, aus der Ferne die Zuschreibung, es habe sich um russischen Beschuss gehandelt, zu \u00fcbernehmen, denn bekanntlich schie\u00dfen in jedem Krieg mindestens zwei Seiten, und die Berichte der Einwohner von Mariupol geben ein anderes Bild ab, was den Beschuss von Wohngeb\u00e4uden angeht. Die ukrainischen Medien jedenfalls haben Romantschenkos Tod geh\u00f6rig ausgeschlachtet, und die Stiftung hat kein Problem damit, deren Deutung zu \u00fcbernehmen. Und sieht sich damit ganz auf der sicheren Seite: &#8222;Unser Vorgehen richtet sich also explizit nicht gegen Russland und Belarus und erst recht nicht gegen die Erinnerung an die KZ-Opfer aus diesen L\u00e4ndern, sondern lediglich gegen die beiden Regierungen (bzw. ihre offiziellen Vertretungen), die derzeit schwerste Kriegsverbrechen begehen bzw. diese dulden und die zudem auch massiv gegen die Opposition im eigenen Land vorgehen.&#8220;<\/p>\n<p>Man sollte dabei anf\u00fcgen, dass ein solches Verhalten, die Ausladung von Regierungsvertretern, nicht einmal w\u00e4hrend des Kalten Krieges vorgekommen ist. Und eine Frage, wie das Gedenken an das Grauen der Konzentrationslager nicht mit tagesaktuellen politischen Fragen vermengt werden sollte. Nun, es ist eine Stiftung des Bundeslandes Th\u00fcringen, das in dieser Hinsicht wohl keine Hemmungen hat. Daf\u00fcr d\u00fcrfte als Vertreter der Ukraine wieder einmal Herr Melnyk aufgeschlagen sein, der, das <a href=\"https:\/\/www.fr.de\/politik\/rechts-nationalistisch-ukraine-botschafter-andrij-melnyk-asow-regiment-ultra-91425243.html\">berichtet<\/a> \u00fcberraschenderweise auch mal die <em>Frankfurter Rundschau<\/em>, sich gern f\u00fcr die Nazis von Asow einsetzt. Und die schwersten Kriegsverbrechen der Ukraine und deren Vorgehen gegen die Opposition, das direkt aus Panzern und Bombern bestand, waren kein ausreichender Anlass, mit diplomatischen Gepflogenheiten zu brechen.<\/p>\n<p>So heuchlerisch, wie diese Ausladung war, angesichts der langen Vorgeschichte des Krieges in der Ukraine \u2013 die sich \u00fcbrigens auch gerade wieder j\u00e4hrt, weil am 13. April 2014 in Kiew der Befehl zu der sogenannten &#8222;antiterroristischen Aktion&#8220; gegeben wurde, die in Wirklichkeit die Er\u00f6ffnung eines B\u00fcrgerkriegs war \u2013 wie der deutschen Beteiligung daran, noch wesentlich \u00fcbler ist ein kleiner, symbolischer Akt, der um die Gedenkveranstaltung herum geschah.<\/p>\n<p>Auf dem Gel\u00e4nde sind die Fahnen aller L\u00e4nder gehisst, aus denen die H\u00e4ftlinge von Buchenwald kamen. Darunter auch die wei\u00dfrussische. Vor der Gedenkveranstaltung wurde, und das muss im Auftrag der Stiftung geschehen sein, die wei\u00dfrussische Fahne entfernt und durch jene Fahne ersetzt, die auf den Demonstrationen im vergangenen Jahr verwendet wurde.<\/p>\n<p>Diese Fahne war allerdings auch die Fahne wei\u00dfrussischer Nazikollaborateure. Man gedachte also der wei\u00dfrussischen Opfer von Buchenwald unter der Fahne der Hilfstruppen ihrer M\u00f6rder. Das ist nicht nur symbolischer Zynismus. Wenn man die historischen Zusammenh\u00e4nge rund um diese Fahne kennt, ist es weit mehr.<\/p>\n<p>Das erste Mal tauchte sie 1918 in der wei\u00dfrussischen demokratischen Republik auf. Diese war, wie ihre Geschwistergr\u00fcndung in der Ukraine, ein vom deutschen Milit\u00e4r auf von ihm besetztem Gebiet geschaffenes Gebilde, das dementsprechend wieder verschwand, als es dem jungen Sowjetstaat gelang, es der Besatzungsmacht wieder abzunehmen. Erst unter der n\u00e4chsten deutschen Besetzung tauchte sie wieder auf.<\/p>\n<p>Sch\u00f6pfer der au\u00dfenpolitischen Strategie der Nazis gen Osten war Alfred Rosenberg, der Chefideologe der Nazis, der unter anderem f\u00fcr die &#8222;Rassenlehre&#8220; verantwortlich zeichnete. Der Deutschbalte entwickelte das schon von der wilhelminischen Heeresleitung begonnene Konzept, m\u00f6glichst viele kleine V\u00f6lker von Russland abzuspalten, zur Perfektion weiter. Er leitete das Amt, das alle Hilfstruppen politisch betreute, Ukrainer ebenso wie Wei\u00dfrussen, Letten, Litauer, Esten oder Krimtataren, und das f\u00fcr die Verwaltung der besetzten Gebiete (also ihre Auspl\u00fcnderung) zust\u00e4ndig war. Unter der \u00c4gide des Rosenberg-Ministeriums wurde im Dezember 1943 ein &#8222;wei\u00dfruthenischer Zentralrat&#8220; gegr\u00fcndet, der eben diese Fahne wiederbelebte. Hauptfunktion dieses Gremiums war es, Freiwillige f\u00fcr den Kampf gegen die vorr\u00fcckende Rote Armee zu finden.<\/p>\n<p>Diese wei\u00dfrussischen Hilfstruppen, die &#8222;wei\u00dfruthenische Heimwehr&#8220; genannt wurden, waren insbesondere gemeinsam mit der SS in der &#8222;Partisanenbek\u00e4mpfung&#8220; aktiv; gerade in Wei\u00dfrussland ein Begriff, hinter dem sich vor allem Massaker an der Zivilbev\u00f6lkerung verbargen. Dabei kooperierten sie unter anderem mit der ber\u00fcchtigten SS-Einheit Dirlewanger; eine Truppe, die sich vor allem aus verurteilten Kriminellen rekrutierte und selbst auf der Skala der SS besonders brutal war. Der Totenkopf der Dirlewanger-Truppen ist \u00fcbrigens heutzutage bei ukrainischen Nazis besonders beliebt und wird z. B. von der &#8222;misanthropischen Division&#8220; von Asow verwendet.<\/p>\n<p>Diese Kollaborateure verhielten sich in der Niederlage ebenso wie die ukrainischen und fl\u00fcchteten letztlich nach Deutschland, wo sie mit bundesdeutscher Finanzierung Exilregierung spielten und, wie ihr ukrainischer Gegenpart, Mitglied im Antibolschewistischen Block der Nationen wurden, einer Ansammlung ehemaliger Nazikollaborateure, die \u00fcber Jahrzehnte von der CIA betreut wurde.<\/p>\n<p>Das ist mit der Fahne verbunden, die an Stelle jener Wei\u00dfrusslands f\u00fcr die Gedenkfeier in Buchenwald gehisst wurde. Es ist eine Sache, in den Medien so zu tun, als g\u00e4be es diese Historie nicht, weil man die Akteure einer Farbrevolution m\u00f6glichst sympathisch wirken lassen will. Das ist widerlich und verzerrt die Wahrnehmung, ist aber klassische westliche Geopolitik. Aber eine solche Fahne an einem Ort wie Buchenwald zu hissen, ist ein ganz anderer Akt. Ein faschistischer.<\/p>\n<p>Dazu muss man wissen, wie die Nazis mit Geschichte, auch naher Geschichte, umzugehen pflegten. Das l\u00e4sst sich am Beispiel Dachaus hervorragend erl\u00e4utern; aber es gibt weitaus mehr solche Beispiele, die sich nicht nur auf Orte, sondern auch auf Daten beziehen. Dachau wurde aus genau einem Grund als der Ort ausgesucht, an dem das erste KZ errichtet wurde \u2013 dort hatten zur Zeit der M\u00fcnchner R\u00e4terepublik die wei\u00dfen Truppen eine schwere Niederlage gegen die bayrische Rote Armee erlitten. In den 1920er Jahren gab es deshalb den Satz: &#8222;In Dachau sehen wir uns wieder&#8220;. Er verwies auf diesen Sieg. Mit der Errichtung des KZs an diesem Ort sollte die Erinnerung daran nicht nur \u00fcberschrieben, sondern geradezu unaussprechbar werden. Und es ist gelungen; niemand denkt mehr beim Stichwort Dachau an einen Sieg bayrischer Revolution\u00e4re.<\/p>\n<p>Mit dieser Fahne ein Symbol genau jenes Feindes auf das Gel\u00e4nde von Buchenwald zu bringen, den mitsamt seiner Wurzeln zu vernichten die H\u00e4ftlinge damals geschworen hatten, das ist ein geradezu typisches Beispiel faschistischer Geschichtspolitik. Erst eine kleine Version dessen, was in der Ukraine seit Jahren geschieht, wo Denkm\u00e4ler umgewidmet und Stra\u00dfen nach Nazikollaborateuren benannt werden. Sie machen das, weil ihre gro\u00dfen Vorbilder es taten, wie das Beispiel Dachau belegt, und jetzt kehrt dieses Vorgehen wieder in das Land zur\u00fcck, dem es entstammt, in Gestalt einer Faschistenfahne aus Wei\u00dfrussland beim Buchenwald-Gedenken. Und es mag ja sein, dass die selbst schon befremdliche Ausladung mit Zustimmung der ehemaligen H\u00e4ftlinge erfolgte; aber es ist kaum vorstellbar, dass es eine Zustimmung f\u00fcr das Hissen dieser Fahne gegeben h\u00e4tte. Dabei muss man noch froh sein, dass immerhin die sowjetische Fahne dort noch erlaubt war.<\/p>\n<blockquote class=\"twitter-tweet\" data-width=\"550\" data-dnt=\"true\">\n<p lang=\"de\" dir=\"ltr\">Derzeit finden Kontrollen hinsichtlich mitgef\u00fchrter Fahnen statt.<\/p>\n<p>Wir erm\u00f6glichen weiterhin das Recht auf Versammlungsfreiheit, werden aber weiterhin sehr genau hinsehen und keine Straftaten unter dem Deckmantel der freien Meinungs\u00e4u\u00dferung dulden.<a href=\"https:\/\/twitter.com\/hashtag\/FfM1004?src=hash&amp;ref_src=twsrc%5Etfw\">#FfM1004<\/a> <a href=\"https:\/\/t.co\/xLBl25SwgH\">pic.twitter.com\/xLBl25SwgH<\/a><\/p>\n<p>&mdash; Polizei Frankfurt (@Polizei_Ffm) <a href=\"https:\/\/twitter.com\/Polizei_Ffm\/status\/1513150017636380673?ref_src=twsrc%5Etfw\">April 10, 2022<\/a><\/p><\/blockquote>\n<p><script async src=\"https:\/\/platform.twitter.com\/widgets.js\" charset=\"utf-8\"><\/script><\/p>\n<p>Auseinandersetzungen um die Denkm\u00e4ler, gerade die antifaschistischen, gibt es in Deutschland schon lange. In den 1980er Jahren versuchte die bayrische Staatsregierung, die Gedenkst\u00e4tte in Dachau zu schlie\u00dfen, weil das doch jetzt lange genug her sei. Die Gedenkst\u00e4tte in Buchenwald wurde schon mit Gr\u00fcndung der Stiftung verf\u00e4lscht, weil das Bundesland Th\u00fcringen es f\u00fcr n\u00f6tig empfand, auch an die Insassen des sowjetischen Lagers dort zu erinnern, obwohl diese weit \u00fcberwiegend Naziverbrecher waren; als die Bundesrepublik, in der diese Herrschaften meist nicht belangt worden waren, die DDR \u00fcbernahm, konnte man pl\u00f6tzlich behaupten, sie seien dort verfolgt, und nicht, wie es der Realit\u00e4t entspr\u00e4che, zur Verantwortung gezogen worden. Seitdem gibt es neben der gro\u00dfen Gedenkst\u00e4tte f\u00fcr die Opfer bereits eine kleinere f\u00fcr die T\u00e4ter.<\/p>\n<p>Aber die Verwendung dieser Fahne in Buchenwald ist ein Signal, dass die Umschreibung der Geschichte in eine neue Phase eingetreten ist. W\u00e4hrend seit 1989 vor allem das Bestreben sichtbar war, alles, was irgendwie an die DDR erinnert, auszul\u00f6schen, wird nun der Raum offensiv besetzt. Und das, womit er besetzt wird, ist auch erkennbar. Schritt f\u00fcr Schritt. Wort f\u00fcr Wort. Nach einem Skript, das Alfred Rosenberg geschrieben hat.<\/p>\n<p style=\"text-align: right;\"><em>Dagmar Henn ist Mitglied des Deutschen Freidenker-Verbandes<\/em><\/p>\n<hr \/>\n<p><span style=\"font-size: 10pt;\">Foto oben: Tausch der Fahne von Belarus in Buchenwald. Die getauschte Fahne ist die wei\u00df-rot-wei\u00dfe zwischen der kroatischen und ukrainischen im rechten Bild.<\/span><br \/>\n<span style=\"font-size: 10pt;\">Quelle: <a href=\"https:\/\/twitter.com\/NinaByzantina\/status\/1513566631678468101\/photo\/1\" target=\"_blank\" rel=\"noopener\">https:\/\/twitter.com\/NinaByzantina\/status\/1513566631678468101\/photo\/1<\/a><\/span><\/p>\n","protected":false},"excerpt":{"rendered":"<p><b>Beitrag von von Dagmar Henn<\/b><br \/>\n&#8222;Unsere Sache ist gerecht \u2013 der Sieg muss unser sein!&#8220; So endete nicht nur die Rede Molotows am Tag des \u00dcberfalls der Naziwehrmacht auf die Sowjetunion, dieser Satz ist auch Teil des Schwurs von Buchenwald. Ein Schwur, den Tage, nachdem die H\u00e4ftlinge selbst ihre Bewacher \u00fcberwunden hatten, alle \u00fcberlebenden H\u00e4ftlinge aller Nationen auf dem Appellplatz ablegten; ein Schwur, dessen Text weltweit bekannt ist.<br \/>\nWenn man betrachtet, wie sich die Gedenkst\u00e4tte seit dem Ende der DDR entwickelt hat, und insbesondere die Gestaltung der letzten Gedenkfeier diese Woche, dann ist es schwer zu sagen, ob Wut oder Zorn \u00fcberwiegt. <\/p>\n","protected":false},"author":3,"featured_media":12819,"comment_status":"closed","ping_status":"closed","sticky":false,"template":"","format":"standard","meta":{"colormag_page_container_layout":"default_layout","colormag_page_sidebar_layout":"default_layout","advanced_seo_description":"","jetpack_seo_html_title":"","jetpack_seo_noindex":false,"jetpack_post_was_ever_published":false,"footnotes":""},"categories":[12,1162],"tags":[648,370,1312,1518,924,491,639],"class_list":["post-12816","post","type-post","status-publish","format-standard","has-post-thumbnail","hentry","category-demokratie-medien-aufklaerung","category-geschichte","tag-2-weltkrieg","tag-antifaschismus","tag-belarus","tag-fahne","tag-gedenken","tag-geschichte","tag-ukraine-konflikt"],"jetpack_featured_media_url":"https:\/\/i0.wp.com\/www.freidenker.org\/fw17\/wp-content\/uploads\/2022\/04\/fahne_belarus_tausch_800x450.jpg?fit=800%2C450&ssl=1","jetpack_shortlink":"https:\/\/wp.me\/p9stpK-3kI","jetpack-related-posts":[{"id":24949,"url":"https:\/\/www.freidenker.org\/?p=24949","url_meta":{"origin":12816,"position":0},"title":"Gedenken an die Selbstbefreiung des Konzentrationslagers Buchenwald","author":"Webredaktion","date":"22. April 2026","format":false,"excerpt":"Bericht des Deutschen Freidenker-Verbandes, Landesverband Th\u00fcringen Am 12. April 2026 gedachten Mitglieder verschiedener Parteien und Organisationen und interessierte B\u00fcrger, auf Einladung des Landesvorstandes Th\u00fcringens des Deutschen Freidenker-Verbandes der Selbstbefreiung des Konzentrationslagers Buchenwald vor 81 Jahren. Die Landesvorsitzende hatte eine Einladung an die Botschaft der Russischen F\u00f6deration in Berlin gesandt, die\u2026","rel":"","context":"In &quot;Aktuelles&quot;","block_context":{"text":"Aktuelles","link":"https:\/\/www.freidenker.org\/?cat=574"},"img":{"alt_text":"","src":"https:\/\/i0.wp.com\/www.freidenker.org\/fw17\/wp-content\/uploads\/2026\/04\/Figuren_buchenwald._800x450jpg.jpg?fit=800%2C450&ssl=1&resize=350%2C200","width":350,"height":200,"srcset":"https:\/\/i0.wp.com\/www.freidenker.org\/fw17\/wp-content\/uploads\/2026\/04\/Figuren_buchenwald._800x450jpg.jpg?fit=800%2C450&ssl=1&resize=350%2C200 1x, https:\/\/i0.wp.com\/www.freidenker.org\/fw17\/wp-content\/uploads\/2026\/04\/Figuren_buchenwald._800x450jpg.jpg?fit=800%2C450&ssl=1&resize=525%2C300 1.5x, https:\/\/i0.wp.com\/www.freidenker.org\/fw17\/wp-content\/uploads\/2026\/04\/Figuren_buchenwald._800x450jpg.jpg?fit=800%2C450&ssl=1&resize=700%2C400 2x"},"classes":[]},{"id":21389,"url":"https:\/\/www.freidenker.org\/?p=21389","url_meta":{"origin":12816,"position":1},"title":"Gedenkfeier zum 80. Jahrestag der Selbstbefreiung des KZ Buchenwald","author":"Webredaktion","date":"7. April 2025","format":false,"excerpt":"Einladung Am 11. April 2025 j\u00e4hrt sich zum\u00a080. Male die Selbstbefreiung der Buchenwald-H\u00e4ftlinge. US-amerikanische Dokumente aus dem Jahre 1945 belegen das eindeutig. Heute m\u00f6chte man jenes wichtige Ereignis, wo immer es geht, verschweigen.\u00a0Dies ist ein Grund, warum wir als ein\u00a0B\u00fcndnis kommunistischer Parteien und\u00a0Organisationen eigene\u00a0Gedenkveranstaltungen durchf\u00fchren, die schon zu einer guten\u2026","rel":"","context":"In &quot;Frieden - Antifaschismus - Solidarit\u00e4t&quot;","block_context":{"text":"Frieden - Antifaschismus - Solidarit\u00e4t","link":"https:\/\/www.freidenker.org\/?cat=13"},"img":{"alt_text":"","src":"https:\/\/i0.wp.com\/www.freidenker.org\/fw17\/wp-content\/uploads\/2025\/04\/Buchenwald_Denkmal_v._Prof.Cremers_000_800x450.jpg?fit=800%2C450&ssl=1&resize=350%2C200","width":350,"height":200,"srcset":"https:\/\/i0.wp.com\/www.freidenker.org\/fw17\/wp-content\/uploads\/2025\/04\/Buchenwald_Denkmal_v._Prof.Cremers_000_800x450.jpg?fit=800%2C450&ssl=1&resize=350%2C200 1x, https:\/\/i0.wp.com\/www.freidenker.org\/fw17\/wp-content\/uploads\/2025\/04\/Buchenwald_Denkmal_v._Prof.Cremers_000_800x450.jpg?fit=800%2C450&ssl=1&resize=525%2C300 1.5x, https:\/\/i0.wp.com\/www.freidenker.org\/fw17\/wp-content\/uploads\/2025\/04\/Buchenwald_Denkmal_v._Prof.Cremers_000_800x450.jpg?fit=800%2C450&ssl=1&resize=700%2C400 2x"},"classes":[]},{"id":21446,"url":"https:\/\/www.freidenker.org\/?p=21446","url_meta":{"origin":12816,"position":2},"title":"Gedenkfeier zum 80. Jahrestag der Selbstbefreiung des KZ Buchenwald","author":"Webredaktion","date":"14. April 2025","format":false,"excerpt":"Da die staatsoffizielle Gedenkfeier anl\u00e4sslich der Befreiung des Konzentrationslagers Buchenwald vorhersehbar die Selbstbefreiung der H\u00e4ftlinge am 11. April 1945 mit keinem Wort erw\u00e4hnte, sondern nur die zwei Tage sp\u00e4ter eingetroffene US-Armee als Befreierin w\u00fcrdigte, hat ein B\u00fcndnis unter organisatorischer Leitung von Heike Cienskowski, der Vorsitzenden des Th\u00fcringer Freidenker-Landesverbands, am 12.\u2026","rel":"","context":"In &quot;Frieden - Antifaschismus - Solidarit\u00e4t&quot;","block_context":{"text":"Frieden - Antifaschismus - Solidarit\u00e4t","link":"https:\/\/www.freidenker.org\/?cat=13"},"img":{"alt_text":"","src":"https:\/\/i0.wp.com\/www.freidenker.org\/fw17\/wp-content\/uploads\/2025\/04\/IMG-20250412-WA0020_800x450.jpg?fit=800%2C450&ssl=1&resize=350%2C200","width":350,"height":200,"srcset":"https:\/\/i0.wp.com\/www.freidenker.org\/fw17\/wp-content\/uploads\/2025\/04\/IMG-20250412-WA0020_800x450.jpg?fit=800%2C450&ssl=1&resize=350%2C200 1x, https:\/\/i0.wp.com\/www.freidenker.org\/fw17\/wp-content\/uploads\/2025\/04\/IMG-20250412-WA0020_800x450.jpg?fit=800%2C450&ssl=1&resize=525%2C300 1.5x, https:\/\/i0.wp.com\/www.freidenker.org\/fw17\/wp-content\/uploads\/2025\/04\/IMG-20250412-WA0020_800x450.jpg?fit=800%2C450&ssl=1&resize=700%2C400 2x"},"classes":[]},{"id":12257,"url":"https:\/\/www.freidenker.org\/?p=12257","url_meta":{"origin":12816,"position":3},"title":"Gedenken zum 125. Geburtstag von Wilhelm Hammann","author":"Webredaktion","date":"21. Februar 2022","format":false,"excerpt":"Einladung zur Gedenkveranstaltung am Freitag, 25. Februar 2022 um 16:30 Uhr am Grab von Wilhelm Hammann auf dem Alten Friedhof in Gro\u00df-Gerau Teilnahme an einer Gedenkstunde, zu der die DKP-M\u00f6rfelden-Walldorf einl\u00e4dt und Niederlegung eines Blumengebindes. Am 25. Februar 1897 wurde Wilhelm Hammann - in Biebesheim geboren. An seinem 125. Geburtstag\u2026","rel":"","context":"In &quot;Geschichte&quot;","block_context":{"text":"Geschichte","link":"https:\/\/www.freidenker.org\/?cat=1162"},"img":{"alt_text":"","src":"https:\/\/i0.wp.com\/www.freidenker.org\/fw17\/wp-content\/uploads\/2022\/02\/Hammann02_800x450.jpg?fit=800%2C450&ssl=1&resize=350%2C200","width":350,"height":200,"srcset":"https:\/\/i0.wp.com\/www.freidenker.org\/fw17\/wp-content\/uploads\/2022\/02\/Hammann02_800x450.jpg?fit=800%2C450&ssl=1&resize=350%2C200 1x, https:\/\/i0.wp.com\/www.freidenker.org\/fw17\/wp-content\/uploads\/2022\/02\/Hammann02_800x450.jpg?fit=800%2C450&ssl=1&resize=525%2C300 1.5x, https:\/\/i0.wp.com\/www.freidenker.org\/fw17\/wp-content\/uploads\/2022\/02\/Hammann02_800x450.jpg?fit=800%2C450&ssl=1&resize=700%2C400 2x"},"classes":[]},{"id":9653,"url":"https:\/\/www.freidenker.org\/?p=9653","url_meta":{"origin":12816,"position":4},"title":"Gedenken an Wilhelm Hammann","author":"Webredaktion","date":"6. M\u00e4rz 2021","format":false,"excerpt":"Am 25.02.2021, zum 124. Geburtstag, haben Freidenker aus der Region das Grab von Wilhelm Hammann auf dem Friedhof in Gro\u00df-Gerau besucht. Wir legten ein Blumengebinde nieder und Alfred J. Arndt aus M\u00f6rfelden-Walldorf berichtet \u00fcber das Leben von Wilhelm Hammann. W.H., der f\u00fcr die KPD bis 1933 im Hessischen Landtag war,\u2026","rel":"","context":"In &quot;Geschichte&quot;","block_context":{"text":"Geschichte","link":"https:\/\/www.freidenker.org\/?cat=1162"},"img":{"alt_text":"","src":"https:\/\/i0.wp.com\/www.freidenker.org\/fw17\/wp-content\/uploads\/2021\/03\/Hammann_lvhessen_01_800x450.jpg?fit=800%2C450&ssl=1&resize=350%2C200","width":350,"height":200,"srcset":"https:\/\/i0.wp.com\/www.freidenker.org\/fw17\/wp-content\/uploads\/2021\/03\/Hammann_lvhessen_01_800x450.jpg?fit=800%2C450&ssl=1&resize=350%2C200 1x, https:\/\/i0.wp.com\/www.freidenker.org\/fw17\/wp-content\/uploads\/2021\/03\/Hammann_lvhessen_01_800x450.jpg?fit=800%2C450&ssl=1&resize=525%2C300 1.5x, https:\/\/i0.wp.com\/www.freidenker.org\/fw17\/wp-content\/uploads\/2021\/03\/Hammann_lvhessen_01_800x450.jpg?fit=800%2C450&ssl=1&resize=700%2C400 2x"},"classes":[]},{"id":15123,"url":"https:\/\/www.freidenker.org\/?p=15123","url_meta":{"origin":12816,"position":5},"title":"78. Jahrestag der Befreiung des KZ Ausschwitz-Birkenau durch die Rote Arme","author":"Webredaktion","date":"2. Februar 2023","format":false,"excerpt":"Rede von Liane Kilinc Liebe Anwesende, liebe Zeitzeugen, ich freue mich, den heutigen Jahrestag der Befreiung des Vernichtungslagers Auschwitz in Russland zu verbringen, wo der Verdienst der Roten Armee angemessen gew\u00fcrdigt wird. In der Bundesrepublik Deutschland, die meine Heimat DDR annektiert hat, wird l\u00e4ngst so getan, als w\u00e4re es nicht\u2026","rel":"","context":"In &quot;Frieden - Antifaschismus - Solidarit\u00e4t&quot;","block_context":{"text":"Frieden - Antifaschismus - Solidarit\u00e4t","link":"https:\/\/www.freidenker.org\/?cat=13"},"img":{"alt_text":"","src":"https:\/\/i0.wp.com\/www.freidenker.org\/fw17\/wp-content\/uploads\/2023\/02\/2023-01-27-gedenken-auschwitz-01_800x450.jpg?fit=800%2C450&ssl=1&resize=350%2C200","width":350,"height":200,"srcset":"https:\/\/i0.wp.com\/www.freidenker.org\/fw17\/wp-content\/uploads\/2023\/02\/2023-01-27-gedenken-auschwitz-01_800x450.jpg?fit=800%2C450&ssl=1&resize=350%2C200 1x, https:\/\/i0.wp.com\/www.freidenker.org\/fw17\/wp-content\/uploads\/2023\/02\/2023-01-27-gedenken-auschwitz-01_800x450.jpg?fit=800%2C450&ssl=1&resize=525%2C300 1.5x, https:\/\/i0.wp.com\/www.freidenker.org\/fw17\/wp-content\/uploads\/2023\/02\/2023-01-27-gedenken-auschwitz-01_800x450.jpg?fit=800%2C450&ssl=1&resize=700%2C400 2x"},"classes":[]}],"_links":{"self":[{"href":"https:\/\/www.freidenker.org\/index.php?rest_route=\/wp\/v2\/posts\/12816","targetHints":{"allow":["GET"]}}],"collection":[{"href":"https:\/\/www.freidenker.org\/index.php?rest_route=\/wp\/v2\/posts"}],"about":[{"href":"https:\/\/www.freidenker.org\/index.php?rest_route=\/wp\/v2\/types\/post"}],"author":[{"embeddable":true,"href":"https:\/\/www.freidenker.org\/index.php?rest_route=\/wp\/v2\/users\/3"}],"replies":[{"embeddable":true,"href":"https:\/\/www.freidenker.org\/index.php?rest_route=%2Fwp%2Fv2%2Fcomments&post=12816"}],"version-history":[{"count":0,"href":"https:\/\/www.freidenker.org\/index.php?rest_route=\/wp\/v2\/posts\/12816\/revisions"}],"wp:featuredmedia":[{"embeddable":true,"href":"https:\/\/www.freidenker.org\/index.php?rest_route=\/wp\/v2\/media\/12819"}],"wp:attachment":[{"href":"https:\/\/www.freidenker.org\/index.php?rest_route=%2Fwp%2Fv2%2Fmedia&parent=12816"}],"wp:term":[{"taxonomy":"category","embeddable":true,"href":"https:\/\/www.freidenker.org\/index.php?rest_route=%2Fwp%2Fv2%2Fcategories&post=12816"},{"taxonomy":"post_tag","embeddable":true,"href":"https:\/\/www.freidenker.org\/index.php?rest_route=%2Fwp%2Fv2%2Ftags&post=12816"}],"curies":[{"name":"wp","href":"https:\/\/api.w.org\/{rel}","templated":true}]}}