{"id":12595,"date":"2022-04-10T23:54:36","date_gmt":"2022-04-10T21:54:36","guid":{"rendered":"https:\/\/www.freidenker.org\/?p=12595"},"modified":"2022-05-02T21:46:08","modified_gmt":"2022-05-02T19:46:08","slug":"freidenker-zu-den-ostermaerschen-2022","status":"publish","type":"post","link":"https:\/\/www.freidenker.org\/?p=12595","title":{"rendered":"Freidenker zu den Osterm\u00e4rschen 2022"},"content":{"rendered":"<p>Anl\u00e4sslich der bevorstehenden Osterm\u00e4rsche hat der Deutsche Freidenker-Verband ein Faltblatt herausgegeben. Wir ver\u00f6ffentlichen hier den einleitenden Text und bieten das gesamte Faltblatt zum Download an.<\/p>\n<p style=\"text-align: right;\"><em>Webredaktion<\/em><\/p>\n<hr \/>\n<h4>Ukraine: Nein zu Faschismus und Krieg<\/h4>\n<p><strong>Wann begann der Krieg in der Ukraine?<\/strong><\/p>\n<p>Von \u201eQualit\u00e4tsmedien\u201c und NATO-Politikern, selbst aus der Friedensbewegung h\u00f6ren wir von einem \u201evon Russland am 24.02.2022 begonnenen v\u00f6lkerrechtwidrigen Krieg gegen die Ukraine\u201c. Aber so einfach die Antwort klingt \u2013 es ist die Unwahrheit.<\/p>\n<p>Der Krieg hat nicht im Februar 2022 begonnen. Er begann vor acht Jahren, im April 2014. Nicht Russland hat angegriffen, sondern Truppen der Kiewer Maidan-Putschisten und Nazi-Bataillone \u2013 mit politischer und milit\u00e4rischer Unterst\u00fctzung des Westens, seit April 2014. Ihr entfesselter extremer Nationalismus, die Diskriminierung der russischsprachigen Bev\u00f6lkerung und die Zwangsukrainisierung auf sprachlicher Ebene f\u00fchrte zum antifaschistischen Volksaufstand im Donbass, der die Verfassungsordnung verteidigen und die Machtergreifung der Maidan-Putschisten in diesen Gebieten verhindern wollte.<\/p>\n<p>Das Kiewer Regime setzte dagegen Truppen und Nazi-Bataillone zu einer \u201eAnti-Terror-Operation\u201c in Marsch, in diesem B\u00fcrgerkrieg sind bisher 14.000 Menschen gestorben. Indem sie in der Propaganda als \u201eprorussische Separatisten\u201c tituliert werden, gibt es f\u00fcr diese Opfer keine Schlagzeilen, Sondersendungen und \u00f6ffentliche Anteilnahme.<\/p>\n<p>F\u00fcr das Ende der Gewalt und ihrer Ursachen wurde Anfang 2015 das Abkommen Minsk II geschlossen, auf Initiative Russlands vom UN-Sicherheitsrat beschlossen und damit v\u00f6lkerrechtlich bindend. Die Ukraine verweigerte 7 Jahre lang die Umsetzung, und erhielt daf\u00fcr im November 2021 R\u00fcckendeckung durch die Garantiem\u00e4chte Deutschland und Frankreich.<\/p>\n<p>Seit dem 12. Februar 2022 protokollierte die OSZE-\u00dcberwachung eine massive Zunahme der Angriffe des ukrainischen Milit\u00e4rs im Donbass,<\/p>\n<p>125.000 Soldaten, schwere Artillerie und Panzer wurden an die Grenze verlegt, Pr\u00e4sident Putin und allen Fachleuten war klar, dass die Ukraine eine Offensive gegen die beiden Volksrepubliken Donezk und Lugansk vorbereitet. Die\u00adse baten am 21.02.2022 um ihre Anerkennung, um anschlie\u00dfend einen Vertrag \u00fcber Freundschaft und Beistand mit Russland zu schlie\u00dfen.<\/p>\n<p>Weder die Sezession als innerstaatliche Angelegenheit, noch deren Anerkennung versto\u00dfen gegen das V\u00f6lkerrecht.<\/p>\n<p>Von der Regel des Gewaltverbots nach Art. 2 Nr. 4 der UN-Charta gibt es die Ausnahme in Artikel 51: \u201edas naturgegebene Recht zur individuellen oder kollektiven Selbstverteidigung\u201c.<\/p>\n<p>Nach den Vertr\u00e4gen \u00fcber Beistand und Freundschaft zwischen Russland und den Donbass-Republiken waren die Bedingungen f\u00fcr die Wahrnehmung des Rechts auf Selbstverteidigung gem. UN-Charta gegeben.<\/p>\n<p>Russland f\u00fchrt also keinen \u201eAngriffskrieg\u201c und es hat auch keinen Krieg \u201ebegonnen\u201c, denn es griff in einen schon acht Jahre dauernden Krieg ein, um ihn zu beenden, das Leben der Bewohner des Donbass zu sch\u00fctzen und den barbarischen, m\u00f6rderischen Nazi-Bataillonen in der Ukraine das Handwerk zu legen.<\/p>\n<hr \/>\n<p><strong>Download<\/strong><\/p>\n<p><img data-recalc-dims=\"1\" loading=\"lazy\" decoding=\"async\" data-attachment-id=\"1076\" data-permalink=\"https:\/\/www.freidenker.org\/?attachment_id=1076\" data-orig-file=\"https:\/\/i0.wp.com\/www.freidenker.org\/fw17\/wp-content\/uploads\/2017\/10\/pdf_icon-2.png?fit=32%2C32&amp;ssl=1\" data-orig-size=\"32,32\" data-comments-opened=\"0\" data-image-meta=\"{&quot;aperture&quot;:&quot;0&quot;,&quot;credit&quot;:&quot;&quot;,&quot;camera&quot;:&quot;&quot;,&quot;caption&quot;:&quot;&quot;,&quot;created_timestamp&quot;:&quot;0&quot;,&quot;copyright&quot;:&quot;&quot;,&quot;focal_length&quot;:&quot;0&quot;,&quot;iso&quot;:&quot;0&quot;,&quot;shutter_speed&quot;:&quot;0&quot;,&quot;title&quot;:&quot;&quot;,&quot;orientation&quot;:&quot;0&quot;}\" data-image-title=\"pdf_icon\" data-image-description=\"\" data-image-caption=\"\" data-large-file=\"https:\/\/i0.wp.com\/www.freidenker.org\/fw17\/wp-content\/uploads\/2017\/10\/pdf_icon-2.png?fit=32%2C32&amp;ssl=1\" class=\"alignnone size-full wp-image-1076\" src=\"https:\/\/i0.wp.com\/www.freidenker.org\/fw17\/wp-content\/uploads\/2017\/10\/pdf_icon-2.png?resize=32%2C32&#038;ssl=1\" alt=\"\" width=\"32\" height=\"32\" \/> Das <a href=\"https:\/\/www.freidenker.org\/fw17\/wp-content\/uploads\/2022\/04\/220415-Ukr-Flyer_v04_kh.pdf\" target=\"_blank\" rel=\"noopener\">gesamte Faltblatt als PDF-Dokument<\/a> ansehen oder herunterladen (PDF-Dokument, ca. 418 KB)<\/p>\n<hr \/>\n<p><span style=\"font-size: 10pt;\">Bild oben: Grafik von Ralf Lux unter Verwendung des Faltblattsflug<\/span><\/p>\n","protected":false},"excerpt":{"rendered":"<p>Anl\u00e4sslich der bevorstehenden Osterm\u00e4rsche hat der Deutsche Freidenker-Verband ein Faltblatt herausgegeben. Wir ver\u00f6ffentlichen hier den einleitenden Text und bieten das gesamte Faltblatt zum Download an.<br \/>\n<b>Ukraine: Nein zu Faschismus und Krieg<\/b><br \/>\nWann begann der Krieg in der Ukraine? Von \u201eQualit\u00e4tsmedien\u201c und NATO-Politikern, selbst aus der Friedensbewegung h\u00f6ren wir von einem \u201evon Russland am 24.02.2022 begonnenen v\u00f6lkerrechtwidrigen Krieg gegen die Ukraine\u201c. Aber so einfach die Antwort klingt \u2013 es ist die Unwahrheit. Der Krieg hat nicht im Februar 2022 begonnen. Er begann vor acht Jahren, im April 2014. Nicht Russland hat angegriffen, sondern Truppen der Kiewer Maidan-Putschisten und Nazi-Bataillone \u2013 mit politischer und milit\u00e4rischer Unterst\u00fctzung des Westens, seit April 2014.<\/p>\n","protected":false},"author":3,"featured_media":12597,"comment_status":"closed","ping_status":"closed","sticky":false,"template":"","format":"standard","meta":{"colormag_page_container_layout":"default_layout","colormag_page_sidebar_layout":"default_layout","advanced_seo_description":"","jetpack_seo_html_title":"","jetpack_seo_noindex":false,"jetpack_post_was_ever_published":false,"footnotes":""},"categories":[13],"tags":[211,1121,335,43,222,639],"class_list":["post-12595","post","type-post","status-publish","format-standard","has-post-thumbnail","hentry","category-frieden-antifaschismus-solidaritaet","tag-aufklaerung","tag-donbass","tag-frieden","tag-friedensbewegung","tag-russland","tag-ukraine-konflikt"],"jetpack_featured_media_url":"https:\/\/i0.wp.com\/www.freidenker.org\/fw17\/wp-content\/uploads\/2022\/04\/Faltblatt_grafik_800x450.jpg?fit=800%2C450&ssl=1","jetpack_shortlink":"https:\/\/wp.me\/p9stpK-3h9","jetpack-related-posts":[{"id":15703,"url":"https:\/\/www.freidenker.org\/?p=15703","url_meta":{"origin":12595,"position":0},"title":"Faltblatt: Russland ist nicht unser Feind \u2013 Keinen Euro f\u00fcr den Krieg!","author":"Webredaktion","date":"6. April 2023","format":false,"excerpt":"Faltblatt des Deutschen Freidenker-Verbandes Im Februar 2023 wurde in zahllosen Politiker\u00adreden und Medienberichten der Jahrestag des Kriegsbeginns in der Ukraine behandelt. Aber sie sprachen f\u00e4lschlich vom ersten Jahrestag und nicht davon, dass der Krieg bereits seit 2014 andauert. ... Im Regierungsauftrag tun die \u201eQualit\u00e4tsmedien\u201c alles, um die \u201eRuhe an der\u2026","rel":"","context":"In &quot;Frieden - Antifaschismus - Solidarit\u00e4t&quot;","block_context":{"text":"Frieden - Antifaschismus - Solidarit\u00e4t","link":"https:\/\/www.freidenker.org\/?cat=13"},"img":{"alt_text":"","src":"https:\/\/i0.wp.com\/www.freidenker.org\/fw17\/wp-content\/uploads\/2024\/09\/Faltblatt_keineneuro_2023-04_rev_800x450.jpg?fit=800%2C450&ssl=1&resize=350%2C200","width":350,"height":200,"srcset":"https:\/\/i0.wp.com\/www.freidenker.org\/fw17\/wp-content\/uploads\/2024\/09\/Faltblatt_keineneuro_2023-04_rev_800x450.jpg?fit=800%2C450&ssl=1&resize=350%2C200 1x, https:\/\/i0.wp.com\/www.freidenker.org\/fw17\/wp-content\/uploads\/2024\/09\/Faltblatt_keineneuro_2023-04_rev_800x450.jpg?fit=800%2C450&ssl=1&resize=525%2C300 1.5x, https:\/\/i0.wp.com\/www.freidenker.org\/fw17\/wp-content\/uploads\/2024\/09\/Faltblatt_keineneuro_2023-04_rev_800x450.jpg?fit=800%2C450&ssl=1&resize=700%2C400 2x"},"classes":[]},{"id":13050,"url":"https:\/\/www.freidenker.org\/?p=13050","url_meta":{"origin":12595,"position":1},"title":"Vortrag: Der Krieg in der Ukraine und wir","author":"Webredaktion","date":"8. Mai 2022","format":false,"excerpt":"Vortrag und Diskussion mit Klaus Hartmann, stellv. Vorsitzender des Deutschen Freidenker-Verbandes Sonntag, 15.05.2022, 11:00 Uhr Kulturwerkstatt Beckingen, Nikolausstr. 6, 66701 Beckingen Schwerpunkte: Freidenker zu Krieg und Frieden \/ Milit\u00e4rische Gewalt und das V\u00f6lkerrecht \/ Wann begann der Krieg in der Ukraine? \/ Was will der \u201eWesten\u201c? \/ Die Ukraine seit\u2026","rel":"","context":"In &quot;Veranstaltungen in den DFV-Landesverb\u00e4nden&quot;","block_context":{"text":"Veranstaltungen in den DFV-Landesverb\u00e4nden","link":"https:\/\/www.freidenker.org\/?cat=19"},"img":{"alt_text":"","src":"https:\/\/i0.wp.com\/www.freidenker.org\/fw17\/wp-content\/uploads\/2022\/05\/Ukraine_und_wir_Vortrag_800x450.jpg?fit=800%2C450&ssl=1&resize=350%2C200","width":350,"height":200,"srcset":"https:\/\/i0.wp.com\/www.freidenker.org\/fw17\/wp-content\/uploads\/2022\/05\/Ukraine_und_wir_Vortrag_800x450.jpg?fit=800%2C450&ssl=1&resize=350%2C200 1x, https:\/\/i0.wp.com\/www.freidenker.org\/fw17\/wp-content\/uploads\/2022\/05\/Ukraine_und_wir_Vortrag_800x450.jpg?fit=800%2C450&ssl=1&resize=525%2C300 1.5x, https:\/\/i0.wp.com\/www.freidenker.org\/fw17\/wp-content\/uploads\/2022\/05\/Ukraine_und_wir_Vortrag_800x450.jpg?fit=800%2C450&ssl=1&resize=700%2C400 2x"},"classes":[]},{"id":13169,"url":"https:\/\/www.freidenker.org\/?p=13169","url_meta":{"origin":12595,"position":2},"title":"Veranstaltungsvideo: Der Krieg in der Ukraine und wir","author":"Webredaktion","date":"19. Mai 2022","format":false,"excerpt":"In der Kulturwerkstatt Beckingen im Saarland fand am 15. Mai 2022 eine Sonntagsmatin\u00e9e statt, veranstaltet vom Freidenker-Landesverband Rheinland-Pfalz \/Saarland. Klaus Hartmann, stellv. Vorsitzender des Deutschen Freidenker-Verbandes ging auf die zahlreichen Fragen der \u00fcber 20 Teilnehmer ein, schwerpunktm\u00e4\u00dfig die v\u00f6lkerrechtlichen Aspekte des russischen Eingreifens in den Krieg, die westliche russophobe Propaganda\u2026","rel":"","context":"In &quot;Frieden - Antifaschismus - Solidarit\u00e4t&quot;","block_context":{"text":"Frieden - Antifaschismus - Solidarit\u00e4t","link":"https:\/\/www.freidenker.org\/?cat=13"},"img":{"alt_text":"","src":"https:\/\/i0.wp.com\/www.freidenker.org\/fw17\/wp-content\/uploads\/2022\/05\/KH_Ukraine_und_wir_3_800x450.jpg?fit=800%2C450&ssl=1&resize=350%2C200","width":350,"height":200,"srcset":"https:\/\/i0.wp.com\/www.freidenker.org\/fw17\/wp-content\/uploads\/2022\/05\/KH_Ukraine_und_wir_3_800x450.jpg?fit=800%2C450&ssl=1&resize=350%2C200 1x, https:\/\/i0.wp.com\/www.freidenker.org\/fw17\/wp-content\/uploads\/2022\/05\/KH_Ukraine_und_wir_3_800x450.jpg?fit=800%2C450&ssl=1&resize=525%2C300 1.5x, https:\/\/i0.wp.com\/www.freidenker.org\/fw17\/wp-content\/uploads\/2022\/05\/KH_Ukraine_und_wir_3_800x450.jpg?fit=800%2C450&ssl=1&resize=700%2C400 2x"},"classes":[]},{"id":17819,"url":"https:\/\/www.freidenker.org\/?p=17819","url_meta":{"origin":12595,"position":3},"title":"Faltblatt: \u201eWieder kriegst\u00fcchtig\u201c &#8211; oder kriegsgeil? Russland ist nicht unser Feind","author":"Webredaktion","date":"12. Januar 2024","format":false,"excerpt":"Faltblatt des Deutschen Freidenker-Verbandes \u201eWir m\u00fcssen kriegst\u00fcchtig werden und die Bundeswehr und die Gesellschaft daf\u00fcr aufstellen\u201c, so Bundeskriegsminister Boris Pistorius, damit meint er, au\u00dfer immer mehr Waffen: einen \u201eMentalit\u00e4tswechsel\u201c der Deutschen. Schluss also mit pazifistischen Tr\u00e4umen, mit \u201eFrieden schaffen ohne Waffen\u201c, dem friedlichen Zu\u00adsammenleben mit allen Nachbarn. Im Klartext: Schluss\u2026","rel":"","context":"In &quot;Frieden - Antifaschismus - Solidarit\u00e4t&quot;","block_context":{"text":"Frieden - Antifaschismus - Solidarit\u00e4t","link":"https:\/\/www.freidenker.org\/?cat=13"},"img":{"alt_text":"","src":"https:\/\/i0.wp.com\/www.freidenker.org\/fw17\/wp-content\/uploads\/2024\/09\/Faltblatt_kriegsgeil_2024-01_rev_800x450.jpg?fit=800%2C450&ssl=1&resize=350%2C200","width":350,"height":200,"srcset":"https:\/\/i0.wp.com\/www.freidenker.org\/fw17\/wp-content\/uploads\/2024\/09\/Faltblatt_kriegsgeil_2024-01_rev_800x450.jpg?fit=800%2C450&ssl=1&resize=350%2C200 1x, https:\/\/i0.wp.com\/www.freidenker.org\/fw17\/wp-content\/uploads\/2024\/09\/Faltblatt_kriegsgeil_2024-01_rev_800x450.jpg?fit=800%2C450&ssl=1&resize=525%2C300 1.5x, https:\/\/i0.wp.com\/www.freidenker.org\/fw17\/wp-content\/uploads\/2024\/09\/Faltblatt_kriegsgeil_2024-01_rev_800x450.jpg?fit=800%2C450&ssl=1&resize=700%2C400 2x"},"classes":[]},{"id":15050,"url":"https:\/\/www.freidenker.org\/?p=15050","url_meta":{"origin":12595,"position":4},"title":"Faltblatt: Arbeit, Heizung, Brot  und ein bezahlbares Leben!","author":"Webredaktion","date":"24. Januar 2023","format":false,"excerpt":"Der Deutsche Freidenker-Verband hat ein aktuelles Faltblatt herausgegeben. Wir ver\u00f6ffentlichen hier den Text und bieten das gesamte Faltblatt zum Download an. Deutschland wird an die Wand gefahren. \u201eDie d\u00fcmmste Regierung in Europa\u201c (Sahra Wagenknecht) verfolgt verbissen ihre wahnhafte Idee, gegen unseren wichtigsten Energielieferanten einen Wirtschaftskrieg zu f\u00fchren. Industrie und private\u2026","rel":"","context":"In &quot;Arbeit &amp; Soziales&quot;","block_context":{"text":"Arbeit &amp; Soziales","link":"https:\/\/www.freidenker.org\/?cat=11"},"img":{"alt_text":"","src":"https:\/\/i0.wp.com\/www.freidenker.org\/fw17\/wp-content\/uploads\/2023\/01\/arbeit-heizung-brot_800x450-1.jpg?fit=800%2C450&ssl=1&resize=350%2C200","width":350,"height":200,"srcset":"https:\/\/i0.wp.com\/www.freidenker.org\/fw17\/wp-content\/uploads\/2023\/01\/arbeit-heizung-brot_800x450-1.jpg?fit=800%2C450&ssl=1&resize=350%2C200 1x, https:\/\/i0.wp.com\/www.freidenker.org\/fw17\/wp-content\/uploads\/2023\/01\/arbeit-heizung-brot_800x450-1.jpg?fit=800%2C450&ssl=1&resize=525%2C300 1.5x, https:\/\/i0.wp.com\/www.freidenker.org\/fw17\/wp-content\/uploads\/2023\/01\/arbeit-heizung-brot_800x450-1.jpg?fit=800%2C450&ssl=1&resize=700%2C400 2x"},"classes":[]},{"id":14867,"url":"https:\/\/www.freidenker.org\/?p=14867","url_meta":{"origin":12595,"position":5},"title":"Karin Leukefeld: Erlebe Friedensbewegung zersplittert und zerstritten","author":"Webredaktion","date":"23. Dezember 2022","format":false,"excerpt":"Interview von\u00a0Felicitas Rabe mit Karin Leukefeld F: Frau Leukefeld, am zweiten Dezemberwochenende fand in Kassel der 29. Friedensratschlag statt. Wie haben sich Vertreter der deutschen Friedensbewegung zum Krieg in der Ukraine positioniert? ... A: Sehr viele Menschen waren zu dem \"Friedensratschlag\" gekommen, das ist sicherlich ein Erfolg. Auf den Podien\u2026","rel":"","context":"In &quot;Frieden - Antifaschismus - Solidarit\u00e4t&quot;","block_context":{"text":"Frieden - Antifaschismus - Solidarit\u00e4t","link":"https:\/\/www.freidenker.org\/?cat=13"},"img":{"alt_text":"","src":"https:\/\/i0.wp.com\/www.freidenker.org\/fw17\/wp-content\/uploads\/2022\/12\/Bremen_01-2022-09-01-gmv-0021_800x450.jpg?fit=800%2C450&ssl=1&resize=350%2C200","width":350,"height":200,"srcset":"https:\/\/i0.wp.com\/www.freidenker.org\/fw17\/wp-content\/uploads\/2022\/12\/Bremen_01-2022-09-01-gmv-0021_800x450.jpg?fit=800%2C450&ssl=1&resize=350%2C200 1x, https:\/\/i0.wp.com\/www.freidenker.org\/fw17\/wp-content\/uploads\/2022\/12\/Bremen_01-2022-09-01-gmv-0021_800x450.jpg?fit=800%2C450&ssl=1&resize=525%2C300 1.5x, https:\/\/i0.wp.com\/www.freidenker.org\/fw17\/wp-content\/uploads\/2022\/12\/Bremen_01-2022-09-01-gmv-0021_800x450.jpg?fit=800%2C450&ssl=1&resize=700%2C400 2x"},"classes":[]}],"_links":{"self":[{"href":"https:\/\/www.freidenker.org\/index.php?rest_route=\/wp\/v2\/posts\/12595","targetHints":{"allow":["GET"]}}],"collection":[{"href":"https:\/\/www.freidenker.org\/index.php?rest_route=\/wp\/v2\/posts"}],"about":[{"href":"https:\/\/www.freidenker.org\/index.php?rest_route=\/wp\/v2\/types\/post"}],"author":[{"embeddable":true,"href":"https:\/\/www.freidenker.org\/index.php?rest_route=\/wp\/v2\/users\/3"}],"replies":[{"embeddable":true,"href":"https:\/\/www.freidenker.org\/index.php?rest_route=%2Fwp%2Fv2%2Fcomments&post=12595"}],"version-history":[{"count":0,"href":"https:\/\/www.freidenker.org\/index.php?rest_route=\/wp\/v2\/posts\/12595\/revisions"}],"wp:featuredmedia":[{"embeddable":true,"href":"https:\/\/www.freidenker.org\/index.php?rest_route=\/wp\/v2\/media\/12597"}],"wp:attachment":[{"href":"https:\/\/www.freidenker.org\/index.php?rest_route=%2Fwp%2Fv2%2Fmedia&parent=12595"}],"wp:term":[{"taxonomy":"category","embeddable":true,"href":"https:\/\/www.freidenker.org\/index.php?rest_route=%2Fwp%2Fv2%2Fcategories&post=12595"},{"taxonomy":"post_tag","embeddable":true,"href":"https:\/\/www.freidenker.org\/index.php?rest_route=%2Fwp%2Fv2%2Ftags&post=12595"}],"curies":[{"name":"wp","href":"https:\/\/api.w.org\/{rel}","templated":true}]}}