{"id":12562,"date":"2022-04-10T23:54:12","date_gmt":"2022-04-10T21:54:12","guid":{"rendered":"https:\/\/www.freidenker.org\/?p=12562"},"modified":"2022-05-02T21:45:58","modified_gmt":"2022-05-02T19:45:58","slug":"ein-brennendes-herz-fuer-den-frieden-braucht-einen-kuehlen-kopf","status":"publish","type":"post","link":"https:\/\/www.freidenker.org\/?p=12562","title":{"rendered":"Ein brennendes Herz f\u00fcr den Frieden braucht einen k\u00fchlen Kopf"},"content":{"rendered":"<p><strong>Rede auf dem Potsdamer Ostermarsch 2022<\/strong><\/p>\n<p><em>von <strong>M\u00e4nne Gr\u00fc\u00df <\/strong>(Friko Potsdam)<\/em><\/p>\n<p><span style=\"font-size: 10pt;\">[ <a href=\"#galerie\">\u2193 zur Galerie<\/a>]<\/span><\/p>\n<p>&nbsp;<\/p>\n<p><strong>Liebe Friedensfreundinnen, liebe Friedensfreunde,<\/strong><\/p>\n<p>ich m\u00f6chte meine Rede mit einem Ausspruch beginnen, den viele von Euch wahrscheinlich im Schlaf aufsagen k\u00f6nnen:<\/p>\n<p>Im Krieg gilt:<\/p>\n<blockquote><p>Die Wahrheit stirbt zuerst.<\/p><\/blockquote>\n<p>So eing\u00e4ngig der Ausspruch aber auch ist: Er tr\u00e4gt in sich ein Problem. Denn:<\/p>\n<p>Was ist die Wahrheit? Und vor allem: Wer sagt die Wahrheit?<\/p>\n<p>Nehmen wir ein aktuelles Beispiel dieser Tage: Butscha.<\/p>\n<p>Die ukrainische Seite erkl\u00e4rt: Russland habe in dem Vorort von Kiew ein Massaker angerichtet unter Zivilisten.<\/p>\n<p>Die russische Seite hingegen verwahrt sich vehement, ein Kriegsverbrechen in Butscha begangen zu haben.<\/p>\n<p>Was ist die Wahrheit? Wer sagt die Wahrheit?<\/p>\n<p>Und nun erkl\u00e4re mir bitte keiner, es handle sich um eine akademische oder philosophische Frage! Denn die Beantwortung dieser Frage zu Lasten Russlands hatte zur Folge:<\/p>\n<ul>\n<li>Abbruch der Friedensverhandlungen seitens der Ukraine<\/li>\n<li>Weitergehende Sanktionen gegen Russland \u2013 auch zu unseren Lasten in Form explodierender Energiepreise und Vernichtung von Industriearbeitspl\u00e4tzen<\/li>\n<li>Die Lieferung von \u201eschwerem\u201c Kriegsger\u00e4t an die Ukraine durch die Bundesregierung<\/li>\n<\/ul>\n<p>Kurzum: Von der Beantwortung der Frage \u00fcber die Verantwortung f\u00fcr Butscha h\u00e4ngt also eine neue Stufe der Eskalation ab. Sie ist also von enormer Bedeutung.<\/p>\n<p>Nun muss ich Euch entt\u00e4uschen: Ich kann Euch keine Antwort geben, wer Butscha zu verantworten hat.<\/p>\n<p>Aber ich m\u00f6chte Euch auf ein m\u00f6gliches Herangehen hinweisen, wie man der Wahrheit n\u00e4herkommt. Das Herangehen folgt einem Ausspruch, den vielleicht auch der eine oder andere von Euch kennt (und vielleicht sogar wei\u00df, von wem er stammt). Er lautet:<\/p>\n<blockquote><p>Die Wahrheit ist immer konkret.<\/p><\/blockquote>\n<p>Niemand kann in diesem Moment sagen, was in Butscha passiert ist. Aber wir k\u00f6nnen Fakten zusammentragen, die f\u00fcr alle Seiten unbestreitbar sind. Solche Fakten sind:<\/p>\n<ul>\n<li>Am 30. M\u00e4rz haben russische Truppen Butscha verlassen. Dies best\u00e4tigte der B\u00fcrgermeister Butschas einen Tag sp\u00e4ter in einem Video, in dem er die \u201eBefreiung\u201c Butschas von russischen Truppen feierlich verk\u00fcndete. Dieser B\u00fcrgermeister, der offensichtlich an der Seite Kiews steht, erw\u00e4hnte mit keinem Wort, dass es zu einem Massaker gekommen sei. Warum verschwieg er es? Und warum erkl\u00e4rt er sich dazu bis heute nicht?<\/li>\n<li>Auf dem Video, das von ukrainischer Seite pr\u00e4sentiert wurde zur Beweisf\u00fchrung, sind eine Reihe Leichen mit einer wei\u00dfen Armbinde zu sehen. Diese wei\u00dfen Armbinden werden von russischen Soldaten zur Erkennung getragen \u2013 und auch ukrainische Zivilisten sind dazu \u00fcbergegangen, solche Armbinden zu tragen, um damit ihre Verbundenheit mit dem russischen Milit\u00e4r zum Ausdruck zu bringen. Warum aber sollten russische Soldaten Zivilisten t\u00f6ten, die Ihnen wohlgesonnen sind? Oder mit welchem Ziel sollten sie so etwas inszenieren?<\/li>\n<li>Ein letzter Hinweis: Unmittelbar nach dem Vorwurf des Kriegsverbrechens in Butscha hat Russland eine Dringlichkeitssitzung des UN-Sicherheitsrates beantragt, um eine internationale Untersuchung in Gang zu bringen. Diese Dringlichkeitssitzung wurde durch Gro\u00dfbritannien verhindert \u2013 ein einmaliger Akt in der Geschichte der UN. Warum?<\/li>\n<\/ul>\n<p>Ich bleibe dabei: Ich wei\u00df nicht, wer die Toten in Butscha zu verantworten hat.<\/p>\n<p>Aber ich stelle angesichts der Fakten fest: Niemand, der die Wahrheit sch\u00e4tzt, kann in diesem Moment Russland f\u00fcr Butscha verantwortlich machen.<\/p>\n<p>Und wer jetzt wie die Bundesregierung Butscha als Rechtfertigung anf\u00fchrt f\u00fcr die Eskalation in Form von Aufr\u00fcstung, Waffenlieferungen und Sanktionen, der begeht ein Verbrechen.<\/p>\n<p>&nbsp;<\/p>\n<p><strong>Liebe Friedensfreunde,<\/strong><\/p>\n<p>der seit acht Jahren andauernde Krieg in der Ukraine hat dazu gef\u00fchrt, urmenschliche Eigenschaften wie Mitgef\u00fchl und die Sehnsucht nach Frieden zu bet\u00e4uben \u2013 und vor dieser Abstumpfung ist niemand sicher \u2013 schon gar nicht hierzulande.<\/p>\n<p>Wir sehen das in seiner entsetzlichsten Form, wenn der BILD-Redakteur Michael Sauerbier twittert, dass nicht der Putin, sondern das russische Volk \u201eunser Feind\u201c sei. Das haben zuletzt in Deutschland in dieser Deutlichkeit Repr\u00e4sentanten des m\u00f6rderischen NS-Faschismus erkl\u00e4rt.<\/p>\n<p>Wir m\u00fcssen miterleben, wie das sowjetische Denkmal im Treptower Park diese Woche beschmiert wurde mit der Parole: \u201eTod den Russen!\u201c Das ist exakt die Parole, mit der ukrainische Faschisten am 2. Mai 2014 das Gewerkschaftshaus in Odessa st\u00fcrmten und mindestens 48 Menschen ermordeten, die gegen den Putsch in Kiew demonstriert hatten.<\/p>\n<p>Aber ich beobachte diese Abstumpfung auch an mir selbst. Ich versuche jede Nachricht aus der Ukraine zu sortieren, will mir ein Gesamtbild verschaffen und muss mir dabei eingestehen: Ich laufe Gefahr, dass dabei mein Mitgef\u00fchl f\u00fcr jeden einzelnen Menschen, der dem Krieg in der Ukraine zum Opfer f\u00e4llt, auf der Strecke bleibt.<\/p>\n<p>Ich halte es deshalb hier und heute f\u00fcr eine Friedenspflicht: Lasst uns innehalten und gedenken.<\/p>\n<ul>\n<li>Gedenken wir jedem Menschen, der in der Ukraine durch russisches Milit\u00e4r gestorben ist.<\/li>\n<li>Gedenken wir jedem der mindestens 14.000 Menschen \u2013 nach UN-Angaben zum Gro\u00dfteil Zivilisten \u2013 die seit 2014 im Donbass und der Ukraine durch ukrainisches Milit\u00e4r gestorben sind \u2013 gedenken wir auch jedem russischen Staatsb\u00fcrger.<\/li>\n<li>Gedenken wir den Menschen, die in Mariupol durch russisches Milit\u00e4r gestorben sind. Gedenken wir auch den Menschen, die starben, weil sie vom faschistischen Asow-Bataillon als menschliche Schutzschilde gegen russisches Milit\u00e4r missbraucht wurden.<\/li>\n<li>Und verharren wir nicht allein bei der Ukraine: Gedenken wir den zehntausenden Toten des NATO-\u00dcberfalls auf Jugoslawien, der sich vor zwei Wochen zum 23. Mal j\u00e4hrte; gedenken wir \u00fcber 370.000 Toten im aktuellen Jemen-Krieg, die vor allem der NATO-Partner Saudi-Arabien zu verantworten hat; gedenken wir der Toten der US- und NATO-Interventionen in Afghanistan, Irak, Lybien, Syrien, Vietnam, Korea und anderswo. Und JA: Gedenken wir den Toten von Butscha.<\/li>\n<\/ul>\n<p>In diesem Sinne bitte ich Euch nun um eine gemeinsame Schweigeminute.<\/p>\n<p>&#8230;<\/p>\n<p>Ich habe Euch gebeten, im Gedenken zu schweigen. Ihr seid meiner Bitte gefolgt. Ich danke Euch.<\/p>\n<p>&nbsp;<\/p>\n<p><strong>Liebe Friedensfreunde,<\/strong><\/p>\n<p>ich m\u00f6chte Euch offen sagen: In der Friedenskoordination Potsdam gibt es unterschiedliche Standpunkte, wie der Einmarsch Russlands in die Ukraine zu beurteilen ist. Und es gab auch durchaus hitzige Diskussionen in der Vorbereitung dieses Ostermarschs.<\/p>\n<p>Aber uns in der Friko Potsdam eint \u00fcber alle unterschiedlichen Weltanschauungen und Biografien eine Einsicht:<\/p>\n<blockquote><p>Ein brennendes Herz f\u00fcr den Frieden braucht einen k\u00fchlen Kopf.<\/p><\/blockquote>\n<p>Was hei\u00dft das in Bezug auf die Ukraine?<\/p>\n<p>Es hei\u00dft: Wer vom ehrlichen Wunsch nach Frieden in der Ukraine angetrieben ist, muss verstehen, WARUM Russland in die Ukraine einmarschiert ist. Ich betone in meiner Rolle als Vertreter der Friko Potsdam: Das hei\u00dft nicht, dass man deshalb den russischen Einmarsch guthei\u00dfen muss. Es geht darum, die Kriegssituation zu VERSTEHEN, denn das ist der Schl\u00fcssel zur Beendigung des Krieges \u2013 der Schl\u00fcssel zu einem NACHHALTIGEN Frieden.<\/p>\n<p>In diesem Sinne muss man verstehen:<\/p>\n<ul>\n<li>\u2026 die NATO-Expansion in Osteuropa an die russische Grenze<\/li>\n<li>\u2026 die einseitige Aufk\u00fcndigung von Atomwaffenabr\u00fcstungsvertr\u00e4gen durch die USA<\/li>\n<li>\u2026 die atomare Aufr\u00fcstung von US-Atomwaffen und Abschusssystemen in Europa<\/li>\n<li>\u2026 die j\u00fcngste Ank\u00fcndigung des ukrainischen Pr\u00e4sidenten Selenskyj, sich atomar zu bewaffnen<\/li>\n<li>\u2026 die ma\u00dfgebliche Unterst\u00fctzung des Putsches in der Ukraine durch USA und EU<\/li>\n<li>\u2026 und nicht zuletzt der Ausbau der Ukraine zum verl\u00e4ngerten Arm der NATO durch Geld, Waffen, St\u00fctzpunkte, Labore und Berater und Milit\u00e4rausbilder im Schulterschluss mit Faschisten \u2013 DAS ALLES IST EINE AGGRESSION GEGEN RUSSLAND. Und noch mehr: Es ist eine Aggression gegen das ukrainische Volk, das f\u00fcr diese Kriegspolitik in Geiselhaft genommen wird. Und es ist auch eine Aggression gegen uns, die wir diese Kriegsmobilisierung mit einer Verelendung bezahlen sollen, die in unserem Land als \u00fcberwunden galt, und unser Volk dazu anstachelt, zum dritten Mal in der deutschen Geschichte, die Gewehre gen Osten zu richten.<\/li>\n<\/ul>\n<p>&nbsp;<\/p>\n<p><strong>Liebe Friedensfreunde,<\/strong><\/p>\n<p>auf diese Aggression kann es nur eine Antwort geben. Eine Antwort, die im Ukrainischen und Russischem zwar unterschiedlich ausgesprochen wird, aber dieselbe kyrillische Schreibweise hat, woran auch das unter Selenskyj eingef\u00fchrte russische Sprachverbot nichts \u00e4ndern kann. Die Antwort auf die Aggression muss lauten:<\/p>\n<p>MIR und DRUZHBA \u2013 FRIEDEN und FREUNDSCHAFT \u2013 zwischen der Ukraine und Russland und zwischen allen V\u00f6lkern der Welt.<\/p>\n<p>Das hei\u00dft aber auch: KEIN FRIEDEN und KEINE FREUNDSCHAFT mit der NATO.<\/p>\n<p style=\"text-align: right;\"><em>M\u00e4nne Gr\u00fc\u00df ist Mitglied der Potsdamer Friko und des Deutschen Freidenker-Verbandes<\/em><\/p>\n<hr \/>\n<h5><strong><a id=\"galerie\"><\/a>Bildergalerie<\/strong><\/h5>\n<p>Wie jedes Jahr findet der Potsdamer Ostermarsch bereits eine Woche vor Ostern statt und ist damit bundesweit die erste Friedensveranstaltung anl\u00e4sslich der Osterfeiertage. So auch in diesem Jahr. Hier einige Impressionen von der Kundgebung und dem Marsch am 09. April 2022, an denen etwa Hundert Friedensfreunde teilgenommen haben.<\/p>\n<div class=\"tiled-gallery type-rectangular tiled-gallery-unresized\" data-original-width=\"800\" data-carousel-extra='{&quot;blog_id&quot;:1,&quot;permalink&quot;:&quot;https:\\\/\\\/www.freidenker.org\\\/?p=12562&quot;,&quot;likes_blog_id&quot;:139773280}' itemscope itemtype=\"http:\/\/schema.org\/ImageGallery\" > <div class=\"gallery-row\" style=\"width: 800px; height: 401px;\" data-original-width=\"800\" data-original-height=\"401\" > <div class=\"gallery-group images-1\" style=\"width: 534px; height: 401px;\" data-original-width=\"534\" data-original-height=\"401\" > <div class=\"tiled-gallery-item tiled-gallery-item-large\" itemprop=\"associatedMedia\" itemscope itemtype=\"http:\/\/schema.org\/ImageObject\"> <a href=\"https:\/\/www.freidenker.org\/?attachment_id=12563\" border=\"0\" itemprop=\"url\"> <meta itemprop=\"width\" content=\"530\"> <meta itemprop=\"height\" content=\"397\"> <img decoding=\"async\" class=\"\" data-attachment-id=\"12563\" data-orig-file=\"https:\/\/www.freidenker.org\/fw17\/wp-content\/uploads\/2022\/04\/20220409_145017.jpg\" data-orig-size=\"800,600\" data-comments-opened=\"\" data-image-meta=\"{&quot;aperture&quot;:&quot;1.7&quot;,&quot;credit&quot;:&quot;&quot;,&quot;camera&quot;:&quot;SM-A750FN&quot;,&quot;caption&quot;:&quot;&quot;,&quot;created_timestamp&quot;:&quot;1649515817&quot;,&quot;copyright&quot;:&quot;&quot;,&quot;focal_length&quot;:&quot;3.93&quot;,&quot;iso&quot;:&quot;40&quot;,&quot;shutter_speed&quot;:&quot;0.0016611295681063&quot;,&quot;title&quot;:&quot;&quot;,&quot;orientation&quot;:&quot;1&quot;}\" data-image-title=\"20220409_145017\" data-image-description=\"\" data-medium-file=\"https:\/\/i0.wp.com\/www.freidenker.org\/fw17\/wp-content\/uploads\/2022\/04\/20220409_145017.jpg?fit=300%2C225&#038;ssl=1\" data-large-file=\"https:\/\/i0.wp.com\/www.freidenker.org\/fw17\/wp-content\/uploads\/2022\/04\/20220409_145017.jpg?fit=800%2C600&#038;ssl=1\" src=\"https:\/\/i0.wp.com\/www.freidenker.org\/fw17\/wp-content\/uploads\/2022\/04\/20220409_145017.jpg?w=530&#038;h=397&#038;ssl=1\" srcset=\"https:\/\/i0.wp.com\/www.freidenker.org\/fw17\/wp-content\/uploads\/2022\/04\/20220409_145017.jpg?w=800&amp;ssl=1 800w, https:\/\/i0.wp.com\/www.freidenker.org\/fw17\/wp-content\/uploads\/2022\/04\/20220409_145017.jpg?resize=300%2C225&amp;ssl=1 300w, https:\/\/i0.wp.com\/www.freidenker.org\/fw17\/wp-content\/uploads\/2022\/04\/20220409_145017.jpg?resize=768%2C576&amp;ssl=1 768w\" width=\"530\" height=\"397\" loading=\"lazy\" data-original-width=\"530\" data-original-height=\"397\" itemprop=\"http:\/\/schema.org\/image\" title=\"20220409_145017\" alt=\"Potsdamer Ostermarsch 2022: Transparente\" style=\"width: 530px; height: 397px;\" \/> <\/a> <div class=\"tiled-gallery-caption\" itemprop=\"caption description\"> Potsdamer Ostermarsch 2022: Transparente <\/div> <\/div> <\/div> <!-- close group --> <div class=\"gallery-group images-2\" style=\"width: 266px; height: 401px;\" data-original-width=\"266\" data-original-height=\"401\" > <div class=\"tiled-gallery-item tiled-gallery-item-large\" itemprop=\"associatedMedia\" itemscope itemtype=\"http:\/\/schema.org\/ImageObject\"> <a href=\"https:\/\/www.freidenker.org\/?attachment_id=12564\" border=\"0\" itemprop=\"url\"> <meta itemprop=\"width\" content=\"262\"> <meta itemprop=\"height\" content=\"197\"> <img decoding=\"async\" class=\"\" data-attachment-id=\"12564\" data-orig-file=\"https:\/\/www.freidenker.org\/fw17\/wp-content\/uploads\/2022\/04\/20220409_145041.jpg\" data-orig-size=\"800,600\" data-comments-opened=\"\" data-image-meta=\"{&quot;aperture&quot;:&quot;1.7&quot;,&quot;credit&quot;:&quot;&quot;,&quot;camera&quot;:&quot;SM-A750FN&quot;,&quot;caption&quot;:&quot;&quot;,&quot;created_timestamp&quot;:&quot;1649515840&quot;,&quot;copyright&quot;:&quot;&quot;,&quot;focal_length&quot;:&quot;3.93&quot;,&quot;iso&quot;:&quot;40&quot;,&quot;shutter_speed&quot;:&quot;0.0011834319526627&quot;,&quot;title&quot;:&quot;&quot;,&quot;orientation&quot;:&quot;1&quot;}\" data-image-title=\"20220409_145041\" data-image-description=\"\" data-medium-file=\"https:\/\/i0.wp.com\/www.freidenker.org\/fw17\/wp-content\/uploads\/2022\/04\/20220409_145041.jpg?fit=300%2C225&#038;ssl=1\" data-large-file=\"https:\/\/i0.wp.com\/www.freidenker.org\/fw17\/wp-content\/uploads\/2022\/04\/20220409_145041.jpg?fit=800%2C600&#038;ssl=1\" src=\"https:\/\/i0.wp.com\/www.freidenker.org\/fw17\/wp-content\/uploads\/2022\/04\/20220409_145041.jpg?w=262&#038;h=197&#038;ssl=1\" srcset=\"https:\/\/i0.wp.com\/www.freidenker.org\/fw17\/wp-content\/uploads\/2022\/04\/20220409_145041.jpg?w=800&amp;ssl=1 800w, https:\/\/i0.wp.com\/www.freidenker.org\/fw17\/wp-content\/uploads\/2022\/04\/20220409_145041.jpg?resize=300%2C225&amp;ssl=1 300w, https:\/\/i0.wp.com\/www.freidenker.org\/fw17\/wp-content\/uploads\/2022\/04\/20220409_145041.jpg?resize=768%2C576&amp;ssl=1 768w\" width=\"262\" height=\"197\" loading=\"lazy\" data-original-width=\"262\" data-original-height=\"197\" itemprop=\"http:\/\/schema.org\/image\" title=\"20220409_145041\" alt=\"Potsdamer Ostermarsch 2022: Transparente\" style=\"width: 262px; height: 197px;\" \/> <\/a> <div class=\"tiled-gallery-caption\" itemprop=\"caption description\"> Potsdamer Ostermarsch 2022: Transparente <\/div> <\/div> <div class=\"tiled-gallery-item tiled-gallery-item-large\" itemprop=\"associatedMedia\" itemscope itemtype=\"http:\/\/schema.org\/ImageObject\"> <a href=\"https:\/\/www.freidenker.org\/?attachment_id=12565\" border=\"0\" itemprop=\"url\"> <meta itemprop=\"width\" content=\"262\"> <meta itemprop=\"height\" content=\"196\"> <img decoding=\"async\" class=\"\" data-attachment-id=\"12565\" data-orig-file=\"https:\/\/www.freidenker.org\/fw17\/wp-content\/uploads\/2022\/04\/20220409_145102.jpg\" data-orig-size=\"800,600\" data-comments-opened=\"\" data-image-meta=\"{&quot;aperture&quot;:&quot;1.7&quot;,&quot;credit&quot;:&quot;&quot;,&quot;camera&quot;:&quot;SM-A750FN&quot;,&quot;caption&quot;:&quot;&quot;,&quot;created_timestamp&quot;:&quot;1649515862&quot;,&quot;copyright&quot;:&quot;&quot;,&quot;focal_length&quot;:&quot;3.93&quot;,&quot;iso&quot;:&quot;40&quot;,&quot;shutter_speed&quot;:&quot;0.0013755158184319&quot;,&quot;title&quot;:&quot;&quot;,&quot;orientation&quot;:&quot;1&quot;}\" data-image-title=\"20220409_145102\" data-image-description=\"\" data-medium-file=\"https:\/\/i0.wp.com\/www.freidenker.org\/fw17\/wp-content\/uploads\/2022\/04\/20220409_145102.jpg?fit=300%2C225&#038;ssl=1\" data-large-file=\"https:\/\/i0.wp.com\/www.freidenker.org\/fw17\/wp-content\/uploads\/2022\/04\/20220409_145102.jpg?fit=800%2C600&#038;ssl=1\" src=\"https:\/\/i0.wp.com\/www.freidenker.org\/fw17\/wp-content\/uploads\/2022\/04\/20220409_145102.jpg?w=262&#038;h=196&#038;ssl=1\" srcset=\"https:\/\/i0.wp.com\/www.freidenker.org\/fw17\/wp-content\/uploads\/2022\/04\/20220409_145102.jpg?w=800&amp;ssl=1 800w, https:\/\/i0.wp.com\/www.freidenker.org\/fw17\/wp-content\/uploads\/2022\/04\/20220409_145102.jpg?resize=300%2C225&amp;ssl=1 300w, https:\/\/i0.wp.com\/www.freidenker.org\/fw17\/wp-content\/uploads\/2022\/04\/20220409_145102.jpg?resize=768%2C576&amp;ssl=1 768w\" width=\"262\" height=\"196\" loading=\"lazy\" data-original-width=\"262\" data-original-height=\"196\" itemprop=\"http:\/\/schema.org\/image\" title=\"20220409_145102\" alt=\"Potsdamer Ostermarsch 2022: Transparente\" style=\"width: 262px; height: 196px;\" \/> <\/a> <div class=\"tiled-gallery-caption\" itemprop=\"caption description\"> Potsdamer Ostermarsch 2022: Transparente <\/div> <\/div> <\/div> <!-- close group --> <\/div> <!-- close row --> <div class=\"gallery-row\" style=\"width: 800px; height: 201px;\" data-original-width=\"800\" data-original-height=\"201\" > <div class=\"gallery-group images-1\" style=\"width: 267px; height: 201px;\" data-original-width=\"267\" data-original-height=\"201\" > <div class=\"tiled-gallery-item tiled-gallery-item-large\" itemprop=\"associatedMedia\" itemscope itemtype=\"http:\/\/schema.org\/ImageObject\"> <a href=\"https:\/\/www.freidenker.org\/?attachment_id=12566\" border=\"0\" itemprop=\"url\"> <meta itemprop=\"width\" content=\"263\"> <meta itemprop=\"height\" content=\"197\"> <img decoding=\"async\" class=\"\" data-attachment-id=\"12566\" data-orig-file=\"https:\/\/www.freidenker.org\/fw17\/wp-content\/uploads\/2022\/04\/20220409_145152.jpg\" data-orig-size=\"800,600\" data-comments-opened=\"\" data-image-meta=\"{&quot;aperture&quot;:&quot;1.7&quot;,&quot;credit&quot;:&quot;&quot;,&quot;camera&quot;:&quot;SM-A750FN&quot;,&quot;caption&quot;:&quot;&quot;,&quot;created_timestamp&quot;:&quot;1649515912&quot;,&quot;copyright&quot;:&quot;&quot;,&quot;focal_length&quot;:&quot;3.93&quot;,&quot;iso&quot;:&quot;40&quot;,&quot;shutter_speed&quot;:&quot;0.0027700831024931&quot;,&quot;title&quot;:&quot;&quot;,&quot;orientation&quot;:&quot;1&quot;}\" data-image-title=\"20220409_145152\" data-image-description=\"\" data-medium-file=\"https:\/\/i0.wp.com\/www.freidenker.org\/fw17\/wp-content\/uploads\/2022\/04\/20220409_145152.jpg?fit=300%2C225&#038;ssl=1\" data-large-file=\"https:\/\/i0.wp.com\/www.freidenker.org\/fw17\/wp-content\/uploads\/2022\/04\/20220409_145152.jpg?fit=800%2C600&#038;ssl=1\" src=\"https:\/\/i0.wp.com\/www.freidenker.org\/fw17\/wp-content\/uploads\/2022\/04\/20220409_145152.jpg?w=263&#038;h=197&#038;ssl=1\" srcset=\"https:\/\/i0.wp.com\/www.freidenker.org\/fw17\/wp-content\/uploads\/2022\/04\/20220409_145152.jpg?w=800&amp;ssl=1 800w, https:\/\/i0.wp.com\/www.freidenker.org\/fw17\/wp-content\/uploads\/2022\/04\/20220409_145152.jpg?resize=300%2C225&amp;ssl=1 300w, https:\/\/i0.wp.com\/www.freidenker.org\/fw17\/wp-content\/uploads\/2022\/04\/20220409_145152.jpg?resize=768%2C576&amp;ssl=1 768w\" width=\"263\" height=\"197\" loading=\"lazy\" data-original-width=\"263\" data-original-height=\"197\" itemprop=\"http:\/\/schema.org\/image\" title=\"20220409_145152\" alt=\"Potsdamer Ostermarsch 2022: Transparente\" style=\"width: 263px; height: 197px;\" \/> <\/a> <div class=\"tiled-gallery-caption\" itemprop=\"caption description\"> Potsdamer Ostermarsch 2022: Transparente <\/div> <\/div> <\/div> <!-- close group --> <div class=\"gallery-group images-1\" style=\"width: 267px; height: 201px;\" data-original-width=\"267\" data-original-height=\"201\" > <div class=\"tiled-gallery-item tiled-gallery-item-large\" itemprop=\"associatedMedia\" itemscope itemtype=\"http:\/\/schema.org\/ImageObject\"> <a href=\"https:\/\/www.freidenker.org\/?attachment_id=12567\" border=\"0\" itemprop=\"url\"> <meta itemprop=\"width\" content=\"263\"> <meta itemprop=\"height\" content=\"197\"> <img decoding=\"async\" class=\"\" data-attachment-id=\"12567\" data-orig-file=\"https:\/\/www.freidenker.org\/fw17\/wp-content\/uploads\/2022\/04\/20220409_150128.jpg\" data-orig-size=\"800,600\" data-comments-opened=\"\" data-image-meta=\"{&quot;aperture&quot;:&quot;1.7&quot;,&quot;credit&quot;:&quot;&quot;,&quot;camera&quot;:&quot;SM-A750FN&quot;,&quot;caption&quot;:&quot;&quot;,&quot;created_timestamp&quot;:&quot;1649516487&quot;,&quot;copyright&quot;:&quot;&quot;,&quot;focal_length&quot;:&quot;3.93&quot;,&quot;iso&quot;:&quot;40&quot;,&quot;shutter_speed&quot;:&quot;0.0078125&quot;,&quot;title&quot;:&quot;&quot;,&quot;orientation&quot;:&quot;1&quot;}\" data-image-title=\"20220409_150128\" data-image-description=\"\" data-medium-file=\"https:\/\/i0.wp.com\/www.freidenker.org\/fw17\/wp-content\/uploads\/2022\/04\/20220409_150128.jpg?fit=300%2C225&#038;ssl=1\" data-large-file=\"https:\/\/i0.wp.com\/www.freidenker.org\/fw17\/wp-content\/uploads\/2022\/04\/20220409_150128.jpg?fit=800%2C600&#038;ssl=1\" src=\"https:\/\/i0.wp.com\/www.freidenker.org\/fw17\/wp-content\/uploads\/2022\/04\/20220409_150128.jpg?w=263&#038;h=197&#038;ssl=1\" srcset=\"https:\/\/i0.wp.com\/www.freidenker.org\/fw17\/wp-content\/uploads\/2022\/04\/20220409_150128.jpg?w=800&amp;ssl=1 800w, https:\/\/i0.wp.com\/www.freidenker.org\/fw17\/wp-content\/uploads\/2022\/04\/20220409_150128.jpg?resize=300%2C225&amp;ssl=1 300w, https:\/\/i0.wp.com\/www.freidenker.org\/fw17\/wp-content\/uploads\/2022\/04\/20220409_150128.jpg?resize=768%2C576&amp;ssl=1 768w\" width=\"263\" height=\"197\" loading=\"lazy\" data-original-width=\"263\" data-original-height=\"197\" itemprop=\"http:\/\/schema.org\/image\" title=\"20220409_150128\" alt=\"Potsdamer Ostermarsch 2022: Jane Zahn bestreitet das Kulturprogramm\" style=\"width: 263px; height: 197px;\" \/> <\/a> <div class=\"tiled-gallery-caption\" itemprop=\"caption description\"> Potsdamer Ostermarsch 2022: Jane Zahn bestreitet das Kulturprogramm <\/div> <\/div> <\/div> <!-- close group --> <div class=\"gallery-group images-1\" style=\"width: 266px; height: 201px;\" data-original-width=\"266\" data-original-height=\"201\" > <div class=\"tiled-gallery-item tiled-gallery-item-large\" itemprop=\"associatedMedia\" itemscope itemtype=\"http:\/\/schema.org\/ImageObject\"> <a href=\"https:\/\/www.freidenker.org\/?attachment_id=12568\" border=\"0\" itemprop=\"url\"> <meta itemprop=\"width\" content=\"262\"> <meta itemprop=\"height\" content=\"197\"> <img decoding=\"async\" class=\"\" data-attachment-id=\"12568\" data-orig-file=\"https:\/\/www.freidenker.org\/fw17\/wp-content\/uploads\/2022\/04\/20220409_150130.jpg\" data-orig-size=\"800,600\" data-comments-opened=\"\" data-image-meta=\"{&quot;aperture&quot;:&quot;1.7&quot;,&quot;credit&quot;:&quot;&quot;,&quot;camera&quot;:&quot;SM-A750FN&quot;,&quot;caption&quot;:&quot;&quot;,&quot;created_timestamp&quot;:&quot;1649516490&quot;,&quot;copyright&quot;:&quot;&quot;,&quot;focal_length&quot;:&quot;3.93&quot;,&quot;iso&quot;:&quot;40&quot;,&quot;shutter_speed&quot;:&quot;0.0078125&quot;,&quot;title&quot;:&quot;&quot;,&quot;orientation&quot;:&quot;1&quot;}\" data-image-title=\"20220409_150130\" data-image-description=\"\" data-medium-file=\"https:\/\/i0.wp.com\/www.freidenker.org\/fw17\/wp-content\/uploads\/2022\/04\/20220409_150130.jpg?fit=300%2C225&#038;ssl=1\" data-large-file=\"https:\/\/i0.wp.com\/www.freidenker.org\/fw17\/wp-content\/uploads\/2022\/04\/20220409_150130.jpg?fit=800%2C600&#038;ssl=1\" src=\"https:\/\/i0.wp.com\/www.freidenker.org\/fw17\/wp-content\/uploads\/2022\/04\/20220409_150130.jpg?w=262&#038;h=197&#038;ssl=1\" srcset=\"https:\/\/i0.wp.com\/www.freidenker.org\/fw17\/wp-content\/uploads\/2022\/04\/20220409_150130.jpg?w=800&amp;ssl=1 800w, https:\/\/i0.wp.com\/www.freidenker.org\/fw17\/wp-content\/uploads\/2022\/04\/20220409_150130.jpg?resize=300%2C225&amp;ssl=1 300w, https:\/\/i0.wp.com\/www.freidenker.org\/fw17\/wp-content\/uploads\/2022\/04\/20220409_150130.jpg?resize=768%2C576&amp;ssl=1 768w\" width=\"262\" height=\"197\" loading=\"lazy\" data-original-width=\"262\" data-original-height=\"197\" itemprop=\"http:\/\/schema.org\/image\" title=\"20220409_150130\" alt=\"Potsdamer Ostermarsch 2022: Teilnehmer\" style=\"width: 262px; height: 197px;\" \/> <\/a> <div class=\"tiled-gallery-caption\" itemprop=\"caption description\"> Potsdamer Ostermarsch 2022: Teilnehmer <\/div> <\/div> <\/div> <!-- close group --> <\/div> <!-- close row --> <div class=\"gallery-row\" style=\"width: 800px; height: 401px;\" data-original-width=\"800\" data-original-height=\"401\" > <div class=\"gallery-group images-2\" style=\"width: 266px; height: 401px;\" data-original-width=\"266\" data-original-height=\"401\" > <div class=\"tiled-gallery-item tiled-gallery-item-large\" itemprop=\"associatedMedia\" itemscope itemtype=\"http:\/\/schema.org\/ImageObject\"> <a href=\"https:\/\/www.freidenker.org\/?attachment_id=12569\" border=\"0\" itemprop=\"url\"> <meta itemprop=\"width\" content=\"262\"> <meta itemprop=\"height\" content=\"197\"> <img decoding=\"async\" class=\"\" data-attachment-id=\"12569\" data-orig-file=\"https:\/\/www.freidenker.org\/fw17\/wp-content\/uploads\/2022\/04\/20220409_150154.jpg\" data-orig-size=\"800,600\" data-comments-opened=\"\" data-image-meta=\"{&quot;aperture&quot;:&quot;1.7&quot;,&quot;credit&quot;:&quot;&quot;,&quot;camera&quot;:&quot;SM-A750FN&quot;,&quot;caption&quot;:&quot;&quot;,&quot;created_timestamp&quot;:&quot;1649516514&quot;,&quot;copyright&quot;:&quot;&quot;,&quot;focal_length&quot;:&quot;3.93&quot;,&quot;iso&quot;:&quot;40&quot;,&quot;shutter_speed&quot;:&quot;0.0045662100456621&quot;,&quot;title&quot;:&quot;&quot;,&quot;orientation&quot;:&quot;1&quot;}\" data-image-title=\"20220409_150154\" data-image-description=\"\" data-medium-file=\"https:\/\/i0.wp.com\/www.freidenker.org\/fw17\/wp-content\/uploads\/2022\/04\/20220409_150154.jpg?fit=300%2C225&#038;ssl=1\" data-large-file=\"https:\/\/i0.wp.com\/www.freidenker.org\/fw17\/wp-content\/uploads\/2022\/04\/20220409_150154.jpg?fit=800%2C600&#038;ssl=1\" src=\"https:\/\/i0.wp.com\/www.freidenker.org\/fw17\/wp-content\/uploads\/2022\/04\/20220409_150154.jpg?w=262&#038;h=197&#038;ssl=1\" srcset=\"https:\/\/i0.wp.com\/www.freidenker.org\/fw17\/wp-content\/uploads\/2022\/04\/20220409_150154.jpg?w=800&amp;ssl=1 800w, https:\/\/i0.wp.com\/www.freidenker.org\/fw17\/wp-content\/uploads\/2022\/04\/20220409_150154.jpg?resize=300%2C225&amp;ssl=1 300w, https:\/\/i0.wp.com\/www.freidenker.org\/fw17\/wp-content\/uploads\/2022\/04\/20220409_150154.jpg?resize=768%2C576&amp;ssl=1 768w\" width=\"262\" height=\"197\" loading=\"lazy\" data-original-width=\"262\" data-original-height=\"197\" itemprop=\"http:\/\/schema.org\/image\" title=\"20220409_150154\" alt=\"Potsdamer Ostermarsch 2022: Jane Zahn\" style=\"width: 262px; height: 197px;\" \/> <\/a> <div class=\"tiled-gallery-caption\" itemprop=\"caption description\"> Potsdamer Ostermarsch 2022: Jane Zahn <\/div> <\/div> <div class=\"tiled-gallery-item tiled-gallery-item-large\" itemprop=\"associatedMedia\" itemscope itemtype=\"http:\/\/schema.org\/ImageObject\"> <a href=\"https:\/\/www.freidenker.org\/?attachment_id=12570\" border=\"0\" itemprop=\"url\"> <meta itemprop=\"width\" content=\"262\"> <meta itemprop=\"height\" content=\"196\"> <img decoding=\"async\" class=\"\" data-attachment-id=\"12570\" data-orig-file=\"https:\/\/www.freidenker.org\/fw17\/wp-content\/uploads\/2022\/04\/20220409_150307.jpg\" data-orig-size=\"800,600\" data-comments-opened=\"\" data-image-meta=\"{&quot;aperture&quot;:&quot;1.7&quot;,&quot;credit&quot;:&quot;&quot;,&quot;camera&quot;:&quot;SM-A750FN&quot;,&quot;caption&quot;:&quot;&quot;,&quot;created_timestamp&quot;:&quot;1649516587&quot;,&quot;copyright&quot;:&quot;&quot;,&quot;focal_length&quot;:&quot;3.93&quot;,&quot;iso&quot;:&quot;40&quot;,&quot;shutter_speed&quot;:&quot;0.0052910052910053&quot;,&quot;title&quot;:&quot;&quot;,&quot;orientation&quot;:&quot;1&quot;}\" data-image-title=\"20220409_150307\" data-image-description=\"\" data-medium-file=\"https:\/\/i0.wp.com\/www.freidenker.org\/fw17\/wp-content\/uploads\/2022\/04\/20220409_150307.jpg?fit=300%2C225&#038;ssl=1\" data-large-file=\"https:\/\/i0.wp.com\/www.freidenker.org\/fw17\/wp-content\/uploads\/2022\/04\/20220409_150307.jpg?fit=800%2C600&#038;ssl=1\" src=\"https:\/\/i0.wp.com\/www.freidenker.org\/fw17\/wp-content\/uploads\/2022\/04\/20220409_150307.jpg?w=262&#038;h=196&#038;ssl=1\" srcset=\"https:\/\/i0.wp.com\/www.freidenker.org\/fw17\/wp-content\/uploads\/2022\/04\/20220409_150307.jpg?w=800&amp;ssl=1 800w, https:\/\/i0.wp.com\/www.freidenker.org\/fw17\/wp-content\/uploads\/2022\/04\/20220409_150307.jpg?resize=300%2C225&amp;ssl=1 300w, https:\/\/i0.wp.com\/www.freidenker.org\/fw17\/wp-content\/uploads\/2022\/04\/20220409_150307.jpg?resize=768%2C576&amp;ssl=1 768w\" width=\"262\" height=\"196\" loading=\"lazy\" data-original-width=\"262\" data-original-height=\"196\" itemprop=\"http:\/\/schema.org\/image\" title=\"20220409_150307\" alt=\"Potsdamer Ostermarsch 2022: Am Mikrofon der Sprecher der Potsdamer Friko, Michael Meixner\" style=\"width: 262px; height: 196px;\" \/> <\/a> <div class=\"tiled-gallery-caption\" itemprop=\"caption description\"> Potsdamer Ostermarsch 2022: Am Mikrofon der Sprecher der Potsdamer Friko, Michael Meixner <\/div> <\/div> <\/div> <!-- close group --> <div class=\"gallery-group images-1\" style=\"width: 534px; height: 401px;\" data-original-width=\"534\" data-original-height=\"401\" > <div class=\"tiled-gallery-item tiled-gallery-item-large\" itemprop=\"associatedMedia\" itemscope itemtype=\"http:\/\/schema.org\/ImageObject\"> <a href=\"https:\/\/www.freidenker.org\/?attachment_id=12571\" border=\"0\" itemprop=\"url\"> <meta itemprop=\"width\" content=\"530\"> <meta itemprop=\"height\" content=\"397\"> <img decoding=\"async\" class=\"\" data-attachment-id=\"12571\" data-orig-file=\"https:\/\/www.freidenker.org\/fw17\/wp-content\/uploads\/2022\/04\/20220409_150310.jpg\" data-orig-size=\"800,600\" data-comments-opened=\"\" data-image-meta=\"{&quot;aperture&quot;:&quot;1.7&quot;,&quot;credit&quot;:&quot;&quot;,&quot;camera&quot;:&quot;SM-A750FN&quot;,&quot;caption&quot;:&quot;&quot;,&quot;created_timestamp&quot;:&quot;1649516590&quot;,&quot;copyright&quot;:&quot;&quot;,&quot;focal_length&quot;:&quot;3.93&quot;,&quot;iso&quot;:&quot;40&quot;,&quot;shutter_speed&quot;:&quot;0.0058479532163743&quot;,&quot;title&quot;:&quot;&quot;,&quot;orientation&quot;:&quot;1&quot;}\" data-image-title=\"20220409_150310\" data-image-description=\"\" data-medium-file=\"https:\/\/i0.wp.com\/www.freidenker.org\/fw17\/wp-content\/uploads\/2022\/04\/20220409_150310.jpg?fit=300%2C225&#038;ssl=1\" data-large-file=\"https:\/\/i0.wp.com\/www.freidenker.org\/fw17\/wp-content\/uploads\/2022\/04\/20220409_150310.jpg?fit=800%2C600&#038;ssl=1\" src=\"https:\/\/i0.wp.com\/www.freidenker.org\/fw17\/wp-content\/uploads\/2022\/04\/20220409_150310.jpg?w=530&#038;h=397&#038;ssl=1\" srcset=\"https:\/\/i0.wp.com\/www.freidenker.org\/fw17\/wp-content\/uploads\/2022\/04\/20220409_150310.jpg?w=800&amp;ssl=1 800w, https:\/\/i0.wp.com\/www.freidenker.org\/fw17\/wp-content\/uploads\/2022\/04\/20220409_150310.jpg?resize=300%2C225&amp;ssl=1 300w, https:\/\/i0.wp.com\/www.freidenker.org\/fw17\/wp-content\/uploads\/2022\/04\/20220409_150310.jpg?resize=768%2C576&amp;ssl=1 768w\" width=\"530\" height=\"397\" loading=\"lazy\" data-original-width=\"530\" data-original-height=\"397\" itemprop=\"http:\/\/schema.org\/image\" title=\"20220409_150310\" alt=\"Potsdamer Ostermarsch 2022\" style=\"width: 530px; height: 397px;\" \/> <\/a> <div class=\"tiled-gallery-caption\" itemprop=\"caption description\"> Potsdamer Ostermarsch 2022 <\/div> <\/div> <\/div> <!-- close group --> <\/div> <!-- close row --> <div class=\"gallery-row\" style=\"width: 800px; height: 259px;\" data-original-width=\"800\" data-original-height=\"259\" > <div class=\"gallery-group images-1\" style=\"width: 343px; height: 259px;\" data-original-width=\"343\" data-original-height=\"259\" > <div class=\"tiled-gallery-item tiled-gallery-item-large\" itemprop=\"associatedMedia\" itemscope itemtype=\"http:\/\/schema.org\/ImageObject\"> <a href=\"https:\/\/www.freidenker.org\/?attachment_id=12572\" border=\"0\" itemprop=\"url\"> <meta itemprop=\"width\" content=\"339\"> <meta itemprop=\"height\" content=\"255\"> <img decoding=\"async\" class=\"\" data-attachment-id=\"12572\" data-orig-file=\"https:\/\/www.freidenker.org\/fw17\/wp-content\/uploads\/2022\/04\/20220409_150746.jpg\" data-orig-size=\"800,600\" data-comments-opened=\"\" data-image-meta=\"{&quot;aperture&quot;:&quot;1.7&quot;,&quot;credit&quot;:&quot;&quot;,&quot;camera&quot;:&quot;SM-A750FN&quot;,&quot;caption&quot;:&quot;&quot;,&quot;created_timestamp&quot;:&quot;1649516866&quot;,&quot;copyright&quot;:&quot;&quot;,&quot;focal_length&quot;:&quot;3.93&quot;,&quot;iso&quot;:&quot;80&quot;,&quot;shutter_speed&quot;:&quot;0.01&quot;,&quot;title&quot;:&quot;&quot;,&quot;orientation&quot;:&quot;1&quot;}\" data-image-title=\"20220409_150746\" data-image-description=\"\" data-medium-file=\"https:\/\/i0.wp.com\/www.freidenker.org\/fw17\/wp-content\/uploads\/2022\/04\/20220409_150746.jpg?fit=300%2C225&#038;ssl=1\" data-large-file=\"https:\/\/i0.wp.com\/www.freidenker.org\/fw17\/wp-content\/uploads\/2022\/04\/20220409_150746.jpg?fit=800%2C600&#038;ssl=1\" src=\"https:\/\/i0.wp.com\/www.freidenker.org\/fw17\/wp-content\/uploads\/2022\/04\/20220409_150746.jpg?w=339&#038;h=255&#038;ssl=1\" srcset=\"https:\/\/i0.wp.com\/www.freidenker.org\/fw17\/wp-content\/uploads\/2022\/04\/20220409_150746.jpg?w=800&amp;ssl=1 800w, https:\/\/i0.wp.com\/www.freidenker.org\/fw17\/wp-content\/uploads\/2022\/04\/20220409_150746.jpg?resize=300%2C225&amp;ssl=1 300w, https:\/\/i0.wp.com\/www.freidenker.org\/fw17\/wp-content\/uploads\/2022\/04\/20220409_150746.jpg?resize=768%2C576&amp;ssl=1 768w\" width=\"339\" height=\"255\" loading=\"lazy\" data-original-width=\"339\" data-original-height=\"255\" itemprop=\"http:\/\/schema.org\/image\" title=\"20220409_150746\" alt=\"Potsdamer Ostermarsch 2022: Am Mikrofon: Bernd Lachmann (DIE LINKE)\" style=\"width: 339px; height: 255px;\" \/> <\/a> <div class=\"tiled-gallery-caption\" itemprop=\"caption description\"> Potsdamer Ostermarsch 2022: Am Mikrofon: Bernd Lachmann (DIE LINKE) <\/div> <\/div> <\/div> <!-- close group --> <div class=\"gallery-group images-1\" style=\"width: 457px; height: 259px;\" data-original-width=\"457\" data-original-height=\"259\" > <div class=\"tiled-gallery-item tiled-gallery-item-large\" itemprop=\"associatedMedia\" itemscope itemtype=\"http:\/\/schema.org\/ImageObject\"> <a href=\"https:\/\/www.freidenker.org\/?attachment_id=12582\" border=\"0\" itemprop=\"url\"> <meta itemprop=\"width\" content=\"453\"> <meta itemprop=\"height\" content=\"255\"> <img decoding=\"async\" class=\"\" data-attachment-id=\"12582\" data-orig-file=\"https:\/\/www.freidenker.org\/fw17\/wp-content\/uploads\/2022\/04\/vlcsnap-2022-04-10-21h10m20s770.jpg\" data-orig-size=\"800,450\" data-comments-opened=\"\" data-image-meta=\"{&quot;aperture&quot;:&quot;0&quot;,&quot;credit&quot;:&quot;&quot;,&quot;camera&quot;:&quot;&quot;,&quot;caption&quot;:&quot;&quot;,&quot;created_timestamp&quot;:&quot;0&quot;,&quot;copyright&quot;:&quot;&quot;,&quot;focal_length&quot;:&quot;0&quot;,&quot;iso&quot;:&quot;0&quot;,&quot;shutter_speed&quot;:&quot;0&quot;,&quot;title&quot;:&quot;&quot;,&quot;orientation&quot;:&quot;1&quot;}\" data-image-title=\"vlcsnap-2022-04-10-21h10m20s770\" data-image-description=\"\" data-medium-file=\"https:\/\/i0.wp.com\/www.freidenker.org\/fw17\/wp-content\/uploads\/2022\/04\/vlcsnap-2022-04-10-21h10m20s770.jpg?fit=300%2C169&#038;ssl=1\" data-large-file=\"https:\/\/i0.wp.com\/www.freidenker.org\/fw17\/wp-content\/uploads\/2022\/04\/vlcsnap-2022-04-10-21h10m20s770.jpg?fit=800%2C450&#038;ssl=1\" src=\"https:\/\/i0.wp.com\/www.freidenker.org\/fw17\/wp-content\/uploads\/2022\/04\/vlcsnap-2022-04-10-21h10m20s770.jpg?w=453&#038;h=255&#038;ssl=1\" srcset=\"https:\/\/i0.wp.com\/www.freidenker.org\/fw17\/wp-content\/uploads\/2022\/04\/vlcsnap-2022-04-10-21h10m20s770.jpg?w=800&amp;ssl=1 800w, https:\/\/i0.wp.com\/www.freidenker.org\/fw17\/wp-content\/uploads\/2022\/04\/vlcsnap-2022-04-10-21h10m20s770.jpg?resize=300%2C169&amp;ssl=1 300w, https:\/\/i0.wp.com\/www.freidenker.org\/fw17\/wp-content\/uploads\/2022\/04\/vlcsnap-2022-04-10-21h10m20s770.jpg?resize=768%2C432&amp;ssl=1 768w\" width=\"453\" height=\"255\" loading=\"lazy\" data-original-width=\"453\" data-original-height=\"255\" itemprop=\"http:\/\/schema.org\/image\" title=\"vlcsnap-2022-04-10-21h10m20s770\" alt=\"Potsdamer Ostermarsch 2022: Der Demonstrationszug ist unterwegs. Vorn links M\u00e4nne Gr\u00fc\u00df\" style=\"width: 453px; height: 255px;\" \/> <\/a> <div class=\"tiled-gallery-caption\" itemprop=\"caption description\"> Potsdamer Ostermarsch 2022: Der Demonstrationszug ist unterwegs. Vorn links M\u00e4nne Gr\u00fc\u00df <\/div> <\/div> <\/div> <!-- close group --> <\/div> <!-- close row --> <div class=\"gallery-row\" style=\"width: 800px; height: 383px;\" data-original-width=\"800\" data-original-height=\"383\" > <div class=\"gallery-group images-1\" style=\"width: 510px; height: 383px;\" data-original-width=\"510\" data-original-height=\"383\" > <div class=\"tiled-gallery-item tiled-gallery-item-large\" itemprop=\"associatedMedia\" itemscope itemtype=\"http:\/\/schema.org\/ImageObject\"> <a href=\"https:\/\/www.freidenker.org\/?attachment_id=12573\" border=\"0\" itemprop=\"url\"> <meta itemprop=\"width\" content=\"506\"> <meta itemprop=\"height\" content=\"379\"> <img decoding=\"async\" class=\"\" data-attachment-id=\"12573\" data-orig-file=\"https:\/\/www.freidenker.org\/fw17\/wp-content\/uploads\/2022\/04\/20220409_153516.jpg\" data-orig-size=\"800,600\" data-comments-opened=\"\" data-image-meta=\"{&quot;aperture&quot;:&quot;1.7&quot;,&quot;credit&quot;:&quot;&quot;,&quot;camera&quot;:&quot;SM-A750FN&quot;,&quot;caption&quot;:&quot;&quot;,&quot;created_timestamp&quot;:&quot;1649518516&quot;,&quot;copyright&quot;:&quot;&quot;,&quot;focal_length&quot;:&quot;3.93&quot;,&quot;iso&quot;:&quot;40&quot;,&quot;shutter_speed&quot;:&quot;0.0020040080160321&quot;,&quot;title&quot;:&quot;&quot;,&quot;orientation&quot;:&quot;1&quot;}\" data-image-title=\"20220409_153516\" data-image-description=\"\" data-medium-file=\"https:\/\/i0.wp.com\/www.freidenker.org\/fw17\/wp-content\/uploads\/2022\/04\/20220409_153516.jpg?fit=300%2C225&#038;ssl=1\" data-large-file=\"https:\/\/i0.wp.com\/www.freidenker.org\/fw17\/wp-content\/uploads\/2022\/04\/20220409_153516.jpg?fit=800%2C600&#038;ssl=1\" src=\"https:\/\/i0.wp.com\/www.freidenker.org\/fw17\/wp-content\/uploads\/2022\/04\/20220409_153516.jpg?w=506&#038;h=379&#038;ssl=1\" srcset=\"https:\/\/i0.wp.com\/www.freidenker.org\/fw17\/wp-content\/uploads\/2022\/04\/20220409_153516.jpg?w=800&amp;ssl=1 800w, https:\/\/i0.wp.com\/www.freidenker.org\/fw17\/wp-content\/uploads\/2022\/04\/20220409_153516.jpg?resize=300%2C225&amp;ssl=1 300w, https:\/\/i0.wp.com\/www.freidenker.org\/fw17\/wp-content\/uploads\/2022\/04\/20220409_153516.jpg?resize=768%2C576&amp;ssl=1 768w\" width=\"506\" height=\"379\" loading=\"lazy\" data-original-width=\"506\" data-original-height=\"379\" itemprop=\"http:\/\/schema.org\/image\" title=\"20220409_153516\" alt=\"Potsdamer Ostermarsch 2022: Der Demonstrationszug ist unterwegs.\" style=\"width: 506px; height: 379px;\" \/> <\/a> <div class=\"tiled-gallery-caption\" itemprop=\"caption description\"> Potsdamer Ostermarsch 2022: Der Demonstrationszug ist unterwegs. <\/div> <\/div> <\/div> <!-- close group --> <div class=\"gallery-group images-2\" style=\"width: 290px; height: 383px;\" data-original-width=\"290\" data-original-height=\"383\" > <div class=\"tiled-gallery-item tiled-gallery-item-large\" itemprop=\"associatedMedia\" itemscope itemtype=\"http:\/\/schema.org\/ImageObject\"> <a href=\"https:\/\/www.freidenker.org\/?attachment_id=12574\" border=\"0\" itemprop=\"url\"> <meta itemprop=\"width\" content=\"286\"> <meta itemprop=\"height\" content=\"214\"> <img decoding=\"async\" class=\"\" data-attachment-id=\"12574\" data-orig-file=\"https:\/\/www.freidenker.org\/fw17\/wp-content\/uploads\/2022\/04\/20220409_153523.jpg\" data-orig-size=\"800,600\" data-comments-opened=\"\" data-image-meta=\"{&quot;aperture&quot;:&quot;1.7&quot;,&quot;credit&quot;:&quot;&quot;,&quot;camera&quot;:&quot;SM-A750FN&quot;,&quot;caption&quot;:&quot;&quot;,&quot;created_timestamp&quot;:&quot;1649518523&quot;,&quot;copyright&quot;:&quot;&quot;,&quot;focal_length&quot;:&quot;3.93&quot;,&quot;iso&quot;:&quot;40&quot;,&quot;shutter_speed&quot;:&quot;0.0023364485981308&quot;,&quot;title&quot;:&quot;&quot;,&quot;orientation&quot;:&quot;1&quot;}\" data-image-title=\"20220409_153523\" data-image-description=\"\" data-medium-file=\"https:\/\/i0.wp.com\/www.freidenker.org\/fw17\/wp-content\/uploads\/2022\/04\/20220409_153523.jpg?fit=300%2C225&#038;ssl=1\" data-large-file=\"https:\/\/i0.wp.com\/www.freidenker.org\/fw17\/wp-content\/uploads\/2022\/04\/20220409_153523.jpg?fit=800%2C600&#038;ssl=1\" src=\"https:\/\/i0.wp.com\/www.freidenker.org\/fw17\/wp-content\/uploads\/2022\/04\/20220409_153523.jpg?w=286&#038;h=214&#038;ssl=1\" srcset=\"https:\/\/i0.wp.com\/www.freidenker.org\/fw17\/wp-content\/uploads\/2022\/04\/20220409_153523.jpg?w=800&amp;ssl=1 800w, https:\/\/i0.wp.com\/www.freidenker.org\/fw17\/wp-content\/uploads\/2022\/04\/20220409_153523.jpg?resize=300%2C225&amp;ssl=1 300w, https:\/\/i0.wp.com\/www.freidenker.org\/fw17\/wp-content\/uploads\/2022\/04\/20220409_153523.jpg?resize=768%2C576&amp;ssl=1 768w\" width=\"286\" height=\"214\" loading=\"lazy\" data-original-width=\"286\" data-original-height=\"214\" itemprop=\"http:\/\/schema.org\/image\" title=\"20220409_153523\" alt=\"Potsdamer Ostermarsch 2022: Der Demonstrationszug ist unterwegs. In der Bildmitte Liane Blank und Jens Oldenburg von den Freidenkern\" style=\"width: 286px; height: 214px;\" \/> <\/a> <div class=\"tiled-gallery-caption\" itemprop=\"caption description\"> Potsdamer Ostermarsch 2022: Der Demonstrationszug ist unterwegs. In der Bildmitte Liane Blank und Jens Oldenburg von den Freidenkern <\/div> <\/div> <div class=\"tiled-gallery-item tiled-gallery-item-large\" itemprop=\"associatedMedia\" itemscope itemtype=\"http:\/\/schema.org\/ImageObject\"> <a href=\"https:\/\/www.freidenker.org\/?attachment_id=12579\" border=\"0\" itemprop=\"url\"> <meta itemprop=\"width\" content=\"286\"> <meta itemprop=\"height\" content=\"161\"> <img decoding=\"async\" class=\"\" data-attachment-id=\"12579\" data-orig-file=\"https:\/\/www.freidenker.org\/fw17\/wp-content\/uploads\/2022\/04\/vlcsnap-2022-04-10-21h04m17s005.jpg\" data-orig-size=\"800,450\" data-comments-opened=\"\" data-image-meta=\"{&quot;aperture&quot;:&quot;0&quot;,&quot;credit&quot;:&quot;&quot;,&quot;camera&quot;:&quot;&quot;,&quot;caption&quot;:&quot;&quot;,&quot;created_timestamp&quot;:&quot;0&quot;,&quot;copyright&quot;:&quot;&quot;,&quot;focal_length&quot;:&quot;0&quot;,&quot;iso&quot;:&quot;0&quot;,&quot;shutter_speed&quot;:&quot;0&quot;,&quot;title&quot;:&quot;&quot;,&quot;orientation&quot;:&quot;1&quot;}\" data-image-title=\"vlcsnap-2022-04-10-21h04m17s005\" data-image-description=\"\" data-medium-file=\"https:\/\/i0.wp.com\/www.freidenker.org\/fw17\/wp-content\/uploads\/2022\/04\/vlcsnap-2022-04-10-21h04m17s005.jpg?fit=300%2C169&#038;ssl=1\" data-large-file=\"https:\/\/i0.wp.com\/www.freidenker.org\/fw17\/wp-content\/uploads\/2022\/04\/vlcsnap-2022-04-10-21h04m17s005.jpg?fit=800%2C450&#038;ssl=1\" src=\"https:\/\/i0.wp.com\/www.freidenker.org\/fw17\/wp-content\/uploads\/2022\/04\/vlcsnap-2022-04-10-21h04m17s005.jpg?w=286&#038;h=161&#038;ssl=1\" srcset=\"https:\/\/i0.wp.com\/www.freidenker.org\/fw17\/wp-content\/uploads\/2022\/04\/vlcsnap-2022-04-10-21h04m17s005.jpg?w=800&amp;ssl=1 800w, https:\/\/i0.wp.com\/www.freidenker.org\/fw17\/wp-content\/uploads\/2022\/04\/vlcsnap-2022-04-10-21h04m17s005.jpg?resize=300%2C169&amp;ssl=1 300w, https:\/\/i0.wp.com\/www.freidenker.org\/fw17\/wp-content\/uploads\/2022\/04\/vlcsnap-2022-04-10-21h04m17s005.jpg?resize=768%2C432&amp;ssl=1 768w\" width=\"286\" height=\"161\" loading=\"lazy\" data-original-width=\"286\" data-original-height=\"161\" itemprop=\"http:\/\/schema.org\/image\" title=\"vlcsnap-2022-04-10-21h04m17s005\" alt=\"Potsdamer Ostermarsch 2022: Zwischenstopp am Sowjetischen Ehrenmal\" style=\"width: 286px; height: 161px;\" \/> <\/a> <div class=\"tiled-gallery-caption\" itemprop=\"caption description\"> Potsdamer Ostermarsch 2022: Zwischenstopp am Sowjetischen Ehrenmal <\/div> <\/div> <\/div> <!-- close group --> <\/div> <!-- close row --> <div class=\"gallery-row\" style=\"width: 800px; height: 259px;\" data-original-width=\"800\" data-original-height=\"259\" > <div class=\"gallery-group images-1\" style=\"width: 457px; height: 259px;\" data-original-width=\"457\" data-original-height=\"259\" > <div class=\"tiled-gallery-item tiled-gallery-item-large\" itemprop=\"associatedMedia\" itemscope itemtype=\"http:\/\/schema.org\/ImageObject\"> <a href=\"https:\/\/www.freidenker.org\/?attachment_id=12580\" border=\"0\" itemprop=\"url\"> <meta itemprop=\"width\" content=\"453\"> <meta itemprop=\"height\" content=\"255\"> <img decoding=\"async\" class=\"\" data-attachment-id=\"12580\" data-orig-file=\"https:\/\/www.freidenker.org\/fw17\/wp-content\/uploads\/2022\/04\/vlcsnap-2022-04-10-21h05m08s233.jpg\" data-orig-size=\"800,450\" data-comments-opened=\"\" data-image-meta=\"{&quot;aperture&quot;:&quot;0&quot;,&quot;credit&quot;:&quot;&quot;,&quot;camera&quot;:&quot;&quot;,&quot;caption&quot;:&quot;&quot;,&quot;created_timestamp&quot;:&quot;0&quot;,&quot;copyright&quot;:&quot;&quot;,&quot;focal_length&quot;:&quot;0&quot;,&quot;iso&quot;:&quot;0&quot;,&quot;shutter_speed&quot;:&quot;0&quot;,&quot;title&quot;:&quot;&quot;,&quot;orientation&quot;:&quot;1&quot;}\" data-image-title=\"vlcsnap-2022-04-10-21h05m08s233\" data-image-description=\"\" data-medium-file=\"https:\/\/i0.wp.com\/www.freidenker.org\/fw17\/wp-content\/uploads\/2022\/04\/vlcsnap-2022-04-10-21h05m08s233.jpg?fit=300%2C169&#038;ssl=1\" data-large-file=\"https:\/\/i0.wp.com\/www.freidenker.org\/fw17\/wp-content\/uploads\/2022\/04\/vlcsnap-2022-04-10-21h05m08s233.jpg?fit=800%2C450&#038;ssl=1\" src=\"https:\/\/i0.wp.com\/www.freidenker.org\/fw17\/wp-content\/uploads\/2022\/04\/vlcsnap-2022-04-10-21h05m08s233.jpg?w=453&#038;h=255&#038;ssl=1\" srcset=\"https:\/\/i0.wp.com\/www.freidenker.org\/fw17\/wp-content\/uploads\/2022\/04\/vlcsnap-2022-04-10-21h05m08s233.jpg?w=800&amp;ssl=1 800w, https:\/\/i0.wp.com\/www.freidenker.org\/fw17\/wp-content\/uploads\/2022\/04\/vlcsnap-2022-04-10-21h05m08s233.jpg?resize=300%2C169&amp;ssl=1 300w, https:\/\/i0.wp.com\/www.freidenker.org\/fw17\/wp-content\/uploads\/2022\/04\/vlcsnap-2022-04-10-21h05m08s233.jpg?resize=768%2C432&amp;ssl=1 768w\" width=\"453\" height=\"255\" loading=\"lazy\" data-original-width=\"453\" data-original-height=\"255\" itemprop=\"http:\/\/schema.org\/image\" title=\"vlcsnap-2022-04-10-21h05m08s233\" alt=\"Potsdamer Ostermarsch 2022: Zwischenstopp am Sowjetischen Ehrenmal\" style=\"width: 453px; height: 255px;\" \/> <\/a> <div class=\"tiled-gallery-caption\" itemprop=\"caption description\"> Potsdamer Ostermarsch 2022: Zwischenstopp am Sowjetischen Ehrenmal <\/div> <\/div> <\/div> <!-- close group --> <div class=\"gallery-group images-1\" style=\"width: 343px; height: 259px;\" data-original-width=\"343\" data-original-height=\"259\" > <div class=\"tiled-gallery-item tiled-gallery-item-large\" itemprop=\"associatedMedia\" itemscope itemtype=\"http:\/\/schema.org\/ImageObject\"> <a href=\"https:\/\/www.freidenker.org\/?attachment_id=12575\" border=\"0\" itemprop=\"url\"> <meta itemprop=\"width\" content=\"339\"> <meta itemprop=\"height\" content=\"255\"> <img decoding=\"async\" class=\"\" data-attachment-id=\"12575\" data-orig-file=\"https:\/\/www.freidenker.org\/fw17\/wp-content\/uploads\/2022\/04\/20220409_154313.jpg\" data-orig-size=\"800,600\" data-comments-opened=\"\" data-image-meta=\"{&quot;aperture&quot;:&quot;1.7&quot;,&quot;credit&quot;:&quot;&quot;,&quot;camera&quot;:&quot;SM-A750FN&quot;,&quot;caption&quot;:&quot;&quot;,&quot;created_timestamp&quot;:&quot;1649518993&quot;,&quot;copyright&quot;:&quot;&quot;,&quot;focal_length&quot;:&quot;3.93&quot;,&quot;iso&quot;:&quot;40&quot;,&quot;shutter_speed&quot;:&quot;0.0019569471624266&quot;,&quot;title&quot;:&quot;&quot;,&quot;orientation&quot;:&quot;1&quot;}\" data-image-title=\"20220409_154313\" data-image-description=\"\" data-medium-file=\"https:\/\/i0.wp.com\/www.freidenker.org\/fw17\/wp-content\/uploads\/2022\/04\/20220409_154313.jpg?fit=300%2C225&#038;ssl=1\" data-large-file=\"https:\/\/i0.wp.com\/www.freidenker.org\/fw17\/wp-content\/uploads\/2022\/04\/20220409_154313.jpg?fit=800%2C600&#038;ssl=1\" src=\"https:\/\/i0.wp.com\/www.freidenker.org\/fw17\/wp-content\/uploads\/2022\/04\/20220409_154313.jpg?w=339&#038;h=255&#038;ssl=1\" srcset=\"https:\/\/i0.wp.com\/www.freidenker.org\/fw17\/wp-content\/uploads\/2022\/04\/20220409_154313.jpg?w=800&amp;ssl=1 800w, https:\/\/i0.wp.com\/www.freidenker.org\/fw17\/wp-content\/uploads\/2022\/04\/20220409_154313.jpg?resize=300%2C225&amp;ssl=1 300w, https:\/\/i0.wp.com\/www.freidenker.org\/fw17\/wp-content\/uploads\/2022\/04\/20220409_154313.jpg?resize=768%2C576&amp;ssl=1 768w\" width=\"339\" height=\"255\" loading=\"lazy\" data-original-width=\"339\" data-original-height=\"255\" itemprop=\"http:\/\/schema.org\/image\" title=\"20220409_154313\" alt=\"Potsdamer Ostermarsch 2022: Am Mikrofon: Bernd Muck von der Brandenburgischen Freundschaftsgesellschaft e.V.\" style=\"width: 339px; height: 255px;\" \/> <\/a> <div class=\"tiled-gallery-caption\" itemprop=\"caption description\"> Potsdamer Ostermarsch 2022: Am Mikrofon: Bernd Muck von der Brandenburgischen Freundschaftsgesellschaft e.V. <\/div> <\/div> <\/div> <!-- close group --> <\/div> <!-- close row --> <div class=\"gallery-row\" style=\"width: 800px; height: 134px;\" data-original-width=\"800\" data-original-height=\"134\" > <div class=\"gallery-group images-1\" style=\"width: 187px; height: 134px;\" data-original-width=\"187\" data-original-height=\"134\" > <div class=\"tiled-gallery-item tiled-gallery-item-small\" itemprop=\"associatedMedia\" itemscope itemtype=\"http:\/\/schema.org\/ImageObject\"> <a href=\"https:\/\/www.freidenker.org\/?attachment_id=12576\" border=\"0\" itemprop=\"url\"> <meta itemprop=\"width\" content=\"183\"> <meta itemprop=\"height\" content=\"130\"> <img decoding=\"async\" class=\"\" data-attachment-id=\"12576\" data-orig-file=\"https:\/\/www.freidenker.org\/fw17\/wp-content\/uploads\/2022\/04\/20220409_163639.jpg\" data-orig-size=\"800,568\" data-comments-opened=\"\" data-image-meta=\"{&quot;aperture&quot;:&quot;1.7&quot;,&quot;credit&quot;:&quot;&quot;,&quot;camera&quot;:&quot;SM-A750FN&quot;,&quot;caption&quot;:&quot;&quot;,&quot;created_timestamp&quot;:&quot;1649522199&quot;,&quot;copyright&quot;:&quot;&quot;,&quot;focal_length&quot;:&quot;3.93&quot;,&quot;iso&quot;:&quot;40&quot;,&quot;shutter_speed&quot;:&quot;0.0025773195876289&quot;,&quot;title&quot;:&quot;&quot;,&quot;orientation&quot;:&quot;1&quot;}\" data-image-title=\"20220409_163639\" data-image-description=\"\" data-medium-file=\"https:\/\/i0.wp.com\/www.freidenker.org\/fw17\/wp-content\/uploads\/2022\/04\/20220409_163639.jpg?fit=300%2C213&#038;ssl=1\" data-large-file=\"https:\/\/i0.wp.com\/www.freidenker.org\/fw17\/wp-content\/uploads\/2022\/04\/20220409_163639.jpg?fit=800%2C568&#038;ssl=1\" src=\"https:\/\/i0.wp.com\/www.freidenker.org\/fw17\/wp-content\/uploads\/2022\/04\/20220409_163639.jpg?w=183&#038;h=130&#038;ssl=1\" srcset=\"https:\/\/i0.wp.com\/www.freidenker.org\/fw17\/wp-content\/uploads\/2022\/04\/20220409_163639.jpg?w=800&amp;ssl=1 800w, https:\/\/i0.wp.com\/www.freidenker.org\/fw17\/wp-content\/uploads\/2022\/04\/20220409_163639.jpg?resize=300%2C213&amp;ssl=1 300w, https:\/\/i0.wp.com\/www.freidenker.org\/fw17\/wp-content\/uploads\/2022\/04\/20220409_163639.jpg?resize=768%2C545&amp;ssl=1 768w\" width=\"183\" height=\"130\" loading=\"lazy\" data-original-width=\"183\" data-original-height=\"130\" itemprop=\"http:\/\/schema.org\/image\" title=\"20220409_163639\" alt=\"Potsdamer Ostermarsch 2022: M\u00e4nne Gr\u00fc\u00df bei seiner Rede\" style=\"width: 183px; height: 130px;\" \/> <\/a> <div class=\"tiled-gallery-caption\" itemprop=\"caption description\"> Potsdamer Ostermarsch 2022: M\u00e4nne Gr\u00fc\u00df bei seiner Rede <\/div> <\/div> <\/div> <!-- close group --> <div class=\"gallery-group images-1\" style=\"width: 200px; height: 134px;\" data-original-width=\"200\" data-original-height=\"134\" > <div class=\"tiled-gallery-item tiled-gallery-item-small\" itemprop=\"associatedMedia\" itemscope itemtype=\"http:\/\/schema.org\/ImageObject\"> <a href=\"https:\/\/www.freidenker.org\/?attachment_id=12577\" border=\"0\" itemprop=\"url\"> <meta itemprop=\"width\" content=\"196\"> <meta itemprop=\"height\" content=\"130\"> <img decoding=\"async\" class=\"\" data-attachment-id=\"12577\" data-orig-file=\"https:\/\/www.freidenker.org\/fw17\/wp-content\/uploads\/2022\/04\/20220409_163710.jpg\" data-orig-size=\"800,532\" data-comments-opened=\"\" data-image-meta=\"{&quot;aperture&quot;:&quot;1.7&quot;,&quot;credit&quot;:&quot;&quot;,&quot;camera&quot;:&quot;SM-A750FN&quot;,&quot;caption&quot;:&quot;&quot;,&quot;created_timestamp&quot;:&quot;1649522230&quot;,&quot;copyright&quot;:&quot;&quot;,&quot;focal_length&quot;:&quot;3.93&quot;,&quot;iso&quot;:&quot;40&quot;,&quot;shutter_speed&quot;:&quot;0.0035714285714286&quot;,&quot;title&quot;:&quot;&quot;,&quot;orientation&quot;:&quot;1&quot;}\" data-image-title=\"20220409_163710\" data-image-description=\"\" data-medium-file=\"https:\/\/i0.wp.com\/www.freidenker.org\/fw17\/wp-content\/uploads\/2022\/04\/20220409_163710.jpg?fit=300%2C200&#038;ssl=1\" data-large-file=\"https:\/\/i0.wp.com\/www.freidenker.org\/fw17\/wp-content\/uploads\/2022\/04\/20220409_163710.jpg?fit=800%2C532&#038;ssl=1\" src=\"https:\/\/i0.wp.com\/www.freidenker.org\/fw17\/wp-content\/uploads\/2022\/04\/20220409_163710.jpg?w=196&#038;h=130&#038;ssl=1\" srcset=\"https:\/\/i0.wp.com\/www.freidenker.org\/fw17\/wp-content\/uploads\/2022\/04\/20220409_163710.jpg?w=800&amp;ssl=1 800w, https:\/\/i0.wp.com\/www.freidenker.org\/fw17\/wp-content\/uploads\/2022\/04\/20220409_163710.jpg?resize=300%2C200&amp;ssl=1 300w, https:\/\/i0.wp.com\/www.freidenker.org\/fw17\/wp-content\/uploads\/2022\/04\/20220409_163710.jpg?resize=768%2C511&amp;ssl=1 768w\" width=\"196\" height=\"130\" loading=\"lazy\" data-original-width=\"196\" data-original-height=\"130\" itemprop=\"http:\/\/schema.org\/image\" title=\"20220409_163710\" alt=\"Ostermarsch 2022: M\u00e4nne Gr\u00fc\u00df bei seiner Rede\" style=\"width: 196px; height: 130px;\" \/> <\/a> <div class=\"tiled-gallery-caption\" itemprop=\"caption description\"> Ostermarsch 2022: M\u00e4nne Gr\u00fc\u00df bei seiner Rede <\/div> <\/div> <\/div> <!-- close group --> <div class=\"gallery-group images-1\" style=\"width: 235px; height: 134px;\" data-original-width=\"235\" data-original-height=\"134\" > <div class=\"tiled-gallery-item tiled-gallery-item-small\" itemprop=\"associatedMedia\" itemscope itemtype=\"http:\/\/schema.org\/ImageObject\"> <a href=\"https:\/\/www.freidenker.org\/?attachment_id=12581\" border=\"0\" itemprop=\"url\"> <meta itemprop=\"width\" content=\"231\"> <meta itemprop=\"height\" content=\"130\"> <img decoding=\"async\" class=\"\" data-attachment-id=\"12581\" data-orig-file=\"https:\/\/www.freidenker.org\/fw17\/wp-content\/uploads\/2022\/04\/vlcsnap-2022-04-10-21h09m08s279.jpg\" data-orig-size=\"800,450\" data-comments-opened=\"\" data-image-meta=\"{&quot;aperture&quot;:&quot;0&quot;,&quot;credit&quot;:&quot;&quot;,&quot;camera&quot;:&quot;&quot;,&quot;caption&quot;:&quot;&quot;,&quot;created_timestamp&quot;:&quot;0&quot;,&quot;copyright&quot;:&quot;&quot;,&quot;focal_length&quot;:&quot;0&quot;,&quot;iso&quot;:&quot;0&quot;,&quot;shutter_speed&quot;:&quot;0&quot;,&quot;title&quot;:&quot;&quot;,&quot;orientation&quot;:&quot;1&quot;}\" data-image-title=\"vlcsnap-2022-04-10-21h09m08s279\" data-image-description=\"\" data-medium-file=\"https:\/\/i0.wp.com\/www.freidenker.org\/fw17\/wp-content\/uploads\/2022\/04\/vlcsnap-2022-04-10-21h09m08s279.jpg?fit=300%2C169&#038;ssl=1\" data-large-file=\"https:\/\/i0.wp.com\/www.freidenker.org\/fw17\/wp-content\/uploads\/2022\/04\/vlcsnap-2022-04-10-21h09m08s279.jpg?fit=800%2C450&#038;ssl=1\" src=\"https:\/\/i0.wp.com\/www.freidenker.org\/fw17\/wp-content\/uploads\/2022\/04\/vlcsnap-2022-04-10-21h09m08s279.jpg?w=231&#038;h=130&#038;ssl=1\" srcset=\"https:\/\/i0.wp.com\/www.freidenker.org\/fw17\/wp-content\/uploads\/2022\/04\/vlcsnap-2022-04-10-21h09m08s279.jpg?w=800&amp;ssl=1 800w, https:\/\/i0.wp.com\/www.freidenker.org\/fw17\/wp-content\/uploads\/2022\/04\/vlcsnap-2022-04-10-21h09m08s279.jpg?resize=300%2C169&amp;ssl=1 300w, https:\/\/i0.wp.com\/www.freidenker.org\/fw17\/wp-content\/uploads\/2022\/04\/vlcsnap-2022-04-10-21h09m08s279.jpg?resize=768%2C432&amp;ssl=1 768w\" width=\"231\" height=\"130\" loading=\"lazy\" data-original-width=\"231\" data-original-height=\"130\" itemprop=\"http:\/\/schema.org\/image\" title=\"vlcsnap-2022-04-10-21h09m08s279\" alt=\"Ostermarsch 2022: Die Singegruppe Fountain of Life International Ministry e.V. aus Potsdam\" style=\"width: 231px; height: 130px;\" \/> <\/a> <div class=\"tiled-gallery-caption\" itemprop=\"caption description\"> Ostermarsch 2022: Die Singegruppe Fountain of Life International Ministry e.V. aus Potsdam <\/div> <\/div> <\/div> <!-- close group --> <div class=\"gallery-group images-1\" style=\"width: 178px; height: 134px;\" data-original-width=\"178\" data-original-height=\"134\" > <div class=\"tiled-gallery-item tiled-gallery-item-small\" itemprop=\"associatedMedia\" itemscope itemtype=\"http:\/\/schema.org\/ImageObject\"> <a href=\"https:\/\/www.freidenker.org\/?attachment_id=12578\" border=\"0\" itemprop=\"url\"> <meta itemprop=\"width\" content=\"174\"> <meta itemprop=\"height\" content=\"130\"> <img decoding=\"async\" class=\"\" data-attachment-id=\"12578\" data-orig-file=\"https:\/\/www.freidenker.org\/fw17\/wp-content\/uploads\/2022\/04\/20220409_165155.jpg\" data-orig-size=\"800,600\" data-comments-opened=\"\" data-image-meta=\"{&quot;aperture&quot;:&quot;1.7&quot;,&quot;credit&quot;:&quot;&quot;,&quot;camera&quot;:&quot;SM-A750FN&quot;,&quot;caption&quot;:&quot;&quot;,&quot;created_timestamp&quot;:&quot;1649523115&quot;,&quot;copyright&quot;:&quot;&quot;,&quot;focal_length&quot;:&quot;3.93&quot;,&quot;iso&quot;:&quot;40&quot;,&quot;shutter_speed&quot;:&quot;0.0070921985815603&quot;,&quot;title&quot;:&quot;&quot;,&quot;orientation&quot;:&quot;1&quot;}\" data-image-title=\"20220409_165155\" data-image-description=\"\" data-medium-file=\"https:\/\/i0.wp.com\/www.freidenker.org\/fw17\/wp-content\/uploads\/2022\/04\/20220409_165155.jpg?fit=300%2C225&#038;ssl=1\" data-large-file=\"https:\/\/i0.wp.com\/www.freidenker.org\/fw17\/wp-content\/uploads\/2022\/04\/20220409_165155.jpg?fit=800%2C600&#038;ssl=1\" src=\"https:\/\/i0.wp.com\/www.freidenker.org\/fw17\/wp-content\/uploads\/2022\/04\/20220409_165155.jpg?w=174&#038;h=130&#038;ssl=1\" srcset=\"https:\/\/i0.wp.com\/www.freidenker.org\/fw17\/wp-content\/uploads\/2022\/04\/20220409_165155.jpg?w=800&amp;ssl=1 800w, https:\/\/i0.wp.com\/www.freidenker.org\/fw17\/wp-content\/uploads\/2022\/04\/20220409_165155.jpg?resize=300%2C225&amp;ssl=1 300w, https:\/\/i0.wp.com\/www.freidenker.org\/fw17\/wp-content\/uploads\/2022\/04\/20220409_165155.jpg?resize=768%2C576&amp;ssl=1 768w\" width=\"174\" height=\"130\" loading=\"lazy\" data-original-width=\"174\" data-original-height=\"130\" itemprop=\"http:\/\/schema.org\/image\" title=\"20220409_165155\" alt=\"Ostermarsch 2022: Am Mikrofon: Frank Ehrhardt (DKP und Freidenker)\" style=\"width: 174px; height: 130px;\" \/> <\/a> <div class=\"tiled-gallery-caption\" itemprop=\"caption description\"> Ostermarsch 2022: Am Mikrofon: Frank Ehrhardt (DKP und Freidenker) <\/div> <\/div> <\/div> <!-- close group --> <\/div> <!-- close row --> <\/div>\n<p><span style=\"font-size: 10pt;\">Alle Fotos: Ralf Lux<\/span><\/p>\n<hr \/>\n<p>Download:<\/p>\n<p><img data-recalc-dims=\"1\" loading=\"lazy\" decoding=\"async\" data-attachment-id=\"1076\" data-permalink=\"https:\/\/www.freidenker.org\/?attachment_id=1076\" data-orig-file=\"https:\/\/i0.wp.com\/www.freidenker.org\/fw17\/wp-content\/uploads\/2017\/10\/pdf_icon-2.png?fit=32%2C32&amp;ssl=1\" data-orig-size=\"32,32\" data-comments-opened=\"0\" data-image-meta=\"{&quot;aperture&quot;:&quot;0&quot;,&quot;credit&quot;:&quot;&quot;,&quot;camera&quot;:&quot;&quot;,&quot;caption&quot;:&quot;&quot;,&quot;created_timestamp&quot;:&quot;0&quot;,&quot;copyright&quot;:&quot;&quot;,&quot;focal_length&quot;:&quot;0&quot;,&quot;iso&quot;:&quot;0&quot;,&quot;shutter_speed&quot;:&quot;0&quot;,&quot;title&quot;:&quot;&quot;,&quot;orientation&quot;:&quot;0&quot;}\" data-image-title=\"pdf_icon\" data-image-description=\"\" data-image-caption=\"\" data-large-file=\"https:\/\/i0.wp.com\/www.freidenker.org\/fw17\/wp-content\/uploads\/2017\/10\/pdf_icon-2.png?fit=32%2C32&amp;ssl=1\" class=\"alignnone size-full wp-image-1076\" src=\"https:\/\/i0.wp.com\/www.freidenker.org\/fw17\/wp-content\/uploads\/2017\/10\/pdf_icon-2.png?resize=32%2C32&#038;ssl=1\" alt=\"\" width=\"32\" height=\"32\" \/> Der <a href=\"https:\/\/www.freidenker.org\/fw17\/wp-content\/uploads\/2022\/04\/Aufruf-Flyer-zum-21.-Potsdamer-Ostermarsch-am-09.04.2022.pdf\" target=\"_blank\" rel=\"noopener\">Aufruf zum Potsdamer Ostermarsch<\/a> (PDF-Dokument, ca. 211 KB)<\/p>\n<hr \/>\n<p><span style=\"font-size: 10pt;\">Foto oben: Ralf Lux<\/span><\/p>\n","protected":false},"excerpt":{"rendered":"<p><b>Bilder-Galerie<\/b> und <b>Rede von M\u00e4nne Gr\u00fc\u00df<\/b> auf dem Potsdamer Ostermarsch 2022<br \/>\n[Aus der Rede:] Liebe Friedensfreundinnen, liebe Friedensfreunde, ich m\u00f6chte meine Rede mit einem Ausspruch beginnen, den viele von Euch wahrscheinlich im Schlaf aufsagen k\u00f6nnen: Im Krieg gilt: Die Wahrheit stirbt zuerst.<br \/>\nSo eing\u00e4ngig der Ausspruch aber auch ist: Er tr\u00e4gt in sich ein Problem. Denn: Was ist die Wahrheit? Und vor allem: Wer sagt die Wahrheit?<br \/>\nNehmen wir ein aktuelles Beispiel dieser Tage: Butscha. Die ukrainische Seite erkl\u00e4rt: Russland habe in dem Vorort von Kiew ein Massaker angerichtet unter Zivilisten. Die russische Seite hingegen verwahrt sich vehement, ein Kriegsverbrechen in Butscha begangen zu haben. Was ist die Wahrheit? Wer sagt die Wahrheit?<\/p>\n","protected":false},"author":3,"featured_media":12585,"comment_status":"closed","ping_status":"closed","sticky":false,"template":"","format":"standard","meta":{"colormag_page_container_layout":"default_layout","colormag_page_sidebar_layout":"default_layout","advanced_seo_description":"","jetpack_seo_html_title":"","jetpack_seo_noindex":false,"jetpack_post_was_ever_published":false,"footnotes":""},"categories":[13,19],"tags":[1032,335,43,56,222,639,185,717],"class_list":["post-12562","post","type-post","status-publish","format-standard","has-post-thumbnail","hentry","category-frieden-antifaschismus-solidaritaet","category-veranstaltungen-in-den-dfv-landesverbaenden","tag-bundesregierung","tag-frieden","tag-friedensbewegung","tag-nato","tag-russland","tag-ukraine-konflikt","tag-usa","tag-wahrheit"],"jetpack_featured_media_url":"https:\/\/i0.wp.com\/www.freidenker.org\/fw17\/wp-content\/uploads\/2022\/04\/Potsdamer-Ostermarsch_2022_800x450.jpg?fit=800%2C450&ssl=1","jetpack_shortlink":"https:\/\/wp.me\/p9stpK-3gC","jetpack-related-posts":[{"id":9887,"url":"https:\/\/www.freidenker.org\/?p=9887","url_meta":{"origin":12562,"position":0},"title":"Galerie: Freidenker bei den Osterm\u00e4rschen 2021","author":"Webredaktion","date":"18. April 2021","format":false,"excerpt":"In rund 100 St\u00e4dten fanden \u00fcber Ostern Aktionen f\u00fcr Frieden und Abr\u00fcstung statt. Trotz der durch die Corona-Ma\u00dfnahmen schwierigen Umst\u00e4nde beteiligten sich zahlreiche Menschen an den Veranstaltungen, die teils als Demonstrationen, teils als Kundgebungen und teils virtuell stattfanden. ... Im Mittelpunkt der Aktionen standen die Forderung nach der Senkung der\u2026","rel":"","context":"In &quot;Frieden - Antifaschismus - Solidarit\u00e4t&quot;","block_context":{"text":"Frieden - Antifaschismus - Solidarit\u00e4t","link":"https:\/\/www.freidenker.org\/?cat=13"},"img":{"alt_text":"","src":"https:\/\/i0.wp.com\/www.freidenker.org\/fw17\/wp-content\/uploads\/2021\/04\/ostermarsch2021_800x450.jpg?fit=800%2C450&ssl=1&resize=350%2C200","width":350,"height":200,"srcset":"https:\/\/i0.wp.com\/www.freidenker.org\/fw17\/wp-content\/uploads\/2021\/04\/ostermarsch2021_800x450.jpg?fit=800%2C450&ssl=1&resize=350%2C200 1x, https:\/\/i0.wp.com\/www.freidenker.org\/fw17\/wp-content\/uploads\/2021\/04\/ostermarsch2021_800x450.jpg?fit=800%2C450&ssl=1&resize=525%2C300 1.5x, https:\/\/i0.wp.com\/www.freidenker.org\/fw17\/wp-content\/uploads\/2021\/04\/ostermarsch2021_800x450.jpg?fit=800%2C450&ssl=1&resize=700%2C400 2x"},"classes":[]},{"id":13789,"url":"https:\/\/www.freidenker.org\/?p=13789","url_meta":{"origin":12562,"position":1},"title":"Alina Lipp: &#8222;Ihr t\u00f6tet mit euren Waffenlieferungen Kinder im Donbass!&#8220;","author":"Webredaktion","date":"22. Juli 2022","format":false,"excerpt":"Ein Aufruf internationaler Journalist*innen Die junge Hamburger Journalistin Alina Lipp berichtet in ihren Bloggs vom Leben und Sterben unter dem Beschuss aus Donezk. In den letzten Tagen vor Aufnahme dieses Videos starben mindestens f\u00fcnf Kinder unter dem Beschuss ziviler Ziele durch die ukrainische Armee. \u00a0\"Jeden Tag schie\u00dft die ukrainische Armee\u2026","rel":"","context":"In &quot;Frieden - Antifaschismus - Solidarit\u00e4t&quot;","block_context":{"text":"Frieden - Antifaschismus - Solidarit\u00e4t","link":"https:\/\/www.freidenker.org\/?cat=13"},"img":{"alt_text":"","src":"https:\/\/i0.wp.com\/www.freidenker.org\/fw17\/wp-content\/uploads\/2022\/07\/alina_lipp_denkmal_v2_800x450.jpg?fit=800%2C450&ssl=1&resize=350%2C200","width":350,"height":200,"srcset":"https:\/\/i0.wp.com\/www.freidenker.org\/fw17\/wp-content\/uploads\/2022\/07\/alina_lipp_denkmal_v2_800x450.jpg?fit=800%2C450&ssl=1&resize=350%2C200 1x, https:\/\/i0.wp.com\/www.freidenker.org\/fw17\/wp-content\/uploads\/2022\/07\/alina_lipp_denkmal_v2_800x450.jpg?fit=800%2C450&ssl=1&resize=525%2C300 1.5x, https:\/\/i0.wp.com\/www.freidenker.org\/fw17\/wp-content\/uploads\/2022\/07\/alina_lipp_denkmal_v2_800x450.jpg?fit=800%2C450&ssl=1&resize=700%2C400 2x"},"classes":[]},{"id":23315,"url":"https:\/\/www.freidenker.org\/?p=23315","url_meta":{"origin":12562,"position":2},"title":"Friedenstaub \u2013 IV. Nationales Denkfest der Aktiven","author":"Webredaktion","date":"28. Oktober 2025","format":false,"excerpt":"Einladung zu Friedenstaub - IV. Nationales Denkfest der Aktiven vom 28. - 30. November 2025 im Ferienpark Retgendorf Liebe Friedensfreundinnen und Freunde, mit unseren Denkfesten der Aktiven haben wir uns vorgenommen uns zu best\u00e4rken, zu motivieren, zusammzuf\u00fchren und Mut zu geben. An den Gr\u00fcnden unseres Treffens, n\u00e4mlich Waffenhandel, Geschichtsf\u00e4lschung, Krieg,\u2026","rel":"","context":"In &quot;Frieden - Antifaschismus - Solidarit\u00e4t&quot;","block_context":{"text":"Frieden - Antifaschismus - Solidarit\u00e4t","link":"https:\/\/www.freidenker.org\/?cat=13"},"img":{"alt_text":"","src":"https:\/\/i0.wp.com\/www.freidenker.org\/fw17\/wp-content\/uploads\/2025\/10\/Denkfest_4_800x450.jpg?fit=800%2C450&ssl=1&resize=350%2C200","width":350,"height":200,"srcset":"https:\/\/i0.wp.com\/www.freidenker.org\/fw17\/wp-content\/uploads\/2025\/10\/Denkfest_4_800x450.jpg?fit=800%2C450&ssl=1&resize=350%2C200 1x, https:\/\/i0.wp.com\/www.freidenker.org\/fw17\/wp-content\/uploads\/2025\/10\/Denkfest_4_800x450.jpg?fit=800%2C450&ssl=1&resize=525%2C300 1.5x, https:\/\/i0.wp.com\/www.freidenker.org\/fw17\/wp-content\/uploads\/2025\/10\/Denkfest_4_800x450.jpg?fit=800%2C450&ssl=1&resize=700%2C400 2x"},"classes":[]},{"id":18333,"url":"https:\/\/www.freidenker.org\/?p=18333","url_meta":{"origin":12562,"position":3},"title":"Friedenstaub &#8211; I. Nationales Denkfest der Aktiven","author":"Webredaktion","date":"25. Februar 2024","format":false,"excerpt":"Friedensgesellschaft Musik statt Krieg e.V. (Tino Eisbrenner) und Schweriner Friedensb\u00fcndnis (Henry & Andrea Marek) laden ein zu Friedenstaub - I. Nationales Denkfest der Aktiven vom 22.-24. M\u00e4rz 2024 in den Ferienpark Retgendorf (bei Schwerin). Wir leben in bewegten Zeiten und setzen uns ein. Gegen Waffenhandel, Geschichtsf\u00e4lschung, politische Verdummung, Ausgrenzung\u2026 f\u00fcr\u2026","rel":"","context":"In &quot;Frieden - Antifaschismus - Solidarit\u00e4t&quot;","block_context":{"text":"Frieden - Antifaschismus - Solidarit\u00e4t","link":"https:\/\/www.freidenker.org\/?cat=13"},"img":{"alt_text":"","src":"https:\/\/i0.wp.com\/www.freidenker.org\/fw17\/wp-content\/uploads\/2024\/02\/Friedenstaub_Denkfest_800x450.jpg?fit=800%2C450&ssl=1&resize=350%2C200","width":350,"height":200,"srcset":"https:\/\/i0.wp.com\/www.freidenker.org\/fw17\/wp-content\/uploads\/2024\/02\/Friedenstaub_Denkfest_800x450.jpg?fit=800%2C450&ssl=1&resize=350%2C200 1x, https:\/\/i0.wp.com\/www.freidenker.org\/fw17\/wp-content\/uploads\/2024\/02\/Friedenstaub_Denkfest_800x450.jpg?fit=800%2C450&ssl=1&resize=525%2C300 1.5x, https:\/\/i0.wp.com\/www.freidenker.org\/fw17\/wp-content\/uploads\/2024\/02\/Friedenstaub_Denkfest_800x450.jpg?fit=800%2C450&ssl=1&resize=700%2C400 2x"},"classes":[]},{"id":21545,"url":"https:\/\/www.freidenker.org\/?p=21545","url_meta":{"origin":12562,"position":4},"title":"B\u00fcrgerliche Dissidenz","author":"Webredaktion","date":"24. April 2025","format":false,"excerpt":"Ein Meinungsbeitrag von Sabiene Jahn Tausende Menschen aus allen Teilen Deutschlands sind seit Karfreitag in der Republik f\u00fcr den Frieden auf der Stra\u00dfe. Trotz Nieselregen, trotz medialer Ignoranz, trotz politischer Brandmauern versammelten sich auch auf dem Postplatz in Dresden oder Mariannenplatz in Berlin eindrucksvoll K\u00fcnstler, Aktivisten der Friedensbewegung, Geistliche, Wissenschaftler,\u2026","rel":"","context":"In &quot;Frieden - Antifaschismus - Solidarit\u00e4t&quot;","block_context":{"text":"Frieden - Antifaschismus - Solidarit\u00e4t","link":"https:\/\/www.freidenker.org\/?cat=13"},"img":{"alt_text":"","src":"https:\/\/i0.wp.com\/www.freidenker.org\/fw17\/wp-content\/uploads\/2025\/04\/dresden_demo_screenshot_2.jpg?fit=800%2C447&ssl=1&resize=350%2C200","width":350,"height":200,"srcset":"https:\/\/i0.wp.com\/www.freidenker.org\/fw17\/wp-content\/uploads\/2025\/04\/dresden_demo_screenshot_2.jpg?fit=800%2C447&ssl=1&resize=350%2C200 1x, https:\/\/i0.wp.com\/www.freidenker.org\/fw17\/wp-content\/uploads\/2025\/04\/dresden_demo_screenshot_2.jpg?fit=800%2C447&ssl=1&resize=525%2C300 1.5x, https:\/\/i0.wp.com\/www.freidenker.org\/fw17\/wp-content\/uploads\/2025\/04\/dresden_demo_screenshot_2.jpg?fit=800%2C447&ssl=1&resize=700%2C400 2x"},"classes":[]},{"id":21861,"url":"https:\/\/www.freidenker.org\/?p=21861","url_meta":{"origin":12562,"position":5},"title":"Ulrike Gu\u00e9rot: Rede auf der Friedensdemo in Dresden am 18. April 2025","author":"Webredaktion","date":"15. Mai 2025","format":false,"excerpt":"Rede von Prof. Dr. Ulrike Gu\u00e9rot Dies ist meine dritte Rede auf einer Friedensdemonstration innerhalb von nur gut einem halben Jahr: M\u00fcnchen im September, M\u00fcnchen im Februar, Dresden im April. Und der Krieg r\u00fcckt immer n\u00e4her! Wer sich den \u201eOperationsplan Deutschland \u00fcber die zivil-milit\u00e4rische Kooperation als wesentlicher Bestandteil der Kriegsf\u00fchrung\u201c\u2026","rel":"","context":"In &quot;Frieden - Antifaschismus - Solidarit\u00e4t&quot;","block_context":{"text":"Frieden - Antifaschismus - Solidarit\u00e4t","link":"https:\/\/www.freidenker.org\/?cat=13"},"img":{"alt_text":"","src":"https:\/\/i0.wp.com\/www.freidenker.org\/fw17\/wp-content\/uploads\/2025\/05\/ulrikeguerot_dresden2025_800x450.jpg?fit=800%2C450&ssl=1&resize=350%2C200","width":350,"height":200,"srcset":"https:\/\/i0.wp.com\/www.freidenker.org\/fw17\/wp-content\/uploads\/2025\/05\/ulrikeguerot_dresden2025_800x450.jpg?fit=800%2C450&ssl=1&resize=350%2C200 1x, https:\/\/i0.wp.com\/www.freidenker.org\/fw17\/wp-content\/uploads\/2025\/05\/ulrikeguerot_dresden2025_800x450.jpg?fit=800%2C450&ssl=1&resize=525%2C300 1.5x, https:\/\/i0.wp.com\/www.freidenker.org\/fw17\/wp-content\/uploads\/2025\/05\/ulrikeguerot_dresden2025_800x450.jpg?fit=800%2C450&ssl=1&resize=700%2C400 2x"},"classes":[]}],"_links":{"self":[{"href":"https:\/\/www.freidenker.org\/index.php?rest_route=\/wp\/v2\/posts\/12562","targetHints":{"allow":["GET"]}}],"collection":[{"href":"https:\/\/www.freidenker.org\/index.php?rest_route=\/wp\/v2\/posts"}],"about":[{"href":"https:\/\/www.freidenker.org\/index.php?rest_route=\/wp\/v2\/types\/post"}],"author":[{"embeddable":true,"href":"https:\/\/www.freidenker.org\/index.php?rest_route=\/wp\/v2\/users\/3"}],"replies":[{"embeddable":true,"href":"https:\/\/www.freidenker.org\/index.php?rest_route=%2Fwp%2Fv2%2Fcomments&post=12562"}],"version-history":[{"count":0,"href":"https:\/\/www.freidenker.org\/index.php?rest_route=\/wp\/v2\/posts\/12562\/revisions"}],"wp:featuredmedia":[{"embeddable":true,"href":"https:\/\/www.freidenker.org\/index.php?rest_route=\/wp\/v2\/media\/12585"}],"wp:attachment":[{"href":"https:\/\/www.freidenker.org\/index.php?rest_route=%2Fwp%2Fv2%2Fmedia&parent=12562"}],"wp:term":[{"taxonomy":"category","embeddable":true,"href":"https:\/\/www.freidenker.org\/index.php?rest_route=%2Fwp%2Fv2%2Fcategories&post=12562"},{"taxonomy":"post_tag","embeddable":true,"href":"https:\/\/www.freidenker.org\/index.php?rest_route=%2Fwp%2Fv2%2Ftags&post=12562"}],"curies":[{"name":"wp","href":"https:\/\/api.w.org\/{rel}","templated":true}]}}