{"id":12557,"date":"2022-04-08T22:53:18","date_gmt":"2022-04-08T20:53:18","guid":{"rendered":"https:\/\/www.freidenker.org\/?p=12557"},"modified":"2022-05-02T21:45:22","modified_gmt":"2022-05-02T19:45:22","slug":"tragoedie-in-der-ukraine-waere-per-diplomatie-vermeidbar-gewesen","status":"publish","type":"post","link":"https:\/\/www.freidenker.org\/?p=12557","title":{"rendered":"Trag\u00f6die in der Ukraine w\u00e4re per Diplomatie vermeidbar gewesen"},"content":{"rendered":"<h5 class=\"HeadLine-root HeadLine-type_2 \">&#8222;Wall Street Journal&#8220; enth\u00fcllt: Trag\u00f6die in der Ukraine w\u00e4re per Diplomatie vermeidbar gewesen<\/h5>\n<p><strong>Eine US-Zeitung wei\u00df von einer diplomatischen Initiative von Kanzler Scholz und Pr\u00e4sident Macron aus dem Februar zu berichten. Demnach h\u00e4tte die Trag\u00f6die in der Ukraine verhindert werden k\u00f6nnen, mit etwas mehr Mumm und etwas weniger Ignoranz. <\/strong><\/p>\n<p><em>von <strong>Rainer Rupp<\/strong><\/em><\/p>\n<p><span style=\"font-size: 10pt;\">Erstver\u00f6ffentlichung am 07.04.2022 auf <a href=\"https:\/\/test.rtde.website\/meinung\/135568-us-bericht-tragodie-in-ukraine\/\" target=\"_blank\" rel=\"noopener\">RT DE<\/a><\/span><\/p>\n<p>Wenn die Nachricht des <em>Wall Street Journal<\/em> stimmt, dann hat die Zeitung einen riesigen, menschenverachtenden Skandal enth\u00fcllt. Denn das Sterben von Tausenden und das Leid von zig Tausenden Menschen in der Ukraine, egal auf welcher Seite, erscheint aufgrund der <em>Wall-Street-Journal-<\/em>Enth\u00fcllung in einem ganz anderen Licht. Die Trag\u00f6die w\u00e4re dank einer endlich ernst gemeinten diplomatischen Initiative von Kanzler Olaf Scholz und Pr\u00e4sident Emmanuel Macron vermeidbar gewesen. Die in Aussicht gestellte friedliche L\u00f6sung ist jedoch im letzten Moment gescheitert, haupts\u00e4chlich am arroganten, nationalistischen Fanatismus der politischen F\u00fchrung in der Ukraine, gepaart mit dem offensichtlichen Desinteresse Washingtons an einer Verhandlungsl\u00f6sung.<\/p>\n<p>Kiews ma\u00dflose \u00dcbersch\u00e4tzung der Kampfkraft seiner von USA\/NATO ausgebildeten Streitkr\u00e4fte, deren R\u00fcckgrat von den faschistischen Freiwilligen-Bataillonen gebildet wurde und immer noch wird, hat zusammen mit der bodenlosen Dummheit des politischen Dilettanten Wladimir Selenskij zwangsl\u00e4ufig in die aktuelle Katastrophe gef\u00fchrt.<\/p>\n<p>Der professionelle Schauspieler Selenskij, der in einer TV-Satire als Polit-Clown schon einmal die Rolle des Pr\u00e4sidenten der Ukraine gespielt hatte, war zu Beginn der aktuellen Krise wahrscheinlich in dem Glauben, die heldenhafte Siegerrolle in dem von Washington geschrieben US\/NATO-Drehbuch zu spielen. Aber das im Skript versprochene tolle Hollywood-Happyend wurde von der harten Wirklichkeit der russischen Erfolge bei der Demilitarisierung und der noch laufenden Denazifizierung der Ukraine eingeholt.<\/p>\n<p>Auch das US\/NATO-Sanktionen-Drehbuch zur Ruinierung der russischen Wirtschaft war offensichtlich von politischen Laien aus der US-Filmindustrie geschrieben worden. Die westlichen Drehbuchautoren hatten offensichtlich erwartet, dass Moskau nach dem harten ersten Sanktionsschlag auf die linke Wange die rechte Wange f\u00fcr den n\u00e4chsten Schlag hinhalten w\u00fcrde. Stattdessen hat Russland mit Gegensanktionen geantwortet, in deren Folge nun die US\/NATO-Zauberlehrlinge von ihren eigenen Hexenspr\u00fcchen wirtschaftlich destabilisiert werden. All das w\u00e4re laut den Enth\u00fcllungen im <em>Wall Street Journal<\/em> mit einem Minimum an klarem Verstand und ein wenig politischem Mut von Kanzler Scholz und Pr\u00e4sident Macron gegen\u00fcber den Kriegsherren in Washington vermeidbar gewesen.<\/p>\n<p>Auch in Deutschland drohen jetzt galoppierende Inflation, Produktionseinbr\u00fcche, Massenarbeitslosigkeit und noch mehr Verarmung, aber daf\u00fcr gibt es 100 Milliarden Euro f\u00fcr die milit\u00e4rische Aufr\u00fcstung, zus\u00e4tzlich zu den j\u00e4hrlichen Bundeswehrhaushalt. Angesichts dieser Entwicklung kann man nur noch fassungslos den Kopf sch\u00fctteln. Nicht nur die Regierung der Ampelkoalition hat total versagt, sondern auch die Oppositionsparteien CDU\/CSU und Die Linke. Sie alle haben sich als willige Helfer der ukrainischen Nazi-Versteher und eifrige Mitl\u00e4ufer der von US\/NATO-orchestrierten Kriegshysterie gegen Russland hervorgetan.<\/p>\n<p>Aber es wird Zeit, dass wir uns jetzt den Artikel im <em>Wall Street Journal<\/em> genauer anschauen. Der ist unter dem Titel: &#8222;<a href=\"https:\/\/www.wsj.com\/articles\/vladimir-putins-20-year-march-to-war-in-ukraineand-how-the-west-mishandled-it-11648826461\" target=\"_blank\" rel=\"noopener noreferrer\">Vladimir Putin&#8217;s 20-Year March to War in Ukraine \u2013 and How the West Mishandled It<\/a>&#8220; erschienen. (Zu Deutsch: Wladimir Putins 20-j\u00e4hriger Marsch in den Krieg in der Ukraine \u2013 und was der Westen falsch gemacht hat.) In dem sehr langen Artikel, der nat\u00fcrlich die US-Politik verteidigt, findet man tief im Text versteckt so ganz nebenbei folgende Passage:<\/p>\n<blockquote><p><em>&#8222;Herr Scholz machte dann einen letzten Vorsto\u00df f\u00fcr eine Einigung zwischen Moskau und Kiew. Am 19. Februar in M\u00fcnchen (bei der so genannten &#8218;Sicherheitskonferenz&#8216;) sagte er Herrn Selenskij, dass die Ukraine auf ihre Bestrebungen nach einem NATO-Beitritt verzichten und die Neutralit\u00e4t der Ukraine als Teil eines umfassenderen europ\u00e4ischen Sicherheitsabkommens zwischen dem <\/em>Westen und Russland <em>erkl\u00e4ren sollte. Der Pakt w\u00fcrde von Herrn Putin und Herrn Biden unterzeichnet werden, die gemeinsam die Sicherheit der Ukraine garantieren w\u00fcrden.&#8220;<\/em><\/p>\n<p><em>&#8222;Selenskij sagte, man k\u00f6nne Herrn Putin nicht trauen, ein solches Abkommen einzuhalten, und die meisten Ukrainer wollten der NATO beitreten. Seine Antwort lie\u00df die deutschen Beamten besorgt zur\u00fcck, dass die Chancen auf Frieden schwanden.&#8220;<\/em><\/p><\/blockquote>\n<p>Am Tag nach dem Treffen zwischen Scholz und Selenskij appellierte der franz\u00f6sische Pr\u00e4sident Macron in einem Aufruf zwischen den Staats- und Regierungschefs an Biden, einen weiteren Vorsto\u00df f\u00fcr die Diplomatie zu unternehmen. Laut <em>Wall Street Journal<\/em> sagte Macron zu Biden: &#8222;Ich denke, die letzte Person, die noch etwas tun k\u00f6nnte, bist du, Joe. Bist du bereit, Putin zu treffen?&#8220;<\/p>\n<p>Aber Washington schien an einem weiteren diplomatischen Vorsto\u00df nicht interessiert zu sein. Dennoch habe Macron \u2013 so die Zeitung \u2013 die Nacht des 20. Februar damit verbracht, abwechselnd am Telefon mit Putin und Biden zu sprechen.<\/p>\n<p>Aber Biden bzw. seine Berater im Wei\u00dfen Haus waren offensichtlich nicht daran interessiert, den Vorschlag von Scholz zu unterst\u00fctzen, n\u00e4mlich die Neutralit\u00e4t der Ukraine als Teil eines umfassenderen, europ\u00e4ischen Sicherheitsabkommens zwischen dem Westen und Russland gemeinsam mit Putin zu garantieren. Auf Dr\u00e4ngen von Macron beschied Biden dem franz\u00f6sischen Pr\u00e4sidenten lediglich, er k\u00f6nnte Putin ausrichten, dass er f\u00fcr ein weiteres Telefongespr\u00e4ch bereit sei.<\/p>\n<p>Aber am n\u00e4chsten Tag \u2013 so das <em>Wall Street Journal<\/em> weiter \u2013 habe Putin Macron zur\u00fcckgerufen und gesagt, &#8222;er habe beschlossen, die Unabh\u00e4ngigkeit der separatistischen Enklaven in der Ostukraine anzuerkennen. Er sagte, Faschisten h\u00e4tten in Kiew die Macht, w\u00e4hrend die NATO nicht auf seine Sicherheitsbedenken reagiert habe und stattdessen plane, Atomraketen in der Ukraine zu stationieren&#8220;.<\/p>\n<p>Die Details des von Macron unterst\u00fctzten deutschen Vorschlags zur friedlichen Beendigung der Ukraine-Krise sind leider nicht bekannt. Aber unter dem Eindruck des realen Kriegsverlaufs, der f\u00fcr die ukrainische Seite katastrophale Ausma\u00dfe angenommen hat, haben sich die Tagtr\u00e4ume der Regierung in\u00a0Kiew von der NATO-Mitgliedschaft einer siegreichen Ukraine verfl\u00fcchtigt. F\u00fcr Selenskij und seine Regierung wird es enger. Mit jedem weiteren Tag der russischen Milit\u00e4rsonderoperation schmelzen seine politischen Optionen dahin.<\/p>\n<p>Selenskij hat sich in der entscheidenden Phase der diplomatischen Verhandlungen entweder aus Arroganz oder Ahnungslosigkeit oder aus einer Mischung von beidem lieber an die hohlen Versprechen von USA\/UK\/NATO geklammert, als dem vern\u00fcnftigen Menschenverstand zu folgen. Die ukrainische Neutralit\u00e4t h\u00e4tte nicht nur das Leben Tausender Menschen gerettet, sondern im Rahmen von Minsk II auch den Verbleib der beiden Donbass-Volksrepubliken in einer unabh\u00e4ngigen Ukrainischen F\u00f6deration gesichert.<\/p>\n<p>Nun jedoch ist Selenskij &#8222;allein daheim&#8220;. In seiner letzten Hoffnung glaubt er \u2013 ganz der geborene Schauspieler \u2013 mit gl\u00fchend-theatralischen Video-Appellen an Gott und die Welt die Ukraine, so wie sie ist, n\u00e4mlich mit den faschistischen Verbrechern in den Schl\u00fcsselpositionen des Staates, erhalten zu k\u00f6nnen. Noch immer wehrt sich Selenskij gegen die Realit\u00e4t, wie sein j\u00fcngster Video-Appell an den UN-Sicherheitsrat am 5. April zeigt, den er mit unertr\u00e4glichem Massaker-Porn, aber leicht durchschaubaren L\u00fcgen vollgepackt hatte.<\/p>\n<p>In seinem Beraterkreis scheint man allerdings der Realit\u00e4t ein ganzes St\u00fcck n\u00e4her gekommen zu sein. Anders ist nicht zu erkl\u00e4ren, dass bei den letzten ukrainisch-russischen Verhandlungen in der T\u00fcrkei, Selenskijs Chef-Unterh\u00e4ndler David Arachamija den Russen die ukrainische Neutralit\u00e4t angeboten hat; also im Grunde nichts anderes, was bereits Scholz und Macron zwecks Verhinderung der russischen Milit\u00e4roperation Selenskij als L\u00f6sung vorgeschlagen hatten.<\/p>\n<p>Es ist eine schauerliche &#8222;Ironie&#8220;, wenn einem klar wird, dass all die zerst\u00f6rten Menschenleben, all die die durch Artilleriegefechte verw\u00fcsteten St\u00e4dte, D\u00f6rfer und Industrieanlagen, all die Millionen Fl\u00fcchtlingen, all das Leid der Menschen auf beiden Seiten der Front h\u00e4tte verhindert werden k\u00f6nnen, wenn Selenskij vor sechs Wochen dem zugestimmt h\u00e4tte, was jetzt sein eigener Unterh\u00e4ndler freiwillig Moskau als Verhandlungsbasis angeboten hat. Allerdings hat sich in der Zwischenzeit auf dem Boden der Realit\u00e4t viel ver\u00e4ndert und eine R\u00fcckkehr zum Status Quo Ante, vor allem zu Minsk II in Bezug auf die Donezk-Volksrepubliken wird wahrscheinlich nicht mehr m\u00f6glich sein.<\/p>\n<p>Aber auch Bundeskanzler Scholz, ebenso wie Pr\u00e4sident Macron, h\u00e4tten das Unheil in der Ukraine verhindern k\u00f6nnen. Wohl wissend um die fatale Dummheit der fehlhaften Entscheidung Selenskijs, hatten jedoch weder Scholz noch Macron den politischen Mumm, \u00f6ffentlich &#8222;Nein&#8220; zu den US\/NATO-Versprechungen zur milit\u00e4rischen Unterst\u00fctzung der Ukraine zu sagen, die Selenskij in seinem Gr\u00f6\u00dfenwahn, gegen Russland bestehen zu k\u00f6nnen, best\u00e4rkt hatten.<\/p>\n<p>Ein &#8222;Nein&#8220; w\u00e4re zwingend notwendig gewesen, denn die Absichten der Kriegstreiber in Washington und London waren schon damals f\u00fcr jeden klar erkennbar. Es ging schlie\u00dflich darum, die Ukraine als Kanonenfutter in einem milit\u00e4rischen und \u00f6konomischen Abnutzungskrieg gegen Russland zu verheizen. Dass das der deutschen Wirtschaft und Bev\u00f6lkerung empfindliche Kosten abverlangen w\u00fcrde und in Zukunft noch h\u00f6here abverlangen wird, war ebenfalls von Anbeginn klar.<\/p>\n<p>Folglich hat Bundeskanzler Scholz seinen Amtseid, n\u00e4mlich Schaden vom deutschen Volk abzuwenden, gebrochen. Stattdessen hat er den Interessen der US\/NATO- und EU-Eliten trefflich gedient. Aber mit dem Sozialdemokraten Scholz ist es wie in der Geschichte mit dem Skorpion, der den Frosch bittet, ihn ans andere Ufer zu bringen.<\/p>\n<p style=\"text-align: right;\"><em>Rainer Rupp ist Mitglied des Beirats des Deutschen Freidenker-Verbandes<\/em><\/p>\n<hr \/>\n<p><span style=\"font-size: 10pt;\">Bild: <span class=\"Cover-caption\"><span class=\"Cover-captionItem\">Eine Frau steht vor einem durch Beschuss zerst\u00f6rten Geb\u00e4ude in Mariupol, Volksrepublik Donezk, 5. April 2022<\/span><\/span><br \/>\n<span class=\"Cover-imageSource\"><span class=\"Cover-captionItem\">\u00dcbernommen von RT DE. Quelle: Sputnik <\/span><span class=\"Cover-captionItem\">\u00a9 Ilya Pitalev<\/span><\/span><br \/>\n<\/span><\/p>\n<p>&nbsp;<\/p>\n","protected":false},"excerpt":{"rendered":"<p><b>Beitrag von Rainer Rupp<\/b><br \/>\nWenn die Nachricht des Wall Street Journal stimmt, dann hat die Zeitung einen riesigen, menschenverachtenden Skandal enth\u00fcllt. Denn das Sterben von Tausenden und das Leid von zig Tausenden Menschen in der Ukraine, egal auf welcher Seite, erscheint aufgrund der Wall-Street-Journal-Enth\u00fcllung in einem ganz anderen Licht. Die Trag\u00f6die w\u00e4re dank einer endlich ernst gemeinten diplomatischen Initiative von Kanzler Olaf Scholz und Pr\u00e4sident Emmanuel Macron vermeidbar gewesen. Die in Aussicht gestellte friedliche L\u00f6sung ist jedoch im letzten Moment gescheitert, haupts\u00e4chlich am arroganten, nationalistischen Fanatismus der politischen F\u00fchrung in der Ukraine, gepaart mit dem offensichtlichen Desinteresse Washingtons an einer Verhandlungsl\u00f6sung.<\/p>\n","protected":false},"author":3,"featured_media":12560,"comment_status":"closed","ping_status":"closed","sticky":false,"template":"","format":"standard","meta":{"colormag_page_container_layout":"default_layout","colormag_page_sidebar_layout":"default_layout","advanced_seo_description":"","jetpack_seo_html_title":"","jetpack_seo_noindex":false,"jetpack_post_was_ever_published":false,"footnotes":""},"categories":[13],"tags":[1463,1406,335,56,222,639],"class_list":["post-12557","post","type-post","status-publish","format-standard","has-post-thumbnail","hentry","category-frieden-antifaschismus-solidaritaet","tag-bundeskanzler","tag-diplomatie","tag-frieden","tag-nato","tag-russland","tag-ukraine-konflikt"],"jetpack_featured_media_url":"https:\/\/i0.wp.com\/www.freidenker.org\/fw17\/wp-content\/uploads\/2022\/04\/gebaeude_mariupol_800x450.jpg?fit=800%2C450&ssl=1","jetpack_shortlink":"https:\/\/wp.me\/p9stpK-3gx","jetpack-related-posts":[{"id":14293,"url":"https:\/\/www.freidenker.org\/?p=14293","url_meta":{"origin":12557,"position":0},"title":"HIMARS, Handb\u00fccher und Zeitpl\u00e4ne","author":"Webredaktion","date":"30. September 2022","format":false,"excerpt":"Wie das Wall Street Journal westliche Planungen enth\u00fcllt Beitrag von Dagmar Henn Wenn das Wall Street Journal zu plaudern anf\u00e4ngt, rutschen ihm manchmal Dinge heraus. Der neueste Fall ist ein Artikel, in dem \u00fcber Hotlines berichtet wird, die angeblich ukrainischen Mechanikern dabei helfen, die NATO-Waffen in Schuss zu halten. Ganze\u2026","rel":"","context":"In &quot;Demokratie \u2013 Medien \u2013 Aufkl\u00e4rung&quot;","block_context":{"text":"Demokratie \u2013 Medien \u2013 Aufkl\u00e4rung","link":"https:\/\/www.freidenker.org\/?cat=12"},"img":{"alt_text":"","src":"https:\/\/i0.wp.com\/www.freidenker.org\/fw17\/wp-content\/uploads\/2022\/09\/HIMARS_800x450.jpg?fit=800%2C450&ssl=1&resize=350%2C200","width":350,"height":200,"srcset":"https:\/\/i0.wp.com\/www.freidenker.org\/fw17\/wp-content\/uploads\/2022\/09\/HIMARS_800x450.jpg?fit=800%2C450&ssl=1&resize=350%2C200 1x, https:\/\/i0.wp.com\/www.freidenker.org\/fw17\/wp-content\/uploads\/2022\/09\/HIMARS_800x450.jpg?fit=800%2C450&ssl=1&resize=525%2C300 1.5x, https:\/\/i0.wp.com\/www.freidenker.org\/fw17\/wp-content\/uploads\/2022\/09\/HIMARS_800x450.jpg?fit=800%2C450&ssl=1&resize=700%2C400 2x"},"classes":[]},{"id":12821,"url":"https:\/\/www.freidenker.org\/?p=12821","url_meta":{"origin":12557,"position":1},"title":"FREIDENKER Nr. 1-22 \u2013 Das Imperium der L\u00fcgen","author":"Webredaktion","date":"16. April 2022","format":false,"excerpt":"Die Ausgabe 1-22 des Verbandsorgans FREIDENKER hat das Schwerpunkt-Thema \u201eDas Imperium der L\u00fcgen\u201c und enth\u00e4lt u.a. folgende Beitr\u00e4ge: - Werner R\u00fcgemer: \u201eChristliches Abendland\u201c am Ende \u2013 der Kapitalismus wird nicht besser - Sebastian Bahlo: Die Kirche des Guten - Liane Kilinc: Angeschlagene Friedenstaube - Klaus Hartmann: Der Krieg in der\u2026","rel":"","context":"In &quot;Verbandsorgan FREIDENKER&quot;","block_context":{"text":"Verbandsorgan FREIDENKER","link":"https:\/\/www.freidenker.org\/?cat=8"},"img":{"alt_text":"","src":"https:\/\/i0.wp.com\/www.freidenker.org\/fw17\/wp-content\/uploads\/2022\/04\/FD_2022-01_Titel_mR.jpg?fit=800%2C445&ssl=1&resize=350%2C200","width":350,"height":200,"srcset":"https:\/\/i0.wp.com\/www.freidenker.org\/fw17\/wp-content\/uploads\/2022\/04\/FD_2022-01_Titel_mR.jpg?fit=800%2C445&ssl=1&resize=350%2C200 1x, https:\/\/i0.wp.com\/www.freidenker.org\/fw17\/wp-content\/uploads\/2022\/04\/FD_2022-01_Titel_mR.jpg?fit=800%2C445&ssl=1&resize=525%2C300 1.5x, https:\/\/i0.wp.com\/www.freidenker.org\/fw17\/wp-content\/uploads\/2022\/04\/FD_2022-01_Titel_mR.jpg?fit=800%2C445&ssl=1&resize=700%2C400 2x"},"classes":[]},{"id":15049,"url":"https:\/\/www.freidenker.org\/?p=15049","url_meta":{"origin":12557,"position":2},"title":"Hinterh\u00e4ltige Strategie Washingtons und Londons: Deutschland Speerspitze gegen Russland","author":"Webredaktion","date":"24. Januar 2023","format":false,"excerpt":"Interview der Moskauer Nachrichtenagentur Rossija Segodnja mit Wolfgang Bittner Rossija Segodnja: Herr Bittner, soeben ist Ihr neues Buch \u201eAusnahmezustand \u2013 Geopolitische Einsichten und Analysen unter Ber\u00fccksichtigung des Ukraine-Konflikts\u201c erschienen. Warum dient Deutschland, wie es in der Verlagsinformation hei\u00dft, als Speerspitze gegen Russland, was auch auf den Krieg in der Ukraine\u2026","rel":"","context":"In &quot;Frieden - Antifaschismus - Solidarit\u00e4t&quot;","block_context":{"text":"Frieden - Antifaschismus - Solidarit\u00e4t","link":"https:\/\/www.freidenker.org\/?cat=13"},"img":{"alt_text":"","src":"https:\/\/i0.wp.com\/www.freidenker.org\/fw17\/wp-content\/uploads\/2023\/01\/Rossija_sewodnja_Moskau_800x450.jpg?fit=800%2C450&ssl=1&resize=350%2C200","width":350,"height":200,"srcset":"https:\/\/i0.wp.com\/www.freidenker.org\/fw17\/wp-content\/uploads\/2023\/01\/Rossija_sewodnja_Moskau_800x450.jpg?fit=800%2C450&ssl=1&resize=350%2C200 1x, https:\/\/i0.wp.com\/www.freidenker.org\/fw17\/wp-content\/uploads\/2023\/01\/Rossija_sewodnja_Moskau_800x450.jpg?fit=800%2C450&ssl=1&resize=525%2C300 1.5x, https:\/\/i0.wp.com\/www.freidenker.org\/fw17\/wp-content\/uploads\/2023\/01\/Rossija_sewodnja_Moskau_800x450.jpg?fit=800%2C450&ssl=1&resize=700%2C400 2x"},"classes":[]},{"id":22745,"url":"https:\/\/www.freidenker.org\/?p=22745","url_meta":{"origin":12557,"position":3},"title":"Ein neues Paradigma zur Umbewertung der antiken Trag\u00f6die","author":"Webredaktion","date":"5. September 2025","format":false,"excerpt":"Beitrag von Bernhard H. F. Taureck Trag\u00f6dien, enden sie nicht mit dem Untergang und der physischen Vernichtung ihrer Protagonisten? Kommt es jedoch vor, dass die Handelnden gerettet werden, sind dann die entsprechenden Trag\u00f6dien im Grunde nichts als Tragikom\u00f6dien? So jedenfalls lautet der Chor der Experten seit langer Zeit. Das Wort\u2026","rel":"","context":"In &quot;Kultur &amp; Kunst&quot;","block_context":{"text":"Kultur &amp; Kunst","link":"https:\/\/www.freidenker.org\/?cat=913"},"img":{"alt_text":"","src":"https:\/\/i0.wp.com\/www.freidenker.org\/fw17\/wp-content\/uploads\/2025\/09\/Bas-relief_en_marbre_representant_Euripide_800x450.jpg?fit=800%2C450&ssl=1&resize=350%2C200","width":350,"height":200,"srcset":"https:\/\/i0.wp.com\/www.freidenker.org\/fw17\/wp-content\/uploads\/2025\/09\/Bas-relief_en_marbre_representant_Euripide_800x450.jpg?fit=800%2C450&ssl=1&resize=350%2C200 1x, https:\/\/i0.wp.com\/www.freidenker.org\/fw17\/wp-content\/uploads\/2025\/09\/Bas-relief_en_marbre_representant_Euripide_800x450.jpg?fit=800%2C450&ssl=1&resize=525%2C300 1.5x, https:\/\/i0.wp.com\/www.freidenker.org\/fw17\/wp-content\/uploads\/2025\/09\/Bas-relief_en_marbre_representant_Euripide_800x450.jpg?fit=800%2C450&ssl=1&resize=700%2C400 2x"},"classes":[]},{"id":11357,"url":"https:\/\/www.freidenker.org\/?p=11357","url_meta":{"origin":12557,"position":4},"title":"Steinmeier, Babi Jar und die Geschichtsf\u00e4lscher","author":"Webredaktion","date":"5. Oktober 2021","format":false,"excerpt":"Beitrag von\u00a0Dagmar Henn Der deutsche Bundespr\u00e4sident Frank-Walter Steinmeier will wieder einmal in die Ukraine reisen, und es fragt sich, welchen Schaden er diesmal hinterlassen wird. Anlass seiner Reise ist die Teilnahme an einer Gedenkveranstaltung zum 80. Jahrestag des Massakers von Babi Jar am 6. Oktober, zusammen mit dem ukrainischen Pr\u00e4sidenten\u2026","rel":"","context":"In &quot;Demokratie \u2013 Medien \u2013 Aufkl\u00e4rung&quot;","block_context":{"text":"Demokratie \u2013 Medien \u2013 Aufkl\u00e4rung","link":"https:\/\/www.freidenker.org\/?cat=12"},"img":{"alt_text":"","src":"https:\/\/i0.wp.com\/www.freidenker.org\/fw17\/wp-content\/uploads\/2021\/10\/Frank-Walter_Steinmeier_800x450.jpg?fit=800%2C450&ssl=1&resize=350%2C200","width":350,"height":200,"srcset":"https:\/\/i0.wp.com\/www.freidenker.org\/fw17\/wp-content\/uploads\/2021\/10\/Frank-Walter_Steinmeier_800x450.jpg?fit=800%2C450&ssl=1&resize=350%2C200 1x, https:\/\/i0.wp.com\/www.freidenker.org\/fw17\/wp-content\/uploads\/2021\/10\/Frank-Walter_Steinmeier_800x450.jpg?fit=800%2C450&ssl=1&resize=525%2C300 1.5x, https:\/\/i0.wp.com\/www.freidenker.org\/fw17\/wp-content\/uploads\/2021\/10\/Frank-Walter_Steinmeier_800x450.jpg?fit=800%2C450&ssl=1&resize=700%2C400 2x"},"classes":[]},{"id":17570,"url":"https:\/\/www.freidenker.org\/?p=17570","url_meta":{"origin":12557,"position":5},"title":"Brennende Leoparden reichen nicht","author":"Webredaktion","date":"22. November 2023","format":false,"excerpt":"Beitrag von Dagmar Henn Und da sind sie wieder, die \"Taurus\"-Marschflugk\u00f6rper. Jetzt stellt die CDU einen Antrag im Bundestag\u00a0\u2026 man solle sich doch nicht so haben, das sei schon keine Kriegsbeteiligung, und damit k\u00f6nne man auch die Br\u00fccke von Kertsch kaputt machen. Eigentlich ist es nur noch bizarr, zu einem\u2026","rel":"","context":"In &quot;Demokratie \u2013 Medien \u2013 Aufkl\u00e4rung&quot;","block_context":{"text":"Demokratie \u2013 Medien \u2013 Aufkl\u00e4rung","link":"https:\/\/www.freidenker.org\/?cat=12"},"img":{"alt_text":"","src":"https:\/\/i0.wp.com\/www.freidenker.org\/fw17\/wp-content\/uploads\/2023\/11\/Leopard_2A5_jump_800x450.jpg?fit=800%2C450&ssl=1&resize=350%2C200","width":350,"height":200,"srcset":"https:\/\/i0.wp.com\/www.freidenker.org\/fw17\/wp-content\/uploads\/2023\/11\/Leopard_2A5_jump_800x450.jpg?fit=800%2C450&ssl=1&resize=350%2C200 1x, https:\/\/i0.wp.com\/www.freidenker.org\/fw17\/wp-content\/uploads\/2023\/11\/Leopard_2A5_jump_800x450.jpg?fit=800%2C450&ssl=1&resize=525%2C300 1.5x, https:\/\/i0.wp.com\/www.freidenker.org\/fw17\/wp-content\/uploads\/2023\/11\/Leopard_2A5_jump_800x450.jpg?fit=800%2C450&ssl=1&resize=700%2C400 2x"},"classes":[]}],"_links":{"self":[{"href":"https:\/\/www.freidenker.org\/index.php?rest_route=\/wp\/v2\/posts\/12557","targetHints":{"allow":["GET"]}}],"collection":[{"href":"https:\/\/www.freidenker.org\/index.php?rest_route=\/wp\/v2\/posts"}],"about":[{"href":"https:\/\/www.freidenker.org\/index.php?rest_route=\/wp\/v2\/types\/post"}],"author":[{"embeddable":true,"href":"https:\/\/www.freidenker.org\/index.php?rest_route=\/wp\/v2\/users\/3"}],"replies":[{"embeddable":true,"href":"https:\/\/www.freidenker.org\/index.php?rest_route=%2Fwp%2Fv2%2Fcomments&post=12557"}],"version-history":[{"count":0,"href":"https:\/\/www.freidenker.org\/index.php?rest_route=\/wp\/v2\/posts\/12557\/revisions"}],"wp:featuredmedia":[{"embeddable":true,"href":"https:\/\/www.freidenker.org\/index.php?rest_route=\/wp\/v2\/media\/12560"}],"wp:attachment":[{"href":"https:\/\/www.freidenker.org\/index.php?rest_route=%2Fwp%2Fv2%2Fmedia&parent=12557"}],"wp:term":[{"taxonomy":"category","embeddable":true,"href":"https:\/\/www.freidenker.org\/index.php?rest_route=%2Fwp%2Fv2%2Fcategories&post=12557"},{"taxonomy":"post_tag","embeddable":true,"href":"https:\/\/www.freidenker.org\/index.php?rest_route=%2Fwp%2Fv2%2Ftags&post=12557"}],"curies":[{"name":"wp","href":"https:\/\/api.w.org\/{rel}","templated":true}]}}