{"id":12515,"date":"2022-03-30T21:32:20","date_gmt":"2022-03-30T19:32:20","guid":{"rendered":"https:\/\/www.freidenker.org\/?p=12515"},"modified":"2022-04-11T00:04:02","modified_gmt":"2022-04-10T22:04:02","slug":"die-friedensbewegung-am-scheideweg","status":"publish","type":"post","link":"https:\/\/www.freidenker.org\/?p=12515","title":{"rendered":"Die Friedensbewegung am Scheideweg"},"content":{"rendered":"<p><em>von <strong>Doris Pumphrey<\/strong><\/em><\/p>\n<p><span style=\"font-size: 10pt;\">Vortrag gehalten am 26.03.2022 <\/span><br \/>\n<span style=\"font-size: 10pt;\">Veranstaltung der Regionalgruppe RotFuchs Bernau \/ TAG der GRH e.V. Bernau bei Berlin<\/span><\/p>\n<p>&nbsp;<\/p>\n<p>In den letzten Jahren wurde immer wieder konstatiert und kritisiert, dass die Friedensbewegung schwach sei, nur noch Wenige zu Aktionen kommen. Sie spiele in der \u00f6ffentlichen Wahrnehmung keine nennenswerte Rolle.<\/p>\n<p>In einem <a href=\"https:\/\/de.rt.com\/opinion\/leo-ensel\/125299-gegen-atomare-bedrohung-gemeinsam-vorgehen\/\">Artikel<\/a> Im Oktober 21 \u00fcber die gro\u00dfe Friedensdemonstration in Bonn 1981, fragte der Konfliktforscher Dr. Leo Ensel, wo die Aktivisten von damals geblieben seien. &#8222;Ob sie denn meinten, sie h\u00e4tten mit ihrem damaligen Engagement ihr friedenspolitisches Soll f\u00fcr den Rest ihres Lebens abgeleistet.&#8220;<\/p>\n<p>Nein, das meinen sie nicht, denn ein erheblicher Teil von ihnen ist auch heute noch an vorderster Front der Friedensbewegung aktiv. Selbst viele Strukturen der damaligen Friedensbewegung mit ihren engagierten Mitstreitern existieren weiter. Das Problem liegt woanders, aber dazu kommen wir noch.<\/p>\n<h5><strong>\u00a0<\/strong>Wer oder was ist die Friedensbewegung?<\/h5>\n<p>Ich muss vorausschicken: Wenn ich in diesem Vortrag von DER Friedensbewegung spreche, dann ist das nur ein verallgemeinernder Begriff, der nicht automatisch alle Teile einschlie\u00dft, denn die Friedensbewegung ist weder eine Organisation noch ein B\u00fcndnis per se. Sie setzt sich aus verschiedenen bundesweiten oder lokalen Organisationen, Gruppen und Netzwerken zusammen, mit z.T. auch unterschiedlichen Schwerpunkten und politischen Sichtweisen. Untereinander werden auf lokaler und bundesweiter Ebene auch B\u00fcndnisse geschlossen z.B. f\u00fcr einen gemeinsamen Aufruf und\/oder eine gemeinsame Aktion.<\/p>\n<p>Aktivisten der Friedensbewegung, die aus der Erfahrung der DDR kommen, verstehen oft nicht die Schwierigkeiten und langwierigen Diskussionen, die damit verbunden sind. Zum einen sollten die unterschiedlichen Voraussetzungen nicht vergessen werden: Auf der einen Seite die DDR als sozialistischer Staat, dem Anti-Imperialismus, der V\u00f6lkerfreundschaft, der L\u00f6sung der Probleme auf diplomatischem Weg und dem Frieden verpflichtet. Sie war ein Verb\u00fcndeter im Friedenskampf in der BRD. Auf der anderen Seite die imperialistische BRD im Aggressionsb\u00fcndnis NATO, gegen deren Aufr\u00fcstung, Unterst\u00fctzung von Aggressionen und Interventionen eine Friedensbewegung k\u00e4mpfen muss.<\/p>\n<p>Bei der heterogenen Zusammensetzung der Friedensbewegung, besteht die Schwierigkeit meist darin, einen Minimalkonsens zu finden, vor allem wenn ein B\u00fcndnis angestrebt wird. Der Konsens ist einfacher, wenn es um Milit\u00e4r- und R\u00fcstungsma\u00dfnahmen geht, die das eigene Land betreffen.<\/p>\n<p>Unter den einzelnen Teilen der Friedensbewegung bestand und besteht jedoch gro\u00dfe Uneinigkeit in der Einsch\u00e4tzung von Regierungen jener L\u00e4nder, die ins Visier des NATO-Westens geraten, was die notwendige Mobilisierung gegen NATO-Aggressionen beeinflusste.<\/p>\n<h5><strong>\u00a0<\/strong>Deutschland ist Kriegspartei gegen Russland<\/h5>\n<p>Die Friedensbewegung hatte seit Jahren die NATO-Osterweiterung, die Aufr\u00fcstung und den milit\u00e4rischen Aufmarsch an den Grenzen Russlands kritisiert. Doch sie war \u2013 mit Ausnahmen \u2013 relativ ruhig geblieben gegen\u00fcber der anti-russischen Hysterie, die nach dem Beitritt der Krim zur Russischen F\u00f6deration 2014 einen ersten H\u00f6hepunkt fand.<\/p>\n<p>Dem Erstarken des Bandera-Faschismus in der Ukraine wurde auch seitens der Friedensbewegung zu wenig Aufmerksamkeit geschenkt, ebenso wie dem Krieg Kiews gegen die Donbass Republiken, die sich weigerten den von den USA, EU und Bundesregierung unterst\u00fctzten Maidan Putsch anzuerkennen.<\/p>\n<p>Der Krieg hat nicht am 24. Februar 2022 begonnen, wie heute oft behauptet wird, sondern vor acht Jahren mit milit\u00e4rischer Unterst\u00fctzung und R\u00fcckendeckung des Westens gegen den Donbass. Er hat nach UNO Sch\u00e4tzungen mehr als 13.000 Opfer gefordert.<\/p>\n<p>Angefeuert von den USA stand ukrainisches Milit\u00e4r mit seinen Faschistenverb\u00e4nden kurz davor den Donbass zu \u00fcberfallen und ihn ethnisch zu s\u00e4ubern. Mit der <a href=\"https:\/\/russische-botschaft.ru\/de\/2022\/02\/23\/erklaerung-des-russischen-aussenministeriums-zur-anerkennung-der-volksrepubliken-donezk-und-lugansk-als-unabhaengige-staaten\/\">Anerkennung<\/a> der beiden Volksrepubliken Donezk und Lugansk als souver\u00e4ne und unabh\u00e4ngige Staaten am 21. Februar und der am 24. Februar folgenden <em>Sonderoperation zur Entnazifizierung und Entmilitarisierung<\/em> der Ukraine konnte Moskau diesen Angriff und das zu erwartende Blutbad vereiteln.<\/p>\n<p>Die moralische Emp\u00f6rung des &#8222;Wertewestens&#8220; \u2013 der pl\u00f6tzlich das V\u00f6lkerrecht unter seinen Stiefeln hervorzog \u2013 und die den russischen Pr\u00e4sidenten seit Jahren entmenschlichende Propaganda der Medien, entlud sich in einer be\u00e4ngstigenden, kollektiven Hetze gegen Russland.<\/p>\n<p>Jene Kr\u00e4fte in Deutschland, die sich die vielen Jahre bem\u00fcht hatten, die eigene Geschichte zu verdr\u00e4ngen, die Stalingrad nie \u00fcberwinden konnten, waren sp\u00fcrbar erleichtert vom Befreier befreit zu sein und entsorgen nun endg\u00fcltig ihre Schuld.<\/p>\n<p>Und jene, vor allem westdeutsche Politiker, die mit ihrer blau-gelben Begeisterung und devoten Haltung gegen\u00fcber der US-Marionette Selenskyj und dem Nazi-Verehrer Melnyk die Operation Barbarossa vergessen machen, ma\u00dfen sich die Rolle des moralischen Lehrmeisters gegen\u00fcber Russland an.<\/p>\n<p>Das Ausma\u00df selbstgerechter Heuchelei und moralischer Emp\u00f6rung, die in diesem Land hochschwappt, ist beispiellos. Da stehen sie nun und sind zutiefst ersch\u00fcttert, \u00fcber den &#8222;ersten Krieg in Europa seit 1945&#8220;. Das Blut an ihren H\u00e4nden mit den Bomben auf Jugoslawien, haben sie schon l\u00e4ngst abgewaschen und vergessen.<\/p>\n<p><strong>Der Anti-Putin Tsunami<\/strong> \u00fcberrollt jedes rationale Nachdenken. &#8222;Putin-Versteher&#8220; bereuten und verbeugten sich und Erkl\u00e4rungen von Linken waren durchtr\u00e4nkt von moralischer Emp\u00f6rung.<\/p>\n<p>Ein Gregor Gysi, der <a href=\"https:\/\/www.youtube.com\/watch?v=sgKpFwpvDEc\">2014<\/a> im Bundestag in einer Brandrede den be\u00e4ngstigenden Einfluss der Faschisten in der ukrainischen Regierung und Sicherheitsstrukturen mit vielen Beispielen belegte und der es schon allein auf Grund der deutschen Geschichte einen Skandal nannte, dass die Bundesregierung mit diesen Faschisten redet, erkl\u00e4rt <a href=\"https:\/\/www.youtube.com\/watch?v=95OV1DVfUZ8\">heute<\/a> ohne rot zu werden: &#8222;Russlands Argumente von Genozid und Entnazifizierung sind v\u00f6lliger Bl\u00f6dsinn&#8220; und vergleicht diese &#8222;Behauptung Putins&#8220; mit der L\u00fcge \u00fcber Massenvernichtungswaffen im Irak.<\/p>\n<p>In seiner Funktion als au\u00dfenpolitischer Sprecher der Linksfraktion im Bundestag, bietet sich Gregor Gysi nun als Erf\u00fcllungsgehilfe der NATO f\u00fcr Regime-Change in Russland an. <a href=\"https:\/\/www.youtube.com\/watch?v=thaWAtc7IC4\">Per Video<\/a> und in holprigem Russisch ruft er am 21. M\u00e4rz die B\u00fcrger Russlands zum Widerstand gegen Putin auf. In einem podcast-Gespr\u00e4ch mit der <a href=\"https:\/\/www.sueddeutsche.de\/politik\/podcast-nachrichten-gregor-gysi-fuer-nato-beitritt-von-finnland-und-schweden-1.5553388\">S\u00fcddeutschen Zeitung<\/a> zwei Tage sp\u00e4ter geht er noch weiter und erkl\u00e4rt, die russische Bev\u00f6lkerung &#8222;muss sich von Putin trennen, das schaffen wir nicht von au\u00dfen&#8220;. Das st\u00fcnde &#8222;uns&#8220; auch nicht zu. Deshalb habe er mit den Menschen in Russland und den Russen in Deutschland auf Russisch gesprochen, damit &#8222;sie&#8220; den &#8222;Mut haben, das Regime zu beseitigen&#8220;. Das m\u00fcsse von ihnen ausgehen. &#8222;Die Aufr\u00fcstung Deutschlands sch\u00fctze zudem nicht vor Putin, sondern nur wenn &#8222;wir&#8220; in Russland &#8222;andere Strukturen erreichen.&#8220; Den Beitritt Finnlands und Schwedens zur NATO halte er als Schutz vor einem Angriff Russlands f\u00fcr &#8222;nicht uninteressant&#8220;. Man stelle sich vor, der au\u00dfenpolitische Sprecher einer Duma-Fraktion w\u00fcrde sich an die deutschen W\u00e4hler wenden und sie zum Widerstand aufrufen, um das Regime in Deutschland zu beseitigen und andere Strukturen zu schaffen.<\/p>\n<p>Selbst eine ansonsten k\u00fchle und rationale Sahra Wagenknecht lie\u00df sich vom Tsunami mitrei\u00dfen und <a href=\"https:\/\/www.getrevue.co\/profile\/team-sahra\/issues\/die-waffen-nieder-1044919?utm_campaign=Issue&amp;utm_content=view_in_browser&amp;utm_medium=email&amp;utm_source=Sahra+Wagenknecht\">erkl\u00e4rte<\/a>, &#8222;Und nat\u00fcrlich stellt sich die Frage: Wie konnte aus jenem Putin, der noch vor 20 Jahren den Westen geradezu umarmt und die Hand zur Zusammenarbeit ausgestreckt hat, jener Mann werden, der jetzt wild um sich schl\u00e4gt, nationalistische T\u00f6ne verbreitet und ohne R\u00fccksicht auf Verluste seine milit\u00e4rische St\u00e4rke ausspielt?&#8220;<\/p>\n<p>Die Gr\u00fcne Au\u00dfenministerin Deutschlands, das mit seinem Vernichtungs- und Auspl\u00fcnderungskrieg gegen die Sowjetunion nicht nur 27 Millionen Tote, sondern auch verbrannte Erde hinterlie\u00df, stellt sich heute in ihrer einge\u00fcbten moralischen Selbst\u00fcberh\u00f6hung hin und erkl\u00e4rt, der russische Pr\u00e4sident habe &#8222;<a href=\"https:\/\/www.bild.de\/politik\/ausland\/politik-ausland\/bundesaussenministerin-bei-bild-im-tv-baerbock-muessen-dafuer-sorgen-dass-putin-79391430.bild.html\">alle menschlichen Grenzen<\/a>&#8220; \u00fcberschritten und hofft, dass die Sanktionen &#8222;<a href=\"https:\/\/www.rnd.de\/politik\/ukraine-krieg-baerbock-ueber-sanktionen-das-wird-russland-ruinieren-RZDYS2DEPRK5OST7ZGGRZ6UN4I.html\">Russland ruinieren<\/a>&#8222;.<\/p>\n<p>Der Gr\u00fcne deutsche Wirtschaftsminister beteuert seinem Herrn und Meister in Washington, dass Deutschland im Kampf gegen Russland eine &#8222;<a href=\"https:\/\/www.focus.de\/politik\/deutschland\/besuch-in-den-usa-habeck-sieht-deutschland-in-einer-dienenden-fuehrungsrolle_id_61552626.html\">dienende F\u00fchrungsrolle<\/a>&#8220; spiele.<\/p>\n<p>Im Reichstag am 27. Februar wird in der <a href=\"https:\/\/www.youtube.com\/watch?v=eOkBedkfuX0\">Sondersitzung<\/a> des Bundestages Andrij Melnyk, der ukrainische Botschafter und Verehrer des Nazi-Kriegsverbrechers und Massenm\u00f6rders Stepan Bandera, als Ehrengast mit Standing Ovations begr\u00fc\u00dft \u2013 auch von Abgeordneten der Fraktion DIE LINKE.<\/p>\n<p>Es war der gleiche Tag, der 27. Februar 1933, als der Reichstag in Flammen stand, angez\u00fcndet in einer False-Flag Operation der Nazis, um in der Folge Tausende Kommunisten zu verhaften.<\/p>\n<p>Ganz ergriffen h\u00f6ren die Bundestagsabgeordneten dem am 17. M\u00e4rz im Reichstag <a href=\"https:\/\/www.bundestag.de\/dokumente\/textarchiv\/2022\/kw11-de-selenskyj-883826\">zugeschalteten<\/a> ukrainischen Pr\u00e4sidenten zu, der ihnen erz\u00e4hlt, Russland wolle das ukrainische Volk vernichten. PR-m\u00e4\u00dfig wurde er zum Medienstar gemacht, der auf Gro\u00dfleinw\u00e4nden Hilfe f\u00fcr den Endsieg gegen Russland fordert.<\/p>\n<p>Dem deutschen Kanzler ruft er zu &#8222;geben Sie Deutschland die F\u00fchrungsrolle die es verdient&#8220; und beendet seine Rede mit der Parole &#8222;Ruhm der Ukraine&#8220; der ukrainischen Nazi-Kollaborateure. Da stehen sie wieder auf, die Bundestagsabgeordneten und klatschen langanhaltend.<\/p>\n<p>Es sind be\u00e4ngstigende Szenen.<\/p>\n<p>Begleitet von Geschichtsrevisionismus, eskalierten in besonderem Ma\u00dfe deutsche Politiker und Medien in den letzten Jahren die chauvinistische Hetze gegen Russland, die schon l\u00e4ngst goebbelsches Ausma\u00df erreicht.<\/p>\n<p>Heute k\u00e4mpfen ukrainische Faschisten mit deutschen Raketen und Panzerf\u00e4usten gegen Russland. Mit seinen Waffenlieferungen und Sanktionen ist Deutschland Kriegspartei gegen Russland. Die Friedensbewegung steht damit vor ganz neuen Problemen<\/p>\n<p>Lasst uns aber zun\u00e4chst ein St\u00fcck in die Geschichte und Probleme der Friedensbewegung zur\u00fcckgehen.<\/p>\n<h5>Der Kampf gegen den NATO-Doppelbeschluss<\/h5>\n<p>Mit dem NATO-Doppelbeschluss 1979 zur Stationierung der nuklearen US- Erstschlagwaffen, die eine \u201eEnthauptung\u201c der Sowjetunion und einen auf Europa \u201ebegrenzten Atomkrieg\u201c erm\u00f6glichen sollten, begann in der Bundesrepublik eine bisher einzigartige Kampagne der Aufkl\u00e4rung und Mobilisierung, in der ab November 1980 der &#8222;Krefelder Appell&#8220; eine zentrale Rolle spielte.<\/p>\n<p>Mit dem Krefelder Appell war es gelungen, politische und ideologische Meinungsverschiedenheiten der unterschiedlichen Kr\u00e4fte zur\u00fcckzustellen und einen Minimalkonsens in diesem einen zentralen Punkt zu finden: Die Bundesregierung aufzufordern die Zustimmung zur Stationierung von Pershing-II-Raketen und Marschflugk\u00f6rpern zur\u00fcckzuziehen.<\/p>\n<p>Der Krefelder Appell wurde zum wirkungsvollsten Manifest der bundesdeutschen Friedensbewegung. Gruppen und Pers\u00f6nlichkeiten aus vielen gesellschaftlichen Bereichen unterst\u00fctzten ihn, berufsbezogene Friedensinitiativen wurden gegr\u00fcndet, in Stadt und Land wurde mit dem Appell aufgekl\u00e4rt und mobilisiert. Massendemonstrationen und riesige Veranstaltungen der &#8222;K\u00fcnstler f\u00fcr den Frieden&#8220; folgten.<\/p>\n<p>Der Appell wurde von fast 5 Millionen Menschen unterschrieben \u2013 und damals gab es kein Internet! Umfragen zeigten, dass sich die gro\u00dfe Mehrheit der B\u00fcrger der Bundesrepublik, egal welcher Parteienpr\u00e4ferenz, gegen die Stationierung der neuen US-Atomraketen aussprach.<\/p>\n<p>Auch wenn die Friedensbewegung am Ende die Zustimmung des Bundestags zum NATO-Doppelbeschluss nicht verhindern konnte \u2013 soweit reicht diese parlamentarische Demokratie nicht \u2013 die Kampagne hatte die Einstellung vieler Bundesb\u00fcrger nachhaltig gepr\u00e4gt.<\/p>\n<h5>&#8222;Humanit\u00e4re Intervention&#8220; \/ Regime Change<\/h5>\n<p>Mit dem Zusammenbruch der DDR, der Sowjetunion und des Warschauer Vertrages als Gegenpol zur alten BRD, NATO und USA, war dem NATO-Westen der Feind abhandengekommen.<\/p>\n<p>Der US-Imperialismus w\u00e4hnte sich als ewiger Hegemon, dem keine Steine mehr in den Weg gelegt werden konnten, um sich die Welt untertan zu machen und seine Ressourcen und M\u00e4rkte zu kontrollieren.<\/p>\n<p>Der milit\u00e4risch-industrielle Komplex ben\u00f6tigte dringend neue politische Spannungen und milit\u00e4rische Eins\u00e4tze. Und die NATO eine Rechtfertigung f\u00fcr ihre weitere Existenz.<\/p>\n<p><strong>Mit der v\u00f6lkerrechtswidrigen Bombardierung Jugoslawiens 1999,<\/strong> machte sich die NATO zu ihrem 50. Geburtstag selbst ein Geschenk. Die Bomben auf Belgrad waren auch der T\u00fcr\u00f6ffner f\u00fcr deutsche Kriegseins\u00e4tze.<\/p>\n<p>War es bei der gro\u00dfen Massenmobilisierung gegen den NATO-Doppelbeschluss um eine neue Aufr\u00fcstung gegangen, die in ihrer Auswirkung eine unmittelbare Gefahr f\u00fcr das eigene Land, die eigene Bev\u00f6lkerung darstellte, so ging es jetzt um Aggressionen gegen andere L\u00e4nder.<\/p>\n<p><strong>Dass 2003 der Protest gegen den geplanten Angriff der USA auf Irak <\/strong>noch ein kurzer H\u00f6hepunkt werden sollte, war der Tatsache geschuldet, dass sich die Bundesregierung offiziell gegen den US-Angriff ausgesprochen hatte. Somit mobilisierte praktisch das gesamte politische Spektrum, Gewerkschaften und Kirchen auch mit Hilfe der Medien zur Teilnahme an der Demonstration am 15. Februar 2003, als in Berlin 500.000 Tausend und weltweit Millionen auf die Stra\u00dfe gingen.<\/p>\n<p>Ein ganz anderes Problem f\u00fcr eine Mobilisierung der Friedensbewegung waren allerdings die m\u00f6rderischen Sanktionen gegen Irak und die Regime-Change Operation gegen die irakische Regierung.<\/p>\n<p><strong>Mit der Aggression gegen Jugoslawien hatte sich die NATO f\u00fcr ihre out-of-area Eins\u00e4tze eine neue Rechtfertigung erfunden:<\/strong> <strong>Die &#8222;humanit\u00e4re Intervention&#8220;<\/strong>. Das Konzept war dehnbar und konnte variiert werden: zur &#8222;Verteidigung&#8220; von Menschenrechten, Rechte der Frauen, oder Minderheiten, zur &#8222;Verhinderung eines V\u00f6lkermords&#8220;. Es dient seitdem v\u00f6lkerrechtswidrigen Subversionen, Regime-Change und Aggressionen gegen L\u00e4nder, die sich dem Diktat des NATO-Westens nicht unterordnen.<\/p>\n<p>NATO und EU erkl\u00e4ren sich zur &#8222;Westlichen Wertegemeinschaft&#8220;, als heilige oberste Instanz, die sich jederzeit \u00fcber das V\u00f6lkerrecht hinwegsetzen kann.<\/p>\n<p>Dem V\u00f6lkerrecht, hatte der Westen die &#8222;regelbasierte internationale Ordnung&#8220; entgegensetzt. Was damit gemeint ist, beschreibt <a href=\"https:\/\/www.swp-berlin.org\/publikation\/die-ordnung-der-welt\">Volker Perthes,<\/a> vormals Leiter der regierungsnahen Stiftung Wissenschaft und Politik (SWP) im Klartext: <em>&#8222;Eine Allianz williger Staaten muss internationale Regeln ersinnen, ohne den Verdacht zu erwecken, dass es dabei um westliche Dominanz geht.&#8220;<\/em><\/p>\n<p><strong>Das immer gleiche Propaganda-Drehbuch<\/strong> wurde von der NATO oder Teilen der NATO durchgespielt, um die Ruhe an der Heimatfront zu sichern.<\/p>\n<p>NATO-Geheimdienste nutzen soziale Unzufriedenheiten aus, sch\u00fcren potentielle oder latente ethnische oder religi\u00f6se Konflikte, unterst\u00fctzen materiell \u2013 auch mit Waffen \u2013 oppositionelle Kr\u00e4fte, um Proteste bis zu Aufst\u00e4nden auszuweiten, mit dem Ziel ein entsprechendes Eingreifen seitens der Regierungskr\u00e4fte zu provozieren.<\/p>\n<p>Deren Gewalt wird dann in aller Breite als Niederschlagung einer &#8222;friedlichen Opposition&#8220; dargestellt. Die Regierung wird d\u00e4monisiert und das jeweilige Staatsoberhaupt zum &#8222;Diktator&#8220;, zum &#8222;Menschschl\u00e4chter &#8222;oder &#8222;neuen Hitler&#8220; erkl\u00e4rt, gegen den der &#8222;Wertewesten&#8220; schlie\u00dflich mit allen Mitteln \u2013 von Sanktionen bis zu Bomben \u2013 vorgehen muss, um die sogenannte &#8222;Zivilgesellschaft&#8220; zu sch\u00fctzen.<\/p>\n<p>Hinzu kommt die subversive Arbeit der ausl\u00e4ndischen Stiftungen und angeblichen Nicht-Regierungs-Organisationen (NGOs), die Oppositionsgruppen in den anvisierten L\u00e4ndern nicht nur materiell vor Ort unterst\u00fctzen, sondern die besonders auch als Propaganda-Instrumente zur Rechtfertigung der imperialistischen Aggression fungieren.<\/p>\n<p>Mit einer politischen und medialen L\u00fcgen- und Hetz-Kampagne gegen Slobodan Milo\u0161evi\u0107, der sich weigerte sein Land in die EU und NATO zu f\u00fchren, wurde die Heimatfront auf den ersten Kampfeinsatz einer deutschen Armee nach dem 2. Weltkrieg in einem Aggressionskrieg vorbereitet.<\/p>\n<p>Dem Gr\u00fcnen Au\u00dfenminister Fischer fiel die besondere Rolle zu, den, damals noch zu erwartenden Widerstand aus seiner Partei und seitens der Friedensbewegung zu verhindern oder zumindest zu d\u00e4mpfen.<\/p>\n<p>Was eignet sich da besser als der R\u00fcckgriff auf die deutsche Geschichte. Mit seinem &#8222;Nie wieder Auschwitz&#8220; deklarierte der deutsche Au\u00dfenminister die Bombardierung Jugoslawiens als antifaschistischen Akt. Das verwirrte und l\u00e4hmte nicht wenige in ihrem Engagement gegen den Krieg.<\/p>\n<p>Die neue NATO-Propaganda von der &#8222;humanit\u00e4ren Intervention&#8220; \u2013 das Trommelfeuer der NATO-L\u00fcgen von Jugoslawien bis Syrien \u2013 verfehlte auch nicht ihre einsch\u00fcchternde Wirkung auf erhebliche Teile der Friedensbewegung.<\/p>\n<p>Wenn sie die Milit\u00e4raggressionen kritisierten, spulten sie zun\u00e4chst ihr Distanzierungsritual ab, von Milosevic bis Assad. Sie wollten damit &#8222;glaubw\u00fcrdig&#8220; sein, aber es war Opportunismus und die Angst eine unbequeme Position zu beziehen f\u00fcr das Recht aller Nationen \u00fcber ihre Staatsform und Regierung selbst zu entscheiden, unabh\u00e4ngig davon ob einem die Regierung eines angegriffenen Landes gef\u00e4llt oder nicht.<\/p>\n<p>Nat\u00fcrlich gab es auch in all den Jahren Initiativen, Organisationen und B\u00fcndnisse, die gegen sogenannte &#8222;humanit\u00e4re Interventionen&#8220;, m\u00f6rderische Sanktionen und die Regime Change Politik Aktionen entwickelten, aber sie blieben im Gro\u00dfen und Ganzen begrenzt.<\/p>\n<p>Dies wird insbesondere deutlich in der sehr schwachen Mobilisierung der Friedensbewegung in dem langen v\u00f6lkerrechtswidrigen Krieg gegen Syrien. Es gab keinen nennenswerten Protest gegen die Anma\u00dfung der Bundesregierung in Berlin mit syrischen Oppositionellen im Exil, den sogenannten &#8222;Day After&#8220; zu organisieren \u2013 gemeint ist die Zeit nach dem Sturz des legitimen syrischen Pr\u00e4sidenten Assad \u2013 um sich ihren Einfluss in einem k\u00fcnftigen Syrien zu sichern. Es gibt kaum Protest aus der Friedensbewegung gegen die m\u00f6rderische Sanktionspolitik, die den Wideraufbau erschwert und noch mehr Fl\u00fcchtlinge schafft.<\/p>\n<p>Obwohl die Vorbereitung von Regime-Change, Subversionen und milit\u00e4rischen Aggressionen gegen L\u00e4nder, die sich dem Diktat des NATO-Westens nicht unterwerfen, immer nach dem gleichen NATO-Propaganda-Drehbuch verlief, lie\u00dfen sich Teile der Friedensbewegung jedes Mal neu beeinflussen. Das schw\u00e4chte die Friedensbewegung als Ganzes, und zwar nachhaltig.<\/p>\n<p><strong>Der von den USA\/EU und Bundesregierung gesponserte Putsch in der Ukraine 2014<\/strong> und dem folgenden Beitritt der Krim zur Russischen F\u00f6deration, stellte die Friedensbewegung vor neue Probleme.<\/p>\n<p>Die USA\/NATO hatten schnell die V\u00f6lkerrechtskarte gegen Russland aus der untersten Schublade hervorgezogen. Die massiv einsetzende anti-Putin Hysterie wirkte einsch\u00fcchternd und l\u00e4hmend auf jene in der Friedensbewegung, die Angst hatten als &#8222;Putin-Versteher&#8220; gebrandmarkt zu werden.<\/p>\n<p>Die Frage, ob der Beitritt der Krim zur Russischen F\u00f6deration v\u00f6lkerrechtswidrig war, spielte z.T. eine gr\u00f6\u00dfere Rolle als die Einsicht, dass mit dem Beitritt, der Plan der USA vereitelt wurde, aus Sewastopol einen US\/NATO-St\u00fctzpunkt gegen Russland zu machen und damit eine h\u00f6chst friedensgef\u00e4hrdende Situation entstanden w\u00e4re.<\/p>\n<p>In der Bev\u00f6lkerung wuchs die Sorge um einen Krieg gegen Russland und im Fr\u00fchjahr 2014 gingen Tausende in vielen St\u00e4dten zu Mahnwachen f\u00fcr den Frieden. Diese Mahnwachen waren au\u00dferhalb und unabh\u00e4ngig der traditionellen Strukturen der bundesdeutschen Friedensbewegung entstanden, die in gro\u00dfen Teilen nur sehr langsam auf das, was sich in der Ukraine zusammenbraute, reagierte.<\/p>\n<p>Die Herrschenden witterten eine Gefahr: Wenn die Mobilisierung der neu entstandenen Mahnwachen f\u00fcr den Frieden zu gemeinsamen Antikriegsaktionen mit der traditionellen Friedensbewegung f\u00fchrt, k\u00f6nnte eine m\u00e4chtige Friedensbewegung entstehen. Das musste unter allen Umst\u00e4nden verhindert werden.<\/p>\n<p>Eine niedertr\u00e4chtige Kampagne wurde in Gang gesetzt, um die Mahnwachen \u2013 eine politisch unerfahrene Bewegung mit z.T. diffusen Vorstellungen \u2013 als &#8222;rechts&#8220; zu diffamieren.<\/p>\n<p>Wir k\u00f6nnen davon ausgehen, dass auch die NATO-Geheimdienste aktiv waren, nach dem Muster: schick ein paar Rechte oder Neonazis in die N\u00e4he einer Bewegung und schon lassen die Linken ihre Finger davon.<\/p>\n<p>Statt ihre eigenen Erfahrungen bei den Mahnwachen einzubringen und aufkl\u00e4rend zu wirken, beteiligten sich nicht wenige aus linken und friedenspolitischen Reihen an der Hetze gegen die Mahnwachen. Mit dem verheerenden Ergebnis, dass viele der Mobilisierten sich schlie\u00dflich zur\u00fcckzogen, weil sie nicht als &#8222;Rechte&#8220; oder &#8222;Nazis&#8220; beschimpft werden wollten. Damit wurde eine Chance zur Erweiterung, Verj\u00fcngung und St\u00e4rkung der Friedensbewegung vergeben \u2013 ganz im Interesse der NATO-Kriegstreiber.<\/p>\n<p>In den letzten Jahren hatte die Friedensbewegung als gemeinsame Aktivit\u00e4t u.a. die <strong>Kampagne gegen die Beschaffung bewaffneter Drohnen und die Kampagne Abr\u00fcsten statt Aufr\u00fcsten<\/strong>, gegen die von der NATO beschlossene Erh\u00f6hung der R\u00fcstungsausgaben.<\/p>\n<p>Viele Teile der Friedensbewegung unterst\u00fctzen die <a href=\"https:\/\/www.freidenker.org\/?p=9441\">internationale Kampagne<\/a> zum <strong>Atomwaffenverbotsvertrag<\/strong>, und fordern den Beitritt der Bundesregierung zu diesem Vertrag. Ein \u00fcberfl\u00fcssiges Unterfangen, denn um die US-Atomwaffen in Deutschland loszuwerden, k\u00f6nnte die Bundesregierung auch jederzeit aus der nuklearen Teilhabe aussteigen, was sie nat\u00fcrlich nicht tun wird. Im Gegenteil, in ihrem Regierungsprogramm <a href=\"https:\/\/www.sueddeutsche.de\/politik\/ampel-koalitionsvertrag-atomwaffen-1.5473253\">bekennt<\/a> sich die Ampelregierung ausdr\u00fccklich zum Verbleib der US-Atomwaffen in Deutschland,<\/p>\n<p>Staaten, die weder Atomwaffen haben noch erstreben, k\u00f6nnen dem Atomwaffenverbotsvertrag problemlos beitreten. Doch kein Atomwaffenstaat wird ihn in absehbarer Zeit unterschreiben.<\/p>\n<p>Auch wenn Russland nat\u00fcrlich das Ziel einer atomwaffenfreien Welt habe, so k\u00f6nne es dem Vertrag nicht beitreten, <a href=\"https:\/\/archive.mid.ru\/en\/web\/guest\/meropriyatiya_s_uchastiem_ministra\/-\/asset_publisher\/xK1BhB2bUjd3\/content\/id\/2913751\">erkl\u00e4rte<\/a> Sergej Lawrow, da \u201eeine vollst\u00e4ndige Denuklearisierung nur im Rahmen der allgemeinen und vollst\u00e4ndigen Abr\u00fcstung unter Bedingungen gleicher und unteilbarer Sicherheit f\u00fcr alle Staaten, einschlie\u00dflich der Nuklearstaaten, m\u00f6glich ist, wie dies der Atomwaffensperrvertrag festgelegt hat.\u201c Der Vertrag \u00fcber das Verbot von Nuklearwaffen hingegen \u201eentspricht nicht diesen Grunds\u00e4tzen und ignoriere die Notwendigkeit alle Faktoren zu ber\u00fccksichtigen, die die strategische Stabilit\u00e4t beeinflussen k\u00f6nnen, und kann sich daher destabilisierend auf das Nichtverbreitungsregime auswirken. Im Ergebnis k\u00f6nnte die Welt noch instabiler und unberechenbarer werden.\u201c<\/p>\n<p>Die Initiatoren der Kampagne (ICAN) meinen, der Vertrag wirke trotzdem, denn er nehme den Atomwaffen \u201edie Legitimit\u00e4t und diskreditiere den Besitz\u201c. Nur werden Atomwaffen ja nicht moralisch gerechtfertigt, sondern strategisch begr\u00fcndet.<\/p>\n<p>Wie sinnvoll aber ist diese Kampagne der Friedensbewegung von der man \u2013 wenn man sich den Realit\u00e4ten nicht verschlie\u00dft \u2013 doch wissen kann, dass sie keine einzige Atomwaffe beseitigen wird und nur Illusionen und falsche Hoffnungen erzeugt.<\/p>\n<p><strong>Frei nach Tucholsky k\u00f6nnte man sagen: &#8222;Es ist ein so beruhigendes Gef\u00fchl. Man tut etwas f\u00fcr eine atomwaffenfreie Welt, aber man wei\u00df ganz genau mit diesem Vertrag kommt sie nicht.\u201c<\/strong><\/p>\n<h5>Friedensbewegung und Klima<\/h5>\n<p>Wir erinnern uns: Im Jahr 2019 stand die Welt kurz vor dem Untergang. Panik wurde gesch\u00fcrt. Die Greta-Generation w\u00fcrde die letzte sein. &#8222;Fridays for Future&#8220; wurde medienwirksam auf die Weltb\u00fchne gehievt.<\/p>\n<p>Freitags h\u00fcpften Tausende Kinder und Jugendliche, vor allem aus der urbanen gehobenen Mittelklasse \u2013 auf den Stra\u00dfen um das Klima zu retten \u2013 gelobt und gesponsert auf h\u00f6chster Ebene, von Politikern, Konzernmedien und Finanzkonzernen, von der EU und NATO.<\/p>\n<p>Die Klimahysterie ergriff nat\u00fcrlich kaum die wachsende Zahl von Kindern der erwerbst\u00e4tigen Armen, der Arbeitslosen, der Hartz IV Ausgegrenzten, die sich t\u00e4glich Sorgen machen um ihre pure Existenz. Kinder und Jugendliche, die hungrig in materiell vernachl\u00e4ssigte \u00f6ffentliche Schulen gehen und keinerlei Aussicht auf eine w\u00fcrdevolle Zukunft mehr haben.<\/p>\n<p>Teile der Friedensbewegung hatten das Thema &#8222;Rettung des Klimas&#8220; aufgegriffen \u2013 offenbar in der Hoffnung, junge &#8222;Fridays for Future&#8220; Apostel auch f\u00fcr die \u00fcberalterte Friedensbewegung zu gewinnen. Das Ergebnis d\u00fcrfte sich wohl in Grenzen halten.<\/p>\n<p>Inzwischen geh\u00f6rt das Thema Klima schon zum allgemeinen Repertoire der Friedensbewegung. Einige Organisationen fordern &#8222;Abr\u00fcsten&#8220; und &#8222;Kriege beenden&#8220; um das Klima zu retten. Die R\u00fcstungsindustrie m\u00fcsse klimaneutral gemacht werden.<\/p>\n<p>Der Klimawandel w\u00fcrde viele Menschen in die Flucht treiben. Das lenkt so sch\u00f6n ab von der Verarmung afrikanischer L\u00e4nder durch die imperialistische Ausbeutung ihrer Ressourcen und den EU-Handelsvertr\u00e4gen zugunsten europ\u00e4ischer Konzerne.<\/p>\n<p>Eine Friedensbewegung, die den &#8222;Kampf f\u00fcrs Klima&#8220; in ihre Agenda aufnimmt, isoliert sich nicht nur von der Bev\u00f6lkerungsmehrheit. Wer der Regierungspolitik der &#8222;Klimawende&#8220; zustimmt, wird die Masse der werkt\u00e4tigen Menschen gegen sich haben. Denn Millionen von Menschen werden sich eine drastische Senkung des Lebensstandards nicht gefallen lassen und Ma\u00dfnahmen wie die CO2-Steuer, \u201cFrieren gegen Putin\u201d, Betriebsverbote f\u00fcr Verbrennungsmotoren, irrsinnige Spritpreise und nicht mehr bezahlbare Heizkosten etc. nicht widerstandslos hinnehmen.<\/p>\n<p>Zudem scheinen viele in der Friedensbewegung nicht zu bedenken, dass <strong>Klimapolitik als geopolitischen Waffe <\/strong>eingesetzt werden soll.<\/p>\n<p><a href=\"https:\/\/eur-lex.europa.eu\/resource.html?uri=cellar:b828d165-1c22-11ea-8c1f-01aa75ed71a1.0021.02\/DOC_1&amp;format=PDF\">Laut<\/a> dem sog. Europ\u00e4ischen Green Deal, sollten die Auswirkungen der Klimapolitik &#8222;zu einem integralen Bestandteil der \u00dcberlegungen und Ma\u00dfnahmen der EU in Bezug auf externe Angelegenheiten werden, auch im Kontext der Gemeinsamen Sicherheits- und Verteidigungspolitik.&#8220;<\/p>\n<p>Im Koalitionsvertrag der Ampelregierung hei\u00dft es, Deutschland trage &#8222;Verantwortung f\u00fcr Europa und die Welt&#8220;. Eine Nummer kleiner geht es gar nicht mehr. Annalena Baerbock <a href=\"https:\/\/taz.de\/Annalena-Baerbock-ueber-Aussenpolitik\/!5819421\/\">verk\u00fcndet<\/a> eine &#8222;Klima-Au\u00dfenpolitik.&#8220; Um das Klima zu retten, m\u00fcsse Deutschland wieder &#8222;voranschreiten und zum Vorreiter&#8220; werden. Klimapolitik sei nicht nur&#8220; moderne Wirtschafts-, sondern auch Sicherheitspolitik.&#8220;<\/p>\n<p>Letzten Dezember gab es sogar den Versuch, das Klima zu einem Faktor der internationalen Instabilit\u00e4t zu erkl\u00e4ren und den Kampf gegen den Klimawandel in den UNO-Sicherheitsrat einzubringen. Russland sprach sich entschieden gegen die Politisierung des Klimas aus und legte sein Veto ein.<\/p>\n<p>Laut <a href=\"https:\/\/www.anti-spiegel.ru\/2021\/warum-russland-in-der-uno-die-klimaresolution-blockiert-hat\/?doing_wp_cron=1648481419.7055180072784423828125\">Wassili Nebenzya<\/a>, dem russischen UNO-Vertreter, sei dies ein Versuch, &#8222;Treibhausgasemissionen sowie die Sonne und den Mond&#8220; f\u00fcr bestimmte Konflikte verantwortlich zu machen. Demnach m\u00fcsste der UNO-Sicherheitsrat, &#8222;der \u00fcber milit\u00e4rische Interventionen, Sanktionen und den Einsatz von Friedenstruppen entscheidet, bestimmte Konflikte ausschlie\u00dflich auf Klimafaktoren zur\u00fcckf\u00fchren oder L\u00e4nder mit Klimaproblemen zu Verursachern globaler Bedrohungen erkl\u00e4ren.&#8220;<\/p>\n<p>Es ist unschwer zu erahnen, dass das Klima, wie schon vorher die &#8222;Menschenrechte&#8220; als Waffe eingesetzt werden k\u00f6nnte, gegen L\u00e4nder, die sich dem Diktat des &#8222;klimarettenden&#8220; Westens nicht beugen.<\/p>\n<p>Das sollte der Friedensbewegung zu bedenken geben, wenn sie meint, ihren ureigenen Kampf f\u00fcr Frieden mit dem Kampf zur Rettung des Klimas verbinden zu m\u00fcssen.<\/p>\n<h5>Die traditionelle Friedensbewegung am Scheideweg.<\/h5>\n<p>B\u00fcndnispolitik war f\u00fcr die Friedensbewegung immer wichtig, um mehr Menschen zu mobilisieren. Das Problem ist nat\u00fcrlich auch immer, mit wem kann man ein B\u00fcndnis machen und wie weit geht der Konsens. Auch in dieser Frage steht die Friedensbewegung seit der russischen Milit\u00e4raktion vor einer neuen Situation.<\/p>\n<p><a href=\"https:\/\/rtde.site\/europa\/133425-ex-us-offizier-russen-zielen-nicht-auf-zivilisten\/\">Laut Scott Ritter<\/a>, dem ehemaligen Offizier f\u00fcr Aufkl\u00e4rung der US-Marineinfanterie, sitzt die CIA, im ukrainischen Informationsministerium und hat unter ihrer Kontrolle was in Europa erz\u00e4hlt wird. CIA Direktor William Burns erkl\u00e4rte voll Stolz <a href=\"https:\/\/multipolarista.com\/2022\/03\/17\/cia-information-war-russia\/\">im US-Senat<\/a>, dass Putin den Informationskrieg verliert, den die USA gegen Russland f\u00fchrt. Seitens der Ukraine wird der Informationskrieg zudem mit dem Einsatz professioneller westlicher Public Relation-Firmen <a href=\"https:\/\/krass-und-konkret.de\/politik-wirtschaft\/pr-agenturen-und-freiwillige-unterstuetzen-die-ukraine-im-medienkrieg\/\">organisiert<\/a>.<\/p>\n<p>Interessant wird, ob und wieweit die hiesigen Medien die Informationen bringen, die in den USA <a href=\"https:\/\/www.nachdenkseiten.de\/?p=82293\">publik<\/a> wurden: In der US-Administration gibt es einen Konflikt wegen der Falschinformationen der Medien in Bezug auf die russische Kriegsf\u00fchrung. Basierend auf diesen L\u00fcgen, dr\u00e4ngen das State-Department und der Kongress darauf, die NATO zu involvieren.<\/p>\n<p>Das Pentagon hingegen will eine milit\u00e4rische Konfrontation mit Russland vermeiden und hat deshalb der Presse Analysen durchgestochen, die aufzeigen, dass die Version der russischen Seite \u00fcber ihre Kampff\u00fchrung tats\u00e4chlich der Realit\u00e4t entsprechen. Das entzieht all den Berichten den Boden, Putin bombardiere absichtlich Zivilbev\u00f6lkerung, bereite einen Angriff mit chemischen oder biologischen Waffen vor und seine Armee stecke fest.<\/p>\n<p>Die Bev\u00f6lkerung auch hierzulande ist dem Trommelfeuer der Propaganda im Stil faschistischer Kriegsberichterstattung ausgesetzt. Sie ist so massiv und extrem, dass viele, ansonsten kritische Zeitgenossen ihr blind folgen und nicht einmal mehr bereit sind andere Informationen wenigstens zur Kenntnis zu nehmen. Ein breites Mitl\u00e4ufertum unter sogenannten Aufgekl\u00e4rten wurde geschaffen. Nur k\u00f6nnen diese sp\u00e4ter nicht sagen &#8222;wir haben es nicht wissen k\u00f6nnen&#8220; aufgrund des bisher noch m\u00f6glichen Zugangs zu anderen Informationen.<\/p>\n<p>Am 27. Februar wurden binnen weniger Tage Hunderttausende mobilisiert und als neue Friedensbewegung gefeiert. Das geht nicht ganz so spontan wie man annehmen k\u00f6nnte. Dahinter steht &#8222;<a href=\"https:\/\/www.campact.de\/\">Campact<\/a>&#8220; eine sehr professionelle, finanziell gut ausgestattete Massenmobilisierungsmaschine, die seit mehreren Jahren allerlei Unterschriftskampagnen online lanciert und damit inzwischen 2,3 Millionen Adressen gesammelt hat, die sie nun f\u00fcr eine Mobilisierung gegen Putin anschreibt.<\/p>\n<p>Neben ihrer erfolgreichen Mobilisierung f\u00fcr den <a href=\"https:\/\/www.campact.de\/friedenskundgebung\/\">27. Februar<\/a> und <a href=\"https:\/\/stoppt-den-krieg.de\/\">13. M\u00e4rz<\/a> fordert Campact dazu auf, in der \u00d6ffentlichkeit ein Zeichen f\u00fcr &#8222;Solidarit\u00e4t mit der Ukraine&#8220; zu setzen und bietet kostenfreie Sets mit blau-gelben Stickern und Plakaten &#8222;Stop Putin, Stop War&#8220; an. Kostenfrei millionenfach.<\/p>\n<p>F\u00fcr die Kampagne &#8222;Stoppt den Krieg&#8220; hat Campact ein <a href=\"https:\/\/stoppt-den-krieg.de\/buendnis\/\">B\u00fcndnis<\/a> geschlossen mit Gewerkschaften, Umweltverb\u00e4nden, Kirchen, allerlei sogenannten NGOs. Selbst einige traditionelle Organisationen der Friedensbewegung schlossen sich an.<\/p>\n<p>Dazu schreibt die <a href=\"https:\/\/www.jungewelt.de\/artikel\/422514.inmitten-der-aufr%C3%BCstung-bunt-mit-viel-blau-gelb.htm\">junge Welt<\/a>: <em>&#8222;Kaum zu \u00fcbersehen ist die Doppelmoral vieler Akteure des B\u00fcndnisses. So geh\u00f6ren zu den treibenden Kr\u00e4ften hinter der momentanen Mobilisierung der DGB und die Evangelische Kirche in Deutschland (EKD) \u2013 beides Organisationen, die im Fr\u00fchjahr 1999 den v\u00f6lkerrechtswidrigen Angriff der NATO auf Ex-Jugoslawien voll mitgetragen haben.<\/em><em>&#8222;<\/em><\/p>\n<p>Mit diesen Demonstrationen erkl\u00e4ren sich nun namhafte K\u00fcnstler, Wissenschaftler und Politiker solidarisch und haben einen Aufruf lanciert: &#8222;<a href=\"https:\/\/derappell.de\/\">Der Appell<\/a>&#8222;, der im Sekundentakt im Internet die Zahl der Unterschriften hochschie\u00dfen l\u00e4sst. Er wendet sich gegen das Hochr\u00fcstungsprogramm, der Bundesregierung, aber mit keinem Wort gegen die Waffenlieferung an Kiew \u2013 und stimmt gleich zu Beginn gegen Putin ein: &#8222;<em>Dieser Krieg ist durch nichts zu rechtfertigen. Putin tr\u00e4gt die volle Verantwortung f\u00fcr die Toten und die Menschen auf der Flucht. Putins Begr\u00fcndungen f\u00fcr den Krieg sind L\u00fcgen und Propaganda.&#8220;<\/em><\/p>\n<p>Der Freund und Journalist Christian Harde schrieb dazu folgende sehr treffende Anmerkung: <em>Der &#8222;Appell&#8220; dient einzig und allein dazu, die Reste, die noch von der Friedensbewegung und der politischen Linken \u00fcbrig sind, a) weiter zu spalten, b) zu diskreditieren (wenn sie nicht mitmachen), c) auf NATO-Linie zu bringen und so politisch zu neutralisieren. Sich gegen Aufr\u00fcstung auszusprechen, wird nur dann noch, aber auch nur ansatz-\/zeitweise geduldet, wenn gleichzeitig tiefe &#8222;Abscheu und Emp\u00f6rung&#8220; \u00fcber Putin ge\u00e4u\u00dfert werden.<\/em><\/p>\n<p><strong>Die Spaltung der traditionellen Friedensbewegung wird vertieft.<\/strong> Es gibt noch Gruppen, die sich dieser organisierten Ostfront nicht anschlie\u00dfen, aber meinen einen Mittelweg finden zu k\u00f6nnen. Sie verlangen den Abzug der russischen Truppen und einen Stopp der NATO-Erweiterung.<\/p>\n<p>Konfrontiert mit den gleichen Problemen in der Friedensbewegung in den USA, schreibt der <a href=\"https:\/\/cooptv.wordpress.com\/2022\/03\/25\/erklarung-des-us-friedensrats-zur-militarintervention-russlands-in-der-ukraine\/\">US-Friedensrat<\/a>: &#8222;Diese Position ignoriert die kausalen Zusammenh\u00e4nge, die der Ukraine-Situation innewohnen. Es stellt Ursache und Wirkung auf die gleiche Ebene, w\u00e4hrend es die Tatsache ignoriert, dass die NATO-Erweiterung der wesentliche Grund f\u00fcr die milit\u00e4rische Antwort Russlands ist. Aus diesen Gr\u00fcnden sieht die Position der \u00e4quivalenten Schuld, oberfl\u00e4chlich betrachtet, ausgewogen aus, ist es aber in Wirklichkeit nicht.&#8220;<\/p>\n<p>Die Mehrheit der Erkl\u00e4rungen und Aufrufe aus der traditionellen Friedensbewegung beginnt mit der Verurteilung der &#8222;<strong>v\u00f6lkerrechtswidrigen russischen Aggression.&#8220;<\/strong><\/p>\n<p>Der Landesverband der Freidenker Berlin macht darauf aufmerksam, dass Beides in der UNO-Charta festgeschrieben ist: &#8222;die Verurteilung von Angriffskriegen UND das Recht auf nationale Selbstverteidigung. Die Fakten, dass nicht nur die Donbass-Republiken, sondern auch die Russische F\u00f6deration die Wahrung dieses Rechts auf Selbstverteidigung nicht aufschieben konnten, sind erdr\u00fcckend.&#8220;<\/p>\n<p>Viele in der Friedensbewegung sind schockiert, entt\u00e4uscht, ihr Vertrauen in Russland ist ersch\u00fcttert. Aber was erwarten sie denn von Russland? Seit den 90iger Jahren l\u00fcgen und betr\u00fcgen die USA\/NATO ein geduldiges Russland.<\/p>\n<p>Nach all den Jahren des N\u00e4herr\u00fcckens der NATO, der milit\u00e4rischen Aufm\u00e4rsche und Aufr\u00fcstung, des einseitigen Bruchs von Vereinbarungen, der Blockade und schlie\u00dflich Aufk\u00fcndigung von Minsk II, meinen sie, Russland h\u00e4tte ruhig noch weiter abwarten k\u00f6nnen, bis die Ukraine NATO-Mitglied ist und Atomraketen hat? Welche Alternative w\u00e4re Russland denn \u00fcberhaupt noch geblieben?<\/p>\n<p>Wenn die Friedensbewegung in ihren Aufrufen und Erkl\u00e4rungen fordert: &#8222;<strong>Verhandeln jetzt<\/strong>&#8222;, hat sie nicht hingeh\u00f6rt, als die russische Regierung mehrmals angek\u00fcndigt hatte, dass sie die Verweigerung ernsthafter Verhandlungen auf Dauer nicht hinnehmen werde. Hatten sie angenommen, Putin und Lawrow erz\u00e4hlen einen Witz, als sie die NATO wiederholt davor warnten, die &#8222;rote Linie&#8220; nicht zu \u00fcberschreiten?<\/p>\n<p>Um es noch einmal deutlich zu machen: Am 17. Dezember hatte die Russische F\u00f6deration den USA und der NATO <a href=\"https:\/\/www.anti-spiegel.ru\/2021\/russland-veroeffentlicht-vertragstexte-fuer-abkommen-ueber-sicherheitsgarantien-mit-den-usa-und-der-nato\/?doing_wp_cron=1647901663.5741100311279296875000\">Vertragsentw\u00fcrfe<\/a> f\u00fcr gegenseitige Sicherheitsgarantien \u00fcbergeben.<\/p>\n<p>Sergej Lawrow <a href=\"https:\/\/www.anti-spiegel.ru\/2022\/die-antworten-von-usa-und-nato-auf-russlands-vorschlaege-wurden-geleakt-teil-1-nato\/\">kommentierte<\/a> die Antwort der USA\/NATO mit den Worten, sie &#8222;ist so ideologisch, sie atmet so viel von der Exklusivit\u00e4t des Nordatlantischen B\u00fcndnisses, seiner besonderen Mission und seinem besonderen Zweck, dass ich mich ein wenig f\u00fcr diejenigen sch\u00e4me, die diese Texte geschrieben haben\u201c.<\/p>\n<p>Es wurde noch einmal deutlich: Die USA waren nicht an ernsthaften Verhandlungen interessiert. Daraufhin informierte die russische Regierung \u2013 in einer <a href=\"https:\/\/www.anti-spiegel.ru\/2022\/russlands-antwort-auf-die-reaktion-der-usa-zu-gegenseitigen-sicherheitsgarantien\">Pressemitteilung<\/a> vom 17. Februar \u2013 die \u00d6ffentlichkeit \u00fcber ihre ausf\u00fchrliche Antwort. Darin hei\u00dft es u.a. ausdr\u00fccklich: &#8222;Sollte die amerikanische Seite nicht bereit sein, feste, rechtlich verbindliche Garantien zu vereinbaren, um unsere Sicherheit vor den USA und ihren Verb\u00fcndeten zu gew\u00e4hrleisten, wird Russland gezwungen sein, zu reagieren, auch mit milit\u00e4r-technischen Ma\u00dfnahmen.&#8220;<\/p>\n<p><em>\u00a0<\/em>Abstrakte pazifistische Parolen haben gegenw\u00e4rtig Hochkonjunktur: <strong>&#8222;Die Waffen nieder \u2013 sofortiger Waffenstillstand \u2013 den Krieg stoppen!&#8220;<\/strong> \u00a0\u00dcberlegen jene in der Friedensbewegung, die das im Verbund mit der NATO fordern, was die Konsequenz w\u00e4re?<\/p>\n<p>Ein vorzeitiger R\u00fcckzug der russischen Truppen ohne eine weitgehende Demilitarisierung, Entnazifizierung und ein entsprechendes politisches \u00dcbereinkommen erreicht zu haben, w\u00fcrde bedeuten, die USA bleiben mit Biowaffenlaboren und demn\u00e4chst Atomwaffen in der Ukraine. Washington h\u00e4lt sich in sicherem Abstand und benutzt weiterhin das ukrainische Regime, um Russland zu provozieren und die Spannungen bis zum n\u00e4chsten Zerrei\u00dfen aufrechtzuerhalten, der Westen w\u00fcrde, wie Boris Johnson es <a href=\"https:\/\/rtde.site\/europa\/134627-johnson-westen-will-ukraine-nach\/\">formulierte<\/a>, mit neuer Aufr\u00fcstung &#8222;die Stacheln des ukrainischen Stachelschweins st\u00e4hlen, um es f\u00fcr die russischen Streitkr\u00e4fte in Zukunft ungenie\u00dfbar zu machen&#8220;. Und Russland soll die existentielle Bedrohung an seinen Grenzen, die nur noch gr\u00f6\u00dfer werden w\u00fcrde, hinnehmen?<\/p>\n<h5>Es wird von Krieg mitten in Europa geredet, aber was ist mit dem Faschismus mitten in Europa?<\/h5>\n<p>Was ist das f\u00fcr eine Ukraine, dessen Staats- und Sicherheitsapparat von Nazis durchsetzt ist, das einen Nazi-Kollaborateur und Massenm\u00f6rder Bandera als Nationalheld feiert, dessen Neonazi Bataillon Asow menschliche Schutzschilde benutzt und auf fliehende Zivilsten schie\u00dft, in der ein<a href=\"https:\/\/rtde.team\/europa\/134274-kakerlaken-ukrainischer-sanitatschef-ordnet-kastration\/\"> Sanit\u00e4tschef<\/a> im Fernsehen die Kastration verwundeter russischer Kriegsgefangener anordnet, weil sie &#8222;Kakerlaken sind und keine Menschen&#8220; \u2013 oder ein <a href=\"https:\/\/rtde.site\/europa\/133913-ukraine-tv-moderator-zitiert-eichmann\/\">TV-Moderator<\/a> in einer Livesendung Adolf Eichmann zitiert und dazu auffordert russische Kinder zu t\u00f6ten um Russland zu vernichten \u2013 um nur einige Beispiele zu nennen.<\/p>\n<p>Heute beschweigt eine deutsche Friedensbewegung in ihrer Mehrheit weitgehend den Faschismus an der Grenze Russlands und fordert von der russischen Armee den Kampf zur Entnazifizierung der Ukraine aufzugeben, die als Vorhut des USA\/NATO-Faschismus gegen Russland fungiert.<\/p>\n<p>Sie versteht offenbar nicht, wie tiefgreifend die Erfahrung mit dem Faschismus heute noch in Russland verankert ist.<\/p>\n<p>W\u00e4hrend Russland gegen die faschistische Vorhut in der Ukraine k\u00e4mpft, um sie diesmal bereits an der Grenze abzuwehren, wenden sich viele Teile der Friedensbewegung gegen Russland, statt offensiv und massiv gegen die USA und ihre Speerspitze in der deutschen Regierung zu mobilisieren.<\/p>\n<p>In der Friedensbewegung gibt es genug gut informierte Aktive, die die <a href=\"https:\/\/www.youtube.com\/watch?v=vln_ApfoFgw\">Strategie<\/a> kennen, die die USA seit 100 Jahren verfolgen, die darauf abzielt eine Ann\u00e4herung zwischen Deutschland und Russland zu verhindern.<\/p>\n<p>Merken sie nicht, wie Washington sich gen\u00fcsslich zur\u00fccklehnt und die europ\u00e4ischen Verb\u00fcndeten \u2013 an vorderster Front Deutschland \u2013 gegen Russland agieren l\u00e4sst, gegen die eindeutigen Interessen der V\u00f6lker Europas, gegen unsere Interessen?<\/p>\n<p>Wir m\u00fcssen eine von den USA unabh\u00e4ngige Politik im Interesse unseres Landes fordern, die Beendigung der Aufr\u00fcstung und Kriegshysterie und des Sanktionswahnsinn, der als Bumerang zur\u00fcckkommt, noch viel mehr Arbeitspl\u00e4tze vernichtet und gro\u00dfe Teile der Bev\u00f6lkerung verarmt.<\/p>\n<p>Das w\u00e4re auch die Basis einer B\u00fcndnispolitik, die langfristig Mehrheiten in der Bev\u00f6lkerung mobilisieren k\u00f6nnte.<\/p>\n<p>Die Friedensbewegung st\u00fcnde damit auch im B\u00fcndnis mit wachsenden Teilen der Weltbev\u00f6lkerung, die die US-Hegemonie, den Neokolonialismus, die Arroganz, und Doppelmoral des &#8222;Wertewestens&#8220; nicht mehr hinnehmen wollen und mit L\u00e4ndern, die unter den US-gef\u00fchrten Aggressionen und Subversionen gelitten haben und sich zusehends Russland und China zuwenden.<\/p>\n<p>Auch wenn in der UNO die Russland-feindlichen Resolutionen mehrheitlich Zustimmung fanden, die meisten L\u00e4nder der Welt schlie\u00dfen sich der Sanktionspolitik gegen Russland nicht an, sondern sind an der Entwicklung wirtschaftlichen Kooperation mit Russland interessiert.<\/p>\n<p>Einige meinen, es ginge um einen interimperialistischen Krieg, weil Russland heute ein kapitalistischer Staat sei. Deshalb sollte oder k\u00f6nnte man auch keine Position beziehen.<\/p>\n<p>Nein, es geht um zwei grunds\u00e4tzlich antagonistische au\u00dfenpolitische Interessen und Strategien zwischen den USA und Russland:<strong> Hegemonie versus souver\u00e4ne Gleichheit. <\/strong><\/p>\n<p>Auf der einen Seite die USA, die &#8222;exzeptionelle&#8220; Nation mit globalem F\u00fchrungsanspruch, die die ganze Welt zu ihrem Interessensgebiet erkl\u00e4rt und anderen L\u00e4ndern eigene unabh\u00e4ngige Interessen abspricht. Zusammen mit den Staaten, die die US-Politik untert\u00e4nigst unterst\u00fctzen, bilden sie die &#8222;Wertegemeinschaft&#8220;, die sich das Recht nimmt andere L\u00e4nder zu belehren, zu bedrohen, mit Wirtschaftssanktionen zu belegen, deren Regierungen zu st\u00fcrzen oder Waffengewalt einzusetzen, wenn sich diese L\u00e4nder ihrem Druck nicht beugen.<\/p>\n<p>Im Gegensatz dazu Russland, dessen herausragende diplomatische Rolle in den letzten Jahren deutlich wurde, die die Regierung Putin\/Lawrow in internationalen Konflikten gespielt hat. Es ist eine Au\u00dfenpolitik, die vom Prinzip der souver\u00e4nen Gleichheit aller Nationen ausgeht und die respektvolle Zusammenarbeit, Stabilit\u00e4t, Berechenbarkeit und Ausgleich sucht \u2013 eine Politik, die auf dem Grundsatz der unteilbaren und gleichen Sicherheit f\u00fcr alle basiert.<\/p>\n<p>Die Verantwortung f\u00fcr die gegenw\u00e4rtigen Situation liegt allein bei den USA, der NATO, der EU und der Bundesregierung, die alles getan haben, die sich zuspitzende Gefahr eines milit\u00e4rischen Zusammensto\u00dfes noch weiter anzufeuern.<\/p>\n<p>Auch wenn die milit\u00e4rische Operation Russlands erfolgreich zur Entmilitarisierung und Entnazifizierung der Ukraine f\u00fchren sollte, der grunds\u00e4tzliche Kampf der USA und ihrer untergebenen Verb\u00fcndeten zur Rettung ihrer Hegemonie wird andauern. Er k\u00f6nnte noch gef\u00e4hrlicher werden. Darauf m\u00fcssen wir uns einstellen und vorbereiten.<\/p>\n<p>Von Teilen der Friedensbewegung, die sich in gr\u00f6\u00dfter Eile mit NATO-kompatiblen pazifistischen Parolen in die Querfront gegen Russland einreihen, ist vorl\u00e4ufig wohl nicht viel zu erwarten.<\/p>\n<p>Ich m\u00f6chte mit einem Zitat enden:<\/p>\n<blockquote><p>&#8222;Man muss bedenken, dass pazifistische Phrasen, Redensarten und Beteuerungen, manchmal sogar Schw\u00fcre gegen den Krieg und f\u00fcr den Frieden in der ganzen Welt au\u00dfergew\u00f6hnlich oft zu h\u00f6ren sind, w\u00e4hrend wir der Bereitschaft, wirkliche Schritte, seien es auch nur die allereinfachsten, besonders in den modernen zivilisierten Staaten, au\u00dfergew\u00f6hnlich selten begegnen. Aber wir m\u00f6chten sowohl in dieser, wie auch in \u00e4hnlichen Fragen m\u00f6glichst wenig allgemeine Erkl\u00e4rungen, feierliche Versprechen und pomp\u00f6se Formeln h\u00f6ren und daf\u00fcr m\u00f6glichst viele ganz einfache, ganz klare Beschl\u00fcsse und Ma\u00dfnahmen sehen, die tats\u00e4chlich zum Frieden f\u00fchren, von der v\u00f6lligen Beseitigung der Kriegsgefahr gar nicht zu sprechen. &#8220;<\/p>\n<p><span style=\"font-size: 10pt;\">Wladimir Iljitsch Lenin, am 27. Oktober 1922 in einem <a href=\"http:\/\/www.max-stirner-archiv-leipzig.de\/dokumente\/LW33.pdf\" target=\"_blank\" rel=\"noopener\">Interview mit dem britischen Observer<\/a><\/span><br \/>\n<span style=\"font-size: 10pt;\">Lenin Werke Band 33, DIETZ VERLAG BERLIN 1977, Seite 372<\/span><\/p><\/blockquote>\n<p style=\"text-align: right;\"><em>Doris Pumphrey ist Aktivistin in der Friedenskoordination (Friko), Berlin<\/em><\/p>\n<hr \/>\n<p><strong>Download<\/strong><\/p>\n<p><img data-recalc-dims=\"1\" loading=\"lazy\" decoding=\"async\" data-attachment-id=\"1076\" data-permalink=\"https:\/\/www.freidenker.org\/?attachment_id=1076\" data-orig-file=\"https:\/\/i0.wp.com\/www.freidenker.org\/fw17\/wp-content\/uploads\/2017\/10\/pdf_icon-2.png?fit=32%2C32&amp;ssl=1\" data-orig-size=\"32,32\" data-comments-opened=\"0\" data-image-meta=\"{&quot;aperture&quot;:&quot;0&quot;,&quot;credit&quot;:&quot;&quot;,&quot;camera&quot;:&quot;&quot;,&quot;caption&quot;:&quot;&quot;,&quot;created_timestamp&quot;:&quot;0&quot;,&quot;copyright&quot;:&quot;&quot;,&quot;focal_length&quot;:&quot;0&quot;,&quot;iso&quot;:&quot;0&quot;,&quot;shutter_speed&quot;:&quot;0&quot;,&quot;title&quot;:&quot;&quot;,&quot;orientation&quot;:&quot;0&quot;}\" data-image-title=\"pdf_icon\" data-image-description=\"\" data-image-caption=\"\" data-large-file=\"https:\/\/i0.wp.com\/www.freidenker.org\/fw17\/wp-content\/uploads\/2017\/10\/pdf_icon-2.png?fit=32%2C32&amp;ssl=1\" class=\"alignnone size-full wp-image-1076\" src=\"https:\/\/i0.wp.com\/www.freidenker.org\/fw17\/wp-content\/uploads\/2017\/10\/pdf_icon-2.png?resize=32%2C32&#038;ssl=1\" alt=\"\" width=\"32\" height=\"32\" \/>\u00a0Den <a href=\"https:\/\/www.freidenker.org\/fw17\/wp-content\/uploads\/2022\/03\/Die-Friedensbewegung-am-Scheideweg-1.pdf\" target=\"_blank\" rel=\"noopener\">Vortrag als PDF-Dokument<\/a> lesen oder herunterladen (PDF-Dokument, ca. 233 KB)<\/p>\n<hr \/>\n<p><span style=\"font-size: 10pt;\">Bild: Kundgebung &#8222;Sicherheit f\u00fcr Russland ist Sicherheit f\u00fcr unser Land&#8220; der Friko Berlin am 18.02.2022<\/span><br \/>\n<span style=\"font-size: 10pt;\">Foto: Friko Berlin<\/span><br \/>\n<span style=\"font-size: 10pt;\">Quelle: <a href=\"https:\/\/www.flickr.com\/photos\/frikoberlin\/51890627441\/in\/album-72177720296799634\/\" target=\"_blank\" rel=\"noopener\">https:\/\/www.flickr.com\/photos\/frikoberlin\/51890627441\/in\/album-72177720296799634\/<\/a><\/span><\/p>\n","protected":false},"excerpt":{"rendered":"<p><b>Vortrag von Doris Pumphrey, gehalten am 26.03.2022<\/b><br \/>\nIn den letzten Jahren wurde immer wieder konstatiert und kritisiert, dass die Friedensbewegung schwach sei, nur noch Wenige zu Aktionen kommen. Sie spiele in der \u00f6ffentlichen Wahrnehmung keine nennenswerte Rolle.<br \/>\nIn einem Artikel Im Oktober 21 \u00fcber die gro\u00dfe Friedensdemonstration in Bonn 1981, fragte der Konfliktforscher Dr. Leo Ensel, wo die Aktivisten von damals geblieben seien. &#8222;Ob sie denn meinten, sie h\u00e4tten mit ihrem damaligen Engagement ihr friedenspolitisches Soll f\u00fcr den Rest ihres Lebens abgeleistet.&#8220; Nein, das meinen sie nicht, denn ein erheblicher Teil von ihnen ist auch heute noch an vorderster Front der Friedensbewegung aktiv. <\/p>\n","protected":false},"author":3,"featured_media":12520,"comment_status":"closed","ping_status":"closed","sticky":false,"template":"","format":"standard","meta":{"colormag_page_container_layout":"default_layout","colormag_page_sidebar_layout":"default_layout","advanced_seo_description":"","jetpack_seo_html_title":"","jetpack_seo_noindex":false,"jetpack_post_was_ever_published":false,"footnotes":""},"categories":[13],"tags":[451,335,43,881,188,269,639],"class_list":["post-12515","post","type-post","status-publish","format-standard","has-post-thumbnail","hentry","category-frieden-antifaschismus-solidaritaet","tag-faschismus","tag-frieden","tag-friedensbewegung","tag-irakkrieg","tag-krieg","tag-nato-ueberfall-auf-jugoslawien","tag-ukraine-konflikt"],"jetpack_featured_media_url":"https:\/\/i0.wp.com\/www.freidenker.org\/fw17\/wp-content\/uploads\/2022\/03\/friko_2022-02-18_800x450.jpg?fit=800%2C450&ssl=1","jetpack_shortlink":"https:\/\/wp.me\/p9stpK-3fR","jetpack-related-posts":[{"id":3020,"url":"https:\/\/www.freidenker.org\/?p=3020","url_meta":{"origin":12515,"position":0},"title":"Passend zur Kriegszeit: Breitseiten gegen die Friedensbewegung","author":"Webredaktion","date":"15. Februar 2015","format":false,"excerpt":"Beitrag von Klaus Hartmann, sp\u00e4ter ver\u00f6ffentlicht in FREIDENKER 1-15 Die Bedrohung des Weltfriedens ist mit der NATO-Aggression in der Ukraine und der psychologischen Kriegsf\u00fchrung gegen Russland erheblich gewachsen. Die Aktions- und Mobilisierungsf\u00e4higkeit der Friedensbewegung ist der Bedrohung v\u00f6llig unangemessen. Als mit den \u201eMontagsmahnwachen f\u00fcr den Frieden\u201c nach Beginn der Ukraine-Krise\u2026","rel":"","context":"In &quot;Frieden - Antifaschismus - Solidarit\u00e4t&quot;","block_context":{"text":"Frieden - Antifaschismus - Solidarit\u00e4t","link":"https:\/\/www.freidenker.org\/?cat=13"},"img":{"alt_text":"","src":"https:\/\/i0.wp.com\/www.freidenker.org\/fw17\/wp-content\/uploads\/2015\/02\/klartext_2014-12-13-rt-0042_800x445.jpg?fit=800%2C445&ssl=1&resize=350%2C200","width":350,"height":200,"srcset":"https:\/\/i0.wp.com\/www.freidenker.org\/fw17\/wp-content\/uploads\/2015\/02\/klartext_2014-12-13-rt-0042_800x445.jpg?fit=800%2C445&ssl=1&resize=350%2C200 1x, https:\/\/i0.wp.com\/www.freidenker.org\/fw17\/wp-content\/uploads\/2015\/02\/klartext_2014-12-13-rt-0042_800x445.jpg?fit=800%2C445&ssl=1&resize=525%2C300 1.5x, https:\/\/i0.wp.com\/www.freidenker.org\/fw17\/wp-content\/uploads\/2015\/02\/klartext_2014-12-13-rt-0042_800x445.jpg?fit=800%2C445&ssl=1&resize=700%2C400 2x"},"classes":[]},{"id":2998,"url":"https:\/\/www.freidenker.org\/?p=2998","url_meta":{"origin":12515,"position":1},"title":"\u201eKrieg der Friedensfreunde\u201c?","author":"Webredaktion","date":"19. April 2015","format":false,"excerpt":"Breitseiten gegen die Friedensbewegung (1. Fortsetzung). Beitrag von Klaus Hartmann Wenn eine Zeitung wie die \u201eTaz\u201c, die bisher allen imperialistischen Kriegen in den letzten Jahrzehnten ihre propagandistische Unterst\u00fctzung nicht versagen wollte, mit dieser \u00dcberschrift einen Zustandsbericht \u00fcber die Friedensbewegung ver\u00f6ffentlicht, liegt die Diagnose nahe: \u201eDer Wunsch ist der Vater des\u2026","rel":"","context":"In &quot;Frieden - Antifaschismus - Solidarit\u00e4t&quot;","block_context":{"text":"Frieden - Antifaschismus - Solidarit\u00e4t","link":"https:\/\/www.freidenker.org\/?cat=13"},"img":{"alt_text":"","src":"https:\/\/i0.wp.com\/www.freidenker.org\/fw17\/wp-content\/uploads\/2015\/04\/klartext_22-2015-02-07-wr-6224_800x445.jpg?fit=800%2C445&ssl=1&resize=350%2C200","width":350,"height":200,"srcset":"https:\/\/i0.wp.com\/www.freidenker.org\/fw17\/wp-content\/uploads\/2015\/04\/klartext_22-2015-02-07-wr-6224_800x445.jpg?fit=800%2C445&ssl=1&resize=350%2C200 1x, https:\/\/i0.wp.com\/www.freidenker.org\/fw17\/wp-content\/uploads\/2015\/04\/klartext_22-2015-02-07-wr-6224_800x445.jpg?fit=800%2C445&ssl=1&resize=525%2C300 1.5x, https:\/\/i0.wp.com\/www.freidenker.org\/fw17\/wp-content\/uploads\/2015\/04\/klartext_22-2015-02-07-wr-6224_800x445.jpg?fit=800%2C445&ssl=1&resize=700%2C400 2x"},"classes":[]},{"id":3018,"url":"https:\/\/www.freidenker.org\/?p=3018","url_meta":{"origin":12515,"position":2},"title":"Freidenker-Brief 2-2015: Breitseiten gegen die Friedensbewegung","author":"Webredaktion","date":"17. Februar 2015","format":false,"excerpt":"Der Vorsitzende des Deutschen Freidenker-Verbands, Klaus Hartmann, analysiert im n\u00e4chsten \u201eFreidenker\u201c (Nr. 1-2015) den Zustand der Friedensbewegung. Der Artikel schlie\u00dft mit den Worten: \u201eWir bekr\u00e4ftigen die Feststellung Eugen Drewermanns \u201aDer wichtigste Beitrag zur Friedenspolitik lautet: Raus aus der NATO!\u2018 Wir arbeiten und demonstrieren mit allen zusammen, die auch am 8.\u2026","rel":"","context":"In &quot;Freidenker-Brief&quot;","block_context":{"text":"Freidenker-Brief","link":"https:\/\/www.freidenker.org\/?cat=341"},"img":{"alt_text":"","src":"https:\/\/i0.wp.com\/www.freidenker.org\/fw17\/wp-content\/uploads\/2015\/02\/peace-dove-588081_800x445.jpg?fit=800%2C445&ssl=1&resize=350%2C200","width":350,"height":200,"srcset":"https:\/\/i0.wp.com\/www.freidenker.org\/fw17\/wp-content\/uploads\/2015\/02\/peace-dove-588081_800x445.jpg?fit=800%2C445&ssl=1&resize=350%2C200 1x, https:\/\/i0.wp.com\/www.freidenker.org\/fw17\/wp-content\/uploads\/2015\/02\/peace-dove-588081_800x445.jpg?fit=800%2C445&ssl=1&resize=525%2C300 1.5x, https:\/\/i0.wp.com\/www.freidenker.org\/fw17\/wp-content\/uploads\/2015\/02\/peace-dove-588081_800x445.jpg?fit=800%2C445&ssl=1&resize=700%2C400 2x"},"classes":[]},{"id":21493,"url":"https:\/\/www.freidenker.org\/?p=21493","url_meta":{"origin":12515,"position":3},"title":"Die Friedensbewegung im Spannungsfeld","author":"Webredaktion","date":"16. April 2025","format":false,"excerpt":"Vortrag von Doris Pumphrey, Gehalten auf dem Kongress \"Krieg und Frieden\" der Neuen Gesellschaft f\u00fcr Psychologie, Berlin 10. bis 12. April 2025 Die Friedensbewegung ist eine sog. Graswurzelbewegung, die die M\u00fchen durchlaufen muss eines Aufbaus und einer Mobilisierung von unten. Authentische, unabh\u00e4ngige Graswurzelbewegungen haben es heute viel schwerer als fr\u00fcher.\u2026","rel":"","context":"In &quot;Frieden - Antifaschismus - Solidarit\u00e4t&quot;","block_context":{"text":"Frieden - Antifaschismus - Solidarit\u00e4t","link":"https:\/\/www.freidenker.org\/?cat=13"},"img":{"alt_text":"","src":"https:\/\/i0.wp.com\/www.freidenker.org\/fw17\/wp-content\/uploads\/2025\/04\/Ostermarsch_Berlin_20180331_133450b_800x450.jpg?fit=800%2C450&ssl=1&resize=350%2C200","width":350,"height":200,"srcset":"https:\/\/i0.wp.com\/www.freidenker.org\/fw17\/wp-content\/uploads\/2025\/04\/Ostermarsch_Berlin_20180331_133450b_800x450.jpg?fit=800%2C450&ssl=1&resize=350%2C200 1x, https:\/\/i0.wp.com\/www.freidenker.org\/fw17\/wp-content\/uploads\/2025\/04\/Ostermarsch_Berlin_20180331_133450b_800x450.jpg?fit=800%2C450&ssl=1&resize=525%2C300 1.5x, https:\/\/i0.wp.com\/www.freidenker.org\/fw17\/wp-content\/uploads\/2025\/04\/Ostermarsch_Berlin_20180331_133450b_800x450.jpg?fit=800%2C450&ssl=1&resize=700%2C400 2x"},"classes":[]},{"id":3010,"url":"https:\/\/www.freidenker.org\/?p=3010","url_meta":{"origin":12515,"position":4},"title":"Freidenker-Brief 3-2015: 8. Mai 2015 \u2013 70 Jahre \u201eTag der Befreiung\u201c","author":"Webredaktion","date":"3. April 2015","format":false,"excerpt":"Der Deutsche Freidenker-Verband ver\u00f6ffentlicht in seiner Verbandszeitschrift \u201eFreidenker\u201c Nr. 1-15 (M\u00e4rz 2015) seine Erkl\u00e4rung \u201e70 Jahre nach der Befreiung vom Faschismus \u2013 Deutschland braucht eine grundlegend andere Au\u00dfenpolitik: Verst\u00e4ndigung statt Konfrontation\u201c Ferner hat der Verbandsvorstand beschlossen: - Der Deutsche Freidenker-Verband unterst\u00fctzt den Aufruf des Berliner Aktionsb\u00fcndnisses \u201e70 Jahre Tag der\u2026","rel":"","context":"In &quot;Freidenker-Brief&quot;","block_context":{"text":"Freidenker-Brief","link":"https:\/\/www.freidenker.org\/?cat=341"},"img":{"alt_text":"","src":"https:\/\/i0.wp.com\/www.freidenker.org\/fw17\/wp-content\/uploads\/2015\/04\/tdb2015_800x445.jpg?fit=800%2C445&ssl=1&resize=350%2C200","width":350,"height":200,"srcset":"https:\/\/i0.wp.com\/www.freidenker.org\/fw17\/wp-content\/uploads\/2015\/04\/tdb2015_800x445.jpg?fit=800%2C445&ssl=1&resize=350%2C200 1x, https:\/\/i0.wp.com\/www.freidenker.org\/fw17\/wp-content\/uploads\/2015\/04\/tdb2015_800x445.jpg?fit=800%2C445&ssl=1&resize=525%2C300 1.5x, https:\/\/i0.wp.com\/www.freidenker.org\/fw17\/wp-content\/uploads\/2015\/04\/tdb2015_800x445.jpg?fit=800%2C445&ssl=1&resize=700%2C400 2x"},"classes":[]},{"id":2988,"url":"https:\/\/www.freidenker.org\/?p=2988","url_meta":{"origin":12515,"position":5},"title":"Freidenker-Brief 6-2015: Deutschland raus aus der NATO &#8211; NATO raus aus Deutschland","author":"Webredaktion","date":"27. August 2015","format":false,"excerpt":"W\u00e4hrend manche \"Institutionen\" der Friedensbewegung fortgesetzt die Diskussion \u201eWie weiter mit der Friedensbewegung?\u201c f\u00fchren, gibt es erfreulicherweise auch Friedenskr\u00e4fte, die angesichts der gef\u00e4hrlichen internationalen Entwicklung aktiv werden, die auf Aktionen und auf Klarheit dr\u00e4ngen: Einerseits die im \"AK Frieden \/ Internationales\" des Deutschen Freidenker-Verbandes erarbeitete programmatische Erkl\u00e4rung zu Fragen von\u2026","rel":"","context":"In &quot;Freidenker-Brief&quot;","block_context":{"text":"Freidenker-Brief","link":"https:\/\/www.freidenker.org\/?cat=341"},"img":{"alt_text":"","src":"https:\/\/i0.wp.com\/www.freidenker.org\/fw17\/wp-content\/uploads\/2015\/08\/Global_Hawk_800x445_mLogo.jpg?fit=800%2C445&ssl=1&resize=350%2C200","width":350,"height":200,"srcset":"https:\/\/i0.wp.com\/www.freidenker.org\/fw17\/wp-content\/uploads\/2015\/08\/Global_Hawk_800x445_mLogo.jpg?fit=800%2C445&ssl=1&resize=350%2C200 1x, https:\/\/i0.wp.com\/www.freidenker.org\/fw17\/wp-content\/uploads\/2015\/08\/Global_Hawk_800x445_mLogo.jpg?fit=800%2C445&ssl=1&resize=525%2C300 1.5x, https:\/\/i0.wp.com\/www.freidenker.org\/fw17\/wp-content\/uploads\/2015\/08\/Global_Hawk_800x445_mLogo.jpg?fit=800%2C445&ssl=1&resize=700%2C400 2x"},"classes":[]}],"_links":{"self":[{"href":"https:\/\/www.freidenker.org\/index.php?rest_route=\/wp\/v2\/posts\/12515","targetHints":{"allow":["GET"]}}],"collection":[{"href":"https:\/\/www.freidenker.org\/index.php?rest_route=\/wp\/v2\/posts"}],"about":[{"href":"https:\/\/www.freidenker.org\/index.php?rest_route=\/wp\/v2\/types\/post"}],"author":[{"embeddable":true,"href":"https:\/\/www.freidenker.org\/index.php?rest_route=\/wp\/v2\/users\/3"}],"replies":[{"embeddable":true,"href":"https:\/\/www.freidenker.org\/index.php?rest_route=%2Fwp%2Fv2%2Fcomments&post=12515"}],"version-history":[{"count":0,"href":"https:\/\/www.freidenker.org\/index.php?rest_route=\/wp\/v2\/posts\/12515\/revisions"}],"wp:featuredmedia":[{"embeddable":true,"href":"https:\/\/www.freidenker.org\/index.php?rest_route=\/wp\/v2\/media\/12520"}],"wp:attachment":[{"href":"https:\/\/www.freidenker.org\/index.php?rest_route=%2Fwp%2Fv2%2Fmedia&parent=12515"}],"wp:term":[{"taxonomy":"category","embeddable":true,"href":"https:\/\/www.freidenker.org\/index.php?rest_route=%2Fwp%2Fv2%2Fcategories&post=12515"},{"taxonomy":"post_tag","embeddable":true,"href":"https:\/\/www.freidenker.org\/index.php?rest_route=%2Fwp%2Fv2%2Ftags&post=12515"}],"curies":[{"name":"wp","href":"https:\/\/api.w.org\/{rel}","templated":true}]}}