{"id":12508,"date":"2022-03-28T03:38:27","date_gmt":"2022-03-28T01:38:27","guid":{"rendered":"https:\/\/www.freidenker.org\/?p=12508"},"modified":"2022-04-11T00:03:34","modified_gmt":"2022-04-10T22:03:34","slug":"kein-ende-der-hysterie-deutschland-wieder-einmal-auf-einem-sonderweg","status":"publish","type":"post","link":"https:\/\/www.freidenker.org\/?p=12508","title":{"rendered":"Kein Ende der Hysterie \u2013 Deutschland wieder einmal auf einem Sonderweg?"},"content":{"rendered":"<p><strong>&#8222;Freedom Day&#8220; in Deutschland, nat\u00fcrlich unter einer englischsprachigen Bezeichnung. Klingt gleich viel besser. Und t\u00e4uscht dar\u00fcber hinweg, dass auf L\u00e4nderebene sich wenig \u00e4ndert. Kein Ende der Corona-Panik in Deutschland, w\u00e4hrend alle Nachbarl\u00e4nder bereits auf Entspannung umgeschaltet haben? <\/strong><\/p>\n<p><em>von Christian Harde<\/em><\/p>\n<p><span style=\"font-size: 10pt;\">Erstver\u00f6ffentlichung am 22.03.2022 auf <a href=\"https:\/\/rtde.site\/meinung\/134233-kein-ende-hysterie-berlin-findet\/\" target=\"_blank\" rel=\"noopener\">RT DE<\/a><\/span><\/p>\n<p>Das soll es also gewesen sein. Hat jemand etwas bemerkt? Wer sich nicht in letzter Zeit in das umgebende EU-Ausland begeben oder \u00fcber die dortigen Corona-Verh\u00e4ltnisse mittels zielgerichteter Lekt\u00fcre <a href=\"https:\/\/www.cicero.de\/aussenpolitik\/aufhebung-der-corona-beschrankungen-fast-ganz-europa-ist-massnahmenfrei\" target=\"_blank\" rel=\"noopener noreferrer\">informiert<\/a> hat, der k\u00f6nnte meinen, hierzulande in der besten aller m\u00f6glichen COVID-Welten zu leben.<\/p>\n<h5>Lauterbach und kein Ende<\/h5>\n<p>Karl Lauterbach, der Bundesgesundheitsminister von der SPD, verk\u00fcndete denn auch, die &#8222;Schutzma\u00dfnahmen&#8220; liefen jetzt nicht aus, sondern dauerten zwei weitere Wochen bis zum 2. April, wie das <em>RND<\/em>\u00a0<a href=\"https:\/\/www.rnd.de\/politik\/karl-lauterbach-laender-muessen-corona-regeln-umsetzen-nicht-beleidigte-leberwurst-spielen-WFIRDTNUWVAO7JTWUMNXRJAZD4.html\" target=\"_blank\" rel=\"noopener noreferrer\">meldet<\/a>. Bis dahin k\u00f6nnten die &#8222;Fallzahlen&#8220; dann schon wieder &#8222;stabiler&#8220; sein oder gar sinken \u2013 wenn nicht, k\u00f6nnten Auflagen in den sogenannten &#8222;Hotspots&#8220; sogar versch\u00e4rft werden.<\/p>\n<p>Lauterbach gestand ein, dass Berlin die Gesetzes\u00e4nderungen zum ersten Mal ohne Einbeziehung der L\u00e4nder gemacht habe. Er appelliere aber an die L\u00e4nder, nicht verschnupft zu reagieren.<\/p>\n<blockquote><p><em>&#8222;Jetzt darf niemand, ich sag mal, die beleidigte Leberwurst spielen, und macht sich nicht zum Hotspot, wo es notwendig ist.&#8220;<\/em><\/p><\/blockquote>\n<p>Die besondere Lauterbach-Logik. Und er f\u00fchrte den Gedanken weiter aus: &#8222;Wenn ein Bundesland jetzt sehr viele Hotspots hat, dann setzt sich quasi das Bundesland aus Hotspots zusammen.&#8220;<\/p>\n<p>Doch der Gesundheitsminister scheint eine weitere Botschaft nicht geh\u00f6rt zu haben, die des hessischen Ministerpr\u00e4sidenten Volker Bouffier (CDU). Dieser hatte im Bundesrat am 18. M\u00e4rz <a href=\"https:\/\/www.corodok.de\/bouffier-infektionsschutzgesetz-taeuschung\/\" target=\"_blank\" rel=\"noopener noreferrer\">verk\u00fcndet<\/a>:<\/p>\n<blockquote><p><em>&#8222;Ganz Begabte kommen auf die Idee, ein ganzes Land zum Hotspot zu erkl\u00e4ren.&#8220; <\/em>Und hatte f\u00fcr sein Bundesland erkl\u00e4rt<em>: &#8222;Man kann nicht von einer \u00dcberlastung des Gesundheitssystems in Hessen sprechen.&#8220;<\/em><\/p><\/blockquote>\n<p>Diese Aussage lie\u00dfe sich auf alle anderen Bundesl\u00e4nder \u00fcbertragen.<\/p>\n<p>Wie hatte Lauterbach doch Ende Oktober 2021 gemeint:<\/p>\n<blockquote><p><em>&#8222;Klar ist aber, dass die meisten Ungeimpften von heute bis dahin entweder geimpft, genesen oder leider verstorben sind, denn das Infektionsgeschehen mit schweren Verl\u00e4ufen betrifft vor allem Impfverweigerer.&#8220;<\/em><\/p><\/blockquote>\n<p>Offenkundig lag der Gesundheits\u00f6konom mit seiner Prognose daneben, wenn auch nicht das erste Mal. Und so konnte gestern ein aufmerksamer Beobachter der Corona-Politik seinen &#8222;herzliche[n] Gru\u00df an 15 Millionen \u00dcberlebende zu Fr\u00fchlingsbeginn&#8220; <a href=\"https:\/\/www.corodok.de\/ein-gruss-millionen\/\" target=\"_blank\" rel=\"noopener noreferrer\">entrichten<\/a>.<\/p>\n<p>Doch offizielle Politik und angeschlossene Medien kommen einfach nicht von der Panik runter. \u00dcber die j\u00fcngste Bundestagsabgeordnete Emilia Fester (Gr\u00fcne) und ihren <a href=\"https:\/\/twitter.com\/eliyojkb\/status\/1504398873774727174?cxt=HHwWjIC5_cKz2eApAAAA\" target=\"_blank\" rel=\"noopener noreferrer\">kreischenden<\/a> Auftritt im Hohen Haus wurde in den letzten Tagen so ziemlich das N\u00f6tigste <a href=\"https:\/\/www.corodok.de\/kranke-anke\/\" target=\"_blank\" rel=\"noopener noreferrer\">gesagt<\/a>.<\/p>\n<blockquote class=\"twitter-tweet\" data-width=\"550\" data-dnt=\"true\">\n<p lang=\"tl\" dir=\"ltr\">HAHAHAH! <a href=\"https:\/\/t.co\/NnCnd4hifC\">pic.twitter.com\/NnCnd4hifC<\/a><\/p>\n<p>&mdash; Eliyo (@eliyojkb) <a href=\"https:\/\/twitter.com\/eliyojkb\/status\/1504398873774727174?ref_src=twsrc%5Etfw\">March 17, 2022<\/a><\/p><\/blockquote>\n<p><script async src=\"https:\/\/platform.twitter.com\/widgets.js\" charset=\"utf-8\"><\/script><\/p>\n<p>Vielleicht noch nicht ausreichend gew\u00fcrdigt wurde, was die Bundestagsvizepr\u00e4sidentin Katrin G\u00f6ring(-Eckardt), eine &#8222;entschiedene Bef\u00fcrworterin der Hartz-Reformen und der Agenda 2010&#8220;, wie die <em>Wikipedia<\/em>\u00a0<a href=\"https:\/\/de.wikipedia.org\/wiki\/Katrin_G%C3%B6ring-Eckardt\" target=\"_blank\" rel=\"noopener noreferrer\">wei\u00df<\/a>, dazu zwitscherte (Schreibung unver\u00e4ndert):<\/p>\n<blockquote><p><em>&#8222;Wer sich in den letzten Tage an @emiliafester und @janoschdahmen abgearbeitet hat, hatte selten Argumente und viel zu oft nur Hass &amp; Hetze. Hass ist keine Meinung und wird es nie sein. Ich bin froh, die beiden Kollegin und Kollegen nennen zu d\u00fcrfen. Gut, dass ihr hier seid!&#8220;<\/em><\/p><\/blockquote>\n<p>Vermutlich kann die Vizepr\u00e4sidentin auch in der <a href=\"https:\/\/www.tichyseinblick.de\/meinungen\/gruenen-abgeordnete-fester-bundestag\/\" target=\"_blank\" rel=\"noopener noreferrer\">Entgegnung<\/a> des Studenten Max Roland, der zwei Jahre j\u00fcnger als Fester ist, kein Argument erkennen \u2013 Widerspruch diffamiert sie ja kurzerhand als &#8222;Hass &amp; Hetze&#8220;.<\/p>\n<h5>Die Lehrer und &#8222;die Wissenschaft&#8220;<\/h5>\n<p>Dagegen befindet sich der Deutsche Lehrerverband mit seinem Pr\u00e4sidenten Heinz-Peter Meidinger ganz bestimmt auf der guten Seite der Wissenschaft. Meidinger ist der Ansicht, dass durch den &#8222;schnellen Wegfall der Maskenpflicht in vielen Bundesl\u00e4ndern\u00a0&#8230; die Schulen zur Durchseuchung freigegeben&#8220; w\u00fcrden, wie das <em>RND<\/em>\u00a0<a href=\"https:\/\/www.rnd.de\/politik\/ende-der-maskenpflicht-an-schulen-lehrerpraesident-meidinger-befuerchtet-durchseuchung-KPSXLYAIARHI3EH7DVSLIYBMU4.html\" target=\"_blank\" rel=\"noopener noreferrer\">schreibt<\/a>. Auch Meidinger z\u00e4hlt zu denjenigen, die aus dem Dauerwarnmodus nicht herauskommen \u2013 und dies, obwohl Kinder und Jugendliche nachweislich kaum an COVID-19 und auch nur h\u00f6chst selten schwer daran erkranken:<\/p>\n<blockquote><p><em>&#8222;Besonders problematisch ist das Ende der Maskenpflicht, wenn gleichzeitig auch noch die Testpflicht in den Schulen in einigen Bundesl\u00e4ndern stark eingeschr\u00e4nkt oder beendet wird.&#8220;<\/em><\/p><\/blockquote>\n<p>Man k\u00f6nnte beinahe vermuten, dass der P\u00e4dagoge sich weniger um das Wohlbefinden, die Gesundheit, Bildung und Entwicklung der anvertrauten Kinder und Jugendlichen sorgt als um die angstgetriebene Befindlichkeit mancher seiner Kollegen:<\/p>\n<blockquote><p><em>&#8222;Ich frage mich gelegentlich, ob vielen Politikern wirklich nicht klar ist, was f\u00fcr eine Vielzahl an Kontakten es in Schulen gibt und auf wie engem Raum dort alle miteinander arbeiten.&#8220;<\/em><\/p><\/blockquote>\n<p>Vielleicht sollte der P\u00e4dagoge einmal einen Blick in den Artikel des Bundeswehrarztes Daniel Wei\u00dfflog, der sogar klinischer Direktor der Abteilung Krankenhaushygiene am Bundeswehrkrankenhaus Westerstede ist, riskieren. Denn Wei\u00dfflog <a href=\"https:\/\/www.freitag.de\/autoren\/der-freitag\/debatte-strategiewechsel-erforderlich\" target=\"_blank\" rel=\"noopener noreferrer\">h\u00e4lt<\/a> einen &#8222;Strategiewechsel [f\u00fcr] erforderlich&#8220; und spricht sich klar gegen die Maskenpflicht \u2013 und f\u00fcr die Impfung! \u2013 aus.<\/p>\n<p>Doch wenn eine Alena Buyx (seit 2020 Vorsitzende des &#8222;Deutschen Ethikrates&#8220;) selbst bei der Online-Anh\u00f6rung im Gesundheitsausschuss des Bundestages Maske tr\u00e4gt, was soll und kann ein Krankenhaushygieniker da noch ausrichten:<\/p>\n<p>https:\/\/twitter.com\/micFDP\/status\/1505877429365182464?ref_src=twsrc%5Etfw%7Ctwcamp%5Etweetembed%7Ctwterm%5E1505877429365182464%7Ctwgr%5E%7Ctwcon%5Es1_c10&#038;ref_url=https%3A%2F%2Fde.rt.com%2Fmeinung%2F134233-kein-ende-hysterie-berlin-findet%2F<\/p>\n<h5>Appelle an die Moral<\/h5>\n<p>So bleibt noch, die Impfverweigerer ein bisschen moralisch vorzuf\u00fchren. Beispielsweise den ehemaligen, zur\u00fcckgetretenen Trainer von Werder Bremen, Markus Anfang, der einen gef\u00e4lschten Impfpass benutzt hatte. Anfang erhielt zwar ein halbwegs einf\u00fchlsames Interview bei den <em>Springer<\/em>-Zeitungen (etwa <a href=\"https:\/\/www.welt.de\/sport\/plus237650615\/Markus-Anfang-Wie-bescheuert-war-das-von-mir-Jeden-Tag-denke-ich-das.html\" target=\"_blank\" rel=\"noopener noreferrer\">hier<\/a>), doch die Botschaft zwischen den Zeilen war klar, schon in der \u00dcberschrift: &#8222;Wie bescheuert war das von mir?&#8220;<\/p>\n<p>Es br\u00f6ckelt also an der Impf-Front, denn Anfang kann auf seine berechtigte Skepsis gegen\u00fcber der ungen\u00fcgend erforschten Corona-Spritze verweisen, ohne dass ihm dies vorgehalten wird (der falsche Impfpass aber schon). Soweit also alles normal bei den <em>Springer<\/em>-Bl\u00e4ttern, die seit geraumer Weile eine Doppellinie beim Corona-Thema fahren.<\/p>\n<p>Selbst das <em>\u00c4rzteblatt<\/em> muss <a href=\"https:\/\/www.aerzteblatt.de\/nachrichten\/132675\/SARS-CoV-2-4-Dosis-verbessert-Schutz-vor-Omikron-nur-geringfuegig\" target=\"_blank\" rel=\"noopener noreferrer\">zugeben<\/a>, dass die zweite Booster-Injektion, also die vierte Dosis, den &#8222;Schutz vor Omikron nur geringf\u00fcgig&#8220; verbessert. Untersuchungen in Israel h\u00e4tten ergeben, &#8222;dass die Wirkung gegen die aktuelle Omikron-Variante deutlich schw\u00e4cher war als gegen den Wildtyp, f\u00fcr den der Impfstoff konzipiert wurde&#8220;. Begleiten solche Meldungen den R\u00fcckzug von der allgemeinen Impfpflicht?<\/p>\n<h5>Nebenwirkungen der Impfungen nicht mehr zu leugnen<\/h5>\n<p>Hatte Karl Lauterbach im August 2021 w\u00e4hrend des Bundestagswahlkampfs noch behauptet, die Impfungen seien ohne Nebenwirkungen, lassen sich diese nach \u00fcber einem Jahr der Impfkampagne nicht mehr wegdiskutieren.<\/p>\n<blockquote class=\"twitter-tweet\" data-width=\"550\" data-dnt=\"true\">\n<p lang=\"de\" dir=\"ltr\">Stimmt. Und zus\u00e4tzlich geht es darum, weshalb eine Minderheit der Gesellschaft eine nebenwirkungsfreie Impfung nicht will, obwohl sie gratis ist und ihr Leben und das vieler anderer retten kann. Daher bin ich pessimistisch was freiwillige Opfer f\u00fcr den Klimaschutz betrifft <a href=\"https:\/\/t.co\/ZP7W07PD4B\">https:\/\/t.co\/ZP7W07PD4B<\/a><\/p>\n<p>&mdash; Prof. Karl Lauterbach (@Karl_Lauterbach) <a href=\"https:\/\/twitter.com\/Karl_Lauterbach\/status\/1426323236019650564?ref_src=twsrc%5Etfw\">August 13, 2021<\/a><\/p><\/blockquote>\n<p><script async src=\"https:\/\/platform.twitter.com\/widgets.js\" charset=\"utf-8\"><\/script><\/p>\n<p>Das Portal <em>Telepolis<\/em> hatte mit dem emeritierten Professor f\u00fcr Innere Medizin Matthias Schrappe ein Interview gef\u00fchrt, das an Deutlichkeit nicht zu w\u00fcnschen l\u00e4sst, und <a href=\"https:\/\/www.heise.de\/tp\/features\/Impfpflicht-wird-genauso-wie-in-Oesterreich-scheitern-6587319.html?seite=all\" target=\"_blank\" rel=\"noopener noreferrer\">zitiert<\/a> den Professor mit den Worten, die Impfpflicht werde in Deutschland &#8222;genauso wie in \u00d6sterreich scheitern&#8220;:<\/p>\n<blockquote><p><em>&#8222;Das Konzept ist unausgegoren und weder hinsichtlich Eignung, Notwendigkeit noch Verh\u00e4ltnism\u00e4\u00dfigkeit zu begr\u00fcnden.&#8220;<\/em><\/p><\/blockquote>\n<p>Schrappes Urteil \u00fcber die Impfpflicht, auch eine blo\u00df berufsbezogene, ist vernichtend:<\/p>\n<blockquote><p><em>&#8222;Moralisierende Argumente sind nicht hilfreich, stattdessen w\u00e4re ein zugehendes Vorgehen und verl\u00e4sslichere Erfassung der Nebenwirkungen in einer Form, die Vertrauen schafft, sinnvoll.&#8220;<\/em><\/p><\/blockquote>\n<p>Und er fordert \u2013 wie viele kritische Mediziner und Wissenschaftler \u2013, dass die Nebenwirkungen der Injektionen gegen COVID systematisch untersucht werden m\u00fcssen. Bisher hatten nur einzelne \u00c4rzte oder Privatinitiativen derartige Untersuchungen vorgenommen, nicht aber staatliche Stellen, deren Aufgabe es w\u00e4re, allen bekannten Verdachtsf\u00e4llen nachzugehen und systematisch zu verfolgen. Schrappe:<\/p>\n<blockquote><p><em>&#8222;Gerade Gesundheitsexperten sehen sehr wohl, dass bei den Impfnebenwirkungen der urs\u00e4chliche Zusammenhang zwischen Ereignis und Impfung in Zweifel gezogen wird, w\u00e4hrend es uns zum Beispiel bei der Sterblichkeit an Corona seit zwei Jahren nicht m\u00f6glich ist, zwischen Tod &#8218;an&#8216; oder &#8218;mit&#8216; Corona zu unterscheiden \u2013 hier spielt die Ursache augenscheinlich keine Rolle.&#8220;<\/em><\/p><\/blockquote>\n<p>Nach mehr als zwei Jahren staatlichem und &#8222;starrem Pandemiemanagement&#8220; res\u00fcmiert der Mediziner:<\/p>\n<blockquote><p><em>&#8222;Experten, die mit der Kontrolle von epidemischen Lagen praktische und wissenschaftliche Erfahrung haben \u2013 und nicht nur im Labor beziehungsweise am Computer sitzen \u2013, wurden nicht gefragt.&#8220;<\/em><\/p><\/blockquote>\n<p>Apropos Kontrolle: Die St\u00e4ndige Impfkommission am Robert Koch-Institut (STIKO) und das Paul-Ehrlich-Institut machen ihre Arbeit nicht. Das ist zwar keine taufrische Erkenntnis, sondern seit der zwei Jahren andauernden Corona-Kampagne schon etlichen klaren K\u00f6pfen aufgefallen. Die Artikel, auch in etablierten Bl\u00e4ttern, zu diesem Versagen erscheinen immer h\u00e4ufiger. So <a href=\"https:\/\/www.rnz.de\/politik\/hintergrund_artikel,-corona-werden-viele-impftote-gar-nicht-erkannt-plus-podcast-_arid,846085.html\" target=\"_blank\" rel=\"noopener noreferrer\">titelte<\/a> die <em>Rhein-Neckar-Zeitung<\/em>, nachdem sie den Heidelberger Pathologen Peter Schirmacher interviewt hatte: &#8222;Werden viele Impftote gar nicht erkannt?&#8220; Dem scheint so zu sein \u2013 und in der Tendenz best\u00e4tigt Schirmacher damit die Aussagen der &#8222;Pathologie-Konferenz&#8220; oder die seines Kollegen Schrappe:<\/p>\n<blockquote><p><em>&#8222;Personen, die \u00fcberraschend und kurz nach der Impfung versterben, zeigen in unseren Untersuchungen in 30 Prozent einen direkten Impfzusammenhang.&#8220;<\/em><\/p><\/blockquote>\n<p>\u00dcberwiegend w\u00fcrden diese F\u00e4lle nicht erkannt. Schirmacher setzte hinzu, es handele sich auch um eine &#8222;Frage des Nicht-Wissenwollens&#8220;.<\/p>\n<h5>Kritische \u00d6ffentlichkeit<\/h5>\n<p>Ob diese kritischen Feststellungen im politischen Berlin ankommen, darf bezweifelt werden. So sind es \u2013 neben den genannten kritischen Wissenschaftlern \u2013 K\u00fcnstler, einzelne Journalisten und Blogger, die wieder einmal ma\u00dfnahmenkritische Initiativen auf die Beine stellen. Um nur eine kleine Auswahl hier anzuf\u00fchren, der Regisseur Dietrich Br\u00fcggemann hat am vergangenen Freitag, dem Tag der Debatten in Bundestag und Bundesrat, geschrieben:<\/p>\n<blockquote><p><em>&#8222;Die ma\u00dfnahmenbewu\u00dften Deutschen k\u00f6nnen, wenn sie ihre eigene Haltung ernst nehmen, jetzt eigentlich nicht mehr ins Ausland fahren, weil sie da ja nicht sicher sind. Ins Ausland k\u00f6nnen jetzt nur noch die Schwurbler.<\/em><\/p>\n<p><em>Wer h\u00e4tte mit dieser Pointe gerechnet.<\/em><\/p>\n<p><em>Lustig.&#8220;<\/em><\/p><\/blockquote>\n<blockquote class=\"twitter-tweet\" data-width=\"550\" data-dnt=\"true\">\n<p lang=\"de\" dir=\"ltr\">Die ma\u00dfnahmenbewu\u00dften Deutschen k\u00f6nnen, wenn sie ihre eigene Haltung ernst nehmen, jetzt eigentlich nicht mehr ins Ausland fahren, weil sie da ja nicht sicher sind. Ins Ausland k\u00f6nnen jetzt nur noch die Schwurbler. <br \/>Wer h\u00e4tte mit dieser Pointe gerechnet. <br \/>Lustig.<\/p>\n<p>&mdash; Dietrich Br\u00fcggemann (@dtrickb) <a href=\"https:\/\/twitter.com\/dtrickb\/status\/1504598410200027139?ref_src=twsrc%5Etfw\">March 17, 2022<\/a><\/p><\/blockquote>\n<p><script async src=\"https:\/\/platform.twitter.com\/widgets.js\" charset=\"utf-8\"><\/script><\/p>\n<p>Ob Emilia Fester ihn versteht? Schlie\u00dflich z\u00e4hlt f\u00fcr sie D\u00e4nemark bekanntlich nicht zum Ausland\u00a0&#8230;<\/p>\n<p>Die Mehrheit der Abgeordneten im Bundestag und in den Landesparlamenten wird sich vermutlich auch als unf\u00e4hig erweisen, den tiefen <a href=\"https:\/\/www.dankefueralles.de\/\" target=\"_blank\" rel=\"noopener noreferrer\">Dank des Volkes f\u00fcr alles<\/a> anzunehmen, der doch auf so sch\u00f6ne und leicht konsumierbare Weise vermittelt wird. Die Annahme d\u00fcrfte nicht an russischen Hackern, die das Parlamentsnetz st\u00f6ren, sondern an der Bereitschaft der Parlamentarier scheitern zuzuh\u00f6ren.<\/p>\n<p>Aber wenn dieser Dank schon nicht geh\u00f6rt wird, bleibt wenigstens, f\u00fcr die Nachwelt die Namen und die \u00c4u\u00dferungen derjenigen <a href=\"https:\/\/ich-habe-mitgemacht.de\/\" target=\"_blank\" rel=\"noopener noreferrer\">festzuhalten<\/a>, die bis zehn nach zw\u00f6lf weiter- und mitmachen, die Namen derjenigen zu notieren, die partout daf\u00fcr sorgen, dass die Mehrheit keinen Ausweg aus einem neuen deutschen Sonderweg finden und anders \u2013 als in unseren europ\u00e4ischen Nachbarl\u00e4ndern \u2013 in Corona-Panik gehalten werden soll.<\/p>\n<p>Weil dies alles nur noch irre zu nennen ist, sei am Ende dieser kleinen Zusammenstellung des herrschenden Wahnsinns eine (Lekt\u00fcre-)Empfehlung ausgesprochen: &#8222;<a href=\"https:\/\/sailersblog.de\/2022\/03\/19\/periphere-notate-reissen-sie-die-booster-mauer-nieder\/#more-4525\" target=\"_blank\" rel=\"noopener noreferrer\">Rei\u00dfen Sie die Booster-Mauer nieder!<\/a>&#8220;<\/p>\n<p style=\"text-align: right;\"><em>Christian Harde ist Mitglied des Deutschen Freidenker-Verbandes, Landesverband Berlin<\/em><\/p>\n<hr \/>\n<p>Bild: <a href=\"https:\/\/pixabay.com\/de\/illustrations\/gesetz-coronavirus-6944202\/\" target=\"_blank\" rel=\"noopener\">pixabay.com<\/a> \/ <a class=\"hover_opacity\" href=\"https:\/\/pixabay.com\/de\/users\/geralt-9301\/\">geralt<\/a> \/ <a href=\"https:\/\/pixabay.com\/de\/service\/license\/\">Pixabay License<\/a><\/p>\n","protected":false},"excerpt":{"rendered":"<p><b>Beitrag von Christian Harde<\/b><br \/>\nDas soll es also gewesen sein. Hat jemand etwas bemerkt? Wer sich nicht in letzter Zeit in das umgebende EU-Ausland begeben oder \u00fcber die dortigen Corona-Verh\u00e4ltnisse mittels zielgerichteter Lekt\u00fcre informiert hat, der k\u00f6nnte meinen, hierzulande in der besten aller m\u00f6glichen COVID-Welten zu leben.<br \/>\nKarl Lauterbach, der Bundesgesundheitsminister von der SPD, verk\u00fcndete denn auch, die &#8222;Schutzma\u00dfnahmen&#8220; liefen jetzt nicht aus, sondern dauerten zwei weitere Wochen bis zum 2. April, wie das RND\u00a0meldet. Bis dahin k\u00f6nnten die &#8222;Fallzahlen&#8220; dann schon wieder &#8222;stabiler&#8220; sein oder gar sinken \u2013 wenn nicht, k\u00f6nnten Auflagen in den sogenannten &#8222;Hotspots&#8220; sogar versch\u00e4rft werden.<\/p>\n","protected":false},"author":3,"featured_media":12511,"comment_status":"closed","ping_status":"closed","sticky":false,"template":"","format":"standard","meta":{"colormag_page_container_layout":"default_layout","colormag_page_sidebar_layout":"default_layout","advanced_seo_description":"","jetpack_seo_html_title":"","jetpack_seo_noindex":false,"jetpack_post_was_ever_published":false,"footnotes":""},"categories":[11],"tags":[477,1256,577,1357,1461,123],"class_list":["post-12508","post","type-post","status-publish","format-standard","has-post-thumbnail","hentry","category-arbeit-soziales","tag-bundestag","tag-corona-virus","tag-gesundheitspolitik","tag-impfpflicht","tag-impfzwang","tag-wissenschaft"],"jetpack_featured_media_url":"https:\/\/i0.wp.com\/www.freidenker.org\/fw17\/wp-content\/uploads\/2022\/03\/law-6944202_960_720.jpg?fit=800%2C450&ssl=1","jetpack_shortlink":"https:\/\/wp.me\/p9stpK-3fK","jetpack-related-posts":[{"id":24721,"url":"https:\/\/www.freidenker.org\/?p=24721","url_meta":{"origin":12508,"position":0},"title":"&#8222;Segen der Impfungen&#8220;","author":"Webredaktion","date":"25. M\u00e4rz 2026","format":false,"excerpt":"Ex-Minister Lauterbach beklagt \"Fake-News\" in der Enquete-Kommission Beitrag von Bernhard Loyen Mit Spannung wurde der gestrige gemeinsame Auftritt zweier entscheidender Protagonisten in der \"Corona-Krise\" im Bundestag erwartet. So waren in der \"Enquete-Kommission Corona\" zum Thema \"Leistungsf\u00e4higkeit des Gesundheitswesens in der Pandemie\" der ehemalige Bundesgesundheitsminister Karl Lauterbach (SPD) sowie Ex-RKI-Chef Lothar\u2026","rel":"","context":"In &quot;Demokratie \u2013 Medien \u2013 Aufkl\u00e4rung&quot;","block_context":{"text":"Demokratie \u2013 Medien \u2013 Aufkl\u00e4rung","link":"https:\/\/www.freidenker.org\/?cat=12"},"img":{"alt_text":"","src":"https:\/\/i0.wp.com\/www.freidenker.org\/fw17\/wp-content\/uploads\/2026\/03\/neelam279-vaccine-5833550_800x450.jpg?fit=800%2C450&ssl=1&resize=350%2C200","width":350,"height":200,"srcset":"https:\/\/i0.wp.com\/www.freidenker.org\/fw17\/wp-content\/uploads\/2026\/03\/neelam279-vaccine-5833550_800x450.jpg?fit=800%2C450&ssl=1&resize=350%2C200 1x, https:\/\/i0.wp.com\/www.freidenker.org\/fw17\/wp-content\/uploads\/2026\/03\/neelam279-vaccine-5833550_800x450.jpg?fit=800%2C450&ssl=1&resize=525%2C300 1.5x, https:\/\/i0.wp.com\/www.freidenker.org\/fw17\/wp-content\/uploads\/2026\/03\/neelam279-vaccine-5833550_800x450.jpg?fit=800%2C450&ssl=1&resize=700%2C400 2x"},"classes":[]},{"id":18566,"url":"https:\/\/www.freidenker.org\/?p=18566","url_meta":{"origin":12508,"position":1},"title":"Corona-Risikobewertung wurde politisch k\u00fcnstlich &#8222;hochskaliert&#8220;","author":"Webredaktion","date":"20. M\u00e4rz 2024","format":false,"excerpt":"Beitrag von Bernhard Loyen Es finden sich weiterhin unterschiedliche Gruppierungen von B\u00fcrgern, was das\u00a0Thema Corona-Aufarbeitung und R\u00fcckbetrachtung betrifft. Der giftige Corona-Spaltpilz bl\u00fcht weiterhin in den Fugen der Gesellschaft. Dazu mehr am Ende des Artikels. Diese Betrachtung erfolgt rund ein Jahr nachdem der unantastbare und skrupellose Karl Lauterbach\u00a0Anfang April 2023 vollkommen\u2026","rel":"","context":"In &quot;Demokratie \u2013 Medien \u2013 Aufkl\u00e4rung&quot;","block_context":{"text":"Demokratie \u2013 Medien \u2013 Aufkl\u00e4rung","link":"https:\/\/www.freidenker.org\/?cat=12"},"img":{"alt_text":"","src":"https:\/\/i0.wp.com\/www.freidenker.org\/fw17\/wp-content\/uploads\/2024\/03\/Spahn-Karikatur_800x450.jpg?fit=800%2C450&ssl=1&resize=350%2C200","width":350,"height":200,"srcset":"https:\/\/i0.wp.com\/www.freidenker.org\/fw17\/wp-content\/uploads\/2024\/03\/Spahn-Karikatur_800x450.jpg?fit=800%2C450&ssl=1&resize=350%2C200 1x, https:\/\/i0.wp.com\/www.freidenker.org\/fw17\/wp-content\/uploads\/2024\/03\/Spahn-Karikatur_800x450.jpg?fit=800%2C450&ssl=1&resize=525%2C300 1.5x, https:\/\/i0.wp.com\/www.freidenker.org\/fw17\/wp-content\/uploads\/2024\/03\/Spahn-Karikatur_800x450.jpg?fit=800%2C450&ssl=1&resize=700%2C400 2x"},"classes":[]},{"id":22168,"url":"https:\/\/www.freidenker.org\/?p=22168","url_meta":{"origin":12508,"position":2},"title":"Bodo Schiffmann: &#8222;Warum Deutschland seine Geschichte nicht aufarbeitet&#8220;","author":"Webredaktion","date":"24. Juni 2025","format":false,"excerpt":"Beitrag von Gert Ewen Ungar Bodo Schiffmann ist Arzt. Bis 2020 war seine berufliche Karriere unauff\u00e4llig. Abitur, Zivildienst, Studium, Promotion, schlie\u00dflich praktizierender Hals-Nasen-Ohren-Arzt. Dann kam Corona. Seine ma\u00dfnahmenkritische Haltung bescherte Schiffmann einen recht langen\u00a0Eintrag\u00a0auf\u00a0Wikipedia, dem jedes Bem\u00fchen um Objektivit\u00e4t fehlt. Schiffmann sei Verschw\u00f6rungstheoretiker, Querdenker, Corona-Leugner und Holocaust-Verharmloser. [...] Schiffmann ist\u2026","rel":"","context":"In &quot;Demokratie \u2013 Medien \u2013 Aufkl\u00e4rung&quot;","block_context":{"text":"Demokratie \u2013 Medien \u2013 Aufkl\u00e4rung","link":"https:\/\/www.freidenker.org\/?cat=12"},"img":{"alt_text":"","src":"https:\/\/i0.wp.com\/www.freidenker.org\/fw17\/wp-content\/uploads\/2025\/06\/Autokorso_Kellmuenz_an_der_Iller_800x450.jpg?fit=800%2C450&ssl=1&resize=350%2C200","width":350,"height":200,"srcset":"https:\/\/i0.wp.com\/www.freidenker.org\/fw17\/wp-content\/uploads\/2025\/06\/Autokorso_Kellmuenz_an_der_Iller_800x450.jpg?fit=800%2C450&ssl=1&resize=350%2C200 1x, https:\/\/i0.wp.com\/www.freidenker.org\/fw17\/wp-content\/uploads\/2025\/06\/Autokorso_Kellmuenz_an_der_Iller_800x450.jpg?fit=800%2C450&ssl=1&resize=525%2C300 1.5x, https:\/\/i0.wp.com\/www.freidenker.org\/fw17\/wp-content\/uploads\/2025\/06\/Autokorso_Kellmuenz_an_der_Iller_800x450.jpg?fit=800%2C450&ssl=1&resize=700%2C400 2x"},"classes":[]},{"id":18510,"url":"https:\/\/www.freidenker.org\/?p=18510","url_meta":{"origin":12508,"position":3},"title":"Lauterbach und der Krieg oder: Wie man das Zerst\u00f6rte optimiert","author":"Webredaktion","date":"9. M\u00e4rz 2024","format":false,"excerpt":"Beitrag von Tom J. Wellbrock Neben Pandemien und Naturkatastrophen sei die Vorbereitung auf \"milit\u00e4rische Konflikte\" von gro\u00dfer Bedeutung, sagte Karl Lauterbach im Deutschlandfunk. Man k\u00f6nnte dieses Gerede als das eines verwirrten Mannes abtun, und man m\u00fcsste es auch, w\u00e4re die Situation nicht so, wie sie ist. Den Krieg nach Russland\u2026","rel":"","context":"In &quot;Demokratie \u2013 Medien \u2013 Aufkl\u00e4rung&quot;","block_context":{"text":"Demokratie \u2013 Medien \u2013 Aufkl\u00e4rung","link":"https:\/\/www.freidenker.org\/?cat=12"},"img":{"alt_text":"Karl Lauterbach","src":"https:\/\/i0.wp.com\/www.freidenker.org\/fw17\/wp-content\/uploads\/2024\/03\/Wahlkampf_Landtagswahl_NRW_2022_4092_800x450.jpg?fit=800%2C450&ssl=1&resize=350%2C200","width":350,"height":200,"srcset":"https:\/\/i0.wp.com\/www.freidenker.org\/fw17\/wp-content\/uploads\/2024\/03\/Wahlkampf_Landtagswahl_NRW_2022_4092_800x450.jpg?fit=800%2C450&ssl=1&resize=350%2C200 1x, https:\/\/i0.wp.com\/www.freidenker.org\/fw17\/wp-content\/uploads\/2024\/03\/Wahlkampf_Landtagswahl_NRW_2022_4092_800x450.jpg?fit=800%2C450&ssl=1&resize=525%2C300 1.5x, https:\/\/i0.wp.com\/www.freidenker.org\/fw17\/wp-content\/uploads\/2024\/03\/Wahlkampf_Landtagswahl_NRW_2022_4092_800x450.jpg?fit=800%2C450&ssl=1&resize=700%2C400 2x"},"classes":[]},{"id":20161,"url":"https:\/\/www.freidenker.org\/?p=20161","url_meta":{"origin":12508,"position":4},"title":"Eckart von Hirschhausen und Lauterbach drohen mit &#8222;Corona-Aufarbeitung&#8220;","author":"Webredaktion","date":"30. Oktober 2024","format":false,"excerpt":"Beitrag von Bernhard Loyen Die Ampelkoalition wird sich aufgrund \"unterschiedlicher Auffassungen\" in dieser Legislaturperiode nicht mehr mit dem Thema \"Aufarbeitung der Corona-Pandemie\" besch\u00e4ftigen. Ein seitens SPD und Gr\u00fcnen pr\u00e4ferierter \"B\u00fcrgerrat\" sei bis zur Bundestagswahl 2025 nicht realisierbar, so das\u00a0RT-Update\u00a0vom 11. Oktober zum Thema der konsequenten Verweigerungshaltung verantwortlicher Protagonisten dreier dunkler\u2026","rel":"","context":"In &quot;Demokratie \u2013 Medien \u2013 Aufkl\u00e4rung&quot;","block_context":{"text":"Demokratie \u2013 Medien \u2013 Aufkl\u00e4rung","link":"https:\/\/www.freidenker.org\/?cat=12"},"img":{"alt_text":"","src":"https:\/\/i0.wp.com\/www.freidenker.org\/fw17\/wp-content\/uploads\/2024\/10\/Health_for_Future_IMG_0265_50174308517_800x450.jpg?fit=800%2C450&ssl=1&resize=350%2C200","width":350,"height":200,"srcset":"https:\/\/i0.wp.com\/www.freidenker.org\/fw17\/wp-content\/uploads\/2024\/10\/Health_for_Future_IMG_0265_50174308517_800x450.jpg?fit=800%2C450&ssl=1&resize=350%2C200 1x, https:\/\/i0.wp.com\/www.freidenker.org\/fw17\/wp-content\/uploads\/2024\/10\/Health_for_Future_IMG_0265_50174308517_800x450.jpg?fit=800%2C450&ssl=1&resize=525%2C300 1.5x, https:\/\/i0.wp.com\/www.freidenker.org\/fw17\/wp-content\/uploads\/2024\/10\/Health_for_Future_IMG_0265_50174308517_800x450.jpg?fit=800%2C450&ssl=1&resize=700%2C400 2x"},"classes":[]},{"id":14660,"url":"https:\/\/www.freidenker.org\/?p=14660","url_meta":{"origin":12508,"position":5},"title":"Karl Lauterbach: L\u00fcgen f\u00fcr die Meinungsfreiheit","author":"Webredaktion","date":"14. November 2022","format":false,"excerpt":"Beitrag von Tom J. Wellbrock Die Meinungsfreiheit ist in Gefahr, ganz ohne Zweifel. An allen Ecken und Enden werden unerw\u00fcnschte Meinungen diffamiert und in Schubladen gesteckt; wer seine Ansicht in die Welt hinaustr\u00e4gt, muss mit massiven Angriffen rechnen, die bis zum Rufmord und zur Zerst\u00f6rung der eigenen Existenz reichen. Doch\u2026","rel":"","context":"In &quot;Demokratie \u2013 Medien \u2013 Aufkl\u00e4rung&quot;","block_context":{"text":"Demokratie \u2013 Medien \u2013 Aufkl\u00e4rung","link":"https:\/\/www.freidenker.org\/?cat=12"},"img":{"alt_text":"","src":"https:\/\/i0.wp.com\/www.freidenker.org\/fw17\/wp-content\/uploads\/2022\/11\/Karl_Lauterbach-Maischberger-5317_800x450.jpg?fit=800%2C450&ssl=1&resize=350%2C200","width":350,"height":200,"srcset":"https:\/\/i0.wp.com\/www.freidenker.org\/fw17\/wp-content\/uploads\/2022\/11\/Karl_Lauterbach-Maischberger-5317_800x450.jpg?fit=800%2C450&ssl=1&resize=350%2C200 1x, https:\/\/i0.wp.com\/www.freidenker.org\/fw17\/wp-content\/uploads\/2022\/11\/Karl_Lauterbach-Maischberger-5317_800x450.jpg?fit=800%2C450&ssl=1&resize=525%2C300 1.5x, https:\/\/i0.wp.com\/www.freidenker.org\/fw17\/wp-content\/uploads\/2022\/11\/Karl_Lauterbach-Maischberger-5317_800x450.jpg?fit=800%2C450&ssl=1&resize=700%2C400 2x"},"classes":[]}],"_links":{"self":[{"href":"https:\/\/www.freidenker.org\/index.php?rest_route=\/wp\/v2\/posts\/12508","targetHints":{"allow":["GET"]}}],"collection":[{"href":"https:\/\/www.freidenker.org\/index.php?rest_route=\/wp\/v2\/posts"}],"about":[{"href":"https:\/\/www.freidenker.org\/index.php?rest_route=\/wp\/v2\/types\/post"}],"author":[{"embeddable":true,"href":"https:\/\/www.freidenker.org\/index.php?rest_route=\/wp\/v2\/users\/3"}],"replies":[{"embeddable":true,"href":"https:\/\/www.freidenker.org\/index.php?rest_route=%2Fwp%2Fv2%2Fcomments&post=12508"}],"version-history":[{"count":0,"href":"https:\/\/www.freidenker.org\/index.php?rest_route=\/wp\/v2\/posts\/12508\/revisions"}],"wp:featuredmedia":[{"embeddable":true,"href":"https:\/\/www.freidenker.org\/index.php?rest_route=\/wp\/v2\/media\/12511"}],"wp:attachment":[{"href":"https:\/\/www.freidenker.org\/index.php?rest_route=%2Fwp%2Fv2%2Fmedia&parent=12508"}],"wp:term":[{"taxonomy":"category","embeddable":true,"href":"https:\/\/www.freidenker.org\/index.php?rest_route=%2Fwp%2Fv2%2Fcategories&post=12508"},{"taxonomy":"post_tag","embeddable":true,"href":"https:\/\/www.freidenker.org\/index.php?rest_route=%2Fwp%2Fv2%2Ftags&post=12508"}],"curies":[{"name":"wp","href":"https:\/\/api.w.org\/{rel}","templated":true}]}}