{"id":12501,"date":"2022-03-24T23:48:35","date_gmt":"2022-03-24T22:48:35","guid":{"rendered":"https:\/\/www.freidenker.org\/?p=12501"},"modified":"2022-04-11T00:03:07","modified_gmt":"2022-04-10T22:03:07","slug":"ein-montagsspaziergang-in-goettingen","status":"publish","type":"post","link":"https:\/\/www.freidenker.org\/?p=12501","title":{"rendered":"Ein Montagsspaziergang in G\u00f6ttingen"},"content":{"rendered":"<h5>Mein Staunen verwandelt sich allm\u00e4hlich in Entsetzen<\/h5>\n<p><em>von <strong>Wolfgang Bittner<\/strong><\/em><\/p>\n<p><span style=\"font-size: 10pt;\">Erstver\u00f6ffentlichung am 23.03.2022 auf <a href=\"https:\/\/www.nachdenkseiten.de\/?p=82205\" target=\"_blank\" rel=\"noopener\">nachdenkseiten.de<\/a><\/span><\/p>\n<p>Am 21. M\u00e4rz nahm ich an einem angemeldeten \u201eMontags-Spaziergang\u201c in G\u00f6ttingen teil. Den Ausschlag hatte ein Bericht in der Lokalzeitung gegeben, wonach sich Kritiker der Corona-Ma\u00dfnahmen und \u201eQuerdenker\u201c den Vorwurf gefallen lassen m\u00fcssten, \u201eMitl\u00e4ufer bei einer rechtsextremen Kampagne zu sein\u201c. Zitiert wurde ein Politologe der Universit\u00e4t, der unter anderem behauptete: \u201eHier keinen Zusammenhang zu Antisemitismus und Rechtsextremismus zu sehen, ist schon sehr konstruiert\u201c; eine \u201eklassisch rechte Diskursstrategie\u201c sei, \u201erechtsextreme Bez\u00fcge zu verneinen\u201c. Ich wollte mir ein Bild davon verschaffen, wer an diesen Veranstaltungen teilnahm, wie sie abliefen und was propagiert wurde.<\/p>\n<p>Der Versammlungsort und Ausgang des Demonstrationszuges befand sich am Rande der Innenstadt. Wie den Transparenten und Schildern zu entnehmen war, sollte gegen nicht mehr und nicht weniger als die Impfpflicht sowie eine Ungleichbehandlung Geimpfter und Ungeimpfter demonstriert werden. Slogans waren: \u201eAutonome Impfentscheidung!\u201c, \u201eSchluss mit den spaltenden Ma\u00dfnahmen\u201c oder \u201eNein zur Impfpflicht!\u201c Ein Plakat hatte die Aufschrift: \u201eWird der B\u00fcrger unbequem, nennt man ihn gleich rechtsextrem\u201c.<\/p>\n<p>G\u00f6ttingen z\u00e4hlt etwa 120.000 Einwohner, aber es waren trotz sch\u00f6nen Wetters lediglich ca. 250 Protestierende zusammengekommen. Mehrere waren mir bekannt, ganz normale, unverd\u00e4chtige B\u00fcrger unterschiedlicher Herkunft und Profession. So verlief die Demonstration dann auch vollkommen ruhig und ohne Zwischenf\u00e4lle. Abgeschirmt gegen lautstarke, aggressive Antidemonstranten wurde sie von einem \u00fcberm\u00e4\u00dfig gro\u00dfen Polizeiaufgebot, das dann auch den gegen 18.00 Uhr beginnenden \u201eSpaziergang\u201c begleitete. Durchgesagt wurde, man solle eine FFP2-Maske tragen.<\/p>\n<p>Mir fiel auf, dass die Teilnehmer des Demonstrationszuges von der Polizei, die sich ansonsten zur\u00fcckhielt, fotografiert wurden. Der Zug wurde durch die Vorstadt geleitet, nichts Aufregendes also, alles blieb ruhig. Ich ging mit Freunden in der Mitte des Zuges, und wir unterhielten uns, als sich urpl\u00f6tzlich zwei junge martialisch wirkende Polizisten vor mir aufbauten und mir erkl\u00e4rten, ich h\u00e4tte mich ordnungswidrig verhalten, weil ich die FFP2-Maske nicht \u00fcber die Nase gezogen habe.<\/p>\n<p>In der Tat hatte ich die Gesichtsmaske hin und wieder ein wenig heruntergezogen, um durchzuatmen. Sie sei mir wohl heruntergerutscht, erwiderte ich verbl\u00fcfft und auch etwas erschrocken. Daraufhin sagte einer der Polizisten in barschem Ton: \u201eReden Sie nicht, wir haben sie die ganze Zeit beobachtet!\u201c Bevor ich zu weiteren Einlassungen kam, sprang mir ein Freund bei. Er entschuldigte sich f\u00fcr mich und versicherte, wir w\u00fcrden nun auf den vorgeschriebenen Sitz der Maske achten.<\/p>\n<p>Damit gaben sich die beiden Beamten vorerst zufrieden und belie\u00dfen es bei einer m\u00fcndlichen Verwarnung, nicht ohne mir zu drohen: \u201eWir werden Sie im Auge behalten.\u201c Ich war best\u00fcrzt und wunderte mich \u00fcber diesen Zugriff, weil andere \u201eSpazierg\u00e4nger\u201c ihre FFP-2 Masken auch nicht immer \u00fcber die Nase gezogen hatten. Offenbar sollte an mir ein Exempel statuiert werden. Warum, wei\u00df ich nicht, konnte auch nicht sehen, ob andere Demonstranten angegangen wurden. Mein Freund sagte mir, ich sei glimpflich davongekommen, einige Wochen zuvor sei eine Demonstrantin, die sich nicht gleich devot verhalten habe, so sehr geschubst worden, dass sie gest\u00fcrzt war.<\/p>\n<p>Der \u201eMontagsspaziergang\u201c wurde weiter von einer gro\u00dfen Zahl Polizisten eskortiert, fotografiert und beobachtet. Mir ging die Konfrontation mit der Staatsgewalt noch einige Zeit nach, und mein anf\u00e4ngliches Erstaunen dar\u00fcber verwandelte sich allm\u00e4hlich in Entsetzen.<\/p>\n<p style=\"text-align: right;\"><em>Wolfgang Bittner, Jahrgang 1941,\u00a0 lebt als freier Schriftsteller in G\u00f6ttingen<\/em><\/p>\n<p><span style=\"font-size: 10pt;\">Link zur Erstver\u00f6ffentlichung: <a href=\"https:\/\/www.nachdenkseiten.de\/?p=82205\">https:\/\/www.nachdenkseiten.de\/?p=82205<\/a><\/span><\/p>\n<hr \/>\n<p><span style=\"font-size: 10pt;\">Foto: privat<\/span><\/p>\n","protected":false},"excerpt":{"rendered":"<p><b>Beitrag von Wolfgang Bittner<\/b><br \/>\nAm 21. M\u00e4rz nahm ich an einem angemeldeten \u201eMontags-Spaziergang\u201c in G\u00f6ttingen teil. Den Ausschlag hatte ein Bericht in der Lokalzeitung gegeben, wonach sich Kritiker der Corona-Ma\u00dfnahmen und \u201eQuerdenker\u201c den Vorwurf gefallen lassen m\u00fcssten, \u201eMitl\u00e4ufer bei einer rechtsextremen Kampagne zu sein\u201c. Zitiert wurde ein Politologe der Universit\u00e4t, der unter anderem behauptete: \u201eHier keinen Zusammenhang zu Antisemitismus und Rechtsextremismus zu sehen, ist schon sehr konstruiert\u201c; eine \u201eklassisch rechte Diskursstrategie\u201c sei, \u201erechtsextreme Bez\u00fcge zu verneinen\u201c. Ich wollte mir ein Bild davon verschaffen, wer an diesen Veranstaltungen teilnahm, wie sie abliefen und was propagiert wurde.<\/p>\n","protected":false},"author":3,"featured_media":12502,"comment_status":"closed","ping_status":"closed","sticky":false,"template":"","format":"standard","meta":{"colormag_page_container_layout":"default_layout","colormag_page_sidebar_layout":"default_layout","advanced_seo_description":"","jetpack_seo_html_title":"","jetpack_seo_noindex":false,"jetpack_post_was_ever_published":false,"footnotes":""},"categories":[12],"tags":[1256,395,1173,1333],"class_list":["post-12501","post","type-post","status-publish","format-standard","has-post-thumbnail","hentry","category-demokratie-medien-aufklaerung","tag-corona-virus","tag-meinungsfreiheit","tag-polizeigewalt","tag-querdenker"],"jetpack_featured_media_url":"https:\/\/i0.wp.com\/www.freidenker.org\/fw17\/wp-content\/uploads\/2022\/03\/MontagsspaziergangB21.3.22_800x450.jpg?fit=800%2C450&ssl=1","jetpack_shortlink":"https:\/\/wp.me\/p9stpK-3fD","jetpack-related-posts":[{"id":18797,"url":"https:\/\/www.freidenker.org\/?p=18797","url_meta":{"origin":12501,"position":0},"title":"Der Prozess gegen Dr. Reiner F\u00fcllmich","author":"Webredaktion","date":"14. April 2024","format":false,"excerpt":"Der Gr\u00fcnder des Corona-Ausschusses befindet sich seit Oktober 2023 in Untersuchungshaft Beitrag von Wolfgang Bittner Vor dem Landgericht G\u00f6ttingen findet seit Anfang Januar 2024 ein Strafprozess gegen den Gr\u00fcnder und ehemaligen Sprecher des Corona-Untersuchungsausschusses, Rechtsanwalt Dr. Reiner F\u00fcllmich, statt. Er wurde nach einer Anzeige wegen angeblicher Veruntreuung von Spendengeldern in\u2026","rel":"","context":"In &quot;Demokratie \u2013 Medien \u2013 Aufkl\u00e4rung&quot;","block_context":{"text":"Demokratie \u2013 Medien \u2013 Aufkl\u00e4rung","link":"https:\/\/www.freidenker.org\/?cat=12"},"img":{"alt_text":"","src":"https:\/\/i0.wp.com\/www.freidenker.org\/fw17\/wp-content\/uploads\/2024\/04\/Stiftung_Corona_Ausschuss_Radenthein_Kaernten_800x450.jpg?fit=800%2C450&ssl=1&resize=350%2C200","width":350,"height":200,"srcset":"https:\/\/i0.wp.com\/www.freidenker.org\/fw17\/wp-content\/uploads\/2024\/04\/Stiftung_Corona_Ausschuss_Radenthein_Kaernten_800x450.jpg?fit=800%2C450&ssl=1&resize=350%2C200 1x, https:\/\/i0.wp.com\/www.freidenker.org\/fw17\/wp-content\/uploads\/2024\/04\/Stiftung_Corona_Ausschuss_Radenthein_Kaernten_800x450.jpg?fit=800%2C450&ssl=1&resize=525%2C300 1.5x, https:\/\/i0.wp.com\/www.freidenker.org\/fw17\/wp-content\/uploads\/2024\/04\/Stiftung_Corona_Ausschuss_Radenthein_Kaernten_800x450.jpg?fit=800%2C450&ssl=1&resize=700%2C400 2x"},"classes":[]},{"id":15492,"url":"https:\/\/www.freidenker.org\/?p=15492","url_meta":{"origin":12501,"position":1},"title":"Impfsch\u00e4den und Freiheitsrechte: Medien best\u00e4tigen die Corona-Kritiker","author":"Webredaktion","date":"14. M\u00e4rz 2023","format":false,"excerpt":"Beitrag von Thomas R\u00f6per Um zu verstehen, was die derzeitigen Medienberichte \u00fcber Hunderttausende Impfsch\u00e4den und \u00fcber das Eingest\u00e4ndnis, dass die Corona-Ma\u00dfnahmen \"unsinnig, \u00fcberzogen, rechtswidrig\" waren (Spiegel), bedeuten, m\u00fcssen wir uns noch einmal an die leidige Corona-Zeit erinnern. ... Die Thesen der Querdenker waren erstens, dass COVID-19 keine gef\u00e4hrliche Seuche, sondern\u2026","rel":"","context":"In &quot;Demokratie \u2013 Medien \u2013 Aufkl\u00e4rung&quot;","block_context":{"text":"Demokratie \u2013 Medien \u2013 Aufkl\u00e4rung","link":"https:\/\/www.freidenker.org\/?cat=12"},"img":{"alt_text":"","src":"https:\/\/i0.wp.com\/www.freidenker.org\/fw17\/wp-content\/uploads\/2023\/03\/sitzplatz-abstandhalter_800x450.jpg?fit=800%2C450&ssl=1&resize=350%2C200","width":350,"height":200,"srcset":"https:\/\/i0.wp.com\/www.freidenker.org\/fw17\/wp-content\/uploads\/2023\/03\/sitzplatz-abstandhalter_800x450.jpg?fit=800%2C450&ssl=1&resize=350%2C200 1x, https:\/\/i0.wp.com\/www.freidenker.org\/fw17\/wp-content\/uploads\/2023\/03\/sitzplatz-abstandhalter_800x450.jpg?fit=800%2C450&ssl=1&resize=525%2C300 1.5x, https:\/\/i0.wp.com\/www.freidenker.org\/fw17\/wp-content\/uploads\/2023\/03\/sitzplatz-abstandhalter_800x450.jpg?fit=800%2C450&ssl=1&resize=700%2C400 2x"},"classes":[]},{"id":13380,"url":"https:\/\/www.freidenker.org\/?p=13380","url_meta":{"origin":12501,"position":2},"title":"Das Klima wird rauer und kritische Geister haben es immer schwerer","author":"Webredaktion","date":"13. Juni 2022","format":false,"excerpt":"Beitrag von Jens Berger Raumverbote sind kein neues Ph\u00e4nomen. In der Vergangenheit traf es vor allem Veranstaltungen, die sich kritisch mit der Politik des Staates Israel auseinandersetzten. ... Die Einschl\u00e4ge kommen \u201eso langsam\u201c jedoch n\u00e4her \u2013 auch Kritik an den Corona-Ma\u00dfnahmen und eine kritische Sicht auf den Ukraine-Krieg reichen heute\u2026","rel":"","context":"In &quot;Zeit der Verleumder - Freidenker f\u00fcr Klartext&quot;","block_context":{"text":"Zeit der Verleumder - Freidenker f\u00fcr Klartext","link":"https:\/\/www.freidenker.org\/?cat=937"},"img":{"alt_text":"","src":"https:\/\/i0.wp.com\/www.freidenker.org\/fw17\/wp-content\/uploads\/2022\/06\/klartext_pointing-4190930_800x450.jpg?fit=800%2C450&ssl=1&resize=350%2C200","width":350,"height":200,"srcset":"https:\/\/i0.wp.com\/www.freidenker.org\/fw17\/wp-content\/uploads\/2022\/06\/klartext_pointing-4190930_800x450.jpg?fit=800%2C450&ssl=1&resize=350%2C200 1x, https:\/\/i0.wp.com\/www.freidenker.org\/fw17\/wp-content\/uploads\/2022\/06\/klartext_pointing-4190930_800x450.jpg?fit=800%2C450&ssl=1&resize=525%2C300 1.5x, https:\/\/i0.wp.com\/www.freidenker.org\/fw17\/wp-content\/uploads\/2022\/06\/klartext_pointing-4190930_800x450.jpg?fit=800%2C450&ssl=1&resize=700%2C400 2x"},"classes":[]},{"id":13498,"url":"https:\/\/www.freidenker.org\/?p=13498","url_meta":{"origin":12501,"position":3},"title":"Verleumdungsorgie gegen Linken Liedersommer","author":"Webredaktion","date":"18. Juni 2022","format":false,"excerpt":"Interview der NRhZ mit Sebastian Bahlo (Vorsitzender des Deutschen Freidenker-Verbands) und Fotogalerie vom Linken Liedersommer 2022 Sebastian Bahlo: ... Nachdem der Liedersommer im vergangenen Jahr wegen der so genannten Corona-Ma\u00dfnahmen ausfallen musste, haben die Umst\u00e4nde, die ihn diesmal begleiten, im weiteren Sinne auch mit Corona zu tun. Der Veranstaltungsort, den\u2026","rel":"","context":"In &quot;Kultur &amp; Kunst&quot;","block_context":{"text":"Kultur &amp; Kunst","link":"https:\/\/www.freidenker.org\/?cat=913"},"img":{"alt_text":"","src":"https:\/\/i0.wp.com\/www.freidenker.org\/fw17\/wp-content\/uploads\/2022\/06\/LiLiSo2022_Bahlo_800x450.jpg?fit=800%2C450&ssl=1&resize=350%2C200","width":350,"height":200,"srcset":"https:\/\/i0.wp.com\/www.freidenker.org\/fw17\/wp-content\/uploads\/2022\/06\/LiLiSo2022_Bahlo_800x450.jpg?fit=800%2C450&ssl=1&resize=350%2C200 1x, https:\/\/i0.wp.com\/www.freidenker.org\/fw17\/wp-content\/uploads\/2022\/06\/LiLiSo2022_Bahlo_800x450.jpg?fit=800%2C450&ssl=1&resize=525%2C300 1.5x, https:\/\/i0.wp.com\/www.freidenker.org\/fw17\/wp-content\/uploads\/2022\/06\/LiLiSo2022_Bahlo_800x450.jpg?fit=800%2C450&ssl=1&resize=700%2C400 2x"},"classes":[]},{"id":11381,"url":"https:\/\/www.freidenker.org\/?p=11381","url_meta":{"origin":12501,"position":4},"title":"Ein Kessel Hetze \u2013 gegen \u201eAlles auf den Tisch!\u201c","author":"Webredaktion","date":"9. Oktober 2021","format":false,"excerpt":"Kommentar von Klaus Hartmann \u00dcber eines k\u00f6nnen sich die \u00fcber 100 Schauspieler, K\u00fcnstler und Wissenschaftler der Aktion \u201e#allesaufdentisch\u201c nicht beklagen: \u00fcber zu wenig mediale Aufmerksamkeit. 91 TV- und Radiostationen sowie \u00fcberregionale und regionale Zeitungen (Stand 03.10.2021) haben berichtet und kommentiert (Nachricht und Kommentar meist unaufl\u00f6slich vermischt). \u00dcber zu wenig H\u00e4me\u2026","rel":"","context":"In &quot;Demokratie \u2013 Medien \u2013 Aufkl\u00e4rung&quot;","block_context":{"text":"Demokratie \u2013 Medien \u2013 Aufkl\u00e4rung","link":"https:\/\/www.freidenker.org\/?cat=12"},"img":{"alt_text":"","src":"https:\/\/i0.wp.com\/www.freidenker.org\/fw17\/wp-content\/uploads\/2021\/10\/Alles_auf_den_Tisch_800x450.jpg?fit=800%2C450&ssl=1&resize=350%2C200","width":350,"height":200,"srcset":"https:\/\/i0.wp.com\/www.freidenker.org\/fw17\/wp-content\/uploads\/2021\/10\/Alles_auf_den_Tisch_800x450.jpg?fit=800%2C450&ssl=1&resize=350%2C200 1x, https:\/\/i0.wp.com\/www.freidenker.org\/fw17\/wp-content\/uploads\/2021\/10\/Alles_auf_den_Tisch_800x450.jpg?fit=800%2C450&ssl=1&resize=525%2C300 1.5x, https:\/\/i0.wp.com\/www.freidenker.org\/fw17\/wp-content\/uploads\/2021\/10\/Alles_auf_den_Tisch_800x450.jpg?fit=800%2C450&ssl=1&resize=700%2C400 2x"},"classes":[]},{"id":15012,"url":"https:\/\/www.freidenker.org\/?p=15012","url_meta":{"origin":12501,"position":5},"title":"Deutschland, ein rechtsfreier Raum","author":"Webredaktion","date":"20. Januar 2023","format":false,"excerpt":"Auszug aus dem Buch \u201eAusnahmezustand \u2013 Geopolitische Einsichten und Analysen unter Ber\u00fccksichtigung des Ukraine-Konflikts\" von Wolfgang Bittner Wer h\u00e4tte gedacht, dass in Deutschland eine Regierung an die Macht kommt, die den Ruin der Wirtschaft und die Verarmung weiter Teile der Gesellschaft betreibt? Wer h\u00e4tte sich vorstellen k\u00f6nnen, dass Grundrechte per\u2026","rel":"","context":"In &quot;Demokratie \u2013 Medien \u2013 Aufkl\u00e4rung&quot;","block_context":{"text":"Demokratie \u2013 Medien \u2013 Aufkl\u00e4rung","link":"https:\/\/www.freidenker.org\/?cat=12"},"img":{"alt_text":"","src":"https:\/\/i0.wp.com\/www.freidenker.org\/fw17\/wp-content\/uploads\/2023\/01\/bittner_ausnahmezustand_800x450.jpg?fit=800%2C450&ssl=1&resize=350%2C200","width":350,"height":200,"srcset":"https:\/\/i0.wp.com\/www.freidenker.org\/fw17\/wp-content\/uploads\/2023\/01\/bittner_ausnahmezustand_800x450.jpg?fit=800%2C450&ssl=1&resize=350%2C200 1x, https:\/\/i0.wp.com\/www.freidenker.org\/fw17\/wp-content\/uploads\/2023\/01\/bittner_ausnahmezustand_800x450.jpg?fit=800%2C450&ssl=1&resize=525%2C300 1.5x, https:\/\/i0.wp.com\/www.freidenker.org\/fw17\/wp-content\/uploads\/2023\/01\/bittner_ausnahmezustand_800x450.jpg?fit=800%2C450&ssl=1&resize=700%2C400 2x"},"classes":[]}],"_links":{"self":[{"href":"https:\/\/www.freidenker.org\/index.php?rest_route=\/wp\/v2\/posts\/12501","targetHints":{"allow":["GET"]}}],"collection":[{"href":"https:\/\/www.freidenker.org\/index.php?rest_route=\/wp\/v2\/posts"}],"about":[{"href":"https:\/\/www.freidenker.org\/index.php?rest_route=\/wp\/v2\/types\/post"}],"author":[{"embeddable":true,"href":"https:\/\/www.freidenker.org\/index.php?rest_route=\/wp\/v2\/users\/3"}],"replies":[{"embeddable":true,"href":"https:\/\/www.freidenker.org\/index.php?rest_route=%2Fwp%2Fv2%2Fcomments&post=12501"}],"version-history":[{"count":0,"href":"https:\/\/www.freidenker.org\/index.php?rest_route=\/wp\/v2\/posts\/12501\/revisions"}],"wp:featuredmedia":[{"embeddable":true,"href":"https:\/\/www.freidenker.org\/index.php?rest_route=\/wp\/v2\/media\/12502"}],"wp:attachment":[{"href":"https:\/\/www.freidenker.org\/index.php?rest_route=%2Fwp%2Fv2%2Fmedia&parent=12501"}],"wp:term":[{"taxonomy":"category","embeddable":true,"href":"https:\/\/www.freidenker.org\/index.php?rest_route=%2Fwp%2Fv2%2Fcategories&post=12501"},{"taxonomy":"post_tag","embeddable":true,"href":"https:\/\/www.freidenker.org\/index.php?rest_route=%2Fwp%2Fv2%2Ftags&post=12501"}],"curies":[{"name":"wp","href":"https:\/\/api.w.org\/{rel}","templated":true}]}}