{"id":12498,"date":"2022-03-24T23:48:18","date_gmt":"2022-03-24T22:48:18","guid":{"rendered":"https:\/\/www.freidenker.org\/?p=12498"},"modified":"2022-04-11T00:05:39","modified_gmt":"2022-04-10T22:05:39","slug":"naziterror-in-der-ukraine-fake-oder-fakt","status":"publish","type":"post","link":"https:\/\/www.freidenker.org\/?p=12498","title":{"rendered":"Naziterror in der Ukraine &#8211; Fake oder Fakt?"},"content":{"rendered":"<p><em>von <strong>Diether Dehm<\/strong><\/em><\/p>\n<p><span style=\"font-size: 10pt;\">Erstver\u00f6ffentlichung am 20.03.2022 auf <a href=\"https:\/\/www.diether-dehm.de\/positionen\/1634-naziterror-in-der-ukraine-fake-oder-fakt\" target=\"_blank\" rel=\"noopener\">diether-dehm.de<\/a><\/span><\/p>\n<p>Mit seinen Nazi-Todesschwadronen, Granaten und Scharfsch\u00fctzen hatte das Pentagon 7 Jahre gereizt, provoziert und eskaliert. Mit tausenden Mordopfern. Und damit wohl eine Falle gestellt, in die Wladimir Putin &#8211; einmal nicht berechnend, sondern berechnet &#8211; hineingelaufen ist.<\/p>\n<p>Nun verliert er auch noch den Kampf um die Tr\u00e4nen. Zumal Aufkl\u00e4rung und Kommunikation noch nie Trumpfkarten des Kreml waren.<\/p>\n<p>Wenn darob jetzt das frohlockende Gegluckse aus &#8222;unseren&#8220; Nachrichtenredaktionen ohrenbet\u00e4ubend widerhallt, wie in einer Tropfsteinh\u00f6hle, sollten wir dennoch ein paar Fakten nicht dem Menschheitsfeind NATO verschweigen helfen (auch wenn wir AntiimperialistInnen grade mal wieder eine Meinungsschlacht verlieren).<\/p>\n<p>Denn: diese Naziregimenter Asow, Ajdar, rechter Sektor, Alpha u.\u00e4 sind leider keine Geisterarmeen und keine Hirngespinste des Kreml. Sie werden vom faschistischen Oligarchen Kolomojskij finanziert, geh\u00f6ren seit 6 Jahren zum Innenministerium, trimmen Kindersoldaten und ver\u00fcben laut UN und OSZE Massenmorde, Folterungen, Vergewaltigungen und Entf\u00fchrungen gegen GewerkschafterInnen, Prorussen und Linke (nachdem sie deren B\u00fcros jahrelang verw\u00fcstet hatten). Exponierter Nazi-Sympathisant hierzulande ist der ukrainische Botschafter Melnyk, der gelegentlich Blumen am M\u00fcnchner Grab des SS-Fanatikers Bandera niederlegt (was die Bundesregierung zwar kritisiert, aber auch entschuldigt, weil dies ja &#8222;zum erheblichen Anteil nur Kollaboration mit deutschen Besatzungstruppen gewesen&#8220; sei).<\/p>\n<p>Die faschistischen Bataillone in der Ukraine haben au\u00dferdem die Spezialaufgabe, Zivilisten am Fliehen zu hindern, andersdenkende Ukrainer zu meucheln, um die Screenshots der russischen Armee anzulasten. Vorzugsweise schie\u00dfen diese Nazis aus Krankenh\u00e4usern, Schulen und Kinderg\u00e4rten auf Russen. Ihre\u00a0Artillerie postieren sie gerne auf zivilen Balkonen und Wohnungsd\u00e4chern. Mit dem Doppeleffekt, russisches Gegenfeuer auf deren menschliche Schutzschilder zu hemmen oder Aufnahmen davon westlichen Redaktionen zu mailen. Und die medialen Menschenrechtsheuchler*innen in Hamburg und Berlin meucheln mit! \u00dcberall, wo sie Nazis-Propagandabilder unhinterfragt posten! Und wo sie gleichzeitig Fotos von Massengr\u00e4bern ermordeter OstukrainerInnen als &#8222;Kreml-Fake-News&#8220; verniedlichen.<\/p>\n<p>Deutsche Medien spielen fast nur noch in die Karten des Pentagon und gegen europ\u00e4ische Wirtschaftsinteressen. Der von den Nazimilizen angestrebte jahrelange Guerillakampf &#8222;Russen-gegen-EU&#8220;, w\u00fcrde auch die deutsche Wirtschaft ruinieren und nur US-Milliard\u00e4ren n\u00fctzen!<\/p>\n<p>Dazu bekamen die ukrainischen Faschisten vom Pentagon noch einen andern Specialjob zugedacht: die brandgef\u00e4hrlichen Biolabore in der Westukraine (welche das chinesische Au\u00dfenministerium j\u00fcngst mit 26 beziffert hat) sollen zur &#8222;Trumpfkarte einer Politik der verbrannten Erde der Asow-Bataillone werden&#8220; (UZ, 18.3.22; S.13). Wer mehr \u00fcber den chemischen und biologischen Terrorismus aus Washington erfahren will, google nach dem US-Kongressabgeordneten Tulsie Gabbard oder dem Buch &#8222;The Pentagon Bio-Weapons&#8220; von der bulgarischen Journalistin Dilyana Gaytandzhieva. Denn es wird keinen Frieden geben, wenn die Macht gef\u00e4lschter Tr\u00e4nen-Bilder erst nach dem Krieg auffliegt &#8211; wie erst nach Jugoslawien, Irak, Libyen usw.<\/p>\n<p style=\"text-align: right;\"><em>Dr. Diether Dehm ist Mitglied des Deutschen Freidenker-Verbandes und seines Beirats<\/em><\/p>\n<hr \/>\n<p><span style=\"font-size: 10pt;\">Bild: Informationsstand des Asow-Bataillons in Charkiw (2018) [Die Losung bedeutet: &#8222;Alles f\u00fcr den Sieg&#8220;]<br \/>\nFoto: Adam Jones from Kelowna, BC, Canada &#8211; CC BY-SA 2.0<br \/>\nQuelle: <a href=\"https:\/\/commons.wikimedia.org\/w\/index.php?curid=72012333\" target=\"_blank\" rel=\"noopener\">https:\/\/commons.wikimedia.org\/w\/index.php?curid=72012333<\/a><\/span><\/p>\n","protected":false},"excerpt":{"rendered":"<p><b>Beitrag von Diether Dehm<\/b><br \/>\nMit seinen Nazi-Todesschwadronen, Granaten und Scharfsch\u00fctzen hatte das Pentagon 7 Jahre gereizt, provoziert und eskaliert. Mit tausenden Mordopfern. Und damit wohl eine Falle gestellt, in die Wladimir Putin &#8211; einmal nicht berechnend, sondern berechnet &#8211; hineingelaufen ist. Nun verliert er auch noch den Kampf um die Tr\u00e4nen. Zumal Aufkl\u00e4rung und Kommunikation noch nie Trumpfkarten des Kreml waren. Wenn darob jetzt das frohlockende Gegluckse aus &#8222;unseren&#8220; Nachrichtenredaktionen ohrenbet\u00e4ubend widerhallt, wie in einer Tropfsteinh\u00f6hle, sollten wir dennoch ein paar Fakten nicht dem Menschheitsfeind NATO verschweigen helfen<\/p>\n","protected":false},"author":3,"featured_media":12499,"comment_status":"closed","ping_status":"closed","sticky":false,"template":"","format":"standard","meta":{"colormag_page_container_layout":"default_layout","colormag_page_sidebar_layout":"default_layout","advanced_seo_description":"","jetpack_seo_html_title":"","jetpack_seo_noindex":false,"jetpack_post_was_ever_published":false,"footnotes":""},"categories":[13],"tags":[451,222,639,185],"class_list":["post-12498","post","type-post","status-publish","format-standard","has-post-thumbnail","hentry","category-frieden-antifaschismus-solidaritaet","tag-faschismus","tag-russland","tag-ukraine-konflikt","tag-usa"],"jetpack_featured_media_url":"https:\/\/i0.wp.com\/www.freidenker.org\/fw17\/wp-content\/uploads\/2022\/03\/Street_Exhibit_of_Azov_Battalion_-_Kharkiv_800x450.jpg?fit=800%2C450&ssl=1","jetpack_shortlink":"https:\/\/wp.me\/p9stpK-3fA","jetpack-related-posts":[{"id":11327,"url":"https:\/\/www.freidenker.org\/?p=11327","url_meta":{"origin":12498,"position":0},"title":"Diether Dehm zur L\u00f6schung von RT-DE-Kan\u00e4len","author":"Webredaktion","date":"3. Oktober 2021","format":false,"excerpt":"Interview mit RT DE mit Diether Dehm F: Wie bewerten Sie die L\u00f6schung der YouTube-Kan\u00e4le RT DE und Der Fehlende Part? A: \"Na, das ist es, wovor ich viele, auch Russia Today, schon gewarnt habe, dass nach der Bundestagswahl, wenn die Stimmen ausgez\u00e4hlt sind, die Repression und die Zensur in\u2026","rel":"","context":"In &quot;Demokratie \u2013 Medien \u2013 Aufkl\u00e4rung&quot;","block_context":{"text":"Demokratie \u2013 Medien \u2013 Aufkl\u00e4rung","link":"https:\/\/www.freidenker.org\/?cat=12"},"img":{"alt_text":"","src":"https:\/\/i0.wp.com\/www.freidenker.org\/fw17\/wp-content\/uploads\/2021\/10\/Diether_Dehm_Interview_RTDE_800x450.jpg?fit=800%2C450&ssl=1&resize=350%2C200","width":350,"height":200,"srcset":"https:\/\/i0.wp.com\/www.freidenker.org\/fw17\/wp-content\/uploads\/2021\/10\/Diether_Dehm_Interview_RTDE_800x450.jpg?fit=800%2C450&ssl=1&resize=350%2C200 1x, https:\/\/i0.wp.com\/www.freidenker.org\/fw17\/wp-content\/uploads\/2021\/10\/Diether_Dehm_Interview_RTDE_800x450.jpg?fit=800%2C450&ssl=1&resize=525%2C300 1.5x, https:\/\/i0.wp.com\/www.freidenker.org\/fw17\/wp-content\/uploads\/2021\/10\/Diether_Dehm_Interview_RTDE_800x450.jpg?fit=800%2C450&ssl=1&resize=700%2C400 2x"},"classes":[]},{"id":10325,"url":"https:\/\/www.freidenker.org\/?p=10325","url_meta":{"origin":12498,"position":1},"title":"Warum ich mich in Moskau mit Sputnik impfen lie\u00df","author":"Webredaktion","date":"14. Mai 2021","format":false,"excerpt":"W\u00e4hrend seines Aufenthaltes in Moskau anl\u00e4sslich der Feierlichkeiten zum Tag des Sieges nutzte unser Beiratsmitglied Diether Dehm (MdB) die Gelegenheit, sich mit dem russischen Impfstoff Sputnik V gegen Corona impfen zu lassen. Dazu ver\u00f6ffentlichen wir den Eintrag auf seiner Webseite, einen Artikel von RT DE und ein Interview mit Diether\u2026","rel":"","context":"In &quot;Demokratie \u2013 Medien \u2013 Aufkl\u00e4rung&quot;","block_context":{"text":"Demokratie \u2013 Medien \u2013 Aufkl\u00e4rung","link":"https:\/\/www.freidenker.org\/?cat=12"},"img":{"alt_text":"","src":"https:\/\/i0.wp.com\/www.freidenker.org\/fw17\/wp-content\/uploads\/2021\/05\/dehm_impfung_800x450.jpg?fit=800%2C450&ssl=1&resize=350%2C200","width":350,"height":200,"srcset":"https:\/\/i0.wp.com\/www.freidenker.org\/fw17\/wp-content\/uploads\/2021\/05\/dehm_impfung_800x450.jpg?fit=800%2C450&ssl=1&resize=350%2C200 1x, https:\/\/i0.wp.com\/www.freidenker.org\/fw17\/wp-content\/uploads\/2021\/05\/dehm_impfung_800x450.jpg?fit=800%2C450&ssl=1&resize=525%2C300 1.5x, https:\/\/i0.wp.com\/www.freidenker.org\/fw17\/wp-content\/uploads\/2021\/05\/dehm_impfung_800x450.jpg?fit=800%2C450&ssl=1&resize=700%2C400 2x"},"classes":[]},{"id":16979,"url":"https:\/\/www.freidenker.org\/?p=16979","url_meta":{"origin":12498,"position":2},"title":"Tod und Verderben: \u201eFest eingeplant\u201c","author":"Webredaktion","date":"19. September 2023","format":false,"excerpt":"Kommentar von Evelyn Hecht-Galinski Wenn ein deutscher Finanzminister in die Ukraine reist, dann kann der deutsche Steuerzahler etwas erleben. Als FDP-Lindner am letzten Montag im Sonderzug in der Ukraine einfuhr, da wollte er in seinem 12-Stunden-Blitzbesuch \u201eein Zeichen setzen\u201c \u2013 in dem Land, in dem auch \u201eunsere Werte verteidigt\u201c werden.\u2026","rel":"","context":"In &quot;Demokratie \u2013 Medien \u2013 Aufkl\u00e4rung&quot;","block_context":{"text":"Demokratie \u2013 Medien \u2013 Aufkl\u00e4rung","link":"https:\/\/www.freidenker.org\/?cat=12"},"img":{"alt_text":"","src":"https:\/\/i0.wp.com\/www.freidenker.org\/fw17\/wp-content\/uploads\/2023\/09\/cost-4164565_800x450.jpg?fit=800%2C450&ssl=1&resize=350%2C200","width":350,"height":200,"srcset":"https:\/\/i0.wp.com\/www.freidenker.org\/fw17\/wp-content\/uploads\/2023\/09\/cost-4164565_800x450.jpg?fit=800%2C450&ssl=1&resize=350%2C200 1x, https:\/\/i0.wp.com\/www.freidenker.org\/fw17\/wp-content\/uploads\/2023\/09\/cost-4164565_800x450.jpg?fit=800%2C450&ssl=1&resize=525%2C300 1.5x, https:\/\/i0.wp.com\/www.freidenker.org\/fw17\/wp-content\/uploads\/2023\/09\/cost-4164565_800x450.jpg?fit=800%2C450&ssl=1&resize=700%2C400 2x"},"classes":[]},{"id":18103,"url":"https:\/\/www.freidenker.org\/?p=18103","url_meta":{"origin":12498,"position":3},"title":"Echter Journalismus und falsche EU","author":"Webredaktion","date":"9. Februar 2024","format":false,"excerpt":"Patrik Baab: Die EU ist zu einem Kriegsb\u00fcndnis degeneriert Video-Interview von\u00a0Dr. Diether Dehm\u00a0mit\u00a0Patrik Baab Der Journalist Patrik Baab erz\u00e4hlt warum er in den Donbass reiste und weshalb Ausgewogenheit das Ziel von Journalismus sein sollte. Es gehe darum aufzukl\u00e4ren und alle Seiten zu Wort kommen zu lassen. Als Politikwissenschaftler gibt er\u2026","rel":"","context":"In &quot;Demokratie \u2013 Medien \u2013 Aufkl\u00e4rung&quot;","block_context":{"text":"Demokratie \u2013 Medien \u2013 Aufkl\u00e4rung","link":"https:\/\/www.freidenker.org\/?cat=12"},"img":{"alt_text":"","src":"https:\/\/i0.wp.com\/www.freidenker.org\/fw17\/wp-content\/uploads\/2024\/02\/Dehm_Baab_800x450.jpg?fit=800%2C450&ssl=1&resize=350%2C200","width":350,"height":200,"srcset":"https:\/\/i0.wp.com\/www.freidenker.org\/fw17\/wp-content\/uploads\/2024\/02\/Dehm_Baab_800x450.jpg?fit=800%2C450&ssl=1&resize=350%2C200 1x, https:\/\/i0.wp.com\/www.freidenker.org\/fw17\/wp-content\/uploads\/2024\/02\/Dehm_Baab_800x450.jpg?fit=800%2C450&ssl=1&resize=525%2C300 1.5x, https:\/\/i0.wp.com\/www.freidenker.org\/fw17\/wp-content\/uploads\/2024\/02\/Dehm_Baab_800x450.jpg?fit=800%2C450&ssl=1&resize=700%2C400 2x"},"classes":[]},{"id":15713,"url":"https:\/\/www.freidenker.org\/?p=15713","url_meta":{"origin":12498,"position":4},"title":"Diether Dehm: Sozialstaat gibt es nur im Nationalstaat","author":"Webredaktion","date":"6. April 2023","format":false,"excerpt":"Interview von Felicitas Rabe mit Dr. Diether Dehm FR: Herr Dehm, inwieweit k\u00f6nnen deutsche Politiker ... eigenst\u00e4ndig entscheiden und sollten dementsprechend auch als Verantwortliche solcher Entscheidungen von den Kritikern adressiert werden? Oder sollten Kritiker sich besser an ganz andere Verantwortliche wenden? DD: Es ist unverst\u00e4ndlich, den Kritikern zuzurufen: Wendet euch\u2026","rel":"","context":"In &quot;Arbeit &amp; Soziales&quot;","block_context":{"text":"Arbeit &amp; Soziales","link":"https:\/\/www.freidenker.org\/?cat=11"},"img":{"alt_text":"","src":"https:\/\/i0.wp.com\/www.freidenker.org\/fw17\/wp-content\/uploads\/2023\/04\/dehm_duesseldorf_2023_800x450.jpg?fit=800%2C450&ssl=1&resize=350%2C200","width":350,"height":200,"srcset":"https:\/\/i0.wp.com\/www.freidenker.org\/fw17\/wp-content\/uploads\/2023\/04\/dehm_duesseldorf_2023_800x450.jpg?fit=800%2C450&ssl=1&resize=350%2C200 1x, https:\/\/i0.wp.com\/www.freidenker.org\/fw17\/wp-content\/uploads\/2023\/04\/dehm_duesseldorf_2023_800x450.jpg?fit=800%2C450&ssl=1&resize=525%2C300 1.5x, https:\/\/i0.wp.com\/www.freidenker.org\/fw17\/wp-content\/uploads\/2023\/04\/dehm_duesseldorf_2023_800x450.jpg?fit=800%2C450&ssl=1&resize=700%2C400 2x"},"classes":[]},{"id":21565,"url":"https:\/\/www.freidenker.org\/?p=21565","url_meta":{"origin":12498,"position":5},"title":"R\u00fcckblick: Osterm\u00e4rsche 2025","author":"Webredaktion","date":"29. April 2025","format":false,"excerpt":"Wir dokumentieren in Texten, Bildern und Videos verschiedene\u00a0Osterm\u00e4rsche\u00a0unter Mitwirkung von Mitgliedern unseres Verbandes. 12.04.2025 Potsdam: Bildergalerie 18.04.2025 Dresden: Video, Auftritte von Yann Song Kin:\u00a0Kriegstreibereinheitsfrontlied, Dieter Hallervorden: Frieden ist ein Meisterst\u00fcck der Vernunft, Diether Dehm: Das Lied der Deutschen 18.04.2025 Bruchk\u00f6bel: Bilder 19.04.2025 Heidelberg: Rede von Joachim Guilliard 19.04.2025 Bremen: Video,\u2026","rel":"","context":"In &quot;Frieden - Antifaschismus - Solidarit\u00e4t&quot;","block_context":{"text":"Frieden - Antifaschismus - Solidarit\u00e4t","link":"https:\/\/www.freidenker.org\/?cat=13"},"img":{"alt_text":"","src":"https:\/\/i0.wp.com\/www.freidenker.org\/fw17\/wp-content\/uploads\/2025\/04\/janezahn-om2025_800x450.jpg?fit=800%2C450&ssl=1&resize=350%2C200","width":350,"height":200,"srcset":"https:\/\/i0.wp.com\/www.freidenker.org\/fw17\/wp-content\/uploads\/2025\/04\/janezahn-om2025_800x450.jpg?fit=800%2C450&ssl=1&resize=350%2C200 1x, https:\/\/i0.wp.com\/www.freidenker.org\/fw17\/wp-content\/uploads\/2025\/04\/janezahn-om2025_800x450.jpg?fit=800%2C450&ssl=1&resize=525%2C300 1.5x, https:\/\/i0.wp.com\/www.freidenker.org\/fw17\/wp-content\/uploads\/2025\/04\/janezahn-om2025_800x450.jpg?fit=800%2C450&ssl=1&resize=700%2C400 2x"},"classes":[]}],"_links":{"self":[{"href":"https:\/\/www.freidenker.org\/index.php?rest_route=\/wp\/v2\/posts\/12498","targetHints":{"allow":["GET"]}}],"collection":[{"href":"https:\/\/www.freidenker.org\/index.php?rest_route=\/wp\/v2\/posts"}],"about":[{"href":"https:\/\/www.freidenker.org\/index.php?rest_route=\/wp\/v2\/types\/post"}],"author":[{"embeddable":true,"href":"https:\/\/www.freidenker.org\/index.php?rest_route=\/wp\/v2\/users\/3"}],"replies":[{"embeddable":true,"href":"https:\/\/www.freidenker.org\/index.php?rest_route=%2Fwp%2Fv2%2Fcomments&post=12498"}],"version-history":[{"count":0,"href":"https:\/\/www.freidenker.org\/index.php?rest_route=\/wp\/v2\/posts\/12498\/revisions"}],"wp:featuredmedia":[{"embeddable":true,"href":"https:\/\/www.freidenker.org\/index.php?rest_route=\/wp\/v2\/media\/12499"}],"wp:attachment":[{"href":"https:\/\/www.freidenker.org\/index.php?rest_route=%2Fwp%2Fv2%2Fmedia&parent=12498"}],"wp:term":[{"taxonomy":"category","embeddable":true,"href":"https:\/\/www.freidenker.org\/index.php?rest_route=%2Fwp%2Fv2%2Fcategories&post=12498"},{"taxonomy":"post_tag","embeddable":true,"href":"https:\/\/www.freidenker.org\/index.php?rest_route=%2Fwp%2Fv2%2Ftags&post=12498"}],"curies":[{"name":"wp","href":"https:\/\/api.w.org\/{rel}","templated":true}]}}