{"id":12437,"date":"2022-03-12T23:31:32","date_gmt":"2022-03-12T22:31:32","guid":{"rendered":"https:\/\/www.freidenker.org\/?p=12437"},"modified":"2023-03-19T18:10:57","modified_gmt":"2023-03-19T17:10:57","slug":"linker-liedersommer-2022","status":"publish","type":"post","link":"https:\/\/www.freidenker.org\/?p=12437","title":{"rendered":"Linker Liedersommer 2022"},"content":{"rendered":"<h4>Achtung! Der Veranstaltungsort wurde ge\u00e4ndert!<\/h4>\n<h5>Weitere Informationen hier: <a href=\"https:\/\/www.freidenker.org\/?p=13349\">https:\/\/www.freidenker.org\/?p=13349<\/a><\/h5>\n<hr \/>\n<p>&nbsp;<\/p>\n<h4><strong>NEUNTES KULTURSEMINAR <\/strong><br \/>\n<del><strong>NATURFREUNDEHAUS RAHNENHOF (PFALZ)<\/strong><\/del><br \/>\n<strong>10.-12. JUNI 2022<\/strong><\/h4>\n<p><img data-recalc-dims=\"1\" loading=\"lazy\" decoding=\"async\" data-attachment-id=\"1076\" data-permalink=\"https:\/\/www.freidenker.org\/?attachment_id=1076\" data-orig-file=\"https:\/\/i0.wp.com\/www.freidenker.org\/fw17\/wp-content\/uploads\/2017\/10\/pdf_icon-2.png?fit=32%2C32&amp;ssl=1\" data-orig-size=\"32,32\" data-comments-opened=\"0\" data-image-meta=\"{&quot;aperture&quot;:&quot;0&quot;,&quot;credit&quot;:&quot;&quot;,&quot;camera&quot;:&quot;&quot;,&quot;caption&quot;:&quot;&quot;,&quot;created_timestamp&quot;:&quot;0&quot;,&quot;copyright&quot;:&quot;&quot;,&quot;focal_length&quot;:&quot;0&quot;,&quot;iso&quot;:&quot;0&quot;,&quot;shutter_speed&quot;:&quot;0&quot;,&quot;title&quot;:&quot;&quot;,&quot;orientation&quot;:&quot;0&quot;}\" data-image-title=\"pdf_icon\" data-image-description=\"\" data-image-caption=\"\" data-large-file=\"https:\/\/i0.wp.com\/www.freidenker.org\/fw17\/wp-content\/uploads\/2017\/10\/pdf_icon-2.png?fit=32%2C32&amp;ssl=1\" class=\"alignnone size-full wp-image-1076\" src=\"https:\/\/i0.wp.com\/www.freidenker.org\/fw17\/wp-content\/uploads\/2017\/10\/pdf_icon-2.png?resize=32%2C32&#038;ssl=1\" alt=\"\" width=\"32\" height=\"32\" \/>\u00a0<del><strong>Veranstaltungsflyer mit Programm<\/strong> als PDF-Dokument ansehen oder herunterladen (ca. 264 KB)<\/del><\/p>\n<p><span style=\"font-size: 14pt;\"><strong>Veranstalter:<\/strong><\/span><\/p>\n<p><img data-recalc-dims=\"1\" loading=\"lazy\" decoding=\"async\" data-attachment-id=\"5384\" data-permalink=\"https:\/\/www.freidenker.org\/?attachment_id=5384\" data-orig-file=\"https:\/\/i0.wp.com\/www.freidenker.org\/fw17\/wp-content\/uploads\/2018\/09\/LL_Logo_Freidenker.jpg?fit=300%2C63&amp;ssl=1\" data-orig-size=\"300,63\" data-comments-opened=\"0\" data-image-meta=\"{&quot;aperture&quot;:&quot;0&quot;,&quot;credit&quot;:&quot;&quot;,&quot;camera&quot;:&quot;&quot;,&quot;caption&quot;:&quot;&quot;,&quot;created_timestamp&quot;:&quot;0&quot;,&quot;copyright&quot;:&quot;&quot;,&quot;focal_length&quot;:&quot;0&quot;,&quot;iso&quot;:&quot;0&quot;,&quot;shutter_speed&quot;:&quot;0&quot;,&quot;title&quot;:&quot;&quot;,&quot;orientation&quot;:&quot;1&quot;}\" data-image-title=\"LL_Logo_Freidenker\" data-image-description=\"\" data-image-caption=\"\" data-large-file=\"https:\/\/i0.wp.com\/www.freidenker.org\/fw17\/wp-content\/uploads\/2018\/09\/LL_Logo_Freidenker.jpg?fit=300%2C63&amp;ssl=1\" class=\"alignnone size-full wp-image-5384\" src=\"https:\/\/i0.wp.com\/www.freidenker.org\/fw17\/wp-content\/uploads\/2018\/09\/LL_Logo_Freidenker.jpg?resize=300%2C63&#038;ssl=1\" alt=\"\" width=\"300\" height=\"63\" \/><\/p>\n<p><strong>Deutscher Freidenker-Verband<\/strong><br \/>\n<strong>Landesverb\u00e4nde RLP\/Saar &amp; Hessen, Nordrhein-Westfalen, Baden-W\u00fcrttemberg<\/strong><br \/>\n<a href=\"https:\/\/www.freidenker.org\">www.freidenker.org<\/a><\/p>\n<p><span style=\"font-size: 14pt;\"><strong>In Zusammenarbeit mit:<\/strong><\/span><\/p>\n<p><img data-recalc-dims=\"1\" loading=\"lazy\" decoding=\"async\" data-attachment-id=\"5385\" data-permalink=\"https:\/\/www.freidenker.org\/?attachment_id=5385\" data-orig-file=\"https:\/\/i0.wp.com\/www.freidenker.org\/fw17\/wp-content\/uploads\/2018\/09\/LL_Logo_Jenny-Marx-Ges.jpg?fit=300%2C146&amp;ssl=1\" data-orig-size=\"300,146\" data-comments-opened=\"0\" data-image-meta=\"{&quot;aperture&quot;:&quot;0&quot;,&quot;credit&quot;:&quot;&quot;,&quot;camera&quot;:&quot;&quot;,&quot;caption&quot;:&quot;&quot;,&quot;created_timestamp&quot;:&quot;0&quot;,&quot;copyright&quot;:&quot;&quot;,&quot;focal_length&quot;:&quot;0&quot;,&quot;iso&quot;:&quot;0&quot;,&quot;shutter_speed&quot;:&quot;0&quot;,&quot;title&quot;:&quot;&quot;,&quot;orientation&quot;:&quot;1&quot;}\" data-image-title=\"LL_Logo_Jenny-Marx-Ges\" data-image-description=\"\" data-image-caption=\"\" data-large-file=\"https:\/\/i0.wp.com\/www.freidenker.org\/fw17\/wp-content\/uploads\/2018\/09\/LL_Logo_Jenny-Marx-Ges.jpg?fit=300%2C146&amp;ssl=1\" class=\"alignnone size-full wp-image-5385\" src=\"https:\/\/i0.wp.com\/www.freidenker.org\/fw17\/wp-content\/uploads\/2018\/09\/LL_Logo_Jenny-Marx-Ges.jpg?resize=300%2C146&#038;ssl=1\" alt=\"\" width=\"300\" height=\"146\" \/><\/p>\n<p><strong>Jenny Marx Gesellschaft f\u00fcr politische Bildung e.V.<\/strong><br \/>\n<a href=\"http:\/\/www.jenny-marx-gesellschaft.de\" target=\"_blank\" rel=\"noopener noreferrer\">www.jenny-marx-gesellschaft.de<\/a><\/p>\n<p><img data-recalc-dims=\"1\" loading=\"lazy\" decoding=\"async\" data-attachment-id=\"5386\" data-permalink=\"https:\/\/www.freidenker.org\/?attachment_id=5386\" data-orig-file=\"https:\/\/i0.wp.com\/www.freidenker.org\/fw17\/wp-content\/uploads\/2018\/09\/LL_Logo_Arbeiterfotografie.jpg?fit=300%2C94&amp;ssl=1\" data-orig-size=\"300,94\" data-comments-opened=\"0\" data-image-meta=\"{&quot;aperture&quot;:&quot;0&quot;,&quot;credit&quot;:&quot;&quot;,&quot;camera&quot;:&quot;&quot;,&quot;caption&quot;:&quot;&quot;,&quot;created_timestamp&quot;:&quot;0&quot;,&quot;copyright&quot;:&quot;&quot;,&quot;focal_length&quot;:&quot;0&quot;,&quot;iso&quot;:&quot;0&quot;,&quot;shutter_speed&quot;:&quot;0&quot;,&quot;title&quot;:&quot;&quot;,&quot;orientation&quot;:&quot;1&quot;}\" data-image-title=\"LL_Logo_Arbeiterfotografie\" data-image-description=\"\" data-image-caption=\"\" data-large-file=\"https:\/\/i0.wp.com\/www.freidenker.org\/fw17\/wp-content\/uploads\/2018\/09\/LL_Logo_Arbeiterfotografie.jpg?fit=300%2C94&amp;ssl=1\" class=\"alignnone size-full wp-image-5386\" src=\"https:\/\/i0.wp.com\/www.freidenker.org\/fw17\/wp-content\/uploads\/2018\/09\/LL_Logo_Arbeiterfotografie.jpg?resize=300%2C94&#038;ssl=1\" alt=\"\" width=\"300\" height=\"94\" \/><\/p>\n<p><strong>Arbeiterfotografie<\/strong><br \/>\n<a href=\"http:\/\/www.arbeiterfotografie.com\" target=\"_blank\" rel=\"noopener noreferrer\">www.arbeiterfotografie.com<\/a><\/p>\n<p><img data-recalc-dims=\"1\" loading=\"lazy\" decoding=\"async\" data-attachment-id=\"5387\" data-permalink=\"https:\/\/www.freidenker.org\/?attachment_id=5387\" data-orig-file=\"https:\/\/i0.wp.com\/www.freidenker.org\/fw17\/wp-content\/uploads\/2018\/09\/LL_Logo_nrhz.jpg?fit=300%2C85&amp;ssl=1\" data-orig-size=\"300,85\" data-comments-opened=\"0\" data-image-meta=\"{&quot;aperture&quot;:&quot;0&quot;,&quot;credit&quot;:&quot;&quot;,&quot;camera&quot;:&quot;&quot;,&quot;caption&quot;:&quot;&quot;,&quot;created_timestamp&quot;:&quot;0&quot;,&quot;copyright&quot;:&quot;&quot;,&quot;focal_length&quot;:&quot;0&quot;,&quot;iso&quot;:&quot;0&quot;,&quot;shutter_speed&quot;:&quot;0&quot;,&quot;title&quot;:&quot;&quot;,&quot;orientation&quot;:&quot;1&quot;}\" data-image-title=\"LL_Logo_nrhz\" data-image-description=\"\" data-image-caption=\"\" data-large-file=\"https:\/\/i0.wp.com\/www.freidenker.org\/fw17\/wp-content\/uploads\/2018\/09\/LL_Logo_nrhz.jpg?fit=300%2C85&amp;ssl=1\" class=\"alignnone size-full wp-image-5387\" src=\"https:\/\/i0.wp.com\/www.freidenker.org\/fw17\/wp-content\/uploads\/2018\/09\/LL_Logo_nrhz.jpg?resize=300%2C85&#038;ssl=1\" alt=\"\" width=\"300\" height=\"85\" \/><\/p>\n<p><strong>Neue Rheinische Zeitung<\/strong><br \/>\n<a href=\"http:\/\/www.nrhz.de\" target=\"_blank\" rel=\"noopener noreferrer\">www.nrhz.de<\/a><\/p>\n<h4>Linker Liedersommer<\/h4>\n<p>Auch nach dem Umzug vom Hunsr\u00fcck in die Pfalz kn\u00fcpfen wir mit dem Linken Liedersommer an die Liedermacher-Tradition der APO-Zeiten auf Burg Waldeck an.<\/p>\n<p>Wir laden ein zu Musik und gemeinsamem Singen am abendlichen Lagerfeuer, zur Debatte \u00fcber Kunst und Gesellschaft in Arbeitsgruppen, zum Abendprogramm aller Mitwirkenden auf der Freilicht-B\u00fchne unter Beteiligung m\u00f6glichst vieler Teilnehmer sowie zu einer besonderen Kultur-Matin\u00e9e am Sonntag.<\/p>\n<p>Herzlich eingeladen sind K\u00fcnstler, Musikgruppen, S\u00e4nger und Leute, die sich im Seminar oder am Lagerfeuer mit Gleichgesinnten austauschen m\u00f6chten.<\/p>\n<p><del>Das Naturfreundehaus Rahnenhof ist mit \u00f6ffentlichem Nahverkehr zu erreichen, bietet \u00dcbernachtungsm\u00f6glichkeiten f\u00fcr alle am Ort der Veranstaltung mit Hotelstandard sowie eine eigene<\/del><br \/>\n<del>Gastronomie.<\/del><\/p>\n<p><del><strong>VERANSTALTUNGSORT<\/strong><\/del><br \/>\n<del>Naturfreundehaus Rahnenhof<\/del><br \/>\n<del>Hintergasse 9<\/del><br \/>\n<del>67316 Carlsberg-Hertlingshausen \/Pfalz<\/del><br \/>\n<del><a href=\"mailto:kontakt@naturfreundehaus-rahnenhof.de\">kontakt@naturfreundehaus-rahnenhof.de<\/a><\/del><br \/>\n<del><a href=\"http:\/\/www.naturfreundehaus-rahnenhof.de\" target=\"_blank\" rel=\"noopener noreferrer\">www.naturfreundehaus-rahnenhof.de<\/a><\/del><\/p>\n<p><del>Bahn \u00fcber Mannheim nach Gr\u00fcnstadt, Bus nach Hertlingshausen<\/del><\/p>\n<p><strong>Teilnahmekosten<\/strong><br \/>\nTeilnahme komplett: Mitglieder 30,00 \u20ac, Nichtmitglieder 45.00 \u20ac<br \/>\nerm\u00e4\u00dfigt: 15,00 \u20ac, Tageskarte 15,00 \u20ac<\/p>\n<p><del><strong>\u00dcbernachtung + Verpflegung<\/strong><\/del><br \/>\n<del>\u00dcbernachtung im Doppelzimmer oder Einzelzimmer, jeweils mit Dusche und WC, 2x Fr\u00fchst\u00fcck, ein Mittagessen, ein Abendessen<\/del><br \/>\n<del>Pro Person 105,00 \u20ac<\/del><\/p>\n<p><del>Zeltplatz \/ Wohnmobil p. P. und Nacht 8,50 \u20ac<\/del><br \/>\n<del>2x Fr\u00fchst\u00fcck, ein Mittagessen, ein Abendessen: 48,00 \u20ac p.P.<\/del><\/p>\n<p>(Erm\u00e4\u00dfigung f\u00fcr Kinder <del>und Mitglieder der Naturfreunde<\/del>)<\/p>\n<p><strong>Bankverbindung mit <span style=\"text-decoration: underline;\">korrekter<\/span> IBAN<\/strong><\/p>\n<p>Kontoinhaber: Monique Broquard<br \/>\nVerwendungszweck: Linker Liedersommer<br \/>\nIBAN: <strong>DE89 \u00a05905 0101 0611 3533 35<\/strong><\/p>\n<p><strong>Anmeldungen und Informationen<\/strong><br \/>\nMonique Broquard, Am Friedhof 10, 66280 Sulzbach<br \/>\nTel.: 06897-24 46, Mobil 0152-53 19 09 92<br \/>\nE-Mail: <strong><a href=\"mailto:linker-liedersommer@freidenker.org\">linker-liedersommer@freidenker.org<\/a><\/strong><\/p>\n<p>Weitere Informationen: <a href=\"http:\/\/www.linker-liedersommer.de\" target=\"_blank\" rel=\"noopener noreferrer\">www.linker-liedersommer.de<\/a><\/p>\n<h4><img data-recalc-dims=\"1\" loading=\"lazy\" decoding=\"async\" data-attachment-id=\"13361\" data-permalink=\"https:\/\/www.freidenker.org\/?attachment_id=13361\" data-orig-file=\"https:\/\/i0.wp.com\/www.freidenker.org\/fw17\/wp-content\/uploads\/2022\/03\/Liedersommer_2022_Titel_b.jpg?fit=575%2C1189&amp;ssl=1\" data-orig-size=\"575,1189\" data-comments-opened=\"0\" data-image-meta=\"{&quot;aperture&quot;:&quot;0&quot;,&quot;credit&quot;:&quot;&quot;,&quot;camera&quot;:&quot;&quot;,&quot;caption&quot;:&quot;&quot;,&quot;created_timestamp&quot;:&quot;0&quot;,&quot;copyright&quot;:&quot;&quot;,&quot;focal_length&quot;:&quot;0&quot;,&quot;iso&quot;:&quot;0&quot;,&quot;shutter_speed&quot;:&quot;0&quot;,&quot;title&quot;:&quot;&quot;,&quot;orientation&quot;:&quot;1&quot;}\" data-image-title=\"Liedersommer_2022_Titel_b\" data-image-description=\"\" data-image-caption=\"\" data-large-file=\"https:\/\/i0.wp.com\/www.freidenker.org\/fw17\/wp-content\/uploads\/2022\/03\/Liedersommer_2022_Titel_b.jpg?fit=495%2C1024&amp;ssl=1\" class=\"alignnone wp-image-13361 size-large\" src=\"https:\/\/i0.wp.com\/www.freidenker.org\/fw17\/wp-content\/uploads\/2022\/03\/Liedersommer_2022_Titel_b.jpg?resize=495%2C1024&#038;ssl=1\" alt=\"\" width=\"495\" height=\"1024\" srcset=\"https:\/\/i0.wp.com\/www.freidenker.org\/fw17\/wp-content\/uploads\/2022\/03\/Liedersommer_2022_Titel_b.jpg?resize=495%2C1024&amp;ssl=1 495w, https:\/\/i0.wp.com\/www.freidenker.org\/fw17\/wp-content\/uploads\/2022\/03\/Liedersommer_2022_Titel_b.jpg?resize=145%2C300&amp;ssl=1 145w, https:\/\/i0.wp.com\/www.freidenker.org\/fw17\/wp-content\/uploads\/2022\/03\/Liedersommer_2022_Titel_b.jpg?w=575&amp;ssl=1 575w\" sizes=\"auto, (max-width: 495px) 100vw, 495px\" \/><\/h4>\n<hr \/>\n<p><img data-recalc-dims=\"1\" loading=\"lazy\" decoding=\"async\" data-attachment-id=\"1076\" data-permalink=\"https:\/\/www.freidenker.org\/?attachment_id=1076\" data-orig-file=\"https:\/\/i0.wp.com\/www.freidenker.org\/fw17\/wp-content\/uploads\/2017\/10\/pdf_icon-2.png?fit=32%2C32&amp;ssl=1\" data-orig-size=\"32,32\" data-comments-opened=\"0\" data-image-meta=\"{&quot;aperture&quot;:&quot;0&quot;,&quot;credit&quot;:&quot;&quot;,&quot;camera&quot;:&quot;&quot;,&quot;caption&quot;:&quot;&quot;,&quot;created_timestamp&quot;:&quot;0&quot;,&quot;copyright&quot;:&quot;&quot;,&quot;focal_length&quot;:&quot;0&quot;,&quot;iso&quot;:&quot;0&quot;,&quot;shutter_speed&quot;:&quot;0&quot;,&quot;title&quot;:&quot;&quot;,&quot;orientation&quot;:&quot;0&quot;}\" data-image-title=\"pdf_icon\" data-image-description=\"\" data-image-caption=\"\" data-large-file=\"https:\/\/i0.wp.com\/www.freidenker.org\/fw17\/wp-content\/uploads\/2017\/10\/pdf_icon-2.png?fit=32%2C32&amp;ssl=1\" class=\"alignnone size-full wp-image-1076\" src=\"https:\/\/i0.wp.com\/www.freidenker.org\/fw17\/wp-content\/uploads\/2017\/10\/pdf_icon-2.png?resize=32%2C32&#038;ssl=1\" alt=\"\" width=\"32\" height=\"32\" \/>\u00a0<del><strong>Veranstaltungsflyer mit Programm<\/strong> als PDF-Dokument ansehen oder herunterladen (ca. 264 KB)<\/del><\/p>\n<hr \/>\n<h4>Achtung! Der Veranstaltungsort wurde ge\u00e4ndert!<\/h4>\n<h5>Weitere Informationen hier: <a href=\"https:\/\/www.freidenker.org\/?p=13349\">https:\/\/www.freidenker.org\/?p=13349<\/a><\/h5>\n","protected":false},"excerpt":{"rendered":"<p><b>Veranstaltungshinweis &#8211; Neuntes Kulturseminar &#8211; Naturfreundehaus Rahnenhof (Pfalz) &#8211; 10.-12. Juni 2022<\/b><br \/>\nAuch nach dem Umzug vom Hunsr\u00fcck in die Pfalz kn\u00fcpfen wir mit dem Linken Liedersommer an die Liedermacher-Tradition der APO-Zeiten auf Burg Waldeck an.<br \/>\nWir laden ein zu Musik und gemeinsamem Singen am abendlichen Lagerfeuer, zur Debatte \u00fcber Kunst und Gesellschaft in Arbeitsgruppen, zum Abendprogramm aller Mitwirkenden auf der Freilicht-B\u00fchne unter Beteiligung m\u00f6glichst vieler Teilnehmer sowie zu einer besonderen Kultur-Matin\u00e9e am Sonntag. Herzlich eingeladen sind K\u00fcnstler, Musikgruppen, S\u00e4nger und Leute, die sich im Seminar oder am Lagerfeuer mit Gleichgesinnten austauschen m\u00f6chten.<\/p>\n","protected":false},"author":3,"featured_media":13362,"comment_status":"closed","ping_status":"closed","sticky":false,"template":"","format":"standard","meta":{"colormag_page_container_layout":"default_layout","colormag_page_sidebar_layout":"default_layout","advanced_seo_description":"","jetpack_seo_html_title":"","jetpack_seo_noindex":false,"jetpack_post_was_ever_published":false,"footnotes":""},"categories":[913,20],"tags":[735,1742,669,939,825,1050],"class_list":["post-12437","post","type-post","status-publish","format-standard","has-post-thumbnail","hentry","category-kultur-kunst","category-zentrale-veranstaltungen","tag-kulturseminar","tag-liedersommer","tag-linker-liedersommer","tag-musik","tag-politisches-lied","tag-veranstaltung"],"jetpack_featured_media_url":"https:\/\/i0.wp.com\/www.freidenker.org\/fw17\/wp-content\/uploads\/2022\/03\/Liedersommer_2022_800x450_oO.jpg?fit=800%2C450&ssl=1","jetpack_shortlink":"https:\/\/wp.me\/p9stpK-3eB","jetpack-related-posts":[{"id":5381,"url":"https:\/\/www.freidenker.org\/?p=5381","url_meta":{"origin":12437,"position":0},"title":"Linker Liedersommer 2019","author":"Webredaktion","date":"2. September 2018","format":false,"excerpt":"Veranstaltung: Achtes Kulturseminar \/ Linker Liedersommer vom 21.-23. Juni 2019. Auch nach dem Umzug vom Hunsr\u00fcck in die Pfalz kn\u00fcpfen wir mit dem Linken Liedersommer an die Liedermacher-Tradition der APO-Zeiten auf Burg Waldeck an. Wir laden ein zu Musik und gemeinsamem Singen am abendlichen Lagerfeuer, zur Debatte \u00fcber Kunst und\u2026","rel":"","context":"In &quot;Kultur &amp; Kunst&quot;","block_context":{"text":"Kultur &amp; Kunst","link":"https:\/\/www.freidenker.org\/?cat=913"},"img":{"alt_text":"","src":"https:\/\/i0.wp.com\/www.freidenker.org\/fw17\/wp-content\/uploads\/2018\/09\/Linker_Liedersommer_2019_800x445.jpg?fit=800%2C445&ssl=1&resize=350%2C200","width":350,"height":200,"srcset":"https:\/\/i0.wp.com\/www.freidenker.org\/fw17\/wp-content\/uploads\/2018\/09\/Linker_Liedersommer_2019_800x445.jpg?fit=800%2C445&ssl=1&resize=350%2C200 1x, https:\/\/i0.wp.com\/www.freidenker.org\/fw17\/wp-content\/uploads\/2018\/09\/Linker_Liedersommer_2019_800x445.jpg?fit=800%2C445&ssl=1&resize=525%2C300 1.5x, https:\/\/i0.wp.com\/www.freidenker.org\/fw17\/wp-content\/uploads\/2018\/09\/Linker_Liedersommer_2019_800x445.jpg?fit=800%2C445&ssl=1&resize=700%2C400 2x"},"classes":[]},{"id":6659,"url":"https:\/\/www.freidenker.org\/?p=6659","url_meta":{"origin":12437,"position":1},"title":"Galerie: Linker Liedersommer 2019","author":"Webredaktion","date":"6. Juli 2019","format":false,"excerpt":"Vom 21. bis 23. Juni 2019 fand im Naturfreundehaus Rahnenhof bei Hertlingshausen in der Pfalz das 8. Kulturseminar (\u201eLinker Liedersommer\u201c) des Deutschen Freidenker-Verbandes statt. Zahlreiche K\u00fcnstler wie Daniel Osorio, Eva Heinzmann, Sonja Gottlieb, Reinhard Frankel, Guy Dawson, Ernst \u201eErnesto\u201c Schwarz, Philipp Hoffmann, Bernd K\u00f6hler, Hartmut K\u00f6nig sowie Diether Dehm &\u2026","rel":"","context":"In &quot;Kultur &amp; Kunst&quot;","block_context":{"text":"Kultur &amp; Kunst","link":"https:\/\/www.freidenker.org\/?cat=913"},"img":{"alt_text":"","src":"https:\/\/i0.wp.com\/www.freidenker.org\/fw17\/wp-content\/uploads\/2019\/07\/Liedersommer_2019.jpg?fit=800%2C445&ssl=1&resize=350%2C200","width":350,"height":200,"srcset":"https:\/\/i0.wp.com\/www.freidenker.org\/fw17\/wp-content\/uploads\/2019\/07\/Liedersommer_2019.jpg?fit=800%2C445&ssl=1&resize=350%2C200 1x, https:\/\/i0.wp.com\/www.freidenker.org\/fw17\/wp-content\/uploads\/2019\/07\/Liedersommer_2019.jpg?fit=800%2C445&ssl=1&resize=525%2C300 1.5x, https:\/\/i0.wp.com\/www.freidenker.org\/fw17\/wp-content\/uploads\/2019\/07\/Liedersommer_2019.jpg?fit=800%2C445&ssl=1&resize=700%2C400 2x"},"classes":[]},{"id":6315,"url":"https:\/\/www.freidenker.org\/?p=6315","url_meta":{"origin":12437,"position":2},"title":"Lieder gegen Ausbeutung und Krieg","author":"Webredaktion","date":"8. Mai 2019","format":false,"excerpt":"Pressemitteilung zum 8. Kulturseminar und Linken Liedersommer 2019 Zu seinem 8. Kulturseminar l\u00e4dt der Deutsche Freidenker-Verband erstmals an einen anderen Ort als der traditionellen Burg Waldeck ein, n\u00e4mlich ins Naturfreundehaus Rahnenhof bei Hertlingshausen in der Pfalz, vom 21. bis 23. Juni 2019. ... Der \u201eLinke Liedersommer\u201c hat traditionell das Verh\u00e4ltnis\u2026","rel":"","context":"In &quot;Kultur &amp; Kunst&quot;","block_context":{"text":"Kultur &amp; Kunst","link":"https:\/\/www.freidenker.org\/?cat=913"},"img":{"alt_text":"","src":"https:\/\/i0.wp.com\/www.freidenker.org\/fw17\/wp-content\/uploads\/2019\/05\/liliso_2013_800x445_v2.jpg?fit=800%2C447&ssl=1&resize=350%2C200","width":350,"height":200,"srcset":"https:\/\/i0.wp.com\/www.freidenker.org\/fw17\/wp-content\/uploads\/2019\/05\/liliso_2013_800x445_v2.jpg?fit=800%2C447&ssl=1&resize=350%2C200 1x, https:\/\/i0.wp.com\/www.freidenker.org\/fw17\/wp-content\/uploads\/2019\/05\/liliso_2013_800x445_v2.jpg?fit=800%2C447&ssl=1&resize=525%2C300 1.5x, https:\/\/i0.wp.com\/www.freidenker.org\/fw17\/wp-content\/uploads\/2019\/05\/liliso_2013_800x445_v2.jpg?fit=800%2C447&ssl=1&resize=700%2C400 2x"},"classes":[]},{"id":6596,"url":"https:\/\/www.freidenker.org\/?p=6596","url_meta":{"origin":12437,"position":3},"title":"Videos: Linker Liedersommer 2019","author":"Webredaktion","date":"6. Juli 2019","format":false,"excerpt":"Vom 21. bis 23. Juni 2019 fand im Naturfreundehaus Rahnenhof bei Hertlingshausen in der Pfalz das 8. Kulturseminar (\"Linker Liedersommer\") des Deutschen Freidenker-Verbandes statt. Die folgenden Videos des YouTube-Kanals von Newscan vermitteln einige Eindr\u00fccke von dieser Veranstaltung. Zu sehen u.a. Ausschnitte aus: - Liederabend am Lagerfeuer - Programme von Dieter\u2026","rel":"","context":"In &quot;Kultur &amp; Kunst&quot;","block_context":{"text":"Kultur &amp; Kunst","link":"https:\/\/www.freidenker.org\/?cat=913"},"img":{"alt_text":"","src":"https:\/\/i0.wp.com\/www.freidenker.org\/fw17\/wp-content\/uploads\/2019\/07\/Liedersommer.jpg?fit=800%2C445&ssl=1&resize=350%2C200","width":350,"height":200,"srcset":"https:\/\/i0.wp.com\/www.freidenker.org\/fw17\/wp-content\/uploads\/2019\/07\/Liedersommer.jpg?fit=800%2C445&ssl=1&resize=350%2C200 1x, https:\/\/i0.wp.com\/www.freidenker.org\/fw17\/wp-content\/uploads\/2019\/07\/Liedersommer.jpg?fit=800%2C445&ssl=1&resize=525%2C300 1.5x, https:\/\/i0.wp.com\/www.freidenker.org\/fw17\/wp-content\/uploads\/2019\/07\/Liedersommer.jpg?fit=800%2C445&ssl=1&resize=700%2C400 2x"},"classes":[]},{"id":13397,"url":"https:\/\/www.freidenker.org\/?p=13397","url_meta":{"origin":12437,"position":4},"title":"\u201eCancel Culture\u201c getrotzt: Erfolgreicher Liedersommer der Freidenker","author":"Webredaktion","date":"15. Juni 2022","format":false,"excerpt":"Bildergalerie vom Linken Liedersommer 2022 \u00dcber 100 Teilnehmer konnte der Freidenker-Vorsitzende Sebastian Bahlo am Wochenende in Bad Orb beim 9. Kulturseminar des Verbandes \u201eF\u00fcr eine solidarische Welt \u2013 gegen Ausbeutung und Krieg\u201c begr\u00fc\u00dfen. Viele sahen ihre Teilnahme auch als bewussten Protest gegen die Denunziatoren, die das Naturfreundehaus Rahnenhof in der\u2026","rel":"","context":"In &quot;Kultur &amp; Kunst&quot;","block_context":{"text":"Kultur &amp; Kunst","link":"https:\/\/www.freidenker.org\/?cat=913"},"img":{"alt_text":"","src":"https:\/\/i0.wp.com\/www.freidenker.org\/fw17\/wp-content\/uploads\/2022\/06\/LiLiSo2022_collage_800x450.jpg?fit=800%2C450&ssl=1&resize=350%2C200","width":350,"height":200,"srcset":"https:\/\/i0.wp.com\/www.freidenker.org\/fw17\/wp-content\/uploads\/2022\/06\/LiLiSo2022_collage_800x450.jpg?fit=800%2C450&ssl=1&resize=350%2C200 1x, https:\/\/i0.wp.com\/www.freidenker.org\/fw17\/wp-content\/uploads\/2022\/06\/LiLiSo2022_collage_800x450.jpg?fit=800%2C450&ssl=1&resize=525%2C300 1.5x, https:\/\/i0.wp.com\/www.freidenker.org\/fw17\/wp-content\/uploads\/2022\/06\/LiLiSo2022_collage_800x450.jpg?fit=800%2C450&ssl=1&resize=700%2C400 2x"},"classes":[]},{"id":13736,"url":"https:\/\/www.freidenker.org\/?p=13736","url_meta":{"origin":12437,"position":5},"title":"Video vom Liedersommer 2022: Stimmen zu Frieden und Freiheit","author":"Webredaktion","date":"9. Juli 2022","format":false,"excerpt":"Die Arbeiterfotografie hat von unserem Linken Liedersommer 2022 ein 52-min\u00fctiges Video erstellt und \u00fcber die NRhZ und auf YouTube ver\u00f6ffentlicht. Im Begleittext dazu hei\u00dft es: In Tradition des politischen Liedes von Verdis Gefangenenchor aus Nabucco, \u00fcber den US-Arbeiterf\u00fchrer und Liedermacher Joe Hill, Brecht-Eisler-Kampflieder und Balladen, \u00fcber das israelische \"Frieden f\u00fcr\u2026","rel":"","context":"In &quot;Kultur &amp; Kunst&quot;","block_context":{"text":"Kultur &amp; Kunst","link":"https:\/\/www.freidenker.org\/?cat=913"},"img":{"alt_text":"","src":"https:\/\/i0.wp.com\/www.freidenker.org\/fw17\/wp-content\/uploads\/2022\/07\/sonja_liliso2022_v6a.jpg?fit=800%2C450&ssl=1&resize=350%2C200","width":350,"height":200,"srcset":"https:\/\/i0.wp.com\/www.freidenker.org\/fw17\/wp-content\/uploads\/2022\/07\/sonja_liliso2022_v6a.jpg?fit=800%2C450&ssl=1&resize=350%2C200 1x, https:\/\/i0.wp.com\/www.freidenker.org\/fw17\/wp-content\/uploads\/2022\/07\/sonja_liliso2022_v6a.jpg?fit=800%2C450&ssl=1&resize=525%2C300 1.5x, https:\/\/i0.wp.com\/www.freidenker.org\/fw17\/wp-content\/uploads\/2022\/07\/sonja_liliso2022_v6a.jpg?fit=800%2C450&ssl=1&resize=700%2C400 2x"},"classes":[]}],"_links":{"self":[{"href":"https:\/\/www.freidenker.org\/index.php?rest_route=\/wp\/v2\/posts\/12437","targetHints":{"allow":["GET"]}}],"collection":[{"href":"https:\/\/www.freidenker.org\/index.php?rest_route=\/wp\/v2\/posts"}],"about":[{"href":"https:\/\/www.freidenker.org\/index.php?rest_route=\/wp\/v2\/types\/post"}],"author":[{"embeddable":true,"href":"https:\/\/www.freidenker.org\/index.php?rest_route=\/wp\/v2\/users\/3"}],"replies":[{"embeddable":true,"href":"https:\/\/www.freidenker.org\/index.php?rest_route=%2Fwp%2Fv2%2Fcomments&post=12437"}],"version-history":[{"count":0,"href":"https:\/\/www.freidenker.org\/index.php?rest_route=\/wp\/v2\/posts\/12437\/revisions"}],"wp:featuredmedia":[{"embeddable":true,"href":"https:\/\/www.freidenker.org\/index.php?rest_route=\/wp\/v2\/media\/13362"}],"wp:attachment":[{"href":"https:\/\/www.freidenker.org\/index.php?rest_route=%2Fwp%2Fv2%2Fmedia&parent=12437"}],"wp:term":[{"taxonomy":"category","embeddable":true,"href":"https:\/\/www.freidenker.org\/index.php?rest_route=%2Fwp%2Fv2%2Fcategories&post=12437"},{"taxonomy":"post_tag","embeddable":true,"href":"https:\/\/www.freidenker.org\/index.php?rest_route=%2Fwp%2Fv2%2Ftags&post=12437"}],"curies":[{"name":"wp","href":"https:\/\/api.w.org\/{rel}","templated":true}]}}